{"id":361167,"date":"2023-11-13T05:09:48","date_gmt":"2023-11-13T04:09:48","guid":{"rendered":"https:\/\/www.radiopiu.net\/wordpress\/?p=361167"},"modified":"2023-11-13T05:27:44","modified_gmt":"2023-11-13T04:27:44","slug":"senza-esito-le-ricerche-del-cacciatore-a-limana","status":"publish","type":"post","link":"https:\/\/www.radiopiu.net\/wordpress\/senza-esito-le-ricerche-del-cacciatore-a-limana\/","title":{"rendered":"SENZA ESITO LE RICERCHE DEL CACCIATORE A LIMANA"},"content":{"rendered":"<p><strong><a class=\"dt-pswp-item\" href=\"https:\/\/www.radiopiu.net\/wordpress\/wp-content\/uploads\/2023\/11\/IMG-20231112-WA0004.jpg\" data-dt-img-description=\"\" data-large_image_width=\"1024\" data-large_image_height=\"966\"><img loading=\"lazy\" decoding=\"async\" class=\" wp-image-361171 alignleft\" src=\"https:\/\/www.radiopiu.net\/wordpress\/wp-content\/uploads\/2023\/11\/IMG-20231112-WA0004-300x283.jpg\" alt=\"\" width=\"129\" height=\"122\" srcset=\"https:\/\/www.radiopiu.net\/wordpress\/wp-content\/uploads\/2023\/11\/IMG-20231112-WA0004-300x283.jpg 300w, https:\/\/www.radiopiu.net\/wordpress\/wp-content\/uploads\/2023\/11\/IMG-20231112-WA0004-768x725.jpg 768w, https:\/\/www.radiopiu.net\/wordpress\/wp-content\/uploads\/2023\/11\/IMG-20231112-WA0004.jpg 1024w\" sizes=\"auto, (max-width: 129px) 100vw, 129px\" \/><\/a>LIMANA<\/strong> Stanno rientrando le ultime squadre impegnate oggi nella ricerca di Doriano Gasperin, il cacciatore di Limana (BL) di 65 anni, il cui fuoristrada \u00e8 stato rinvenuto parcheggiato vicino alla cava in localit\u00e0 Praloran, dove ieri si \u00e8 recato dopo le 14, come registrato da alcune telecamere che lo hanno visto passare in quella direzione. Scattato l&#8217;allarme questa mattina, su richiesta della sorella dopo il mancato rientro ieri, sono partite le ricerche. Oltre 80 persone hanno perlustrato l&#8217;area alla confluenza del torrente Turriga, la zona di Cesa di Limana, le sponde del Piave. Dato che l&#8217;uomo, con abbigliamento da caccia, si \u00e8 allontanato lasciando la macchina aperta e oggetti di valore all&#8217;interno, si ipotizza non intendesse spostarsi molto, ma restare nelle vicinanze del Piave, in questi giorni ingrossato dalle abbondanti precipitazioni. Se nulla di nuovo dovesse emergere nelle prossime ore, la ricerca riprender\u00e0 domattina alle 8. Erano presenti oggi Soccorso alpino di Belluno con droni e unit\u00e0 cinofile, Soccorso alpino della Guardia di finanza di Cortina e Auronzo, Vigili del fuoco, Protezione civile, l&#8217;unit\u00e0 cinofila molecolare dell&#8217;Associazione nazionale Carabinieri. Due gli elicotteri che hanno sorvolato l&#8217;area, quello del Vigili del fuoco e quello della Sezione aerea di Bolzano della Guardia di finanza dotato di Imsi Catcher.<\/p>\n<p>&nbsp;<\/p>\n<p>&nbsp;<\/p>\n<p>********<\/p>\n","protected":false},"excerpt":{"rendered":"<p>LIMANA Stanno rientrando le ultime squadre impegnate oggi nella ricerca di Doriano Gasperin, il cacciatore di Limana (BL) di 65 anni, il cui fuoristrada \u00e8 stato rinvenuto parcheggiato vicino alla cava in localit\u00e0 Praloran, dove ieri si \u00e8 recato dopo le 14, come registrato da alcune telecamere che lo hanno visto passare in quella direzione.&hellip;<\/p>\n","protected":false},"author":4,"featured_media":361171,"comment_status":"closed","ping_status":"closed","sticky":false,"template":"","format":"standard","meta":{"_monsterinsights_skip_tracking":false,"_monsterinsights_sitenote_active":false,"_monsterinsights_sitenote_note":"","_monsterinsights_sitenote_category":0,"footnotes":""},"categories":[51,49],"tags":[],"class_list":["post-361167","post","type-post","status-publish","format-standard","has-post-thumbnail","hentry","category-evidenza-top","category-news-18","category-51","category-49","description-off"],"img_url":"https:\/\/www.radiopiu.net\/wordpress\/wp-content\/uploads\/2023\/11\/IMG-20231112-WA0004.jpg","_links":{"self":[{"href":"https:\/\/www.radiopiu.net\/wordpress\/wp-json\/wp\/v2\/posts\/361167","targetHints":{"allow":["GET"]}}],"collection":[{"href":"https:\/\/www.radiopiu.net\/wordpress\/wp-json\/wp\/v2\/posts"}],"about":[{"href":"https:\/\/www.radiopiu.net\/wordpress\/wp-json\/wp\/v2\/types\/post"}],"author":[{"embeddable":true,"href":"https:\/\/www.radiopiu.net\/wordpress\/wp-json\/wp\/v2\/users\/4"}],"replies":[{"embeddable":true,"href":"https:\/\/www.radiopiu.net\/wordpress\/wp-json\/wp\/v2\/comments?post=361167"}],"version-history":[{"count":0,"href":"https:\/\/www.radiopiu.net\/wordpress\/wp-json\/wp\/v2\/posts\/361167\/revisions"}],"wp:featuredmedia":[{"embeddable":true,"href":"https:\/\/www.radiopiu.net\/wordpress\/wp-json\/wp\/v2\/media\/361171"}],"wp:attachment":[{"href":"https:\/\/www.radiopiu.net\/wordpress\/wp-json\/wp\/v2\/media?parent=361167"}],"wp:term":[{"taxonomy":"category","embeddable":true,"href":"https:\/\/www.radiopiu.net\/wordpress\/wp-json\/wp\/v2\/categories?post=361167"},{"taxonomy":"post_tag","embeddable":true,"href":"https:\/\/www.radiopiu.net\/wordpress\/wp-json\/wp\/v2\/tags?post=361167"}],"curies":[{"name":"wp","href":"https:\/\/api.w.org\/{rel}","templated":true}]}}