{"id":361207,"date":"2023-11-14T05:30:43","date_gmt":"2023-11-14T04:30:43","guid":{"rendered":"https:\/\/www.radiopiu.net\/wordpress\/?p=361207"},"modified":"2023-11-14T09:29:30","modified_gmt":"2023-11-14T08:29:30","slug":"giornale-radiopiu-14-novembre-2023-direttore-mirko-mezzacasada-40-anni-25-giugno-1983-25-giugno-2023","status":"publish","type":"post","link":"https:\/\/www.radiopiu.net\/wordpress\/giornale-radiopiu-14-novembre-2023-direttore-mirko-mezzacasada-40-anni-25-giugno-1983-25-giugno-2023\/","title":{"rendered":"GIORNALE RADIOPIU 14 NOVEMBRE 2023 DIRETTORE MIRKO MEZZACASA\u2026DA 40 ANNI 25 GIUGNO 1983-25 GIUGNO 2023"},"content":{"rendered":"<h1 class=\"entry-title photoswipe-wrapper\">40esimo di RADIOPIU\u2026. LA VOCE DELL\u2019EMOZIONE<\/h1>\n<h2><span style=\"color: #ff0000;\">ISCRIVITI AL NOSTRO CANALE\u00a0\u00a0YOUTUBE PER SEGUIRE IN DIRETTA I PRINCIPALI PROGRAMMI DI RADIO PIU\u2019 E LE FUTURE DIRETTE IN ESTERNA. PER ISCRIVERTI <a style=\"color: #ff0000;\" href=\"https:\/\/youtube.com\/@radiopiu1527\">CLICCA QUI\u00a0<\/a>E PREMI\u00a0 \u201cIscriviti\u201d\u00a0<\/span><\/h2>\n<p>&nbsp;<\/p>\n<p><strong>LA STAGIONE DELLE MONGOLFIERE, AUSTRIA-ITALIA, palloni in Valbelluna, foto di Mara Scola<br \/>\n<a class=\"dt-pswp-item\" href=\"https:\/\/www.radiopiu.net\/wordpress\/wp-content\/uploads\/2023\/11\/0c4ca59e-05ca-45ea-b151-ea953d98042a.jpg\" data-dt-img-description=\"\" data-large_image_width=\"2048\" data-large_image_height=\"1650\"><img loading=\"lazy\" decoding=\"async\" class=\"size-medium wp-image-361349 aligncenter\" src=\"https:\/\/www.radiopiu.net\/wordpress\/wp-content\/uploads\/2023\/11\/0c4ca59e-05ca-45ea-b151-ea953d98042a-300x242.jpg\" alt=\"\" width=\"300\" height=\"242\" srcset=\"https:\/\/www.radiopiu.net\/wordpress\/wp-content\/uploads\/2023\/11\/0c4ca59e-05ca-45ea-b151-ea953d98042a-300x242.jpg 300w, https:\/\/www.radiopiu.net\/wordpress\/wp-content\/uploads\/2023\/11\/0c4ca59e-05ca-45ea-b151-ea953d98042a-1024x825.jpg 1024w, https:\/\/www.radiopiu.net\/wordpress\/wp-content\/uploads\/2023\/11\/0c4ca59e-05ca-45ea-b151-ea953d98042a-768x619.jpg 768w, https:\/\/www.radiopiu.net\/wordpress\/wp-content\/uploads\/2023\/11\/0c4ca59e-05ca-45ea-b151-ea953d98042a-1536x1238.jpg 1536w, https:\/\/www.radiopiu.net\/wordpress\/wp-content\/uploads\/2023\/11\/0c4ca59e-05ca-45ea-b151-ea953d98042a.jpg 2048w\" sizes=\"auto, (max-width: 300px) 100vw, 300px\" \/><\/a><br \/>\n<\/strong><\/p>\n<p>&nbsp;<\/p>\n<p>&nbsp;<\/p>\n<hr \/>\n<p>&nbsp;<\/p>\n<h3>PROVINCIALE VALLE DEL MIS, IL CANTIERE IMPONE IL SENSO UNICO E BREVI PAUSE<\/h3>\n<p><strong>SOSPIROLO<\/strong> Dal 14 novembre al 15 dicembre, sabato e domenica compresi, in localit\u00e0 Gena Bassa senso unico alternato regolato da semaforo o movieri, interruzioni alla viabilit\u00e0 della durata massima di 10 minuti.<\/p>\n<p>&nbsp;<\/p>\n<blockquote>\n<h3>RIAPERTA LA SS 51 DI ALEMAGNA A FADALTO<\/h3>\n<\/blockquote>\n<p><strong>REDAZIONE<\/strong>\u00a0Anas ha riaperto la statale 51 di Alemagna a Fadalto, poich\u00e9 sono state completate le operazioni di rimozione dei detriti e il ripristino delle opere di contenimento danneggiate. La chiusura precauzionale, inizialmente dovuta alle intense precipitazioni del 30 ottobre, \u00e8 stata revocata dopo la conclusione delle attivit\u00e0 di sicurezza, che hanno impedito potenziali problemi legati a una frana storica situata a monte della statale.<\/p>\n<p>&nbsp;<\/p>\n<p>&nbsp;<\/p>\n<hr \/>\n<p>&nbsp;<\/p>\n<p><a class=\"dt-pswp-item\" href=\"https:\/\/www.radiopiu.net\/wordpress\/wp-content\/uploads\/2023\/10\/34f4cfc6-e863-46e9-9695-8df44be63421.jpg\" data-dt-img-description=\"\" data-large_image_width=\"1200\" data-large_image_height=\"1200\"><img loading=\"lazy\" decoding=\"async\" class=\"wp-image-357393 alignleft\" src=\"https:\/\/www.radiopiu.net\/wordpress\/wp-content\/uploads\/2023\/10\/34f4cfc6-e863-46e9-9695-8df44be63421-300x300.jpg\" alt=\"\" width=\"81\" height=\"81\" srcset=\"https:\/\/www.radiopiu.net\/wordpress\/wp-content\/uploads\/2023\/10\/34f4cfc6-e863-46e9-9695-8df44be63421-300x300.jpg 300w, https:\/\/www.radiopiu.net\/wordpress\/wp-content\/uploads\/2023\/10\/34f4cfc6-e863-46e9-9695-8df44be63421-1024x1024.jpg 1024w, https:\/\/www.radiopiu.net\/wordpress\/wp-content\/uploads\/2023\/10\/34f4cfc6-e863-46e9-9695-8df44be63421-150x150.jpg 150w, https:\/\/www.radiopiu.net\/wordpress\/wp-content\/uploads\/2023\/10\/34f4cfc6-e863-46e9-9695-8df44be63421-768x768.jpg 768w, https:\/\/www.radiopiu.net\/wordpress\/wp-content\/uploads\/2023\/10\/34f4cfc6-e863-46e9-9695-8df44be63421.jpg 1200w\" sizes=\"auto, (max-width: 81px) 100vw, 81px\" \/><\/a>OGGI ALLA RADIO: <strong>ALLE 7<\/strong> LA RASSEGNA STAMPA LOCALE FLASH, PER CHI COME NOI ALLE SETTE DEL MATTINO VA DI FRETTA, TANTE NOTIZIE IN POCHE CHIACCHIERE. <strong>ALLE OTTO<\/strong> L&#8217;APPROFONDIMENTO NELLA STORICA RASSEGNA STAMPA LOCALE<\/p>\n<p><strong>ALLE 10.10<\/strong> <strong>E 18.30<\/strong> LE NUOVE IN LADIN, CON NICOLA CASSISI_MUSLA; <strong>10.30 E 1900<\/strong> ALESSIA DALL&#8217;O, &#8220;DAFNE&#8221;;<strong> ALLE 13.10 <span style=\"color: #ff0000;\">GIESSE RISARCIMENTO BELLUNO-CALCIO A 5 CANOTTIERI BELLUNO, IL PROGRAMMA DELLE TRE RADIO: PIU&#8217;, CLUB103 E PRIMIERO <\/span><\/strong>\u00a0<strong>16.30<\/strong> IL CALCIO ALLA RADIO DI MARCO GAZ 18.30 MARCO PALLA IN NCOTONSE CON MYLLI CREPAZ <strong>-20.20<\/strong>GIULIA FRANCHINI PARDO, LA GINNASTICA RITMICA<\/p>\n<p>&nbsp;<\/p>\n<hr \/>\n<p>&nbsp;<\/p>\n<div class=\"page-title-head hgroup\">\n<blockquote>\n<h3 class=\"entry-title\">CENCENIGHE, LA VALLE: ABBONATI ALL\u2019INQUINAMENTO DELLE ACQUE<\/h3>\n<\/blockquote>\n<\/div>\n<p><strong><img loading=\"lazy\" decoding=\"async\" class=\"alignleft\" src=\"https:\/\/www.radiopiu.net\/wordpress\/wp-content\/uploads\/2021\/06\/th-12.jpg\" width=\"159\" height=\"106\" \/>CENCENIGHE<\/strong> Acqua inquinata in localit\u00e0 PRA\u2019 DI MEZZO e\u00a0 non pu\u00f2 essere usata per scopi alimentari. Verr\u00e0 effettuato servizio sostitutivo con cisterna in localit\u00e0 Pr\u00e0 di Mezzo.<\/p>\n<p><strong>LA VALLE\u00a0<\/strong>\u00a0Acqua inquinata a RONCHE, NOACH, LE CAMPE e CANCELLADE\u00a0 non \u00e8 potabile e non pu\u00f2 essere usata per scopi alimentari. Verr\u00e0 effettuato servizio sostitutivo con autobotte in localit\u00e0 Le Campe e con cisterna in localit\u00e0 Ronche.<\/p>\n<p>&nbsp;<\/p>\n<p>&nbsp;<\/p>\n<hr \/>\n<p>&nbsp;<\/p>\n<blockquote>\n<h3>ANCORA SENZA ESITO LE RICERCHE DEL CACCIATORE DI LIMANA<\/h3>\n<\/blockquote>\n<p><strong><a class=\"dt-pswp-item\" href=\"https:\/\/www.radiopiu.net\/wordpress\/wp-content\/uploads\/2023\/11\/cf6636ea-1cf7-4190-80a0-87a7dabcad68.jpg\" data-dt-img-description=\"\" data-large_image_width=\"1024\" data-large_image_height=\"678\"><img loading=\"lazy\" decoding=\"async\" class=\" wp-image-361321 alignleft\" src=\"https:\/\/www.radiopiu.net\/wordpress\/wp-content\/uploads\/2023\/11\/cf6636ea-1cf7-4190-80a0-87a7dabcad68-300x199.jpg\" alt=\"\" width=\"201\" height=\"133\" srcset=\"https:\/\/www.radiopiu.net\/wordpress\/wp-content\/uploads\/2023\/11\/cf6636ea-1cf7-4190-80a0-87a7dabcad68-300x199.jpg 300w, https:\/\/www.radiopiu.net\/wordpress\/wp-content\/uploads\/2023\/11\/cf6636ea-1cf7-4190-80a0-87a7dabcad68-768x509.jpg 768w, https:\/\/www.radiopiu.net\/wordpress\/wp-content\/uploads\/2023\/11\/cf6636ea-1cf7-4190-80a0-87a7dabcad68.jpg 1024w\" sizes=\"auto, (max-width: 201px) 100vw, 201px\" \/><\/a>LIMANA<\/strong> Sono ancora senza esito le ricerche di Doriano Gasperin, il cacciatore di Limana di 65 anni, la cui auto \u00e8 stata rinvenuta parcheggiata nei pressi della cava di Praloran. Ieri, dopo il segnale indicato dall&#8217;unit\u00e0 cinofila molecolare verso il greto del Piave e l&#8217;area disegnata dall&#8217;ultima cella telefonica agganciata dal cellulare dell&#8217;uomo, le ricerche si sono concentrate sul tratto che va da Ponte San Felice allo sbocco del torrente Turriga e da Ponte San Felice allo sbocco del Cordevole. Una cinquantina le persone presenti, tra Soccorso alpino di Belluno e Feltre, droni, Soccorso alpino della Guardia di finanza di Auronzo e Cortina, Vigili del Fuoco con sommozzatori e soccorso fluviale, Protezione civile. Oggi le ricerche riprenderanno dando priorit\u00e0 alla parte fluviale e proseguendo verso Busche, con il supporto delle squadre a terra per visionare le sponde.<\/p>\n<div style=\"width: 848px;\" class=\"wp-video\"><video class=\"wp-video-shortcode\" id=\"video-361207-1\" width=\"848\" height=\"480\" preload=\"metadata\" controls=\"controls\"><source type=\"video\/mp4\" src=\"https:\/\/www.radiopiu.net\/wordpress\/wp-content\/uploads\/2023\/11\/WhatsApp-Video-2023-11-13-at-19.33.40.mp4?_=1\" \/><a href=\"https:\/\/www.radiopiu.net\/wordpress\/wp-content\/uploads\/2023\/11\/WhatsApp-Video-2023-11-13-at-19.33.40.mp4\">https:\/\/www.radiopiu.net\/wordpress\/wp-content\/uploads\/2023\/11\/WhatsApp-Video-2023-11-13-at-19.33.40.mp4<\/a><\/video><\/div>\n<p>&nbsp;<\/p>\n<hr \/>\n<p>&nbsp;<\/p>\n<p>&nbsp;<\/p>\n<blockquote>\n<h2>GIULIA E FILIPPO DOVE SIETE?<\/h2>\n<p><em><strong> Scomparsa coppia di ragazzi, il testimone: Giulia urlava e Filippo la tratteneva. Poi pi\u00f9 nulla<\/strong><\/em><br \/>\n<em><strong>Un vicino di casa ha assistito alla scena sabato notte nel parcheggio vicino alla casa di lei. Ecco cosa ha visto. La targa registrata in Friuli e sulla Statale d\u2019Alemagna. Ricerche con l\u2019elicottero a Sacile<\/strong><\/em><\/p><\/blockquote>\n<p><strong>di CHIARA GAIANI, DAL TG DI ANTENNA 3, OGNI SERA IL TG DEI BELLUNESI ALLE 19.30 E ALLE 19.10 CON TIZIANA BOLOGNANI LE ANTICIPAZIONI ALLA\u00a0 RADIO\u00a0<\/strong><\/p>\n<p><iframe loading=\"lazy\" title=\"ORE DI ANGOSCIA PER GIULIA E FILIPPO SCOMPARSI DA SABATO SERA | 13\/11\/2023\" width=\"1200\" height=\"675\" src=\"https:\/\/www.youtube.com\/embed\/ZcpfGdBaklY?feature=oembed\" frameborder=\"0\" allow=\"accelerometer; autoplay; clipboard-write; encrypted-media; gyroscope; picture-in-picture; web-share\" allowfullscreen><\/iframe><\/p>\n<p>&nbsp;<\/p>\n<hr \/>\n<p>&nbsp;<\/p>\n<blockquote>\n<h1><strong>\u00a0Si Butta a Terra per Evitare Investimento\u00a0<\/strong><\/h1>\n<\/blockquote>\n<p><strong><a class=\"dt-pswp-item\" href=\"https:\/\/www.radiopiu.net\/wordpress\/wp-content\/uploads\/2023\/01\/Calalzo.jpg\" data-dt-img-description=\"\" data-large_image_width=\"2048\" data-large_image_height=\"1536\"><img loading=\"lazy\" decoding=\"async\" class=\"wp-image-319434 alignleft\" src=\"https:\/\/www.radiopiu.net\/wordpress\/wp-content\/uploads\/2023\/01\/Calalzo-300x225.jpg\" alt=\"\" width=\"155\" height=\"116\" srcset=\"https:\/\/www.radiopiu.net\/wordpress\/wp-content\/uploads\/2023\/01\/Calalzo-300x225.jpg 300w, https:\/\/www.radiopiu.net\/wordpress\/wp-content\/uploads\/2023\/01\/Calalzo-1024x768.jpg 1024w, https:\/\/www.radiopiu.net\/wordpress\/wp-content\/uploads\/2023\/01\/Calalzo-768x576.jpg 768w, https:\/\/www.radiopiu.net\/wordpress\/wp-content\/uploads\/2023\/01\/Calalzo-1536x1152.jpg 1536w, https:\/\/www.radiopiu.net\/wordpress\/wp-content\/uploads\/2023\/01\/Calalzo.jpg 2048w\" sizes=\"auto, (max-width: 155px) 100vw, 155px\" \/><\/a>CALALZO<\/strong> Una 66enne del luogo ha scelto di gettarsi a terra per evitare un possibile incidente con un&#8217;auto in transito. L&#8217;incidente, avvenuto intorno alle 14 nel cuore del paese, ha portato la donna a cercare rifugio sul selciato per evitare l&#8217;urto con un&#8217;automobile che stava transitando troppo vicino. Non si trattava di un investimento diretto, ma piuttosto di un gesto di autodifesa adottato tempestivamente per evitare conseguenze pi\u00f9 gravi. La donna ha riportato ferite a un braccio durante la caduta e \u00e8 stata immediatamente trasportata in ambulanza all&#8217;ospedale di Pieve di Cadore. Successivamente \u00e8 stata trasferita all&#8217;Ospedale San Martino di Belluno, dove ha ricevuto i punti di sutura necessari per le ferite riportate.<\/p>\n<p>&nbsp;<\/p>\n<hr \/>\n<p>&nbsp;<\/p>\n<p><strong>DOLOMITIBUS: SERBATOIO DI DISAGI. 48 CORSE SOPPRESSE DEFINITIVAMENTE, OGNI GIORNO LA SORPRESA, AI TAGLI STRUTTURALI SE NE AGGIUNGONO ALTRI. DISSERVIZI QUOTIDIANI CON CONSEGUENZE GRAVI PER STUDENTI, LAVORATORI, GIOVANI, ANZIANI. MA TANT&#8217;E&#8217; CHI RESTA A PIEDI SI ARRANGI L&#8217;IMPORTANTE E&#8217; CHE ABBIA PAGATO L&#8217;ABBONAMENTO E RELATIVI AUMENTI CHE NESSUNO MAI RIMBORSERA&#8217; TRA IL SILENZIO DELLA POLITICA CHE CONTA E DELLE ASSOCIAZIONI DEI CONSUMATORI IN QUESTO CASO ASSOCIAZIONI FANTASMA!<\/strong><\/p>\n<p>&nbsp;<\/p>\n<blockquote>\n<h3>VENERDI&#8217; LO SCIOPERO NAZIONALE DEI TRASPORTI<\/h3>\n<\/blockquote>\n<p><strong>REDAZIONE<\/strong> Venerd\u00ec \u00e8 in programma lo sciopero generale di tutti i trasporti pubblici e privati. Le Segreterie Territoriali FILT-CGIL e UILTRASPORTI hanno dato comunicazione di adesione allo stesso e nell\u2019ambito della rete servita dalle linee della Dolomiti Bus S.p.A., l\u2019accordo aziendale attuativo in materia di prestazioni minime. <strong>PREVEDE LA GARANZIA DEL SERVIZIO NELLE SEGUENTI FASCE ORARIE DALLE ORE 5:40 ALLE ORE 8:09 e DALLE ORE 12:10 ALLE ORE 15:39.<\/strong> Dolomiti Bus S.p.A. precisa che le corse in partenza prima dell\u2019inizio dello sciopero verranno effettuate regolarmente e che le stesse, una volta iniziate, proseguiranno sino al capolinea. I servizi verranno ripristinati completamente a partire dal giorno successivo.<\/p>\n<blockquote>\n<h3><\/h3>\n<\/blockquote>\n<p>&nbsp;<\/p>\n<blockquote>\n<h3>DOLOMITIBUS: LA FIT CISL FA CHIAREZZA<\/h3>\n<\/blockquote>\n<p><strong><img loading=\"lazy\" decoding=\"async\" class=\"alignleft\" src=\"https:\/\/www.radiopiu.net\/wordpress\/wp-content\/uploads\/2020\/06\/f662441c-c6a1-40df-8978-3ff5202173f9.jpg\" width=\"276\" height=\"207\" \/>BELLUNO<\/strong> <span style=\"color: #000000; font-family: Helvetica;\">Chiarezza\u00a0 sull\u2019ipotesi di accordo recentemente bocciata dai lavoratori con uno scarto di 5 voti. Hanno votato 53 lavoratori: 24 hanno votato s\u00ec (45,28%) e 29 hanno votato no (54,72%). L\u2019accordo era stato firmato non solo da Fit Cisl e Faisa Cisal,<em> &#8220;ma anche dal rappresentante sindacale (Rsa) della Filt Cgil, categoria che poi ha rinnegato il documento nelle assemblee con i lavoratori e con la protesta di piazza&#8221;,<\/em> dice il segretario Marino De Trelizzi<em>.<\/em> L\u2019accordo in oggetto prevedeva un aumento di 164 euro al mese (6\/8 euro al giorno) e una\u00a0 rivalutazione dei buoni pasto con\u00a0 la clausola di salvaguardia. <\/span><span style=\"color: #000000; font-family: Helvetica;\">\u201c<i>Se l&#8217;accordo fosse efficace<\/i> -sottolinea Stefano Bergamin &#8211; della Fit Belluno Treviso &#8211; <i>i lavoratori della Dolomitibus gi\u00e0 dal 10 novembre avrebbero percepito uno stipendio maggiorato di 164 euro. \u00c8 sufficiente per risollevare il numero dell\u2019organico dell\u2019azienda? Certamente avrebbe contribuito ad aiutare i lavoratori, che a parit\u00e0 di condizioni di lavoro avrebbero avuto da subito uno stipendio pi\u00f9 adeguato. Sono pochi 164 euro al mese? Voglio solo ricordare che l\u2019ultimo contratto nazionale ha previsto un aumento lordo pari a 90 euro corrisposti in tre rate.<\/i><\/span><\/p>\n<p>&nbsp;<\/p>\n<p>&nbsp;<\/p>\n<hr \/>\n<p>&nbsp;<\/p>\n<blockquote>\n<h3>LO SCIOPERO DI VENERDI, MANIFESTAZIONE REGIONALE A PADOVA<\/h3>\n<\/blockquote>\n<p><strong><a class=\"dt-pswp-item\" href=\"https:\/\/www.radiopiu.net\/wordpress\/wp-content\/uploads\/2018\/02\/ANDREA-FIOCCO.jpg\" data-dt-img-description=\"\" data-large_image_width=\"960\" data-large_image_height=\"960\"><img loading=\"lazy\" decoding=\"async\" class=\"wp-image-43617 alignleft\" src=\"https:\/\/www.radiopiu.net\/wordpress\/wp-content\/uploads\/2018\/02\/ANDREA-FIOCCO-300x300.jpg\" alt=\"\" width=\"131\" height=\"131\" srcset=\"https:\/\/www.radiopiu.net\/wordpress\/wp-content\/uploads\/2018\/02\/ANDREA-FIOCCO-300x300.jpg 300w, https:\/\/www.radiopiu.net\/wordpress\/wp-content\/uploads\/2018\/02\/ANDREA-FIOCCO-150x150.jpg 150w, https:\/\/www.radiopiu.net\/wordpress\/wp-content\/uploads\/2018\/02\/ANDREA-FIOCCO-768x768.jpg 768w, https:\/\/www.radiopiu.net\/wordpress\/wp-content\/uploads\/2018\/02\/ANDREA-FIOCCO.jpg 960w\" sizes=\"auto, (max-width: 131px) 100vw, 131px\" \/><\/a>BELLUNO<\/strong> Funzione Pubblica, Lavoratori della conoscenza, Lavoratori del trasporto pubblico e dell\u2019igiene ambientale hanno indetto uno sciopero su scala nazionale per l\u2019intera giornata di venerd\u00ec 17 e si ritroveranno, per quanto riguarda il Veneto, in manifestazione regionale a Padova, dove scenderanno anche lavoratrici e lavoratori della provincia di Belluno.\u00a0<em> \u201cI motivi sono molti\u201d<\/em> spiega Andrea Fiocco, segretario della FP CGIL Belluno (FOTO)<em>. \u201cLa preoccupazione per la tenuta dei servizi pubblici nelle aree di montagna \u00e8 tanta. Nella legge di bilancio, infatti, non c\u2019\u00e8 traccia del richiesto incremento della capacit\u00e0 di assumere degli enti pubblici, mentre viene confermato il tetto di spesa al personale. Nel contempo, c\u2019\u00e8 l\u2019ennesimo taglio alla spesa sanitaria, che si accompagna questa volta al taglio dei trasferimenti agli enti locali. Questo si aggiunge al mancato rinnovo del contratto collettivo nazionale, che \u00e8 fermo al 2021. C\u2019\u00e8, poi, il taglio alle pensioni<\/em>\u00a0 e una riform<em>a fiscale che finisce per colpire i redditi medio \u2013 bassi. Di contro, non c\u2019\u00e8 nessuna misura per favorire la formazione del personale e nessuna misura a favore di donne e giovani&#8221;.<\/em><\/p>\n<p>&nbsp;<\/p>\n<p>&nbsp;<\/p>\n<hr \/>\n<p>&nbsp;<\/p>\n<blockquote>\n<h3><strong>&#8220;Giornate della Vista: EssilorLuxottica Offre Controlli Gratuiti a Chi \u00e8 in Difficolt\u00e0&#8221;<\/strong><\/h3>\n<\/blockquote>\n<p><strong><a class=\"dt-pswp-item\" href=\"https:\/\/www.radiopiu.net\/wordpress\/wp-content\/uploads\/2023\/11\/ONESIGHT.png\" data-dt-img-description=\"\" data-large_image_width=\"542\" data-large_image_height=\"155\"><img loading=\"lazy\" decoding=\"async\" class=\"size-medium wp-image-361281 alignleft\" src=\"https:\/\/www.radiopiu.net\/wordpress\/wp-content\/uploads\/2023\/11\/ONESIGHT-300x86.png\" alt=\"\" width=\"300\" height=\"86\" srcset=\"https:\/\/www.radiopiu.net\/wordpress\/wp-content\/uploads\/2023\/11\/ONESIGHT-300x86.png 300w, https:\/\/www.radiopiu.net\/wordpress\/wp-content\/uploads\/2023\/11\/ONESIGHT-350x100.png 350w, https:\/\/www.radiopiu.net\/wordpress\/wp-content\/uploads\/2023\/11\/ONESIGHT.png 542w\" sizes=\"auto, (max-width: 300px) 100vw, 300px\" \/><\/a>BELLUNO<\/strong>\u00a0 La Fondazione OneSight EssilorLuxottica ha lanciato le &#8220;Giornate della Vista&#8221; a Belluno, offrendo controlli gratuiti della vista a chi solitamente ha difficolt\u00e0 ad accedere a questo servizio. L&#8217;iniziativa prevede una tappa al mese, con centinaia di persone che possono usufruire di esami gratuiti e, se necessario, ottenere lenti, occhiali o interventi ospedalieri. Da ieri fino al 24 novembre, il personale medico \u00e8 impegnato in una maratona di controlli presso Palazzo Bembo. La selezione dei destinatari \u00e8 affidata a una rete di associazioni locali, tra cui San Vincenzo De Paoli, Caritas diocesana, Insieme Si pu\u00f2, Societ\u00e0 Nuova, il movimento fraternit\u00e0 Landris e il coordinamento provinciale Rete Immigrazione. L&#8217;iniziativa &#8220;Giornate della Vista&#8221; si inserisce in un impegno pi\u00f9 ampio per affrontare le sfide legate alla vista, con l&#8217;obiettivo di migliorare la salute visiva di tutti entro il 2050.<\/p>\n<div class=\"flex-1 overflow-hidden\">\n<div class=\"react-scroll-to-bottom--css-euine-79elbk h-full\">\n<div class=\"react-scroll-to-bottom--css-euine-1n7m0yu\">\n<div class=\"flex flex-col text-sm gizmo:pb-9 dark:bg-gray-800 gizmo:dark:bg-transparent\">\n<div class=\"group w-full text-token-text-primary border-b border-black\/10 gizmo:border-0 dark:border-gray-900\/50 gizmo:dark:border-0 bg-gray-50 gizmo:bg-transparent dark:bg-[#444654] gizmo:dark:bg-transparent\" data-testid=\"conversation-turn-25\">\n<div class=\"p-4 gizmo:py-2 justify-center text-base md:gap-6 md:py-6 m-auto\">\n<div class=\"flex flex-1 gap-4 text-base mx-auto md:gap-6 gizmo:gap-3 gizmo:md:px-5 gizmo:lg:px-1 gizmo:xl:px-5 md:max-w-2xl lg:max-w-[38rem] gizmo:md:max-w-3xl gizmo:lg:max-w-[40rem] gizmo:xl:max-w-[48rem] xl:max-w-3xl }\">\n<div class=\"relative flex w-[calc(100%-50px)] flex-col gizmo:w-full lg:w-[calc(100%-115px)] agent-turn\">\n<div class=\"flex-col gap-1 md:gap-3\">\n<div class=\"flex justify-between empty:hidden gizmo:justify-start gizmo:gap-3 lg:block gizmo:lg:flex\"><\/div>\n<\/div>\n<\/div>\n<\/div>\n<\/div>\n<\/div>\n<\/div>\n<\/div>\n<\/div>\n<\/div>\n<p>&nbsp;<\/p>\n<p>&nbsp;<\/p>\n<hr \/>\n<h3><strong>\u00a0\u00a0<\/strong><\/h3>\n<blockquote>\n<h3>UN PERCORSO PEDONALE DI 4 KM A SELVA DI CADORE<\/h3>\n<\/blockquote>\n<p><strong><a class=\"dt-pswp-item\" href=\"https:\/\/www.radiopiu.net\/wordpress\/wp-content\/uploads\/2023\/11\/8ded602d-de55-4e46-a978-073f45fbdb4d.jpg\" data-dt-img-description=\"\" data-large_image_width=\"928\" data-large_image_height=\"499\"><img loading=\"lazy\" decoding=\"async\" class=\" wp-image-361339 alignleft\" src=\"https:\/\/www.radiopiu.net\/wordpress\/wp-content\/uploads\/2023\/11\/8ded602d-de55-4e46-a978-073f45fbdb4d-300x161.jpg\" alt=\"\" width=\"218\" height=\"117\" srcset=\"https:\/\/www.radiopiu.net\/wordpress\/wp-content\/uploads\/2023\/11\/8ded602d-de55-4e46-a978-073f45fbdb4d-300x161.jpg 300w, https:\/\/www.radiopiu.net\/wordpress\/wp-content\/uploads\/2023\/11\/8ded602d-de55-4e46-a978-073f45fbdb4d-768x413.jpg 768w, https:\/\/www.radiopiu.net\/wordpress\/wp-content\/uploads\/2023\/11\/8ded602d-de55-4e46-a978-073f45fbdb4d.jpg 928w\" sizes=\"auto, (max-width: 218px) 100vw, 218px\" \/><\/a>SELVA DI CADORE<\/strong><\/p>\n<p>DI GIANNI SANTOMASO<\/p>\n<audio class=\"wp-audio-shortcode\" id=\"audio-361207-1\" preload=\"none\" style=\"width: 100%;\" controls=\"controls\"><source type=\"audio\/mpeg\" src=\"https:\/\/www.radiopiu.net\/wordpress\/wp-content\/uploads\/2023\/11\/GIANNI-UN-PERCORSO-PEDONALE-DI-4-KM-A-SELVA-DI-CADORE.mp3?_=1\" \/><a href=\"https:\/\/www.radiopiu.net\/wordpress\/wp-content\/uploads\/2023\/11\/GIANNI-UN-PERCORSO-PEDONALE-DI-4-KM-A-SELVA-DI-CADORE.mp3\">https:\/\/www.radiopiu.net\/wordpress\/wp-content\/uploads\/2023\/11\/GIANNI-UN-PERCORSO-PEDONALE-DI-4-KM-A-SELVA-DI-CADORE.mp3<\/a><\/audio>\n<p>&nbsp;<\/p>\n<hr \/>\n<p>&nbsp;<\/p>\n<blockquote>\n<h3 class=\"entry-title\">PASSAGGIO PEDONALE, TUTTO PROGRAMMATO<\/h3>\n<\/blockquote>\n<p><strong>AGORDO<\/strong> L&#8217;amministrazione comunale di Agordo ribadisce il concetto di Matteo Scussel.\u00a0 <em>&#8220;A breve verr\u00e0 completata anche quella porzione di lavoro&#8221;\u00a0 <\/em>aveva scritto il nostro lettore Infatti la risposta del sindaco Roberto Chissal\u00e8 &#8220;<em>Logicamente lavoro programmato assieme alla riparazione della barriera prima della centrale idroelettrica di Bries, incidentata e che necessitava di un intervento alla barriera di sicurezza&#8221;.<\/em><\/p>\n<p>&nbsp;<\/p>\n\n\t\t\t<style type='text\/css'>\n\t\t\t\t#gallery-1 {\n\t\t\t\t\tmargin: auto;\n\t\t\t\t}\n\t\t\t\t#gallery-1 .gallery-item {\n\t\t\t\t\tfloat: left;\n\t\t\t\t\tmargin-top: 10px;\n\t\t\t\t\ttext-align: center;\n\t\t\t\t\twidth: 50%;\n\t\t\t\t}\n\t\t\t\t#gallery-1 img {\n\t\t\t\t\tborder: 2px solid #cfcfcf;\n\t\t\t\t}\n\t\t\t\t#gallery-1 .gallery-caption {\n\t\t\t\t\tmargin-left: 0;\n\t\t\t\t}\n\t\t\t\t\/* see gallery_shortcode() in wp-includes\/media.php *\/\n\t\t\t<\/style>\n\t\t<div id='gallery-1' class='dt-gallery-container gallery galleryid-361207 gallery-columns-2 gallery-size-medium'><dl class='gallery-item'>\n\t\t\t\t<dt class='gallery-icon portrait'>\n\t\t\t\t\t<a class=\"rollover rollover-zoom dt-pswp-item\" title=\"ea112bc1-0d8d-44c2-a232-42918ed34a5b\" data-dt-img-description=\"\" data-large_image_width=\"1200\" data-large_image_height=\"1600\"href='https:\/\/www.radiopiu.net\/wordpress\/wp-content\/uploads\/2023\/11\/ea112bc1-0d8d-44c2-a232-42918ed34a5b.jpg'><img loading=\"lazy\" decoding=\"async\" width=\"225\" height=\"300\" src=\"https:\/\/www.radiopiu.net\/wordpress\/wp-content\/uploads\/2023\/11\/ea112bc1-0d8d-44c2-a232-42918ed34a5b-225x300.jpg\" class=\"attachment-medium size-medium\" alt=\"\" srcset=\"https:\/\/www.radiopiu.net\/wordpress\/wp-content\/uploads\/2023\/11\/ea112bc1-0d8d-44c2-a232-42918ed34a5b-225x300.jpg 225w, https:\/\/www.radiopiu.net\/wordpress\/wp-content\/uploads\/2023\/11\/ea112bc1-0d8d-44c2-a232-42918ed34a5b-768x1024.jpg 768w, https:\/\/www.radiopiu.net\/wordpress\/wp-content\/uploads\/2023\/11\/ea112bc1-0d8d-44c2-a232-42918ed34a5b-1152x1536.jpg 1152w, https:\/\/www.radiopiu.net\/wordpress\/wp-content\/uploads\/2023\/11\/ea112bc1-0d8d-44c2-a232-42918ed34a5b.jpg 1200w\" sizes=\"auto, (max-width: 225px) 100vw, 225px\" \/><\/a>\n\t\t\t\t<\/dt><\/dl><dl class='gallery-item'>\n\t\t\t\t<dt class='gallery-icon portrait'>\n\t\t\t\t\t<a class=\"rollover rollover-zoom dt-pswp-item\" title=\"ba05921b-465b-4442-bab6-08cadb418eee\" data-dt-img-description=\"\" data-large_image_width=\"1200\" data-large_image_height=\"1600\"href='https:\/\/www.radiopiu.net\/wordpress\/wp-content\/uploads\/2023\/11\/ba05921b-465b-4442-bab6-08cadb418eee.jpg'><img loading=\"lazy\" decoding=\"async\" width=\"225\" height=\"300\" src=\"https:\/\/www.radiopiu.net\/wordpress\/wp-content\/uploads\/2023\/11\/ba05921b-465b-4442-bab6-08cadb418eee-225x300.jpg\" class=\"attachment-medium size-medium\" alt=\"\" srcset=\"https:\/\/www.radiopiu.net\/wordpress\/wp-content\/uploads\/2023\/11\/ba05921b-465b-4442-bab6-08cadb418eee-225x300.jpg 225w, https:\/\/www.radiopiu.net\/wordpress\/wp-content\/uploads\/2023\/11\/ba05921b-465b-4442-bab6-08cadb418eee-768x1024.jpg 768w, https:\/\/www.radiopiu.net\/wordpress\/wp-content\/uploads\/2023\/11\/ba05921b-465b-4442-bab6-08cadb418eee-1152x1536.jpg 1152w, https:\/\/www.radiopiu.net\/wordpress\/wp-content\/uploads\/2023\/11\/ba05921b-465b-4442-bab6-08cadb418eee.jpg 1200w\" sizes=\"auto, (max-width: 225px) 100vw, 225px\" \/><\/a>\n\t\t\t\t<\/dt><\/dl><br style=\"clear: both\" \/>\n\t\t\t<\/div>\n\n<p>&nbsp;<\/p>\n<p>&nbsp;<\/p>\n<blockquote>\n<h3>DILLO A RADIO PIU&#8217;&#8230;.Strisce pedonali a prova di infortunio<\/h3>\n<\/blockquote>\n<p><strong><img loading=\"lazy\" decoding=\"async\" class=\"alignleft\" src=\"https:\/\/www.radiopiu.net\/wordpress\/wp-content\/uploads\/2023\/11\/04cb2e09-6d82-4859-8411-2c3fa0a380ea.jpg\" width=\"199\" height=\"149\" \/>AGORDO<\/strong> La segnalazione di Silvano Savio, consigliere comunale ad Agordo. Si tratta dei nuovi lavori per via Piero Poloni, la frazione ai piedi del Col di Foglia raggiungibile dalla regionale 203 agordina. Un lavoro importante che permetter\u00e0 alle auto di infilare la via senza pi\u00f9 creare rallentamenti pericolosi e improvvisi. Questo per\u00f2 il nuovo problema, il passaggio pedonale che finisce diritto contro il guardrail che sbarra il cammino verso il marciapiede di destra. Il vecchio passaggio zebrato, ancora visibile, porta invece direttamente in mezzo alla carreggiata della comunale.<\/p>\n<blockquote><p><span class=\"\"><span class=\"xt0psk2\"><a class=\"x1i10hfl xjbqb8w x6umtig x1b1mbwd xaqea5y xav7gou x9f619 x1ypdohk xt0psk2 xe8uvvx xdj266r x11i5rnm xat24cr x1mh8g0r xexx8yu x4uap5 x18d9i69 xkhd6sd x16tdsg8 x1hl2dhg xggy1nq x1a2a7pz x1heor9g xt0b8zv\" tabindex=\"0\" role=\"link\" href=\"https:\/\/www.facebook.com\/groups\/61488111720\/user\/1646919094\/?__cft__[0]=AZVlCd8Pu_c6XRSvOp7VS5zct4B8EAMl2TcTBuAJBom0IfE5PINOf7--2uI6hpYgjANjm3x4nHSsLk41AFq0uAj8KTGNHTvmVPByf52VJP3VO33hqXaVcnpsXtmycOqtbb9HVhGK78p3r_NAmjCMYfuo&amp;__tn__=R]-R\" aria-hidden=\"false\"><span class=\"x3nfvp2\"><span class=\"x193iq5w xeuugli x13faqbe x1vvkbs x1xmvt09 x1lliihq x1s928wv xhkezso x1gmr53x x1cpjm7i x1fgarty x1943h6x x4zkp8e x676frb x1nxh6w3 x1sibtaa x1s688f xzsf02u\" dir=\"auto\">Matteo Scussel<\/span><\/span><\/a> <\/span><\/span>Se \u00e8 chiusa si lamentano, se \u00e8 aperta si lamentano, si \u00e8 parzialmente aperta si lamentano&#8230; Hanno in previsione la modifica anche delle barriere e dell\u2019ingresso al marciapiede, abbiate pazienza, dovevano aprire la strada e senza la segnaletica non era possibile farlo. A breve verr\u00e0 completata anche quella porzione di lavoro!<\/p><\/blockquote>\n<h3><strong>\u00a0\u00a0<\/strong><\/h3>\n<hr \/>\n<p>&nbsp;<\/p>\n<blockquote>\n<h3>DUE NUOVE AUTO PER IL GAV<\/h3>\n<\/blockquote>\n<p><strong><a class=\"dt-pswp-item\" href=\"https:\/\/www.radiopiu.net\/wordpress\/wp-content\/uploads\/2023\/11\/ab1608d9-d030-40f0-99dd-cf21313c765a.jpg\" data-dt-img-description=\"\" data-large_image_width=\"1024\" data-large_image_height=\"768\"><img loading=\"lazy\" decoding=\"async\" class=\" wp-image-361144 alignleft\" src=\"https:\/\/www.radiopiu.net\/wordpress\/wp-content\/uploads\/2023\/11\/ab1608d9-d030-40f0-99dd-cf21313c765a-300x225.jpg\" alt=\"\" width=\"192\" height=\"144\" srcset=\"https:\/\/www.radiopiu.net\/wordpress\/wp-content\/uploads\/2023\/11\/ab1608d9-d030-40f0-99dd-cf21313c765a-300x225.jpg 300w, https:\/\/www.radiopiu.net\/wordpress\/wp-content\/uploads\/2023\/11\/ab1608d9-d030-40f0-99dd-cf21313c765a-768x576.jpg 768w, https:\/\/www.radiopiu.net\/wordpress\/wp-content\/uploads\/2023\/11\/ab1608d9-d030-40f0-99dd-cf21313c765a.jpg 1024w\" sizes=\"auto, (max-width: 192px) 100vw, 192px\" \/><\/a>AGORDO<\/strong><\/p>\n<p>DI GIANNI SANTOMASO<\/p>\n<audio class=\"wp-audio-shortcode\" id=\"audio-361207-2\" preload=\"none\" style=\"width: 100%;\" controls=\"controls\"><source type=\"audio\/mpeg\" src=\"https:\/\/www.radiopiu.net\/wordpress\/wp-content\/uploads\/2023\/11\/GIANNI-DUE-NUOVE-AUTO-PER-IL-GAV.mp3?_=2\" \/><a href=\"https:\/\/www.radiopiu.net\/wordpress\/wp-content\/uploads\/2023\/11\/GIANNI-DUE-NUOVE-AUTO-PER-IL-GAV.mp3\">https:\/\/www.radiopiu.net\/wordpress\/wp-content\/uploads\/2023\/11\/GIANNI-DUE-NUOVE-AUTO-PER-IL-GAV.mp3<\/a><\/audio>\n<p>&nbsp;<\/p>\n<hr \/>\n<p>&nbsp;<\/p>\n<blockquote>\n<h3 style=\"text-align: center;\"><strong> Rinnovato il Parco Giochi a Farra: Nuove Attrazioni per i Bambini<\/strong><\/h3>\n<\/blockquote>\n\n\t\t\t<style type='text\/css'>\n\t\t\t\t#gallery-2 {\n\t\t\t\t\tmargin: auto;\n\t\t\t\t}\n\t\t\t\t#gallery-2 .gallery-item {\n\t\t\t\t\tfloat: left;\n\t\t\t\t\tmargin-top: 10px;\n\t\t\t\t\ttext-align: center;\n\t\t\t\t\twidth: 50%;\n\t\t\t\t}\n\t\t\t\t#gallery-2 img {\n\t\t\t\t\tborder: 2px solid #cfcfcf;\n\t\t\t\t}\n\t\t\t\t#gallery-2 .gallery-caption {\n\t\t\t\t\tmargin-left: 0;\n\t\t\t\t}\n\t\t\t\t\/* see gallery_shortcode() in wp-includes\/media.php *\/\n\t\t\t<\/style>\n\t\t<div id='gallery-2' class='dt-gallery-container gallery galleryid-361207 gallery-columns-2 gallery-size-thumbnail'><dl class='gallery-item'>\n\t\t\t\t<dt class='gallery-icon landscape'>\n\t\t\t\t\t<a class=\"rollover rollover-zoom dt-pswp-item\" title=\"Parco Via Soppelsa 1\" data-dt-img-description=\"\" data-large_image_width=\"1920\" data-large_image_height=\"1080\"href='https:\/\/www.radiopiu.net\/wordpress\/wp-content\/uploads\/2023\/11\/Parco-Via-Soppelsa-1.jpg'><img loading=\"lazy\" decoding=\"async\" width=\"150\" height=\"150\" src=\"https:\/\/www.radiopiu.net\/wordpress\/wp-content\/uploads\/2023\/11\/Parco-Via-Soppelsa-1-150x150.jpg\" class=\"attachment-thumbnail size-thumbnail\" alt=\"\" \/><\/a>\n\t\t\t\t<\/dt><\/dl><dl class='gallery-item'>\n\t\t\t\t<dt class='gallery-icon landscape'>\n\t\t\t\t\t<a class=\"rollover rollover-zoom dt-pswp-item\" title=\"Parco Via Soppelsa 2\" data-dt-img-description=\"\" data-large_image_width=\"1920\" data-large_image_height=\"1080\"href='https:\/\/www.radiopiu.net\/wordpress\/wp-content\/uploads\/2023\/11\/Parco-Via-Soppelsa-2.jpg'><img loading=\"lazy\" decoding=\"async\" width=\"150\" height=\"150\" src=\"https:\/\/www.radiopiu.net\/wordpress\/wp-content\/uploads\/2023\/11\/Parco-Via-Soppelsa-2-150x150.jpg\" class=\"attachment-thumbnail size-thumbnail\" alt=\"\" \/><\/a>\n\t\t\t\t<\/dt><\/dl><br style=\"clear: both\" \/>\n\t\t\t<\/div>\n\n<p><strong>FELTRE<\/strong> L&#8217;azienda Imeco risponde all&#8217;avviso pubblico del Comune offrendosi di finanziare la manutenzione straordinaria del parco giochi di Farra. L&#8217;intervento prevede la realizzazione di una pavimentazione anti-trauma, l&#8217;installazione di nuovi giochi, e contribuisce al piano di rinnovo dei parchi giochi cittadini. Il sindaco Viviana Fusaro esprime gratitudine e invita altre aziende locali a seguire questo esempio per sostenere progetti simili nel territorio.<\/p>\n<p><strong>IL SINDACO DI FELTRE VIVIANA FUSARO\u00a0\u00a0<\/strong><\/p>\n<audio class=\"wp-audio-shortcode\" id=\"audio-361207-3\" preload=\"none\" style=\"width: 100%;\" controls=\"controls\"><source type=\"audio\/mpeg\" src=\"https:\/\/www.radiopiu.net\/wordpress\/wp-content\/uploads\/2023\/11\/Sindaco-Feltre-su-Parco-via-Soppelsa.mp3?_=3\" \/><a href=\"https:\/\/www.radiopiu.net\/wordpress\/wp-content\/uploads\/2023\/11\/Sindaco-Feltre-su-Parco-via-Soppelsa.mp3\">https:\/\/www.radiopiu.net\/wordpress\/wp-content\/uploads\/2023\/11\/Sindaco-Feltre-su-Parco-via-Soppelsa.mp3<\/a><\/audio>\n<p>&nbsp;<\/p>\n<hr \/>\n<p>&nbsp;<\/p>\n<blockquote>\n<h2>Da Capitano a Maggiore: Luca Innelli, Comandante dei Carabinieri di Feltre, Protagonista di un Importante Passo di Carriera&#8221;<\/h2>\n<\/blockquote>\n<p><a class=\"dt-pswp-item\" href=\"https:\/\/www.radiopiu.net\/wordpress\/wp-content\/uploads\/2023\/11\/Senza-nome-69.png\" data-dt-img-description=\"\" data-large_image_width=\"275\" data-large_image_height=\"200\"><img loading=\"lazy\" decoding=\"async\" class=\"size-full wp-image-361343 alignleft\" src=\"https:\/\/www.radiopiu.net\/wordpress\/wp-content\/uploads\/2023\/11\/Senza-nome-69.png\" alt=\"\" width=\"275\" height=\"200\" \/><\/a><strong>FELTRE<\/strong> Nella suggestiva cornice di Feltre, il Comandante della Compagnia dei Carabinieri, Luca Innelli, \u00e8 stato recentemente promosso al prestigioso grado di maggiore, un traguardo che segna una tappa significativa nella sua carriera militare. Giunto a Feltre nell&#8217;estate del 2019 con il grado di capitano, Innelli ha portato con s\u00e9 un bagaglio di esperienze internazionali. La promozione \u00e8 stata celebrata con una simbolica torre e una stelletta, segno tangibile del nuovo capitolo che si apre nella carriera di Luca Innelli. La comunit\u00e0 di Feltre esprime la sua gratitudine per il servizio dedicato e augura al neo maggiore un futuro ancor pi\u00f9 luminoso nel suo impegno per la sicurezza e il benessere della comunit\u00e0.<\/p>\n<p>&nbsp;<\/p>\n<p>&nbsp;<\/p>\n<p>&nbsp;<\/p>\n<hr \/>\n<p>&nbsp;<\/p>\n<blockquote>\n<h3>TORNA &#8220;A CENA CON I SINDACI&#8221; A VILLA PATT DI SEDICO<\/h3>\n<\/blockquote>\n<p><strong><a class=\"dt-pswp-item\" href=\"https:\/\/www.radiopiu.net\/wordpress\/wp-content\/uploads\/2023\/11\/583e956c-de3c-4ebf-9181-a1744b9c0718.jpg\" data-dt-img-description=\"\" data-large_image_width=\"1131\" data-large_image_height=\"1600\"><img loading=\"lazy\" decoding=\"async\" class=\" wp-image-361276 alignleft\" src=\"https:\/\/www.radiopiu.net\/wordpress\/wp-content\/uploads\/2023\/11\/583e956c-de3c-4ebf-9181-a1744b9c0718-212x300.jpg\" alt=\"\" width=\"120\" height=\"170\" srcset=\"https:\/\/www.radiopiu.net\/wordpress\/wp-content\/uploads\/2023\/11\/583e956c-de3c-4ebf-9181-a1744b9c0718-212x300.jpg 212w, https:\/\/www.radiopiu.net\/wordpress\/wp-content\/uploads\/2023\/11\/583e956c-de3c-4ebf-9181-a1744b9c0718-724x1024.jpg 724w, https:\/\/www.radiopiu.net\/wordpress\/wp-content\/uploads\/2023\/11\/583e956c-de3c-4ebf-9181-a1744b9c0718-768x1086.jpg 768w, https:\/\/www.radiopiu.net\/wordpress\/wp-content\/uploads\/2023\/11\/583e956c-de3c-4ebf-9181-a1744b9c0718-1086x1536.jpg 1086w, https:\/\/www.radiopiu.net\/wordpress\/wp-content\/uploads\/2023\/11\/583e956c-de3c-4ebf-9181-a1744b9c0718.jpg 1131w\" sizes=\"auto, (max-width: 120px) 100vw, 120px\" \/><\/a>SEDICO<\/strong> Torna il tradizionale appuntamento con la cena dei sindaci-camerieri: saranno una quindicina gli amministratori bellunesi che venerd\u00ec 24 serviranno la cena a un centinaio di commensali a Villa Patt.<\/p>\n<p><strong>DI DANIELE DALVIT<\/strong><\/p>\n<audio class=\"wp-audio-shortcode\" id=\"audio-361207-4\" preload=\"none\" style=\"width: 100%;\" controls=\"controls\"><source type=\"audio\/mpeg\" src=\"https:\/\/www.radiopiu.net\/wordpress\/wp-content\/uploads\/2023\/11\/Radio-Piu-Servizio-Cena-sindaci-camerieri-2023.mp3?_=4\" \/><a href=\"https:\/\/www.radiopiu.net\/wordpress\/wp-content\/uploads\/2023\/11\/Radio-Piu-Servizio-Cena-sindaci-camerieri-2023.mp3\">https:\/\/www.radiopiu.net\/wordpress\/wp-content\/uploads\/2023\/11\/Radio-Piu-Servizio-Cena-sindaci-camerieri-2023.mp3<\/a><\/audio>\n<p>&nbsp;<\/p>\n<hr \/>\n<p>&nbsp;<\/p>\n<blockquote>\n<h3>I BAMBINI DI RIF CANTANO SAN MARTIN<\/h3>\n<\/blockquote>\n<p><strong><a class=\"dt-pswp-item\" href=\"https:\/\/www.radiopiu.net\/wordpress\/wp-content\/uploads\/2023\/11\/2208dca3-0b3c-4880-8ee3-305e20bcdc20.jpg\" data-dt-img-description=\"\" data-large_image_width=\"1600\" data-large_image_height=\"900\"><img loading=\"lazy\" decoding=\"async\" class=\"size-medium wp-image-361335 alignleft\" src=\"https:\/\/www.radiopiu.net\/wordpress\/wp-content\/uploads\/2023\/11\/2208dca3-0b3c-4880-8ee3-305e20bcdc20-300x169.jpg\" alt=\"\" width=\"300\" height=\"169\" srcset=\"https:\/\/www.radiopiu.net\/wordpress\/wp-content\/uploads\/2023\/11\/2208dca3-0b3c-4880-8ee3-305e20bcdc20-300x169.jpg 300w, https:\/\/www.radiopiu.net\/wordpress\/wp-content\/uploads\/2023\/11\/2208dca3-0b3c-4880-8ee3-305e20bcdc20-1024x576.jpg 1024w, https:\/\/www.radiopiu.net\/wordpress\/wp-content\/uploads\/2023\/11\/2208dca3-0b3c-4880-8ee3-305e20bcdc20-768x432.jpg 768w, https:\/\/www.radiopiu.net\/wordpress\/wp-content\/uploads\/2023\/11\/2208dca3-0b3c-4880-8ee3-305e20bcdc20-1536x864.jpg 1536w, https:\/\/www.radiopiu.net\/wordpress\/wp-content\/uploads\/2023\/11\/2208dca3-0b3c-4880-8ee3-305e20bcdc20.jpg 1600w\" sizes=\"auto, (max-width: 300px) 100vw, 300px\" \/><\/a>AGORDO<\/strong><\/p>\n<p>DI GIANNI SANTOMASO<\/p>\n<audio class=\"wp-audio-shortcode\" id=\"audio-361207-5\" preload=\"none\" style=\"width: 100%;\" controls=\"controls\"><source type=\"audio\/mpeg\" src=\"https:\/\/www.radiopiu.net\/wordpress\/wp-content\/uploads\/2023\/11\/GIANNI-I-BAMBINI-DI-RIF-CANTANO-SAN-MARTIN.mp3?_=5\" \/><a href=\"https:\/\/www.radiopiu.net\/wordpress\/wp-content\/uploads\/2023\/11\/GIANNI-I-BAMBINI-DI-RIF-CANTANO-SAN-MARTIN.mp3\">https:\/\/www.radiopiu.net\/wordpress\/wp-content\/uploads\/2023\/11\/GIANNI-I-BAMBINI-DI-RIF-CANTANO-SAN-MARTIN.mp3<\/a><\/audio>\n<p>&nbsp;<\/p>\n<hr \/>\n<p>&nbsp;<\/p>\n<blockquote>\n<h3><a class=\"dt-pswp-item\" href=\"https:\/\/www.radiopiu.net\/wordpress\/wp-content\/uploads\/2023\/11\/646634bf-24af-4b39-b9a0-e56a91c356d8.jpg\" data-dt-img-description=\"\" data-large_image_width=\"800\" data-large_image_height=\"445\"><img loading=\"lazy\" decoding=\"async\" class=\"size-medium wp-image-361239 alignleft\" src=\"https:\/\/www.radiopiu.net\/wordpress\/wp-content\/uploads\/2023\/11\/646634bf-24af-4b39-b9a0-e56a91c356d8-300x167.jpg\" alt=\"\" width=\"300\" height=\"167\" srcset=\"https:\/\/www.radiopiu.net\/wordpress\/wp-content\/uploads\/2023\/11\/646634bf-24af-4b39-b9a0-e56a91c356d8-300x167.jpg 300w, https:\/\/www.radiopiu.net\/wordpress\/wp-content\/uploads\/2023\/11\/646634bf-24af-4b39-b9a0-e56a91c356d8-768x427.jpg 768w, https:\/\/www.radiopiu.net\/wordpress\/wp-content\/uploads\/2023\/11\/646634bf-24af-4b39-b9a0-e56a91c356d8.jpg 800w\" sizes=\"auto, (max-width: 300px) 100vw, 300px\" \/><\/a>SALUTE E SOCIETA&#8217;, ALLA RADIO CON IL DOTTOR MARCO CARACCIOLO,\u00a0 il lunedi alle 13.10, il giovedi alle 18.30 su RADIOPIU&#8217;<\/h3>\n<p><strong>Malattia renale cronica <\/strong>La malattia renale cronica \u00e8 una patologia molto diffusa, spesso legata a fattori di rischio come diabete e ipertensione. Una diagnosi precoce e un trattamento adeguato possono rallentarne l\u2019evoluzione verso gli stadi pi\u00f9 avanzati. <strong>Interstiziopatie polmonari <\/strong>insorgono come conseguenza del danneggiamento delle cellule che circondano gli alveoli, portando a infiammazione diffusa e fibrosi del tessuto polmonare.<\/p><\/blockquote>\n<audio class=\"wp-audio-shortcode\" id=\"audio-361207-6\" preload=\"none\" style=\"width: 100%;\" controls=\"controls\"><source type=\"audio\/mpeg\" src=\"https:\/\/www.radiopiu.net\/wordpress\/wp-content\/uploads\/2023\/11\/SALUTE-1.mp3?_=6\" \/><a href=\"https:\/\/www.radiopiu.net\/wordpress\/wp-content\/uploads\/2023\/11\/SALUTE-1.mp3\">https:\/\/www.radiopiu.net\/wordpress\/wp-content\/uploads\/2023\/11\/SALUTE-1.mp3<\/a><\/audio>\n<p>LA RACCOLTA COMPLETA, <span style=\"color: #0000ff;\"><strong><a style=\"color: #0000ff;\" href=\"https:\/\/www.radiopiu.net\/wordpress\/saluteesocieta\/\">CLICCA QUI\u00a0<\/a><\/strong><\/span><\/p>\n<p>&nbsp;<\/p>\n<hr \/>\n<p>&nbsp;<\/p>\n<blockquote>\n<h3 class=\"_title post-title entry-title\">FUSIONE IC VAL DI ZOLDO-LONGARONE, DE PELLEGRIN: \u00abDOV\u2019E\u2019 IL DIFFERENZIALE MONTAGNA?\u00bb<\/h3>\n<\/blockquote>\n<p><strong>DAL TG DI ANTENNA 3, OGNI SERA IL TG DEI BELLUNESI ALLE 19.30 E ALLE 19.10 CON TIZIANA BOLOGNANI LE ANTICIPAZIONI ALLA\u00a0 RADIO\u00a0<\/strong><\/p>\n<p><iframe loading=\"lazy\" title=\"FUSIONE IC VAL DI ZOLDO-LONGARONE, DE PELLEGRIN: \u00abDOV&#039;E&#039; IL DIFFERENZIALE MONTAGNA?\u00bb | 13\/11\/2023\" width=\"1200\" height=\"675\" src=\"https:\/\/www.youtube.com\/embed\/CGZnz8aTRbA?feature=oembed\" frameborder=\"0\" allow=\"accelerometer; autoplay; clipboard-write; encrypted-media; gyroscope; picture-in-picture; web-share\" allowfullscreen><\/iframe><\/p>\n<p>&nbsp;<\/p>\n<p>&nbsp;<\/p>\n<hr \/>\n<p>&nbsp;<\/p>\n<blockquote>\n<h2>La Dynamo Vellai Rinnova il Consiglio: Una Linea Verde con Giovani Ai Vertici<\/h2>\n<\/blockquote>\n<blockquote><p><em>Nuova Leadership e Ambizioni Crescenti per la Societ\u00e0 Sportiva<\/em><\/p><\/blockquote>\n<p><strong><a class=\"dt-pswp-item\" href=\"https:\/\/www.radiopiu.net\/wordpress\/wp-content\/uploads\/2023\/11\/IMG-20230715-WA0016.jpg\" data-dt-img-description=\"\" data-large_image_width=\"1024\" data-large_image_height=\"768\"><img loading=\"lazy\" decoding=\"async\" class=\" wp-image-361254 alignleft\" src=\"https:\/\/www.radiopiu.net\/wordpress\/wp-content\/uploads\/2023\/11\/IMG-20230715-WA0016-300x225.jpg\" alt=\"\" width=\"264\" height=\"198\" srcset=\"https:\/\/www.radiopiu.net\/wordpress\/wp-content\/uploads\/2023\/11\/IMG-20230715-WA0016-300x225.jpg 300w, https:\/\/www.radiopiu.net\/wordpress\/wp-content\/uploads\/2023\/11\/IMG-20230715-WA0016-768x576.jpg 768w, https:\/\/www.radiopiu.net\/wordpress\/wp-content\/uploads\/2023\/11\/IMG-20230715-WA0016.jpg 1024w\" sizes=\"auto, (max-width: 264px) 100vw, 264px\" \/><\/a>FELTRE\u00a0 <\/strong>La societ\u00e0 sportiva Dynamo Vellai ha recentemente annunciato il rinnovo del proprio consiglio, mantenendo una prospettiva giovane e dinamica. Luca Zanella, uno dei presidenti pi\u00f9 giovani della provincia, \u00e8 stato confermato alla guida della societ\u00e0, affiancato da Mauro Zanella e Matteo Argenti, formando cos\u00ec un trinomio giovanissimo ai vertici dell&#8217;organizzazione. Luca Zanella: <em>&#8220;Abbiamo inserito nuovi volti nel consiglio: Annachiara Speranza e Greta Gazzi entrambe classe 2003&#8221;. <\/em>Questo impegno a includere nuovi membri giovani riflette la volont\u00e0 della Dynamo Vellai di garantire una rappresentanza diversificata e inclusiva, stimolando cos\u00ec un ambiente propizio per lo sviluppo e la crescita.<\/p>\n<p>&nbsp;<\/p>\n<p>&nbsp;<\/p>\n<p>&nbsp;<\/p>\n<hr \/>\n<p>&nbsp;<\/p>\n<blockquote>\n<h3>Calcio, Hockey e Rugby Uniti per Aiutare le Vittime dell&#8217;Alluvione in Emilia Romagna<\/h3>\n<\/blockquote>\n<p><strong><a class=\"dt-pswp-item\" href=\"https:\/\/www.radiopiu.net\/wordpress\/wp-content\/uploads\/2023\/11\/MG_2642-scaled.jpg\" data-dt-img-description=\"\" data-large_image_width=\"2560\" data-large_image_height=\"1707\"><img loading=\"lazy\" decoding=\"async\" class=\" wp-image-361250 alignleft\" src=\"https:\/\/www.radiopiu.net\/wordpress\/wp-content\/uploads\/2023\/11\/MG_2642-300x200.jpg\" alt=\"\" width=\"260\" height=\"173\" srcset=\"https:\/\/www.radiopiu.net\/wordpress\/wp-content\/uploads\/2023\/11\/MG_2642-300x200.jpg 300w, https:\/\/www.radiopiu.net\/wordpress\/wp-content\/uploads\/2023\/11\/MG_2642-1024x683.jpg 1024w, https:\/\/www.radiopiu.net\/wordpress\/wp-content\/uploads\/2023\/11\/MG_2642-768x512.jpg 768w, https:\/\/www.radiopiu.net\/wordpress\/wp-content\/uploads\/2023\/11\/MG_2642-1536x1024.jpg 1536w, https:\/\/www.radiopiu.net\/wordpress\/wp-content\/uploads\/2023\/11\/MG_2642-2048x1365.jpg 2048w\" sizes=\"auto, (max-width: 260px) 100vw, 260px\" \/><\/a>FELTRE<\/strong> L&#8217;estate appena trascorsa ha portato con s\u00e9 un incubo di acqua e fango per alcune comunit\u00e0 dell&#8217;Emilia Romagna, con spedizioni di soccorso e attivit\u00e0 di messa in sicurezza. Tuttavia, la Protezione Civile della sezione di Feltre non si \u00e8 tirata indietro di fronte a questa sfida, mettendosi in moto con determinazione. In un gesto di solidariet\u00e0 e collaborazione, \u00e8 nato il progetto &#8220;Tin Bota Romagna,&#8221; un torneo di beneficenza ideato dall&#8217;Usd Dynamo Vellai, con il coinvolgimento attivo della Protezione Civile e il patrocinio del Comune di Feltre. Due altre importanti realt\u00e0 sportive locali, l&#8217;Hockey Club Feltreghiaccio e il Rugby Feltre, hanno abbracciato l&#8217;iniziativa, dimostrando un chiaro segnale di unit\u00e0 nel cercare di alleviare le difficolt\u00e0 della popolazione colpita. Il progetto ha avuto successo, portando alla raccolta di fondi significativa, pari a 1.400 euro.<\/p>\n<p>&nbsp;<\/p>\n<p>&nbsp;<\/p>\n<hr \/>\n<p>&nbsp;<\/p>\n<blockquote>\n<h3>LA GIORNATA MONDIALE DEL DIABETE<\/h3>\n<\/blockquote>\n<p><strong><a class=\"dt-pswp-item\" href=\"https:\/\/www.radiopiu.net\/wordpress\/wp-content\/uploads\/2023\/11\/WhatsApp-Image-2023-11-13-at-16.24.11.jpeg\" data-dt-img-description=\"\" data-large_image_width=\"1530\" data-large_image_height=\"2040\"><img loading=\"lazy\" decoding=\"async\" class=\" wp-image-361305 alignleft\" src=\"https:\/\/www.radiopiu.net\/wordpress\/wp-content\/uploads\/2023\/11\/WhatsApp-Image-2023-11-13-at-16.24.11-225x300.jpeg\" alt=\"\" width=\"151\" height=\"201\" srcset=\"https:\/\/www.radiopiu.net\/wordpress\/wp-content\/uploads\/2023\/11\/WhatsApp-Image-2023-11-13-at-16.24.11-225x300.jpeg 225w, https:\/\/www.radiopiu.net\/wordpress\/wp-content\/uploads\/2023\/11\/WhatsApp-Image-2023-11-13-at-16.24.11-768x1024.jpeg 768w, https:\/\/www.radiopiu.net\/wordpress\/wp-content\/uploads\/2023\/11\/WhatsApp-Image-2023-11-13-at-16.24.11-1152x1536.jpeg 1152w, https:\/\/www.radiopiu.net\/wordpress\/wp-content\/uploads\/2023\/11\/WhatsApp-Image-2023-11-13-at-16.24.11.jpeg 1530w\" sizes=\"auto, (max-width: 151px) 100vw, 151px\" \/><\/a>BELLUNO<\/strong> Oggi si celebra la Giornata Mondiale del Diabete, finalizzata a sensibilizzare sull&#8217;importanza della prevenzione e della cura della malattia. L&#8217;Ulss Dolomiti conta circa 10.000 persone con esenzione per diabete. Secondo i dati PASSI, la percentuale di adulti con diagnosi di diabete \u00e8 del 3,7%, con un aumento correlato all&#8217;et\u00e0, soprattutto oltre i 65 anni. Il diabete mellito tipo 1 colpisce principalmente giovani, mentre il tipo 2 \u00e8 pi\u00f9 comune negli adulti, in particolare dopo i 65 anni. La prevenzione e uno stile di vita sano, compresi esercizio fisico regolare e una dieta equilibrata, sono fondamentali. La gestione personalizzata della terapia e l&#8217;empowerment del paziente sono considerati cruciali nella lotta contro il diabete. La cura del diabete richiede anche un approccio multidisciplinare per affrontare condizioni correlate come il colesterolo alto e l&#8217;ipertensione.<\/p>\n<p>&nbsp;<\/p>\n<p>&nbsp;<\/p>\n<hr \/>\n<p>&nbsp;<\/p>\n<blockquote>\n<h3>OGGI LA PRESENTAZIONE DELLE GIORNATE DELLA VISTA<\/h3>\n<\/blockquote>\n<p><strong><a class=\"dt-pswp-item\" href=\"https:\/\/www.radiopiu.net\/wordpress\/wp-content\/uploads\/2023\/11\/ONESIGHT.png\" data-dt-img-description=\"\" data-large_image_width=\"542\" data-large_image_height=\"155\"><img loading=\"lazy\" decoding=\"async\" class=\" wp-image-361281 alignleft\" src=\"https:\/\/www.radiopiu.net\/wordpress\/wp-content\/uploads\/2023\/11\/ONESIGHT-300x86.png\" alt=\"\" width=\"181\" height=\"52\" srcset=\"https:\/\/www.radiopiu.net\/wordpress\/wp-content\/uploads\/2023\/11\/ONESIGHT-300x86.png 300w, https:\/\/www.radiopiu.net\/wordpress\/wp-content\/uploads\/2023\/11\/ONESIGHT-350x100.png 350w, https:\/\/www.radiopiu.net\/wordpress\/wp-content\/uploads\/2023\/11\/ONESIGHT.png 542w\" sizes=\"auto, (max-width: 181px) 100vw, 181px\" \/><\/a>BELLUNO<\/strong> La Fondazione OneSight EssilorLuxottica Italia organizza le &#8220;Giornate della Vista&#8221; a Belluno. Oggi alle 12 a Palazzo Bembo la presntazione dell&#8217;iniziativa. All&#8217;evento saranno presenti gli assessori Marco Dal Pont e Franco Roccon del Comune di Belluno. L&#8217;iniziativa, che si svolger\u00e0 dal 13 al 24 novembre, offre visite oculistiche e occhiali gratuiti per persone fragili con difetti visivi. La collaborazione coinvolge diverse organizzazioni locali, tra cui l&#8217;Associazione San Vincenzo De Paoli, Caritas Belluno-Feltre, Insieme Si Pu\u00f2, Societ\u00e0 Nuova Cooperativa Sociale, l&#8217;Associazione Movimento Fraternit\u00e0 Landris Onlus e il Coordinamento Rete Immigrazione della Provincia di Belluno.<\/p>\n<p>&nbsp;<\/p>\n<p>&nbsp;<\/p>\n<hr \/>\n<p>&nbsp;<\/p>\n<blockquote>\n<h3>VENERDI&#8217; LA PRESENTAZIONE DEL BILANCIO SOCIALE CARITAS<\/h3>\n<\/blockquote>\n<p><strong>BELLUNO<\/strong> La Caritas diocesana di Belluno-Feltre organizza un incontro venerd\u00ec per presentare il suo primo bilancio sociale in vista della settima Giornata Mondiale dei Poveri. L&#8217;incontro si terr\u00e0 al Centro Congressi Giovanni XXIII a Belluno alle 18:30 e sar\u00e0 un&#8217;opportunit\u00e0 per riflettere sulla fragilit\u00e0 dei pi\u00f9 bisognosi. Il bilancio sociale raccoglie le esperienze della Caritas, evidenziando dati sulle povert\u00e0 e le iniziative svolte nel territorio. L&#8217;evento prevede i saluti del Vescovo Renato Marangoni, l&#8217;introduzione del direttore della Caritas, Francesco D&#8217;Alfonso, e la presentazione del bilancio sociale a cura dell&#8217;Osservatorio delle Povert\u00e0 e delle Risorse.<\/p>\n<p>&nbsp;<\/p>\n<p>&nbsp;<\/p>\n<hr \/>\n<p>&nbsp;<\/p>\n<blockquote>\n<h3 align=\"CENTER\">Il legno come biodiversit\u00e0 e paesaggio ma anche come risorsa architettonica<\/h3>\n<p><strong>\u00a0BELLUNO <\/strong>Il 16 novembre in Camera di Commercio due seminari organizzati da Fondazione Architettura Belluno Dolomiti e dall&#8217;Ordine Architetti Belluno. Il primo\u00a0 sar\u00e0 dedicato alla tematica del legno come risorsa per l&#8217;ambiente e per l&#8217;architettura e il secondo\u00a0 sar\u00e0 pi\u00f9 focalizzato sulle tematiche del design. &#8220;<em>Siamo onorati -dichiara la presidente dell&#8217;Ordine degli Architetti di Belluno, arch. Fabiola De Battista- di far parte del Festival Belluno Citt\u00e0 del Legno. Il legno \u00e8 materia viva nel nostro territorio e facendo parte del nostro dna culturale \u00e8 giusto che venga raccontato non solo dal punto di vista artistico, ma anche da quello architettonico, senza dimenticare ovviamente l&#8217;ambito relativo al nostro vivere quotidiano\u201d. <\/em><\/p>\n<p>&nbsp;<\/p><\/blockquote>\n<p>&nbsp;<\/p>\n<p>&nbsp;<\/p>\n<hr \/>\n<p>&nbsp;<\/p>\n<h2><span style=\"color: #ff6600;\">IERI ALLA RADIO<\/span><\/h2>\n<h2><span style=\"color: #333399;\">PERITI MINERARI DALL\u2019AGORDINO AL MONDO<\/span><\/h2>\n<p><strong>REDAZIONE<\/strong> Continua la serie di racconti con i periti minerari agordini. Nelle prossime due puntate la storia di Giulio Beda. I racconti dei periti minerari agordini che hanno lavorato nel mondo, ogni luned\u00ec alle 10:30 e alle 19 su Radio Pi\u00f9.<\/p>\n<p><iframe loading=\"lazy\" title=\"GIULIO BEDA\" width=\"1200\" height=\"675\" src=\"https:\/\/www.youtube.com\/embed\/2ieJKwLtHcE?feature=oembed\" frameborder=\"0\" allow=\"accelerometer; autoplay; clipboard-write; encrypted-media; gyroscope; picture-in-picture; web-share\" allowfullscreen><\/iframe><\/p>\n<p>&nbsp;<\/p>\n<p><strong>LA RACCOLTA COMPLETA <a href=\"https:\/\/www.radiopiu.net\/wordpress\/periti-minerari-dallagordino-al-mondo\/\">CLICCA QUI<\/a><\/strong><\/p>\n<p>&nbsp;<\/p>\n<hr \/>\n<p>&nbsp;<\/p>\n<p>&nbsp;<\/p>\n<h2><span style=\"color: #008000;\">I RACCONTI DI PAOLO SOPPELSA<\/span><\/h2>\n<p><strong>NEVE DI NOVEMBRE<\/strong><\/p>\n<p><strong>AUDIO<\/strong><\/p>\n<audio class=\"wp-audio-shortcode\" id=\"audio-361207-7\" preload=\"none\" style=\"width: 100%;\" controls=\"controls\"><source type=\"audio\/mpeg\" src=\"https:\/\/www.radiopiu.net\/wordpress\/wp-content\/uploads\/2023\/11\/PAOLOS-1.mp3?_=7\" \/><a href=\"https:\/\/www.radiopiu.net\/wordpress\/wp-content\/uploads\/2023\/11\/PAOLOS-1.mp3\">https:\/\/www.radiopiu.net\/wordpress\/wp-content\/uploads\/2023\/11\/PAOLOS-1.mp3<\/a><\/audio>\n<p>&nbsp;<\/p>\n<p><a class=\"dt-pswp-item\" href=\"https:\/\/www.radiopiu.net\/wordpress\/wp-content\/uploads\/2023\/11\/0ce07de1-2410-4d25-b021-e30694f8c49a.jpg\" data-dt-img-description=\"\" data-large_image_width=\"1600\" data-large_image_height=\"1200\"><img loading=\"lazy\" decoding=\"async\" class=\" wp-image-361147 alignleft\" src=\"https:\/\/www.radiopiu.net\/wordpress\/wp-content\/uploads\/2023\/11\/0ce07de1-2410-4d25-b021-e30694f8c49a-300x225.jpg\" alt=\"\" width=\"181\" height=\"136\" srcset=\"https:\/\/www.radiopiu.net\/wordpress\/wp-content\/uploads\/2023\/11\/0ce07de1-2410-4d25-b021-e30694f8c49a-300x225.jpg 300w, https:\/\/www.radiopiu.net\/wordpress\/wp-content\/uploads\/2023\/11\/0ce07de1-2410-4d25-b021-e30694f8c49a-1024x768.jpg 1024w, https:\/\/www.radiopiu.net\/wordpress\/wp-content\/uploads\/2023\/11\/0ce07de1-2410-4d25-b021-e30694f8c49a-768x576.jpg 768w, https:\/\/www.radiopiu.net\/wordpress\/wp-content\/uploads\/2023\/11\/0ce07de1-2410-4d25-b021-e30694f8c49a-1536x1152.jpg 1536w, https:\/\/www.radiopiu.net\/wordpress\/wp-content\/uploads\/2023\/11\/0ce07de1-2410-4d25-b021-e30694f8c49a.jpg 1600w\" sizes=\"auto, (max-width: 181px) 100vw, 181px\" \/><\/a>La neve d&#8217;inizio novembre riporta atmosfere passate, sorprende e obbliga a cambiare approccio; l&#8217;osservare, il camminare e guidare diventano gesti diversi, pi\u00f9 accorti e ponderati. C&#8217;era la brina sull&#8217;asfalto della Strada Madre che si snoda lungo la Val Cordevole superato Cencenighe, era da tempo che non vedevo i tetti luccicare nei primi giorni del mese triste. E poi, appena superate le buie gallerie della strada della Val Fiorentina, ecco il bianco; era inverno lass\u00f9 ai piedi del Cernera e cinque centimetri di neve ricoprivano i prati di Selva e le tombe del cimitero di Colle Santa Lucia. Erano rintocchi, quelli della campana, che sapevano di novembre d&#8217;altri tempi, con la neve precoce posata sui rami ancora dorati dei larici al tempo dei fiori freschi posati sulle lapidi rinnovate. La presunzione di saper prevedere tutto propria degli uomini l&#8217;aveva confinata lass\u00f9 in alto, quasi al culmine delle montagne, e invece lei, come sovente accade, era scesa pi\u00f9 in basso fino ad imbiancare i greti sassosi del Fiorentina e del Codalonga. Era accaduto durante quella notte in cui pioggia e vento avevano sferzato la pianura portando scompiglio e impaurendo gli uomini. Nel mondo di sotto i fiumi si erano ingrossati e avevano scavalcato gli argini, lass\u00f9, invece, era stato solamente frusciare della prima neve nel buio di una notte montana. L&#8217;alba si era presentata limpida e fredda, e alla prima luce del giorno l&#8217;inverno si era presentato agli abitanti della montagna. Qualcuno osservava dalla finestra, altri commentavano l&#8217;arrivo precoce del bianco che ricopriva i prati; non vi era nulla di eccezionale, in fondo, in ci\u00f2 che era accaduto mentre loro dormivano, era gi\u00e0 successo molte altre volte di ritrovarsi a posare fiori e lumini sulle tombe innevate. Gli uomini della montagna conoscevano e ricordavano i severi autunni di un tempo, eppure sui visi appariva ugualmente quello stupore un po&#8217; bambino; la prima neve di stagione non lascia mai indifferenti, essa va a ricoprire gli orti ormai a riposo e a smuovere le anime e i cuori pi\u00f9 rocciosi. Ai 1453 metri del paese che ammira la Val Fiorentina, si udiva una poesia declamata dal silenzio. Era timido gocciolare dai tetti accarezzati dal sole di met\u00e0 mattina, erano i miei passi brevi e accorti che risalivano la strada che porta alla chiesa. Poi, durante la sera successiva, il freddo si fece sempre pi\u00f9 sentire anche al mio paese, risvegliando ricordi lontani e mai sopiti e poco prima della mezzanotte arriv\u00f2 la neve ad imbiancare il fondovalle. Osservai il suo scendere a tratti copioso mentre fluivano memorie di canottiere di lana e di affetti andati avanti, di giacche a vento colorate e poi fragore di gomme chiodate e crepitare della legna di larice che ardeva nella cucina economica. Guardai a lungo la piazza che si vestiva di bianco, e poi uscii di casa per qualche minuto; volevo sentire ancora una volta quel primo freddo di novembre d&#8217;altri tempi che chiamava l&#8217;inverno e ascoltare il silenzio della neve che evocava momenti andati. Al risveglio, quel bianco effimero era gi\u00e0 ricordo ma lass\u00f9, appena sopra i boschi, era inverno per davvero, come accadeva quando c&#8217;eravamo ancora tutti e durante le notti del mese triste iniziavano a ghiacciare le fontane.<\/p>\n<p>&nbsp;<\/p>\n<p>&nbsp;<\/p>\n<hr \/>\n<p>&nbsp;<\/p>\n<h2><span style=\"color: #ff0000;\">GLI APPUNTAMENTI DELLA SETTIMANA\u00a0\u00a0<\/span><\/h2>\n<h3 style=\"text-align: left;\" align=\"CENTER\"><span style=\"font-family: Bookman Old Style, serif;\">CIRCOLO CULTURALE \u201cLa Terra dei Padri \u2013 Belluno APS\u201d.<\/span><\/h3>\n<p><strong><a class=\"dt-pswp-item\" href=\"https:\/\/www.radiopiu.net\/wordpress\/wp-content\/uploads\/2023\/11\/la-patria-sconfitta-copertina-scaled.jpg\" data-dt-img-description=\"\" data-large_image_width=\"1920\" data-large_image_height=\"2560\"><img loading=\"lazy\" decoding=\"async\" class=\"wp-image-360926 alignleft\" src=\"https:\/\/www.radiopiu.net\/wordpress\/wp-content\/uploads\/2023\/11\/la-patria-sconfitta-copertina-225x300.jpg\" alt=\"\" width=\"132\" height=\"176\" srcset=\"https:\/\/www.radiopiu.net\/wordpress\/wp-content\/uploads\/2023\/11\/la-patria-sconfitta-copertina-225x300.jpg 225w, https:\/\/www.radiopiu.net\/wordpress\/wp-content\/uploads\/2023\/11\/la-patria-sconfitta-copertina-768x1024.jpg 768w, https:\/\/www.radiopiu.net\/wordpress\/wp-content\/uploads\/2023\/11\/la-patria-sconfitta-copertina-1152x1536.jpg 1152w, https:\/\/www.radiopiu.net\/wordpress\/wp-content\/uploads\/2023\/11\/la-patria-sconfitta-copertina-1536x2048.jpg 1536w, https:\/\/www.radiopiu.net\/wordpress\/wp-content\/uploads\/2023\/11\/la-patria-sconfitta-copertina-scaled.jpg 1920w\" sizes=\"auto, (max-width: 132px) 100vw, 132px\" \/><\/a>BELLUNO\u00a0<\/strong> <span style=\"font-family: Bookman Old Style, serif;\">Sabato conferenza di presentazione dell\u2019ultimo saggio\/romanzo storico di Franco Giuseppe Gobbato \u2013 saggista, scrittore e ricercatore storico \u2013 intitolato \u201c<\/span><span style=\"font-family: Bookman Old Style, serif;\"><b>La patria sconfitta<\/b><\/span><span style=\"font-family: Bookman Old Style, serif;\">\u201c, edizioni Ritter. <\/span><span style=\"font-family: Bookman Old Style, serif;\"><b>L\u2019evento avr\u00e0 luogo alle 18.00 presso la sede del Circolo culturale \u201cLa Terra dei Padri\u201d in via dei Molini, 10 a Borgo Piave<\/b><\/span><span style=\"font-family: Bookman Old Style, serif;\"> (davanti alla chiesa di San Nicol\u00f2). L\u2019Autore sar\u00e0 presentato da Francesco Dematt\u00e8. <\/span><span style=\"font-family: Bookman Old Style, serif;\">L\u2019organizzazione della serata \u00e8 ad opera della Delegazione di Belluno della Lega Nazionale e del Circolo culturale \u201cLa Terra dei Padri\u201d.<\/span><\/p>\n<p>&nbsp;<\/p>\n<p>&nbsp;<\/p>\n<p>&nbsp;<\/p>\n<p><a class=\"dt-pswp-item\" href=\"https:\/\/www.radiopiu.net\/wordpress\/wp-content\/uploads\/2023\/11\/6ef13c6c-f912-41cf-a15e-5220bf2d3c7f.jpg\" data-dt-img-description=\"\" data-large_image_width=\"1131\" data-large_image_height=\"1600\"><img loading=\"lazy\" decoding=\"async\" class=\"size-medium wp-image-360248 alignleft\" src=\"https:\/\/www.radiopiu.net\/wordpress\/wp-content\/uploads\/2023\/11\/6ef13c6c-f912-41cf-a15e-5220bf2d3c7f-212x300.jpg\" alt=\"\" width=\"212\" height=\"300\" srcset=\"https:\/\/www.radiopiu.net\/wordpress\/wp-content\/uploads\/2023\/11\/6ef13c6c-f912-41cf-a15e-5220bf2d3c7f-212x300.jpg 212w, https:\/\/www.radiopiu.net\/wordpress\/wp-content\/uploads\/2023\/11\/6ef13c6c-f912-41cf-a15e-5220bf2d3c7f-724x1024.jpg 724w, https:\/\/www.radiopiu.net\/wordpress\/wp-content\/uploads\/2023\/11\/6ef13c6c-f912-41cf-a15e-5220bf2d3c7f-768x1086.jpg 768w, https:\/\/www.radiopiu.net\/wordpress\/wp-content\/uploads\/2023\/11\/6ef13c6c-f912-41cf-a15e-5220bf2d3c7f-1086x1536.jpg 1086w, https:\/\/www.radiopiu.net\/wordpress\/wp-content\/uploads\/2023\/11\/6ef13c6c-f912-41cf-a15e-5220bf2d3c7f.jpg 1131w\" sizes=\"auto, (max-width: 212px) 100vw, 212px\" \/><\/a><br \/>\n<strong>Rivamonte<\/strong> IL PRESIDIO LIBERA AGORDINO LUCIA PRECENZANO, SALVATORE AVERSA TI INVITA A &#8220;RIPARTIAMO DAI DIRITTI UMANI&#8221;, DIRITTO ALLA SALUTE, DIGNITA&#8217; E UGUAGLIANZA. SABATO 18 NOVEMBRE ALLE 20.30 ALLA CASA DELLA GIOVENTU&#8217; DI RIVAMONTE &#8220;MUSICAL PICCOLE DONNE&#8221; MESSO IN SCENA DALLA COMPAGNIA TTM, IN COLLABORAZIONE CON L&#8217;ASSOCIAZIONE BELLUNO DONNA. INGRESSO LIBERO, OFFERTE DEVOLUTE ALL&#8217;ASSOCIAZIONE BELLUNO DONNA, DA 20 ANNI A FIANCO DELLE DONNE. SABATO 18 NOVEMBRE 20.30 CASA DELLA GIOVENTU&#8217; DI RIVAMONTE, CON LIBERA AGORDINO, IN COLLABORAZIONE CON LA PROLOCO DI RIVAMONTE E IL PATROCINIO DELLE PARROCCHIE DEL POI E DEI FOLLI MA SPERANZOSI<\/p>\n<p>&nbsp;<\/p>\n<p>&nbsp;<\/p>\n<p>&nbsp;<\/p>\n<blockquote>\n<h3>SPETTACOLI DI MISTERO A SOSPIROLO<\/h3>\n<\/blockquote>\n<p><strong>SOSPIROLO<\/strong> Venerd\u00ec al Centro Civico appuntamento con lo spettacolo teatrale e reading sui &#8220;Brusa la vecia&#8221; con la regia di Cristina Gianni e i lettori \u201cstorici\u201d dei testamenti sospirolesi.<\/p>\n<p>&nbsp;<\/p>\n<p>&nbsp;<\/p>\n<p><em><strong>A CAVIOLA DAL 18 AL 21 NOVEMBRE: SAGRA MADONNA DELLA SALUTE<\/strong>. Sabato 18 novembre alle 15 castagnata con il gruppo giovani,dalle 18 cucina anche da asporto Domenica 9 Messa, 10 trucca bambini e animazione, 11.15 cucina anche da asporto, con intrattenimento musicale. pomeriggio Torneo di Risiko e Monopoli Gara di Briscola e Castagnata con gli Alpini e \u201cL\u2019era na volta valk de doz\u201d. Gara di Torte con ricavato devoluto alla Croce Verde; iscrizioni al numero 349 1945681 <\/em><em>Marted\u00ec 21, Madonna della Salute con rosario e messe alla chiesa Madonna della Salute. Dalle 11.15 cucina anche da asporto NEI TRE GIORNI, PESCA DI BENEFICIENZA PRESSO I LOCALI ADIACENTI ALLA CHIESA PARROCCHIALE. <\/em><em>Manifestazioni a cura del Gruppo Alpini Caviola Cime d\u2019Auta, Parrocchia e ProLoco di Caviola\u00a0<\/em><\/p>\n<p>&nbsp;<\/p>\n<h2><span style=\"color: #ff0000;\">PROSSIMAMENTE<\/span><\/h2>\n<blockquote>\n<h3 class=\"entry-title\">EVENTI PER I 40 ANNI DEL CENTRO INTERNAZIONALE DEL LIBRO PARLATO \u201cA. SERNAGIOTTO\u201d<\/h3>\n<\/blockquote>\n<p><strong class=\"photoswipe-wrapper\"><a class=\"dt-pswp-item pspw-wrap-ready\" href=\"https:\/\/www.radiopiu.net\/wordpress\/wp-content\/uploads\/2023\/11\/1f9b39ac-7445-4292-9e66-746ed8bde8d9.jpg\" data-dt-img-description=\"\" data-large_image_width=\"800\" data-large_image_height=\"1067\"><img loading=\"lazy\" decoding=\"async\" class=\" wp-image-360368 alignleft\" src=\"https:\/\/www.radiopiu.net\/wordpress\/wp-content\/uploads\/2023\/11\/1f9b39ac-7445-4292-9e66-746ed8bde8d9-225x300.jpg\" sizes=\"auto, (max-width: 182px) 100vw, 182px\" srcset=\"https:\/\/www.radiopiu.net\/wordpress\/wp-content\/uploads\/2023\/11\/1f9b39ac-7445-4292-9e66-746ed8bde8d9-225x300.jpg 225w, https:\/\/www.radiopiu.net\/wordpress\/wp-content\/uploads\/2023\/11\/1f9b39ac-7445-4292-9e66-746ed8bde8d9-768x1024.jpg 768w, https:\/\/www.radiopiu.net\/wordpress\/wp-content\/uploads\/2023\/11\/1f9b39ac-7445-4292-9e66-746ed8bde8d9.jpg 800w\" alt=\"\" width=\"182\" height=\"243\" \/><\/a>FELTRE<\/strong> Gli eventi in programma per celebrare i 40 anni del Libro Parlato di Feltre \u201cA. Sernagiotto\u201d.<\/p>\n<p><strong>MERCOLEDI 22 NOVEMBRE\u00a0<\/strong>alle 18 in Sala Ocri la presentazione del romanzo \u201cNavigante di poppa\u201d: Incontro con l\u2019autrice Loredana Borghetto, presenta Cristina Pierotti<\/p>\n<p><strong>SABATO 9 DICEMBRE\u00a0<\/strong>alle 18 in Sala Ocri Letture ad alta voce dedicate a Italo Calvino con Fabio Dalla Zuanna e Anna Branciforti<\/p>\n<p><strong>LUNEDI 18 DICEMBRE\u00a0<\/strong>alle 18 in Sala Ocri Flavio Faoro: da Oltre le vette ai racconti e alle fiabe, presenta Luisa Alchini. Letture ad alta voce del gruppo Libri Parlanti<\/p>\n<p><strong>VENERDI 22 DICEMBRE\u00a0<\/strong>alle 18 in Sala Ocri Presentazione del libro \u201cIl saldatore del Vajont\u201d con l\u2019autore Antonio G. Bortoluzzi \u2013 presenta Nicola Maccagnan<\/p>\n<p>&nbsp;<\/p>\n<p>&nbsp;<\/p>\n<hr \/>\n<p>&nbsp;<\/p>\n<blockquote>\n<h3>AL MATTINO ALLA RADIO, IL BUONGIORNO DI GIANLUCA E LE CURIOSITA&#8217; DA TAIBON<\/h3>\n<\/blockquote>\n<p><img loading=\"lazy\" decoding=\"async\" class=\"alignleft\" src=\"https:\/\/www.radiopiu.net\/wordpress\/wp-content\/uploads\/2020\/06\/NAPI.jpg\" width=\"105\" height=\"58\" \/><\/p>\n<p><strong>LUNEDI<\/strong><\/p>\n<audio class=\"wp-audio-shortcode\" id=\"audio-361207-8\" preload=\"none\" style=\"width: 100%;\" controls=\"controls\"><source type=\"audio\/mpeg\" src=\"https:\/\/www.radiopiu.net\/wordpress\/wp-content\/uploads\/2023\/11\/GIANLUCA-LUNEDI.mp3?_=8\" \/><a href=\"https:\/\/www.radiopiu.net\/wordpress\/wp-content\/uploads\/2023\/11\/GIANLUCA-LUNEDI.mp3\">https:\/\/www.radiopiu.net\/wordpress\/wp-content\/uploads\/2023\/11\/GIANLUCA-LUNEDI.mp3<\/a><\/audio>\n<p>&nbsp;<\/p>\n<p>&nbsp;<\/p>\n<hr \/>\n<p>&nbsp;<\/p>\n<blockquote>\n<h3>SABATO TORNA PIU&#8217; MIX IN LIVE SU RADIO PIU&#8217;<\/h3>\n<\/blockquote>\n<p><strong>REDAZIONE<\/strong> Dopo gli appuntamenti dello scorso anno, sabato torna Pi\u00f9 Mix In Live, un programma da un&#8217;idea di Moreno Tocchetto. A partire dalle 21 saranno negli studi di Radio Pi\u00f9 Morgan &amp; Battaglia DJS. Una lunga serata con intervista e Dj set dei due Dj&#8217;s Agordini. Un appuntamento da non perdere.<\/p>\n<p><a class=\"dt-pswp-item\" href=\"https:\/\/www.radiopiu.net\/wordpress\/wp-content\/uploads\/2023\/11\/6e1dfa5c-5d8b-474b-910a-c77dcefa8f95.jpg\" data-dt-img-description=\"\" data-large_image_width=\"650\" data-large_image_height=\"800\"><img loading=\"lazy\" decoding=\"async\" class=\"size-medium wp-image-361314 aligncenter\" src=\"https:\/\/www.radiopiu.net\/wordpress\/wp-content\/uploads\/2023\/11\/6e1dfa5c-5d8b-474b-910a-c77dcefa8f95-244x300.jpg\" alt=\"\" width=\"244\" height=\"300\" srcset=\"https:\/\/www.radiopiu.net\/wordpress\/wp-content\/uploads\/2023\/11\/6e1dfa5c-5d8b-474b-910a-c77dcefa8f95-244x300.jpg 244w, https:\/\/www.radiopiu.net\/wordpress\/wp-content\/uploads\/2023\/11\/6e1dfa5c-5d8b-474b-910a-c77dcefa8f95.jpg 650w\" sizes=\"auto, (max-width: 244px) 100vw, 244px\" \/><\/a><\/p>\n<p>&nbsp;<\/p>\n<p>&nbsp;<\/p>\n<hr \/>\n<p>&nbsp;<\/p>\n<div class=\"message spoilers-container\" dir=\"auto\">\n<div class=\"column\">\n<div class=\"message spoilers-container\" dir=\"auto\">\n<div class=\"column\">\n<p><img loading=\"lazy\" decoding=\"async\" class=\"aligncenter wp-image-61954 size-full\" src=\"https:\/\/www.radiopiu.net\/wordpress\/wp-content\/uploads\/2018\/09\/viabilita.jpeg\" sizes=\"auto, (max-width: 800px) 100vw, 800px\" srcset=\"https:\/\/www.radiopiu.net\/wordpress\/wp-content\/uploads\/2018\/09\/viabilita.jpeg 800w, https:\/\/www.radiopiu.net\/wordpress\/wp-content\/uploads\/2018\/09\/viabilita-300x38.jpeg 300w, https:\/\/www.radiopiu.net\/wordpress\/wp-content\/uploads\/2018\/09\/viabilita-768x96.jpeg 768w\" alt=\"\" width=\"800\" height=\"100\" \/><\/p>\n<\/div>\n<\/div>\n<div class=\"message spoilers-container\" dir=\"auto\">\n<div class=\"column\">\n<p>&nbsp;<\/p>\n<\/div>\n<\/div>\n<\/div>\n<\/div>\n<blockquote class=\"wp-embedded-content\" data-secret=\"G2r294stn1\"><p><a href=\"https:\/\/www.radiopiu.net\/wordpress\/viabilita\/\">viabilita<\/a><\/p><\/blockquote>\n<p><iframe loading=\"lazy\" class=\"wp-embedded-content\" sandbox=\"allow-scripts\" security=\"restricted\" style=\"position: absolute; clip: rect(1px, 1px, 1px, 1px);\" title=\"&#8220;viabilita&#8221; &#8212; Radio Pi\u00f9\" src=\"https:\/\/www.radiopiu.net\/wordpress\/viabilita\/embed\/#?secret=AO6Us2Cq6o#?secret=G2r294stn1\" data-secret=\"G2r294stn1\" width=\"600\" height=\"338\" frameborder=\"0\" marginwidth=\"0\" marginheight=\"0\" scrolling=\"no\"><\/iframe><\/p>\n<div class=\"message spoilers-container\" dir=\"auto\">\n<div class=\"column\">\n<div class=\"message spoilers-container\" dir=\"auto\">\n<div class=\"column\">\n<div>\n<div dir=\"ltr\">\n<div class=\"gmail_quote\">\n<div dir=\"ltr\">\n<div><\/div>\n<div><\/div>\n<\/div>\n<\/div>\n<\/div>\n<\/div>\n<hr \/>\n<p>&nbsp;<\/p>\n<p><a class=\"dt-pswp-item\" href=\"https:\/\/www.radiopiu.net\/wordpress\/wp-content\/uploads\/2018\/09\/WhatsApp-Image-2018-09-20-at-16.04.06.jpeg\" data-dt-img-description=\"\" data-large_image_width=\"800\" data-large_image_height=\"100\"><img loading=\"lazy\" decoding=\"async\" class=\"wp-image-61378 size-full aligncenter\" src=\"https:\/\/www.radiopiu.net\/wordpress\/wp-content\/uploads\/2018\/09\/WhatsApp-Image-2018-09-20-at-16.04.06.jpeg\" alt=\"\" width=\"800\" height=\"100\" srcset=\"https:\/\/www.radiopiu.net\/wordpress\/wp-content\/uploads\/2018\/09\/WhatsApp-Image-2018-09-20-at-16.04.06.jpeg 800w, https:\/\/www.radiopiu.net\/wordpress\/wp-content\/uploads\/2018\/09\/WhatsApp-Image-2018-09-20-at-16.04.06-300x38.jpeg 300w, https:\/\/www.radiopiu.net\/wordpress\/wp-content\/uploads\/2018\/09\/WhatsApp-Image-2018-09-20-at-16.04.06-768x96.jpeg 768w\" sizes=\"auto, (max-width: 800px) 100vw, 800px\" \/><\/a><\/p>\n<\/div>\n<\/div>\n<p>&nbsp;<\/p>\n<\/div>\n<\/div>\n<p><center><\/center><center><\/center><center><\/center><b>OGGI <\/b>Al mattino poco nuvoloso per qualche velatura con nubi basse o nebbie fino al primo mattino nei fondovalle prealpini. Nel pomeriggio poco o parzialmente nuvoloso con nubi in aumento in serata specie su Dolomiti. Contesto termico mite per la stagione specie in quota, con inversione termica mattutina nelle valli. <b>Precipitazioni: <\/b>In serata aumento della probabilit\u00e0 di precipitazioni deboli o molto deboli , nevose oltre i 2500-2700 .<br \/>\n<b>Temperature: <\/b>In generale ulteriore lieve rialzo.<\/p>\n<hr \/>\n<p><center><\/center><b>DOMANI: <\/b>Molte nubi durante la notte con qualche goccia qua e l\u00e0, in giornata sereno o poco nuvoloso. Verso sera nuovo aumento della nuvolosit\u00e0. <b>Precipitazioni: <\/b>Nella notte non esclusa qualche goccia qua e l\u00e0 con fiocchi di neve in calo a 2100-2300 m. <b>Temperature: <\/b>Generale calo termico, pi\u00f9 accentuato in alta quota con minime raggiunte in serata.<\/p>\n<p>&nbsp;<\/p>\n<hr \/>\n<p><center><\/center><strong>GIOVEDI<\/strong> Fino al primo pomeriggio tempo in prevalenza soleggiato con cielo sereno o poco nuvoloso. In seguito qualche annuvolamento sparso e aumento delle nubi in serata. Temperature minime in calo e massime in leggera ripresa.<\/p>\n<hr \/>\n<p><center><\/center><strong>VENERDI<\/strong> Tra notte e mattino possibili nubi estese e non escluso qualche debole fenomeno sparso eventualmente nevoso in calo fin sui 1500 m, a seguire schiarite fino a poco nuvoloso nel pomeriggio.<\/p>\n<p>&nbsp;<\/p>\n<div class=\"message spoilers-container\" dir=\"auto\">\n<hr \/>\n<p>&nbsp;<\/p>\n<p><img loading=\"lazy\" decoding=\"async\" class=\"wp-image-60761 size-full aligncenter\" src=\"https:\/\/www.radiopiu.net\/wordpress\/wp-content\/uploads\/2018\/09\/sport.jpg\" alt=\"\" width=\"800\" height=\"100\" srcset=\"https:\/\/www.radiopiu.net\/wordpress\/wp-content\/uploads\/2018\/09\/sport.jpg 800w, https:\/\/www.radiopiu.net\/wordpress\/wp-content\/uploads\/2018\/09\/sport-300x38.jpg 300w, https:\/\/www.radiopiu.net\/wordpress\/wp-content\/uploads\/2018\/09\/sport-768x96.jpg 768w\" sizes=\"auto, (max-width: 800px) 100vw, 800px\" \/><\/p>\n<p>&nbsp;<\/p>\n<p><span style=\"color: #0000ff;\"><strong>CALCIO<\/strong><\/span><\/p>\n<blockquote>\n<h3>L&#8217;AGORDINA VINCE MA NON RIESCE A RAGGIUNGERE LA ZONA PLAYOFF<\/h3>\n<\/blockquote>\n<p><strong><a class=\"dt-pswp-item\" href=\"https:\/\/www.radiopiu.net\/wordpress\/wp-content\/uploads\/2023\/04\/calcio-dangolo-2023.jpg\" data-dt-img-description=\"\" data-large_image_width=\"1920\" data-large_image_height=\"1270\"><img loading=\"lazy\" decoding=\"async\" class=\" wp-image-330971 alignleft\" src=\"https:\/\/www.radiopiu.net\/wordpress\/wp-content\/uploads\/2023\/04\/calcio-dangolo-2023-300x198.jpg\" alt=\"\" width=\"155\" height=\"102\" srcset=\"https:\/\/www.radiopiu.net\/wordpress\/wp-content\/uploads\/2023\/04\/calcio-dangolo-2023-300x198.jpg 300w, https:\/\/www.radiopiu.net\/wordpress\/wp-content\/uploads\/2023\/04\/calcio-dangolo-2023-1024x677.jpg 1024w, https:\/\/www.radiopiu.net\/wordpress\/wp-content\/uploads\/2023\/04\/calcio-dangolo-2023-768x508.jpg 768w, https:\/\/www.radiopiu.net\/wordpress\/wp-content\/uploads\/2023\/04\/calcio-dangolo-2023-1536x1016.jpg 1536w, https:\/\/www.radiopiu.net\/wordpress\/wp-content\/uploads\/2023\/04\/calcio-dangolo-2023.jpg 1920w\" sizes=\"auto, (max-width: 155px) 100vw, 155px\" \/><\/a>di Marco Gaz<\/strong><\/p>\n<p><strong>REDAZIONE\u00a0<\/strong>Nonostante la bella vittoria di domenica con il Cortina, per l&#8217;Agordina la strada si fa in salita per raggiungere la zona playoff della Terza Categoria. Dopo le prime 9 giornate giocate la squadra di Chiea \u00e8 al settimo posto in classifica con 14 punti con 4 vittorie, 2 pareggi e 3 sconfitte. Da dire per\u00f2 che la classifica \u00e8 corta e nelle prossime settimane i punti fatti dalla squadra di Agordo saranno fondamentali. Come domenica prossima con l&#8217;Agordina impegnata in trasferta contro il fanalino di coda Cadore 1919. Sar\u00e0 d&#8217;obbligo la vittoria per gli agordini. Infatti mancano solo quattro sfide alla fine del girone di andata del campionato provinciale prima della lunga pausa invernale che vedr\u00e0 le squadre fermarsi per pi\u00f9 di due mesi.<\/p>\n<p>&nbsp;<\/p>\n<p><span style=\"color: #0000ff;\"><strong>HOCKEY SU GHIACCIO<\/strong><\/span><\/p>\n<blockquote>\n<h3>GLI STRANIERI DELL&#8217;ALLEGHE HOCKEY ALLA PALESTRA B-FIT DI AGORDO<\/h3>\n<\/blockquote>\n<p><strong><a class=\"dt-pswp-item\" href=\"https:\/\/www.radiopiu.net\/wordpress\/wp-content\/uploads\/2023\/11\/13a892f0-76ab-40d2-a68f-768fc509df6b.jpg\" data-dt-img-description=\"\" data-large_image_width=\"828\" data-large_image_height=\"650\"><img loading=\"lazy\" decoding=\"async\" class=\" wp-image-361264 alignleft\" src=\"https:\/\/www.radiopiu.net\/wordpress\/wp-content\/uploads\/2023\/11\/13a892f0-76ab-40d2-a68f-768fc509df6b-300x236.jpg\" alt=\"\" width=\"131\" height=\"103\" srcset=\"https:\/\/www.radiopiu.net\/wordpress\/wp-content\/uploads\/2023\/11\/13a892f0-76ab-40d2-a68f-768fc509df6b-300x236.jpg 300w, https:\/\/www.radiopiu.net\/wordpress\/wp-content\/uploads\/2023\/11\/13a892f0-76ab-40d2-a68f-768fc509df6b-768x603.jpg 768w, https:\/\/www.radiopiu.net\/wordpress\/wp-content\/uploads\/2023\/11\/13a892f0-76ab-40d2-a68f-768fc509df6b.jpg 828w\" sizes=\"auto, (max-width: 131px) 100vw, 131px\" \/><\/a>di Roberto Miana, portavoce dell&#8217;Alleghe Hockey<\/strong><\/p>\n<p>Nikolai Zherdev, stella russa di hockey su ghiaccio (436 gare in NHL + due mondiali vinti con la casacca della nazionale) e il finlandese Juho M\u00e4kel\u00e4, punte di diamante dell\u2019Alleghe Hockey, hanno scelto la palestra B-fit di Agordo per mantenere la propria forma fisica e prepararsi al meglio durante la stagione hockeistica. In un ambiente giovanile e dinamico, aperto 24 ore su 24, sette giorni su sette, il centro fitness B-fit di Agordo \u00e8 una palestra aperta a tutti, dagli amatori ai professionisti, che segue i clienti con i propri personal trainer Martina e Christian, dando un servizio di personal training con professionalit\u00e0 ed esperienza, creando schede di allenamento personalizzate e impostate sulle esigenze di ogni singolo individuo, seguendolo passo a passo nella corretta esecuzione degli esercizi e nel programma di allenamento.<\/p>\n\n\t\t\t<style type='text\/css'>\n\t\t\t\t#gallery-3 {\n\t\t\t\t\tmargin: auto;\n\t\t\t\t}\n\t\t\t\t#gallery-3 .gallery-item {\n\t\t\t\t\tfloat: left;\n\t\t\t\t\tmargin-top: 10px;\n\t\t\t\t\ttext-align: center;\n\t\t\t\t\twidth: 33%;\n\t\t\t\t}\n\t\t\t\t#gallery-3 img {\n\t\t\t\t\tborder: 2px solid #cfcfcf;\n\t\t\t\t}\n\t\t\t\t#gallery-3 .gallery-caption {\n\t\t\t\t\tmargin-left: 0;\n\t\t\t\t}\n\t\t\t\t\/* see gallery_shortcode() in wp-includes\/media.php *\/\n\t\t\t<\/style>\n\t\t<div id='gallery-3' class='dt-gallery-container gallery galleryid-361207 gallery-columns-3 gallery-size-medium'><dl class='gallery-item'>\n\t\t\t\t<dt class='gallery-icon portrait'>\n\t\t\t\t\t<a class=\"rollover rollover-zoom dt-pswp-item\" title=\"7a1dc1c7-d975-47fd-adbb-8469b5a8f379\" data-dt-img-description=\"\" data-large_image_width=\"686\" data-large_image_height=\"1024\"href='https:\/\/www.radiopiu.net\/wordpress\/wp-content\/uploads\/2023\/11\/7a1dc1c7-d975-47fd-adbb-8469b5a8f379.jpg'><img loading=\"lazy\" decoding=\"async\" width=\"201\" height=\"300\" src=\"https:\/\/www.radiopiu.net\/wordpress\/wp-content\/uploads\/2023\/11\/7a1dc1c7-d975-47fd-adbb-8469b5a8f379-201x300.jpg\" class=\"attachment-medium size-medium\" alt=\"\" srcset=\"https:\/\/www.radiopiu.net\/wordpress\/wp-content\/uploads\/2023\/11\/7a1dc1c7-d975-47fd-adbb-8469b5a8f379-201x300.jpg 201w, https:\/\/www.radiopiu.net\/wordpress\/wp-content\/uploads\/2023\/11\/7a1dc1c7-d975-47fd-adbb-8469b5a8f379.jpg 686w\" sizes=\"auto, (max-width: 201px) 100vw, 201px\" \/><\/a>\n\t\t\t\t<\/dt><\/dl><dl class='gallery-item'>\n\t\t\t\t<dt class='gallery-icon portrait'>\n\t\t\t\t\t<a class=\"rollover rollover-zoom dt-pswp-item\" title=\"2410b217-66c6-479c-8857-92358161a83f\" data-dt-img-description=\"\" data-large_image_width=\"576\" data-large_image_height=\"904\"href='https:\/\/www.radiopiu.net\/wordpress\/wp-content\/uploads\/2023\/11\/2410b217-66c6-479c-8857-92358161a83f.jpg'><img loading=\"lazy\" decoding=\"async\" width=\"191\" height=\"300\" src=\"https:\/\/www.radiopiu.net\/wordpress\/wp-content\/uploads\/2023\/11\/2410b217-66c6-479c-8857-92358161a83f-191x300.jpg\" class=\"attachment-medium size-medium\" alt=\"\" srcset=\"https:\/\/www.radiopiu.net\/wordpress\/wp-content\/uploads\/2023\/11\/2410b217-66c6-479c-8857-92358161a83f-191x300.jpg 191w, https:\/\/www.radiopiu.net\/wordpress\/wp-content\/uploads\/2023\/11\/2410b217-66c6-479c-8857-92358161a83f.jpg 576w\" sizes=\"auto, (max-width: 191px) 100vw, 191px\" \/><\/a>\n\t\t\t\t<\/dt><\/dl><dl class='gallery-item'>\n\t\t\t\t<dt class='gallery-icon portrait'>\n\t\t\t\t\t<a class=\"rollover rollover-zoom dt-pswp-item\" title=\"fe1a0bf5-f52c-4fdc-90b4-16feb1ecd2aa\" data-dt-img-description=\"\" data-large_image_width=\"556\" data-large_image_height=\"882\"href='https:\/\/www.radiopiu.net\/wordpress\/wp-content\/uploads\/2023\/11\/fe1a0bf5-f52c-4fdc-90b4-16feb1ecd2aa.jpg'><img loading=\"lazy\" decoding=\"async\" width=\"189\" height=\"300\" src=\"https:\/\/www.radiopiu.net\/wordpress\/wp-content\/uploads\/2023\/11\/fe1a0bf5-f52c-4fdc-90b4-16feb1ecd2aa-189x300.jpg\" class=\"attachment-medium size-medium\" alt=\"\" srcset=\"https:\/\/www.radiopiu.net\/wordpress\/wp-content\/uploads\/2023\/11\/fe1a0bf5-f52c-4fdc-90b4-16feb1ecd2aa-189x300.jpg 189w, https:\/\/www.radiopiu.net\/wordpress\/wp-content\/uploads\/2023\/11\/fe1a0bf5-f52c-4fdc-90b4-16feb1ecd2aa.jpg 556w\" sizes=\"auto, (max-width: 189px) 100vw, 189px\" \/><\/a>\n\t\t\t\t<\/dt><\/dl><br style=\"clear: both\" \/>\n\t\t\t<\/div>\n\n<p>&nbsp;<\/p>\n<p><strong><span style=\"color: #0000ff;\">CALCIO A 5<\/span><\/strong><\/p>\n<blockquote>\n<h3>GIESSE PER LO SPORT&#8230; CON LA CANOTTIERI BELLUNO CALCIO A 5<\/h3>\n<\/blockquote>\n<p><strong><a class=\"dt-pswp-item\" href=\"https:\/\/www.radiopiu.net\/wordpress\/wp-content\/uploads\/2023\/11\/46b07a3b-d135-47ae-9bed-bd53745ccab0.jpg\" data-dt-img-description=\"\" data-large_image_width=\"1024\" data-large_image_height=\"768\"><img loading=\"lazy\" decoding=\"async\" class=\" wp-image-361151 alignleft\" src=\"https:\/\/www.radiopiu.net\/wordpress\/wp-content\/uploads\/2023\/11\/46b07a3b-d135-47ae-9bed-bd53745ccab0-300x225.jpg\" alt=\"\" width=\"180\" height=\"135\" srcset=\"https:\/\/www.radiopiu.net\/wordpress\/wp-content\/uploads\/2023\/11\/46b07a3b-d135-47ae-9bed-bd53745ccab0-300x225.jpg 300w, https:\/\/www.radiopiu.net\/wordpress\/wp-content\/uploads\/2023\/11\/46b07a3b-d135-47ae-9bed-bd53745ccab0-768x576.jpg 768w, https:\/\/www.radiopiu.net\/wordpress\/wp-content\/uploads\/2023\/11\/46b07a3b-d135-47ae-9bed-bd53745ccab0.jpg 1024w\" sizes=\"auto, (max-width: 180px) 100vw, 180px\" \/><\/a>PUNTATA 04 &#8211; 13 NOVEMBRE 2023<\/strong><\/p>\n<p><span style=\"color: #0000ff;\"><strong>QUINTA GIORNATA SERIE A2 &#8211; GIRONE A<\/strong><\/span><\/p>\n<p><strong>CANOTTIERI BELLUNO \u2013 CORNEDO 3-2<\/strong><\/p>\n<p>Reti: PT 2.33 Dos Santos, 13.47 Robinho, 16.37 Gonella, 19.26 Robinho; ST 5.22 Maric<\/p>\n<audio class=\"wp-audio-shortcode\" id=\"audio-361207-9\" preload=\"none\" style=\"width: 100%;\" controls=\"controls\"><source type=\"audio\/mpeg\" src=\"https:\/\/www.radiopiu.net\/wordpress\/wp-content\/uploads\/2023\/11\/GIESSECALCIO-1.mp3?_=9\" \/><a href=\"https:\/\/www.radiopiu.net\/wordpress\/wp-content\/uploads\/2023\/11\/GIESSECALCIO-1.mp3\">https:\/\/www.radiopiu.net\/wordpress\/wp-content\/uploads\/2023\/11\/GIESSECALCIO-1.mp3<\/a><\/audio>\n<p>&nbsp;<\/p>\n<p><strong>LA RACCOLTA COMPLETA <a href=\"https:\/\/www.radiopiu.net\/wordpress\/giesse-per-lo-sport-con-la-canottieri-belluno-calcio-a-5\/\">CLICCA QUI<\/a><\/strong><\/p>\n<p>&nbsp;<\/p>\n<p>&nbsp;<\/p>\n<hr \/>\n<p>&nbsp;<\/p>\n<\/div>\n","protected":false},"excerpt":{"rendered":"<p>40esimo di RADIOPIU\u2026. LA VOCE DELL\u2019EMOZIONE ISCRIVITI AL NOSTRO CANALE\u00a0\u00a0YOUTUBE PER SEGUIRE IN DIRETTA I PRINCIPALI PROGRAMMI DI RADIO PIU\u2019 E LE FUTURE DIRETTE IN ESTERNA. PER ISCRIVERTI CLICCA QUI\u00a0E PREMI\u00a0 \u201cIscriviti\u201d\u00a0 &nbsp; LA STAGIONE DELLE MONGOLFIERE, AUSTRIA-ITALIA, palloni in Valbelluna, foto di Mara Scola &nbsp; &nbsp; &nbsp; PROVINCIALE VALLE DEL MIS, IL CANTIERE IMPONE&hellip;<\/p>\n","protected":false},"author":4,"featured_media":361349,"comment_status":"closed","ping_status":"closed","sticky":false,"template":"","format":"standard","meta":{"_monsterinsights_skip_tracking":false,"_monsterinsights_sitenote_active":false,"_monsterinsights_sitenote_note":"","_monsterinsights_sitenote_category":0,"footnotes":""},"categories":[51,86,49],"tags":[],"class_list":["post-361207","post","type-post","status-publish","format-standard","has-post-thumbnail","hentry","category-evidenza-top","category-gr","category-news-18","category-51","category-86","category-49","description-off"],"img_url":"https:\/\/www.radiopiu.net\/wordpress\/wp-content\/uploads\/2023\/11\/0c4ca59e-05ca-45ea-b151-ea953d98042a.jpg","_links":{"self":[{"href":"https:\/\/www.radiopiu.net\/wordpress\/wp-json\/wp\/v2\/posts\/361207","targetHints":{"allow":["GET"]}}],"collection":[{"href":"https:\/\/www.radiopiu.net\/wordpress\/wp-json\/wp\/v2\/posts"}],"about":[{"href":"https:\/\/www.radiopiu.net\/wordpress\/wp-json\/wp\/v2\/types\/post"}],"author":[{"embeddable":true,"href":"https:\/\/www.radiopiu.net\/wordpress\/wp-json\/wp\/v2\/users\/4"}],"replies":[{"embeddable":true,"href":"https:\/\/www.radiopiu.net\/wordpress\/wp-json\/wp\/v2\/comments?post=361207"}],"version-history":[{"count":0,"href":"https:\/\/www.radiopiu.net\/wordpress\/wp-json\/wp\/v2\/posts\/361207\/revisions"}],"wp:featuredmedia":[{"embeddable":true,"href":"https:\/\/www.radiopiu.net\/wordpress\/wp-json\/wp\/v2\/media\/361349"}],"wp:attachment":[{"href":"https:\/\/www.radiopiu.net\/wordpress\/wp-json\/wp\/v2\/media?parent=361207"}],"wp:term":[{"taxonomy":"category","embeddable":true,"href":"https:\/\/www.radiopiu.net\/wordpress\/wp-json\/wp\/v2\/categories?post=361207"},{"taxonomy":"post_tag","embeddable":true,"href":"https:\/\/www.radiopiu.net\/wordpress\/wp-json\/wp\/v2\/tags?post=361207"}],"curies":[{"name":"wp","href":"https:\/\/api.w.org\/{rel}","templated":true}]}}