{"id":361211,"date":"2023-11-13T05:02:58","date_gmt":"2023-11-13T04:02:58","guid":{"rendered":"https:\/\/www.radiopiu.net\/wordpress\/?p=361211"},"modified":"2023-11-13T16:12:03","modified_gmt":"2023-11-13T15:12:03","slug":"passaggio-pedonale-tutto-programmato","status":"publish","type":"post","link":"https:\/\/www.radiopiu.net\/wordpress\/passaggio-pedonale-tutto-programmato\/","title":{"rendered":"PASSAGGIO PEDONALE, TUTTO PROGRAMMATO."},"content":{"rendered":"<p><strong>AGORDO<\/strong> L&#8217;amministrazione comunale di Agordo ribadisce il concetto di Matteo Scussel (articolo di questa mattina).\u00a0 <em>&#8220;A breve verr\u00e0 completata anche quella porzione di lavoro&#8221;\u00a0 <\/em>aveva scritto il nostro lettore. Infatti,\u00a0 la risposta\u00a0 del sindaco Roberto Chissal\u00e8:\u00a0 &#8220;<em>Logicamente lavoro programmato assieme alla riparazione della barriera prima della centrale idroelettrica di Bries, incidentata e che necessitava di un intervento alla barriera di sicurezza&#8221;.<\/em><\/p>\n<p>&nbsp;<\/p>\n\n\t\t\t<style type='text\/css'>\n\t\t\t\t#gallery-1 {\n\t\t\t\t\tmargin: auto;\n\t\t\t\t}\n\t\t\t\t#gallery-1 .gallery-item {\n\t\t\t\t\tfloat: left;\n\t\t\t\t\tmargin-top: 10px;\n\t\t\t\t\ttext-align: center;\n\t\t\t\t\twidth: 50%;\n\t\t\t\t}\n\t\t\t\t#gallery-1 img {\n\t\t\t\t\tborder: 2px solid #cfcfcf;\n\t\t\t\t}\n\t\t\t\t#gallery-1 .gallery-caption {\n\t\t\t\t\tmargin-left: 0;\n\t\t\t\t}\n\t\t\t\t\/* see gallery_shortcode() in wp-includes\/media.php *\/\n\t\t\t<\/style>\n\t\t<div id='gallery-1' class='dt-gallery-container gallery galleryid-361211 gallery-columns-2 gallery-size-medium'><dl class='gallery-item'>\n\t\t\t\t<dt class='gallery-icon portrait'>\n\t\t\t\t\t<a class=\"rollover rollover-zoom dt-pswp-item\" title=\"ea112bc1-0d8d-44c2-a232-42918ed34a5b\" data-dt-img-description=\"\" data-large_image_width=\"1200\" data-large_image_height=\"1600\"href='https:\/\/www.radiopiu.net\/wordpress\/wp-content\/uploads\/2023\/11\/ea112bc1-0d8d-44c2-a232-42918ed34a5b.jpg'><img loading=\"lazy\" decoding=\"async\" width=\"225\" height=\"300\" src=\"https:\/\/www.radiopiu.net\/wordpress\/wp-content\/uploads\/2023\/11\/ea112bc1-0d8d-44c2-a232-42918ed34a5b-225x300.jpg\" class=\"attachment-medium size-medium\" alt=\"\" srcset=\"https:\/\/www.radiopiu.net\/wordpress\/wp-content\/uploads\/2023\/11\/ea112bc1-0d8d-44c2-a232-42918ed34a5b-225x300.jpg 225w, https:\/\/www.radiopiu.net\/wordpress\/wp-content\/uploads\/2023\/11\/ea112bc1-0d8d-44c2-a232-42918ed34a5b-768x1024.jpg 768w, https:\/\/www.radiopiu.net\/wordpress\/wp-content\/uploads\/2023\/11\/ea112bc1-0d8d-44c2-a232-42918ed34a5b-1152x1536.jpg 1152w, https:\/\/www.radiopiu.net\/wordpress\/wp-content\/uploads\/2023\/11\/ea112bc1-0d8d-44c2-a232-42918ed34a5b.jpg 1200w\" sizes=\"auto, (max-width: 225px) 100vw, 225px\" \/><\/a>\n\t\t\t\t<\/dt><\/dl><dl class='gallery-item'>\n\t\t\t\t<dt class='gallery-icon portrait'>\n\t\t\t\t\t<a class=\"rollover rollover-zoom dt-pswp-item\" title=\"ba05921b-465b-4442-bab6-08cadb418eee\" data-dt-img-description=\"\" data-large_image_width=\"1200\" data-large_image_height=\"1600\"href='https:\/\/www.radiopiu.net\/wordpress\/wp-content\/uploads\/2023\/11\/ba05921b-465b-4442-bab6-08cadb418eee.jpg'><img loading=\"lazy\" decoding=\"async\" width=\"225\" height=\"300\" src=\"https:\/\/www.radiopiu.net\/wordpress\/wp-content\/uploads\/2023\/11\/ba05921b-465b-4442-bab6-08cadb418eee-225x300.jpg\" class=\"attachment-medium size-medium\" alt=\"\" srcset=\"https:\/\/www.radiopiu.net\/wordpress\/wp-content\/uploads\/2023\/11\/ba05921b-465b-4442-bab6-08cadb418eee-225x300.jpg 225w, https:\/\/www.radiopiu.net\/wordpress\/wp-content\/uploads\/2023\/11\/ba05921b-465b-4442-bab6-08cadb418eee-768x1024.jpg 768w, https:\/\/www.radiopiu.net\/wordpress\/wp-content\/uploads\/2023\/11\/ba05921b-465b-4442-bab6-08cadb418eee-1152x1536.jpg 1152w, https:\/\/www.radiopiu.net\/wordpress\/wp-content\/uploads\/2023\/11\/ba05921b-465b-4442-bab6-08cadb418eee.jpg 1200w\" sizes=\"auto, (max-width: 225px) 100vw, 225px\" \/><\/a>\n\t\t\t\t<\/dt><\/dl><br style=\"clear: both\" \/>\n\t\t\t<\/div>\n\n<p>&#8212;&#8212;-<\/p>\n<p>&nbsp;<\/p>\n<blockquote>\n<h3>DILLO A RADIO PIU&#8217;&#8230;.Strisce pedonali a prova di infortunio<\/h3>\n<\/blockquote>\n<p><strong><img loading=\"lazy\" decoding=\"async\" class=\"alignleft\" src=\"https:\/\/www.radiopiu.net\/wordpress\/wp-content\/uploads\/2023\/11\/04cb2e09-6d82-4859-8411-2c3fa0a380ea.jpg\" width=\"199\" height=\"149\" \/>AGORDO<\/strong> La segnalazione di Silvano Savio, consigliere comunale ad Agordo. Si tratta dei nuovi lavori per via Piero Poloni, la frazione ai piedi del Col di Foglia raggiungibile dalla regionale 203 agordina. Un lavoro importante che permetter\u00e0 alle auto di infilare la via senza pi\u00f9 creare rallentamenti pericolosi e improvvisi. Questo per\u00f2 il nuovo problema, il passaggio pedonale che finisce diritto contro il guardrail che sbarra il cammino verso il marciapiede di destra. Il vecchio passaggio zebrato, ancora visibile, porta invece direttamente in mezzo alla carreggiata della comunale.<\/p>\n<blockquote><p><span class=\"\"><span class=\"xt0psk2\"><a class=\"x1i10hfl xjbqb8w x6umtig x1b1mbwd xaqea5y xav7gou x9f619 x1ypdohk xt0psk2 xe8uvvx xdj266r x11i5rnm xat24cr x1mh8g0r xexx8yu x4uap5 x18d9i69 xkhd6sd x16tdsg8 x1hl2dhg xggy1nq x1a2a7pz x1heor9g xt0b8zv\" tabindex=\"0\" role=\"link\" href=\"https:\/\/www.facebook.com\/groups\/61488111720\/user\/1646919094\/?__cft__[0]=AZVlCd8Pu_c6XRSvOp7VS5zct4B8EAMl2TcTBuAJBom0IfE5PINOf7--2uI6hpYgjANjm3x4nHSsLk41AFq0uAj8KTGNHTvmVPByf52VJP3VO33hqXaVcnpsXtmycOqtbb9HVhGK78p3r_NAmjCMYfuo&amp;__tn__=R]-R\" aria-hidden=\"false\"><span class=\"x3nfvp2\"><span class=\"x193iq5w xeuugli x13faqbe x1vvkbs x1xmvt09 x1lliihq x1s928wv xhkezso x1gmr53x x1cpjm7i x1fgarty x1943h6x x4zkp8e x676frb x1nxh6w3 x1sibtaa x1s688f xzsf02u\" dir=\"auto\">Matteo Scussel<\/span><\/span><\/a> <\/span><\/span>Se \u00e8 chiusa si lamentano, se \u00e8 aperta si lamentano, si \u00e8 parzialmente aperta si lamentano&#8230; Hanno in previsione la modifica anche delle barriere e dell\u2019ingresso al marciapiede, abbiate pazienza, dovevano aprire la strada e senza la segnaletica non era possibile farlo. A breve verr\u00e0 completata anche quella porzione di lavoro!<\/p><\/blockquote>\n<p>&nbsp;<\/p>\n","protected":false},"excerpt":{"rendered":"<p>AGORDO L&#8217;amministrazione comunale di Agordo ribadisce il concetto di Matteo Scussel (articolo di questa mattina).\u00a0 &#8220;A breve verr\u00e0 completata anche quella porzione di lavoro&#8221;\u00a0 aveva scritto il nostro lettore. Infatti,\u00a0 la risposta\u00a0 del sindaco Roberto Chissal\u00e8:\u00a0 &#8220;Logicamente lavoro programmato assieme alla riparazione della barriera prima della centrale idroelettrica di Bries, incidentata e che necessitava di&hellip;<\/p>\n","protected":false},"author":4,"featured_media":361290,"comment_status":"closed","ping_status":"closed","sticky":false,"template":"","format":"standard","meta":{"_monsterinsights_skip_tracking":false,"_monsterinsights_sitenote_active":false,"_monsterinsights_sitenote_note":"","_monsterinsights_sitenote_category":0,"footnotes":""},"categories":[104,49],"tags":[],"class_list":["post-361211","post","type-post","status-publish","format-standard","has-post-thumbnail","hentry","category-evidenza_3","category-news-18","category-104","category-49","description-off"],"img_url":"https:\/\/www.radiopiu.net\/wordpress\/wp-content\/uploads\/2023\/11\/Senza-nome-68.png","_links":{"self":[{"href":"https:\/\/www.radiopiu.net\/wordpress\/wp-json\/wp\/v2\/posts\/361211","targetHints":{"allow":["GET"]}}],"collection":[{"href":"https:\/\/www.radiopiu.net\/wordpress\/wp-json\/wp\/v2\/posts"}],"about":[{"href":"https:\/\/www.radiopiu.net\/wordpress\/wp-json\/wp\/v2\/types\/post"}],"author":[{"embeddable":true,"href":"https:\/\/www.radiopiu.net\/wordpress\/wp-json\/wp\/v2\/users\/4"}],"replies":[{"embeddable":true,"href":"https:\/\/www.radiopiu.net\/wordpress\/wp-json\/wp\/v2\/comments?post=361211"}],"version-history":[{"count":0,"href":"https:\/\/www.radiopiu.net\/wordpress\/wp-json\/wp\/v2\/posts\/361211\/revisions"}],"wp:featuredmedia":[{"embeddable":true,"href":"https:\/\/www.radiopiu.net\/wordpress\/wp-json\/wp\/v2\/media\/361290"}],"wp:attachment":[{"href":"https:\/\/www.radiopiu.net\/wordpress\/wp-json\/wp\/v2\/media?parent=361211"}],"wp:term":[{"taxonomy":"category","embeddable":true,"href":"https:\/\/www.radiopiu.net\/wordpress\/wp-json\/wp\/v2\/categories?post=361211"},{"taxonomy":"post_tag","embeddable":true,"href":"https:\/\/www.radiopiu.net\/wordpress\/wp-json\/wp\/v2\/tags?post=361211"}],"curies":[{"name":"wp","href":"https:\/\/api.w.org\/{rel}","templated":true}]}}