{"id":361252,"date":"2023-11-13T12:40:36","date_gmt":"2023-11-13T11:40:36","guid":{"rendered":"https:\/\/www.radiopiu.net\/wordpress\/?p=361252"},"modified":"2023-11-13T12:40:36","modified_gmt":"2023-11-13T11:40:36","slug":"la-dynamo-vellai-rinnova-il-consiglio-una-linea-verde-con-giovani-ai-vertici","status":"publish","type":"post","link":"https:\/\/www.radiopiu.net\/wordpress\/la-dynamo-vellai-rinnova-il-consiglio-una-linea-verde-con-giovani-ai-vertici\/","title":{"rendered":"La Dynamo Vellai Rinnova il Consiglio: Una Linea Verde con Giovani Ai Vertici"},"content":{"rendered":"<blockquote><p><em>Nuova Leadership e Ambizioni Crescenti per la Societ\u00e0 Sportiva<\/em><\/p><\/blockquote>\n<p><strong><a class=\"dt-pswp-item\" href=\"https:\/\/www.radiopiu.net\/wordpress\/wp-content\/uploads\/2023\/11\/IMG-20230715-WA0016.jpg\" data-dt-img-description=\"\" data-large_image_width=\"1024\" data-large_image_height=\"768\"><img loading=\"lazy\" decoding=\"async\" class=\" wp-image-361254 alignleft\" src=\"https:\/\/www.radiopiu.net\/wordpress\/wp-content\/uploads\/2023\/11\/IMG-20230715-WA0016-300x225.jpg\" alt=\"\" width=\"375\" height=\"281\" srcset=\"https:\/\/www.radiopiu.net\/wordpress\/wp-content\/uploads\/2023\/11\/IMG-20230715-WA0016-300x225.jpg 300w, https:\/\/www.radiopiu.net\/wordpress\/wp-content\/uploads\/2023\/11\/IMG-20230715-WA0016-768x576.jpg 768w, https:\/\/www.radiopiu.net\/wordpress\/wp-content\/uploads\/2023\/11\/IMG-20230715-WA0016.jpg 1024w\" sizes=\"auto, (max-width: 375px) 100vw, 375px\" \/><\/a>FELTRE\u00a0 <\/strong>La societ\u00e0 sportiva Dynamo Vellai ha recentemente annunciato il rinnovo del proprio consiglio, mantenendo una prospettiva giovane e dinamica. Luca Zanella, uno dei presidenti pi\u00f9 giovani della provincia, \u00e8 stato confermato alla guida della societ\u00e0, affiancato da Mauro Zanella e Matteo Argenti, formando cos\u00ec un trinomio giovanissimo ai vertici dell&#8217;organizzazione. Luca Zanella, classe 2001 e studente di Ingegneria del Veicolo presso l\u2019Universit\u00e0 degli Studi di Modena, \u00e8 stato eletto presidente della societ\u00e0 lo scorso aprile. Afferma: <em>&#8220;In sei mesi abbiamo messo le basi per un vero ricambio generazionale inserendo dei giovanissimi per poter continuare a far vivere la societ\u00e0. Ora servono coraggio e tenacia per continuare a crescere e far funzionare le cose.&#8221;<\/em> Il focus della nuova leadership \u00e8 chiaramente orientato verso l&#8217;innovazione e il coinvolgimento dei giovani. Il trinomio di vertice, composto dai Zanella e Argenti, \u00e8 un segno tangibile di questa direzione. Con la societ\u00e0 che cerca di mantenere un approccio fresco e dinamico, l&#8217;obiettivo \u00e8 quello di attirare nuovi membri e appassionati, garantendo una continuit\u00e0 nel tessuto sociale e sportivo della comunit\u00e0. Luca Zanella continua: <em>&#8220;Abbiamo inserito nuovi volti nel consiglio: Annachiara Speranza e Greta Gazzi entrambe classe 2003&#8221;. <\/em>Questo impegno a includere nuovi membri giovani riflette la volont\u00e0 della Dynamo Vellai di garantire una rappresentanza diversificata e inclusiva, stimolando cos\u00ec un ambiente propizio per lo sviluppo e la crescita.Il coordinamento e l\u2019organizzazione dei festeggiamenti estivi vedranno Andrea Zanella affiancare Alessandro Sasso, mentre Matteo Argenti, eletto vice cassiere, contribuir\u00e0 al consolidamento della gestione finanziaria. Con questo nuovo capitolo nella storia della Dynamo Vellai, la societ\u00e0 non solo mira a consolidare le proprie radici, ma anche a guardare avanti con determinazione e ambizione. Il coraggio e la visione di questa nuova leadership promettono un futuro luminoso per la societ\u00e0 sportiva e la comunit\u00e0 che essa rappresenta.<\/p>\n<div class=\"flex flex-col text-sm gizmo:pb-9 dark:bg-gray-800 gizmo:dark:bg-transparent\"><\/div>\n<div><\/div>\n<div><\/div>\n<div>\n<hr \/>\n<\/div>\n<div class=\"w-full pt-2 md:pt-0 border-t md:border-t-0 gizmo:border-t-0 dark:border-white\/20 md:border-transparent md:dark:border-transparent md:pl-2 gizmo:pl-0 gizmo:md:pl-0 md:w-[calc(100%-.5rem)] absolute bottom-0 left-0 md:bg-vert-light-gradient bg-white dark:bg-gray-800 md:!bg-transparent dark:md:bg-vert-dark-gradient\">\n<form class=\"stretch mx-2 flex flex-row gap-3 last:mb-2 md:mx-4 md:last:mb-6 lg:mx-auto lg:max-w-2xl xl:max-w-3xl\">\n<div class=\"relative flex h-full flex-1 items-stretch md:flex-col\">\n<div>\n<div class=\"h-full flex ml-1 md:w-full md:m-auto md:mb-4 gap-0 md:gap-2 justify-center\"><\/div>\n<\/div>\n<\/div>\n<\/form>\n<\/div>\n","protected":false},"excerpt":{"rendered":"<p>Nuova Leadership e Ambizioni Crescenti per la Societ\u00e0 Sportiva FELTRE\u00a0 La societ\u00e0 sportiva Dynamo Vellai ha recentemente annunciato il rinnovo del proprio consiglio, mantenendo una prospettiva giovane e dinamica. Luca Zanella, uno dei presidenti pi\u00f9 giovani della provincia, \u00e8 stato confermato alla guida della societ\u00e0, affiancato da Mauro Zanella e Matteo Argenti, formando cos\u00ec un&hellip;<\/p>\n","protected":false},"author":4,"featured_media":361254,"comment_status":"closed","ping_status":"closed","sticky":false,"template":"","format":"standard","meta":{"_monsterinsights_skip_tracking":false,"_monsterinsights_sitenote_active":false,"_monsterinsights_sitenote_note":"","_monsterinsights_sitenote_category":0,"footnotes":""},"categories":[49],"tags":[],"class_list":["post-361252","post","type-post","status-publish","format-standard","has-post-thumbnail","hentry","category-news-18","category-49","description-off"],"img_url":"https:\/\/www.radiopiu.net\/wordpress\/wp-content\/uploads\/2023\/11\/IMG-20230715-WA0016.jpg","_links":{"self":[{"href":"https:\/\/www.radiopiu.net\/wordpress\/wp-json\/wp\/v2\/posts\/361252","targetHints":{"allow":["GET"]}}],"collection":[{"href":"https:\/\/www.radiopiu.net\/wordpress\/wp-json\/wp\/v2\/posts"}],"about":[{"href":"https:\/\/www.radiopiu.net\/wordpress\/wp-json\/wp\/v2\/types\/post"}],"author":[{"embeddable":true,"href":"https:\/\/www.radiopiu.net\/wordpress\/wp-json\/wp\/v2\/users\/4"}],"replies":[{"embeddable":true,"href":"https:\/\/www.radiopiu.net\/wordpress\/wp-json\/wp\/v2\/comments?post=361252"}],"version-history":[{"count":0,"href":"https:\/\/www.radiopiu.net\/wordpress\/wp-json\/wp\/v2\/posts\/361252\/revisions"}],"wp:featuredmedia":[{"embeddable":true,"href":"https:\/\/www.radiopiu.net\/wordpress\/wp-json\/wp\/v2\/media\/361254"}],"wp:attachment":[{"href":"https:\/\/www.radiopiu.net\/wordpress\/wp-json\/wp\/v2\/media?parent=361252"}],"wp:term":[{"taxonomy":"category","embeddable":true,"href":"https:\/\/www.radiopiu.net\/wordpress\/wp-json\/wp\/v2\/categories?post=361252"},{"taxonomy":"post_tag","embeddable":true,"href":"https:\/\/www.radiopiu.net\/wordpress\/wp-json\/wp\/v2\/tags?post=361252"}],"curies":[{"name":"wp","href":"https:\/\/api.w.org\/{rel}","templated":true}]}}