{"id":361289,"date":"2023-11-13T23:59:43","date_gmt":"2023-11-13T22:59:43","guid":{"rendered":"https:\/\/www.radiopiu.net\/wordpress\/?p=361289"},"modified":"2023-11-13T18:59:11","modified_gmt":"2023-11-13T17:59:11","slug":"lagordina-vince-ma-non-riesce-a-raggiungere-la-zona-playout","status":"publish","type":"post","link":"https:\/\/www.radiopiu.net\/wordpress\/lagordina-vince-ma-non-riesce-a-raggiungere-la-zona-playout\/","title":{"rendered":"L&#8217;AGORDINA VINCE MA NON RIESCE A RAGGIUNGERE LA ZONA PLAYOFF"},"content":{"rendered":"<p><strong><a class=\"dt-pswp-item\" href=\"https:\/\/www.radiopiu.net\/wordpress\/wp-content\/uploads\/2023\/04\/calcio-dangolo-2023.jpg\" data-dt-img-description=\"\" data-large_image_width=\"1920\" data-large_image_height=\"1270\"><img loading=\"lazy\" decoding=\"async\" class=\" wp-image-330971 alignleft\" src=\"https:\/\/www.radiopiu.net\/wordpress\/wp-content\/uploads\/2023\/04\/calcio-dangolo-2023-300x198.jpg\" alt=\"\" width=\"155\" height=\"102\" srcset=\"https:\/\/www.radiopiu.net\/wordpress\/wp-content\/uploads\/2023\/04\/calcio-dangolo-2023-300x198.jpg 300w, https:\/\/www.radiopiu.net\/wordpress\/wp-content\/uploads\/2023\/04\/calcio-dangolo-2023-1024x677.jpg 1024w, https:\/\/www.radiopiu.net\/wordpress\/wp-content\/uploads\/2023\/04\/calcio-dangolo-2023-768x508.jpg 768w, https:\/\/www.radiopiu.net\/wordpress\/wp-content\/uploads\/2023\/04\/calcio-dangolo-2023-1536x1016.jpg 1536w, https:\/\/www.radiopiu.net\/wordpress\/wp-content\/uploads\/2023\/04\/calcio-dangolo-2023.jpg 1920w\" sizes=\"auto, (max-width: 155px) 100vw, 155px\" \/><\/a>di Marco Gaz<\/strong><\/p>\n<p><strong>REDAZIONE\u00a0<\/strong>Nonostante la bella vittoria di domenica con il Cortina, per l&#8217;Agordina la strada si fa in salita per raggiungere la zona playoff della Terza Categoria. Dopo le prime 9 giornate giocate la squadra di Chiea \u00e8 al settimo posto in classifica con 14 punti con 4 vittorie, 2 pareggi e 3 sconfitte. Da dire per\u00f2 che la classifica \u00e8 corta e nelle prossime settimane i punti fatti dalla squadra di Agordo saranno fondamentali. Come domenica prossima con l&#8217;Agordina impegnata in trasferta contro il fanalino di coda Cadore 1919. Sar\u00e0 d&#8217;obbligo la vittoria per gli agordini. Infatti mancano solo quattro sfide alla fine del girone di andata del campionato provinciale prima della lunga pausa invernale che vedr\u00e0 le squadre fermarsi per pi\u00f9 di due mesi.<\/p>\n<p>&nbsp;<\/p>\n<p>&nbsp;<\/p>\n<p>********<\/p>\n","protected":false},"excerpt":{"rendered":"<p>di Marco Gaz REDAZIONE\u00a0Nonostante la bella vittoria di domenica con il Cortina, per l&#8217;Agordina la strada si fa in salita per raggiungere la zona playoff della Terza Categoria. Dopo le prime 9 giornate giocate la squadra di Chiea \u00e8 al settimo posto in classifica con 14 punti con 4 vittorie, 2 pareggi e 3 sconfitte.&hellip;<\/p>\n","protected":false},"author":4,"featured_media":330971,"comment_status":"closed","ping_status":"closed","sticky":false,"template":"","format":"standard","meta":{"_monsterinsights_skip_tracking":false,"_monsterinsights_sitenote_active":false,"_monsterinsights_sitenote_note":"","_monsterinsights_sitenote_category":0,"footnotes":""},"categories":[49],"tags":[],"class_list":["post-361289","post","type-post","status-publish","format-standard","has-post-thumbnail","hentry","category-news-18","category-49","description-off"],"img_url":"https:\/\/www.radiopiu.net\/wordpress\/wp-content\/uploads\/2023\/04\/calcio-dangolo-2023.jpg","_links":{"self":[{"href":"https:\/\/www.radiopiu.net\/wordpress\/wp-json\/wp\/v2\/posts\/361289","targetHints":{"allow":["GET"]}}],"collection":[{"href":"https:\/\/www.radiopiu.net\/wordpress\/wp-json\/wp\/v2\/posts"}],"about":[{"href":"https:\/\/www.radiopiu.net\/wordpress\/wp-json\/wp\/v2\/types\/post"}],"author":[{"embeddable":true,"href":"https:\/\/www.radiopiu.net\/wordpress\/wp-json\/wp\/v2\/users\/4"}],"replies":[{"embeddable":true,"href":"https:\/\/www.radiopiu.net\/wordpress\/wp-json\/wp\/v2\/comments?post=361289"}],"version-history":[{"count":0,"href":"https:\/\/www.radiopiu.net\/wordpress\/wp-json\/wp\/v2\/posts\/361289\/revisions"}],"wp:featuredmedia":[{"embeddable":true,"href":"https:\/\/www.radiopiu.net\/wordpress\/wp-json\/wp\/v2\/media\/330971"}],"wp:attachment":[{"href":"https:\/\/www.radiopiu.net\/wordpress\/wp-json\/wp\/v2\/media?parent=361289"}],"wp:term":[{"taxonomy":"category","embeddable":true,"href":"https:\/\/www.radiopiu.net\/wordpress\/wp-json\/wp\/v2\/categories?post=361289"},{"taxonomy":"post_tag","embeddable":true,"href":"https:\/\/www.radiopiu.net\/wordpress\/wp-json\/wp\/v2\/tags?post=361289"}],"curies":[{"name":"wp","href":"https:\/\/api.w.org\/{rel}","templated":true}]}}