{"id":361325,"date":"2023-11-15T05:27:30","date_gmt":"2023-11-15T04:27:30","guid":{"rendered":"https:\/\/www.radiopiu.net\/wordpress\/?p=361325"},"modified":"2023-11-15T08:04:44","modified_gmt":"2023-11-15T07:04:44","slug":"giornale-radiopiu-15-novembre-2023-direttore-mirko-mezzacasada-40-anni-25-giugno-1983-25-giugno-2023","status":"publish","type":"post","link":"https:\/\/www.radiopiu.net\/wordpress\/giornale-radiopiu-15-novembre-2023-direttore-mirko-mezzacasada-40-anni-25-giugno-1983-25-giugno-2023\/","title":{"rendered":"GIORNALE RADIOPIU 15 NOVEMBRE 2023 DIRETTORE MIRKO MEZZACASA\u2026DA 40 ANNI 25 GIUGNO 1983-25 GIUGNO 2023"},"content":{"rendered":"<h1 class=\"entry-title photoswipe-wrapper\"><a class=\"dt-pswp-item\" href=\"https:\/\/www.radiopiu.net\/wordpress\/wp-content\/uploads\/2023\/11\/banner-vulcanoteam-2-300x240-1.png\" data-dt-img-description=\"\" data-large_image_width=\"300\" data-large_image_height=\"240\"><img loading=\"lazy\" decoding=\"async\" class=\"size-full wp-image-361474 aligncenter\" src=\"https:\/\/www.radiopiu.net\/wordpress\/wp-content\/uploads\/2023\/11\/banner-vulcanoteam-2-300x240-1.png\" alt=\"\" width=\"300\" height=\"240\" \/><\/a><\/h1>\n<h1 class=\"entry-title photoswipe-wrapper\">40esimo di RADIOPIU\u2026. LA VOCE DELL\u2019EMOZIONE<\/h1>\n<h2><span style=\"color: #ff0000;\">ISCRIVITI AL NOSTRO CANALE\u00a0\u00a0YOUTUBE PER SEGUIRE IN DIRETTA I PRINCIPALI PROGRAMMI DI RADIO PIU\u2019 E LE FUTURE DIRETTE IN ESTERNA. PER ISCRIVERTI <a style=\"color: #ff0000;\" href=\"https:\/\/youtube.com\/@radiopiu1527\">CLICCA QUI\u00a0<\/a>E PREMI\u00a0 \u201cIscriviti\u201d\u00a0<\/span><\/h2>\n<hr \/>\n<p>&nbsp;<\/p>\n<blockquote>\n<h1><strong>S C O M P A R S I\u00a0 l&#8217;appello delle famiglie &#8220;tornate&#8221;<\/strong><\/h1>\n<p>&nbsp;<\/p>\n\n\t\t\t<style type='text\/css'>\n\t\t\t\t#gallery-1 {\n\t\t\t\t\tmargin: auto;\n\t\t\t\t}\n\t\t\t\t#gallery-1 .gallery-item {\n\t\t\t\t\tfloat: left;\n\t\t\t\t\tmargin-top: 10px;\n\t\t\t\t\ttext-align: center;\n\t\t\t\t\twidth: 50%;\n\t\t\t\t}\n\t\t\t\t#gallery-1 img {\n\t\t\t\t\tborder: 2px solid #cfcfcf;\n\t\t\t\t}\n\t\t\t\t#gallery-1 .gallery-caption {\n\t\t\t\t\tmargin-left: 0;\n\t\t\t\t}\n\t\t\t\t\/* see gallery_shortcode() in wp-includes\/media.php *\/\n\t\t\t<\/style>\n\t\t<div id='gallery-1' class='dt-gallery-container gallery galleryid-361325 gallery-columns-2 gallery-size-thumbnail'><dl class='gallery-item'>\n\t\t\t\t<dt class='gallery-icon landscape'>\n\t\t\t\t\t<a class=\"rollover rollover-zoom dt-pswp-item\" title=\"Senza nome\" data-dt-img-description=\"\" data-large_image_width=\"287\" data-large_image_height=\"172\"href='https:\/\/www.radiopiu.net\/wordpress\/wp-content\/uploads\/2023\/11\/Senza-nome-71.png'><img loading=\"lazy\" decoding=\"async\" width=\"150\" height=\"150\" src=\"https:\/\/www.radiopiu.net\/wordpress\/wp-content\/uploads\/2023\/11\/Senza-nome-71-150x150.png\" class=\"attachment-thumbnail size-thumbnail\" alt=\"\" \/><\/a>\n\t\t\t\t<\/dt><\/dl><dl class='gallery-item'>\n\t\t\t\t<dt class='gallery-icon landscape'>\n\t\t\t\t\t<a class=\"rollover rollover-zoom dt-pswp-item\" title=\"2d1795d6-60ac-43a2-bee0-e027b48a2823\" data-dt-img-description=\"\" data-large_image_width=\"1043\" data-large_image_height=\"989\"href='https:\/\/www.radiopiu.net\/wordpress\/wp-content\/uploads\/2023\/11\/2d1795d6-60ac-43a2-bee0-e027b48a2823.jpg'><img loading=\"lazy\" decoding=\"async\" width=\"150\" height=\"150\" src=\"https:\/\/www.radiopiu.net\/wordpress\/wp-content\/uploads\/2023\/11\/2d1795d6-60ac-43a2-bee0-e027b48a2823-150x150.jpg\" class=\"attachment-thumbnail size-thumbnail\" alt=\"\" \/><\/a>\n\t\t\t\t<\/dt><\/dl><br style=\"clear: both\" \/>\n\t\t\t<\/div>\n<\/blockquote>\n<p>&nbsp;<\/p>\n<hr \/>\n<p>&nbsp;<\/p>\n<blockquote>\n<h3>FERROVIE, A FELTRE 140 GIORNI SENZA TRENI<\/h3>\n<\/blockquote>\n<p><strong>FELTRE<\/strong>\u00a0 \u00a0fino al 9 dicembre\u00a0 inattiva la linea tra Ponte nelle Alpi, Longarone e Calalzo non \u00e8 escluso che i lavori poi continuino. Dal 25 febbraio la tratta Feltre-Montebelluna rester\u00e0 chiusa\u00a0 fino al 7 settembre. Dal 9 giugno e fino all&#8217;8 settembre, sar\u00e0 interrotto ogni servizio sulle tratte fra Belluno, Feltre, Montebelluna e Treviso. Dal 31 marzo all&#8217;8 giugno riprender\u00e0 lo stop dei treni fra le stazioni di Ponte nelle Alpi e Calalzo.<\/p>\n<blockquote>\n<h3><\/h3>\n<h3>VENERDI&#8217; LO SCIOPERO NAZIONALE DEI TRASPORTI<\/h3>\n<\/blockquote>\n<p><strong>REDAZIONE<\/strong> Venerd\u00ec \u00e8 in programma lo sciopero generale di tutti i trasporti pubblici e privati. Le Segreterie Territoriali FILT-CGIL e UILTRASPORTI hanno dato comunicazione di adesione allo stesso e nell\u2019ambito della rete servita dalle linee della Dolomiti Bus S.p.A., l\u2019accordo aziendale attuativo in materia di prestazioni minime. <strong>PREVEDE LA GARANZIA DEL SERVIZIO NELLE SEGUENTI FASCE ORARIE DALLE ORE 5:40 ALLE ORE 8:09 e DALLE ORE 12:10 ALLE ORE 15:39.<\/strong> Dolomiti Bus S.p.A. precisa che le corse in partenza prima dell\u2019inizio dello sciopero verranno effettuate regolarmente e che le stesse, una volta iniziate, proseguiranno sino al capolinea. I servizi verranno ripristinati completamente a partire dal giorno successivo.<\/p>\n<blockquote>\n<h3><\/h3>\n<h3>PROVINCIALE VALLE DEL MIS, IL CANTIERE IMPONE IL SENSO UNICO E BREVI PAUSE<\/h3>\n<\/blockquote>\n<p><strong>SOSPIROLO<\/strong> Dal 14 novembre al 15 dicembre, sabato e domenica compresi, in localit\u00e0 Gena Bassa senso unico alternato regolato da semaforo o movieri, interruzioni alla viabilit\u00e0 della durata massima di 10 minuti.<\/p>\n<p>&nbsp;<\/p>\n<blockquote>\n<h3>RIAPERTA LA SS 51 DI ALEMAGNA A FADALTO<\/h3>\n<\/blockquote>\n<p><strong>REDAZIONE<\/strong>\u00a0Anas ha riaperto la statale 51 di Alemagna a Fadalto, poich\u00e9 sono state completate le operazioni di rimozione dei detriti e il ripristino delle opere di contenimento danneggiate. La chiusura precauzionale, inizialmente dovuta alle intense precipitazioni del 30 ottobre, \u00e8 stata revocata dopo la conclusione delle attivit\u00e0 di sicurezza, che hanno impedito potenziali problemi legati a una frana storica situata a monte della statale.<\/p>\n<p>&nbsp;<\/p>\n<p>&nbsp;<\/p>\n<hr \/>\n<p>&nbsp;<\/p>\n<p><a class=\"dt-pswp-item\" href=\"https:\/\/www.radiopiu.net\/wordpress\/wp-content\/uploads\/2023\/10\/34f4cfc6-e863-46e9-9695-8df44be63421.jpg\" data-dt-img-description=\"\" data-large_image_width=\"1200\" data-large_image_height=\"1200\"><img loading=\"lazy\" decoding=\"async\" class=\"wp-image-357393 alignleft\" src=\"https:\/\/www.radiopiu.net\/wordpress\/wp-content\/uploads\/2023\/10\/34f4cfc6-e863-46e9-9695-8df44be63421-300x300.jpg\" alt=\"\" width=\"81\" height=\"81\" srcset=\"https:\/\/www.radiopiu.net\/wordpress\/wp-content\/uploads\/2023\/10\/34f4cfc6-e863-46e9-9695-8df44be63421-300x300.jpg 300w, https:\/\/www.radiopiu.net\/wordpress\/wp-content\/uploads\/2023\/10\/34f4cfc6-e863-46e9-9695-8df44be63421-1024x1024.jpg 1024w, https:\/\/www.radiopiu.net\/wordpress\/wp-content\/uploads\/2023\/10\/34f4cfc6-e863-46e9-9695-8df44be63421-150x150.jpg 150w, https:\/\/www.radiopiu.net\/wordpress\/wp-content\/uploads\/2023\/10\/34f4cfc6-e863-46e9-9695-8df44be63421-768x768.jpg 768w, https:\/\/www.radiopiu.net\/wordpress\/wp-content\/uploads\/2023\/10\/34f4cfc6-e863-46e9-9695-8df44be63421.jpg 1200w\" sizes=\"auto, (max-width: 81px) 100vw, 81px\" \/><\/a>OGGI ALLA RADIO: <strong>ALLE 7<\/strong> LA RASSEGNA STAMPA LOCALE FLASH, PER CHI COME NOI ALLE SETTE DEL MATTINO VA DI FRETTA, TANTE NOTIZIE IN POCHE CHIACCHIERE. <strong>ALLE OTTO<\/strong> L&#8217;APPROFONDIMENTO NELLA STORICA RASSEGNA STAMPA LOCALE<\/p>\n<p>OGGI ALLE 9 LIBER, CON <strong>LIANA CAVALLET.<\/strong> ALLE 10.10 CISL LA VOCE PER I LAVORATORI CON<strong> ALESSIO PICCOLI,<\/strong> 10.30 E 1900 SE NON LE SMETTI TI MANDO DAL PRESIDE CON<strong> MARIA ROSA SALMAZO<\/strong> 12.30 GR PRINCIPALE, OGNI L&#8217;ORA INFORMAZIONE NAZIONALE E L&#8217;APPROFONDIMENTO LOCALE, ALLE 13.10 GINNASTICA RITMICA CON <strong>GIULIA FRANCHETTI PARDO<\/strong>\u00a0 ALLE 16.30 PRESENTIAMO IN ANTEPRIMA CON\u00a0<strong> FRANZ COSTA<\/strong>\u00a0 L&#8217;EVENTO DEL 24 NOVEMBRE AL PALAFALCADE ALLE 19 I TITOLI DAL TG DI ANTENNA 3 DI <strong>TIZIANA BOLOGNANI. <\/strong>STASERA ALLE 20:30 &#8220;LA SERA CON ALEX&#8221; CON<strong> ALEX NASCIMBEN<\/strong><\/p>\n<p>&nbsp;<\/p>\n<hr \/>\n<p>&nbsp;<\/p>\n<div class=\"page-title-head hgroup\">\n<blockquote>\n<h3 class=\"entry-title\">CENCENIGHE, LA VALLE: ABBONATI ALL\u2019INQUINAMENTO DELLE ACQUE<\/h3>\n<\/blockquote>\n<\/div>\n<p><strong><img loading=\"lazy\" decoding=\"async\" class=\"alignleft\" src=\"https:\/\/www.radiopiu.net\/wordpress\/wp-content\/uploads\/2021\/06\/th-12.jpg\" width=\"159\" height=\"106\" \/>CENCENIGHE<\/strong> Acqua inquinata in localit\u00e0 PRA\u2019 DI MEZZO e\u00a0 non pu\u00f2 essere usata per scopi alimentari. Verr\u00e0 effettuato servizio sostitutivo con cisterna in localit\u00e0 Pr\u00e0 di Mezzo.<\/p>\n<p><strong>LA VALLE\u00a0<\/strong>\u00a0Acqua inquinata a RONCHE, NOACH, LE CAMPE e CANCELLADE\u00a0 non \u00e8 potabile e non pu\u00f2 essere usata per scopi alimentari. Verr\u00e0 effettuato servizio sostitutivo con autobotte in localit\u00e0 Le Campe e con cisterna in localit\u00e0 Ronche.<\/p>\n<p>&nbsp;<\/p>\n<hr \/>\n<p>&nbsp;<\/p>\n<blockquote>\n<h3>RITROVATO DAI VIGILI DEL FUOCO PRIVO DI VITA IL CORPO DEL CACCIATORE DISPERSO<\/h3>\n<\/blockquote>\n<p style=\"font-weight: 400;\"><strong>LIMANA<\/strong> \u00c8 stato localizzato ieri mattina dall\u2019elicottero dei Vigili del Fuoco del reparto volo di Venezia il corpo purtroppo privo di vita del cacciatore 65enne, disperso da domenica sera nella zona di Limana. A recuperarlo in acqua su un\u2019ansa del Piave ci hanno pensato i sommozzatori del nucleo regionale del Veneto e i soccorritori fluviali del comando di Belluno. Sul posto anche l\u2019Unit\u00e0 di Comando Locale, il nucleo SAPR (Sistema Aeromobile a Pilotaggio Remoto) e squadre speleo alpino fluviali.<\/p>\n\n\t\t\t<style type='text\/css'>\n\t\t\t\t#gallery-2 {\n\t\t\t\t\tmargin: auto;\n\t\t\t\t}\n\t\t\t\t#gallery-2 .gallery-item {\n\t\t\t\t\tfloat: left;\n\t\t\t\t\tmargin-top: 10px;\n\t\t\t\t\ttext-align: center;\n\t\t\t\t\twidth: 33%;\n\t\t\t\t}\n\t\t\t\t#gallery-2 img {\n\t\t\t\t\tborder: 2px solid #cfcfcf;\n\t\t\t\t}\n\t\t\t\t#gallery-2 .gallery-caption {\n\t\t\t\t\tmargin-left: 0;\n\t\t\t\t}\n\t\t\t\t\/* see gallery_shortcode() in wp-includes\/media.php *\/\n\t\t\t<\/style>\n\t\t<div id='gallery-2' class='dt-gallery-container gallery galleryid-361325 gallery-columns-3 gallery-size-thumbnail'><dl class='gallery-item'>\n\t\t\t\t<dt class='gallery-icon landscape'>\n\t\t\t\t\t<a class=\"rollover\" href='https:\/\/www.radiopiu.net\/wordpress\/ritrovato-dai-vigili-del-fuoco-privo-di-vita-il-corpo-del-cacciatore-disperso\/1d03ff22-a3fd-425f-a581-159134eb2ec2\/'><img loading=\"lazy\" decoding=\"async\" width=\"150\" height=\"150\" src=\"https:\/\/www.radiopiu.net\/wordpress\/wp-content\/uploads\/2023\/11\/1d03ff22-a3fd-425f-a581-159134eb2ec2-150x150.jpeg\" class=\"attachment-thumbnail size-thumbnail\" alt=\"\" \/><\/a>\n\t\t\t\t<\/dt><\/dl><dl class='gallery-item'>\n\t\t\t\t<dt class='gallery-icon landscape'>\n\t\t\t\t\t<a class=\"rollover\" href='https:\/\/www.radiopiu.net\/wordpress\/ritrovato-dai-vigili-del-fuoco-privo-di-vita-il-corpo-del-cacciatore-disperso\/3e5dab00-421b-4756-a731-807f555bffbd\/'><img loading=\"lazy\" decoding=\"async\" width=\"150\" height=\"150\" src=\"https:\/\/www.radiopiu.net\/wordpress\/wp-content\/uploads\/2023\/11\/3e5dab00-421b-4756-a731-807f555bffbd-150x150.jpeg\" class=\"attachment-thumbnail size-thumbnail\" alt=\"\" \/><\/a>\n\t\t\t\t<\/dt><\/dl><dl class='gallery-item'>\n\t\t\t\t<dt class='gallery-icon landscape'>\n\t\t\t\t\t<a class=\"rollover\" href='https:\/\/www.radiopiu.net\/wordpress\/ritrovato-dai-vigili-del-fuoco-privo-di-vita-il-corpo-del-cacciatore-disperso\/785c66e3-e3fd-4987-9d41-dfb0da30f0f8\/'><img loading=\"lazy\" decoding=\"async\" width=\"150\" height=\"150\" src=\"https:\/\/www.radiopiu.net\/wordpress\/wp-content\/uploads\/2023\/11\/785c66e3-e3fd-4987-9d41-dfb0da30f0f8-150x150.jpeg\" class=\"attachment-thumbnail size-thumbnail\" alt=\"\" \/><\/a>\n\t\t\t\t<\/dt><\/dl><br style=\"clear: both\" \/>\n\t\t\t<\/div>\n\n<p>&nbsp;<\/p>\n<p><strong>IERI SERA, DAL TG DEI BELLUNESI DI ANTENNA 3, OGNI SERA ALLE 19 LE ANTICIPAZIONI ALLA RADIO<\/strong><\/p>\n<h1 class=\"_title post-title entry-title\">RITROVATO SENZA VITA IL CORPO DI DORIANO GASPERIN<\/h1>\n<p><strong>DI TIZIANA BOLOGNANI<\/strong><\/p>\n<p><iframe loading=\"lazy\" title=\"RITROVATO SENZA VITA IL CORPO DI DORIANO GASPERIN | 14\/11\/2023\" width=\"1200\" height=\"675\" src=\"https:\/\/www.youtube.com\/embed\/ZroodV3yFRo?feature=oembed\" frameborder=\"0\" allow=\"accelerometer; autoplay; clipboard-write; encrypted-media; gyroscope; picture-in-picture; web-share\" allowfullscreen><\/iframe><\/p>\n<hr \/>\n<p>&nbsp;<\/p>\n<blockquote>\n<h3 class=\"entry-title\">ADDIO FIGLIA DEL FOLLADOR E STUPENDA MOGLIE DEL TUO \u201cTOIO\u201d<\/h3>\n<\/blockquote>\n<p><strong class=\"photoswipe-wrapper\"><a class=\"dt-pswp-item pspw-wrap-ready\" href=\"https:\/\/www.radiopiu.net\/wordpress\/wp-content\/uploads\/2023\/11\/maria-rosa.png\" data-dt-img-description=\"\" data-large_image_width=\"181\" data-large_image_height=\"166\"><img loading=\"lazy\" decoding=\"async\" class=\"size-full wp-image-361433 alignleft\" src=\"https:\/\/www.radiopiu.net\/wordpress\/wp-content\/uploads\/2023\/11\/maria-rosa.png\" alt=\"\" width=\"181\" height=\"166\" \/><\/a>AGORDO<\/strong> Ciao Maria Rosa, questa volta il sospiro lungo che era tua caratteristica lo faccio mio, ci racchiudo il ricordo dei giorni pi\u00f9 belli della mia giovent\u00f9 tra le provette e i bunsen del mitico Umberto Follador, il nostro istituto chimico dove tu era l\u2019assistente! La donna del laboratorio, l\u2019insegnante severa al punto giusto, ma altrettanto pronta alla battuta. D\u2019altronde con un Fenti in casa non poteva essere altrimenti. Certo che ci mancherai, con un grande abbraccio a Vittorio, Laura, Ennio, Gioia, Linda, Natale e Massimo. I Funerali di Maria Rosa Costa, 80 anni, si svolgeranno domani alle 14.30 nella chiesa Arcidiaconale di Agordo. Dalla famiglia un sentito ringraziamento dalla famiglia al personale degli ospedali di Agordo, Belluno e Treviso per le amorevoli cure prestate.<\/p>\n<p>&nbsp;<\/p>\n<p>&nbsp;<\/p>\n<p>DI GIANNI SANTOMASO<\/p>\n<audio class=\"wp-audio-shortcode\" id=\"audio-361325-1\" preload=\"none\" style=\"width: 100%;\" controls=\"controls\"><source type=\"audio\/ogg\" src=\"https:\/\/www.radiopiu.net\/wordpress\/wp-content\/uploads\/2023\/11\/MARIA-ROSA-GIANNI.ogg?_=1\" \/><a href=\"https:\/\/www.radiopiu.net\/wordpress\/wp-content\/uploads\/2023\/11\/MARIA-ROSA-GIANNI.ogg\">https:\/\/www.radiopiu.net\/wordpress\/wp-content\/uploads\/2023\/11\/MARIA-ROSA-GIANNI.ogg<\/a><\/audio>\n<p>___<\/p>\n<p>&nbsp;<\/p>\n<hr \/>\n<p>&nbsp;<\/p>\n<blockquote>\n<h3>&#8220;Grazie professor Romano, noi della 3\u00aaB 2001-2002 difficilmente ti dimenticheremo&#8221;,<\/h3>\n<\/blockquote>\n<p><strong><a class=\"dt-pswp-item\" href=\"https:\/\/www.radiopiu.net\/wordpress\/wp-content\/uploads\/2023\/11\/Senza-nome-72.png\" data-dt-img-description=\"\" data-large_image_width=\"252\" data-large_image_height=\"240\"><img loading=\"lazy\" decoding=\"async\" class=\"wp-image-361464 alignleft\" src=\"https:\/\/www.radiopiu.net\/wordpress\/wp-content\/uploads\/2023\/11\/Senza-nome-72.png\" alt=\"\" width=\"120\" height=\"114\" \/><\/a>BELLUNO<\/strong> Il professor Giuseppe Romano, insegnante di italiano e storia, sar\u00e0 ricordato oggi alle 11 nella chiesa di San Giovanni Bosco. Lavor\u00f2 con dedizione alla media Nievo, lasciando un impatto significativo. Ex alunni hanno espresso affetto sui social, sottolineando il suo ruolo di guida e amico. Persona riservata, ha dedicato la vita all&#8217;insegnamento e alla famiglia, lasciando moglie e figlie.<\/p>\n<div class=\"group w-full text-token-text-primary border-b border-black\/10 gizmo:border-0 dark:border-gray-900\/50 gizmo:dark:border-0 bg-gray-50 gizmo:bg-transparent dark:bg-[#444654] gizmo:dark:bg-transparent\" data-testid=\"conversation-turn-11\">\n<div class=\"p-4 gizmo:py-2 justify-center text-base md:gap-6 md:py-6 m-auto\">\n<div class=\"flex flex-1 gap-4 text-base mx-auto md:gap-6 gizmo:gap-3 gizmo:md:px-5 gizmo:lg:px-1 gizmo:xl:px-5 md:max-w-2xl lg:max-w-[38rem] gizmo:md:max-w-3xl gizmo:lg:max-w-[40rem] gizmo:xl:max-w-[48rem] xl:max-w-3xl }\">\n<div class=\"relative flex w-[calc(100%-50px)] flex-col gizmo:w-full lg:w-[calc(100%-115px)] agent-turn\">\n<div class=\"flex-col gap-1 md:gap-3\">\n<div class=\"flex justify-between empty:hidden gizmo:justify-start gizmo:gap-3 lg:block gizmo:lg:flex\"><\/div>\n<\/div>\n<\/div>\n<\/div>\n<\/div>\n<\/div>\n<p>&nbsp;<\/p>\n<p>&nbsp;<\/p>\n<p>&nbsp;<\/p>\n<hr \/>\n<p>&nbsp;<\/p>\n<blockquote>\n<h3>LUTTO NELL\u2019AIDO PER LA MORTE DI CESTARO<\/h3>\n<\/blockquote>\n<p><strong><a class=\"dt-pswp-item\" href=\"https:\/\/www.radiopiu.net\/wordpress\/wp-content\/uploads\/2022\/06\/AIDO.png\" data-dt-img-description=\"\" data-large_image_width=\"233\" data-large_image_height=\"233\"><img loading=\"lazy\" decoding=\"async\" class=\" wp-image-279760 alignleft\" src=\"https:\/\/www.radiopiu.net\/wordpress\/wp-content\/uploads\/2022\/06\/AIDO.png\" alt=\"\" width=\"123\" height=\"123\" srcset=\"https:\/\/www.radiopiu.net\/wordpress\/wp-content\/uploads\/2022\/06\/AIDO.png 233w, https:\/\/www.radiopiu.net\/wordpress\/wp-content\/uploads\/2022\/06\/AIDO-150x150.png 150w\" sizes=\"auto, (max-width: 123px) 100vw, 123px\" \/><\/a>VENEZIA <\/strong>\u201cLa donazione di organi \u00e8 vita, lo sapeva bene, e nel suo caso \u00e8 stata anche una ragione di vita che lo ha sempre visto attivo nel volontariato e nella sensibilizzazione verso questo atto di eccezionale generosit\u00e0 fino a raggiungere il vertice veneto dell\u2019Aido. Con Luca Cestaro, scompare prematuramente un campione di solidariet\u00e0 e impegno civico. Il Veneto perde un vero riferimenti di quella galassia associativa che cos\u00ec bene riesce ad affiancare le istituzioni in campo sociosanitario. Esprimo la mia vicinanza ai familiari e all\u2019Aido. A lui rivolgo un pensiero\u201d. Con queste parole, il Presidente della Regione del Veneto, Luca Zaia, esprime il cordoglio per la morte di Luca Cestaro, presidente regionale dell\u2019Aido, scomparso a cinquantasei anni.<\/p>\n<p>&nbsp;<\/p>\n<hr \/>\n<p>&nbsp;<\/p>\n<blockquote>\n<h3>ARRESTATO A BELLUNO UN UOMO CON ORDINE DI CARCERAZIONE PER CUMULO DI PENE<\/h3>\n<\/blockquote>\n<p><strong><a class=\"dt-pswp-item\" href=\"https:\/\/www.radiopiu.net\/wordpress\/wp-content\/uploads\/2022\/05\/POLIZIA-2.jpg\" data-dt-img-description=\"\" data-large_image_width=\"1920\" data-large_image_height=\"1080\"><img loading=\"lazy\" decoding=\"async\" class=\" wp-image-278033 alignleft\" src=\"https:\/\/www.radiopiu.net\/wordpress\/wp-content\/uploads\/2022\/05\/POLIZIA-2-300x169.jpg\" alt=\"\" width=\"202\" height=\"114\" srcset=\"https:\/\/www.radiopiu.net\/wordpress\/wp-content\/uploads\/2022\/05\/POLIZIA-2-300x169.jpg 300w, https:\/\/www.radiopiu.net\/wordpress\/wp-content\/uploads\/2022\/05\/POLIZIA-2-1024x576.jpg 1024w, https:\/\/www.radiopiu.net\/wordpress\/wp-content\/uploads\/2022\/05\/POLIZIA-2-768x432.jpg 768w, https:\/\/www.radiopiu.net\/wordpress\/wp-content\/uploads\/2022\/05\/POLIZIA-2-1536x864.jpg 1536w, https:\/\/www.radiopiu.net\/wordpress\/wp-content\/uploads\/2022\/05\/POLIZIA-2.jpg 1920w\" sizes=\"auto, (max-width: 202px) 100vw, 202px\" \/><\/a>BELLUNO<\/strong> Nella giornata di luned\u00ec, il personale della Squadra Mobile di Belluno ha arrestato un uomo di 48 anni, Christian Dal Pan, nome ben noto alle Forze di Polizia,\u00a0 destinatario di un ordine di carcerazione per cumulo pene. Gli accertamenti effettuati hanno permesso agli agenti della Prima Sezione di rintracciare il soggetto, pluripregiudicato e senza fissa dimora, in via Feltre. L&#8217;uomo deve scontare una pena residua di 8 mesi e 20 giorni di reclusione. I fatti oggetto di sentenza risalgono al febbraio del 2020, in cui l&#8217;uomo aveva cagionato delle lesioni personali ad un barista di un locale in Piazza dei Martiri. Non pago e all&#8217;arrivo di due pattuglie di Polizia e Carabinieri, l&#8217;uomo ponendo resistenza attiva alle forze dell&#8217;ordine. Recentemente, l&#8217;uomo aveva compiuto azioni criminali disturbanti a Borgo Pra, generando preoccupazione nella comunit\u00e0. Dopo l&#8217;arresto, \u00e8 stato condotto alla Casa Circondariale di Baldenich.<\/p>\n<p>&nbsp;<\/p>\n<p>&nbsp;<\/p>\n<hr \/>\n<p>&nbsp;<\/p>\n<blockquote>\n<h3><a class=\"dt-pswp-item\" href=\"https:\/\/www.radiopiu.net\/wordpress\/wp-content\/uploads\/2021\/07\/70769fc5-3640-49e1-8477-7a766fdc847f.jpg\" data-dt-img-description=\"\" data-large_image_width=\"1080\" data-large_image_height=\"1221\"><img loading=\"lazy\" decoding=\"async\" class=\"wp-image-222512 alignleft\" src=\"https:\/\/www.radiopiu.net\/wordpress\/wp-content\/uploads\/2021\/07\/70769fc5-3640-49e1-8477-7a766fdc847f-265x300.jpg\" alt=\"\" width=\"103\" height=\"117\" srcset=\"https:\/\/www.radiopiu.net\/wordpress\/wp-content\/uploads\/2021\/07\/70769fc5-3640-49e1-8477-7a766fdc847f-265x300.jpg 265w, https:\/\/www.radiopiu.net\/wordpress\/wp-content\/uploads\/2021\/07\/70769fc5-3640-49e1-8477-7a766fdc847f-906x1024.jpg 906w, https:\/\/www.radiopiu.net\/wordpress\/wp-content\/uploads\/2021\/07\/70769fc5-3640-49e1-8477-7a766fdc847f-768x868.jpg 768w, https:\/\/www.radiopiu.net\/wordpress\/wp-content\/uploads\/2021\/07\/70769fc5-3640-49e1-8477-7a766fdc847f.jpg 1080w\" sizes=\"auto, (max-width: 103px) 100vw, 103px\" \/><\/a>Intervento dei Vigili del Fuoco a Lambioi: Donna in Difficolt\u00e0<\/h3>\n<\/blockquote>\n<p><strong>BELLUNO<\/strong> I Vigili del Fuoco sono intervenuti ieri mattina in via Dei Dendrofori, nella zona di fronte agli impianti sportivi di Lambioi, per soccorrere una donna che si era sentita male in casa. La richiesta di intervento \u00e8 giunta in seguito a una chiamata di emergenza, e l&#8217;apertura della porta si \u00e8 resa necessaria per consentire ai soccorritori di prestare immediata assistenza alla persona in difficolt\u00e0. La donna \u00e8 stata prontamente trasportata in ospedale con l&#8217;ambulanza per accertamenti medici necessari.<\/p>\n<p>&nbsp;<\/p>\n<hr \/>\n<p>&nbsp;<\/p>\n<blockquote>\n<h3>Anziano di Belluno al Santa Maria del Prato con Ferite di Media Gravit\u00e0<\/h3>\n<\/blockquote>\n<p><strong>SANTA GIUSTINA <\/strong>Un anziano residente a Belluno \u00e8 stato coinvolto in un incidente stradale a Santa Giustina, riportando ferite di media gravit\u00e0. L&#8217;84enne \u00e8 l&#8217;unico ferito nell&#8217;incidente tra due auto avvenuto poco prima di mezzogiorno. I carabinieri di Santa Giustina stanno indagando sull&#8217;accaduto, mentre l&#8217;ambulanza del 118 e i vigili del fuoco sono intervenuti immediatamente. Dopo i primi soccorsi sul posto, l&#8217;uomo \u00e8 stato trasportato al pronto soccorso dell&#8217;ospedale Santa Maria del Prato di Feltre per ulteriori accertamenti.<\/p>\n<div class=\"group w-full text-token-text-primary border-b border-black\/10 gizmo:border-0 dark:border-gray-900\/50 gizmo:dark:border-0 bg-gray-50 gizmo:bg-transparent dark:bg-[#444654] gizmo:dark:bg-transparent\" data-testid=\"conversation-turn-17\">\n<div class=\"p-4 gizmo:py-2 justify-center text-base md:gap-6 md:py-6 m-auto\">\n<div class=\"flex flex-1 gap-4 text-base mx-auto md:gap-6 gizmo:gap-3 gizmo:md:px-5 gizmo:lg:px-1 gizmo:xl:px-5 md:max-w-2xl lg:max-w-[38rem] gizmo:md:max-w-3xl gizmo:lg:max-w-[40rem] gizmo:xl:max-w-[48rem] xl:max-w-3xl }\">\n<div class=\"relative flex w-[calc(100%-50px)] flex-col gizmo:w-full lg:w-[calc(100%-115px)] agent-turn\">\n<div class=\"flex-col gap-1 md:gap-3\">\n<div class=\"flex justify-between empty:hidden gizmo:justify-start gizmo:gap-3 lg:block gizmo:lg:flex\"><\/div>\n<\/div>\n<\/div>\n<\/div>\n<\/div>\n<\/div>\n<p>&nbsp;<\/p>\n<p>&nbsp;<\/p>\n<hr \/>\n<p>&nbsp;<\/p>\n<blockquote>\n<h3>DILLO A RADIO PIU&#8217;&#8230;Genitori in Agordino Chiedono Aiuto<\/h3>\n<\/blockquote>\n<p><strong><a class=\"dt-pswp-item\" href=\"https:\/\/www.radiopiu.net\/wordpress\/wp-content\/uploads\/2023\/11\/teddy-bear-6937568_1280.jpg\" data-dt-img-description=\"\" data-large_image_width=\"1280\" data-large_image_height=\"880\"><img loading=\"lazy\" decoding=\"async\" class=\" wp-image-361438 alignleft\" src=\"https:\/\/www.radiopiu.net\/wordpress\/wp-content\/uploads\/2023\/11\/teddy-bear-6937568_1280-300x206.jpg\" alt=\"\" width=\"154\" height=\"106\" srcset=\"https:\/\/www.radiopiu.net\/wordpress\/wp-content\/uploads\/2023\/11\/teddy-bear-6937568_1280-300x206.jpg 300w, https:\/\/www.radiopiu.net\/wordpress\/wp-content\/uploads\/2023\/11\/teddy-bear-6937568_1280-1024x704.jpg 1024w, https:\/\/www.radiopiu.net\/wordpress\/wp-content\/uploads\/2023\/11\/teddy-bear-6937568_1280-768x528.jpg 768w, https:\/\/www.radiopiu.net\/wordpress\/wp-content\/uploads\/2023\/11\/teddy-bear-6937568_1280.jpg 1280w\" sizes=\"auto, (max-width: 154px) 100vw, 154px\" \/><\/a>AGORDO<\/strong> Una richiesta d&#8217;aiuto proveniente da genitori dell&#8217;Agordino \u00e8 giunta attraverso un messaggio, sollevando una questione di vitale importanza per le famiglie della zona di Agordo e Caprile-Alleghe. Il messaggio (lettera firmata), esprime la preoccupazione di un gruppo di genitori riguardo alla mancanza di un pediatra disponibile nei weekend, soprattutto in situazioni di emergenza. La difficolt\u00e0 di ottenere assistenza pediatra durante i giorni liberi \u00e8 emersa come un problema concreto, lasciando le famiglie senza risorse quando i bambini si ammalano o hanno bisogno di cure urgenti. <em>&#8220;Abbiamo bimbi che si ammalano e stanno male nei weekend, e non c&#8217;\u00e8 nessun pediatra disponibile,&#8221;<\/em> si legge nel messaggio. <em>&#8220;Scendiamo ad Agordo in pronto soccorso, e ci chiedono cosa ci facciamo l\u00ec!&#8221; <\/em>La richiesta \u00e8 volta a sensibilizzare sull&#8217;importanza di avere un servizio pediatrico disponibile anche durante i giorni festivi, garantendo cos\u00ec un supporto immediato alle famiglie locali. I genitori\u00a0 fanno presente la situazione attraverso la radio, sperando che ci\u00f2 possa portare ad una soluzione a breve termine. La richiesta \u00e8 stata inviata con la speranza di ottenere una risposta positiva per migliorare le condizioni di assistenza pediatrica nella zona.<\/p>\n<p>&nbsp;<\/p>\n<p>&nbsp;<\/p>\n<hr \/>\n<p>&nbsp;<\/p>\n<blockquote>\n<h3>ESSILORLUXOTTICA: AD AGORDO DUE SABATI DI STRAORDINARIO INCENTIVATO PER DUE AREE. PER IL 22 DICEMBRE DECISI GLI ORARI IN VISTA DELLA CENA DI NATALE<\/h3>\n<\/blockquote>\n<p><strong><a class=\"dt-pswp-item\" href=\"https:\/\/www.radiopiu.net\/wordpress\/wp-content\/uploads\/2021\/12\/LUXOTTICA-FRAMONT.jpg\" data-dt-img-description=\"\" data-large_image_width=\"2048\" data-large_image_height=\"1536\"><img loading=\"lazy\" decoding=\"async\" class=\" wp-image-246066 alignleft\" src=\"https:\/\/www.radiopiu.net\/wordpress\/wp-content\/uploads\/2021\/12\/LUXOTTICA-FRAMONT-300x225.jpg\" alt=\"\" width=\"155\" height=\"116\" srcset=\"https:\/\/www.radiopiu.net\/wordpress\/wp-content\/uploads\/2021\/12\/LUXOTTICA-FRAMONT-300x225.jpg 300w, https:\/\/www.radiopiu.net\/wordpress\/wp-content\/uploads\/2021\/12\/LUXOTTICA-FRAMONT-1024x768.jpg 1024w, https:\/\/www.radiopiu.net\/wordpress\/wp-content\/uploads\/2021\/12\/LUXOTTICA-FRAMONT-768x576.jpg 768w, https:\/\/www.radiopiu.net\/wordpress\/wp-content\/uploads\/2021\/12\/LUXOTTICA-FRAMONT-1536x1152.jpg 1536w, https:\/\/www.radiopiu.net\/wordpress\/wp-content\/uploads\/2021\/12\/LUXOTTICA-FRAMONT.jpg 2048w\" sizes=\"auto, (max-width: 155px) 100vw, 155px\" \/><\/a>AGORDO<\/strong> Nelle ultime ore la RSU dello stabilimento EssilorLuxottica di Agordo e la dirigenza si sono incontrate per stabilire due sabati di straordinario incentivato per i reparti stamperia metallo e area piccole serie. Nei sabati del 18 e 25 novembre sono chiamati al lavoro volontario le maestranze delle due aree, il 27 novembre \u00e8 previsto anche l&#8217;incentivato per il turno notturno. Inoltre, in vista della Cena di Natale in programma il 22 dicembre al PalaLuxottica di Agordo, sono stati comunicati gli orari di lavoro dell&#8217;ultimo giorno prima delle ferie natalizie. Per consentire a coloro che sono riusciti a prenotare il proprio posto alla cena di raggiungere in tempo la struttura, il 22 dicembre i turnisti lavoreranno dalle 6 alle 12 e dalle 12 alle 18. Il turno notturno anticiper\u00e0 la giornata il 17 dicembre. Nessun cambiamento per coloro che lavorano a giornata con il classico orario dalle 8 alle 17.<\/p>\n<p>&nbsp;<\/p>\n<p>&nbsp;<\/p>\n<hr \/>\n<p>&nbsp;<\/p>\n<blockquote>\n<h3>FINO AL 24 NOVEMBRE LE GIORNATE DELLA VISTA CON ONESIGHT ESSILORLUXOTTICA<\/h3>\n<\/blockquote>\n<p><strong><a class=\"dt-pswp-item\" href=\"https:\/\/www.radiopiu.net\/wordpress\/wp-content\/uploads\/2023\/11\/2ec0296b-9bad-4e54-b8ef-9e547d0c8d0f.jpg\" data-dt-img-description=\"\" data-large_image_width=\"1600\" data-large_image_height=\"1066\"><img loading=\"lazy\" decoding=\"async\" class=\" wp-image-361425 alignleft\" src=\"https:\/\/www.radiopiu.net\/wordpress\/wp-content\/uploads\/2023\/11\/2ec0296b-9bad-4e54-b8ef-9e547d0c8d0f-300x200.jpg\" alt=\"\" width=\"159\" height=\"106\" srcset=\"https:\/\/www.radiopiu.net\/wordpress\/wp-content\/uploads\/2023\/11\/2ec0296b-9bad-4e54-b8ef-9e547d0c8d0f-300x200.jpg 300w, https:\/\/www.radiopiu.net\/wordpress\/wp-content\/uploads\/2023\/11\/2ec0296b-9bad-4e54-b8ef-9e547d0c8d0f-1024x682.jpg 1024w, https:\/\/www.radiopiu.net\/wordpress\/wp-content\/uploads\/2023\/11\/2ec0296b-9bad-4e54-b8ef-9e547d0c8d0f-768x512.jpg 768w, https:\/\/www.radiopiu.net\/wordpress\/wp-content\/uploads\/2023\/11\/2ec0296b-9bad-4e54-b8ef-9e547d0c8d0f-1536x1023.jpg 1536w, https:\/\/www.radiopiu.net\/wordpress\/wp-content\/uploads\/2023\/11\/2ec0296b-9bad-4e54-b8ef-9e547d0c8d0f.jpg 1600w\" sizes=\"auto, (max-width: 159px) 100vw, 159px\" \/><\/a>BELLUNO<\/strong> Fanno tappa a Belluno le Giornate della vista organizzate dalla Fondazione OneSight EssilorLuxottica: fino al 24 novembre, centinaia di persone bisognose potranno avere accesso ad una visita oculistica gratuita, il tutto negli spazi di Palazzo Bembo<\/p>\n<p><strong>DI DANIELE DALVIT<\/strong><\/p>\n<audio class=\"wp-audio-shortcode\" id=\"audio-361325-2\" preload=\"none\" style=\"width: 100%;\" controls=\"controls\"><source type=\"audio\/mpeg\" src=\"https:\/\/www.radiopiu.net\/wordpress\/wp-content\/uploads\/2023\/11\/Radio-Piu-Servizio-Giornate-della-vista-2023.mp3?_=2\" \/><a href=\"https:\/\/www.radiopiu.net\/wordpress\/wp-content\/uploads\/2023\/11\/Radio-Piu-Servizio-Giornate-della-vista-2023.mp3\">https:\/\/www.radiopiu.net\/wordpress\/wp-content\/uploads\/2023\/11\/Radio-Piu-Servizio-Giornate-della-vista-2023.mp3<\/a><\/audio>\n<p>&nbsp;<\/p>\n<hr \/>\n<p>&nbsp;<\/p>\n<blockquote>\n<h3>ALLUVIONE, INTERRUZIONI STRADALI, ESONDAZIONE DI TORRENTI: SABATO UN FINTO &#8220;VAIA&#8221;<\/h3>\n<\/blockquote>\n<p><strong><a class=\"dt-pswp-item\" href=\"https:\/\/www.radiopiu.net\/wordpress\/wp-content\/uploads\/2023\/10\/Protezione-Civile-incontro-delegati.jpg\" data-dt-img-description=\"\" data-large_image_width=\"2016\" data-large_image_height=\"1512\"><img loading=\"lazy\" decoding=\"async\" class=\" wp-image-358874 alignleft\" src=\"https:\/\/www.radiopiu.net\/wordpress\/wp-content\/uploads\/2023\/10\/Protezione-Civile-incontro-delegati-300x225.jpg\" alt=\"\" width=\"180\" height=\"135\" srcset=\"https:\/\/www.radiopiu.net\/wordpress\/wp-content\/uploads\/2023\/10\/Protezione-Civile-incontro-delegati-300x225.jpg 300w, https:\/\/www.radiopiu.net\/wordpress\/wp-content\/uploads\/2023\/10\/Protezione-Civile-incontro-delegati-1024x768.jpg 1024w, https:\/\/www.radiopiu.net\/wordpress\/wp-content\/uploads\/2023\/10\/Protezione-Civile-incontro-delegati-768x576.jpg 768w, https:\/\/www.radiopiu.net\/wordpress\/wp-content\/uploads\/2023\/10\/Protezione-Civile-incontro-delegati-1536x1152.jpg 1536w, https:\/\/www.radiopiu.net\/wordpress\/wp-content\/uploads\/2023\/10\/Protezione-Civile-incontro-delegati.jpg 2016w\" sizes=\"auto, (max-width: 180px) 100vw, 180px\" \/><\/a>AGORDO <\/strong>Sar\u00e0 una giornata di esercitazione di alto livello, quella in programma\u00a0 sabato ad Agordo. Le squadre di Protezione Civile della Conca Agordina testeranno la preparazione in scenario di emergenza, con l\u2019apertura dei Coc (centri operativi comunali) e il coordinamento tra squadre che opereranno su diversi fronti.\u00a0 Per arrivare all\u2019appuntamento, la Provincia ha convocato nei giorni scorsi i delegati delle diverse associazioni. \u00abUna riunione per fare il punto e preparare al meglio questa esercitazione\u00bb spiega il consigliere provinciale delegato alla Protezione Civile, Mattia Gosetti. \u00abSar\u00e0 una giornata di test in cui verranno messi in campo interventi di monitoraggio e verifica dei punti critici per dissesti idrogeologici. Verr\u00e0 tracciato un campo di accoglienza e sperimentato l\u2019utilizzo di pompe, torri faro e altra strumentazione. Si tratta di un\u2019esercitazione finalizzata a testare le diverse procedure, compresa la trasmissione radio tra i Coc\u00bb.<\/p>\n<p>&nbsp;<\/p>\n<p>&nbsp;<\/p>\n<hr \/>\n<p>&nbsp;<\/p>\n<blockquote>\n<h3>ANCORA IN FLESSIONE LA PRODUZIONE INDUSTRIALE, DEBOLE LA RACCOLTA ORDINI<\/h3>\n<\/blockquote>\n<p><strong><a class=\"dt-pswp-item\" href=\"https:\/\/www.radiopiu.net\/wordpress\/wp-content\/uploads\/2023\/09\/CAMERA-DI-COMMERCIO.png\" data-dt-img-description=\"\" data-large_image_width=\"760\" data-large_image_height=\"314\"><img loading=\"lazy\" decoding=\"async\" class=\" wp-image-353764 alignleft\" src=\"https:\/\/www.radiopiu.net\/wordpress\/wp-content\/uploads\/2023\/09\/CAMERA-DI-COMMERCIO-300x124.png\" alt=\"\" width=\"189\" height=\"78\" srcset=\"https:\/\/www.radiopiu.net\/wordpress\/wp-content\/uploads\/2023\/09\/CAMERA-DI-COMMERCIO-300x124.png 300w, https:\/\/www.radiopiu.net\/wordpress\/wp-content\/uploads\/2023\/09\/CAMERA-DI-COMMERCIO.png 760w\" sizes=\"auto, (max-width: 189px) 100vw, 189px\" \/><\/a>TREVISO<\/strong> Il terzo trimestre del 2023 conferma il rallentamento dell&#8217;industria manifatturiera di Treviso e Belluno, evidenziato gi\u00e0 nella survey di giugno, secondo il Presidente della Camera di Commercio di Treviso-Belluno, Mario Pozza. Sebbene il trimestre sia negativo per produzione, fatturato e nuovi ordini, alcuni indicatori suggeriscono una normalizzazione del ciclo economico. Tuttavia, Pozza sottolinea che questa normalizzazione \u00e8 incompleta, soggetta a ulteriori perturbazioni come il conflitto tra Gaza e Israele. Settori legati ai beni di consumo soffrono maggiormente, influenzati dall&#8217;inflazione, mentre quelli legati ai beni d&#8217;investimento beneficiano di una maggiore apertura internazionale. Nonostante le incertezze, il settore dei macchinari industriali mostra produzione e raccolta ordini in territorio positivo su base annua. Pozza invita le imprese a guardare oltre il mercato europeo, considerando Paesi come Australia, India, America Latina, e Cina. Pozza esprime preoccupazione per l&#8217;incertezza sui mercati internazionali e invita le imprese a essere preparate e informate. La ricerca indica che le imprese manifatturiere venete stanno investendo nelle tecnologie digitali per affrontare gli scenari avversi. Pozza incoraggia a intercettare il target di alta gamma con il Made in Italy e suggerisce l&#8217;espansione verso nuovi mercati come Australia, India, America Latina, e Cina.<\/p>\n<p>&nbsp;<\/p>\n<p>&nbsp;<\/p>\n<hr \/>\n<p>&nbsp;<\/p>\n<blockquote>\n<h3>CONFINDUSTRIA BELLUNO DOLOMITI ORGANIZZA UNA SERIE DI EVENTI CONTRO LA VIOLENZA DI GENERE<\/h3>\n<\/blockquote>\n<p><strong><a class=\"dt-pswp-item\" href=\"https:\/\/www.radiopiu.net\/wordpress\/wp-content\/uploads\/2023\/11\/SCR-20231114-mqna.jpeg\" data-dt-img-description=\"\" data-large_image_width=\"1778\" data-large_image_height=\"932\"><img loading=\"lazy\" decoding=\"async\" class=\" wp-image-361405 alignleft\" src=\"https:\/\/www.radiopiu.net\/wordpress\/wp-content\/uploads\/2023\/11\/SCR-20231114-mqna-300x157.jpeg\" alt=\"\" width=\"246\" height=\"129\" srcset=\"https:\/\/www.radiopiu.net\/wordpress\/wp-content\/uploads\/2023\/11\/SCR-20231114-mqna-300x157.jpeg 300w, https:\/\/www.radiopiu.net\/wordpress\/wp-content\/uploads\/2023\/11\/SCR-20231114-mqna-1024x537.jpeg 1024w, https:\/\/www.radiopiu.net\/wordpress\/wp-content\/uploads\/2023\/11\/SCR-20231114-mqna-768x403.jpeg 768w, https:\/\/www.radiopiu.net\/wordpress\/wp-content\/uploads\/2023\/11\/SCR-20231114-mqna-1536x805.jpeg 1536w, https:\/\/www.radiopiu.net\/wordpress\/wp-content\/uploads\/2023\/11\/SCR-20231114-mqna.jpeg 1778w\" sizes=\"auto, (max-width: 246px) 100vw, 246px\" \/><\/a>BELLUNO<\/strong> In vista della &#8220;Giornata internazionale per l&#8217;eliminazione della violenza contro le donne&#8221; il 25 novembre, Confindustria Belluno Dolomiti, guidata da Lorraine Berton e Flavio Mares, organizza una serie di eventi per sensibilizzare sul tema. Il primo evento, intitolato &#8220;Un giorno non basta&#8221;, si terr\u00e0 il 20 novembre alle 16 in sala Bianchi e coinvolger\u00e0 esperti, tra cui la sostituto procuratore Roberta Gallego. Il secondo evento, il 29 novembre al Cinema Petite Lumiere, presenter\u00e0 il docufilm &#8220;Un altro domani&#8221; di Silvio Soldini e Cristiana Mainardi. Le iniziative fanno parte del &#8220;Progetto per il Sociale&#8221; di Confindustria Belluno Dolomiti, mirato a promuovere l&#8217;inclusione in fabbrica e combattere la violenza di genere. Lorraine Berton invita tutti, specialmente i giovani, a partecipare, sottolineando che la lotta contro la violenza \u00e8 fondamentale per la vera inclusione sociale.<\/p>\n<p>&nbsp;<\/p>\n<p>&nbsp;<\/p>\n<hr \/>\n<p>&nbsp;<\/p>\n<blockquote>\n<h3>INCONTRO CON PAOLO PIVA &#8220;EDUCAZIONE ALL&#8217;EUROPA&#8221;, APERTO A TUTTI<\/h3>\n<\/blockquote>\n<p><a class=\"dt-pswp-item\" href=\"https:\/\/www.radiopiu.net\/wordpress\/wp-content\/uploads\/2023\/11\/gNNM14UfFf8TuUIE.png\" data-dt-img-description=\"\" data-large_image_width=\"296\" data-large_image_height=\"327\"><img loading=\"lazy\" decoding=\"async\" class=\"wp-image-361375 alignleft\" src=\"https:\/\/www.radiopiu.net\/wordpress\/wp-content\/uploads\/2023\/11\/gNNM14UfFf8TuUIE-272x300.png\" alt=\"\" width=\"171\" height=\"189\" srcset=\"https:\/\/www.radiopiu.net\/wordpress\/wp-content\/uploads\/2023\/11\/gNNM14UfFf8TuUIE-272x300.png 272w, https:\/\/www.radiopiu.net\/wordpress\/wp-content\/uploads\/2023\/11\/gNNM14UfFf8TuUIE.png 296w\" sizes=\"auto, (max-width: 171px) 100vw, 171px\" \/><\/a>Sabato alle 10 presso il Cinema Italia di Belluno si terr\u00e0 il convegno<em> &#8220;Europa: valori, democrazia, istituzioni. Quale futuro?&#8221;<\/em> organizzato dal centro Europe Direct Montagna Veneta insieme a Scuole in Rete. L&#8217;evento mira a chiarire le istituzioni dell&#8217;UE, i valori e la democrazia in vista delle elezioni europee 2024. Il programma include interventi di esperti, tra cui il prof. Paolo Piva sull&#8217;analisi delle istituzioni europee. Il centro Europe Direct promuove la partecipazione consapevole nella cittadinanza attiva, focalizzandosi sul coinvolgimento delle aree montane. L&#8217;ingresso \u00e8 gratuito con registrazione obbligatoria su <a href=\"https:\/\/bit.ly\/Piva23f\" target=\"_new\" rel=\"noopener\">https:\/\/bit.ly\/Piva23f<\/a>. Per ulteriori informazioni, visitare i siti web indicati o contattare telefonicamente allo 0437.1831976.<\/p>\n<p>&nbsp;<\/p>\n<p>&nbsp;<\/p>\n<p>&nbsp;<\/p>\n<hr \/>\n<p>&nbsp;<\/p>\n<blockquote>\n<h3>L&#8217;ASSOCIAZIONE BAGUS INCONTRA I GIOVANI DI CORTINA<\/h3>\n<\/blockquote>\n<p><strong>CORTINA<\/strong> Domani alle 11 alla sala cultura di Cortina d&#8217;Ampezzo, l&#8217;associazione Bagus incontrer\u00e0 tutti i ragazzi delle classi quinte degli istituti appartenenti all&#8217;Omnicomprensivo Valboite. Ci saranno dunque gli studenti del Liceo Artistico, Liceo Scientifico, istituto Alberghiero ed anche quelli del Liceo Classico e Ragioneria di San Vito di Cadore. L&#8217;occasione sar\u00e0 quella di confrontarsi sul tema della violenza di genere partendo dalla prevenzione che si pu\u00f2 fare nelle scuole, con programmi specifici mirati all&#8217;educazione emotiva, come quello brevettato da Bagus e gi\u00e0 attivo sul territorio nazionale, in diverse scuole, da 4 anni.<\/p>\n<p><strong>DI BARBARA PAOLAZZI &#8211; RADIO CLUB 103<\/strong><\/p>\n<audio class=\"wp-audio-shortcode\" id=\"audio-361325-3\" preload=\"none\" style=\"width: 100%;\" controls=\"controls\"><source type=\"audio\/mpeg\" src=\"https:\/\/www.radiopiu.net\/wordpress\/wp-content\/uploads\/2023\/11\/PAOLAZZI-INCONTRO-A-CORTINA.mp3?_=3\" \/><a href=\"https:\/\/www.radiopiu.net\/wordpress\/wp-content\/uploads\/2023\/11\/PAOLAZZI-INCONTRO-A-CORTINA.mp3\">https:\/\/www.radiopiu.net\/wordpress\/wp-content\/uploads\/2023\/11\/PAOLAZZI-INCONTRO-A-CORTINA.mp3<\/a><\/audio>\n<p>&nbsp;<\/p>\n<hr \/>\n<p>&nbsp;<\/p>\n<blockquote><p><strong>IERI SERA, DAL TG DEI BELLUNESI DI ANTENNA 3, OGNI SERA ALLE 19 LE ANTICIPAZIONI ALLA RADIO<\/strong><\/p>\n<h1 class=\"_title post-title entry-title\">NUBI SUL FUTURO DEL COLLE. ROCCON: \u00abMOMENTO IMPORTANTE E DELICATO\u00bb<\/h1>\n<p><strong>DI TIZIANA BOLOGNANI<\/strong><\/p><\/blockquote>\n<p><iframe loading=\"lazy\" title=\"NEVEGAL, NUBI SUL FUTURO DEL COLLE. ROCCON: \u00abMOMENTO IMPORTANTE E DELICATO\u00bb | 14\/11\/2023\" width=\"1200\" height=\"675\" src=\"https:\/\/www.youtube.com\/embed\/gOcj-PF4uY8?feature=oembed\" frameborder=\"0\" allow=\"accelerometer; autoplay; clipboard-write; encrypted-media; gyroscope; picture-in-picture; web-share\" allowfullscreen><\/iframe><\/p>\n<p>&nbsp;<\/p>\n<hr \/>\n<div class=\"articlePlainSubHead\"><\/div>\n<blockquote>\n<h2 class=\"articlePlainTitle\">Serigrafia al centro diurno con l&#8217;alieno rosso di Crazy Lab<\/h2>\n<p><a class=\"dt-pswp-item\" href=\"https:\/\/www.radiopiu.net\/wordpress\/wp-content\/uploads\/2023\/11\/Senza-nome-73.png\" data-dt-img-description=\"\" data-large_image_width=\"772\" data-large_image_height=\"301\"><img loading=\"lazy\" decoding=\"async\" class=\"alignnone size-medium wp-image-361465\" src=\"https:\/\/www.radiopiu.net\/wordpress\/wp-content\/uploads\/2023\/11\/Senza-nome-73-300x117.png\" alt=\"\" width=\"300\" height=\"117\" srcset=\"https:\/\/www.radiopiu.net\/wordpress\/wp-content\/uploads\/2023\/11\/Senza-nome-73-300x117.png 300w, https:\/\/www.radiopiu.net\/wordpress\/wp-content\/uploads\/2023\/11\/Senza-nome-73-768x299.png 768w, https:\/\/www.radiopiu.net\/wordpress\/wp-content\/uploads\/2023\/11\/Senza-nome-73.png 772w\" sizes=\"auto, (max-width: 300px) 100vw, 300px\" \/><\/a><\/p><\/blockquote>\n<div class=\"addthis_sharing_toolbox\" data-url=\"http:\/\/sfoglio.corrierealpi.gelocal.it\/share_article.php?article_id=13333454\" data-title=\"Incidente tra due auto Un anziano all'ospedaleSerigrafia al centro diurno con l'alieno rosso di Craz...\"><strong>AGORDO\u00a0<\/strong> \u00c8 un alieno rosso il disegno che caratterizza i prodotti di Crazy Lab, il laboratorio di serigrafia del centro diurno La Rondine gestito dalla cooperativa Societ\u00e0 Nuova. Una iniziativa che contribuisce a raggiungere gli obiettivi terapeutici e di riabilitazione psicologica e sociale della struttura.\u00a0 Sono nati cos\u00ec il logo del laboratorio e l&#8217;alieno rosso che campeggiano sui prodotti che si possono trovare online sull&#8217;e-commerce di Societ\u00e0 Nuova.<\/div>\n<p>&nbsp;<\/p>\n<p>&nbsp;<\/p>\n<p>&nbsp;<\/p>\n<hr \/>\n<p>&nbsp;<\/p>\n<blockquote>\n<h3><a class=\"dt-pswp-item\" href=\"https:\/\/www.radiopiu.net\/wordpress\/wp-content\/uploads\/2023\/11\/Senza-nome-70.png\" data-dt-img-description=\"\" data-large_image_width=\"201\" data-large_image_height=\"173\"><img loading=\"lazy\" decoding=\"async\" class=\" wp-image-361376 alignleft\" src=\"https:\/\/www.radiopiu.net\/wordpress\/wp-content\/uploads\/2023\/11\/Senza-nome-70.png\" alt=\"\" width=\"148\" height=\"127\" \/><\/a>PREMIO \u201cLA PENNA ALPINA PER LA NOSTRA MONTAGNA\u201d<\/h3>\n<p><em>Scadenza imminente per le candidature\u00a0<\/em><\/p><\/blockquote>\n<p><b>FELTRE <\/b>La Sezione di Feltre dell\u2019Associazione Nazionale Alpini invita a presentare candidature entro il 25 novembre per la 13^ edizione del Premio, che riconosce meriti verso la popolazione, il territorio e l&#8217;ambiente bellunese. La commissione giudicatrice, con Presidenti delle Sezioni di Belluno e Cadore, valuter\u00e0 le proposte. Il Premio, premiato lo scorso anno a figure di eccellenza, riflette l&#8217;attaccamento alla provincia di Belluno. Modulo e info su ana-feltre.webnode.page.<\/p>\n<p>&nbsp;<\/p>\n<p>&nbsp;<\/p>\n<hr \/>\n<p>&nbsp;<\/p>\n<blockquote>\n<h3 align=\"CENTER\">Il legno come biodiversit\u00e0 e paesaggio ma anche come risorsa architettonica<\/h3>\n<p><strong>\u00a0BELLUNO <\/strong>Domani in Camera di Commercio due seminari organizzati da Fondazione Architettura Belluno Dolomiti e dall&#8217;Ordine Architetti Belluno. Il primo\u00a0 sar\u00e0 dedicato alla tematica del legno come risorsa per l&#8217;ambiente e per l&#8217;architettura e il secondo\u00a0 sar\u00e0 pi\u00f9 focalizzato sulle tematiche del design. &#8220;<em>Siamo onorati -dichiara la presidente dell&#8217;Ordine degli Architetti di Belluno, arch. Fabiola De Battista- di far parte del Festival Belluno Citt\u00e0 del Legno. Il legno \u00e8 materia viva nel nostro territorio e facendo parte del nostro dna culturale \u00e8 giusto che venga raccontato non solo dal punto di vista artistico, ma anche da quello architettonico, senza dimenticare ovviamente l&#8217;ambito relativo al nostro vivere quotidiano\u201d.<\/em><\/p><\/blockquote>\n<p>&nbsp;<\/p>\n<p>&nbsp;<\/p>\n<hr \/>\n<p>&nbsp;<\/p>\n<h2><span style=\"color: #ff6600;\">IERI ALLA RADIO\u00a0<\/span><\/h2>\n<p>&nbsp;<\/p>\n<h2><span style=\"color: #008080;\">\u00a0&#8220;DINTORN E FORA VIA&#8221;\u00a0<\/span><span style=\"color: #008080;\"> IL PROGRAMMA\u00a0 <\/span><span style=\"color: #008080;\">A CURA DEL MUSLA\u00a0\u00a0<\/span><strong><span style=\"color: #ff0000;\">\u00a0 \u00a0<\/span><\/strong><\/h2>\n<h1 style=\"text-align: center;\"><span style=\"color: #ff0000;\">SECONDO ANNO\u00a0\u00a0<\/span><\/h1>\n<p><strong><a class=\"dt-pswp-item\" href=\"https:\/\/www.radiopiu.net\/wordpress\/wp-content\/uploads\/2022\/06\/musla.jpg\" data-dt-img-description=\"\" data-large_image_width=\"257\" data-large_image_height=\"171\"><img loading=\"lazy\" decoding=\"async\" class=\"wp-image-282627 alignleft\" src=\"https:\/\/www.radiopiu.net\/wordpress\/wp-content\/uploads\/2022\/06\/musla-150x150.jpg\" alt=\"\" width=\"87\" height=\"87\" \/><\/a>PUNTATA 14 NOVEMBRE NICOLA CASSISI<\/strong><\/p>\n<p>Liete ju dal Nicola da Agort, co la encontada de Iran e Arabia Saudita per la Palestina, eleziogn nte la Merica, economia e goern, da vesin zena luxotica, dolomitibus e fin de stemana de San Martin<\/p>\n<audio class=\"wp-audio-shortcode\" id=\"audio-361325-4\" preload=\"none\" style=\"width: 100%;\" controls=\"controls\"><source type=\"audio\/mpeg\" src=\"https:\/\/www.radiopiu.net\/wordpress\/wp-content\/uploads\/2023\/11\/MUSLA-4.mp3?_=4\" \/><a href=\"https:\/\/www.radiopiu.net\/wordpress\/wp-content\/uploads\/2023\/11\/MUSLA-4.mp3\">https:\/\/www.radiopiu.net\/wordpress\/wp-content\/uploads\/2023\/11\/MUSLA-4.mp3<\/a><\/audio>\n<p>&nbsp;<\/p>\n<p>LA RACCOLTA COMPLETA <span style=\"color: #0000ff;\"><strong><a style=\"color: #0000ff;\" href=\"https:\/\/www.radiopiu.net\/wordpress\/musla\/\">CLICCA QUI\u00a0<\/a><\/strong><\/span><\/p>\n<p>&nbsp;<\/p>\n<p>&nbsp;<\/p>\n<hr \/>\n<p>&nbsp;<\/p>\n<p>&nbsp;<\/p>\n<blockquote>\n<h3>AL MATTINO ALLA RADIO, IL BUONGIORNO DI GIANLUCA E LE CURIOSITA&#8217; DA TAIBON<\/h3>\n<\/blockquote>\n<p><img loading=\"lazy\" decoding=\"async\" class=\"alignleft\" src=\"https:\/\/www.radiopiu.net\/wordpress\/wp-content\/uploads\/2020\/06\/NAPI.jpg\" width=\"105\" height=\"58\" \/><\/p>\n<p><strong>LUNEDI<\/strong><\/p>\n<audio class=\"wp-audio-shortcode\" id=\"audio-361325-5\" preload=\"none\" style=\"width: 100%;\" controls=\"controls\"><source type=\"audio\/mpeg\" src=\"https:\/\/www.radiopiu.net\/wordpress\/wp-content\/uploads\/2023\/11\/GIANLUCA-LUNEDI.mp3?_=5\" \/><a href=\"https:\/\/www.radiopiu.net\/wordpress\/wp-content\/uploads\/2023\/11\/GIANLUCA-LUNEDI.mp3\">https:\/\/www.radiopiu.net\/wordpress\/wp-content\/uploads\/2023\/11\/GIANLUCA-LUNEDI.mp3<\/a><\/audio>\n<p><strong>MARTEDI<\/strong><\/p>\n<audio class=\"wp-audio-shortcode\" id=\"audio-361325-6\" preload=\"none\" style=\"width: 100%;\" controls=\"controls\"><source type=\"audio\/mpeg\" src=\"https:\/\/www.radiopiu.net\/wordpress\/wp-content\/uploads\/2023\/11\/GIANLUCA-MARTEDI.mp3?_=6\" \/><a href=\"https:\/\/www.radiopiu.net\/wordpress\/wp-content\/uploads\/2023\/11\/GIANLUCA-MARTEDI.mp3\">https:\/\/www.radiopiu.net\/wordpress\/wp-content\/uploads\/2023\/11\/GIANLUCA-MARTEDI.mp3<\/a><\/audio>\n<p>&nbsp;<\/p>\n<p>&nbsp;<\/p>\n<hr \/>\n<p>&nbsp;<\/p>\n<p>&nbsp;<\/p>\n<blockquote>\n<h2>VOCI RIBELLI: CONVERSAZIONI SENZA FILTRI PER RAGAZZI AUDACI<\/h2>\n<\/blockquote>\n<p><a class=\"dt-pswp-item\" href=\"https:\/\/www.radiopiu.net\/wordpress\/wp-content\/uploads\/2023\/09\/ass.-dafne.png\" data-dt-img-description=\"\" data-large_image_width=\"225\" data-large_image_height=\"225\"><img loading=\"lazy\" decoding=\"async\" class=\" wp-image-352143 alignleft\" src=\"https:\/\/www.radiopiu.net\/wordpress\/wp-content\/uploads\/2023\/09\/ass.-dafne.png\" alt=\"\" width=\"137\" height=\"137\" srcset=\"https:\/\/www.radiopiu.net\/wordpress\/wp-content\/uploads\/2023\/09\/ass.-dafne.png 225w, https:\/\/www.radiopiu.net\/wordpress\/wp-content\/uploads\/2023\/09\/ass.-dafne-150x150.png 150w\" sizes=\"auto, (max-width: 137px) 100vw, 137px\" \/><\/a>Benvenuti a &#8220;VOCI RIBELLI: CONVERSAZIONI SENZA FILTRI PER RAGAZZI AUDACI,&#8221; il podcast che sfida gli stereotipi e apre la porta a conversazioni senza paura per i giovani coraggiosi. Questo podcast, prodotto dall&#8217;Associazione Dafne con la regia di Lorenzo Cassol, \u00e8 il luogo dove la voce dell&#8217;audacia incontra la sincerit\u00e0 pi\u00f9 profonda.<\/p>\n<p>&nbsp;<\/p>\n<p>&nbsp;<\/p>\n<p><strong>PUNTATA 10-\u00a0<\/strong><\/p>\n<audio class=\"wp-audio-shortcode\" id=\"audio-361325-7\" preload=\"none\" style=\"width: 100%;\" controls=\"controls\"><source type=\"audio\/mpeg\" src=\"https:\/\/www.radiopiu.net\/wordpress\/wp-content\/uploads\/2023\/11\/VR.mp3?_=7\" \/><a href=\"https:\/\/www.radiopiu.net\/wordpress\/wp-content\/uploads\/2023\/11\/VR.mp3\">https:\/\/www.radiopiu.net\/wordpress\/wp-content\/uploads\/2023\/11\/VR.mp3<\/a><\/audio>\n<p>LA RACCOLTA COMPLETA <span style=\"color: #0000ff;\"><strong><a style=\"color: #0000ff;\" href=\"https:\/\/www.radiopiu.net\/wordpress\/voci-ribelli-conversazioni-senza-filtri-per-ragazzi-audaci\/\">CLICCA QUI<\/a><\/strong><\/span><\/p>\n<p>&nbsp;<\/p>\n<hr \/>\n<p>&nbsp;<\/p>\n<h3 align=\"CENTER\"><span style=\"color: #000000; font-family: Arial, serif; font-size: medium;\">DI SERA ALLA RADIO&#8230; IERI SERA MARINA E LUISA, QUESTA SERA ALEX NASCINBEN, DOMANI L&#8217;HOCKEY SU GHIACCIO CON L&#8217;ALLEGHE HOCKEY, SABATO PIU&#8217; MIX DA UN&#8217;IDEA DI MORENO TOCCHETTO LA MUSICA MIXATA IN DIRETTA ALLA RADIO<\/span><\/h3>\n<p><span style=\"color: #ff0000;\">IERI SERA, INTANTO ME LA CANTO RIASCOLTA LA DIRETTA, 3 ORE DI MUSICA E RICORDI<\/span><\/p>\n<p><iframe loading=\"lazy\" title=\"INTANTO ME LA CANTO CON MARINA E LUISA\" width=\"1200\" height=\"675\" src=\"https:\/\/www.youtube.com\/embed\/3Xpstkn2VwU?feature=oembed\" frameborder=\"0\" allow=\"accelerometer; autoplay; clipboard-write; encrypted-media; gyroscope; picture-in-picture; web-share\" allowfullscreen><\/iframe><\/p>\n<p>&nbsp;<\/p>\n<hr \/>\n<p>&nbsp;<\/p>\n<h2><span style=\"color: #ff0000;\">GLI APPUNTAMENTI DELLA SETTIMANA\u00a0\u00a0<\/span><\/h2>\n<blockquote>\n<h3 style=\"text-align: left;\" align=\"CENTER\"><span style=\"font-family: Bookman Old Style, serif;\">CIRCOLO CULTURALE \u201cLa Terra dei Padri \u2013 Belluno APS\u201d<\/span><\/h3>\n<\/blockquote>\n<p><strong><a class=\"dt-pswp-item\" href=\"https:\/\/www.radiopiu.net\/wordpress\/wp-content\/uploads\/2023\/11\/la-patria-sconfitta-copertina-scaled.jpg\" data-dt-img-description=\"\" data-large_image_width=\"1920\" data-large_image_height=\"2560\"><img loading=\"lazy\" decoding=\"async\" class=\"wp-image-360926 alignleft\" src=\"https:\/\/www.radiopiu.net\/wordpress\/wp-content\/uploads\/2023\/11\/la-patria-sconfitta-copertina-225x300.jpg\" alt=\"\" width=\"132\" height=\"176\" srcset=\"https:\/\/www.radiopiu.net\/wordpress\/wp-content\/uploads\/2023\/11\/la-patria-sconfitta-copertina-225x300.jpg 225w, https:\/\/www.radiopiu.net\/wordpress\/wp-content\/uploads\/2023\/11\/la-patria-sconfitta-copertina-768x1024.jpg 768w, https:\/\/www.radiopiu.net\/wordpress\/wp-content\/uploads\/2023\/11\/la-patria-sconfitta-copertina-1152x1536.jpg 1152w, https:\/\/www.radiopiu.net\/wordpress\/wp-content\/uploads\/2023\/11\/la-patria-sconfitta-copertina-1536x2048.jpg 1536w, https:\/\/www.radiopiu.net\/wordpress\/wp-content\/uploads\/2023\/11\/la-patria-sconfitta-copertina-scaled.jpg 1920w\" sizes=\"auto, (max-width: 132px) 100vw, 132px\" \/><\/a>BELLUNO\u00a0<\/strong> <span style=\"font-family: Bookman Old Style, serif;\">Sabato conferenza di presentazione dell\u2019ultimo saggio\/romanzo storico di Franco Giuseppe Gobbato \u2013 saggista, scrittore e ricercatore storico \u2013 intitolato \u201c<\/span><span style=\"font-family: Bookman Old Style, serif;\"><b>La patria sconfitta<\/b><\/span><span style=\"font-family: Bookman Old Style, serif;\">\u201c, edizioni Ritter. <\/span><span style=\"font-family: Bookman Old Style, serif;\"><b>L\u2019evento avr\u00e0 luogo alle 18.00 presso la sede del Circolo culturale \u201cLa Terra dei Padri\u201d in via dei Molini, 10 a Borgo Piave<\/b><\/span><span style=\"font-family: Bookman Old Style, serif;\"> (davanti alla chiesa di San Nicol\u00f2). L\u2019Autore sar\u00e0 presentato da Francesco Dematt\u00e8. <\/span><span style=\"font-family: Bookman Old Style, serif;\">L\u2019organizzazione della serata \u00e8 ad opera della Delegazione di Belluno della Lega Nazionale e del Circolo culturale \u201cLa Terra dei Padri\u201d.<\/span><\/p>\n<p>&nbsp;<\/p>\n<p>&nbsp;<\/p>\n<p>&nbsp;<\/p>\n<p>&nbsp;<\/p>\n<p><a class=\"dt-pswp-item\" href=\"https:\/\/www.radiopiu.net\/wordpress\/wp-content\/uploads\/2023\/11\/6ef13c6c-f912-41cf-a15e-5220bf2d3c7f.jpg\" data-dt-img-description=\"\" data-large_image_width=\"1131\" data-large_image_height=\"1600\"><img loading=\"lazy\" decoding=\"async\" class=\"size-medium wp-image-360248 alignleft\" src=\"https:\/\/www.radiopiu.net\/wordpress\/wp-content\/uploads\/2023\/11\/6ef13c6c-f912-41cf-a15e-5220bf2d3c7f-212x300.jpg\" alt=\"\" width=\"212\" height=\"300\" srcset=\"https:\/\/www.radiopiu.net\/wordpress\/wp-content\/uploads\/2023\/11\/6ef13c6c-f912-41cf-a15e-5220bf2d3c7f-212x300.jpg 212w, https:\/\/www.radiopiu.net\/wordpress\/wp-content\/uploads\/2023\/11\/6ef13c6c-f912-41cf-a15e-5220bf2d3c7f-724x1024.jpg 724w, https:\/\/www.radiopiu.net\/wordpress\/wp-content\/uploads\/2023\/11\/6ef13c6c-f912-41cf-a15e-5220bf2d3c7f-768x1086.jpg 768w, https:\/\/www.radiopiu.net\/wordpress\/wp-content\/uploads\/2023\/11\/6ef13c6c-f912-41cf-a15e-5220bf2d3c7f-1086x1536.jpg 1086w, https:\/\/www.radiopiu.net\/wordpress\/wp-content\/uploads\/2023\/11\/6ef13c6c-f912-41cf-a15e-5220bf2d3c7f.jpg 1131w\" sizes=\"auto, (max-width: 212px) 100vw, 212px\" \/><\/a><br \/>\n<strong>Rivamonte<\/strong> IL PRESIDIO LIBERA AGORDINO LUCIA PRECENZANO, SALVATORE AVERSA TI INVITA A &#8220;RIPARTIAMO DAI DIRITTI UMANI&#8221;, DIRITTO ALLA SALUTE, DIGNITA&#8217; E UGUAGLIANZA. SABATO 18 NOVEMBRE ALLE 20.30 ALLA CASA DELLA GIOVENTU&#8217; DI RIVAMONTE &#8220;MUSICAL PICCOLE DONNE&#8221; MESSO IN SCENA DALLA COMPAGNIA TTM, IN COLLABORAZIONE CON L&#8217;ASSOCIAZIONE BELLUNO DONNA. INGRESSO LIBERO, OFFERTE DEVOLUTE ALL&#8217;ASSOCIAZIONE BELLUNO DONNA, DA 20 ANNI A FIANCO DELLE DONNE. SABATO 18 NOVEMBRE 20.30 CASA DELLA GIOVENTU&#8217; DI RIVAMONTE, CON LIBERA AGORDINO, IN COLLABORAZIONE CON LA PROLOCO DI RIVAMONTE E IL PATROCINIO DELLE PARROCCHIE DEL POI E DEI FOLLI MA SPERANZOSI<\/p>\n<p>&nbsp;<\/p>\n<p>&nbsp;<\/p>\n<p>&nbsp;<\/p>\n<p>&nbsp;<\/p>\n<p>&nbsp;<\/p>\n<blockquote>\n<h3>IL LIBRO SUI BIRRIFICI DELLE DOLOMITI<\/h3>\n<\/blockquote>\n<p><strong>BELLUNO<\/strong> Venerd\u00ec alle 18:30 alla Birreria Il Koala di Belluno incontro con Cristiano Cressoni che presentar\u00e0 il libro dal titolo &#8220;Gli Antichi Birrifici delle Dolomiti&#8221;<\/p>\n<p>&nbsp;<\/p>\n<blockquote>\n<h3>SPETTACOLI DI MISTERO A SOSPIROLO<\/h3>\n<\/blockquote>\n<p><strong>SOSPIROLO<\/strong> Venerd\u00ec al Centro Civico appuntamento con lo spettacolo teatrale e reading sui &#8220;Brusa la vecia&#8221; con la regia di Cristina Gianni e i lettori \u201cstorici\u201d dei testamenti sospirolesi.<\/p>\n<p>&nbsp;<\/p>\n<p>&nbsp;<\/p>\n<p><em><strong>A CAVIOLA DAL 18 AL 21 NOVEMBRE: SAGRA MADONNA DELLA SALUTE<\/strong>. Sabato 18 novembre alle 15 castagnata con il gruppo giovani,dalle 18 cucina anche da asporto Domenica 9 Messa, 10 trucca bambini e animazione, 11.15 cucina anche da asporto, con intrattenimento musicale. pomeriggio Torneo di Risiko e Monopoli Gara di Briscola e Castagnata con gli Alpini e \u201cL\u2019era na volta valk de doz\u201d. Gara di Torte con ricavato devoluto alla Croce Verde; iscrizioni al numero 349 1945681 <\/em><em>Marted\u00ec 21, Madonna della Salute con rosario e messe alla chiesa Madonna della Salute. Dalle 11.15 cucina anche da asporto NEI TRE GIORNI, PESCA DI BENEFICIENZA PRESSO I LOCALI ADIACENTI ALLA CHIESA PARROCCHIALE. <\/em><em>Manifestazioni a cura del Gruppo Alpini Caviola Cime d\u2019Auta, Parrocchia e ProLoco di Caviola\u00a0<\/em><\/p>\n<p>&nbsp;<\/p>\n<h2><span style=\"color: #ff0000;\">PROSSIMAMENTE<\/span><\/h2>\n<blockquote>\n<h3>IL TRIO MYTHOS ALL&#8217;AUDITORIUM DEL LICE LOLLINO<\/h3>\n<\/blockquote>\n<p><strong>BELLUNO<\/strong> Arrivano da Roma, Accademia di Santa Cecilia, Giuliano Cavaliere violino, Rina You violoncello e Marios Panteliadis pianoforte, al secolo il Trio Mythos, suonano a Belluno, martedi alle\u00a020:30, all&#8217;Auditorium del Liceo Lollino di Belluno, proponendo un interessante programma musicale dedicato al secolo scorso.<\/p>\n<p>&nbsp;<\/p>\n<blockquote>\n<h3 class=\"entry-title\">EVENTI PER I 40 ANNI DEL CENTRO INTERNAZIONALE DEL LIBRO PARLATO \u201cA. SERNAGIOTTO\u201d<\/h3>\n<\/blockquote>\n<p><strong class=\"photoswipe-wrapper\"><a class=\"dt-pswp-item pspw-wrap-ready\" href=\"https:\/\/www.radiopiu.net\/wordpress\/wp-content\/uploads\/2023\/11\/1f9b39ac-7445-4292-9e66-746ed8bde8d9.jpg\" data-dt-img-description=\"\" data-large_image_width=\"800\" data-large_image_height=\"1067\"><img loading=\"lazy\" decoding=\"async\" class=\" wp-image-360368 alignleft\" src=\"https:\/\/www.radiopiu.net\/wordpress\/wp-content\/uploads\/2023\/11\/1f9b39ac-7445-4292-9e66-746ed8bde8d9-225x300.jpg\" sizes=\"auto, (max-width: 182px) 100vw, 182px\" srcset=\"https:\/\/www.radiopiu.net\/wordpress\/wp-content\/uploads\/2023\/11\/1f9b39ac-7445-4292-9e66-746ed8bde8d9-225x300.jpg 225w, https:\/\/www.radiopiu.net\/wordpress\/wp-content\/uploads\/2023\/11\/1f9b39ac-7445-4292-9e66-746ed8bde8d9-768x1024.jpg 768w, https:\/\/www.radiopiu.net\/wordpress\/wp-content\/uploads\/2023\/11\/1f9b39ac-7445-4292-9e66-746ed8bde8d9.jpg 800w\" alt=\"\" width=\"182\" height=\"243\" \/><\/a>FELTRE<\/strong> Gli eventi in programma per celebrare i 40 anni del Libro Parlato di Feltre \u201cA. Sernagiotto\u201d.<\/p>\n<p><strong>MERCOLEDI 22 NOVEMBRE\u00a0<\/strong>alle 18 in Sala Ocri la presentazione del romanzo \u201cNavigante di poppa\u201d: Incontro con l\u2019autrice Loredana Borghetto, presenta Cristina Pierotti<\/p>\n<p><strong>SABATO 9 DICEMBRE\u00a0<\/strong>alle 18 in Sala Ocri Letture ad alta voce dedicate a Italo Calvino con Fabio Dalla Zuanna e Anna Branciforti<\/p>\n<p><strong>LUNEDI 18 DICEMBRE\u00a0<\/strong>alle 18 in Sala Ocri Flavio Faoro: da Oltre le vette ai racconti e alle fiabe, presenta Luisa Alchini. Letture ad alta voce del gruppo Libri Parlanti<\/p>\n<p><strong>VENERDI 22 DICEMBRE\u00a0<\/strong>alle 18 in Sala Ocri Presentazione del libro \u201cIl saldatore del Vajont\u201d con l\u2019autore Antonio G. Bortoluzzi \u2013 presenta Nicola Maccagnan<\/p>\n<p>&nbsp;<\/p>\n<p>&nbsp;<\/p>\n<p>&nbsp;<\/p>\n<hr \/>\n<p>&nbsp;<\/p>\n<blockquote>\n<h3>SABATO TORNA PIU&#8217; MIX IN LIVE SU RADIO PIU&#8217;<\/h3>\n<\/blockquote>\n<p><strong>REDAZIONE<\/strong> Dopo gli appuntamenti dello scorso anno, sabato torna Pi\u00f9 Mix In Live, un programma da un&#8217;idea di Moreno Tocchetto. A partire dalle 21 saranno negli studi di Radio Pi\u00f9 Morgan &amp; Battaglia DJS. Una lunga serata con intervista e Dj set dei due Dj&#8217;s Agordini. Un appuntamento da non perdere.<\/p>\n<p><a class=\"dt-pswp-item\" href=\"https:\/\/www.radiopiu.net\/wordpress\/wp-content\/uploads\/2023\/11\/6e1dfa5c-5d8b-474b-910a-c77dcefa8f95.jpg\" data-dt-img-description=\"\" data-large_image_width=\"650\" data-large_image_height=\"800\"><img loading=\"lazy\" decoding=\"async\" class=\"size-medium wp-image-361314 aligncenter\" src=\"https:\/\/www.radiopiu.net\/wordpress\/wp-content\/uploads\/2023\/11\/6e1dfa5c-5d8b-474b-910a-c77dcefa8f95-244x300.jpg\" alt=\"\" width=\"244\" height=\"300\" srcset=\"https:\/\/www.radiopiu.net\/wordpress\/wp-content\/uploads\/2023\/11\/6e1dfa5c-5d8b-474b-910a-c77dcefa8f95-244x300.jpg 244w, https:\/\/www.radiopiu.net\/wordpress\/wp-content\/uploads\/2023\/11\/6e1dfa5c-5d8b-474b-910a-c77dcefa8f95.jpg 650w\" sizes=\"auto, (max-width: 244px) 100vw, 244px\" \/><\/a><\/p>\n<p>&nbsp;<\/p>\n<p>&nbsp;<\/p>\n<hr \/>\n<p>&nbsp;<\/p>\n<div class=\"message spoilers-container\" dir=\"auto\">\n<div class=\"column\">\n<div class=\"message spoilers-container\" dir=\"auto\">\n<div class=\"column\">\n<p><img loading=\"lazy\" decoding=\"async\" class=\"aligncenter wp-image-61954 size-full\" src=\"https:\/\/www.radiopiu.net\/wordpress\/wp-content\/uploads\/2018\/09\/viabilita.jpeg\" sizes=\"auto, (max-width: 800px) 100vw, 800px\" srcset=\"https:\/\/www.radiopiu.net\/wordpress\/wp-content\/uploads\/2018\/09\/viabilita.jpeg 800w, https:\/\/www.radiopiu.net\/wordpress\/wp-content\/uploads\/2018\/09\/viabilita-300x38.jpeg 300w, https:\/\/www.radiopiu.net\/wordpress\/wp-content\/uploads\/2018\/09\/viabilita-768x96.jpeg 768w\" alt=\"\" width=\"800\" height=\"100\" \/><\/p>\n<\/div>\n<\/div>\n<div class=\"message spoilers-container\" dir=\"auto\">\n<div class=\"column\">\n<p>&nbsp;<\/p>\n<\/div>\n<\/div>\n<\/div>\n<\/div>\n<blockquote class=\"wp-embedded-content\" data-secret=\"LR0LCFHqM8\"><p><a href=\"https:\/\/www.radiopiu.net\/wordpress\/viabilita\/\">viabilita<\/a><\/p><\/blockquote>\n<p><iframe loading=\"lazy\" class=\"wp-embedded-content\" sandbox=\"allow-scripts\" security=\"restricted\" style=\"position: absolute; clip: rect(1px, 1px, 1px, 1px);\" title=\"&#8220;viabilita&#8221; &#8212; Radio Pi\u00f9\" src=\"https:\/\/www.radiopiu.net\/wordpress\/viabilita\/embed\/#?secret=ntSBOVgfpn#?secret=LR0LCFHqM8\" data-secret=\"LR0LCFHqM8\" width=\"600\" height=\"338\" frameborder=\"0\" marginwidth=\"0\" marginheight=\"0\" scrolling=\"no\"><\/iframe><\/p>\n<div class=\"message spoilers-container\" dir=\"auto\">\n<div class=\"column\">\n<div class=\"message spoilers-container\" dir=\"auto\">\n<div class=\"column\">\n<div>\n<div dir=\"ltr\">\n<div class=\"gmail_quote\">\n<div dir=\"ltr\">\n<div><\/div>\n<div><\/div>\n<\/div>\n<\/div>\n<\/div>\n<\/div>\n<hr \/>\n<p>&nbsp;<\/p>\n<p><a class=\"dt-pswp-item\" href=\"https:\/\/www.radiopiu.net\/wordpress\/wp-content\/uploads\/2018\/09\/WhatsApp-Image-2018-09-20-at-16.04.06.jpeg\" data-dt-img-description=\"\" data-large_image_width=\"800\" data-large_image_height=\"100\"><img loading=\"lazy\" decoding=\"async\" class=\"wp-image-61378 size-full aligncenter\" src=\"https:\/\/www.radiopiu.net\/wordpress\/wp-content\/uploads\/2018\/09\/WhatsApp-Image-2018-09-20-at-16.04.06.jpeg\" alt=\"\" width=\"800\" height=\"100\" srcset=\"https:\/\/www.radiopiu.net\/wordpress\/wp-content\/uploads\/2018\/09\/WhatsApp-Image-2018-09-20-at-16.04.06.jpeg 800w, https:\/\/www.radiopiu.net\/wordpress\/wp-content\/uploads\/2018\/09\/WhatsApp-Image-2018-09-20-at-16.04.06-300x38.jpeg 300w, https:\/\/www.radiopiu.net\/wordpress\/wp-content\/uploads\/2018\/09\/WhatsApp-Image-2018-09-20-at-16.04.06-768x96.jpeg 768w\" sizes=\"auto, (max-width: 800px) 100vw, 800px\" \/><\/a><\/p>\n<\/div>\n<\/div>\n<p>&nbsp;<\/p>\n<\/div>\n<\/div>\n<p><center><\/center><center><\/center><center><\/center><center><b>OGGI<\/b><\/center>Molte nubi durante la notte con qualche goccia qua e l\u00e0, dall&#8217; alba schiarite via via pi\u00f9 ampie fino a sereno o poco nuvoloso ovunque.<br \/>\n<b>Precipitazioni: <\/b>Nella notte qualche goccia qua e l\u00e0 con fiocchi di neve in calo a 2100-2300 m, poi assenti ovunque.<br \/>\n<b>Temperature: <\/b>Generale calo termico, pi\u00f9 accentuato in alta quota con minime raggiunte in serata.<\/p>\n<hr \/>\n<p><center><b>DOMANI<\/b><\/center><b>Tempo atteso: <\/b>Fino al mezzogiorno tempo in prevalenza soleggiato con cielo sereno o poco nuvoloso. In seguito aumento delle nubi medio-alte da ovest fino a nuvoloso in serata.<br \/>\n<b>Precipitazioni: <\/b>Dalla sera non esclusa qualche debole\/molto debole precipitazione sparsa, con qualche fiocco oltre i 1600\/1900 m.<br \/>\n<b>Temperature: <\/b>Temperature minime in calo e massime pressoch\u00e8 stazionarie.<\/p>\n<hr \/>\n<p><center><b>VENERDI<\/b><\/center>Tra notte e primo mattino variabilit\u00e0 con possibili nubi estese e non escluso qualche debole fenomeno sparso eventualmente; a seguire schiarite via via pi\u00f9 ampie fino a poco nuvoloso nel pomeriggio.<\/p>\n<hr \/>\n<p><center><b>SABATO<\/b><\/center>Al mattino sereno o poco nuvoloso, dalle ore centrali e nel pomeriggio poco o parzialmente nuvoloso per possibile aumento della nuvolosit\u00e0 medio-alta anche estesa in serata. Temperature in quota stazionarie o in lieve calo, nelle valli con andamento irregolare a causa dell&#8217;effetto fhoen<\/p>\n<p>&nbsp;<\/p>\n<div class=\"message spoilers-container\" dir=\"auto\">\n<hr \/>\n<p>&nbsp;<\/p>\n<p><img loading=\"lazy\" decoding=\"async\" class=\"wp-image-60761 size-full aligncenter\" src=\"https:\/\/www.radiopiu.net\/wordpress\/wp-content\/uploads\/2018\/09\/sport.jpg\" alt=\"\" width=\"800\" height=\"100\" srcset=\"https:\/\/www.radiopiu.net\/wordpress\/wp-content\/uploads\/2018\/09\/sport.jpg 800w, https:\/\/www.radiopiu.net\/wordpress\/wp-content\/uploads\/2018\/09\/sport-300x38.jpg 300w, https:\/\/www.radiopiu.net\/wordpress\/wp-content\/uploads\/2018\/09\/sport-768x96.jpg 768w\" sizes=\"auto, (max-width: 800px) 100vw, 800px\" \/><\/p>\n<p>&nbsp;<\/p>\n<p><span style=\"color: #0000ff;\"><strong>NUOTO<\/strong><\/span><\/p>\n<blockquote>\n<h3>SPORTIVAMENTE BELLUNO: LA PRIMA GIORNATA DI GARE INTERPROVINCIALI E&#8217; UN SUCCESSO<\/h3>\n<\/blockquote>\n<p><strong>BELLUNO<\/strong> Gli esordienti della Sportivamente Belluno si sono distinti nel primo appuntamento stagionale delle gare interprovinciali presso la piscina di Vittorio Veneto. Composti da sette atleti di fascia B e tredici di fascia A, gli atleti hanno ottenuto risultati lusinghieri, con particolare successo per gli esordienti B al loro debutto agonistico. La collaborazione tra Ondablu e Sportivamente \u00e8 stata evidenziata nella staffetta 4&#215;50 stile mista. Mattia Brianti ha ottenuto un primo posto nei 50 rana e un terzo posto nei 50 stile. Gli esordienti A hanno registrato molte soddisfazioni e successi, con Alessandro Morra vincitore nei 50 farfalla e altri atleti sul podio in varie discipline. Nel complesso, la squadra si \u00e8 dimostrata in forma e i tecnici sono soddisfatti, gi\u00e0 al lavoro per il prossimo appuntamento a Preganziol il 3 dicembre.<\/p>\n<p>&nbsp;<\/p>\n\n\t\t\t<style type='text\/css'>\n\t\t\t\t#gallery-3 {\n\t\t\t\t\tmargin: auto;\n\t\t\t\t}\n\t\t\t\t#gallery-3 .gallery-item {\n\t\t\t\t\tfloat: left;\n\t\t\t\t\tmargin-top: 10px;\n\t\t\t\t\ttext-align: center;\n\t\t\t\t\twidth: 33%;\n\t\t\t\t}\n\t\t\t\t#gallery-3 img {\n\t\t\t\t\tborder: 2px solid #cfcfcf;\n\t\t\t\t}\n\t\t\t\t#gallery-3 .gallery-caption {\n\t\t\t\t\tmargin-left: 0;\n\t\t\t\t}\n\t\t\t\t\/* see gallery_shortcode() in wp-includes\/media.php *\/\n\t\t\t<\/style>\n\t\t<div id='gallery-3' class='dt-gallery-container gallery galleryid-361325 gallery-columns-3 gallery-size-thumbnail'><dl class='gallery-item'>\n\t\t\t\t<dt class='gallery-icon landscape'>\n\t\t\t\t\t<a class=\"rollover rollover-zoom dt-pswp-item\" title=\"Esordienti_A\" data-dt-img-description=\"\" data-large_image_width=\"1418\" data-large_image_height=\"1029\"href='https:\/\/www.radiopiu.net\/wordpress\/wp-content\/uploads\/2023\/11\/Esordienti_A.jpg'><img loading=\"lazy\" decoding=\"async\" width=\"150\" height=\"150\" src=\"https:\/\/www.radiopiu.net\/wordpress\/wp-content\/uploads\/2023\/11\/Esordienti_A-150x150.jpg\" class=\"attachment-thumbnail size-thumbnail\" alt=\"\" \/><\/a>\n\t\t\t\t<\/dt><\/dl><dl class='gallery-item'>\n\t\t\t\t<dt class='gallery-icon landscape'>\n\t\t\t\t\t<a class=\"rollover rollover-zoom dt-pswp-item\" title=\"Esordienti_B\" data-dt-img-description=\"\" data-large_image_width=\"1114\" data-large_image_height=\"713\"href='https:\/\/www.radiopiu.net\/wordpress\/wp-content\/uploads\/2023\/11\/Esordienti_B.jpg'><img loading=\"lazy\" decoding=\"async\" width=\"150\" height=\"150\" src=\"https:\/\/www.radiopiu.net\/wordpress\/wp-content\/uploads\/2023\/11\/Esordienti_B-150x150.jpg\" class=\"attachment-thumbnail size-thumbnail\" alt=\"\" \/><\/a>\n\t\t\t\t<\/dt><\/dl><dl class='gallery-item'>\n\t\t\t\t<dt class='gallery-icon portrait'>\n\t\t\t\t\t<a class=\"rollover rollover-zoom dt-pswp-item\" title=\"Staffetta\" data-dt-img-description=\"\" data-large_image_width=\"768\" data-large_image_height=\"1024\"href='https:\/\/www.radiopiu.net\/wordpress\/wp-content\/uploads\/2023\/11\/Staffetta.jpg'><img loading=\"lazy\" decoding=\"async\" width=\"150\" height=\"150\" src=\"https:\/\/www.radiopiu.net\/wordpress\/wp-content\/uploads\/2023\/11\/Staffetta-150x150.jpg\" class=\"attachment-thumbnail size-thumbnail\" alt=\"\" \/><\/a>\n\t\t\t\t<\/dt><\/dl><br style=\"clear: both\" \/>\n\t\t\t<\/div>\n\n<p>&nbsp;<\/p>\n<p><span style=\"color: #0000ff;\"><strong>MOUTAIN BIKE<\/strong><\/span><\/p>\n<blockquote>\n<h3>ALPAGO BIKE FUNTASTIC SI COLORA DI TRICOLORE<\/h3>\n<\/blockquote>\n<p><strong><a class=\"dt-pswp-item\" href=\"https:\/\/www.radiopiu.net\/wordpress\/wp-content\/uploads\/2023\/11\/alpago-bike-funtastic-2023-partenza-credito-Mario-Pierguidi.jpg\" data-dt-img-description=\"\" data-large_image_width=\"1500\" data-large_image_height=\"999\"><img loading=\"lazy\" decoding=\"async\" class=\" wp-image-361411 alignleft\" src=\"https:\/\/www.radiopiu.net\/wordpress\/wp-content\/uploads\/2023\/11\/alpago-bike-funtastic-2023-partenza-credito-Mario-Pierguidi-300x200.jpg\" alt=\"\" width=\"184\" height=\"122\" srcset=\"https:\/\/www.radiopiu.net\/wordpress\/wp-content\/uploads\/2023\/11\/alpago-bike-funtastic-2023-partenza-credito-Mario-Pierguidi-300x200.jpg 300w, https:\/\/www.radiopiu.net\/wordpress\/wp-content\/uploads\/2023\/11\/alpago-bike-funtastic-2023-partenza-credito-Mario-Pierguidi-1024x682.jpg 1024w, https:\/\/www.radiopiu.net\/wordpress\/wp-content\/uploads\/2023\/11\/alpago-bike-funtastic-2023-partenza-credito-Mario-Pierguidi-768x511.jpg 768w, https:\/\/www.radiopiu.net\/wordpress\/wp-content\/uploads\/2023\/11\/alpago-bike-funtastic-2023-partenza-credito-Mario-Pierguidi.jpg 1500w\" sizes=\"auto, (max-width: 184px) 100vw, 184px\" \/><\/a>ALPAGO <\/strong>Chies d\u2019Alpago si vestir\u00e0 ancora di tricolore. Dopo il campionato italiano di short track, ospitato la scorsa estate, la localit\u00e0 bellunese ospiter\u00e0 anche nel 2024 un campionato italiano di mountain bike, quello del Team Relay, ovvero la gara a squadre. L\u2019appuntamento \u00e8 per venerd\u00ec 28 giugno. L\u2019assegnazione degli \u201cscudetti\u201d avverr\u00e0 nell\u2019ambito del fine settimana di Alpago Bike Funtastic, week-end dedicato alle ruote grasse proposto dalla Societ\u00e0 ciclistica Chies, realt\u00e0 che da oltre trent\u2019anni opera nell\u2019ambito della bicicletta fuoristrada e che pi\u00f9 volte ha curato l\u2019organizzazione di eventi di eccellenza: dai campionati italiani a due edizioni dei campionati europei (2006 e 2015) al circuito Internazionali d\u2019Italia.<\/p>\n<p>&nbsp;<\/p>\n<\/div>\n","protected":false},"excerpt":{"rendered":"<p>40esimo di RADIOPIU\u2026. LA VOCE DELL\u2019EMOZIONE ISCRIVITI AL NOSTRO CANALE\u00a0\u00a0YOUTUBE PER SEGUIRE IN DIRETTA I PRINCIPALI PROGRAMMI DI RADIO PIU\u2019 E LE FUTURE DIRETTE IN ESTERNA. PER ISCRIVERTI CLICCA QUI\u00a0E PREMI\u00a0 \u201cIscriviti\u201d\u00a0 &nbsp; S C O M P A R S I\u00a0 l&#8217;appello delle famiglie &#8220;tornate&#8221; &nbsp; &nbsp; &nbsp; FERROVIE, A FELTRE 140 GIORNI SENZA&hellip;<\/p>\n","protected":false},"author":4,"featured_media":361463,"comment_status":"closed","ping_status":"closed","sticky":false,"template":"","format":"standard","meta":{"_monsterinsights_skip_tracking":false,"_monsterinsights_sitenote_active":false,"_monsterinsights_sitenote_note":"","_monsterinsights_sitenote_category":0,"footnotes":""},"categories":[51,86,49],"tags":[],"class_list":["post-361325","post","type-post","status-publish","format-standard","has-post-thumbnail","hentry","category-evidenza-top","category-gr","category-news-18","category-51","category-86","category-49","description-off"],"img_url":"https:\/\/www.radiopiu.net\/wordpress\/wp-content\/uploads\/2023\/11\/2d1795d6-60ac-43a2-bee0-e027b48a2823.jpg","_links":{"self":[{"href":"https:\/\/www.radiopiu.net\/wordpress\/wp-json\/wp\/v2\/posts\/361325","targetHints":{"allow":["GET"]}}],"collection":[{"href":"https:\/\/www.radiopiu.net\/wordpress\/wp-json\/wp\/v2\/posts"}],"about":[{"href":"https:\/\/www.radiopiu.net\/wordpress\/wp-json\/wp\/v2\/types\/post"}],"author":[{"embeddable":true,"href":"https:\/\/www.radiopiu.net\/wordpress\/wp-json\/wp\/v2\/users\/4"}],"replies":[{"embeddable":true,"href":"https:\/\/www.radiopiu.net\/wordpress\/wp-json\/wp\/v2\/comments?post=361325"}],"version-history":[{"count":0,"href":"https:\/\/www.radiopiu.net\/wordpress\/wp-json\/wp\/v2\/posts\/361325\/revisions"}],"wp:featuredmedia":[{"embeddable":true,"href":"https:\/\/www.radiopiu.net\/wordpress\/wp-json\/wp\/v2\/media\/361463"}],"wp:attachment":[{"href":"https:\/\/www.radiopiu.net\/wordpress\/wp-json\/wp\/v2\/media?parent=361325"}],"wp:term":[{"taxonomy":"category","embeddable":true,"href":"https:\/\/www.radiopiu.net\/wordpress\/wp-json\/wp\/v2\/categories?post=361325"},{"taxonomy":"post_tag","embeddable":true,"href":"https:\/\/www.radiopiu.net\/wordpress\/wp-json\/wp\/v2\/tags?post=361325"}],"curies":[{"name":"wp","href":"https:\/\/api.w.org\/{rel}","templated":true}]}}