{"id":361470,"date":"2023-11-22T05:19:43","date_gmt":"2023-11-22T04:19:43","guid":{"rendered":"https:\/\/www.radiopiu.net\/wordpress\/?p=361470"},"modified":"2023-11-22T05:59:40","modified_gmt":"2023-11-22T04:59:40","slug":"ogni-ora-linformazione-locale-tutti-gli-ospiti-di-oggi-alla-radio-piu","status":"publish","type":"post","link":"https:\/\/www.radiopiu.net\/wordpress\/ogni-ora-linformazione-locale-tutti-gli-ospiti-di-oggi-alla-radio-piu\/","title":{"rendered":"OGNI ORA L&#8217;INFORMAZIONE LOCALE, TUTTI GLI OSPITI DI OGGI ALLA RADIO&#8230; PIU&#8217;"},"content":{"rendered":"<p>&nbsp;<\/p>\n<p>&nbsp;<\/p>\n<p><a class=\"dt-pswp-item\" href=\"https:\/\/www.radiopiu.net\/wordpress\/wp-content\/uploads\/2023\/10\/34f4cfc6-e863-46e9-9695-8df44be63421.jpg\" data-dt-img-description=\"\" data-large_image_width=\"1200\" data-large_image_height=\"1200\"><img loading=\"lazy\" decoding=\"async\" class=\"wp-image-357393 alignleft\" src=\"https:\/\/www.radiopiu.net\/wordpress\/wp-content\/uploads\/2023\/10\/34f4cfc6-e863-46e9-9695-8df44be63421-300x300.jpg\" alt=\"\" width=\"81\" height=\"81\" srcset=\"https:\/\/www.radiopiu.net\/wordpress\/wp-content\/uploads\/2023\/10\/34f4cfc6-e863-46e9-9695-8df44be63421-300x300.jpg 300w, https:\/\/www.radiopiu.net\/wordpress\/wp-content\/uploads\/2023\/10\/34f4cfc6-e863-46e9-9695-8df44be63421-1024x1024.jpg 1024w, https:\/\/www.radiopiu.net\/wordpress\/wp-content\/uploads\/2023\/10\/34f4cfc6-e863-46e9-9695-8df44be63421-150x150.jpg 150w, https:\/\/www.radiopiu.net\/wordpress\/wp-content\/uploads\/2023\/10\/34f4cfc6-e863-46e9-9695-8df44be63421-768x768.jpg 768w, https:\/\/www.radiopiu.net\/wordpress\/wp-content\/uploads\/2023\/10\/34f4cfc6-e863-46e9-9695-8df44be63421.jpg 1200w\" sizes=\"auto, (max-width: 81px) 100vw, 81px\" \/><\/a>OGGI ALLA RADIO: <strong>ALLE 7<\/strong> LA RASSEGNA STAMPA LOCALE FLASH, PER CHI COME NOI ALLE SETTE DEL MATTINO VA DI FRETTA, TANTE NOTIZIE IN POCHE CHIACCHIERE. <strong>ALLE OTTO<\/strong> L&#8217;APPROFONDIMENTO NELLA STORICA RASSEGNA STAMPA LOCALE.\u00a0 DALLE 6 ALLE 21, OGNI ORA, L&#8217;INFORMAZIONE NAZIONALE, l&#8217;informazione locale, ALLE 10 flash. 11flash. 14 viabilit\u00e0. 15meteo. 16flash. 17flash. 18flash. 19 i titoli di Antenna 3<\/p>\n<p><span style=\"color: #ff0000;\">OGGI ALLE 8.45, SPECIALE CENTRO FORMAZIONE E SICUREZZA, SEDICO. LA TERZA PUNTATA NELLA SETTIMANA DEDICATA A &#8220;SCUOLA APERTA ALLA RADIO&#8221; SULLE TRE RADIO: CLUB 103, PIU&#8217; E PRIMIERO<\/span><\/p>\n<p><strong>ALLE 9<\/strong> LIBER, DI LIANA CAVALLET,<strong> ALLE 10.10 E 18 10\u00a0<\/strong> CISL LA VOCE PER I LAVORATORI SPECIALE TRASPORTI: CON\u00a0 Laura Vettorel, Kevin Vattai, e Dario Cassol.\u00a0 <strong>ALLE 10.30 E 1900\u00a0<\/strong> SE NON LA SMETTI TI MANDO DAL PRESIDE,<strong> ALLE 13.10<\/strong> FRANZ COSTA, VENERDI SERA AL PALAFALCADE, ALLE 18.30 NCONTONSE CON MYLLI CREPAZA ISTITUT CULTURAL CESA DE JAN.<\/p>\n<p>&nbsp;<\/p>\n<blockquote>\n<h3>DA DEDICHE E RICHIESTE&#8230;.SISSI MARTINELLI, UNA VITA PASSATA IN RADIO<\/h3>\n<\/blockquote>\n<p><strong><a class=\"dt-pswp-item\" href=\"https:\/\/www.radiopiu.net\/wordpress\/wp-content\/uploads\/2023\/05\/SISSI-MARTINELLI.jpg\" data-dt-img-description=\"\" data-large_image_width=\"400\" data-large_image_height=\"400\"><img loading=\"lazy\" decoding=\"async\" class=\" wp-image-334185 alignleft\" src=\"https:\/\/www.radiopiu.net\/wordpress\/wp-content\/uploads\/2023\/05\/SISSI-MARTINELLI-300x300.jpg\" alt=\"\" width=\"129\" height=\"129\" srcset=\"https:\/\/www.radiopiu.net\/wordpress\/wp-content\/uploads\/2023\/05\/SISSI-MARTINELLI-300x300.jpg 300w, https:\/\/www.radiopiu.net\/wordpress\/wp-content\/uploads\/2023\/05\/SISSI-MARTINELLI-150x150.jpg 150w, https:\/\/www.radiopiu.net\/wordpress\/wp-content\/uploads\/2023\/05\/SISSI-MARTINELLI.jpg 400w\" sizes=\"auto, (max-width: 129px) 100vw, 129px\" \/><\/a>REDAZIONE<\/strong> Ci tiene compagnia ogni mattina dalle 11 in poi su Radio Pi\u00f9. Lei \u00e8 Sissi Martinelli, pugliese, pi\u00f9 di 40 anni di carriera davanti al microfono. Ci ha raccontato la sua esperienza in radio ma non solo. Un&#8217;intervista a 360 gradi tra radio, musica e concerti&#8230;<\/p>\n<p>&nbsp;<\/p>\n<p><strong>SISSI MARTINELLI<\/strong><\/p>\n<audio class=\"wp-audio-shortcode\" id=\"audio-361470-1\" preload=\"none\" style=\"width: 100%;\" controls=\"controls\"><source type=\"audio\/mpeg\" src=\"https:\/\/www.radiopiu.net\/wordpress\/wp-content\/uploads\/2023\/05\/DEDICHE-E-RICHIESTE-SISSI-MARTINELLI.mp3?_=1\" \/><a href=\"https:\/\/www.radiopiu.net\/wordpress\/wp-content\/uploads\/2023\/05\/DEDICHE-E-RICHIESTE-SISSI-MARTINELLI.mp3\">https:\/\/www.radiopiu.net\/wordpress\/wp-content\/uploads\/2023\/05\/DEDICHE-E-RICHIESTE-SISSI-MARTINELLI.mp3<\/a><\/audio>\n<p>&nbsp;<\/p>\n<p>&nbsp;<\/p>\n<p>&nbsp;<\/p>\n<hr \/>\n<p>&nbsp;<\/p>\n","protected":false},"excerpt":{"rendered":"<p>&nbsp; &nbsp; OGGI ALLA RADIO: ALLE 7 LA RASSEGNA STAMPA LOCALE FLASH, PER CHI COME NOI ALLE SETTE DEL MATTINO VA DI FRETTA, TANTE NOTIZIE IN POCHE CHIACCHIERE. ALLE OTTO L&#8217;APPROFONDIMENTO NELLA STORICA RASSEGNA STAMPA LOCALE.\u00a0 DALLE 6 ALLE 21, OGNI ORA, L&#8217;INFORMAZIONE NAZIONALE, l&#8217;informazione locale, ALLE 10 flash. 11flash. 14 viabilit\u00e0. 15meteo. 16flash. 17flash.&hellip;<\/p>\n","protected":false},"author":4,"featured_media":361472,"comment_status":"closed","ping_status":"closed","sticky":false,"template":"","format":"standard","meta":{"_monsterinsights_skip_tracking":false,"_monsterinsights_sitenote_active":false,"_monsterinsights_sitenote_note":"","_monsterinsights_sitenote_category":0,"footnotes":""},"categories":[104,49],"tags":[],"class_list":["post-361470","post","type-post","status-publish","format-standard","has-post-thumbnail","hentry","category-evidenza_3","category-news-18","category-104","category-49","description-off"],"img_url":"https:\/\/www.radiopiu.net\/wordpress\/wp-content\/uploads\/2023\/11\/e0aad41d-951e-47b9-9fae-1a879a9bcb7e.jpg","_links":{"self":[{"href":"https:\/\/www.radiopiu.net\/wordpress\/wp-json\/wp\/v2\/posts\/361470","targetHints":{"allow":["GET"]}}],"collection":[{"href":"https:\/\/www.radiopiu.net\/wordpress\/wp-json\/wp\/v2\/posts"}],"about":[{"href":"https:\/\/www.radiopiu.net\/wordpress\/wp-json\/wp\/v2\/types\/post"}],"author":[{"embeddable":true,"href":"https:\/\/www.radiopiu.net\/wordpress\/wp-json\/wp\/v2\/users\/4"}],"replies":[{"embeddable":true,"href":"https:\/\/www.radiopiu.net\/wordpress\/wp-json\/wp\/v2\/comments?post=361470"}],"version-history":[{"count":0,"href":"https:\/\/www.radiopiu.net\/wordpress\/wp-json\/wp\/v2\/posts\/361470\/revisions"}],"wp:featuredmedia":[{"embeddable":true,"href":"https:\/\/www.radiopiu.net\/wordpress\/wp-json\/wp\/v2\/media\/361472"}],"wp:attachment":[{"href":"https:\/\/www.radiopiu.net\/wordpress\/wp-json\/wp\/v2\/media?parent=361470"}],"wp:term":[{"taxonomy":"category","embeddable":true,"href":"https:\/\/www.radiopiu.net\/wordpress\/wp-json\/wp\/v2\/categories?post=361470"},{"taxonomy":"post_tag","embeddable":true,"href":"https:\/\/www.radiopiu.net\/wordpress\/wp-json\/wp\/v2\/tags?post=361470"}],"curies":[{"name":"wp","href":"https:\/\/api.w.org\/{rel}","templated":true}]}}