{"id":361476,"date":"2023-11-15T07:55:10","date_gmt":"2023-11-15T06:55:10","guid":{"rendered":"https:\/\/www.radiopiu.net\/wordpress\/?p=361476"},"modified":"2023-11-15T08:01:58","modified_gmt":"2023-11-15T07:01:58","slug":"loriginale-dal-1983-la-rassegna-stampa-locale-di-m-m-e-alle-7-tutti-i-giorni-le-anticipazioni-per-chi-come-noi-corre","status":"publish","type":"post","link":"https:\/\/www.radiopiu.net\/wordpress\/loriginale-dal-1983-la-rassegna-stampa-locale-di-m-m-e-alle-7-tutti-i-giorni-le-anticipazioni-per-chi-come-noi-corre\/","title":{"rendered":"L&#8217;ORIGINALE, DAL 1983. la rassegna stampa locale di m.m. E ALLE 7 TUTTI I GIORNI LE ANTICIPAZIONI PER CHI COME NOI &#8220;CORRE&#8221;"},"content":{"rendered":"<p><iframe loading=\"lazy\" title=\"L&#039;ORIGINALE, DAL 1983. la rassegna stampa locale di m.m. E ALLE 7 TUTTI I GIORNI LE ANTICIPAZIONI PE\" width=\"1200\" height=\"675\" src=\"https:\/\/www.youtube.com\/embed\/Fs2DaL3pchQ?feature=oembed\" frameborder=\"0\" allow=\"accelerometer; autoplay; clipboard-write; encrypted-media; gyroscope; picture-in-picture; web-share\" allowfullscreen><\/iframe><\/p>\n<p>&nbsp;<\/p>\n<p>FILIPPO E GIULIA DOVE SIETE? E&#8217; sempre mistero sui due ex fidanzati scomparsi. L&#8217;auto di Filippo sarebbe stata segnalata nel pordenonese. Si cerca la grande punto nera.<br \/>\nLIMANA Sul fondale del Piave il ritrovamento del corpo di Doriano Gasperin, avvistato dall&#8217;elicottero, recuperato dai vigili del fuoco. Mancher\u00e0 una persona disponibile e solare.<br \/>\nAGORDO ADDIO Maria Rosa, FIGLIA DEL FOLLADOR E STUPENDA MOGLIE DEL TUO \u201cTOIO\u201d<br \/>\nBELLUNO &#8220;Grazie professor Giuseppe Romano, noi della 3\u00aaB 2001-2002 difficilmente ti dimenticheremo&#8221;.<br \/>\nBELLUNO LUTTO NELL\u2019AIDO PER LA MORTE DI LUCA CESTARO<br \/>\nBELLUNO Rieccolo Christian Dal Pan: ARRESTATO A BELLUNO CON ORDINE DI CARCERAZIONE PER CUMULO DI PENE<br \/>\nBELLUNO Intervento dei Vigili del Fuoco a Lambioi: Donna in Difficolt\u00e0 trasportata per accertamenti al San Martino.<br \/>\nSANTA GIUSTINA Un anziano residente a Belluno \u00e8 stato coinvolto in un incidente stradale a Santa Giustina, riportando ferite di media gravit\u00e0. L&#8217;84enne \u00e8 l&#8217;unico ferito nell&#8217;incidente tra due auto avvenuto poco prima di mezzogiorno<br \/>\nAGORDO Una richiesta d&#8217;aiuto proveniente da genitori dell&#8217;Agordino \u00e8 giunta attraverso un messaggio, sollevando una questione di vitale importanza per le famiglie della zona di Agordo e Caprile-Alleghe. Il messaggio (lettera firmata), esprime la preoccupazione di un gruppo di genitori riguardo alla mancanza di un pediatra disponibile nei weekend, soprattutto in situazioni di emergenza.<br \/>\nBELLUNO NUBI SUL FUTURO DEL COLLE. ROCCON: \u00abMOMENTO IMPORTANTE E DELICATO\u00bb<br \/>\nAGORDO ALLUVIONE, INTERRUZIONI STRADALI, ESONDAZIONE DI TORRENTI: SABATO UN FINTO &#8220;VAIA&#8221;<br \/>\nESSILORLUXOTTICA: AD AGORDO DUE SABATI DI STRAORDINARIO INCENTIVATO PER DUE AREE. PER IL 22 DICEMBRE DECISI GLI ORARI IN VISTA DELLA CENA DI NATALE<br \/>\nBELLUNO Fino al 24 le giornate della vista EssilorLuxottica a Palazzo Bembo.<br \/>\nFERROVIE, A FELTRE 140 GIORNI SENZA TRENI<br \/>\nVENERDI&#8217; LO SCIOPERO NAZIONALE DEI TRASPORTI, PREVEDE LA GARANZIA DEL SERVIZIO NELLE SEGUENTI FASCE ORARIE DALLE ORE 5:40 ALLE ORE 8:09 e DALLE ORE 12:10 ALLE ORE 15:39.<br \/>\nCENCENIGHE, LA VALLE: ABBONATI ALL\u2019INQUINAMENTO DELLE ACQUE nessuna nuova da GSP, l&#8217;acqua rimane NON potabile.<br \/>\nTREVISO ANCORA IN FLESSIONE LA PRODUZIONE INDUSTRIALE, DEBOLE LA RACCOLTA ORDINI<br \/>\nBELLUNO CONFINDUSTRIA BELLUNO DOLOMITI ORGANIZZA UNA SERIE DI EVENTI CONTRO LA VIOLENZA DI GENERE<br \/>\nPROVINCIALE VALLE DEL MIS, IL CANTIERE IMPONE IL SENSO UNICO E BREVI PAUSE<br \/>\nRIAPERTA LA SS 51 DI ALEMAGNA A FADALTO<br \/>\nCORTINA Domani alle 11 alla sala cultura di Cortina d&#8217;Ampezzo, l&#8217;associazione Bagus incontrer\u00e0 tutti i ragazzi delle classi quinte degli istituti appartenenti all&#8217;Omnicomprensivo Valboite.<\/p>\n<p>NUOTO SPORTIVAMENTE BELLUNO: LA PRIMA GIORNATA DI GARE INTERPROVINCIALI E&#8217; UN SUCCESSO<br \/>\nMOUTAIN BIKE 06:16 15\/11\/2023ALPAGO BIKE FUNTASTIC SI COLORA DI TRICOLORE<\/p>\n<p>&nbsp;<\/p>\n<p>&nbsp;<\/p>\n<p>&nbsp;<\/p>\n<p>&nbsp;<\/p>\n","protected":false},"excerpt":{"rendered":"<p>&nbsp; FILIPPO E GIULIA DOVE SIETE? E&#8217; sempre mistero sui due ex fidanzati scomparsi. L&#8217;auto di Filippo sarebbe stata segnalata nel pordenonese. Si cerca la grande punto nera. LIMANA Sul fondale del Piave il ritrovamento del corpo di Doriano Gasperin, avvistato dall&#8217;elicottero, recuperato dai vigili del fuoco. Mancher\u00e0 una persona disponibile e solare. AGORDO ADDIO&hellip;<\/p>\n","protected":false},"author":4,"featured_media":361477,"comment_status":"closed","ping_status":"closed","sticky":false,"template":"","format":"standard","meta":{"_monsterinsights_skip_tracking":false,"_monsterinsights_sitenote_active":false,"_monsterinsights_sitenote_note":"","_monsterinsights_sitenote_category":0,"footnotes":""},"categories":[104,49,142],"tags":[],"class_list":["post-361476","post","type-post","status-publish","format-standard","has-post-thumbnail","hentry","category-evidenza_3","category-news-18","category-rassegna-stampa","category-104","category-49","category-142","description-off"],"img_url":"https:\/\/www.radiopiu.net\/wordpress\/wp-content\/uploads\/2023\/11\/COPERTINA-5.png","_links":{"self":[{"href":"https:\/\/www.radiopiu.net\/wordpress\/wp-json\/wp\/v2\/posts\/361476","targetHints":{"allow":["GET"]}}],"collection":[{"href":"https:\/\/www.radiopiu.net\/wordpress\/wp-json\/wp\/v2\/posts"}],"about":[{"href":"https:\/\/www.radiopiu.net\/wordpress\/wp-json\/wp\/v2\/types\/post"}],"author":[{"embeddable":true,"href":"https:\/\/www.radiopiu.net\/wordpress\/wp-json\/wp\/v2\/users\/4"}],"replies":[{"embeddable":true,"href":"https:\/\/www.radiopiu.net\/wordpress\/wp-json\/wp\/v2\/comments?post=361476"}],"version-history":[{"count":0,"href":"https:\/\/www.radiopiu.net\/wordpress\/wp-json\/wp\/v2\/posts\/361476\/revisions"}],"wp:featuredmedia":[{"embeddable":true,"href":"https:\/\/www.radiopiu.net\/wordpress\/wp-json\/wp\/v2\/media\/361477"}],"wp:attachment":[{"href":"https:\/\/www.radiopiu.net\/wordpress\/wp-json\/wp\/v2\/media?parent=361476"}],"wp:term":[{"taxonomy":"category","embeddable":true,"href":"https:\/\/www.radiopiu.net\/wordpress\/wp-json\/wp\/v2\/categories?post=361476"},{"taxonomy":"post_tag","embeddable":true,"href":"https:\/\/www.radiopiu.net\/wordpress\/wp-json\/wp\/v2\/tags?post=361476"}],"curies":[{"name":"wp","href":"https:\/\/api.w.org\/{rel}","templated":true}]}}