{"id":361500,"date":"2023-11-15T13:22:24","date_gmt":"2023-11-15T12:22:24","guid":{"rendered":"https:\/\/www.radiopiu.net\/wordpress\/?p=361500"},"modified":"2023-11-16T05:42:34","modified_gmt":"2023-11-16T04:42:34","slug":"il-veneto-punta-alla-sostenibilita-ambientale-con-i-centri-del-riuso-approvata-la-delibera-regionale","status":"publish","type":"post","link":"https:\/\/www.radiopiu.net\/wordpress\/il-veneto-punta-alla-sostenibilita-ambientale-con-i-centri-del-riuso-approvata-la-delibera-regionale\/","title":{"rendered":"Il Veneto punta alla Sostenibilit\u00e0 Ambientale con i &#8220;Centri del Riuso&#8221;: Approvata la Delibera Regionale"},"content":{"rendered":"<p><img loading=\"lazy\" decoding=\"async\" class=\"alignleft\" src=\"https:\/\/www.radiopiu.net\/wordpress\/wp-content\/uploads\/2021\/02\/RADIO-A-VALVOLE.jpg\" width=\"340\" height=\"213\" \/><strong>VENEZIA<\/strong> Nel contesto delle strategie per ridurre la produzione di rifiuti, la Giunta regionale del Veneto, su proposta dell&#8217;assessore all&#8217;Ambiente Gianpaolo Bottacin, ha approvato una delibera volta a promuovere l&#8217;espansione dei &#8220;centri del riuso&#8221; sul territorio. Secondo l&#8217;assessore, questi centri sono complementari alla rete di raccolta rifiuti e mirano a intercettare beni di consumo usati ma ancora funzionanti prima della loro dismissione. L&#8217;iniziativa si configura come un&#8217;azione virtuosa che contrasta lo spreco, promuovendo un cambiamento di mentalit\u00e0 e riconoscendo il valore ambientale dei beni usati. Inoltre, svolge una funzione sociale offrendo sostegno alle famiglie in difficolt\u00e0. La delibera fornisce linee guida specifiche per la creazione di questi centri, che saranno gestiti da operatori adeguatamente formati. Essi fungono da luoghi di consegna e ritiro di beni usati, destinati al reimpiego da parte di altri cittadini, contribuendo a prolungarne il ciclo di vita. Le amministrazioni comunali o i Consigli di Bacino, in collaborazione con i gestori del servizio di raccolta rifiuti urbani, individueranno i centri del riuso, affidando la loro operativit\u00e0 a enti del terzo settore attraverso apposite convenzioni. I Centri del Riuso saranno registrati in un elenco regionale, e l&#8217;assessore Bottacin sottolinea che questa iniziativa \u00e8 parte di un impegno pi\u00f9 ampio per rendere il Veneto sempre pi\u00f9 sostenibile, consolidando la reputazione della regione come esempio di virtuosit\u00e0 ambientale.<\/p>\n<p>&nbsp;<\/p>\n<p>&nbsp;<\/p>\n<p>&nbsp;<\/p>\n<p>___<\/p>\n","protected":false},"excerpt":{"rendered":"<p>VENEZIA Nel contesto delle strategie per ridurre la produzione di rifiuti, la Giunta regionale del Veneto, su proposta dell&#8217;assessore all&#8217;Ambiente Gianpaolo Bottacin, ha approvato una delibera volta a promuovere l&#8217;espansione dei &#8220;centri del riuso&#8221; sul territorio. Secondo l&#8217;assessore, questi centri sono complementari alla rete di raccolta rifiuti e mirano a intercettare beni di consumo usati&hellip;<\/p>\n","protected":false},"author":4,"featured_media":191145,"comment_status":"closed","ping_status":"closed","sticky":false,"template":"","format":"standard","meta":{"_monsterinsights_skip_tracking":false,"_monsterinsights_sitenote_active":false,"_monsterinsights_sitenote_note":"","_monsterinsights_sitenote_category":0,"footnotes":""},"categories":[51,49],"tags":[],"class_list":["post-361500","post","type-post","status-publish","format-standard","has-post-thumbnail","hentry","category-evidenza-top","category-news-18","category-51","category-49","description-off"],"img_url":"https:\/\/www.radiopiu.net\/wordpress\/wp-content\/uploads\/2021\/02\/RADIO-A-VALVOLE.jpg","_links":{"self":[{"href":"https:\/\/www.radiopiu.net\/wordpress\/wp-json\/wp\/v2\/posts\/361500","targetHints":{"allow":["GET"]}}],"collection":[{"href":"https:\/\/www.radiopiu.net\/wordpress\/wp-json\/wp\/v2\/posts"}],"about":[{"href":"https:\/\/www.radiopiu.net\/wordpress\/wp-json\/wp\/v2\/types\/post"}],"author":[{"embeddable":true,"href":"https:\/\/www.radiopiu.net\/wordpress\/wp-json\/wp\/v2\/users\/4"}],"replies":[{"embeddable":true,"href":"https:\/\/www.radiopiu.net\/wordpress\/wp-json\/wp\/v2\/comments?post=361500"}],"version-history":[{"count":0,"href":"https:\/\/www.radiopiu.net\/wordpress\/wp-json\/wp\/v2\/posts\/361500\/revisions"}],"wp:featuredmedia":[{"embeddable":true,"href":"https:\/\/www.radiopiu.net\/wordpress\/wp-json\/wp\/v2\/media\/191145"}],"wp:attachment":[{"href":"https:\/\/www.radiopiu.net\/wordpress\/wp-json\/wp\/v2\/media?parent=361500"}],"wp:term":[{"taxonomy":"category","embeddable":true,"href":"https:\/\/www.radiopiu.net\/wordpress\/wp-json\/wp\/v2\/categories?post=361500"},{"taxonomy":"post_tag","embeddable":true,"href":"https:\/\/www.radiopiu.net\/wordpress\/wp-json\/wp\/v2\/tags?post=361500"}],"curies":[{"name":"wp","href":"https:\/\/api.w.org\/{rel}","templated":true}]}}