{"id":361520,"date":"2023-11-16T05:31:37","date_gmt":"2023-11-16T04:31:37","guid":{"rendered":"https:\/\/www.radiopiu.net\/wordpress\/?p=361520"},"modified":"2023-11-16T11:58:16","modified_gmt":"2023-11-16T10:58:16","slug":"radiopiu-16-novembre-2023-direttore-mirko-mezzacasada-40-anni-25-giugno-1983-25-giugno-2023","status":"publish","type":"post","link":"https:\/\/www.radiopiu.net\/wordpress\/radiopiu-16-novembre-2023-direttore-mirko-mezzacasada-40-anni-25-giugno-1983-25-giugno-2023\/","title":{"rendered":"GIORNALE RADIOPIU 16 NOVEMBRE 2023 DIRETTORE MIRKO MEZZACASA\u2026DA 40 ANNI 25 GIUGNO 1983-25 GIUGNO 2023"},"content":{"rendered":"<h1 class=\"entry-title photoswipe-wrapper\">40esimo di RADIOPIU\u2026. LA VOCE DELL\u2019EMOZIONE<\/h1>\n<h2><span style=\"color: #ff0000;\">ISCRIVITI AL NOSTRO CANALE\u00a0\u00a0YOUTUBE PER SEGUIRE IN DIRETTA I PRINCIPALI PROGRAMMI DI RADIO PIU\u2019 E LE FUTURE DIRETTE IN ESTERNA. PER ISCRIVERTI <a style=\"color: #ff0000;\" href=\"https:\/\/youtube.com\/@radiopiu1527\">CLICCA QUI\u00a0<\/a>E PREMI\u00a0 \u201cIscriviti\u201d\u00a0<\/span><\/h2>\n<p>&nbsp;<\/p>\n<p><a class=\"dt-pswp-item\" href=\"https:\/\/www.radiopiu.net\/wordpress\/wp-content\/uploads\/2023\/10\/34f4cfc6-e863-46e9-9695-8df44be63421.jpg\" data-dt-img-description=\"\" data-large_image_width=\"1200\" data-large_image_height=\"1200\"><img loading=\"lazy\" decoding=\"async\" class=\"wp-image-357393 alignleft\" src=\"https:\/\/www.radiopiu.net\/wordpress\/wp-content\/uploads\/2023\/10\/34f4cfc6-e863-46e9-9695-8df44be63421-300x300.jpg\" alt=\"\" width=\"81\" height=\"81\" srcset=\"https:\/\/www.radiopiu.net\/wordpress\/wp-content\/uploads\/2023\/10\/34f4cfc6-e863-46e9-9695-8df44be63421-300x300.jpg 300w, https:\/\/www.radiopiu.net\/wordpress\/wp-content\/uploads\/2023\/10\/34f4cfc6-e863-46e9-9695-8df44be63421-1024x1024.jpg 1024w, https:\/\/www.radiopiu.net\/wordpress\/wp-content\/uploads\/2023\/10\/34f4cfc6-e863-46e9-9695-8df44be63421-150x150.jpg 150w, https:\/\/www.radiopiu.net\/wordpress\/wp-content\/uploads\/2023\/10\/34f4cfc6-e863-46e9-9695-8df44be63421-768x768.jpg 768w, https:\/\/www.radiopiu.net\/wordpress\/wp-content\/uploads\/2023\/10\/34f4cfc6-e863-46e9-9695-8df44be63421.jpg 1200w\" sizes=\"auto, (max-width: 81px) 100vw, 81px\" \/><\/a>OGGI ALLA RADIO: <strong>ALLE 7<\/strong> LA RASSEGNA STAMPA LOCALE FLASH, PER CHI COME NOI ALLE SETTE DEL MATTINO VA DI FRETTA, TANTE NOTIZIE IN POCHE CHIACCHIERE. <strong>ALLE OTTO<\/strong> L&#8217;APPROFONDIMENTO NELLA STORICA RASSEGNA STAMPA LOCALE<\/p>\n<h1 class=\"entry-title photoswipe-wrapper\"><a class=\"dt-pswp-item\" href=\"https:\/\/www.radiopiu.net\/wordpress\/wp-content\/uploads\/2023\/11\/400814748_731501745676941_8724055800453807470_n.jpg\" data-dt-img-description=\"\" data-large_image_width=\"590\" data-large_image_height=\"480\"><img loading=\"lazy\" decoding=\"async\" class=\"size-medium wp-image-361639 alignleft\" src=\"https:\/\/www.radiopiu.net\/wordpress\/wp-content\/uploads\/2023\/11\/400814748_731501745676941_8724055800453807470_n-300x244.jpg\" alt=\"\" width=\"300\" height=\"244\" srcset=\"https:\/\/www.radiopiu.net\/wordpress\/wp-content\/uploads\/2023\/11\/400814748_731501745676941_8724055800453807470_n-300x244.jpg 300w, https:\/\/www.radiopiu.net\/wordpress\/wp-content\/uploads\/2023\/11\/400814748_731501745676941_8724055800453807470_n.jpg 590w\" sizes=\"auto, (max-width: 300px) 100vw, 300px\" \/><\/a><\/h1>\n<p><strong>ALLE 8.45 E 15.30 <\/strong>SPECIALE SCUOLA APERTA AL CENTRO FORMAZIONE SICUREZZA DI SEDICO, L&#8217;INTERVISTA LA DIRETTORE \u00a0DANILO DE ZAIACOMO, <strong>ALLE 10.30 E 1900<\/strong> SPI CGIL CON MARIA RITA GENTILIN;;<strong> ALLE 13.10\u00a0 <\/strong>LA GIORNATA DEL RICORDO DELLE VITTIME DELLA STRADA, SICUREZZA STRADALE E PRESENTAZIONE DI LUCIANA GIORGI, LA NUOVA DIRIGENTE DELLA POLIZIA STRADALE DI BELLUNO<span style=\"color: #ff0000;\">\u00a0<\/span> <strong>-20.30 <span style=\"color: #0000ff;\">HOCKEY AL PUNTO GIUSTO, LE DIRETTE DELL&#8217;ALLEGHE HOCKEY CON MARCO GAZ<\/span><\/strong><\/p>\n<p>&nbsp;<\/p>\n<p><span style=\"color: #ff0000;\"><strong>\u00a0<\/strong><\/span><\/p>\n<p><span style=\"color: #ff0000;\"><strong>\u00a0<\/strong><\/span><\/p>\n<p><span style=\"color: #ff0000;\"><strong>\u00a0<\/strong><\/span><\/p>\n<p>&nbsp;<\/p>\n<p>di mirko mezzacasa<\/p>\n<blockquote><p><em><strong><a class=\"dt-pswp-item\" href=\"https:\/\/www.radiopiu.net\/wordpress\/wp-content\/uploads\/2023\/03\/ennio-vigne.jpg\" data-dt-img-description=\"\" data-large_image_width=\"768\" data-large_image_height=\"413\"><img loading=\"lazy\" decoding=\"async\" class=\"wp-image-326012 alignleft\" src=\"https:\/\/www.radiopiu.net\/wordpress\/wp-content\/uploads\/2023\/03\/ennio-vigne-300x161.jpg\" alt=\"\" width=\"157\" height=\"84\" srcset=\"https:\/\/www.radiopiu.net\/wordpress\/wp-content\/uploads\/2023\/03\/ennio-vigne-300x161.jpg 300w, https:\/\/www.radiopiu.net\/wordpress\/wp-content\/uploads\/2023\/03\/ennio-vigne.jpg 768w\" sizes=\"auto, (max-width: 157px) 100vw, 157px\" \/><\/a>SANTA GIUSTINA<\/strong> Pare proprio che l&#8217;attuale presidente del\u00a0 Parco Nazionale delle Dolomiti, Ennio Vigne non intenda ancora mollare (oggi CorriereAlpi),\u00a0 gi\u00e0 si parla dell&#8217;ennesima candidatura dopo 4 mandati da sindaco, attaccamento alla poltrona.\u00a0 C&#8217;\u00e8 voglia di nuovo, di ricambio, di giovani che si spendano per il territorio, e chi ha una certa esperienza (modo gentile per dire che da tanti anni sono sulla poltrona) meglio farebbero a farsi da parte e sostenere i pi\u00f9 giovani aprendo strade e ponti.<\/em><\/p><\/blockquote>\n<p>&nbsp;<\/p>\n<p>&nbsp;<\/p>\n<p><a class=\"dt-pswp-item\" href=\"https:\/\/www.radiopiu.net\/wordpress\/wp-content\/uploads\/2023\/11\/eba3e90a-476a-4628-8cc9-7ced4cb59e8f.jpg\" data-dt-img-description=\"\" data-large_image_width=\"720\" data-large_image_height=\"886\"><img loading=\"lazy\" decoding=\"async\" class=\"size-medium wp-image-361654 aligncenter\" src=\"https:\/\/www.radiopiu.net\/wordpress\/wp-content\/uploads\/2023\/11\/eba3e90a-476a-4628-8cc9-7ced4cb59e8f-244x300.jpg\" alt=\"\" width=\"244\" height=\"300\" srcset=\"https:\/\/www.radiopiu.net\/wordpress\/wp-content\/uploads\/2023\/11\/eba3e90a-476a-4628-8cc9-7ced4cb59e8f-244x300.jpg 244w, https:\/\/www.radiopiu.net\/wordpress\/wp-content\/uploads\/2023\/11\/eba3e90a-476a-4628-8cc9-7ced4cb59e8f.jpg 720w\" sizes=\"auto, (max-width: 244px) 100vw, 244px\" \/><\/a><\/p>\n<p>&nbsp;<\/p>\n<p>&nbsp;<\/p>\n<p><strong><span style=\"color: #ff0000;\">SPOPOLAMENTO DELLA MONTAGNA, IMBOCCATA LA GIUSTA STRADA\u00a0<\/span><\/strong><\/p>\n<p>di mirko mezzacasa<\/p>\n<p><strong>VAL DI ZOLDO<\/strong> Scuola, l&#8217;istituto comprensivo ha perso la sua autonomia, verr\u00e0 accorpato a Longarone come da decisioni della Giunta Regionale, troppo pochi gli studenti &#8220;non si tutelano i servizi in montagna&#8221; afferma il sindaco Camillo De Pellegrin.<\/p>\n<p><em>A proposito di scuola da oggi sulle TRE RADIO Radio Piu&#8217;, Club103 e Primiero, la nuova rubrica a puntate (5) scuola aperta, per conoscere il CENTRO FORMAZIONE SICUREZZA di Sedico, anteprima alle 8.45\u00a0<\/em><\/p>\n<p>&nbsp;<\/p>\n<hr \/>\n<p>&nbsp;<\/p>\n<blockquote>\n<h3>FILIPPO E GIULIA DOVE SIETE?<\/h3>\n<\/blockquote>\n<p><a class=\"dt-pswp-item\" href=\"https:\/\/www.radiopiu.net\/wordpress\/wp-content\/uploads\/2023\/11\/Senza-nome-77.png\" data-dt-img-description=\"\" data-large_image_width=\"452\" data-large_image_height=\"305\"><img loading=\"lazy\" decoding=\"async\" class=\"size-medium wp-image-361626 alignleft\" src=\"https:\/\/www.radiopiu.net\/wordpress\/wp-content\/uploads\/2023\/11\/Senza-nome-77-300x202.png\" alt=\"\" width=\"300\" height=\"202\" srcset=\"https:\/\/www.radiopiu.net\/wordpress\/wp-content\/uploads\/2023\/11\/Senza-nome-77-300x202.png 300w, https:\/\/www.radiopiu.net\/wordpress\/wp-content\/uploads\/2023\/11\/Senza-nome-77.png 452w\" sizes=\"auto, (max-width: 300px) 100vw, 300px\" \/><\/a><br \/>\nIl padre di Giulia, Gino Cecchettin, ha rinnovato l&#8217;appello per ritrovare sua figlia e l&#8217;amico Filippo, scomparsi da sabato sera. Nonostante il passare dei giorni, non ci sono ancora notizie sulla loro sorte. Oggi, Gino, insieme alla sorella e al fratello di Giulia, ha trascorso molte ore presso la caserma dei carabinieri di Vigonovo. Non si conosce esattamente cosa abbia fornito agli investigatori, ma si ipotizza che possa aver consegnato documentazione, forse un computer. Gino ha sottolineato l&#8217;importanza di collaborare con le forze dell&#8217;ordine e ha ribadito l&#8217;appello lanciato insieme ai genitori di Filippo Turetta. L&#8217;intervista si interrompe prima che Gino possa esprimere ulteriori dettagli.<\/p>\n<p>&nbsp;<\/p>\n\n\t\t\t<style type='text\/css'>\n\t\t\t\t#gallery-1 {\n\t\t\t\t\tmargin: auto;\n\t\t\t\t}\n\t\t\t\t#gallery-1 .gallery-item {\n\t\t\t\t\tfloat: left;\n\t\t\t\t\tmargin-top: 10px;\n\t\t\t\t\ttext-align: center;\n\t\t\t\t\twidth: 50%;\n\t\t\t\t}\n\t\t\t\t#gallery-1 img {\n\t\t\t\t\tborder: 2px solid #cfcfcf;\n\t\t\t\t}\n\t\t\t\t#gallery-1 .gallery-caption {\n\t\t\t\t\tmargin-left: 0;\n\t\t\t\t}\n\t\t\t\t\/* see gallery_shortcode() in wp-includes\/media.php *\/\n\t\t\t<\/style>\n\t\t<div id='gallery-1' class='dt-gallery-container gallery galleryid-361520 gallery-columns-2 gallery-size-thumbnail'><dl class='gallery-item'>\n\t\t\t\t<dt class='gallery-icon landscape'>\n\t\t\t\t\t<a class=\"rollover rollover-zoom dt-pswp-item\" title=\"Senza nome\" data-dt-img-description=\"\" data-large_image_width=\"357\" data-large_image_height=\"298\"href='https:\/\/www.radiopiu.net\/wordpress\/wp-content\/uploads\/2023\/11\/Senza-nome-78.png'><img loading=\"lazy\" decoding=\"async\" width=\"150\" height=\"150\" src=\"https:\/\/www.radiopiu.net\/wordpress\/wp-content\/uploads\/2023\/11\/Senza-nome-78-150x150.png\" class=\"attachment-thumbnail size-thumbnail\" alt=\"\" \/><\/a>\n\t\t\t\t<\/dt><\/dl><dl class='gallery-item'>\n\t\t\t\t<dt class='gallery-icon landscape'>\n\t\t\t\t\t<a class=\"rollover rollover-zoom dt-pswp-item\" title=\"2d1795d6-60ac-43a2-bee0-e027b48a2823\" data-dt-img-description=\"\" data-large_image_width=\"1043\" data-large_image_height=\"989\"href='https:\/\/www.radiopiu.net\/wordpress\/wp-content\/uploads\/2023\/11\/2d1795d6-60ac-43a2-bee0-e027b48a2823.jpg'><img loading=\"lazy\" decoding=\"async\" width=\"150\" height=\"150\" src=\"https:\/\/www.radiopiu.net\/wordpress\/wp-content\/uploads\/2023\/11\/2d1795d6-60ac-43a2-bee0-e027b48a2823-150x150.jpg\" class=\"attachment-thumbnail size-thumbnail\" alt=\"\" \/><\/a>\n\t\t\t\t<\/dt><\/dl><br style=\"clear: both\" \/>\n\t\t\t<\/div>\n\n<p><strong>\u00a0<\/strong><\/p>\n<hr \/>\n<p><strong>\u00a0<\/strong><\/p>\n<p><strong>\u00a0<\/strong><\/p>\n<p><span style=\"color: #ff0000;\"><strong>GIORNALE RADIO NAZIONALE, EDIZIONE DELLE SETTE<\/strong><\/span><\/p>\n<audio class=\"wp-audio-shortcode\" id=\"audio-361520-1\" preload=\"none\" style=\"width: 100%;\" controls=\"controls\"><source type=\"audio\/mpeg\" src=\"https:\/\/www.radiopiu.net\/wordpress\/wp-content\/uploads\/2023\/11\/giornale07.mp3?_=1\" \/><a href=\"https:\/\/www.radiopiu.net\/wordpress\/wp-content\/uploads\/2023\/11\/giornale07.mp3\">https:\/\/www.radiopiu.net\/wordpress\/wp-content\/uploads\/2023\/11\/giornale07.mp3<\/a><\/audio>\n<p>&nbsp;<\/p>\n<p><span style=\"color: #ff0000;\"><strong>LA RASSEGNA STAMPA NAZIONALE ALLA RADIO, OGNI GIORNO ALLE 5 E ALLE 6 DEL MATTINO<\/strong><\/span><\/p>\n<audio class=\"wp-audio-shortcode\" id=\"audio-361520-2\" preload=\"none\" style=\"width: 100%;\" controls=\"controls\"><source type=\"audio\/mpeg\" src=\"https:\/\/www.radiopiu.net\/wordpress\/wp-content\/uploads\/2023\/11\/GIORNALEDELLESEI.mp3?_=2\" \/><a href=\"https:\/\/www.radiopiu.net\/wordpress\/wp-content\/uploads\/2023\/11\/GIORNALEDELLESEI.mp3\">https:\/\/www.radiopiu.net\/wordpress\/wp-content\/uploads\/2023\/11\/GIORNALEDELLESEI.mp3<\/a><\/audio>\n<p>&nbsp;<\/p>\n<p><span style=\"color: #ff0000;\"><strong>RASSEGNA STAMPA LOCALE, ORE OTTO<\/strong><\/span><\/p>\n<p><iframe loading=\"lazy\" title=\"RASSEGNA STAMPA LOCALE\" width=\"1200\" height=\"675\" src=\"https:\/\/www.youtube.com\/embed\/Y3Lt-HNHeC8?feature=oembed\" frameborder=\"0\" allow=\"accelerometer; autoplay; clipboard-write; encrypted-media; gyroscope; picture-in-picture; web-share\" allowfullscreen><\/iframe><\/p>\n<p>&nbsp;<\/p>\n<p>&nbsp;<\/p>\n<hr \/>\n<p>&nbsp;<\/p>\n<blockquote>\n<h3>UN MALEDETTO INCIDENTE, LA CAUSA DELLA MORTE DI DORIANO<\/h3>\n<\/blockquote>\n<p><strong><a class=\"dt-pswp-item\" href=\"https:\/\/www.radiopiu.net\/wordpress\/wp-content\/uploads\/2023\/11\/IMG-20231112-WA0004.jpg\" data-dt-img-description=\"\" data-large_image_width=\"1024\" data-large_image_height=\"966\"><img loading=\"lazy\" decoding=\"async\" class=\"wp-image-361171 alignleft\" src=\"https:\/\/www.radiopiu.net\/wordpress\/wp-content\/uploads\/2023\/11\/IMG-20231112-WA0004-300x283.jpg\" alt=\"\" width=\"167\" height=\"158\" srcset=\"https:\/\/www.radiopiu.net\/wordpress\/wp-content\/uploads\/2023\/11\/IMG-20231112-WA0004-300x283.jpg 300w, https:\/\/www.radiopiu.net\/wordpress\/wp-content\/uploads\/2023\/11\/IMG-20231112-WA0004-768x725.jpg 768w, https:\/\/www.radiopiu.net\/wordpress\/wp-content\/uploads\/2023\/11\/IMG-20231112-WA0004.jpg 1024w\" sizes=\"auto, (max-width: 167px) 100vw, 167px\" \/><\/a>LIMANA<\/strong> Ieri, presso l&#8217;ospedale San Martino di Belluno, \u00e8 stato eseguito l&#8217;esame medico legale sulla salma di Doriano Gasperin, il cacciatore di 65 anni disperso sabato e ritrovato senza vita marted\u00ec nel Piave. L&#8217;ispezione esterna non ha rivelato elementi significativi, confermando la teoria che Gasperin sia scivolato in acqua durante un&#8217;uscita venatoria. Ora spetta all&#8217;autorit\u00e0 giudiziaria decidere sulla necessit\u00e0 di un&#8217;autopsia. La data del funerale non \u00e8 ancora stata definita, ma numerosi conoscenti intendono rendere omaggio a Gasperin, ricordato positivamente sui social e dalla comunit\u00e0 locale.<\/p>\n<p>&nbsp;<\/p>\n<p>&nbsp;<\/p>\n<p>&nbsp;<\/p>\n<hr \/>\n<p>&nbsp;<\/p>\n<blockquote>\n<h3>CADUTA IN CASA, SOCCORSA UN&#8217;ANZIANA<\/h3>\n<\/blockquote>\n<p><strong>ROCCA PIETORE<\/strong> Una donna di 73 anni \u00e8 stata ricoverata al San Martino di Belluno in seguito ad un incidente domestico, trasferita in ospedale con l&#8217;elicottero del Suem. L&#8217;incidente ieri pomeriggio, il capitombolo sulle scale, dolorante e con un politrauma la donna \u00e8 stata subito soccorsa, non \u00e8 in pericolo di vita, ma i tempi di guarigione non saranno brevi.<\/p>\n<p>&nbsp;<\/p>\n<hr \/>\n<p>&nbsp;<\/p>\n<blockquote>\n<h3>L&#8217;ULTIMO SALUTO ALL&#8217;EX ASSESSORE<\/h3>\n<\/blockquote>\n<p><a class=\"dt-pswp-item\" href=\"https:\/\/www.radiopiu.net\/wordpress\/wp-content\/uploads\/2023\/11\/Senza-nome-76.png\" data-dt-img-description=\"\" data-large_image_width=\"167\" data-large_image_height=\"179\"><img loading=\"lazy\" decoding=\"async\" class=\"wp-image-361625 alignleft\" src=\"https:\/\/www.radiopiu.net\/wordpress\/wp-content\/uploads\/2023\/11\/Senza-nome-76.png\" alt=\"\" width=\"114\" height=\"122\" \/><\/a><br \/>\n<strong>AURONZO<\/strong> Oggi alle 14.30 i funerali dell&#8217;ex assessore Giuseppe Pais Golin stimato artigiano nel settore del legno, mancato a 84 anni. Ex giocatore di hockey, presidente e dirigente, \u00e8 stato assessore negli anni Ottanta, Marigo della Magnifica Regola di Villagrande fino al 2015. Lascia la moglie Anita e i figli Denis ed Alessia.<\/p>\n<p>&nbsp;<\/p>\n<p>&nbsp;<\/p>\n<p>&nbsp;<\/p>\n<p><strong><a class=\"dt-pswp-item\" href=\"https:\/\/www.radiopiu.net\/wordpress\/wp-content\/uploads\/2023\/11\/maria-rosa.png\" data-dt-img-description=\"\" data-large_image_width=\"181\" data-large_image_height=\"166\"><img loading=\"lazy\" decoding=\"async\" class=\"wp-image-361433 alignleft\" src=\"https:\/\/www.radiopiu.net\/wordpress\/wp-content\/uploads\/2023\/11\/maria-rosa.png\" alt=\"\" width=\"96\" height=\"88\" \/><\/a>Oggi ad Agordo, alle 14.30 l&#8217;ultimo saluto a Maria Rosa Costa, l&#8217;assistente nei laboratori dell&#8217;Istituto Minerario e Chimico Umberto Follador di Agordo. Lascia il marito professor Vittorio Fenti, la figlia Laura, il fratello Natale nipoti, parenti, amici.\u00a0<\/strong><\/p>\n<p>&nbsp;<\/p>\n<p>&nbsp;<\/p>\n<hr \/>\n<p>&nbsp;<\/p>\n<blockquote>\n<h3>CASA DI RIPOSO DI TAIBON: PARLA ANDREA FIOCCO DELLA FP-CGIL<\/h3>\n<\/blockquote>\n<p><strong><a class=\"dt-pswp-item\" href=\"https:\/\/www.radiopiu.net\/wordpress\/wp-content\/uploads\/2018\/02\/ANDREA-FIOCCO.jpg\" data-dt-img-description=\"\" data-large_image_width=\"960\" data-large_image_height=\"960\"><img loading=\"lazy\" decoding=\"async\" class=\" wp-image-43617 alignleft\" src=\"https:\/\/www.radiopiu.net\/wordpress\/wp-content\/uploads\/2018\/02\/ANDREA-FIOCCO-300x300.jpg\" alt=\"\" width=\"158\" height=\"158\" srcset=\"https:\/\/www.radiopiu.net\/wordpress\/wp-content\/uploads\/2018\/02\/ANDREA-FIOCCO-300x300.jpg 300w, https:\/\/www.radiopiu.net\/wordpress\/wp-content\/uploads\/2018\/02\/ANDREA-FIOCCO-150x150.jpg 150w, https:\/\/www.radiopiu.net\/wordpress\/wp-content\/uploads\/2018\/02\/ANDREA-FIOCCO-768x768.jpg 768w, https:\/\/www.radiopiu.net\/wordpress\/wp-content\/uploads\/2018\/02\/ANDREA-FIOCCO.jpg 960w\" sizes=\"auto, (max-width: 158px) 100vw, 158px\" \/><\/a>BELLUNO<\/strong><\/p>\n<p>&#8220;La diatriba tra Unione Montana e ONLUS, che si sta facendo sempre piu\u0300 complessa, come emerso dalle ultime uscite sui mezzi di informazione, sta incrementando la sensazione di incertezza sia tra i dipendenti, sia tra gli utenti&#8221;. Cosi\u0300 commenta il segretario generale della Fp-CGIL di Belluno, Andrea Fiocco, il caso della Casa di Riposo di Taibon, al centro di una contesa che dura ormai da un anno e mezzo e che vede coinvolte l&#8217;UMA (e i sindaci agordini) da un parte, e il CDA della ONLUS dall&#8217;altra. &#8220;Ho incontrato un questi giorni un folto numero di dipendenti, e la confusione che gli ultimi articoli hanno generato e\u0300 tanta: c&#8217;e\u0300 incertezza sui tempi dell&#8217;avvicendamento nella gestione della struttura, visto che il 31\/12 e\u0300 vicinissimo, ma c&#8217;e\u0300 incertezza anche su cosa accadra\u0300&#8221;, dice il sindacalista. Al Presidente dell&#8217;UMA che imputava alla controparte di non aver mantenuto gli impegni presi, ha risposto il Presidente della ONLUS che rivendicava la quantificazione del patrimonio. &#8220;I dipendenti sono sconcertati, perche\u0301 in tutto cio\u0300 che hanno sentito sui mezzi di informazione locale (radio, televisioni, siti internet ndr.)\u00a0 nelle settimane scorse non si parla mai di loro e degli utenti. Mi dicono che sono, logicamente, molto preoccupati del proprio futuro professionale e anche per gli anziani che seguono&#8221;. Fiocco conclude: &#8220;al di la\u0300 delle ragioni di ciascuna delle 2 parti, il personale chiede ai due soggetti di trovare un accordo quanto prima, per il bene della Casa di riposo, per la tranquillita\u0300 dei dipendenti e nell&#8217;interesse degli ospiti. Il clima che si sta generando non bene ai lavoratori, alcuni dei quali stanno pensando di andarsene, ma neanche ai &#8220;nonni&#8221; (come li chiamano affettuosamente loro), che cominciano a respirare una strana aria&#8221;.<strong><br \/>\n<\/strong><\/p>\n<p>&nbsp;<\/p>\n<p><strong>DI GIANNI SANTOMASO<\/strong><\/p>\n<audio class=\"wp-audio-shortcode\" id=\"audio-361520-3\" preload=\"none\" style=\"width: 100%;\" controls=\"controls\"><source type=\"audio\/mpeg\" src=\"https:\/\/www.radiopiu.net\/wordpress\/wp-content\/uploads\/2023\/11\/GIANNI-ANDREA-FIOCCO-CASA-DI-RIPOSO-TAIBON.mp3?_=3\" \/><a href=\"https:\/\/www.radiopiu.net\/wordpress\/wp-content\/uploads\/2023\/11\/GIANNI-ANDREA-FIOCCO-CASA-DI-RIPOSO-TAIBON.mp3\">https:\/\/www.radiopiu.net\/wordpress\/wp-content\/uploads\/2023\/11\/GIANNI-ANDREA-FIOCCO-CASA-DI-RIPOSO-TAIBON.mp3<\/a><\/audio>\n<p>&nbsp;<\/p>\n<hr \/>\n<p>&nbsp;<\/p>\n<blockquote>\n<h3>UN CERVO, ANCORA UNA VOLTA E&#8217; LA CAUSA DELL&#8217;INCIDENTE DI IERI MATTINA<\/h3>\n<\/blockquote>\n<p><strong>Cervo in strada, l&#8217;auto finisce gi\u00f9 per il pendio.<\/strong><\/p>\n<p><strong>BORGO VALBELLUNA<\/strong> Ieri mattina alle 8:30, a Colder\u00f9, Borgo Valbelluna, si \u00e8 verificato un incidente stradale che ha visto coinvolta un&#8217;auto guidata da una donna di 58 anni residente a Belluno. L&#8217;automobile \u00e8 uscita di strada, precipitando lungo un pendio e rovesciandosi nel prato sottostante, rimanendo capovolta. Fortunatamente, nonostante l&#8217;aspetto spettacolare dell&#8217;incidente, la conducente \u00e8 riuscita a evitare gravi conseguenze. La donna \u00e8 stata prontamente soccorsa e trasportata all&#8217;ospedale di Feltre. Le prime notizie provenienti dalla struttura ospedaliera rassicurano sulla sua condizione, specificando che le lesioni riportate non sono gravi. Immediatamente dopo l&#8217;incidente, sono intervenuti sul luogo i vigili del fuoco di Feltre per gestire la situazione e garantire la sicurezza nella zona.<\/p>\n<div class=\"flex-1 overflow-hidden\">\n<div class=\"react-scroll-to-bottom--css-fcbwp-79elbk h-full\">\n<div class=\"react-scroll-to-bottom--css-fcbwp-1n7m0yu\">\n<div class=\"flex flex-col text-sm gizmo:pb-9 dark:bg-gray-800 gizmo:dark:bg-transparent\">\n<div class=\"w-full text-token-text-primary border-b border-black\/10 gizmo:border-0 dark:border-gray-900\/50 gizmo:dark:border-0 bg-gray-50 gizmo:bg-transparent dark:bg-[#444654] gizmo:dark:bg-transparent\" data-testid=\"conversation-turn-3\">\n<div class=\"p-4 gizmo:py-2 justify-center text-base md:gap-6 md:py-6 m-auto\">\n<div class=\"flex flex-1 gap-4 text-base mx-auto md:gap-6 gizmo:gap-3 gizmo:md:px-5 gizmo:lg:px-1 gizmo:xl:px-5 md:max-w-2xl lg:max-w-[38rem] gizmo:md:max-w-3xl gizmo:lg:max-w-[40rem] gizmo:xl:max-w-[48rem] xl:max-w-3xl } group final-completion\">\n<div class=\"relative flex w-[calc(100%-50px)] flex-col gizmo:w-full lg:w-[calc(100%-115px)] agent-turn\">\n<div class=\"flex-col gap-1 md:gap-3\">\n<div class=\"flex flex-grow flex-col max-w-full gap-3 gizmo:gap-0\">\n<div class=\"min-h-[20px] text-message peer flex flex-col items-start gap-3 whitespace-pre-wrap break-words peer-[.text-message]:mt-5 overflow-x-auto\" data-message-author-role=\"assistant\" data-message-id=\"7dbf4e92-cfa1-486f-a2d6-a1ca5c85d113\">\n<div class=\"markdown prose w-full break-words dark:prose-invert dark\"><\/div>\n<\/div>\n<\/div>\n<\/div>\n<\/div>\n<\/div>\n<\/div>\n<\/div>\n<\/div>\n<\/div>\n<\/div>\n<\/div>\n<div class=\"w-full pt-2 md:pt-0 border-t md:border-t-0 gizmo:border-t-0 dark:border-white\/20 md:border-transparent md:dark:border-transparent md:pl-2 gizmo:pl-0 gizmo:md:pl-0 md:w-[calc(100%-.5rem)]\">\n<form class=\"stretch mx-2 flex flex-row gap-3 last:mb-2 md:mx-4 md:last:mb-6 lg:mx-auto lg:max-w-2xl xl:max-w-3xl\">\n<div class=\"relative flex h-full flex-1 items-stretch md:flex-col\">\n<div class=\"flex w-full items-center\"><\/div>\n<\/div>\n<\/form>\n<\/div>\n\n\t\t\t<style type='text\/css'>\n\t\t\t\t#gallery-2 {\n\t\t\t\t\tmargin: auto;\n\t\t\t\t}\n\t\t\t\t#gallery-2 .gallery-item {\n\t\t\t\t\tfloat: left;\n\t\t\t\t\tmargin-top: 10px;\n\t\t\t\t\ttext-align: center;\n\t\t\t\t\twidth: 50%;\n\t\t\t\t}\n\t\t\t\t#gallery-2 img {\n\t\t\t\t\tborder: 2px solid #cfcfcf;\n\t\t\t\t}\n\t\t\t\t#gallery-2 .gallery-caption {\n\t\t\t\t\tmargin-left: 0;\n\t\t\t\t}\n\t\t\t\t\/* see gallery_shortcode() in wp-includes\/media.php *\/\n\t\t\t<\/style>\n\t\t<div id='gallery-2' class='dt-gallery-container gallery galleryid-361520 gallery-columns-2 gallery-size-thumbnail'><dl class='gallery-item'>\n\t\t\t\t<dt class='gallery-icon landscape'>\n\t\t\t\t\t<a class=\"rollover rollover-zoom dt-pswp-item\" title=\"94a48d8f-616d-444f-a40f-4716866fda61\" data-dt-img-description=\"\" data-large_image_width=\"721\" data-large_image_height=\"544\"href='https:\/\/www.radiopiu.net\/wordpress\/wp-content\/uploads\/2023\/11\/94a48d8f-616d-444f-a40f-4716866fda61.jpg'><img loading=\"lazy\" decoding=\"async\" width=\"150\" height=\"150\" src=\"https:\/\/www.radiopiu.net\/wordpress\/wp-content\/uploads\/2023\/11\/94a48d8f-616d-444f-a40f-4716866fda61-150x150.jpg\" class=\"attachment-thumbnail size-thumbnail\" alt=\"\" \/><\/a>\n\t\t\t\t<\/dt><\/dl><dl class='gallery-item'>\n\t\t\t\t<dt class='gallery-icon landscape'>\n\t\t\t\t\t<a class=\"rollover rollover-zoom dt-pswp-item\" title=\"c500ad62-176d-44b5-bff1-3fa60db1e51e\" data-dt-img-description=\"\" data-large_image_width=\"1024\" data-large_image_height=\"729\"href='https:\/\/www.radiopiu.net\/wordpress\/wp-content\/uploads\/2023\/11\/c500ad62-176d-44b5-bff1-3fa60db1e51e.jpg'><img loading=\"lazy\" decoding=\"async\" width=\"150\" height=\"150\" src=\"https:\/\/www.radiopiu.net\/wordpress\/wp-content\/uploads\/2023\/11\/c500ad62-176d-44b5-bff1-3fa60db1e51e-150x150.jpg\" class=\"attachment-thumbnail size-thumbnail\" alt=\"\" \/><\/a>\n\t\t\t\t<\/dt><\/dl><br style=\"clear: both\" \/>\n\t\t\t<\/div>\n\n<p>&nbsp;<\/p>\n<p>&nbsp;<\/p>\n<p>&nbsp;<\/p>\n<hr \/>\n<p>&nbsp;<\/p>\n<blockquote>\n<h3>OLTRE 100 MILA EURO BLOCCATI PER IL COMUNE DI VOLTAGO<\/h3>\n<\/blockquote>\n<p><strong><a class=\"dt-pswp-item\" href=\"https:\/\/www.radiopiu.net\/wordpress\/wp-content\/uploads\/2023\/07\/MUNICIPIO-VOLTAGO.jpeg\" data-dt-img-description=\"\" data-large_image_width=\"1504\" data-large_image_height=\"1116\"><img loading=\"lazy\" decoding=\"async\" class=\" wp-image-344319 alignleft\" src=\"https:\/\/www.radiopiu.net\/wordpress\/wp-content\/uploads\/2023\/07\/MUNICIPIO-VOLTAGO-300x223.jpeg\" alt=\"\" width=\"213\" height=\"158\" srcset=\"https:\/\/www.radiopiu.net\/wordpress\/wp-content\/uploads\/2023\/07\/MUNICIPIO-VOLTAGO-300x223.jpeg 300w, https:\/\/www.radiopiu.net\/wordpress\/wp-content\/uploads\/2023\/07\/MUNICIPIO-VOLTAGO-1024x760.jpeg 1024w, https:\/\/www.radiopiu.net\/wordpress\/wp-content\/uploads\/2023\/07\/MUNICIPIO-VOLTAGO-768x570.jpeg 768w, https:\/\/www.radiopiu.net\/wordpress\/wp-content\/uploads\/2023\/07\/MUNICIPIO-VOLTAGO.jpeg 1504w\" sizes=\"auto, (max-width: 213px) 100vw, 213px\" \/><\/a>VOLTAGO<\/strong><\/p>\n<p>DI GIANNI SANTOMASO<\/p>\n<audio class=\"wp-audio-shortcode\" id=\"audio-361520-4\" preload=\"none\" style=\"width: 100%;\" controls=\"controls\"><source type=\"audio\/mpeg\" src=\"https:\/\/www.radiopiu.net\/wordpress\/wp-content\/uploads\/2023\/11\/GIANNI-OLTRE-100-MILA-EURO-BLOCCATI-PER-IL-COMUNE-DI-VOLTAGO.mp3?_=4\" \/><a href=\"https:\/\/www.radiopiu.net\/wordpress\/wp-content\/uploads\/2023\/11\/GIANNI-OLTRE-100-MILA-EURO-BLOCCATI-PER-IL-COMUNE-DI-VOLTAGO.mp3\">https:\/\/www.radiopiu.net\/wordpress\/wp-content\/uploads\/2023\/11\/GIANNI-OLTRE-100-MILA-EURO-BLOCCATI-PER-IL-COMUNE-DI-VOLTAGO.mp3<\/a><\/audio>\n<p>&nbsp;<\/p>\n<p><strong>IL CONSIGLIO COMUNALE, LA DIRETTA SUI CANALI DI RADIOPIU<\/strong><\/p>\n<p>https:\/\/www.facebook.com\/radiopiu\/videos\/2057238864610164<\/p>\n<p>&nbsp;<\/p>\n<p>&nbsp;<\/p>\n<hr \/>\n<p>&nbsp;<\/p>\n<blockquote>\n<h3>Nel Nordest, Crescita Autostradale: Le Performance Migliori Lungo gli &#8220;Assi Minori&#8221;<\/h3>\n<\/blockquote>\n<p><strong>REDAZIONE<\/strong> Un&#8217;analisi sul periodo <a class=\"dt-pswp-item\" href=\"https:\/\/www.radiopiu.net\/wordpress\/wp-content\/uploads\/2023\/11\/road-5089188_640.jpg\" data-dt-img-description=\"\" data-large_image_width=\"640\" data-large_image_height=\"429\"><img loading=\"lazy\" decoding=\"async\" class=\" wp-image-361495 alignleft\" src=\"https:\/\/www.radiopiu.net\/wordpress\/wp-content\/uploads\/2023\/11\/road-5089188_640-300x201.jpg\" alt=\"\" width=\"194\" height=\"130\" srcset=\"https:\/\/www.radiopiu.net\/wordpress\/wp-content\/uploads\/2023\/11\/road-5089188_640-300x201.jpg 300w, https:\/\/www.radiopiu.net\/wordpress\/wp-content\/uploads\/2023\/11\/road-5089188_640.jpg 640w\" sizes=\"auto, (max-width: 194px) 100vw, 194px\" \/><\/a>2019-2022 rivela che le autostrade principali del Nordest mostrano segnali di ripresa, con la A4 Venezia-Trieste come unica a recuperare il traffico pre-pandemia (+0,5%). Le performance pi\u00f9 consistenti si registrano lungo gli &#8220;assi minori&#8221;. Nel primo semestre 2023, Autostrade Alto Adriatico spicca con una crescita del 6,5%, segnando un +4,6% rispetto al 2019.<\/p>\n<blockquote><p><em> Fondazione Think Tank Nord Est sottolinea l&#8217;importanza del completamento della terza corsia tra San Don\u00e0 di Piave e Portogruaro rivolgendo lo sguardo al\u00a0 Governo per lo stanziamento extra di risorse per accelerare i lavori, considerando il valore strategico della nuova infrastruttura, specialmente in risposta alle limitazioni transfrontaliere imposte dall&#8217;Austria attraverso il Brennero.\u00a0<\/em><\/p><\/blockquote>\n<p>&nbsp;<\/p>\n<p>&nbsp;<\/p>\n<hr \/>\n<p>&nbsp;<\/p>\n<blockquote>\n<h2>Il Veneto punta alla Sostenibilit\u00e0 Ambientale con i &#8220;Centri del Riuso&#8221;: Approvata la Delibera Regionale<\/h2>\n<\/blockquote>\n<p><img loading=\"lazy\" decoding=\"async\" class=\"alignleft\" src=\"https:\/\/www.radiopiu.net\/wordpress\/wp-content\/uploads\/2021\/02\/RADIO-A-VALVOLE.jpg\" width=\"340\" height=\"213\" \/><strong>VENEZIA<\/strong> Nel contesto delle strategie per ridurre la produzione di rifiuti, la Giunta regionale del Veneto, su proposta dell&#8217;assessore all&#8217;Ambiente Gianpaolo Bottacin, ha approvato una delibera volta a promuovere l&#8217;espansione dei &#8220;centri del riuso&#8221; sul territorio. Secondo l&#8217;assessore, questi centri sono complementari alla rete di raccolta rifiuti e mirano a intercettare beni di consumo usati ma ancora funzionanti prima della loro dismissione. L&#8217;iniziativa si configura come un&#8217;azione virtuosa che contrasta lo spreco, promuovendo un cambiamento di mentalit\u00e0 e riconoscendo il valore ambientale dei beni usati. Inoltre, svolge una funzione sociale offrendo sostegno alle famiglie in difficolt\u00e0. La delibera fornisce linee guida specifiche per la creazione di questi centri, che saranno gestiti da operatori adeguatamente formati. Essi fungono da luoghi di consegna e ritiro di beni usati, destinati al reimpiego da parte di altri cittadini, contribuendo a prolungarne il ciclo di vita. Le amministrazioni comunali o i Consigli di Bacino, in collaborazione con i gestori del servizio di raccolta rifiuti urbani, individueranno i centri del riuso, affidando la loro operativit\u00e0 a enti del terzo settore attraverso apposite convenzioni. I Centri del Riuso saranno registrati in un elenco regionale, e l&#8217;assessore Bottacin sottolinea che questa iniziativa \u00e8 parte di un impegno pi\u00f9 ampio per rendere il Veneto sempre pi\u00f9 sostenibile, consolidando la reputazione della regione come esempio di virtuosit\u00e0 ambientale.<\/p>\n<p>&nbsp;<\/p>\n<hr \/>\n<p>&nbsp;<\/p>\n<blockquote>\n<h3>AL VIA IL CANTIERE ALL\u2019AUDITORIUM<\/h3>\n<\/blockquote>\n<p><strong><a class=\"dt-pswp-item\" href=\"https:\/\/www.radiopiu.net\/wordpress\/wp-content\/uploads\/2023\/11\/042020A1RIGENE.jpg\" data-dt-img-description=\"\" data-large_image_width=\"1920\" data-large_image_height=\"1080\"><img loading=\"lazy\" decoding=\"async\" class=\"size-medium wp-image-361512 alignleft\" src=\"https:\/\/www.radiopiu.net\/wordpress\/wp-content\/uploads\/2023\/11\/042020A1RIGENE-300x169.jpg\" alt=\"\" width=\"300\" height=\"169\" srcset=\"https:\/\/www.radiopiu.net\/wordpress\/wp-content\/uploads\/2023\/11\/042020A1RIGENE-300x169.jpg 300w, https:\/\/www.radiopiu.net\/wordpress\/wp-content\/uploads\/2023\/11\/042020A1RIGENE-1024x576.jpg 1024w, https:\/\/www.radiopiu.net\/wordpress\/wp-content\/uploads\/2023\/11\/042020A1RIGENE-768x432.jpg 768w, https:\/\/www.radiopiu.net\/wordpress\/wp-content\/uploads\/2023\/11\/042020A1RIGENE-1536x864.jpg 1536w, https:\/\/www.radiopiu.net\/wordpress\/wp-content\/uploads\/2023\/11\/042020A1RIGENE.jpg 1920w\" sizes=\"auto, (max-width: 300px) 100vw, 300px\" \/><\/a>BELLUNO<\/strong> Riprendono i lavori all&#8217;Auditorium di Piazza Duomo, un intervento del valore di 1,3 milioni di euro suddiviso in tre fasi. Questo costituir\u00e0 la fase finale del restauro e recupero dell&#8217;edificio, iniziato nel 2013 e completato nel 2016 con il primo lotto. Il sindaco Oscar De Pellegrin sottolinea l&#8217;importanza storica di questo momento per la citt\u00e0, attesa da anni per il completamento della ristrutturazione. I lavori, finanziati dal Pnrr, includeranno la riapertura della Sala Auditorium, l&#8217;abbattimento delle barriere architettoniche, la sistemazione dell&#8217;area archeologica e la riqualificazione delle facciate esterne. La durata prevista \u00e8 di meno di un anno, con inizio imminente e un vincolo temporale legato al Pnrr per il pagamento del 30% entro settembre 2024.<\/p>\n<p><strong>L&#8217;ASSESSORE FRANCO ROCCON<\/strong><\/p>\n<audio class=\"wp-audio-shortcode\" id=\"audio-361520-5\" preload=\"none\" style=\"width: 100%;\" controls=\"controls\"><source type=\"audio\/mpeg\" src=\"https:\/\/www.radiopiu.net\/wordpress\/wp-content\/uploads\/2023\/11\/roccon-auditorium.mp3?_=5\" \/><a href=\"https:\/\/www.radiopiu.net\/wordpress\/wp-content\/uploads\/2023\/11\/roccon-auditorium.mp3\">https:\/\/www.radiopiu.net\/wordpress\/wp-content\/uploads\/2023\/11\/roccon-auditorium.mp3<\/a><\/audio>\n<p>&nbsp;<\/p>\n<p><strong>IL SINDACO OSCAR DE PELLEGRIN<\/strong><\/p>\n<audio class=\"wp-audio-shortcode\" id=\"audio-361520-6\" preload=\"none\" style=\"width: 100%;\" controls=\"controls\"><source type=\"audio\/mpeg\" src=\"https:\/\/www.radiopiu.net\/wordpress\/wp-content\/uploads\/2023\/11\/oscar-de-pellegrin-auditorium.mp3?_=6\" \/><a href=\"https:\/\/www.radiopiu.net\/wordpress\/wp-content\/uploads\/2023\/11\/oscar-de-pellegrin-auditorium.mp3\">https:\/\/www.radiopiu.net\/wordpress\/wp-content\/uploads\/2023\/11\/oscar-de-pellegrin-auditorium.mp3<\/a><\/audio>\n<p><strong>\u00a0\u00a0<\/strong><\/p>\n<hr \/>\n<p>&nbsp;<\/p>\n<blockquote>\n<h3>PD: NO ALL&#8217;ISTITUTO UNICO LONGARONE ZOLDO<\/h3>\n<\/blockquote>\n<p><strong><a class=\"dt-pswp-item\" href=\"https:\/\/www.radiopiu.net\/wordpress\/wp-content\/uploads\/2021\/09\/ZOTTIS-2-scaled.jpg\" data-dt-img-description=\"\" data-large_image_width=\"2560\" data-large_image_height=\"1707\"><img loading=\"lazy\" decoding=\"async\" class=\" wp-image-233264 alignleft\" src=\"https:\/\/www.radiopiu.net\/wordpress\/wp-content\/uploads\/2021\/09\/ZOTTIS-2-300x200.jpg\" alt=\"\" width=\"194\" height=\"129\" srcset=\"https:\/\/www.radiopiu.net\/wordpress\/wp-content\/uploads\/2021\/09\/ZOTTIS-2-300x200.jpg 300w, https:\/\/www.radiopiu.net\/wordpress\/wp-content\/uploads\/2021\/09\/ZOTTIS-2-1024x683.jpg 1024w, https:\/\/www.radiopiu.net\/wordpress\/wp-content\/uploads\/2021\/09\/ZOTTIS-2-768x512.jpg 768w, https:\/\/www.radiopiu.net\/wordpress\/wp-content\/uploads\/2021\/09\/ZOTTIS-2-1536x1024.jpg 1536w, https:\/\/www.radiopiu.net\/wordpress\/wp-content\/uploads\/2021\/09\/ZOTTIS-2-2048x1365.jpg 2048w\" sizes=\"auto, (max-width: 194px) 100vw, 194px\" \/><\/a>VENEZIA <\/strong>&#8220;La decisione della Giunta regionale di accorpare i due Istituti Comprensivi scolastici di Val di Zoldo e Longarone ha una motivazione meramente numerica, dato che l\u2019IC &#8216;Dante Alighieri&#8217; conta 161 studenti, mentre sulla carta dovrebbero essere 300. Ma le conseguenze saranno pesantissime. Ci rivolgiamo in questo senso all&#8217;assessore regionale all&#8217;istruzione affinch\u00e9 la decisione venga rivista&#8221;. La presa di posizione \u00e8 dei consiglieri regionali del PD Veneto che hanno presentato sul caso un&#8217;interrogazione che vede Francesca Zottis come prima firmataria. &#8220;Si tratta di una scelta che palesemente non rispetta questi territori. Non tiene conto ad esempio che, a cascata, verrebbe compromessa anche l&#8217;attivit\u00e0 di gestione del campeggio del Provveditorato, una vera perla regionale. Ricordiamo inoltre che, nell&#8217;ottica del rilancio e dell&#8217;efficienza, il Comune Val di Zoldo \u00e8 gi\u00e0 frutto di una importante fusione e che sono gi\u00e0 state accorpate tutte le scuole a Forno. Ma procedere oltre, verso un accorpamento su larga scala, significa innescare una tempesta perfetta\u00a0per far morire questi territori&#8221;.<\/p>\n<p>&nbsp;<\/p>\n<p>&nbsp;<\/p>\n<hr \/>\n<p>&nbsp;<\/p>\n<blockquote>\n<h3>PER SILVIA CESTARO LA RIAPERTURA DELL&#8217;OSTELLO IN VALLE IMPERINA E&#8217; UNA BELLA NOTIZIA<\/h3>\n<\/blockquote>\n<p><strong><a class=\"dt-pswp-item\" href=\"https:\/\/www.radiopiu.net\/wordpress\/wp-content\/uploads\/2023\/11\/OSTELLO-VALLE-IMPERINA.jpg\" data-dt-img-description=\"\" data-large_image_width=\"1600\" data-large_image_height=\"1066\"><img loading=\"lazy\" decoding=\"async\" class=\" wp-image-361608 alignleft\" src=\"https:\/\/www.radiopiu.net\/wordpress\/wp-content\/uploads\/2023\/11\/OSTELLO-VALLE-IMPERINA-300x200.jpg\" alt=\"\" width=\"224\" height=\"149\" srcset=\"https:\/\/www.radiopiu.net\/wordpress\/wp-content\/uploads\/2023\/11\/OSTELLO-VALLE-IMPERINA-300x200.jpg 300w, https:\/\/www.radiopiu.net\/wordpress\/wp-content\/uploads\/2023\/11\/OSTELLO-VALLE-IMPERINA-1024x682.jpg 1024w, https:\/\/www.radiopiu.net\/wordpress\/wp-content\/uploads\/2023\/11\/OSTELLO-VALLE-IMPERINA-768x512.jpg 768w, https:\/\/www.radiopiu.net\/wordpress\/wp-content\/uploads\/2023\/11\/OSTELLO-VALLE-IMPERINA-1536x1023.jpg 1536w, https:\/\/www.radiopiu.net\/wordpress\/wp-content\/uploads\/2023\/11\/OSTELLO-VALLE-IMPERINA.jpg 1600w\" sizes=\"auto, (max-width: 224px) 100vw, 224px\" \/><\/a>RIVAMONTE<\/strong><\/p>\n<p>DI GIANNI SANTOMASO<\/p>\n<audio class=\"wp-audio-shortcode\" id=\"audio-361520-7\" preload=\"none\" style=\"width: 100%;\" controls=\"controls\"><source type=\"audio\/mpeg\" src=\"https:\/\/www.radiopiu.net\/wordpress\/wp-content\/uploads\/2023\/11\/GIANNI-PER-CESTARO-LA-RIAPERTURA-DELLOSTELLO-IN-VALLE-IMPERINA-E-UNA-BELLA-NOTIZIA.mp3?_=7\" \/><a href=\"https:\/\/www.radiopiu.net\/wordpress\/wp-content\/uploads\/2023\/11\/GIANNI-PER-CESTARO-LA-RIAPERTURA-DELLOSTELLO-IN-VALLE-IMPERINA-E-UNA-BELLA-NOTIZIA.mp3\">https:\/\/www.radiopiu.net\/wordpress\/wp-content\/uploads\/2023\/11\/GIANNI-PER-CESTARO-LA-RIAPERTURA-DELLOSTELLO-IN-VALLE-IMPERINA-E-UNA-BELLA-NOTIZIA.mp3<\/a><\/audio>\n<p>&nbsp;<\/p>\n<hr \/>\n<p>&nbsp;<\/p>\n<blockquote>\n<h3>NUOVA DORSALE IDRICA TRA PONTE NELLE ALPI E BELLUNO<\/h3>\n<\/blockquote>\n<p><strong>BELLUNO<\/strong> Bim Gsp sta ultimando i lavori di posa del nuovo tratto di rete idrica principale, collegando i serbatoi di Paia e della Vena d\u2019Oro nei Comuni di Ponte nelle Alpi e Belluno. L&#8217;investimento di 1,5 milioni di euro prevede 2,6 km di nuove tubazioni per migliorare la disponibilit\u00e0 idrica nelle zone abitate. Gli scavi, eseguiti dall&#8217;impresa DM di Arsi\u00e8, sono stati complessi a causa del terreno roccioso. Simultaneamente, l&#8217;impresa F.lli De Pr\u00e0 ha ristrutturato il serbatoio della Vena d\u2019Oro, rendendolo sicuro e moderno. I due cantieri, in corso fino alla fine dell&#8217;anno, completano una progettualit\u00e0 pi\u00f9 ampia avviata nel 2019, con un investimento totale di 4,7 milioni di euro, che ha coinvolto diverse fasi, tra cui la sistemazione dell&#8217;opera di presa Rio dei Frari, la costruzione del serbatoio di Piaia e la posa di 10,7 km di condotte per il collegamento di diverse vasche.<\/p>\n\n\t\t\t<style type='text\/css'>\n\t\t\t\t#gallery-3 {\n\t\t\t\t\tmargin: auto;\n\t\t\t\t}\n\t\t\t\t#gallery-3 .gallery-item {\n\t\t\t\t\tfloat: left;\n\t\t\t\t\tmargin-top: 10px;\n\t\t\t\t\ttext-align: center;\n\t\t\t\t\twidth: 25%;\n\t\t\t\t}\n\t\t\t\t#gallery-3 img {\n\t\t\t\t\tborder: 2px solid #cfcfcf;\n\t\t\t\t}\n\t\t\t\t#gallery-3 .gallery-caption {\n\t\t\t\t\tmargin-left: 0;\n\t\t\t\t}\n\t\t\t\t\/* see gallery_shortcode() in wp-includes\/media.php *\/\n\t\t\t<\/style>\n\t\t<div id='gallery-3' class='dt-gallery-container gallery galleryid-361520 gallery-columns-4 gallery-size-thumbnail'><dl class='gallery-item'>\n\t\t\t\t<dt class='gallery-icon landscape'>\n\t\t\t\t\t<a class=\"rollover rollover-zoom dt-pswp-item\" title=\"1_operazioni di scavo con catenaria\" data-dt-img-description=\"\" data-large_image_width=\"850\" data-large_image_height=\"638\"href='https:\/\/www.radiopiu.net\/wordpress\/wp-content\/uploads\/2023\/11\/1_operazioni-di-scavo-con-catenaria.jpg'><img loading=\"lazy\" decoding=\"async\" width=\"150\" height=\"150\" src=\"https:\/\/www.radiopiu.net\/wordpress\/wp-content\/uploads\/2023\/11\/1_operazioni-di-scavo-con-catenaria-150x150.jpg\" class=\"attachment-thumbnail size-thumbnail\" alt=\"\" \/><\/a>\n\t\t\t\t<\/dt><\/dl><dl class='gallery-item'>\n\t\t\t\t<dt class='gallery-icon portrait'>\n\t\t\t\t\t<a class=\"rollover rollover-zoom dt-pswp-item\" title=\"2_posa del nuovo tratto di collegamento tra i serbatoi di Piaia e Vena d&#039;Oro\" data-dt-img-description=\"\" data-large_image_width=\"850\" data-large_image_height=\"1134\"href='https:\/\/www.radiopiu.net\/wordpress\/wp-content\/uploads\/2023\/11\/2_posa-del-nuovo-tratto-di-collegamento-tra-i-serbatoi-di-Piaia-e-Vena-dOro.jpg'><img loading=\"lazy\" decoding=\"async\" width=\"150\" height=\"150\" src=\"https:\/\/www.radiopiu.net\/wordpress\/wp-content\/uploads\/2023\/11\/2_posa-del-nuovo-tratto-di-collegamento-tra-i-serbatoi-di-Piaia-e-Vena-dOro-150x150.jpg\" class=\"attachment-thumbnail size-thumbnail\" alt=\"\" \/><\/a>\n\t\t\t\t<\/dt><\/dl><dl class='gallery-item'>\n\t\t\t\t<dt class='gallery-icon portrait'>\n\t\t\t\t\t<a class=\"rollover rollover-zoom dt-pswp-item\" title=\"3_posa del nuovo tratto di collegamento tra i serbatoi di Piaia e Vena d&#039;Oro\" data-dt-img-description=\"\" data-large_image_width=\"850\" data-large_image_height=\"1134\"href='https:\/\/www.radiopiu.net\/wordpress\/wp-content\/uploads\/2023\/11\/3_posa-del-nuovo-tratto-di-collegamento-tra-i-serbatoi-di-Piaia-e-Vena-dOro.jpg'><img loading=\"lazy\" decoding=\"async\" width=\"150\" height=\"150\" src=\"https:\/\/www.radiopiu.net\/wordpress\/wp-content\/uploads\/2023\/11\/3_posa-del-nuovo-tratto-di-collegamento-tra-i-serbatoi-di-Piaia-e-Vena-dOro-150x150.jpg\" class=\"attachment-thumbnail size-thumbnail\" alt=\"\" \/><\/a>\n\t\t\t\t<\/dt><\/dl><dl class='gallery-item'>\n\t\t\t\t<dt class='gallery-icon landscape'>\n\t\t\t\t\t<a class=\"rollover rollover-zoom dt-pswp-item\" title=\"4_tubazioni interne al serbatoio della Vena d&#039;Oro\" data-dt-img-description=\"\" data-large_image_width=\"850\" data-large_image_height=\"700\"href='https:\/\/www.radiopiu.net\/wordpress\/wp-content\/uploads\/2023\/11\/4_tubazioni-interne-al-serbatoio-della-Vena-dOro.jpg'><img loading=\"lazy\" decoding=\"async\" width=\"150\" height=\"150\" src=\"https:\/\/www.radiopiu.net\/wordpress\/wp-content\/uploads\/2023\/11\/4_tubazioni-interne-al-serbatoio-della-Vena-dOro-150x150.jpg\" class=\"attachment-thumbnail size-thumbnail\" alt=\"\" \/><\/a>\n\t\t\t\t<\/dt><\/dl><br style=\"clear: both\" \/>\n\t\t\t<\/div>\n\n<p>&nbsp;<\/p>\n<hr \/>\n<p>&nbsp;<\/p>\n<blockquote>\n<h3>FP E FNP VENETO RILANCIANO LA PROPOSTA SULLE RSA<\/h3>\n<\/blockquote>\n<p><strong><a class=\"dt-pswp-item\" href=\"https:\/\/www.radiopiu.net\/wordpress\/wp-content\/uploads\/2023\/03\/hand-2906425__340.jpg\" data-dt-img-description=\"\" data-large_image_width=\"510\" data-large_image_height=\"340\"><img loading=\"lazy\" decoding=\"async\" class=\" wp-image-326940 alignleft\" src=\"https:\/\/www.radiopiu.net\/wordpress\/wp-content\/uploads\/2023\/03\/hand-2906425__340-300x200.jpg\" alt=\"\" width=\"158\" height=\"105\" srcset=\"https:\/\/www.radiopiu.net\/wordpress\/wp-content\/uploads\/2023\/03\/hand-2906425__340-300x200.jpg 300w, https:\/\/www.radiopiu.net\/wordpress\/wp-content\/uploads\/2023\/03\/hand-2906425__340.jpg 510w\" sizes=\"auto, (max-width: 158px) 100vw, 158px\" \/><\/a>VENEZIA<\/strong> La sanit\u00e0 e l&#8217;assistenza sociosanitaria territoriale attraversano una crisi decennale, evidenziata dalla pandemia e accentuata dalla carenza di personale e costi energetici. La situazione impone una riforma dei centri servizi residenziali (RSA), sia pubblici che privati, che vanno oltre la richiesta di fondi. Le RSA, al bivio tra aumentare le rette o cercare soluzioni, richiedono un riassetto e una riforma completa. La Cisl propone una visione integrata dell&#8217;assistenza sociosanitaria territoriale, coinvolgendo le RSA come soggetti erogatori di servizi, riformando le governance e le gestioni amministrative. Questa strategia, coordinata con la riforma delle Ipab, mira a creare un circolo virtuoso tra risparmi di costi, ampliamento dei servizi e riduzione delle rette residenziali. La Cisl sottolinea la necessit\u00e0 di risposte immediate, come l&#8217;incremento delle impegnative di residenzialit\u00e0 e l&#8217;aggiunta di posti letto in risposta all&#8217;invecchiamento della popolazione. La Regione Veneto \u00e8 chiamata a una riforma completa e coordinata nell&#8217;ambito del PNRR.<\/p>\n<p>&nbsp;<\/p>\n<p>&nbsp;<\/p>\n<hr \/>\n<p>&nbsp;<\/p>\n<blockquote>\n<h3>DOMANI ALLA SERSA PROVE DI EVACUAZIONE<\/h3>\n<\/blockquote>\n<p><strong>BELLUNO<\/strong> Domani all\u2019interno della programmazione della formazione e dell\u2019addestramento del personale addetto all\u2019antincendio di Ser.S.A. \u00e8 prevista un\u2019esercitazione con PROVA DI EVACUAZIONE. L\u2019esercitazione che si svolger\u00e0 a partire dalle ore 12.15, prevede l\u2019evacuazione di un intero nucleo della struttura collocato al piano primo della Villa Gaggia Lante e tale prova verr\u00e0 effettuata in collaborazione con il Comando dei Vigili del fuoco di Belluno e del personale sanitario del 118<\/p>\n<p>&nbsp;<\/p>\n<p>&nbsp;<\/p>\n<hr \/>\n<p>&nbsp;<\/p>\n<blockquote>\n<h3>SABATO NELLA CONCA AGORDINA ESERCITAZIONE DELLA PROTEZIONE CIVILE<\/h3>\n<\/blockquote>\n<p><strong>AGORDO<\/strong> Sabato le squadre di Protezione Civile della Conca Agordina condurranno un&#8217;esercitazione di alto livello per testare la preparazione in scenari di emergenza. L&#8217;evento includer\u00e0 l&#8217;apertura dei Centri Operativi Comunali (COC) e il coordinamento tra squadre che affronteranno diverse situazioni. La giornata di test, convocata dalla Provincia, si concentrer\u00e0 su interventi di monitoraggio e verifica dei punti critici per dissesti idrogeologici, l&#8217;allestimento di campi di accoglienza, e la sperimentazione di attrezzature come pompe e torri faro. L&#8217;obiettivo principale \u00e8 testare procedure e coordinazione tra i Centri Operativi Comunali, inclusa la trasmissione radio.<\/p>\n<p>&nbsp;<\/p>\n<hr \/>\n<p>&nbsp;<\/p>\n<blockquote>\n<h3><a class=\"dt-pswp-item\" href=\"https:\/\/www.radiopiu.net\/wordpress\/wp-content\/uploads\/2023\/11\/Esterni-Hotel-Boite-1-scaled.jpg\" data-dt-img-description=\"\" data-large_image_width=\"2560\" data-large_image_height=\"1706\"><img loading=\"lazy\" decoding=\"async\" class=\" wp-image-361616 alignleft\" src=\"https:\/\/www.radiopiu.net\/wordpress\/wp-content\/uploads\/2023\/11\/Esterni-Hotel-Boite-1-300x200.jpg\" alt=\"\" width=\"194\" height=\"129\" srcset=\"https:\/\/www.radiopiu.net\/wordpress\/wp-content\/uploads\/2023\/11\/Esterni-Hotel-Boite-1-300x200.jpg 300w, https:\/\/www.radiopiu.net\/wordpress\/wp-content\/uploads\/2023\/11\/Esterni-Hotel-Boite-1-1024x683.jpg 1024w, https:\/\/www.radiopiu.net\/wordpress\/wp-content\/uploads\/2023\/11\/Esterni-Hotel-Boite-1-768x512.jpg 768w, https:\/\/www.radiopiu.net\/wordpress\/wp-content\/uploads\/2023\/11\/Esterni-Hotel-Boite-1-1536x1024.jpg 1536w, https:\/\/www.radiopiu.net\/wordpress\/wp-content\/uploads\/2023\/11\/Esterni-Hotel-Boite-1-2048x1365.jpg 2048w\" sizes=\"auto, (max-width: 194px) 100vw, 194px\" \/><\/a>60 ANNI DELL&#8217;HOTEL BOITE<\/h3>\n<\/blockquote>\n<p>DI BARBARA PAOLAZZI &#8211; RADIO CLUB 103<\/p>\n<audio class=\"wp-audio-shortcode\" id=\"audio-361520-8\" preload=\"none\" style=\"width: 100%;\" controls=\"controls\"><source type=\"audio\/mpeg\" src=\"https:\/\/www.radiopiu.net\/wordpress\/wp-content\/uploads\/2023\/11\/PAOLAZZI-HOTEL-BORCA.mp3?_=8\" \/><a href=\"https:\/\/www.radiopiu.net\/wordpress\/wp-content\/uploads\/2023\/11\/PAOLAZZI-HOTEL-BORCA.mp3\">https:\/\/www.radiopiu.net\/wordpress\/wp-content\/uploads\/2023\/11\/PAOLAZZI-HOTEL-BORCA.mp3<\/a><\/audio>\n<p>&nbsp;<\/p>\n<hr \/>\n<p>&nbsp;<\/p>\n<blockquote>\n<h3>I RAGAZZI DEL CATULLO ALLA MOSTRA &#8220;L&#8217;AMORE MALATO&#8221;<\/h3>\n<\/blockquote>\n<p><strong><a class=\"dt-pswp-item\" href=\"https:\/\/www.radiopiu.net\/wordpress\/wp-content\/uploads\/2023\/11\/dbe637d8-6ab5-40f4-a865-27eba5953815.jpg\" data-dt-img-description=\"\" data-large_image_width=\"2048\" data-large_image_height=\"1536\"><img loading=\"lazy\" decoding=\"async\" class=\" wp-image-361571 alignleft\" src=\"https:\/\/www.radiopiu.net\/wordpress\/wp-content\/uploads\/2023\/11\/dbe637d8-6ab5-40f4-a865-27eba5953815-300x225.jpg\" alt=\"\" width=\"161\" height=\"121\" srcset=\"https:\/\/www.radiopiu.net\/wordpress\/wp-content\/uploads\/2023\/11\/dbe637d8-6ab5-40f4-a865-27eba5953815-300x225.jpg 300w, https:\/\/www.radiopiu.net\/wordpress\/wp-content\/uploads\/2023\/11\/dbe637d8-6ab5-40f4-a865-27eba5953815-1024x768.jpg 1024w, https:\/\/www.radiopiu.net\/wordpress\/wp-content\/uploads\/2023\/11\/dbe637d8-6ab5-40f4-a865-27eba5953815-768x576.jpg 768w, https:\/\/www.radiopiu.net\/wordpress\/wp-content\/uploads\/2023\/11\/dbe637d8-6ab5-40f4-a865-27eba5953815-1536x1152.jpg 1536w, https:\/\/www.radiopiu.net\/wordpress\/wp-content\/uploads\/2023\/11\/dbe637d8-6ab5-40f4-a865-27eba5953815.jpg 2048w\" sizes=\"auto, (max-width: 161px) 100vw, 161px\" \/><\/a>BELLUNO<\/strong> Una mattina tra i quadri, per parlare con forze dell&#8217;ordine e \u201caddetti ai lavori\u201d di violenza di genere: partir\u00e0 sabato l&#8217;iniziativa del Comune di Belluno che porter\u00e0 i ragazzi del triennio dell&#8217;Istituto Catullo a visitare la mostra \u201cL&#8217;amore malato\u201d.<\/p>\n<p><strong>DI DANIELE DALVIT<\/strong><\/p>\n<audio class=\"wp-audio-shortcode\" id=\"audio-361520-9\" preload=\"none\" style=\"width: 100%;\" controls=\"controls\"><source type=\"audio\/mpeg\" src=\"https:\/\/www.radiopiu.net\/wordpress\/wp-content\/uploads\/2023\/11\/Radio-Piu-Servizio-Scuole-mostra-Amore-Malato.mp3?_=9\" \/><a href=\"https:\/\/www.radiopiu.net\/wordpress\/wp-content\/uploads\/2023\/11\/Radio-Piu-Servizio-Scuole-mostra-Amore-Malato.mp3\">https:\/\/www.radiopiu.net\/wordpress\/wp-content\/uploads\/2023\/11\/Radio-Piu-Servizio-Scuole-mostra-Amore-Malato.mp3<\/a><\/audio>\n<p>&nbsp;<\/p>\n<hr \/>\n<p>&nbsp;<\/p>\n<blockquote>\n<h3>TORNA RESTART ALPAGO<\/h3>\n<\/blockquote>\n<p><strong><a class=\"dt-pswp-item\" href=\"https:\/\/www.radiopiu.net\/wordpress\/wp-content\/uploads\/2023\/11\/43c49cb9-6aab-47f6-99f3-b1dad582449c.jpg\" data-dt-img-description=\"\" data-large_image_width=\"2048\" data-large_image_height=\"1536\"><img loading=\"lazy\" decoding=\"async\" class=\" wp-image-361589 alignleft\" src=\"https:\/\/www.radiopiu.net\/wordpress\/wp-content\/uploads\/2023\/11\/43c49cb9-6aab-47f6-99f3-b1dad582449c-300x225.jpg\" alt=\"\" width=\"180\" height=\"135\" srcset=\"https:\/\/www.radiopiu.net\/wordpress\/wp-content\/uploads\/2023\/11\/43c49cb9-6aab-47f6-99f3-b1dad582449c-300x225.jpg 300w, https:\/\/www.radiopiu.net\/wordpress\/wp-content\/uploads\/2023\/11\/43c49cb9-6aab-47f6-99f3-b1dad582449c-1024x768.jpg 1024w, https:\/\/www.radiopiu.net\/wordpress\/wp-content\/uploads\/2023\/11\/43c49cb9-6aab-47f6-99f3-b1dad582449c-768x576.jpg 768w, https:\/\/www.radiopiu.net\/wordpress\/wp-content\/uploads\/2023\/11\/43c49cb9-6aab-47f6-99f3-b1dad582449c-1536x1152.jpg 1536w, https:\/\/www.radiopiu.net\/wordpress\/wp-content\/uploads\/2023\/11\/43c49cb9-6aab-47f6-99f3-b1dad582449c.jpg 2048w\" sizes=\"auto, (max-width: 180px) 100vw, 180px\" \/><\/a>BELLUNO<\/strong> Sostenere la crescita del turismo e creare occasioni di socialit\u00e0: questi gli obbiettivi di ReStart Alpago, che torna per la sua seconda edizione con cinque nuovi appuntamenti.<\/p>\n<p><strong>DI DANIELE DALVIT<\/strong><\/p>\n<audio class=\"wp-audio-shortcode\" id=\"audio-361520-10\" preload=\"none\" style=\"width: 100%;\" controls=\"controls\"><source type=\"audio\/mpeg\" src=\"https:\/\/www.radiopiu.net\/wordpress\/wp-content\/uploads\/2023\/11\/Radio-Piu-Servizio-ReStart-Alpago-2023.mp3?_=10\" \/><a href=\"https:\/\/www.radiopiu.net\/wordpress\/wp-content\/uploads\/2023\/11\/Radio-Piu-Servizio-ReStart-Alpago-2023.mp3\">https:\/\/www.radiopiu.net\/wordpress\/wp-content\/uploads\/2023\/11\/Radio-Piu-Servizio-ReStart-Alpago-2023.mp3<\/a><\/audio>\n<p>&nbsp;<\/p>\n<hr \/>\n<p>&nbsp;<\/p>\n<blockquote>\n<h3>DIVENTA PROVINCIALE LO SPORTELLO ENERGIA E CLIMA<\/h3>\n<\/blockquote>\n<p><strong>PONTE NELLE ALPI<\/strong> Lo Sportello Energia e Clima, inizialmente avviato a Ponte nelle Alpi, diventa provinciale, promuovendo la transizione energetica ed ecologica nel Bellunese. Sostenuto da diverse amministrazioni e istituzioni, il servizio \u00e8 finanziato da fondi europei e aperto gratuitamente a tutta la cittadinanza. Due eventi di lancio sono programmati: uno il 17 novembre a San Gregorio nelle Alpi, focalizzato sull&#8217;acqua rigenerata e il cambiamento climatico, e l&#8217;altro il 23 novembre a Ponte nelle Alpi, che tratter\u00e0 dell&#8217;agrivoltaico e della conciliazione tra agricoltura ed energia rinnovabile.<\/p>\n<p>&nbsp;<\/p>\n<p>&nbsp;<\/p>\n<hr \/>\n<p>&nbsp;<\/p>\n<blockquote>\n<h3>VACCINO ANTINFLUENZALE: PARTITA LA CAMPAGNA<\/h3>\n<\/blockquote>\n<p><strong><a class=\"dt-pswp-item\" href=\"https:\/\/www.radiopiu.net\/wordpress\/wp-content\/uploads\/2018\/01\/vaccinoinfluenza.jpg\" data-dt-img-description=\"\" data-large_image_width=\"1488\" data-large_image_height=\"973\"><img loading=\"lazy\" decoding=\"async\" class=\" wp-image-42390 alignleft\" src=\"https:\/\/www.radiopiu.net\/wordpress\/wp-content\/uploads\/2018\/01\/vaccinoinfluenza-300x196.jpg\" alt=\"\" width=\"142\" height=\"93\" srcset=\"https:\/\/www.radiopiu.net\/wordpress\/wp-content\/uploads\/2018\/01\/vaccinoinfluenza-300x196.jpg 300w, https:\/\/www.radiopiu.net\/wordpress\/wp-content\/uploads\/2018\/01\/vaccinoinfluenza-768x502.jpg 768w, https:\/\/www.radiopiu.net\/wordpress\/wp-content\/uploads\/2018\/01\/vaccinoinfluenza-1024x670.jpg 1024w, https:\/\/www.radiopiu.net\/wordpress\/wp-content\/uploads\/2018\/01\/vaccinoinfluenza.jpg 1488w\" sizes=\"auto, (max-width: 142px) 100vw, 142px\" \/><\/a>BELLUNO <\/strong>Da marted\u00ec \u00e8 attiva la prenotabilit\u00e0 della vaccinazione antinfluenzale per tutti gli over 65 residenti in Ulss Dolomiti. Il Dipartimento di Prevenzione ha infatti organizzato alcune sedute dedicate nel Centro Vaccinale di Salce, al Centro Prelievi di Feltre (Pad. Gaggia), all\u2019ospedale Pieve di Cadore o al drive in di Tai di Cadore e all\u2019ambulatorio vaccinale di Agordo.<br \/>\n<strong>Si riporta di seguito l\u2019elenco delle sedute disponibili:<\/strong><br \/>\n\u2022 17\/11 AMB. AGORDO ore 9.00-10.30<br \/>\n\u2022 20\/11 CVP SALCE ore 9.00-12.00<br \/>\n\u2022 23\/11 FELTRE GAGGIA ore 14.00-17.30<br \/>\n\u2022 27\/11 CADORE DRIVE IN ore 9.00-12.00<br \/>\n\u2022 27\/11 CVP SALCE ore 9.00-12.00<br \/>\n\u2022 28\/11 CVP SALCE ore 9.00-12.00<br \/>\n\u2022 01\/12 FELTRE GAGGIA ore 15.30-17.30<br \/>\nLa prenotazione \u00e8 possibile: online al link: https:\/\/dolomiti.myprenota.it\/vaccinazioni, con richiesta telefonica al numero 0437-514343, con richiesta via mail scrivendo a: vaccinazioni.covid@aulss1.veneto.it Si ricorda che tutti i soggetti per i quali \u00e8 raccomandata potranno eseguire gratuitamente la vaccinazione antinfluenzale dal proprio medico di famiglia o in alcune farmacie del territorio<\/p>\n<p>&nbsp;<\/p>\n<p>&nbsp;<\/p>\n<hr \/>\n<p>&nbsp;<\/p>\n<blockquote>\n<h3>DISTURBO DELLO SPETTRO AUTISTICO: I BENEFICI DELL&#8217;ARRAMPICATA<\/h3>\n<\/blockquote>\n<p><strong><a class=\"dt-pswp-item\" href=\"https:\/\/www.radiopiu.net\/wordpress\/wp-content\/uploads\/2023\/11\/cfff4bcb-1759-424a-a9aa-0379d107b564.jpg\" data-dt-img-description=\"\" data-large_image_width=\"1091\" data-large_image_height=\"1599\"><img loading=\"lazy\" decoding=\"async\" class=\" wp-image-361596 alignleft\" src=\"https:\/\/www.radiopiu.net\/wordpress\/wp-content\/uploads\/2023\/11\/cfff4bcb-1759-424a-a9aa-0379d107b564-205x300.jpg\" alt=\"\" width=\"89\" height=\"130\" srcset=\"https:\/\/www.radiopiu.net\/wordpress\/wp-content\/uploads\/2023\/11\/cfff4bcb-1759-424a-a9aa-0379d107b564-205x300.jpg 205w, https:\/\/www.radiopiu.net\/wordpress\/wp-content\/uploads\/2023\/11\/cfff4bcb-1759-424a-a9aa-0379d107b564-699x1024.jpg 699w, https:\/\/www.radiopiu.net\/wordpress\/wp-content\/uploads\/2023\/11\/cfff4bcb-1759-424a-a9aa-0379d107b564-768x1126.jpg 768w, https:\/\/www.radiopiu.net\/wordpress\/wp-content\/uploads\/2023\/11\/cfff4bcb-1759-424a-a9aa-0379d107b564-1048x1536.jpg 1048w, https:\/\/www.radiopiu.net\/wordpress\/wp-content\/uploads\/2023\/11\/cfff4bcb-1759-424a-a9aa-0379d107b564.jpg 1091w\" sizes=\"auto, (max-width: 89px) 100vw, 89px\" \/><\/a>SAN TOMASO\u00a0<\/strong>L&#8217;arrampicata sta dimostrando di essere un&#8217;attivit\u00e0 benefica per i bambini affetti da disturbo dello spettro autistico, migliorando competenze come coordinazione, organizzazione spazio-temporale, memoria e imitazione. Un corso di arrampicata organizzato dal Servizio di Integrazione Scolastica e Sociale a Agordo coinvolge bambini affetti da questo disturbo. Guidati da un&#8217;educatrice del SISS e dagli istruttori della Palestra Vertik Area Dolomiti, i bambini imparano in modo giocoso a seguire indicazioni precise, migliorando la loro autonomia e abilit\u00e0 sociali. L&#8217;esperienza aiuta anche nell&#8217;apprendimento di modalit\u00e0 efficaci di regolazione emotiva, superando ostacoli come la paura e la fatica.<\/p>\n<p>&nbsp;<\/p>\n<p>&nbsp;<\/p>\n<hr \/>\n<p>&nbsp;<\/p>\n<blockquote>\n<h3>PREMIO INTERNAZIONALE \u201cBELLUNESI CHE ONORANO LA PROVINCIA IN ITALIA E NEL MONDO\u201d<\/h3>\n<\/blockquote>\n<p><strong>BELLUNO <\/strong>Il Premio Internazionale &#8220;Bellunesi che onorano la provincia in Italia e nel Mondo&#8221; celebrer\u00e0 la sua XXIII edizione a Longarone nel 60\u00b0 anniversario della tragedia del Vajont. Organizzato da Provincia di Belluno, Associazione Bellunesi nel Mondo e i Rotary Club di Belluno, Feltre, Cadore-Cortina, il premio sar\u00e0 consegnato a persone che si sono distinte nei settori economico, imprenditoriale e professionale, istituzioni, arte e cultura, sociale e solidaristico. <span style=\"color: #ff0000;\"><strong>Settore Economico, Imprenditoriale e Professionale <\/strong><\/span><strong>Francesco Dazzi:<\/strong> Systems engineer e project manager con oltre 20 anni di esperienza in vari settori, ha contribuito alla costruzione di telescopi per l\u2019astrofisica gamma e alla gestione di progetti scientifici. \u00c8 presidente dell&#8217;Associazione Italiana di Systems Engineering (AISE) e membro dell&#8217;International Council on Systems Engineering (INCOSE). <strong>Francesco Piazza:<\/strong> Avvocato e esperto di Cerimoniale dello Stato, \u00e8 stato consulente giuridico per la Commissione nazionale sul Cerimoniale e ha lavorato nell&#8217;Ufficio del Cerimoniale di Stato della Presidenza del Consiglio dei Ministri. <span style=\"color: #ff0000;\"><strong>Settore Istituzioni, Arte e Cultura <\/strong><\/span><strong>Silvana Molin Pradel:<\/strong> Attiva nella promozione turistica e culturale, ha fondato la &#8220;Dante Alighieri&#8221; di Malaga, l&#8217;associazione dei Veneti di Spagna &#8220;Il Ceppo&#8221;, e ha contribuito alla creazione di musei e pubblicazioni sulla cultura italiana e zoldana. <strong>Romeo Sacchetti:<\/strong> Ex cestista e allenatore di pallacanestro italiano, \u00e8 stato protagonista con la Nazionale dell&#8217;argento di Mosca del 1980 e dell&#8217;oro di Nantes del 1983. Ha ricevuto il premio come allenatore dell&#8217;anno nel 2012 e ha guidato la Nazionale italiana alle Olimpiadi del 2021. <strong><span style=\"color: #ff0000;\">Settore Sociale e Solidaristico <\/span><\/strong><strong>Flavio Jos\u00e8 Brugnago:<\/strong> Giornalista in Brasile, \u00e8 socio fondatore di Apae de Guaramirim, un ente benefico per le persone con disabilit\u00e0, e socio dell\u2019Associazione Bellunesi nel Mondo \u2013 Famiglia Jaragu\u00e0 do Sul. Si \u00e8 dedicato alle ricerche sulle famiglie bellunesi in Brasile. <strong>Francesco Marin:<\/strong> Risiede a Berlino ed \u00e8 attivo nel progetto &#8220;Benvenuti a Berlino&#8221;, fornendo ai connazionali informazioni e risorse utili per integrarsi nel sistema tedesco. Il Premio Speciale &#8220;Barcelloni Corte \u2013 De Martin Modolado&#8221; sar\u00e0 consegnato a tre figure longaronesi che hanno contribuito al territorio e alla comunit\u00e0 di Longarone. La cerimonia vedr\u00e0 anche la partecipazione del Coro di Codissago.<\/p>\n\n\t\t\t<style type='text\/css'>\n\t\t\t\t#gallery-4 {\n\t\t\t\t\tmargin: auto;\n\t\t\t\t}\n\t\t\t\t#gallery-4 .gallery-item {\n\t\t\t\t\tfloat: left;\n\t\t\t\t\tmargin-top: 10px;\n\t\t\t\t\ttext-align: center;\n\t\t\t\t\twidth: 16%;\n\t\t\t\t}\n\t\t\t\t#gallery-4 img {\n\t\t\t\t\tborder: 2px solid #cfcfcf;\n\t\t\t\t}\n\t\t\t\t#gallery-4 .gallery-caption {\n\t\t\t\t\tmargin-left: 0;\n\t\t\t\t}\n\t\t\t\t\/* see gallery_shortcode() in wp-includes\/media.php *\/\n\t\t\t<\/style>\n\t\t<div id='gallery-4' class='dt-gallery-container gallery galleryid-361520 gallery-columns-6 gallery-size-thumbnail'><dl class='gallery-item'>\n\t\t\t\t<dt class='gallery-icon portrait'>\n\t\t\t\t\t<a class=\"rollover rollover-zoom dt-pswp-item\" title=\"dav\" data-dt-img-description=\"\" data-large_image_width=\"1915\" data-large_image_height=\"2560\"href='https:\/\/www.radiopiu.net\/wordpress\/wp-content\/uploads\/2023\/11\/Dazzi-scaled.jpg'><img loading=\"lazy\" decoding=\"async\" width=\"150\" height=\"150\" src=\"https:\/\/www.radiopiu.net\/wordpress\/wp-content\/uploads\/2023\/11\/Dazzi-150x150.jpg\" class=\"attachment-thumbnail size-thumbnail\" alt=\"\" aria-describedby=\"gallery-4-361550\" \/><\/a>\n\t\t\t\t<\/dt>\n\t\t\t\t\t<dd class='wp-caption-text gallery-caption' id='gallery-4-361550'>\n\t\t\t\t\tFRANCESCO DAZZI\n\t\t\t\t\t<\/dd><\/dl><dl class='gallery-item'>\n\t\t\t\t<dt class='gallery-icon landscape'>\n\t\t\t\t\t<a class=\"rollover rollover-zoom dt-pswp-item\" title=\"piazza 02\" data-dt-img-description=\"\" data-large_image_width=\"1662\" data-large_image_height=\"1253\"href='https:\/\/www.radiopiu.net\/wordpress\/wp-content\/uploads\/2023\/11\/piazza-02.jpg'><img loading=\"lazy\" decoding=\"async\" width=\"150\" height=\"150\" src=\"https:\/\/www.radiopiu.net\/wordpress\/wp-content\/uploads\/2023\/11\/piazza-02-150x150.jpg\" class=\"attachment-thumbnail size-thumbnail\" alt=\"\" aria-describedby=\"gallery-4-361551\" \/><\/a>\n\t\t\t\t<\/dt>\n\t\t\t\t\t<dd class='wp-caption-text gallery-caption' id='gallery-4-361551'>\n\t\t\t\t\tFRANCESCO PIAZZA\n\t\t\t\t\t<\/dd><\/dl><dl class='gallery-item'>\n\t\t\t\t<dt class='gallery-icon portrait'>\n\t\t\t\t\t<a class=\"rollover rollover-zoom dt-pswp-item\" title=\"Osuna\" data-dt-img-description=\"\" data-large_image_width=\"712\" data-large_image_height=\"873\"href='https:\/\/www.radiopiu.net\/wordpress\/wp-content\/uploads\/2023\/11\/Molin-Pradel.jpg'><img loading=\"lazy\" decoding=\"async\" width=\"150\" height=\"150\" src=\"https:\/\/www.radiopiu.net\/wordpress\/wp-content\/uploads\/2023\/11\/Molin-Pradel-150x150.jpg\" class=\"attachment-thumbnail size-thumbnail\" alt=\"\" aria-describedby=\"gallery-4-361552\" \/><\/a>\n\t\t\t\t<\/dt>\n\t\t\t\t\t<dd class='wp-caption-text gallery-caption' id='gallery-4-361552'>\n\t\t\t\t\tSILVANA MOLIN PRADEL\n\t\t\t\t\t<\/dd><\/dl><dl class='gallery-item'>\n\t\t\t\t<dt class='gallery-icon landscape'>\n\t\t\t\t\t<a class=\"rollover rollover-zoom dt-pswp-item\" title=\"Romeo Sacchetti\" data-dt-img-description=\"\" data-large_image_width=\"656\" data-large_image_height=\"492\"href='https:\/\/www.radiopiu.net\/wordpress\/wp-content\/uploads\/2023\/11\/Romeo-Sacchetti.jpg'><img loading=\"lazy\" decoding=\"async\" width=\"150\" height=\"150\" src=\"https:\/\/www.radiopiu.net\/wordpress\/wp-content\/uploads\/2023\/11\/Romeo-Sacchetti-150x150.jpg\" class=\"attachment-thumbnail size-thumbnail\" alt=\"\" aria-describedby=\"gallery-4-361553\" \/><\/a>\n\t\t\t\t<\/dt>\n\t\t\t\t\t<dd class='wp-caption-text gallery-caption' id='gallery-4-361553'>\n\t\t\t\t\tROMEO SACCHETTI\n\t\t\t\t\t<\/dd><\/dl><dl class='gallery-item'>\n\t\t\t\t<dt class='gallery-icon landscape'>\n\t\t\t\t\t<a class=\"rollover rollover-zoom dt-pswp-item\" title=\"Brugnago\" data-dt-img-description=\"\" data-large_image_width=\"1282\" data-large_image_height=\"916\"href='https:\/\/www.radiopiu.net\/wordpress\/wp-content\/uploads\/2023\/11\/Brugnago.jpeg'><img loading=\"lazy\" decoding=\"async\" width=\"150\" height=\"150\" src=\"https:\/\/www.radiopiu.net\/wordpress\/wp-content\/uploads\/2023\/11\/Brugnago-150x150.jpeg\" class=\"attachment-thumbnail size-thumbnail\" alt=\"\" aria-describedby=\"gallery-4-361554\" \/><\/a>\n\t\t\t\t<\/dt>\n\t\t\t\t\t<dd class='wp-caption-text gallery-caption' id='gallery-4-361554'>\n\t\t\t\t\tFLAVIO JOSE&#8217; BRUGNAGO\n\t\t\t\t\t<\/dd><\/dl><dl class='gallery-item'>\n\t\t\t\t<dt class='gallery-icon portrait'>\n\t\t\t\t\t<a class=\"rollover rollover-zoom dt-pswp-item\" title=\"Marin\" data-dt-img-description=\"\" data-large_image_width=\"226\" data-large_image_height=\"288\"href='https:\/\/www.radiopiu.net\/wordpress\/wp-content\/uploads\/2023\/11\/Marin.jpg'><img loading=\"lazy\" decoding=\"async\" width=\"150\" height=\"150\" src=\"https:\/\/www.radiopiu.net\/wordpress\/wp-content\/uploads\/2023\/11\/Marin-150x150.jpg\" class=\"attachment-thumbnail size-thumbnail\" alt=\"\" aria-describedby=\"gallery-4-361555\" \/><\/a>\n\t\t\t\t<\/dt>\n\t\t\t\t\t<dd class='wp-caption-text gallery-caption' id='gallery-4-361555'>\n\t\t\t\t\tFRANCESCO MARIN\n\t\t\t\t\t<\/dd><\/dl><br style=\"clear: both\" \/>\n\t\t\t<\/div>\n\n<p>&nbsp;<\/p>\n<blockquote>\n<h3>IERI SERA, DAL TG DI ANTENNA 3, OGNI SERA ALLE 19 LE ANTICIPAZIONI ALLA RADIO PIU E ALLE 19.30 SUL CANALE 10 DEL DIGITALE TERRESTRE IL TG DEI BELLUNESI<\/h3>\n<p><span style=\"color: #ff0000;\"><strong>DI TIZIANA BOLOGNANI<\/strong><\/span><br \/>\nintervistati Roberto Padrin presidente della Provincia, Oscar De Bona presidente Abm<\/p><\/blockquote>\n<p><iframe loading=\"lazy\" title=\"IL PREMIO TOP BELLUNESI IN ITALIA E NEL MONDO OMAGGIA 60\u00b0 VAJONT | 15\/11\/2023\" width=\"1200\" height=\"675\" src=\"https:\/\/www.youtube.com\/embed\/8AVth2U6RbQ?feature=oembed\" frameborder=\"0\" allow=\"accelerometer; autoplay; clipboard-write; encrypted-media; gyroscope; picture-in-picture; web-share\" allowfullscreen><\/iframe><\/p>\n<p>&nbsp;<\/p>\n<p>&nbsp;<\/p>\n<hr \/>\n<p>&nbsp;<\/p>\n<blockquote>\n<h3>DOMANI LO SCIOPERO NAZIONALE DEI TRASPORTI<\/h3>\n<\/blockquote>\n<p><strong>REDAZIONE<\/strong> Oggi \u00e8 in programma lo sciopero generale di tutti i trasporti pubblici e privati limitato a 4 ore dalle\u00a0 9 alle 13 Dolomitibus ricorda: <em>&#8220;non sono garantite le corse DALLE ORE 09:00 ALLE ORE 12.09&#8221;<\/em><\/p>\n<blockquote>\n<h3><\/h3>\n<\/blockquote>\n<blockquote>\n<h3><\/h3>\n<h3>PROVINCIALE VALLE DEL MIS, IL CANTIERE IMPONE IL SENSO UNICO E BREVI PAUSE<\/h3>\n<\/blockquote>\n<p><strong>SOSPIROLO<\/strong> Dal 14 novembre al 15 dicembre, sabato e domenica compresi, in localit\u00e0 Gena Bassa senso unico alternato regolato da semaforo o movieri, interruzioni alla viabilit\u00e0 della durata massima di 10 minuti.<\/p>\n<p>&nbsp;<\/p>\n<blockquote>\n<h3>RIAPERTA LA SS 51 DI ALEMAGNA A FADALTO<\/h3>\n<\/blockquote>\n<p><strong>REDAZIONE<\/strong>\u00a0Anas ha riaperto la statale 51 di Alemagna a Fadalto, poich\u00e9 sono state completate le operazioni di rimozione dei detriti e il ripristino delle opere di contenimento danneggiate. La chiusura precauzionale, inizialmente dovuta alle intense precipitazioni del 30 ottobre, \u00e8 stata revocata dopo la conclusione delle attivit\u00e0 di sicurezza, che hanno impedito potenziali problemi legati a una frana storica situata a monte della statale.<\/p>\n<p>&nbsp;<\/p>\n<p>&nbsp;<\/p>\n<hr \/>\n<p>&nbsp;<\/p>\n<p><a class=\"dt-pswp-item\" href=\"https:\/\/www.radiopiu.net\/wordpress\/wp-content\/uploads\/2023\/10\/34f4cfc6-e863-46e9-9695-8df44be63421.jpg\" data-dt-img-description=\"\" data-large_image_width=\"1200\" data-large_image_height=\"1200\"><img loading=\"lazy\" decoding=\"async\" class=\"wp-image-357393 alignleft\" src=\"https:\/\/www.radiopiu.net\/wordpress\/wp-content\/uploads\/2023\/10\/34f4cfc6-e863-46e9-9695-8df44be63421-300x300.jpg\" alt=\"\" width=\"81\" height=\"81\" srcset=\"https:\/\/www.radiopiu.net\/wordpress\/wp-content\/uploads\/2023\/10\/34f4cfc6-e863-46e9-9695-8df44be63421-300x300.jpg 300w, https:\/\/www.radiopiu.net\/wordpress\/wp-content\/uploads\/2023\/10\/34f4cfc6-e863-46e9-9695-8df44be63421-1024x1024.jpg 1024w, https:\/\/www.radiopiu.net\/wordpress\/wp-content\/uploads\/2023\/10\/34f4cfc6-e863-46e9-9695-8df44be63421-150x150.jpg 150w, https:\/\/www.radiopiu.net\/wordpress\/wp-content\/uploads\/2023\/10\/34f4cfc6-e863-46e9-9695-8df44be63421-768x768.jpg 768w, https:\/\/www.radiopiu.net\/wordpress\/wp-content\/uploads\/2023\/10\/34f4cfc6-e863-46e9-9695-8df44be63421.jpg 1200w\" sizes=\"auto, (max-width: 81px) 100vw, 81px\" \/><\/a>OGGI ALLA RADIO: <strong>ALLE 7<\/strong> LA RASSEGNA STAMPA LOCALE FLASH, PER CHI COME NOI ALLE SETTE DEL MATTINO VA DI FRETTA, TANTE NOTIZIE IN POCHE CHIACCHIERE. <strong>ALLE OTTO<\/strong> L&#8217;APPROFONDIMENTO NELLA STORICA RASSEGNA STAMPA LOCALE<\/p>\n<p>&nbsp;<\/p>\n<p>&nbsp;<\/p>\n<p>&nbsp;<\/p>\n<hr \/>\n<p>&nbsp;<\/p>\n<div class=\"page-title-head hgroup\">\n<blockquote>\n<h3 class=\"entry-title\">CENCENIGHE, LA VALLE: ABBONATI ALL\u2019INQUINAMENTO DELLE ACQUE<\/h3>\n<\/blockquote>\n<\/div>\n<p><strong><img loading=\"lazy\" decoding=\"async\" class=\"alignleft\" src=\"https:\/\/www.radiopiu.net\/wordpress\/wp-content\/uploads\/2021\/06\/th-12.jpg\" width=\"159\" height=\"106\" \/>CENCENIGHE<\/strong> Acqua inquinata in localit\u00e0 PRA\u2019 DI MEZZO e\u00a0 non pu\u00f2 essere usata per scopi alimentari. Verr\u00e0 effettuato servizio sostitutivo con cisterna in localit\u00e0 Pr\u00e0 di Mezzo.<\/p>\n<p><strong>LA VALLE\u00a0<\/strong>\u00a0Acqua inquinata a RONCHE, NOACH, LE CAMPE e CANCELLADE\u00a0 non \u00e8 potabile e non pu\u00f2 essere usata per scopi alimentari. Verr\u00e0 effettuato servizio sostitutivo con autobotte in localit\u00e0 Le Campe e con cisterna in localit\u00e0 Ronche.<\/p>\n<p>&nbsp;<\/p>\n<p>&nbsp;<\/p>\n<hr \/>\n<p>&nbsp;<\/p>\n<blockquote>\n<h3>GIORNATA MONDIALE DELLA PREMATURITA&#8217; A BELLUNO<\/h3>\n<\/blockquote>\n<p><strong><a class=\"dt-pswp-item\" href=\"https:\/\/www.radiopiu.net\/wordpress\/wp-content\/uploads\/2023\/11\/mani-di-mamma.png\" data-dt-img-description=\"\" data-large_image_width=\"260\" data-large_image_height=\"168\"><img loading=\"lazy\" decoding=\"async\" class=\" wp-image-361541 alignleft\" src=\"https:\/\/www.radiopiu.net\/wordpress\/wp-content\/uploads\/2023\/11\/mani-di-mamma.png\" alt=\"\" width=\"224\" height=\"145\" \/><\/a>BELLUNO <\/strong>Sabato 17 novembre, presso l&#8217;Ospedale San Martino di Belluno, si terr\u00e0 la Giornata Mondiale della Prematurit\u00e0, organizzata dal Reparto di Pediatria in collaborazione con la Regione del Veneto e l&#8217;Associazione &#8220;Mani di Mamma O.d.V.&#8221;. La prematurit\u00e0 \u00e8 un bisogno sociale spesso sottovalutato, considerando che nel mondo ogni dieci neonati uno \u00e8 prematuro. L&#8217;evento, svolto in Sala Riunioni, prevede un incontro dal titolo &#8220;Prematurit\u00e0: una sfida per la vita, una speranza per il futuro&#8221;. I relatori includono la dottoressa Nadia Battajon, neonatologa dell&#8217;Ospedale Ca\u2019 Foncello di Treviso, il dottor Marcello Florita, psicoterapeuta ed autore, e Michela Broi, lettrice d&#8217;autore. Durante l&#8217;incontro, i bambini saranno intrattenuti con giochi dal Dottor Clown e la maestra Paola. Inoltre, la sezione bellunese di &#8220;Mani di Mamma&#8221; consegner\u00e0 al Reparto ospedaliero manufatti realizzati con generose donazioni di filati.<\/p>\n<p>&nbsp;<\/p>\n<p>&nbsp;<\/p>\n<hr \/>\n<p>&nbsp;<\/p>\n<blockquote>\n<h3>UNA CAMPAGNA DI COMUNICAZIONE PER COINVOLGERE NUOVI VOLONTARI SOCCORRITORI<\/h3>\n<\/blockquote>\n<p><strong><a class=\"dt-pswp-item\" href=\"https:\/\/www.radiopiu.net\/wordpress\/wp-content\/uploads\/2023\/11\/6X3-low-scaled.jpg\" data-dt-img-description=\"\" data-large_image_width=\"2560\" data-large_image_height=\"1287\"><img loading=\"lazy\" decoding=\"async\" class=\" wp-image-361557 alignleft\" src=\"https:\/\/www.radiopiu.net\/wordpress\/wp-content\/uploads\/2023\/11\/6X3-low-300x151.jpg\" alt=\"\" width=\"191\" height=\"96\" srcset=\"https:\/\/www.radiopiu.net\/wordpress\/wp-content\/uploads\/2023\/11\/6X3-low-300x151.jpg 300w, https:\/\/www.radiopiu.net\/wordpress\/wp-content\/uploads\/2023\/11\/6X3-low-1024x515.jpg 1024w, https:\/\/www.radiopiu.net\/wordpress\/wp-content\/uploads\/2023\/11\/6X3-low-768x386.jpg 768w, https:\/\/www.radiopiu.net\/wordpress\/wp-content\/uploads\/2023\/11\/6X3-low-1536x772.jpg 1536w, https:\/\/www.radiopiu.net\/wordpress\/wp-content\/uploads\/2023\/11\/6X3-low-2048x1030.jpg 2048w\" sizes=\"auto, (max-width: 191px) 100vw, 191px\" \/><\/a>ALPAGO<\/strong> L&#8217;associazione E.V.A. Alpago, attiva dal 2001, fornisce servizi di Primo Soccorso, trasporto sanitario in ambulanza e assistenza sanitaria a eventi nel territorio dell&#8217;Alpago e Comuni limitrofi. Con 96 volontari, ha effettuato 922 servizi nell&#8217;ultimo anno, dedicando 3.622 ore di servizio e percorrendo 69.000 km. Per garantire un servizio continuativo, l&#8217;associazione cerca nuovi volontari e lancia una campagna di comunicazione sul territorio. Il Presidente Jury De Col invita interessati al corso per volontari soccorritori il 17 novembre alle ore 20 presso la sede di E.V.A. Alpago a Puos. La campagna promuove l&#8217;idea che non servono superpoteri per aiutare gli altri e sottolinea valori come l&#8217;impegno, l&#8217;umilt\u00e0 e l&#8217;empatia. L&#8217;associazione offre ai volontari formazione costante, strumenti all&#8217;avanguardia, supporto psicologico e altre iniziative. Per chi non pu\u00f2 donare tempo, \u00e8 possibile sostenere E.V.A. Alpago tramite donazioni, con benefici fiscali consultabili sul sito web dell&#8217;associazione.<\/p>\n<p>&nbsp;<\/p>\n<p>&nbsp;<\/p>\n<hr \/>\n<p>&nbsp;<\/p>\n<blockquote>\n<h3>MIG LONGARONE 2023 UN\u2019OCCASIONE DA NON PERDERE<\/h3>\n<\/blockquote>\n<p><strong><a class=\"dt-pswp-item\" href=\"https:\/\/www.radiopiu.net\/wordpress\/wp-content\/uploads\/2023\/11\/Una-MIG-da-non-perdere.jpg\" data-dt-img-description=\"\" data-large_image_width=\"2300\" data-large_image_height=\"1451\"><img loading=\"lazy\" decoding=\"async\" class=\" wp-image-361575 alignleft\" src=\"https:\/\/www.radiopiu.net\/wordpress\/wp-content\/uploads\/2023\/11\/Una-MIG-da-non-perdere-300x189.jpg\" alt=\"\" width=\"205\" height=\"129\" srcset=\"https:\/\/www.radiopiu.net\/wordpress\/wp-content\/uploads\/2023\/11\/Una-MIG-da-non-perdere-300x189.jpg 300w, https:\/\/www.radiopiu.net\/wordpress\/wp-content\/uploads\/2023\/11\/Una-MIG-da-non-perdere-1024x646.jpg 1024w, https:\/\/www.radiopiu.net\/wordpress\/wp-content\/uploads\/2023\/11\/Una-MIG-da-non-perdere-768x485.jpg 768w, https:\/\/www.radiopiu.net\/wordpress\/wp-content\/uploads\/2023\/11\/Una-MIG-da-non-perdere-1536x969.jpg 1536w, https:\/\/www.radiopiu.net\/wordpress\/wp-content\/uploads\/2023\/11\/Una-MIG-da-non-perdere-2048x1292.jpg 2048w\" sizes=\"auto, (max-width: 205px) 100vw, 205px\" \/><\/a>LONGARONE<\/strong> La 63\u00aa edizione della Mostra Internazionale del Gelato Artigianale (MIG), in programma dal 26 al 29 novembre, si prepara all&#8217;allestimento delle aree espositive. La manifestazione, focalizzata su allineamento, qualificazione, innovazione e formazione, accoglier\u00e0 aziende che coprono ogni aspetto della gestione della gelateria. Oltre all&#8217;esposizione di prodotti e attrezzature, la MIG del 2023 dedicher\u00e0 attenzione alla formazione e alla divulgazione di best practice.<\/p>\n<p>&nbsp;<\/p>\n<p>&nbsp;<\/p>\n<hr \/>\n<p>&nbsp;<\/p>\n<h2><span style=\"color: #ff6600;\">IERI ALLA RADIO\u00a0<\/span><\/h2>\n<h2><span style=\"color: #ff00ff;\">LIBER, IL NUOVO PROGRAMMA DI LIANA CAVALLET<\/span><\/h2>\n<p><strong>PUNTATA 09 -15 NOVEMBRE 2023<span style=\"color: #000000;\"> &#8220;LA MALNATA&#8221;,\u00a0 \u00a0BEATRICE SALVIONI<\/span><\/strong><\/p>\n<p><a class=\"dt-pswp-item\" href=\"https:\/\/www.radiopiu.net\/wordpress\/wp-content\/uploads\/2023\/11\/bc1ba0fa-ad20-49b1-8e97-c6cd2697e1e6.jpg\" data-dt-img-description=\"\" data-large_image_width=\"576\" data-large_image_height=\"914\"><img loading=\"lazy\" decoding=\"async\" class=\"size-medium wp-image-361517 aligncenter\" src=\"https:\/\/www.radiopiu.net\/wordpress\/wp-content\/uploads\/2023\/11\/bc1ba0fa-ad20-49b1-8e97-c6cd2697e1e6-189x300.jpg\" alt=\"\" width=\"189\" height=\"300\" srcset=\"https:\/\/www.radiopiu.net\/wordpress\/wp-content\/uploads\/2023\/11\/bc1ba0fa-ad20-49b1-8e97-c6cd2697e1e6-189x300.jpg 189w, https:\/\/www.radiopiu.net\/wordpress\/wp-content\/uploads\/2023\/11\/bc1ba0fa-ad20-49b1-8e97-c6cd2697e1e6.jpg 576w\" sizes=\"auto, (max-width: 189px) 100vw, 189px\" \/><\/a><\/p>\n<p><strong>AUDIO<\/strong><\/p>\n<audio class=\"wp-audio-shortcode\" id=\"audio-361520-11\" preload=\"none\" style=\"width: 100%;\" controls=\"controls\"><source type=\"audio\/mpeg\" src=\"https:\/\/www.radiopiu.net\/wordpress\/wp-content\/uploads\/2023\/11\/LIANA-2.mp3?_=11\" \/><a href=\"https:\/\/www.radiopiu.net\/wordpress\/wp-content\/uploads\/2023\/11\/LIANA-2.mp3\">https:\/\/www.radiopiu.net\/wordpress\/wp-content\/uploads\/2023\/11\/LIANA-2.mp3<\/a><\/audio>\n<p>&nbsp;<\/p>\n<p><strong>LA RACCOLTA COMPLETA <a href=\"https:\/\/www.radiopiu.net\/wordpress\/liber-il-nuovo-programma-di-liana-cavalet-la-raccolta-2\/\">CLICCA QUI<\/a><\/strong><\/p>\n<p>&nbsp;<\/p>\n<h2><span style=\"color: #008000;\">CISL E FEMCA CISL LA VOCE PER I LAVORATORI<\/span><\/h2>\n<p><a class=\"dt-pswp-item\" href=\"https:\/\/www.radiopiu.net\/wordpress\/wp-content\/uploads\/2023\/10\/Senza-nome-7.png\" data-dt-img-description=\"\" data-large_image_width=\"235\" data-large_image_height=\"378\"><img loading=\"lazy\" decoding=\"async\" class=\"wp-image-355326 alignleft\" src=\"https:\/\/www.radiopiu.net\/wordpress\/wp-content\/uploads\/2023\/10\/Senza-nome-7-187x300.png\" alt=\"\" width=\"92\" height=\"148\" srcset=\"https:\/\/www.radiopiu.net\/wordpress\/wp-content\/uploads\/2023\/10\/Senza-nome-7-187x300.png 187w, https:\/\/www.radiopiu.net\/wordpress\/wp-content\/uploads\/2023\/10\/Senza-nome-7.png 235w\" sizes=\"auto, (max-width: 92px) 100vw, 92px\" \/><\/a>15 NOVEMBRE 2023<\/p>\n<blockquote>\n<h3>PUNTATA 49, ALESSIO PICCOLI<\/h3>\n<\/blockquote>\n<p>&nbsp;<\/p>\n<p>&nbsp;<\/p>\n<p>&nbsp;<\/p>\n<audio class=\"wp-audio-shortcode\" id=\"audio-361520-12\" preload=\"none\" style=\"width: 100%;\" controls=\"controls\"><source type=\"audio\/mpeg\" src=\"https:\/\/www.radiopiu.net\/wordpress\/wp-content\/uploads\/2023\/11\/FEMCA-CISL-1.mp3?_=12\" \/><a href=\"https:\/\/www.radiopiu.net\/wordpress\/wp-content\/uploads\/2023\/11\/FEMCA-CISL-1.mp3\">https:\/\/www.radiopiu.net\/wordpress\/wp-content\/uploads\/2023\/11\/FEMCA-CISL-1.mp3<\/a><\/audio>\n<p>&nbsp;<\/p>\n<p><strong>LA RACCOLTA COMPLETA <a href=\"https:\/\/www.radiopiu.net\/wordpress\/cisl-e-femca-cisl-la-vocef\/\">CLICCA QUI<\/a><\/strong><\/p>\n<p>&nbsp;<\/p>\n<h2><span style=\"color: #333399;\"><a class=\"dt-pswp-item\" href=\"https:\/\/www.radiopiu.net\/wordpress\/wp-content\/uploads\/2022\/11\/scuola-zaino.jpeg\" data-dt-img-description=\"\" data-large_image_width=\"626\" data-large_image_height=\"417\"><img loading=\"lazy\" decoding=\"async\" class=\" wp-image-306830 alignleft\" src=\"https:\/\/www.radiopiu.net\/wordpress\/wp-content\/uploads\/2022\/11\/scuola-zaino-300x200.jpeg\" alt=\"\" width=\"134\" height=\"89\" srcset=\"https:\/\/www.radiopiu.net\/wordpress\/wp-content\/uploads\/2022\/11\/scuola-zaino-300x200.jpeg 300w, https:\/\/www.radiopiu.net\/wordpress\/wp-content\/uploads\/2022\/11\/scuola-zaino.jpeg 626w\" sizes=\"auto, (max-width: 134px) 100vw, 134px\" \/><\/a>SE NON LA SMETTI TI MANDO DAL PRESIDE<\/span><\/h2>\n<p><strong>DI MIRKO MEZZACASA<\/strong><\/p>\n<p>CON MARIA ROSA SALMAZO<\/p>\n<audio class=\"wp-audio-shortcode\" id=\"audio-361520-13\" preload=\"none\" style=\"width: 100%;\" controls=\"controls\"><source type=\"audio\/mpeg\" src=\"https:\/\/www.radiopiu.net\/wordpress\/wp-content\/uploads\/2023\/11\/se-non-la-smetti-9-2023.mp3?_=13\" \/><a href=\"https:\/\/www.radiopiu.net\/wordpress\/wp-content\/uploads\/2023\/11\/se-non-la-smetti-9-2023.mp3\">https:\/\/www.radiopiu.net\/wordpress\/wp-content\/uploads\/2023\/11\/se-non-la-smetti-9-2023.mp3<\/a><\/audio>\n<p>&nbsp;<\/p>\n<h2><span style=\"color: #800080;\">LA GINNASTICA RITMICA CON GIULIA FRANCHETTI PARDO<\/span><\/h2>\n<p><a class=\"dt-pswp-item\" href=\"https:\/\/www.radiopiu.net\/wordpress\/wp-content\/uploads\/2023\/11\/36726601_1954302811281868_766038869287108608_n.jpg\" data-dt-img-description=\"\" data-large_image_width=\"1066\" data-large_image_height=\"1066\"><img loading=\"lazy\" decoding=\"async\" class=\"wp-image-361385 alignleft\" src=\"https:\/\/www.radiopiu.net\/wordpress\/wp-content\/uploads\/2023\/11\/36726601_1954302811281868_766038869287108608_n-300x300.jpg\" alt=\"\" width=\"161\" height=\"161\" srcset=\"https:\/\/www.radiopiu.net\/wordpress\/wp-content\/uploads\/2023\/11\/36726601_1954302811281868_766038869287108608_n-300x300.jpg 300w, https:\/\/www.radiopiu.net\/wordpress\/wp-content\/uploads\/2023\/11\/36726601_1954302811281868_766038869287108608_n-1024x1024.jpg 1024w, https:\/\/www.radiopiu.net\/wordpress\/wp-content\/uploads\/2023\/11\/36726601_1954302811281868_766038869287108608_n-150x150.jpg 150w, https:\/\/www.radiopiu.net\/wordpress\/wp-content\/uploads\/2023\/11\/36726601_1954302811281868_766038869287108608_n-768x768.jpg 768w, https:\/\/www.radiopiu.net\/wordpress\/wp-content\/uploads\/2023\/11\/36726601_1954302811281868_766038869287108608_n.jpg 1066w\" sizes=\"auto, (max-width: 161px) 100vw, 161px\" \/><\/a><strong>L&#8217;INTERVISTA<\/strong><\/p>\n<p><strong>DI MIRKO MEZZACASA\u00a0<\/strong><\/p>\n<audio class=\"wp-audio-shortcode\" id=\"audio-361520-14\" preload=\"none\" style=\"width: 100%;\" controls=\"controls\"><source type=\"audio\/mpeg\" src=\"https:\/\/www.radiopiu.net\/wordpress\/wp-content\/uploads\/2023\/11\/giulia-franchetti-pardo-ginnastica-ritmica.mp3?_=14\" \/><a href=\"https:\/\/www.radiopiu.net\/wordpress\/wp-content\/uploads\/2023\/11\/giulia-franchetti-pardo-ginnastica-ritmica.mp3\">https:\/\/www.radiopiu.net\/wordpress\/wp-content\/uploads\/2023\/11\/giulia-franchetti-pardo-ginnastica-ritmica.mp3<\/a><\/audio>\n<p>&nbsp;<\/p>\n<h2><span style=\"color: #808000;\">IL 24 NOVEMBRE AL PALAFALCADE UNA SERATA DI SPORT E VALORI PER LA VITA<\/span><\/h2>\n<p><strong><a class=\"dt-pswp-item\" href=\"https:\/\/www.radiopiu.net\/wordpress\/wp-content\/uploads\/2023\/05\/palafalcade.png\" data-dt-img-description=\"\" data-large_image_width=\"1200\" data-large_image_height=\"604\"><img loading=\"lazy\" decoding=\"async\" class=\" wp-image-338428 alignleft\" src=\"https:\/\/www.radiopiu.net\/wordpress\/wp-content\/uploads\/2023\/05\/palafalcade-300x151.png\" alt=\"\" width=\"230\" height=\"116\" srcset=\"https:\/\/www.radiopiu.net\/wordpress\/wp-content\/uploads\/2023\/05\/palafalcade-300x151.png 300w, https:\/\/www.radiopiu.net\/wordpress\/wp-content\/uploads\/2023\/05\/palafalcade-1024x515.png 1024w, https:\/\/www.radiopiu.net\/wordpress\/wp-content\/uploads\/2023\/05\/palafalcade-768x387.png 768w, https:\/\/www.radiopiu.net\/wordpress\/wp-content\/uploads\/2023\/05\/palafalcade.png 1200w\" sizes=\"auto, (max-width: 230px) 100vw, 230px\" \/><\/a>DI MIRKO MEZZACASA<\/strong><\/p>\n<p>OSPITE: Franz Costa<\/p>\n<audio class=\"wp-audio-shortcode\" id=\"audio-361520-15\" preload=\"none\" style=\"width: 100%;\" controls=\"controls\"><source type=\"audio\/mpeg\" src=\"https:\/\/www.radiopiu.net\/wordpress\/wp-content\/uploads\/2023\/11\/FRANZ-COSTA-FALCADE-24-NOVEMBRE.mp3?_=15\" \/><a href=\"https:\/\/www.radiopiu.net\/wordpress\/wp-content\/uploads\/2023\/11\/FRANZ-COSTA-FALCADE-24-NOVEMBRE.mp3\">https:\/\/www.radiopiu.net\/wordpress\/wp-content\/uploads\/2023\/11\/FRANZ-COSTA-FALCADE-24-NOVEMBRE.mp3<\/a><\/audio>\n<p>&nbsp;<\/p>\n<p>&nbsp;<\/p>\n<h2><span style=\"color: #00ccff;\">COME SI FANNO LE COSE, LA COMMEDIA TEATRALE<\/span><\/h2>\n<p><a class=\"dt-pswp-item\" href=\"https:\/\/www.radiopiu.net\/wordpress\/wp-content\/uploads\/2023\/11\/CSFLC_245.jpg\" data-dt-img-description=\"\" data-large_image_width=\"1024\" data-large_image_height=\"683\"><img loading=\"lazy\" decoding=\"async\" class=\" wp-image-361370 alignleft\" src=\"https:\/\/www.radiopiu.net\/wordpress\/wp-content\/uploads\/2023\/11\/CSFLC_245-300x200.jpg\" alt=\"\" width=\"263\" height=\"175\" srcset=\"https:\/\/www.radiopiu.net\/wordpress\/wp-content\/uploads\/2023\/11\/CSFLC_245-300x200.jpg 300w, https:\/\/www.radiopiu.net\/wordpress\/wp-content\/uploads\/2023\/11\/CSFLC_245-768x512.jpg 768w, https:\/\/www.radiopiu.net\/wordpress\/wp-content\/uploads\/2023\/11\/CSFLC_245.jpg 1024w\" sizes=\"auto, (max-width: 263px) 100vw, 263px\" \/><\/a>Domenica al cinema Piave di Santo Stefano di Cadore alle 17\u00a0 il ritorno di una commedia che far\u00e0 ridere e riflettere con un nuovo colpo di scena nel finale. Una commedia legata allo spopolamento della montagna, ma non solo. <strong>Di e con :<\/strong> Luigi Budel e Marco De Martin Modolado Regia : Cristina Gianni Luci e Audio : Cristina Gianni Supervisione Artistica : Antonio G. Bortoluzzi Tratto dal omonimo romanzo &#8220;Come si fanno le cose&#8221; di Antonio G. Bortoluzzi. Una produzione: MDM Productions marcodemartinproductions@gmail.com<\/p>\n<p>&nbsp;<\/p>\n<p>&nbsp;<\/p>\n<p><span style=\"color: #ff0000;\"><strong>AI MICROFONI DI RADIOPIU&#8217; L&#8217;ATTORE MARCO DE MARTIN<\/strong><\/span><\/p>\n<audio class=\"wp-audio-shortcode\" id=\"audio-361520-16\" preload=\"none\" style=\"width: 100%;\" controls=\"controls\"><source type=\"audio\/mpeg\" src=\"https:\/\/www.radiopiu.net\/wordpress\/wp-content\/uploads\/2023\/11\/MARCODD.mp3?_=16\" \/><a href=\"https:\/\/www.radiopiu.net\/wordpress\/wp-content\/uploads\/2023\/11\/MARCODD.mp3\">https:\/\/www.radiopiu.net\/wordpress\/wp-content\/uploads\/2023\/11\/MARCODD.mp3<\/a><\/audio>\n<p>&nbsp;<\/p>\n<blockquote class=\"wp-embedded-content\" data-secret=\"iud1lPMyMz\"><p><a href=\"https:\/\/www.radiopiu.net\/wordpress\/rimasti-piu-avanti-p19\/\">&#8220;RIMASTI PIU&#8217; AVANTI&#8221;, ALLA SCOPERTA DELLA MUSICA BELLUNESE CON MARCO V. DAL FARRA<\/a><\/p><\/blockquote>\n<p><iframe loading=\"lazy\" class=\"wp-embedded-content\" sandbox=\"allow-scripts\" security=\"restricted\" style=\"position: absolute; clip: rect(1px, 1px, 1px, 1px);\" title=\"&#8220;&#8220;RIMASTI PIU&#8217; AVANTI&#8221;, ALLA SCOPERTA DELLA MUSICA BELLUNESE CON MARCO V. DAL FARRA&#8221; &#8212; Radio Pi\u00f9\" src=\"https:\/\/www.radiopiu.net\/wordpress\/rimasti-piu-avanti-p19\/embed\/#?secret=Qwskfg99Yw#?secret=iud1lPMyMz\" data-secret=\"iud1lPMyMz\" width=\"600\" height=\"338\" frameborder=\"0\" marginwidth=\"0\" marginheight=\"0\" scrolling=\"no\"><\/iframe><\/p>\n<p>&nbsp;<\/p>\n<p><iframe loading=\"lazy\" title=\"LA SERA CON ALEX - 15 NOVEMBRE 2023\" width=\"1200\" height=\"675\" src=\"https:\/\/www.youtube.com\/embed\/-bFJYZmlZ8I?feature=oembed\" frameborder=\"0\" allow=\"accelerometer; autoplay; clipboard-write; encrypted-media; gyroscope; picture-in-picture; web-share\" allowfullscreen><\/iframe><\/p>\n<p>&nbsp;<\/p>\n<p>&nbsp;<\/p>\n<hr \/>\n<p>&nbsp;<\/p>\n<h2><span style=\"color: #ff0000;\">GLI APPUNTAMENTI DELLA SETTIMANA\u00a0\u00a0<\/span><\/h2>\n<blockquote>\n<h3 style=\"text-align: left;\" align=\"CENTER\"><span style=\"font-family: Bookman Old Style, serif;\">CIRCOLO CULTURALE \u201cLa Terra dei Padri \u2013 Belluno APS\u201d<\/span><\/h3>\n<\/blockquote>\n<p><strong><a class=\"dt-pswp-item\" href=\"https:\/\/www.radiopiu.net\/wordpress\/wp-content\/uploads\/2023\/11\/la-patria-sconfitta-copertina-scaled.jpg\" data-dt-img-description=\"\" data-large_image_width=\"1920\" data-large_image_height=\"2560\"><img loading=\"lazy\" decoding=\"async\" class=\"wp-image-360926 alignleft\" src=\"https:\/\/www.radiopiu.net\/wordpress\/wp-content\/uploads\/2023\/11\/la-patria-sconfitta-copertina-225x300.jpg\" alt=\"\" width=\"132\" height=\"176\" srcset=\"https:\/\/www.radiopiu.net\/wordpress\/wp-content\/uploads\/2023\/11\/la-patria-sconfitta-copertina-225x300.jpg 225w, https:\/\/www.radiopiu.net\/wordpress\/wp-content\/uploads\/2023\/11\/la-patria-sconfitta-copertina-768x1024.jpg 768w, https:\/\/www.radiopiu.net\/wordpress\/wp-content\/uploads\/2023\/11\/la-patria-sconfitta-copertina-1152x1536.jpg 1152w, https:\/\/www.radiopiu.net\/wordpress\/wp-content\/uploads\/2023\/11\/la-patria-sconfitta-copertina-1536x2048.jpg 1536w, https:\/\/www.radiopiu.net\/wordpress\/wp-content\/uploads\/2023\/11\/la-patria-sconfitta-copertina-scaled.jpg 1920w\" sizes=\"auto, (max-width: 132px) 100vw, 132px\" \/><\/a>BELLUNO\u00a0<\/strong> <span style=\"font-family: Bookman Old Style, serif;\">Sabato conferenza di presentazione dell\u2019ultimo saggio\/romanzo storico di Franco Giuseppe Gobbato \u2013 saggista, scrittore e ricercatore storico \u2013 intitolato \u201c<\/span><span style=\"font-family: Bookman Old Style, serif;\"><b>La patria sconfitta<\/b><\/span><span style=\"font-family: Bookman Old Style, serif;\">\u201c, edizioni Ritter. <\/span><span style=\"font-family: Bookman Old Style, serif;\"><b>L\u2019evento avr\u00e0 luogo alle 18.00 presso la sede del Circolo culturale \u201cLa Terra dei Padri\u201d in via dei Molini, 10 a Borgo Piave<\/b><\/span><span style=\"font-family: Bookman Old Style, serif;\"> (davanti alla chiesa di San Nicol\u00f2). L\u2019Autore sar\u00e0 presentato da Francesco Dematt\u00e8. <\/span><span style=\"font-family: Bookman Old Style, serif;\">L\u2019organizzazione della serata \u00e8 ad opera della Delegazione di Belluno della Lega Nazionale e del Circolo culturale \u201cLa Terra dei Padri\u201d.<\/span><\/p>\n<p>&nbsp;<\/p>\n<p>&nbsp;<\/p>\n<p>&nbsp;<\/p>\n<p><a class=\"dt-pswp-item\" href=\"https:\/\/www.radiopiu.net\/wordpress\/wp-content\/uploads\/2023\/11\/6ef13c6c-f912-41cf-a15e-5220bf2d3c7f.jpg\" data-dt-img-description=\"\" data-large_image_width=\"1131\" data-large_image_height=\"1600\"><img loading=\"lazy\" decoding=\"async\" class=\"size-medium wp-image-360248 alignleft\" src=\"https:\/\/www.radiopiu.net\/wordpress\/wp-content\/uploads\/2023\/11\/6ef13c6c-f912-41cf-a15e-5220bf2d3c7f-212x300.jpg\" alt=\"\" width=\"212\" height=\"300\" srcset=\"https:\/\/www.radiopiu.net\/wordpress\/wp-content\/uploads\/2023\/11\/6ef13c6c-f912-41cf-a15e-5220bf2d3c7f-212x300.jpg 212w, https:\/\/www.radiopiu.net\/wordpress\/wp-content\/uploads\/2023\/11\/6ef13c6c-f912-41cf-a15e-5220bf2d3c7f-724x1024.jpg 724w, https:\/\/www.radiopiu.net\/wordpress\/wp-content\/uploads\/2023\/11\/6ef13c6c-f912-41cf-a15e-5220bf2d3c7f-768x1086.jpg 768w, https:\/\/www.radiopiu.net\/wordpress\/wp-content\/uploads\/2023\/11\/6ef13c6c-f912-41cf-a15e-5220bf2d3c7f-1086x1536.jpg 1086w, https:\/\/www.radiopiu.net\/wordpress\/wp-content\/uploads\/2023\/11\/6ef13c6c-f912-41cf-a15e-5220bf2d3c7f.jpg 1131w\" sizes=\"auto, (max-width: 212px) 100vw, 212px\" \/><\/a><br \/>\n<strong>Rivamonte<\/strong> IL PRESIDIO LIBERA AGORDINO LUCIA PRECENZANO, SALVATORE AVERSA TI INVITA A &#8220;RIPARTIAMO DAI DIRITTI UMANI&#8221;, DIRITTO ALLA SALUTE, DIGNITA&#8217; E UGUAGLIANZA. SABATO 18 NOVEMBRE ALLE 20.30 ALLA CASA DELLA GIOVENTU&#8217; DI RIVAMONTE &#8220;MUSICAL PICCOLE DONNE&#8221; MESSO IN SCENA DALLA COMPAGNIA TTM, IN COLLABORAZIONE CON L&#8217;ASSOCIAZIONE BELLUNO DONNA. INGRESSO LIBERO, OFFERTE DEVOLUTE ALL&#8217;ASSOCIAZIONE BELLUNO DONNA, DA 20 ANNI A FIANCO DELLE DONNE. SABATO 18 NOVEMBRE 20.30 CASA DELLA GIOVENTU&#8217; DI RIVAMONTE, CON LIBERA AGORDINO, IN COLLABORAZIONE CON LA PROLOCO DI RIVAMONTE E IL PATROCINIO DELLE PARROCCHIE DEL POI E DEI FOLLI MA SPERANZOSI<\/p>\n<p>&nbsp;<\/p>\n<p>&nbsp;<\/p>\n<p>&nbsp;<\/p>\n<p>&nbsp;<\/p>\n<blockquote>\n<h3>IL LIBRO SUI BIRRIFICI DELLE DOLOMITI<\/h3>\n<\/blockquote>\n<p><strong>BELLUNO<\/strong> Domani alle 18:30 alla Birreria Il Koala di Belluno incontro con Cristiano Cressoni che presentar\u00e0 il libro dal titolo &#8220;Gli Antichi Birrifici delle Dolomiti&#8221;<\/p>\n<p>&nbsp;<\/p>\n<blockquote>\n<h3>SPETTACOLI DI MISTERO A SOSPIROLO<\/h3>\n<\/blockquote>\n<p><strong>SOSPIROLO<\/strong> Domani al Centro Civico appuntamento con lo spettacolo teatrale e reading sui &#8220;Brusa la vecia&#8221; con la regia di Cristina Gianni e i lettori \u201cstorici\u201d dei testamenti sospirolesi.<\/p>\n<p>&nbsp;<\/p>\n<blockquote>\n<h3>INCONTRO CON PAOLO PIVA &#8220;EDUCAZIONE ALL&#8217;EUROPA&#8221;, APERTO A TUTTI<\/h3>\n<\/blockquote>\n<p><strong>BELLUNO<\/strong> Sabato alle 10 presso il Cinema Italia di Belluno si terr\u00e0 il convegno<em> &#8220;Europa: valori, democrazia, istituzioni. Quale futuro?&#8221;<\/em> organizzato dal centro Europe Direct Montagna Veneta insieme a Scuole in Rete. L&#8217;evento mira a chiarire le istituzioni dell&#8217;UE, i valori e la democrazia in vista delle elezioni europee 2024.<\/p>\n<p>&nbsp;<\/p>\n<h3>G&amp;G IN PIAZZA, PROTAGONISTI I BAMBINI<\/h3>\n<p><strong>BELLUNO<\/strong> Il duo G&amp;G Giorgio Dell&#8217;Osta e Giulia Fretuti e volevamo saranno in piazza dei Martiri a Belluno sabato alle\u00a0 15.30. Due artigiani del legno, che racconteranno la storia di un bambino e un albero, storia di leggerezza, e verit\u00e0, di amicizia \u00a0di legno e natura e\u00a0 di futuro perch\u00e9 i bambini saranno loro che dovranno proteggere tutto questo,<\/p>\n<p>&nbsp;<\/p>\n<p>&nbsp;<\/p>\n<p>&nbsp;<\/p>\n<p><em><strong>A CAVIOLA DAL 18 AL 21 NOVEMBRE: SAGRA MADONNA DELLA SALUTE<\/strong>. Sabato 18 novembre alle 15 castagnata con il gruppo giovani,dalle 18 cucina anche da asporto Domenica 9 Messa, 10 trucca bambini e animazione, 11.15 cucina anche da asporto, con intrattenimento musicale. pomeriggio Torneo di Risiko e Monopoli Gara di Briscola e Castagnata con gli Alpini e \u201cL\u2019era na volta valk de doz\u201d. Gara di Torte con ricavato devoluto alla Croce Verde; iscrizioni al numero 349 1945681 <\/em><em>Marted\u00ec 21, Madonna della Salute con rosario e messe alla chiesa Madonna della Salute. Dalle 11.15 cucina anche da asporto NEI TRE GIORNI, PESCA DI BENEFICIENZA PRESSO I LOCALI ADIACENTI ALLA CHIESA PARROCCHIALE. <\/em><em>Manifestazioni a cura del Gruppo Alpini Caviola Cime d\u2019Auta, Parrocchia e ProLoco di Caviola\u00a0<\/em><\/p>\n<p>&nbsp;<\/p>\n<h2><span style=\"color: #ff0000;\">PROSSIMAMENTE<\/span><\/h2>\n<blockquote>\n<h3>IL TRIO MYTHOS ALL&#8217;AUDITORIUM DEL LICE LOLLINO<\/h3>\n<\/blockquote>\n<p><strong>BELLUNO<\/strong> Arrivano da Roma, Accademia di Santa Cecilia, Giuliano Cavaliere violino, Rina You violoncello e Marios Panteliadis pianoforte, al secolo il Trio Mythos, suonano a Belluno, martedi alle\u00a020:30, all&#8217;Auditorium del Liceo Lollino di Belluno, proponendo un interessante programma musicale dedicato al secolo scorso.<\/p>\n<p>&nbsp;<\/p>\n<blockquote>\n<h3 class=\"entry-title\">EVENTI PER I 40 ANNI DEL CENTRO INTERNAZIONALE DEL LIBRO PARLATO \u201cA. SERNAGIOTTO\u201d<\/h3>\n<\/blockquote>\n<p><strong class=\"photoswipe-wrapper\"><a class=\"dt-pswp-item pspw-wrap-ready\" href=\"https:\/\/www.radiopiu.net\/wordpress\/wp-content\/uploads\/2023\/11\/1f9b39ac-7445-4292-9e66-746ed8bde8d9.jpg\" data-dt-img-description=\"\" data-large_image_width=\"800\" data-large_image_height=\"1067\"><img loading=\"lazy\" decoding=\"async\" class=\" wp-image-360368 alignleft\" src=\"https:\/\/www.radiopiu.net\/wordpress\/wp-content\/uploads\/2023\/11\/1f9b39ac-7445-4292-9e66-746ed8bde8d9-225x300.jpg\" sizes=\"auto, (max-width: 182px) 100vw, 182px\" srcset=\"https:\/\/www.radiopiu.net\/wordpress\/wp-content\/uploads\/2023\/11\/1f9b39ac-7445-4292-9e66-746ed8bde8d9-225x300.jpg 225w, https:\/\/www.radiopiu.net\/wordpress\/wp-content\/uploads\/2023\/11\/1f9b39ac-7445-4292-9e66-746ed8bde8d9-768x1024.jpg 768w, https:\/\/www.radiopiu.net\/wordpress\/wp-content\/uploads\/2023\/11\/1f9b39ac-7445-4292-9e66-746ed8bde8d9.jpg 800w\" alt=\"\" width=\"182\" height=\"243\" \/><\/a>FELTRE<\/strong> Gli eventi in programma per celebrare i 40 anni del Libro Parlato di Feltre \u201cA. Sernagiotto\u201d.<\/p>\n<p><strong>MERCOLEDI 22 NOVEMBRE\u00a0<\/strong>alle 18 in Sala Ocri la presentazione del romanzo \u201cNavigante di poppa\u201d: Incontro con l\u2019autrice Loredana Borghetto, presenta Cristina Pierotti<\/p>\n<p><strong>SABATO 9 DICEMBRE\u00a0<\/strong>alle 18 in Sala Ocri Letture ad alta voce dedicate a Italo Calvino con Fabio Dalla Zuanna e Anna Branciforti<\/p>\n<p><strong>LUNEDI 18 DICEMBRE\u00a0<\/strong>alle 18 in Sala Ocri Flavio Faoro: da Oltre le vette ai racconti e alle fiabe, presenta Luisa Alchini. Letture ad alta voce del gruppo Libri Parlanti<\/p>\n<p><strong>VENERDI 22 DICEMBRE\u00a0<\/strong>alle 18 in Sala Ocri Presentazione del libro \u201cIl saldatore del Vajont\u201d con l\u2019autore Antonio G. Bortoluzzi \u2013 presenta Nicola Maccagnan<\/p>\n<p>&nbsp;<\/p>\n<p>&nbsp;<\/p>\n<p>&nbsp;<\/p>\n<hr \/>\n<p>&nbsp;<\/p>\n<blockquote>\n<h3>SABATO TORNA PIU&#8217; MIX IN LIVE SU RADIO PIU&#8217;<\/h3>\n<\/blockquote>\n<p><strong>REDAZIONE<\/strong> Dopo gli appuntamenti dello scorso anno, sabato torna Pi\u00f9 Mix In Live, un programma da un&#8217;idea di Moreno Tocchetto. A partire dalle 21 saranno negli studi di Radio Pi\u00f9 Morgan &amp; Battaglia DJS. Una lunga serata con intervista e Dj set dei due Dj&#8217;s Agordini. Un appuntamento da non perdere.<\/p>\n<p><a class=\"dt-pswp-item\" href=\"https:\/\/www.radiopiu.net\/wordpress\/wp-content\/uploads\/2023\/11\/6e1dfa5c-5d8b-474b-910a-c77dcefa8f95.jpg\" data-dt-img-description=\"\" data-large_image_width=\"650\" data-large_image_height=\"800\"><img loading=\"lazy\" decoding=\"async\" class=\"size-medium wp-image-361314 aligncenter\" src=\"https:\/\/www.radiopiu.net\/wordpress\/wp-content\/uploads\/2023\/11\/6e1dfa5c-5d8b-474b-910a-c77dcefa8f95-244x300.jpg\" alt=\"\" width=\"244\" height=\"300\" srcset=\"https:\/\/www.radiopiu.net\/wordpress\/wp-content\/uploads\/2023\/11\/6e1dfa5c-5d8b-474b-910a-c77dcefa8f95-244x300.jpg 244w, https:\/\/www.radiopiu.net\/wordpress\/wp-content\/uploads\/2023\/11\/6e1dfa5c-5d8b-474b-910a-c77dcefa8f95.jpg 650w\" sizes=\"auto, (max-width: 244px) 100vw, 244px\" \/><\/a><\/p>\n<h3><\/h3>\n<h3><\/h3>\n<h3><\/h3>\n<h3><\/h3>\n<h1>Vivi la natura<\/h1>\n<p>&nbsp;<\/p>\n\n\t\t\t<style type='text\/css'>\n\t\t\t\t#gallery-5 {\n\t\t\t\t\tmargin: auto;\n\t\t\t\t}\n\t\t\t\t#gallery-5 .gallery-item {\n\t\t\t\t\tfloat: left;\n\t\t\t\t\tmargin-top: 10px;\n\t\t\t\t\ttext-align: center;\n\t\t\t\t\twidth: 33%;\n\t\t\t\t}\n\t\t\t\t#gallery-5 img {\n\t\t\t\t\tborder: 2px solid #cfcfcf;\n\t\t\t\t}\n\t\t\t\t#gallery-5 .gallery-caption {\n\t\t\t\t\tmargin-left: 0;\n\t\t\t\t}\n\t\t\t\t\/* see gallery_shortcode() in wp-includes\/media.php *\/\n\t\t\t<\/style>\n\t\t<div id='gallery-5' class='dt-gallery-container gallery galleryid-361520 gallery-columns-3 gallery-size-thumbnail'><dl class='gallery-item'>\n\t\t\t\t<dt class='gallery-icon portrait'>\n\t\t\t\t\t<a class=\"rollover rollover-zoom dt-pswp-item\" title=\"053c6c4f-efff-45d9-831e-799f394cd14f\" data-dt-img-description=\"\" data-large_image_width=\"720\" data-large_image_height=\"1600\"href='https:\/\/www.radiopiu.net\/wordpress\/wp-content\/uploads\/2023\/11\/053c6c4f-efff-45d9-831e-799f394cd14f.jpg'><img loading=\"lazy\" decoding=\"async\" width=\"150\" height=\"150\" src=\"https:\/\/www.radiopiu.net\/wordpress\/wp-content\/uploads\/2023\/11\/053c6c4f-efff-45d9-831e-799f394cd14f-150x150.jpg\" class=\"attachment-thumbnail size-thumbnail\" alt=\"\" \/><\/a>\n\t\t\t\t<\/dt><\/dl><dl class='gallery-item'>\n\t\t\t\t<dt class='gallery-icon portrait'>\n\t\t\t\t\t<a class=\"rollover rollover-zoom dt-pswp-item\" title=\"7afcfe0c-cad8-46af-9552-5192e698651b\" data-dt-img-description=\"\" data-large_image_width=\"720\" data-large_image_height=\"1600\"href='https:\/\/www.radiopiu.net\/wordpress\/wp-content\/uploads\/2023\/11\/7afcfe0c-cad8-46af-9552-5192e698651b.jpg'><img loading=\"lazy\" decoding=\"async\" width=\"150\" height=\"150\" src=\"https:\/\/www.radiopiu.net\/wordpress\/wp-content\/uploads\/2023\/11\/7afcfe0c-cad8-46af-9552-5192e698651b-150x150.jpg\" class=\"attachment-thumbnail size-thumbnail\" alt=\"\" \/><\/a>\n\t\t\t\t<\/dt><\/dl><dl class='gallery-item'>\n\t\t\t\t<dt class='gallery-icon landscape'>\n\t\t\t\t\t<a class=\"rollover rollover-zoom dt-pswp-item\" title=\"bab2fbfe-4329-47d7-9eba-b654203c68bd\" data-dt-img-description=\"\" data-large_image_width=\"1600\" data-large_image_height=\"720\"href='https:\/\/www.radiopiu.net\/wordpress\/wp-content\/uploads\/2023\/11\/bab2fbfe-4329-47d7-9eba-b654203c68bd.jpg'><img loading=\"lazy\" decoding=\"async\" width=\"150\" height=\"150\" src=\"https:\/\/www.radiopiu.net\/wordpress\/wp-content\/uploads\/2023\/11\/bab2fbfe-4329-47d7-9eba-b654203c68bd-150x150.jpg\" class=\"attachment-thumbnail size-thumbnail\" alt=\"\" \/><\/a>\n\t\t\t\t<\/dt><\/dl><br style=\"clear: both\" \/>\n\t\t\t<\/div>\n\n<h3>JOHN FRANCIS DELLA PIETRA<\/h3>\n<p>Un richiamo ancestrale<br \/>\nM invita con dolcezza ma fermezza<br \/>\nAd addentrarmi nel bosco<br \/>\nSenza tema m avvio su un ripido sentiero<br \/>\nDapprima ascolto il silenzio ovattato che mi circonda<br \/>\nPoi i miei passi<br \/>\nIniziano posarsi sulle autunnali foglie caduche<br \/>\nUn crich croch indistinto<br \/>\nSeppure musicale<br \/>\nPian piano i miei sensi si fanno pi\u00f9 attenti<br \/>\nMentre attimo dopo attimo<br \/>\nLa mente si svuota dalla solita disarmante quotidianit\u00e0 mediatica<br \/>\nI colori i profumi<br \/>\nMi si parano dinnanzi<br \/>\nDevo concentrarmi<br \/>\nPer attingere ai recessi pi\u00f9 lontani della mia memoria<br \/>\nLentamente i ricordi si fanno pi\u00f9 nitidi<br \/>\nL infanzia l adolescenza la giovinezza<br \/>\nMi vengono incontro<br \/>\nGl insegnamenti<br \/>\nD una nonna vissuta un secolo fra la natura<br \/>\nMi ausiliano con franchezza e certezza<br \/>\nComincio a chiamare le piante per nome<br \/>\nGuardando la loro immagine<br \/>\nI colori delle loro vesti<br \/>\nPerlopi\u00f9 a terra ai piedi del fusto<br \/>\nUn profumo pungente<br \/>\nMi avvisa che sto transitando<br \/>\nVicino a dei noci<br \/>\nOrmai spogli<br \/>\nMa l\u00e0 sotto alle foglie cadute si celano i suoi frutti<br \/>\nPoi vestigia gialle verdi e rosse d un unica guisa<br \/>\nMi confondono quasi<br \/>\nEcco rimembro il loro aereo stormire<br \/>\nDel pioppo tremulo<br \/>\nM impongo per un breve momento<br \/>\nDi socchiuder gl occhi<br \/>\nPer comprendere solo dal roco risuonare<br \/>\nDel mio avanzare<br \/>\nDove sto passando<br \/>\nCalpesto un tappeto sotto a degl aceri coi rami nudi protesi al cielo<br \/>\nUn cromatismo che ora volge al rosso passando per il giallo<br \/>\nM induce a credere che sono<br \/>\nLe piccole foglie di faggio<br \/>\nA scricchiolare acutamente sotto di me<br \/>\nAlcuni aghi ahim\u00e8<br \/>\nColpiscono la mia testa ormai lucente<br \/>\nDegli abeti che si stanno seccando<br \/>\nPrego per la loro sempreverde anima<br \/>\nE li ringrazio<br \/>\nPer tutto il bene che hanno fatto<br \/>\nSul pianoro d un improvvisato belvedere<br \/>\nScorgo fra lo svettare d indomiti candidi monti e dell azzurro cielo<br \/>\nL ingiallire di chiome che s ergono sopra le altre<br \/>\nFin lass\u00f9 alle pendici del paradiso<br \/>\nI possenti larici<br \/>\nVedette sentinelle sempre all erta<br \/>\nPronte a salvarci<br \/>\nDalla furia delle intemperie<br \/>\nQualcuno resiste seppur spezzato dall orrida tempesta<br \/>\nD un lustro che fu<br \/>\nUna mano pietosa a messo a dimora<br \/>\nFra le ceppaie divelte con le radici al sole<br \/>\nDelle piccole piantine della stessa specie<br \/>\nRetaggio d un amore passato<br \/>\nNel mentre odo lo scoppiettio di quel rosso legno sul fuoco<br \/>\nA riscaldar vecchie membra<br \/>\nOra il sentiero digrada verso il basso<br \/>\nFra i segni appena visibili<br \/>\nD antichi e faticosi campi alpini<br \/>\nPi\u00f9 gi\u00f9 degl isolati fienili<br \/>\nSull orlo della via da grosse radici si dipartono tronchi che artisticamente diramano verso la luce<br \/>\nNell intraveder palmate foglie comprendo<br \/>\nAntichi frassini che venivano ogni anno potati dei giovani teneri rami pasto frugale di caprini armenti<br \/>\nEcco penso la natura m ha stupito ancora con la sua semplicit\u00e0 senza il bisogno di tecnocrazie<br \/>\nChe affliggono ogni giorno il nostro spirito<br \/>\nNel rientrare sono contento<br \/>\nMa d improvviso<br \/>\nAlcuni spinosi cespugli mi chiamano<br \/>\nCome dicendo ti sei scordato di noi<br \/>\nRiemerge in me un delicato effluvio di piccoli candidi fiori<br \/>\nOsservo meglio<br \/>\nFra le spine quasi invisibili<br \/>\nMinuscoli rotondi frutti blu<br \/>\nCome piccole susine selvatiche<br \/>\nLa mia mente non trova il loro nome<br \/>\nMa il mio cuore s intenerisce<br \/>\nAlla vista di questa meravigliosa espressione<br \/>\nDella natura selvaggia<br \/>\nChe ancora esiste e vive<br \/>\nFra noi<\/p>\n<p>&nbsp;<\/p>\n<p>&nbsp;<\/p>\n<p>&nbsp;<\/p>\n<p>&nbsp;<\/p>\n<hr \/>\n<p>&nbsp;<\/p>\n<div class=\"message spoilers-container\" dir=\"auto\">\n<div class=\"column\">\n<div class=\"message spoilers-container\" dir=\"auto\">\n<div class=\"column\">\n<p><img loading=\"lazy\" decoding=\"async\" class=\"aligncenter wp-image-61954 size-full\" src=\"https:\/\/www.radiopiu.net\/wordpress\/wp-content\/uploads\/2018\/09\/viabilita.jpeg\" sizes=\"auto, (max-width: 800px) 100vw, 800px\" srcset=\"https:\/\/www.radiopiu.net\/wordpress\/wp-content\/uploads\/2018\/09\/viabilita.jpeg 800w, https:\/\/www.radiopiu.net\/wordpress\/wp-content\/uploads\/2018\/09\/viabilita-300x38.jpeg 300w, https:\/\/www.radiopiu.net\/wordpress\/wp-content\/uploads\/2018\/09\/viabilita-768x96.jpeg 768w\" alt=\"\" width=\"800\" height=\"100\" \/><\/p>\n<\/div>\n<\/div>\n<div class=\"message spoilers-container\" dir=\"auto\">\n<div class=\"column\">\n<p>&nbsp;<\/p>\n<\/div>\n<\/div>\n<\/div>\n<\/div>\n<blockquote class=\"wp-embedded-content\" data-secret=\"3ZG4qhrv0G\"><p><a href=\"https:\/\/www.radiopiu.net\/wordpress\/viabilita\/\">viabilita<\/a><\/p><\/blockquote>\n<p><iframe loading=\"lazy\" class=\"wp-embedded-content\" sandbox=\"allow-scripts\" security=\"restricted\" style=\"position: absolute; clip: rect(1px, 1px, 1px, 1px);\" title=\"&#8220;viabilita&#8221; &#8212; Radio Pi\u00f9\" src=\"https:\/\/www.radiopiu.net\/wordpress\/viabilita\/embed\/#?secret=Y1XHmNQJCr#?secret=3ZG4qhrv0G\" data-secret=\"3ZG4qhrv0G\" width=\"600\" height=\"338\" frameborder=\"0\" marginwidth=\"0\" marginheight=\"0\" scrolling=\"no\"><\/iframe><\/p>\n<div class=\"message spoilers-container\" dir=\"auto\">\n<div class=\"column\">\n<div class=\"message spoilers-container\" dir=\"auto\">\n<div class=\"column\">\n<div>\n<div dir=\"ltr\">\n<div class=\"gmail_quote\">\n<div dir=\"ltr\">\n<div><\/div>\n<div><\/div>\n<\/div>\n<\/div>\n<\/div>\n<\/div>\n<hr \/>\n<p>&nbsp;<\/p>\n<p><a class=\"dt-pswp-item\" href=\"https:\/\/www.radiopiu.net\/wordpress\/wp-content\/uploads\/2018\/09\/WhatsApp-Image-2018-09-20-at-16.04.06.jpeg\" data-dt-img-description=\"\" data-large_image_width=\"800\" data-large_image_height=\"100\"><img loading=\"lazy\" decoding=\"async\" class=\"wp-image-61378 size-full aligncenter\" src=\"https:\/\/www.radiopiu.net\/wordpress\/wp-content\/uploads\/2018\/09\/WhatsApp-Image-2018-09-20-at-16.04.06.jpeg\" alt=\"\" width=\"800\" height=\"100\" srcset=\"https:\/\/www.radiopiu.net\/wordpress\/wp-content\/uploads\/2018\/09\/WhatsApp-Image-2018-09-20-at-16.04.06.jpeg 800w, https:\/\/www.radiopiu.net\/wordpress\/wp-content\/uploads\/2018\/09\/WhatsApp-Image-2018-09-20-at-16.04.06-300x38.jpeg 300w, https:\/\/www.radiopiu.net\/wordpress\/wp-content\/uploads\/2018\/09\/WhatsApp-Image-2018-09-20-at-16.04.06-768x96.jpeg 768w\" sizes=\"auto, (max-width: 800px) 100vw, 800px\" \/><\/a><\/p>\n<\/div>\n<\/div>\n<p>&nbsp;<\/p>\n<\/div>\n<\/div>\n<p><center><\/center><center><\/center><center><\/center><center><b>OGGI<\/b><\/center>Tempo in prevalenza soleggiato con cielo sereno o poco nuvoloso per sottili velature fino alle ore centrali del giorno. Poi intensificazione e maggiore estensione delle velature del cielo, assieme all&#8217;arrivo di nubi medio-alte in grado di coprire il cielo alla sera<br \/>\n<b>Precipitazioni: <\/b>Assenti (0%).<br \/>\n<b>Temperature: <\/b>In generale calo,<\/p>\n<hr \/>\n<p><center><b>DOMANI<\/b><\/center>Al mattino sulle Dolomiti tratti soleggiati e annuvolamenti irregolari, anche intensi ed associati a neve burrascosa in quota nonch\u00e9 locali piovaschi nelle valli; sulle Prealpi sole e poche nubi. Al pomeriggio diradamento nuvolosit\u00e0 ed ampi rasserenamenti sulle Dolomiti, mentre nubi di sottovento potrebbero ridurre sensibilmente il soleggiamento sulle Prealpi.<br \/>\n<b>Precipitazioni: <\/b>In mattinata qualche breve piovasco sulle Dolomiti (30-40%), con neve burrascosa fino sui 1400\/1600 m. Altrove assenti (0%). Al pomeriggio assenti ovunque. Gli apporti saranno irrilevanti.<br \/>\n<b>Temperature: <\/b>In quota in generale sensibile calo con minime osservate alla sera, mentre saranno in rialzo nelle valli, in modo irregolare in relazione all&#8217;entit\u00e0 delle condizioni di Foehn.<\/p>\n<hr \/>\n<p><center><b>SABATO<\/b><\/center>Tempo ben soleggiato con cielo terso ed ottima visibilit\u00e0 su tutta la montagna veneta, salvo temporanee nubi di sottovento sulle Prealpi. Nel tardo pomeriggio\/sera arrivo di nubi alte in grado di velare il cielo. Temperature in generale ulteriore calo con ambiente invernale oltre i 1600 m, mentre il Foehn attenuer\u00e0 il freddo nelle valli, pur osservando una certa diminuzione.<\/p>\n<hr \/>\n<p><center><b>DOMENICA<\/b><\/center>Tempo in parte soleggiato con temporanee velature del cielo per sottili nubi alte al mattino; Lieve insidia nebbia nelle ore pi\u00f9 fredde in Valbelluna. Al pomeriggio aumento della nuvolosit\u00e0 stratiforme medio-alta, in intensificazione fino a cielo coperto entro la sera. Temperature in aumento rispetto a sabato.<\/p>\n<p>&nbsp;<\/p>\n<div class=\"message spoilers-container\" dir=\"auto\">\n<hr \/>\n<p>&nbsp;<\/p>\n<p><img loading=\"lazy\" decoding=\"async\" class=\"wp-image-60761 size-full aligncenter\" src=\"https:\/\/www.radiopiu.net\/wordpress\/wp-content\/uploads\/2018\/09\/sport.jpg\" alt=\"\" width=\"800\" height=\"100\" srcset=\"https:\/\/www.radiopiu.net\/wordpress\/wp-content\/uploads\/2018\/09\/sport.jpg 800w, https:\/\/www.radiopiu.net\/wordpress\/wp-content\/uploads\/2018\/09\/sport-300x38.jpg 300w, https:\/\/www.radiopiu.net\/wordpress\/wp-content\/uploads\/2018\/09\/sport-768x96.jpg 768w\" sizes=\"auto, (max-width: 800px) 100vw, 800px\" \/><\/p>\n<p>&nbsp;<\/p>\n<p><span style=\"color: #0000ff;\"><strong>HOCKEY SU GHIACCIO<\/strong><\/span><\/p>\n<blockquote>\n<h3>AD ALLEGHE ARRIVANO LE LINCI DI PERGINE<\/h3>\n<\/blockquote>\n<p><strong><a class=\"dt-pswp-item\" href=\"https:\/\/www.radiopiu.net\/wordpress\/wp-content\/uploads\/2023\/11\/68bf3f00-e3d4-454f-b779-0922ddff8183.jpeg\" data-dt-img-description=\"\" data-large_image_width=\"828\" data-large_image_height=\"378\"><img loading=\"lazy\" decoding=\"async\" class=\"size-medium wp-image-361489 alignleft\" src=\"https:\/\/www.radiopiu.net\/wordpress\/wp-content\/uploads\/2023\/11\/68bf3f00-e3d4-454f-b779-0922ddff8183-300x137.jpeg\" alt=\"\" width=\"300\" height=\"137\" srcset=\"https:\/\/www.radiopiu.net\/wordpress\/wp-content\/uploads\/2023\/11\/68bf3f00-e3d4-454f-b779-0922ddff8183-300x137.jpeg 300w, https:\/\/www.radiopiu.net\/wordpress\/wp-content\/uploads\/2023\/11\/68bf3f00-e3d4-454f-b779-0922ddff8183-768x351.jpeg 768w, https:\/\/www.radiopiu.net\/wordpress\/wp-content\/uploads\/2023\/11\/68bf3f00-e3d4-454f-b779-0922ddff8183.jpeg 828w\" sizes=\"auto, (max-width: 300px) 100vw, 300px\" \/><\/a>di Roberto Miana, portavoce dell\u2019Alleghe Hockey<\/strong><\/p>\n<p style=\"font-weight: 400;\">Tredicesima giornata (seconda del girone di ritorno) di Regular Season del campionato IHL. Gioved\u00ec 16 novembre alle 20:30 l\u2019Alleghe ospita il Pergine. Trasferta amara per le Civette nell\u2019ultimo turno di campionato, sconfitte 0-4 sul ghiaccio di Varese. Passo falso da dimenticare in fretta in vista del prossimo incontro con un lanciatissimo Pergine. L\u2019Alleghe, dopo 11 partite giocate, \u00e8 quarto in classifica con 19 punti. Nikolai Zherdev \u00e8 il top scorer della squadra con 15 punti (7 gol e 8 assist), seguito da Gabriel Vinatzer: 14 punti (6+8) e Juho M\u00e4kel\u00e4: 11 punti (4+7). Il Pergine \u00e8 reduce dalla vittoria casalinga 6-4 contro il Dobbiaco. Le Linci sono seconde in classifica con 27 punti, nove vittorie e due sconfitte e possono vantare il miglior attacco del torneo con 44 reti segnate. Bomber della squadra l\u2019italo\/canadese Christian Buono con 20 punti a referto, equamente suddivisi tra reti e assist e lo slovacco Jozef Foltin autore di 7 marcature. Nelle file dei valsuganotti anche l\u2019italo\/svedese ex Alleghe: Joshua Berger, protagonista di 15 punti. Nei 28 precedenti tra Alleghe e Pergine si contano 13 vittorie Alleghesi, 14 Trentine e 1 pareggio. Nella gara di \u00a0andata si sono imposte le Linci 3-2. Nell&#8217;ultima gara disputata al \u201cDe Toni\u201d di Alleghe il 19 novembre dell\u2019anno scorso si sono imposti gli ospiti 3-1.<\/p>\n<p style=\"font-weight: 400;\"><strong>ALLEGHE hockey &#8211; Hockey PERGINE <\/strong>Gioved\u00ec 16 novembre ore 20:30 \u2013 palaghiaccio Alvise De Toni di Alleghe (BL). Arbitri: Cristiano Biacoli e Luca Zatta con giudici di linea Lorenzo Dell\u2019amico e Fabrizio De Toni. Collegamenti in DIRETTA RADIOFONICA su Radio Pi\u00f9\u00a0(www.radiopiu.net) con \u201cHockey al punto giusto\u201d, in studio Marco Gaz<\/p>\n<p>&nbsp;<\/p>\n<blockquote>\n<h3>STASERA IN CAMPO ANCHE IL FELTRE. AL DRIO LE RIVE ARRIVA IL FIEMME<\/h3>\n<\/blockquote>\n<p>Nel turno infrasettimanale di IHL in campo anche il Feltre che stasera alle 20:30 giocher\u00e0 in casa contro il Fiemme. Una partita che si preannuncia combattuta con i trentini che proveranno a raggiungere i feltrini in classifica anche se la squadra di Cavalese non sta passando un buon periodo. Il Feltre alla ricerca dei tre punti per cercare di agguantare la zona alta della graduatoria.<\/p>\n<p><strong>LA CLASSIFICA<\/strong>\u00a0Caldaro 30, Pergine 27, Varese 24, Alleghe 19, Appiano 18, Feltre 17, Fiemme 14, Como 11, Bressanone 10, Valpellice 7, Dobbiaco 3.<\/p>\n<p>&nbsp;<\/p>\n<p><span style=\"color: #0000ff;\"><strong>NUOTO<\/strong><\/span><\/p>\n<blockquote>\n<h3>OTTIMI RISULTATI PER I GIOVANI ATLETI DI ATTIVAMENTE AGORDINO ALLA PISCINA DI VITTORIO VENETO<\/h3>\n<\/blockquote>\n<p><strong>AGORDO <\/strong>Si \u00e8 svolta domenica scorsa la prima giornata degli agonisti esordienti B a Vittorio Veneto. I giovanissimi atleti, tutti alla loro prima gara agonistica, si sono ottimamente comportati con grande soddisfazione di tutto lo staff di Attivamente Agordino, del tecnico Cristiana Carazzai e dei loro genitori. Primo posto e medaglia d\u2019oro per Alice Latti nei 50 rana, oro anche per Erik De Nardin nei 50 sl che ha ottenuto anche un bronzo nei 100 misti. Vince il bronzo pure Devid Olivier nei 100 dorso. Invece un bel argento lo tiene la staffetta mista con Latti Emma, Deola Thorpe Azzurra, Buxai Alessandro e De Nardin Erik. Tutta la squadra si \u00e8 ben comportata con buoni risultati anche per Bianchi Ilay, Alchini Alex, Longaron Margot e Migotto Sebastiano. Dopo aver rotto il ghiaccio, gli atleti di Attivamente Agordino saranno chiamati a gareggiare domenica 26 a Spresiano.<\/p>\n\n\t\t\t<style type='text\/css'>\n\t\t\t\t#gallery-6 {\n\t\t\t\t\tmargin: auto;\n\t\t\t\t}\n\t\t\t\t#gallery-6 .gallery-item {\n\t\t\t\t\tfloat: left;\n\t\t\t\t\tmargin-top: 10px;\n\t\t\t\t\ttext-align: center;\n\t\t\t\t\twidth: 33%;\n\t\t\t\t}\n\t\t\t\t#gallery-6 img {\n\t\t\t\t\tborder: 2px solid #cfcfcf;\n\t\t\t\t}\n\t\t\t\t#gallery-6 .gallery-caption {\n\t\t\t\t\tmargin-left: 0;\n\t\t\t\t}\n\t\t\t\t\/* see gallery_shortcode() in wp-includes\/media.php *\/\n\t\t\t<\/style>\n\t\t<div id='gallery-6' class='dt-gallery-container gallery galleryid-361520 gallery-columns-3 gallery-size-thumbnail'><dl class='gallery-item'>\n\t\t\t\t<dt class='gallery-icon landscape'>\n\t\t\t\t\t<a class=\"rollover rollover-zoom dt-pswp-item\" title=\"cd2487ff-ef70-4c31-a6c8-249c6fd373ec\" data-dt-img-description=\"\" data-large_image_width=\"1024\" data-large_image_height=\"768\"href='https:\/\/www.radiopiu.net\/wordpress\/wp-content\/uploads\/2023\/11\/cd2487ff-ef70-4c31-a6c8-249c6fd373ec.jpg'><img loading=\"lazy\" decoding=\"async\" width=\"150\" height=\"150\" src=\"https:\/\/www.radiopiu.net\/wordpress\/wp-content\/uploads\/2023\/11\/cd2487ff-ef70-4c31-a6c8-249c6fd373ec-150x150.jpg\" class=\"attachment-thumbnail size-thumbnail\" alt=\"\" \/><\/a>\n\t\t\t\t<\/dt><\/dl><dl class='gallery-item'>\n\t\t\t\t<dt class='gallery-icon landscape'>\n\t\t\t\t\t<a class=\"rollover rollover-zoom dt-pswp-item\" title=\"737f607b-fe22-4822-90dc-dd36698758cb\" data-dt-img-description=\"\" data-large_image_width=\"1024\" data-large_image_height=\"768\"href='https:\/\/www.radiopiu.net\/wordpress\/wp-content\/uploads\/2023\/11\/737f607b-fe22-4822-90dc-dd36698758cb.jpg'><img loading=\"lazy\" decoding=\"async\" width=\"150\" height=\"150\" src=\"https:\/\/www.radiopiu.net\/wordpress\/wp-content\/uploads\/2023\/11\/737f607b-fe22-4822-90dc-dd36698758cb-150x150.jpg\" class=\"attachment-thumbnail size-thumbnail\" alt=\"\" \/><\/a>\n\t\t\t\t<\/dt><\/dl><dl class='gallery-item'>\n\t\t\t\t<dt class='gallery-icon portrait'>\n\t\t\t\t\t<a class=\"rollover rollover-zoom dt-pswp-item\" title=\"228047c8-aea8-439a-8c6a-d778f56915fb\" data-dt-img-description=\"\" data-large_image_width=\"1530\" data-large_image_height=\"2040\"href='https:\/\/www.radiopiu.net\/wordpress\/wp-content\/uploads\/2023\/11\/228047c8-aea8-439a-8c6a-d778f56915fb.jpg'><img loading=\"lazy\" decoding=\"async\" width=\"150\" height=\"150\" src=\"https:\/\/www.radiopiu.net\/wordpress\/wp-content\/uploads\/2023\/11\/228047c8-aea8-439a-8c6a-d778f56915fb-150x150.jpg\" class=\"attachment-thumbnail size-thumbnail\" alt=\"\" \/><\/a>\n\t\t\t\t<\/dt><\/dl><br style=\"clear: both\" \/><dl class='gallery-item'>\n\t\t\t\t<dt class='gallery-icon landscape'>\n\t\t\t\t\t<a class=\"rollover rollover-zoom dt-pswp-item\" title=\"a4f65546-1aa9-4e48-9117-ab05127a5612\" data-dt-img-description=\"\" data-large_image_width=\"2048\" data-large_image_height=\"1536\"href='https:\/\/www.radiopiu.net\/wordpress\/wp-content\/uploads\/2023\/11\/a4f65546-1aa9-4e48-9117-ab05127a5612.jpg'><img loading=\"lazy\" decoding=\"async\" width=\"150\" height=\"150\" src=\"https:\/\/www.radiopiu.net\/wordpress\/wp-content\/uploads\/2023\/11\/a4f65546-1aa9-4e48-9117-ab05127a5612-150x150.jpg\" class=\"attachment-thumbnail size-thumbnail\" alt=\"\" \/><\/a>\n\t\t\t\t<\/dt><\/dl><dl class='gallery-item'>\n\t\t\t\t<dt class='gallery-icon landscape'>\n\t\t\t\t\t<a class=\"rollover rollover-zoom dt-pswp-item\" title=\"a900dfe3-65b2-421c-8b1a-c29368fbb8af\" data-dt-img-description=\"\" data-large_image_width=\"2048\" data-large_image_height=\"1536\"href='https:\/\/www.radiopiu.net\/wordpress\/wp-content\/uploads\/2023\/11\/a900dfe3-65b2-421c-8b1a-c29368fbb8af.jpg'><img loading=\"lazy\" decoding=\"async\" width=\"150\" height=\"150\" src=\"https:\/\/www.radiopiu.net\/wordpress\/wp-content\/uploads\/2023\/11\/a900dfe3-65b2-421c-8b1a-c29368fbb8af-150x150.jpg\" class=\"attachment-thumbnail size-thumbnail\" alt=\"\" \/><\/a>\n\t\t\t\t<\/dt><\/dl><dl class='gallery-item'>\n\t\t\t\t<dt class='gallery-icon portrait'>\n\t\t\t\t\t<a class=\"rollover rollover-zoom dt-pswp-item\" title=\"e8764661-8fdc-4137-8e67-8dee5e664a1b\" data-dt-img-description=\"\" data-large_image_width=\"1530\" data-large_image_height=\"2040\"href='https:\/\/www.radiopiu.net\/wordpress\/wp-content\/uploads\/2023\/11\/e8764661-8fdc-4137-8e67-8dee5e664a1b.jpg'><img loading=\"lazy\" decoding=\"async\" width=\"150\" height=\"150\" src=\"https:\/\/www.radiopiu.net\/wordpress\/wp-content\/uploads\/2023\/11\/e8764661-8fdc-4137-8e67-8dee5e664a1b-150x150.jpg\" class=\"attachment-thumbnail size-thumbnail\" alt=\"\" \/><\/a>\n\t\t\t\t<\/dt><\/dl><br style=\"clear: both\" \/>\n\t\t\t<\/div>\n\n<p>&nbsp;<\/p>\n<\/div>\n","protected":false},"excerpt":{"rendered":"<p>40esimo di RADIOPIU\u2026. LA VOCE DELL\u2019EMOZIONE ISCRIVITI AL NOSTRO CANALE\u00a0\u00a0YOUTUBE PER SEGUIRE IN DIRETTA I PRINCIPALI PROGRAMMI DI RADIO PIU\u2019 E LE FUTURE DIRETTE IN ESTERNA. PER ISCRIVERTI CLICCA QUI\u00a0E PREMI\u00a0 \u201cIscriviti\u201d\u00a0 &nbsp; OGGI ALLA RADIO: ALLE 7 LA RASSEGNA STAMPA LOCALE FLASH, PER CHI COME NOI ALLE SETTE DEL MATTINO VA DI FRETTA, TANTE&hellip;<\/p>\n","protected":false},"author":4,"featured_media":361557,"comment_status":"closed","ping_status":"closed","sticky":false,"template":"","format":"standard","meta":{"_monsterinsights_skip_tracking":false,"_monsterinsights_sitenote_active":false,"_monsterinsights_sitenote_note":"","_monsterinsights_sitenote_category":0,"footnotes":""},"categories":[51,86,49],"tags":[],"class_list":["post-361520","post","type-post","status-publish","format-standard","has-post-thumbnail","hentry","category-evidenza-top","category-gr","category-news-18","category-51","category-86","category-49","description-off"],"img_url":"https:\/\/www.radiopiu.net\/wordpress\/wp-content\/uploads\/2023\/11\/6X3-low-scaled.jpg","_links":{"self":[{"href":"https:\/\/www.radiopiu.net\/wordpress\/wp-json\/wp\/v2\/posts\/361520","targetHints":{"allow":["GET"]}}],"collection":[{"href":"https:\/\/www.radiopiu.net\/wordpress\/wp-json\/wp\/v2\/posts"}],"about":[{"href":"https:\/\/www.radiopiu.net\/wordpress\/wp-json\/wp\/v2\/types\/post"}],"author":[{"embeddable":true,"href":"https:\/\/www.radiopiu.net\/wordpress\/wp-json\/wp\/v2\/users\/4"}],"replies":[{"embeddable":true,"href":"https:\/\/www.radiopiu.net\/wordpress\/wp-json\/wp\/v2\/comments?post=361520"}],"version-history":[{"count":0,"href":"https:\/\/www.radiopiu.net\/wordpress\/wp-json\/wp\/v2\/posts\/361520\/revisions"}],"wp:featuredmedia":[{"embeddable":true,"href":"https:\/\/www.radiopiu.net\/wordpress\/wp-json\/wp\/v2\/media\/361557"}],"wp:attachment":[{"href":"https:\/\/www.radiopiu.net\/wordpress\/wp-json\/wp\/v2\/media?parent=361520"}],"wp:term":[{"taxonomy":"category","embeddable":true,"href":"https:\/\/www.radiopiu.net\/wordpress\/wp-json\/wp\/v2\/categories?post=361520"},{"taxonomy":"post_tag","embeddable":true,"href":"https:\/\/www.radiopiu.net\/wordpress\/wp-json\/wp\/v2\/tags?post=361520"}],"curies":[{"name":"wp","href":"https:\/\/api.w.org\/{rel}","templated":true}]}}