{"id":361531,"date":"2023-11-16T05:14:28","date_gmt":"2023-11-16T04:14:28","guid":{"rendered":"https:\/\/www.radiopiu.net\/wordpress\/?p=361531"},"modified":"2023-11-16T05:39:45","modified_gmt":"2023-11-16T04:39:45","slug":"giornata-mondiale-della-prematurita-a-belluno","status":"publish","type":"post","link":"https:\/\/www.radiopiu.net\/wordpress\/giornata-mondiale-della-prematurita-a-belluno\/","title":{"rendered":"GIORNATA MONDIALE DELLA PREMATURITA&#8217; A BELLUNO"},"content":{"rendered":"<p><strong><a class=\"dt-pswp-item\" href=\"https:\/\/www.radiopiu.net\/wordpress\/wp-content\/uploads\/2023\/11\/mani-di-mamma.png\" data-dt-img-description=\"\" data-large_image_width=\"260\" data-large_image_height=\"168\"><img loading=\"lazy\" decoding=\"async\" class=\" wp-image-361541 alignleft\" src=\"https:\/\/www.radiopiu.net\/wordpress\/wp-content\/uploads\/2023\/11\/mani-di-mamma.png\" alt=\"\" width=\"224\" height=\"145\" \/><\/a>BELLUNO<\/strong> Ci sono dei bisogni sociali la cui realt\u00e0 spesso rimane nascosta perch\u00e9 poco indagata se non sottovalutata nelle sue concrete dimensioni. Una delle tante \u00e8 quella della prematurit\u00e0 e basti pensare che nel mondo ogni dieci bimbi che nascono uno \u00e8 prematuro. Subito ai genitori ed ai sanitari si presentano alcuni problemi che debbono essere risolti gi\u00e0 nelle prime ore di vita passate nei reparti neonatali degli ospedali. Per sensibilizzare l\u2019opinione pubblica a tale problematica ogni anno si celebra la Giornata Mondiale Della Prematurit\u00e0. Sabato 17 novembre per l\u2019organizzazione del Reparto Pediatria dell\u2019Ospedale San Martino di Belluno, della Regione del Veneto e dell\u2019Associazione \u201cMani di Mamma O.d.V.\u201d. In Sala Riunioni del nosocomio cittadino dalle 14.30 alle 18.30 si terr\u00e0 un incontro sul te-ma \u201cPrematurit\u00e0: una sfida per la vita, una speranza per il futuro\u201d al quale prenderanno parte in qualit\u00e0 di relatori la dottoressa Nadia Battajon, neonatologa dell\u2019Ospedale Ca\u2019 Foncello di Treviso; il dottor Marcello Florita, psicoterapeuta ed autore del libro \u201cCome respira una piuma\u201d; Michela Broi, lettura d\u2019autore. Durante l\u2019incontro i bambini saranno intrattenuti dalla maestra Paola e dal Dottor Clown con giochi e altre sorprese. Con l\u2019occasione una delegazione della sezione bellunese di \u201cMani di Mamma\u201d consegner\u00e0 ai responsabili del Reparto ospedaliero un congruo quantitativo di manufatti realizzati dalle volontarie dell\u2019Associazione utilizzando filati oggetto di generose donazioni.<\/p>\n<p>&nbsp;<\/p>\n<p>&nbsp;<\/p>\n<p>*******<\/p>\n","protected":false},"excerpt":{"rendered":"<p>BELLUNO Ci sono dei bisogni sociali la cui realt\u00e0 spesso rimane nascosta perch\u00e9 poco indagata se non sottovalutata nelle sue concrete dimensioni. Una delle tante \u00e8 quella della prematurit\u00e0 e basti pensare che nel mondo ogni dieci bimbi che nascono uno \u00e8 prematuro. Subito ai genitori ed ai sanitari si presentano alcuni problemi che debbono&hellip;<\/p>\n","protected":false},"author":4,"featured_media":361541,"comment_status":"closed","ping_status":"closed","sticky":false,"template":"","format":"standard","meta":{"_monsterinsights_skip_tracking":false,"_monsterinsights_sitenote_active":false,"_monsterinsights_sitenote_note":"","_monsterinsights_sitenote_category":0,"footnotes":""},"categories":[51,49],"tags":[],"class_list":["post-361531","post","type-post","status-publish","format-standard","has-post-thumbnail","hentry","category-evidenza-top","category-news-18","category-51","category-49","description-off"],"img_url":"https:\/\/www.radiopiu.net\/wordpress\/wp-content\/uploads\/2023\/11\/mani-di-mamma.png","_links":{"self":[{"href":"https:\/\/www.radiopiu.net\/wordpress\/wp-json\/wp\/v2\/posts\/361531","targetHints":{"allow":["GET"]}}],"collection":[{"href":"https:\/\/www.radiopiu.net\/wordpress\/wp-json\/wp\/v2\/posts"}],"about":[{"href":"https:\/\/www.radiopiu.net\/wordpress\/wp-json\/wp\/v2\/types\/post"}],"author":[{"embeddable":true,"href":"https:\/\/www.radiopiu.net\/wordpress\/wp-json\/wp\/v2\/users\/4"}],"replies":[{"embeddable":true,"href":"https:\/\/www.radiopiu.net\/wordpress\/wp-json\/wp\/v2\/comments?post=361531"}],"version-history":[{"count":0,"href":"https:\/\/www.radiopiu.net\/wordpress\/wp-json\/wp\/v2\/posts\/361531\/revisions"}],"wp:featuredmedia":[{"embeddable":true,"href":"https:\/\/www.radiopiu.net\/wordpress\/wp-json\/wp\/v2\/media\/361541"}],"wp:attachment":[{"href":"https:\/\/www.radiopiu.net\/wordpress\/wp-json\/wp\/v2\/media?parent=361531"}],"wp:term":[{"taxonomy":"category","embeddable":true,"href":"https:\/\/www.radiopiu.net\/wordpress\/wp-json\/wp\/v2\/categories?post=361531"},{"taxonomy":"post_tag","embeddable":true,"href":"https:\/\/www.radiopiu.net\/wordpress\/wp-json\/wp\/v2\/tags?post=361531"}],"curies":[{"name":"wp","href":"https:\/\/api.w.org\/{rel}","templated":true}]}}