{"id":361619,"date":"2023-11-17T05:44:38","date_gmt":"2023-11-17T04:44:38","guid":{"rendered":"https:\/\/www.radiopiu.net\/wordpress\/?p=361619"},"modified":"2023-11-17T11:05:22","modified_gmt":"2023-11-17T10:05:22","slug":"giornale-radiopiu-17-novembre-2023-direttore-mirko-mezzacasada-40-anni-25-giugno-1983-25-giugno-2023","status":"publish","type":"post","link":"https:\/\/www.radiopiu.net\/wordpress\/giornale-radiopiu-17-novembre-2023-direttore-mirko-mezzacasada-40-anni-25-giugno-1983-25-giugno-2023\/","title":{"rendered":"GIORNALE RADIOPIU 17 NOVEMBRE 2023 DIRETTORE MIRKO MEZZACASA\u2026DA 40 ANNI 25 GIUGNO 1983-25 GIUGNO 2023"},"content":{"rendered":"<h1 class=\"entry-title photoswipe-wrapper\">40esimo di RADIOPIU\u2026. LA VOCE DELL\u2019EMOZIONE<\/h1>\n<h2><span style=\"color: #ff0000;\">ISCRIVITI AL NOSTRO CANALE\u00a0\u00a0YOUTUBE PER SEGUIRE IN DIRETTA I PRINCIPALI PROGRAMMI DI RADIO PIU\u2019 E LE FUTURE DIRETTE IN ESTERNA. PER ISCRIVERTI <a style=\"color: #ff0000;\" href=\"https:\/\/youtube.com\/@radiopiu1527\">CLICCA QUI\u00a0<\/a>E PREMI\u00a0 \u201cIscriviti\u201d<\/span><\/h2>\n<p>&nbsp;<\/p>\n<blockquote>\n<h3>TRAMONTO A PASSO DURAN, di Tiziano De Col<\/h3>\n<\/blockquote>\n\n\t\t\t<style type='text\/css'>\n\t\t\t\t#gallery-1 {\n\t\t\t\t\tmargin: auto;\n\t\t\t\t}\n\t\t\t\t#gallery-1 .gallery-item {\n\t\t\t\t\tfloat: left;\n\t\t\t\t\tmargin-top: 10px;\n\t\t\t\t\ttext-align: center;\n\t\t\t\t\twidth: 100%;\n\t\t\t\t}\n\t\t\t\t#gallery-1 img {\n\t\t\t\t\tborder: 2px solid #cfcfcf;\n\t\t\t\t}\n\t\t\t\t#gallery-1 .gallery-caption {\n\t\t\t\t\tmargin-left: 0;\n\t\t\t\t}\n\t\t\t\t\/* see gallery_shortcode() in wp-includes\/media.php *\/\n\t\t\t<\/style>\n\t\t<div id='gallery-1' class='dt-gallery-container gallery galleryid-361619 gallery-columns-1 gallery-size-medium'><dl class='gallery-item'>\n\t\t\t\t<dt class='gallery-icon landscape'>\n\t\t\t\t\t<a class=\"rollover rollover-zoom dt-pswp-item\" title=\"1519a6b6-7aae-422c-9082-34a37435d8d4\" data-dt-img-description=\"\" data-large_image_width=\"2048\" data-large_image_height=\"1536\"href='https:\/\/www.radiopiu.net\/wordpress\/wp-content\/uploads\/2023\/11\/1519a6b6-7aae-422c-9082-34a37435d8d4.jpg'><img loading=\"lazy\" decoding=\"async\" width=\"300\" height=\"225\" src=\"https:\/\/www.radiopiu.net\/wordpress\/wp-content\/uploads\/2023\/11\/1519a6b6-7aae-422c-9082-34a37435d8d4-300x225.jpg\" class=\"attachment-medium size-medium\" alt=\"\" srcset=\"https:\/\/www.radiopiu.net\/wordpress\/wp-content\/uploads\/2023\/11\/1519a6b6-7aae-422c-9082-34a37435d8d4-300x225.jpg 300w, https:\/\/www.radiopiu.net\/wordpress\/wp-content\/uploads\/2023\/11\/1519a6b6-7aae-422c-9082-34a37435d8d4-1024x768.jpg 1024w, https:\/\/www.radiopiu.net\/wordpress\/wp-content\/uploads\/2023\/11\/1519a6b6-7aae-422c-9082-34a37435d8d4-768x576.jpg 768w, https:\/\/www.radiopiu.net\/wordpress\/wp-content\/uploads\/2023\/11\/1519a6b6-7aae-422c-9082-34a37435d8d4-1536x1152.jpg 1536w, https:\/\/www.radiopiu.net\/wordpress\/wp-content\/uploads\/2023\/11\/1519a6b6-7aae-422c-9082-34a37435d8d4.jpg 2048w\" sizes=\"auto, (max-width: 300px) 100vw, 300px\" \/><\/a>\n\t\t\t\t<\/dt><\/dl><br style=\"clear: both\" \/>\n\t\t\t<\/div>\n\n<p>&nbsp;<\/p>\n<p>&nbsp;<\/p>\n<p>&nbsp;<\/p>\n<hr \/>\n<p><img loading=\"lazy\" decoding=\"async\" class=\"aligncenter\" src=\"https:\/\/www.radiopiu.net\/wordpress\/wp-content\/uploads\/2021\/02\/RADIO-A-VALVOLE.jpg\" width=\"340\" height=\"213\" \/><\/p>\n<p><span style=\"color: #ff0000;\">\u00a0i podcast informativi del mattino<\/span><\/p>\n<p>&nbsp;<\/p>\n<p><strong>LA RASSEGNA STAMPA NAZIONALE ALLA RADIO, OGNI GIORNO ALLE 5 E ALLE 6 DEL MATTINO <span style=\"color: #0000ff;\">viene pubblicata alle 6.00<\/span><\/strong><\/p>\n<audio class=\"wp-audio-shortcode\" id=\"audio-361619-1\" preload=\"none\" style=\"width: 100%;\" controls=\"controls\"><source type=\"audio\/mpeg\" src=\"https:\/\/www.radiopiu.net\/wordpress\/wp-content\/uploads\/2023\/11\/GIORNALEDELLESEI-1.mp3?_=1\" \/><a href=\"https:\/\/www.radiopiu.net\/wordpress\/wp-content\/uploads\/2023\/11\/GIORNALEDELLESEI-1.mp3\">https:\/\/www.radiopiu.net\/wordpress\/wp-content\/uploads\/2023\/11\/GIORNALEDELLESEI-1.mp3<\/a><\/audio>\n<p>&nbsp;<\/p>\n<p><strong>GIORNALE RADIO NAZIONALE, EDIZIONE DELLE SETTE <span style=\"color: #0000ff;\">viene pubblicato alle 7.05\u00a0<\/span><\/strong><\/p>\n<audio class=\"wp-audio-shortcode\" id=\"audio-361619-2\" preload=\"none\" style=\"width: 100%;\" controls=\"controls\"><source type=\"audio\/mpeg\" src=\"https:\/\/www.radiopiu.net\/wordpress\/wp-content\/uploads\/2023\/11\/giornale07-1.mp3?_=2\" \/><a href=\"https:\/\/www.radiopiu.net\/wordpress\/wp-content\/uploads\/2023\/11\/giornale07-1.mp3\">https:\/\/www.radiopiu.net\/wordpress\/wp-content\/uploads\/2023\/11\/giornale07-1.mp3<\/a><\/audio>\n<p>&nbsp;<\/p>\n<p><strong>RASSEGNA STAMPA LOCALE, ORE OTTO <span style=\"color: #0000ff;\">viene pubblicata alle 8.05<\/span><\/strong><\/p>\n<blockquote class=\"wp-embedded-content\" data-secret=\"JuMfBp7wz8\"><p><a href=\"https:\/\/www.radiopiu.net\/wordpress\/la-rassegna-stampa-locale-loriginale-dal-1983-di-mirko-mezzacasa-e-ogni-giorno-alle-7-le-anticipazioni-per-chi-va-di-fretta\/\">LA RASSEGNA STAMPA LOCALE. L&#8217;ORIGINALE, DAL 1983 DI MIRKO MEZZACASA E OGNI GIORNO ALLE 7 LE ANTICIPAZIONI PER CHI VA DI FRETTA<\/a><\/p><\/blockquote>\n<p><iframe loading=\"lazy\" class=\"wp-embedded-content\" sandbox=\"allow-scripts\" security=\"restricted\" style=\"position: absolute; clip: rect(1px, 1px, 1px, 1px);\" title=\"&#8220;LA RASSEGNA STAMPA LOCALE. L&#8217;ORIGINALE, DAL 1983 DI MIRKO MEZZACASA E OGNI GIORNO ALLE 7 LE ANTICIPAZIONI PER CHI VA DI FRETTA&#8221; &#8212; Radio Pi\u00f9\" src=\"https:\/\/www.radiopiu.net\/wordpress\/la-rassegna-stampa-locale-loriginale-dal-1983-di-mirko-mezzacasa-e-ogni-giorno-alle-7-le-anticipazioni-per-chi-va-di-fretta\/embed\/#?secret=NTLKYLZghn#?secret=JuMfBp7wz8\" data-secret=\"JuMfBp7wz8\" width=\"600\" height=\"338\" frameborder=\"0\" marginwidth=\"0\" marginheight=\"0\" scrolling=\"no\"><\/iframe><\/p>\n<p>&nbsp;<\/p>\n<hr \/>\n<p>&nbsp;<\/p>\n<blockquote>\n<h3>OGGI LO SCIOPERO NAZIONALE DEI TRASPORTI<\/h3>\n<\/blockquote>\n<p><strong>REDAZIONE<\/strong> Oggi \u00e8 in programma lo sciopero generale di tutti i trasporti pubblici e privati limitato a 4 ore dalle\u00a0 9 alle 13 Dolomitibus ricorda: <em>&#8220;non sono garantite le corse DALLE ORE 09:00 ALLE ORE 12.09&#8221;<\/em><\/p>\n<blockquote>\n<h2><strong style=\"font-size: 14px;\">\u00a0<\/strong><\/h2>\n<h2><strong style=\"font-size: 14px;\">VALPE, RACCOLTA RIFIUTI, possibili disagi nella raccolta rifiuti<\/strong><\/h2>\n<\/blockquote>\n<p>In concomitanza con lo sciopero nazionale dei trasporti pubblici e privati, potrebbero verificarsi disagi nello svolgimento dei servizi ambientali, in particolare legati alla raccolta rifiuti. In riferimento alla raccolta porta a porta,\u00a0 il contenitore deve essere ritirato entro la giornata, anche se non svuotato. Eventuali raccolte non eseguite, comprese le eccedenze, verranno svolte nei successivi turni di raccolta previsti da calendario. Saranno garantite le prestazioni minime indispensabili: la raccolta dei rifiuti verr\u00e0 eseguita per tutte le utenze sensibili del territorio.<\/p>\n<p><strong>\u00a0 \u00a0\u00a0<\/strong><\/p>\n<p>&nbsp;<\/p>\n<blockquote>\n<h3><a class=\"dt-pswp-item\" href=\"https:\/\/www.radiopiu.net\/wordpress\/wp-content\/uploads\/2023\/11\/file-1.jpg\" data-dt-img-description=\"\" data-large_image_width=\"640\" data-large_image_height=\"640\"><img loading=\"lazy\" decoding=\"async\" class=\"wp-image-361765 alignleft\" src=\"https:\/\/www.radiopiu.net\/wordpress\/wp-content\/uploads\/2023\/11\/file-1-300x300.jpg\" alt=\"\" width=\"109\" height=\"109\" srcset=\"https:\/\/www.radiopiu.net\/wordpress\/wp-content\/uploads\/2023\/11\/file-1-300x300.jpg 300w, https:\/\/www.radiopiu.net\/wordpress\/wp-content\/uploads\/2023\/11\/file-1-150x150.jpg 150w, https:\/\/www.radiopiu.net\/wordpress\/wp-content\/uploads\/2023\/11\/file-1.jpg 640w\" sizes=\"auto, (max-width: 109px) 100vw, 109px\" \/><\/a>ANCHE I DIPENDENTI DELLE POSTE ADERISCONO ALLO SCIOPERO<\/h3>\n<\/blockquote>\n<p>Il perch\u00e9 ce lo spiega Adriano Musolino, delegato provinciale SLC CIGL<\/p>\n<audio class=\"wp-audio-shortcode\" id=\"audio-361619-3\" preload=\"none\" style=\"width: 100%;\" controls=\"controls\"><source type=\"audio\/mpeg\" src=\"https:\/\/www.radiopiu.net\/wordpress\/wp-content\/uploads\/2023\/11\/ADRIANO-MUSOLINO.mp3?_=3\" \/><a href=\"https:\/\/www.radiopiu.net\/wordpress\/wp-content\/uploads\/2023\/11\/ADRIANO-MUSOLINO.mp3\">https:\/\/www.radiopiu.net\/wordpress\/wp-content\/uploads\/2023\/11\/ADRIANO-MUSOLINO.mp3<\/a><\/audio>\n<p>&nbsp;<\/p>\n<hr \/>\n<blockquote>\n<h3 class=\"entry-title\"><\/h3>\n<h3 class=\"entry-title\">PER DIGONERA: 563 CHIUSA FINO ALL\u2019IMMACOLATA<\/h3>\n<\/blockquote>\n<p><strong>REDAZIONE<\/strong> Correndo per battere anche la stagione fredda i lavori proseguono tra Saviner di Rocca Pietore e Digonera, impongono la chiusura della strada ormai da tempo, la nuova ordinanza la proroga fino alle 16.15 del 7 dicembre. Dunque interdizione totale in entrambi i sensi di marcia dalle 7.45 alle 16.15 dal lunedi al venerdi, negli altri orari senso unico alternato e limite di velocit\u00e0 a 30 chilometri orari<\/p>\n<p>&nbsp;<\/p>\n<p>&nbsp;<\/p>\n<hr \/>\n<p>&nbsp;<\/p>\n<p><a class=\"dt-pswp-item\" href=\"https:\/\/www.radiopiu.net\/wordpress\/wp-content\/uploads\/2023\/10\/34f4cfc6-e863-46e9-9695-8df44be63421.jpg\" data-dt-img-description=\"\" data-large_image_width=\"1200\" data-large_image_height=\"1200\"><img loading=\"lazy\" decoding=\"async\" class=\"wp-image-357393 alignleft\" src=\"https:\/\/www.radiopiu.net\/wordpress\/wp-content\/uploads\/2023\/10\/34f4cfc6-e863-46e9-9695-8df44be63421-300x300.jpg\" alt=\"\" width=\"81\" height=\"81\" srcset=\"https:\/\/www.radiopiu.net\/wordpress\/wp-content\/uploads\/2023\/10\/34f4cfc6-e863-46e9-9695-8df44be63421-300x300.jpg 300w, https:\/\/www.radiopiu.net\/wordpress\/wp-content\/uploads\/2023\/10\/34f4cfc6-e863-46e9-9695-8df44be63421-1024x1024.jpg 1024w, https:\/\/www.radiopiu.net\/wordpress\/wp-content\/uploads\/2023\/10\/34f4cfc6-e863-46e9-9695-8df44be63421-150x150.jpg 150w, https:\/\/www.radiopiu.net\/wordpress\/wp-content\/uploads\/2023\/10\/34f4cfc6-e863-46e9-9695-8df44be63421-768x768.jpg 768w, https:\/\/www.radiopiu.net\/wordpress\/wp-content\/uploads\/2023\/10\/34f4cfc6-e863-46e9-9695-8df44be63421.jpg 1200w\" sizes=\"auto, (max-width: 81px) 100vw, 81px\" \/><\/a>OGGI ALLA RADIO: <strong>ALLE 7<\/strong> LA RASSEGNA STAMPA LOCALE FLASH, PER CHI COME NOI ALLE SETTE DEL MATTINO VA DI FRETTA, TANTE NOTIZIE IN POCHE CHIACCHIERE. <strong>ALLE OTTO<\/strong> L&#8217;APPROFONDIMENTO NELLA STORICA RASSEGNA STAMPA LOCALE<\/p>\n<p>OGGI\u00a0<strong>ALLE\u00a0 9<\/strong>\u00a0MONICA FONTANIVE ANNI OTTANTA\u00a0<strong>10.10-1830<\/strong>\u00a0 LE NUOVE IN LADIN_MUSLA\u00a0<strong>10.30-19<\/strong>\u00a0CASSA SOLIDARIETA\u2019 AZIENDALE LAVORATORI LUXOTTICA\u00a0<strong>alle 13.10<\/strong>\u00a0 SPECIALE CASA DI RIPOSO DI TAIBON\u2026 LA STORIA DALL\u2019INIZIO A OGGI DI GIANNI SANTOMASO\u00a0<strong>1600<\/strong>\u00a0MIRCO BENCIVENNI CON LE HIT PARADE, LA STORIA DELLA MUSICA<\/p>\n<p>&nbsp;<\/p>\n<p>&nbsp;<\/p>\n<hr \/>\n<p>&nbsp;<\/p>\n<div class=\"page-title-head hgroup\">\n<blockquote>\n<h3 class=\"entry-title\">\u00a0SAN TOMASO : ABBONATI ALL\u2019INQUINAMENTO DELLE ACQUE.<\/h3>\n<\/blockquote>\n<\/div>\n<p><strong><img loading=\"lazy\" decoding=\"async\" class=\"alignleft\" src=\"https:\/\/www.radiopiu.net\/wordpress\/wp-content\/uploads\/2021\/06\/th-12.jpg\" width=\"159\" height=\"106\" \/><br \/>\n<\/strong><\/p>\n<p><strong>SAN TOMASO<\/strong> Gestione Servizi Pubblici informa che a SAN TOMASO AGORDINO nelle localit\u00e0 PIANEZZE, VALLATA, VAL, MEZZAVALLE, COSTA DI MEZZO E PIAN MOLIN l&#8217;acqua erogata dall&#8217;acquedotto non \u00e8 potabile e non pu\u00f2 essere usata per scopi alimentari. Verr\u00e0 effettuato servizio sostitutivo con autobotte in localit\u00e0 PIAN MOLIN presso Ecocentro.<\/p>\n<blockquote>\n<div class=\"page-title-head hgroup\">\n<blockquote>\n<blockquote><p><span style=\"color: #ff0000;\"><strong>CENCENIGHE<\/strong><span style=\"color: #000000;\"> Acqua\u00a0 di nuovo potabile\u00a0 in localit\u00e0 PRA\u2019 DI MEZZO\u00a0<\/span><\/span><\/p><\/blockquote>\n<\/blockquote>\n<\/div>\n<p><strong><span style=\"color: #ff0000;\">LA VALLE AGORDINA<\/span><\/strong>\u00a0 Acqua di nuovo potabile nelle localit\u00e0 RONCHE, NOACH, LE CAMPE e CANCELLADE contattare il Servizio Clienti al numero 800 306 999 o +39 0445 230521 (da estero) .<\/p><\/blockquote>\n<p>&nbsp;<\/p>\n<hr \/>\n<p>&nbsp;<\/p>\n<p>&nbsp;<\/p>\n<blockquote>\n<h2>Spettacolare Recupero di Escursionisti Bloccati sulla Neve a Cortina<\/h2>\n<p>&nbsp;<\/p><\/blockquote>\n<p><strong><img loading=\"lazy\" decoding=\"async\" class=\"alignleft\" src=\"https:\/\/www.radiopiu.net\/wordpress\/wp-content\/uploads\/2023\/01\/Senza-nome-38.jpg\" width=\"374\" height=\"179\" \/>CORTINA\u00a0 ieri <\/strong>era, intorno alle 17.45, il Soccorso Alpino di Cortina \u00e8 intervenuto prontamente per recuperare una coppia di escursionisti bloccati nella zona di Forcella Marcoira. La coppia, composta da una giovane di 20 anni di Salzano (VE) e un uomo di 31 anni di Scorz\u00e8 (VE), era partita dalla mattina dal Passo Tre Croci con destinazione il Rifugio Vandelli. Sprovvisti di attrezzatura adeguata, senza ramponi e piccozze, e con la giovane priva di opportuni scarponi, hanno affrontato la salita nella neve fino a Forcella Marcoira, dove il sentiero presenta anche una ferratina. Tuttavia, durante la discesa verso il lago, si sono ritrovati bloccati da neve e ghiaccio, incapaci di proseguire o tornare indietro. Il Soccorso Alpino \u00e8 stato allertato dal 118, e grazie all&#8217;elicottero di Trento Emergenza, abilitato al volo notturno, \u00e8 stato possibile un tempestivo intervento. Dopo aver imbarcato un tecnico del Soccorso Alpino di Cortina, l&#8217;eliambulanza ha individuato la posizione degli escursionisti, recuperandoli e trasportandoli al Passo, dove erano attese le squadre del Soccorso Alpino di Cortina e della Guardia di Finanza, pronte per intervenire.<\/p>\n<p>&nbsp;<\/p>\n<p>&nbsp;<\/p>\n<p>&nbsp;<\/p>\n<hr \/>\n<p>&nbsp;<\/p>\n<p>&nbsp;<\/p>\n<p>&nbsp;<\/p>\n<blockquote>\n<h2>DILLO A RADIO PIU&#8217;&#8230;.LE NON RISPOSTE DI GSP<\/h2>\n<\/blockquote>\n<p><img decoding=\"async\" class=\"alignleft\" src=\"https:\/\/www.radiopiu.net\/wordpress\/wp-content\/uploads\/2022\/05\/download-1.jpg\" \/>Riceviamo e volentieri pubblichiamo ribadendo che da giorni, ma si rischia di parlare di settimane, l&#8217;acqua \u00e8 inquinata a La Valle Agordina peraltro in una zona importante a livello commerciale-ricettivo (Le Campe), Cencenighe (le solite frazioni) e San Tomaso (solite frazioni). Ma a Digonera, dove i cittadini sono gi\u00e0 in mezzo ai disagi per la chiusura della squadra principale, la situazione \u00e8 ancora peggiore, manco una risposta.<\/p>\n<p>&nbsp;<\/p>\n<p><strong>LA LETTERA FIRMATA<\/strong><\/p>\n<p>Buongiorno vi scrivo perch\u00e9 sono indignata con il\u00a0 GSP un mese fa avevamo l&#8217;acqua torbida e puzzava qui a Digonera abbiamo chiamato il numero verde,\u00a0 dopo 3 giorni, dico e ripeto fosse sfuggito: 3 giorni,\u00a0 sono venuti a prelevare un campione e non abbiamo pi\u00f9 saputo niente. Nulal di nulla. Oggi ad un mese di distanza ci risiamo di nuovo torbida e puzza anche da bollita speriamo che gli addetti si affrettino a venire a prelevare il campione altrimenti siamo costretti ad andare a comprare acqua di bottiglia per\u00f2 poi la bolletta la paghiamo e non poco. E se questi sono i servizi\u00a0 complimenti GSP, il nostro &#8220;orgoglio&#8221;&#8230;<\/p>\n<p>&nbsp;<\/p>\n<p>&nbsp;<\/p>\n<p>&nbsp;<\/p>\n<hr \/>\n<p>&nbsp;<\/p>\n<blockquote>\n<h3><strong>\u00a0 PEDONE INVESTITO AD AGORDO. INCIDENTE IN CADORE<\/strong><\/h3>\n<\/blockquote>\n<p><strong>AGORDO <\/strong>\u00a0Uomini e donne del Suem 118 in azione\u00a0 e senza l&#8217;ausilio dell&#8217;elicottero. Ad Agordo \u00e8 stato investito un uomo di 29 anni portato con ferite di media gravit\u00e0 al Papa Luciani del capoluogo.<\/p>\n<p><strong>CADORE<\/strong> A Vallesina incidente automobilistico, ad avere la peggio un 80enne di Vodo di Cadore portato in ospedale a Pieve di Cadore, non \u00e8 in pericolo di vita.<\/p>\n<p>&nbsp;<\/p>\n<blockquote>\n<h3>ELICOTTERO FALCO A CENCENIGHE PER SOCCORRERE UNA DONNA<\/h3>\n<\/blockquote>\n<p><strong><a class=\"dt-pswp-item\" href=\"https:\/\/www.radiopiu.net\/wordpress\/wp-content\/uploads\/2023\/11\/FALCO-CENCE.jpg\" data-dt-img-description=\"\" data-large_image_width=\"908\" data-large_image_height=\"735\"><img loading=\"lazy\" decoding=\"async\" class=\" wp-image-361710 alignleft\" src=\"https:\/\/www.radiopiu.net\/wordpress\/wp-content\/uploads\/2023\/11\/FALCO-CENCE-300x243.jpg\" alt=\"\" width=\"167\" height=\"136\" srcset=\"https:\/\/www.radiopiu.net\/wordpress\/wp-content\/uploads\/2023\/11\/FALCO-CENCE-300x243.jpg 300w, https:\/\/www.radiopiu.net\/wordpress\/wp-content\/uploads\/2023\/11\/FALCO-CENCE-768x622.jpg 768w, https:\/\/www.radiopiu.net\/wordpress\/wp-content\/uploads\/2023\/11\/FALCO-CENCE.jpg 908w\" sizes=\"auto, (max-width: 167px) 100vw, 167px\" \/><\/a> <\/strong><\/p>\n<p><strong>\u00a0<\/strong><\/p>\n<p><strong>CENCENIGHE<\/strong>\u00a0Nel primo pomeriggio di oggi il SUEM 118 \u00e8 stato chiamato a Cencenighe per soccorrere una donna di San Tomaso di 52 anni che aveva accusato un dolore toracico. Sul posto anche l\u2019elicottero Falco che ha trasportato al San Martino di Belluno la donna per gli accertamenti del caso dopo che la donna era stata soccorsa dall\u2019ambulanza dell\u2019ospedale di Agordo<\/p>\n<p>&nbsp;<\/p>\n<p>&nbsp;<\/p>\n<p>&nbsp;<\/p>\n<hr \/>\n<p>&nbsp;<\/p>\n<p>&nbsp;<\/p>\n<p><em><span style=\"color: #ff0000;\"><strong>VIABILITA&#8217; PROVINCIA DI BELLUNO by TELEGRAM:<\/strong> <\/span>&#8220;Siamo bloccati scendendo dal Passo San Pellegrino\u2026 quasi in prossimit\u00e0 del bivio Valles&#8221;.\u00a0<\/em> Ieri sera, ore 19.30 strada regionale 346 del Passo San Pellegrino, manovra azzardata, tir incastrato\u00a0<em><br \/>\n<a class=\"dt-pswp-item\" href=\"https:\/\/www.radiopiu.net\/wordpress\/wp-content\/uploads\/2023\/11\/caca7306-1967-42a8-b4b3-12e6b7f5808a.jpg\" data-dt-img-description=\"\" data-large_image_width=\"1024\" data-large_image_height=\"768\"><img loading=\"lazy\" decoding=\"async\" class=\"size-medium wp-image-361768 aligncenter\" src=\"https:\/\/www.radiopiu.net\/wordpress\/wp-content\/uploads\/2023\/11\/caca7306-1967-42a8-b4b3-12e6b7f5808a-300x225.jpg\" alt=\"\" width=\"300\" height=\"225\" srcset=\"https:\/\/www.radiopiu.net\/wordpress\/wp-content\/uploads\/2023\/11\/caca7306-1967-42a8-b4b3-12e6b7f5808a-300x225.jpg 300w, https:\/\/www.radiopiu.net\/wordpress\/wp-content\/uploads\/2023\/11\/caca7306-1967-42a8-b4b3-12e6b7f5808a-768x576.jpg 768w, https:\/\/www.radiopiu.net\/wordpress\/wp-content\/uploads\/2023\/11\/caca7306-1967-42a8-b4b3-12e6b7f5808a.jpg 1024w\" sizes=\"auto, (max-width: 300px) 100vw, 300px\" \/><\/a><\/em><\/p>\n<p>&nbsp;<\/p>\n<p>&nbsp;<\/p>\n<hr \/>\n<p>&nbsp;<\/p>\n<blockquote>\n<h3><strong>L&#8217;Addio a Doriano Gasperin: Commosso Saluto Domani alle 11 in Chiesa a Limana<\/strong><\/h3>\n<\/blockquote>\n<p><strong><a class=\"dt-pswp-item\" href=\"https:\/\/www.radiopiu.net\/wordpress\/wp-content\/uploads\/2023\/11\/gasperin.png\" data-dt-img-description=\"\" data-large_image_width=\"246\" data-large_image_height=\"198\"><img loading=\"lazy\" decoding=\"async\" class=\"size-full wp-image-361764 alignleft\" src=\"https:\/\/www.radiopiu.net\/wordpress\/wp-content\/uploads\/2023\/11\/gasperin.png\" alt=\"\" width=\"246\" height=\"198\" \/><\/a>LIMANA\u00a0<\/strong> La comunit\u00e0 di Limana si prepara a dare l&#8217;ultimo saluto a Doriano Gasperin, il cacciatore scomparso sabato scorso durante un&#8217;escursione venatoria e trovato senza vita marted\u00ec nelle acque del Piave, all&#8217;altezza di Praloran. Il funerale si svolger\u00e0 domani alle 11 del mattino presso la chiesa di Limana, dove parenti, amici e concittadini si riuniranno per commemorare la vita di Doriano e confortarsi reciprocamente in questo momento di dolore.\u00a0 In risposta a questo dramma, la famiglia di Doriano ha annunciato che tutte le eventuali offerte fatte in occasione del funerale saranno devolute al Gruppo Cacciatori di Limana. Quest&#8217;ultimo si occupa attivamente del ripopolamento faunistico e della tutela dei sentieri, svolgendo un ruolo cruciale nella preservazione dell&#8217;ambiente locale. La famiglia desidera esprimere la propria gratitudine a tutti coloro che sono intervenuti nei soccorsi e a chi ha reso omaggio alla memoria di Doriano Gasperin. Le dimostrazioni di affetto e solidariet\u00e0 ricevute hanno rappresentato un sostegno prezioso in questo momento difficile.<\/p>\n<p>&nbsp;<\/p>\n<hr \/>\n<p>&nbsp;<\/p>\n<blockquote>\n<h3>STRADA 563 DI SALESEI: LA FINE DI UN INCUBO PER GLI ABITANTI DELLE FRAZIONI, MA SOLO IN PARTE<\/h3>\n<\/blockquote>\n<p><strong><a class=\"dt-pswp-item\" href=\"https:\/\/www.radiopiu.net\/wordpress\/wp-content\/uploads\/2021\/06\/8554eb80-bb6e-4752-a6d3-57aff91a2903.jpg\" data-dt-img-description=\"\" data-large_image_width=\"768\" data-large_image_height=\"1024\"><img loading=\"lazy\" decoding=\"async\" class=\" wp-image-215003 alignleft\" src=\"https:\/\/www.radiopiu.net\/wordpress\/wp-content\/uploads\/2021\/06\/8554eb80-bb6e-4752-a6d3-57aff91a2903-225x300.jpg\" alt=\"\" width=\"95\" height=\"127\" srcset=\"https:\/\/www.radiopiu.net\/wordpress\/wp-content\/uploads\/2021\/06\/8554eb80-bb6e-4752-a6d3-57aff91a2903-225x300.jpg 225w, https:\/\/www.radiopiu.net\/wordpress\/wp-content\/uploads\/2021\/06\/8554eb80-bb6e-4752-a6d3-57aff91a2903.jpg 768w\" sizes=\"auto, (max-width: 95px) 100vw, 95px\" \/><\/a>ROCCA PIETORE<\/strong><\/p>\n<p>DI GIANNI SANTOMASO<\/p>\n<audio class=\"wp-audio-shortcode\" id=\"audio-361619-4\" preload=\"none\" style=\"width: 100%;\" controls=\"controls\"><source type=\"audio\/mpeg\" src=\"https:\/\/www.radiopiu.net\/wordpress\/wp-content\/uploads\/2023\/11\/GIANNI-SALESEI.mp3?_=4\" \/><a href=\"https:\/\/www.radiopiu.net\/wordpress\/wp-content\/uploads\/2023\/11\/GIANNI-SALESEI.mp3\">https:\/\/www.radiopiu.net\/wordpress\/wp-content\/uploads\/2023\/11\/GIANNI-SALESEI.mp3<\/a><\/audio>\n<p>&nbsp;<\/p>\n<p>&nbsp;<\/p>\n<hr \/>\n<p>&nbsp;<\/p>\n<blockquote>\n<h2>MA ALLA FINE NON SARA&#8217; MICA UN QUESTIONE SOLO DI SOLDI, BUSINESS?<\/h2>\n<\/blockquote>\n<p>&nbsp;<\/p>\n<blockquote>\n<blockquote>\n<h3><a class=\"dt-pswp-item\" href=\"https:\/\/www.radiopiu.net\/wordpress\/wp-content\/uploads\/2021\/02\/CASA-SOGGIORNO-TAIBON.jpg\" data-dt-img-description=\"\" data-large_image_width=\"512\" data-large_image_height=\"324\"><img loading=\"lazy\" decoding=\"async\" class=\"size-medium wp-image-190126 alignleft\" src=\"https:\/\/www.radiopiu.net\/wordpress\/wp-content\/uploads\/2021\/02\/CASA-SOGGIORNO-TAIBON-300x190.jpg\" alt=\"\" width=\"300\" height=\"190\" srcset=\"https:\/\/www.radiopiu.net\/wordpress\/wp-content\/uploads\/2021\/02\/CASA-SOGGIORNO-TAIBON-300x190.jpg 300w, https:\/\/www.radiopiu.net\/wordpress\/wp-content\/uploads\/2021\/02\/CASA-SOGGIORNO-TAIBON.jpg 512w\" sizes=\"auto, (max-width: 300px) 100vw, 300px\" \/><\/a> IL RIASSUNTO DI UNA VICENDA DIFFICILE DA SPIEGARE AGLI ANZIANI A LORO PARENTI.<\/h3>\n<h3><em>Visto da fuori si ha come l&#8217;impressione che chi ha gestito la struttura donata alla vallata agordina da Bruno Dai Pra, lo abbia fatto prendendo tra le mani una pubblica struttura che oggi da l&#8217;impressione di essere &#8220;privata&#8221; sulla quale lucrare, fare affari, business.\u00a0 <\/em><\/h3>\n<h3><em>L&#8217;Unione Montana lavora per il passaggio delle competenze ad Asca con buona pace di anziani e loro parenti, ma non si intravvedono soluzioni, la fine dell&#8217;anno \u00e8 vicina e i dipendenti sono molto preoccupati. Siamo certi che prima o poi qualcuno arriver\u00e0 a Taibon, aprir\u00e0 i forzieri, legger\u00e0 i documenti e tirer\u00e0 le giuste conclusioni affinch\u00e9 gli utenti &#8211; chi paga e non poco &#8211; tirino un sospiro di sollievo.<\/em><\/h3>\n<p><strong>di GIANNI SANTOMASO, TUTTI I SERVIZI ALLA RADIO durata 17 minuti<\/strong><\/p><\/blockquote>\n<audio class=\"wp-audio-shortcode\" id=\"audio-361619-5\" preload=\"none\" style=\"width: 100%;\" controls=\"controls\"><source type=\"audio\/mpeg\" src=\"https:\/\/www.radiopiu.net\/wordpress\/wp-content\/uploads\/2023\/11\/speciale-casa-soggiorno-completo.mp3?_=5\" \/><a href=\"https:\/\/www.radiopiu.net\/wordpress\/wp-content\/uploads\/2023\/11\/speciale-casa-soggiorno-completo.mp3\">https:\/\/www.radiopiu.net\/wordpress\/wp-content\/uploads\/2023\/11\/speciale-casa-soggiorno-completo.mp3<\/a><\/audio>\n<p>&nbsp;<\/p><\/blockquote>\n<hr \/>\n<p>&nbsp;<\/p>\n<blockquote>\n<h2><strong><img loading=\"lazy\" decoding=\"async\" class=\"alignleft\" src=\"https:\/\/www.radiopiu.net\/wordpress\/wp-content\/uploads\/2023\/11\/Senza-nome-82.png\" width=\"199\" height=\"132\" \/>Scogliera di Contenimento Completata: Riaperta al traffico Via Panoramica\u00a0<\/strong><\/h2>\n<\/blockquote>\n<p><strong>FELTRE<\/strong> La scogliera di contenimento \u00e8 stata completata in anticipo, consentendo la riapertura di Via Panoramica nel primissimo pomeriggio di ieri. Un sollievo per migliaia di automobilisti che percorrono la strada ogni giorno e per il Comune, che aveva dovuto gestire deviazioni a seguito di due crolli avvenuti a breve distanza l&#8217;uno dall&#8217;altro. Le transenne e la segnaletica delle deviazioni sono state rimosse.<\/p>\n<div class=\"flex-1 overflow-hidden\">\n<div class=\"react-scroll-to-bottom--css-wlxsg-79elbk h-full\">\n<div class=\"react-scroll-to-bottom--css-wlxsg-1n7m0yu\">\n<div class=\"flex flex-col text-sm gizmo:pb-9 dark:bg-gray-800 gizmo:dark:bg-transparent\">\n<div class=\"w-full text-token-text-primary border-b border-black\/10 gizmo:border-0 dark:border-gray-900\/50 gizmo:dark:border-0 bg-gray-50 gizmo:bg-transparent dark:bg-[#444654] gizmo:dark:bg-transparent\" data-testid=\"conversation-turn-5\">\n<div class=\"p-4 gizmo:py-2 justify-center text-base md:gap-6 md:py-6 m-auto\">\n<div class=\"flex flex-1 gap-4 text-base mx-auto md:gap-6 gizmo:gap-3 gizmo:md:px-5 gizmo:lg:px-1 gizmo:xl:px-5 md:max-w-2xl lg:max-w-[38rem] gizmo:md:max-w-3xl gizmo:lg:max-w-[40rem] gizmo:xl:max-w-[48rem] xl:max-w-3xl } group final-completion\">\n<div class=\"relative flex w-[calc(100%-50px)] flex-col gizmo:w-full lg:w-[calc(100%-115px)] agent-turn\">\n<div class=\"flex-col gap-1 md:gap-3\">\n<div class=\"flex flex-grow flex-col max-w-full gap-3 gizmo:gap-0\">\n<div class=\"min-h-[20px] text-message flex flex-col items-start gap-3 whitespace-pre-wrap break-words [.text-message+&amp;]:mt-5 overflow-x-auto\" data-message-author-role=\"assistant\" data-message-id=\"c72f5d34-9848-4e48-a99a-c5933f70c03e\">\n<div class=\"markdown prose w-full break-words dark:prose-invert dark\">\n<p>&nbsp;<\/p>\n<p>&nbsp;<\/p>\n<\/div>\n<\/div>\n<\/div>\n<\/div>\n<\/div>\n<\/div>\n<\/div>\n<\/div>\n<\/div>\n<\/div>\n<\/div>\n<\/div>\n<hr \/>\n<p>&nbsp;<\/p>\n<blockquote>\n<h3>19 novembre 2023: Giornata Mondiale in ricordo delle vittime della strada<\/h3>\n<\/blockquote>\n<p><strong><img loading=\"lazy\" decoding=\"async\" class=\"alignleft\" src=\"https:\/\/www.radiopiu.net\/wordpress\/wp-content\/uploads\/2023\/11\/Senza-nome-79.png\" width=\"269\" height=\"169\" \/>REDAZIONE<\/strong> Domenica ricorre la giornata\u00a0 dedicata a commemorare le persone che hanno perso la vita in incidenti stradali e a sensibilizzare l&#8217;opinione pubblica sui problemi legati alla sicurezza stradale. Le iniziative variano da paese a paese, con attivit\u00e0 come momenti di silenzio, cerimonie commemorative, campagne di sensibilizzazione e altre iniziative volte a promuovere la sicurezza stradale. Radio Pi\u00f9 ne ha parlato con il Vice Questore di Belluno, dirigente della sezione Polizia Stradale di Belluno, dottoressa <a class=\"dt-pswp-item\" href=\"https:\/\/www.radiopiu.net\/wordpress\/wp-content\/uploads\/2022\/01\/POLIZIA-ESSERCI.jpg\" data-dt-img-description=\"\" data-large_image_width=\"750\" data-large_image_height=\"407\"><img loading=\"lazy\" decoding=\"async\" class=\" wp-image-255174 alignright\" src=\"https:\/\/www.radiopiu.net\/wordpress\/wp-content\/uploads\/2022\/01\/POLIZIA-ESSERCI-300x163.jpg\" alt=\"\" width=\"256\" height=\"139\" srcset=\"https:\/\/www.radiopiu.net\/wordpress\/wp-content\/uploads\/2022\/01\/POLIZIA-ESSERCI-300x163.jpg 300w, https:\/\/www.radiopiu.net\/wordpress\/wp-content\/uploads\/2022\/01\/POLIZIA-ESSERCI.jpg 750w\" sizes=\"auto, (max-width: 256px) 100vw, 256px\" \/><\/a>Luciana Giorgi.<\/p>\n<p>&nbsp;<\/p>\n<blockquote><p><em>La\u00a0<strong>principale causa di morte tra i giovani (15-24 anni)<\/strong> \u00e8 l\u2019incidentalit\u00e0 stradale, causata principalmente dall\u2019alta velocit\u00e0, dalla distrazione, dall\u2019assunzione di alcol o droghe, dalla ricerca di visibilit\u00e0 sui social per esibire comportamenti sfidanti e rischiosi. <\/em><em>Dopo i 65 anni di et\u00e0 \u00e8 fisiologico un calo dei riflessi, quindi l\u2019adozione di stili di guida prudenti rappresenta un importante fattore di protezione per se stessi e per gli altri.<\/em><\/p>\n<p>&nbsp;<\/p><\/blockquote>\n<p><strong>di Mirko Mezzacasa<\/strong><\/p>\n<audio class=\"wp-audio-shortcode\" id=\"audio-361619-6\" preload=\"none\" style=\"width: 100%;\" controls=\"controls\"><source type=\"audio\/mpeg\" src=\"https:\/\/www.radiopiu.net\/wordpress\/wp-content\/uploads\/2023\/11\/QUESTURA-BELLUNO-DIRETTA.mp3?_=6\" \/><a href=\"https:\/\/www.radiopiu.net\/wordpress\/wp-content\/uploads\/2023\/11\/QUESTURA-BELLUNO-DIRETTA.mp3\">https:\/\/www.radiopiu.net\/wordpress\/wp-content\/uploads\/2023\/11\/QUESTURA-BELLUNO-DIRETTA.mp3<\/a><\/audio>\n<p>&nbsp;<\/p>\n<p>&nbsp;<\/p>\n<hr \/>\n<p>&nbsp;<\/p>\n<blockquote>\n<h3>L&#8217;ESERCITAZIONE DELLA PROTEZIONE CIVILE IN AGORDINO<\/h3>\n<\/blockquote>\n<p><strong><a class=\"dt-pswp-item\" href=\"https:\/\/www.radiopiu.net\/wordpress\/wp-content\/uploads\/2018\/07\/UNIONE-MONTANA.jpg\" data-dt-img-description=\"\" data-large_image_width=\"464\" data-large_image_height=\"660\"><img loading=\"lazy\" decoding=\"async\" class=\" wp-image-53717 alignleft\" src=\"https:\/\/www.radiopiu.net\/wordpress\/wp-content\/uploads\/2018\/07\/UNIONE-MONTANA-211x300.jpg\" alt=\"\" width=\"127\" height=\"181\" srcset=\"https:\/\/www.radiopiu.net\/wordpress\/wp-content\/uploads\/2018\/07\/UNIONE-MONTANA-211x300.jpg 211w, https:\/\/www.radiopiu.net\/wordpress\/wp-content\/uploads\/2018\/07\/UNIONE-MONTANA.jpg 464w\" sizes=\"auto, (max-width: 127px) 100vw, 127px\" \/><\/a>AGORDO<\/strong><\/p>\n<p>DI GIANNI SANTOMASO<\/p>\n<audio class=\"wp-audio-shortcode\" id=\"audio-361619-7\" preload=\"none\" style=\"width: 100%;\" controls=\"controls\"><source type=\"audio\/mpeg\" src=\"https:\/\/www.radiopiu.net\/wordpress\/wp-content\/uploads\/2023\/11\/GIANNI-LESERCITAZIONE-DELLA-PROTEZIONE-CIVILE-IN-AGORDINO.mp3?_=7\" \/><a href=\"https:\/\/www.radiopiu.net\/wordpress\/wp-content\/uploads\/2023\/11\/GIANNI-LESERCITAZIONE-DELLA-PROTEZIONE-CIVILE-IN-AGORDINO.mp3\">https:\/\/www.radiopiu.net\/wordpress\/wp-content\/uploads\/2023\/11\/GIANNI-LESERCITAZIONE-DELLA-PROTEZIONE-CIVILE-IN-AGORDINO.mp3<\/a><\/audio>\n<p>&nbsp;<\/p>\n<hr \/>\n<p>&nbsp;<\/p>\n<blockquote>\n<h2>BORSE DI STUDIO NEGATE, LE INTERROGAZIONI PIDDINE<\/h2>\n<h2><img loading=\"lazy\" decoding=\"async\" class=\" wp-image-233251 alignleft\" src=\"https:\/\/www.radiopiu.net\/wordpress\/wp-content\/uploads\/2021\/09\/CAMANI-300x200.jpg\" alt=\"\" width=\"258\" height=\"172\" srcset=\"https:\/\/www.radiopiu.net\/wordpress\/wp-content\/uploads\/2021\/09\/CAMANI-300x200.jpg 300w, https:\/\/www.radiopiu.net\/wordpress\/wp-content\/uploads\/2021\/09\/CAMANI-1024x683.jpg 1024w, https:\/\/www.radiopiu.net\/wordpress\/wp-content\/uploads\/2021\/09\/CAMANI-768x512.jpg 768w, https:\/\/www.radiopiu.net\/wordpress\/wp-content\/uploads\/2021\/09\/CAMANI-1536x1024.jpg 1536w, https:\/\/www.radiopiu.net\/wordpress\/wp-content\/uploads\/2021\/09\/CAMANI-2048x1365.jpg 2048w\" sizes=\"auto, (max-width: 258px) 100vw, 258px\" \/><strong style=\"font-size: 14px;\">VENEZIA<\/strong> <em style=\"font-size: 14px; font-weight: normal;\">&#8220;Di fronte alle 2.653 borse di studio che ad oggi sono negate per mancanza di fondi, cosa dovrebbero fare gli studenti universitari padovani?&#8221; <\/em><span style=\"font-size: 14px; font-weight: normal;\">La capogruppo del PD Veneto, Vanessa Camani (foto), entra cos\u00ec nel merito della questione e delle polemiche tra Udu e Elena Donazzan, relative alla insufficienza di risorse per garantire a tutti gli idonei beneficiari le borse di studio per l&#8217;anno accademico 2023-2024. <\/span><em style=\"font-size: 14px; font-weight: normal;\">&#8220;Donazzan provi a mettersi dalla parte di chi non pu\u00f2 attendere mesi e mesi per ottenere ci\u00f2 che sarebbe dovuto in tempi immediati. Le Universit\u00e0 spesso anticipano le erogazioni ma la falla nel sistema regionale \u00e8 ormai enorme. Mancano dal bilancio di previsione, che stiamo discutendo in queste settimane, almeno 10 milioni sulle borse. Un diritto, quello allo studio per i ragazzi meno abbienti, di fatto negato dalla Regione Veneto&#8221;<\/em><span style=\"font-size: 14px; font-weight: normal;\">.<\/span><\/h2>\n<\/blockquote>\n<p>&nbsp;<\/p>\n<p>&nbsp;<\/p>\n<p>&nbsp;<\/p>\n<p>&nbsp;<\/p>\n<hr \/>\n<p>&nbsp;<\/p>\n<blockquote>\n<h3>Avvicendamento al Comando della Tenenza della Guardia di Finanza di Auronzo di Cadore<\/h3>\n<\/blockquote>\n<p><strong><a class=\"dt-pswp-item\" href=\"https:\/\/www.radiopiu.net\/wordpress\/wp-content\/uploads\/2023\/11\/Senza-nome-81.png\" data-dt-img-description=\"\" data-large_image_width=\"257\" data-large_image_height=\"125\"><img loading=\"lazy\" decoding=\"async\" class=\" wp-image-361770 alignleft\" src=\"https:\/\/www.radiopiu.net\/wordpress\/wp-content\/uploads\/2023\/11\/Senza-nome-81.png\" alt=\"\" width=\"212\" height=\"103\" \/><\/a>AURONZO<\/strong> Dopo tre anni di servizio presso la sede cadorina, il Luogotenente\u00a0 Massimo Stefani (foto a destra) lascia il comando della Tenenza della Guardia di Finanza di Auronzo di Cadore a causa del raggiungimento dell&#8217;et\u00e0 pensionabile. Il suo successore \u00e8 il Luogotenente Antonio Cerbino Tedesco (foto sinistra), proveniente dal Nucleo di Polizia Economico-Finanziaria di Treviso. Il nuovo comandante, 45 anni, di origini campane e laureato in Scienze dell&#8217;Economia, porta con s\u00e9 una vasta esperienza professionale acquisita in vari incarichi operativi in diversi contesti territoriali. Il Colonnello Dario Guarino, Comandante Provinciale di Belluno, esprime apprezzamento per l&#8217;attivit\u00e0 svolta dal Luogotenente C.S. Stefani e augura al nuovo Comandante, Luogotenente Cerbino Tedesco, i migliori auspici per i futuri e importanti impegni professionali.<\/p>\n<p>&nbsp;<\/p>\n<hr \/>\n<p>&nbsp;<\/p>\n<blockquote>\n<h3>TORNA \u201cEMOZIONIAMOCI\u201d, IL CORSO GRATUITO SULLE EMOZIONI<\/h3>\n<\/blockquote>\n<p><em>Per i giovani tra i 18 e i 26 anni, con la psicologa psicoterapeuta Giovanna Ninni<\/em><\/p>\n<p><strong><a class=\"dt-pswp-item\" href=\"https:\/\/www.radiopiu.net\/wordpress\/wp-content\/uploads\/2023\/11\/Senza-nome-80.png\" data-dt-img-description=\"\" data-large_image_width=\"697\" data-large_image_height=\"370\"><img loading=\"lazy\" decoding=\"async\" class=\" wp-image-361690 alignleft\" src=\"https:\/\/www.radiopiu.net\/wordpress\/wp-content\/uploads\/2023\/11\/Senza-nome-80-300x159.png\" alt=\"\" width=\"245\" height=\"130\" srcset=\"https:\/\/www.radiopiu.net\/wordpress\/wp-content\/uploads\/2023\/11\/Senza-nome-80-300x159.png 300w, https:\/\/www.radiopiu.net\/wordpress\/wp-content\/uploads\/2023\/11\/Senza-nome-80.png 697w\" sizes=\"auto, (max-width: 245px) 100vw, 245px\" \/><\/a>BELLUNO\u00a0 <\/strong>Torna, dopo l\u2019esperienza della scorsa primavera, \u201cEmozioniamoci\u201d, la proposta che il Comune di Belluno organizza in collaborazione con la psicologa psicoterapeuta Giovanna Ninni. Si tratta di un corso gratuito rivolto ai giovani tra i 18 e i 26 anni, dedicato alla scoperta del mondo emotivo, delle sue difficolt\u00e0 e delle sue risorse, sia personali che relazionali. <em>\u201cLe emozioni, anche quelle negative, non sono nemici da combattere o da temere<\/em> lo dice l\u2019assessore alle politiche giovanili, Roberta Olivotto<\/p>\n<p>&nbsp;<\/p>\n<p>audio<\/p>\n<audio class=\"wp-audio-shortcode\" id=\"audio-361619-8\" preload=\"none\" style=\"width: 100%;\" controls=\"controls\"><source type=\"audio\/mpeg\" src=\"https:\/\/www.radiopiu.net\/wordpress\/wp-content\/uploads\/2023\/11\/OLIVOTTO.mp3?_=8\" \/><a href=\"https:\/\/www.radiopiu.net\/wordpress\/wp-content\/uploads\/2023\/11\/OLIVOTTO.mp3\">https:\/\/www.radiopiu.net\/wordpress\/wp-content\/uploads\/2023\/11\/OLIVOTTO.mp3<\/a><\/audio>\n<p>&nbsp;<\/p>\n<p><strong>DI BARBARA PAOLAZZI, RADIO CLUB 103<\/strong><\/p>\n<audio class=\"wp-audio-shortcode\" id=\"audio-361619-9\" preload=\"none\" style=\"width: 100%;\" controls=\"controls\"><source type=\"audio\/mpeg\" src=\"https:\/\/www.radiopiu.net\/wordpress\/wp-content\/uploads\/2023\/11\/PAOLAZZI-EMOZIONIAMOCI-BELLUNO.mp3?_=9\" \/><a href=\"https:\/\/www.radiopiu.net\/wordpress\/wp-content\/uploads\/2023\/11\/PAOLAZZI-EMOZIONIAMOCI-BELLUNO.mp3\">https:\/\/www.radiopiu.net\/wordpress\/wp-content\/uploads\/2023\/11\/PAOLAZZI-EMOZIONIAMOCI-BELLUNO.mp3<\/a><\/audio>\n<p>&nbsp;<\/p>\n<hr \/>\n<p>&nbsp;<\/p>\n<blockquote>\n<h3>BIM INFRASTRUTTURE, APPROVATO IL BILANCIO SEMESTRALE 2023<\/h3>\n<\/blockquote>\n<p><strong><a class=\"dt-pswp-item\" href=\"https:\/\/www.radiopiu.net\/wordpress\/wp-content\/uploads\/2023\/11\/Buono-Zanolla-Amministratore-di-Bim-Infrastrutture.jpg\" data-dt-img-description=\"\" data-large_image_width=\"1134\" data-large_image_height=\"850\"><img loading=\"lazy\" decoding=\"async\" class=\" wp-image-361740 alignleft\" src=\"https:\/\/www.radiopiu.net\/wordpress\/wp-content\/uploads\/2023\/11\/Buono-Zanolla-Amministratore-di-Bim-Infrastrutture-300x225.jpg\" alt=\"\" width=\"169\" height=\"127\" srcset=\"https:\/\/www.radiopiu.net\/wordpress\/wp-content\/uploads\/2023\/11\/Buono-Zanolla-Amministratore-di-Bim-Infrastrutture-300x225.jpg 300w, https:\/\/www.radiopiu.net\/wordpress\/wp-content\/uploads\/2023\/11\/Buono-Zanolla-Amministratore-di-Bim-Infrastrutture-1024x768.jpg 1024w, https:\/\/www.radiopiu.net\/wordpress\/wp-content\/uploads\/2023\/11\/Buono-Zanolla-Amministratore-di-Bim-Infrastrutture-768x576.jpg 768w, https:\/\/www.radiopiu.net\/wordpress\/wp-content\/uploads\/2023\/11\/Buono-Zanolla-Amministratore-di-Bim-Infrastrutture.jpg 1134w\" sizes=\"auto, (max-width: 169px) 100vw, 169px\" \/><\/a>BELLUNO<\/strong> E\u2019 stato approvato\u00a0 a maggioranza dei presenti, nell\u2019assemblea soci svoltasi a Villa Patt di Sedico, il bilancio del primo semestre 2023 di Bim Belluno Infrastrutture. Positivi i risultati al 30 giugno conseguiti dalla societ\u00e0 ed illustrati dall\u2019Amministratore Unico, Bruno Zanolla: ricavi a 6,2 milioni di euro, costi a 3,8 milioni, margine operativo lordo (differenza tra ricavi e costi operativi), a 2,4 milioni: l\u2019utile generato, detratte le imposte, \u00e8 di 847 mila euro. Il patrimonio netto si attesta a quota 43,2 milioni. Gli investimenti realizzati, per lo pi\u00f9 per allacciamenti di utenza ed estensioni di rete, sono stati di 413mila euro.<\/p>\n<p>&nbsp;<\/p>\n<p>&nbsp;<\/p>\n<hr \/>\n<p>&nbsp;<\/p>\n<blockquote>\n<h3>BIM GSP APPROVA IL BILANCIO DEL PRIMO SEMESTRE 2023<\/h3>\n<\/blockquote>\n<p><strong><a class=\"dt-pswp-item\" href=\"https:\/\/www.radiopiu.net\/wordpress\/wp-content\/uploads\/2023\/11\/1_il-Cda-di-Gsp-Attilio-Sommavilla-al-centro-Lara-Stefani-a-destra-e-Andrea-Menin-a-sinistra.jpg\" data-dt-img-description=\"\" data-large_image_width=\"1134\" data-large_image_height=\"1301\"><img loading=\"lazy\" decoding=\"async\" class=\" wp-image-361745 alignleft\" src=\"https:\/\/www.radiopiu.net\/wordpress\/wp-content\/uploads\/2023\/11\/1_il-Cda-di-Gsp-Attilio-Sommavilla-al-centro-Lara-Stefani-a-destra-e-Andrea-Menin-a-sinistra-261x300.jpg\" alt=\"\" width=\"112\" height=\"129\" srcset=\"https:\/\/www.radiopiu.net\/wordpress\/wp-content\/uploads\/2023\/11\/1_il-Cda-di-Gsp-Attilio-Sommavilla-al-centro-Lara-Stefani-a-destra-e-Andrea-Menin-a-sinistra-261x300.jpg 261w, https:\/\/www.radiopiu.net\/wordpress\/wp-content\/uploads\/2023\/11\/1_il-Cda-di-Gsp-Attilio-Sommavilla-al-centro-Lara-Stefani-a-destra-e-Andrea-Menin-a-sinistra-893x1024.jpg 893w, https:\/\/www.radiopiu.net\/wordpress\/wp-content\/uploads\/2023\/11\/1_il-Cda-di-Gsp-Attilio-Sommavilla-al-centro-Lara-Stefani-a-destra-e-Andrea-Menin-a-sinistra-768x881.jpg 768w, https:\/\/www.radiopiu.net\/wordpress\/wp-content\/uploads\/2023\/11\/1_il-Cda-di-Gsp-Attilio-Sommavilla-al-centro-Lara-Stefani-a-destra-e-Andrea-Menin-a-sinistra.jpg 1134w\" sizes=\"auto, (max-width: 112px) 100vw, 112px\" \/><\/a>BELLUNO<\/strong> Si \u00e8 tenuta a Villa Patt di Sedico l\u2019assemblea dei soci di Bim Gsp. All\u2019ordine del giorno, bilancio semestrale 2023, fusione con Bim Infrastrutture, nuova sede, recesso di Alano di Piave e Dolomiti Ambiente. Approvato a maggioranza dei presenti il bilancio del primo semestre 2023. Complessivamente positivi i risultati conseguiti e illustrati da Attilio Sommavilla, presidente di Bim Gsp, coadiuvato dai consiglieri Lara Stefani e Andrea Menin: valore della produzione a 15 milioni di euro, costi a 12,8 milioni, margine operativo lordo (differenza tra ricavi e costi operativi) a 2,2 milioni. In calo l\u2019utile generato che, detratte le imposte, risulta di 164mila euro. Il patrimonio netto ha raggiunto quota 59,8 milioni di euro.<\/p>\n<p>&nbsp;<\/p>\n<p>&nbsp;<\/p>\n<hr \/>\n<p>&nbsp;<\/p>\n<blockquote>\n<h3>TEATRO DELLA SENA: IL COMUNE DI FELTRE VUOLE ACCELLERARE SUI LAVORI<\/h3>\n<\/blockquote>\n<p><strong><a class=\"dt-pswp-item\" href=\"https:\/\/www.radiopiu.net\/wordpress\/wp-content\/uploads\/2023\/11\/0b584307-6496-42c0-b0c4-cd3d0295928a.jpg\" data-dt-img-description=\"\" data-large_image_width=\"1599\" data-large_image_height=\"899\"><img loading=\"lazy\" decoding=\"async\" class=\" wp-image-361718 alignleft\" src=\"https:\/\/www.radiopiu.net\/wordpress\/wp-content\/uploads\/2023\/11\/0b584307-6496-42c0-b0c4-cd3d0295928a-300x169.jpg\" alt=\"\" width=\"201\" height=\"113\" srcset=\"https:\/\/www.radiopiu.net\/wordpress\/wp-content\/uploads\/2023\/11\/0b584307-6496-42c0-b0c4-cd3d0295928a-300x169.jpg 300w, https:\/\/www.radiopiu.net\/wordpress\/wp-content\/uploads\/2023\/11\/0b584307-6496-42c0-b0c4-cd3d0295928a-1024x576.jpg 1024w, https:\/\/www.radiopiu.net\/wordpress\/wp-content\/uploads\/2023\/11\/0b584307-6496-42c0-b0c4-cd3d0295928a-768x432.jpg 768w, https:\/\/www.radiopiu.net\/wordpress\/wp-content\/uploads\/2023\/11\/0b584307-6496-42c0-b0c4-cd3d0295928a-1536x864.jpg 1536w, https:\/\/www.radiopiu.net\/wordpress\/wp-content\/uploads\/2023\/11\/0b584307-6496-42c0-b0c4-cd3d0295928a.jpg 1599w\" sizes=\"auto, (max-width: 201px) 100vw, 201px\" \/><\/a>FELTRE<\/strong> Il Comune di Feltre cerca di accelerare i tempi e stralcia alcuni lavori dall&#8217;intervento al Teatro della Sena.<\/p>\n<p><strong>DI DANIELE DALVIT<\/strong><\/p>\n<audio class=\"wp-audio-shortcode\" id=\"audio-361619-10\" preload=\"none\" style=\"width: 100%;\" controls=\"controls\"><source type=\"audio\/mpeg\" src=\"https:\/\/www.radiopiu.net\/wordpress\/wp-content\/uploads\/2023\/11\/Radio-Piu-Servizio-Revisione-intervento-Teatro-Sena.mp3?_=10\" \/><a href=\"https:\/\/www.radiopiu.net\/wordpress\/wp-content\/uploads\/2023\/11\/Radio-Piu-Servizio-Revisione-intervento-Teatro-Sena.mp3\">https:\/\/www.radiopiu.net\/wordpress\/wp-content\/uploads\/2023\/11\/Radio-Piu-Servizio-Revisione-intervento-Teatro-Sena.mp3<\/a><\/audio>\n<p>&nbsp;<\/p>\n<hr \/>\n<p>&nbsp;<\/p>\n<blockquote>\n<h2><b>Approvato il nuovo \u201cbonus sport\u201d: \u00abFacciamo squadra con le famiglie\u00bb<\/b><\/h2>\n<\/blockquote>\n<p><strong><a class=\"dt-pswp-item\" href=\"https:\/\/www.radiopiu.net\/wordpress\/wp-content\/uploads\/2023\/11\/Bonus_Sport_a_Ponte_nelle_Alpi.jpg\" data-dt-img-description=\"\" data-large_image_width=\"1705\" data-large_image_height=\"751\"><img loading=\"lazy\" decoding=\"async\" class=\"size-medium wp-image-361684 alignleft\" src=\"https:\/\/www.radiopiu.net\/wordpress\/wp-content\/uploads\/2023\/11\/Bonus_Sport_a_Ponte_nelle_Alpi-300x132.jpg\" alt=\"\" width=\"300\" height=\"132\" srcset=\"https:\/\/www.radiopiu.net\/wordpress\/wp-content\/uploads\/2023\/11\/Bonus_Sport_a_Ponte_nelle_Alpi-300x132.jpg 300w, https:\/\/www.radiopiu.net\/wordpress\/wp-content\/uploads\/2023\/11\/Bonus_Sport_a_Ponte_nelle_Alpi-1024x451.jpg 1024w, https:\/\/www.radiopiu.net\/wordpress\/wp-content\/uploads\/2023\/11\/Bonus_Sport_a_Ponte_nelle_Alpi-768x338.jpg 768w, https:\/\/www.radiopiu.net\/wordpress\/wp-content\/uploads\/2023\/11\/Bonus_Sport_a_Ponte_nelle_Alpi-1536x677.jpg 1536w, https:\/\/www.radiopiu.net\/wordpress\/wp-content\/uploads\/2023\/11\/Bonus_Sport_a_Ponte_nelle_Alpi.jpg 1705w\" sizes=\"auto, (max-width: 300px) 100vw, 300px\" \/><\/a>PONTE NELLE ALPI :<\/strong> L&#8217;amministrazione comunale di Ponte nelle Alpi sostiene le famiglie nel coprire i costi delle attivit\u00e0 sportive dei loro figli attraverso il &#8220;bonus sport&#8221;. L&#8217;iniziativa, denominata &#8220;Facciamo squadra con le famiglie&#8221;, \u00e8 stata presentata dalla giunta comunale il 15 novembre. Il bonus \u00e8 destinato ai genitori di ragazzi dai 5 ai 15 anni che partecipano a varie attivit\u00e0 sportive locali. Le richieste possono essere presentate al Comune, e le graduatorie saranno basate sull&#8217;ISEE e sulla condizione economica delle famiglie. Lo scorso anno, quasi un centinaio di domande hanno portato a un totale di 5.400 euro, con un contributo massimo di 100 euro per figlio. L&#8217;amministrazione crede nel valore dello sport come veicolo di inclusione sociale e trasmissione di valori positivi. L&#8217;iniziativa ha riscosso successo, e altri comuni della provincia hanno adottato il &#8220;bonus sport&#8221; comunale. L&#8217;assessore al Patrimonio e Bilancio ha ringraziato le societ\u00e0 sportive e annunciato contributi per i gruppi sportivi che promuovono attivit\u00e0 nel comune.<\/p>\n<p>&nbsp;<\/p>\n<p>&nbsp;<\/p>\n<p>&nbsp;<\/p>\n<hr \/>\n<p>&nbsp;<\/p>\n<blockquote>\n<h3>BELLUNO CITTA&#8217; DEL LEGNO, ULTIMO FINE SETTIMANA<\/h3>\n<\/blockquote>\n<p><strong><a class=\"dt-pswp-item\" href=\"https:\/\/www.radiopiu.net\/wordpress\/wp-content\/uploads\/2023\/11\/BELLUNO-LEGNO.png\" data-dt-img-description=\"\" data-large_image_width=\"364\" data-large_image_height=\"225\"><img loading=\"lazy\" decoding=\"async\" class=\" wp-image-361714 alignleft\" src=\"https:\/\/www.radiopiu.net\/wordpress\/wp-content\/uploads\/2023\/11\/BELLUNO-LEGNO-300x185.png\" alt=\"\" width=\"196\" height=\"121\" srcset=\"https:\/\/www.radiopiu.net\/wordpress\/wp-content\/uploads\/2023\/11\/BELLUNO-LEGNO-300x185.png 300w, https:\/\/www.radiopiu.net\/wordpress\/wp-content\/uploads\/2023\/11\/BELLUNO-LEGNO.png 364w\" sizes=\"auto, (max-width: 196px) 100vw, 196px\" \/><\/a>BELLUNO<\/strong> Nell&#8217;ultimo fine settimana di &#8220;Belluno Citt\u00e0 del Legno,&#8221; diverse iniziative sono in programma. L&#8217;Ex Tempore presenta sculture esposte nel chiostro di Palazzo Fulcis, dove potranno essere votate per l&#8217;assegnazione dei premi. Sabato ci sar\u00e0 un convegno sulla propriet\u00e0 collettiva presso la Camera di Commercio, mentre piazza dei Martiri ospiter\u00e0 lo spettacolo &#8220;I due artigiani del legno.&#8221; Domenica prevede una visita guidata, giochi in legno storici, e l&#8217;esposizione di attrezzi storici a Borgo Piave. Altre attivit\u00e0 includono l&#8217;installazione &#8220;Ombre in luce,&#8221; una mostra fotografica a piazza dei Martiri, e le &#8220;casette delle castagne&#8221; con il &#8220;Market dolomitico.&#8221; I negozi del centro saranno aperti anche domenica.<\/p>\n<p>&nbsp;<\/p>\n<p>&nbsp;<\/p>\n<hr \/>\n<p>&nbsp;<\/p>\n<blockquote>\n<h3>NON FARTI INGANNARE PER 640 MOTIVI<\/h3>\n<\/blockquote>\n<p><strong>PRESENTAZIONE DI MARCO DAL PONT, ASSESSORE AL SOCIALE DEL COMUNE DI BELLUNO<\/strong><\/p>\n<audio class=\"wp-audio-shortcode\" id=\"audio-361619-11\" preload=\"none\" style=\"width: 100%;\" controls=\"controls\"><source type=\"audio\/mpeg\" src=\"https:\/\/www.radiopiu.net\/wordpress\/wp-content\/uploads\/2023\/11\/MARCO-DAL-PONT.mp3?_=11\" \/><a href=\"https:\/\/www.radiopiu.net\/wordpress\/wp-content\/uploads\/2023\/11\/MARCO-DAL-PONT.mp3\">https:\/\/www.radiopiu.net\/wordpress\/wp-content\/uploads\/2023\/11\/MARCO-DAL-PONT.mp3<\/a><\/audio>\n<p>&nbsp;<\/p>\n<p><strong>DIRETTA CANALI RADIOPIU<\/strong><\/p>\n<p><iframe loading=\"lazy\" title=\"NON FARTI INGANNARE PER 640 MOTIVI\" width=\"1200\" height=\"675\" src=\"https:\/\/www.youtube.com\/embed\/hCBYeUC3vL0?feature=oembed\" frameborder=\"0\" allow=\"accelerometer; autoplay; clipboard-write; encrypted-media; gyroscope; picture-in-picture; web-share\" allowfullscreen><\/iframe><\/p>\n<p>&nbsp;<\/p>\n<hr \/>\n<p>&nbsp;<\/p>\n<p>&nbsp;<\/p>\n<blockquote>\n<h3><a class=\"dt-pswp-item\" href=\"https:\/\/www.radiopiu.net\/wordpress\/wp-content\/uploads\/2023\/11\/Carabinieri-Truffe-scaled.jpg\" data-dt-img-description=\"\" data-large_image_width=\"1604\" data-large_image_height=\"2560\"><img loading=\"lazy\" decoding=\"async\" class=\"size-medium wp-image-361683 alignleft\" src=\"https:\/\/www.radiopiu.net\/wordpress\/wp-content\/uploads\/2023\/11\/Carabinieri-Truffe-188x300.jpg\" alt=\"\" width=\"188\" height=\"300\" srcset=\"https:\/\/www.radiopiu.net\/wordpress\/wp-content\/uploads\/2023\/11\/Carabinieri-Truffe-188x300.jpg 188w, https:\/\/www.radiopiu.net\/wordpress\/wp-content\/uploads\/2023\/11\/Carabinieri-Truffe-642x1024.jpg 642w, https:\/\/www.radiopiu.net\/wordpress\/wp-content\/uploads\/2023\/11\/Carabinieri-Truffe-768x1225.jpg 768w, https:\/\/www.radiopiu.net\/wordpress\/wp-content\/uploads\/2023\/11\/Carabinieri-Truffe-963x1536.jpg 963w, https:\/\/www.radiopiu.net\/wordpress\/wp-content\/uploads\/2023\/11\/Carabinieri-Truffe-1284x2048.jpg 1284w, https:\/\/www.radiopiu.net\/wordpress\/wp-content\/uploads\/2023\/11\/Carabinieri-Truffe-scaled.jpg 1604w\" sizes=\"auto, (max-width: 188px) 100vw, 188px\" \/><\/a><\/h3>\n<h3>L&#8217;AUSER AL FIANCO DEGLI ANZIANI CONTRO LE TRUFFE<\/h3>\n<\/blockquote>\n<p><strong>PONTE NELLE ALPI<\/strong> Il ciclo autunnale di incontri promossi dall&#8217;Auser provinciale in collaborazione con il Comando provinciale Carabinieri di Belluno, dedicati alle truffe agli anziani, giunge alla sua conclusione con l&#8217;evento previsto per luned\u00ec 20 novembre a Ponte nelle Alpi. Dopo aver toccato Alpago, Feltre, Pedavena e Pieve di Cadore, il Circolo Auser di Ponte nelle Alpi ospiter\u00e0 l&#8217;incontro presso il Parco Mares, nella Sala &#8220;Davide Sassoli&#8221; alle 15.00. Un esperto dell&#8217;Arma dei Carabinieri fornir\u00e0 suggerimenti e consigli per evitare truffe. L&#8217;evento gode del patrocinio dell&#8217;Amministrazione Comunale e vede la collaborazione di diverse realt\u00e0 associative locali, tra cui &#8220;Accanto all&#8217;anziano&#8221;\u00a0 \u00a0&#8220;Circolo Astra&#8221; e &#8220;Libera&#8221;. Questa sinergia di presenze associative sul territorio testimonia l&#8217;impegno congiunto nel supporto alle persone pi\u00f9 vulnerabili, che a causa della solitudine e della fiducia innata possono essere maggiormente esposte a truffe e inganni.<\/p>\n<p>&nbsp;<\/p>\n<p>&nbsp;<\/p>\n<p>&nbsp;<\/p>\n<hr \/>\n<p>&nbsp;<\/p>\n<p>&nbsp;<\/p>\n<blockquote>\n<h2><a class=\"dt-pswp-item\" href=\"https:\/\/www.radiopiu.net\/wordpress\/wp-content\/uploads\/2023\/01\/SAFILO.png\" data-dt-img-description=\"\" data-large_image_width=\"766\" data-large_image_height=\"492\"><img loading=\"lazy\" decoding=\"async\" class=\"wp-image-318963 alignleft\" src=\"https:\/\/www.radiopiu.net\/wordpress\/wp-content\/uploads\/2023\/01\/SAFILO-300x193.png\" alt=\"\" width=\"135\" height=\"87\" srcset=\"https:\/\/www.radiopiu.net\/wordpress\/wp-content\/uploads\/2023\/01\/SAFILO-300x193.png 300w, https:\/\/www.radiopiu.net\/wordpress\/wp-content\/uploads\/2023\/01\/SAFILO.png 766w\" sizes=\"auto, (max-width: 135px) 100vw, 135px\" \/><\/a>SAFILO, NESSUNA SORPRESA<\/h2>\n<\/blockquote>\n<p><strong>LONGARONE<\/strong>\u00a0 C&#8217;e&#8217; il decreto, per due anni il Ministero del Lavoro ha autorizzato la corresponsione del trattamento di integrazione salariale per i lavoratori della Innovatek, una delle due aziende che ha assorbito i lavoratori &#8220;licenziati&#8221; dalla Safilo che ha lasciato il territorio longaronese. Thelios si \u00e8 fatta carico di assorbire un buon numero di lavoratori e corrisponder\u00e0 l&#8217;intero trattamento economico salariale.<\/p>\n<p>&nbsp;<\/p>\n<p>&nbsp;<\/p>\n<hr \/>\n<p>&nbsp;<\/p>\n<blockquote>\n<h3>LO SPETTACOLO LA TERRAZZA AL NOF FILO&#8217; DI CENCENIGHE<\/h3>\n<\/blockquote>\n<p><strong>DI LUISA MANFROI<\/strong><\/p>\n<p>Risate, intrattenimento e suspense\u00a0 sono al centro della commedia\u00a0 giallo comica &#8220;La Terrazza&#8221; scritta da Paola Settele e rappresentata dalla \u201cCompagnia Instabile don Bosco\u201d. L&#8217;evento \u00e8 fissato per sabato 18 novembre 2023, al Nof Fil\u00f2 di Cencenighe, con inizio alle ore 20:30. Un appuntamento organizzato dalla Pro Loco e Biblioteca pubblica con il patrocinio del Comune di Cencenighe.\u00a0 La proposta del gruppo teatrale bellunese \u00e8 stata messa in scena nelle scorse settimane in altre localit\u00e0 della provincia. Con questa commedia\u00a0 continua la tradizione della Pro loco di ospitare al Nof Fil\u00f2 spettacoli teatrali. Questa volta l\u2019interesse degli spettatori sar\u00e0 incentrato sulla risoluzione di\u00a0 un misterioso omicidio tra divertimento e colpi di scena.<\/p>\n<p>&nbsp;<\/p>\n<p>&nbsp;<\/p>\n<hr \/>\n<p>&nbsp;<\/p>\n<blockquote>\n<h2>SPECIALE SPI CGIL &#8211; 16 NOVEMBRE 2023<\/h2>\n<\/blockquote>\n<p><strong><a href=\"https:\/\/www.radiopiu.net\/wordpress\/giornale-radiopiu-06-febbraio-2019-direttore-mirko-mezzacasa\/logo_spi-cgil-800x445\/\" rel=\"attachment wp-att-75538\"><img loading=\"lazy\" decoding=\"async\" class=\"size-medium wp-image-75538 alignleft\" src=\"https:\/\/www.radiopiu.net\/wordpress\/wp-content\/uploads\/2019\/02\/Logo_Spi-CGIL-800x445-300x167.jpg\" alt=\"\" width=\"300\" height=\"167\" srcset=\"https:\/\/www.radiopiu.net\/wordpress\/wp-content\/uploads\/2019\/02\/Logo_Spi-CGIL-800x445-300x167.jpg 300w, https:\/\/www.radiopiu.net\/wordpress\/wp-content\/uploads\/2019\/02\/Logo_Spi-CGIL-800x445-768x427.jpg 768w, https:\/\/www.radiopiu.net\/wordpress\/wp-content\/uploads\/2019\/02\/Logo_Spi-CGIL-800x445.jpg 800w\" sizes=\"auto, (max-width: 300px) 100vw, 300px\" \/><\/a>DI MIRKO MEZZACASA<\/strong><\/p>\n<p>Ospite: Maria Rita Gentilin, segretario provinciale SPI<\/p>\n<p>&nbsp;<\/p>\n<p>&nbsp;<\/p>\n<p>&nbsp;<\/p>\n<p>&nbsp;<\/p>\n<audio class=\"wp-audio-shortcode\" id=\"audio-361619-12\" preload=\"none\" style=\"width: 100%;\" controls=\"controls\"><source type=\"audio\/mpeg\" src=\"https:\/\/www.radiopiu.net\/wordpress\/wp-content\/uploads\/2023\/11\/spi-cgil-novembre-156-novembvre-2023.mp3?_=12\" \/><a href=\"https:\/\/www.radiopiu.net\/wordpress\/wp-content\/uploads\/2023\/11\/spi-cgil-novembre-156-novembvre-2023.mp3\">https:\/\/www.radiopiu.net\/wordpress\/wp-content\/uploads\/2023\/11\/spi-cgil-novembre-156-novembvre-2023.mp3<\/a><\/audio>\n<p>&nbsp;<\/p>\n<hr \/>\n<p>&nbsp;<\/p>\n<blockquote>\n<h3>VACCINO ANTINFLUENZALE: PARTITA LA CAMPAGNA<\/h3>\n<\/blockquote>\n<p><strong><a class=\"dt-pswp-item\" href=\"https:\/\/www.radiopiu.net\/wordpress\/wp-content\/uploads\/2018\/01\/vaccinoinfluenza.jpg\" data-dt-img-description=\"\" data-large_image_width=\"1488\" data-large_image_height=\"973\"><img loading=\"lazy\" decoding=\"async\" class=\" wp-image-42390 alignleft\" src=\"https:\/\/www.radiopiu.net\/wordpress\/wp-content\/uploads\/2018\/01\/vaccinoinfluenza-300x196.jpg\" alt=\"\" width=\"142\" height=\"93\" srcset=\"https:\/\/www.radiopiu.net\/wordpress\/wp-content\/uploads\/2018\/01\/vaccinoinfluenza-300x196.jpg 300w, https:\/\/www.radiopiu.net\/wordpress\/wp-content\/uploads\/2018\/01\/vaccinoinfluenza-768x502.jpg 768w, https:\/\/www.radiopiu.net\/wordpress\/wp-content\/uploads\/2018\/01\/vaccinoinfluenza-1024x670.jpg 1024w, https:\/\/www.radiopiu.net\/wordpress\/wp-content\/uploads\/2018\/01\/vaccinoinfluenza.jpg 1488w\" sizes=\"auto, (max-width: 142px) 100vw, 142px\" \/><\/a>BELLUNO <\/strong>Da marted\u00ec \u00e8 attiva la prenotabilit\u00e0 della vaccinazione antinfluenzale per tutti gli over 65 residenti in Ulss Dolomiti. Il Dipartimento di Prevenzione ha infatti organizzato alcune sedute dedicate nel Centro Vaccinale di Salce, al Centro Prelievi di Feltre (Pad. Gaggia), all\u2019ospedale Pieve di Cadore o al drive in di Tai di Cadore e all\u2019ambulatorio vaccinale di Agordo.<br \/>\n<strong>Si riporta di seguito l\u2019elenco delle sedute disponibili:<\/strong><br \/>\n\u2022 17\/11 AMB. AGORDO ore 9.00-10.30<br \/>\n\u2022 20\/11 CVP SALCE ore 9.00-12.00<br \/>\n\u2022 23\/11 FELTRE GAGGIA ore 14.00-17.30<br \/>\n\u2022 27\/11 CADORE DRIVE IN ore 9.00-12.00<br \/>\n\u2022 27\/11 CVP SALCE ore 9.00-12.00<br \/>\n\u2022 28\/11 CVP SALCE ore 9.00-12.00<br \/>\n\u2022 01\/12 FELTRE GAGGIA ore 15.30-17.30<br \/>\nLa prenotazione \u00e8 possibile: online al link: https:\/\/dolomiti.myprenota.it\/vaccinazioni, con richiesta telefonica al numero 0437-514343, con richiesta via mail scrivendo a: vaccinazioni.covid@aulss1.veneto.it Si ricorda che tutti i soggetti per i quali \u00e8 raccomandata potranno eseguire gratuitamente la vaccinazione antinfluenzale dal proprio medico di famiglia o in alcune farmacie del territorio<\/p>\n<p>&nbsp;<\/p>\n<p>&nbsp;<\/p>\n<hr \/>\n<p>&nbsp;<\/p>\n<blockquote>\n<h3>SEMPRE PIU&#8217; VICINA L&#8217;EDIZIONE DI MIG A LONGARONE FIERE<\/h3>\n<\/blockquote>\n<p><strong><a class=\"dt-pswp-item\" href=\"https:\/\/www.radiopiu.net\/wordpress\/wp-content\/uploads\/2018\/12\/Il-Gelato-delle-Dolomiti.jpg\" data-dt-img-description=\"\" data-large_image_width=\"2200\" data-large_image_height=\"1467\"><img loading=\"lazy\" decoding=\"async\" class=\" wp-image-70193 alignleft\" src=\"https:\/\/www.radiopiu.net\/wordpress\/wp-content\/uploads\/2018\/12\/Il-Gelato-delle-Dolomiti-300x200.jpg\" alt=\"\" width=\"164\" height=\"109\" srcset=\"https:\/\/www.radiopiu.net\/wordpress\/wp-content\/uploads\/2018\/12\/Il-Gelato-delle-Dolomiti-300x200.jpg 300w, https:\/\/www.radiopiu.net\/wordpress\/wp-content\/uploads\/2018\/12\/Il-Gelato-delle-Dolomiti-768x512.jpg 768w, https:\/\/www.radiopiu.net\/wordpress\/wp-content\/uploads\/2018\/12\/Il-Gelato-delle-Dolomiti-1024x683.jpg 1024w\" sizes=\"auto, (max-width: 164px) 100vw, 164px\" \/><\/a>LONGARONE<\/strong> La Mostra Internazionale del Gelato di Longarone (MIG), giunta alla sua 63\u00aa edizione, ha stretto un accordo strategico con Sirha Budapest, il forum commerciale pi\u00f9 importante nel settore alimentare e HoReCa nell&#8217;Europa centrale e orientale, con 24.000 visitatori professionali provenienti da 44 paesi. Questa collaborazione mira a promuovere l&#8217;eccellenza e l&#8217;innovazione nel settore del gelato, fornendo una piattaforma unica per il networking e lo scambio di conoscenze tra produttori, distributori, chef e operatori del settore. La MIG di Longarone gestir\u00e0 uno spazio rappresentativo del Made in Italy nella prossima edizione di Sirha Budapest nel marzo 2024, favorendo lo sviluppo del business e aprendo nuove opportunit\u00e0 di collaborazione a livello globale.<\/p>\n<p>&nbsp;<\/p>\n<p>&nbsp;<\/p>\n<hr \/>\n<p>&nbsp;<\/p>\n<blockquote>\n<h3>LAVORI ALL&#8217;UFFICIO POSTALE DI CALALZO<\/h3>\n<\/blockquote>\n<p><strong>BELLUNO <\/strong>Poste Italiane comunica che l\u2019ufficio postale di via Fanton a Calalzo di Cadore rester\u00e0 chiuso dal 17 al 30 novembre per lavori interni. Durante il periodo degli interventi, per tutte le operazioni postali e finanziarie compreso il ritiro delle raccomandate, la clientela potr\u00e0 rivolgersi alla sede di via Venti Settembre a Pieve di Cadore, aperta dal luned\u00ec al venerd\u00ec dalle ore 8.20 alle 13.35 e il sabato fino alle 12.35 e dotata di ATM Postamat disponibile 24 ore su 24 tutti i giorni della settimana.<\/p>\n<p>&nbsp;<\/p>\n<p>&nbsp;<\/p>\n<hr \/>\n<p>&nbsp;<\/p>\n<blockquote>\n<h3>LA GEOLOGIA DELLA MONTAGNA<\/h3>\n<\/blockquote>\n<p><strong>AGORDO<\/strong> L&#8217;Universit\u00e0 degli Adulti\/Anziani organizza per marted\u00ec alle 15 una lezione in sala Don Tamis ad Agordo dal titolo &#8220;Geologia dell\u2019Agordino. La montagna racconta&#8221;. Docente Alberto Bertini<\/p>\n<p>&nbsp;<\/p>\n<p>&nbsp;<\/p>\n<hr \/>\n<p>&nbsp;<\/p>\n<p><span style=\"color: #ff0000;\"><strong>VOLTAGO<\/strong><\/span><\/p>\n<div dir=\"auto\"><strong>proprietario cercasi.<\/strong><\/div>\n<div dir=\"auto\"><strong>questa bicicletta da giorni \u00e8 &#8220;parcheggiata&#8221; sulla strada per Digoman (da Voltago) zona cimitero<\/strong><\/div>\n\n\t\t\t<style type='text\/css'>\n\t\t\t\t#gallery-2 {\n\t\t\t\t\tmargin: auto;\n\t\t\t\t}\n\t\t\t\t#gallery-2 .gallery-item {\n\t\t\t\t\tfloat: left;\n\t\t\t\t\tmargin-top: 10px;\n\t\t\t\t\ttext-align: center;\n\t\t\t\t\twidth: 50%;\n\t\t\t\t}\n\t\t\t\t#gallery-2 img {\n\t\t\t\t\tborder: 2px solid #cfcfcf;\n\t\t\t\t}\n\t\t\t\t#gallery-2 .gallery-caption {\n\t\t\t\t\tmargin-left: 0;\n\t\t\t\t}\n\t\t\t\t\/* see gallery_shortcode() in wp-includes\/media.php *\/\n\t\t\t<\/style>\n\t\t<div id='gallery-2' class='dt-gallery-container gallery galleryid-361619 gallery-columns-2 gallery-size-thumbnail'><dl class='gallery-item'>\n\t\t\t\t<dt class='gallery-icon portrait'>\n\t\t\t\t\t<a class=\"rollover rollover-zoom dt-pswp-item\" title=\"402354305_10232455492436696_8795224838824124949_n\" data-dt-img-description=\"\" data-large_image_width=\"450\" data-large_image_height=\"600\"href='https:\/\/www.radiopiu.net\/wordpress\/wp-content\/uploads\/2023\/11\/402354305_10232455492436696_8795224838824124949_n.jpg'><img loading=\"lazy\" decoding=\"async\" width=\"150\" height=\"150\" src=\"https:\/\/www.radiopiu.net\/wordpress\/wp-content\/uploads\/2023\/11\/402354305_10232455492436696_8795224838824124949_n-150x150.jpg\" class=\"attachment-thumbnail size-thumbnail\" alt=\"\" \/><\/a>\n\t\t\t\t<\/dt><\/dl><dl class='gallery-item'>\n\t\t\t\t<dt class='gallery-icon portrait'>\n\t\t\t\t\t<a class=\"rollover rollover-zoom dt-pswp-item\" title=\"402405593_10232455492396695_5999826678782720155_n\" data-dt-img-description=\"\" data-large_image_width=\"450\" data-large_image_height=\"600\"href='https:\/\/www.radiopiu.net\/wordpress\/wp-content\/uploads\/2023\/11\/402405593_10232455492396695_5999826678782720155_n.jpg'><img loading=\"lazy\" decoding=\"async\" width=\"150\" height=\"150\" src=\"https:\/\/www.radiopiu.net\/wordpress\/wp-content\/uploads\/2023\/11\/402405593_10232455492396695_5999826678782720155_n-150x150.jpg\" class=\"attachment-thumbnail size-thumbnail\" alt=\"\" \/><\/a>\n\t\t\t\t<\/dt><\/dl><br style=\"clear: both\" \/>\n\t\t\t<\/div>\n\n<hr \/>\n<p>&nbsp;<\/p>\n<h2><span style=\"color: #ff0000;\">GLI APPUNTAMENTI DELLA SETTIMANA\u00a0<\/span><\/h2>\n<h2><\/h2>\n<blockquote>\n<h3 style=\"text-align: left;\" align=\"CENTER\"><span style=\"font-family: Bookman Old Style, serif;\">CIRCOLO CULTURALE \u201cLa Terra dei Padri \u2013 Belluno APS\u201d<\/span><\/h3>\n<\/blockquote>\n<p><strong><a class=\"dt-pswp-item\" href=\"https:\/\/www.radiopiu.net\/wordpress\/wp-content\/uploads\/2023\/11\/la-patria-sconfitta-copertina-scaled.jpg\" data-dt-img-description=\"\" data-large_image_width=\"1920\" data-large_image_height=\"2560\"><img loading=\"lazy\" decoding=\"async\" class=\"wp-image-360926 alignleft\" src=\"https:\/\/www.radiopiu.net\/wordpress\/wp-content\/uploads\/2023\/11\/la-patria-sconfitta-copertina-225x300.jpg\" alt=\"\" width=\"132\" height=\"176\" srcset=\"https:\/\/www.radiopiu.net\/wordpress\/wp-content\/uploads\/2023\/11\/la-patria-sconfitta-copertina-225x300.jpg 225w, https:\/\/www.radiopiu.net\/wordpress\/wp-content\/uploads\/2023\/11\/la-patria-sconfitta-copertina-768x1024.jpg 768w, https:\/\/www.radiopiu.net\/wordpress\/wp-content\/uploads\/2023\/11\/la-patria-sconfitta-copertina-1152x1536.jpg 1152w, https:\/\/www.radiopiu.net\/wordpress\/wp-content\/uploads\/2023\/11\/la-patria-sconfitta-copertina-1536x2048.jpg 1536w, https:\/\/www.radiopiu.net\/wordpress\/wp-content\/uploads\/2023\/11\/la-patria-sconfitta-copertina-scaled.jpg 1920w\" sizes=\"auto, (max-width: 132px) 100vw, 132px\" \/><\/a>BELLUNO\u00a0<\/strong> <span style=\"font-family: Bookman Old Style, serif;\">Domani conferenza di presentazione dell\u2019ultimo saggio\/romanzo storico di Franco Giuseppe Gobbato \u2013 saggista, scrittore e ricercatore storico \u2013 intitolato \u201c<\/span><span style=\"font-family: Bookman Old Style, serif;\"><b>La patria sconfitta<\/b><\/span><span style=\"font-family: Bookman Old Style, serif;\">\u201c, edizioni Ritter. <\/span><span style=\"font-family: Bookman Old Style, serif;\"><b>L\u2019evento avr\u00e0 luogo alle 18.00 presso la sede del Circolo culturale \u201cLa Terra dei Padri\u201d in via dei Molini, 10 a Borgo Piave<\/b><\/span><span style=\"font-family: Bookman Old Style, serif;\"> (davanti alla chiesa di San Nicol\u00f2). L\u2019Autore sar\u00e0 presentato da Francesco Dematt\u00e8. <\/span><span style=\"font-family: Bookman Old Style, serif;\">L\u2019organizzazione della serata \u00e8 ad opera della Delegazione di Belluno della Lega Nazionale e del Circolo culturale \u201cLa Terra dei Padri\u201d.<\/span><\/p>\n<p>&nbsp;<\/p>\n<p>&nbsp;<\/p>\n<p>&nbsp;<\/p>\n<p>&nbsp;<\/p>\n<p><a class=\"dt-pswp-item\" href=\"https:\/\/www.radiopiu.net\/wordpress\/wp-content\/uploads\/2023\/11\/6ef13c6c-f912-41cf-a15e-5220bf2d3c7f.jpg\" data-dt-img-description=\"\" data-large_image_width=\"1131\" data-large_image_height=\"1600\"><img loading=\"lazy\" decoding=\"async\" class=\"size-medium wp-image-360248 alignleft\" src=\"https:\/\/www.radiopiu.net\/wordpress\/wp-content\/uploads\/2023\/11\/6ef13c6c-f912-41cf-a15e-5220bf2d3c7f-212x300.jpg\" alt=\"\" width=\"212\" height=\"300\" srcset=\"https:\/\/www.radiopiu.net\/wordpress\/wp-content\/uploads\/2023\/11\/6ef13c6c-f912-41cf-a15e-5220bf2d3c7f-212x300.jpg 212w, https:\/\/www.radiopiu.net\/wordpress\/wp-content\/uploads\/2023\/11\/6ef13c6c-f912-41cf-a15e-5220bf2d3c7f-724x1024.jpg 724w, https:\/\/www.radiopiu.net\/wordpress\/wp-content\/uploads\/2023\/11\/6ef13c6c-f912-41cf-a15e-5220bf2d3c7f-768x1086.jpg 768w, https:\/\/www.radiopiu.net\/wordpress\/wp-content\/uploads\/2023\/11\/6ef13c6c-f912-41cf-a15e-5220bf2d3c7f-1086x1536.jpg 1086w, https:\/\/www.radiopiu.net\/wordpress\/wp-content\/uploads\/2023\/11\/6ef13c6c-f912-41cf-a15e-5220bf2d3c7f.jpg 1131w\" sizes=\"auto, (max-width: 212px) 100vw, 212px\" \/><\/a><br \/>\n<strong>Rivamonte<\/strong> IL PRESIDIO LIBERA AGORDINO LUCIA PRECENZANO, SALVATORE AVERSA TI INVITA A &#8220;RIPARTIAMO DAI DIRITTI UMANI&#8221;, DIRITTO ALLA SALUTE, DIGNITA&#8217; E UGUAGLIANZA. DOMANI ALLE 20.30 ALLA CASA DELLA GIOVENTU&#8217; DI RIVAMONTE &#8220;MUSICAL PICCOLE DONNE&#8221; MESSO IN SCENA DALLA COMPAGNIA TTM, IN COLLABORAZIONE CON L&#8217;ASSOCIAZIONE BELLUNO DONNA. INGRESSO LIBERO, OFFERTE DEVOLUTE ALL&#8217;ASSOCIAZIONE BELLUNO DONNA, DA 20 ANNI A FIANCO DELLE DONNE. SABATO 18 NOVEMBRE 20.30 CASA DELLA GIOVENTU&#8217; DI RIVAMONTE, CON LIBERA AGORDINO, IN COLLABORAZIONE CON LA PROLOCO DI RIVAMONTE E IL PATROCINIO DELLE PARROCCHIE DEL POI E DEI FOLLI MA SPERANZOSI<\/p>\n<p>&nbsp;<\/p>\n<p>&nbsp;<\/p>\n<p>&nbsp;<\/p>\n<p>&nbsp;<\/p>\n<blockquote>\n<h3>IL LIBRO SUI BIRRIFICI DELLE DOLOMITI<\/h3>\n<\/blockquote>\n<p><strong>BELLUNO<\/strong> Oggi alle 18:30 alla Birreria Il Koala di Belluno incontro con Cristiano Cressoni che presentar\u00e0 il libro dal titolo &#8220;Gli Antichi Birrifici delle Dolomiti&#8221;<\/p>\n<p>&nbsp;<\/p>\n<blockquote>\n<h3>SPETTACOLI DI MISTERO A SOSPIROLO<\/h3>\n<\/blockquote>\n<p><strong>SOSPIROLO<\/strong> Oggi al Centro Civico appuntamento con lo spettacolo teatrale e reading sui &#8220;Brusa la vecia&#8221; con la regia di Cristina Gianni e i lettori \u201cstorici\u201d dei testamenti sospirolesi.<\/p>\n<p>&nbsp;<\/p>\n<blockquote>\n<h3>INCONTRO CON PAOLO PIVA &#8220;EDUCAZIONE ALL&#8217;EUROPA&#8221;, APERTO A TUTTI<\/h3>\n<\/blockquote>\n<p><strong>BELLUNO<\/strong> Domani alle 10 presso il Cinema Italia di Belluno si terr\u00e0 il convegno<em> &#8220;Europa: valori, democrazia, istituzioni. Quale futuro?&#8221;<\/em> organizzato dal centro Europe Direct Montagna Veneta insieme a Scuole in Rete. L&#8217;evento mira a chiarire le istituzioni dell&#8217;UE, i valori e la democrazia in vista delle elezioni europee 2024.<\/p>\n<p>&nbsp;<\/p>\n<h3>G&amp;G IN PIAZZA, PROTAGONISTI I BAMBINI<\/h3>\n<p><strong>BELLUNO<\/strong> Il duo G&amp;G Giorgio Dell&#8217;Osta e Giulia Fretuti e volevamo saranno in piazza dei Martiri a Belluno domani alle\u00a0 15.30. Due artigiani del legno, che racconteranno la storia di un bambino e un albero, storia di leggerezza, e verit\u00e0, di amicizia \u00a0di legno e natura e\u00a0 di futuro perch\u00e9 i bambini saranno loro che dovranno proteggere tutto questo,<\/p>\n<p>&nbsp;<\/p>\n<p>&nbsp;<\/p>\n<p>&nbsp;<\/p>\n<p><em><strong>A CAVIOLA DAL 18 AL 21 NOVEMBRE: SAGRA MADONNA DELLA SALUTE<\/strong>. Sabato 18 novembre alle 15 castagnata con il gruppo giovani,dalle 18 cucina anche da asporto Domenica 9 Messa, 10 trucca bambini e animazione, 11.15 cucina anche da asporto, con intrattenimento musicale. pomeriggio Torneo di Risiko e Monopoli Gara di Briscola e Castagnata con gli Alpini e \u201cL\u2019era na volta valk de doz\u201d. Gara di Torte con ricavato devoluto alla Croce Verde; iscrizioni al numero 349 1945681 <\/em><em>Marted\u00ec 21, Madonna della Salute con rosario e messe alla chiesa Madonna della Salute. Dalle 11.15 cucina anche da asporto NEI TRE GIORNI, PESCA DI BENEFICIENZA PRESSO I LOCALI ADIACENTI ALLA CHIESA PARROCCHIALE. <\/em><em>Manifestazioni a cura del Gruppo Alpini Caviola Cime d\u2019Auta, Parrocchia e ProLoco di Caviola\u00a0<\/em><\/p>\n<p>&nbsp;<\/p>\n<h2><span style=\"color: #ff0000;\">PROSSIMAMENTE\u00a0<\/span><\/h2>\n<h2><span style=\"color: #808000;\">IL 24 NOVEMBRE AL PALAFALCADE UNA SERATA DI SPORT E VALORI PER LA VITA<\/span><\/h2>\n<p><strong><a class=\"dt-pswp-item\" href=\"https:\/\/www.radiopiu.net\/wordpress\/wp-content\/uploads\/2023\/05\/palafalcade.png\" data-dt-img-description=\"\" data-large_image_width=\"1200\" data-large_image_height=\"604\"><img loading=\"lazy\" decoding=\"async\" class=\" wp-image-338428 alignleft\" src=\"https:\/\/www.radiopiu.net\/wordpress\/wp-content\/uploads\/2023\/05\/palafalcade-300x151.png\" alt=\"\" width=\"230\" height=\"116\" srcset=\"https:\/\/www.radiopiu.net\/wordpress\/wp-content\/uploads\/2023\/05\/palafalcade-300x151.png 300w, https:\/\/www.radiopiu.net\/wordpress\/wp-content\/uploads\/2023\/05\/palafalcade-1024x515.png 1024w, https:\/\/www.radiopiu.net\/wordpress\/wp-content\/uploads\/2023\/05\/palafalcade-768x387.png 768w, https:\/\/www.radiopiu.net\/wordpress\/wp-content\/uploads\/2023\/05\/palafalcade.png 1200w\" sizes=\"auto, (max-width: 230px) 100vw, 230px\" \/><\/a>DI MIRKO MEZZACASA<\/strong><\/p>\n<p>OSPITE: Franz Costa<\/p>\n<audio class=\"wp-audio-shortcode\" id=\"audio-361619-13\" preload=\"none\" style=\"width: 100%;\" controls=\"controls\"><source type=\"audio\/mpeg\" src=\"https:\/\/www.radiopiu.net\/wordpress\/wp-content\/uploads\/2023\/11\/FRANZ-COSTA-FALCADE-24-NOVEMBRE.mp3?_=13\" \/><a href=\"https:\/\/www.radiopiu.net\/wordpress\/wp-content\/uploads\/2023\/11\/FRANZ-COSTA-FALCADE-24-NOVEMBRE.mp3\">https:\/\/www.radiopiu.net\/wordpress\/wp-content\/uploads\/2023\/11\/FRANZ-COSTA-FALCADE-24-NOVEMBRE.mp3<\/a><\/audio>\n<p>&nbsp;<\/p>\n<p>&nbsp;<\/p>\n<p><strong>RIFLESSIONI D&#8217;ACQUA, IMPRESSIONI DI ROCCIA<\/strong><\/p>\n<p><b>BORGO VALBELLUNA\u00a0 \u00a0 <\/b>mercoled\u00ec 22 novembre alle 18.45 \u201cAperitivi in mostra\u201d, serata di apertura straordinaria della mostra \u201cRiflessioni d&#8217;acqua, Impressioni di roccia\u201d ospitata al Palazzo delle Contesse di Mel. Ad accompagnare i visitatori alla scoperta delle oltre sessanta opere esposte nei due piani dello storico palazzo zumellese sar\u00e0 la co-curatrice della rassegna, Antonella Alban. ISCRIZIONE 15 EURO solo su prenotazione.<\/p>\n<p>&nbsp;<\/p>\n<blockquote>\n<h3>UN INCONTRO SUL TRASPORTO PUBBLICO IN SALA DON TAMIS<\/h3>\n<\/blockquote>\n<p><strong>AGORDO<\/strong> Sabato 25 novembre alle 16:30 in Sala Don Tamis si parler\u00e0 di trasporto pubblico. Quali opportunit\u00e0 per l&#8217;Agordino? Interverranno il sociologo Diego Cason, Christian Bellini di SM FAST CONFSAL Veneto, Heinz Dellago del servizio trasporto persone della provincia di Bolzano, Walter Finkbohner esperto dei trasporti in Svizzera, il presidente di Transdolomites Massimo Girardi e il Comitato Ferrovia Dolomiti Bellunesi.<\/p>\n<p>&nbsp;<\/p>\n<blockquote>\n<h3>IL TRIO MYTHOS ALL&#8217;AUDITORIUM DEL LICE LOLLINO<\/h3>\n<\/blockquote>\n<p><strong>BELLUNO<\/strong> Arrivano da Roma, Accademia di Santa Cecilia, Giuliano Cavaliere violino, Rina You violoncello e Marios Panteliadis pianoforte, al secolo il Trio Mythos, suonano a Belluno, martedi alle\u00a020:30, all&#8217;Auditorium del Liceo Lollino di Belluno, proponendo un interessante programma musicale dedicato al secolo scorso.<\/p>\n<p>&nbsp;<\/p>\n<blockquote>\n<h3 class=\"entry-title\">EVENTI PER I 40 ANNI DEL CENTRO INTERNAZIONALE DEL LIBRO PARLATO \u201cA. SERNAGIOTTO\u201d<\/h3>\n<\/blockquote>\n<p><strong class=\"photoswipe-wrapper\"><a class=\"dt-pswp-item pspw-wrap-ready\" href=\"https:\/\/www.radiopiu.net\/wordpress\/wp-content\/uploads\/2023\/11\/1f9b39ac-7445-4292-9e66-746ed8bde8d9.jpg\" data-dt-img-description=\"\" data-large_image_width=\"800\" data-large_image_height=\"1067\"><img loading=\"lazy\" decoding=\"async\" class=\" wp-image-360368 alignleft\" src=\"https:\/\/www.radiopiu.net\/wordpress\/wp-content\/uploads\/2023\/11\/1f9b39ac-7445-4292-9e66-746ed8bde8d9-225x300.jpg\" sizes=\"auto, (max-width: 182px) 100vw, 182px\" srcset=\"https:\/\/www.radiopiu.net\/wordpress\/wp-content\/uploads\/2023\/11\/1f9b39ac-7445-4292-9e66-746ed8bde8d9-225x300.jpg 225w, https:\/\/www.radiopiu.net\/wordpress\/wp-content\/uploads\/2023\/11\/1f9b39ac-7445-4292-9e66-746ed8bde8d9-768x1024.jpg 768w, https:\/\/www.radiopiu.net\/wordpress\/wp-content\/uploads\/2023\/11\/1f9b39ac-7445-4292-9e66-746ed8bde8d9.jpg 800w\" alt=\"\" width=\"182\" height=\"243\" \/><\/a>FELTRE<\/strong> Gli eventi in programma per celebrare i 40 anni del Libro Parlato di Feltre \u201cA. Sernagiotto\u201d.<\/p>\n<p><strong>MERCOLEDI 22 NOVEMBRE\u00a0<\/strong>alle 18 in Sala Ocri la presentazione del romanzo \u201cNavigante di poppa\u201d: Incontro con l\u2019autrice Loredana Borghetto, presenta Cristina Pierotti<\/p>\n<p><strong>SABATO 9 DICEMBRE\u00a0<\/strong>alle 18 in Sala Ocri Letture ad alta voce dedicate a Italo Calvino con Fabio Dalla Zuanna e Anna Branciforti<\/p>\n<p><strong>LUNEDI 18 DICEMBRE\u00a0<\/strong>alle 18 in Sala Ocri Flavio Faoro: da Oltre le vette ai racconti e alle fiabe, presenta Luisa Alchini. Letture ad alta voce del gruppo Libri Parlanti<\/p>\n<p><strong>VENERDI 22 DICEMBRE\u00a0<\/strong>alle 18 in Sala Ocri Presentazione del libro \u201cIl saldatore del Vajont\u201d con l\u2019autore Antonio G. Bortoluzzi \u2013 presenta Nicola Maccagnan<\/p>\n<p>&nbsp;<\/p>\n<p>&nbsp;<\/p>\n<p>&nbsp;<\/p>\n<hr \/>\n<p>&nbsp;<\/p>\n<blockquote>\n<h3>DOMANI TORNA PIU&#8217; MIX IN LIVE SU RADIO PIU&#8217;<\/h3>\n<\/blockquote>\n<p><strong>REDAZIONE<\/strong> Dopo gli appuntamenti dello scorso anno, domani torna Pi\u00f9 Mix In Live, un programma da un&#8217;idea di Moreno Tocchetto. A partire dalle 21 saranno negli studi di Radio Pi\u00f9 Morgan &amp; Battaglia DJS. Una lunga serata con intervista e Dj set dei due Dj&#8217;s Agordini. Un appuntamento da non perdere.<\/p>\n<p><a class=\"dt-pswp-item\" href=\"https:\/\/www.radiopiu.net\/wordpress\/wp-content\/uploads\/2023\/11\/6e1dfa5c-5d8b-474b-910a-c77dcefa8f95.jpg\" data-dt-img-description=\"\" data-large_image_width=\"650\" data-large_image_height=\"800\"><img loading=\"lazy\" decoding=\"async\" class=\"size-medium wp-image-361314 aligncenter\" src=\"https:\/\/www.radiopiu.net\/wordpress\/wp-content\/uploads\/2023\/11\/6e1dfa5c-5d8b-474b-910a-c77dcefa8f95-244x300.jpg\" alt=\"\" width=\"244\" height=\"300\" srcset=\"https:\/\/www.radiopiu.net\/wordpress\/wp-content\/uploads\/2023\/11\/6e1dfa5c-5d8b-474b-910a-c77dcefa8f95-244x300.jpg 244w, https:\/\/www.radiopiu.net\/wordpress\/wp-content\/uploads\/2023\/11\/6e1dfa5c-5d8b-474b-910a-c77dcefa8f95.jpg 650w\" sizes=\"auto, (max-width: 244px) 100vw, 244px\" \/><\/a><\/p>\n<p>&nbsp;<\/p>\n<p>&nbsp;<\/p>\n<div class=\"page-title-head hgroup\">\n<h1 class=\"entry-title\">AL MATTINO ALLA RADIO, IL BUONGIORNO DI GIANLUCA E LE CURIOSITA\u2019 DA TAIBON<\/h1>\n<\/div>\n<div class=\"page-title-breadcrumbs\">\n<p><strong>GIOVEDI<\/strong><\/p>\n<audio class=\"wp-audio-shortcode\" id=\"audio-361619-14\" preload=\"none\" style=\"width: 100%;\" controls=\"controls\"><source type=\"audio\/mpeg\" src=\"https:\/\/www.radiopiu.net\/wordpress\/wp-content\/uploads\/2023\/11\/GIANLUCA-GIOVEDI.mp3?_=14\" \/><a href=\"https:\/\/www.radiopiu.net\/wordpress\/wp-content\/uploads\/2023\/11\/GIANLUCA-GIOVEDI.mp3\">https:\/\/www.radiopiu.net\/wordpress\/wp-content\/uploads\/2023\/11\/GIANLUCA-GIOVEDI.mp3<\/a><\/audio>\n<p>&nbsp;<\/p>\n<\/div>\n<div><\/div>\n<div><\/div>\n<div><\/div>\n<hr \/>\n<p>&nbsp;<\/p>\n<div class=\"message spoilers-container\" dir=\"auto\">\n<div class=\"column\">\n<div class=\"message spoilers-container\" dir=\"auto\">\n<div class=\"column\">\n<p><img loading=\"lazy\" decoding=\"async\" class=\"aligncenter wp-image-61954 size-full\" src=\"https:\/\/www.radiopiu.net\/wordpress\/wp-content\/uploads\/2018\/09\/viabilita.jpeg\" sizes=\"auto, (max-width: 800px) 100vw, 800px\" srcset=\"https:\/\/www.radiopiu.net\/wordpress\/wp-content\/uploads\/2018\/09\/viabilita.jpeg 800w, https:\/\/www.radiopiu.net\/wordpress\/wp-content\/uploads\/2018\/09\/viabilita-300x38.jpeg 300w, https:\/\/www.radiopiu.net\/wordpress\/wp-content\/uploads\/2018\/09\/viabilita-768x96.jpeg 768w\" alt=\"\" width=\"800\" height=\"100\" \/><\/p>\n<\/div>\n<\/div>\n<div class=\"message spoilers-container\" dir=\"auto\">\n<div class=\"column\">\n<p>&nbsp;<\/p>\n<\/div>\n<\/div>\n<\/div>\n<\/div>\n<blockquote class=\"wp-embedded-content\" data-secret=\"xSJk45Ob7P\"><p><a href=\"https:\/\/www.radiopiu.net\/wordpress\/viabilita\/\">viabilita<\/a><\/p><\/blockquote>\n<p><iframe loading=\"lazy\" class=\"wp-embedded-content\" sandbox=\"allow-scripts\" security=\"restricted\" style=\"position: absolute; clip: rect(1px, 1px, 1px, 1px);\" title=\"&#8220;viabilita&#8221; &#8212; Radio Pi\u00f9\" src=\"https:\/\/www.radiopiu.net\/wordpress\/viabilita\/embed\/#?secret=Xt6uqVCT0D#?secret=xSJk45Ob7P\" data-secret=\"xSJk45Ob7P\" width=\"600\" height=\"338\" frameborder=\"0\" marginwidth=\"0\" marginheight=\"0\" scrolling=\"no\"><\/iframe><\/p>\n<div class=\"message spoilers-container\" dir=\"auto\">\n<div class=\"column\">\n<div class=\"message spoilers-container\" dir=\"auto\">\n<div class=\"column\">\n<div>\n<div dir=\"ltr\">\n<div class=\"gmail_quote\">\n<div dir=\"ltr\">\n<div><\/div>\n<div><\/div>\n<\/div>\n<\/div>\n<\/div>\n<\/div>\n<hr \/>\n<p>&nbsp;<\/p>\n<p><a class=\"dt-pswp-item\" href=\"https:\/\/www.radiopiu.net\/wordpress\/wp-content\/uploads\/2018\/09\/WhatsApp-Image-2018-09-20-at-16.04.06.jpeg\" data-dt-img-description=\"\" data-large_image_width=\"800\" data-large_image_height=\"100\"><img loading=\"lazy\" decoding=\"async\" class=\"wp-image-61378 size-full aligncenter\" src=\"https:\/\/www.radiopiu.net\/wordpress\/wp-content\/uploads\/2018\/09\/WhatsApp-Image-2018-09-20-at-16.04.06.jpeg\" alt=\"\" width=\"800\" height=\"100\" srcset=\"https:\/\/www.radiopiu.net\/wordpress\/wp-content\/uploads\/2018\/09\/WhatsApp-Image-2018-09-20-at-16.04.06.jpeg 800w, https:\/\/www.radiopiu.net\/wordpress\/wp-content\/uploads\/2018\/09\/WhatsApp-Image-2018-09-20-at-16.04.06-300x38.jpeg 300w, https:\/\/www.radiopiu.net\/wordpress\/wp-content\/uploads\/2018\/09\/WhatsApp-Image-2018-09-20-at-16.04.06-768x96.jpeg 768w\" sizes=\"auto, (max-width: 800px) 100vw, 800px\" \/><\/a><\/p>\n<\/div>\n<\/div>\n<\/div>\n<\/div>\n<p><center><\/center>&nbsp;<\/p>\n<p><center><b>OGGI<\/b><\/center>Al mattino sulle Dolomiti annuvolamenti irregolari, anche intensi ed associati a neve burrascosa in quota nonch\u00e9 locali piovaschi in alcune valli; sulle Prealpi centro-occidentali maggiore presenza del sole e poche nubi. Al pomeriggio diradamento nuvolosit\u00e0 e rasserenamenti via via pi\u00f9 ampi Dolomiti, mentre nubi di sottovento potrebbero ridurre sensibilmente il soleggiamento sulle Prealpi.<br \/>\n<b>Precipitazioni: <\/b>In mattinata qualche breve piovasco sulle Dolomiti\u00a0 con neve burrascosa fino sui 1400\/1600 m. Altrove assenti. Al pomeriggio assenti ovunque. Gli apporti saranno irrilevanti.<br \/>\n<b>Temperature: <\/b>In quota in generale sensibile calo con minime osservate alla sera, mentre saranno in rialzo nelle valli, in modo irregolare in relazione all&#8217;entit\u00e0 delle condizioni di Foehn.<\/p>\n<hr \/>\n<p><center><b>DOMANI<\/b><\/center>Tempo ben soleggiato con cielo terso ed ottima visibilit\u00e0 su tutta la montagna veneta, salvo eventuali e temporanee nubi di sottovento, specie sulle Prealpi. Nel tardo pomeriggio\/sera, inoltre, arrivo di nubi alte in grado di velare il cielo.<br \/>\n<b>Precipitazioni: <\/b>Assenti<br \/>\n<b>Temperature: <\/b>In generale ulteriore lieve calo, la diminuzione potr\u00e0 essere maggiore nelle valli non pi\u00f9 interessate dal Foehn.<\/p>\n<hr \/>\n<p><center><b>DOMENICA<\/b><\/center>Al mattino presenza di estese nubi medio-alte stratiformi, in parziale diradamento da met\u00e0 mattinata in poi, prima di lasciare spazio al sole e al cielo sereno entro le ore centrali del giorno, salvo isolati banchi di cirri. Temperature in generale aumento rispetto a sabato, specie in quota.<\/p>\n<hr \/>\n<p><center><b>LUNEDI<\/b><\/center>Al mattino alternanza di tratti soleggiati e di momenti con cielo velato da nubi alte. Al pomeriggio stessa situazione, per\u00f2 con il passaggio di nubi medio-alte, ma senza nessun altro effetto che mascherare il sole. Temperature in diminuzione, pi\u00f9 sensibile in quota.<\/p>\n<p>&nbsp;<\/p>\n<div class=\"message spoilers-container\" dir=\"auto\">\n<hr \/>\n<p>&nbsp;<\/p>\n<p><img loading=\"lazy\" decoding=\"async\" class=\"wp-image-60761 size-full aligncenter\" src=\"https:\/\/www.radiopiu.net\/wordpress\/wp-content\/uploads\/2018\/09\/sport.jpg\" alt=\"\" width=\"800\" height=\"100\" srcset=\"https:\/\/www.radiopiu.net\/wordpress\/wp-content\/uploads\/2018\/09\/sport.jpg 800w, https:\/\/www.radiopiu.net\/wordpress\/wp-content\/uploads\/2018\/09\/sport-300x38.jpg 300w, https:\/\/www.radiopiu.net\/wordpress\/wp-content\/uploads\/2018\/09\/sport-768x96.jpg 768w\" sizes=\"auto, (max-width: 800px) 100vw, 800px\" \/><\/p>\n<p>&nbsp;<\/p>\n<p><span style=\"color: #0000ff;\"><strong>HOCKEY SU GHIACCIO<\/strong><\/span><\/p>\n<blockquote>\n<h3>IL PERGINE ESPUGNA IL DE TONI AI RIGORI. IL FELTRE VINCE IN RIMONTA CON IL FIEMME<\/h3>\n<\/blockquote>\n<p><strong><a class=\"dt-pswp-item\" href=\"https:\/\/www.radiopiu.net\/wordpress\/wp-content\/uploads\/2023\/01\/hockey.jpg\" data-dt-img-description=\"\" data-large_image_width=\"1920\" data-large_image_height=\"1280\"><img loading=\"lazy\" decoding=\"async\" class=\" wp-image-315616 alignleft\" src=\"https:\/\/www.radiopiu.net\/wordpress\/wp-content\/uploads\/2023\/01\/hockey-300x200.jpg\" alt=\"\" width=\"218\" height=\"145\" srcset=\"https:\/\/www.radiopiu.net\/wordpress\/wp-content\/uploads\/2023\/01\/hockey-300x200.jpg 300w, https:\/\/www.radiopiu.net\/wordpress\/wp-content\/uploads\/2023\/01\/hockey-1024x683.jpg 1024w, https:\/\/www.radiopiu.net\/wordpress\/wp-content\/uploads\/2023\/01\/hockey-768x512.jpg 768w, https:\/\/www.radiopiu.net\/wordpress\/wp-content\/uploads\/2023\/01\/hockey-1536x1024.jpg 1536w, https:\/\/www.radiopiu.net\/wordpress\/wp-content\/uploads\/2023\/01\/hockey.jpg 1920w\" sizes=\"auto, (max-width: 218px) 100vw, 218px\" \/><\/a>di Marco Gaz<\/strong><\/p>\n<p><span style=\"color: #ff0000;\"><strong>TREDICESIMA GIORNATA IHL<\/strong><\/span><\/p>\n<p><strong>ALLEGHE \u2013 PERGINE 2-3 dtr<\/strong><\/p>\n<p>PARZIALI: 1-0, 1-1, 0-1, 0-0, 0-1<\/p>\n<p>GOL: Pt. 7\u201954\u201d N. Soppelsa. St. 2\u201942\u201d Vallazza, 5\u201922\u201d Andeotti. Tt. 0\u201944\u201d Buono. Rig. Buono, Zherdev, Bitetto, De Val, Andreotti<\/p>\n<p>All\u2019Alvise De Toni \u00e8 la lotteria dei rigori che consegna due punti al Pergine dopo una partita equilibrata e ben giocata dalla compagine di Alleghe. La squadra di Scapinello si porta in doppio vantaggio ma le linci riescono a pareggiare i conti portando il match all\u2019overtime e ai rigori dove riescono a conquistare il punto aggiuntivo. Biancorossi che strappano iun punto alla seconda della classe e domenica torner\u00e0 in campo per giocare in trasferta con il Como. Prima parte di gara a ritmi alti con le squadre che provano fin da subito a rendersi pericolose. Il Pergine sembra essere pi\u00f9 in forma ma Scola sventa ogni minaccia. Alla prima vera occasione le civette si portano in vantaggio. \u00c8 Zherdev che trova libero Nicola Soppelsa che a porta sguarnita mette a segno il gol per gli agordini. Si continua a lottare su ogni disco. I trentini cercano di avvicinarsi alla porta ma i biancorossi rispondono in contropiede. Il Pergine si sveglia nella seconda frazione avvicinandosi pi\u00f9 volte alla rete ma a colpire nel segno sono ancora le civette. Fa tutto Vallazza che scappa in solitaria e a tu per tu con il golie trentino non sbaglia infilando il disco tra i gambali del portiere.\u00a0 La risposta delle linci non si fa attendere e poco dopo il Pergine accorcia le distanze con Andreotti. Agordini che alzano l\u2019attenzione e colpiscono la traversa con De Val in doppia superiorit\u00e0 numerica. Le linci si difendono bene ed evitano pi\u00f9 volte l\u2019allungo delle civette. Ad inizio terzo tempo il Pergine pareggia i conti in superiorit\u00e0 numerica. Le squadre giocano alla pari e si va all\u2019overtime. Nel tempo supplementare le squadre danno spettacolo e gli agordini sfiorano il gol con Nicola Soppelsa. Si va ai rigori, ad oltranza, dove Andreotti consegna il punto aggiuntivo al Pergine<\/p>\n<p><strong>FELTRE \u2013 FIEMME 3-1<\/strong><\/p>\n<p>PARZIALI: 0-0, 0-1, 3-0<\/p>\n<p>GOL: St. 6\u201903\u201d Moucka. Tt. 8\u201917\u201d Lysenko, 14\u201907\u201d Broch, 17\u201954\u201d M. Dall\u2019Agnol<\/p>\n<p>Con una grande rimonta il Feltre atterra il Fiemme al PalaFeltre. Bella prestazione dei ragazzi di Fontana che giocano un terzo tempo esemplare che consegna tre punti importanti ai feltrini. Prima frazione che termina a reti inviolate nonostante i feltrini si rendano pi\u00f9 pericolosi degli avversari. Il disco non vuole entrare e si va al primo riposo in perfetta parit\u00e0. Continuano a giocare bene i ragazzi di Fontana anche nel secondo tempo ma alla prima disattenzione il Fiemme si porta in vantaggio. Match vivace con tanti cambi di fronte ma i trentini vanno al secondo riposo avanti. Feltre che si svegllia nel terzo tempo e nel giro di 7\u2019 riesce a capovolgere il risultato con le reti di Lysenko e Broch. Nel finale Matteo Dall\u2019Agnol chiude la sfida.<\/p>\n<p><strong>LA CLASSIFICA<\/strong> Caldaro 33, Pergine 29, Varese 27, Appiano 21, Alleghe e Feltre 20, Fiemme 14, Como 11, Bressanone 10, Valpellice 7, Dobbiaco 3.<\/p>\n<p>&nbsp;<\/p>\n<p><span style=\"color: #0000ff;\"><strong>SCI<\/strong><\/span><\/p>\n<p><span style=\"color: #0000ff;\"><strong><a class=\"dt-pswp-item\" href=\"https:\/\/www.radiopiu.net\/wordpress\/wp-content\/uploads\/2023\/11\/file-2.jpg\" data-dt-img-description=\"\" data-large_image_width=\"286\" data-large_image_height=\"285\"><img loading=\"lazy\" decoding=\"async\" class=\"wp-image-361769 alignleft\" src=\"https:\/\/www.radiopiu.net\/wordpress\/wp-content\/uploads\/2023\/11\/file-2.jpg\" alt=\"\" width=\"146\" height=\"145\" srcset=\"https:\/\/www.radiopiu.net\/wordpress\/wp-content\/uploads\/2023\/11\/file-2.jpg 286w, https:\/\/www.radiopiu.net\/wordpress\/wp-content\/uploads\/2023\/11\/file-2-150x150.jpg 150w\" sizes=\"auto, (max-width: 146px) 100vw, 146px\" \/><\/a><br \/>\n<\/strong><\/span><\/p>\n<blockquote>\n<h3>OTTIMA PROVA IN COPPA DEL MONDO DI SCI PER ELENA DOLMEN<\/h3>\n<\/blockquote>\n<p><strong>DI BARBARA PAOLAZZI, RADIO CLUB 103<\/strong><\/p>\n<audio class=\"wp-audio-shortcode\" id=\"audio-361619-15\" preload=\"none\" style=\"width: 100%;\" controls=\"controls\"><source type=\"audio\/mpeg\" src=\"https:\/\/www.radiopiu.net\/wordpress\/wp-content\/uploads\/2023\/11\/PAOLAZZI-SCI-DISCESA-BELLUNESE-ELENA-DOLMEN.mp3?_=15\" \/><a href=\"https:\/\/www.radiopiu.net\/wordpress\/wp-content\/uploads\/2023\/11\/PAOLAZZI-SCI-DISCESA-BELLUNESE-ELENA-DOLMEN.mp3\">https:\/\/www.radiopiu.net\/wordpress\/wp-content\/uploads\/2023\/11\/PAOLAZZI-SCI-DISCESA-BELLUNESE-ELENA-DOLMEN.mp3<\/a><\/audio>\n<p>&nbsp;<\/p>\n<p>&nbsp;<\/p>\n<p>&nbsp;<\/p>\n<p><strong><span style=\"color: #0000ff;\">GINNASTICA<\/span><\/strong><\/p>\n<h2><span style=\"color: #800080;\">LA GINNASTICA RITMICA CON GIULIA FRANCHETTI PARDO<\/span><\/h2>\n<p><a class=\"dt-pswp-item\" href=\"https:\/\/www.radiopiu.net\/wordpress\/wp-content\/uploads\/2023\/11\/36726601_1954302811281868_766038869287108608_n.jpg\" data-dt-img-description=\"\" data-large_image_width=\"1066\" data-large_image_height=\"1066\"><img loading=\"lazy\" decoding=\"async\" class=\"wp-image-361385 alignleft\" src=\"https:\/\/www.radiopiu.net\/wordpress\/wp-content\/uploads\/2023\/11\/36726601_1954302811281868_766038869287108608_n-300x300.jpg\" alt=\"\" width=\"161\" height=\"161\" srcset=\"https:\/\/www.radiopiu.net\/wordpress\/wp-content\/uploads\/2023\/11\/36726601_1954302811281868_766038869287108608_n-300x300.jpg 300w, https:\/\/www.radiopiu.net\/wordpress\/wp-content\/uploads\/2023\/11\/36726601_1954302811281868_766038869287108608_n-1024x1024.jpg 1024w, https:\/\/www.radiopiu.net\/wordpress\/wp-content\/uploads\/2023\/11\/36726601_1954302811281868_766038869287108608_n-150x150.jpg 150w, https:\/\/www.radiopiu.net\/wordpress\/wp-content\/uploads\/2023\/11\/36726601_1954302811281868_766038869287108608_n-768x768.jpg 768w, https:\/\/www.radiopiu.net\/wordpress\/wp-content\/uploads\/2023\/11\/36726601_1954302811281868_766038869287108608_n.jpg 1066w\" sizes=\"auto, (max-width: 161px) 100vw, 161px\" \/><\/a><strong>L&#8217;INTERVISTA<\/strong><\/p>\n<p><strong>DI MIRKO MEZZACASA\u00a0<\/strong><\/p>\n<audio class=\"wp-audio-shortcode\" id=\"audio-361619-16\" preload=\"none\" style=\"width: 100%;\" controls=\"controls\"><source type=\"audio\/mpeg\" src=\"https:\/\/www.radiopiu.net\/wordpress\/wp-content\/uploads\/2023\/11\/giulia-franchetti-pardo-ginnastica-ritmica.mp3?_=16\" \/><a href=\"https:\/\/www.radiopiu.net\/wordpress\/wp-content\/uploads\/2023\/11\/giulia-franchetti-pardo-ginnastica-ritmica.mp3\">https:\/\/www.radiopiu.net\/wordpress\/wp-content\/uploads\/2023\/11\/giulia-franchetti-pardo-ginnastica-ritmica.mp3<\/a><\/audio>\n<p>&nbsp;<\/p>\n<p>&nbsp;<\/p>\n<p>&nbsp;<\/p>\n<p>&nbsp;<\/p>\n<\/div>\n","protected":false},"excerpt":{"rendered":"<p>40esimo di RADIOPIU\u2026. LA VOCE DELL\u2019EMOZIONE ISCRIVITI AL NOSTRO CANALE\u00a0\u00a0YOUTUBE PER SEGUIRE IN DIRETTA I PRINCIPALI PROGRAMMI DI RADIO PIU\u2019 E LE FUTURE DIRETTE IN ESTERNA. PER ISCRIVERTI CLICCA QUI\u00a0E PREMI\u00a0 \u201cIscriviti\u201d &nbsp; TRAMONTO A PASSO DURAN, di Tiziano De Col &nbsp; &nbsp; &nbsp; \u00a0i podcast informativi del mattino &nbsp; LA RASSEGNA STAMPA NAZIONALE ALLA&hellip;<\/p>\n","protected":false},"author":4,"featured_media":361771,"comment_status":"closed","ping_status":"closed","sticky":false,"template":"","format":"standard","meta":{"_monsterinsights_skip_tracking":false,"_monsterinsights_sitenote_active":false,"_monsterinsights_sitenote_note":"","_monsterinsights_sitenote_category":0,"footnotes":""},"categories":[51,86,49],"tags":[],"class_list":["post-361619","post","type-post","status-publish","format-standard","has-post-thumbnail","hentry","category-evidenza-top","category-gr","category-news-18","category-51","category-86","category-49","description-off"],"img_url":"https:\/\/www.radiopiu.net\/wordpress\/wp-content\/uploads\/2023\/11\/Senza-nome-82.png","_links":{"self":[{"href":"https:\/\/www.radiopiu.net\/wordpress\/wp-json\/wp\/v2\/posts\/361619","targetHints":{"allow":["GET"]}}],"collection":[{"href":"https:\/\/www.radiopiu.net\/wordpress\/wp-json\/wp\/v2\/posts"}],"about":[{"href":"https:\/\/www.radiopiu.net\/wordpress\/wp-json\/wp\/v2\/types\/post"}],"author":[{"embeddable":true,"href":"https:\/\/www.radiopiu.net\/wordpress\/wp-json\/wp\/v2\/users\/4"}],"replies":[{"embeddable":true,"href":"https:\/\/www.radiopiu.net\/wordpress\/wp-json\/wp\/v2\/comments?post=361619"}],"version-history":[{"count":0,"href":"https:\/\/www.radiopiu.net\/wordpress\/wp-json\/wp\/v2\/posts\/361619\/revisions"}],"wp:featuredmedia":[{"embeddable":true,"href":"https:\/\/www.radiopiu.net\/wordpress\/wp-json\/wp\/v2\/media\/361771"}],"wp:attachment":[{"href":"https:\/\/www.radiopiu.net\/wordpress\/wp-json\/wp\/v2\/media?parent=361619"}],"wp:term":[{"taxonomy":"category","embeddable":true,"href":"https:\/\/www.radiopiu.net\/wordpress\/wp-json\/wp\/v2\/categories?post=361619"},{"taxonomy":"post_tag","embeddable":true,"href":"https:\/\/www.radiopiu.net\/wordpress\/wp-json\/wp\/v2\/tags?post=361619"}],"curies":[{"name":"wp","href":"https:\/\/api.w.org\/{rel}","templated":true}]}}