{"id":361621,"date":"2023-11-16T05:30:53","date_gmt":"2023-11-16T04:30:53","guid":{"rendered":"https:\/\/www.radiopiu.net\/wordpress\/?p=361621"},"modified":"2023-11-16T05:36:46","modified_gmt":"2023-11-16T04:36:46","slug":"un-cervo-ancora-una-volta-e-la-causa-dellincidente-di-ieri-mattina","status":"publish","type":"post","link":"https:\/\/www.radiopiu.net\/wordpress\/un-cervo-ancora-una-volta-e-la-causa-dellincidente-di-ieri-mattina\/","title":{"rendered":"UN CERVO, ANCORA UNA VOLTA E&#8217; LA CAUSA DELL&#8217;INCIDENTE DI IERI MATTINA"},"content":{"rendered":"<p><strong>Cervo in strada, l&#8217;auto finisce gi\u00f9 per il pendio.<\/strong><\/p>\n<p><strong>BORGO VALBELLUNA<\/strong> Ieri mattina alle 8:30, a Colder\u00f9, Borgo Valbelluna, si \u00e8 verificato un incidente stradale che ha visto coinvolta un&#8217;auto guidata da una donna di 58 anni residente a Belluno. L&#8217;automobile \u00e8 uscita di strada, precipitando lungo un pendio e rovesciandosi nel prato sottostante, rimanendo capovolta. Fortunatamente, nonostante l&#8217;aspetto spettacolare dell&#8217;incidente, la conducente \u00e8 riuscita a evitare gravi conseguenze. La donna \u00e8 stata prontamente soccorsa e trasportata all&#8217;ospedale di Feltre. Le prime notizie provenienti dalla struttura ospedaliera rassicurano sulla sua condizione, specificando che le lesioni riportate non sono gravi. Immediatamente dopo l&#8217;incidente, sono intervenuti sul luogo i vigili del fuoco di Feltre per gestire la situazione e garantire la sicurezza nella zona. Le cause dell&#8217;uscita di strada sono attualmente al vaglio delle autorit\u00e0 competenti, che stanno indagando per comprendere meglio le dinamiche dell&#8217;accaduto.<\/p>\n<div class=\"flex-1 overflow-hidden\">\n<div class=\"react-scroll-to-bottom--css-fcbwp-79elbk h-full\">\n<div class=\"react-scroll-to-bottom--css-fcbwp-1n7m0yu\">\n<div class=\"flex flex-col text-sm gizmo:pb-9 dark:bg-gray-800 gizmo:dark:bg-transparent\">\n<div class=\"w-full text-token-text-primary border-b border-black\/10 gizmo:border-0 dark:border-gray-900\/50 gizmo:dark:border-0 bg-gray-50 gizmo:bg-transparent dark:bg-[#444654] gizmo:dark:bg-transparent\" data-testid=\"conversation-turn-3\">\n<div class=\"p-4 gizmo:py-2 justify-center text-base md:gap-6 md:py-6 m-auto\">\n<div class=\"flex flex-1 gap-4 text-base mx-auto md:gap-6 gizmo:gap-3 gizmo:md:px-5 gizmo:lg:px-1 gizmo:xl:px-5 md:max-w-2xl lg:max-w-[38rem] gizmo:md:max-w-3xl gizmo:lg:max-w-[40rem] gizmo:xl:max-w-[48rem] xl:max-w-3xl } group final-completion\">\n<div class=\"relative flex w-[calc(100%-50px)] flex-col gizmo:w-full lg:w-[calc(100%-115px)] agent-turn\">\n<div class=\"flex-col gap-1 md:gap-3\">\n<div class=\"flex flex-grow flex-col max-w-full gap-3 gizmo:gap-0\">\n<div class=\"min-h-[20px] text-message peer flex flex-col items-start gap-3 whitespace-pre-wrap break-words peer-[.text-message]:mt-5 overflow-x-auto\" data-message-author-role=\"assistant\" data-message-id=\"7dbf4e92-cfa1-486f-a2d6-a1ca5c85d113\">\n<div class=\"markdown prose w-full break-words dark:prose-invert dark\"><\/div>\n<\/div>\n<\/div>\n<div class=\"flex justify-between empty:hidden gizmo:mt-1 gizmo:justify-start gizmo:gap-3 lg:block gizmo:lg:flex\">\n<div class=\"text-gray-400 flex self-end lg:self-center justify-center gizmo:lg:justify-start mt-2 gizmo:mt-0 visible gap-1\">\n<div class=\"flex items-center gap-1.5 text-xs\">\n<\/div>\n<\/div>\n<\/div>\n<\/div>\n<\/div>\n<\/div>\n<\/div>\n<\/div>\n<p><button class=\"cursor-pointer absolute z-10 rounded-full gizmo:bg-clip-padding border text-gray-600 dark:border-white\/10 dark:bg-white\/10 dark:text-gray-200 right-1\/2 border-black\/10 bg-token-surface-primary bottom-5\"><\/button><\/div>\n<\/div>\n<\/div>\n<\/div>\n<div class=\"w-full pt-2 md:pt-0 border-t md:border-t-0 gizmo:border-t-0 dark:border-white\/20 md:border-transparent md:dark:border-transparent md:pl-2 gizmo:pl-0 gizmo:md:pl-0 md:w-[calc(100%-.5rem)]\">\n<form class=\"stretch mx-2 flex flex-row gap-3 last:mb-2 md:mx-4 md:last:mb-6 lg:mx-auto lg:max-w-2xl xl:max-w-3xl\">\n<div class=\"relative flex h-full flex-1 items-stretch md:flex-col\">\n<div class=\"flex w-full items-center\"><\/div>\n<\/div>\n<\/form>\n<\/div>\n<p>&nbsp;<\/p>\n\n\t\t\t<style type='text\/css'>\n\t\t\t\t#gallery-1 {\n\t\t\t\t\tmargin: auto;\n\t\t\t\t}\n\t\t\t\t#gallery-1 .gallery-item {\n\t\t\t\t\tfloat: left;\n\t\t\t\t\tmargin-top: 10px;\n\t\t\t\t\ttext-align: center;\n\t\t\t\t\twidth: 33%;\n\t\t\t\t}\n\t\t\t\t#gallery-1 img {\n\t\t\t\t\tborder: 2px solid #cfcfcf;\n\t\t\t\t}\n\t\t\t\t#gallery-1 .gallery-caption {\n\t\t\t\t\tmargin-left: 0;\n\t\t\t\t}\n\t\t\t\t\/* see gallery_shortcode() in wp-includes\/media.php *\/\n\t\t\t<\/style>\n\t\t<div id='gallery-1' class='dt-gallery-container gallery galleryid-361621 gallery-columns-3 gallery-size-thumbnail'><dl class='gallery-item'>\n\t\t\t\t<dt class='gallery-icon landscape'>\n\t\t\t\t\t<a class=\"rollover rollover-zoom dt-pswp-item\" title=\"94a48d8f-616d-444f-a40f-4716866fda61\" data-dt-img-description=\"\" data-large_image_width=\"721\" data-large_image_height=\"544\"href='https:\/\/www.radiopiu.net\/wordpress\/wp-content\/uploads\/2023\/11\/94a48d8f-616d-444f-a40f-4716866fda61.jpg'><img loading=\"lazy\" decoding=\"async\" width=\"150\" height=\"150\" src=\"https:\/\/www.radiopiu.net\/wordpress\/wp-content\/uploads\/2023\/11\/94a48d8f-616d-444f-a40f-4716866fda61-150x150.jpg\" class=\"attachment-thumbnail size-thumbnail\" alt=\"\" \/><\/a>\n\t\t\t\t<\/dt><\/dl><dl class='gallery-item'>\n\t\t\t\t<dt class='gallery-icon landscape'>\n\t\t\t\t\t<a class=\"rollover rollover-zoom dt-pswp-item\" title=\"c500ad62-176d-44b5-bff1-3fa60db1e51e\" data-dt-img-description=\"\" data-large_image_width=\"1024\" data-large_image_height=\"729\"href='https:\/\/www.radiopiu.net\/wordpress\/wp-content\/uploads\/2023\/11\/c500ad62-176d-44b5-bff1-3fa60db1e51e.jpg'><img loading=\"lazy\" decoding=\"async\" width=\"150\" height=\"150\" src=\"https:\/\/www.radiopiu.net\/wordpress\/wp-content\/uploads\/2023\/11\/c500ad62-176d-44b5-bff1-3fa60db1e51e-150x150.jpg\" class=\"attachment-thumbnail size-thumbnail\" alt=\"\" \/><\/a>\n\t\t\t\t<\/dt><\/dl>\n\t\t\t\t<br style='clear: both' \/>\n\t\t\t<\/div>\n\n","protected":false},"excerpt":{"rendered":"<p>Cervo in strada, l&#8217;auto finisce gi\u00f9 per il pendio. BORGO VALBELLUNA Ieri mattina alle 8:30, a Colder\u00f9, Borgo Valbelluna, si \u00e8 verificato un incidente stradale che ha visto coinvolta un&#8217;auto guidata da una donna di 58 anni residente a Belluno. L&#8217;automobile \u00e8 uscita di strada, precipitando lungo un pendio e rovesciandosi nel prato sottostante, rimanendo&hellip;<\/p>\n","protected":false},"author":4,"featured_media":361622,"comment_status":"closed","ping_status":"closed","sticky":false,"template":"","format":"standard","meta":{"_monsterinsights_skip_tracking":false,"_monsterinsights_sitenote_active":false,"_monsterinsights_sitenote_note":"","_monsterinsights_sitenote_category":0,"footnotes":""},"categories":[51,49],"tags":[],"class_list":["post-361621","post","type-post","status-publish","format-standard","has-post-thumbnail","hentry","category-evidenza-top","category-news-18","category-51","category-49","description-off"],"img_url":"https:\/\/www.radiopiu.net\/wordpress\/wp-content\/uploads\/2023\/11\/94a48d8f-616d-444f-a40f-4716866fda61.jpg","_links":{"self":[{"href":"https:\/\/www.radiopiu.net\/wordpress\/wp-json\/wp\/v2\/posts\/361621","targetHints":{"allow":["GET"]}}],"collection":[{"href":"https:\/\/www.radiopiu.net\/wordpress\/wp-json\/wp\/v2\/posts"}],"about":[{"href":"https:\/\/www.radiopiu.net\/wordpress\/wp-json\/wp\/v2\/types\/post"}],"author":[{"embeddable":true,"href":"https:\/\/www.radiopiu.net\/wordpress\/wp-json\/wp\/v2\/users\/4"}],"replies":[{"embeddable":true,"href":"https:\/\/www.radiopiu.net\/wordpress\/wp-json\/wp\/v2\/comments?post=361621"}],"version-history":[{"count":0,"href":"https:\/\/www.radiopiu.net\/wordpress\/wp-json\/wp\/v2\/posts\/361621\/revisions"}],"wp:featuredmedia":[{"embeddable":true,"href":"https:\/\/www.radiopiu.net\/wordpress\/wp-json\/wp\/v2\/media\/361622"}],"wp:attachment":[{"href":"https:\/\/www.radiopiu.net\/wordpress\/wp-json\/wp\/v2\/media?parent=361621"}],"wp:term":[{"taxonomy":"category","embeddable":true,"href":"https:\/\/www.radiopiu.net\/wordpress\/wp-json\/wp\/v2\/categories?post=361621"},{"taxonomy":"post_tag","embeddable":true,"href":"https:\/\/www.radiopiu.net\/wordpress\/wp-json\/wp\/v2\/tags?post=361621"}],"curies":[{"name":"wp","href":"https:\/\/api.w.org\/{rel}","templated":true}]}}