{"id":361804,"date":"2023-11-17T08:34:10","date_gmt":"2023-11-17T07:34:10","guid":{"rendered":"https:\/\/www.radiopiu.net\/wordpress\/?p=361804"},"modified":"2023-11-17T11:04:45","modified_gmt":"2023-11-17T10:04:45","slug":"dillo-a-radio-piu-le-non-risposte-di-gsp","status":"publish","type":"post","link":"https:\/\/www.radiopiu.net\/wordpress\/dillo-a-radio-piu-le-non-risposte-di-gsp\/","title":{"rendered":"DILLO A RADIO PIU&#8217;&#8230;.LE NON RISPOSTE DI GSP"},"content":{"rendered":"<p>&nbsp;<\/p>\n<hr \/>\n<hr \/>\n<hr \/>\n<hr \/>\n<hr \/>\n<hr \/>\n<hr \/>\n<hr \/>\n<hr \/>\n<hr \/>\n<hr \/>\n<hr \/>\n<hr \/>\n<hr \/>\n<hr \/>\n<hr \/>\n<hr \/>\n<hr \/>\n<p><img decoding=\"async\" class=\"alignleft\" src=\"https:\/\/www.radiopiu.net\/wordpress\/wp-content\/uploads\/2022\/05\/download-1.jpg\" \/>Riceviamo e volentieri pubblichiamo ribadendo che da giorni, ma si rischia di parlare di settimane, l&#8217;acqua \u00e8 inquinata a La Valle Agordina peraltro in una zona importante a livello commerciale-ricettivo (Le Campe), Cencenighe (le solite frazioni) e San Tomaso (solite frazioni). Ma a Digonera, dove i cittadini sono gi\u00e0 in mezzo ai disagi per la chiusura della squadra principale, la situazione \u00e8 ancora peggiore, manco una risposta.<\/p>\n<p>&nbsp;<\/p>\n<p>&nbsp;<\/p>\n<p><strong>LA LETTERA FIRMATA<\/strong><\/p>\n<p>Buongiorno vi scrivo perch\u00e9 sono indignata con il\u00a0 GSP un mese fa avevamo l&#8217;acqua torbida e puzzava qui a Digonera abbiamo chiamato il numero verde,\u00a0 dopo 3 giorni, dico e ripeto fosse sfuggito: 3 giorni,\u00a0 sono venuti a prelevare un campione e non abbiamo pi\u00f9 saputo niente. Nulla di nulla. Oggi ad un mese di distanza ci risiamo di nuovo torbida e puzza anche da bollita speriamo che gli addetti si affrettino a venire a prelevare il campione altrimenti siamo costretti ad andare a comprare acqua di bottiglia per\u00f2 poi la bolletta la paghiamo e non poco. E se questi sono i servizi\u00a0 complimenti GSP, il nostro &#8220;orgoglio&#8221;&#8230;<\/p>\n<p>&nbsp;<\/p>\n<div class=\"page-title-head hgroup\">\n<blockquote>\n<h3 class=\"entry-title\">SAN TOMASO: ABBONATI ALL\u2019INQUINAMENTO DELLE ACQUE.<\/h3>\n<\/blockquote>\n<\/div>\n<p><strong><img loading=\"lazy\" decoding=\"async\" class=\"alignleft\" src=\"https:\/\/www.radiopiu.net\/wordpress\/wp-content\/uploads\/2021\/06\/th-12.jpg\" width=\"159\" height=\"106\" \/><\/strong><strong>SAN TOMASO<\/strong>\u00a0Gestione Servizi Pubblici informa che a SAN TOMASO AGORDINO nelle localit\u00e0 PIANEZZE, VALLATA, VAL, MEZZAVALLE, COSTA DI MEZZO E PIAN MOLIN l\u2019acqua erogata dall\u2019acquedotto non \u00e8 potabile e non pu\u00f2 essere usata per scopi alimentari. Verr\u00e0 effettuato servizio sostitutivo con autobotte in localit\u00e0 PIAN MOLIN presso Ecocentro.<\/p>\n<p><span style=\"color: #ff0000;\"><strong>CENCENIGHE<\/strong><span style=\"color: #000000;\"> Acqua\u00a0 di nuovo potabile\u00a0 in localit\u00e0 PRA\u2019 DI MEZZO\u00a0<\/span><\/span><\/p>\n<p><strong><span style=\"color: #ff0000;\">LA VALLE AGORDINA<\/span><\/strong>\u00a0 Acqua di nuovo potabile nelle localit\u00e0 RONCHE, NOACH, LE CAMPE e CANCELLADE contattare il Servizio Clienti al numero 800 306 999 o +39 0445 230521 (da estero) .<\/p>\n<p>&nbsp;<\/p>\n<p>&nbsp;<\/p>\n<hr \/>\n<hr \/>\n<hr \/>\n<hr \/>\n<hr \/>\n<hr \/>\n<hr \/>\n<hr \/>\n<hr \/>\n<hr \/>\n<hr \/>\n<hr \/>\n<hr \/>\n<hr \/>\n<hr \/>\n<hr \/>\n<hr \/>\n<p>::::<\/p>\n","protected":false},"excerpt":{"rendered":"<p>&nbsp; Riceviamo e volentieri pubblichiamo ribadendo che da giorni, ma si rischia di parlare di settimane, l&#8217;acqua \u00e8 inquinata a La Valle Agordina peraltro in una zona importante a livello commerciale-ricettivo (Le Campe), Cencenighe (le solite frazioni) e San Tomaso (solite frazioni). Ma a Digonera, dove i cittadini sono gi\u00e0 in mezzo ai disagi per&hellip;<\/p>\n","protected":false},"author":4,"featured_media":273617,"comment_status":"closed","ping_status":"closed","sticky":false,"template":"","format":"standard","meta":{"_monsterinsights_skip_tracking":false,"_monsterinsights_sitenote_active":false,"_monsterinsights_sitenote_note":"","_monsterinsights_sitenote_category":0,"footnotes":""},"categories":[104,49],"tags":[],"class_list":["post-361804","post","type-post","status-publish","format-standard","has-post-thumbnail","hentry","category-evidenza_3","category-news-18","category-104","category-49","description-off"],"img_url":"https:\/\/www.radiopiu.net\/wordpress\/wp-content\/uploads\/2022\/05\/download-1.jpg","_links":{"self":[{"href":"https:\/\/www.radiopiu.net\/wordpress\/wp-json\/wp\/v2\/posts\/361804","targetHints":{"allow":["GET"]}}],"collection":[{"href":"https:\/\/www.radiopiu.net\/wordpress\/wp-json\/wp\/v2\/posts"}],"about":[{"href":"https:\/\/www.radiopiu.net\/wordpress\/wp-json\/wp\/v2\/types\/post"}],"author":[{"embeddable":true,"href":"https:\/\/www.radiopiu.net\/wordpress\/wp-json\/wp\/v2\/users\/4"}],"replies":[{"embeddable":true,"href":"https:\/\/www.radiopiu.net\/wordpress\/wp-json\/wp\/v2\/comments?post=361804"}],"version-history":[{"count":0,"href":"https:\/\/www.radiopiu.net\/wordpress\/wp-json\/wp\/v2\/posts\/361804\/revisions"}],"wp:featuredmedia":[{"embeddable":true,"href":"https:\/\/www.radiopiu.net\/wordpress\/wp-json\/wp\/v2\/media\/273617"}],"wp:attachment":[{"href":"https:\/\/www.radiopiu.net\/wordpress\/wp-json\/wp\/v2\/media?parent=361804"}],"wp:term":[{"taxonomy":"category","embeddable":true,"href":"https:\/\/www.radiopiu.net\/wordpress\/wp-json\/wp\/v2\/categories?post=361804"},{"taxonomy":"post_tag","embeddable":true,"href":"https:\/\/www.radiopiu.net\/wordpress\/wp-json\/wp\/v2\/tags?post=361804"}],"curies":[{"name":"wp","href":"https:\/\/api.w.org\/{rel}","templated":true}]}}