{"id":361823,"date":"2023-11-17T10:55:09","date_gmt":"2023-11-17T09:55:09","guid":{"rendered":"https:\/\/www.radiopiu.net\/wordpress\/?p=361823"},"modified":"2023-11-17T10:55:09","modified_gmt":"2023-11-17T09:55:09","slug":"we-love-nevegal-trasforma-lex-stazione-seggiovia-nuovo-bar-ristorante-con-vista-panoramica","status":"publish","type":"post","link":"https:\/\/www.radiopiu.net\/wordpress\/we-love-nevegal-trasforma-lex-stazione-seggiovia-nuovo-bar-ristorante-con-vista-panoramica\/","title":{"rendered":"&#8220;We Love Nevegal&#8221; Trasforma l&#8217;Ex Stazione Seggiovia: Nuovo Bar Ristorante con Vista Panoramica"},"content":{"rendered":"<hr \/>\n<hr \/>\n<hr \/>\n<hr \/>\n<hr \/>\n<hr \/>\n<hr \/>\n<hr \/>\n<hr \/>\n<hr \/>\n<hr \/>\n<hr \/>\n<hr \/>\n<hr \/>\n<hr \/>\n<hr \/>\n<hr \/>\n<hr \/>\n<hr \/>\n<hr \/>\n<hr \/>\n<hr \/>\n<p><a class=\"dt-pswp-item\" href=\"https:\/\/www.radiopiu.net\/wordpress\/wp-content\/uploads\/2023\/11\/Foto-exSeggiovia-WLN.jpg\" data-dt-img-description=\"\" data-large_image_width=\"1000\" data-large_image_height=\"623\"><img loading=\"lazy\" decoding=\"async\" class=\" wp-image-361824 alignleft\" src=\"https:\/\/www.radiopiu.net\/wordpress\/wp-content\/uploads\/2023\/11\/Foto-exSeggiovia-WLN-300x187.jpg\" alt=\"\" width=\"226\" height=\"141\" srcset=\"https:\/\/www.radiopiu.net\/wordpress\/wp-content\/uploads\/2023\/11\/Foto-exSeggiovia-WLN-300x187.jpg 300w, https:\/\/www.radiopiu.net\/wordpress\/wp-content\/uploads\/2023\/11\/Foto-exSeggiovia-WLN-768x478.jpg 768w, https:\/\/www.radiopiu.net\/wordpress\/wp-content\/uploads\/2023\/11\/Foto-exSeggiovia-WLN.jpg 1000w\" sizes=\"auto, (max-width: 226px) 100vw, 226px\" \/><\/a><strong>BELLUNO<\/strong> Il progetto &#8220;We Love Nevegal&#8221; ha segnato un importante passo avanti nella rinascita del Colle, portando il primo investitore a trasformare l&#8217;ex stazione di partenza della seggiovia Col di Gou-Monte Faverghera. L&#8217;edificio, rimasto chiuso e fatiscente per oltre trent&#8217;anni, \u00e8 ora di propriet\u00e0 di una societ\u00e0 di Praga, guidata da un imprenditore italiano attivo nel settore della moda, con esperienza in ristoranti e alberghi di tendenza sia in Repubblica Ceca che in Italia. La nuova destinazione dell&#8217;immobile, simbolo storico della seggiovia inaugurata nel 1955, sar\u00e0 quella di un bar ristorante. L&#8217;atto di acquisto \u00e8 stato formalizzato. L&#8217;amministratore della societ\u00e0 acquirente ha dichiarato: <em>&#8220;Ci teniamo a preservare l&#8217;aspetto storico dell&#8217;edificio e stiamo studiando con i nostri architetti le soluzioni migliori&#8221;. <\/em>Daniele Ciani, Presidente di Associazione Proprietari Nevegal, commenta entusiasta: <em>&#8220;Da troppi anni quell\u2019edificio dismesso deturpa il paesaggio, rappresentando un segno della sua decadenza: per questo siamo contenti di farne il simbolo del suo rilancio&#8221;<\/em>.<button class=\"flex ml-auto gizmo:ml-0 gap-2 items-center rounded-md p-1 text-xs gizmo:gap-1.5 gizmo:pl-0 dark:text-gray-400 dark:hover:text-gray-200 disabled:dark:hover:text-gray-400 hover:text-gray-950 md:invisible md:group-hover:visible md:group-[.final-completion]:visible\"><\/button><\/p>\n<p>&nbsp;<\/p>\n<hr \/>\n<hr \/>\n<hr \/>\n<hr \/>\n<hr \/>\n<hr \/>\n<hr \/>\n<hr \/>\n<hr \/>\n<hr \/>\n<hr \/>\n<hr \/>\n<hr \/>\n<hr \/>\n<p>___<\/p>\n<p>&nbsp;<\/p>\n<p>&nbsp;<\/p>\n<p>&nbsp;<\/p>\n<div class=\"w-full pt-2 md:pt-0 border-t md:border-t-0 gizmo:border-t-0 dark:border-white\/20 md:border-transparent md:dark:border-transparent md:pl-2 gizmo:pl-0 gizmo:md:pl-0 md:w-[calc(100%-.5rem)]\">\n<form class=\"stretch mx-2 flex flex-row gap-3 last:mb-2 md:mx-4 md:last:mb-6 lg:mx-auto lg:max-w-2xl xl:max-w-3xl\">\n<div class=\"relative flex h-full flex-1 items-stretch md:flex-col\">\n<div class=\"flex w-full items-center\"><\/div>\n<\/div>\n<\/form>\n<\/div>\n","protected":false},"excerpt":{"rendered":"<p>BELLUNO Il progetto &#8220;We Love Nevegal&#8221; ha segnato un importante passo avanti nella rinascita del Colle, portando il primo investitore a trasformare l&#8217;ex stazione di partenza della seggiovia Col di Gou-Monte Faverghera. L&#8217;edificio, rimasto chiuso e fatiscente per oltre trent&#8217;anni, \u00e8 ora di propriet\u00e0 di una societ\u00e0 di Praga, guidata da un imprenditore italiano attivo&hellip;<\/p>\n","protected":false},"author":4,"featured_media":361824,"comment_status":"closed","ping_status":"closed","sticky":false,"template":"","format":"standard","meta":{"_monsterinsights_skip_tracking":false,"_monsterinsights_sitenote_active":false,"_monsterinsights_sitenote_note":"","_monsterinsights_sitenote_category":0,"footnotes":""},"categories":[49],"tags":[],"class_list":["post-361823","post","type-post","status-publish","format-standard","has-post-thumbnail","hentry","category-news-18","category-49","description-off"],"img_url":"https:\/\/www.radiopiu.net\/wordpress\/wp-content\/uploads\/2023\/11\/Foto-exSeggiovia-WLN.jpg","_links":{"self":[{"href":"https:\/\/www.radiopiu.net\/wordpress\/wp-json\/wp\/v2\/posts\/361823","targetHints":{"allow":["GET"]}}],"collection":[{"href":"https:\/\/www.radiopiu.net\/wordpress\/wp-json\/wp\/v2\/posts"}],"about":[{"href":"https:\/\/www.radiopiu.net\/wordpress\/wp-json\/wp\/v2\/types\/post"}],"author":[{"embeddable":true,"href":"https:\/\/www.radiopiu.net\/wordpress\/wp-json\/wp\/v2\/users\/4"}],"replies":[{"embeddable":true,"href":"https:\/\/www.radiopiu.net\/wordpress\/wp-json\/wp\/v2\/comments?post=361823"}],"version-history":[{"count":0,"href":"https:\/\/www.radiopiu.net\/wordpress\/wp-json\/wp\/v2\/posts\/361823\/revisions"}],"wp:featuredmedia":[{"embeddable":true,"href":"https:\/\/www.radiopiu.net\/wordpress\/wp-json\/wp\/v2\/media\/361824"}],"wp:attachment":[{"href":"https:\/\/www.radiopiu.net\/wordpress\/wp-json\/wp\/v2\/media?parent=361823"}],"wp:term":[{"taxonomy":"category","embeddable":true,"href":"https:\/\/www.radiopiu.net\/wordpress\/wp-json\/wp\/v2\/categories?post=361823"},{"taxonomy":"post_tag","embeddable":true,"href":"https:\/\/www.radiopiu.net\/wordpress\/wp-json\/wp\/v2\/tags?post=361823"}],"curies":[{"name":"wp","href":"https:\/\/api.w.org\/{rel}","templated":true}]}}