{"id":361915,"date":"2023-11-18T05:37:21","date_gmt":"2023-11-18T04:37:21","guid":{"rendered":"https:\/\/www.radiopiu.net\/wordpress\/?p=361915"},"modified":"2023-11-18T06:01:50","modified_gmt":"2023-11-18T05:01:50","slug":"nuova-ondata-di-furti-a-pedavena-ladri-colpiscono-di-notte","status":"publish","type":"post","link":"https:\/\/www.radiopiu.net\/wordpress\/nuova-ondata-di-furti-a-pedavena-ladri-colpiscono-di-notte\/","title":{"rendered":"Nuova Ondata di Furti a Pedavena, Ladri Colpiscono di Notte"},"content":{"rendered":"<p>&nbsp;<\/p>\n<p>&nbsp;<\/p>\n<p>&nbsp;<\/p>\n<hr \/>\n<hr \/>\n<hr \/>\n<hr \/>\n<hr \/>\n<hr \/>\n<hr \/>\n<hr \/>\n<hr \/>\n<hr \/>\n<hr \/>\n<p>&nbsp;<\/p>\n<p>&nbsp;<\/p>\n<p><strong><img loading=\"lazy\" decoding=\"async\" class=\"alignleft\" src=\"https:\/\/www.radiopiu.net\/wordpress\/wp-content\/uploads\/2023\/02\/controlli-dei-Carabinieri-a-Belluno_27.02.2023-scaled.jpg\" width=\"240\" height=\"160\" \/>PEDAVENA<\/strong> Una serata difficile ha colpito alcune famiglie nella zona poco lontana dal centro di Pedavena, segnata da una serie di furti che hanno seminato preoccupazione tra i residenti. La sequenza di eventi ha avuto inizio con una segnalazione sulla presenza di ladri in via Crico. Poco dopo, l&#8217;intrusione nel negozio di articoli da regalo &#8220;Il Confetto&#8221; di via Rizzarda ha sollevato ulteriori preoccupazioni. La situazione si \u00e8 aggravata con ulteriori segnalazioni riguardanti case prese di mira nella zona, creando un clima di tensione tra i residenti. Le abitazioni nelle vicinanze della zona centrale di Pedavena sembrano essere diventate il nuovo obiettivo di una banda di ladri in cerca di contanti e oggetti preziosi. Questo ricorda quanto accaduto meno di un mese fa, quando la stessa banda aveva colpito nelle zone di via Tina Merlin e via Giovanni Luciani. Questa volta, la banda ha spostato la sua attenzione verso la zona di Murle, prendendo di mira il negozio di bomboniere. L&#8217;azione criminale si \u00e8 verificata presumibilmente durante l&#8217;ora di cena, sfruttando forse l&#8217;assenza dei proprietari e la consueta chiusura dei negozi attorno alle 19.30, in alcuni casi anche alle 19. La segnalazione immediata ai carabinieri di Feltre ha permesso l&#8217;esecuzione dei primi sopralluoghi gi\u00e0 in serata, con le forze dell&#8217;ordine ora impegnate nelle ricerche per individuare i malviventi. Anche alcune abitazioni sono state prese di mira, sebbene al momento non si conosca l&#8217;entit\u00e0 del bottino. La comunit\u00e0 di Pedavena \u00e8 in allerta, e le autorit\u00e0 stanno intensificando gli sforzi per garantire la sicurezza nella zona, cercando di porre fine a questa nuova serie di furti che sta causando disagio e preoccupazione tra i residenti.<\/p>\n<p>___<\/p>\n<p>&nbsp;<\/p>\n<p>&nbsp;<\/p>\n<hr \/>\n<hr \/>\n<hr \/>\n<hr \/>\n<hr \/>\n<hr \/>\n<hr \/>\n<hr \/>\n<hr \/>\n<hr \/>\n<hr \/>\n<hr \/>\n<p>&nbsp;<\/p>\n<p>&nbsp;<\/p>\n<p>____<\/p>\n<div class=\"flex-1 overflow-hidden\">\n<div class=\"react-scroll-to-bottom--css-wlxsg-79elbk h-full\">\n<div class=\"react-scroll-to-bottom--css-wlxsg-1n7m0yu\">\n<div class=\"flex flex-col text-sm gizmo:pb-9 dark:bg-gray-800 gizmo:dark:bg-transparent\">\n<div class=\"w-full text-token-text-primary border-b border-black\/10 gizmo:border-0 dark:border-gray-900\/50 gizmo:dark:border-0 bg-gray-50 gizmo:bg-transparent dark:bg-[#444654] gizmo:dark:bg-transparent\" data-testid=\"conversation-turn-15\">\n<div class=\"p-4 gizmo:py-2 justify-center text-base md:gap-6 md:py-6 m-auto\">\n<div class=\"flex flex-1 gap-4 text-base mx-auto md:gap-6 gizmo:gap-3 gizmo:md:px-5 gizmo:lg:px-1 gizmo:xl:px-5 md:max-w-2xl lg:max-w-[38rem] gizmo:md:max-w-3xl gizmo:lg:max-w-[40rem] gizmo:xl:max-w-[48rem] xl:max-w-3xl } group final-completion\">\n<div class=\"relative flex w-[calc(100%-50px)] flex-col gizmo:w-full lg:w-[calc(100%-115px)] agent-turn\">\n<div class=\"flex-col gap-1 md:gap-3\">\n<div class=\"flex justify-between empty:hidden gizmo:mt-1 gizmo:justify-start gizmo:gap-3 lg:block gizmo:lg:flex\">\n<div class=\"text-gray-400 flex self-end lg:self-center justify-center gizmo:lg:justify-start mt-2 gizmo:mt-0 visible gap-1\">\n<p>&nbsp;<\/p>\n<div class=\"flex gap-1\"><\/div>\n<div class=\"flex items-center gap-1.5 text-xs\"><\/div>\n<\/div>\n<\/div>\n<\/div>\n<\/div>\n<\/div>\n<\/div>\n<\/div>\n<\/div>\n<\/div>\n<\/div>\n<\/div>\n<div class=\"w-full pt-2 md:pt-0 border-t md:border-t-0 gizmo:border-t-0 dark:border-white\/20 md:border-transparent md:dark:border-transparent md:pl-2 gizmo:pl-0 gizmo:md:pl-0 md:w-[calc(100%-.5rem)]\">\n<form class=\"stretch mx-2 flex flex-row gap-3 last:mb-2 md:mx-4 md:last:mb-6 lg:mx-auto lg:max-w-2xl xl:max-w-3xl\">\n<div class=\"relative flex h-full flex-1 items-stretch md:flex-col\">\n<div class=\"flex w-full items-center\"><\/div>\n<\/div>\n<\/form>\n<\/div>\n","protected":false},"excerpt":{"rendered":"<p>&nbsp; &nbsp; &nbsp; &nbsp; &nbsp; PEDAVENA Una serata difficile ha colpito alcune famiglie nella zona poco lontana dal centro di Pedavena, segnata da una serie di furti che hanno seminato preoccupazione tra i residenti. La sequenza di eventi ha avuto inizio con una segnalazione sulla presenza di ladri in via Crico. Poco dopo, l&#8217;intrusione nel&hellip;<\/p>\n","protected":false},"author":4,"featured_media":324137,"comment_status":"closed","ping_status":"closed","sticky":false,"template":"","format":"standard","meta":{"_monsterinsights_skip_tracking":false,"_monsterinsights_sitenote_active":false,"_monsterinsights_sitenote_note":"","_monsterinsights_sitenote_category":0,"footnotes":""},"categories":[51,49],"tags":[],"class_list":["post-361915","post","type-post","status-publish","format-standard","has-post-thumbnail","hentry","category-evidenza-top","category-news-18","category-51","category-49","description-off"],"img_url":"https:\/\/www.radiopiu.net\/wordpress\/wp-content\/uploads\/2023\/02\/controlli-dei-Carabinieri-a-Belluno_27.02.2023-scaled.jpg","_links":{"self":[{"href":"https:\/\/www.radiopiu.net\/wordpress\/wp-json\/wp\/v2\/posts\/361915","targetHints":{"allow":["GET"]}}],"collection":[{"href":"https:\/\/www.radiopiu.net\/wordpress\/wp-json\/wp\/v2\/posts"}],"about":[{"href":"https:\/\/www.radiopiu.net\/wordpress\/wp-json\/wp\/v2\/types\/post"}],"author":[{"embeddable":true,"href":"https:\/\/www.radiopiu.net\/wordpress\/wp-json\/wp\/v2\/users\/4"}],"replies":[{"embeddable":true,"href":"https:\/\/www.radiopiu.net\/wordpress\/wp-json\/wp\/v2\/comments?post=361915"}],"version-history":[{"count":0,"href":"https:\/\/www.radiopiu.net\/wordpress\/wp-json\/wp\/v2\/posts\/361915\/revisions"}],"wp:featuredmedia":[{"embeddable":true,"href":"https:\/\/www.radiopiu.net\/wordpress\/wp-json\/wp\/v2\/media\/324137"}],"wp:attachment":[{"href":"https:\/\/www.radiopiu.net\/wordpress\/wp-json\/wp\/v2\/media?parent=361915"}],"wp:term":[{"taxonomy":"category","embeddable":true,"href":"https:\/\/www.radiopiu.net\/wordpress\/wp-json\/wp\/v2\/categories?post=361915"},{"taxonomy":"post_tag","embeddable":true,"href":"https:\/\/www.radiopiu.net\/wordpress\/wp-json\/wp\/v2\/tags?post=361915"}],"curies":[{"name":"wp","href":"https:\/\/api.w.org\/{rel}","templated":true}]}}