{"id":361922,"date":"2023-11-18T05:15:27","date_gmt":"2023-11-18T04:15:27","guid":{"rendered":"https:\/\/www.radiopiu.net\/wordpress\/?p=361922"},"modified":"2023-11-18T05:50:23","modified_gmt":"2023-11-18T04:50:23","slug":"nel-ricordo-di-walter-raccolti-oltre-113mila-euro","status":"publish","type":"post","link":"https:\/\/www.radiopiu.net\/wordpress\/nel-ricordo-di-walter-raccolti-oltre-113mila-euro\/","title":{"rendered":"NEL RICORDO DI WALTER, RACCOLTI OLTRE 113MILA EURO"},"content":{"rendered":"<blockquote>\n<h3><\/h3>\n<p>&nbsp;<\/p>\n<hr \/>\n<hr \/>\n<hr \/>\n<hr \/>\n<hr \/>\n<hr \/>\n<hr \/>\n<hr \/>\n<hr \/>\n<hr \/>\n<hr \/>\n<hr \/>\n<hr \/>\n<p>&nbsp;<\/p>\n<h3>CON LA PIATTAFORMA GOFUNDME, CAMPAGNA DESTINATA ALLA COMPAGNA SYBIL E AL PICCOLO MARTINO<\/h3>\n<\/blockquote>\n<div>\n<h3><a href=\"https:\/\/www.radiopiu.net\/wordpress\/wp-content\/uploads\/2023\/11\/cf46efdd-f271-41d0-b1e3-13b3d8cf9898.webp\"><img loading=\"lazy\" decoding=\"async\" class=\"size-medium wp-image-361921 alignleft\" src=\"https:\/\/www.radiopiu.net\/wordpress\/wp-content\/uploads\/2023\/11\/cf46efdd-f271-41d0-b1e3-13b3d8cf9898-300x170.webp\" alt=\"\" width=\"300\" height=\"170\" srcset=\"https:\/\/www.radiopiu.net\/wordpress\/wp-content\/uploads\/2023\/11\/cf46efdd-f271-41d0-b1e3-13b3d8cf9898-300x170.webp 300w, https:\/\/www.radiopiu.net\/wordpress\/wp-content\/uploads\/2023\/11\/cf46efdd-f271-41d0-b1e3-13b3d8cf9898.webp 460w\" sizes=\"auto, (max-width: 300px) 100vw, 300px\" \/><\/a><\/h3>\n<p>Walter Locatello, il vigile del fuoco che lo scorso 2 Novembre, durante l&#8217;ultima emergenza meteo, che si \u00e8 abbattuta sul Bellunese, purtroppo \u00e8 stato inghiottito dalle acque di un canale nei pressi dell&#8217;abitazione dei suoi genitori. Walter era diventato, da soli 2 mesi, pap\u00e0 di Martino, dopo lunghi anni di intenso desiderio di paternit\u00e0.<\/p><\/div>\n<div>La sua compagna Sybil attualmente si trova a dover affrontare una situazione difficile non solo dal punto di vista emotivo ma anche dal punto di vista economico.\u00a0 Noi tutti come comunit\u00e0 gli siamo riconoscenti e ho deciso di aprire questa raccolta fondi per dare un aiuto concreto al suo bimbo, affinch\u00e9 possano diminuire le preoccupazioni legate alla sua crescita ed alla sua formazione. Ogni centesimo raccolto verr\u00e0 devoluto direttamente a Sybil in modo che possa continuare il progetto condiviso con Walter per la crescita del loro bambino Martino. Per devolvere tramite Bonifico Beneficiario:<strong> Sybil Genoria\u00a0 <\/strong>IBAN:\u00a0<strong>IT80N0200805642000040895134<\/strong><\/div>\n<div><\/div>\n<div><strong>Ringrazio in anticipo chiunque decida di dare il proprio contributo.<\/strong><\/div>\n<div><strong>Maurizio Torri\u00a0<\/strong><\/div>\n<div>\n<h3><\/h3>\n<p>&nbsp;<\/p>\n<hr \/>\n<hr \/>\n<hr \/>\n<hr \/>\n<hr \/>\n<hr \/>\n<hr \/>\n<hr \/>\n<hr \/>\n<hr \/>\n<hr \/>\n<hr \/>\n<hr \/>\n<p>&nbsp;<\/p>\n<\/div>\n<div><\/div>\n<div>\n<hr \/>\n<\/div>\n","protected":false},"excerpt":{"rendered":"<p>&nbsp; &nbsp; CON LA PIATTAFORMA GOFUNDME, CAMPAGNA DESTINATA ALLA COMPAGNA SYBIL E AL PICCOLO MARTINO Walter Locatello, il vigile del fuoco che lo scorso 2 Novembre, durante l&#8217;ultima emergenza meteo, che si \u00e8 abbattuta sul Bellunese, purtroppo \u00e8 stato inghiottito dalle acque di un canale nei pressi dell&#8217;abitazione dei suoi genitori. Walter era diventato, da&hellip;<\/p>\n","protected":false},"author":4,"featured_media":361921,"comment_status":"closed","ping_status":"closed","sticky":false,"template":"","format":"standard","meta":{"_monsterinsights_skip_tracking":false,"_monsterinsights_sitenote_active":false,"_monsterinsights_sitenote_note":"","_monsterinsights_sitenote_category":0,"footnotes":""},"categories":[51,49],"tags":[],"class_list":["post-361922","post","type-post","status-publish","format-standard","has-post-thumbnail","hentry","category-evidenza-top","category-news-18","category-51","category-49","description-off"],"img_url":"https:\/\/www.radiopiu.net\/wordpress\/wp-content\/uploads\/2023\/11\/cf46efdd-f271-41d0-b1e3-13b3d8cf9898.webp","_links":{"self":[{"href":"https:\/\/www.radiopiu.net\/wordpress\/wp-json\/wp\/v2\/posts\/361922","targetHints":{"allow":["GET"]}}],"collection":[{"href":"https:\/\/www.radiopiu.net\/wordpress\/wp-json\/wp\/v2\/posts"}],"about":[{"href":"https:\/\/www.radiopiu.net\/wordpress\/wp-json\/wp\/v2\/types\/post"}],"author":[{"embeddable":true,"href":"https:\/\/www.radiopiu.net\/wordpress\/wp-json\/wp\/v2\/users\/4"}],"replies":[{"embeddable":true,"href":"https:\/\/www.radiopiu.net\/wordpress\/wp-json\/wp\/v2\/comments?post=361922"}],"version-history":[{"count":0,"href":"https:\/\/www.radiopiu.net\/wordpress\/wp-json\/wp\/v2\/posts\/361922\/revisions"}],"wp:featuredmedia":[{"embeddable":true,"href":"https:\/\/www.radiopiu.net\/wordpress\/wp-json\/wp\/v2\/media\/361921"}],"wp:attachment":[{"href":"https:\/\/www.radiopiu.net\/wordpress\/wp-json\/wp\/v2\/media?parent=361922"}],"wp:term":[{"taxonomy":"category","embeddable":true,"href":"https:\/\/www.radiopiu.net\/wordpress\/wp-json\/wp\/v2\/categories?post=361922"},{"taxonomy":"post_tag","embeddable":true,"href":"https:\/\/www.radiopiu.net\/wordpress\/wp-json\/wp\/v2\/tags?post=361922"}],"curies":[{"name":"wp","href":"https:\/\/api.w.org\/{rel}","templated":true}]}}