{"id":361946,"date":"2023-11-18T05:28:43","date_gmt":"2023-11-18T04:28:43","guid":{"rendered":"https:\/\/www.radiopiu.net\/wordpress\/?p=361946"},"modified":"2023-11-18T06:29:20","modified_gmt":"2023-11-18T05:29:20","slug":"il-presidente-mattarella-elogia-le-scuole-in-rete-di-belluno-un-riconoscimento-per-18-anni-di-impegno-educativo","status":"publish","type":"post","link":"https:\/\/www.radiopiu.net\/wordpress\/il-presidente-mattarella-elogia-le-scuole-in-rete-di-belluno-un-riconoscimento-per-18-anni-di-impegno-educativo\/","title":{"rendered":"Il Presidente Mattarella elogia le &#8220;Scuole in Rete&#8221; di Belluno: Un Riconoscimento per 18 Anni di Impegno Educativo"},"content":{"rendered":"<hr \/>\n<hr \/>\n<hr \/>\n<hr \/>\n<hr \/>\n<hr \/>\n<hr \/>\n<hr \/>\n<hr \/>\n<hr \/>\n<hr \/>\n<hr \/>\n<hr \/>\n<hr \/>\n<hr \/>\n<hr \/>\n<p><strong><a class=\"dt-pswp-item\" href=\"https:\/\/www.radiopiu.net\/wordpress\/wp-content\/uploads\/2023\/11\/copertina_libro.png\" data-dt-img-description=\"\" data-large_image_width=\"526\" data-large_image_height=\"745\"><img loading=\"lazy\" decoding=\"async\" class=\"wp-image-361947 alignleft\" src=\"https:\/\/www.radiopiu.net\/wordpress\/wp-content\/uploads\/2023\/11\/copertina_libro-212x300.png\" alt=\"\" width=\"153\" height=\"217\" srcset=\"https:\/\/www.radiopiu.net\/wordpress\/wp-content\/uploads\/2023\/11\/copertina_libro-212x300.png 212w, https:\/\/www.radiopiu.net\/wordpress\/wp-content\/uploads\/2023\/11\/copertina_libro.png 526w\" sizes=\"auto, (max-width: 153px) 100vw, 153px\" \/><\/a>BELLUNO<\/strong> Una prestigiosa lettera della segreteria del Presidente Mattarella \u00e8 giunta alle mani del Dirigente dell&#8217;Ufficio Scolastico Provinciale di Belluno, Prof. Franco Chemello. Il Presidente si congratula per il libro di 400 pagine intitolato &#8220;Scuole in Rete. Per un mondo di solidariet\u00e0 e di pace. 2005-2023&#8221;, un dettagliato racconto degli ultimi 18 anni di impegno educativo. Nella lettera, il Presidente esprime il suo compiacimento per questo volume, definendolo un esempio tangibile di corresponsabilit\u00e0 educativa basata sui valori della Costituzione e della Dichiarazione dei Diritti Umani. Questo libro rappresenta un vero e proprio &#8220;sistema&#8221; per creare un futuro e una societ\u00e0 migliori. Il gesto \u00e8 descritto come un dono gradito e apprezzato dal Presidente Mattarella, che approfitta dell&#8217;occasione per inviare i migliori auguri di buon lavoro a tutti coloro coinvolti nel progetto, inclusi docenti, studenti e collaboratori. Questo riconoscimento sottolinea l&#8217;impegno costante delle &#8220;Scuole in Rete&#8221; e di tutti coloro che collaborano da ben 18 anni per la corresponsabilit\u00e0 educativa nella provincia di Belluno. \u00c8 un segno di apprezzamento per la costruzione di un futuro migliore per i giovani e per l&#8217;intera comunit\u00e0<\/p>\n<p>&nbsp;<\/p>\n<p>&nbsp;<\/p>\n<a href=\"https:\/\/www.radiopiu.net\/wordpress\/wp-content\/uploads\/2023\/11\/complimenti-mattarella.pdf\" class=\"pdfemb-viewer\" style=\"\" data-width=\"max\" data-height=\"max\" data-toolbar=\"top\" data-toolbar-fixed=\"on\">complimenti-mattarella<\/a>\n","protected":false},"excerpt":{"rendered":"<p>BELLUNO Una prestigiosa lettera della segreteria del Presidente Mattarella \u00e8 giunta alle mani del Dirigente dell&#8217;Ufficio Scolastico Provinciale di Belluno, Prof. Franco Chemello. Il Presidente si congratula per il libro di 400 pagine intitolato &#8220;Scuole in Rete. Per un mondo di solidariet\u00e0 e di pace. 2005-2023&#8221;, un dettagliato racconto degli ultimi 18 anni di impegno&hellip;<\/p>\n","protected":false},"author":4,"featured_media":361947,"comment_status":"closed","ping_status":"closed","sticky":false,"template":"","format":"standard","meta":{"_monsterinsights_skip_tracking":false,"_monsterinsights_sitenote_active":false,"_monsterinsights_sitenote_note":"","_monsterinsights_sitenote_category":0,"footnotes":""},"categories":[49],"tags":[],"class_list":["post-361946","post","type-post","status-publish","format-standard","has-post-thumbnail","hentry","category-news-18","category-49","description-off"],"img_url":"https:\/\/www.radiopiu.net\/wordpress\/wp-content\/uploads\/2023\/11\/copertina_libro.png","_links":{"self":[{"href":"https:\/\/www.radiopiu.net\/wordpress\/wp-json\/wp\/v2\/posts\/361946","targetHints":{"allow":["GET"]}}],"collection":[{"href":"https:\/\/www.radiopiu.net\/wordpress\/wp-json\/wp\/v2\/posts"}],"about":[{"href":"https:\/\/www.radiopiu.net\/wordpress\/wp-json\/wp\/v2\/types\/post"}],"author":[{"embeddable":true,"href":"https:\/\/www.radiopiu.net\/wordpress\/wp-json\/wp\/v2\/users\/4"}],"replies":[{"embeddable":true,"href":"https:\/\/www.radiopiu.net\/wordpress\/wp-json\/wp\/v2\/comments?post=361946"}],"version-history":[{"count":0,"href":"https:\/\/www.radiopiu.net\/wordpress\/wp-json\/wp\/v2\/posts\/361946\/revisions"}],"wp:featuredmedia":[{"embeddable":true,"href":"https:\/\/www.radiopiu.net\/wordpress\/wp-json\/wp\/v2\/media\/361947"}],"wp:attachment":[{"href":"https:\/\/www.radiopiu.net\/wordpress\/wp-json\/wp\/v2\/media?parent=361946"}],"wp:term":[{"taxonomy":"category","embeddable":true,"href":"https:\/\/www.radiopiu.net\/wordpress\/wp-json\/wp\/v2\/categories?post=361946"},{"taxonomy":"post_tag","embeddable":true,"href":"https:\/\/www.radiopiu.net\/wordpress\/wp-json\/wp\/v2\/tags?post=361946"}],"curies":[{"name":"wp","href":"https:\/\/api.w.org\/{rel}","templated":true}]}}