{"id":361952,"date":"2023-11-18T07:55:28","date_gmt":"2023-11-18T06:55:28","guid":{"rendered":"https:\/\/www.radiopiu.net\/wordpress\/?p=361952"},"modified":"2023-11-18T08:01:48","modified_gmt":"2023-11-18T07:01:48","slug":"loriginale-dal-1983-la-rassegna-stampa-di-mirko-mezzacasa-e-ogni-giorno-alle-sette-le-anticipazioni-per-chi-va-di-fretta","status":"publish","type":"post","link":"https:\/\/www.radiopiu.net\/wordpress\/loriginale-dal-1983-la-rassegna-stampa-di-mirko-mezzacasa-e-ogni-giorno-alle-sette-le-anticipazioni-per-chi-va-di-fretta\/","title":{"rendered":"L&#8217;ORIGINALE, DAL 1983, la rassegna stampa di mirko mezzacasa E OGNI GIORNO ALLE SETTE LE ANTICIPAZIONI PER CHI VA DI FRETTA"},"content":{"rendered":"<p><iframe loading=\"lazy\" title=\"L&#039;ORIGINALE, DAL 1983, la rassegna stampa di mirko mezzacasa E OGNI GIORNO ALLE SETTE LE ANTICIPAZIO\" width=\"1200\" height=\"675\" src=\"https:\/\/www.youtube.com\/embed\/DjJI07ng0QY?feature=oembed\" frameborder=\"0\" allow=\"accelerometer; autoplay; clipboard-write; encrypted-media; gyroscope; picture-in-picture; web-share\" allowfullscreen><\/iframe><\/p>\n<p>&nbsp;<\/p>\n<p>R I C E R C A T O: INDAGATO PER TENTATO OMICIDIO, MANDATO DI ARRESTO EUROPEO La grande Punto nera fotografata a Forno di Zoldo, fino a Cortina nessuna sosta. Il folle viaggio di Filippo Turetta nella notte tra sabato e domenica anche nel Bellunese, lungo la provinciale 251 della Val di Zoldo, con una progressione di segnalazioni che non fa presumere soste. Alle 7.21 la Punto passa davanti alla caserma dei carabinieri di Forno, che \u00e8 lungo la Nazionale, neanche un minuto dopo transita davanti al Comune, sempre sulla strada. Alle 7.37 era a Palafavera, poi per lo Staulanza e il Giau fino a Cortina e oltre, a San Candido, rispettando i limiti di velocit\u00e0. Riserbo assoluto dal Comune di Longarone, invece, dove pure l\u2019auto \u00e8 transitata scendendo dalla strada della diga del Vajont. Dalle foto non si pu\u00f2 riconoscere chi fosse a bordo.<br \/>\nSAN TOMASO Gestione Servizi Pubblici informa che a SAN TOMASO AGORDINO nelle localit\u00e0 PIANEZZE, VALLATA, VAL, MEZZAVALLE, COSTA DI MEZZO E PIAN MOLIN l&#8217;acqua erogata dall&#8217;acquedotto non \u00e8 potabile e non pu\u00f2 essere usata per scopi alimentari. Verr\u00e0 effettuato servizio sostitutivo con autobotte in localit\u00e0 PIAN MOLIN presso Ecocentro.<br \/>\nCENCENIGHE Acqua\u00a0 di nuovo potabile\u00a0 in localit\u00e0 PRA\u2019 DI MEZZO\u00a0 LA VALLE AGORDINA\u00a0 Acqua di nuovo potabile nelle localit\u00e0 RONCHE, NOACH, LE CAMPE e CANCELLADE<br \/>\nAGORDO OGGI: L&#8217;ESERCITAZIONE DELLA PROTEZIONE CIVILE<br \/>\nAURONZO MARTEDI ALLE 10:\u00a0 ESPLODERA&#8217; ORDIGNO<br \/>\nCORTINA Ieri Spettacolare Recupero di Escursionisti Bloccati sulla Neve a Cortina<br \/>\nPEDAVENA Una serata difficile ha colpito alcune famiglie nella zona poco lontana dal centro di Pedavena, segnata da una serie di furti che hanno seminato preoccupazione tra i residenti. La sequenza di eventi ha avuto inizio con una segnalazione sulla presenza di ladri in via Crico. Poco dopo, l&#8217;intrusione nel negozio di articoli da regalo &#8220;Il Confetto&#8221; di via Rizzarda ha sollevato ulteriori preoccupazioni. La situazione si \u00e8 aggravata con ulteriori segnalazioni riguardanti case prese di mira nella zona, creando un clima di tensione tra i residenti.<br \/>\nPONTE NELLE ALPI Gasolio in strada, almeno 200 litri sversati da un mezzo, un carretto trainato da un&#8217;auto, il conducente se rintracciato rischia una pesante sanzione. Il gasolio sparso il strada per almeno 400 metri, sul posto vigili del fuoco, polizia locale, operai comunali, Arpav. Una scia da Lizzona fino a Vich (la strada \u00e8 rimasta chiusa per alcune ore per permettere la messa in sicurezza e le verifiche del caso.<br \/>\nNEL RICORDO DI WALTER, RACCOLTI OLTRE 113MILA EURO CON LA PIATTAFORMA GOFUNDME, CAMPAGNA DESTINATA ALLA COMPAGNA SYBIL E AL PICCOLO MARTINO<br \/>\nBELLUNO Stimato oltre un milione di tagli per la provincia e i comuni bellunesi, tra Legge di Bilancio e cancellazione del fondo che sostiene gli enti pubblici ad affrontare gli aumenti del costo dell&#8217;energia. La denuncia arriva dal Partito Democratico provinciale.<\/p>\n<p>DAL MALI A CANALE D&#8217;AGORDO. TRE I MIGRANTI ACCOLTI il loro inserimento nella corrispondenza di oggi di gianni santomaso, sul corriere delle alpi, su radiopiu<br \/>\nBELLUNO &#8220;We Love Nevegal&#8221; Trasforma l&#8217;Ex Stazione Seggiovia: Nuovo Bar Ristorante con Vista Panoramica<br \/>\nSTASERA A RIVAMONTE SI PARLA DI DIRITTI UMANI CON LIBERA<br \/>\nBELLUNO Il Presidente Mattarella elogia le &#8220;Scuole in Rete&#8221; di Belluno: Un Riconoscimento per 18 Anni di Impegno Educativo<br \/>\nFELTRE ACCOLTE LE MATRICOLE DEI CORSI LAUREA IN INFERMIERISTICA<br \/>\nBELLUNO CONFARTIGIANATO SERVIZI BELLUNO PRIMO ENTE DI ASSOCIAZIONE DI CATEGORIA BELLUNESE CERTIFICATO NELLA PARIT\u00c0 DI GENERE<br \/>\nPONTE NELLE ALPI REAZIONE A CATENA\u201d TRIONFA NEL BELLUNESE: I SEMISERI DI PONTE NELLE ALPI VINCONO 45MILA EURO<\/p>\n<p>CALCIO AGORDINA IN TRASFERTA CON IL FANALINO DI CODA CADORE1919, PIAVE CONTRO LA PRIMA DELLA CLASSE GEMELLE<br \/>\nHOCKEY SU GHIACCIO IHL: BELLUNESI IN TRASFERTA. FELTRE A CALDARO ED ALLEGHE A COMO<br \/>\nTIRO A SEGNO\u00a0 Trionfo del Veneto al XXVII Trofeo delle Regioni di Tiro a Segno: Oro dopo 8 Anni!<br \/>\nMOUNTAIN BIKE ALPAGO BIKE FUNTASTIC SARA\u2019 ANCHE NEL 2024 FINALE DELLE INTERNAZIONALI D\u2019ITALIA SERIES<br \/>\nMOTORI IL CAMPIONE DI RALLY JARI MATTI LATVALA AL 24ESIMO PREALPI MASTER SHOW<\/p>\n<p>&nbsp;<\/p>\n<p>&nbsp;<\/p>\n<p>&nbsp;<\/p>\n<p>&nbsp;<\/p>\n<p>&nbsp;<\/p>\n<p>&nbsp;<\/p>\n<p>&nbsp;<\/p>\n","protected":false},"excerpt":{"rendered":"<p>&nbsp; R I C E R C A T O: INDAGATO PER TENTATO OMICIDIO, MANDATO DI ARRESTO EUROPEO La grande Punto nera fotografata a Forno di Zoldo, fino a Cortina nessuna sosta. Il folle viaggio di Filippo Turetta nella notte tra sabato e domenica anche nel Bellunese, lungo la provinciale 251 della Val di Zoldo,&hellip;<\/p>\n","protected":false},"author":4,"featured_media":361953,"comment_status":"closed","ping_status":"closed","sticky":false,"template":"","format":"standard","meta":{"_monsterinsights_skip_tracking":false,"_monsterinsights_sitenote_active":false,"_monsterinsights_sitenote_note":"","_monsterinsights_sitenote_category":0,"footnotes":""},"categories":[104,49,142],"tags":[],"class_list":["post-361952","post","type-post","status-publish","format-standard","has-post-thumbnail","hentry","category-evidenza_3","category-news-18","category-rassegna-stampa","category-104","category-49","category-142","description-off"],"img_url":"https:\/\/www.radiopiu.net\/wordpress\/wp-content\/uploads\/2023\/11\/Senza-nome-87.png","_links":{"self":[{"href":"https:\/\/www.radiopiu.net\/wordpress\/wp-json\/wp\/v2\/posts\/361952","targetHints":{"allow":["GET"]}}],"collection":[{"href":"https:\/\/www.radiopiu.net\/wordpress\/wp-json\/wp\/v2\/posts"}],"about":[{"href":"https:\/\/www.radiopiu.net\/wordpress\/wp-json\/wp\/v2\/types\/post"}],"author":[{"embeddable":true,"href":"https:\/\/www.radiopiu.net\/wordpress\/wp-json\/wp\/v2\/users\/4"}],"replies":[{"embeddable":true,"href":"https:\/\/www.radiopiu.net\/wordpress\/wp-json\/wp\/v2\/comments?post=361952"}],"version-history":[{"count":0,"href":"https:\/\/www.radiopiu.net\/wordpress\/wp-json\/wp\/v2\/posts\/361952\/revisions"}],"wp:featuredmedia":[{"embeddable":true,"href":"https:\/\/www.radiopiu.net\/wordpress\/wp-json\/wp\/v2\/media\/361953"}],"wp:attachment":[{"href":"https:\/\/www.radiopiu.net\/wordpress\/wp-json\/wp\/v2\/media?parent=361952"}],"wp:term":[{"taxonomy":"category","embeddable":true,"href":"https:\/\/www.radiopiu.net\/wordpress\/wp-json\/wp\/v2\/categories?post=361952"},{"taxonomy":"post_tag","embeddable":true,"href":"https:\/\/www.radiopiu.net\/wordpress\/wp-json\/wp\/v2\/tags?post=361952"}],"curies":[{"name":"wp","href":"https:\/\/api.w.org\/{rel}","templated":true}]}}