{"id":361990,"date":"2023-11-20T05:29:35","date_gmt":"2023-11-20T04:29:35","guid":{"rendered":"https:\/\/www.radiopiu.net\/wordpress\/?p=361990"},"modified":"2023-11-20T05:35:31","modified_gmt":"2023-11-20T04:35:31","slug":"e-morto-angelo-tanzarella","status":"publish","type":"post","link":"https:\/\/www.radiopiu.net\/wordpress\/e-morto-angelo-tanzarella\/","title":{"rendered":"E&#8217; MORTO ANGELO TANZARELLA"},"content":{"rendered":"<hr \/>\n<hr \/>\n<hr \/>\n<hr \/>\n<hr \/>\n<hr \/>\n<hr \/>\n<hr \/>\n<hr \/>\n<hr \/>\n<hr \/>\n<hr \/>\n<hr \/>\n<hr \/>\n<hr \/>\n<hr \/>\n<hr \/>\n<hr \/>\n<hr \/>\n<p>E\u2019 scomparso <strong>Angelo Tanzarella<\/strong>, classe 1952, gi\u00e0 dirigente dell\u2019Ulss bellunese,\u00a0<strong>consigliere regionale per tre consiliature<\/strong>, consigliere della Fondazione Cariverona e della Fondazione Angelini, oltre che\u00a0<strong>segretario della federazione bellunese del Pci<\/strong>\u00a0a fine anni Ottanta.<\/p>\n<p>Ne ha dato notizia con un messaggio di cordoglio, il Presidente della Provincia Roberto Padrin<\/p>\n<p>&nbsp;<\/p>\n<p>&nbsp;<\/p>\n<p class=\"gmail-p1\" style=\"text-align: left;\"><em><span class=\"gmail-s1\"><a class=\"dt-pswp-item\" href=\"https:\/\/www.radiopiu.net\/wordpress\/wp-content\/uploads\/2023\/11\/Senza-nome-88.png\" data-dt-img-description=\"\" data-large_image_width=\"177\" data-large_image_height=\"217\"><img loading=\"lazy\" decoding=\"async\" class=\"size-full wp-image-361991 alignleft\" src=\"https:\/\/www.radiopiu.net\/wordpress\/wp-content\/uploads\/2023\/11\/Senza-nome-88.png\" alt=\"\" width=\"177\" height=\"217\" \/><\/a>\u00abCon Angelo Tanzarella se ne va un altro pezzo di una generazione di classe dirigente che ha contribuito a dare lustro e valore al nostro territorio\u00bb. Cos\u00ec il presidente della Provincia di Belluno Roberto Padrin in una nota di cordoglio per la scomparsa di Angelo Tanzarella, gi\u00e0 dirigente dell\u2019Ulss bellunese, consigliere regionale e della Fondazione Cariverona, oltre che segretario di partito nel Pci bellunese a fine anni Ottanta.<\/span><\/em><\/p>\n<p class=\"gmail-p1\"><em><span class=\"gmail-s1\">\u00abUn uomo impegnato professionalmente e politicamente, che al di l\u00e0 dello schieramento che aveva orgogliosamente scelto, ha sempre saputo lavorare per i grandi temi del nostro territorio, senza condizionamenti ideologici o preconcetti. Come consulente, ha aiutato la Provincia nel percorso verso il referendum autonomista: quante volte ci siamo trovati al bar Duomo per parlare del futuro del nostro territorio di montagna\u2026 Angelo Tanzarella mancher\u00e0, perch\u00e9 le persone del suo calibro sono importanti nella crescita collettiva di una comunit\u00e0. A nome di tutto il consiglio provinciale, porgo le pi\u00f9 sentite condoglianze ai suoi famigliari e a chi gli \u00e8 stato vicino\u00bb.<\/span><\/em><\/p>\n<p>&nbsp;<\/p>\n<p><strong>LA NOTA DI CORDOGLIO DEL SINDACO DI BELLUNO OSCAR DE PELLEGRIN<\/strong><\/p>\n<p>\u201cUna persona di grande intelligenza e umanit\u00e0, disponibile, capace di guardare avanti\u201d. Cos\u00ec il sindaco di Belluno Oscar De Pellegrin ricorda Angelo Tanzarella, per molti anni nella dirigenza dell\u2019Ulss bellunese, segretario del PCI di Belluno, consigliere e assessore regionale, oltre che consigliere della Fondazione Cariverona. \u201cConobbi Tanzarella nell\u2019ambito dell\u2019associazionismo &#8211; spiega De Pellegrin -, erano gli anni in cui stava nascendo l\u2019Assi ed ebbi diversi colloqui con lui, al tempo direttore dei servizi socio sanitari dell\u2019Ulss 1. Si era dimostrato fin da subito aperto alla nostra idea, disponibile a sostenerla perch\u00e9 da uomo di ampie vedute \u00e8 forte acume quale era aveva compreso come l\u2019Assi potesse essere quell\u2019anello mancante tra istituzioni e famiglie, come potesse sostenere la persona nella fase precedente al loro reinserimento nella societ\u00e0. Ricordo bene che trovai in lui un interlocutore attento e sensibile, di questo gliene sar\u00f2 per sempre grato, perch\u00e9 ha contribuito alla nascita dell\u2019Assi\u201d.\u00a0 \u201cLa notizia della sua scomparsa mi addolora profondamente &#8211; conclude -, \u00e8 stato un uomo che ha dato \u00e8 fatto molto per il nostro territorio, una persona capace di dialogare con tutti, aperta alle idee e alle posizioni diverse dalla propria. Una comunit\u00e0 avr\u00e0 sempre bisogno di persone cos\u00ec. Le pi\u00f9 sentite condoglianze alla famiglia, a nome di tutta l\u2019amministrazione comunale\u201d.<\/p>\n<p>&nbsp;<\/p>\n<p><strong>IL RICORDO DEL SENATORE LUCA DE CARLO<\/strong><\/p>\n<p>\u201cHo avuto il piacere di lavorare assieme ad Angelo Tanzarella in occasione del mio primo mandato da sindaco, quando lui era direttore dei servizi sociali dell&#8217;Ulss e io facevo parte del direttivo; ho sempre apprezzato i suoi lunghi monologhi, mi affascinavano e mi hanno insegnato tantissimo sul mondo della sanit\u00e0. Conservo di Angelo il ricordo di una bellissima amicizia, fatta di tante chiacchiere sulla nostra comune passione per la politica, e l&#8217;essere su posizioni diverse non ci ha mai diviso: mi raccontava del suo impegno da consigliere regionale, della storia del suo partito, della voglia che lo ha sempre contraddistinto di lavorare e di fare del bene per il territorio. Angelo per me \u00e8 sempre stato una persona dalle enormi capacit\u00e0, in grado di rendere semplici anche le cose pi\u00f9 difficile, senza per\u00f2 mai scadere nella banalizzazione\u201d: cos\u00ec il senatore e sindaco di Calalzo di Cadore, Luca De Carlo, ricorda Angelo Tanzarella, scomparso oggi.<\/p>\n<p>&nbsp;<\/p>\n<p><strong>IL COMMISSARIO DELL&#8217;ULSS 1 DOLOMITI GIUSEPPE DAL BEN<\/strong><\/p>\n<p>&#8220;Ricordo con stima Angelo Tanzarella, con cui ho condiviso per un periodo in parallelo il ruolo di direttore sociale&#8221; commenta il Commissario Giuseppe Dal Ben, &#8220;colto uomo delle istituzioni, Angelo \u00e8 stato un armonizzatore nel lungo periodo in cui ha prestato servizio all&#8217;ulss di Belluno, disegnando lo sviluppo dei servizi sociali e socio sanitari. A nome mio personale e di tutta l&#8217;ulss Dolomiti porgo le pi\u00f9 sentite condoglianze alla famiglia di Angelo e ai suoi molti amici fraterni&#8221;.<\/p>\n<p>&nbsp;<\/p>\n<hr \/>\n<p>&nbsp;<\/p>\n","protected":false},"excerpt":{"rendered":"<p>E\u2019 scomparso Angelo Tanzarella, classe 1952, gi\u00e0 dirigente dell\u2019Ulss bellunese,\u00a0consigliere regionale per tre consiliature, consigliere della Fondazione Cariverona e della Fondazione Angelini, oltre che\u00a0segretario della federazione bellunese del Pci\u00a0a fine anni Ottanta. Ne ha dato notizia con un messaggio di cordoglio, il Presidente della Provincia Roberto Padrin &nbsp; &nbsp; \u00abCon Angelo Tanzarella se ne va&hellip;<\/p>\n","protected":false},"author":4,"featured_media":361991,"comment_status":"closed","ping_status":"closed","sticky":false,"template":"","format":"standard","meta":{"_monsterinsights_skip_tracking":false,"_monsterinsights_sitenote_active":false,"_monsterinsights_sitenote_note":"","_monsterinsights_sitenote_category":0,"footnotes":""},"categories":[51,49],"tags":[],"class_list":["post-361990","post","type-post","status-publish","format-standard","has-post-thumbnail","hentry","category-evidenza-top","category-news-18","category-51","category-49","description-off"],"img_url":"https:\/\/www.radiopiu.net\/wordpress\/wp-content\/uploads\/2023\/11\/Senza-nome-88.png","_links":{"self":[{"href":"https:\/\/www.radiopiu.net\/wordpress\/wp-json\/wp\/v2\/posts\/361990","targetHints":{"allow":["GET"]}}],"collection":[{"href":"https:\/\/www.radiopiu.net\/wordpress\/wp-json\/wp\/v2\/posts"}],"about":[{"href":"https:\/\/www.radiopiu.net\/wordpress\/wp-json\/wp\/v2\/types\/post"}],"author":[{"embeddable":true,"href":"https:\/\/www.radiopiu.net\/wordpress\/wp-json\/wp\/v2\/users\/4"}],"replies":[{"embeddable":true,"href":"https:\/\/www.radiopiu.net\/wordpress\/wp-json\/wp\/v2\/comments?post=361990"}],"version-history":[{"count":0,"href":"https:\/\/www.radiopiu.net\/wordpress\/wp-json\/wp\/v2\/posts\/361990\/revisions"}],"wp:featuredmedia":[{"embeddable":true,"href":"https:\/\/www.radiopiu.net\/wordpress\/wp-json\/wp\/v2\/media\/361991"}],"wp:attachment":[{"href":"https:\/\/www.radiopiu.net\/wordpress\/wp-json\/wp\/v2\/media?parent=361990"}],"wp:term":[{"taxonomy":"category","embeddable":true,"href":"https:\/\/www.radiopiu.net\/wordpress\/wp-json\/wp\/v2\/categories?post=361990"},{"taxonomy":"post_tag","embeddable":true,"href":"https:\/\/www.radiopiu.net\/wordpress\/wp-json\/wp\/v2\/tags?post=361990"}],"curies":[{"name":"wp","href":"https:\/\/api.w.org\/{rel}","templated":true}]}}