{"id":362005,"date":"2023-12-06T05:41:08","date_gmt":"2023-12-06T04:41:08","guid":{"rendered":"https:\/\/www.radiopiu.net\/wordpress\/?p=362005"},"modified":"2023-12-06T06:13:56","modified_gmt":"2023-12-06T05:13:56","slug":"anche-ligabue-apprezza-i-rayban","status":"publish","type":"post","link":"https:\/\/www.radiopiu.net\/wordpress\/anche-ligabue-apprezza-i-rayban\/","title":{"rendered":"ANCHE LIGABUE APPREZZA I RAYBAN"},"content":{"rendered":"<p>******<\/p>\n<p>&nbsp;<\/p>\n<p><strong><a class=\"dt-pswp-item\" href=\"https:\/\/www.radiopiu.net\/wordpress\/wp-content\/uploads\/2023\/11\/SCR-20231118-kpoh.png\" data-dt-img-description=\"\" data-large_image_width=\"914\" data-large_image_height=\"642\"><img loading=\"lazy\" decoding=\"async\" class=\" wp-image-362006 alignleft\" src=\"https:\/\/www.radiopiu.net\/wordpress\/wp-content\/uploads\/2023\/11\/SCR-20231118-kpoh-300x211.png\" alt=\"\" width=\"176\" height=\"124\" srcset=\"https:\/\/www.radiopiu.net\/wordpress\/wp-content\/uploads\/2023\/11\/SCR-20231118-kpoh-300x211.png 300w, https:\/\/www.radiopiu.net\/wordpress\/wp-content\/uploads\/2023\/11\/SCR-20231118-kpoh-768x539.png 768w, https:\/\/www.radiopiu.net\/wordpress\/wp-content\/uploads\/2023\/11\/SCR-20231118-kpoh.png 914w\" sizes=\"auto, (max-width: 176px) 100vw, 176px\" \/><\/a>REDAZIONE<\/strong> L&#8217;occhiale da sole \u00e8 da sempre stato uno degli oggetti di cui un artista non pu\u00f2 fare a meno nei suoi concerti. Ed ogni cantante cerca di dare un tocco di personalit\u00e0 con l&#8217;uso delle montature da sole durate gli eventi live. A livello internazionale uno degli artisti divenuto famoso per le sue molteplici montature \u00e8 sicuramente Elton John, appassionato di occhiali tanto da creare una linea tutta sua. In Italia sono tanti gli artisti che usano occhiali da sole e ognuno si affida alla ditta di riferimento. Vasco Rossi ha scelto il marchio Saraghina, Antonello Venditti ha sempre usato i RayBan Aviator e anche Ligabue ha deciso di usare il marchio di EssilorLuxottica. Un modello in plastica che si nota molto bene nell&#8217;ultimo video dell&#8217;artista di Correggio, &#8220;La Met\u00e0 Della Mela&#8221;, tratto da uno dei concerti che Ligabue sta facendo nei palasport in giro per l&#8217;Italia e che lo terr\u00e0 occupato fino al 1 dicembre con l&#8217;ultima data a Messina.<br \/>\nRecentemente Luciano Ligabue \u00e8 stato a Belluno citt\u00e0.. ma non \u00e8 escluso che un salto fino ad Agordo lo abbia fatto, anche se non ci sono segnalazioni in proposito, ma dribblare i paparazzi dietro a vetri scuri&#8230;non \u00e8 impossibile.<\/p>\n<p>&nbsp;<\/p>\n<p>&nbsp;<\/p>\n<p><iframe loading=\"lazy\" title=\"Ligabue - La meta\u0300 della mela (Official Video)\" width=\"1200\" height=\"675\" src=\"https:\/\/www.youtube.com\/embed\/IuF_KtQrsNk?feature=oembed\" frameborder=\"0\" allow=\"accelerometer; autoplay; clipboard-write; encrypted-media; gyroscope; picture-in-picture; web-share\" allowfullscreen><\/iframe><\/p>\n<p>&nbsp;<\/p>\n<p>&nbsp;<\/p>\n<p>*******<\/p>\n","protected":false},"excerpt":{"rendered":"<p>****** &nbsp; REDAZIONE L&#8217;occhiale da sole \u00e8 da sempre stato uno degli oggetti di cui un artista non pu\u00f2 fare a meno nei suoi concerti. Ed ogni cantante cerca di dare un tocco di personalit\u00e0 con l&#8217;uso delle montature da sole durate gli eventi live. A livello internazionale uno degli artisti divenuto famoso per le&hellip;<\/p>\n","protected":false},"author":4,"featured_media":362006,"comment_status":"closed","ping_status":"closed","sticky":false,"template":"","format":"standard","meta":{"_monsterinsights_skip_tracking":false,"_monsterinsights_sitenote_active":false,"_monsterinsights_sitenote_note":"","_monsterinsights_sitenote_category":0,"footnotes":""},"categories":[51,49],"tags":[],"class_list":["post-362005","post","type-post","status-publish","format-standard","has-post-thumbnail","hentry","category-evidenza-top","category-news-18","category-51","category-49","description-off"],"img_url":"https:\/\/www.radiopiu.net\/wordpress\/wp-content\/uploads\/2023\/11\/SCR-20231118-kpoh.png","_links":{"self":[{"href":"https:\/\/www.radiopiu.net\/wordpress\/wp-json\/wp\/v2\/posts\/362005","targetHints":{"allow":["GET"]}}],"collection":[{"href":"https:\/\/www.radiopiu.net\/wordpress\/wp-json\/wp\/v2\/posts"}],"about":[{"href":"https:\/\/www.radiopiu.net\/wordpress\/wp-json\/wp\/v2\/types\/post"}],"author":[{"embeddable":true,"href":"https:\/\/www.radiopiu.net\/wordpress\/wp-json\/wp\/v2\/users\/4"}],"replies":[{"embeddable":true,"href":"https:\/\/www.radiopiu.net\/wordpress\/wp-json\/wp\/v2\/comments?post=362005"}],"version-history":[{"count":0,"href":"https:\/\/www.radiopiu.net\/wordpress\/wp-json\/wp\/v2\/posts\/362005\/revisions"}],"wp:featuredmedia":[{"embeddable":true,"href":"https:\/\/www.radiopiu.net\/wordpress\/wp-json\/wp\/v2\/media\/362006"}],"wp:attachment":[{"href":"https:\/\/www.radiopiu.net\/wordpress\/wp-json\/wp\/v2\/media?parent=362005"}],"wp:term":[{"taxonomy":"category","embeddable":true,"href":"https:\/\/www.radiopiu.net\/wordpress\/wp-json\/wp\/v2\/categories?post=362005"},{"taxonomy":"post_tag","embeddable":true,"href":"https:\/\/www.radiopiu.net\/wordpress\/wp-json\/wp\/v2\/tags?post=362005"}],"curies":[{"name":"wp","href":"https:\/\/api.w.org\/{rel}","templated":true}]}}