{"id":362111,"date":"2023-11-20T13:30:44","date_gmt":"2023-11-20T12:30:44","guid":{"rendered":"https:\/\/www.radiopiu.net\/wordpress\/?p=362111"},"modified":"2023-11-20T05:36:21","modified_gmt":"2023-11-20T04:36:21","slug":"i-racconti-di-paolo-soppelsa-puntata-203","status":"publish","type":"post","link":"https:\/\/www.radiopiu.net\/wordpress\/i-racconti-di-paolo-soppelsa-puntata-203\/","title":{"rendered":"I RACCONTI DI PAOLO SOPPELSA &#8211; PUNTATA 203"},"content":{"rendered":"<p>*****<\/p>\n<p>&nbsp;<\/p>\n<p><strong>MARTEDI&#8217; POMERIGGIO<\/strong><\/p>\n<p><strong>AUDIO<\/strong><\/p>\n<audio class=\"wp-audio-shortcode\" id=\"audio-362111-1\" preload=\"none\" style=\"width: 100%;\" controls=\"controls\"><source type=\"audio\/mpeg\" src=\"https:\/\/www.radiopiu.net\/wordpress\/wp-content\/uploads\/2023\/11\/PAOLOS-2.mp3?_=1\" \/><a href=\"https:\/\/www.radiopiu.net\/wordpress\/wp-content\/uploads\/2023\/11\/PAOLOS-2.mp3\">https:\/\/www.radiopiu.net\/wordpress\/wp-content\/uploads\/2023\/11\/PAOLOS-2.mp3<\/a><\/audio>\n<p>&nbsp;<\/p>\n<p><a class=\"dt-pswp-item\" href=\"https:\/\/www.radiopiu.net\/wordpress\/wp-content\/uploads\/2023\/11\/8c616bd5-7786-4fb4-b45f-178b4a773796.jpg\" data-dt-img-description=\"\" data-large_image_width=\"1080\" data-large_image_height=\"810\"><img loading=\"lazy\" decoding=\"async\" class=\" wp-image-362124 alignleft\" src=\"https:\/\/www.radiopiu.net\/wordpress\/wp-content\/uploads\/2023\/11\/8c616bd5-7786-4fb4-b45f-178b4a773796-300x225.jpg\" alt=\"\" width=\"192\" height=\"144\" srcset=\"https:\/\/www.radiopiu.net\/wordpress\/wp-content\/uploads\/2023\/11\/8c616bd5-7786-4fb4-b45f-178b4a773796-300x225.jpg 300w, https:\/\/www.radiopiu.net\/wordpress\/wp-content\/uploads\/2023\/11\/8c616bd5-7786-4fb4-b45f-178b4a773796-1024x768.jpg 1024w, https:\/\/www.radiopiu.net\/wordpress\/wp-content\/uploads\/2023\/11\/8c616bd5-7786-4fb4-b45f-178b4a773796-768x576.jpg 768w, https:\/\/www.radiopiu.net\/wordpress\/wp-content\/uploads\/2023\/11\/8c616bd5-7786-4fb4-b45f-178b4a773796.jpg 1080w\" sizes=\"auto, (max-width: 192px) 100vw, 192px\" \/><\/a>Alla met\u00e0 degli anni &#8217;80, l&#8217;ora di catechismo del marted\u00ec andava a spezzare la routine di quei lunghi pomeriggi vissuti svolgendo i compiti, giocando in cortile e guardando i cartoni animati. Il pranzo dell&#8217;una e un quarto era consumato in velocit\u00e0 e poi via a piedi, in direzione del centro della piccola citt\u00e0, per sfruttare ogni minuto di quei corti pomeriggi autunnali. La luce stanca del sole novembrino faticava a filtrare fra gli alti condomini e non riusciva a scalfire la brina presente sull&#8217;asfalto di via Lazzarini. Dietro il severo palazzo dell&#8217;I.N.A.M. la stretta via si presentava in versione palaghiaccio ed era bello prendere la rincorsa e poi scivolare per qualche metro sull&#8217;asfalto gelato. Poi era correre sul marciapiede ricoperto dalle ultime foglie gialle dei tigli fino a raggiungere la chiesa con annesso piccolo oratorio, situata l\u00ec dove inizia il porfido del centro storico. Il grande cancello e il parcheggio, met\u00e0 asfaltato e met\u00e0 sterrato, che in quel marted\u00ec pomeriggio si trasformava per poco pi\u00f9 di mezz&#8217;ora in campo di calcio. Eravamo tanti bambini, e c&#8217;era spazio per tutti durante quelle agguerritissime brevi partite giocate sotto gli occhi dei due parroci e delle maestre di catechismo. Era bello confrontarsi con bambini provenienti da altre zone della citt\u00e0 e, dopo una giocata o una parata riuscita bene, arrivava quasi sempre la domanda &#8220;&#8230;ma tu giochi in qualche squadra?&#8230;&#8221; che riempiva d&#8217;orgoglio e rendeva felici noi piccoli calciatori. C&#8217;era sempre un educato baccano e quel tempo compreso fra le quattordici e le quindici era scandito dall&#8217;arrivo dei bambini accompagnati in auto dai genitori. Quando il piazzale era pieno la partita era ormai agli sgoccioli e le maestre iniziavano a chiamarci per salire nelle piccole aule dove avrebbero tenuto l&#8217;ora di lezione. Il loro era un attendere paziente l&#8217;ultimo goal, quello della vittoria definitiva, e poi avrebbero varcato insieme a noi la porta d&#8217;entrata del grande palazzo prima di iniziare la semplice lezione di catechismo. Erano argomenti semplici quelli trattati durante quell&#8217;ora che passava veloce; parabole che insegnavano i buoni sentimenti, la condivisione e l&#8217;altruismo, e il tutto veniva svolto in un clima vivace e soprattutto sereno. A volte, soprattutto durante l&#8217;anno che prevedeva la Comunione, qualche lezione di catechismo era impartita direttamente dal Parroco nel grande salone sotterraneo. L&#8217;austero arredamento in legno scuro, le poltrone rosse da sala conferenze, la voce pacata e ferma del sacerdote che esprimeva concetti articolati che invitavano alla riflessione, tutto ci\u00f2 invitava al silenzio e al pensiero. Nel grande salone sotterraneo non c&#8217;era mai chiasso, solamente una serena e sana compostezza e qualche spiritosa battuta del prete al momento dei saluti. Alle sedici terminava la lezione e c&#8217;era ancora il tempo per una breve e frenetica partita a calcio balilla, alla quale spesso si univa anche il Parroco pi\u00f9 giovane. Un quarto d&#8217;ora, venti minuti al massimo e nel cortile ritornava il silenzio rotto solamente dal rumore di auto e autobus che correvano aldil\u00e0 del cancello. Il ritorno a casa avveniva a passo pi\u00f9 lento mentre iniziava un altro tramonto d&#8217;autunno inoltrato. Il sole scompariva all&#8217;orizzonte, si accendevano i lampioni mentre l&#8217;asfalto iniziava a ricoprirsi di nuova brina. Poi i compiti, un esercizio di grammatica e un problema di aritmetica da risolvere, i telefilm e i cartoni animati e l&#8217;ispettore Derrick all&#8217;ora di cena. I vetri appannati della cucina, il sapore del minestrone fumante e fuori il calare di un&#8217;altra fredda notte di quasi inverno.<\/p>\n<p>&nbsp;<\/p>\n<p>&nbsp;<\/p>\n<p>********<\/p>\n","protected":false},"excerpt":{"rendered":"<p>***** &nbsp; MARTEDI&#8217; POMERIGGIO AUDIO &nbsp; Alla met\u00e0 degli anni &#8217;80, l&#8217;ora di catechismo del marted\u00ec andava a spezzare la routine di quei lunghi pomeriggi vissuti svolgendo i compiti, giocando in cortile e guardando i cartoni animati. Il pranzo dell&#8217;una e un quarto era consumato in velocit\u00e0 e poi via a piedi, in direzione del&hellip;<\/p>\n","protected":false},"author":4,"featured_media":362124,"comment_status":"closed","ping_status":"closed","sticky":false,"template":"","format":"standard","meta":{"_monsterinsights_skip_tracking":false,"_monsterinsights_sitenote_active":false,"_monsterinsights_sitenote_note":"","_monsterinsights_sitenote_category":0,"footnotes":""},"categories":[104,49,112],"tags":[],"class_list":["post-362111","post","type-post","status-publish","format-standard","has-post-thumbnail","hentry","category-evidenza_3","category-news-18","category-racconti-soppelsa","category-104","category-49","category-112","description-off"],"img_url":"https:\/\/www.radiopiu.net\/wordpress\/wp-content\/uploads\/2023\/11\/8c616bd5-7786-4fb4-b45f-178b4a773796.jpg","_links":{"self":[{"href":"https:\/\/www.radiopiu.net\/wordpress\/wp-json\/wp\/v2\/posts\/362111","targetHints":{"allow":["GET"]}}],"collection":[{"href":"https:\/\/www.radiopiu.net\/wordpress\/wp-json\/wp\/v2\/posts"}],"about":[{"href":"https:\/\/www.radiopiu.net\/wordpress\/wp-json\/wp\/v2\/types\/post"}],"author":[{"embeddable":true,"href":"https:\/\/www.radiopiu.net\/wordpress\/wp-json\/wp\/v2\/users\/4"}],"replies":[{"embeddable":true,"href":"https:\/\/www.radiopiu.net\/wordpress\/wp-json\/wp\/v2\/comments?post=362111"}],"version-history":[{"count":0,"href":"https:\/\/www.radiopiu.net\/wordpress\/wp-json\/wp\/v2\/posts\/362111\/revisions"}],"wp:featuredmedia":[{"embeddable":true,"href":"https:\/\/www.radiopiu.net\/wordpress\/wp-json\/wp\/v2\/media\/362124"}],"wp:attachment":[{"href":"https:\/\/www.radiopiu.net\/wordpress\/wp-json\/wp\/v2\/media?parent=362111"}],"wp:term":[{"taxonomy":"category","embeddable":true,"href":"https:\/\/www.radiopiu.net\/wordpress\/wp-json\/wp\/v2\/categories?post=362111"},{"taxonomy":"post_tag","embeddable":true,"href":"https:\/\/www.radiopiu.net\/wordpress\/wp-json\/wp\/v2\/tags?post=362111"}],"curies":[{"name":"wp","href":"https:\/\/api.w.org\/{rel}","templated":true}]}}