{"id":362247,"date":"2023-11-20T07:55:46","date_gmt":"2023-11-20T06:55:46","guid":{"rendered":"https:\/\/www.radiopiu.net\/wordpress\/?p=362247"},"modified":"2023-11-20T08:00:07","modified_gmt":"2023-11-20T07:00:07","slug":"loriginale-dal-1983-la-rassegna-stampa-locale-e-non-perderti-le-anticipazioni-flash-delle-sette-del-mattino-per-chi-va-di-fretta","status":"publish","type":"post","link":"https:\/\/www.radiopiu.net\/wordpress\/loriginale-dal-1983-la-rassegna-stampa-locale-e-non-perderti-le-anticipazioni-flash-delle-sette-del-mattino-per-chi-va-di-fretta\/","title":{"rendered":"l&#8217;originale, dal 1983 LA RASSEGNA STAMPA LOCALE. E NON PERDERTI LE ANTICIPAZIONI FLASH DELLE SETTE DEL MATTINO, PER CHI VA DI FRETTA"},"content":{"rendered":"<p><iframe loading=\"lazy\" title=\"l&#039;originale, dal 1983 LA RASSEGNA STAMPA LOCALE. E NON PERDERTI LE ANTICIPAZIONI FLASH DELLE SETTE D\" width=\"1200\" height=\"675\" src=\"https:\/\/www.youtube.com\/embed\/8OllHPvx5cs?feature=oembed\" frameborder=\"0\" allow=\"accelerometer; autoplay; clipboard-write; encrypted-media; gyroscope; picture-in-picture; web-share\" allowfullscreen><\/iframe><\/p>\n<p>&nbsp;<\/p>\n<p>&nbsp;<\/p>\n<p>NELLA NOTTE\u00a0 Poco prima delle 22.30, ieri sera, la storia si \u00e8 ripetuta. A Candaten, zona orgoglio del &#8220;Parco Nazionale delle Dolomiti&#8221; \u00e8 stato steso un altro cervo con danni notevoli per l&#8217;auto, fortunatamente anche in questa occasione non c&#8217;\u00e8 stato nessun ferito, o peggio come ricordano le cronache che spesso si dimenticano.<br \/>\nOGGI ALLE 8.45 E ALLE 15.45 SPECIALE SCUOLA, CENTRO FORMAZIONE PROFESSIONALE DI SEDICO, SCUOLA APERTA, PRIMA PUNTATA SULLE TRE RADIO, PIU&#8217; CLUB E PRIMIERO<br \/>\nCHIES D&#8217;ALPAGO Un uomo Elio Collodel 75 anni, medico dentista in pensione\u00a0 di Conegliano ha perso la vita ieri dopo essere scivolato dal sentiero 928 del Cimon da Piai, che stava percorrendo assieme a un amico.<br \/>\nBELLUNO Escursionista in difficolt\u00e0 sulla Ferrata Sperti, voleva raggiungere il Bivacco Dalla Bernardina per passarvi la notte, quando \u00e8 scivolato e non \u00e8 stato pi\u00f9 in grado di proseguire. Individuato grazie alle coordinate a circa 2.500 metri di quota, l&#8217;escursionista \u00e8 stato recuperato e trasportato all&#8217;ospedale di Belluno.<br \/>\nFELTRE Due trevigiani, una donna di 54 anni e un uomo di 26, hanno riportato ferite lievi in seguito a un tamponamento che coinvolse tre vetture nel primo pomeriggio di ieri sulla rettilinea di via Nazionale a Busche. L&#8217;incidente, avvenuto poco prima delle 13, ha richiesto l&#8217;intervento dell&#8217;ambulanza del 118 dall&#8217;ospedale di Feltre.<br \/>\nBELLUNO Il missionario bellunese padre Raimondo Sommacal, appartenente alla Congregazione dei Missionari Saveriani, \u00e8 deceduto all&#8217;et\u00e0 di 80 anni a Parma, dove risiedeva. Ricoverato per un&#8217;emorragia cerebrale, \u00e8 scomparso sabato. Nato nel 1943 a Mier-Mares, padre Raimondo dedic\u00f2 gran parte della sua vita alla missione in Congo, operando in diverse diocesi dal 1980 al 2011.<br \/>\nBELLUNO\u00a0 E&#8217; morto sabato Aldo Bristot, aveva 93 anni. Socio e amministratore dell&#8217;azienda di famiglia Caffe&#8217; Bristot. Lascia la moglie Carla, i figli Bruno con Maria,\u00a0 Mauro con Margherita, Claudia, Federica con Diego, Riccardo con Stella e i nipoti.<br \/>\nVENEZIA \u201cHo dato disposizioni perch\u00e9 nel giorno delle esequie di Giulia sia dichiarato il lutto regionale. Avremo tutte le bandiere delle istituzioni a mezz\u2019asta e l\u2019intero Veneto si stringer\u00e0 in un abbraccio alla famiglia, gli amici di Giulia, a tutti coloro che le hanno voluto bene. Lo rende noto il Presidente della Regione Veneto Luca Zaia<\/p>\n<p>AGORDO E&#8217; andata in scena IERI SERA la partita Under 16 tra Volley Club Agordino e Cadore al PalaRova di Agordo e le giovani ragazze agordine hanno voluto ricordare Giulia Cecchettin. Tutte le ragazze hanno giocato con il nastrino rosso sulle scarpe, iniziativa accolta anche dalle avversarie<br \/>\nTAIBON Con le piogge di fine ottobre il torrente Tegnas si \u00e8 ingrossato e come succede con fenomeni di forte intensit\u00e0 la strada silvo pastorale che porta ai Paluch e le Borsele \u00e8 stata portata via dall&#8217;acqua. La passerella di accesso alle due localit\u00e0 non \u00e8 ancora stata sistemata.<br \/>\nBELLUNO Il sindaco di Belluno Oscar De Pellegrin commenta il passaggio e l\u2019approvazione in Commissione al Senato della richiesta arrivata da Anci di togliere la scure da 100 milioni per i Comuni e 50 per le citt\u00e0 metropolitane prevista dalla Legge di Bilancio del 2021 e non ancora applicata.<br \/>\nVENETO SEMPRE PIU&#8217; ANZIANO, FRA DIECI ANNI GLI ULTRA65ENNI SARANNO CIRCA UN TERZO DELLA POPOLAZIONE studio del fine settimana dell spi-cgil, tutti i particolari nel giornale radiopiu il quotidiano on line della testata RADIOPIU ogni mattina alle sei sul canale TELEGRAM.<br \/>\nPRESENTATA A FELTRE LA NUOVA BIOGRAFIA DI CHARLES SCHULZ<br \/>\nFELTRE IL PIAZZALE DELL&#8217;AREA \u201cEX MAZZOCATO\u201d SARA&#8217; INTITOLATO AI FANTI D&#8217;ITALIA<br \/>\nCOMUNE DI PONTE NELLE ALPI E UNIVERSITA&#8217; DI UDINE ASSIEME PER DEGLI STAGE IN UFFICO COMUNALE<br \/>\nAL SUD PIU\u2019 PENSIONI CHE STIPENDI. IL VENETO E\u2019 IN CONTROTENDENZA sul sito di RADIOPIU dalla cgia di Mestre.tutti i particolari nel giornale radiopiu il quotidiano on line della testata RADIOPIU ogni mattina alle sei sul canale TELEGRAM.<br \/>\nCANALE D&#8217;AGORDO Il sindaco di Canale D&#8217;Agordo Massimo Murer ha convocato i consiglieri comunali per venerd\u00ec alle 7 per il consiglio comunale nell&#8217;ufficio del sindaco. Si parler\u00e0 di una variazione a bilancio e del servizio associato di segreteria generale con l&#8217;Unione Montana Agordina.<br \/>\nRIVAMONTE PICCOLE DONNE: UNO SPETTACOLO TEATRALE STRAORDINARIO PER LA SOLIDARIETA&#8217;<br \/>\nAGORDO L&#8217;Universit\u00e0 degli Adulti\/Anziani organizza per DOMANI alle 15 una lezione in sala Don Tamis ad Agordo dal titolo &#8220;Geologia dell\u2019Agordino. La montagna racconta&#8221;. Docente Alberto Bertini<\/p>\n<p>TERZA CATEGORIA, L&#8217;AGORDINA PAREGGIA CON IL CADORE1919, CADORE1919 \u2013 AGORDINA 0-0, IL PIAVE CROLLA CON LA CAPOLISTA GEMELLE, GEMELLE \u2013 PIAVE 2-1<br \/>\nGIOVANILI AGORDINA JUNIORES AGORDINA \u2013 BARBISANO 0-1; ALLIEVI AGORDINA \u2013 PONTE NELLE ALPI 3-1; GIOVANISSIMI AGORDINA sq. B \u2013 AGORDINA sq. A 0-5.<\/p>\n<p>HOCKEY SU GHIACCIO\u00a0 Continental, per gli ampezzani solo un veloce sogno<br \/>\nBEFFATO IL CORTINA, ALL&#8217;OVER TIME ELIMINATO DALLE QUALIFICAZIONI PER LA CONTINENTAL CUP<br \/>\nIHL L\u2019ALLEGHE VINCE AI RIGORI CON IL COMO, IL FELTRE PERDE A CALDARO, COMO \u2013 ALLEGHE 4-5 dtr; CALDARO \u2013 FELTRE 4-1<br \/>\nUNA SCONFITTA E DUE VITTORIE PER LE GIOVANILI DELL&#8217;ALLEGHE UNDER 19<br \/>\nORA\/EGNA \u2013 CORTINA\/ALLEGHE 4-2; UNDER 16 VALPELLICE \u2013 CORTINA\/ALLEGHE 3-4; UNDER 14 TRENTO \u2013 ALLEGHE\/CORTINA 1-3;<br \/>\nPALLAVOLO IL BELLUNO VOLLEY INCAMERA 3 PUNTI IN SARDEGNA; FEMMINILE BELLUNO: BENE IN SERIE C, SCONFITTA IN SERIE D. SERIE D ELTE COSTABISSARA-HOMECLICK SB VOLLEY 3-0; SERIE C HOMECLICK SB VOLLEY-AZIMUT GIORGIONE 3-0.<br \/>\nVOLLEY CLUB AGORDINO: VINCE SOLO LA UNDER 16<\/p>\n<p>PRIMA DIVISIONE ZERO BRANCO \u2013 VOLLEY CLUB AGORDINO 3-0; UNDER 16<br \/>\nVOLLEY CLUB AGORDINO \u2013 CADORE 3-1; UNDER 14 VOLLEY CLUB AGORDINO \u2013 SANTA GIUSTINA 0-3.<\/p>\n<p>CORSA CAMPESTRE A LAMON LA QUARTA PROVA DEL CAMPIONATO DI CORSA CAMPESTRE CSI<br \/>\ndavanti a tutti per la quarta volta in quattro gare il Gs Astra Quero<\/p>\n<p>&nbsp;<\/p>\n","protected":false},"excerpt":{"rendered":"<p>&nbsp; &nbsp; NELLA NOTTE\u00a0 Poco prima delle 22.30, ieri sera, la storia si \u00e8 ripetuta. A Candaten, zona orgoglio del &#8220;Parco Nazionale delle Dolomiti&#8221; \u00e8 stato steso un altro cervo con danni notevoli per l&#8217;auto, fortunatamente anche in questa occasione non c&#8217;\u00e8 stato nessun ferito, o peggio come ricordano le cronache che spesso si dimenticano.&hellip;<\/p>\n","protected":false},"author":4,"featured_media":362249,"comment_status":"closed","ping_status":"closed","sticky":false,"template":"","format":"standard","meta":{"_monsterinsights_skip_tracking":false,"_monsterinsights_sitenote_active":false,"_monsterinsights_sitenote_note":"","_monsterinsights_sitenote_category":0,"footnotes":""},"categories":[104,49,142],"tags":[],"class_list":["post-362247","post","type-post","status-publish","format-standard","has-post-thumbnail","hentry","category-evidenza_3","category-news-18","category-rassegna-stampa","category-104","category-49","category-142","description-off"],"img_url":"https:\/\/www.radiopiu.net\/wordpress\/wp-content\/uploads\/2023\/11\/COPERTINA-7.png","_links":{"self":[{"href":"https:\/\/www.radiopiu.net\/wordpress\/wp-json\/wp\/v2\/posts\/362247","targetHints":{"allow":["GET"]}}],"collection":[{"href":"https:\/\/www.radiopiu.net\/wordpress\/wp-json\/wp\/v2\/posts"}],"about":[{"href":"https:\/\/www.radiopiu.net\/wordpress\/wp-json\/wp\/v2\/types\/post"}],"author":[{"embeddable":true,"href":"https:\/\/www.radiopiu.net\/wordpress\/wp-json\/wp\/v2\/users\/4"}],"replies":[{"embeddable":true,"href":"https:\/\/www.radiopiu.net\/wordpress\/wp-json\/wp\/v2\/comments?post=362247"}],"version-history":[{"count":0,"href":"https:\/\/www.radiopiu.net\/wordpress\/wp-json\/wp\/v2\/posts\/362247\/revisions"}],"wp:featuredmedia":[{"embeddable":true,"href":"https:\/\/www.radiopiu.net\/wordpress\/wp-json\/wp\/v2\/media\/362249"}],"wp:attachment":[{"href":"https:\/\/www.radiopiu.net\/wordpress\/wp-json\/wp\/v2\/media?parent=362247"}],"wp:term":[{"taxonomy":"category","embeddable":true,"href":"https:\/\/www.radiopiu.net\/wordpress\/wp-json\/wp\/v2\/categories?post=362247"},{"taxonomy":"post_tag","embeddable":true,"href":"https:\/\/www.radiopiu.net\/wordpress\/wp-json\/wp\/v2\/tags?post=362247"}],"curies":[{"name":"wp","href":"https:\/\/api.w.org\/{rel}","templated":true}]}}