{"id":362287,"date":"2023-11-20T09:49:12","date_gmt":"2023-11-20T08:49:12","guid":{"rendered":"https:\/\/www.radiopiu.net\/wordpress\/?p=362287"},"modified":"2023-11-20T15:03:13","modified_gmt":"2023-11-20T14:03:13","slug":"belluno-sotterranea-alla-scoperta-del-rifugio-antiaereo-sotto-piazza-dei-martiri-con-il-fai","status":"publish","type":"post","link":"https:\/\/www.radiopiu.net\/wordpress\/belluno-sotterranea-alla-scoperta-del-rifugio-antiaereo-sotto-piazza-dei-martiri-con-il-fai\/","title":{"rendered":"BELLUNO SOTTERRANEA: ALLA SCOPERTA DEL RIFUGIO ANTIAEREO SOTTO PIAZZA DEI MARTIRI CON IL FAI"},"content":{"rendered":"<p>***<\/p>\n<p>&nbsp;<\/p>\n<p><strong><a class=\"dt-pswp-item\" href=\"https:\/\/www.radiopiu.net\/wordpress\/wp-content\/uploads\/2023\/11\/bunker-rifugio-antiaereo-Belluno.jpg\" data-dt-img-description=\"\" data-large_image_width=\"810\" data-large_image_height=\"540\"><img loading=\"lazy\" decoding=\"async\" class=\" wp-image-362289 alignleft\" src=\"https:\/\/www.radiopiu.net\/wordpress\/wp-content\/uploads\/2023\/11\/bunker-rifugio-antiaereo-Belluno-300x200.jpg\" alt=\"\" width=\"173\" height=\"115\" srcset=\"https:\/\/www.radiopiu.net\/wordpress\/wp-content\/uploads\/2023\/11\/bunker-rifugio-antiaereo-Belluno-300x200.jpg 300w, https:\/\/www.radiopiu.net\/wordpress\/wp-content\/uploads\/2023\/11\/bunker-rifugio-antiaereo-Belluno-768x512.jpg 768w, https:\/\/www.radiopiu.net\/wordpress\/wp-content\/uploads\/2023\/11\/bunker-rifugio-antiaereo-Belluno.jpg 810w\" sizes=\"auto, (max-width: 173px) 100vw, 173px\" \/><\/a>BELLUNO <\/strong>Nuovo appuntamento culturale con il Fondo Ambiente Italiano di Belluno. Domenica 26 novembre torna a essere nuovamente aperto al pubblico, dopo il successo dell\u2019edizione 2022 delle Giornate di Primavera, uno dei rifugi antiaerei realizzati in centro citt\u00e0 durante la Seconda guerra mondiale. Accompagnati dai volontari della delegazione bellunese del Fai, i visitatori potranno percorrere le gallerie del rifugio antiaereo che si estende sotto Piazza dei Martiri, dove ancora pochi hanno messo piede perch\u00e9 totalmente nascoste e chiuse al pubblico. Si potr\u00e0 scoprire la storia di questi luoghi, la loro realizzazione e le specificit\u00e0 strutturali ed architettoniche. Percorrendo un primo tunnel dell&#8217;altezza di soli 2,5 m per 1,8 m di larghezza si acceder\u00e0 all&#8217;interno di grandi gallerie attraverso un percorso al di sotto del centro storico della citt\u00e0. La visita attraverser\u00e0 i vari ambienti del rifugio dove ancora sono visibili le grandi scritte segnaletiche fatte per mantenere l&#8217;ordine e la calma durante i bombardamenti. Gli ambienti non sono illuminati e sono presenti infiltrazioni d&#8217;acqua. \u00c8 necessario indossare calzature adeguate ed \u00e8 consigliabile dotarsi di torcia elettrica. I turni di visita sono della durata di un&#8217;ora con partenza alle 14, alle 15 e alle 16. Il ritrovo \u00e8 sotto l\u2019hotel Astor, in via Lambioi. Le visite prevedono un contributo a partire da 3 euro. Sar\u00e0 possibile iscriversi al Fai in loco alla quota di benvenuto Fai Giovani di 15 euro, per chi ha dai 18 ai 35 anni, nonch\u00e9 il rinnovo alla stessa quota. Inoltre, in occasione del Black Friday, c\u2019\u00e8 la possibilit\u00e0, solo per i nuovi iscritti, di iscriversi in loco a tariffa agevolata (riduzione di 10 euro su tutte le tipologie di iscrizione). Per informazioni <a href=\"mailto:%20belluno@faigiovani.fondoambiente.it\">\u00a0belluno@faigiovani.fondoambiente.it<\/a><\/p>\n<p>&nbsp;<\/p>\n<p>&nbsp;<\/p>\n<p>*****<\/p>\n","protected":false},"excerpt":{"rendered":"<p>*** &nbsp; BELLUNO Nuovo appuntamento culturale con il Fondo Ambiente Italiano di Belluno. Domenica 26 novembre torna a essere nuovamente aperto al pubblico, dopo il successo dell\u2019edizione 2022 delle Giornate di Primavera, uno dei rifugi antiaerei realizzati in centro citt\u00e0 durante la Seconda guerra mondiale. Accompagnati dai volontari della delegazione bellunese del Fai, i visitatori&hellip;<\/p>\n","protected":false},"author":4,"featured_media":362289,"comment_status":"closed","ping_status":"closed","sticky":false,"template":"","format":"standard","meta":{"_monsterinsights_skip_tracking":false,"_monsterinsights_sitenote_active":false,"_monsterinsights_sitenote_note":"","_monsterinsights_sitenote_category":0,"footnotes":""},"categories":[49],"tags":[],"class_list":["post-362287","post","type-post","status-publish","format-standard","has-post-thumbnail","hentry","category-news-18","category-49","description-off"],"img_url":"https:\/\/www.radiopiu.net\/wordpress\/wp-content\/uploads\/2023\/11\/bunker-rifugio-antiaereo-Belluno.jpg","_links":{"self":[{"href":"https:\/\/www.radiopiu.net\/wordpress\/wp-json\/wp\/v2\/posts\/362287","targetHints":{"allow":["GET"]}}],"collection":[{"href":"https:\/\/www.radiopiu.net\/wordpress\/wp-json\/wp\/v2\/posts"}],"about":[{"href":"https:\/\/www.radiopiu.net\/wordpress\/wp-json\/wp\/v2\/types\/post"}],"author":[{"embeddable":true,"href":"https:\/\/www.radiopiu.net\/wordpress\/wp-json\/wp\/v2\/users\/4"}],"replies":[{"embeddable":true,"href":"https:\/\/www.radiopiu.net\/wordpress\/wp-json\/wp\/v2\/comments?post=362287"}],"version-history":[{"count":0,"href":"https:\/\/www.radiopiu.net\/wordpress\/wp-json\/wp\/v2\/posts\/362287\/revisions"}],"wp:featuredmedia":[{"embeddable":true,"href":"https:\/\/www.radiopiu.net\/wordpress\/wp-json\/wp\/v2\/media\/362289"}],"wp:attachment":[{"href":"https:\/\/www.radiopiu.net\/wordpress\/wp-json\/wp\/v2\/media?parent=362287"}],"wp:term":[{"taxonomy":"category","embeddable":true,"href":"https:\/\/www.radiopiu.net\/wordpress\/wp-json\/wp\/v2\/categories?post=362287"},{"taxonomy":"post_tag","embeddable":true,"href":"https:\/\/www.radiopiu.net\/wordpress\/wp-json\/wp\/v2\/tags?post=362287"}],"curies":[{"name":"wp","href":"https:\/\/api.w.org\/{rel}","templated":true}]}}