{"id":362430,"date":"2023-11-21T07:55:41","date_gmt":"2023-11-21T06:55:41","guid":{"rendered":"https:\/\/www.radiopiu.net\/wordpress\/?p=362430"},"modified":"2023-11-21T08:54:38","modified_gmt":"2023-11-21T07:54:38","slug":"loriginale-dal-1983-la-rassegna-stampa-locale-e-alle-7-le-anticipazioni-tutti-i-giorni-per-chi-va-di-fretta","status":"publish","type":"post","link":"https:\/\/www.radiopiu.net\/wordpress\/loriginale-dal-1983-la-rassegna-stampa-locale-e-alle-7-le-anticipazioni-tutti-i-giorni-per-chi-va-di-fretta\/","title":{"rendered":"l&#8217;originale dal 1983 LA RASSEGNA STAMPA LOCALE e alle 7 le anticipazioni, tutti i giorni per chi va di fretta"},"content":{"rendered":"<p>&nbsp;<\/p>\n<p><iframe loading=\"lazy\" title=\"l&#039;originale dal 1983 LA RASSEGNA STAMPA LOCALE e alle 7 le anticipazioni, tutti i giorni per chi va\" width=\"1200\" height=\"675\" src=\"https:\/\/www.youtube.com\/embed\/zoieRCbrrgU?feature=oembed\" frameborder=\"0\" allow=\"accelerometer; autoplay; clipboard-write; encrypted-media; gyroscope; picture-in-picture; web-share\" allowfullscreen><\/iframe><\/p>\n<p>&nbsp;<\/p>\n<p><strong>BELLUNO<\/strong> Nel corso di un insolito raid domenicale, una banda di ladri ha colpito una decina di abitazioni tra Cavarzano e Cusighe, mettendo a ferro e fuoco le case in un\u2019incredibile serie di furti. Il bottino, stimato intorno a una decina di migliaia di euro, include gioielli e contante, ma la polizia sta ancora verificando i dettagli.<br \/>\n<strong>SANTA GIUSTINA<\/strong> Incidente ieri alle 16 in centro a Meano. Una donna di 25 anni ha perso il controllo del mezzo, una Opel Astra, finita contro un muro di recinzione privato. Sul posto Vigili del Fuoco e l\u2019ambulanza del Santa Maria del Prato<br \/>\n<strong>SEDICO<\/strong> La comunit\u00e0 di Bolago piange la perdita di Igor Roldo, deceduto a Casa Tua 2 a 58 anni dopo una strenua battaglia contro una malattia implacabile. Originario di Lastreghe di Ponte nelle Alpi, Igor ha dedicato la sua vita al servizio degli altri, diventando una figura amata e rispettata<br \/>\n<strong>REDAZIONE<\/strong> Il Tribunale di Belluno ha emesso una sentenza che dichiara l&#8217;autovelox utilizzato dal Comune di Quero Vas sulla S.P.1 a Madonna del Piave illegale, mettendo in discussione la legittimit\u00e0 dell&#8217;autorizzazione prefettizia. La decisione si basa su diverse irregolarit\u00e0, come la mancanza di requisiti obbligatori sulla strada e l&#8217;assenza di una relazione tecnica sulla incidentalit\u00e0 nel punto in cui \u00e8 posizionato l&#8217;autovelox<br \/>\n<strong>VENEZIA<\/strong> La Giunta regionale, su proposta dell\u2019assessore Gianpaolo Bottacin, ha approvato oggi due delibere in cui vengono previsti ulteriori stanziamenti per rafforzare il sistema regionale di Protezione Civile.Per quanto riguarda la citt\u00e0 di Belluno nello specifico sono per la sede del COC alle ex Scuole di Levego (80mila) e un mezzo Ford Ranger Y4BA Doppia Cabina XL 2.0 TDCi 170 CV 5p (30mila)<br \/>\n<strong>BELLUNO<\/strong> Il Presidente dell&#8217;Edilizia di Confartigianato Imprese Belluno, Fabio Zatta, ha espresso preoccupazione riguardo alla conclusione del superbonus 110%, sottolineando che la brusca frenata degli investimenti potrebbe mettere in crisi il sistema economico di molti settori.<\/p>\n<p><strong>BELLUNO<\/strong>\u00a0 Anche Belluno sar\u00e0 coinvolta dallo sciopero nazionale promosso da Cgil e Uil per l&#8217;intera giornata di venerd\u00ec 24 novembre.Otto ore di sciopero per protestare contro la legge di bilancio proposta dal governo: anche a Belluno Cgil e Uil scenderanno in piazza venerd\u00ec mattina.<br \/>\n<strong>BELLUNO<\/strong> Il 26 novembre, il Fondo Ambiente Italiano di Belluno aprir\u00e0 al pubblico uno dei rifugi antiaerei costruiti in citt\u00e0 durante la Seconda guerra mondiale. I visitatori, guidati dai volontari del Fai, potranno esplorare le gallerie sottostanti Piazza dei Martiri, normalmente chiuse al pubblico.<br \/>\n<strong>NEL GR DELLE 1230<\/strong> DI LORENZO SORATROI: ALLENATORE E TOUR OPERATOR NELLA DAVEDINO &#8220;MONO ABITANTE&#8221;<\/p>\n<p><strong>SUL SITO DI RADIO PIU&#8230; Cosa succede a Taibon?<\/strong><br \/>\nNel resoconto di Gianni Santomaso tutti i particolari, Le Ragioni dell&#8217;Unione Montana per conto di Asca. La &#8220;difesa&#8221; dell&#8217;attuale gestione che non \u00e8 ancora intenzionata al passaggio di testimone, &#8220;non senza un guadagno&#8221;<br \/>\nBELLUNO Nel pomeriggio di sabato 18 novembre, Piandelmonte ha ospitato una castagnata che ha richiamato i residenti dei borghi di Tassei, Piandelmonte, Ronce e Medil, oltre ad alcuni turisti ospiti del Nevegal. Un&#8217;occasione di ritrovo in un piccolo paesino immerso nella pace e verde, a 10 minuti dal centro di Belluno<br \/>\nPONTE NELLE ALPI Nell&#8217;ambito delle iniziative che la poliziadistato mette costantemente in campo con la campagna permanente &#8220;questonon\u00e8amore&#8221;, per combattere la violenza contro le donne, oggi le agenti della Questura\u00a0 saranno presenti al mercato settimanale di Ponte nelle Alpi per informare le donne e fornire loro consigli e numeri utili a cui chiedere aiuto. Un problema purtroppo tanto, troppo tristemente attuale, come riportato anche dalla cronaca sulla tragica morte di\u00a0 Giulia<br \/>\nA CAVIOLA\u00a0 MADONNA DELLA SALUTE. Lo scorso fine settimana\u00a0 la festa, OGGI \u00a0Madonna della Salute con rosario e messe alla chiesa Madonna della Salute. Dalle 11.15 cucina anche da asporto NEI TRE GIORNI, PESCA DI BENEFICIENZA PRESSO I LOCALI ADIACENTI ALLA CHIESA PARROCCHIALE.\u00a0Manifestazioni a cura del Gruppo Alpini Caviola Cime d\u2019Auta, Parrocchia e ProLoco di Caviola<\/p>\n<p>HOCKEY ALESSANDRO FONTANA NON E\u2019 PIU\u2019 L\u2019ALLENATORE DEL FELTRE<br \/>\nGIESSE PER LO SPORT\u2026CON LA CANOTTIERI BELLUNO CALCIO A 5 LO SPECIALE ALLA RADIO ALLE 13.20 TUTTE LE PUNTATE SUL SITO DI RADIOPIU CON GIESSE RISARCIMENTO DANNI BELLUNO<\/p>\n<p>&nbsp;<\/p>\n<p>&nbsp;<\/p>\n<p>&nbsp;<\/p>\n<p>&nbsp;<\/p>\n<p>&nbsp;<\/p>\n<p>&nbsp;<\/p>\n<p>&nbsp;<\/p>\n<p>&nbsp;<\/p>\n<p>&nbsp;<\/p>\n<p>&nbsp;<\/p>\n<p>&nbsp;<\/p>\n<p>&nbsp;<\/p>\n<p>&nbsp;<\/p>\n","protected":false},"excerpt":{"rendered":"<p>&nbsp; &nbsp; BELLUNO Nel corso di un insolito raid domenicale, una banda di ladri ha colpito una decina di abitazioni tra Cavarzano e Cusighe, mettendo a ferro e fuoco le case in un\u2019incredibile serie di furti. Il bottino, stimato intorno a una decina di migliaia di euro, include gioielli e contante, ma la polizia sta&hellip;<\/p>\n","protected":false},"author":4,"featured_media":362431,"comment_status":"closed","ping_status":"closed","sticky":false,"template":"","format":"standard","meta":{"_monsterinsights_skip_tracking":false,"_monsterinsights_sitenote_active":false,"_monsterinsights_sitenote_note":"","_monsterinsights_sitenote_category":0,"footnotes":""},"categories":[104,49,142],"tags":[],"class_list":["post-362430","post","type-post","status-publish","format-standard","has-post-thumbnail","hentry","category-evidenza_3","category-news-18","category-rassegna-stampa","category-104","category-49","category-142","description-off"],"img_url":"https:\/\/www.radiopiu.net\/wordpress\/wp-content\/uploads\/2023\/11\/COPERTINA-8.png","_links":{"self":[{"href":"https:\/\/www.radiopiu.net\/wordpress\/wp-json\/wp\/v2\/posts\/362430","targetHints":{"allow":["GET"]}}],"collection":[{"href":"https:\/\/www.radiopiu.net\/wordpress\/wp-json\/wp\/v2\/posts"}],"about":[{"href":"https:\/\/www.radiopiu.net\/wordpress\/wp-json\/wp\/v2\/types\/post"}],"author":[{"embeddable":true,"href":"https:\/\/www.radiopiu.net\/wordpress\/wp-json\/wp\/v2\/users\/4"}],"replies":[{"embeddable":true,"href":"https:\/\/www.radiopiu.net\/wordpress\/wp-json\/wp\/v2\/comments?post=362430"}],"version-history":[{"count":0,"href":"https:\/\/www.radiopiu.net\/wordpress\/wp-json\/wp\/v2\/posts\/362430\/revisions"}],"wp:featuredmedia":[{"embeddable":true,"href":"https:\/\/www.radiopiu.net\/wordpress\/wp-json\/wp\/v2\/media\/362431"}],"wp:attachment":[{"href":"https:\/\/www.radiopiu.net\/wordpress\/wp-json\/wp\/v2\/media?parent=362430"}],"wp:term":[{"taxonomy":"category","embeddable":true,"href":"https:\/\/www.radiopiu.net\/wordpress\/wp-json\/wp\/v2\/categories?post=362430"},{"taxonomy":"post_tag","embeddable":true,"href":"https:\/\/www.radiopiu.net\/wordpress\/wp-json\/wp\/v2\/tags?post=362430"}],"curies":[{"name":"wp","href":"https:\/\/api.w.org\/{rel}","templated":true}]}}