{"id":362440,"date":"2023-11-22T05:38:57","date_gmt":"2023-11-22T04:38:57","guid":{"rendered":"https:\/\/www.radiopiu.net\/wordpress\/?p=362440"},"modified":"2023-11-22T08:29:29","modified_gmt":"2023-11-22T07:29:29","slug":"giornale-radiopiu-22-novembre-2023-direttore-mirko-mezzacasada-40-anni-25-giugno-1983-25-giugno-2023","status":"publish","type":"post","link":"https:\/\/www.radiopiu.net\/wordpress\/giornale-radiopiu-22-novembre-2023-direttore-mirko-mezzacasada-40-anni-25-giugno-1983-25-giugno-2023\/","title":{"rendered":"GIORNALE RADIOPIU 22 NOVEMBRE 2023 DIRETTORE MIRKO MEZZACASA\u2026DA 40 ANNI 25 GIUGNO 1983-25 GIUGNO 2023"},"content":{"rendered":"<p>*****<\/p>\n<p>&nbsp;<\/p>\n<h1 class=\"entry-title photoswipe-wrapper\"><a class=\"dt-pswp-item\" href=\"https:\/\/www.radiopiu.net\/wordpress\/wp-content\/uploads\/2023\/11\/22811d5d-c03b-4728-8e04-47e9c548f3de.jpg\" data-dt-img-description=\"\" data-large_image_width=\"1131\" data-large_image_height=\"1600\"><img loading=\"lazy\" decoding=\"async\" class=\"size-medium wp-image-362422 aligncenter\" src=\"https:\/\/www.radiopiu.net\/wordpress\/wp-content\/uploads\/2023\/11\/22811d5d-c03b-4728-8e04-47e9c548f3de-212x300.jpg\" alt=\"\" width=\"212\" height=\"300\" srcset=\"https:\/\/www.radiopiu.net\/wordpress\/wp-content\/uploads\/2023\/11\/22811d5d-c03b-4728-8e04-47e9c548f3de-212x300.jpg 212w, https:\/\/www.radiopiu.net\/wordpress\/wp-content\/uploads\/2023\/11\/22811d5d-c03b-4728-8e04-47e9c548f3de-724x1024.jpg 724w, https:\/\/www.radiopiu.net\/wordpress\/wp-content\/uploads\/2023\/11\/22811d5d-c03b-4728-8e04-47e9c548f3de-768x1086.jpg 768w, https:\/\/www.radiopiu.net\/wordpress\/wp-content\/uploads\/2023\/11\/22811d5d-c03b-4728-8e04-47e9c548f3de-1086x1536.jpg 1086w, https:\/\/www.radiopiu.net\/wordpress\/wp-content\/uploads\/2023\/11\/22811d5d-c03b-4728-8e04-47e9c548f3de.jpg 1131w\" sizes=\"auto, (max-width: 212px) 100vw, 212px\" \/><\/a><\/h1>\n<h1 class=\"entry-title photoswipe-wrapper\"><\/h1>\n<h1 class=\"entry-title photoswipe-wrapper\">40esimo di RADIOPIU\u2026. LA VOCE DELL\u2019EMOZIONE<\/h1>\n<h2><span style=\"color: #ff0000;\">ISCRIVITI AL NOSTRO CANALE\u00a0\u00a0YOUTUBE PER SEGUIRE IN DIRETTA I PRINCIPALI PROGRAMMI DI RADIO PIU\u2019 E LE FUTURE DIRETTE IN ESTERNA. PER ISCRIVERTI <a style=\"color: #ff0000;\" href=\"https:\/\/youtube.com\/@radiopiu1527\">CLICCA QUI\u00a0<\/a>E PREMI\u00a0 \u201cIscriviti\u201d<\/span><\/h2>\n<p>&nbsp;<\/p>\n<hr \/>\n<p><img loading=\"lazy\" decoding=\"async\" class=\"aligncenter\" src=\"https:\/\/www.radiopiu.net\/wordpress\/wp-content\/uploads\/2021\/02\/RADIO-A-VALVOLE.jpg\" width=\"340\" height=\"213\" \/><\/p>\n<p><span style=\"color: #ff0000;\">\u00a0 <\/span><\/p>\n<p><span style=\"color: #ff0000;\">i podcast informativi del mattino<\/span><\/p>\n<p><strong><a class=\"dt-pswp-item\" href=\"https:\/\/www.radiopiu.net\/wordpress\/wp-content\/uploads\/2023\/05\/SISSI-MARTINELLI.jpg\" data-dt-img-description=\"\" data-large_image_width=\"400\" data-large_image_height=\"400\"><img loading=\"lazy\" decoding=\"async\" class=\" wp-image-334185 alignleft\" src=\"https:\/\/www.radiopiu.net\/wordpress\/wp-content\/uploads\/2023\/05\/SISSI-MARTINELLI-300x300.jpg\" alt=\"\" width=\"82\" height=\"82\" srcset=\"https:\/\/www.radiopiu.net\/wordpress\/wp-content\/uploads\/2023\/05\/SISSI-MARTINELLI-300x300.jpg 300w, https:\/\/www.radiopiu.net\/wordpress\/wp-content\/uploads\/2023\/05\/SISSI-MARTINELLI-150x150.jpg 150w, https:\/\/www.radiopiu.net\/wordpress\/wp-content\/uploads\/2023\/05\/SISSI-MARTINELLI.jpg 400w\" sizes=\"auto, (max-width: 82px) 100vw, 82px\" \/><\/a>LA RASSEGNA STAMPA NAZIONALE ALLA RADIO, OGNI GIORNO ALLE 5 E ALLE 6 DEL MATTINO <span style=\"color: #0000ff;\">viene pubblicata alle 6.00<br \/>\ndi Sissi Martinelli<\/span><\/strong><\/p>\n<audio class=\"wp-audio-shortcode\" id=\"audio-362440-1\" preload=\"none\" style=\"width: 100%;\" controls=\"controls\"><source type=\"audio\/mpeg\" src=\"https:\/\/www.radiopiu.net\/wordpress\/wp-content\/uploads\/2023\/11\/GIORNALEDELLESEI-5.mp3?_=1\" \/><a href=\"https:\/\/www.radiopiu.net\/wordpress\/wp-content\/uploads\/2023\/11\/GIORNALEDELLESEI-5.mp3\">https:\/\/www.radiopiu.net\/wordpress\/wp-content\/uploads\/2023\/11\/GIORNALEDELLESEI-5.mp3<\/a><\/audio>\n<p>&nbsp;<\/p>\n<p><strong>\u00a0<\/strong><\/p>\n<p><strong>GIORNALE RADIO NAZIONALE, EDIZIONE DELLE SETTE <span style=\"color: #0000ff;\">viene pubblicato alle 7.05\u00a0\u00a0<\/span><\/strong><\/p>\n<audio class=\"wp-audio-shortcode\" id=\"audio-362440-2\" preload=\"none\" style=\"width: 100%;\" controls=\"controls\"><source type=\"audio\/mpeg\" src=\"https:\/\/www.radiopiu.net\/wordpress\/wp-content\/uploads\/2023\/11\/giornale07-5.mp3?_=2\" \/><a href=\"https:\/\/www.radiopiu.net\/wordpress\/wp-content\/uploads\/2023\/11\/giornale07-5.mp3\">https:\/\/www.radiopiu.net\/wordpress\/wp-content\/uploads\/2023\/11\/giornale07-5.mp3<\/a><\/audio>\n<p>&nbsp;<\/p>\n<p>&nbsp;<\/p>\n<p><strong>RASSEGNA STAMPA LOCALE, ORE OTTO <span style=\"color: #0000ff;\">viene pubblicata alle 8.05<\/span><\/strong><\/p>\n<p><iframe loading=\"lazy\" title=\"L&#039;ORIGINALE DAL 1983. la rassegna stampa locale di mirko mezzacasa E ALLE SETTE OGNI GIORNO LE ANTIC\" width=\"1200\" height=\"675\" src=\"https:\/\/www.youtube.com\/embed\/d8qGcji4mEg?feature=oembed\" frameborder=\"0\" allow=\"accelerometer; autoplay; clipboard-write; encrypted-media; gyroscope; picture-in-picture; web-share\" allowfullscreen><\/iframe><\/p>\n<p>&nbsp;<\/p>\n<hr \/>\n<div class=\"page-title-head hgroup\">\n<blockquote>\n<h3 class=\"entry-title\"><\/h3>\n<h3 class=\"entry-title\">SAN TOMASO : ABBONATI ALL\u2019INQUINAMENTO DELLE ACQUE.<\/h3>\n<\/blockquote>\n<\/div>\n<p><strong><img loading=\"lazy\" decoding=\"async\" class=\"alignleft\" src=\"https:\/\/www.radiopiu.net\/wordpress\/wp-content\/uploads\/2021\/06\/th-12.jpg\" width=\"159\" height=\"106\" \/><br \/>\n<\/strong><\/p>\n<p class=\"page-title-head hgroup\"><strong>SAN TOMASO<\/strong> Gestione Servizi Pubblici informa che a SAN TOMASO AGORDINO nelle localit\u00e0 PIANEZZE, VALLATA, VAL, MEZZAVALLE, COSTA DI MEZZO E PIAN MOLIN l&#8217;acqua erogata dall&#8217;acquedotto non \u00e8 potabile e non pu\u00f2 essere usata per scopi alimentari. Verr\u00e0 effettuato servizio sostitutivo con autobotte in localit\u00e0 PIAN MOLIN presso Ecocentro.<\/p>\n<p>&nbsp;<\/p>\n<blockquote>\n<h3>LAVORI PROGRAMMATI GSP<\/h3>\n<\/blockquote>\n<p>Gestione Servizi Pubblici informa che, per lavori alla rete idrica comunale, oggi dalle 8 a FINE LAVORI, verr\u00e0 sospesa l\u2019erogazione dell\u2019acqua a CENCENIGHE AGORDINO in LOC. PRADIMEZZO. Sempre oggi lavori alla rete idrica comunale dalle 8 a fine lavori , verr\u00e0 sospesa l\u2019erogazione dell\u2019acqua a LA VALLE AGORDINA nelle localit\u00e0 RONCHE, NOACH, LE CAMPE e CANCELLADE.<\/p>\n<p>&nbsp;<\/p>\n<p>&nbsp;<\/p>\n<hr \/>\n<p>&nbsp;<\/p>\n<p><a class=\"dt-pswp-item\" href=\"https:\/\/www.radiopiu.net\/wordpress\/wp-content\/uploads\/2023\/10\/34f4cfc6-e863-46e9-9695-8df44be63421.jpg\" data-dt-img-description=\"\" data-large_image_width=\"1200\" data-large_image_height=\"1200\"><img loading=\"lazy\" decoding=\"async\" class=\"wp-image-357393 alignleft\" src=\"https:\/\/www.radiopiu.net\/wordpress\/wp-content\/uploads\/2023\/10\/34f4cfc6-e863-46e9-9695-8df44be63421-300x300.jpg\" alt=\"\" width=\"81\" height=\"81\" srcset=\"https:\/\/www.radiopiu.net\/wordpress\/wp-content\/uploads\/2023\/10\/34f4cfc6-e863-46e9-9695-8df44be63421-300x300.jpg 300w, https:\/\/www.radiopiu.net\/wordpress\/wp-content\/uploads\/2023\/10\/34f4cfc6-e863-46e9-9695-8df44be63421-1024x1024.jpg 1024w, https:\/\/www.radiopiu.net\/wordpress\/wp-content\/uploads\/2023\/10\/34f4cfc6-e863-46e9-9695-8df44be63421-150x150.jpg 150w, https:\/\/www.radiopiu.net\/wordpress\/wp-content\/uploads\/2023\/10\/34f4cfc6-e863-46e9-9695-8df44be63421-768x768.jpg 768w, https:\/\/www.radiopiu.net\/wordpress\/wp-content\/uploads\/2023\/10\/34f4cfc6-e863-46e9-9695-8df44be63421.jpg 1200w\" sizes=\"auto, (max-width: 81px) 100vw, 81px\" \/><\/a>OGGI ALLA RADIO: <strong>ALLE 7<\/strong> LA RASSEGNA STAMPA LOCALE FLASH, PER CHI COME NOI ALLE SETTE DEL MATTINO VA DI FRETTA, TANTE NOTIZIE IN POCHE CHIACCHIERE. <strong>ALLE OTTO<\/strong> L&#8217;APPROFONDIMENTO NELLA STORICA RASSEGNA STAMPA LOCALE.\u00a0 DALLE 6 ALLE 21, OGNI ORA, L&#8217;INFORMAZIONE NAZIONALE, l&#8217;informazione locale, ALLE 10 flash. 11flash. 14 viabilit\u00e0. 15meteo. 16flash. 17flash. 18flash. 19 i titoli di Antenna 3<\/p>\n<p><span style=\"color: #ff0000;\">OGGI ALLE 8.45, SPECIALE CENTRO FORMAZIONE E SICUREZZA, SEDICO. LA TERZA PUNTATA NELLA SETTIMANA DEDICATA A &#8220;SCUOLA APERTA ALLA RADIO&#8221; SULLE TRE RADIO: CLUB 103, PIU&#8217; E PRIMIERO<\/span><\/p>\n<p><strong>ALLE 9<\/strong> LIBER, DI LIANA CAVALLET,<strong> ALLE 10.10 E 18 10\u00a0<\/strong> CISL LA VOCE PER I LAVORATORI SPECIALE TRASPORTI: CON\u00a0 Laura Vettorel, Kevin Vattai, e Dario Cassol.\u00a0 <strong>ALLE 10.30 E 1900\u00a0<\/strong> SE NON LA SMETTI TI MANDO DAL PRESIDE,<strong> ALLE 13.10<\/strong> FRANZ COSTA, VENERDI SERA AL PALAFALCADE, ALLE 18.30 NCONTONSE CON MYLLI CREPAZA ISTITUT CULTURAL CESA DE JAN.<\/p>\n<p>&nbsp;<\/p>\n<blockquote>\n<h3>DA DEDICHE E RICHIESTE&#8230;.SISSI MARTINELLI, UNA VITA PASSATA IN RADIO<\/h3>\n<\/blockquote>\n<p><strong><a class=\"dt-pswp-item\" href=\"https:\/\/www.radiopiu.net\/wordpress\/wp-content\/uploads\/2023\/05\/SISSI-MARTINELLI.jpg\" data-dt-img-description=\"\" data-large_image_width=\"400\" data-large_image_height=\"400\"><img loading=\"lazy\" decoding=\"async\" class=\" wp-image-334185 alignleft\" src=\"https:\/\/www.radiopiu.net\/wordpress\/wp-content\/uploads\/2023\/05\/SISSI-MARTINELLI-300x300.jpg\" alt=\"\" width=\"129\" height=\"129\" srcset=\"https:\/\/www.radiopiu.net\/wordpress\/wp-content\/uploads\/2023\/05\/SISSI-MARTINELLI-300x300.jpg 300w, https:\/\/www.radiopiu.net\/wordpress\/wp-content\/uploads\/2023\/05\/SISSI-MARTINELLI-150x150.jpg 150w, https:\/\/www.radiopiu.net\/wordpress\/wp-content\/uploads\/2023\/05\/SISSI-MARTINELLI.jpg 400w\" sizes=\"auto, (max-width: 129px) 100vw, 129px\" \/><\/a>REDAZIONE<\/strong> Ci tiene compagnia ogni mattina dalle 11 in poi su Radio Pi\u00f9. Lei \u00e8 Sissi Martinelli, pugliese, pi\u00f9 di 40 anni di carriera davanti al microfono. Ci ha raccontato la sua esperienza in radio ma non solo. Un&#8217;intervista a 360 gradi tra radio, musica e concerti&#8230;<\/p>\n<p>&nbsp;<\/p>\n<p><strong>SISSI MARTINELLI<\/strong><\/p>\n<audio class=\"wp-audio-shortcode\" id=\"audio-362440-3\" preload=\"none\" style=\"width: 100%;\" controls=\"controls\"><source type=\"audio\/mpeg\" src=\"https:\/\/www.radiopiu.net\/wordpress\/wp-content\/uploads\/2023\/05\/DEDICHE-E-RICHIESTE-SISSI-MARTINELLI.mp3?_=3\" \/><a href=\"https:\/\/www.radiopiu.net\/wordpress\/wp-content\/uploads\/2023\/05\/DEDICHE-E-RICHIESTE-SISSI-MARTINELLI.mp3\">https:\/\/www.radiopiu.net\/wordpress\/wp-content\/uploads\/2023\/05\/DEDICHE-E-RICHIESTE-SISSI-MARTINELLI.mp3<\/a><\/audio>\n<p>&nbsp;<\/p>\n<p>&nbsp;<\/p>\n<hr \/>\n<p>&nbsp;<\/p>\n<blockquote>\n<h3>E&#8217; MORTO DON GINO DAL BORGO<\/h3>\n<\/blockquote>\n<p><strong><a class=\"dt-pswp-item\" href=\"https:\/\/www.radiopiu.net\/wordpress\/wp-content\/uploads\/2023\/11\/don-gino-dal-borgo.jpg\" data-dt-img-description=\"\" data-large_image_width=\"796\" data-large_image_height=\"703\"><img loading=\"lazy\" decoding=\"async\" class=\" wp-image-362463 alignleft\" src=\"https:\/\/www.radiopiu.net\/wordpress\/wp-content\/uploads\/2023\/11\/don-gino-dal-borgo-300x265.jpg\" alt=\"\" width=\"163\" height=\"144\" srcset=\"https:\/\/www.radiopiu.net\/wordpress\/wp-content\/uploads\/2023\/11\/don-gino-dal-borgo-300x265.jpg 300w, https:\/\/www.radiopiu.net\/wordpress\/wp-content\/uploads\/2023\/11\/don-gino-dal-borgo-768x678.jpg 768w, https:\/\/www.radiopiu.net\/wordpress\/wp-content\/uploads\/2023\/11\/don-gino-dal-borgo.jpg 796w\" sizes=\"auto, (max-width: 163px) 100vw, 163px\" \/><\/a>REDAZIONE<\/strong> Don Gino Dal Borgo \u00e8 deceduto all&#8217;Ospedale di Vittorio Veneto a causa del peggioramento delle sue condizioni di salute. A darne notizia \u00e8 stato il sito della diocesi di Belluno e Feltre. Nato a Palughetto di Chies d\u2019Alpago nel 1942, fu ordinato presbitero nel 1968. Ha svolto vari incarichi pastorali, tra cui parroco di diverse parrocchie, insegnante di religione e consulente ecclesiastico provinciale della Coldiretti. L&#8217;ultimo servizio pastorale lo ha svolto a Cusighe fino al 2021, quando problemi di salute lo hanno portato al ritiro. La diocesi esprime cordoglio verso la sua famiglia e la comunit\u00e0 che gli voleva bene. La data dei funerali sar\u00e0 comunicata successivamente.<\/p>\n<p>(foto: <a href=\"https:\/\/www.chiesabellunofeltre.it\/\">www.chiesabellunofeltre.it<\/a>)<\/p>\n<p>&nbsp;<\/p>\n<hr \/>\n<p>&nbsp;<\/p>\n<blockquote>\n<h3><strong>Addio all&#8217;Ingegnere Mario Andreella: Architetto delle Opere Pubbliche che Hanno Segnato il Territorio<\/strong><\/h3>\n<\/blockquote>\n<p><strong><a class=\"dt-pswp-item\" href=\"https:\/\/www.radiopiu.net\/wordpress\/wp-content\/uploads\/2023\/11\/Senza-nome-109.png\" data-dt-img-description=\"\" data-large_image_width=\"256\" data-large_image_height=\"165\"><img loading=\"lazy\" decoding=\"async\" class=\" wp-image-362575 alignleft\" src=\"https:\/\/www.radiopiu.net\/wordpress\/wp-content\/uploads\/2023\/11\/Senza-nome-109.png\" alt=\"\" width=\"175\" height=\"113\" \/><\/a>FELTRE\u00a0<\/strong> Luned\u00ec si \u00e8 spento all&#8217;et\u00e0 di 86 anni l&#8217;ingegnere Mario Andreella. Nato a Belluno ma\u00a0 residente a Feltre, ha ricoperto il ruolo di ingegnere capo del comune di Feltre per molti anni. La sua specializzazione in ingegneria idraulica lo ha reso un punto di riferimento a livello regionale, firmando progetti di grande rilevanza come discariche, depuratori, opere industriali e sistemazioni idrauliche. Andreella\u00a0 \u00e8 stato anche presidente dell&#8217;Ordine degli Ingegneri della provincia,\u00a0 presidente e rappresentante del Governatore del Distretto 2060 del Rotary. L&#8217;ingegnere Andreella ha lasciato il segno con la realizzazione, insieme al collega Claudio De Lotto, del Palaghiaccio di Drio le Rive nei primi anni &#8217;80. I funerali dell&#8217;ingegnere Andreella si terranno domani alle 15 nella chiesa parrocchiale di Farra. Lascia la moglie Daniela, la figlia Claudia e il figlio Gaspare<\/p>\n<p>&nbsp;<\/p>\n<p>&nbsp;<\/p>\n<hr \/>\n<p>&nbsp;<\/p>\n<blockquote>\n<h1>\u00abRagazzina palpeggiata dal conducente\u00bb L&#8217;uomo denunciato e sospeso dal servizio<\/h1>\n<\/blockquote>\n<p><strong>OGGI SUL CORRIERE ALPI<\/strong><br \/>\n<strong>DI GIGI SOSSO\u00a0<\/strong><\/p>\n<p><strong><img loading=\"lazy\" decoding=\"async\" class=\"alignleft\" src=\"https:\/\/www.radiopiu.net\/wordpress\/wp-content\/uploads\/2020\/10\/bus-4783539_960_720.jpg\" width=\"192\" height=\"128\" \/>CORTINA<\/strong> L&#8217;autista di un autobus \u00e8 stato denunciato per presunti atti sessuali molesti nei confronti di una studentessa di 13 anni, secondo quanto riportato nell&#8217;articolo del Corriere delle Alpi di oggi a firma del giornalista Gigi Sosso. L&#8217;uomo, sospeso dal servizio pubblico dal giudice per le indagini preliminari Enrica Marson, non pu\u00f2 lavorare nel settore del trasporto pubblico, ma potrebbe farlo in quello privato. Le indagini sono ancora in corso, e non ci sono evidenze di un procedimento disciplinare da parte dell&#8217;azienda o a livello sindacale. La giovane avrebbe subito molestie durante il viaggio sull&#8217;autobus, ma \u00e8 riuscita a sottrarsi al conducente e ha denunciato l&#8217;incidente ai carabinieri insieme alla madre. Le indagini si basano sulla denuncia querela della vittima, e le telecamere sugli autobus potrebbero fornire prove utili per gli accertamenti. Il pubblico ministero Alberto Primavera ha chiesto la sospensione dal servizio pubblico del conducente.<\/p>\n<p>&nbsp;<\/p>\n<blockquote>\n<h3><strong>Moglie Respinta a Letto, Marito Imputato: Chiusa l&#8217;Indagine su Presunte Violenze<\/strong><\/h3>\n<\/blockquote>\n<p><strong>FELTRE<\/strong> Il marito che avrebbe aggredito la moglie dopo essere stato respinto a letto \u00e8 ora imputato, concludendo le indagini iniziate dopo la denuncia della donna. Gli eventi risalgono al 10 maggio, quando, in un appartamento di Feltre, la moglie avrebbe rifiutato un rapporto sessuale, scatenando la reazione violenta del marito. L&#8217;uomo, difeso dall&#8217;avvocato Davide Fent, ha ricevuto l&#8217;avviso di chiusura delle indagini, ma la data dell&#8217;udienza preliminare non \u00e8 ancora stata fissata. La Procura ha avanzato una richiesta di processo, mentre il marito sostiene una versione dei fatti completamente diversa, citando diverbi economici.<\/p>\n<p>&nbsp;<\/p>\n<hr \/>\n<p>&nbsp;<\/p>\n<blockquote>\n<h3>QUEL CONTRIBUTO PER &#8220;VIA MOLIN DEI COT&#8221;, LA SODDISFAZIONE DI CHISSALE&#8217;<\/h3>\n<\/blockquote>\n<p><strong><a class=\"dt-pswp-item\" href=\"https:\/\/www.radiopiu.net\/wordpress\/wp-content\/uploads\/2023\/11\/Schermata-2021-07-31-alle-15.17.14.png\" data-dt-img-description=\"\" data-large_image_width=\"1286\" data-large_image_height=\"846\"><img loading=\"lazy\" decoding=\"async\" class=\" wp-image-362493 alignleft\" src=\"https:\/\/www.radiopiu.net\/wordpress\/wp-content\/uploads\/2023\/11\/Schermata-2021-07-31-alle-15.17.14-300x197.png\" alt=\"\" width=\"238\" height=\"156\" srcset=\"https:\/\/www.radiopiu.net\/wordpress\/wp-content\/uploads\/2023\/11\/Schermata-2021-07-31-alle-15.17.14-300x197.png 300w, https:\/\/www.radiopiu.net\/wordpress\/wp-content\/uploads\/2023\/11\/Schermata-2021-07-31-alle-15.17.14-1024x674.png 1024w, https:\/\/www.radiopiu.net\/wordpress\/wp-content\/uploads\/2023\/11\/Schermata-2021-07-31-alle-15.17.14-768x505.png 768w, https:\/\/www.radiopiu.net\/wordpress\/wp-content\/uploads\/2023\/11\/Schermata-2021-07-31-alle-15.17.14.png 1286w\" sizes=\"auto, (max-width: 238px) 100vw, 238px\" \/><\/a>VENEZIA<\/strong> La Giunta regionale, su proposta dell\u2019assessore Gianpaolo Bottacin, ha approvato\u00a0 due delibere in cui vengono previsti ulteriori stanziamenti per rafforzare il sistema regionale di Protezione Civile. Gli stanziamenti messi in campo sono 1.965.000 euro per mezzi e attrezzature, 640.000 euro per e sedi; ulteriori risorse sono poi stanziate per la manutenzione o la sostituzione dei mezzi delle Colonna mobile regionale e di quelle provinciali e per gli interventi durante le emergenze per ulteriori 670.000 euro complessivi. <span style=\"color: #ff0000;\">Per quanto riguarda la citt\u00e0 di Belluno nello specifico sono per la sede del COC alle ex Scuole di Levego (80mila) e un mezzo Ford\u00a0 (30mila). AD AGORDO: 82 MILA EURO PER LA SEDE DI VIA MOLIN DI COT FUTURA SEDE DELLA PROTEZIONE CIVILE E SOCCORSO ALPINO<\/span><\/p>\n<p><strong>IL SINDACO ROBERTO CHISSALE&#8217;\u00a0<\/strong><\/p>\n<audio class=\"wp-audio-shortcode\" id=\"audio-362440-4\" preload=\"none\" style=\"width: 100%;\" controls=\"controls\"><source type=\"audio\/mpeg\" src=\"https:\/\/www.radiopiu.net\/wordpress\/wp-content\/uploads\/2023\/11\/CHISSALE-AGORDO-CONT.mp3?_=4\" \/><a href=\"https:\/\/www.radiopiu.net\/wordpress\/wp-content\/uploads\/2023\/11\/CHISSALE-AGORDO-CONT.mp3\">https:\/\/www.radiopiu.net\/wordpress\/wp-content\/uploads\/2023\/11\/CHISSALE-AGORDO-CONT.mp3<\/a><\/audio>\n<p>&nbsp;<\/p>\n<p>&nbsp;<\/p>\n<hr \/>\n<p>&nbsp;<\/p>\n<blockquote>\n<h3>DILLO A RADIO PIU&#8217;&#8230;UN PENSIERO PER GIULIA<\/h3>\n<\/blockquote>\n<p><strong><a class=\"dt-pswp-item\" href=\"https:\/\/www.radiopiu.net\/wordpress\/wp-content\/uploads\/2023\/11\/SCR-20231121-kyfm.jpeg\" data-dt-img-description=\"\" data-large_image_width=\"964\" data-large_image_height=\"648\"><img loading=\"lazy\" decoding=\"async\" class=\" wp-image-362476 alignleft\" src=\"https:\/\/www.radiopiu.net\/wordpress\/wp-content\/uploads\/2023\/11\/SCR-20231121-kyfm-300x202.jpeg\" alt=\"\" width=\"172\" height=\"116\" srcset=\"https:\/\/www.radiopiu.net\/wordpress\/wp-content\/uploads\/2023\/11\/SCR-20231121-kyfm-300x202.jpeg 300w, https:\/\/www.radiopiu.net\/wordpress\/wp-content\/uploads\/2023\/11\/SCR-20231121-kyfm-768x516.jpeg 768w, https:\/\/www.radiopiu.net\/wordpress\/wp-content\/uploads\/2023\/11\/SCR-20231121-kyfm.jpeg 964w\" sizes=\"auto, (max-width: 172px) 100vw, 172px\" \/><\/a>Riceviamo e pubblichiamo<\/strong><\/p>\n<p>Un pensiero per Giulia. La ragazza che ci vive accanto. Che incontriamo per strada o al bar. La ragazza che siede accanto a noi al cinema. L\u2019amica d\u2019infanzia. La compagna di studi. Una ragazza come tante. La figlia di tutti. La sorella di tutti. Forse per questo la sua tragica vicenda, pur in tempi in cui le cronache ci riportano ogni giorno episodi di violenza sulle donne, ci tocca cos\u00ec da vicino, cos\u00ec profondamente. Si ripete spesso che \u201c\u00e8 la societ\u00e0 che \u00e8 malata\u201d e che di questo siamo tutti responsabili. \u00c8 un\u2019affermazione autoassolutoria, che non condivido. \u00c8 come dire che, poich\u00e9 siamo tutti collettivamente colpevoli nessuno da solo lo \u00e8. Non \u00e8 cos\u00ec, non siamo tutti responsabili di tutto, anche degli orrori cui siamo costretti, impotenti, ad assistere. Lo siamo dei valori su cui costruiamo la nostra vita e le nostre relazioni e che, giorno dopo giorno, manifestiamo con ogni azione che compiamo, con ogni parola che spendiamo.<\/p>\n<p>Susy Dan<\/p>\n<p>&nbsp;<\/p>\n<hr \/>\n<p>&nbsp;<\/p>\n<blockquote>\n<h3>DALLA SCUOLA ELEMENTARE DI AGORDO CON IL CUORE PER GIULIA<\/h3>\n<\/blockquote>\n<p><strong>AGORDO<\/strong> Un minuto di silenzio anche nella scuola Primaria Tito Livio Burattini di Agordo, per ricordare e salutare Giulia. I bambini hanno fatto da cornice alle toccanti parole del pap\u00e0 Gino:<em> &#8220;L&#8217;amore vero non umilia, non delude, non calpesta, non tradisce e non ferisce il cuore, l&#8217;amore vero non urla, non picchia, non uccide.<\/em><\/p>\n\n\t\t\t<style type='text\/css'>\n\t\t\t\t#gallery-1 {\n\t\t\t\t\tmargin: auto;\n\t\t\t\t}\n\t\t\t\t#gallery-1 .gallery-item {\n\t\t\t\t\tfloat: left;\n\t\t\t\t\tmargin-top: 10px;\n\t\t\t\t\ttext-align: center;\n\t\t\t\t\twidth: 50%;\n\t\t\t\t}\n\t\t\t\t#gallery-1 img {\n\t\t\t\t\tborder: 2px solid #cfcfcf;\n\t\t\t\t}\n\t\t\t\t#gallery-1 .gallery-caption {\n\t\t\t\t\tmargin-left: 0;\n\t\t\t\t}\n\t\t\t\t\/* see gallery_shortcode() in wp-includes\/media.php *\/\n\t\t\t<\/style>\n\t\t<div id='gallery-1' class='dt-gallery-container gallery galleryid-362440 gallery-columns-2 gallery-size-medium'><dl class='gallery-item'>\n\t\t\t\t<dt class='gallery-icon portrait'>\n\t\t\t\t\t<a class=\"rollover rollover-zoom dt-pswp-item\" title=\"41c526ca-165f-41d4-898b-231a39ec3bea\" data-dt-img-description=\"\" data-large_image_width=\"1170\" data-large_image_height=\"1299\"href='https:\/\/www.radiopiu.net\/wordpress\/wp-content\/uploads\/2023\/11\/41c526ca-165f-41d4-898b-231a39ec3bea.jpg'><img loading=\"lazy\" decoding=\"async\" width=\"270\" height=\"300\" src=\"https:\/\/www.radiopiu.net\/wordpress\/wp-content\/uploads\/2023\/11\/41c526ca-165f-41d4-898b-231a39ec3bea-270x300.jpg\" class=\"attachment-medium size-medium\" alt=\"\" srcset=\"https:\/\/www.radiopiu.net\/wordpress\/wp-content\/uploads\/2023\/11\/41c526ca-165f-41d4-898b-231a39ec3bea-270x300.jpg 270w, https:\/\/www.radiopiu.net\/wordpress\/wp-content\/uploads\/2023\/11\/41c526ca-165f-41d4-898b-231a39ec3bea-922x1024.jpg 922w, https:\/\/www.radiopiu.net\/wordpress\/wp-content\/uploads\/2023\/11\/41c526ca-165f-41d4-898b-231a39ec3bea-768x853.jpg 768w, https:\/\/www.radiopiu.net\/wordpress\/wp-content\/uploads\/2023\/11\/41c526ca-165f-41d4-898b-231a39ec3bea.jpg 1170w\" sizes=\"auto, (max-width: 270px) 100vw, 270px\" \/><\/a>\n\t\t\t\t<\/dt><\/dl><dl class='gallery-item'>\n\t\t\t\t<dt class='gallery-icon portrait'>\n\t\t\t\t\t<a class=\"rollover rollover-zoom dt-pswp-item\" title=\"899a8243-a371-428b-8a30-ba7b7bfb81f0\" data-dt-img-description=\"\" data-large_image_width=\"996\" data-large_image_height=\"1600\"href='https:\/\/www.radiopiu.net\/wordpress\/wp-content\/uploads\/2023\/11\/899a8243-a371-428b-8a30-ba7b7bfb81f0-1.jpg'><img loading=\"lazy\" decoding=\"async\" width=\"187\" height=\"300\" src=\"https:\/\/www.radiopiu.net\/wordpress\/wp-content\/uploads\/2023\/11\/899a8243-a371-428b-8a30-ba7b7bfb81f0-1-187x300.jpg\" class=\"attachment-medium size-medium\" alt=\"\" srcset=\"https:\/\/www.radiopiu.net\/wordpress\/wp-content\/uploads\/2023\/11\/899a8243-a371-428b-8a30-ba7b7bfb81f0-1-187x300.jpg 187w, https:\/\/www.radiopiu.net\/wordpress\/wp-content\/uploads\/2023\/11\/899a8243-a371-428b-8a30-ba7b7bfb81f0-1-637x1024.jpg 637w, https:\/\/www.radiopiu.net\/wordpress\/wp-content\/uploads\/2023\/11\/899a8243-a371-428b-8a30-ba7b7bfb81f0-1-768x1234.jpg 768w, https:\/\/www.radiopiu.net\/wordpress\/wp-content\/uploads\/2023\/11\/899a8243-a371-428b-8a30-ba7b7bfb81f0-1-956x1536.jpg 956w, https:\/\/www.radiopiu.net\/wordpress\/wp-content\/uploads\/2023\/11\/899a8243-a371-428b-8a30-ba7b7bfb81f0-1.jpg 996w\" sizes=\"auto, (max-width: 187px) 100vw, 187px\" \/><\/a>\n\t\t\t\t<\/dt><\/dl><br style=\"clear: both\" \/>\n\t\t\t<\/div>\n\n<p>&nbsp;<\/p>\n<hr \/>\n<p>&nbsp;<\/p>\n<blockquote>\n<h3><strong>&#8220;NON CHIAMATELO RAPTUS&#8221; A PALAZZO PILONI: UN IMPEGNO COLLETTIVO CONTRO LA VIOLENZA DI GENERE<\/strong><\/h3>\n<\/blockquote>\n<p><strong><a class=\"dt-pswp-item\" href=\"https:\/\/www.radiopiu.net\/wordpress\/wp-content\/uploads\/2023\/11\/IMG_3778.jpg\" data-dt-img-description=\"\" data-large_image_width=\"2016\" data-large_image_height=\"1512\"><img loading=\"lazy\" decoding=\"async\" class=\" wp-image-362530 alignright\" src=\"https:\/\/www.radiopiu.net\/wordpress\/wp-content\/uploads\/2023\/11\/IMG_3778-300x225.jpg\" alt=\"\" width=\"203\" height=\"152\" srcset=\"https:\/\/www.radiopiu.net\/wordpress\/wp-content\/uploads\/2023\/11\/IMG_3778-300x225.jpg 300w, https:\/\/www.radiopiu.net\/wordpress\/wp-content\/uploads\/2023\/11\/IMG_3778-1024x768.jpg 1024w, https:\/\/www.radiopiu.net\/wordpress\/wp-content\/uploads\/2023\/11\/IMG_3778-768x576.jpg 768w, https:\/\/www.radiopiu.net\/wordpress\/wp-content\/uploads\/2023\/11\/IMG_3778-1536x1152.jpg 1536w, https:\/\/www.radiopiu.net\/wordpress\/wp-content\/uploads\/2023\/11\/IMG_3778.jpg 2016w\" sizes=\"auto, (max-width: 203px) 100vw, 203px\" \/><\/a>BELLUNO<\/strong> La Consigliera di Parit\u00e0 della provincia di Belluno, Flavia Monego, ha presentato la mostra &#8220;Non chiamatelo raptus&#8221; a Palazzo Piloni, in occasione della giornata internazionale per l&#8217;eliminazione della violenza contro le donne il 25 novembre. L&#8217;esposizione, realizzata in collaborazione con la Provincia e con il patrocinio delle Commissioni pari opportunit\u00e0 di Belluno e Ponte nelle Alpi, presenta 30 pannelli dell&#8217;artista Anarkikka che sfidano miti e stereotipi legati alla violenza di genere. Le vignette, caratterizzate da un linguaggio immediato e tagliente, puntano a far emergere gli stereotipi che ancora condizionano la mentalit\u00e0 comune. Monego sottolinea l&#8217;importanza di un impegno collettivo e la consapevolezza come chiavi per creare un mondo pi\u00f9 sicuro. La mostra \u00e8 un richiamo all&#8217;azione quotidiana contro la violenza di genere.<\/p>\n<div class=\"w-full pt-2 md:pt-0 border-t md:border-t-0 gizmo:border-t-0 dark:border-white\/20 md:border-transparent md:dark:border-transparent md:pl-2 gizmo:pl-0 gizmo:md:pl-0 md:w-[calc(100%-.5rem)]\">\n<form class=\"stretch mx-2 flex flex-row gap-3 last:mb-2 md:mx-4 md:last:mb-6 lg:mx-auto lg:max-w-2xl xl:max-w-3xl\">\n<div class=\"relative flex h-full flex-1 items-stretch md:flex-col\">\n<div class=\"flex w-full items-center\"><\/div>\n<div><\/div>\n<div>\n<hr \/>\n<\/div>\n<blockquote>\n<h2>AUTONOMIA VERSO IL TRAGUARDO? FAVOREVOLI E CONTRARI<\/h2>\n<\/blockquote>\n<div>\n<p>&nbsp;<\/p>\n<p><strong><a class=\"dt-pswp-item\" href=\"https:\/\/www.radiopiu.net\/wordpress\/wp-content\/uploads\/2023\/11\/th-9.jpg\" data-dt-img-description=\"\" data-large_image_width=\"294\" data-large_image_height=\"180\"><img loading=\"lazy\" decoding=\"async\" class=\" wp-image-362584 alignleft\" src=\"https:\/\/www.radiopiu.net\/wordpress\/wp-content\/uploads\/2023\/11\/th-9.jpg\" alt=\"\" width=\"227\" height=\"139\" \/><\/a>DI BARBARA PAOLAZZI<\/strong><br \/>\n<span style=\"color: #ff0000;\">TRE RADIO&#8230;radio club103, radiopiu, radio primiero<\/span><\/p>\n<audio class=\"wp-audio-shortcode\" id=\"audio-362440-5\" preload=\"none\" style=\"width: 100%;\" controls=\"controls\"><source type=\"audio\/mpeg\" src=\"https:\/\/www.radiopiu.net\/wordpress\/wp-content\/uploads\/2023\/11\/AUTONOMIA-BARBARA.mp3?_=5\" \/><a href=\"https:\/\/www.radiopiu.net\/wordpress\/wp-content\/uploads\/2023\/11\/AUTONOMIA-BARBARA.mp3\">https:\/\/www.radiopiu.net\/wordpress\/wp-content\/uploads\/2023\/11\/AUTONOMIA-BARBARA.mp3<\/a><\/audio>\n<p>&nbsp;<\/p>\n<p>&nbsp;<\/p>\n<\/div>\n<\/div>\n<\/form>\n<\/div>\n<p>&nbsp;<\/p>\n<hr \/>\n<p>&nbsp;<\/p>\n<p>&nbsp;<\/p>\n<blockquote>\n<h3><strong><a class=\"dt-pswp-item\" href=\"https:\/\/www.radiopiu.net\/wordpress\/wp-content\/uploads\/2023\/11\/Senza-nome-107.png\" data-dt-img-description=\"\" data-large_image_width=\"402\" data-large_image_height=\"250\"><img loading=\"lazy\" decoding=\"async\" class=\" wp-image-362490 alignleft\" src=\"https:\/\/www.radiopiu.net\/wordpress\/wp-content\/uploads\/2023\/11\/Senza-nome-107-300x187.png\" alt=\"\" width=\"247\" height=\"154\" srcset=\"https:\/\/www.radiopiu.net\/wordpress\/wp-content\/uploads\/2023\/11\/Senza-nome-107-300x187.png 300w, https:\/\/www.radiopiu.net\/wordpress\/wp-content\/uploads\/2023\/11\/Senza-nome-107.png 402w\" sizes=\"auto, (max-width: 247px) 100vw, 247px\" \/><\/a><span style=\"color: #ff0000;\">Un Atto di Generosit\u00e0 Trasforma un Appartamento in Sostegno all&#8217;Hospice Cucchini<\/span><\/strong><\/h3>\n<\/blockquote>\n<p><strong>BELLUNO<\/strong> L&#8217;associazione Cucchini Belluno ha ricevuto una donazione straordinaria: un appartamento lasciato in eredit\u00e0 da una paziente dell&#8217;hospice. Cucchini metter\u00e0 in vendita l&#8217;appartamento e utilizzer\u00e0 il ricavato per finanziare un progetto di adeguamento e miglioramento dell&#8217;hospice, in collaborazione con l&#8217;Ulss 1 Dolomiti. Il presidente dell&#8217;associazione, Paolo Colleselli, esprime profonda gratitudine per questa donazione straordinaria e sottolinea che il ricavato sar\u00e0 investito per sostenere le persone ammalate che si rivolgono all&#8217;hospice. L&#8217;appartamento, situato a Cavarzano, offre ampi spazi, un terrazzo coperto, due garage e parcheggio esterno condominiale.<\/p>\n<p>&nbsp;<\/p>\n<p>&nbsp;<\/p>\n<hr \/>\n<p>&nbsp;<\/p>\n<p>&nbsp;<\/p>\n<blockquote>\n<h3>DONAZIONE DI SILVIA METZELTIN: ARCHIVIO SULL&#8217;ALPINISMO FEMMINILE E UN LEGAME PROFONDO CON BELLUNO<\/h3>\n<\/blockquote>\n<div class=\"markdown prose w-full break-words dark:prose-invert dark\">\n<p><em><span style=\"font-family: Times New Roman, serif;\"><span style=\"font-size: medium;\"><a class=\"dt-pswp-item\" href=\"https:\/\/www.radiopiu.net\/wordpress\/wp-content\/uploads\/2023\/11\/IMG_20231120_111127-1-scaled.jpg\" data-dt-img-description=\"\" data-large_image_width=\"2560\" data-large_image_height=\"1915\"><img loading=\"lazy\" decoding=\"async\" class=\"size-medium wp-image-362511 alignleft\" src=\"https:\/\/www.radiopiu.net\/wordpress\/wp-content\/uploads\/2023\/11\/IMG_20231120_111127-1-300x224.jpg\" alt=\"\" width=\"300\" height=\"224\" srcset=\"https:\/\/www.radiopiu.net\/wordpress\/wp-content\/uploads\/2023\/11\/IMG_20231120_111127-1-300x224.jpg 300w, https:\/\/www.radiopiu.net\/wordpress\/wp-content\/uploads\/2023\/11\/IMG_20231120_111127-1-1024x766.jpg 1024w, https:\/\/www.radiopiu.net\/wordpress\/wp-content\/uploads\/2023\/11\/IMG_20231120_111127-1-768x574.jpg 768w, https:\/\/www.radiopiu.net\/wordpress\/wp-content\/uploads\/2023\/11\/IMG_20231120_111127-1-1536x1149.jpg 1536w, https:\/\/www.radiopiu.net\/wordpress\/wp-content\/uploads\/2023\/11\/IMG_20231120_111127-1-2048x1532.jpg 2048w\" sizes=\"auto, (max-width: 300px) 100vw, 300px\" \/><\/a><\/span><\/span><\/em><strong>BELLUNO<\/strong> Silvia Metzeltin, illustre alpinista e figura poliedrica, ha annunciato una significativa donazione a Belluno durante l&#8217;incontro del 20 novembre con l&#8217;assessore Raffaele Addamiano, Ester Cason e Anna Angelini della Fondazione Angelini. L&#8217;alpinista, geologa e giornalista ha scelto di destinare la sua preziosa collezione, comprensiva di un unico <a class=\"dt-pswp-item\" href=\"https:\/\/www.radiopiu.net\/wordpress\/wp-content\/uploads\/2023\/11\/IMG_20231120_101614-1-scaled.jpg\" data-dt-img-description=\"\" data-large_image_width=\"2560\" data-large_image_height=\"1915\"><img loading=\"lazy\" decoding=\"async\" class=\"size-medium wp-image-362510 alignright\" src=\"https:\/\/www.radiopiu.net\/wordpress\/wp-content\/uploads\/2023\/11\/IMG_20231120_101614-1-300x224.jpg\" alt=\"\" width=\"300\" height=\"224\" srcset=\"https:\/\/www.radiopiu.net\/wordpress\/wp-content\/uploads\/2023\/11\/IMG_20231120_101614-1-300x224.jpg 300w, https:\/\/www.radiopiu.net\/wordpress\/wp-content\/uploads\/2023\/11\/IMG_20231120_101614-1-1024x766.jpg 1024w, https:\/\/www.radiopiu.net\/wordpress\/wp-content\/uploads\/2023\/11\/IMG_20231120_101614-1-768x574.jpg 768w, https:\/\/www.radiopiu.net\/wordpress\/wp-content\/uploads\/2023\/11\/IMG_20231120_101614-1-1536x1149.jpg 1536w, https:\/\/www.radiopiu.net\/wordpress\/wp-content\/uploads\/2023\/11\/IMG_20231120_101614-1-2048x1532.jpg 2048w\" sizes=\"auto, (max-width: 300px) 100vw, 300px\" \/><\/a>Archivio sull&#8217;Alpinismo Femminile, alla Fondazione G. Angelini della citt\u00e0. Con un passato di oltre 1300 ascensioni e 50 prime ascensioni assolute, Metzeltin ha dedicato la sua vita non solo all&#8217;alpinismo ma anche alla cultura, sostenendo principi etici e la promozione dell&#8217;alpinismo femminile. La sua donazione, che riflette il legame speciale con Belluno e le sue genti, contribuir\u00e0 a preservare e studiare la storia culturale dell&#8217;alpinismo femminile, diventando un patrimonio collettivo per la citt\u00e0.<\/p>\n<\/div>\n<div class=\"markdown prose w-full break-words dark:prose-invert dark\">\n<blockquote><p><em><span style=\"font-family: Times New Roman, serif;\"><span style=\"font-size: medium;\">Silvia Metzeltin, Lugano 1938, alpinista a tempo pieno, geologa, giornalista e scrittrice, ha annunciato la sua predilezione per la Citt\u00e0 di Belluno, Citt\u00e0 delle Alpi dalle grandi potenzialit\u00e0, e per la Fondazione G. Angelini cui \u00e8 destinata la donazione, che lei definisce un\u2019\u201doperazione culturale\u201d, soprattutto del suo Archivio sull\u2019Alpinismo Femminile, unico al mondo.<\/span><\/span><\/em><\/p><\/blockquote>\n<\/div>\n<p>&nbsp;<\/p>\n<hr \/>\n<p>&nbsp;<\/p>\n<p>&nbsp;<\/p>\n<blockquote>\n<h3>HOTEL OLIVIER IN NEVEGAL, ASTA DESERTA. LE PERPLESSITA&#8217; DEI CONSIGLIERI GIA&#8217; DI MAGGIORANZA<\/h3>\n<\/blockquote>\n<p><strong><img loading=\"lazy\" decoding=\"async\" class=\"alignleft\" src=\"https:\/\/www.radiopiu.net\/wordpress\/wp-content\/uploads\/2023\/05\/PIAZZALE-NEVEGAL.png\" width=\"315\" height=\"176\" \/>BELLUNO<\/strong>\u00a0 I consiglieri del gruppo &#8220;Pi\u00f9 Forti Insieme&#8221;, Francesco La Grua e Roberto Ferro, esprimono il loro disappunto di fronte all&#8217;annuncio che l&#8217;asta per l&#8217;acquisizione dell&#8217;hotel Olivier a Nevegal \u00e8 nuovamente andata deserta. Un evento che solleva interrogativi sulla reale volont\u00e0 degli investitori che si erano dichiarati interessati anche in sede consiliare. <em>&#8220;Abbiamo estrema fiducia nel sindaco&#8221;, sottolineano i consiglieri, &#8220;ma qualche dubbio resta nei confronti degli investitori presentatisi in Consiglio comunale. Se non si partecipa a un&#8217;asta per un immobile il cui valore di perizia \u00e8 di 2,9 milioni nemmeno quando la base d&#8217;asta \u00e8 di 400.000 euro, che strategia hanno i partners del Comune?&#8221;. <\/em>Il punto chiave della questione sembra essere legato a un progetto di investimento di notevole portata, stimato intorno ai 100 milioni di euro. In questo contesto, l&#8217;immobile in questione, nonostante la sua valutazione di perizia e la base d&#8217;asta relativamente bassa, rimane senza acquirenti. La Grua e Ferro esprimono la loro aspettativa che un bene cos\u00ec strategico e sottocosto rispetto al suo valore di stima avrebbe dovuto essere acquisito senza esitazione.<em> &#8220;Nell&#8217;evidenziare il rammarico per l&#8217;attuale situazione, un vero peccato&#8221;, concludono i consiglieri, &#8220;riteniamo tuttavia che a questo punto sia giunto il momento di fare chiarezza. Attendiamo perci\u00f2 un chiarimento gi\u00e0 nel prossimo Consiglio comunale, in particolare da parte dell&#8217;assessore al Nevegal e di quello al Turismo&#8221;.<\/em> La richiesta di chiarezza si presenta come una necessit\u00e0 per comprendere appieno le dinamiche di questo processo di asta e per dissipare eventuali dubbi sulla reale volont\u00e0 degli investitori e sulla strategia adottata dal Comune in questo delicato contesto economico.<\/p>\n<p><em>FOTO ARCHIVIO, PIAZZALE NEVEGAL<\/em><\/p>\n<p>&nbsp;<\/p>\n<hr \/>\n<p>&nbsp;<\/p>\n<blockquote>\n<h2>L\u2019ASSESSORE ROCCON HA FALLITO. SI DIMETTA.<\/h2>\n<\/blockquote>\n<p><strong><a class=\"dt-pswp-item\" href=\"https:\/\/www.radiopiu.net\/wordpress\/wp-content\/uploads\/2022\/11\/roccon.png\" data-dt-img-description=\"\" data-large_image_width=\"431\" data-large_image_height=\"406\"><img loading=\"lazy\" decoding=\"async\" class=\" wp-image-305687 alignleft\" src=\"https:\/\/www.radiopiu.net\/wordpress\/wp-content\/uploads\/2022\/11\/roccon-300x283.png\" alt=\"\" width=\"202\" height=\"191\" srcset=\"https:\/\/www.radiopiu.net\/wordpress\/wp-content\/uploads\/2022\/11\/roccon-300x283.png 300w, https:\/\/www.radiopiu.net\/wordpress\/wp-content\/uploads\/2022\/11\/roccon.png 431w\" sizes=\"auto, (max-width: 202px) 100vw, 202px\" \/><\/a>BELLUNO<\/strong> Il Nevegal \u00e8 ufficialmente in pericolo. L\u2019asta per l\u2019Hotel Olivier \u00e8 andata nuovamente deserta. Non ci sarebbe nulla di strano, se non fosse che l\u2019Amministrazione Comunale aveva dato per certa l\u2019offerta della societ\u00e0 Nevegal365. Era il 30 settembre quando uno dei soci fondatori annunciava \u00a0l\u2019intenzione della cordata algerina di acquistare gli impianti di risalita (annuncio fatto, va ricordato, a gara ancora aperta) e dello stesso hotel Olivier. Ricordiamo che il Comune, in particolare l\u2019assessore Roccon, ha impegnato <a class=\"dt-pswp-item\" href=\"https:\/\/www.radiopiu.net\/wordpress\/wp-content\/uploads\/2023\/11\/pd-belluno.png\" data-dt-img-description=\"\" data-large_image_width=\"324\" data-large_image_height=\"188\"><img loading=\"lazy\" decoding=\"async\" class=\" wp-image-362571 alignright\" src=\"https:\/\/www.radiopiu.net\/wordpress\/wp-content\/uploads\/2023\/11\/pd-belluno-300x174.png\" alt=\"\" width=\"184\" height=\"107\" srcset=\"https:\/\/www.radiopiu.net\/wordpress\/wp-content\/uploads\/2023\/11\/pd-belluno-300x174.png 300w, https:\/\/www.radiopiu.net\/wordpress\/wp-content\/uploads\/2023\/11\/pd-belluno.png 324w\" sizes=\"auto, (max-width: 184px) 100vw, 184px\" \/><\/a>pubblicamente l\u2019Amministrazione con lettere d\u2019intenti, conferenze stampa<br \/>\nalla presenza delle pi\u00f9 alte cariche regionali e provinciali, fino ad arrivare ad una audizione pubblica in Consiglio Comunale. In quel contesto, nessuna risposta era stata data domande lecitamente poste dai gruppi di minoranza. Il Partito Democratico aveva chiesto con insistenza risposte e dati certi sugli investimenti. Siamo arrivati al vedo e il risultato \u00e8 che gli skipass sono stati bloccati per giorni e del piano da 100 milioni sbandierato dai giornali (e mai presentato al Consiglio Comunale) non c\u2019\u00e8 traccia. Il tutto dopo un\u2019estate con gli impianti chiusi. Dopo un fallimento di questo tipo, l\u2019assessore Roccon dovrebbe dimettersi. Chiediamo al Sindaco di intervenire direttamente e salvare il Nevegal, senza negare le responsabilit\u00e0 di chi ci ha portato fino a questo punto.<\/p>\n<p>&nbsp;<\/p>\n<p>&nbsp;<\/p>\n<hr \/>\n<p>&nbsp;<\/p>\n<h3><strong>IL CONSIGLIERE DEOLA DIFENDE IL MASEROT: CHIARIMENTI SULLA STRATEGIA DI SMALTIMENTO RIFIUTI. DALLA PROVINCIA\u00a0 CRITICHE ALLA REGIONE\u00a0<\/strong><\/h3>\n<blockquote><p><em>\u00abSpiace constatare come da parte di diversi soggetti- ultima la Regione Veneto per bocca dell\u2019assessore Bottacin &#8211; ci sia una totale disaffezione e addirittura un atteggiamento di accanimento nei confronti di un bene come il Maserot, che \u00e8 di tutti e dell\u2019intero territorio provinciale\u00bb<\/em><\/p><\/blockquote>\n<p><strong><a class=\"dt-pswp-item\" href=\"https:\/\/www.radiopiu.net\/wordpress\/wp-content\/uploads\/2021\/07\/Simone-Deola.jpg\" data-dt-img-description=\"\" data-large_image_width=\"554\" data-large_image_height=\"305\"><img loading=\"lazy\" decoding=\"async\" class=\" wp-image-220498 alignleft\" src=\"https:\/\/www.radiopiu.net\/wordpress\/wp-content\/uploads\/2021\/07\/Simone-Deola-300x165.jpg\" alt=\"\" width=\"224\" height=\"123\" srcset=\"https:\/\/www.radiopiu.net\/wordpress\/wp-content\/uploads\/2021\/07\/Simone-Deola-300x165.jpg 300w, https:\/\/www.radiopiu.net\/wordpress\/wp-content\/uploads\/2021\/07\/Simone-Deola.jpg 554w\" sizes=\"auto, (max-width: 224px) 100vw, 224px\" \/><\/a>BELLUNO<\/strong> Il consigliere provinciale\u00a0 delegato all&#8217;ambiente, Simone Deola, difende l&#8217;importanza dell&#8217;impianto del Maserot per il servizio integrato di raccolta e smaltimento rifiuti in provincia. In risposta a critiche sulla strategia della Dolomiti Ambiente, Deola (FOTO)\u00a0 sottolinea che solo con un Maserot attivo si pu\u00f2 garantire un servizio efficiente. Esprime disappunto per l&#8217;atteggiamento di alcuni soggetti, inclusa la Regione Veneto, che sembrano disinteressarsi al Maserot, considerato un bene comune. Deola evidenzia la sovrapposizione tra la lotta politica e la gestione di un bene pubblico, chiedendo chiarezza sulla posizione dell&#8217;autonomia territoriale, soprattutto nel contesto dei rifiuti. Sottolinea i punti di forza della Dolomiti Ambiente, compreso il biodigestore che trasforma il rifiuto umido in energia elettrica e compostato. Rivolge domande sulle implicazioni economiche, ambientali e infrastrutturali di un&#8217;eventuale mancanza del Maserot e suggerisce di considerare lo sviluppo potenziale dell&#8217;impianto. Infine, ipotizza se qualcuno stia pensando a un grande bacino Belluno-Treviso, invitando alla trasparenza.<\/p>\n<p>&nbsp;<\/p>\n<p>&nbsp;<\/p>\n<hr \/>\n<p>&nbsp;<\/p>\n<blockquote>\n<h3>LA GIORNATA DEGLI ALBERI A BELLUNO<\/h3>\n<\/blockquote>\n<p><strong>BELLUNO<\/strong> Si \u00e8 svolta ieri la giornata degli alberi a Belluno. L\u2019appuntamento in Nevegal dove i bambini delle classi coinvolte sono invitati a vedere da vicino gli effetti della tempesta Vaia nel fragile ecosistema del bosco e a capire l\u2019importanza di una corretta gestione dell\u2019ambiente.<\/p>\n<p>&nbsp;<\/p>\n<p><strong>di DANIELE DALVIT<\/strong><\/p>\n<audio class=\"wp-audio-shortcode\" id=\"audio-362440-6\" preload=\"none\" style=\"width: 100%;\" controls=\"controls\"><source type=\"audio\/mpeg\" src=\"https:\/\/www.radiopiu.net\/wordpress\/wp-content\/uploads\/2023\/11\/Radio-Piu-Servizio-Giornata-alberi-2023.mp3?_=6\" \/><a href=\"https:\/\/www.radiopiu.net\/wordpress\/wp-content\/uploads\/2023\/11\/Radio-Piu-Servizio-Giornata-alberi-2023.mp3\">https:\/\/www.radiopiu.net\/wordpress\/wp-content\/uploads\/2023\/11\/Radio-Piu-Servizio-Giornata-alberi-2023.mp3<\/a><\/audio>\n<p>&nbsp;<\/p>\n\n\t\t\t<style type='text\/css'>\n\t\t\t\t#gallery-2 {\n\t\t\t\t\tmargin: auto;\n\t\t\t\t}\n\t\t\t\t#gallery-2 .gallery-item {\n\t\t\t\t\tfloat: left;\n\t\t\t\t\tmargin-top: 10px;\n\t\t\t\t\ttext-align: center;\n\t\t\t\t\twidth: 20%;\n\t\t\t\t}\n\t\t\t\t#gallery-2 img {\n\t\t\t\t\tborder: 2px solid #cfcfcf;\n\t\t\t\t}\n\t\t\t\t#gallery-2 .gallery-caption {\n\t\t\t\t\tmargin-left: 0;\n\t\t\t\t}\n\t\t\t\t\/* see gallery_shortcode() in wp-includes\/media.php *\/\n\t\t\t<\/style>\n\t\t<div id='gallery-2' class='dt-gallery-container gallery galleryid-362440 gallery-columns-5 gallery-size-thumbnail'><dl class='gallery-item'>\n\t\t\t\t<dt class='gallery-icon landscape'>\n\t\t\t\t\t<a class=\"rollover rollover-zoom dt-pswp-item\" title=\"Giornata degli alberi2023_1\" data-dt-img-description=\"\" data-large_image_width=\"1599\" data-large_image_height=\"722\"href='https:\/\/www.radiopiu.net\/wordpress\/wp-content\/uploads\/2023\/11\/Giornata-degli-alberi2023_1.jpeg'><img loading=\"lazy\" decoding=\"async\" width=\"150\" height=\"150\" src=\"https:\/\/www.radiopiu.net\/wordpress\/wp-content\/uploads\/2023\/11\/Giornata-degli-alberi2023_1-150x150.jpeg\" class=\"attachment-thumbnail size-thumbnail\" alt=\"\" \/><\/a>\n\t\t\t\t<\/dt><\/dl><dl class='gallery-item'>\n\t\t\t\t<dt class='gallery-icon landscape'>\n\t\t\t\t\t<a class=\"rollover rollover-zoom dt-pswp-item\" title=\"Giornata degli alberi2023_2\" data-dt-img-description=\"\" data-large_image_width=\"1599\" data-large_image_height=\"722\"href='https:\/\/www.radiopiu.net\/wordpress\/wp-content\/uploads\/2023\/11\/Giornata-degli-alberi2023_2.jpeg'><img loading=\"lazy\" decoding=\"async\" width=\"150\" height=\"150\" src=\"https:\/\/www.radiopiu.net\/wordpress\/wp-content\/uploads\/2023\/11\/Giornata-degli-alberi2023_2-150x150.jpeg\" class=\"attachment-thumbnail size-thumbnail\" alt=\"\" \/><\/a>\n\t\t\t\t<\/dt><\/dl><dl class='gallery-item'>\n\t\t\t\t<dt class='gallery-icon portrait'>\n\t\t\t\t\t<a class=\"rollover rollover-zoom dt-pswp-item\" title=\"Giornata degli alberi2023_3\" data-dt-img-description=\"\" data-large_image_width=\"722\" data-large_image_height=\"1599\"href='https:\/\/www.radiopiu.net\/wordpress\/wp-content\/uploads\/2023\/11\/Giornata-degli-alberi2023_3.jpeg'><img loading=\"lazy\" decoding=\"async\" width=\"150\" height=\"150\" src=\"https:\/\/www.radiopiu.net\/wordpress\/wp-content\/uploads\/2023\/11\/Giornata-degli-alberi2023_3-150x150.jpeg\" class=\"attachment-thumbnail size-thumbnail\" alt=\"\" \/><\/a>\n\t\t\t\t<\/dt><\/dl><dl class='gallery-item'>\n\t\t\t\t<dt class='gallery-icon portrait'>\n\t\t\t\t\t<a class=\"rollover rollover-zoom dt-pswp-item\" title=\"Giornata degli alberi2023_4\" data-dt-img-description=\"\" data-large_image_width=\"722\" data-large_image_height=\"1599\"href='https:\/\/www.radiopiu.net\/wordpress\/wp-content\/uploads\/2023\/11\/Giornata-degli-alberi2023_4.jpeg'><img loading=\"lazy\" decoding=\"async\" width=\"150\" height=\"150\" src=\"https:\/\/www.radiopiu.net\/wordpress\/wp-content\/uploads\/2023\/11\/Giornata-degli-alberi2023_4-150x150.jpeg\" class=\"attachment-thumbnail size-thumbnail\" alt=\"\" \/><\/a>\n\t\t\t\t<\/dt><\/dl><dl class='gallery-item'>\n\t\t\t\t<dt class='gallery-icon portrait'>\n\t\t\t\t\t<a class=\"rollover rollover-zoom dt-pswp-item\" title=\"Giornata degli alberi2023\" data-dt-img-description=\"\" data-large_image_width=\"720\" data-large_image_height=\"1600\"href='https:\/\/www.radiopiu.net\/wordpress\/wp-content\/uploads\/2023\/11\/Giornata-degli-alberi2023.jpeg'><img loading=\"lazy\" decoding=\"async\" width=\"150\" height=\"150\" src=\"https:\/\/www.radiopiu.net\/wordpress\/wp-content\/uploads\/2023\/11\/Giornata-degli-alberi2023-150x150.jpeg\" class=\"attachment-thumbnail size-thumbnail\" alt=\"\" \/><\/a>\n\t\t\t\t<\/dt><\/dl><br style=\"clear: both\" \/>\n\t\t\t<\/div>\n\n<p>&nbsp;<\/p>\n<hr \/>\n<p>&nbsp;<\/p>\n<blockquote>\n<h2>TRE GIORNI DI VISITE GUIDATA ALLA MOSTRA DI GINO TONELLO<\/h2>\n<\/blockquote>\n<blockquote><p><em>&#8220;L&#8217;amore sano non \u00e8 mai violenza e la violenza non \u00e8 forza ma debolezza&#8221;<\/em><\/p><\/blockquote>\n<p><strong><a class=\"dt-pswp-item\" href=\"https:\/\/www.radiopiu.net\/wordpress\/wp-content\/uploads\/2023\/11\/ADDAMIANO.png\" data-dt-img-description=\"\" data-large_image_width=\"277\" data-large_image_height=\"187\"><img loading=\"lazy\" decoding=\"async\" class=\"wp-image-362591 alignleft\" src=\"https:\/\/www.radiopiu.net\/wordpress\/wp-content\/uploads\/2023\/11\/ADDAMIANO.png\" alt=\"\" width=\"204\" height=\"138\" \/><\/a>REDAZIONE<\/strong> Tre giorni importanti a Palazzo Fulcis, contro la violenza di genere. Iniziativa dell&#8217;assessorato alla cultura del Comune di Belluno. In tre fine settimana sar\u00e0 proposta la visita alla mostra di Gino Tonello &#8220;L&#8217;amore malato&#8221;\u00a0 con una lezione-incontro-confronto con gli studenti dell&#8217;Istituto Catullo &#8220;contro l&#8217;ignoranza&#8221;, come spiega ai microfoni di RADIOPIU l&#8217;assesore Raffaela Addamiano.<\/p>\n<p><strong>L&#8217;ASSESSORE ADDAMIANO<\/strong><\/p>\n<audio class=\"wp-audio-shortcode\" id=\"audio-362440-7\" preload=\"none\" style=\"width: 100%;\" controls=\"controls\"><source type=\"audio\/mpeg\" src=\"https:\/\/www.radiopiu.net\/wordpress\/wp-content\/uploads\/2023\/11\/ADDAMIANO-COMPLETO.mp3?_=7\" \/><a href=\"https:\/\/www.radiopiu.net\/wordpress\/wp-content\/uploads\/2023\/11\/ADDAMIANO-COMPLETO.mp3\">https:\/\/www.radiopiu.net\/wordpress\/wp-content\/uploads\/2023\/11\/ADDAMIANO-COMPLETO.mp3<\/a><\/audio>\n<p>&nbsp;<\/p>\n<p>&nbsp;<\/p>\n<p><strong> <img loading=\"lazy\" decoding=\"async\" class=\"aligncenter\" src=\"https:\/\/www.radiopiu.net\/wordpress\/wp-content\/uploads\/2023\/11\/402854851_18238169839246720_4605772883838221789_n.jpg\" width=\"314\" height=\"238\" \/>\u00a0<\/strong><\/p>\n<p>&nbsp;<\/p>\n<p><strong><a class=\"dt-pswp-item\" href=\"https:\/\/www.radiopiu.net\/wordpress\/wp-content\/uploads\/2023\/11\/TONELLO.png\" data-dt-img-description=\"\" data-large_image_width=\"277\" data-large_image_height=\"216\"><img loading=\"lazy\" decoding=\"async\" class=\"wp-image-362592 alignleft\" src=\"https:\/\/www.radiopiu.net\/wordpress\/wp-content\/uploads\/2023\/11\/TONELLO.png\" alt=\"\" width=\"173\" height=\"135\" \/><\/a>L&#8217;ARTISTA GINO TONELLO\u00a0\u00a0<\/strong><\/p>\n<blockquote>\n<div dir=\"auto\"><em>Dopo l\u2019ennesimo dramma di violenza che ci addolora profondamente, torno a ribadire quanto sia importante la formazione e il dialogo tra e con i giovani sul tema della violenza di genere. Colgo di nuovo l\u2019occasione per invitarvi a visitare la mostra :\u201dL\u2019Amore Malato\u201d , un manifesto che usa l\u2019arte e la bellezza per sensibilizzare le persone alla tolleranza e al rispetto.<\/em><\/div>\n<div dir=\"auto\"><\/div>\n<\/blockquote>\n<audio class=\"wp-audio-shortcode\" id=\"audio-362440-8\" preload=\"none\" style=\"width: 100%;\" controls=\"controls\"><source type=\"audio\/mpeg\" src=\"https:\/\/www.radiopiu.net\/wordpress\/wp-content\/uploads\/2023\/11\/GINO-TONELLO.mp3?_=8\" \/><a href=\"https:\/\/www.radiopiu.net\/wordpress\/wp-content\/uploads\/2023\/11\/GINO-TONELLO.mp3\">https:\/\/www.radiopiu.net\/wordpress\/wp-content\/uploads\/2023\/11\/GINO-TONELLO.mp3<\/a><\/audio>\n<p>&nbsp;<\/p>\n<p>&nbsp;<\/p>\n<p>&nbsp;<\/p>\n<hr \/>\n<p>&nbsp;<\/p>\n<blockquote>\n<h3>ANAS, RICERCA SU STILI DI GUIDA 2023<\/h3>\n<\/blockquote>\n<p><strong><a class=\"dt-pswp-item\" href=\"https:\/\/www.radiopiu.net\/wordpress\/wp-content\/uploads\/2021\/06\/anas.png\" data-dt-img-description=\"\" data-large_image_width=\"299\" data-large_image_height=\"169\"><img loading=\"lazy\" decoding=\"async\" class=\" wp-image-213422 alignleft\" src=\"https:\/\/www.radiopiu.net\/wordpress\/wp-content\/uploads\/2021\/06\/anas.png\" alt=\"\" width=\"152\" height=\"86\" \/><\/a>ROMA<\/strong> La terza edizione della ricerca sugli stili di guida commissionata da Anas rivela che il 10% degli italiani filma con il cellulare mentre \u00e8 al volante. Il 3,1% ammette di averlo fatto personalmente durante la guida, mentre il 6,9% dichiara di essere stato a bordo di un veicolo guidato da qualcun altro mentre filmava. La ricerca, basata su un campione di 4.000 persone e oltre 5.000 osservazioni dirette su strada, \u00e8 stata presentata nel contesto del convegno &#8220;Sicurezza stradale: obiettivo zero vittime&#8221;. Al convegno hanno partecipato il Ministro delle Infrastrutture e dei Trasporti Matteo Salvini e altre figure istituzionali e esperti del settore. La fascia d&#8217;et\u00e0 pi\u00f9 coinvolta \u00e8 quella tra i 25 e i 34 anni.<\/p>\n<p>&nbsp;<\/p>\n<hr \/>\n<p>&nbsp;<\/p>\n<p>&nbsp;<\/p>\n<blockquote><p><strong>Cosa succede a Taibon?<\/strong><br \/>\n<strong>Nel resoconto di Gianni Santomaso tutti i particolari, Le Ragioni dell&#8217;Unione Montana per conto di Asca. La &#8220;difesa&#8221; dell&#8217;attuale gestione che non \u00e8 ancora intenzionata al passaggio di testimone, &#8220;non senza un guadagno&#8221;, precisa la Onlus<\/strong><\/p><\/blockquote>\n<blockquote class=\"wp-embedded-content\" data-secret=\"dBNzju4Cjv\"><p><a href=\"https:\/\/www.radiopiu.net\/wordpress\/casa-di-soggiorno-di-taibon\/\">CASA DI SOGGIORNO DI TAIBON, &#8220;NON SARA&#8217; MICA UNA QUESTIONE SOLO DI SOLDI, BUSINESS?&#8221;<\/a><\/p><\/blockquote>\n<p><iframe loading=\"lazy\" class=\"wp-embedded-content\" sandbox=\"allow-scripts\" security=\"restricted\" style=\"position: absolute; clip: rect(1px, 1px, 1px, 1px);\" title=\"&#8220;CASA DI SOGGIORNO DI TAIBON, &#8220;NON SARA&#8217; MICA UNA QUESTIONE SOLO DI SOLDI, BUSINESS?&#8221;&#8221; &#8212; Radio Pi\u00f9\" src=\"https:\/\/www.radiopiu.net\/wordpress\/casa-di-soggiorno-di-taibon\/embed\/#?secret=ZuIuwNUeZr#?secret=dBNzju4Cjv\" data-secret=\"dBNzju4Cjv\" width=\"600\" height=\"338\" frameborder=\"0\" marginwidth=\"0\" marginheight=\"0\" scrolling=\"no\"><\/iframe><\/p>\n<p>&nbsp;<\/p>\n<hr \/>\n<p>&nbsp;<\/p>\n<p>&nbsp;<\/p>\n<blockquote>\n<h3><strong><a class=\"dt-pswp-item\" href=\"https:\/\/www.radiopiu.net\/wordpress\/wp-content\/uploads\/2023\/11\/presentazione-mig-a-TV-02.jpg\" data-dt-img-description=\"\" data-large_image_width=\"1024\" data-large_image_height=\"768\"><img loading=\"lazy\" decoding=\"async\" class=\" wp-image-362516 alignleft\" src=\"https:\/\/www.radiopiu.net\/wordpress\/wp-content\/uploads\/2023\/11\/presentazione-mig-a-TV-02-300x225.jpg\" alt=\"\" width=\"231\" height=\"173\" srcset=\"https:\/\/www.radiopiu.net\/wordpress\/wp-content\/uploads\/2023\/11\/presentazione-mig-a-TV-02-300x225.jpg 300w, https:\/\/www.radiopiu.net\/wordpress\/wp-content\/uploads\/2023\/11\/presentazione-mig-a-TV-02-768x576.jpg 768w, https:\/\/www.radiopiu.net\/wordpress\/wp-content\/uploads\/2023\/11\/presentazione-mig-a-TV-02.jpg 1024w\" sizes=\"auto, (max-width: 231px) 100vw, 231px\" \/><\/a>Mig 2023: Innovazione e Tradizione nel Mondo del Gelato Artigianale a Longarone Fiere Dolomiti<\/strong><\/h3>\n<\/blockquote>\n<p><strong>LONGARONE<\/strong> Dal 26 al 29 novembre, Longarone Fiere Dolomiti sar\u00e0 il cuore pulsante della Mig 2023, la 63\u00aa edizione della Mostra Internazionale del Gelato. L&#8217;evento metter\u00e0 in luce l&#8217;imprenditoria e l&#8217;innovazione nel settore del gelato artigianale, diventando il punto di incontro per gli imprenditori-gelatieri. La manifestazione offrir\u00e0 un&#8217;atmosfera famigliare, favorendo il confronto tra i professionisti del settore e preparando il terreno per la prossima stagione. Il sindaco di Longarone, Roberto Padrin, la definisce &#8220;la casa dei gelatieri&#8221; e &#8220;il salotto buono del gelato artigianale&#8221;. La Mig 2023 presenter\u00e0 concorsi storici come la Coppa d&#8217;Oro, dedicata quest&#8217;anno al cioccolato fondente. Inoltre, sar\u00e0 introdotto un nuovo concorso dedicato al gelato olimpico, un&#8217;iniziativa in linea con l&#8217;approccio innovativo dell&#8217;evento. La manifestazione sar\u00e0 arricchita anche dal contest sulla granita siciliana e dal gelato del campione, con Filippo Zana, vincitore di una tappa del Giro 2023, come testimonial.<\/p>\n<p>&nbsp;<\/p>\n<blockquote>\n<h3>DAL TG DI ANTENNA 3, CANALE 10 DIGITALE TERRESTRE, IL TG DEL BELLUNESE ALLE 19.30 E ALLE 19 LE ANTICIPAZIONI ALLA RADIO CON TIZIANA BOLOGNANI<\/h3>\n<\/blockquote>\n<h3 class=\"_title post-title entry-title\">AL VIA DAL 26 NOVEMBRE LA 63ESIMA MOSTRA INTERNAZIONALE DEL GELATO ARTIGIANALE<\/h3>\n<p>Intervistati ROBERTO PADRIN (Presidente Provincia di Belluno e Sindaco di Longarone), STEFANO MARCON (Presidente Provincia di Treviso), MICHELE DAL FARRA (Presidente Longarone Fiere Dolomiti) (Servizio di <a href=\"https:\/\/antennatre.medianordest.it\/redazione\/Edy-Caliman\/\">Edy Caliman<\/a>)<\/p>\n<p><iframe loading=\"lazy\" title=\"AL VIA DAL 26 NOVEMBRE LA 63ESIMA MOSTRA INTERNAZIONALE DEL GELATO ARTIGIANALE | 21\/11\/2023\" width=\"1200\" height=\"675\" src=\"https:\/\/www.youtube.com\/embed\/n80OMwr7DYw?feature=oembed\" frameborder=\"0\" allow=\"accelerometer; autoplay; clipboard-write; encrypted-media; gyroscope; picture-in-picture; web-share\" allowfullscreen><\/iframe><\/p>\n<p>&nbsp;<\/p>\n<hr \/>\n<p>&nbsp;<\/p>\n<blockquote>\n<h3>A BELLUNO LA PRESENTAZIONE DEL PATTO DI COMUNITA&#8217; PER IL BENESSERE DIGITALE DEI GIOVANI<\/h3>\n<\/blockquote>\n<p><strong><a class=\"dt-pswp-item\" href=\"https:\/\/www.radiopiu.net\/wordpress\/wp-content\/uploads\/2023\/11\/SCUOLE-IN-RETE.png\" data-dt-img-description=\"\" data-large_image_width=\"570\" data-large_image_height=\"392\"><img loading=\"lazy\" decoding=\"async\" class=\" wp-image-361125 alignleft\" src=\"https:\/\/www.radiopiu.net\/wordpress\/wp-content\/uploads\/2023\/11\/SCUOLE-IN-RETE-300x206.png\" alt=\"\" width=\"138\" height=\"95\" srcset=\"https:\/\/www.radiopiu.net\/wordpress\/wp-content\/uploads\/2023\/11\/SCUOLE-IN-RETE-300x206.png 300w, https:\/\/www.radiopiu.net\/wordpress\/wp-content\/uploads\/2023\/11\/SCUOLE-IN-RETE.png 570w\" sizes=\"auto, (max-width: 138px) 100vw, 138px\" \/><\/a>BELLUNO<\/strong> Il progetto del patto di comunit\u00e0 per il benessere digitale di bambini e ragazzi, gi\u00e0 attivo a Ponte nelle Alpi e Borgo Valbelluna, sar\u00e0 presentato a Belluno. L&#8217;iniziativa, promossa dalle Scuole in Rete per un Mondo di Solidariet\u00e0 e Pace, l&#8217;Ufficio scolastico provinciale e un gruppo di genitori, mira a creare reti tra genitori e scuole per condividere principi e regole comuni sull&#8217;educazione digitale. Il patto coordina l&#8217;uso responsabile del digitale, affinch\u00e9 diventi una risorsa e non un ostacolo per il futuro dei ragazzi. La presentazione si terr\u00e0 il 24 novembre presso la Sala Muccin del Centro Giovanni XXIII, seguita da un incontro sulla sicurezza su Internet con esperti del settore. Gli studenti delle scuole superiori avranno un confronto con gli esperti il 25 novembre presso la Sala teatro del Centro Giovanni XXIII.<\/p>\n<p>&nbsp;<\/p>\n<p>&nbsp;<\/p>\n<hr \/>\n<p>&nbsp;<\/p>\n<blockquote>\n<h3>GIANFRANCO VISSANI OSPITE DI MIG<\/h3>\n<\/blockquote>\n<p><strong><a class=\"dt-pswp-item\" href=\"https:\/\/www.radiopiu.net\/wordpress\/wp-content\/uploads\/2023\/11\/Gianfranco-Vissani_3.jpg\" data-dt-img-description=\"\" data-large_image_width=\"1440\" data-large_image_height=\"1445\"><img loading=\"lazy\" decoding=\"async\" class=\" wp-image-362454 alignleft\" src=\"https:\/\/www.radiopiu.net\/wordpress\/wp-content\/uploads\/2023\/11\/Gianfranco-Vissani_3-300x300.jpg\" alt=\"\" width=\"135\" height=\"135\" srcset=\"https:\/\/www.radiopiu.net\/wordpress\/wp-content\/uploads\/2023\/11\/Gianfranco-Vissani_3-300x300.jpg 300w, https:\/\/www.radiopiu.net\/wordpress\/wp-content\/uploads\/2023\/11\/Gianfranco-Vissani_3-1020x1024.jpg 1020w, https:\/\/www.radiopiu.net\/wordpress\/wp-content\/uploads\/2023\/11\/Gianfranco-Vissani_3-150x150.jpg 150w, https:\/\/www.radiopiu.net\/wordpress\/wp-content\/uploads\/2023\/11\/Gianfranco-Vissani_3-768x771.jpg 768w, https:\/\/www.radiopiu.net\/wordpress\/wp-content\/uploads\/2023\/11\/Gianfranco-Vissani_3.jpg 1440w\" sizes=\"auto, (max-width: 135px) 100vw, 135px\" \/><\/a>LONGARONE <\/strong>Chef, gastronomo, scrittore e personaggio televisivo. Sar\u00e0 Gianfranco Vissani l\u2019ospite d\u2019onore di Mig, per parlare di gelato nella ristorazione. \u00c8 uno dei grandi nomi nel calendario della Mostra internazionale del gelato artigianale, in programma dal 26 al 29 novembre a Longarone Fiere Dolomiti. E affronter\u00e0 un tema quanto mai attuale. S\u00ec, perch\u00e9 il gelato artigianale si sta ritagliando spazi sempre pi\u00f9 ampi all\u2019interno delle cucine dei grandi ristoranti. Non pi\u00f9 solo come dessert o fine pasto, ma parte integrante del percorso culinario proposto, sia come pietanza a s\u00e9 stante sia come accompagnamento di piatti, in grado di esaltare abbinamenti di gusto e di diventare sperimentazione.<\/p>\n<p>&nbsp;<\/p>\n<p>&nbsp;<\/p>\n<hr \/>\n<p>&nbsp;<\/p>\n<blockquote>\n<h3>PRIMAVERA CASA STASERA A LIMANA<\/h3>\n<\/blockquote>\n<p><strong>LIMANA<\/strong> Stasera alle 20:30 nella sala conferenze del Municipio di Limana si terr\u00e0 un incontro per proprietari di case non abitate, in Valbelluna. l progetto PRIMAVERA CASA mette in comunicazione chi le case le possiede e chi vorrebbe abitarle \u2013 ovvero, i lavoratori che arrivano in Valbelluna e i turisti che vengono ai piedi delle Dolomiti per esplorarne la bellezza. Coinvolge e affianca i proprietari di case sfitte per costruire assieme a loro una nuova rete di abitazioni accoglienti, che si aprano al turismo e\/o alla presenza di lavoratori da fuori Provincia.<\/p>\n<p>&nbsp;<\/p>\n<p>&nbsp;<\/p>\n<hr \/>\n<p>&nbsp;<\/p>\n<blockquote>\n<h3>VENERDI IL CONSIGLIO COMUNALE DI CANALE D&#8217;AGORDO<\/h3>\n<\/blockquote>\n<p><strong>CANALE D&#8217;AGORDO<\/strong> Il sindaco di Canale D&#8217;Agordo Massimo Murer ha convocato i consiglieri comunali per venerd\u00ec alle 7 per il consiglio comunale nell&#8217;ufficio del sindaco. Si parler\u00e0 di una variazione a bilancio e del servizio associato di segreteria generale con l&#8217;Unione Montana Agordina.<\/p>\n<p>&nbsp;<\/p>\n<p>&nbsp;<\/p>\n<hr \/>\n<p>&nbsp;<\/p>\n<blockquote>\n<h3>CONTINUA IL RICORDO DEL VAJONT<\/h3>\n<\/blockquote>\n<p><strong>LONGARONE<\/strong> Fondazione Vajont e Comune di Longarone hanno organizzato sette appuntamenti culturali fino alla fine dell&#8217;anno in occasione del 60\u00b0 anniversario del disastro del Vajont. Tra gli eventi, la celebrazione del ventennale della Famiglia Emigranti ed Ex Emigranti del Longaronese, la presentazione del libro &#8220;Rivive nella scuola la nostra emigrazione&#8221;, il Premio internazionale &#8220;Bellunesi che onorano la provincia in Italia e nel mondo&#8221;, la presentazione del volume &#8220;Tesori d\u2019Arte&#8221; dedicato alle chiese del Longaronese, la presentazione del libro &#8220;Il Vajont e le responsabilit\u00e0 dei manager&#8221; e un concerto del Coro della Sat di Trento. Il calendario culminer\u00e0 con la consegna del premio giornalistico &#8220;Dov\u2019\u00e8 Tina Merlin oggi?&#8221; il 16 dicembre e un evento con Andrea Pennati il 20 dicembre al Teatro Comunale di Belluno.<\/p>\n<p>&nbsp;<\/p>\n<p>&nbsp;<\/p>\n<hr \/>\n<p>&nbsp;<\/p>\n<div class=\"page-title-head hgroup\">\n<blockquote>\n<h3 class=\"entry-title\">CENTRO FORMAZIONE E SICUREZZA_SEDICO. LA SETTIMANA ALLA RADIO- PUNTATA 02<\/h3>\n<\/blockquote>\n<\/div>\n<blockquote><p><strong>CFS, CENTRO PER LA FORMAZIONE E LA SICUREZZA DI BELLUNO. UN PROGRAMMA DELLE TRE RADIO, DA LUNEDI A VENERDI SU RADIO CLUB, PIU&#8217; E PRIMIERO. CFS ALLA RADIO, PER CONOSCERE I PERCORSI DEI TRE INDIRIZZI DI STUDIO: EDILE, ELETTRICO, IDRAULICO.<\/strong><\/p>\n<p>&nbsp;<\/p><\/blockquote>\n<p><strong><a class=\"dt-pswp-item\" href=\"https:\/\/www.radiopiu.net\/wordpress\/wp-content\/uploads\/2023\/11\/Senza-nome-95.png\" data-dt-img-description=\"\" data-large_image_width=\"802\" data-large_image_height=\"47\"><img loading=\"lazy\" decoding=\"async\" class=\"wp-image-362325 size-full alignnone\" src=\"https:\/\/www.radiopiu.net\/wordpress\/wp-content\/uploads\/2023\/11\/Senza-nome-95.png\" alt=\"\" width=\"802\" height=\"47\" srcset=\"https:\/\/www.radiopiu.net\/wordpress\/wp-content\/uploads\/2023\/11\/Senza-nome-95.png 802w, https:\/\/www.radiopiu.net\/wordpress\/wp-content\/uploads\/2023\/11\/Senza-nome-95-300x18.png 300w, https:\/\/www.radiopiu.net\/wordpress\/wp-content\/uploads\/2023\/11\/Senza-nome-95-768x45.png 768w\" sizes=\"auto, (max-width: 802px) 100vw, 802px\" \/><\/a><\/strong><\/p>\n<p>&nbsp;<\/p>\n<p><strong><a class=\"dt-pswp-item\" href=\"https:\/\/www.radiopiu.net\/wordpress\/wp-content\/uploads\/2023\/11\/1649353542056.jpg\" data-dt-img-description=\"\" data-large_image_width=\"800\" data-large_image_height=\"800\"><img loading=\"lazy\" decoding=\"async\" class=\"wp-image-362500 alignleft\" src=\"https:\/\/www.radiopiu.net\/wordpress\/wp-content\/uploads\/2023\/11\/1649353542056-300x300.jpg\" alt=\"\" width=\"107\" height=\"107\" srcset=\"https:\/\/www.radiopiu.net\/wordpress\/wp-content\/uploads\/2023\/11\/1649353542056-300x300.jpg 300w, https:\/\/www.radiopiu.net\/wordpress\/wp-content\/uploads\/2023\/11\/1649353542056-150x150.jpg 150w, https:\/\/www.radiopiu.net\/wordpress\/wp-content\/uploads\/2023\/11\/1649353542056-768x768.jpg 768w, https:\/\/www.radiopiu.net\/wordpress\/wp-content\/uploads\/2023\/11\/1649353542056.jpg 800w\" sizes=\"auto, (max-width: 107px) 100vw, 107px\" \/><\/a>PUNTATA 2_martedi 21 novembre 2023\u00a0\u00a0<\/strong><\/p>\n<p><span style=\"color: #ff0000;\">Marco Rossitto, Vice Direttore Cfs, Sedico.\u00a0<\/span><\/p>\n<audio class=\"wp-audio-shortcode\" id=\"audio-362440-9\" preload=\"none\" style=\"width: 100%;\" controls=\"controls\"><source type=\"audio\/mpeg\" src=\"https:\/\/www.radiopiu.net\/wordpress\/wp-content\/uploads\/2023\/11\/MARTEDI-Rossitto-vice-direttore.mp3?_=9\" \/><a href=\"https:\/\/www.radiopiu.net\/wordpress\/wp-content\/uploads\/2023\/11\/MARTEDI-Rossitto-vice-direttore.mp3\">https:\/\/www.radiopiu.net\/wordpress\/wp-content\/uploads\/2023\/11\/MARTEDI-Rossitto-vice-direttore.mp3<\/a><\/audio>\n<p>&nbsp;<\/p>\n<p>&nbsp;<\/p>\n<p><strong><a class=\"dt-pswp-item\" href=\"https:\/\/www.radiopiu.net\/wordpress\/wp-content\/uploads\/2023\/11\/Senza-nome-96.png\" data-dt-img-description=\"\" data-large_image_width=\"256\" data-large_image_height=\"241\"><img loading=\"lazy\" decoding=\"async\" class=\"wp-image-362329 alignleft\" src=\"https:\/\/www.radiopiu.net\/wordpress\/wp-content\/uploads\/2023\/11\/Senza-nome-96.png\" alt=\"\" width=\"99\" height=\"93\" \/><\/a>PUNTATA 1_lunedi 20 novembre 2023.<br \/>\n<\/strong><\/p>\n<p><span style=\"color: #ff0000;\">Ospite, Massimo Riva Presidente Cfs, Sedico.<\/span><\/p>\n<audio class=\"wp-audio-shortcode\" id=\"audio-362440-10\" preload=\"none\" style=\"width: 100%;\" controls=\"controls\"><source type=\"audio\/mpeg\" src=\"https:\/\/www.radiopiu.net\/wordpress\/wp-content\/uploads\/2023\/11\/LUNEDI-Riva-Presidente-CFS-1.mp3?_=10\" \/><a href=\"https:\/\/www.radiopiu.net\/wordpress\/wp-content\/uploads\/2023\/11\/LUNEDI-Riva-Presidente-CFS-1.mp3\">https:\/\/www.radiopiu.net\/wordpress\/wp-content\/uploads\/2023\/11\/LUNEDI-Riva-Presidente-CFS-1.mp3<\/a><\/audio>\n<p><strong>\u00a0 \u00a0<\/strong><\/p>\n<p>&nbsp;<\/p>\n<p><span style=\"color: #0000ff;\"><strong>OGGI\u00a0 la TERZA puntata su <\/strong><strong>radio piu&#8217;\u00a0 alle\u00a0 845 e 15.30; <\/strong><strong>\u00a0radio club 103 dolomiti\u00a0 alle 8.45 e 15.30;\u00a0 <\/strong><\/span><strong><span style=\"color: #0000ff;\">\u00a0radio primiero\u00a0 alle 9.05 e 17.05<\/span><\/strong><\/p>\n<p>&nbsp;<\/p>\n<p>&nbsp;<\/p>\n<hr \/>\n<h2><\/h2>\n<h2><span style=\"color: #008080;\">&#8220;DINTORN E FORA VIA&#8221;\u00a0 IL PROGRAMMA\u00a0 A CURA DEL MUSLA<\/span><\/h2>\n<p><strong><a class=\"dt-pswp-item\" href=\"https:\/\/www.radiopiu.net\/wordpress\/wp-content\/uploads\/2020\/04\/giornali.jpg\" data-dt-img-description=\"\" data-large_image_width=\"1920\" data-large_image_height=\"1280\"><img loading=\"lazy\" decoding=\"async\" class=\" wp-image-126692 alignleft\" src=\"https:\/\/www.radiopiu.net\/wordpress\/wp-content\/uploads\/2020\/04\/giornali-300x200.jpg\" alt=\"\" width=\"153\" height=\"102\" srcset=\"https:\/\/www.radiopiu.net\/wordpress\/wp-content\/uploads\/2020\/04\/giornali-300x200.jpg 300w, https:\/\/www.radiopiu.net\/wordpress\/wp-content\/uploads\/2020\/04\/giornali-1024x683.jpg 1024w, https:\/\/www.radiopiu.net\/wordpress\/wp-content\/uploads\/2020\/04\/giornali-768x512.jpg 768w, https:\/\/www.radiopiu.net\/wordpress\/wp-content\/uploads\/2020\/04\/giornali-1536x1024.jpg 1536w, https:\/\/www.radiopiu.net\/wordpress\/wp-content\/uploads\/2020\/04\/giornali.jpg 1920w\" sizes=\"auto, (max-width: 153px) 100vw, 153px\" \/><\/a>PUNTATA 21 NOVEMBRE CHIARA FRENA<\/strong><\/p>\n<p>Liete da la Chiara par ladin da Agort, co elezioi in Argentina, ATP Finals de tennis, e violenza su le femene, nuove da vesin con boce del Mali in Canal, el tereno espresso Cadore e le bibliografie su wikipedia de cuatro femene belunes<\/p>\n<audio class=\"wp-audio-shortcode\" id=\"audio-362440-11\" preload=\"none\" style=\"width: 100%;\" controls=\"controls\"><source type=\"audio\/mpeg\" src=\"https:\/\/www.radiopiu.net\/wordpress\/wp-content\/uploads\/2023\/11\/MUSLA-6.mp3?_=11\" \/><a href=\"https:\/\/www.radiopiu.net\/wordpress\/wp-content\/uploads\/2023\/11\/MUSLA-6.mp3\">https:\/\/www.radiopiu.net\/wordpress\/wp-content\/uploads\/2023\/11\/MUSLA-6.mp3<\/a><\/audio>\n<p>&nbsp;<\/p>\n<p><strong>LA RACCOLTA COMPLETA <a href=\"https:\/\/www.radiopiu.net\/wordpress\/musla\/\">CLICCA QUI<\/a><\/strong><\/p>\n<p>&nbsp;<\/p>\n<h2><span style=\"color: #ff00ff;\">PROLOCO DI ALLEGHE, LA NUOVA CANZONE IN ATTESA DELL\u2019ACCENSIONE DELL\u2019ALBERO ricordando Afra<br \/>\n<\/span><\/h2>\n<p><strong><a class=\"dt-pswp-item\" href=\"https:\/\/www.radiopiu.net\/wordpress\/wp-content\/uploads\/2023\/11\/Senza-nome-110.png\" data-dt-img-description=\"\" data-large_image_width=\"281\" data-large_image_height=\"329\"><img loading=\"lazy\" decoding=\"async\" class=\"size-medium wp-image-362585 aligncenter\" src=\"https:\/\/www.radiopiu.net\/wordpress\/wp-content\/uploads\/2023\/11\/Senza-nome-110-256x300.png\" alt=\"\" width=\"256\" height=\"300\" srcset=\"https:\/\/www.radiopiu.net\/wordpress\/wp-content\/uploads\/2023\/11\/Senza-nome-110-256x300.png 256w, https:\/\/www.radiopiu.net\/wordpress\/wp-content\/uploads\/2023\/11\/Senza-nome-110.png 281w\" sizes=\"auto, (max-width: 256px) 100vw, 256px\" \/><\/a><\/strong><\/p>\n<p><strong><a class=\"dt-pswp-item\" href=\"https:\/\/www.radiopiu.net\/wordpress\/wp-content\/uploads\/2023\/11\/12b8871f-9a48-4f96-b358-be75a18aea59.jpg\" data-dt-img-description=\"\" data-large_image_width=\"2048\" data-large_image_height=\"1536\"><img loading=\"lazy\" decoding=\"async\" class=\" wp-image-362451 alignleft\" src=\"https:\/\/www.radiopiu.net\/wordpress\/wp-content\/uploads\/2023\/11\/12b8871f-9a48-4f96-b358-be75a18aea59-300x225.jpg\" alt=\"\" width=\"161\" height=\"121\" srcset=\"https:\/\/www.radiopiu.net\/wordpress\/wp-content\/uploads\/2023\/11\/12b8871f-9a48-4f96-b358-be75a18aea59-300x225.jpg 300w, https:\/\/www.radiopiu.net\/wordpress\/wp-content\/uploads\/2023\/11\/12b8871f-9a48-4f96-b358-be75a18aea59-1024x768.jpg 1024w, https:\/\/www.radiopiu.net\/wordpress\/wp-content\/uploads\/2023\/11\/12b8871f-9a48-4f96-b358-be75a18aea59-768x576.jpg 768w, https:\/\/www.radiopiu.net\/wordpress\/wp-content\/uploads\/2023\/11\/12b8871f-9a48-4f96-b358-be75a18aea59-1536x1152.jpg 1536w, https:\/\/www.radiopiu.net\/wordpress\/wp-content\/uploads\/2023\/11\/12b8871f-9a48-4f96-b358-be75a18aea59.jpg 2048w\" sizes=\"auto, (max-width: 161px) 100vw, 161px\" \/><\/a>DI MIRKO MEZZACASA<\/strong><\/p>\n<p>OSPITI: Monica Bellenzier, Claudia De Toni, Giada Da Tos<\/p>\n<audio class=\"wp-audio-shortcode\" id=\"audio-362440-12\" preload=\"none\" style=\"width: 100%;\" controls=\"controls\"><source type=\"audio\/mpeg\" src=\"https:\/\/www.radiopiu.net\/wordpress\/wp-content\/uploads\/2023\/11\/MONICA-CLAUDIA-GIADA-PROLOCO-ALLEGHE.mp3?_=12\" \/><a href=\"https:\/\/www.radiopiu.net\/wordpress\/wp-content\/uploads\/2023\/11\/MONICA-CLAUDIA-GIADA-PROLOCO-ALLEGHE.mp3\">https:\/\/www.radiopiu.net\/wordpress\/wp-content\/uploads\/2023\/11\/MONICA-CLAUDIA-GIADA-PROLOCO-ALLEGHE.mp3<\/a><\/audio>\n<p>&nbsp;<\/p>\n<p>&nbsp;<\/p>\n<hr \/>\n<p>&nbsp;<\/p>\n<blockquote>\n<h3>VACCINO ANTINFLUENZALE: PARTITA LA CAMPAGNA<\/h3>\n<\/blockquote>\n<p><strong><a class=\"dt-pswp-item\" href=\"https:\/\/www.radiopiu.net\/wordpress\/wp-content\/uploads\/2018\/01\/vaccinoinfluenza.jpg\" data-dt-img-description=\"\" data-large_image_width=\"1488\" data-large_image_height=\"973\"><img loading=\"lazy\" decoding=\"async\" class=\" wp-image-42390 alignleft\" src=\"https:\/\/www.radiopiu.net\/wordpress\/wp-content\/uploads\/2018\/01\/vaccinoinfluenza-300x196.jpg\" alt=\"\" width=\"142\" height=\"93\" srcset=\"https:\/\/www.radiopiu.net\/wordpress\/wp-content\/uploads\/2018\/01\/vaccinoinfluenza-300x196.jpg 300w, https:\/\/www.radiopiu.net\/wordpress\/wp-content\/uploads\/2018\/01\/vaccinoinfluenza-768x502.jpg 768w, https:\/\/www.radiopiu.net\/wordpress\/wp-content\/uploads\/2018\/01\/vaccinoinfluenza-1024x670.jpg 1024w, https:\/\/www.radiopiu.net\/wordpress\/wp-content\/uploads\/2018\/01\/vaccinoinfluenza.jpg 1488w\" sizes=\"auto, (max-width: 142px) 100vw, 142px\" \/><\/a>BELLUNO <\/strong>Da marted\u00ec \u00e8 attiva la prenotabilit\u00e0 della vaccinazione antinfluenzale per tutti gli over 65 residenti in Ulss Dolomiti. Il Dipartimento di Prevenzione ha infatti organizzato alcune sedute dedicate nel Centro Vaccinale di Salce, al Centro Prelievi di Feltre (Pad. Gaggia), all\u2019ospedale Pieve di Cadore o al drive in di Tai di Cadore e all\u2019ambulatorio vaccinale di Agordo.<br \/>\n<strong>Si riporta di seguito l\u2019elenco delle sedute disponibili:<\/strong><br \/>\n\u2022 23\/11 FELTRE GAGGIA ore 14.00-17.30<br \/>\n\u2022 27\/11 CADORE DRIVE IN ore 9.00-12.00<br \/>\n\u2022 27\/11 CVP SALCE ore 9.00-12.00<br \/>\n\u2022 28\/11 CVP SALCE ore 9.00-12.00<br \/>\n\u2022 01\/12 FELTRE GAGGIA ore 15.30-17.30<br \/>\nLa prenotazione \u00e8 possibile: online al link: https:\/\/dolomiti.myprenota.it\/vaccinazioni, con richiesta telefonica al numero 0437-514343, con richiesta via mail scrivendo a: vaccinazioni.covid@aulss1.veneto.it Si ricorda che tutti i soggetti per i quali \u00e8 raccomandata potranno eseguire gratuitamente la vaccinazione antinfluenzale dal proprio medico di famiglia o in alcune farmacie del territorio<\/p>\n<p>&nbsp;<\/p>\n<p>&nbsp;<\/p>\n<hr \/>\n<p>&nbsp;<\/p>\n<blockquote>\n<h3>A BELLUNO SI PARLA DI VIOLENZA SULLE DONNE<\/h3>\n<\/blockquote>\n<h3 class=\"photoswipe-wrapper\"><a class=\"dt-pswp-item pspw-wrap-ready\" href=\"https:\/\/www.radiopiu.net\/wordpress\/wp-content\/uploads\/2023\/11\/401522625_3179695172338567_2973418169890137841_n.jpg\" data-dt-img-description=\"\" data-large_image_width=\"1317\" data-large_image_height=\"540\"><img loading=\"lazy\" decoding=\"async\" class=\"wp-image-362237 alignleft\" src=\"https:\/\/www.radiopiu.net\/wordpress\/wp-content\/uploads\/2023\/11\/401522625_3179695172338567_2973418169890137841_n-300x123.jpg\" sizes=\"auto, (max-width: 210px) 100vw, 210px\" srcset=\"https:\/\/www.radiopiu.net\/wordpress\/wp-content\/uploads\/2023\/11\/401522625_3179695172338567_2973418169890137841_n-300x123.jpg 300w, https:\/\/www.radiopiu.net\/wordpress\/wp-content\/uploads\/2023\/11\/401522625_3179695172338567_2973418169890137841_n-1024x420.jpg 1024w, https:\/\/www.radiopiu.net\/wordpress\/wp-content\/uploads\/2023\/11\/401522625_3179695172338567_2973418169890137841_n-768x315.jpg 768w, https:\/\/www.radiopiu.net\/wordpress\/wp-content\/uploads\/2023\/11\/401522625_3179695172338567_2973418169890137841_n.jpg 1317w\" alt=\"\" width=\"210\" height=\"86\" \/><\/a><\/h3>\n<p><strong>BELLUNO<\/strong>\u00a0Si intitola \u201cA Voce Alta\u201d il pomeriggio dedicato alla Giornata contro la Violenza Sulle Donne in programma sabato 25 novembre nella sala conferenze della parrocchia di Cavarzano organizzato dalla CGIL.<\/p>\n<p><strong>ROBERTO DE NART<\/strong><\/p>\n<audio class=\"wp-audio-shortcode\" id=\"audio-362440-13\" preload=\"none\" style=\"width: 100%;\" controls=\"controls\"><source type=\"audio\/mpeg\" src=\"https:\/\/www.radiopiu.net\/wordpress\/wp-content\/uploads\/2023\/11\/ROBERTO-DE-NART-A-VOCE-ALTA-SCAD-25-NOV.mp3?_=13\" \/><a href=\"https:\/\/www.radiopiu.net\/wordpress\/wp-content\/uploads\/2023\/11\/ROBERTO-DE-NART-A-VOCE-ALTA-SCAD-25-NOV.mp3\">https:\/\/www.radiopiu.net\/wordpress\/wp-content\/uploads\/2023\/11\/ROBERTO-DE-NART-A-VOCE-ALTA-SCAD-25-NOV.mp3<\/a><\/audio>\n<p>&nbsp;<\/p>\n<hr \/>\n<p>&nbsp;<\/p>\n<h2><span style=\"color: #ff0000;\">GLI APPUNTAMENTI DELLA SETTIMANA\u00a0 \u00a0<\/span><\/h2>\n<p>&nbsp;<\/p>\n<blockquote>\n<h2>sant&#8217;Andrea, le nostre tradizioni. FINE SETTIMANA DI FESTA A CENCENIGHE<\/h2>\n<\/blockquote>\n<p><strong>A CENCENIGHE SABATO 25 E DOMENICA 26 FIERA DI SANT&#8217;ANDREA. DALLE 9 ALLE 19 AL NOF FILO&#8217; DI CENCENIGHE<\/strong> MERCATINO DELL&#8217;ARTIGIANATO, SERVIZIO BAR, PRANZO CON PIATTO TIPICO. SUL PIAZZALE DEL MUNICIPIO GIRI IN PONY, ESPOSIZIONE CAVALLI, DIMOSTRAZIONE DI FERRATURA ED ESIBIZIONE DI SCULTURA IN LEGNO. CON GLI ALPINI CALDARROSTE E VIN BRULE&#8217;. SANT&#8217;ANDREA A CENCENIGHE CON LA PROLOCO, COMUNE E CON IL CONTRIBUTO DEL CONSORZIO BIM COMUNI DEL PIAVE.<\/p>\n<p><span style=\"color: #ff0000;\">AUDIO<\/span><\/p>\n<audio class=\"wp-audio-shortcode\" id=\"audio-362440-14\" preload=\"none\" style=\"width: 100%;\" controls=\"controls\"><source type=\"audio\/mpeg\" src=\"https:\/\/www.radiopiu.net\/wordpress\/wp-content\/uploads\/2023\/11\/santandrea-1-paoletta.mp3?_=14\" \/><a href=\"https:\/\/www.radiopiu.net\/wordpress\/wp-content\/uploads\/2023\/11\/santandrea-1-paoletta.mp3\">https:\/\/www.radiopiu.net\/wordpress\/wp-content\/uploads\/2023\/11\/santandrea-1-paoletta.mp3<\/a><\/audio>\n<p>&nbsp;<\/p>\n<p><a class=\"dt-pswp-item\" href=\"https:\/\/www.radiopiu.net\/wordpress\/wp-content\/uploads\/2023\/11\/Senza-nome-99.png\" data-dt-img-description=\"\" data-large_image_width=\"665\" data-large_image_height=\"141\"><img loading=\"lazy\" decoding=\"async\" class=\"alignnone wp-image-362343 size-full\" src=\"https:\/\/www.radiopiu.net\/wordpress\/wp-content\/uploads\/2023\/11\/Senza-nome-99.png\" alt=\"\" width=\"665\" height=\"141\" srcset=\"https:\/\/www.radiopiu.net\/wordpress\/wp-content\/uploads\/2023\/11\/Senza-nome-99.png 665w, https:\/\/www.radiopiu.net\/wordpress\/wp-content\/uploads\/2023\/11\/Senza-nome-99-300x64.png 300w\" sizes=\"auto, (max-width: 665px) 100vw, 665px\" \/><\/a><\/p>\n<p>&nbsp;<\/p>\n<p><strong>FIERA DI SANT&#8217;ANDREA A CENCENIGHE, INIZIATIVA SOLIDALE CON ACTO, ASSOCIAZIONE CONTRO IL TUMORE OVARICO.<\/strong> SABATO DALLE 15.30 ALLE 17 AL NOF FILO&#8217; ANGOLO DI CONSULENZA CON LA DOTTORESSA FAVRETTI, GIA&#8217; PRIMARIO GINECOLOGIA-OSTETRICIA A FELTRE DOMENICA DALLE 15.30 A VIVA VOCE, LE DONNE SI RACCONTANO, CONVEGNO ALLA PRESENZA DELLA DOTTORESSA PEZZANI, NUOVO PRIMARIO DI OSTETRICIE A GINECOLOGIA A FELTRE. SANT&#8217;ANDREA A CENCENIGHE, CON LA PROLOCO, COMUNE E IL CONTRIBUTO DEL CONSORZIO BIM COMUNI DEL PIAVE<\/p>\n<p><span style=\"color: #ff0000;\">AUDIO<\/span><\/p>\n<audio class=\"wp-audio-shortcode\" id=\"audio-362440-15\" preload=\"none\" style=\"width: 100%;\" controls=\"controls\"><source type=\"audio\/mpeg\" src=\"https:\/\/www.radiopiu.net\/wordpress\/wp-content\/uploads\/2023\/11\/SAGRA-SANTANDREA-2.mp3?_=15\" \/><a href=\"https:\/\/www.radiopiu.net\/wordpress\/wp-content\/uploads\/2023\/11\/SAGRA-SANTANDREA-2.mp3\">https:\/\/www.radiopiu.net\/wordpress\/wp-content\/uploads\/2023\/11\/SAGRA-SANTANDREA-2.mp3<\/a><\/audio>\n<p>&nbsp;<\/p>\n<hr \/>\n<h2><span style=\"color: #808000;\">\u00a0<\/span><\/h2>\n<h2><span style=\"color: #808000;\">IL 24 NOVEMBRE AL PALAFALCADE UNA SERATA DI SPORT E VALORI PER LA VITA<\/span><\/h2>\n<p><strong><a class=\"dt-pswp-item\" href=\"https:\/\/www.radiopiu.net\/wordpress\/wp-content\/uploads\/2023\/05\/palafalcade.png\" data-dt-img-description=\"\" data-large_image_width=\"1200\" data-large_image_height=\"604\"><img loading=\"lazy\" decoding=\"async\" class=\" wp-image-338428 alignleft\" src=\"https:\/\/www.radiopiu.net\/wordpress\/wp-content\/uploads\/2023\/05\/palafalcade-300x151.png\" alt=\"\" width=\"230\" height=\"116\" srcset=\"https:\/\/www.radiopiu.net\/wordpress\/wp-content\/uploads\/2023\/05\/palafalcade-300x151.png 300w, https:\/\/www.radiopiu.net\/wordpress\/wp-content\/uploads\/2023\/05\/palafalcade-1024x515.png 1024w, https:\/\/www.radiopiu.net\/wordpress\/wp-content\/uploads\/2023\/05\/palafalcade-768x387.png 768w, https:\/\/www.radiopiu.net\/wordpress\/wp-content\/uploads\/2023\/05\/palafalcade.png 1200w\" sizes=\"auto, (max-width: 230px) 100vw, 230px\" \/><\/a>DI MIRKO MEZZACASA<\/strong><\/p>\n<p>OSPITE: Franz Costa<\/p>\n<audio class=\"wp-audio-shortcode\" id=\"audio-362440-16\" preload=\"none\" style=\"width: 100%;\" controls=\"controls\"><source type=\"audio\/mpeg\" src=\"https:\/\/www.radiopiu.net\/wordpress\/wp-content\/uploads\/2023\/11\/FRANZ-COSTA-FALCADE-24-NOVEMBRE.mp3?_=16\" \/><a href=\"https:\/\/www.radiopiu.net\/wordpress\/wp-content\/uploads\/2023\/11\/FRANZ-COSTA-FALCADE-24-NOVEMBRE.mp3\">https:\/\/www.radiopiu.net\/wordpress\/wp-content\/uploads\/2023\/11\/FRANZ-COSTA-FALCADE-24-NOVEMBRE.mp3<\/a><\/audio>\n<p>&nbsp;<\/p>\n<blockquote>\n<h3>LA FILODRAMMATICA D&#8217;AMPEZZO AD ARABBA<\/h3>\n<\/blockquote>\n<p><strong>LIVINALLONGO<\/strong> La Filodrammatica d\u2019Ampezo sar\u00e0 presente ad Arabba, un appuntamento consolidato negli anni, con la commedia allegra \u201cEl morto in ciasa\u201d che dal primo all\u2019ultimo minuto far\u00e0 rimanere il pubblico a bocca aperta con scene divertenti e grottesche.<br \/>\nLa serata si terr\u00e0\u00a0 ad Arabba Sabato 25 novembre alle 20,30 con la collaborazione dei Ladins da Fodom.<\/p>\n<p>&nbsp;<\/p>\n<blockquote>\n<h3 class=\"entry-title\">EVENTI PER I 40 ANNI DEL CENTRO INTERNAZIONALE DEL LIBRO PARLATO \u201cA. SERNAGIOTTO\u201d<\/h3>\n<div class=\"articlePlainText\"><strong>Seconda iniziativa oggi per festeggiare i quarant&#8217;anni del Centro internazionale del libro parlato (Cilp). Alle 18 in sala Ocri, sopra la farmacia dell&#8217;ospedale, verr\u00e0 presentato il romanzo &#8220;Navigante di poppa&#8221;. Sar\u00e0 presente l&#8217;autrice Loredana Borghetto.<\/strong><\/div>\n<div><\/div>\n<div class=\"articlePlainText\"><strong class=\"photoswipe-wrapper\"><a class=\"dt-pswp-item pspw-wrap-ready\" href=\"https:\/\/www.radiopiu.net\/wordpress\/wp-content\/uploads\/2023\/11\/1f9b39ac-7445-4292-9e66-746ed8bde8d9.jpg\" data-dt-img-description=\"\" data-large_image_width=\"800\" data-large_image_height=\"1067\"><img loading=\"lazy\" decoding=\"async\" class=\" wp-image-360368 alignleft\" src=\"https:\/\/www.radiopiu.net\/wordpress\/wp-content\/uploads\/2023\/11\/1f9b39ac-7445-4292-9e66-746ed8bde8d9-225x300.jpg\" sizes=\"auto, (max-width: 182px) 100vw, 182px\" srcset=\"https:\/\/www.radiopiu.net\/wordpress\/wp-content\/uploads\/2023\/11\/1f9b39ac-7445-4292-9e66-746ed8bde8d9-225x300.jpg 225w, https:\/\/www.radiopiu.net\/wordpress\/wp-content\/uploads\/2023\/11\/1f9b39ac-7445-4292-9e66-746ed8bde8d9-768x1024.jpg 768w, https:\/\/www.radiopiu.net\/wordpress\/wp-content\/uploads\/2023\/11\/1f9b39ac-7445-4292-9e66-746ed8bde8d9.jpg 800w\" alt=\"\" width=\"182\" height=\"243\" \/><\/a>FELTRE<\/strong> Gli eventi in programma per celebrare i 40 anni del Libro Parlato di Feltre \u201cA. Sernagiotto\u201d.<\/div>\n<\/blockquote>\n<p><strong>OGGI <\/strong>alle 18 in Sala Ocri la presentazione del romanzo \u201cNavigante di poppa\u201d: Incontro con l\u2019autrice Loredana Borghetto, presenta Cristina Pierotti<\/p>\n<p><strong>SABATO 9 DICEMBRE\u00a0<\/strong>alle 18 in Sala Ocri Letture ad alta voce dedicate a Italo Calvino con Fabio Dalla Zuanna e Anna Branciforti<\/p>\n<p><strong>LUNEDI 18 DICEMBRE\u00a0<\/strong>alle 18 in Sala Ocri Flavio Faoro: da Oltre le vette ai racconti e alle fiabe, presenta Luisa Alchini. Letture ad alta voce del gruppo Libri Parlanti<\/p>\n<p><strong>VENERDI 22 DICEMBRE\u00a0<\/strong>alle 18 in Sala Ocri Presentazione del libro \u201cIl saldatore del Vajont\u201d con l\u2019autore Antonio G. Bortoluzzi \u2013 presenta Nicola Maccagnan<\/p>\n<p>&nbsp;<\/p>\n<p>&nbsp;<\/p>\n<blockquote>\n<h3>UNA GIORNATA PER PARLARE DI SPORT E AGONISMO<\/h3>\n<\/blockquote>\n<p><strong>SANTA GIUSTINA <\/strong><strong>Venerd\u00ec <\/strong><strong>a Santa Giustina<\/strong> <strong>e Pedavena<\/strong> si parler\u00e0 di sport e di agonismo in pi\u00f9 appuntamenti dedicati alle scuole, alle societ\u00e0 sportive e alla cittadinanza. Al mattino l&#8217;incontro con gli alunni delle scuole medie di Pedavena e Santa Giustina mentre la sera <strong>alle 20.30 l&#8217;incontro al Centro Culturale di Santa <\/strong>Giustina sar\u00e0 pubblico e rivolto in particolare alle societ\u00e0 sportive.<\/p>\n<p>&nbsp;<\/p>\n<blockquote>\n<h3>\u00a0INCONTRO SUL TRASPORTO PUBBLICO<\/h3>\n<\/blockquote>\n<p><strong>AGORDO<\/strong> Sabato 25 novembre alle 16:30 in Sala Don Tamis si parler\u00e0 di trasporto pubblico. Quali opportunit\u00e0 per l&#8217;Agordino? Interverranno il sociologo Diego Cason, Christian Bellini di CONFSAL Veneto, Heinz Dellago del servizio trasporto persone della provincia di Bolzano, Walter Finkbohner esperto dei trasporti in Svizzera, il presidente di Transdolomites Massimo Girardi e il Comitato Ferrovia Dolomiti Bellunesi.<\/p>\n<p>&nbsp;<\/p>\n<blockquote>\n<h3>IL GIORNALISTA CLAUDIO PAGLIARA A BELLUNO PER PRESENTARE IL NUOVO LIBRO<\/h3>\n<\/blockquote>\n<p><strong>BELLUNO<\/strong> La rassegna culturale \u201cIllustrissimi\u201d ideata e curata da Michelangelo De Don\u00e0 e tenutasi dal 1995 presso il Centro Papa Luciani di Santa Giustina avr\u00e0 un nuovo corso diventando itinerante. Si parte da Belluno sabato 25 novembre alle ore 18 presso l\u2019aula magna del Seminario Gregoriano: Claudio Pagliara, uno dei volti pi\u00f9 noti del giornalismo televisivo, presenter\u00e0 il suo volume \u201cLa tempesta perfetta. USA e Cina sull\u2019orlo della terza guerra mondiale\u201d<\/p>\n<p>&nbsp;<\/p>\n<blockquote>\n<h3>LA PREMIAZIONE DEL CONCORSO LETTERARIO &#8220;SOSPIROLO TRA LEGGENDE E MISTERI&#8221;<\/h3>\n<\/blockquote>\n<p><strong>SOSPIROLO<\/strong> Domenica alle 10:30 al Centro Civico di Sospirolo ci sar\u00e0 la premiazione del 14\u00b0 concorso letterario &#8220;Sospirolo Tra Leggende e Misteri&#8221;. Lettura musicata dei racconti vincitori di Cristina Gianni e accompagnamento musicale di Luciano Tonni. Giuria presieduta da Antonia Arslan<\/p>\n<p>&nbsp;<\/p>\n<h2><span style=\"color: #ff0000;\">PROSSIMAMENTE<\/span><\/h2>\n<blockquote>\n<h3>APPUNTI DI VIAGGIO CON ABM<\/h3>\n<\/blockquote>\n<p><strong>PIEVE DI CADORE<\/strong> \u201cAppunti di viaggio. L\u2019Italia al di l\u00e0 dell\u2019oceano\u201d \u00e8 il titolo della serata organizzata dalla Famiglia Ex emigranti del Cadore, con il patrocinio del Comune di Pieve di Cadore e dell\u2019Associazione Bellunesi nel Mondo, in programma mercoled\u00ec 29 novembre, alle ore 18.00, nella Sala Consigliare del Comune di Pieve di Cadore. Protagonista Nadia Agnoli, appena rientrata da un intenso viaggio in Sudamerica tra Messico, Per\u00f9 e Brasile<\/p>\n<p>&nbsp;<\/p>\n<p>&nbsp;<\/p>\n<blockquote>\n<h1>IN VIVO VERSO NIGHT, LA SECONDA PUNTATA DI BRUNELLA MORO<\/h1>\n<\/blockquote>\n<p>&nbsp;<\/p>\n<p>&nbsp;<\/p>\n<div dir=\"auto\">Eccoci di nuovo! <span class=\"x3nfvp2 x1j61x8r x1fcty0u xdj266r xhhsvwb xat24cr xgzva0m xxymvpz xlup9mm x1kky2od\"><img loading=\"lazy\" decoding=\"async\" class=\"xz74otr\" src=\"https:\/\/static.xx.fbcdn.net\/images\/emoji.php\/v9\/t6c\/1\/16\/2764.png\" alt=\"&#x2764;&#xfe0f;\" width=\"16\" height=\"16\" \/> <\/span>Con tanto piacere vi annunciamo che marted\u00ec 21 novembre, alle 20.30,andr\u00e0 in onda la prossima puntata di In Vivo Verso Night\u2026<\/div>\n<div dir=\"auto\">Gli splendidi versi di <a class=\"x1i10hfl xjbqb8w x6umtig x1b1mbwd xaqea5y xav7gou x9f619 x1ypdohk xt0psk2 xe8uvvx xdj266r x11i5rnm xat24cr x1mh8g0r xexx8yu x4uap5 x18d9i69 xkhd6sd x16tdsg8 x1hl2dhg xggy1nq x1a2a7pz xt0b8zv x1qq9wsj xo1l8bm\" tabindex=\"0\" role=\"link\" href=\"https:\/\/www.facebook.com\/groups\/1534369250161530\/user\/100000036251027\/?__cft__[0]=AZXC9X-u01M2VyIhusIwUJywN0AZgby5t0iGanRrliavB98YOSbg5UXCrVmElmIcRWkCO7zkqAgOEuqqu6WlQdcfiksHyS7EUWosVMOLR6ZpijaXToDAFQTMw0eviZdVj-Us1NduNlHVxaYdziY4HEpspm1LtfLt_2Y1sY47EYAQ0i7l7AJ4xfXk2K2Aphdqnew&amp;__tn__=-]K-R\"><span class=\"xt0psk2\">Lorena Brandolese<\/span><\/a>, il sempre presente <a class=\"x1i10hfl xjbqb8w x6umtig x1b1mbwd xaqea5y xav7gou x9f619 x1ypdohk xt0psk2 xe8uvvx xdj266r x11i5rnm xat24cr x1mh8g0r xexx8yu x4uap5 x18d9i69 xkhd6sd x16tdsg8 x1hl2dhg xggy1nq x1a2a7pz xt0b8zv x1qq9wsj xo1l8bm\" tabindex=\"0\" role=\"link\" href=\"https:\/\/www.facebook.com\/groups\/1534369250161530\/user\/100003151097675\/?__cft__[0]=AZXC9X-u01M2VyIhusIwUJywN0AZgby5t0iGanRrliavB98YOSbg5UXCrVmElmIcRWkCO7zkqAgOEuqqu6WlQdcfiksHyS7EUWosVMOLR6ZpijaXToDAFQTMw0eviZdVj-Us1NduNlHVxaYdziY4HEpspm1LtfLt_2Y1sY47EYAQ0i7l7AJ4xfXk2K2Aphdqnew&amp;__tn__=-]K-R\"><span class=\"xt0psk2\">Federico Soppelsa<\/span><\/a>, la potente voce di <a class=\"x1i10hfl xjbqb8w x6umtig x1b1mbwd xaqea5y xav7gou x9f619 x1ypdohk xt0psk2 xe8uvvx xdj266r x11i5rnm xat24cr x1mh8g0r xexx8yu x4uap5 x18d9i69 xkhd6sd x16tdsg8 x1hl2dhg xggy1nq x1a2a7pz xt0b8zv x1qq9wsj xo1l8bm\" tabindex=\"0\" role=\"link\" href=\"https:\/\/www.facebook.com\/groups\/1534369250161530\/user\/100001252180403\/?__cft__[0]=AZXC9X-u01M2VyIhusIwUJywN0AZgby5t0iGanRrliavB98YOSbg5UXCrVmElmIcRWkCO7zkqAgOEuqqu6WlQdcfiksHyS7EUWosVMOLR6ZpijaXToDAFQTMw0eviZdVj-Us1NduNlHVxaYdziY4HEpspm1LtfLt_2Y1sY47EYAQ0i7l7AJ4xfXk2K2Aphdqnew&amp;__tn__=-]K-R\"><span class=\"xt0psk2\">Sara Casal<\/span><\/a>, e una nuova gradevole presenza che sar\u00e0 il poeta Pasquale Nuzzolese saranno letti in un alternarsi di musica e poesia. E il protagonista? Il giovane <a class=\"x1i10hfl xjbqb8w x6umtig x1b1mbwd xaqea5y xav7gou x9f619 x1ypdohk xt0psk2 xe8uvvx xdj266r x11i5rnm xat24cr x1mh8g0r xexx8yu x4uap5 x18d9i69 xkhd6sd x16tdsg8 x1hl2dhg xggy1nq x1a2a7pz xt0b8zv x1qq9wsj xo1l8bm\" tabindex=\"0\" role=\"link\" href=\"https:\/\/www.facebook.com\/groups\/1534369250161530\/user\/100063523938131\/?__cft__[0]=AZXC9X-u01M2VyIhusIwUJywN0AZgby5t0iGanRrliavB98YOSbg5UXCrVmElmIcRWkCO7zkqAgOEuqqu6WlQdcfiksHyS7EUWosVMOLR6ZpijaXToDAFQTMw0eviZdVj-Us1NduNlHVxaYdziY4HEpspm1LtfLt_2Y1sY47EYAQ0i7l7AJ4xfXk2K2Aphdqnew&amp;__tn__=-]K-R\"><span class=\"xt0psk2\">Marco V. Dal Farra<\/span><\/a>, un talento bellunese con cui faremo due piacevoli chiacchiere insieme . Un grazie e un sorriso ai lettori che presteranno la loro voce durante il programma: Andrea Moro, Sara Casal,<\/div>\n<h1 dir=\"auto\"><\/h1>\n<h1 dir=\"auto\"><span style=\"color: #ff0000;\"><strong>IL PROGRAMMA INTERO<\/strong><\/span><\/h1>\n<div dir=\"auto\"><\/div>\n<div dir=\"auto\">PARTE UNO<\/div>\n<div dir=\"auto\"><\/div>\n<div dir=\"auto\">\n<audio class=\"wp-audio-shortcode\" id=\"audio-362440-17\" preload=\"none\" style=\"width: 100%;\" controls=\"controls\"><source type=\"audio\/mpeg\" src=\"https:\/\/www.radiopiu.net\/wordpress\/wp-content\/uploads\/2023\/11\/IN-VIVO-VERSO-NIGHT-BLOCCO-1.mp3?_=17\" \/><a href=\"https:\/\/www.radiopiu.net\/wordpress\/wp-content\/uploads\/2023\/11\/IN-VIVO-VERSO-NIGHT-BLOCCO-1.mp3\">https:\/\/www.radiopiu.net\/wordpress\/wp-content\/uploads\/2023\/11\/IN-VIVO-VERSO-NIGHT-BLOCCO-1.mp3<\/a><\/audio>\n<\/div>\n<div dir=\"auto\"><\/div>\n<div dir=\"auto\">PARTE DUE<\/div>\n<div dir=\"auto\">\n<audio class=\"wp-audio-shortcode\" id=\"audio-362440-18\" preload=\"none\" style=\"width: 100%;\" controls=\"controls\"><source type=\"audio\/mpeg\" src=\"https:\/\/www.radiopiu.net\/wordpress\/wp-content\/uploads\/2023\/11\/IN-VIVO-VERSO-NIGHT-BLOCCO-2.mp3?_=18\" \/><a href=\"https:\/\/www.radiopiu.net\/wordpress\/wp-content\/uploads\/2023\/11\/IN-VIVO-VERSO-NIGHT-BLOCCO-2.mp3\">https:\/\/www.radiopiu.net\/wordpress\/wp-content\/uploads\/2023\/11\/IN-VIVO-VERSO-NIGHT-BLOCCO-2.mp3<\/a><\/audio>\n<p>PARTE TRE<\/p>\n<\/div>\n<div dir=\"auto\">\n<audio class=\"wp-audio-shortcode\" id=\"audio-362440-19\" preload=\"none\" style=\"width: 100%;\" controls=\"controls\"><source type=\"audio\/mpeg\" src=\"https:\/\/www.radiopiu.net\/wordpress\/wp-content\/uploads\/2023\/11\/IN-VIVO-VERSO-NIGHT-BLOCCO-3.mp3?_=19\" \/><a href=\"https:\/\/www.radiopiu.net\/wordpress\/wp-content\/uploads\/2023\/11\/IN-VIVO-VERSO-NIGHT-BLOCCO-3.mp3\">https:\/\/www.radiopiu.net\/wordpress\/wp-content\/uploads\/2023\/11\/IN-VIVO-VERSO-NIGHT-BLOCCO-3.mp3<\/a><\/audio>\n<p>&nbsp;<\/p>\n<p>&nbsp;<\/p>\n<p>*****<\/p>\n<\/div>\n<div dir=\"auto\">\n<p><iframe loading=\"lazy\" title=\"IN VIVO VERSO NIGHT\" width=\"1200\" height=\"675\" src=\"https:\/\/www.youtube.com\/embed\/Nb1rQ25Iyco?feature=oembed\" frameborder=\"0\" allow=\"accelerometer; autoplay; clipboard-write; encrypted-media; gyroscope; picture-in-picture; web-share\" allowfullscreen><\/iframe><\/p>\n<\/div>\n<div dir=\"auto\"><\/div>\n<div dir=\"auto\"><\/div>\n<div dir=\"auto\"><a class=\"dt-pswp-item\" href=\"https:\/\/www.radiopiu.net\/wordpress\/wp-content\/uploads\/2023\/11\/08-PASQUALE-NUZZOLESE.jpg\" data-dt-img-description=\"\" data-large_image_width=\"788\" data-large_image_height=\"1024\"><img loading=\"lazy\" decoding=\"async\" class=\"wp-image-362557 alignleft\" src=\"https:\/\/www.radiopiu.net\/wordpress\/wp-content\/uploads\/2023\/11\/08-PASQUALE-NUZZOLESE-231x300.jpg\" alt=\"\" width=\"116\" height=\"151\" srcset=\"https:\/\/www.radiopiu.net\/wordpress\/wp-content\/uploads\/2023\/11\/08-PASQUALE-NUZZOLESE-231x300.jpg 231w, https:\/\/www.radiopiu.net\/wordpress\/wp-content\/uploads\/2023\/11\/08-PASQUALE-NUZZOLESE-768x998.jpg 768w, https:\/\/www.radiopiu.net\/wordpress\/wp-content\/uploads\/2023\/11\/08-PASQUALE-NUZZOLESE.jpg 788w\" sizes=\"auto, (max-width: 116px) 100vw, 116px\" \/><\/a>VENTUN LUGLIO 2021 PASQUALE NUZZOLESE<\/div>\n<div dir=\"auto\"><\/div>\n<div dir=\"auto\">\n<audio class=\"wp-audio-shortcode\" id=\"audio-362440-20\" preload=\"none\" style=\"width: 100%;\" controls=\"controls\"><source type=\"audio\/mpeg\" src=\"https:\/\/www.radiopiu.net\/wordpress\/wp-content\/uploads\/2023\/11\/VENTUNO-LUGLIO-2021-PASQUALE-NUZZOLESE.mp3?_=20\" \/><a href=\"https:\/\/www.radiopiu.net\/wordpress\/wp-content\/uploads\/2023\/11\/VENTUNO-LUGLIO-2021-PASQUALE-NUZZOLESE.mp3\">https:\/\/www.radiopiu.net\/wordpress\/wp-content\/uploads\/2023\/11\/VENTUNO-LUGLIO-2021-PASQUALE-NUZZOLESE.mp3<\/a><\/audio>\n<p>&nbsp;<\/p>\n<p>&nbsp;<\/p>\n<p><a class=\"dt-pswp-item\" href=\"https:\/\/www.radiopiu.net\/wordpress\/wp-content\/uploads\/2023\/11\/07-marco-dal-farra-2.jpg\" data-dt-img-description=\"\" data-large_image_width=\"1066\" data-large_image_height=\"1600\"><img loading=\"lazy\" decoding=\"async\" class=\"wp-image-362555 alignleft\" src=\"https:\/\/www.radiopiu.net\/wordpress\/wp-content\/uploads\/2023\/11\/07-marco-dal-farra-2-200x300.jpg\" alt=\"\" width=\"136\" height=\"204\" srcset=\"https:\/\/www.radiopiu.net\/wordpress\/wp-content\/uploads\/2023\/11\/07-marco-dal-farra-2-200x300.jpg 200w, https:\/\/www.radiopiu.net\/wordpress\/wp-content\/uploads\/2023\/11\/07-marco-dal-farra-2-682x1024.jpg 682w, https:\/\/www.radiopiu.net\/wordpress\/wp-content\/uploads\/2023\/11\/07-marco-dal-farra-2-768x1153.jpg 768w, https:\/\/www.radiopiu.net\/wordpress\/wp-content\/uploads\/2023\/11\/07-marco-dal-farra-2-1023x1536.jpg 1023w, https:\/\/www.radiopiu.net\/wordpress\/wp-content\/uploads\/2023\/11\/07-marco-dal-farra-2.jpg 1066w\" sizes=\"auto, (max-width: 136px) 100vw, 136px\" \/><\/a>SIMILE ALL&#8217;UOMO MARCO DAL FARRA<\/p>\n<audio class=\"wp-audio-shortcode\" id=\"audio-362440-21\" preload=\"none\" style=\"width: 100%;\" controls=\"controls\"><source type=\"audio\/mpeg\" src=\"https:\/\/www.radiopiu.net\/wordpress\/wp-content\/uploads\/2023\/11\/SIMILE-ALLUOMO-MARCO-DAL-FARRA-POESIA.mp3?_=21\" \/><a href=\"https:\/\/www.radiopiu.net\/wordpress\/wp-content\/uploads\/2023\/11\/SIMILE-ALLUOMO-MARCO-DAL-FARRA-POESIA.mp3\">https:\/\/www.radiopiu.net\/wordpress\/wp-content\/uploads\/2023\/11\/SIMILE-ALLUOMO-MARCO-DAL-FARRA-POESIA.mp3<\/a><\/audio>\n<p>&nbsp;<\/p>\n<p>&nbsp;<\/p>\n<p><a class=\"dt-pswp-item\" href=\"https:\/\/www.radiopiu.net\/wordpress\/wp-content\/uploads\/2023\/11\/04-MALIKA-AYANE.jpg\" data-dt-img-description=\"\" data-large_image_width=\"747\" data-large_image_height=\"747\"><img loading=\"lazy\" decoding=\"async\" class=\"wp-image-362551 alignleft\" src=\"https:\/\/www.radiopiu.net\/wordpress\/wp-content\/uploads\/2023\/11\/04-MALIKA-AYANE-300x300.jpg\" alt=\"\" width=\"191\" height=\"191\" srcset=\"https:\/\/www.radiopiu.net\/wordpress\/wp-content\/uploads\/2023\/11\/04-MALIKA-AYANE-300x300.jpg 300w, https:\/\/www.radiopiu.net\/wordpress\/wp-content\/uploads\/2023\/11\/04-MALIKA-AYANE-150x150.jpg 150w, https:\/\/www.radiopiu.net\/wordpress\/wp-content\/uploads\/2023\/11\/04-MALIKA-AYANE.jpg 747w\" sizes=\"auto, (max-width: 191px) 100vw, 191px\" \/><\/a>RICOMINCIO DA QUI, BRUNELLA MORO LEGGE MALIKA AYANE<\/p>\n<audio class=\"wp-audio-shortcode\" id=\"audio-362440-22\" preload=\"none\" style=\"width: 100%;\" controls=\"controls\"><source type=\"audio\/mpeg\" src=\"https:\/\/www.radiopiu.net\/wordpress\/wp-content\/uploads\/2023\/11\/RICOMINCIO-DA-QUI-MALIKA-AYANE.mp3?_=22\" \/><a href=\"https:\/\/www.radiopiu.net\/wordpress\/wp-content\/uploads\/2023\/11\/RICOMINCIO-DA-QUI-MALIKA-AYANE.mp3\">https:\/\/www.radiopiu.net\/wordpress\/wp-content\/uploads\/2023\/11\/RICOMINCIO-DA-QUI-MALIKA-AYANE.mp3<\/a><\/audio>\n<p>&nbsp;<\/p>\n<p>&nbsp;<\/p>\n<p><a class=\"dt-pswp-item\" href=\"https:\/\/www.radiopiu.net\/wordpress\/wp-content\/uploads\/2023\/11\/03-SARA-CASAL.jpg\" data-dt-img-description=\"\" data-large_image_width=\"666\" data-large_image_height=\"666\"><img loading=\"lazy\" decoding=\"async\" class=\" wp-image-362550 alignleft\" src=\"https:\/\/www.radiopiu.net\/wordpress\/wp-content\/uploads\/2023\/11\/03-SARA-CASAL-300x300.jpg\" alt=\"\" width=\"208\" height=\"208\" srcset=\"https:\/\/www.radiopiu.net\/wordpress\/wp-content\/uploads\/2023\/11\/03-SARA-CASAL-300x300.jpg 300w, https:\/\/www.radiopiu.net\/wordpress\/wp-content\/uploads\/2023\/11\/03-SARA-CASAL-150x150.jpg 150w, https:\/\/www.radiopiu.net\/wordpress\/wp-content\/uploads\/2023\/11\/03-SARA-CASAL.jpg 666w\" sizes=\"auto, (max-width: 208px) 100vw, 208px\" \/><\/a>SARA CASAL CAMBIAMENTO<\/p>\n<audio class=\"wp-audio-shortcode\" id=\"audio-362440-23\" preload=\"none\" style=\"width: 100%;\" controls=\"controls\"><source type=\"audio\/mpeg\" src=\"https:\/\/www.radiopiu.net\/wordpress\/wp-content\/uploads\/2023\/11\/CAMBIAMENTO-SARA-CASAL.mp3?_=23\" \/><a href=\"https:\/\/www.radiopiu.net\/wordpress\/wp-content\/uploads\/2023\/11\/CAMBIAMENTO-SARA-CASAL.mp3\">https:\/\/www.radiopiu.net\/wordpress\/wp-content\/uploads\/2023\/11\/CAMBIAMENTO-SARA-CASAL.mp3<\/a><\/audio>\n<p>&nbsp;<\/p>\n<p>&nbsp;<\/p>\n<p><a class=\"dt-pswp-item\" href=\"https:\/\/www.radiopiu.net\/wordpress\/wp-content\/uploads\/2023\/11\/02-FEDERICO-SOPELSA.jpg\" data-dt-img-description=\"\" data-large_image_width=\"546\" data-large_image_height=\"642\"><img loading=\"lazy\" decoding=\"async\" class=\" wp-image-362549 alignleft\" src=\"https:\/\/www.radiopiu.net\/wordpress\/wp-content\/uploads\/2023\/11\/02-FEDERICO-SOPELSA-255x300.jpg\" alt=\"\" width=\"202\" height=\"238\" srcset=\"https:\/\/www.radiopiu.net\/wordpress\/wp-content\/uploads\/2023\/11\/02-FEDERICO-SOPELSA-255x300.jpg 255w, https:\/\/www.radiopiu.net\/wordpress\/wp-content\/uploads\/2023\/11\/02-FEDERICO-SOPELSA.jpg 546w\" sizes=\"auto, (max-width: 202px) 100vw, 202px\" \/><\/a>FEDERICO SOPPELSA DONNA<\/p>\n<audio class=\"wp-audio-shortcode\" id=\"audio-362440-24\" preload=\"none\" style=\"width: 100%;\" controls=\"controls\"><source type=\"audio\/mpeg\" src=\"https:\/\/www.radiopiu.net\/wordpress\/wp-content\/uploads\/2023\/11\/DONNA-DI-FEDERICO-SOPPELSA.mp3?_=24\" \/><a href=\"https:\/\/www.radiopiu.net\/wordpress\/wp-content\/uploads\/2023\/11\/DONNA-DI-FEDERICO-SOPPELSA.mp3\">https:\/\/www.radiopiu.net\/wordpress\/wp-content\/uploads\/2023\/11\/DONNA-DI-FEDERICO-SOPPELSA.mp3<\/a><\/audio>\n<p>&nbsp;<\/p>\n<p>&nbsp;<\/p>\n<p><a class=\"dt-pswp-item\" href=\"https:\/\/www.radiopiu.net\/wordpress\/wp-content\/uploads\/2023\/11\/01-LORENA-BRANDOLESE.jpg\" data-dt-img-description=\"\" data-large_image_width=\"576\" data-large_image_height=\"576\"><img loading=\"lazy\" decoding=\"async\" class=\"wp-image-362548 alignleft\" src=\"https:\/\/www.radiopiu.net\/wordpress\/wp-content\/uploads\/2023\/11\/01-LORENA-BRANDOLESE-300x300.jpg\" alt=\"\" width=\"204\" height=\"204\" srcset=\"https:\/\/www.radiopiu.net\/wordpress\/wp-content\/uploads\/2023\/11\/01-LORENA-BRANDOLESE-300x300.jpg 300w, https:\/\/www.radiopiu.net\/wordpress\/wp-content\/uploads\/2023\/11\/01-LORENA-BRANDOLESE-150x150.jpg 150w, https:\/\/www.radiopiu.net\/wordpress\/wp-content\/uploads\/2023\/11\/01-LORENA-BRANDOLESE.jpg 576w\" sizes=\"auto, (max-width: 204px) 100vw, 204px\" \/><\/a>LORENA BRANDOLESE CI VEDIAMO PER UN CAFFE&#8217;<\/p>\n<audio class=\"wp-audio-shortcode\" id=\"audio-362440-25\" preload=\"none\" style=\"width: 100%;\" controls=\"controls\"><source type=\"audio\/mpeg\" src=\"https:\/\/www.radiopiu.net\/wordpress\/wp-content\/uploads\/2023\/11\/CI-VEDIAMO-PER-UN-CAFFE-LORENA-BRANDOLESE.mp3?_=25\" \/><a href=\"https:\/\/www.radiopiu.net\/wordpress\/wp-content\/uploads\/2023\/11\/CI-VEDIAMO-PER-UN-CAFFE-LORENA-BRANDOLESE.mp3\">https:\/\/www.radiopiu.net\/wordpress\/wp-content\/uploads\/2023\/11\/CI-VEDIAMO-PER-UN-CAFFE-LORENA-BRANDOLESE.mp3<\/a><\/audio>\n<p>&nbsp;<\/p>\n<p>&nbsp;<\/p>\n<p><a class=\"dt-pswp-item\" href=\"https:\/\/www.radiopiu.net\/wordpress\/wp-content\/uploads\/2023\/11\/07-MARCO-DAL-FARRA-BALESE.jpg\" data-dt-img-description=\"\" data-large_image_width=\"533\" data-large_image_height=\"657\"><img loading=\"lazy\" decoding=\"async\" class=\"wp-image-362556 alignleft\" src=\"https:\/\/www.radiopiu.net\/wordpress\/wp-content\/uploads\/2023\/11\/07-MARCO-DAL-FARRA-BALESE-243x300.jpg\" alt=\"\" width=\"185\" height=\"229\" srcset=\"https:\/\/www.radiopiu.net\/wordpress\/wp-content\/uploads\/2023\/11\/07-MARCO-DAL-FARRA-BALESE-243x300.jpg 243w, https:\/\/www.radiopiu.net\/wordpress\/wp-content\/uploads\/2023\/11\/07-MARCO-DAL-FARRA-BALESE.jpg 533w\" sizes=\"auto, (max-width: 185px) 100vw, 185px\" \/><\/a>LE BALERE DI MARCO DAL FARRA LEGGE BRUNELLA MORO<\/p>\n<audio class=\"wp-audio-shortcode\" id=\"audio-362440-26\" preload=\"none\" style=\"width: 100%;\" controls=\"controls\"><source type=\"audio\/mpeg\" src=\"https:\/\/www.radiopiu.net\/wordpress\/wp-content\/uploads\/2023\/11\/LE-BALERE-MARCO-DAL-FARRA.mp3?_=26\" \/><a href=\"https:\/\/www.radiopiu.net\/wordpress\/wp-content\/uploads\/2023\/11\/LE-BALERE-MARCO-DAL-FARRA.mp3\">https:\/\/www.radiopiu.net\/wordpress\/wp-content\/uploads\/2023\/11\/LE-BALERE-MARCO-DAL-FARRA.mp3<\/a><\/audio>\n<p>&nbsp;<\/p>\n<p>&nbsp;<\/p>\n<p><a class=\"dt-pswp-item\" href=\"https:\/\/www.radiopiu.net\/wordpress\/wp-content\/uploads\/2023\/11\/73431755_1446855058797699_5192565197362513615_n.jpg\" data-dt-img-description=\"\" data-large_image_width=\"640\" data-large_image_height=\"640\"><img loading=\"lazy\" decoding=\"async\" class=\"wp-image-362559 alignleft\" src=\"https:\/\/www.radiopiu.net\/wordpress\/wp-content\/uploads\/2023\/11\/73431755_1446855058797699_5192565197362513615_n-300x300.jpg\" alt=\"\" width=\"172\" height=\"172\" srcset=\"https:\/\/www.radiopiu.net\/wordpress\/wp-content\/uploads\/2023\/11\/73431755_1446855058797699_5192565197362513615_n-300x300.jpg 300w, https:\/\/www.radiopiu.net\/wordpress\/wp-content\/uploads\/2023\/11\/73431755_1446855058797699_5192565197362513615_n-150x150.jpg 150w, https:\/\/www.radiopiu.net\/wordpress\/wp-content\/uploads\/2023\/11\/73431755_1446855058797699_5192565197362513615_n.jpg 640w\" sizes=\"auto, (max-width: 172px) 100vw, 172px\" \/><\/a>AFORISMA &#8211; ANDREA MORO LA BELLEZZA<\/p>\n<audio class=\"wp-audio-shortcode\" id=\"audio-362440-27\" preload=\"none\" style=\"width: 100%;\" controls=\"controls\"><source type=\"audio\/mpeg\" src=\"https:\/\/www.radiopiu.net\/wordpress\/wp-content\/uploads\/2023\/11\/AFORISMA-LA-BELLEZZA-ANDREA-MORO.mp3?_=27\" \/><a href=\"https:\/\/www.radiopiu.net\/wordpress\/wp-content\/uploads\/2023\/11\/AFORISMA-LA-BELLEZZA-ANDREA-MORO.mp3\">https:\/\/www.radiopiu.net\/wordpress\/wp-content\/uploads\/2023\/11\/AFORISMA-LA-BELLEZZA-ANDREA-MORO.mp3<\/a><\/audio>\n<p>&nbsp;<\/p>\n<p>&nbsp;<\/p>\n<p><a class=\"dt-pswp-item\" href=\"https:\/\/www.radiopiu.net\/wordpress\/wp-content\/uploads\/2023\/11\/03-SARA-CASAL.jpg\" data-dt-img-description=\"\" data-large_image_width=\"666\" data-large_image_height=\"666\"><img loading=\"lazy\" decoding=\"async\" class=\"wp-image-362550 alignleft\" src=\"https:\/\/www.radiopiu.net\/wordpress\/wp-content\/uploads\/2023\/11\/03-SARA-CASAL-300x300.jpg\" alt=\"\" width=\"194\" height=\"194\" srcset=\"https:\/\/www.radiopiu.net\/wordpress\/wp-content\/uploads\/2023\/11\/03-SARA-CASAL-300x300.jpg 300w, https:\/\/www.radiopiu.net\/wordpress\/wp-content\/uploads\/2023\/11\/03-SARA-CASAL-150x150.jpg 150w, https:\/\/www.radiopiu.net\/wordpress\/wp-content\/uploads\/2023\/11\/03-SARA-CASAL.jpg 666w\" sizes=\"auto, (max-width: 194px) 100vw, 194px\" \/><\/a>AFORISMA &#8211; SARA CASAL LEGGE ROMANO BATTAGLIA<\/p>\n<audio class=\"wp-audio-shortcode\" id=\"audio-362440-28\" preload=\"none\" style=\"width: 100%;\" controls=\"controls\"><source type=\"audio\/mpeg\" src=\"https:\/\/www.radiopiu.net\/wordpress\/wp-content\/uploads\/2023\/11\/AFORISMA-DI-ROMANO-BATTAGLIA-VOCE-SARA-CASAL.mp3?_=28\" \/><a href=\"https:\/\/www.radiopiu.net\/wordpress\/wp-content\/uploads\/2023\/11\/AFORISMA-DI-ROMANO-BATTAGLIA-VOCE-SARA-CASAL.mp3\">https:\/\/www.radiopiu.net\/wordpress\/wp-content\/uploads\/2023\/11\/AFORISMA-DI-ROMANO-BATTAGLIA-VOCE-SARA-CASAL.mp3<\/a><\/audio>\n<p>&nbsp;<\/p>\n<p>&nbsp;<\/p>\n<p><a class=\"dt-pswp-item\" href=\"https:\/\/www.radiopiu.net\/wordpress\/wp-content\/uploads\/2023\/11\/05-MARCO-DAL-FARRA-1.jpg\" data-dt-img-description=\"\" data-large_image_width=\"960\" data-large_image_height=\"960\"><img loading=\"lazy\" decoding=\"async\" class=\"wp-image-362552 alignleft\" src=\"https:\/\/www.radiopiu.net\/wordpress\/wp-content\/uploads\/2023\/11\/05-MARCO-DAL-FARRA-1-300x300.jpg\" alt=\"\" width=\"201\" height=\"201\" srcset=\"https:\/\/www.radiopiu.net\/wordpress\/wp-content\/uploads\/2023\/11\/05-MARCO-DAL-FARRA-1-300x300.jpg 300w, https:\/\/www.radiopiu.net\/wordpress\/wp-content\/uploads\/2023\/11\/05-MARCO-DAL-FARRA-1-150x150.jpg 150w, https:\/\/www.radiopiu.net\/wordpress\/wp-content\/uploads\/2023\/11\/05-MARCO-DAL-FARRA-1-768x768.jpg 768w, https:\/\/www.radiopiu.net\/wordpress\/wp-content\/uploads\/2023\/11\/05-MARCO-DAL-FARRA-1.jpg 960w\" sizes=\"auto, (max-width: 201px) 100vw, 201px\" \/><\/a>AFORISMA &#8211; MARCO DAL FARRA &#8211; FANTASIA<\/p>\n<audio class=\"wp-audio-shortcode\" id=\"audio-362440-29\" preload=\"none\" style=\"width: 100%;\" controls=\"controls\"><source type=\"audio\/mpeg\" src=\"https:\/\/www.radiopiu.net\/wordpress\/wp-content\/uploads\/2023\/11\/AFORISMA-DI-MARCO-DAL-FARRA.mp3?_=29\" \/><a href=\"https:\/\/www.radiopiu.net\/wordpress\/wp-content\/uploads\/2023\/11\/AFORISMA-DI-MARCO-DAL-FARRA.mp3\">https:\/\/www.radiopiu.net\/wordpress\/wp-content\/uploads\/2023\/11\/AFORISMA-DI-MARCO-DAL-FARRA.mp3<\/a><\/audio>\n<p>&nbsp;<\/p>\n<p>&nbsp;<\/p>\n<p><a class=\"dt-pswp-item\" href=\"https:\/\/www.radiopiu.net\/wordpress\/wp-content\/uploads\/2023\/03\/9fe2e837-1ba8-426a-b808-d559c0e2a054.jpg\" data-dt-img-description=\"RADIO PIU mirko mezzacasa\" data-large_image_width=\"621\" data-large_image_height=\"621\"><img loading=\"lazy\" decoding=\"async\" class=\" wp-image-325018\" src=\"https:\/\/www.radiopiu.net\/wordpress\/wp-content\/uploads\/2023\/03\/9fe2e837-1ba8-426a-b808-d559c0e2a054-300x300.jpg\" alt=\"\" width=\"244\" height=\"244\" srcset=\"https:\/\/www.radiopiu.net\/wordpress\/wp-content\/uploads\/2023\/03\/9fe2e837-1ba8-426a-b808-d559c0e2a054-300x300.jpg 300w, https:\/\/www.radiopiu.net\/wordpress\/wp-content\/uploads\/2023\/03\/9fe2e837-1ba8-426a-b808-d559c0e2a054-150x150.jpg 150w, https:\/\/www.radiopiu.net\/wordpress\/wp-content\/uploads\/2023\/03\/9fe2e837-1ba8-426a-b808-d559c0e2a054.jpg 621w\" sizes=\"auto, (max-width: 244px) 100vw, 244px\" \/><\/a><\/p>\n<p>AFORISMA ANTONIO ASCHIAROLO LEGGE MIRKO MEZZACASA<\/p>\n<audio class=\"wp-audio-shortcode\" id=\"audio-362440-30\" preload=\"none\" style=\"width: 100%;\" controls=\"controls\"><source type=\"audio\/mpeg\" src=\"https:\/\/www.radiopiu.net\/wordpress\/wp-content\/uploads\/2023\/11\/AFORISMA-ANTONIO-ASCHIAROLO-MIRKO-MEZZACASA.mp3?_=30\" \/><a href=\"https:\/\/www.radiopiu.net\/wordpress\/wp-content\/uploads\/2023\/11\/AFORISMA-ANTONIO-ASCHIAROLO-MIRKO-MEZZACASA.mp3\">https:\/\/www.radiopiu.net\/wordpress\/wp-content\/uploads\/2023\/11\/AFORISMA-ANTONIO-ASCHIAROLO-MIRKO-MEZZACASA.mp3<\/a><\/audio>\n<p>&nbsp;<\/p>\n<p>&nbsp;<\/p>\n<p><a class=\"dt-pswp-item\" href=\"https:\/\/www.radiopiu.net\/wordpress\/wp-content\/uploads\/2023\/11\/228414776_361891342279467_6562280941222703648_n.jpg\" data-dt-img-description=\"\" data-large_image_width=\"640\" data-large_image_height=\"640\"><img loading=\"lazy\" decoding=\"async\" class=\"wp-image-362560 alignleft\" src=\"https:\/\/www.radiopiu.net\/wordpress\/wp-content\/uploads\/2023\/11\/228414776_361891342279467_6562280941222703648_n-300x300.jpg\" alt=\"\" width=\"171\" height=\"171\" srcset=\"https:\/\/www.radiopiu.net\/wordpress\/wp-content\/uploads\/2023\/11\/228414776_361891342279467_6562280941222703648_n-300x300.jpg 300w, https:\/\/www.radiopiu.net\/wordpress\/wp-content\/uploads\/2023\/11\/228414776_361891342279467_6562280941222703648_n-150x150.jpg 150w, https:\/\/www.radiopiu.net\/wordpress\/wp-content\/uploads\/2023\/11\/228414776_361891342279467_6562280941222703648_n.jpg 640w\" sizes=\"auto, (max-width: 171px) 100vw, 171px\" \/><\/a>AFORISMA IRENE DA ROS LEGGE VIVIANA DE MIN<\/p>\n<audio class=\"wp-audio-shortcode\" id=\"audio-362440-31\" preload=\"none\" style=\"width: 100%;\" controls=\"controls\"><source type=\"audio\/mpeg\" src=\"https:\/\/www.radiopiu.net\/wordpress\/wp-content\/uploads\/2023\/11\/AFORISMA-IRENA-DA-ROS-DA-VIVIANA-DE-MIN.mp3?_=31\" \/><a href=\"https:\/\/www.radiopiu.net\/wordpress\/wp-content\/uploads\/2023\/11\/AFORISMA-IRENA-DA-ROS-DA-VIVIANA-DE-MIN.mp3\">https:\/\/www.radiopiu.net\/wordpress\/wp-content\/uploads\/2023\/11\/AFORISMA-IRENA-DA-ROS-DA-VIVIANA-DE-MIN.mp3<\/a><\/audio>\n<p>&nbsp;<\/p>\n<p>&nbsp;<\/p>\n<\/div>\n<p>&nbsp;<\/p>\n<p>&nbsp;<\/p>\n<div class=\"message spoilers-container\" dir=\"auto\">\n<div class=\"column\">\n<div class=\"message spoilers-container\" dir=\"auto\">\n<div class=\"column\">\n<p><img loading=\"lazy\" decoding=\"async\" class=\"aligncenter wp-image-61954 size-full\" src=\"https:\/\/www.radiopiu.net\/wordpress\/wp-content\/uploads\/2018\/09\/viabilita.jpeg\" sizes=\"auto, (max-width: 800px) 100vw, 800px\" srcset=\"https:\/\/www.radiopiu.net\/wordpress\/wp-content\/uploads\/2018\/09\/viabilita.jpeg 800w, https:\/\/www.radiopiu.net\/wordpress\/wp-content\/uploads\/2018\/09\/viabilita-300x38.jpeg 300w, https:\/\/www.radiopiu.net\/wordpress\/wp-content\/uploads\/2018\/09\/viabilita-768x96.jpeg 768w\" alt=\"\" width=\"800\" height=\"100\" \/><\/p>\n<\/div>\n<\/div>\n<div class=\"message spoilers-container\" dir=\"auto\">\n<div class=\"column\">\n<p>&nbsp;<\/p>\n<blockquote>\n<h3 class=\"entry-title\">PER DIGONERA: 563 CHIUSA FINO ALL\u2019IMMACOLATA<\/h3>\n<\/blockquote>\n<p><strong>REDAZIONE<\/strong> Correndo per battere anche la stagione fredda i lavori proseguono tra Saviner di Rocca Pietore e Digonera, impongono la chiusura della strada ormai da tempo, la nuova ordinanza la proroga fino alle 16.15 del 7 dicembre. Dunque interdizione totale in entrambi i sensi di marcia dalle 7.45 alle 16.15 dal lunedi al venerdi, negli altri orari senso unico alternato e limite di velocit\u00e0 a 30 chilometri orari<\/p>\n<p>&nbsp;<\/p>\n<p>&nbsp;<\/p>\n<\/div>\n<\/div>\n<\/div>\n<\/div>\n<blockquote class=\"wp-embedded-content\" data-secret=\"5FveJqub9s\"><p><a href=\"https:\/\/www.radiopiu.net\/wordpress\/viabilita\/\">viabilita<\/a><\/p><\/blockquote>\n<p><iframe loading=\"lazy\" class=\"wp-embedded-content\" sandbox=\"allow-scripts\" security=\"restricted\" style=\"position: absolute; clip: rect(1px, 1px, 1px, 1px);\" title=\"&#8220;viabilita&#8221; &#8212; Radio Pi\u00f9\" src=\"https:\/\/www.radiopiu.net\/wordpress\/viabilita\/embed\/#?secret=vd0mbIGHtV#?secret=5FveJqub9s\" data-secret=\"5FveJqub9s\" width=\"600\" height=\"338\" frameborder=\"0\" marginwidth=\"0\" marginheight=\"0\" scrolling=\"no\"><\/iframe><\/p>\n<div class=\"message spoilers-container\" dir=\"auto\">\n<div class=\"column\">\n<div class=\"message spoilers-container\" dir=\"auto\">\n<div class=\"column\">\n<div>\n<div dir=\"ltr\">\n<div class=\"gmail_quote\">\n<div dir=\"ltr\">\n<div><\/div>\n<div><\/div>\n<\/div>\n<\/div>\n<\/div>\n<\/div>\n<hr \/>\n<p>&nbsp;<\/p>\n<p><a class=\"dt-pswp-item\" href=\"https:\/\/www.radiopiu.net\/wordpress\/wp-content\/uploads\/2018\/09\/WhatsApp-Image-2018-09-20-at-16.04.06.jpeg\" data-dt-img-description=\"\" data-large_image_width=\"800\" data-large_image_height=\"100\"><img loading=\"lazy\" decoding=\"async\" class=\"wp-image-61378 size-full aligncenter\" src=\"https:\/\/www.radiopiu.net\/wordpress\/wp-content\/uploads\/2018\/09\/WhatsApp-Image-2018-09-20-at-16.04.06.jpeg\" alt=\"\" width=\"800\" height=\"100\" srcset=\"https:\/\/www.radiopiu.net\/wordpress\/wp-content\/uploads\/2018\/09\/WhatsApp-Image-2018-09-20-at-16.04.06.jpeg 800w, https:\/\/www.radiopiu.net\/wordpress\/wp-content\/uploads\/2018\/09\/WhatsApp-Image-2018-09-20-at-16.04.06-300x38.jpeg 300w, https:\/\/www.radiopiu.net\/wordpress\/wp-content\/uploads\/2018\/09\/WhatsApp-Image-2018-09-20-at-16.04.06-768x96.jpeg 768w\" sizes=\"auto, (max-width: 800px) 100vw, 800px\" \/><\/a><\/p>\n<\/div>\n<\/div>\n<\/div>\n<\/div>\n<p><center><\/center>&nbsp;<\/p>\n<p>&nbsp;<\/p>\n<p style=\"text-align: center;\"><b>OGGI <\/b><\/p>\n<p>Tempo stabile e soleggiato con aria asciutta e ottima visibilit\u00e0 a tutte le quote, salvo innocui addensamenti nuvolosi al mattino sulle Dolomiti, specie in prossimit\u00e0 delle vette, con rasserenamenti nella seconda parte della giornata. Arrivo di modeste velature in serata.<br \/>\n<strong>Precipitazioni.<\/strong>\u00a0Assenti (0%).<br \/>\n<strong>Temperature.<\/strong> In diminuzione, anche sensibile nei valori minimi con gelate notturne su tutte le zone montane, salvo nelle valli eventualmente ancora interessate dal Foehn; in tal caso le minime saranno misurate a fine giornata.<\/p>\n<p style=\"text-align: center;\"><b>DOMANI<\/b><\/p>\n<p>Tempo stabile e soleggiato con cielo sereno o poco nuvoloso per leggere velature, specie al mattino. Clima generalmente asciutto a tutte le quote.<br \/>\n<strong>Precipitazioni.<\/strong> Assenti<br \/>\n<strong>Temperature.<\/strong> Minime pressoch\u00e9 stazionarie o in lieve\/contenuto aumento in quota con moderata inversione termica nelle valli sia al mattino che dopo il tramonto; massime in aumento anche sensibile in alta montagna.<\/p>\n<p style=\"text-align: center;\"><strong>VENERDI<\/strong><\/p>\n<p>Ancora tempo stabile e soleggiato, a tratti parzialmente soleggiato per passaggi di sottili velature. Temperature in calo, specie in alta montagna.<\/p>\n<p style=\"text-align: center;\"><b>SABATO <\/b><\/p>\n<p>Sulle Prealpi stabile e soleggiato, sulle Dolomiti irregolarmente nuvoloso con possibili burrasche di neve sulle vette pi\u00f9 settentrionali e qualche fiocco fino a qualche fondovalle di confine. Temperature in calo specie le massime su valori inferiori alla norma.<\/p>\n<p>&nbsp;<\/p>\n<div class=\"message spoilers-container\" dir=\"auto\">\n<hr \/>\n<p>&nbsp;<\/p>\n<p><img loading=\"lazy\" decoding=\"async\" class=\"wp-image-60761 size-full aligncenter\" src=\"https:\/\/www.radiopiu.net\/wordpress\/wp-content\/uploads\/2018\/09\/sport.jpg\" alt=\"\" width=\"800\" height=\"100\" srcset=\"https:\/\/www.radiopiu.net\/wordpress\/wp-content\/uploads\/2018\/09\/sport.jpg 800w, https:\/\/www.radiopiu.net\/wordpress\/wp-content\/uploads\/2018\/09\/sport-300x38.jpg 300w, https:\/\/www.radiopiu.net\/wordpress\/wp-content\/uploads\/2018\/09\/sport-768x96.jpg 768w\" sizes=\"auto, (max-width: 800px) 100vw, 800px\" \/><\/p>\n<p><span style=\"color: #0000ff;\"><strong>\u00a0<\/strong><\/span><\/p>\n<p><span style=\"color: #0000ff;\"><strong>CALCIO<\/strong><\/span><\/p>\n<blockquote>\n<h3>AGORDINA A 4 PUNTI DALLA ZONA PLAYOFF<\/h3>\n<\/blockquote>\n<p><strong><a class=\"dt-pswp-item\" href=\"https:\/\/www.radiopiu.net\/wordpress\/wp-content\/uploads\/2023\/02\/CALCIO-PALLONE.png\" data-dt-img-description=\"\" data-large_image_width=\"769\" data-large_image_height=\"495\"><img loading=\"lazy\" decoding=\"async\" class=\" wp-image-322076 alignleft\" src=\"https:\/\/www.radiopiu.net\/wordpress\/wp-content\/uploads\/2023\/02\/CALCIO-PALLONE-300x193.png\" alt=\"\" width=\"180\" height=\"116\" srcset=\"https:\/\/www.radiopiu.net\/wordpress\/wp-content\/uploads\/2023\/02\/CALCIO-PALLONE-300x193.png 300w, https:\/\/www.radiopiu.net\/wordpress\/wp-content\/uploads\/2023\/02\/CALCIO-PALLONE.png 769w\" sizes=\"auto, (max-width: 180px) 100vw, 180px\" \/><\/a>di Marco Gaz<\/strong><\/p>\n<p><strong>REDAZIONE<\/strong> Una stagione di alti e bassi per la prima squadra dell&#8217;Agordina impegnata nel campionato provinciale di Terza Categoria. Dopo le prime 10 partite giocate la compagine di Agordo ha racimolato 15 punti: 4 vittorie, 3 pareggi e 3 sconfitte. Ultimo pareggio domenica scorsa con il fanalino di coda Cadore1919. Uno 0 a 0 bugiardo per quel che si \u00e8 visto in campo. L&#8217;Agordina ha giocato abbastanza bene avvicinandosi al gol pi\u00f9 volte e sbagliando un rigore. Sono 4 i punti che staccano la squadra allenata da Chiea dalla zona playoff del campionato e chiudere il girone di andata nella parte alta della classifica sarebbe un buon segnale. Mancano 3 partite prima della pausa e tutto pu\u00f2 ancora succedere. Intanto domenica si gioca il terzultimo turno della prima parte di stagione e ad Agordo arriva il Domegge, una squadra che milita al quinto posto in classifica e una vittoria per gli agordini sarebbe importante.<\/p>\n<p>&nbsp;<\/p>\n<hr \/>\n<p>&nbsp;<\/p>\n<p><strong><span style=\"color: #0000ff;\">CURLING\u00a0\u00a0<\/span><\/strong><\/p>\n<blockquote>\n<h3>EUROPEI DI CURLING, LA RAGAZZE VICINO AD UN ALTRO TRAGUARDO<\/h3>\n<\/blockquote>\n<p><strong><img loading=\"lazy\" decoding=\"async\" class=\"alignleft\" src=\"https:\/\/www.radiopiu.net\/wordpress\/wp-content\/uploads\/2023\/11\/128556e2-921b-4c59-a395-1706497b78d2.jpg\" width=\"230\" height=\"173\" \/>CORTINA<\/strong><\/p>\n<p><strong>DI BARBARA PAOLAZZI\u00a0<\/strong><\/p>\n<p><span style=\"color: #ff0000;\">TRE RADIO&#8230;radio club103, radiopiu, radio primiero<\/span><\/p>\n<audio class=\"wp-audio-shortcode\" id=\"audio-362440-32\" preload=\"none\" style=\"width: 100%;\" controls=\"controls\"><source type=\"audio\/mpeg\" src=\"https:\/\/www.radiopiu.net\/wordpress\/wp-content\/uploads\/2023\/11\/barbara-curlingok.mp3?_=32\" \/><a href=\"https:\/\/www.radiopiu.net\/wordpress\/wp-content\/uploads\/2023\/11\/barbara-curlingok.mp3\">https:\/\/www.radiopiu.net\/wordpress\/wp-content\/uploads\/2023\/11\/barbara-curlingok.mp3<\/a><\/audio>\n<p>&nbsp;<\/p>\n<p>&nbsp;<\/p>\n<p>&nbsp;<\/p>\n<hr \/>\n<p>&nbsp;<\/p>\n<p><span style=\"color: #0000ff;\"><strong>CALCIO 5<\/strong><\/span><\/p>\n<blockquote>\n<h3>GIESSE PER LO SPORT\u2026CON LA CANOTTIERI BELLUNO CALCIO A 5<\/h3>\n<\/blockquote>\n<div class=\"x11i5rnm xat24cr x1mh8g0r x1vvkbs xtlvy1s x126k92a\">\n<h4 class=\"photoswipe-wrapper\" dir=\"auto\"><a class=\"dt-pswp-item pspw-wrap-ready\" href=\"https:\/\/www.radiopiu.net\/wordpress\/wp-content\/uploads\/2023\/10\/Senza-nome-57.png\" data-dt-img-description=\"\" data-large_image_width=\"317\" data-large_image_height=\"322\"><img loading=\"lazy\" decoding=\"async\" class=\"size-medium wp-image-358116 aligncenter\" src=\"https:\/\/www.radiopiu.net\/wordpress\/wp-content\/uploads\/2023\/10\/Senza-nome-57-295x300.png\" sizes=\"auto, (max-width: 295px) 100vw, 295px\" srcset=\"https:\/\/www.radiopiu.net\/wordpress\/wp-content\/uploads\/2023\/10\/Senza-nome-57-295x300.png 295w, https:\/\/www.radiopiu.net\/wordpress\/wp-content\/uploads\/2023\/10\/Senza-nome-57.png 317w\" alt=\"\" width=\"295\" height=\"300\" \/><\/a><\/h4>\n<h4 dir=\"auto\"><\/h4>\n<h4 dir=\"auto\">GIESSE PER LO SPORT\u201d \u2026 con la Canottieri Belluno, calcio a 5. Tutto sul campionato di serie A2, girone A. Il programma alla RADIO che da ascolto ai talenti del calcio a 5 bellunese. IN COLLABORAZIONE CON GIESSE RISARCIMENTO DANNI A BELLUNO<\/h4>\n<\/div>\n<div class=\"x11i5rnm xat24cr x1mh8g0r x1vvkbs xtlvy1s x126k92a\">\n<h4 dir=\"auto\"><a class=\"x1i10hfl xjbqb8w x6umtig x1b1mbwd xaqea5y xav7gou x9f619 x1ypdohk xt0psk2 xe8uvvx xdj266r x11i5rnm xat24cr x1mh8g0r xexx8yu x4uap5 x18d9i69 xkhd6sd x16tdsg8 x1hl2dhg xggy1nq x1a2a7pz xt0b8zv x1qq9wsj xo1l8bm\" tabindex=\"0\" role=\"link\" href=\"https:\/\/www.facebook.com\/groups\/radiopiu\/?__cft__[0]=AZVtB3sskZBwGsu89zeRk9eNMGUFohz53TdYmXZyePAKPt8cBeKCqA03znGJk9wPaqHDXQ5yMBG_hrsUX03xH8fdmlMazTirW3KRFEY3Kr2cyBd_5Es2MvKnqyd6ZcahL6_M_zOo19o5N5tV8NHsHcfP&amp;__tn__=-UK-R\"><span class=\"xt0psk2\">RADIO PIU\u2019 EMITTENTE AGORDINA (Taibon_32027)<\/span><\/a>: IL LUNEDI ALLE 16.30, IL MARTEDI ALLE 13.05<\/h4>\n<h4 dir=\"auto\">RADIO CLUB 103 IL LUNEDI ALLE 16.20 E MARTEDI ALLE 13.40<\/h4>\n<h4 dir=\"auto\"><a class=\"x1i10hfl xjbqb8w x6umtig x1b1mbwd xaqea5y xav7gou x9f619 x1ypdohk xt0psk2 xe8uvvx xdj266r x11i5rnm xat24cr x1mh8g0r xexx8yu x4uap5 x18d9i69 xkhd6sd x16tdsg8 x1hl2dhg xggy1nq x1a2a7pz xt0b8zv x1qq9wsj xo1l8bm\" tabindex=\"0\" role=\"link\" href=\"https:\/\/www.facebook.com\/groups\/61488111720\/user\/100063652837062\/?__cft__[0]=AZVtB3sskZBwGsu89zeRk9eNMGUFohz53TdYmXZyePAKPt8cBeKCqA03znGJk9wPaqHDXQ5yMBG_hrsUX03xH8fdmlMazTirW3KRFEY3Kr2cyBd_5Es2MvKnqyd6ZcahL6_M_zOo19o5N5tV8NHsHcfP&amp;__tn__=-]K-R\"><span class=\"xt0psk2\">Radio Primiero<\/span><\/a>\u00a0IL LUNEDI ALLE 10.30 E MARTEDI ALLE 12.30<\/h4>\n<p>&nbsp;<\/p>\n<p><strong><a class=\"dt-pswp-item\" href=\"https:\/\/www.radiopiu.net\/wordpress\/wp-content\/uploads\/2023\/11\/e5bb1802-f018-4eff-8550-bb2c03697bb5.jpg\" data-dt-img-description=\"\" data-large_image_width=\"1024\" data-large_image_height=\"768\"><img loading=\"lazy\" decoding=\"async\" class=\" wp-image-362160 alignleft\" src=\"https:\/\/www.radiopiu.net\/wordpress\/wp-content\/uploads\/2023\/11\/e5bb1802-f018-4eff-8550-bb2c03697bb5-300x225.jpg\" alt=\"\" width=\"172\" height=\"129\" srcset=\"https:\/\/www.radiopiu.net\/wordpress\/wp-content\/uploads\/2023\/11\/e5bb1802-f018-4eff-8550-bb2c03697bb5-300x225.jpg 300w, https:\/\/www.radiopiu.net\/wordpress\/wp-content\/uploads\/2023\/11\/e5bb1802-f018-4eff-8550-bb2c03697bb5-768x576.jpg 768w, https:\/\/www.radiopiu.net\/wordpress\/wp-content\/uploads\/2023\/11\/e5bb1802-f018-4eff-8550-bb2c03697bb5.jpg 1024w\" sizes=\"auto, (max-width: 172px) 100vw, 172px\" \/><\/a>PUNTATA 05 &#8211; 20 NOVEMBRE 2023<\/strong><\/p>\n<p><span style=\"color: #0000ff;\"><strong>SESTA GIORNATA SERIE A2 &#8211; GIRONE A<\/strong><\/span><\/p>\n<p><strong>VIDEOTON CREMA \u2013 CANOTTIERI BELLUNO 3-3<\/strong><\/p>\n<p>Reti: PT 7.22 Poggi (Cr); ST 4.43 Reolon, 5.25 Robinho, 7.58 Poggi (Cr), 9.46 Porceddu (Cr), 11.34 Dall&#8217;\u00d2<\/p>\n<audio class=\"wp-audio-shortcode\" id=\"audio-362440-33\" preload=\"none\" style=\"width: 100%;\" controls=\"controls\"><source type=\"audio\/mpeg\" src=\"https:\/\/www.radiopiu.net\/wordpress\/wp-content\/uploads\/2023\/11\/GIESSECALCIO-2.mp3?_=33\" \/><a href=\"https:\/\/www.radiopiu.net\/wordpress\/wp-content\/uploads\/2023\/11\/GIESSECALCIO-2.mp3\">https:\/\/www.radiopiu.net\/wordpress\/wp-content\/uploads\/2023\/11\/GIESSECALCIO-2.mp3<\/a><\/audio>\n<p>&nbsp;<\/p>\n<p><strong>LA RACCOLTA COMPLETA <a href=\"https:\/\/www.radiopiu.net\/wordpress\/giesse-per-lo-sport-con-la-canottieri-belluno-calcio-a-5\/\">CLICCA QUI<\/a><\/strong><\/p>\n<p>&nbsp;<\/p>\n<p>&nbsp;<\/p>\n<p>&nbsp;<\/p>\n<\/div>\n<\/div>\n","protected":false},"excerpt":{"rendered":"<p>***** &nbsp; 40esimo di RADIOPIU\u2026. LA VOCE DELL\u2019EMOZIONE ISCRIVITI AL NOSTRO CANALE\u00a0\u00a0YOUTUBE PER SEGUIRE IN DIRETTA I PRINCIPALI PROGRAMMI DI RADIO PIU\u2019 E LE FUTURE DIRETTE IN ESTERNA. PER ISCRIVERTI CLICCA QUI\u00a0E PREMI\u00a0 \u201cIscriviti\u201d &nbsp; \u00a0 i podcast informativi del mattino LA RASSEGNA STAMPA NAZIONALE ALLA RADIO, OGNI GIORNO ALLE 5 E ALLE 6 DEL&hellip;<\/p>\n","protected":false},"author":4,"featured_media":362595,"comment_status":"closed","ping_status":"closed","sticky":false,"template":"","format":"standard","meta":{"_monsterinsights_skip_tracking":false,"_monsterinsights_sitenote_active":false,"_monsterinsights_sitenote_note":"","_monsterinsights_sitenote_category":0,"footnotes":""},"categories":[51,86,49],"tags":[],"class_list":["post-362440","post","type-post","status-publish","format-standard","has-post-thumbnail","hentry","category-evidenza-top","category-gr","category-news-18","category-51","category-86","category-49","description-off"],"img_url":"https:\/\/www.radiopiu.net\/wordpress\/wp-content\/uploads\/2023\/11\/Senza-nome-111.png","_links":{"self":[{"href":"https:\/\/www.radiopiu.net\/wordpress\/wp-json\/wp\/v2\/posts\/362440","targetHints":{"allow":["GET"]}}],"collection":[{"href":"https:\/\/www.radiopiu.net\/wordpress\/wp-json\/wp\/v2\/posts"}],"about":[{"href":"https:\/\/www.radiopiu.net\/wordpress\/wp-json\/wp\/v2\/types\/post"}],"author":[{"embeddable":true,"href":"https:\/\/www.radiopiu.net\/wordpress\/wp-json\/wp\/v2\/users\/4"}],"replies":[{"embeddable":true,"href":"https:\/\/www.radiopiu.net\/wordpress\/wp-json\/wp\/v2\/comments?post=362440"}],"version-history":[{"count":0,"href":"https:\/\/www.radiopiu.net\/wordpress\/wp-json\/wp\/v2\/posts\/362440\/revisions"}],"wp:featuredmedia":[{"embeddable":true,"href":"https:\/\/www.radiopiu.net\/wordpress\/wp-json\/wp\/v2\/media\/362595"}],"wp:attachment":[{"href":"https:\/\/www.radiopiu.net\/wordpress\/wp-json\/wp\/v2\/media?parent=362440"}],"wp:term":[{"taxonomy":"category","embeddable":true,"href":"https:\/\/www.radiopiu.net\/wordpress\/wp-json\/wp\/v2\/categories?post=362440"},{"taxonomy":"post_tag","embeddable":true,"href":"https:\/\/www.radiopiu.net\/wordpress\/wp-json\/wp\/v2\/tags?post=362440"}],"curies":[{"name":"wp","href":"https:\/\/api.w.org\/{rel}","templated":true}]}}