{"id":362473,"date":"2023-11-21T12:07:59","date_gmt":"2023-11-21T11:07:59","guid":{"rendered":"https:\/\/www.radiopiu.net\/wordpress\/?p=362473"},"modified":"2023-11-22T06:02:43","modified_gmt":"2023-11-22T05:02:43","slug":"dillo-a-radio-piu-un-pensiero-per-giulia","status":"publish","type":"post","link":"https:\/\/www.radiopiu.net\/wordpress\/dillo-a-radio-piu-un-pensiero-per-giulia\/","title":{"rendered":"DILLO A RADIO PIU&#8217;&#8230;UN PENSIERO PER GIULIA"},"content":{"rendered":"<p>****<\/p>\n<p>&nbsp;<\/p>\n<p><strong><a class=\"dt-pswp-item\" href=\"https:\/\/www.radiopiu.net\/wordpress\/wp-content\/uploads\/2023\/11\/SCR-20231121-kyfm.jpeg\" data-dt-img-description=\"\" data-large_image_width=\"964\" data-large_image_height=\"648\"><img loading=\"lazy\" decoding=\"async\" class=\" wp-image-362476 alignleft\" src=\"https:\/\/www.radiopiu.net\/wordpress\/wp-content\/uploads\/2023\/11\/SCR-20231121-kyfm-300x202.jpeg\" alt=\"\" width=\"172\" height=\"116\" srcset=\"https:\/\/www.radiopiu.net\/wordpress\/wp-content\/uploads\/2023\/11\/SCR-20231121-kyfm-300x202.jpeg 300w, https:\/\/www.radiopiu.net\/wordpress\/wp-content\/uploads\/2023\/11\/SCR-20231121-kyfm-768x516.jpeg 768w, https:\/\/www.radiopiu.net\/wordpress\/wp-content\/uploads\/2023\/11\/SCR-20231121-kyfm.jpeg 964w\" sizes=\"auto, (max-width: 172px) 100vw, 172px\" \/><\/a>Riceviamo e pubblichiamo<\/strong><\/p>\n<p>Un pensiero per Giulia. La ragazza che ci vive accanto. Che incontriamo per strada o al bar. La ragazza che siede accanto a noi al cinema. L\u2019amica d\u2019infanzia. La compagna di studi. Una ragazza come tante. La figlia di tutti. La sorella di tutti. Forse per questo la sua tragica vicenda, pur in tempi in cui le cronache ci riportano ogni giorno episodi di violenza sulle donne, ci tocca cos\u00ec da vicino, cos\u00ec profondamente. Si ripete spesso che \u201c\u00e8 la societ\u00e0 che \u00e8 malata\u201d e che di questo siamo tutti responsabili. \u00c8 un\u2019affermazione autoassolutoria, che non condivido. \u00c8 come dire che, poich\u00e9 siamo tutti collettivamente colpevoli nessuno da solo lo \u00e8. Non \u00e8 cos\u00ec, non siamo tutti responsabili di tutto, anche degli orrori cui siamo costretti, impotenti, ad assistere. Lo siamo dei valori su cui costruiamo la nostra vita e le nostre relazioni e che, giorno dopo giorno, manifestiamo con ogni azione che compiamo, con ogni parola che spendiamo.<\/p>\n<p>Susy Dan<\/p>\n<p>&nbsp;<\/p>\n<p>&nbsp;<\/p>\n<p>******<\/p>\n","protected":false},"excerpt":{"rendered":"<p>**** &nbsp; Riceviamo e pubblichiamo Un pensiero per Giulia. La ragazza che ci vive accanto. Che incontriamo per strada o al bar. La ragazza che siede accanto a noi al cinema. L\u2019amica d\u2019infanzia. La compagna di studi. Una ragazza come tante. La figlia di tutti. La sorella di tutti. Forse per questo la sua tragica&hellip;<\/p>\n","protected":false},"author":4,"featured_media":362476,"comment_status":"closed","ping_status":"closed","sticky":false,"template":"","format":"standard","meta":{"_monsterinsights_skip_tracking":false,"_monsterinsights_sitenote_active":false,"_monsterinsights_sitenote_note":"","_monsterinsights_sitenote_category":0,"footnotes":""},"categories":[104,49],"tags":[],"class_list":["post-362473","post","type-post","status-publish","format-standard","has-post-thumbnail","hentry","category-evidenza_3","category-news-18","category-104","category-49","description-off"],"img_url":"https:\/\/www.radiopiu.net\/wordpress\/wp-content\/uploads\/2023\/11\/SCR-20231121-kyfm.jpeg","_links":{"self":[{"href":"https:\/\/www.radiopiu.net\/wordpress\/wp-json\/wp\/v2\/posts\/362473","targetHints":{"allow":["GET"]}}],"collection":[{"href":"https:\/\/www.radiopiu.net\/wordpress\/wp-json\/wp\/v2\/posts"}],"about":[{"href":"https:\/\/www.radiopiu.net\/wordpress\/wp-json\/wp\/v2\/types\/post"}],"author":[{"embeddable":true,"href":"https:\/\/www.radiopiu.net\/wordpress\/wp-json\/wp\/v2\/users\/4"}],"replies":[{"embeddable":true,"href":"https:\/\/www.radiopiu.net\/wordpress\/wp-json\/wp\/v2\/comments?post=362473"}],"version-history":[{"count":0,"href":"https:\/\/www.radiopiu.net\/wordpress\/wp-json\/wp\/v2\/posts\/362473\/revisions"}],"wp:featuredmedia":[{"embeddable":true,"href":"https:\/\/www.radiopiu.net\/wordpress\/wp-json\/wp\/v2\/media\/362476"}],"wp:attachment":[{"href":"https:\/\/www.radiopiu.net\/wordpress\/wp-json\/wp\/v2\/media?parent=362473"}],"wp:term":[{"taxonomy":"category","embeddable":true,"href":"https:\/\/www.radiopiu.net\/wordpress\/wp-json\/wp\/v2\/categories?post=362473"},{"taxonomy":"post_tag","embeddable":true,"href":"https:\/\/www.radiopiu.net\/wordpress\/wp-json\/wp\/v2\/tags?post=362473"}],"curies":[{"name":"wp","href":"https:\/\/api.w.org\/{rel}","templated":true}]}}