{"id":362606,"date":"2023-11-22T07:55:13","date_gmt":"2023-11-22T06:55:13","guid":{"rendered":"https:\/\/www.radiopiu.net\/wordpress\/?p=362606"},"modified":"2023-11-22T07:57:36","modified_gmt":"2023-11-22T06:57:36","slug":"loriginale-dal-1983-la-rassegna-stampa-locale-di-mirko-mezzacasa-e-alle-sette-ogni-giorno-le-anticipazioni-poche-chiacchiere-e-tante-notizie-per-chi-va-di-fretta","status":"publish","type":"post","link":"https:\/\/www.radiopiu.net\/wordpress\/loriginale-dal-1983-la-rassegna-stampa-locale-di-mirko-mezzacasa-e-alle-sette-ogni-giorno-le-anticipazioni-poche-chiacchiere-e-tante-notizie-per-chi-va-di-fretta\/","title":{"rendered":"L&#8217;ORIGINALE DAL 1983. la rassegna stampa locale di mirko mezzacasa E ALLE SETTE OGNI GIORNO LE ANTICIPAZIONI, POCHE CHIACCHIERE E TANTE NOTIZIE PER CHI VA DI FRETTA"},"content":{"rendered":"<p>&nbsp;<\/p>\n<p><iframe loading=\"lazy\" title=\"L&#039;ORIGINALE DAL 1983. la rassegna stampa locale di mirko mezzacasa E ALLE SETTE OGNI GIORNO LE ANTIC\" width=\"1200\" height=\"675\" src=\"https:\/\/www.youtube.com\/embed\/d8qGcji4mEg?feature=oembed\" frameborder=\"0\" allow=\"accelerometer; autoplay; clipboard-write; encrypted-media; gyroscope; picture-in-picture; web-share\" allowfullscreen><\/iframe><\/p>\n<p>&nbsp;<\/p>\n<p>&nbsp;<\/p>\n<p><strong>REDAZIONE<\/strong> Don Gino Dal Borgo \u00e8 deceduto all\u2019Ospedale di Vittorio Veneto a causa del peggioramento delle sue condizioni di salute. A darne notizia \u00e8 stato il sito della diocesi di Belluno e Feltre.<br \/>\n<strong>FELTRE<\/strong> Luned\u00ec si \u00e8 spento all\u2019et\u00e0 di 86 anni l\u2019ingegnere Mario Andreella. Nato a Belluno ma residente a Feltre, ha ricoperto il ruolo di ingegnere capo del comune di Feltre per molti anni. La sua specializzazione in ingegneria idraulica lo ha reso un punto di riferimento a livello regionale, firmando progetti di grande rilevanza come discariche, depuratori, opere industriali e sistemazioni idrauliche.<br \/>\n<strong>CORTINA<\/strong> L\u2019autista di un autobus \u00e8 stato denunciato per presunti atti sessuali molesti nei confronti di una studentessa di 13 anni, secondo quanto riportato nell\u2019articolo del Corriere delle Alpi di oggi a firma del giornalista Gigi Sosso. L\u2019uomo, sospeso dal servizio pubblico dal giudice per le indagini preliminari Enrica Marson, non pu\u00f2 lavorare nel settore del trasporto pubblico, ma potrebbe farlo in quello privato. Le indagini sono ancora in corso<br \/>\n<strong>FELTRE<\/strong> Il marito che avrebbe aggredito la moglie dopo essere stato respinto a letto \u00e8 ora imputato, concludendo le indagini iniziate dopo la denuncia della donna. Gli eventi risalgono al 10 maggio, quando, in un appartamento di Feltre, la moglie avrebbe rifiutato un rapporto sessuale, il marito sostiene una versione dei fatti completamente diversa, citando diverbi economici.<br \/>\n<strong>AGORDO<\/strong> Un minuto di silenzio anche nella scuola Primaria Tito Livio Burattini di Agordo, per ricordare e salutare Giulia. I bambini hanno fatto da cornice alle toccanti parole del pap\u00e0 Gino: \u201cL\u2019amore vero non umilia, non delude, non calpesta, non tradisce e non ferisce il cuore, l\u2019amore vero non urla, non picchia, non uccide.<br \/>\n<strong>BELLUNO<\/strong> \u201cNON CHIAMATELO RAPTUS\u201d A PALAZZO PILONI: UN IMPEGNO COLLETTIVO CONTRO LA VIOLENZA DI GENERE<br \/>\n<strong>BELLUNO<\/strong> L&#8217;associazione Cucchini Belluno ha ricevuto una donazione straordinaria: un appartamento lasciato in eredit\u00e0 da una paziente dell&#8217;hospice. Cucchini metter\u00e0 in vendita l&#8217;appartamento e utilizzer\u00e0 il ricavato per finanziare un progetto di adeguamento e miglioramento dell&#8217;hospice<br \/>\n<strong>BELLUNO<\/strong> Silvia Metzeltin, illustre alpinista e figura poliedrica, ha annunciato una significativa donazione a Belluno durante l&#8217;incontro del 20 novembre con l&#8217;assessore Raffaele Addamiano, Ester Cason e Anna Angelini della Fondazione Angelini. L&#8217;alpinista, geologa e giornalista ha scelto di destinare la sua preziosa collezione, comprensiva di un unico Archivio sull&#8217;Alpinismo Femminile, alla Fondazione G. Angelini della citt\u00e0<br \/>\n<strong>BELLUNO<\/strong> HOTEL OLIVIER IN NEVEGAL, ASTA DESERTA. LE PERPLESSITA&#8217; DEI CONSIGLIERI GIA&#8217; DI MAGGIORANZA IL PD: L\u2019ASSESSORE ROCCON HA FALLITO. SI DIMETTA.<\/p>\n<p><strong>BELLUNO<\/strong> IL CONSIGLIERE DEOLA DIFENDE IL MASEROT: CHIARIMENTI SULLA STRATEGIA DI SMALTIMENTO RIFIUTI. DALLA PROVINCIA\u00a0 CRITICHE ALLA REGIONE \u00abSpiace constatare come da parte di diversi soggetti- ultima la Regione Veneto per bocca dell\u2019assessore Bottacin &#8211; ci sia una totale disaffezione e addirittura un atteggiamento di accanimento nei confronti di un bene come il Maserot, che \u00e8 di tutti e dell\u2019intero territorio provinciale\u00bb<br \/>\n<strong>BELLUNO<\/strong> Si \u00e8 svolta ieri la giornata degli alberi a Belluno. L\u2019appuntamento in Nevegal dove i bambini delle classi coinvolte sono invitati a vedere da vicino gli effetti della tempesta Vaia nel fragile ecosistema del bosco e a capire l\u2019importanza di una corretta gestione dell\u2019ambiente.<br \/>\n<strong>BELLUNO<\/strong> TRE GIORNI DI VISITE GUIDATA ALLA MOSTRA DI GINO TONELLO &#8220;L&#8217;amore sano non \u00e8 mai violenza e la violenza non \u00e8 forza ma debolezza&#8221;<br \/>\n<strong>LONGARONE<\/strong> Mig 2023: Innovazione e Tradizione nel Mondo del Gelato Artigianale a Longarone Fiere Dolomiti<br \/>\n<strong>BELLUNO<\/strong> Il progetto del patto di comunit\u00e0 per il benessere digitale di bambini e ragazzi, gi\u00e0 attivo a Ponte nelle Alpi e Borgo Valbelluna, sar\u00e0 presentato a Belluno. L&#8217;iniziativa, promossa dalle Scuole in Rete per un Mondo di Solidariet\u00e0 e Pace, l&#8217;Ufficio scolastico provinciale e un gruppo di genitori<br \/>\n<strong>BELLUNO<\/strong>\u00a0Si intitola \u201cA Voce Alta\u201d il pomeriggio dedicato alla Giornata contro la Violenza Sulle Donne in programma sabato 25 novembre nella sala conferenze della parrocchia di Cavarzano organizzato dalla CGIL.<br \/>\nsul sito di radiopiu e ieri alla radio PROLOCO DI ALLEGHE, LA NUOVA CANZONE IN ATTESA DELL\u2019ACCENSIONE DELL\u2019ALBERO ricordando Afra<br \/>\n<strong>FELTRE<\/strong> Seconda iniziativa oggi per festeggiare i quarant&#8217;anni del Centro internazionale del libro parlato (Cilp). Alle 18 in sala Ocri, sopra la farmacia dell&#8217;ospedale, verr\u00e0 presentato il romanzo &#8220;Navigante di poppa&#8221;. Sar\u00e0 presente l&#8217;autrice Loredana Borghetto.<br \/>\nsul sito di radiopiu e ieri alla radio IN VIVO VERSO NIGHT, LA SECONDA PUNTATA DI BRUNELLA MORO<\/p>\n<p>CALCIO AGORDINA A 4 PUNTI DALLA ZONA PLAYOFF<br \/>\nCURLING\u00a0\u00a0 EUROPEI DI CURLING, LA RAGAZZE VICINO AD UN ALTRO TRAGUARDO<br \/>\nsul sito di radiopiu e ieri alla radio CALCIO 5 GIESSE PER LO SPORT\u2026CON LA CANOTTIERI BELLUNO CALCIO A 5<\/p>\n","protected":false},"excerpt":{"rendered":"<p>&nbsp; &nbsp; &nbsp; REDAZIONE Don Gino Dal Borgo \u00e8 deceduto all\u2019Ospedale di Vittorio Veneto a causa del peggioramento delle sue condizioni di salute. A darne notizia \u00e8 stato il sito della diocesi di Belluno e Feltre. FELTRE Luned\u00ec si \u00e8 spento all\u2019et\u00e0 di 86 anni l\u2019ingegnere Mario Andreella. Nato a Belluno ma residente a Feltre,&hellip;<\/p>\n","protected":false},"author":4,"featured_media":362594,"comment_status":"closed","ping_status":"closed","sticky":false,"template":"","format":"standard","meta":{"_monsterinsights_skip_tracking":false,"_monsterinsights_sitenote_active":false,"_monsterinsights_sitenote_note":"","_monsterinsights_sitenote_category":0,"footnotes":""},"categories":[104,49,142],"tags":[],"class_list":["post-362606","post","type-post","status-publish","format-standard","has-post-thumbnail","hentry","category-evidenza_3","category-news-18","category-rassegna-stampa","category-104","category-49","category-142","description-off"],"img_url":"https:\/\/www.radiopiu.net\/wordpress\/wp-content\/uploads\/2023\/11\/copertina-9.png","_links":{"self":[{"href":"https:\/\/www.radiopiu.net\/wordpress\/wp-json\/wp\/v2\/posts\/362606","targetHints":{"allow":["GET"]}}],"collection":[{"href":"https:\/\/www.radiopiu.net\/wordpress\/wp-json\/wp\/v2\/posts"}],"about":[{"href":"https:\/\/www.radiopiu.net\/wordpress\/wp-json\/wp\/v2\/types\/post"}],"author":[{"embeddable":true,"href":"https:\/\/www.radiopiu.net\/wordpress\/wp-json\/wp\/v2\/users\/4"}],"replies":[{"embeddable":true,"href":"https:\/\/www.radiopiu.net\/wordpress\/wp-json\/wp\/v2\/comments?post=362606"}],"version-history":[{"count":0,"href":"https:\/\/www.radiopiu.net\/wordpress\/wp-json\/wp\/v2\/posts\/362606\/revisions"}],"wp:featuredmedia":[{"embeddable":true,"href":"https:\/\/www.radiopiu.net\/wordpress\/wp-json\/wp\/v2\/media\/362594"}],"wp:attachment":[{"href":"https:\/\/www.radiopiu.net\/wordpress\/wp-json\/wp\/v2\/media?parent=362606"}],"wp:term":[{"taxonomy":"category","embeddable":true,"href":"https:\/\/www.radiopiu.net\/wordpress\/wp-json\/wp\/v2\/categories?post=362606"},{"taxonomy":"post_tag","embeddable":true,"href":"https:\/\/www.radiopiu.net\/wordpress\/wp-json\/wp\/v2\/tags?post=362606"}],"curies":[{"name":"wp","href":"https:\/\/api.w.org\/{rel}","templated":true}]}}