{"id":362622,"date":"2023-11-23T05:40:36","date_gmt":"2023-11-23T04:40:36","guid":{"rendered":"https:\/\/www.radiopiu.net\/wordpress\/?p=362622"},"modified":"2023-11-23T09:16:58","modified_gmt":"2023-11-23T08:16:58","slug":"giornale-radiopiu-23-novembre-2023-direttore-mirko-mezzacasada-40-anni-25-giugno-1983-25-giugno-2023","status":"publish","type":"post","link":"https:\/\/www.radiopiu.net\/wordpress\/giornale-radiopiu-23-novembre-2023-direttore-mirko-mezzacasada-40-anni-25-giugno-1983-25-giugno-2023\/","title":{"rendered":"GIORNALE RADIOPIU 23 NOVEMBRE 2023 DIRETTORE MIRKO MEZZACASA\u2026DA 40 ANNI 25 GIUGNO 1983-25 GIUGNO 2023"},"content":{"rendered":"<p>*****<\/p>\n<p>&nbsp;<\/p>\n<h1 class=\"entry-title photoswipe-wrapper\"><a class=\"dt-pswp-item\" href=\"https:\/\/www.radiopiu.net\/wordpress\/wp-content\/uploads\/2023\/11\/22811d5d-c03b-4728-8e04-47e9c548f3de.jpg\" data-dt-img-description=\"\" data-large_image_width=\"1131\" data-large_image_height=\"1600\"><img loading=\"lazy\" decoding=\"async\" class=\"size-medium wp-image-362422 aligncenter\" src=\"https:\/\/www.radiopiu.net\/wordpress\/wp-content\/uploads\/2023\/11\/22811d5d-c03b-4728-8e04-47e9c548f3de-212x300.jpg\" alt=\"\" width=\"212\" height=\"300\" srcset=\"https:\/\/www.radiopiu.net\/wordpress\/wp-content\/uploads\/2023\/11\/22811d5d-c03b-4728-8e04-47e9c548f3de-212x300.jpg 212w, https:\/\/www.radiopiu.net\/wordpress\/wp-content\/uploads\/2023\/11\/22811d5d-c03b-4728-8e04-47e9c548f3de-724x1024.jpg 724w, https:\/\/www.radiopiu.net\/wordpress\/wp-content\/uploads\/2023\/11\/22811d5d-c03b-4728-8e04-47e9c548f3de-768x1086.jpg 768w, https:\/\/www.radiopiu.net\/wordpress\/wp-content\/uploads\/2023\/11\/22811d5d-c03b-4728-8e04-47e9c548f3de-1086x1536.jpg 1086w, https:\/\/www.radiopiu.net\/wordpress\/wp-content\/uploads\/2023\/11\/22811d5d-c03b-4728-8e04-47e9c548f3de.jpg 1131w\" sizes=\"auto, (max-width: 212px) 100vw, 212px\" \/><\/a><\/h1>\n<h1 class=\"entry-title photoswipe-wrapper\"><\/h1>\n<h1 class=\"entry-title photoswipe-wrapper\">40esimo di RADIOPIU\u2026. LA VOCE DELL\u2019EMOZIONE<\/h1>\n<h2><span style=\"color: #ff0000;\">ISCRIVITI AL NOSTRO CANALE\u00a0\u00a0YOUTUBE PER SEGUIRE IN DIRETTA I PRINCIPALI PROGRAMMI DI RADIO PIU\u2019 E LE FUTURE DIRETTE IN ESTERNA. PER ISCRIVERTI <a style=\"color: #ff0000;\" href=\"https:\/\/youtube.com\/@radiopiu1527\">CLICCA QUI\u00a0<\/a>E PREMI\u00a0 \u201cIscriviti\u201d<\/span><\/h2>\n<p>&nbsp;<\/p>\n<hr \/>\n<p><img loading=\"lazy\" decoding=\"async\" class=\"aligncenter\" src=\"https:\/\/www.radiopiu.net\/wordpress\/wp-content\/uploads\/2021\/02\/RADIO-A-VALVOLE.jpg\" width=\"340\" height=\"213\" \/><\/p>\n<p><span style=\"color: #ff0000;\">\u00a0 <\/span><\/p>\n<p><span style=\"color: #ff0000;\">i podcast informativi del mattino<\/span><\/p>\n<p><strong>LA RASSEGNA STAMPA NAZIONALE ALLA RADIO, OGNI GIORNO ALLE 5 E ALLE 6 DEL MATTINO <span style=\"color: #0000ff;\">viene pubblicata alle 6.00 <span style=\"color: #ff0000;\">DIRETTA RADIO<\/span><\/span><\/strong><\/p>\n<audio class=\"wp-audio-shortcode\" id=\"audio-362622-1\" preload=\"none\" style=\"width: 100%;\" controls=\"controls\"><source type=\"audio\/mpeg\" src=\"https:\/\/www.radiopiu.net\/wordpress\/wp-content\/uploads\/2023\/11\/GIORNALEDELLESEI-6.mp3?_=1\" \/><a href=\"https:\/\/www.radiopiu.net\/wordpress\/wp-content\/uploads\/2023\/11\/GIORNALEDELLESEI-6.mp3\">https:\/\/www.radiopiu.net\/wordpress\/wp-content\/uploads\/2023\/11\/GIORNALEDELLESEI-6.mp3<\/a><\/audio>\n<p><strong>\u00a0<\/strong><\/p>\n<p><strong>GIORNALE RADIO NAZIONALE, EDIZIONE DELLE SETTE <span style=\"color: #0000ff;\">viene pubblicato alle 7.05 <span style=\"color: #ff0000;\">DIRETTA RADIO<\/span><\/span><\/strong><\/p>\n<audio class=\"wp-audio-shortcode\" id=\"audio-362622-2\" preload=\"none\" style=\"width: 100%;\" controls=\"controls\"><source type=\"audio\/mpeg\" src=\"https:\/\/www.radiopiu.net\/wordpress\/wp-content\/uploads\/2023\/11\/giornale07-6.mp3?_=2\" \/><a href=\"https:\/\/www.radiopiu.net\/wordpress\/wp-content\/uploads\/2023\/11\/giornale07-6.mp3\">https:\/\/www.radiopiu.net\/wordpress\/wp-content\/uploads\/2023\/11\/giornale07-6.mp3<\/a><\/audio>\n<p>&nbsp;<\/p>\n<p>&nbsp;<\/p>\n<p><strong>RASSEGNA STAMPA LOCALE, ORE OTTO <span style=\"color: #0000ff;\">viene pubblicata alle 8.05 <span style=\"color: #ff0000;\">DIRETTA RADIO<\/span><\/span><\/strong><\/p>\n<blockquote class=\"wp-embedded-content\" data-secret=\"LhK0EfrKkk\"><p><a href=\"https:\/\/www.radiopiu.net\/wordpress\/dal-1983-loriginale-la-rassegna-della-stampa-locale-e-alle-sette-ogni-giorno-le-anticipazioni-per-chi-ha-fretta\/\">DAL 1983, L&#8217;ORIGINALE!  la rassegna della stampa locale  E ALLE SETTE OGNI GIORNO LE ANTICIPAZIONI PER CHI HA FRETTA<\/a><\/p><\/blockquote>\n<p><iframe loading=\"lazy\" class=\"wp-embedded-content\" sandbox=\"allow-scripts\" security=\"restricted\" style=\"position: absolute; clip: rect(1px, 1px, 1px, 1px);\" title=\"&#8220;DAL 1983, L&#8217;ORIGINALE!  la rassegna della stampa locale  E ALLE SETTE OGNI GIORNO LE ANTICIPAZIONI PER CHI HA FRETTA&#8221; &#8212; Radio Pi\u00f9\" src=\"https:\/\/www.radiopiu.net\/wordpress\/dal-1983-loriginale-la-rassegna-della-stampa-locale-e-alle-sette-ogni-giorno-le-anticipazioni-per-chi-ha-fretta\/embed\/#?secret=ko9b5LV3Lr#?secret=LhK0EfrKkk\" data-secret=\"LhK0EfrKkk\" width=\"600\" height=\"338\" frameborder=\"0\" marginwidth=\"0\" marginheight=\"0\" scrolling=\"no\"><\/iframe><\/p>\n<hr \/>\n<div class=\"page-title-head hgroup\">\n<blockquote>\n<h3 class=\"entry-title\"><\/h3>\n<h3 class=\"entry-title\">SAN TOMASO : ABBONATI ALL\u2019INQUINAMENTO DELLE ACQUE.<\/h3>\n<\/blockquote>\n<\/div>\n<p><strong><img loading=\"lazy\" decoding=\"async\" class=\"alignleft\" src=\"https:\/\/www.radiopiu.net\/wordpress\/wp-content\/uploads\/2021\/06\/th-12.jpg\" width=\"159\" height=\"106\" \/><br \/>\n<\/strong><\/p>\n<p class=\"page-title-head hgroup\"><strong>SAN TOMASO<\/strong> Gestione Servizi Pubblici informa che a SAN TOMASO AGORDINO nelle localit\u00e0 PIANEZZE, VALLATA, VAL, MEZZAVALLE, COSTA DI MEZZO E PIAN MOLIN l&#8217;acqua erogata dall&#8217;acquedotto non \u00e8 potabile e non pu\u00f2 essere usata per scopi alimentari. Verr\u00e0 effettuato servizio sostitutivo con autobotte in localit\u00e0 PIAN MOLIN presso Ecocentro.<\/p>\n<p>&nbsp;<\/p>\n<p>&nbsp;<\/p>\n<hr \/>\n<p>&nbsp;<\/p>\n<p><a class=\"dt-pswp-item\" href=\"https:\/\/www.radiopiu.net\/wordpress\/wp-content\/uploads\/2023\/10\/34f4cfc6-e863-46e9-9695-8df44be63421.jpg\" data-dt-img-description=\"\" data-large_image_width=\"1200\" data-large_image_height=\"1200\"><img loading=\"lazy\" decoding=\"async\" class=\"wp-image-357393 alignleft\" src=\"https:\/\/www.radiopiu.net\/wordpress\/wp-content\/uploads\/2023\/10\/34f4cfc6-e863-46e9-9695-8df44be63421-300x300.jpg\" alt=\"\" width=\"81\" height=\"81\" srcset=\"https:\/\/www.radiopiu.net\/wordpress\/wp-content\/uploads\/2023\/10\/34f4cfc6-e863-46e9-9695-8df44be63421-300x300.jpg 300w, https:\/\/www.radiopiu.net\/wordpress\/wp-content\/uploads\/2023\/10\/34f4cfc6-e863-46e9-9695-8df44be63421-1024x1024.jpg 1024w, https:\/\/www.radiopiu.net\/wordpress\/wp-content\/uploads\/2023\/10\/34f4cfc6-e863-46e9-9695-8df44be63421-150x150.jpg 150w, https:\/\/www.radiopiu.net\/wordpress\/wp-content\/uploads\/2023\/10\/34f4cfc6-e863-46e9-9695-8df44be63421-768x768.jpg 768w, https:\/\/www.radiopiu.net\/wordpress\/wp-content\/uploads\/2023\/10\/34f4cfc6-e863-46e9-9695-8df44be63421.jpg 1200w\" sizes=\"auto, (max-width: 81px) 100vw, 81px\" \/><\/a>OGGI ALLA RADIO: <strong>ALLE 7<\/strong> LA RASSEGNA STAMPA LOCALE FLASH, PER CHI COME NOI ALLE SETTE DEL MATTINO VA DI FRETTA, TANTE NOTIZIE IN POCHE CHIACCHIERE. <strong>ALLE OTTO<\/strong> L&#8217;APPROFONDIMENTO NELLA STORICA RASSEGNA STAMPA LOCALE.\u00a0 DALLE 6 ALLE 21, OGNI ORA, L&#8217;INFORMAZIONE NAZIONALE, l&#8217;informazione locale, ALLE 10 flash. 11flash. 14 viabilit\u00e0. 15meteo. 16flash. 17flash. 18flash. 19 i titoli di Antenna 3<\/p>\n<p>&nbsp;<\/p>\n<blockquote>\n<h3>845 1545 SPECIALE CENTRO FORMAZIONE SICUREZZA SEDICO, SETTIMANA SCUOLA APERTA, quarta puntata, anche sul sito www.radiopiu.net<\/h3>\n<\/blockquote>\n<p>&nbsp;<\/p>\n<p><strong>OGGI ALLE 9<\/strong> IL COUNTRY CON ALEX NASCINBEN <strong>10.30 &#8211; 19.00<\/strong> AMEDEO E NARDIN, HOLZEMEDE<\/p>\n<p>&nbsp;<\/p>\n<p>&nbsp;<\/p>\n<hr \/>\n<p>&nbsp;<\/p>\n<blockquote>\n<h3><strong>Autista Sospeso per Violenza Sessuale Licenziato da Cortina Express<\/strong><\/h3>\n<\/blockquote>\n<p><strong><a class=\"dt-pswp-item\" href=\"https:\/\/www.radiopiu.net\/wordpress\/wp-content\/uploads\/2023\/11\/Senza-nome-120.png\" data-dt-img-description=\"\" data-large_image_width=\"214\" data-large_image_height=\"128\"><img loading=\"lazy\" decoding=\"async\" class=\"size-full wp-image-362752 alignleft\" src=\"https:\/\/www.radiopiu.net\/wordpress\/wp-content\/uploads\/2023\/11\/Senza-nome-120.png\" alt=\"\" width=\"214\" height=\"128\" \/><\/a>CORTINA<\/strong> Cortina Express ha licenziato un autista indagato per violenza sessuale nei confronti di una studentessa di 13 anni. La Procura di Belluno ha accusato l&#8217;uomo, e la societ\u00e0 di trasporti ha deciso di interrompere il rapporto di lavoro per giusta causa. Il 41enne, difeso dall&#8217;avvocato Giorgio Gasperin, potr\u00e0 impugnare il licenziamento dopo la sentenza del processo. La direttrice di Cortina Express, Ellen Broccolo, ha sottolineato la necessit\u00e0 di agire immediatamente per trasparenza e sicurezza dei passeggeri. La societ\u00e0 ha visionato le immagini delle telecamere a bordo, acquisite dalla magistratura, per prendere la decisione di licenziare l&#8217;autista. La fase attuale \u00e8 delle indagini preliminari coordinare dal sostituto procuratore Alberto Primavera.<\/p>\n<p>&nbsp;<\/p>\n<hr \/>\n<p>&nbsp;<\/p>\n<blockquote>\n<h2>MALTRATTA LA MOGLIE, CINQUE ANNI E&#8230;10 EURO.<\/h2>\n<\/blockquote>\n<p>***<\/p>\n<p>OGGI SUL CORRIERE DELLE ALPI<br \/>\nDI GIGI SOSSO<\/p>\n<blockquote><p><em><strong>Il Consiglio dei saggi e i giudici penali decidono per la condanna, respingendo le richieste di assoluzione. La moglie ottiene un simbolico risarcimento di 10 euro per tornare a una vita normale con le figlie che avevano assistito ai maltrattamenti.<\/strong><\/em><\/p><\/blockquote>\n<p><strong><img loading=\"lazy\" decoding=\"async\" class=\"alignleft\" src=\"https:\/\/www.radiopiu.net\/wordpress\/wp-content\/uploads\/2018\/08\/violenza-donne.jpg\" width=\"341\" height=\"204\" \/>BELLUNO<\/strong> Il Tribunale ha emesso una condanna di cinque anni per maltrattamenti in famiglia contro un uomo stigmatizzato dai Testimoni di Geova. Nonostante la sua fede religiosa non sia stata considerata rilevante, il Consiglio dei saggi e il collegio dei giudici penali hanno preso una posizione severa, imponendo pene accessorie di interdizione legale e sospensione della responsabilit\u00e0 genitoriale. La moglie, vittima dei maltrattamenti, ha ottenuto un risarcimento simbolico di 10 euro, mirando a riprendere una vita normale con le figlie che erano state testimoni degli abusi. L&#8217;uomo ha respinto le accuse, ma il Tribunale ha confermato la condanna, negando le attenuanti generiche e respingendo le richieste di assoluzione per insufficienza o contraddittoriet\u00e0 della prova. La sentenza ha sottolineato le violenze fisiche e psicologiche subite dalla donna, inclusi insulti a sfondo sessuale e aggressioni fisiche. La coppia era finita davanti ai saggi della loro congregazione religiosa, ma solo l&#8217;imputato aveva subito misure restrittive. La difesa ha cercato di contestare le prove, incluso un&#8217;immagine dei lividi sulla vittima, ma senza successo. La condanna \u00e8 stata emessa nonostante il tentativo dell&#8217;uomo di giustificarsi con la presunta influenza negativa dei nonni sulle figlie.<\/p>\n<p>&nbsp;<\/p>\n<blockquote>\n<h3>\u00a0MI HA SPINTO A PROSTITUIRMI, MA L&#8217;ACCUSA NON REGGE<\/h3>\n<\/blockquote>\n<p>Un padre di famiglia di Quero Vas \u00e8 stato denunciato per maltrattamenti dalla figlia minore, ma \u00e8 stato assolto con formula piena nel processo presieduto dal giudice Federico Montalto. La tesi dell&#8217;avvocato difensore Simona Ianese \u00e8 stata accettata, mentre il pubblico ministero Sandra Rossi aveva richiesto una condanna a nove mesi di reclusione.\u00a0 La ragazza aveva 17 anni quando si era allontanata da casa a seguito di un acceso diverbio con il padre. Dopo aver compiuto la maggiore et\u00e0, ha presentato denuncia contro il genitore, affermando di essere stata maltrattata e costretta a lavorare. Il giudice ha ritenuto l&#8217;imputato estraneo ai fatti, assolvendolo completamente. Motivazioni della sentenza attese.<\/p>\n<p>&nbsp;<\/p>\n<p>&nbsp;<\/p>\n<hr \/>\n<p>&nbsp;<\/p>\n<blockquote>\n<h2 class=\"_title post-title entry-title\">LA STORIA DI DEBORA E DI PAPA\u2019 GRAZIANO: \u00abRIVOGLIAMO LA NOSTRA LIBERTA\u2019<\/h2>\n<\/blockquote>\n<p><strong>DAL TG BELLUNESE DI ANTENNA 3, OGNI SERA ALLE 19.30 SUL CANALE 10 DEL DIGITALE TERRESTRE. E ALLE 19.00 LE ANTICIPAZIONI ALLA RADIO CON TIZIANA BOLOGNANI.\u00a0<\/strong><\/p>\n<p><strong>\u00a0Intervistati DEBORA MIGOTTO, GRAZIANO MIGOTTO (Servizio di\u00a0<a href=\"https:\/\/antennatre.medianordest.it\/redazione\/Tiziana-Bolognani\/\">Tiziana Bolognani<\/a>)<\/strong><\/p>\n<p><iframe loading=\"lazy\" title=\"LA STORIA DI DEBORA E DI PAPA&#039; GRAZIANO: \u00abRIVOGLIAMO LA NOSTRA LIBERTA&#039;\u00bb | 22\/11\/2023\" width=\"1200\" height=\"675\" src=\"https:\/\/www.youtube.com\/embed\/jnjto8IsSEA?feature=oembed\" frameborder=\"0\" allow=\"accelerometer; autoplay; clipboard-write; encrypted-media; gyroscope; picture-in-picture; web-share\" allowfullscreen><\/iframe><\/p>\n<p>&nbsp;<\/p>\n<p>&nbsp;<\/p>\n<hr \/>\n<p>&nbsp;<\/p>\n<blockquote>\n<h3>Consiglio Comunale di Val di Zoldo: Contrari all&#8217;Accorpamento delle Scuole Montane<\/h3>\n<\/blockquote>\n<blockquote><p><em><a class=\"dt-pswp-item\" href=\"https:\/\/www.radiopiu.net\/wordpress\/wp-content\/uploads\/2023\/11\/Senza-nome-112.png\" data-dt-img-description=\"\" data-large_image_width=\"488\" data-large_image_height=\"167\"><img loading=\"lazy\" decoding=\"async\" class=\"size-medium wp-image-362681 alignleft\" src=\"https:\/\/www.radiopiu.net\/wordpress\/wp-content\/uploads\/2023\/11\/Senza-nome-112-300x103.png\" alt=\"\" width=\"300\" height=\"103\" srcset=\"https:\/\/www.radiopiu.net\/wordpress\/wp-content\/uploads\/2023\/11\/Senza-nome-112-300x103.png 300w, https:\/\/www.radiopiu.net\/wordpress\/wp-content\/uploads\/2023\/11\/Senza-nome-112.png 488w\" sizes=\"auto, (max-width: 300px) 100vw, 300px\" \/><\/a> la paventata fusione dell\u2019Istituto Comprensivo \u201cDante Alighieri\u201d dei Comuni di Val di Zoldo e Zopp\u00e8 di <\/em><em>Cadore con l\u2019Istituto comprensivo di Longarone va esattamente nella direzione opposta rispetto agli <\/em><em>obiettivi della Strategia Nazionale Aree Interne e del Disegno Legge sulla montagna\u00a0<\/em><\/p><\/blockquote>\n<p><strong>VAL DI ZOLDO<\/strong> Il Consiglio Comunale di Val di Zoldo esprime preoccupazione riguardo all&#8217;ipotesi di accorpamento dell&#8217;Istituto Comprensivo &#8220;Dante Alighieri&#8221; con l&#8217;Istituto Comprensivo di Longarone. La delibera sottolinea che questa proposta va contro gli obiettivi della Strategia Nazionale Aree Interne e del Disegno di Legge sulla montagna, aumentando il rischio di marginalizzazione e spopolamento nel territorio di Val di Zoldo e Zopp\u00e8 di Cadore. La decisione del mantenimento dell&#8217;autonomia dell&#8217;Istituto Comprensivo &#8220;Dante Alighieri&#8221; \u00e8 vista come cruciale per contrastare lo spopolamento e promuovere lo sviluppo sostenibile. Il Consiglio impegna il Sindaco e la Giunta a opporsi all&#8217;accorpamento, chiedendo il supporto dei parlamentari veneti per preservare i servizi essenziali come istruzione, salute e mobilit\u00e0.<\/p>\n<blockquote><p>&nbsp;<\/p>\n<hr \/>\n<p>&nbsp;<\/p>\n<p><strong>SABATO LA\u00a0 <span style=\"font-family: arial, helvetica, sans-serif; font-size: 11pt;\">manifestazione a Forno di Zoldo ALLE 12\u00a0 promossa dal consiglio d&#8217;istituto del Comprensivo.\u00a0<\/span><\/strong><\/p><\/blockquote>\n<div><\/div>\n<hr \/>\n<p>&nbsp;<\/p>\n<blockquote>\n<h3>PD &#8211;\u00a0 Contraddizione nel Parlare di Specificit\u00e0 Montana e Accorpamento delle Scuole di Montagna&#8221;<\/h3>\n<\/blockquote>\n<p><strong><a class=\"dt-pswp-item\" href=\"https:\/\/www.radiopiu.net\/wordpress\/wp-content\/uploads\/2023\/11\/pd-belluno.png\" data-dt-img-description=\"\" data-large_image_width=\"324\" data-large_image_height=\"188\"><img loading=\"lazy\" decoding=\"async\" class=\"wp-image-362571 alignleft\" src=\"https:\/\/www.radiopiu.net\/wordpress\/wp-content\/uploads\/2023\/11\/pd-belluno-300x174.png\" alt=\"\" width=\"205\" height=\"119\" srcset=\"https:\/\/www.radiopiu.net\/wordpress\/wp-content\/uploads\/2023\/11\/pd-belluno-300x174.png 300w, https:\/\/www.radiopiu.net\/wordpress\/wp-content\/uploads\/2023\/11\/pd-belluno.png 324w\" sizes=\"auto, (max-width: 205px) 100vw, 205px\" \/><\/a>BELLUNO<\/strong> Il segretario provinciale del PD Belluno Dolomiti, Alessandro Del Bianco, sottolinea la contraddizione nel parlare di specificit\u00e0 montana mentre si rischia l&#8217;accorpamento delle scuole di Zoldo e Longarone. Del Bianco chiede un intervento diretto della Regione per evitare questo rischio, evidenziando che tagliare servizi scolastici nelle zone montane non contribuisce a contrastare lo spopolamento. L&#8217;accorpamento creerebbe disagi per alunni, genitori e insegnanti di Zoldo. Il PD Belluno Dolomiti esprime solidariet\u00e0 ai sindaci e ai cittadini impegnati nella battaglia e parteciper\u00e0 alla manifestazione del sabato. Il dimensionamento degli istituti sar\u00e0 un tema centrale nel prossimo ddl montagna, e Del Bianco invita Stato e Regione a uno sforzo maggiore per evitare che la montagna diventi solo un grande villaggio vacanze. <em>&#8220;Ci si aspetta un intervento deciso dalla Regione del Veneto e dall&#8217;assessore Donazzan a sostegno del territorio&#8221;<\/em> conclude Del Bianco.<\/p>\n<p>&nbsp;<\/p>\n<hr \/>\n<p>&nbsp;<\/p>\n<blockquote>\n<h3><strong>Appello contro l&#8217;accorpamento delle scuole: La Federazione dei Lavoratori della Conoscenza di Belluno si schiera con la comunit\u00e0<\/strong><\/h3>\n<\/blockquote>\n<p><strong><a class=\"dt-pswp-item\" href=\"https:\/\/www.radiopiu.net\/wordpress\/wp-content\/uploads\/2020\/12\/CGIL.jpg\" data-dt-img-description=\"\" data-large_image_width=\"512\" data-large_image_height=\"285\"><img loading=\"lazy\" decoding=\"async\" class=\" wp-image-180372 alignleft\" src=\"https:\/\/www.radiopiu.net\/wordpress\/wp-content\/uploads\/2020\/12\/CGIL-300x167.jpg\" alt=\"\" width=\"187\" height=\"104\" srcset=\"https:\/\/www.radiopiu.net\/wordpress\/wp-content\/uploads\/2020\/12\/CGIL-300x167.jpg 300w, https:\/\/www.radiopiu.net\/wordpress\/wp-content\/uploads\/2020\/12\/CGIL.jpg 512w\" sizes=\"auto, (max-width: 187px) 100vw, 187px\" \/><\/a>BELLUNO<\/strong> La Federazione dei Lavoratori della Conoscenza di Belluno si unisce alla manifestazione del 25 novembre a Forno di Zoldo, esprimendo totale contrariet\u00e0 all&#8217;accorpamento dell&#8217;Istituto Dante Alighieri con l&#8217;Istituto Comprensivo di Longarone. L&#8217;organizzazione sindacale evidenzia come questa riorganizzazione comporti tagli che colpiscono la montagna e le nuove generazioni, impoverendo la qualit\u00e0 dell&#8217;offerta formativa. La soppressione degli uffici di segreteria a Forno di Zoldo e la conseguente perdita di posti di lavoro amministrativo, insieme alla riduzione del personale ausiliario, porterebbero a un depotenziamento dei servizi scolastici. Si sottolinea che i risparmi derivanti da questi accorpamenti sono imputabili al taglio del personale e non contribuiranno a nuovi investimenti qualitativi nel territorio. L&#8217;appello sottolinea che, per garantire pari opportunit\u00e0 e una migliore qualit\u00e0 dell&#8217;insegnamento, l&#8217;istruzione ha bisogno di maggiori risorse, e si auspica che la Regione riveda la decisione sugli accorpamenti nella provincia.<\/p>\n<p>&nbsp;<\/p>\n<hr \/>\n<p>&nbsp;<\/p>\n<p>&nbsp;<\/p>\n<blockquote>\n<h3>NEVEGAL, ARENA DI UN NUOVO SCONTRO POLITICO, CHIESTA LA &#8220;TESTA&#8221; DI ROCCON<\/h3>\n<\/blockquote>\n<p><strong><img decoding=\"async\" class=\"alignleft\" src=\"https:\/\/www.radiopiu.net\/wordpress\/wp-content\/uploads\/2023\/11\/Senza-nome-116.png\" \/>BELLUNO<\/strong><\/p>\n<p><strong>DI DANIELE DALVIT<\/strong><\/p>\n<audio class=\"wp-audio-shortcode\" id=\"audio-362622-3\" preload=\"none\" style=\"width: 100%;\" controls=\"controls\"><source type=\"audio\/mpeg\" src=\"https:\/\/www.radiopiu.net\/wordpress\/wp-content\/uploads\/2023\/11\/Radio-Piu-Servizio-Polemica-mancata-vendita-Olivier.mp3?_=3\" \/><a href=\"https:\/\/www.radiopiu.net\/wordpress\/wp-content\/uploads\/2023\/11\/Radio-Piu-Servizio-Polemica-mancata-vendita-Olivier.mp3\">https:\/\/www.radiopiu.net\/wordpress\/wp-content\/uploads\/2023\/11\/Radio-Piu-Servizio-Polemica-mancata-vendita-Olivier.mp3<\/a><\/audio>\n<p>&nbsp;<\/p>\n<p>&nbsp;<\/p>\n<hr \/>\n<p>&nbsp;<\/p>\n<blockquote>\n<h3>APN CI METTE LA FACCIA: DOBBIAMO ESSERE OTTIMISTI<\/h3>\n<\/blockquote>\n<blockquote><p><em><img loading=\"lazy\" decoding=\"async\" class=\"alignleft\" src=\"https:\/\/www.radiopiu.net\/wordpress\/wp-content\/uploads\/2023\/11\/Senza-nome-113.png\" width=\"177\" height=\"119\" \/>\u201cL&#8217;Associazione rimarr\u00e0 vigile a tutela dei propri associati e del valore immobiliare, nel massimo rispetto dell\u2019autonomia dei privati e di qualunque investitore&#8221;.<\/em><\/p><\/blockquote>\n<p><strong>BELLUNO<\/strong> L&#8217;Associazione Pro Nevegal (APN) esprime ottimismo riguardo al futuro del Nevegal, nonostante le recenti notizie sulla mancata vendita dell&#8217;albergo Olivier. Il presidente dell&#8217;APN, Daniele Ciani, afferma che le voci negative non contribuiscono al benessere del territorio e sottolinea i progetti in corso, come l&#8217;investimento per trasformare l&#8217;ex stazione di partenza della seggiovia in un bar ristorante alla moda. Ciani evidenzia anche il progetto turistico e di sviluppo territoriale di We Love Nevegal come chiave per il rilancio della zona. L&#8217;APN si impegna a tutelare gli associati e il valore immobiliare, promuovendo un clima positivo\u00a0e attirando nuovi investitori interessati al territorio.<\/p>\n<p>&nbsp;<\/p>\n<hr \/>\n<p>&nbsp;<\/p>\n<blockquote>\n<h2>BELLUNO AL CENTRO &#8220;SIAMO TUTTI OSCAR DE PELLEGRIN&#8221;<\/h2>\n<\/blockquote>\n<p><strong><a class=\"dt-pswp-item\" href=\"https:\/\/www.radiopiu.net\/wordpress\/wp-content\/uploads\/2023\/11\/Senza-nome-115.png\" data-dt-img-description=\"\" data-large_image_width=\"301\" data-large_image_height=\"160\"><img loading=\"lazy\" decoding=\"async\" class=\"size-full wp-image-362703 alignleft\" src=\"https:\/\/www.radiopiu.net\/wordpress\/wp-content\/uploads\/2023\/11\/Senza-nome-115.png\" alt=\"\" width=\"301\" height=\"160\" \/><\/a>BELLUNO<\/strong> Il gruppo consiliare Belluno al Centro interviene per difendere l&#8217;amministrazione di De Pellegrin e il progetto di rilancio del Nevegal. I consiglieri invitano a valutare i risultati ottenuti in 15 mesi, sottolineando la chiusura di questioni irrisolte da anni. Citano il successo nell&#8217;affidamento degli impianti di risalita, la soluzione del problema dell&#8217;approvvigionamento idrico per l&#8217;innevamento, e i progressi nel progetto del laghetto artificiale. Sottolineano l&#8217;assegnazione del cantiere per la riqualificazione del piazzale e l&#8217;interesse di un imprenditore privato nell&#8217;acquisto della vecchia cabinovia. I consiglieri respingono le critiche politiche e affermano che il progetto Nevegal 365 \u00e8 un sogno per tutti, un&#8217;ambizione che l&#8217;amministrazione sta perseguendo con trasparenza. Concludono che il progetto degli investitori privati \u00e8 solo una parte della riqualificazione del Colle e che l&#8217;amministrazione crede nel futuro della montagna.<\/p>\n<p>&nbsp;<\/p>\n<p>&nbsp;<\/p>\n<hr \/>\n<p>&nbsp;<\/p>\n<blockquote>\n<h3>DOMANI LO SCIOPERO DI CGIL E UIL<\/h3>\n<p>DA AGORDO_LUXOTTICA, LA PRECISAZIONE DI EMILIO BEZ: UILTEC \u00a0<em><strong>Visto che in molti lo chiedono: per questo venerd\u00ec 24 novembre Dolomitibus prevede di effettuare il normale servizio autobus, in quanto per il settore trasporti lo sciopero di 4h era gi\u00e0 stato effettuato lo scorso venerd\u00ec.\u00a0<\/strong><\/em><\/p>\n<p>&nbsp;<\/p>\n<p>&nbsp;<\/p><\/blockquote>\n<p><strong><a class=\"dt-pswp-item\" href=\"https:\/\/www.radiopiu.net\/wordpress\/wp-content\/uploads\/2023\/11\/SCR-20231122-kjzv.jpeg\" data-dt-img-description=\"\" data-large_image_width=\"986\" data-large_image_height=\"572\"><img loading=\"lazy\" decoding=\"async\" class=\" wp-image-362652 alignleft\" src=\"https:\/\/www.radiopiu.net\/wordpress\/wp-content\/uploads\/2023\/11\/SCR-20231122-kjzv-300x174.jpeg\" alt=\"\" width=\"183\" height=\"106\" srcset=\"https:\/\/www.radiopiu.net\/wordpress\/wp-content\/uploads\/2023\/11\/SCR-20231122-kjzv-300x174.jpeg 300w, https:\/\/www.radiopiu.net\/wordpress\/wp-content\/uploads\/2023\/11\/SCR-20231122-kjzv-768x446.jpeg 768w, https:\/\/www.radiopiu.net\/wordpress\/wp-content\/uploads\/2023\/11\/SCR-20231122-kjzv.jpeg 986w\" sizes=\"auto, (max-width: 183px) 100vw, 183px\" \/><\/a>BELLUNO<\/strong> Domani lo sciopero di 8 ore indetto dalla CGIL e UIL a sostegno di un&#8217;altra politica economica, sociale e contrattuale. Ci sar\u00e0 anche una manifestazione alle 10:30 a Belluno con ritrovo presso la sede della UIL.<\/p>\n<p>&nbsp;<\/p>\n<p><strong>FABRIZIO FONTANA &#8211; FILCTEM CGIL BELLUNO<\/strong><\/p>\n<audio class=\"wp-audio-shortcode\" id=\"audio-362622-4\" preload=\"none\" style=\"width: 100%;\" controls=\"controls\"><source type=\"audio\/mpeg\" src=\"https:\/\/www.radiopiu.net\/wordpress\/wp-content\/uploads\/2023\/11\/FABRIZIO-FONTANA-FICTEM-CGIL-BELLUNO.mp3?_=4\" \/><a href=\"https:\/\/www.radiopiu.net\/wordpress\/wp-content\/uploads\/2023\/11\/FABRIZIO-FONTANA-FICTEM-CGIL-BELLUNO.mp3\">https:\/\/www.radiopiu.net\/wordpress\/wp-content\/uploads\/2023\/11\/FABRIZIO-FONTANA-FICTEM-CGIL-BELLUNO.mp3<\/a><\/audio>\n<p>&nbsp;<\/p>\n<hr \/>\n<p>&nbsp;<\/p>\n<blockquote>\n<h3>CELEBRATA NELLA CATTEDRALE DI BELLUNO LA VIRGO FIDELIS, PATRONA DEI CARABINIERI<\/h3>\n<\/blockquote>\n<p><strong>BELLUNO <\/strong>I Carabinieri di Belluno hanno celebrato la Patrona, la Virgo Fidelis, in una Chiesa gremita. La celebrazione \u00e8 stata officiata da Monsignor Attilio Zanderigo Jona. Durante l&#8217;evento, il Carabiniere Gabriele Mastrogiovanni, allievo del conservatorio, ha suonato l&#8217;organo della Cattedrale. Inoltre, il Maestro Giorgio Fornasier ha cantato l&#8217;Inno alla Virgo Fidelis. Il Colonnello Pigozzo ha ringraziato il Maestro per l&#8217;onore riservato all&#8217;Arma. Durante la celebrazione, \u00e8 stato ricordato il sacrificio dei Carabinieri di Culqualber. Al termine, \u00e8 stata una sorpresa consegnare a Monsignor Attilio Zanderigo Jona tessera e insegne dell&#8217;Associazione Nazionale dei Carabinieri, accogliendolo nella famiglia dell&#8217;Associazione. La cerimonia \u00e8 stata seguita da un momento conviviale offerto dall&#8217;Associazione Nazionale Carabinieri.<\/p>\n\n\t\t\t<style type='text\/css'>\n\t\t\t\t#gallery-1 {\n\t\t\t\t\tmargin: auto;\n\t\t\t\t}\n\t\t\t\t#gallery-1 .gallery-item {\n\t\t\t\t\tfloat: left;\n\t\t\t\t\tmargin-top: 10px;\n\t\t\t\t\ttext-align: center;\n\t\t\t\t\twidth: 25%;\n\t\t\t\t}\n\t\t\t\t#gallery-1 img {\n\t\t\t\t\tborder: 2px solid #cfcfcf;\n\t\t\t\t}\n\t\t\t\t#gallery-1 .gallery-caption {\n\t\t\t\t\tmargin-left: 0;\n\t\t\t\t}\n\t\t\t\t\/* see gallery_shortcode() in wp-includes\/media.php *\/\n\t\t\t<\/style>\n\t\t<div id='gallery-1' class='dt-gallery-container gallery galleryid-362622 gallery-columns-4 gallery-size-thumbnail'><dl class='gallery-item'>\n\t\t\t\t<dt class='gallery-icon landscape'>\n\t\t\t\t\t<a class=\"rollover rollover-zoom dt-pswp-item\" title=\"657b9668-31a9-401f-b60d-9b375bf0aaaf\" data-dt-img-description=\"\" data-large_image_width=\"1599\" data-large_image_height=\"1066\"href='https:\/\/www.radiopiu.net\/wordpress\/wp-content\/uploads\/2023\/11\/657b9668-31a9-401f-b60d-9b375bf0aaaf.jpg'><img loading=\"lazy\" decoding=\"async\" width=\"150\" height=\"150\" src=\"https:\/\/www.radiopiu.net\/wordpress\/wp-content\/uploads\/2023\/11\/657b9668-31a9-401f-b60d-9b375bf0aaaf-150x150.jpg\" class=\"attachment-thumbnail size-thumbnail\" alt=\"\" \/><\/a>\n\t\t\t\t<\/dt><\/dl><dl class='gallery-item'>\n\t\t\t\t<dt class='gallery-icon landscape'>\n\t\t\t\t\t<a class=\"rollover rollover-zoom dt-pswp-item\" title=\"6391ac22-70c8-433f-979d-97c7287ac05b\" data-dt-img-description=\"\" data-large_image_width=\"1600\" data-large_image_height=\"1059\"href='https:\/\/www.radiopiu.net\/wordpress\/wp-content\/uploads\/2023\/11\/6391ac22-70c8-433f-979d-97c7287ac05b.jpg'><img loading=\"lazy\" decoding=\"async\" width=\"150\" height=\"150\" src=\"https:\/\/www.radiopiu.net\/wordpress\/wp-content\/uploads\/2023\/11\/6391ac22-70c8-433f-979d-97c7287ac05b-150x150.jpg\" class=\"attachment-thumbnail size-thumbnail\" alt=\"\" \/><\/a>\n\t\t\t\t<\/dt><\/dl><dl class='gallery-item'>\n\t\t\t\t<dt class='gallery-icon landscape'>\n\t\t\t\t\t<a class=\"rollover rollover-zoom dt-pswp-item\" title=\"6ced9132-70e7-4c96-9e9a-0db746be0bcb\" data-dt-img-description=\"\" data-large_image_width=\"1599\" data-large_image_height=\"1066\"href='https:\/\/www.radiopiu.net\/wordpress\/wp-content\/uploads\/2023\/11\/6ced9132-70e7-4c96-9e9a-0db746be0bcb.jpg'><img loading=\"lazy\" decoding=\"async\" width=\"150\" height=\"150\" src=\"https:\/\/www.radiopiu.net\/wordpress\/wp-content\/uploads\/2023\/11\/6ced9132-70e7-4c96-9e9a-0db746be0bcb-150x150.jpg\" class=\"attachment-thumbnail size-thumbnail\" alt=\"\" \/><\/a>\n\t\t\t\t<\/dt><\/dl><dl class='gallery-item'>\n\t\t\t\t<dt class='gallery-icon portrait'>\n\t\t\t\t\t<a class=\"rollover rollover-zoom dt-pswp-item\" title=\"1dfd334f-4fb2-480f-accf-44f540099a2c\" data-dt-img-description=\"\" data-large_image_width=\"756\" data-large_image_height=\"1066\"href='https:\/\/www.radiopiu.net\/wordpress\/wp-content\/uploads\/2023\/11\/1dfd334f-4fb2-480f-accf-44f540099a2c.jpg'><img loading=\"lazy\" decoding=\"async\" width=\"150\" height=\"150\" src=\"https:\/\/www.radiopiu.net\/wordpress\/wp-content\/uploads\/2023\/11\/1dfd334f-4fb2-480f-accf-44f540099a2c-150x150.jpg\" class=\"attachment-thumbnail size-thumbnail\" alt=\"\" \/><\/a>\n\t\t\t\t<\/dt><\/dl><br style=\"clear: both\" \/>\n\t\t\t<\/div>\n\n<p>&nbsp;<\/p>\n<p>&nbsp;<\/p>\n<hr \/>\n<p>&nbsp;<\/p>\n<blockquote>\n<h3>LONGARONE CELEBRA LA GIORNATA INTERNAZIONALE PER L&#8217;ELIMINAZIONE DELLA VIOLENZA SULLE DONNE<\/h3>\n<\/blockquote>\n<p><strong><a class=\"dt-pswp-item\" href=\"https:\/\/www.radiopiu.net\/wordpress\/wp-content\/uploads\/2023\/03\/MUNICIPIO-LONGARONE-scaled.jpg\" data-dt-img-description=\"\" data-large_image_width=\"2560\" data-large_image_height=\"1707\"><img loading=\"lazy\" decoding=\"async\" class=\" wp-image-328192 alignleft\" src=\"https:\/\/www.radiopiu.net\/wordpress\/wp-content\/uploads\/2023\/03\/MUNICIPIO-LONGARONE-300x200.jpg\" alt=\"\" width=\"174\" height=\"116\" srcset=\"https:\/\/www.radiopiu.net\/wordpress\/wp-content\/uploads\/2023\/03\/MUNICIPIO-LONGARONE-300x200.jpg 300w, https:\/\/www.radiopiu.net\/wordpress\/wp-content\/uploads\/2023\/03\/MUNICIPIO-LONGARONE-1024x683.jpg 1024w, https:\/\/www.radiopiu.net\/wordpress\/wp-content\/uploads\/2023\/03\/MUNICIPIO-LONGARONE-768x512.jpg 768w, https:\/\/www.radiopiu.net\/wordpress\/wp-content\/uploads\/2023\/03\/MUNICIPIO-LONGARONE-1536x1024.jpg 1536w, https:\/\/www.radiopiu.net\/wordpress\/wp-content\/uploads\/2023\/03\/MUNICIPIO-LONGARONE-2048x1366.jpg 2048w\" sizes=\"auto, (max-width: 174px) 100vw, 174px\" \/><\/a>LONGARONE<\/strong> Il Comune di Longarone commemora la Giornata Internazionale per l\u2019eliminazione della violenza contro le donne con una fiaccolata in memoria di Giulia Cecchettin, vittima di femminicidio. L&#8217;Amministrazione ha installato panchine rosse in centro e nelle frazioni come simbolo di sensibilizzazione contro la violenza di genere. Sabato alle 17 nella sala consiliare del Municipio ci sar\u00e0 un intervento di Flavia Monego, consigliera di parit\u00e0 della provincia di Belluno, e un saluto di Ida Bortoluzzi dell\u2019associazione Belluno Donna. La fiaccolata seguir\u00e0 il percorso fino a una delle panchine rosse nel centro cittadino. L&#8217;iniziativa mira a mantenere alta l&#8217;attenzione sulla violenza di genere attraverso formazione, informazione e cultura.<\/p>\n<p>&nbsp;<\/p>\n<p>&nbsp;<\/p>\n<hr \/>\n<p>&nbsp;<\/p>\n<blockquote>\n<h3>VICH, IL PAESE DEI BAMBINI<\/h3>\n<\/blockquote>\n<p><strong>PONTE NELLE ALPI<\/strong> A Vich, frazione di Ponte nelle Alpi, le mamme hanno promosso l&#8217;installazione di cartelli stradali con il messaggio &#8220;Attenzione, rallentare: in questo paese i bambini giocano all\u2019aperto&#8221;. Questa iniziativa mira a sensibilizzare gli automobilisti sulla presenza di bambini che giocano nelle strade del paese. I cartelli colorati, posti agli ingressi del borgo, sono stati realizzati su proposta dei genitori durante un incontro con l&#8217;amministrazione comunale. L&#8217;iniziativa vuole non solo promuovere la sicurezza stradale, ma anche sottolineare l&#8217;importanza di preservare spazi all&#8217;aperto per il gioco dei bambini e promuovere un senso di comunit\u00e0. L&#8217;amministrazione comunale sta anche collaborando con Veneto Strade e Anas per affrontare il problema dell&#8217;alta velocit\u00e0 nelle strade locali.<\/p>\n\n\t\t\t<style type='text\/css'>\n\t\t\t\t#gallery-2 {\n\t\t\t\t\tmargin: auto;\n\t\t\t\t}\n\t\t\t\t#gallery-2 .gallery-item {\n\t\t\t\t\tfloat: left;\n\t\t\t\t\tmargin-top: 10px;\n\t\t\t\t\ttext-align: center;\n\t\t\t\t\twidth: 50%;\n\t\t\t\t}\n\t\t\t\t#gallery-2 img {\n\t\t\t\t\tborder: 2px solid #cfcfcf;\n\t\t\t\t}\n\t\t\t\t#gallery-2 .gallery-caption {\n\t\t\t\t\tmargin-left: 0;\n\t\t\t\t}\n\t\t\t\t\/* see gallery_shortcode() in wp-includes\/media.php *\/\n\t\t\t<\/style>\n\t\t<div id='gallery-2' class='dt-gallery-container gallery galleryid-362622 gallery-columns-2 gallery-size-thumbnail'><dl class='gallery-item'>\n\t\t\t\t<dt class='gallery-icon portrait'>\n\t\t\t\t\t<a class=\"rollover rollover-zoom dt-pswp-item\" title=\"Vich_1\" data-dt-img-description=\"\" data-large_image_width=\"823\" data-large_image_height=\"1024\"href='https:\/\/www.radiopiu.net\/wordpress\/wp-content\/uploads\/2023\/11\/Vich_1.jpg'><img loading=\"lazy\" decoding=\"async\" width=\"150\" height=\"150\" src=\"https:\/\/www.radiopiu.net\/wordpress\/wp-content\/uploads\/2023\/11\/Vich_1-150x150.jpg\" class=\"attachment-thumbnail size-thumbnail\" alt=\"\" \/><\/a>\n\t\t\t\t<\/dt><\/dl><dl class='gallery-item'>\n\t\t\t\t<dt class='gallery-icon portrait'>\n\t\t\t\t\t<a class=\"rollover rollover-zoom dt-pswp-item\" title=\"Vich_2\" data-dt-img-description=\"\" data-large_image_width=\"861\" data-large_image_height=\"1024\"href='https:\/\/www.radiopiu.net\/wordpress\/wp-content\/uploads\/2023\/11\/Vich_2.jpg'><img loading=\"lazy\" decoding=\"async\" width=\"150\" height=\"150\" src=\"https:\/\/www.radiopiu.net\/wordpress\/wp-content\/uploads\/2023\/11\/Vich_2-150x150.jpg\" class=\"attachment-thumbnail size-thumbnail\" alt=\"\" \/><\/a>\n\t\t\t\t<\/dt><\/dl><br style=\"clear: both\" \/>\n\t\t\t<\/div>\n\n<p>&nbsp;<\/p>\n<p>&nbsp;<\/p>\n<hr \/>\n<p>&nbsp;<\/p>\n<blockquote>\n<h3>I DIECI FINALISTI DEL CONCORSO LETTERARIO ABM<\/h3>\n<\/blockquote>\n<p><strong><a class=\"dt-pswp-item\" href=\"https:\/\/www.radiopiu.net\/wordpress\/wp-content\/uploads\/2023\/11\/cartolina_promo_concorso_emi_abm.jpeg\" data-dt-img-description=\"\" data-large_image_width=\"886\" data-large_image_height=\"591\"><img loading=\"lazy\" decoding=\"async\" class=\" wp-image-362629 alignleft\" src=\"https:\/\/www.radiopiu.net\/wordpress\/wp-content\/uploads\/2023\/11\/cartolina_promo_concorso_emi_abm-300x200.jpeg\" alt=\"\" width=\"168\" height=\"112\" srcset=\"https:\/\/www.radiopiu.net\/wordpress\/wp-content\/uploads\/2023\/11\/cartolina_promo_concorso_emi_abm-300x200.jpeg 300w, https:\/\/www.radiopiu.net\/wordpress\/wp-content\/uploads\/2023\/11\/cartolina_promo_concorso_emi_abm-768x512.jpeg 768w, https:\/\/www.radiopiu.net\/wordpress\/wp-content\/uploads\/2023\/11\/cartolina_promo_concorso_emi_abm.jpeg 886w\" sizes=\"auto, (max-width: 168px) 100vw, 168px\" \/><\/a>BELLUNO<\/strong> Sono stati selezionati i dieci finalisti del concorso letterario \u201cRaccontare l\u2019emigrazione veneta\u201d 2023, organizzato dall\u2019Associazione Bellunesi nel Mondo. Si tratta di: Paolo Banfi (Bassano del Grappa), con il racconto \u201cLa tata\u201d; di Gaspare Benenati (Pencoed, Galles), con il racconto \u201cLe linee del mondo\u201d; di Micaela Bordignon (Borgo Valbelluna), con il racconto \u201cOltre l\u2019Atlantico\u201d; di Loreta Chenetti (Belluno), con il racconto \u201cEcco perch\u00e9 io. Ecco perch\u00e9 ora\u201d; di Susy Favarato (Zero Branco), con il racconto \u201cMi alzo\u201d; di Norma Follina (Nervesa della Battaglia), con il racconto \u201cE dopo\u201d; di Irene Pavan (San Don\u00e0 di Piave), con il racconto \u201cOro bianco\u201d; di Lorenzo Pertoldi (Feltre), con il racconto \u201cIl sasso sul cuore\u201d; di Antonella Schena (Falcade), con il racconto \u201cFiori nel vento\u201d; di Gabriella Sperotto (Belluno), con il racconto \u201cRicami\u201d.<\/p>\n<p>&nbsp;<\/p>\n<hr \/>\n<p>&nbsp;<\/p>\n<blockquote>\n<h2>Grande partecipazione per il 40\u00b0 Anniversario del Libro Parlato a Feltre<\/h2>\n<\/blockquote>\n<p><img loading=\"lazy\" decoding=\"async\" class=\"alignleft\" src=\"https:\/\/www.radiopiu.net\/wordpress\/wp-content\/uploads\/2023\/11\/604bdd41-0cc1-4230-b734-d99b4994595e.jpg\" width=\"331\" height=\"186\" \/><strong>FELTRE<\/strong> L&#8217;entusiasmo del pubblico ha segnato il secondo evento delle celebrazioni del 40\u00b0 anniversario del Libro Parlato, tenutosi mercoled\u00ec 22 novembre nella suggestiva sala Ocri a Feltre. Loredana Borghetto, donatrice di voce dell&#8217;associazione e membro del Consiglio Direttivo, ha presentato il suo libro &#8220;Navigante di Poppa&#8221;. Docente di lettere nei prestigiosi istituti di Belluno, oltre a essere una valente poetessa premiata, Borghetto offre un romanzo ricco di ricordi d&#8217;infanzia che si distingue per una visione non nostalgica ma intrisa di un flusso di memorie che &#8220;sono come onde che ti passano sulla testa&#8230; che imprigionano il tuo tempo prima che il nulla lo divori&#8221;. Cristina Pierotti ha condotto un dialogo approfondito con l&#8217;autrice, analizzando diverse prospettive del romanzo, tra cui il superamento della contrapposizione tra poesia e prosa, la struttura circolare del racconto e la costruzione sapiente di frammenti di memorie senza un ordine cronologico preciso. I riferimenti letterari citati hanno arricchito la discussione, stimolando un pubblico attento in sala. Gli allievi della scuola Sandi hanno contribuito all&#8217;atmosfera speciale della serata: Tiziano e Alessio, con le loro chitarre e brani accuratamente selezionati, hanno fornito la cornice perfetta per un incontro emozionante.<\/p>\n<p>&nbsp;<\/p>\n<hr \/>\n<p>&nbsp;<\/p>\n<blockquote>\n<h3>NUOVO ACCORDO DI ESSILOR LUXOTTICA CON MONCLER<\/h3>\n<\/blockquote>\n<div class=\"article-main\">\n<div class=\"post-single-text rich-text news-txt\">\n<p><a class=\"dt-pswp-item\" href=\"https:\/\/www.radiopiu.net\/wordpress\/wp-content\/uploads\/2023\/11\/Senza-nome-119.png\" data-dt-img-description=\"\" data-large_image_width=\"296\" data-large_image_height=\"220\"><img loading=\"lazy\" decoding=\"async\" class=\" wp-image-362749 alignleft\" src=\"https:\/\/www.radiopiu.net\/wordpress\/wp-content\/uploads\/2023\/11\/Senza-nome-119.png\" alt=\"\" width=\"231\" height=\"172\" \/><\/a>EssilorLuxottica avr\u00e0 la licenza esclusiva per Moncler, che comprende il design, la produzione e la distribuzione globale di occhiali da sole e montature da vista. L&#8217;accordo, precisa una nota, sar\u00e0 in vigore da gennaio 2024 fino a dicembre 2028, con un&#8217;opzione di rinnovo automatico per ulteriori cinque anni.<\/p>\n<p>La prima collezione Moncler Lunettes realizzata con EssilorLuxottica, sar\u00e0 quella AutunnoInverno 2024, disponibile sul mercato a partire da settembre 2024. \u00a0 <em>&#8220;Moncler \u00e8 un marchio che ci affascina da tempo e con cui condividiamo la stessa passione per l&#8217;innovazione e lo stile, oltre che il profondo legame con le montagne che segnano le nostre origini&#8221;<\/em> dice\u00a0 Francesco Milleri, presidente e\u00a0amministratore delegato di EssilorLuxottica.<\/p>\n<\/div>\n<\/div>\n<div class=\"article-side\">\n<div class=\"article-side-outbrain article-widget only-desktop\">\n<div id=\"OSB_1\">\n<aside>\n<div class=\"ob-smartfeed-wrapper feedIdx-1\">\n<div id=\"outbrain_widget_1\" class=\"OUTBRAIN\" data-src=\"DROP_PERMALINK_HERE\" data-widget-id=\"SB_1\" data-ob-mark=\"true\" data-browser=\"chrome\" data-os=\"win32\" data-dynload=\"\" data-idx=\"1\">\n<div class=\"ob-widget ob-feed-layout SB_1\">\n<div class=\"ob-widget-header\"><\/div>\n<div class=\"ob-cards\">\n<div id=\"outbrain_widget_2001\" class=\"OUTBRAIN\" data-src=\"https:\/\/www.ansa.it\/sito\/notizie\/cultura\/moda\/2023\/11\/22\/essilorluxottica-e-moncler-licenza-esclusiva-fino-al-2028_25351d93-2fad-4b2c-a765-2622eea14147.html\" data-widget-id=\"FMS_CP_1\" data-card-idx=\"1\" data-feed-father-idx=\"1\" data-ob-mark=\"true\" data-browser=\"chrome\" data-os=\"win32\" data-dynload=\"\" data-idx=\"2001\">\n<div>\n<div class=\"ob-widget ob-grid-layout FMS_CP_1 ob-feed-idx-1-9820-43247\" data-dynamic-truncate=\"true\">\n<div class=\"ob-widget-items-container\">\n<div class=\"ob-dynamic-rec-container ob-recIdx-0 ob-p\" data-pos=\"0\"><\/div>\n<\/div>\n<\/div>\n<\/div>\n<\/div>\n<\/div>\n<\/div>\n<\/div>\n<\/div>\n<\/aside>\n<\/div>\n<\/div>\n<\/div>\n<p>&nbsp;<\/p>\n<hr \/>\n<p>&nbsp;<\/p>\n<blockquote>\n<h3>DILLO A RADIO PIU&#8217;&#8230;Lentezza dei Lavori sulla Strada Provinciale Saviner-Digonera<\/h3>\n<\/blockquote>\n<p><strong>Riceviamo e pubblichiamo, lettera firmata.<\/strong><\/p>\n<p><img loading=\"lazy\" decoding=\"async\" class=\"alignleft\" src=\"https:\/\/www.radiopiu.net\/wordpress\/wp-content\/uploads\/2023\/11\/98d62dfb-0cec-410f-9fb6-1471623167b8.jpg\" width=\"180\" height=\"135\" \/>Sabato scorso, visto che la strada era finalmente aperta ho approfittato per scendere ad Agordo. Mi immaginavo che dopo tutti questi mesi di lavoro potessi vedere questo prolungamento della galleria terminato, almeno provvisoriamente ma, con mio grande stupore, non credevo ai miei occhi, \u00e8 stata fatta appena la fondazione a monte a livello della strada. A occhio si tratta di un prolungamento di una ventina di metri. <span lang=\"it-IT\">Penso a quando in sei mesi \u00e8 stata fatta, la ferrovia della Val Gardena, siamo durante la prima guerra mondiale, con 6.000 uomini ma senza i macchinari che abbiamo ora, penso al Passo S. Boldo dove le gallerie sono state realizzate in 100 giorni, solo operai e animali, macchinari quasi zero, penso alla A1 Milano Roma, 600 Km in 8 anni di lavoro, qui c&#8217;erano sicuramente parecchi operai e dei macchinari ma non certo quelli di oggi. <\/span><span lang=\"it-IT\">Certo sono paragoni molto diversi ma carissimi agordini e cittadini del mondo intero, vi invito a riflettere se il rapporto tempi\/opera sono ancora ragionevoli.\u00a0 \u00a0C<\/span><span lang=\"it-IT\">`\u00e8 ancora qualcuno si sente responsabile di come vengono impegnate le giornate di lavoro?\u00a0 riusciamo ancora a vedere un futuro oppure ci stiamo rassegnando a vivere alla giornata? Quali sono le cause?\u00a0<\/span><\/p>\n<p>&nbsp;<\/p>\n<hr \/>\n<p>&nbsp;<\/p>\n<blockquote>\n<h3>DOMANI IL CONSIGLIO COMUNALE DI CANALE D&#8217;AGORDO<\/h3>\n<\/blockquote>\n<p><strong>CANALE D&#8217;AGORDO<\/strong> Il sindaco di Canale D&#8217;Agordo Massimo Murer ha convocato i consiglieri comunali per domani alle 7 per il consiglio comunale nell&#8217;ufficio del sindaco. Si parler\u00e0 di una variazione a bilancio e del servizio associato di segreteria generale con l&#8217;Unione Montana Agordina.<\/p>\n<p>&nbsp;<\/p>\n<hr \/>\n<blockquote>\n<h3><\/h3>\n<h3>AD ALLEGHE IL CONSIGLIO COMUNALE<\/h3>\n<\/blockquote>\n<p><strong>ALLEGHE<\/strong> Marted\u00ec alle 20:30 \u00e8 stato convocato il consiglio comunale ad Alleghe. Il sindaco Danilo De Toni ha chiamato a rapporto i consiglieri per trattare 10 punti tra cui la programmazione triennale dei lavori pubblici, una variazione a bilancio, il piano di valorizzazione del patrimonio immobiliare, la modifica al regolamento per l&#8217;applicazione del canone patrimoniale di occupazione del suolo pubblico, l&#8217;approvazione di IMU e il documento unico di programmazione e la nomina del revisore dei conti.<\/p>\n<p>&nbsp;<\/p>\n<hr \/>\n<p>&nbsp;<\/p>\n<blockquote>\n<h3>LUNEDI SERA IN SALA DON TAMIS CON L&#8217;UNIONE MONTANA AGORDINA<\/h3>\n<\/blockquote>\n<p><strong>AGORDO<\/strong> Il Presidente dell&#8217;Unione Montana Agordina, Paolo Frena, ha convocato il tavolo dell&#8217;Unione Montana per lunedi alle 20.30. All&#8217;ordine del giorno: documento unico di programmazione, variazioni al bilancio, immobili destinati a ecocentro dell&#8217;Unione Montana Agordina, strade silvo pastorali e comunicazioni del Presidente.<\/p>\n<p>&nbsp;<\/p>\n<hr \/>\n<p>&nbsp;<\/p>\n<blockquote>\n<h3>Inizia la 63esima Mostra Internazionale del Gelato a Longarone: Innovazione, Sostenibilit\u00e0 e Internazionalizzazione al Centro dell&#8217;Edizione 2023. La presentazione a Roma, sala della stampa Estera.<a class=\"dt-pswp-item\" href=\"https:\/\/www.radiopiu.net\/wordpress\/wp-content\/uploads\/2023\/11\/Presentazione-MIG-Stampa-Estera-a-Roma-01.jpg\" data-dt-img-description=\"\" data-large_image_width=\"1600\" data-large_image_height=\"1005\"><img loading=\"lazy\" decoding=\"async\" class=\"size-medium wp-image-362672 alignleft\" src=\"https:\/\/www.radiopiu.net\/wordpress\/wp-content\/uploads\/2023\/11\/Presentazione-MIG-Stampa-Estera-a-Roma-01-300x188.jpg\" alt=\"\" width=\"300\" height=\"188\" srcset=\"https:\/\/www.radiopiu.net\/wordpress\/wp-content\/uploads\/2023\/11\/Presentazione-MIG-Stampa-Estera-a-Roma-01-300x188.jpg 300w, https:\/\/www.radiopiu.net\/wordpress\/wp-content\/uploads\/2023\/11\/Presentazione-MIG-Stampa-Estera-a-Roma-01-1024x643.jpg 1024w, https:\/\/www.radiopiu.net\/wordpress\/wp-content\/uploads\/2023\/11\/Presentazione-MIG-Stampa-Estera-a-Roma-01-768x482.jpg 768w, https:\/\/www.radiopiu.net\/wordpress\/wp-content\/uploads\/2023\/11\/Presentazione-MIG-Stampa-Estera-a-Roma-01-1536x965.jpg 1536w, https:\/\/www.radiopiu.net\/wordpress\/wp-content\/uploads\/2023\/11\/Presentazione-MIG-Stampa-Estera-a-Roma-01.jpg 1600w\" sizes=\"auto, (max-width: 300px) 100vw, 300px\" \/><\/a><\/h3>\n<\/blockquote>\n<p><strong>LONGARONE\u00a0<\/strong> La 63esima Mostra Internazionale del Gelato (MIG) di Longarone ha aperto le porte a un nuovo corso, enfatizzando visioni del presente e proiezioni nel futuro. La fiera, rinomata per essere la pi\u00f9 storica del gelato nel mondo, si distingue quest&#8217;anno per strategie di internazionalizzazione e la valorizzazione della tradizione artigiana del made in Italy. Il presidente di Longarone Fiere, Michele Dal Farra, ha annunciato una partnership con Sirha Budapest, il forum commerciale pi\u00f9 importante del settore alimentare e HoReCa nell&#8217;Europa centrale e orientale. Per ulteriori dettagli sul programma, si pu\u00f2 consultare il sito ufficiale <a href=\"http:\/\/www.mostradelgelato.com\/\" target=\"_new\" rel=\"noopener\">www.mostradelgelato.com<\/a>.<\/p>\n<p>&nbsp;<\/p>\n<p>&nbsp;<\/p>\n<p>&nbsp;<\/p>\n<hr \/>\n<p>&nbsp;<\/p>\n<blockquote><p><strong>&#8220;Giorni Scemi&#8221;: Il Laboratorio di Songwriting dell&#8217;Ulss Dolomiti Presenta il Videoclip<\/strong><\/p><\/blockquote>\n<p><strong><a class=\"dt-pswp-item\" href=\"https:\/\/www.radiopiu.net\/wordpress\/wp-content\/uploads\/2023\/11\/Locandina-23-11-2023.jpg\" data-dt-img-description=\"\" data-large_image_width=\"1063\" data-large_image_height=\"886\"><img loading=\"lazy\" decoding=\"async\" class=\" wp-image-362670 alignleft\" src=\"https:\/\/www.radiopiu.net\/wordpress\/wp-content\/uploads\/2023\/11\/Locandina-23-11-2023-300x250.jpg\" alt=\"\" width=\"220\" height=\"183\" srcset=\"https:\/\/www.radiopiu.net\/wordpress\/wp-content\/uploads\/2023\/11\/Locandina-23-11-2023-300x250.jpg 300w, https:\/\/www.radiopiu.net\/wordpress\/wp-content\/uploads\/2023\/11\/Locandina-23-11-2023-1024x853.jpg 1024w, https:\/\/www.radiopiu.net\/wordpress\/wp-content\/uploads\/2023\/11\/Locandina-23-11-2023-768x640.jpg 768w, https:\/\/www.radiopiu.net\/wordpress\/wp-content\/uploads\/2023\/11\/Locandina-23-11-2023.jpg 1063w\" sizes=\"auto, (max-width: 220px) 100vw, 220px\" \/><\/a>BELLUNO<\/strong> Il videoclip della canzone &#8220;Giorni Scemi&#8221;, creata durante il laboratorio di songwriting del Dipartimento delle Dipendenze dell\u2019Ulss Dolomiti, sar\u00e0 presentato questa sera,\u00a0 alle 20.30 in Sala Bianchi a Belluno. Il laboratorio, inserito nel Piano triennale per le dipendenze e organizzato per il terzo anno consecutivo, ha coinvolto giovani utenti dei Ser.D. del territorio in un percorso artistico condotto dal musicoterapeuta Marco Anzovino. L&#8217;obiettivo \u00e8 favorire la comunicazione, la condivisione e l&#8217;espressione di emozioni attraverso la musica. Il videoclip sar\u00e0 presentato nell&#8217;incontro dal titolo &#8220;Ti scrivo una canzone&#8230;quando parole e musica diventano riabilitazione&#8221;, aperto a tutta la cittadinanza. La direttrice del Ser.D. dell\u2019Ulss Dolomiti, Amalia Manzan, sottolinea l&#8217;importanza del laboratorio come esperienza di crescita e sviluppo di relazioni positive per gli utenti, basata su valori come il divertimento sano, la collaborazione e il superamento delle difficolt\u00e0.<\/p>\n<p>&nbsp;<\/p>\n<p>&nbsp;<\/p>\n<hr \/>\n<p>&nbsp;<\/p>\n<blockquote>\n<h3>VACCINO ANTINFLUENZALE: PARTITA LA CAMPAGNA<\/h3>\n<\/blockquote>\n<p><strong><a class=\"dt-pswp-item\" href=\"https:\/\/www.radiopiu.net\/wordpress\/wp-content\/uploads\/2018\/01\/vaccinoinfluenza.jpg\" data-dt-img-description=\"\" data-large_image_width=\"1488\" data-large_image_height=\"973\"><img loading=\"lazy\" decoding=\"async\" class=\" wp-image-42390 alignleft\" src=\"https:\/\/www.radiopiu.net\/wordpress\/wp-content\/uploads\/2018\/01\/vaccinoinfluenza-300x196.jpg\" alt=\"\" width=\"142\" height=\"93\" srcset=\"https:\/\/www.radiopiu.net\/wordpress\/wp-content\/uploads\/2018\/01\/vaccinoinfluenza-300x196.jpg 300w, https:\/\/www.radiopiu.net\/wordpress\/wp-content\/uploads\/2018\/01\/vaccinoinfluenza-768x502.jpg 768w, https:\/\/www.radiopiu.net\/wordpress\/wp-content\/uploads\/2018\/01\/vaccinoinfluenza-1024x670.jpg 1024w, https:\/\/www.radiopiu.net\/wordpress\/wp-content\/uploads\/2018\/01\/vaccinoinfluenza.jpg 1488w\" sizes=\"auto, (max-width: 142px) 100vw, 142px\" \/><\/a>BELLUNO <\/strong>Da marted\u00ec \u00e8 attiva la prenotabilit\u00e0 della vaccinazione antinfluenzale per tutti gli over 65 residenti in Ulss Dolomiti. Il Dipartimento di Prevenzione ha infatti organizzato alcune sedute dedicate nel Centro Vaccinale di Salce, al Centro Prelievi di Feltre (Pad. Gaggia), all\u2019ospedale Pieve di Cadore o al drive in di Tai di Cadore e all\u2019ambulatorio vaccinale di Agordo.<br \/>\n<strong>Si riporta di seguito l\u2019elenco delle sedute disponibili:<\/strong><br \/>\n\u2022 23\/11 FELTRE GAGGIA ore 14.00-17.30<br \/>\n\u2022 27\/11 CADORE DRIVE IN ore 9.00-12.00<br \/>\n\u2022 27\/11 CVP SALCE ore 9.00-12.00<br \/>\n\u2022 28\/11 CVP SALCE ore 9.00-12.00<br \/>\n\u2022 01\/12 FELTRE GAGGIA ore 15.30-17.30<br \/>\nLa prenotazione \u00e8 possibile: online al link: https:\/\/dolomiti.myprenota.it\/vaccinazioni, con richiesta telefonica al numero 0437-514343, con richiesta via mail scrivendo a: vaccinazioni.covid@aulss1.veneto.it Si ricorda che tutti i soggetti per i quali \u00e8 raccomandata potranno eseguire gratuitamente la vaccinazione antinfluenzale dal proprio medico di famiglia o in alcune farmacie del territorio<\/p>\n<p>&nbsp;<\/p>\n<hr \/>\n<p>&nbsp;<\/p>\n<p>&nbsp;<\/p>\n<blockquote>\n<h3>Adeguamento Radiologie: Nuove Apparecchiature a Belluno e Pieve di Cadore Finanziate dal PNRR<\/h3>\n<\/blockquote>\n<p><strong>BELLUNO<\/strong> Gli interventi di adeguamento per l&#8217;installazione di nuove apparecchiature nelle Radiologie di Belluno e Pieve di Cadore procedono rapidamente. A Belluno, il progetto esecutivo \u00e8 stato approvato, e i lavori per la nuova risonanza magnetica e la sala d&#8217;attesa sono affidati al Consorzio Ciro Menotti di Ravenna. L&#8217;importo complessivo \u00e8 di oltre 400.000 euro, finanziati con fondi aziendali e 930.000 euro del PNRR. A Pieve di Cadore, il progetto esecutivo \u00e8 stato approvato, e i lavori per il sistema telecomandato sono affidati allo stesso consorzio. L&#8217;importo totale \u00e8 di 195.000 euro, finanziati con fondi aziendali e regionali, e oltre 240.000 euro del PNRR. Entrambi gli interventi sono parte del Piano Nazionale di Ripresa e Resilienza.<\/p>\n<p>&nbsp;<\/p>\n<p>&nbsp;<\/p>\n<hr \/>\n<p>&nbsp;<\/p>\n<blockquote>\n<h3>Potenziamento PMA Pieve: Nuovo Laboratorio per Trattamenti di 2\u00b0 Livello<\/h3>\n<\/blockquote>\n<p><strong>BELLUNO<\/strong> La Procreazione Medicalmente Assistita (PMA) di Pieve di Cadore sta potenziando il proprio laboratorio per trattamenti di secondo livello. I lavori\u00a0 includono l&#8217;aggiunta di una sala di embryotransfer e una sala per la crioconservazione, insieme a nuove apparecchiature di ultima generazione e un software dedicato. Questa espansione mira a migliorare ulteriormente gli standard e a gestire l&#8217;aumento delle richieste da parte delle coppie. I trattamenti di primo livello continueranno regolarmente, e il recupero dei trattamenti di secondo livello \u00e8 gi\u00e0 stato calendarizzato per garantire tempi rapidi alle famiglie. La rete territoriale sar\u00e0 mantenuta con sedute ambulatoriali specializzate, accesso facilitato per le pazienti e collaborazioni con altre strutture nella Regione Veneto per una presa in carico completa della coppia.<\/p>\n<p>&nbsp;<\/p>\n<hr \/>\n<p>&nbsp;<\/p>\n<p>&nbsp;<\/p>\n<blockquote>\n<h3><strong> Noi ci siamo &#8211; Iniziative per la giornata internazionale per l\u2019eliminazione della violenza sulle donne<\/strong><\/h3>\n<\/blockquote>\n<p>Il 25 novembre \u00e8 la Giornata Internazionale per l&#8217;eliminazione della violenza contro le donne, l&#8217;Ulss Dolomiti si fa portavoce di importanti iniziative per sensibilizzare e combattere questo grave problema che affligge la societ\u00e0. <strong>Linguaggio Giraffa al Campus Tina Merlin di Feltre<\/strong>, gli studenti dei corsi di laurea in Infermieristica e in Tecniche della Prevenzione hanno organizzato un momento di riflessione <strong>Noi ci siamo \u2013 Messaggio alle dipendenti <\/strong>dell&#8217;Ulss Dolomiti, con l&#8217;invito a cercare sostegno e condivisione in situazioni difficili. <strong>Mostra \u201cLa violenza non \u00e8 un gioco\u201d negli ospedali di Feltre e Belluno <\/strong>In collaborazione con l&#8217;Associazione TILT <strong>Video dei Consultori Familiari<\/strong>, in collaborazione con associazioni ed enti del territorio,\u00a0 raccoglie le\u00a0 testimonianze di donne vittime di violenza e uomini autori di violenza.\u00a0 <strong>Panchine e scarpe rosse nei PS e negli ingressi degli ospedali il 25 novembre<\/strong>, simbolo della prevenzione della violenza<\/p>\n<p>&nbsp;<\/p>\n<p>&nbsp;<\/p>\n<hr \/>\n<p>&nbsp;<\/p>\n<blockquote>\n<h3>Confcommercio Belluno e Fidi Impresa: Incontri con Imprese Turistiche per Bandi e Opportunit\u00e0 di Finanziamento<\/h3>\n<\/blockquote>\n<p><strong>BELLUNO<\/strong> Confcommercio Belluno, insieme a Fidi Impresa &amp; Turismo Veneto &#8211; Ufficio Bandi, ha organizzato una serie di incontri fino alla fine di novembre dedicati alle imprese turistiche ricettive. Il presidente di Federalberghi Belluno Dolomiti, Walter De Cassan, introdurr\u00e0 le riunioni, che si concentreranno sulle prossime opportunit\u00e0 di finanziamento a fondo perduto per la riqualificazione delle strutture turistiche. Durante gli incontri, i funzionari di Fidimpresa illustreranno anche altre opportunit\u00e0. \u00a0Gli incontri sono programmati a Falcade (24 novembre), Calalzo di Cadore (29), Val di Zoldo (30) e Rocca Pietore (30 novembre), e sono aperti alle imprese della ricettivit\u00e0 territoriale.<\/p>\n<p>&nbsp;<\/p>\n<p>&nbsp;<\/p>\n<p>&nbsp;<\/p>\n<hr \/>\n<p>&nbsp;<\/p>\n<p>&nbsp;<\/p>\n<blockquote>\n<h2>TRE GIORNI DI VISITE GUIDATA ALLA MOSTRA DI GINO TONELLO<\/h2>\n<\/blockquote>\n<p>&nbsp;<\/p>\n<p>***<\/p>\n<blockquote><p>&nbsp;<\/p>\n<p><em>&#8220;L&#8217;amore sano non \u00e8 mai violenza e la violenza non \u00e8 forza ma debolezza&#8221;<\/em><\/p><\/blockquote>\n<p><strong><a class=\"dt-pswp-item\" href=\"https:\/\/www.radiopiu.net\/wordpress\/wp-content\/uploads\/2023\/11\/ADDAMIANO.png\" data-dt-img-description=\"\" data-large_image_width=\"277\" data-large_image_height=\"187\"><img loading=\"lazy\" decoding=\"async\" class=\"wp-image-362591 alignleft\" src=\"https:\/\/www.radiopiu.net\/wordpress\/wp-content\/uploads\/2023\/11\/ADDAMIANO.png\" alt=\"\" width=\"204\" height=\"138\" \/><\/a>REDAZIONE<\/strong> Tre giorni importanti a Palazzo Fulcis, contro la violenza di genere. Iniziativa dell&#8217;assessorato alla cultura del Comune di Belluno. In tre fine settimana sar\u00e0 proposta la visita alla mostra di Gino Tonello &#8220;L&#8217;amore malato&#8221;\u00a0 con una lezione-incontro-confronto con gli studenti dell&#8217;Istituto Catullo &#8220;contro l&#8217;ignoranza&#8221;, come spiega ai microfoni di RADIOPIU l&#8217;assesore Raffaela Addamiano.<\/p>\n<p><strong>L&#8217;ASSESSORE ADDAMIANO<\/strong><\/p>\n<audio class=\"wp-audio-shortcode\" id=\"audio-362622-5\" preload=\"none\" style=\"width: 100%;\" controls=\"controls\"><source type=\"audio\/mpeg\" src=\"https:\/\/www.radiopiu.net\/wordpress\/wp-content\/uploads\/2023\/11\/ADDAMIANO-COMPLETO.mp3?_=5\" \/><a href=\"https:\/\/www.radiopiu.net\/wordpress\/wp-content\/uploads\/2023\/11\/ADDAMIANO-COMPLETO.mp3\">https:\/\/www.radiopiu.net\/wordpress\/wp-content\/uploads\/2023\/11\/ADDAMIANO-COMPLETO.mp3<\/a><\/audio>\n<p><strong> <img loading=\"lazy\" decoding=\"async\" class=\"aligncenter\" src=\"https:\/\/www.radiopiu.net\/wordpress\/wp-content\/uploads\/2023\/11\/402854851_18238169839246720_4605772883838221789_n.jpg\" width=\"314\" height=\"238\" \/>\u00a0<\/strong><\/p>\n<p>&nbsp;<\/p>\n<p><strong><a class=\"dt-pswp-item\" href=\"https:\/\/www.radiopiu.net\/wordpress\/wp-content\/uploads\/2023\/11\/TONELLO.png\" data-dt-img-description=\"\" data-large_image_width=\"277\" data-large_image_height=\"216\"><img loading=\"lazy\" decoding=\"async\" class=\"wp-image-362592 alignleft\" src=\"https:\/\/www.radiopiu.net\/wordpress\/wp-content\/uploads\/2023\/11\/TONELLO.png\" alt=\"\" width=\"173\" height=\"135\" \/><\/a>L&#8217;ARTISTA GINO TONELLO\u00a0\u00a0<\/strong><\/p>\n<blockquote>\n<div dir=\"auto\"><em>Dopo l\u2019ennesimo dramma di violenza che ci addolora profondamente, torno a ribadire quanto sia importante la formazione e il dialogo tra e con i giovani sul tema della violenza di genere. Colgo di nuovo l\u2019occasione per invitarvi a visitare la mostra :\u201dL\u2019Amore Malato\u201d , un manifesto che usa l\u2019arte e la bellezza per sensibilizzare le persone alla tolleranza e al rispetto.<\/em><\/div>\n<div dir=\"auto\"><\/div>\n<\/blockquote>\n<audio class=\"wp-audio-shortcode\" id=\"audio-362622-6\" preload=\"none\" style=\"width: 100%;\" controls=\"controls\"><source type=\"audio\/mpeg\" src=\"https:\/\/www.radiopiu.net\/wordpress\/wp-content\/uploads\/2023\/11\/GINO-TONELLO.mp3?_=6\" \/><a href=\"https:\/\/www.radiopiu.net\/wordpress\/wp-content\/uploads\/2023\/11\/GINO-TONELLO.mp3\">https:\/\/www.radiopiu.net\/wordpress\/wp-content\/uploads\/2023\/11\/GINO-TONELLO.mp3<\/a><\/audio>\n<p>&nbsp;<\/p>\n<p>&nbsp;<\/p>\n<p>&nbsp;<\/p>\n<p>&nbsp;<\/p>\n<hr \/>\n<p>&nbsp;<\/p>\n<blockquote><p><strong>CFS, CENTRO PER LA FORMAZIONE E LA SICUREZZA DI BELLUNO. UN PROGRAMMA DELLE TRE RADIO, DA LUNEDI A VENERDI SU RADIO CLUB, PIU&#8217; E PRIMIERO. CFS ALLA RADIO, PER CONOSCERE I PERCORSI DEI TRE INDIRIZZI DI STUDIO: EDILE, ELETTRICO, IDRAULICO.<\/strong><\/p><\/blockquote>\n<p><strong><a class=\"dt-pswp-item\" href=\"https:\/\/www.radiopiu.net\/wordpress\/wp-content\/uploads\/2023\/11\/Senza-nome-95.png\" data-dt-img-description=\"\" data-large_image_width=\"802\" data-large_image_height=\"47\">\u00a0<img loading=\"lazy\" decoding=\"async\" class=\"wp-image-362325 size-full alignnone\" src=\"https:\/\/www.radiopiu.net\/wordpress\/wp-content\/uploads\/2023\/11\/Senza-nome-95.png\" alt=\"\" width=\"802\" height=\"47\" srcset=\"https:\/\/www.radiopiu.net\/wordpress\/wp-content\/uploads\/2023\/11\/Senza-nome-95.png 802w, https:\/\/www.radiopiu.net\/wordpress\/wp-content\/uploads\/2023\/11\/Senza-nome-95-300x18.png 300w, https:\/\/www.radiopiu.net\/wordpress\/wp-content\/uploads\/2023\/11\/Senza-nome-95-768x45.png 768w\" sizes=\"auto, (max-width: 802px) 100vw, 802px\" \/>\u00a0<\/a><\/strong><\/p>\n<p><strong><a class=\"dt-pswp-item\" href=\"https:\/\/www.radiopiu.net\/wordpress\/wp-content\/uploads\/2023\/11\/francesco-simioni.png\" data-dt-img-description=\"\" data-large_image_width=\"209\" data-large_image_height=\"172\"><img loading=\"lazy\" decoding=\"async\" class=\"wp-image-362675 alignleft\" src=\"https:\/\/www.radiopiu.net\/wordpress\/wp-content\/uploads\/2023\/11\/francesco-simioni.png\" alt=\"\" width=\"146\" height=\"120\" \/><\/a>PUNTATA 3_mercoledi 22 novembre 2023<\/strong><br \/>\n<span style=\"color: #ff0000;\">Francesco Simioni, docente Cfs, Sedico<\/span><\/p>\n<audio class=\"wp-audio-shortcode\" id=\"audio-362622-7\" preload=\"none\" style=\"width: 100%;\" controls=\"controls\"><source type=\"audio\/mpeg\" src=\"https:\/\/www.radiopiu.net\/wordpress\/wp-content\/uploads\/2023\/11\/MERCOLEDI-SIMIONI-docente.mp3?_=7\" \/><a href=\"https:\/\/www.radiopiu.net\/wordpress\/wp-content\/uploads\/2023\/11\/MERCOLEDI-SIMIONI-docente.mp3\">https:\/\/www.radiopiu.net\/wordpress\/wp-content\/uploads\/2023\/11\/MERCOLEDI-SIMIONI-docente.mp3<\/a><\/audio>\n<p>&nbsp;<\/p>\n<p>&nbsp;<\/p>\n<p><strong><a class=\"dt-pswp-item\" href=\"https:\/\/www.radiopiu.net\/wordpress\/wp-content\/uploads\/2023\/11\/6227b457-42ae-4420-b4a6-af0a09b2cf92.jpg\" data-dt-img-description=\"\" data-large_image_width=\"1600\" data-large_image_height=\"1200\"><img loading=\"lazy\" decoding=\"async\" class=\"wp-image-362528 alignleft\" src=\"https:\/\/www.radiopiu.net\/wordpress\/wp-content\/uploads\/2023\/11\/6227b457-42ae-4420-b4a6-af0a09b2cf92-300x225.jpg\" alt=\"\" width=\"145\" height=\"109\" srcset=\"https:\/\/www.radiopiu.net\/wordpress\/wp-content\/uploads\/2023\/11\/6227b457-42ae-4420-b4a6-af0a09b2cf92-300x225.jpg 300w, https:\/\/www.radiopiu.net\/wordpress\/wp-content\/uploads\/2023\/11\/6227b457-42ae-4420-b4a6-af0a09b2cf92-1024x768.jpg 1024w, https:\/\/www.radiopiu.net\/wordpress\/wp-content\/uploads\/2023\/11\/6227b457-42ae-4420-b4a6-af0a09b2cf92-768x576.jpg 768w, https:\/\/www.radiopiu.net\/wordpress\/wp-content\/uploads\/2023\/11\/6227b457-42ae-4420-b4a6-af0a09b2cf92-1536x1152.jpg 1536w, https:\/\/www.radiopiu.net\/wordpress\/wp-content\/uploads\/2023\/11\/6227b457-42ae-4420-b4a6-af0a09b2cf92.jpg 1600w\" sizes=\"auto, (max-width: 145px) 100vw, 145px\" \/><\/a>PUNTATA 2_martedi 21 novembre 2023\u00a0\u00a0<\/strong><\/p>\n<p><span style=\"color: #ff0000;\">Marco Rossitto, Vice Direttore Cfs, Sedico.\u00a0<\/span><\/p>\n<audio class=\"wp-audio-shortcode\" id=\"audio-362622-8\" preload=\"none\" style=\"width: 100%;\" controls=\"controls\"><source type=\"audio\/mpeg\" src=\"https:\/\/www.radiopiu.net\/wordpress\/wp-content\/uploads\/2023\/11\/MARTEDI-Rossitto-vice-direttore.mp3?_=8\" \/><a href=\"https:\/\/www.radiopiu.net\/wordpress\/wp-content\/uploads\/2023\/11\/MARTEDI-Rossitto-vice-direttore.mp3\">https:\/\/www.radiopiu.net\/wordpress\/wp-content\/uploads\/2023\/11\/MARTEDI-Rossitto-vice-direttore.mp3<\/a><\/audio>\n<p>&nbsp;<\/p>\n<p>&nbsp;<\/p>\n<p><strong><a class=\"dt-pswp-item\" href=\"https:\/\/www.radiopiu.net\/wordpress\/wp-content\/uploads\/2023\/11\/Senza-nome-96.png\" data-dt-img-description=\"\" data-large_image_width=\"256\" data-large_image_height=\"241\"><img loading=\"lazy\" decoding=\"async\" class=\"wp-image-362329 alignleft\" src=\"https:\/\/www.radiopiu.net\/wordpress\/wp-content\/uploads\/2023\/11\/Senza-nome-96.png\" alt=\"\" width=\"99\" height=\"93\" \/><\/a>PUNTATA 1_lunedi 20 novembre 2023.<br \/>\n<\/strong><\/p>\n<p><span style=\"color: #ff0000;\">Ospite, Massimo Riva Presidente Cfs, Sedico.<\/span><\/p>\n<audio class=\"wp-audio-shortcode\" id=\"audio-362622-9\" preload=\"none\" style=\"width: 100%;\" controls=\"controls\"><source type=\"audio\/mpeg\" src=\"https:\/\/www.radiopiu.net\/wordpress\/wp-content\/uploads\/2023\/11\/LUNEDI-Riva-Presidente-CFS-1.mp3?_=9\" \/><a href=\"https:\/\/www.radiopiu.net\/wordpress\/wp-content\/uploads\/2023\/11\/LUNEDI-Riva-Presidente-CFS-1.mp3\">https:\/\/www.radiopiu.net\/wordpress\/wp-content\/uploads\/2023\/11\/LUNEDI-Riva-Presidente-CFS-1.mp3<\/a><\/audio>\n<p><strong>\u00a0 \u00a0<\/strong><\/p>\n<h2><span style=\"color: #ff6600;\">\u00a0OGGI LA QUARTA PUNTATA ALLE 8.45 E 15.45<\/span><\/h2>\n<p>&nbsp;<\/p>\n<p>&nbsp;<\/p>\n<hr \/>\n<h2><span style=\"color: #ff00ff;\">\u00a0<\/span><\/h2>\n<h2><span style=\"color: #ff00ff;\">LIBER, IL NUOVO PROGRAMMA DI LIANA CAVALLET<\/span><\/h2>\n<p><strong>PUNTATA 10 &#8211; 22 NOVEMBRE SI E&#8217; SEMPRE FATTO COSI&#8217; ALESSIA DULBECCO &#8211; BASTAVA CHIEDERE<\/strong><\/p>\n\n\t\t\t<style type='text\/css'>\n\t\t\t\t#gallery-3 {\n\t\t\t\t\tmargin: auto;\n\t\t\t\t}\n\t\t\t\t#gallery-3 .gallery-item {\n\t\t\t\t\tfloat: left;\n\t\t\t\t\tmargin-top: 10px;\n\t\t\t\t\ttext-align: center;\n\t\t\t\t\twidth: 50%;\n\t\t\t\t}\n\t\t\t\t#gallery-3 img {\n\t\t\t\t\tborder: 2px solid #cfcfcf;\n\t\t\t\t}\n\t\t\t\t#gallery-3 .gallery-caption {\n\t\t\t\t\tmargin-left: 0;\n\t\t\t\t}\n\t\t\t\t\/* see gallery_shortcode() in wp-includes\/media.php *\/\n\t\t\t<\/style>\n\t\t<div id='gallery-3' class='dt-gallery-container gallery galleryid-362622 gallery-columns-2 gallery-size-medium'><dl class='gallery-item'>\n\t\t\t\t<dt class='gallery-icon portrait'>\n\t\t\t\t\t<a class=\"rollover rollover-zoom dt-pswp-item\" title=\"fe399b1b-0fe4-4dd8-8987-8f1c8c4bb821\" data-dt-img-description=\"\" data-large_image_width=\"269\" data-large_image_height=\"366\"href='https:\/\/www.radiopiu.net\/wordpress\/wp-content\/uploads\/2023\/11\/fe399b1b-0fe4-4dd8-8987-8f1c8c4bb821.jpg'><img loading=\"lazy\" decoding=\"async\" width=\"220\" height=\"300\" src=\"https:\/\/www.radiopiu.net\/wordpress\/wp-content\/uploads\/2023\/11\/fe399b1b-0fe4-4dd8-8987-8f1c8c4bb821-220x300.jpg\" class=\"attachment-medium size-medium\" alt=\"\" srcset=\"https:\/\/www.radiopiu.net\/wordpress\/wp-content\/uploads\/2023\/11\/fe399b1b-0fe4-4dd8-8987-8f1c8c4bb821-220x300.jpg 220w, https:\/\/www.radiopiu.net\/wordpress\/wp-content\/uploads\/2023\/11\/fe399b1b-0fe4-4dd8-8987-8f1c8c4bb821.jpg 269w\" sizes=\"auto, (max-width: 220px) 100vw, 220px\" \/><\/a>\n\t\t\t\t<\/dt><\/dl><dl class='gallery-item'>\n\t\t\t\t<dt class='gallery-icon portrait'>\n\t\t\t\t\t<a class=\"rollover rollover-zoom dt-pswp-item\" title=\"a4d3a1d4-3e99-492b-abea-ee19e46d4dd2\" data-dt-img-description=\"\" data-large_image_width=\"406\" data-large_image_height=\"579\"href='https:\/\/www.radiopiu.net\/wordpress\/wp-content\/uploads\/2023\/11\/a4d3a1d4-3e99-492b-abea-ee19e46d4dd2.jpg'><img loading=\"lazy\" decoding=\"async\" width=\"210\" height=\"300\" src=\"https:\/\/www.radiopiu.net\/wordpress\/wp-content\/uploads\/2023\/11\/a4d3a1d4-3e99-492b-abea-ee19e46d4dd2-210x300.jpg\" class=\"attachment-medium size-medium\" alt=\"\" srcset=\"https:\/\/www.radiopiu.net\/wordpress\/wp-content\/uploads\/2023\/11\/a4d3a1d4-3e99-492b-abea-ee19e46d4dd2-210x300.jpg 210w, https:\/\/www.radiopiu.net\/wordpress\/wp-content\/uploads\/2023\/11\/a4d3a1d4-3e99-492b-abea-ee19e46d4dd2.jpg 406w\" sizes=\"auto, (max-width: 210px) 100vw, 210px\" \/><\/a>\n\t\t\t\t<\/dt><\/dl><br style=\"clear: both\" \/>\n\t\t\t<\/div>\n\n<audio class=\"wp-audio-shortcode\" id=\"audio-362622-10\" preload=\"none\" style=\"width: 100%;\" controls=\"controls\"><source type=\"audio\/mpeg\" src=\"https:\/\/www.radiopiu.net\/wordpress\/wp-content\/uploads\/2023\/11\/LIANA-3.mp3?_=10\" \/><a href=\"https:\/\/www.radiopiu.net\/wordpress\/wp-content\/uploads\/2023\/11\/LIANA-3.mp3\">https:\/\/www.radiopiu.net\/wordpress\/wp-content\/uploads\/2023\/11\/LIANA-3.mp3<\/a><\/audio>\n<p>&nbsp;<\/p>\n<p><strong>LA RACCOLTA COMPLETA <a href=\"https:\/\/www.radiopiu.net\/wordpress\/liber-il-nuovo-programma-di-liana-cavalet-la-raccolta-2\/\">CLICCA QUI<\/a><\/strong><\/p>\n<p>&nbsp;<\/p>\n<h2><span style=\"color: #008000;\">CISL E FEMCA CISL LA VOCE PER I LAVORATORI<\/span><\/h2>\n<p><a class=\"dt-pswp-item\" href=\"https:\/\/www.radiopiu.net\/wordpress\/wp-content\/uploads\/2023\/01\/f5c58041-2f77-4ccf-b15d-82d7064a18a9.jpg\" data-dt-img-description=\"\" data-large_image_width=\"2048\" data-large_image_height=\"1536\"><img loading=\"lazy\" decoding=\"async\" class=\" wp-image-319449 alignleft\" src=\"https:\/\/www.radiopiu.net\/wordpress\/wp-content\/uploads\/2023\/01\/f5c58041-2f77-4ccf-b15d-82d7064a18a9-300x225.jpg\" alt=\"\" width=\"140\" height=\"105\" srcset=\"https:\/\/www.radiopiu.net\/wordpress\/wp-content\/uploads\/2023\/01\/f5c58041-2f77-4ccf-b15d-82d7064a18a9-300x225.jpg 300w, https:\/\/www.radiopiu.net\/wordpress\/wp-content\/uploads\/2023\/01\/f5c58041-2f77-4ccf-b15d-82d7064a18a9-1024x768.jpg 1024w, https:\/\/www.radiopiu.net\/wordpress\/wp-content\/uploads\/2023\/01\/f5c58041-2f77-4ccf-b15d-82d7064a18a9-768x576.jpg 768w, https:\/\/www.radiopiu.net\/wordpress\/wp-content\/uploads\/2023\/01\/f5c58041-2f77-4ccf-b15d-82d7064a18a9-1536x1152.jpg 1536w, https:\/\/www.radiopiu.net\/wordpress\/wp-content\/uploads\/2023\/01\/f5c58041-2f77-4ccf-b15d-82d7064a18a9.jpg 2048w\" sizes=\"auto, (max-width: 140px) 100vw, 140px\" \/><\/a>22 NOVEMBRE 2023<\/p>\n<h3>PUNTATA 50, LA COMMISSIONE TRASPORTI LUXOTTICA AGORDO<\/h3>\n<p>&nbsp;<\/p>\n<audio class=\"wp-audio-shortcode\" id=\"audio-362622-11\" preload=\"none\" style=\"width: 100%;\" controls=\"controls\"><source type=\"audio\/mpeg\" src=\"https:\/\/www.radiopiu.net\/wordpress\/wp-content\/uploads\/2023\/10\/FEMCA-CISL-4.mp3?_=11\" \/><a href=\"https:\/\/www.radiopiu.net\/wordpress\/wp-content\/uploads\/2023\/10\/FEMCA-CISL-4.mp3\">https:\/\/www.radiopiu.net\/wordpress\/wp-content\/uploads\/2023\/10\/FEMCA-CISL-4.mp3<\/a><\/audio>\n<p>&nbsp;<\/p>\n<p><strong>LA RACCOLTA COMPLETA <span style=\"color: #0000ff;\"><a style=\"color: #0000ff;\" href=\"https:\/\/www.radiopiu.net\/wordpress\/cisl-e-femca-cisl-la-vocef\/\">CLICCA QUI<\/a><\/span><\/strong><\/p>\n<p>&nbsp;<\/p>\n<h2><a class=\"dt-pswp-item\" href=\"https:\/\/www.radiopiu.net\/wordpress\/wp-content\/uploads\/2022\/11\/scuola-zaino.jpeg\" data-dt-img-description=\"\" data-large_image_width=\"626\" data-large_image_height=\"417\"><img loading=\"lazy\" decoding=\"async\" class=\" wp-image-306830 alignleft\" src=\"https:\/\/www.radiopiu.net\/wordpress\/wp-content\/uploads\/2022\/11\/scuola-zaino-300x200.jpeg\" alt=\"\" width=\"164\" height=\"109\" srcset=\"https:\/\/www.radiopiu.net\/wordpress\/wp-content\/uploads\/2022\/11\/scuola-zaino-300x200.jpeg 300w, https:\/\/www.radiopiu.net\/wordpress\/wp-content\/uploads\/2022\/11\/scuola-zaino.jpeg 626w\" sizes=\"auto, (max-width: 164px) 100vw, 164px\" \/><\/a><span style=\"color: #3366ff;\">SE NON LA SMETTI TI MANDO DAL PRESIDE<\/span><\/h2>\n<p><strong>DI MIRKO MEZZACASA<\/strong><\/p>\n<p>CON MARIA ROSA SALMAZO<\/p>\n<audio class=\"wp-audio-shortcode\" id=\"audio-362622-12\" preload=\"none\" style=\"width: 100%;\" controls=\"controls\"><source type=\"audio\/mpeg\" src=\"https:\/\/www.radiopiu.net\/wordpress\/wp-content\/uploads\/2023\/11\/PRESIDE.mp3?_=12\" \/><a href=\"https:\/\/www.radiopiu.net\/wordpress\/wp-content\/uploads\/2023\/11\/PRESIDE.mp3\">https:\/\/www.radiopiu.net\/wordpress\/wp-content\/uploads\/2023\/11\/PRESIDE.mp3<\/a><\/audio>\n<p>&nbsp;<\/p>\n<p><strong>LA RACCOLTA COMPLETA<span style=\"color: #0000ff;\"><a style=\"color: #0000ff;\" href=\"https:\/\/www.radiopiu.net\/wordpress\/se-non-la-smetti-di-mando-dal-preside\/\"> CLICCA QUI<\/a><\/span><\/strong><\/p>\n<p>&nbsp;<\/p>\n<h2><span style=\"color: #808000;\">DOMANI AL PALAFALCADE UNA SERATA DI SPORT E VALORI PER LA VITA<\/span><\/h2>\n<p><strong><a class=\"dt-pswp-item\" href=\"https:\/\/www.radiopiu.net\/wordpress\/wp-content\/uploads\/2023\/05\/palafalcade.png\" data-dt-img-description=\"\" data-large_image_width=\"1200\" data-large_image_height=\"604\"><img loading=\"lazy\" decoding=\"async\" class=\" wp-image-338428 alignleft\" src=\"https:\/\/www.radiopiu.net\/wordpress\/wp-content\/uploads\/2023\/05\/palafalcade-300x151.png\" alt=\"\" width=\"230\" height=\"116\" srcset=\"https:\/\/www.radiopiu.net\/wordpress\/wp-content\/uploads\/2023\/05\/palafalcade-300x151.png 300w, https:\/\/www.radiopiu.net\/wordpress\/wp-content\/uploads\/2023\/05\/palafalcade-1024x515.png 1024w, https:\/\/www.radiopiu.net\/wordpress\/wp-content\/uploads\/2023\/05\/palafalcade-768x387.png 768w, https:\/\/www.radiopiu.net\/wordpress\/wp-content\/uploads\/2023\/05\/palafalcade.png 1200w\" sizes=\"auto, (max-width: 230px) 100vw, 230px\" \/><\/a>DI MIRKO MEZZACASA<\/strong><\/p>\n<p>OSPITE: Franz Costa<\/p>\n<audio class=\"wp-audio-shortcode\" id=\"audio-362622-13\" preload=\"none\" style=\"width: 100%;\" controls=\"controls\"><source type=\"audio\/mpeg\" src=\"https:\/\/www.radiopiu.net\/wordpress\/wp-content\/uploads\/2023\/11\/FRANZ-COSTA-FALCADE-24-NOVEMBRE.mp3?_=13\" \/><a href=\"https:\/\/www.radiopiu.net\/wordpress\/wp-content\/uploads\/2023\/11\/FRANZ-COSTA-FALCADE-24-NOVEMBRE.mp3\">https:\/\/www.radiopiu.net\/wordpress\/wp-content\/uploads\/2023\/11\/FRANZ-COSTA-FALCADE-24-NOVEMBRE.mp3<\/a><\/audio>\n<p>&nbsp;<\/p>\n<hr \/>\n<p>&nbsp;<\/p>\n<blockquote>\n<h3>A BELLUNO SI PARLA DI VIOLENZA SULLE DONNE<\/h3>\n<\/blockquote>\n<h3 class=\"photoswipe-wrapper\"><a class=\"dt-pswp-item pspw-wrap-ready\" href=\"https:\/\/www.radiopiu.net\/wordpress\/wp-content\/uploads\/2023\/11\/401522625_3179695172338567_2973418169890137841_n.jpg\" data-dt-img-description=\"\" data-large_image_width=\"1317\" data-large_image_height=\"540\"><img loading=\"lazy\" decoding=\"async\" class=\"wp-image-362237 alignleft\" src=\"https:\/\/www.radiopiu.net\/wordpress\/wp-content\/uploads\/2023\/11\/401522625_3179695172338567_2973418169890137841_n-300x123.jpg\" sizes=\"auto, (max-width: 210px) 100vw, 210px\" srcset=\"https:\/\/www.radiopiu.net\/wordpress\/wp-content\/uploads\/2023\/11\/401522625_3179695172338567_2973418169890137841_n-300x123.jpg 300w, https:\/\/www.radiopiu.net\/wordpress\/wp-content\/uploads\/2023\/11\/401522625_3179695172338567_2973418169890137841_n-1024x420.jpg 1024w, https:\/\/www.radiopiu.net\/wordpress\/wp-content\/uploads\/2023\/11\/401522625_3179695172338567_2973418169890137841_n-768x315.jpg 768w, https:\/\/www.radiopiu.net\/wordpress\/wp-content\/uploads\/2023\/11\/401522625_3179695172338567_2973418169890137841_n.jpg 1317w\" alt=\"\" width=\"210\" height=\"86\" \/><\/a><\/h3>\n<p><strong>BELLUNO<\/strong>\u00a0Si intitola \u201cA Voce Alta\u201d il pomeriggio dedicato alla Giornata contro la Violenza Sulle Donne in programma sabato 25 novembre nella sala conferenze della parrocchia di Cavarzano organizzato dalla CGIL.<\/p>\n<p><strong>ROBERTO DE NART<\/strong><\/p>\n<audio class=\"wp-audio-shortcode\" id=\"audio-362622-14\" preload=\"none\" style=\"width: 100%;\" controls=\"controls\"><source type=\"audio\/mpeg\" src=\"https:\/\/www.radiopiu.net\/wordpress\/wp-content\/uploads\/2023\/11\/ROBERTO-DE-NART-A-VOCE-ALTA-SCAD-25-NOV.mp3?_=14\" \/><a href=\"https:\/\/www.radiopiu.net\/wordpress\/wp-content\/uploads\/2023\/11\/ROBERTO-DE-NART-A-VOCE-ALTA-SCAD-25-NOV.mp3\">https:\/\/www.radiopiu.net\/wordpress\/wp-content\/uploads\/2023\/11\/ROBERTO-DE-NART-A-VOCE-ALTA-SCAD-25-NOV.mp3<\/a><\/audio>\n<p>&nbsp;<\/p>\n<p>&nbsp;<\/p>\n<hr \/>\n<p>&nbsp;<\/p>\n<p>&nbsp;<\/p>\n<blockquote>\n<h3><a class=\"dt-pswp-item\" href=\"https:\/\/www.radiopiu.net\/wordpress\/wp-content\/uploads\/2023\/11\/Senza-nome-117.png\" data-dt-img-description=\"\" data-large_image_width=\"553\" data-large_image_height=\"531\"><img loading=\"lazy\" decoding=\"async\" class=\"wp-image-362728 alignleft\" src=\"https:\/\/www.radiopiu.net\/wordpress\/wp-content\/uploads\/2023\/11\/Senza-nome-117-300x288.png\" alt=\"\" width=\"159\" height=\"153\" srcset=\"https:\/\/www.radiopiu.net\/wordpress\/wp-content\/uploads\/2023\/11\/Senza-nome-117-300x288.png 300w, https:\/\/www.radiopiu.net\/wordpress\/wp-content\/uploads\/2023\/11\/Senza-nome-117.png 553w\" sizes=\"auto, (max-width: 159px) 100vw, 159px\" \/><\/a>Mostra documentaria &#8220;Le carte del Vajont. Dalla diga al processo&#8221; &#8211; Archivio di Stato di Belluno<\/h3>\n<\/blockquote>\n<div class=\"elementToProof\"><strong>BELLUNO<\/strong> La mostra\u00a0 sar\u00e0 visitabile fino al 30 dicembre 2023, in orario di apertura dell&#8217;Ufficio. Domani alle 15 all&#8217;Archivio di Stato, il professor Maurizio Reberschak terr\u00e0 una conferenza di presentazione. Seguir\u00e0 alle\u00a0 16 la visita guidata all&#8217;esposizione documentaria, alla quale si potr\u00e0 accedere anche in autonomia, sino alle ore 18,30. Postli limitati,\u00a0 prenotazione all&#8217;indirizzo mail as-bl@cultura.gov.it.<\/div>\n<p>&nbsp;<\/p>\n<p>&nbsp;<\/p>\n<hr \/>\n<p>&nbsp;<\/p>\n<blockquote>\n<h1>Maria Maddalena Ferronato Festeggia 100 Anni di Vita e Ricordi&#8221;<\/h1>\n<\/blockquote>\n<blockquote>\n<div data-canvas-width=\"639.7439999999999\"><em>Mai fidarsi delle apparenze, visto che ha raggiunto il traguardo dei 100 anni, con una memoria. <\/em><em>invidiabile e buone condizioni di salute. D&#8217;altronde con un cognome cos\u00ec, non ci si poteva <\/em><em>aspettare altro!<\/em><\/div>\n<\/blockquote>\n<p><strong>PEDAVENA<\/strong> Maria Maddalena Ferronato, nata a Cismon del Grappa nel 1923, ha celebrato il suo centesimo compleanno a Pedavena, circondata dall&#8217;affetto di familiari e amici. Con una memoria invidiabile e buona salute, Lena, come \u00e8 affettuosamente chiamata, ha condiviso una vita ricca di esperienze. Sposata nel 1950 con Emilio Perco, membro della Guardia di Finanza, ha costruito una grande famiglia composta da cinque figli, nipoti, pronipoti e persino un trisnipote. Nonostante le sfide della guerra, Lena ha dimostrato grande resilienza. Stabilitasi definitivamente a Pedavena, ha mantenuto vivi legami di amicizia e parentela nel corso degli anni. La festa del centenario \u00e8 stata un&#8217;occasione per rinnovare questi legami e augurare a Lena tanti anni felici ancora.<\/p>\n\n\t\t\t<style type='text\/css'>\n\t\t\t\t#gallery-4 {\n\t\t\t\t\tmargin: auto;\n\t\t\t\t}\n\t\t\t\t#gallery-4 .gallery-item {\n\t\t\t\t\tfloat: left;\n\t\t\t\t\tmargin-top: 10px;\n\t\t\t\t\ttext-align: center;\n\t\t\t\t\twidth: 20%;\n\t\t\t\t}\n\t\t\t\t#gallery-4 img {\n\t\t\t\t\tborder: 2px solid #cfcfcf;\n\t\t\t\t}\n\t\t\t\t#gallery-4 .gallery-caption {\n\t\t\t\t\tmargin-left: 0;\n\t\t\t\t}\n\t\t\t\t\/* see gallery_shortcode() in wp-includes\/media.php *\/\n\t\t\t<\/style>\n\t\t<div id='gallery-4' class='dt-gallery-container gallery galleryid-362622 gallery-columns-5 gallery-size-thumbnail'><dl class='gallery-item'>\n\t\t\t\t<dt class='gallery-icon landscape'>\n\t\t\t\t\t<a class=\"rollover rollover-zoom dt-pswp-item\" title=\"A984D7CE-0C35-4678-AED6-0CED39B92964\" data-dt-img-description=\"\" data-large_image_width=\"987\" data-large_image_height=\"923\"href='https:\/\/www.radiopiu.net\/wordpress\/wp-content\/uploads\/2023\/11\/A984D7CE-0C35-4678-AED6-0CED39B92964.jpg'><img loading=\"lazy\" decoding=\"async\" width=\"150\" height=\"150\" src=\"https:\/\/www.radiopiu.net\/wordpress\/wp-content\/uploads\/2023\/11\/A984D7CE-0C35-4678-AED6-0CED39B92964-150x150.jpg\" class=\"attachment-thumbnail size-thumbnail\" alt=\"\" \/><\/a>\n\t\t\t\t<\/dt><\/dl><dl class='gallery-item'>\n\t\t\t\t<dt class='gallery-icon landscape'>\n\t\t\t\t\t<a class=\"rollover rollover-zoom dt-pswp-item\" title=\"8A272D52-FF31-4999-A675-74D2D9193F16\" data-dt-img-description=\"\" data-large_image_width=\"2560\" data-large_image_height=\"1908\"href='https:\/\/www.radiopiu.net\/wordpress\/wp-content\/uploads\/2023\/11\/8A272D52-FF31-4999-A675-74D2D9193F16-scaled.jpg'><img loading=\"lazy\" decoding=\"async\" width=\"150\" height=\"150\" src=\"https:\/\/www.radiopiu.net\/wordpress\/wp-content\/uploads\/2023\/11\/8A272D52-FF31-4999-A675-74D2D9193F16-150x150.jpg\" class=\"attachment-thumbnail size-thumbnail\" alt=\"\" \/><\/a>\n\t\t\t\t<\/dt><\/dl><dl class='gallery-item'>\n\t\t\t\t<dt class='gallery-icon portrait'>\n\t\t\t\t\t<a class=\"rollover rollover-zoom dt-pswp-item\" title=\"D519A485-1A1D-4534-B3E6-370C5D6F3B7A\" data-dt-img-description=\"\" data-large_image_width=\"1920\" data-large_image_height=\"2560\"href='https:\/\/www.radiopiu.net\/wordpress\/wp-content\/uploads\/2023\/11\/D519A485-1A1D-4534-B3E6-370C5D6F3B7A-scaled.jpg'><img loading=\"lazy\" decoding=\"async\" width=\"150\" height=\"150\" src=\"https:\/\/www.radiopiu.net\/wordpress\/wp-content\/uploads\/2023\/11\/D519A485-1A1D-4534-B3E6-370C5D6F3B7A-150x150.jpg\" class=\"attachment-thumbnail size-thumbnail\" alt=\"\" \/><\/a>\n\t\t\t\t<\/dt><\/dl><dl class='gallery-item'>\n\t\t\t\t<dt class='gallery-icon landscape'>\n\t\t\t\t\t<a class=\"rollover rollover-zoom dt-pswp-item\" title=\"7F67326A-1880-4BFF-839C-489FD27EBA47\" data-dt-img-description=\"\" data-large_image_width=\"1600\" data-large_image_height=\"1200\"href='https:\/\/www.radiopiu.net\/wordpress\/wp-content\/uploads\/2023\/11\/7F67326A-1880-4BFF-839C-489FD27EBA47.jpg'><img loading=\"lazy\" decoding=\"async\" width=\"150\" height=\"150\" src=\"https:\/\/www.radiopiu.net\/wordpress\/wp-content\/uploads\/2023\/11\/7F67326A-1880-4BFF-839C-489FD27EBA47-150x150.jpg\" class=\"attachment-thumbnail size-thumbnail\" alt=\"\" \/><\/a>\n\t\t\t\t<\/dt><\/dl><dl class='gallery-item'>\n\t\t\t\t<dt class='gallery-icon landscape'>\n\t\t\t\t\t<a class=\"rollover rollover-zoom dt-pswp-item\" title=\"9E74AF4C-A902-47F7-8611-1DB2C89487B6\" data-dt-img-description=\"\" data-large_image_width=\"1600\" data-large_image_height=\"1200\"href='https:\/\/www.radiopiu.net\/wordpress\/wp-content\/uploads\/2023\/11\/9E74AF4C-A902-47F7-8611-1DB2C89487B6.jpg'><img loading=\"lazy\" decoding=\"async\" width=\"150\" height=\"150\" src=\"https:\/\/www.radiopiu.net\/wordpress\/wp-content\/uploads\/2023\/11\/9E74AF4C-A902-47F7-8611-1DB2C89487B6-150x150.jpg\" class=\"attachment-thumbnail size-thumbnail\" alt=\"\" \/><\/a>\n\t\t\t\t<\/dt><\/dl><br style=\"clear: both\" \/>\n\t\t\t<\/div>\n\n<p>&nbsp;<\/p>\n<p>&nbsp;<\/p>\n<hr \/>\n<p>&nbsp;<\/p>\n<blockquote>\n<h3>DOMENICA AGORDO RENDE OMAGGIO AI CADUTI NEL LAVORO<\/h3>\n<\/blockquote>\n<p><strong>di LORIS SANTOMASO<\/strong><\/p>\n<p><span style=\"font-family: Calibri, serif;\"><span style=\"font-size: small;\"><img loading=\"lazy\" decoding=\"async\" class=\"alignleft\" src=\"https:\/\/www.radiopiu.net\/wordpress\/wp-content\/uploads\/2023\/11\/Massimo-Crepaz.jpg\" width=\"252\" height=\"348\" \/>AGORDO <\/span><\/span><span style=\"font-family: Calibri, serif;\"><span style=\"font-size: small;\">Dopo la Messa per i caduti della montagna, celebrata nella consueta atmosfera carica di ricordi e di gratitudine, la comunit\u00e0 religiosa e civile di Agordo render\u00e0 nuovamente onore agli agordini morti sul lavoro. <\/span><\/span><span style=\"font-family: Calibri, serif;\"><span style=\"font-size: small;\">Lo far\u00e0 domenica prossima, 26 novembre, come da tradizione nella festa di Cristo re, alla Messa delle 18.00 nella chiesa arcidiaconale: un altro significativo momento di affettuosa e riconoscente memoria dei i caduti nell\u2019attivit\u00e0 lavorativa. <\/span><\/span><span style=\"font-family: Calibri, serif;\"><span style=\"font-size: small;\">Una celebrazione che si svolge da 41 anni e vuole unirsi nel ricordo dei propri cari ai familiari dei morti, sottolineando al contempo i valori della vita, del lavoro e della sicurezza nei luoghi di lavoro, troppo <\/span><\/span><span style=\"font-family: Calibri, serif;\"><span style=\"font-size: small;\">spesso considerata un inutile vincolo burocratico, mentre \u00e8 doveroso prevenire, nel rispetto delle leggi, le cause dei sempre troppi incidenti mortali, diffondendo una cultura della sicurezza. <\/span><\/span><span style=\"font-family: Calibri, serif;\"><span style=\"font-size: small;\">Una sentita cerimonia, con cui l&#8217;Agordino, oltre ad essere terra legata al mondo della montagna, dimostra di esserlo altrettanto a quello del lavoro e dell\u2019emigrazione. All\u2019offertorio della Messa, che si svolge dal 1982 per iniziativa della Parrocchia, della Nuova Corale, delle Confraternite locali e del Comune di Agordo, si ripeter\u00e0 il toccante momento della lettura di 163<\/span><\/span> <span style=\"font-family: Calibri, serif;\"><span style=\"font-size: small;\">nomi degli agordini che in Italia e all\u2019estero (fra cui molti minatori e periti minerari) hanno lasciato la vita nel compimento del dovere quotidiano. Il rito sar\u00e0 accompagnato da un coro composto da voci unite di Agordo e della Schola Cantorum di La Valle, diretto da Lucio De Cassan. <\/span><\/span><span style=\"font-family: Calibri, serif;\"><span style=\"font-size: small;\">Quest\u2019anno, purtroppo, al lungo elenco dei caduti si aggiunge il nome di Massimo Crepaz, d<\/span><\/span><span style=\"font-size: small;\">eceduto il 4 settembre 2023 mentre lavorava sulla seggiovia del Pad\u00f3n, Livinallongo. Anche suo padre, Renzo, era morto sul lavoro negli anni \u201970.<\/span><\/p>\n<p><span style=\"font-size: small;\">LIVINALLONGO \u2013 Massimo Crepaz, morto il 4 settembre 2023.\u00a0\u00a0<\/span><\/p>\n<p>&nbsp;<\/p>\n<hr \/>\n<p>&nbsp;<\/p>\n<p><span style=\"color: #0000ff;\"><a class=\"dt-pswp-item\" href=\"https:\/\/www.radiopiu.net\/wordpress\/wp-content\/uploads\/2021\/05\/pp-6.jpg\" data-dt-img-description=\"\" data-large_image_width=\"640\" data-large_image_height=\"640\"><img loading=\"lazy\" decoding=\"async\" class=\"wp-image-212827 alignleft\" src=\"https:\/\/www.radiopiu.net\/wordpress\/wp-content\/uploads\/2021\/05\/pp-6-300x300.jpg\" alt=\"\" width=\"143\" height=\"143\" srcset=\"https:\/\/www.radiopiu.net\/wordpress\/wp-content\/uploads\/2021\/05\/pp-6-300x300.jpg 300w, https:\/\/www.radiopiu.net\/wordpress\/wp-content\/uploads\/2021\/05\/pp-6-150x150.jpg 150w, https:\/\/www.radiopiu.net\/wordpress\/wp-content\/uploads\/2021\/05\/pp-6.jpg 640w\" sizes=\"auto, (max-width: 143px) 100vw, 143px\" \/><\/a>&#8220;GUERRE&#8221; INUTILI ED ODIOSE TRA MASCHI E FEMMINE.<br \/>\n<em>&#8220;asfissiante appello ai diritti, senza mai nominare i doveri&#8221;<\/em><\/span><\/p>\n<blockquote>\n<h3>DUE MINUTI PER TE, LA RIFLESSIONE DI MONSIGNOR GIORGIO LISE<\/h3>\n<\/blockquote>\n<audio class=\"wp-audio-shortcode\" id=\"audio-362622-15\" preload=\"none\" style=\"width: 100%;\" controls=\"controls\"><source type=\"audio\/mpeg\" src=\"https:\/\/www.radiopiu.net\/wordpress\/wp-content\/uploads\/2023\/11\/DON-GIORGIO-2.mp3?_=15\" \/><a href=\"https:\/\/www.radiopiu.net\/wordpress\/wp-content\/uploads\/2023\/11\/DON-GIORGIO-2.mp3\">https:\/\/www.radiopiu.net\/wordpress\/wp-content\/uploads\/2023\/11\/DON-GIORGIO-2.mp3<\/a><\/audio>\n<p>&nbsp;<\/p>\n<p>&nbsp;<\/p>\n<hr \/>\n<p>&nbsp;<\/p>\n<h2><span style=\"color: #ff0000;\">GLI APPUNTAMENTI DELLA SETTIMANA\u00a0\u00a0<\/span><\/h2>\n<blockquote>\n<h2>sant&#8217;Andrea, le nostre tradizioni. FINE SETTIMANA DI FESTA A CENCENIGHE<\/h2>\n<\/blockquote>\n<p><strong>A CENCENIGHE SABATO 25 E DOMENICA 26 FIERA DI SANT&#8217;ANDREA. DALLE 9 ALLE 19 AL NOF FILO&#8217; DI CENCENIGHE<\/strong> MERCATINO DELL&#8217;ARTIGIANATO, SERVIZIO BAR, PRANZO CON PIATTO TIPICO. SUL PIAZZALE DEL MUNICIPIO GIRI IN PONY, ESPOSIZIONE CAVALLI, DIMOSTRAZIONE DI FERRATURA ED ESIBIZIONE DI SCULTURA IN LEGNO. CON GLI ALPINI CALDARROSTE E VIN BRULE&#8217;. SANT&#8217;ANDREA A CENCENIGHE CON LA PROLOCO, COMUNE E CON IL CONTRIBUTO DEL CONSORZIO BIM COMUNI DEL PIAVE.<\/p>\n<p><span style=\"color: #ff0000;\">AUDIO<\/span><\/p>\n<audio class=\"wp-audio-shortcode\" id=\"audio-362622-16\" preload=\"none\" style=\"width: 100%;\" controls=\"controls\"><source type=\"audio\/mpeg\" src=\"https:\/\/www.radiopiu.net\/wordpress\/wp-content\/uploads\/2023\/11\/santandrea-1-paoletta.mp3?_=16\" \/><a href=\"https:\/\/www.radiopiu.net\/wordpress\/wp-content\/uploads\/2023\/11\/santandrea-1-paoletta.mp3\">https:\/\/www.radiopiu.net\/wordpress\/wp-content\/uploads\/2023\/11\/santandrea-1-paoletta.mp3<\/a><\/audio>\n<p>&nbsp;<\/p>\n<p><a class=\"dt-pswp-item\" href=\"https:\/\/www.radiopiu.net\/wordpress\/wp-content\/uploads\/2023\/11\/Senza-nome-99.png\" data-dt-img-description=\"\" data-large_image_width=\"665\" data-large_image_height=\"141\"><img loading=\"lazy\" decoding=\"async\" class=\"alignnone wp-image-362343 size-full\" src=\"https:\/\/www.radiopiu.net\/wordpress\/wp-content\/uploads\/2023\/11\/Senza-nome-99.png\" alt=\"\" width=\"665\" height=\"141\" srcset=\"https:\/\/www.radiopiu.net\/wordpress\/wp-content\/uploads\/2023\/11\/Senza-nome-99.png 665w, https:\/\/www.radiopiu.net\/wordpress\/wp-content\/uploads\/2023\/11\/Senza-nome-99-300x64.png 300w\" sizes=\"auto, (max-width: 665px) 100vw, 665px\" \/><\/a><\/p>\n<p>&nbsp;<\/p>\n<p><strong>FIERA DI SANT&#8217;ANDREA A CENCENIGHE, INIZIATIVA SOLIDALE CON ACTO, ASSOCIAZIONE CONTRO IL TUMORE OVARICO.<\/strong> SABATO DALLE 15.30 ALLE 17 AL NOF FILO&#8217; ANGOLO DI CONSULENZA CON LA DOTTORESSA FAVRETTI, GIA&#8217; PRIMARIO GINECOLOGIA-OSTETRICIA A FELTRE DOMENICA DALLE 15.30 A VIVA VOCE, LE DONNE SI RACCONTANO, CONVEGNO ALLA PRESENZA DELLA DOTTORESSA PEZZANI, NUOVO PRIMARIO DI OSTETRICIE A GINECOLOGIA A FELTRE. SANT&#8217;ANDREA A CENCENIGHE, CON LA PROLOCO, COMUNE E IL CONTRIBUTO DEL CONSORZIO BIM COMUNI DEL PIAVE<\/p>\n<p><span style=\"color: #ff0000;\">AUDIO<\/span><\/p>\n<audio class=\"wp-audio-shortcode\" id=\"audio-362622-17\" preload=\"none\" style=\"width: 100%;\" controls=\"controls\"><source type=\"audio\/mpeg\" src=\"https:\/\/www.radiopiu.net\/wordpress\/wp-content\/uploads\/2023\/11\/SAGRA-SANTANDREA-2.mp3?_=17\" \/><a href=\"https:\/\/www.radiopiu.net\/wordpress\/wp-content\/uploads\/2023\/11\/SAGRA-SANTANDREA-2.mp3\">https:\/\/www.radiopiu.net\/wordpress\/wp-content\/uploads\/2023\/11\/SAGRA-SANTANDREA-2.mp3<\/a><\/audio>\n<p>&nbsp;<\/p>\n<hr \/>\n<h2><span style=\"color: #808000;\">\u00a0<\/span><\/h2>\n<h2><span style=\"color: #808000;\">DOMANI AL PALAFALCADE UNA SERATA DI SPORT E VALORI PER LA VITA<\/span><\/h2>\n<p><strong><a class=\"dt-pswp-item\" href=\"https:\/\/www.radiopiu.net\/wordpress\/wp-content\/uploads\/2023\/05\/palafalcade.png\" data-dt-img-description=\"\" data-large_image_width=\"1200\" data-large_image_height=\"604\"><img loading=\"lazy\" decoding=\"async\" class=\" wp-image-338428 alignleft\" src=\"https:\/\/www.radiopiu.net\/wordpress\/wp-content\/uploads\/2023\/05\/palafalcade-300x151.png\" alt=\"\" width=\"230\" height=\"116\" srcset=\"https:\/\/www.radiopiu.net\/wordpress\/wp-content\/uploads\/2023\/05\/palafalcade-300x151.png 300w, https:\/\/www.radiopiu.net\/wordpress\/wp-content\/uploads\/2023\/05\/palafalcade-1024x515.png 1024w, https:\/\/www.radiopiu.net\/wordpress\/wp-content\/uploads\/2023\/05\/palafalcade-768x387.png 768w, https:\/\/www.radiopiu.net\/wordpress\/wp-content\/uploads\/2023\/05\/palafalcade.png 1200w\" sizes=\"auto, (max-width: 230px) 100vw, 230px\" \/><\/a>DI MIRKO MEZZACASA<\/strong><\/p>\n<p>OSPITE: Franz Costa<\/p>\n<audio class=\"wp-audio-shortcode\" id=\"audio-362622-18\" preload=\"none\" style=\"width: 100%;\" controls=\"controls\"><source type=\"audio\/mpeg\" src=\"https:\/\/www.radiopiu.net\/wordpress\/wp-content\/uploads\/2023\/11\/FRANZ-COSTA-FALCADE-24-NOVEMBRE.mp3?_=18\" \/><a href=\"https:\/\/www.radiopiu.net\/wordpress\/wp-content\/uploads\/2023\/11\/FRANZ-COSTA-FALCADE-24-NOVEMBRE.mp3\">https:\/\/www.radiopiu.net\/wordpress\/wp-content\/uploads\/2023\/11\/FRANZ-COSTA-FALCADE-24-NOVEMBRE.mp3<\/a><\/audio>\n<p>&nbsp;<\/p>\n<blockquote>\n<h3>LA FILODRAMMATICA D&#8217;AMPEZZO AD ARABBA<\/h3>\n<\/blockquote>\n<p><strong>LIVINALLONGO<\/strong> La Filodrammatica d\u2019Ampezo sar\u00e0 presente ad Arabba, un appuntamento consolidato negli anni, con la commedia allegra \u201cEl morto in ciasa\u201d che dal primo all\u2019ultimo minuto far\u00e0 rimanere il pubblico a bocca aperta con scene divertenti e grottesche.<br \/>\nLa serata si terr\u00e0\u00a0 ad Arabba Sabato 25 novembre alle 20,30 con la collaborazione dei Ladins da Fodom.<\/p>\n<p>&nbsp;<\/p>\n<p>&nbsp;<\/p>\n<blockquote>\n<h3>UNA GIORNATA PER PARLARE DI SPORT E AGONISMO<\/h3>\n<\/blockquote>\n<p><strong>SANTA GIUSTINA <\/strong>Domani\u00a0a Santa Giustina e Pedavena si parler\u00e0 di sport e di agonismo in pi\u00f9 appuntamenti dedicati alle scuole, alle societ\u00e0 sportive e alla cittadinanza. Al mattino l&#8217;incontro con gli alunni delle scuole medie di Pedavena e Santa Giustina mentre la sera alle 20.30 l&#8217;incontro al Centro Culturale di Santa Giustina sar\u00e0 pubblico e rivolto in particolare alle societ\u00e0 sportive.<\/p>\n<p>&nbsp;<\/p>\n<blockquote>\n<h3>\u00a0INCONTRO SUL TRASPORTO PUBBLICO<\/h3>\n<\/blockquote>\n<p><strong>AGORDO<\/strong> Sabato 25 novembre alle 16:30 in Sala Don Tamis si parler\u00e0 di trasporto pubblico. Quali opportunit\u00e0 per l&#8217;Agordino? Interverranno il sociologo Diego Cason, Christian Bellini di CONFSAL Veneto, Heinz Dellago del servizio trasporto persone della provincia di Bolzano, Walter Finkbohner esperto dei trasporti in Svizzera, il presidente di Transdolomites Massimo Girardi e il Comitato Ferrovia Dolomiti Bellunesi.<\/p>\n<p>&nbsp;<\/p>\n<blockquote>\n<h3>IL GIORNALISTA CLAUDIO PAGLIARA A BELLUNO PER PRESENTARE IL NUOVO LIBRO<\/h3>\n<\/blockquote>\n<p><strong>BELLUNO<\/strong> La rassegna culturale \u201cIllustrissimi\u201d ideata e curata da Michelangelo De Don\u00e0 e tenutasi dal 1995 presso il Centro Papa Luciani di Santa Giustina avr\u00e0 un nuovo corso diventando itinerante. Si parte da Belluno sabato 25 novembre alle ore 18 presso l\u2019aula magna del Seminario Gregoriano: Claudio Pagliara, uno dei volti pi\u00f9 noti del giornalismo televisivo, presenter\u00e0 il suo volume \u201cLa tempesta perfetta. USA e Cina sull\u2019orlo della terza guerra mondiale\u201d<\/p>\n<p>&nbsp;<\/p>\n<blockquote>\n<h3>LA PREMIAZIONE DEL CONCORSO LETTERARIO &#8220;SOSPIROLO TRA LEGGENDE E MISTERI&#8221;<\/h3>\n<\/blockquote>\n<p><strong>SOSPIROLO<\/strong> Domenica alle 10:30 al Centro Civico di Sospirolo ci sar\u00e0 la premiazione del 14\u00b0 concorso letterario &#8220;Sospirolo Tra Leggende e Misteri&#8221;. Lettura musicata dei racconti vincitori di Cristina Gianni e accompagnamento musicale di Luciano Tonni. Giuria presieduta da Antonia Arslan<\/p>\n<p>&nbsp;<\/p>\n<blockquote>\n<h3>AUTUNNO IN TEATRO IN COMELICO<\/h3>\n<\/blockquote>\n<p><strong>SANTO STEFANO DI CADORE <\/strong>Sesto appuntamento della rassegna \u201cAutunno a Teatro in Comelico 2023\u201d: domenica alle 17 al Cinema Piave di S. Stefano di Cadore, andr\u00e0 in scena <em>\u201cEl ponte de la Silvia\u201d<\/em>, divertente commedia nata dalla collaborazione tra le compagnie Gi\u00f9 dai colli e Gruppo teatro Pordenone L. Rocco.<\/p>\n<p>&nbsp;<\/p>\n<h2><span style=\"color: #ff0000;\">PROSSIMAMENTE<\/span><\/h2>\n<blockquote>\n<h3>APPUNTI DI VIAGGIO CON ABM<\/h3>\n<\/blockquote>\n<p><strong>PIEVE DI CADORE<\/strong> \u201cAppunti di viaggio. L\u2019Italia al di l\u00e0 dell\u2019oceano\u201d \u00e8 il titolo della serata organizzata dalla Famiglia Ex emigranti del Cadore, con il patrocinio del Comune di Pieve di Cadore e dell\u2019Associazione Bellunesi nel Mondo, in programma mercoled\u00ec 29 novembre, alle ore 18.00, nella Sala Consigliare del Comune di Pieve di Cadore. Protagonista Nadia Agnoli, appena rientrata da un intenso viaggio in Sudamerica tra Messico, Per\u00f9 e Brasile<\/p>\n<p>&nbsp;<\/p>\n<blockquote>\n<h3 class=\"entry-title\">EVENTI PER I 40 ANNI DEL CENTRO INTERNAZIONALE DEL LIBRO PARLATO \u201cA. SERNAGIOTTO\u201d<\/h3>\n<\/blockquote>\n<div><\/div>\n<div class=\"articlePlainText\"><strong class=\"photoswipe-wrapper\"><a class=\"dt-pswp-item pspw-wrap-ready\" href=\"https:\/\/www.radiopiu.net\/wordpress\/wp-content\/uploads\/2023\/11\/1f9b39ac-7445-4292-9e66-746ed8bde8d9.jpg\" data-dt-img-description=\"\" data-large_image_width=\"800\" data-large_image_height=\"1067\"><img loading=\"lazy\" decoding=\"async\" class=\" wp-image-360368 alignleft\" src=\"https:\/\/www.radiopiu.net\/wordpress\/wp-content\/uploads\/2023\/11\/1f9b39ac-7445-4292-9e66-746ed8bde8d9-225x300.jpg\" sizes=\"auto, (max-width: 182px) 100vw, 182px\" srcset=\"https:\/\/www.radiopiu.net\/wordpress\/wp-content\/uploads\/2023\/11\/1f9b39ac-7445-4292-9e66-746ed8bde8d9-225x300.jpg 225w, https:\/\/www.radiopiu.net\/wordpress\/wp-content\/uploads\/2023\/11\/1f9b39ac-7445-4292-9e66-746ed8bde8d9-768x1024.jpg 768w, https:\/\/www.radiopiu.net\/wordpress\/wp-content\/uploads\/2023\/11\/1f9b39ac-7445-4292-9e66-746ed8bde8d9.jpg 800w\" alt=\"\" width=\"105\" height=\"140\" \/><\/a>FELTRE<\/strong> Gli eventi in programma per celebrare i 40 anni del Libro Parlato di Feltre \u201cA. Sernagiotto\u201d.<\/div>\n<p><strong>SABATO 9 DICEMBRE\u00a0<\/strong>alle 18 in Sala Ocri Letture ad alta voce dedicate a Italo Calvino con Fabio Dalla Zuanna e Anna Branciforti<\/p>\n<p><strong>LUNEDI 18 DICEMBRE\u00a0<\/strong>alle 18 in Sala Ocri Flavio Faoro: da Oltre le vette ai racconti e alle fiabe, presenta Luisa Alchini. Letture ad alta voce del gruppo Libri Parlanti<\/p>\n<p><strong>VENERDI 22 DICEMBRE\u00a0<\/strong>alle 18 in Sala Ocri Presentazione del libro \u201cIl saldatore del Vajont\u201d con l\u2019autore Antonio G. Bortoluzzi \u2013 presenta Nicola Maccagnan<\/p>\n<p>&nbsp;<\/p>\n<p>&nbsp;<\/p>\n<hr \/>\n<p>&nbsp;<\/p>\n<p>&nbsp;<\/p>\n<p><a class=\"dt-pswp-item\" href=\"https:\/\/www.radiopiu.net\/wordpress\/wp-content\/uploads\/2023\/11\/196c380b-4f41-40fe-b60e-025662cd56ca.jpg\" data-dt-img-description=\"\" data-large_image_width=\"1131\" data-large_image_height=\"1600\"><img loading=\"lazy\" decoding=\"async\" class=\"size-medium wp-image-362712 aligncenter\" src=\"https:\/\/www.radiopiu.net\/wordpress\/wp-content\/uploads\/2023\/11\/196c380b-4f41-40fe-b60e-025662cd56ca-212x300.jpg\" alt=\"\" width=\"212\" height=\"300\" srcset=\"https:\/\/www.radiopiu.net\/wordpress\/wp-content\/uploads\/2023\/11\/196c380b-4f41-40fe-b60e-025662cd56ca-212x300.jpg 212w, https:\/\/www.radiopiu.net\/wordpress\/wp-content\/uploads\/2023\/11\/196c380b-4f41-40fe-b60e-025662cd56ca-724x1024.jpg 724w, https:\/\/www.radiopiu.net\/wordpress\/wp-content\/uploads\/2023\/11\/196c380b-4f41-40fe-b60e-025662cd56ca-768x1086.jpg 768w, https:\/\/www.radiopiu.net\/wordpress\/wp-content\/uploads\/2023\/11\/196c380b-4f41-40fe-b60e-025662cd56ca-1086x1536.jpg 1086w, https:\/\/www.radiopiu.net\/wordpress\/wp-content\/uploads\/2023\/11\/196c380b-4f41-40fe-b60e-025662cd56ca.jpg 1131w\" sizes=\"auto, (max-width: 212px) 100vw, 212px\" \/><\/a><\/p>\n<p>&nbsp;<\/p>\n<hr \/>\n<p>&nbsp;<\/p>\n<p>&nbsp;<\/p>\n<p>&nbsp;<\/p>\n<div class=\"message spoilers-container\" dir=\"auto\">\n<div class=\"column\">\n<div class=\"message spoilers-container\" dir=\"auto\">\n<div class=\"column\">\n<p><img loading=\"lazy\" decoding=\"async\" class=\"aligncenter wp-image-61954 size-full\" src=\"https:\/\/www.radiopiu.net\/wordpress\/wp-content\/uploads\/2018\/09\/viabilita.jpeg\" sizes=\"auto, (max-width: 800px) 100vw, 800px\" srcset=\"https:\/\/www.radiopiu.net\/wordpress\/wp-content\/uploads\/2018\/09\/viabilita.jpeg 800w, https:\/\/www.radiopiu.net\/wordpress\/wp-content\/uploads\/2018\/09\/viabilita-300x38.jpeg 300w, https:\/\/www.radiopiu.net\/wordpress\/wp-content\/uploads\/2018\/09\/viabilita-768x96.jpeg 768w\" alt=\"\" width=\"800\" height=\"100\" \/><\/p>\n<\/div>\n<\/div>\n<div class=\"message spoilers-container\" dir=\"auto\">\n<div class=\"column\">\n<p>&nbsp;<\/p>\n<blockquote>\n<h3 class=\"entry-title\">PER DIGONERA: 563 CHIUSA FINO ALL\u2019IMMACOLATA<\/h3>\n<\/blockquote>\n<p><strong>REDAZIONE<\/strong> Correndo per battere anche la stagione fredda i lavori proseguono tra Saviner di Rocca Pietore e Digonera, impongono la chiusura della strada ormai da tempo, la nuova ordinanza la proroga fino alle 16.15 del 7 dicembre. Dunque interdizione totale in entrambi i sensi di marcia dalle 7.45 alle 16.15 dal lunedi al venerdi, negli altri orari senso unico alternato e limite di velocit\u00e0 a 30 chilometri orari<\/p>\n<p>&nbsp;<\/p>\n<p>&nbsp;<\/p>\n<\/div>\n<\/div>\n<\/div>\n<\/div>\n<blockquote class=\"wp-embedded-content\" data-secret=\"xyTf6SGRSR\"><p><a href=\"https:\/\/www.radiopiu.net\/wordpress\/viabilita\/\">viabilita<\/a><\/p><\/blockquote>\n<p><iframe loading=\"lazy\" class=\"wp-embedded-content\" sandbox=\"allow-scripts\" security=\"restricted\" style=\"position: absolute; clip: rect(1px, 1px, 1px, 1px);\" title=\"&#8220;viabilita&#8221; &#8212; Radio Pi\u00f9\" src=\"https:\/\/www.radiopiu.net\/wordpress\/viabilita\/embed\/#?secret=eLBmyKlEGa#?secret=xyTf6SGRSR\" data-secret=\"xyTf6SGRSR\" width=\"600\" height=\"338\" frameborder=\"0\" marginwidth=\"0\" marginheight=\"0\" scrolling=\"no\"><\/iframe><\/p>\n<div class=\"message spoilers-container\" dir=\"auto\">\n<div class=\"column\">\n<div class=\"message spoilers-container\" dir=\"auto\">\n<div class=\"column\">\n<div>\n<div dir=\"ltr\">\n<div class=\"gmail_quote\">\n<div dir=\"ltr\">\n<div><\/div>\n<div><\/div>\n<\/div>\n<\/div>\n<\/div>\n<\/div>\n<hr \/>\n<p>&nbsp;<\/p>\n<p><a class=\"dt-pswp-item\" href=\"https:\/\/www.radiopiu.net\/wordpress\/wp-content\/uploads\/2018\/09\/WhatsApp-Image-2018-09-20-at-16.04.06.jpeg\" data-dt-img-description=\"\" data-large_image_width=\"800\" data-large_image_height=\"100\"><img loading=\"lazy\" decoding=\"async\" class=\"wp-image-61378 size-full aligncenter\" src=\"https:\/\/www.radiopiu.net\/wordpress\/wp-content\/uploads\/2018\/09\/WhatsApp-Image-2018-09-20-at-16.04.06.jpeg\" alt=\"\" width=\"800\" height=\"100\" srcset=\"https:\/\/www.radiopiu.net\/wordpress\/wp-content\/uploads\/2018\/09\/WhatsApp-Image-2018-09-20-at-16.04.06.jpeg 800w, https:\/\/www.radiopiu.net\/wordpress\/wp-content\/uploads\/2018\/09\/WhatsApp-Image-2018-09-20-at-16.04.06-300x38.jpeg 300w, https:\/\/www.radiopiu.net\/wordpress\/wp-content\/uploads\/2018\/09\/WhatsApp-Image-2018-09-20-at-16.04.06-768x96.jpeg 768w\" sizes=\"auto, (max-width: 800px) 100vw, 800px\" \/><\/a><\/p>\n<\/div>\n<\/div>\n<\/div>\n<\/div>\n<p><center><\/center>&nbsp;<\/p>\n<p style=\"text-align: center;\"><b>OGGI <\/b><\/p>\n<p>Tempo stabile e soleggiato con cielo sereno o poco nuvoloso per leggere velature, specie al mattino; non esclusi banchi di nebbia in alcuni tratti della Valbelluna nelle ore fredde. Dalla tarda mattinata cielo ovunque sereno. Clima generalmente asciutto a tutte le quote e pi\u00f9 mite di giorno<br \/>\n<strong>Precipitazioni.<\/strong>\u00a0Assenti (0%).<br \/>\n<strong>Temperature.<\/strong> Minime pressoch\u00e9 stazionarie o in lieve\/contenuto aumento in quota con moderata inversione termica nelle valli sia al mattino che dopo il tramonto; massime in aumento anche sensibile in alta montagna su valori superiori alla norma di qualche grado.<\/p>\n<p style=\"text-align: center;\"><b>DOMANI<\/b><\/p>\n<p>Ancora tempo in prevalenza stabile e soleggiato, a tratti parzialmente soleggiato per passaggi di sottili velature, specie al mattino e per qualche nube bassa associata a qualche banco di nebbia in Valbelluna nelle ore fredde. Nel corso del pomeriggio formazioni di addensamenti nuvolosi pi\u00f9 probabili sulle Dolomiti e in prossimit\u00e0 delle cime.<br \/>\n<strong>Precipitazioni.<\/strong> Al mattino assenti; verso la fine della giornata, non escluso qualche fiocco di neve sulle vette dolomitiche pi\u00f9 settentrionali.<br \/>\n<strong>Temperature.<\/strong> In calo, specie in alta montagna, con le minime misurate a fine giornata<\/p>\n<p style=\"text-align: center;\"><b>SABATO<\/b><\/p>\n<p>Sulle Prealpi stabile e soleggiato, sulle Dolomiti irregolarmente nuvoloso con possibili burrasche di neve sulle vette pi\u00f9 settentrionali e qualche fiocco fino a qualche fondovalle di confine. Temperature in calo specie le massime su valori inferiori alla norma.<\/p>\n<p style=\"text-align: center;\"><b>DOMENICA<\/b><\/p>\n<p>Sulle Prealpi in prevalenza sereno con aria asciutta e ottima visibilit\u00e0; sulle Dolomiti ancora in prevalenza irregolarmente nuvoloso specie al mattino con qualche fiocco sulle cime di confine, pi\u00f9 soleggiato nel pomeriggio. Temperature minime in lieve calo, massime in lieve ripresa.<\/p>\n<p>&nbsp;<\/p>\n<div class=\"message spoilers-container\" dir=\"auto\">\n<hr \/>\n<p>&nbsp;<\/p>\n<p><img loading=\"lazy\" decoding=\"async\" class=\"wp-image-60761 size-full aligncenter\" src=\"https:\/\/www.radiopiu.net\/wordpress\/wp-content\/uploads\/2018\/09\/sport.jpg\" alt=\"\" width=\"800\" height=\"100\" srcset=\"https:\/\/www.radiopiu.net\/wordpress\/wp-content\/uploads\/2018\/09\/sport.jpg 800w, https:\/\/www.radiopiu.net\/wordpress\/wp-content\/uploads\/2018\/09\/sport-300x38.jpg 300w, https:\/\/www.radiopiu.net\/wordpress\/wp-content\/uploads\/2018\/09\/sport-768x96.jpg 768w\" sizes=\"auto, (max-width: 800px) 100vw, 800px\" \/><\/p>\n<p><span style=\"color: #0000ff;\"><strong>\u00a0\u00a0<\/strong><\/span><\/p>\n<p><span style=\"color: #0000ff;\"><strong>PARALIMPICO<\/strong><\/span><\/p>\n<blockquote>\n<h2><span style=\"color: #0000ff;\"><strong><span style=\"color: #000000;\">Trionfo di Giada Soccol e Lorenzo Pradel ai Campionati Italiani di Boccia Paralimpica\u00a0<\/span><\/strong><\/span><\/h2>\n<\/blockquote>\n<p>&nbsp;<\/p>\n<div class=\"flex-1 overflow-hidden\">\n<div class=\"react-scroll-to-bottom--css-nogfm-79elbk h-full\">\n<div class=\"react-scroll-to-bottom--css-nogfm-1n7m0yu\">\n<div class=\"flex flex-col text-sm gizmo:pb-9 dark:bg-gray-800 gizmo:dark:bg-transparent\">\n<div class=\"w-full text-token-text-primary border-b border-black\/10 gizmo:border-0 dark:border-gray-900\/50 gizmo:dark:border-0 bg-gray-50 gizmo:bg-transparent dark:bg-[#444654] gizmo:dark:bg-transparent\" data-testid=\"conversation-turn-7\">\n<div class=\"p-4 gizmo:py-2 justify-center text-base md:gap-6 md:py-6 m-auto\">\n<div class=\"flex flex-1 gap-4 text-base mx-auto md:gap-6 gizmo:gap-3 gizmo:md:px-5 gizmo:lg:px-1 gizmo:xl:px-5 md:max-w-2xl lg:max-w-[38rem] gizmo:md:max-w-3xl gizmo:lg:max-w-[40rem] gizmo:xl:max-w-[48rem] xl:max-w-3xl } group final-completion\">\n<div class=\"relative flex w-[calc(100%-50px)] flex-col gizmo:w-full lg:w-[calc(100%-115px)] agent-turn\">\n<div class=\"flex-col gap-1 md:gap-3\">\n<div class=\"flex flex-grow flex-col max-w-full gap-3 gizmo:gap-0\">\n<div class=\"min-h-[20px] text-message flex flex-col items-start gap-3 whitespace-pre-wrap break-words [.text-message+&amp;]:mt-5 overflow-x-auto\" data-message-author-role=\"assistant\" data-message-id=\"7e1ebec1-6f52-410d-9984-44424736d034\">\n<div class=\"markdown prose w-full break-words dark:prose-invert dark\">\n<p>\u00a0***<\/p>\n<p><a class=\"dt-pswp-item\" href=\"https:\/\/www.radiopiu.net\/wordpress\/wp-content\/uploads\/2023\/11\/La-medaglia-doro-a-squadre-di-Giada.jpg\" data-dt-img-description=\"\" data-large_image_width=\"576\" data-large_image_height=\"1024\"><img loading=\"lazy\" decoding=\"async\" class=\"size-medium wp-image-362725 alignleft\" src=\"https:\/\/www.radiopiu.net\/wordpress\/wp-content\/uploads\/2023\/11\/La-medaglia-doro-a-squadre-di-Giada-169x300.jpg\" alt=\"\" width=\"169\" height=\"300\" srcset=\"https:\/\/www.radiopiu.net\/wordpress\/wp-content\/uploads\/2023\/11\/La-medaglia-doro-a-squadre-di-Giada-169x300.jpg 169w, https:\/\/www.radiopiu.net\/wordpress\/wp-content\/uploads\/2023\/11\/La-medaglia-doro-a-squadre-di-Giada.jpg 576w\" sizes=\"auto, (max-width: 169px) 100vw, 169px\" \/><\/a>Ai Campionati Italiani di Boccia Paralimpica a Campobasso, Giada Soccol e Lorenzo Pradel, rappresentanti dell&#8217;ASD Sport ASSI, emergono come protagonisti assoluti, seminando emozioni e raccogliendo medaglie.<\/p>\n<p><strong>Dettagli dell&#8217;Evento:<\/strong><\/p>\n<ul>\n<li><strong><em>Giada Soccol:<\/em><\/strong> In prestito alla squadra Blue Angels ASD, trionfa nella prova a squadre BC1-BC2 e conquista una medaglia di bronzo a livello individuale. Esprime positivit\u00e0 e ambizione, dichiarando il desiderio di migliorarsi ulteriormente per puntare al primo posto nel prossimo evento.<\/li>\n<li><em><a class=\"dt-pswp-item\" href=\"https:\/\/www.radiopiu.net\/wordpress\/wp-content\/uploads\/2023\/11\/Il-terzo-posto-a-squadre-di-Lorenzo.jpg\" data-dt-img-description=\"\" data-large_image_width=\"1600\" data-large_image_height=\"1200\"><img loading=\"lazy\" decoding=\"async\" class=\" wp-image-362724 alignright\" src=\"https:\/\/www.radiopiu.net\/wordpress\/wp-content\/uploads\/2023\/11\/Il-terzo-posto-a-squadre-di-Lorenzo-300x225.jpg\" alt=\"\" width=\"281\" height=\"211\" srcset=\"https:\/\/www.radiopiu.net\/wordpress\/wp-content\/uploads\/2023\/11\/Il-terzo-posto-a-squadre-di-Lorenzo-300x225.jpg 300w, https:\/\/www.radiopiu.net\/wordpress\/wp-content\/uploads\/2023\/11\/Il-terzo-posto-a-squadre-di-Lorenzo-1024x768.jpg 1024w, https:\/\/www.radiopiu.net\/wordpress\/wp-content\/uploads\/2023\/11\/Il-terzo-posto-a-squadre-di-Lorenzo-768x576.jpg 768w, https:\/\/www.radiopiu.net\/wordpress\/wp-content\/uploads\/2023\/11\/Il-terzo-posto-a-squadre-di-Lorenzo-1536x1152.jpg 1536w, https:\/\/www.radiopiu.net\/wordpress\/wp-content\/uploads\/2023\/11\/Il-terzo-posto-a-squadre-di-Lorenzo.jpg 1600w\" sizes=\"auto, (max-width: 281px) 100vw, 281px\" \/><\/a><strong>Lorenzo Pradel:<\/strong><\/em> Impressiona conquistando il terzo posto nella gara a coppie della categoria BC5 e dimostra le sue qualit\u00e0 anche a livello individuale, diventando campione italiano. Il percorso \u00e8 definito &#8220;fantastico&#8221; da Pradel, che sottolinea l&#8217;importanza delle relazioni sviluppate durante le gare e il suo costante apprendimento.<\/li>\n<\/ul>\n<p>La soddisfazione \u00e8 palpabile per tutti gli attori coinvolti: atleti, tecnici (Elisa Scardanzan e Alessandro Bee, con l&#8217;assistente Patrizio), genitori e l&#8217;ASD Sport ASSI. Il presidente, Davide Giozet, congratula con Giada e Lorenzo, riconoscendo il ruolo cruciale degli allenatori, dei volontari e delle famiglie nel raggiungimento di tali risultati straordinari. L&#8217;ASD Sport ASSI riafferma il suo impegno nel sostenere gli atleti, considerando lo sport come uno strumento inclusivo e una chiave per ottenere soddisfazioni nella vita quotidiana. Giada e Lorenzo, con le loro medaglie e il loro sorriso, confermano ancora una volta questo principio.<\/p>\n<\/div>\n<\/div>\n<\/div>\n<\/div>\n<\/div>\n<\/div>\n<\/div>\n<\/div>\n<\/div>\n<\/div>\n<\/div>\n<\/div>\n\n\t\t\t<style type='text\/css'>\n\t\t\t\t#gallery-5 {\n\t\t\t\t\tmargin: auto;\n\t\t\t\t}\n\t\t\t\t#gallery-5 .gallery-item {\n\t\t\t\t\tfloat: left;\n\t\t\t\t\tmargin-top: 10px;\n\t\t\t\t\ttext-align: center;\n\t\t\t\t\twidth: 50%;\n\t\t\t\t}\n\t\t\t\t#gallery-5 img {\n\t\t\t\t\tborder: 2px solid #cfcfcf;\n\t\t\t\t}\n\t\t\t\t#gallery-5 .gallery-caption {\n\t\t\t\t\tmargin-left: 0;\n\t\t\t\t}\n\t\t\t\t\/* see gallery_shortcode() in wp-includes\/media.php *\/\n\t\t\t<\/style>\n\t\t<div id='gallery-5' class='dt-gallery-container gallery galleryid-362622 gallery-columns-2 gallery-size-medium'><dl class='gallery-item'>\n\t\t\t\t<dt class='gallery-icon landscape'>\n\t\t\t\t\t<a class=\"rollover rollover-zoom dt-pswp-item\" title=\"Il terzo posto nell&#039;individuale di Giada\" data-dt-img-description=\"\" data-large_image_width=\"2048\" data-large_image_height=\"1152\"href='https:\/\/www.radiopiu.net\/wordpress\/wp-content\/uploads\/2023\/11\/Il-terzo-posto-nellindividuale-di-Giada.jpg'><img loading=\"lazy\" decoding=\"async\" width=\"300\" height=\"169\" src=\"https:\/\/www.radiopiu.net\/wordpress\/wp-content\/uploads\/2023\/11\/Il-terzo-posto-nellindividuale-di-Giada-300x169.jpg\" class=\"attachment-medium size-medium\" alt=\"\" srcset=\"https:\/\/www.radiopiu.net\/wordpress\/wp-content\/uploads\/2023\/11\/Il-terzo-posto-nellindividuale-di-Giada-300x169.jpg 300w, https:\/\/www.radiopiu.net\/wordpress\/wp-content\/uploads\/2023\/11\/Il-terzo-posto-nellindividuale-di-Giada-1024x576.jpg 1024w, https:\/\/www.radiopiu.net\/wordpress\/wp-content\/uploads\/2023\/11\/Il-terzo-posto-nellindividuale-di-Giada-768x432.jpg 768w, https:\/\/www.radiopiu.net\/wordpress\/wp-content\/uploads\/2023\/11\/Il-terzo-posto-nellindividuale-di-Giada-1536x864.jpg 1536w, https:\/\/www.radiopiu.net\/wordpress\/wp-content\/uploads\/2023\/11\/Il-terzo-posto-nellindividuale-di-Giada.jpg 2048w\" sizes=\"auto, (max-width: 300px) 100vw, 300px\" \/><\/a>\n\t\t\t\t<\/dt><\/dl><dl class='gallery-item'>\n\t\t\t\t<dt class='gallery-icon landscape'>\n\t\t\t\t\t<a class=\"rollover rollover-zoom dt-pswp-item\" title=\"Lorenzo Pradel nella prova a squadre\" data-dt-img-description=\"\" data-large_image_width=\"2048\" data-large_image_height=\"1152\"href='https:\/\/www.radiopiu.net\/wordpress\/wp-content\/uploads\/2023\/11\/Lorenzo-Pradel-nella-prova-a-squadre.jpg'><img loading=\"lazy\" decoding=\"async\" width=\"300\" height=\"169\" src=\"https:\/\/www.radiopiu.net\/wordpress\/wp-content\/uploads\/2023\/11\/Lorenzo-Pradel-nella-prova-a-squadre-300x169.jpg\" class=\"attachment-medium size-medium\" alt=\"\" srcset=\"https:\/\/www.radiopiu.net\/wordpress\/wp-content\/uploads\/2023\/11\/Lorenzo-Pradel-nella-prova-a-squadre-300x169.jpg 300w, https:\/\/www.radiopiu.net\/wordpress\/wp-content\/uploads\/2023\/11\/Lorenzo-Pradel-nella-prova-a-squadre-1024x576.jpg 1024w, https:\/\/www.radiopiu.net\/wordpress\/wp-content\/uploads\/2023\/11\/Lorenzo-Pradel-nella-prova-a-squadre-768x432.jpg 768w, https:\/\/www.radiopiu.net\/wordpress\/wp-content\/uploads\/2023\/11\/Lorenzo-Pradel-nella-prova-a-squadre-1536x864.jpg 1536w, https:\/\/www.radiopiu.net\/wordpress\/wp-content\/uploads\/2023\/11\/Lorenzo-Pradel-nella-prova-a-squadre.jpg 2048w\" sizes=\"auto, (max-width: 300px) 100vw, 300px\" \/><\/a>\n\t\t\t\t<\/dt><\/dl><br style=\"clear: both\" \/>\n\t\t\t<\/div>\n\n<p>&nbsp;<\/p>\n<p><span style=\"color: #0000ff;\"><strong>CURLING<\/strong><\/span><\/p>\n<blockquote>\n<h3>CONTO ALLA ROVESCIA PER LA CURLING CUP DI CORTINA<\/h3>\n<\/blockquote>\n<p><a class=\"dt-pswp-item\" href=\"https:\/\/www.radiopiu.net\/wordpress\/wp-content\/uploads\/2023\/11\/TeamConstantini-PhAnilMungal-2.jpeg\" data-dt-img-description=\"\" data-large_image_width=\"1200\" data-large_image_height=\"900\"><img loading=\"lazy\" decoding=\"async\" class=\" wp-image-362662 alignleft\" src=\"https:\/\/www.radiopiu.net\/wordpress\/wp-content\/uploads\/2023\/11\/TeamConstantini-PhAnilMungal-2-300x225.jpeg\" alt=\"\" width=\"167\" height=\"125\" srcset=\"https:\/\/www.radiopiu.net\/wordpress\/wp-content\/uploads\/2023\/11\/TeamConstantini-PhAnilMungal-2-300x225.jpeg 300w, https:\/\/www.radiopiu.net\/wordpress\/wp-content\/uploads\/2023\/11\/TeamConstantini-PhAnilMungal-2-1024x768.jpeg 1024w, https:\/\/www.radiopiu.net\/wordpress\/wp-content\/uploads\/2023\/11\/TeamConstantini-PhAnilMungal-2-768x576.jpeg 768w, https:\/\/www.radiopiu.net\/wordpress\/wp-content\/uploads\/2023\/11\/TeamConstantini-PhAnilMungal-2.jpeg 1200w\" sizes=\"auto, (max-width: 167px) 100vw, 167px\" \/><\/a>La Fondazione Cortina e l&#8217;Associazione Curling Cortina hanno annunciato l&#8217;organizzazione della Cortina Curling Cup, tappa del prestigioso World Curling Tour, dal 11 al 13 gennaio 2024. Questo evento, che coinvolge le migliori 12 squadre femminili del mondo, sar\u00e0 ospitato per la prima volta nella conca ampezzana. La competizione si svolger\u00e0 allo Stadio Olimpico del Ghiaccio e comprender\u00e0 una fase a gironi nei primi due giorni, seguita dalla finalissima il 13 gennaio. Con squadre di eccellenza provenienti da Italia, Germania, Svezia, Norvegia, Canada e Corea, l&#8217;evento sar\u00e0 un test importante per le strutture che ospiteranno le Olimpiadi nel 2026.<\/p>\n<p>&nbsp;<\/p>\n<\/div>\n","protected":false},"excerpt":{"rendered":"<p>***** &nbsp; 40esimo di RADIOPIU\u2026. LA VOCE DELL\u2019EMOZIONE ISCRIVITI AL NOSTRO CANALE\u00a0\u00a0YOUTUBE PER SEGUIRE IN DIRETTA I PRINCIPALI PROGRAMMI DI RADIO PIU\u2019 E LE FUTURE DIRETTE IN ESTERNA. PER ISCRIVERTI CLICCA QUI\u00a0E PREMI\u00a0 \u201cIscriviti\u201d &nbsp; \u00a0 i podcast informativi del mattino LA RASSEGNA STAMPA NAZIONALE ALLA RADIO, OGNI GIORNO ALLE 5 E ALLE 6 DEL&hellip;<\/p>\n","protected":false},"author":4,"featured_media":362714,"comment_status":"closed","ping_status":"closed","sticky":false,"template":"","format":"standard","meta":{"_monsterinsights_skip_tracking":false,"_monsterinsights_sitenote_active":false,"_monsterinsights_sitenote_note":"","_monsterinsights_sitenote_category":0,"footnotes":""},"categories":[51,86,49],"tags":[],"class_list":["post-362622","post","type-post","status-publish","format-standard","has-post-thumbnail","hentry","category-evidenza-top","category-gr","category-news-18","category-51","category-86","category-49","description-off"],"img_url":"https:\/\/www.radiopiu.net\/wordpress\/wp-content\/uploads\/2023\/11\/WhatsApp-Image-2023-11-22-at-16.41.00-1.jpeg","_links":{"self":[{"href":"https:\/\/www.radiopiu.net\/wordpress\/wp-json\/wp\/v2\/posts\/362622","targetHints":{"allow":["GET"]}}],"collection":[{"href":"https:\/\/www.radiopiu.net\/wordpress\/wp-json\/wp\/v2\/posts"}],"about":[{"href":"https:\/\/www.radiopiu.net\/wordpress\/wp-json\/wp\/v2\/types\/post"}],"author":[{"embeddable":true,"href":"https:\/\/www.radiopiu.net\/wordpress\/wp-json\/wp\/v2\/users\/4"}],"replies":[{"embeddable":true,"href":"https:\/\/www.radiopiu.net\/wordpress\/wp-json\/wp\/v2\/comments?post=362622"}],"version-history":[{"count":0,"href":"https:\/\/www.radiopiu.net\/wordpress\/wp-json\/wp\/v2\/posts\/362622\/revisions"}],"wp:featuredmedia":[{"embeddable":true,"href":"https:\/\/www.radiopiu.net\/wordpress\/wp-json\/wp\/v2\/media\/362714"}],"wp:attachment":[{"href":"https:\/\/www.radiopiu.net\/wordpress\/wp-json\/wp\/v2\/media?parent=362622"}],"wp:term":[{"taxonomy":"category","embeddable":true,"href":"https:\/\/www.radiopiu.net\/wordpress\/wp-json\/wp\/v2\/categories?post=362622"},{"taxonomy":"post_tag","embeddable":true,"href":"https:\/\/www.radiopiu.net\/wordpress\/wp-json\/wp\/v2\/tags?post=362622"}],"curies":[{"name":"wp","href":"https:\/\/api.w.org\/{rel}","templated":true}]}}