{"id":362673,"date":"2023-11-23T05:36:45","date_gmt":"2023-11-23T04:36:45","guid":{"rendered":"https:\/\/www.radiopiu.net\/wordpress\/?p=362673"},"modified":"2023-11-23T05:58:47","modified_gmt":"2023-11-23T04:58:47","slug":"pd-contraddizione-nel-parlare-di-specificita-montana-e-accorpamento-delle-scuole-di-montagna","status":"publish","type":"post","link":"https:\/\/www.radiopiu.net\/wordpress\/pd-contraddizione-nel-parlare-di-specificita-montana-e-accorpamento-delle-scuole-di-montagna\/","title":{"rendered":"PD &#8211;\u00a0 Contraddizione nel Parlare di Specificit\u00e0 Montana e Accorpamento delle Scuole di Montagna&#8221;"},"content":{"rendered":"<h3>****<\/h3>\n<p>&nbsp;<\/p>\n<p><strong><a class=\"dt-pswp-item\" href=\"https:\/\/www.radiopiu.net\/wordpress\/wp-content\/uploads\/2023\/11\/pd-belluno.png\" data-dt-img-description=\"\" data-large_image_width=\"324\" data-large_image_height=\"188\"><img loading=\"lazy\" decoding=\"async\" class=\"wp-image-362571 alignleft\" src=\"https:\/\/www.radiopiu.net\/wordpress\/wp-content\/uploads\/2023\/11\/pd-belluno-300x174.png\" alt=\"\" width=\"205\" height=\"119\" srcset=\"https:\/\/www.radiopiu.net\/wordpress\/wp-content\/uploads\/2023\/11\/pd-belluno-300x174.png 300w, https:\/\/www.radiopiu.net\/wordpress\/wp-content\/uploads\/2023\/11\/pd-belluno.png 324w\" sizes=\"auto, (max-width: 205px) 100vw, 205px\" \/><\/a>BELLUNO<\/strong> Il segretario provinciale del PD Belluno Dolomiti, Alessandro Del Bianco, sottolinea la contraddizione nel parlare di specificit\u00e0 montana mentre si rischia l&#8217;accorpamento delle scuole di Zoldo e Longarone. Del Bianco chiede un intervento diretto della Regione per evitare questo rischio, evidenziando che tagliare servizi scolastici nelle zone montane non contribuisce a contrastare lo spopolamento. L&#8217;accorpamento creerebbe disagi per alunni, genitori e insegnanti di Zoldo. Il PD Belluno Dolomiti esprime solidariet\u00e0 ai sindaci e ai cittadini impegnati nella battaglia e parteciper\u00e0 alla manifestazione del sabato. Il dimensionamento degli istituti sar\u00e0 un tema centrale nel prossimo ddl montagna, e Del Bianco invita Stato e Regione a uno sforzo maggiore per evitare che la montagna diventi solo un grande villaggio vacanze. <em>&#8220;Ci si aspetta un intervento deciso dalla Regione del Veneto e dall&#8217;assessore Donazzan a sostegno del territorio&#8221;<\/em> conclude Del Bianco.<\/p>\n<p>&nbsp;<\/p>\n<hr \/>\n<p>&nbsp;<\/p>\n","protected":false},"excerpt":{"rendered":"<p>**** &nbsp; BELLUNO Il segretario provinciale del PD Belluno Dolomiti, Alessandro Del Bianco, sottolinea la contraddizione nel parlare di specificit\u00e0 montana mentre si rischia l&#8217;accorpamento delle scuole di Zoldo e Longarone. Del Bianco chiede un intervento diretto della Regione per evitare questo rischio, evidenziando che tagliare servizi scolastici nelle zone montane non contribuisce a contrastare&hellip;<\/p>\n","protected":false},"author":4,"featured_media":362571,"comment_status":"closed","ping_status":"closed","sticky":false,"template":"","format":"standard","meta":{"_monsterinsights_skip_tracking":false,"_monsterinsights_sitenote_active":false,"_monsterinsights_sitenote_note":"","_monsterinsights_sitenote_category":0,"footnotes":""},"categories":[51,49],"tags":[],"class_list":["post-362673","post","type-post","status-publish","format-standard","has-post-thumbnail","hentry","category-evidenza-top","category-news-18","category-51","category-49","description-off"],"img_url":"https:\/\/www.radiopiu.net\/wordpress\/wp-content\/uploads\/2023\/11\/pd-belluno.png","_links":{"self":[{"href":"https:\/\/www.radiopiu.net\/wordpress\/wp-json\/wp\/v2\/posts\/362673","targetHints":{"allow":["GET"]}}],"collection":[{"href":"https:\/\/www.radiopiu.net\/wordpress\/wp-json\/wp\/v2\/posts"}],"about":[{"href":"https:\/\/www.radiopiu.net\/wordpress\/wp-json\/wp\/v2\/types\/post"}],"author":[{"embeddable":true,"href":"https:\/\/www.radiopiu.net\/wordpress\/wp-json\/wp\/v2\/users\/4"}],"replies":[{"embeddable":true,"href":"https:\/\/www.radiopiu.net\/wordpress\/wp-json\/wp\/v2\/comments?post=362673"}],"version-history":[{"count":0,"href":"https:\/\/www.radiopiu.net\/wordpress\/wp-json\/wp\/v2\/posts\/362673\/revisions"}],"wp:featuredmedia":[{"embeddable":true,"href":"https:\/\/www.radiopiu.net\/wordpress\/wp-json\/wp\/v2\/media\/362571"}],"wp:attachment":[{"href":"https:\/\/www.radiopiu.net\/wordpress\/wp-json\/wp\/v2\/media?parent=362673"}],"wp:term":[{"taxonomy":"category","embeddable":true,"href":"https:\/\/www.radiopiu.net\/wordpress\/wp-json\/wp\/v2\/categories?post=362673"},{"taxonomy":"post_tag","embeddable":true,"href":"https:\/\/www.radiopiu.net\/wordpress\/wp-json\/wp\/v2\/tags?post=362673"}],"curies":[{"name":"wp","href":"https:\/\/api.w.org\/{rel}","templated":true}]}}