{"id":362761,"date":"2023-11-23T07:55:23","date_gmt":"2023-11-23T06:55:23","guid":{"rendered":"https:\/\/www.radiopiu.net\/wordpress\/?p=362761"},"modified":"2023-11-23T08:02:14","modified_gmt":"2023-11-23T07:02:14","slug":"dal-1983-loriginale-la-rassegna-della-stampa-locale-e-alle-sette-ogni-giorno-le-anticipazioni-per-chi-ha-fretta","status":"publish","type":"post","link":"https:\/\/www.radiopiu.net\/wordpress\/dal-1983-loriginale-la-rassegna-della-stampa-locale-e-alle-sette-ogni-giorno-le-anticipazioni-per-chi-ha-fretta\/","title":{"rendered":"DAL 1983, L&#8217;ORIGINALE!  la rassegna della stampa locale  E ALLE SETTE OGNI GIORNO LE ANTICIPAZIONI PER CHI HA FRETTA"},"content":{"rendered":"<p>&nbsp;<\/p>\n<p><iframe loading=\"lazy\" title=\"DAL 1983, L&#039;ORIGINALE!  la rassegna della stampa locale  E ALLE SETTE OGNI GIORNO LE ANTICIPAZIONI P\" width=\"1200\" height=\"675\" src=\"https:\/\/www.youtube.com\/embed\/Vp3OL-tdEw4?feature=oembed\" frameborder=\"0\" allow=\"accelerometer; autoplay; clipboard-write; encrypted-media; gyroscope; picture-in-picture; web-share\" allowfullscreen><\/iframe><\/p>\n<p>&nbsp;<\/p>\n<p>&nbsp;<\/p>\n<p>CORTINA Cortina Express ha licenziato un autista indagato per violenza sessuale nei confronti di una studentessa di 13 anni. La Procura di Belluno ha accusato l\u2019uomo, e la societ\u00e0 di trasporti ha deciso di interrompere il rapporto di lavoro per giusta causa.<br \/>\nBELLUNO Il Tribunale ha emesso una condanna di cinque anni per maltrattamenti in famiglia contro un uomo stigmatizzato dai Testimoni di Geova. Nonostante la sua fede religiosa non sia stata considerata rilevante, il Consiglio dei saggi e il collegio dei giudici penali hanno preso una posizione severa, imponendo pene accessorie di interdizione legale e sospensione della responsabilit\u00e0 genitoriale.<br \/>\nUn padre di famiglia di Quero Vas \u00e8 stato denunciato per maltrattamenti dalla figlia minore, ma \u00e8 stato assolto con formula piena nel processo presieduto dal giudice Federico Montalto. La tesi dell\u2019avvocato difensore Simona Ianese \u00e8 stata accettata, mentre il pubblico ministero Sandra Rossi aveva richiesto una condanna a nove mesi di reclusione.<br \/>\nLA STORIA DI DEBORA E DI PAPA\u2019 GRAZIANO: \u00abRIVOGLIAMO LA NOSTRA LIBERTA\u2019 LA STORIA RACCONTATA DA TIZIANA BOLOGNANI NEL TG DI ANTENNA 3,<br \/>\nla vicenda dai risvolti drammatici per un padre e sua figlia, disabile non vedente al 100%, che denuncia di essere stata privata della libert\u00e0 di poter beneficiare del proprio stipendio parzialmente bloccato per decisione del giudice tutelare.<br \/>\nNEVEGAL, ARENA DI UN NUOVO SCONTRO POLITICO, CHIESTA LA \u201cTESTA\u201d DI ROCCON<br \/>\nAPN CI METTE LA FACCIA: DOBBIAMO ESSERE OTTIMISTI<br \/>\nBELLUNO AL CENTRO \u201cSIAMO TUTTI OSCAR DE PELLEGRIN\u201d<br \/>\nCELEBRATA NELLA CATTEDRALE DI BELLUNO LA VIRGO FIDELIS, PATRONA DEI CARABINIERI<br \/>\nBELLUNO Adeguamento Radiologie: Nuove Apparecchiature a Belluno e Pieve di Cadore Finanziate dal PNRR<br \/>\nBELLUNO La Procreazione Medicalmente Assistita (PMA) di Pieve di Cadore sta potenziando il proprio laboratorio per trattamenti di secondo livello.<br \/>\nBELLUNO Il 25 novembre \u00e8 la Giornata Internazionale per l\u2019eliminazione della violenza contro le donne, l\u2019Ulss Dolomiti si fa portavoce di importanti iniziative per sensibilizzare e combattere questo grave problema che affligge la societ\u00e0. Linguaggio Giraffa al Campus Tina Merlin di Feltre, gli studenti dei corsi di laurea in Infermieristica e in Tecniche della Prevenzione hanno organizzato un momento di riflessione<\/p>\n<p>LONGARONE Comune ricco grazie ai fondi per la fusione, infatti sono stati prorogati i fondi per la fusione e l&#8217;amministrazione potr\u00e0 mettere mano a progetti accantonati per 1 milione di euro.<br \/>\nBELLUNO Carmen Mione lascia la presidente dell&#8217;Ail, il suo impegno \u00e8 stato quarantennale, fond\u00f2 l&#8217;associazione per la lotta alle leucemie nel 1983, da allora ci sono stati 400 volontari.<br \/>\nZOLDO Sulla fusione dell&#8217;Istituo Scolastico Zoldo_Longarone aumentano i contrari. Ieri assemblea sindacale, sabato alle 12 la manifestazione organizzata da genitori, sindaci, insegnanti, cittadini.<br \/>\nDOMANI LO SCIOPERO DI CGIL E UIL<br \/>\nDA AGORDO_LUXOTTICA, LA PRECISAZIONE DI EMILIO BEZ: UILTEC Visto che in molti lo chiedono: per questo venerd\u00ec 24 novembre Dolomitibus prevede di effettuare il normale servizio autobus, in quanto per il settore trasporti lo sciopero di 4h era gi\u00e0 stato effettuato lo scorso venerd\u00ec.<br \/>\nCORTINA La pista da bob Eugenio Monti si potr\u00e0 vedere solo in fotografia, in bianco-nero. Infatti il sito \u00e8 in fase di veloce bonifica, sparir\u00e0 la pista e primavera via alla ripiantumazione.<br \/>\nAGORDO EssilorLuxottica firma l&#8217;accordo con il bran Moncler, fimrato l&#8217;accordo, primi modelli a settembre del prossimo anno.<br \/>\nLONGARONE Il Comune di Longarone commemora la Giornata Internazionale per l\u2019eliminazione della violenza contro le donne con una fiaccolata in memoria di Giulia Cecchettin, vittima di femminicidio.<br \/>\nPONTE NELLE ALPI A Vich, frazione di Ponte nelle Alpi, le mamme hanno promosso l\u2019installazione di cartelli stradali con il messaggio \u201cAttenzione, rallentare: in questo paese i bambini giocano all\u2019aperto\u201d. Questa iniziativa mira a sensibilizzare gli automobilisti sulla presenza di bambini che giocano nelle strade del paese.<br \/>\nFELTRE L\u2019entusiasmo del pubblico ha segnato il secondo evento delle celebrazioni del 40\u00b0 anniversario del Libro Parlato, tenutosi mercoled\u00ec 22 novembre nella suggestiva sala Ocri a Feltre. Loredana Borghetto, donatrice di voce dell\u2019associazione e membro del Consiglio Direttivo, ha presentato il suo libro \u201cNavigante di Poppa\u201d<br \/>\nDOMANI IL CONSIGLIO COMUNALE DI CANALE D\u2019AGORDO<br \/>\nLUNEDI SERA IN SALA DON TAMIS CON L\u2019UNIONE MONTANA AGORDINA<br \/>\nInizia la 63esima Mostra Internazionale del Gelato a Longarone: Innovazione, Sostenibilit\u00e0 e Internazionalizzazione al Centro dell\u2019Edizione 2023. La presentazione a Roma, sala della stampa Estera.<\/p>\n<p>PARALIMPICO Trionfo di Giada Soccol e Lorenzo Pradel ai Campionati Italiani di Boccia Paralimpica<br \/>\nCURLING CONTO ALLA ROVESCIA PER LA CURLING CUP DI CORTINA<\/p>\n<p>&nbsp;<\/p>\n<p>&nbsp;<\/p>\n<p>&nbsp;<\/p>\n","protected":false},"excerpt":{"rendered":"<p>&nbsp; &nbsp; &nbsp; CORTINA Cortina Express ha licenziato un autista indagato per violenza sessuale nei confronti di una studentessa di 13 anni. La Procura di Belluno ha accusato l\u2019uomo, e la societ\u00e0 di trasporti ha deciso di interrompere il rapporto di lavoro per giusta causa. BELLUNO Il Tribunale ha emesso una condanna di cinque anni&hellip;<\/p>\n","protected":false},"author":4,"featured_media":362762,"comment_status":"closed","ping_status":"closed","sticky":false,"template":"","format":"standard","meta":{"_monsterinsights_skip_tracking":false,"_monsterinsights_sitenote_active":false,"_monsterinsights_sitenote_note":"","_monsterinsights_sitenote_category":0,"footnotes":""},"categories":[104,49],"tags":[],"class_list":["post-362761","post","type-post","status-publish","format-standard","has-post-thumbnail","hentry","category-evidenza_3","category-news-18","category-104","category-49","description-off"],"img_url":"https:\/\/www.radiopiu.net\/wordpress\/wp-content\/uploads\/2023\/11\/Senza-nome-121.png","_links":{"self":[{"href":"https:\/\/www.radiopiu.net\/wordpress\/wp-json\/wp\/v2\/posts\/362761","targetHints":{"allow":["GET"]}}],"collection":[{"href":"https:\/\/www.radiopiu.net\/wordpress\/wp-json\/wp\/v2\/posts"}],"about":[{"href":"https:\/\/www.radiopiu.net\/wordpress\/wp-json\/wp\/v2\/types\/post"}],"author":[{"embeddable":true,"href":"https:\/\/www.radiopiu.net\/wordpress\/wp-json\/wp\/v2\/users\/4"}],"replies":[{"embeddable":true,"href":"https:\/\/www.radiopiu.net\/wordpress\/wp-json\/wp\/v2\/comments?post=362761"}],"version-history":[{"count":0,"href":"https:\/\/www.radiopiu.net\/wordpress\/wp-json\/wp\/v2\/posts\/362761\/revisions"}],"wp:featuredmedia":[{"embeddable":true,"href":"https:\/\/www.radiopiu.net\/wordpress\/wp-json\/wp\/v2\/media\/362762"}],"wp:attachment":[{"href":"https:\/\/www.radiopiu.net\/wordpress\/wp-json\/wp\/v2\/media?parent=362761"}],"wp:term":[{"taxonomy":"category","embeddable":true,"href":"https:\/\/www.radiopiu.net\/wordpress\/wp-json\/wp\/v2\/categories?post=362761"},{"taxonomy":"post_tag","embeddable":true,"href":"https:\/\/www.radiopiu.net\/wordpress\/wp-json\/wp\/v2\/tags?post=362761"}],"curies":[{"name":"wp","href":"https:\/\/api.w.org\/{rel}","templated":true}]}}