{"id":362777,"date":"2023-11-24T05:32:55","date_gmt":"2023-11-24T04:32:55","guid":{"rendered":"https:\/\/www.radiopiu.net\/wordpress\/?p=362777"},"modified":"2023-11-24T06:35:45","modified_gmt":"2023-11-24T05:35:45","slug":"varato-esggreen-misuratore-della-sostenibilita-ambientale-sociale-e-di-governance-delle-micro-imprese","status":"publish","type":"post","link":"https:\/\/www.radiopiu.net\/wordpress\/varato-esggreen-misuratore-della-sostenibilita-ambientale-sociale-e-di-governance-delle-micro-imprese\/","title":{"rendered":"VARATO ESGGREEN: MISURATORE DELLA SOSTENIBILITA\u2019 AMBIENTALE, SOCIALE E DI GOVERNANCE  DELLE MICRO IMPRESE"},"content":{"rendered":"<p><strong><a class=\"dt-pswp-item\" href=\"https:\/\/www.radiopiu.net\/wordpress\/wp-content\/uploads\/2023\/11\/Immagine-WhatsApp-2023-11-23-ore-07.14.35_b769f057.jpg\" data-dt-img-description=\"\" data-large_image_width=\"2016\" data-large_image_height=\"954\"><img loading=\"lazy\" decoding=\"async\" class=\" wp-image-362778 alignleft\" src=\"https:\/\/www.radiopiu.net\/wordpress\/wp-content\/uploads\/2023\/11\/Immagine-WhatsApp-2023-11-23-ore-07.14.35_b769f057-300x142.jpg\" alt=\"\" width=\"220\" height=\"104\" srcset=\"https:\/\/www.radiopiu.net\/wordpress\/wp-content\/uploads\/2023\/11\/Immagine-WhatsApp-2023-11-23-ore-07.14.35_b769f057-300x142.jpg 300w, https:\/\/www.radiopiu.net\/wordpress\/wp-content\/uploads\/2023\/11\/Immagine-WhatsApp-2023-11-23-ore-07.14.35_b769f057-1024x485.jpg 1024w, https:\/\/www.radiopiu.net\/wordpress\/wp-content\/uploads\/2023\/11\/Immagine-WhatsApp-2023-11-23-ore-07.14.35_b769f057-768x363.jpg 768w, https:\/\/www.radiopiu.net\/wordpress\/wp-content\/uploads\/2023\/11\/Immagine-WhatsApp-2023-11-23-ore-07.14.35_b769f057-1536x727.jpg 1536w, https:\/\/www.radiopiu.net\/wordpress\/wp-content\/uploads\/2023\/11\/Immagine-WhatsApp-2023-11-23-ore-07.14.35_b769f057.jpg 2016w\" sizes=\"auto, (max-width: 220px) 100vw, 220px\" \/><\/a>MESTRE (VE) <\/strong>Ieri sera, presso il Centro Cardinale Urbani di Zelarino (Ve), l\u2019Assessore regionale alle Attivit\u00e0 produttive, Roberto Marcato, ha tenuto a battesimo ESGgreen, la prima piattaforma presente in Veneto in grado di valutare la sostenibilit\u00e0\u00a0\u00a0 ambientale, sociale e di governance delle piccole e micro imprese. Questo strumento \u00e8 stato messo a punto dalla CGIA in collaborazione con IMQ eAmbiente Srl societ\u00e0 partner del progetto. Il software &#8211; grazie alla somministrazione alle aziende interessate di un centinaio di domande che spaziano dal business, alle certificazioni ambientali, dalla gestione del personale, ai rapporti con il territorio, dai fornitori sino all\u2019innovazione tecnologica &#8211;\u00a0 consente di produrre un report che misura il livello di sostenibilit\u00e0\u00a0 ESG (Environment, Social, Governance) di una piccolissima impresa. In buona sostanza altro non \u00e8 che la stesura di un bilancio green che, prossimamente, le aziende dovranno redigere periodicamente. Per adesso non \u00e8 ancora obbligatorio, ma, stando alle disposizioni previste dall\u2019UE, lo sar\u00e0 a breve.<\/p>\n<p><strong>Perch\u00e9 anche le micro imprese dovranno realizzarlo?<\/strong><\/p>\n<p>Nei prossimi anni per ottenere un prestito da una banca, per poter stipulare una polizza con una assicurazione, per partecipare a un bando pubblico o per lavorare come subfornitore per un grande committente, oltre alla qualit\u00e0 della produzione, agli aspetti economici e finanziari le piccole imprese dovranno dimostrare anche la sostenibilit\u00e0 ambientale, sociale e di governance (ESG). \u201cIn tempi brevi \u2013 segnala il Segretario della CGIA Renato Mason \u2013 banche, Pubblica Amministrazione e investitori garantiranno finanziamenti agevolati solo alle realt\u00e0 che saranno in grado di rendicontare gli impatti ESG, premiando la loro vocazione alla sostenibilit\u00e0 ambientale. Un tema, quest\u2019ultimo, che ormai \u00e8 diventato di grande attualit\u00e0 e sempre pi\u00f9 presente anche nella gestione aziendale delle nostre piccolissime realt\u00e0, anche se rimane estremamente difficile da misurare\u201d. \u201cInfatti &#8211;\u00a0 sottolinea l\u2019Amministratore delegato di IMQ eAmbiente Srl Gabriella Chiellino &#8211; sono oltre un milione e 200mila le piccole aziende italiane chiamate a raccogliere dati sull\u2019energia, i rifiuti, l\u2019impronta di carbonio, investimenti sostenibili, organizzazione aziendale e cos\u00ec via. Un lavoro immane che noi stiamo tentando di facilitare attraverso questo strumento che abbiamo costruito assieme alla CGIA\u201d. ESGgreen \u00e8 composto da un questionario on line che si suddivide in due capitoli: il primo, di carattere generale, interessa tutte le micro attivit\u00e0; il secondo, invece, \u00e8 declinato per settore. In questa fase sperimentale sono state prese in considerazione 4 aree produttive: il manifatturiero, i servizi alla persona, l\u2019edilizia e l\u2019alimentare. Il questionario che viene somministrato alle imprese \u00e8 composto da domande (aperte e chiuse) che sono di natura quantitativa e qualitativa. A ciascuna risposta corrisponde un punteggio che, al termine, d\u00e0 luogo a un risultato finale elaborato da IMQ eAmbiente Srl; quest\u2019ultimo fotografa il grado di sostenibilit\u00e0 di una micro impresa. Nel caso la valutazione ESG sia insufficiente, la CGIA, avvalendosi dei propri uffici tecnici, \u201caccompagner\u00e0\u201d l\u2019azienda in un percorso che, in tempi ragionevolmente brevi, gli consentir\u00e0 di superare la soglia minima di sostenibilit\u00e0.<\/p>\n<p>&nbsp;<\/p>\n<p>&nbsp;<\/p>\n<p>*******<\/p>\n","protected":false},"excerpt":{"rendered":"<p>MESTRE (VE) Ieri sera, presso il Centro Cardinale Urbani di Zelarino (Ve), l\u2019Assessore regionale alle Attivit\u00e0 produttive, Roberto Marcato, ha tenuto a battesimo ESGgreen, la prima piattaforma presente in Veneto in grado di valutare la sostenibilit\u00e0\u00a0\u00a0 ambientale, sociale e di governance delle piccole e micro imprese. Questo strumento \u00e8 stato messo a punto dalla CGIA&hellip;<\/p>\n","protected":false},"author":4,"featured_media":362778,"comment_status":"closed","ping_status":"closed","sticky":false,"template":"","format":"standard","meta":{"_monsterinsights_skip_tracking":false,"_monsterinsights_sitenote_active":false,"_monsterinsights_sitenote_note":"","_monsterinsights_sitenote_category":0,"footnotes":""},"categories":[51,49],"tags":[],"class_list":["post-362777","post","type-post","status-publish","format-standard","has-post-thumbnail","hentry","category-evidenza-top","category-news-18","category-51","category-49","description-off"],"img_url":"https:\/\/www.radiopiu.net\/wordpress\/wp-content\/uploads\/2023\/11\/Immagine-WhatsApp-2023-11-23-ore-07.14.35_b769f057.jpg","_links":{"self":[{"href":"https:\/\/www.radiopiu.net\/wordpress\/wp-json\/wp\/v2\/posts\/362777","targetHints":{"allow":["GET"]}}],"collection":[{"href":"https:\/\/www.radiopiu.net\/wordpress\/wp-json\/wp\/v2\/posts"}],"about":[{"href":"https:\/\/www.radiopiu.net\/wordpress\/wp-json\/wp\/v2\/types\/post"}],"author":[{"embeddable":true,"href":"https:\/\/www.radiopiu.net\/wordpress\/wp-json\/wp\/v2\/users\/4"}],"replies":[{"embeddable":true,"href":"https:\/\/www.radiopiu.net\/wordpress\/wp-json\/wp\/v2\/comments?post=362777"}],"version-history":[{"count":0,"href":"https:\/\/www.radiopiu.net\/wordpress\/wp-json\/wp\/v2\/posts\/362777\/revisions"}],"wp:featuredmedia":[{"embeddable":true,"href":"https:\/\/www.radiopiu.net\/wordpress\/wp-json\/wp\/v2\/media\/362778"}],"wp:attachment":[{"href":"https:\/\/www.radiopiu.net\/wordpress\/wp-json\/wp\/v2\/media?parent=362777"}],"wp:term":[{"taxonomy":"category","embeddable":true,"href":"https:\/\/www.radiopiu.net\/wordpress\/wp-json\/wp\/v2\/categories?post=362777"},{"taxonomy":"post_tag","embeddable":true,"href":"https:\/\/www.radiopiu.net\/wordpress\/wp-json\/wp\/v2\/tags?post=362777"}],"curies":[{"name":"wp","href":"https:\/\/api.w.org\/{rel}","templated":true}]}}