{"id":362782,"date":"2023-11-24T05:33:37","date_gmt":"2023-11-24T04:33:37","guid":{"rendered":"https:\/\/www.radiopiu.net\/wordpress\/?p=362782"},"modified":"2023-11-24T06:35:21","modified_gmt":"2023-11-24T05:35:21","slug":"interrogazione-di-massaro-su-taglio-corse-dolomitibus-contrasto-con-promesse-elettorali","status":"publish","type":"post","link":"https:\/\/www.radiopiu.net\/wordpress\/interrogazione-di-massaro-su-taglio-corse-dolomitibus-contrasto-con-promesse-elettorali\/","title":{"rendered":"&#8220;Interrogazione di Massaro su Taglio Corse Dolomitibus: Contrasto con Promesse Elettorali&#8221;"},"content":{"rendered":"<blockquote><p><em><strong>Il consigliere comunale Jacopo Massaro chiede spiegazioni all&#8217;Amministrazione sul drastico taglio di corse Dolomitibus, sottolineando la discordanza con gli impegni elettorali sulla mobilit\u00e0 e il collegamento con le frazioni.&#8221;<\/strong><\/em><\/p><\/blockquote>\n<p><strong><a class=\"dt-pswp-item\" href=\"https:\/\/www.radiopiu.net\/wordpress\/wp-content\/uploads\/2020\/12\/MASSARO-MALTEMPO.png\" data-dt-img-description=\"\" data-large_image_width=\"1494\" data-large_image_height=\"984\"><img loading=\"lazy\" decoding=\"async\" class=\"wp-image-177576 alignleft\" src=\"https:\/\/www.radiopiu.net\/wordpress\/wp-content\/uploads\/2020\/12\/MASSARO-MALTEMPO-300x198.png\" alt=\"\" width=\"198\" height=\"131\" srcset=\"https:\/\/www.radiopiu.net\/wordpress\/wp-content\/uploads\/2020\/12\/MASSARO-MALTEMPO-300x198.png 300w, https:\/\/www.radiopiu.net\/wordpress\/wp-content\/uploads\/2020\/12\/MASSARO-MALTEMPO-1024x674.png 1024w, https:\/\/www.radiopiu.net\/wordpress\/wp-content\/uploads\/2020\/12\/MASSARO-MALTEMPO-768x506.png 768w, https:\/\/www.radiopiu.net\/wordpress\/wp-content\/uploads\/2020\/12\/MASSARO-MALTEMPO.png 1494w\" sizes=\"auto, (max-width: 198px) 100vw, 198px\" \/><\/a>BELLUNO<\/strong> Il consigliere comunale Jacopo Massaro ha sollevato interrogativi sull&#8217;approvazione del taglio permanente di 58 corse di Dolomitibus, gran parte delle quali interessano la citt\u00e0 di Belluno. Massaro, basandosi sul programma elettorale del Sindaco De Pellegrin, ha sottolineato l&#8217;importanza del collegamento con le frazioni e la necessit\u00e0 di un&#8217;azione coordinata nella riorganizzazione della mobilit\u00e0 urbana. Tuttavia, Massaro ha evidenziato che non \u00e8 stato presentato lo studio promesso n\u00e9 sono stati organizzati momenti di confronto con gli abitanti. Ha denunciato il taglio di 22 corse urbane e 38 extraurbane, generando disservizi significativi, soprattutto nelle frazioni. Ha citato esempi concreti, come la cancellazione di corse importanti per studenti e lavoratori, evidenziando il mancato rispetto degli impegni elettorali. L&#8217;interrogazione comprende anche la soppressione di servizi durante la fiera di San Martino e l&#8217;abolizione della linea Nera per il Nevegal. Massaro ha chiesto chiarimenti sull&#8217;assemblea dell&#8217;ente di Governo per il trasporto pubblico locale che ha approvato i tagli, il voto espresso dal Comune di Belluno in tale assemblea, e perch\u00e9 non sia stato realizzato lo studio sulla mobilit\u00e0 promesso. Critiche sono state rivolte anche alla mancanza di confronto con gli abitanti prima dei tagli. L&#8217;interrogazione evidenzia la discordanza tra le azioni dell&#8217;Amministrazione e le promesse elettorali, sollevando importanti questioni sulla trasparenza e la partecipazione cittadina nelle decisioni di mobilit\u00e0.<\/p>\n<p>&nbsp;<\/p>\n<p><strong>JACOPO MASSARO<\/strong><\/p>\n<audio class=\"wp-audio-shortcode\" id=\"audio-362782-1\" preload=\"none\" style=\"width: 100%;\" controls=\"controls\"><source type=\"audio\/mpeg\" src=\"https:\/\/www.radiopiu.net\/wordpress\/wp-content\/uploads\/2023\/11\/MASSARO.mp3?_=1\" \/><a href=\"https:\/\/www.radiopiu.net\/wordpress\/wp-content\/uploads\/2023\/11\/MASSARO.mp3\">https:\/\/www.radiopiu.net\/wordpress\/wp-content\/uploads\/2023\/11\/MASSARO.mp3<\/a><\/audio>\n<p>&nbsp;<\/p>\n<p>___<\/p>\n","protected":false},"excerpt":{"rendered":"<p>Il consigliere comunale Jacopo Massaro chiede spiegazioni all&#8217;Amministrazione sul drastico taglio di corse Dolomitibus, sottolineando la discordanza con gli impegni elettorali sulla mobilit\u00e0 e il collegamento con le frazioni.&#8221; BELLUNO Il consigliere comunale Jacopo Massaro ha sollevato interrogativi sull&#8217;approvazione del taglio permanente di 58 corse di Dolomitibus, gran parte delle quali interessano la citt\u00e0 di&hellip;<\/p>\n","protected":false},"author":4,"featured_media":145518,"comment_status":"closed","ping_status":"closed","sticky":false,"template":"","format":"standard","meta":{"_monsterinsights_skip_tracking":false,"_monsterinsights_sitenote_active":false,"_monsterinsights_sitenote_note":"","_monsterinsights_sitenote_category":0,"footnotes":""},"categories":[51,49],"tags":[],"class_list":["post-362782","post","type-post","status-publish","format-standard","has-post-thumbnail","hentry","category-evidenza-top","category-news-18","category-51","category-49","description-off"],"img_url":"https:\/\/www.radiopiu.net\/wordpress\/wp-content\/uploads\/2020\/06\/9ecd9b94-d553-435b-93a2-c268918bc743.jpg","_links":{"self":[{"href":"https:\/\/www.radiopiu.net\/wordpress\/wp-json\/wp\/v2\/posts\/362782","targetHints":{"allow":["GET"]}}],"collection":[{"href":"https:\/\/www.radiopiu.net\/wordpress\/wp-json\/wp\/v2\/posts"}],"about":[{"href":"https:\/\/www.radiopiu.net\/wordpress\/wp-json\/wp\/v2\/types\/post"}],"author":[{"embeddable":true,"href":"https:\/\/www.radiopiu.net\/wordpress\/wp-json\/wp\/v2\/users\/4"}],"replies":[{"embeddable":true,"href":"https:\/\/www.radiopiu.net\/wordpress\/wp-json\/wp\/v2\/comments?post=362782"}],"version-history":[{"count":0,"href":"https:\/\/www.radiopiu.net\/wordpress\/wp-json\/wp\/v2\/posts\/362782\/revisions"}],"wp:featuredmedia":[{"embeddable":true,"href":"https:\/\/www.radiopiu.net\/wordpress\/wp-json\/wp\/v2\/media\/145518"}],"wp:attachment":[{"href":"https:\/\/www.radiopiu.net\/wordpress\/wp-json\/wp\/v2\/media?parent=362782"}],"wp:term":[{"taxonomy":"category","embeddable":true,"href":"https:\/\/www.radiopiu.net\/wordpress\/wp-json\/wp\/v2\/categories?post=362782"},{"taxonomy":"post_tag","embeddable":true,"href":"https:\/\/www.radiopiu.net\/wordpress\/wp-json\/wp\/v2\/tags?post=362782"}],"curies":[{"name":"wp","href":"https:\/\/api.w.org\/{rel}","templated":true}]}}