{"id":362836,"date":"2023-11-24T05:38:10","date_gmt":"2023-11-24T04:38:10","guid":{"rendered":"https:\/\/www.radiopiu.net\/wordpress\/?p=362836"},"modified":"2023-11-24T07:11:01","modified_gmt":"2023-11-24T06:11:01","slug":"luomo-investito-a-formegan-non-e-in-pericolo-di-vita","status":"publish","type":"post","link":"https:\/\/www.radiopiu.net\/wordpress\/luomo-investito-a-formegan-non-e-in-pericolo-di-vita\/","title":{"rendered":"L&#8217;UOMO INVESTITO A FORMEGAN NON E&#8217; IN PERICOLO DI VITA"},"content":{"rendered":"<p>***<\/p>\n<p>&nbsp;<\/p>\n<p><strong><img loading=\"lazy\" decoding=\"async\" class=\"alignleft\" src=\"https:\/\/www.radiopiu.net\/wordpress\/wp-content\/uploads\/2021\/12\/ambulanze-4.jpeg\" width=\"151\" height=\"113\" \/>BELLUNO<\/strong> Nelle ultime ore, due incidenti hanno scosso la tranquillit\u00e0 di Cesa di Limana e Formegan. A Cesa di Limana, un uomo di 70 anni \u00e8 stato coinvolto in un incidente stradale, riportando fortunatamente solo ferite leggere. L&#8217;anziano, il cui nome non \u00e8 stato reso pubblico, \u00e8 stato prontamente soccorso e trasportato all&#8217;ospedale locale per accertamenti medici. La dinamica dell&#8217;incidente \u00e8 ancora oggetto di indagine da parte delle autorit\u00e0 competenti. A Formegan, la situazione \u00e8 stata pi\u00f9 critica per un uomo di 68 anni di San Gregorio nelle Alpi, coinvolto in un altro incidente. La vittima\u00a0 \u00e8 stata investita e ha riportato ferite di media gravit\u00e0. I soccorsi sono intervenuti prontamente, trasportando\u00a0 l&#8217;uomo al San Martino di Belluno per ricevere le cure necessarie. Le autorit\u00e0 stanno indagando per determinare le cause esatte degli incidenti.<\/p>\n<p>A Formegan, vicino al passaggio a livello sulla statale 50. Un pensionato di 68 anni \u00e8 stato investito da una Fiat Punto mentre attraversava la strada vicino alle strisce pedonali. L&#8217;impatto \u00e8 stato violento, causando fratture multiple. Gli amici e i residenti sono intervenuti immediatamente, chiamando i soccorsi. I soccorsi sono stati tempestivi, con l&#8217;arrivo dell&#8217;auto medica del Suem 118 e dell&#8217;ambulanza del gruppo Vola di Santa Giustina. Il pensionato \u00e8 stato trasportato al Pronto Soccorso dell&#8217;ospedale di Feltre, dove \u00e8 stato sottoposto a accertamenti approfonditi e a una Tac. Successivamente, \u00e8 stato ricoverato nel reparto di Ortopedia a causa delle fratture. I carabinieri della compagnia di Feltre sono intervenuti per effettuare i rilievi e raccogliere testimonianze sulla dinamica dell&#8217;incidente. Nel frattempo, lungo la statale 50 a Santa Giustina, si sono verificate ripercussioni pesanti con lunghe colonne in entrambe le direzioni. L&#8217;incidente ha riacceso le preoccupazioni dei residenti di Formegan riguardo alla sicurezza del paese a causa del traffico deviato sulla vecchia via Nazionale, dovuto alla chiusura del cavalcaferrovia. Il cantiere di rifacimento del cavalcaferrovia procede, ma le istituzioni puntano sulla chiusura della linea ferroviaria Belluno &#8211; Feltre con l&#8217;uso di bus sostitutivi per evitare le continue chiusure del passaggio a livello. Il sindaco Ivan Minella ha espresso preoccupazione e ha sollecitato interventi da parte delle autorit\u00e0 competenti, sottolineando che la situazione non dipende direttamente dall&#8217;amministrazione comunale.<\/p>\n<div class=\"flex-1 overflow-hidden\">\n<div class=\"react-scroll-to-bottom--css-rhbeh-79elbk h-full\">\n<div class=\"react-scroll-to-bottom--css-rhbeh-1n7m0yu\">\n<div class=\"flex flex-col text-sm gizmo:pb-9 dark:bg-gray-800 gizmo:dark:bg-transparent\">\n<div class=\"w-full text-token-text-primary border-b border-black\/10 gizmo:border-0 dark:border-gray-900\/50 gizmo:dark:border-0 bg-gray-50 gizmo:bg-transparent dark:bg-[#444654] gizmo:dark:bg-transparent\" data-testid=\"conversation-turn-3\">\n<div class=\"p-4 gizmo:py-2 justify-center text-base md:gap-6 md:py-6 m-auto\">\n<div class=\"flex flex-1 gap-4 text-base mx-auto md:gap-6 gizmo:gap-3 gizmo:md:px-5 gizmo:lg:px-1 gizmo:xl:px-5 md:max-w-2xl lg:max-w-[38rem] gizmo:md:max-w-3xl gizmo:lg:max-w-[40rem] gizmo:xl:max-w-[48rem] xl:max-w-3xl } group final-completion\">\n<div class=\"relative flex w-[calc(100%-50px)] flex-col gizmo:w-full lg:w-[calc(100%-115px)] agent-turn\">\n<div class=\"flex-col gap-1 md:gap-3\">\n<div class=\"flex justify-between empty:hidden gizmo:mt-1 gizmo:justify-start gizmo:gap-3 lg:block gizmo:lg:flex\"><\/div>\n<\/div>\n<\/div>\n<\/div>\n<\/div>\n<\/div>\n<\/div>\n<\/div>\n<\/div>\n<\/div>\n<p>&nbsp;<\/p>\n<p>&nbsp;<\/p>\n<p>__<\/p>\n","protected":false},"excerpt":{"rendered":"<p>*** &nbsp; BELLUNO Nelle ultime ore, due incidenti hanno scosso la tranquillit\u00e0 di Cesa di Limana e Formegan. A Cesa di Limana, un uomo di 70 anni \u00e8 stato coinvolto in un incidente stradale, riportando fortunatamente solo ferite leggere. L&#8217;anziano, il cui nome non \u00e8 stato reso pubblico, \u00e8 stato prontamente soccorso e trasportato all&#8217;ospedale&hellip;<\/p>\n","protected":false},"author":4,"featured_media":250919,"comment_status":"closed","ping_status":"closed","sticky":false,"template":"","format":"standard","meta":{"_monsterinsights_skip_tracking":false,"_monsterinsights_sitenote_active":false,"_monsterinsights_sitenote_note":"","_monsterinsights_sitenote_category":0,"footnotes":""},"categories":[51,49],"tags":[],"class_list":["post-362836","post","type-post","status-publish","format-standard","has-post-thumbnail","hentry","category-evidenza-top","category-news-18","category-51","category-49","description-off"],"img_url":"https:\/\/www.radiopiu.net\/wordpress\/wp-content\/uploads\/2021\/12\/ambulanze-4.jpeg","_links":{"self":[{"href":"https:\/\/www.radiopiu.net\/wordpress\/wp-json\/wp\/v2\/posts\/362836","targetHints":{"allow":["GET"]}}],"collection":[{"href":"https:\/\/www.radiopiu.net\/wordpress\/wp-json\/wp\/v2\/posts"}],"about":[{"href":"https:\/\/www.radiopiu.net\/wordpress\/wp-json\/wp\/v2\/types\/post"}],"author":[{"embeddable":true,"href":"https:\/\/www.radiopiu.net\/wordpress\/wp-json\/wp\/v2\/users\/4"}],"replies":[{"embeddable":true,"href":"https:\/\/www.radiopiu.net\/wordpress\/wp-json\/wp\/v2\/comments?post=362836"}],"version-history":[{"count":0,"href":"https:\/\/www.radiopiu.net\/wordpress\/wp-json\/wp\/v2\/posts\/362836\/revisions"}],"wp:featuredmedia":[{"embeddable":true,"href":"https:\/\/www.radiopiu.net\/wordpress\/wp-json\/wp\/v2\/media\/250919"}],"wp:attachment":[{"href":"https:\/\/www.radiopiu.net\/wordpress\/wp-json\/wp\/v2\/media?parent=362836"}],"wp:term":[{"taxonomy":"category","embeddable":true,"href":"https:\/\/www.radiopiu.net\/wordpress\/wp-json\/wp\/v2\/categories?post=362836"},{"taxonomy":"post_tag","embeddable":true,"href":"https:\/\/www.radiopiu.net\/wordpress\/wp-json\/wp\/v2\/tags?post=362836"}],"curies":[{"name":"wp","href":"https:\/\/api.w.org\/{rel}","templated":true}]}}