{"id":362871,"date":"2023-11-24T05:39:43","date_gmt":"2023-11-24T04:39:43","guid":{"rendered":"https:\/\/www.radiopiu.net\/wordpress\/?p=362871"},"modified":"2023-11-24T06:32:43","modified_gmt":"2023-11-24T05:32:43","slug":"codice-rosso-a-feltre-provvedimento-contro-padre-di-famiglia-per-maltrattamenti-alla-coniuge","status":"publish","type":"post","link":"https:\/\/www.radiopiu.net\/wordpress\/codice-rosso-a-feltre-provvedimento-contro-padre-di-famiglia-per-maltrattamenti-alla-coniuge\/","title":{"rendered":"Codice Rosso a Feltre: Provvedimento contro Padre di Famiglia per Maltrattamenti alla Coniuge"},"content":{"rendered":"<p><strong>OGGI SUL CORRIERE DELLE ALPI<\/strong><\/p>\n<p><strong>DI GIGI SOSSO<\/strong><\/p>\n<div class=\"w-full text-token-text-primary border-b border-black\/10 gizmo:border-0 dark:border-gray-900\/50 gizmo:dark:border-0 bg-gray-50 gizmo:bg-transparent dark:bg-[#444654] gizmo:dark:bg-transparent\" data-testid=\"conversation-turn-7\">\n<div class=\"p-4 gizmo:py-2 justify-center text-base md:gap-6 md:py-6 m-auto\">\n<div class=\"flex flex-1 gap-4 text-base mx-auto md:gap-6 gizmo:gap-3 gizmo:md:px-5 gizmo:lg:px-1 gizmo:xl:px-5 md:max-w-2xl lg:max-w-[38rem] gizmo:md:max-w-3xl gizmo:lg:max-w-[40rem] gizmo:xl:max-w-[48rem] xl:max-w-3xl } group\">\n<div class=\"relative flex w-[calc(100%-50px)] flex-col gizmo:w-full lg:w-[calc(100%-115px)] agent-turn\">\n<div class=\"flex-col gap-1 md:gap-3\">\n<div class=\"flex flex-grow flex-col max-w-full gap-3 gizmo:gap-0\">\n<div class=\"min-h-[20px] text-message flex flex-col items-start gap-3 whitespace-pre-wrap break-words [.text-message+&amp;]:mt-5 overflow-x-auto\" data-message-author-role=\"assistant\" data-message-id=\"fc6e8b7a-fa03-4051-952e-2b45d8e72eff\">\n<div class=\"markdown prose w-full break-words dark:prose-invert dark\">\n<p><strong><img loading=\"lazy\" decoding=\"async\" class=\"alignleft\" src=\"https:\/\/www.radiopiu.net\/wordpress\/wp-content\/uploads\/2018\/04\/GENERE-VIOLENZA.jpg\" width=\"150\" height=\"145\" \/>FELTRE<\/strong> Il caso riportato dal Corriere delle Alpi riguarda un uomo residente a Feltre coinvolto in un caso di maltrattamenti alla coniuge. Il giudice per le indagini preliminari, Enrica Marson, ha emesso un provvedimento che impone al soggetto il divieto di contatto con la moglie, l&#8217;obbligo di mantenere una distanza di almeno 300 metri e di non frequentare il suo posto di lavoro, salvo autorizzazione della magistratura. I carabinieri di via Montegrappa dovranno verificare l&#8217;osservanza scrupolosa di tali restrizioni, altrimenti l&#8217;uomo rischia l&#8217;incarcerazione. Nonostante non sia stato arrestato, l&#8217;uomo, padre di tre figli, potrebbe affrontare gravi conseguenze legali, inclusa la possibilit\u00e0 di finire in carcere. L&#8217;individuo ha dovuto trovare un&#8217;altra sistemazione e sar\u00e0 sottoposto a interrogatorio per esporre la sua versione dei fatti. La Procura di Belluno contesta reati di maltrattamenti in famiglia e lesioni, con la necessit\u00e0 che tali abusi siano prolungati nel tempo. La coppia, di nazionalit\u00e0 non italiana ma residente a Feltre da tempo, ha vissuto episodi di violenza sia psicologica che fisica, culminati in interventi del Pronto Soccorso dell&#8217;ospedale Santa Maria del Prato di Feltre. Il caso \u00e8 gestito secondo il Codice rosso, il quale protegge le vittime di violenza domestica e di genere. L&#8217;avvocato difensore Davide Fent \u00e8 coinvolto nella situazione, mentre l&#8217;indagato avr\u00e0 la possibilit\u00e0 di fornire la propria ricostruzione durante l&#8217;interrogatorio. Il procedimento, caratterizzato dal segreto istruttorio, potrebbe richiedere tempo, con le indagini preliminari che proseguiranno fino all&#8217;avviso di garanzia e alla successiva richiesta di rinvio a giudizio.<\/p>\n<\/div>\n<\/div>\n<p>&nbsp;<\/p>\n<p>&nbsp;<\/p>\n<hr \/>\n<blockquote>\n<h3><\/h3>\n<h3>LA SENTENZA, PATTEGGIA PER AVER SEQUESTRATO L&#8217;AMICA, LA DONNA &#8220;HO ANCORA PAURA DI LUI&#8221;<\/h3>\n<\/blockquote>\n<p><strong><a class=\"dt-pswp-item\" href=\"https:\/\/www.radiopiu.net\/wordpress\/wp-content\/uploads\/2020\/11\/giornata-contro-violenze-seulle-donne.jpg\" data-dt-img-description=\"\" data-large_image_width=\"900\" data-large_image_height=\"615\"><img loading=\"lazy\" decoding=\"async\" class=\"wp-image-174832 alignleft\" src=\"https:\/\/www.radiopiu.net\/wordpress\/wp-content\/uploads\/2020\/11\/giornata-contro-violenze-seulle-donne-300x205.jpg\" alt=\"\" width=\"169\" height=\"115\" srcset=\"https:\/\/www.radiopiu.net\/wordpress\/wp-content\/uploads\/2020\/11\/giornata-contro-violenze-seulle-donne-300x205.jpg 300w, https:\/\/www.radiopiu.net\/wordpress\/wp-content\/uploads\/2020\/11\/giornata-contro-violenze-seulle-donne-768x525.jpg 768w, https:\/\/www.radiopiu.net\/wordpress\/wp-content\/uploads\/2020\/11\/giornata-contro-violenze-seulle-donne.jpg 900w\" sizes=\"auto, (max-width: 169px) 100vw, 169px\" \/><\/a>FELTRE<\/strong> Il Corriere delle Alpi riporta che A.L., 31 anni, residente in provincia di Treviso, \u00e8 stato arrestato per aver sequestrato e picchiato una donna a Feltre nel corso di un fine settimana. La vittima, che ha deciso di lasciare la regione per paura di lui, non si \u00e8 costituita parte civile durante l&#8217;udienza in camera di consiglio. L&#8217;avvocato di fiducia, Enrico Rech, ha dichiarato che la donna non ha ricevuto mandato per avviare una causa civile contro l&#8217;uomo, indicando che il suo interesse era la condanna dell&#8217;aggressore e non il risarcimento danni. La vicenda, iniziata con una presunta amicizia tra i due, si \u00e8 evoluta in una situazione di tormento da parte dell&#8217;uomo, culminando nel sequestro e nelle violenze nell&#8217;abitazione di Feltre. La polizia \u00e8 intervenuta dopo che la vittima si \u00e8 liberata e ha raggiunto l&#8217;ospedale di Feltre. L&#8217;arresto \u00e8 avvenuto poche ore dopo l&#8217;aggressione e la misura cautelare \u00e8 stata convalidata dal giudice Elisabetta Scolozzi. La condanna \u00e8 giunta poco pi\u00f9 di un anno dopo l&#8217;accaduto.<\/p>\n<p>&#8211;<\/p>\n<\/div>\n<\/div>\n<\/div>\n<\/div>\n<\/div>\n<\/div>\n","protected":false},"excerpt":{"rendered":"<p>OGGI SUL CORRIERE DELLE ALPI DI GIGI SOSSO FELTRE Il caso riportato dal Corriere delle Alpi riguarda un uomo residente a Feltre coinvolto in un caso di maltrattamenti alla coniuge. Il giudice per le indagini preliminari, Enrica Marson, ha emesso un provvedimento che impone al soggetto il divieto di contatto con la moglie, l&#8217;obbligo di&hellip;<\/p>\n","protected":false},"author":4,"featured_media":232453,"comment_status":"closed","ping_status":"closed","sticky":false,"template":"","format":"standard","meta":{"_monsterinsights_skip_tracking":false,"_monsterinsights_sitenote_active":false,"_monsterinsights_sitenote_note":"","_monsterinsights_sitenote_category":0,"footnotes":""},"categories":[51,49],"tags":[],"class_list":["post-362871","post","type-post","status-publish","format-standard","has-post-thumbnail","hentry","category-evidenza-top","category-news-18","category-51","category-49","description-off"],"img_url":"https:\/\/www.radiopiu.net\/wordpress\/wp-content\/uploads\/2021\/09\/tribunale-belluno.jpg","_links":{"self":[{"href":"https:\/\/www.radiopiu.net\/wordpress\/wp-json\/wp\/v2\/posts\/362871","targetHints":{"allow":["GET"]}}],"collection":[{"href":"https:\/\/www.radiopiu.net\/wordpress\/wp-json\/wp\/v2\/posts"}],"about":[{"href":"https:\/\/www.radiopiu.net\/wordpress\/wp-json\/wp\/v2\/types\/post"}],"author":[{"embeddable":true,"href":"https:\/\/www.radiopiu.net\/wordpress\/wp-json\/wp\/v2\/users\/4"}],"replies":[{"embeddable":true,"href":"https:\/\/www.radiopiu.net\/wordpress\/wp-json\/wp\/v2\/comments?post=362871"}],"version-history":[{"count":0,"href":"https:\/\/www.radiopiu.net\/wordpress\/wp-json\/wp\/v2\/posts\/362871\/revisions"}],"wp:featuredmedia":[{"embeddable":true,"href":"https:\/\/www.radiopiu.net\/wordpress\/wp-json\/wp\/v2\/media\/232453"}],"wp:attachment":[{"href":"https:\/\/www.radiopiu.net\/wordpress\/wp-json\/wp\/v2\/media?parent=362871"}],"wp:term":[{"taxonomy":"category","embeddable":true,"href":"https:\/\/www.radiopiu.net\/wordpress\/wp-json\/wp\/v2\/categories?post=362871"},{"taxonomy":"post_tag","embeddable":true,"href":"https:\/\/www.radiopiu.net\/wordpress\/wp-json\/wp\/v2\/tags?post=362871"}],"curies":[{"name":"wp","href":"https:\/\/api.w.org\/{rel}","templated":true}]}}