{"id":362886,"date":"2023-11-24T07:08:49","date_gmt":"2023-11-24T06:08:49","guid":{"rendered":"https:\/\/www.radiopiu.net\/wordpress\/?p=362886"},"modified":"2023-11-24T08:46:08","modified_gmt":"2023-11-24T07:46:08","slug":"ennesima-delusione-dalla-politica-che-conta-reponsabilita-anche-bellunese-e-feltrina","status":"publish","type":"post","link":"https:\/\/www.radiopiu.net\/wordpress\/ennesima-delusione-dalla-politica-che-conta-reponsabilita-anche-bellunese-e-feltrina\/","title":{"rendered":"ENNESIMA DELUSIONE DALLA POLITICA CHE CONTA, REPONSABILITA&#8217; ANCHE BELLUNESE E FELTRINA"},"content":{"rendered":"<p><strong><img loading=\"lazy\" decoding=\"async\" class=\"alignleft\" src=\"https:\/\/www.radiopiu.net\/wordpress\/wp-content\/uploads\/2023\/05\/mm-ss.jpg\" width=\"298\" height=\"166\" \/>SANITA<\/strong>&#8216; Mancano medici, le aree piu&#8217; in crisi Agordino e Comelico, ovviamente come sempre le terre alte, lontano da Roma e Venezia, ma anche dal centro della Provincia<\/p>\n<p>&nbsp;<\/p>\n<p>E chi era in politica? Senatori e Deputati bellunesi e feltrini,\u00a0 \u00a0allora era stato anche chiesto un incontro\u00a0 a uno di loro per sollevare il problema, ma il politico, oggi tra l&#8217;altro con altri prestigiosi e remunerati incarichi, aveva fatto spallucce e chi lo aveva interrogato \u00e8 rimasto senza risposte.\u00a0 Oggi i politici votati allora dai bellunesi, paghi di un corposo vitalizio, rischiano di non trovare medici quando avranno bisogno Quindi dov&#8217;erano quando era da sbloccare le liste di iscrizione ai corsi Universitari? Hanno dormito per bene sui loro allori e ora si prendano le loro responsabilit\u00e0 la mancanza dei medici \u00e8 anche colpa loro, i giovani di ieri che non hanno potuto frequentare l&#8217;Universit\u00e0,\u00a0 magari sono\u00a0 finiti in fabbrica o all&#8217;estero.<\/p>\n<div class=\"entry-header\">\n<blockquote>\n<h1><\/h1>\n<\/blockquote>\n<\/div>\n<p>___<\/p>\n","protected":false},"excerpt":{"rendered":"<p>SANITA&#8216; Mancano medici, le aree piu&#8217; in crisi Agordino e Comelico, ovviamente come sempre le terre alte, lontano da Roma e Venezia, ma anche dal centro della Provincia &nbsp; E chi era in politica? Senatori e Deputati bellunesi e feltrini,\u00a0 \u00a0allora era stato anche chiesto un incontro\u00a0 a uno di loro per sollevare il problema,&hellip;<\/p>\n","protected":false},"author":4,"featured_media":336923,"comment_status":"closed","ping_status":"closed","sticky":false,"template":"","format":"standard","meta":{"_monsterinsights_skip_tracking":false,"_monsterinsights_sitenote_active":false,"_monsterinsights_sitenote_note":"","_monsterinsights_sitenote_category":0,"footnotes":""},"categories":[49],"tags":[],"class_list":["post-362886","post","type-post","status-publish","format-standard","has-post-thumbnail","hentry","category-news-18","category-49","description-off"],"img_url":"https:\/\/www.radiopiu.net\/wordpress\/wp-content\/uploads\/2023\/05\/mm-ss.jpg","_links":{"self":[{"href":"https:\/\/www.radiopiu.net\/wordpress\/wp-json\/wp\/v2\/posts\/362886","targetHints":{"allow":["GET"]}}],"collection":[{"href":"https:\/\/www.radiopiu.net\/wordpress\/wp-json\/wp\/v2\/posts"}],"about":[{"href":"https:\/\/www.radiopiu.net\/wordpress\/wp-json\/wp\/v2\/types\/post"}],"author":[{"embeddable":true,"href":"https:\/\/www.radiopiu.net\/wordpress\/wp-json\/wp\/v2\/users\/4"}],"replies":[{"embeddable":true,"href":"https:\/\/www.radiopiu.net\/wordpress\/wp-json\/wp\/v2\/comments?post=362886"}],"version-history":[{"count":0,"href":"https:\/\/www.radiopiu.net\/wordpress\/wp-json\/wp\/v2\/posts\/362886\/revisions"}],"wp:featuredmedia":[{"embeddable":true,"href":"https:\/\/www.radiopiu.net\/wordpress\/wp-json\/wp\/v2\/media\/336923"}],"wp:attachment":[{"href":"https:\/\/www.radiopiu.net\/wordpress\/wp-json\/wp\/v2\/media?parent=362886"}],"wp:term":[{"taxonomy":"category","embeddable":true,"href":"https:\/\/www.radiopiu.net\/wordpress\/wp-json\/wp\/v2\/categories?post=362886"},{"taxonomy":"post_tag","embeddable":true,"href":"https:\/\/www.radiopiu.net\/wordpress\/wp-json\/wp\/v2\/tags?post=362886"}],"curies":[{"name":"wp","href":"https:\/\/api.w.org\/{rel}","templated":true}]}}