{"id":362906,"date":"2023-11-25T06:01:34","date_gmt":"2023-11-25T05:01:34","guid":{"rendered":"https:\/\/www.radiopiu.net\/wordpress\/?p=362906"},"modified":"2023-11-25T09:35:22","modified_gmt":"2023-11-25T08:35:22","slug":"giornale-radiopiu-25-novembre-2023-direttore-mirko-mezzacasada-40-anni-25-giugno-1983-25-giugno-2023","status":"publish","type":"post","link":"https:\/\/www.radiopiu.net\/wordpress\/giornale-radiopiu-25-novembre-2023-direttore-mirko-mezzacasada-40-anni-25-giugno-1983-25-giugno-2023\/","title":{"rendered":"GIORNALE RADIOPIU 25 NOVEMBRE 2023 DIRETTORE MIRKO MEZZACASA\u2026DA 40 ANNI 25 GIUGNO 1983-25 GIUGNO 2023"},"content":{"rendered":"<p>*****<\/p>\n<p>&nbsp;<\/p>\n<blockquote>\n<h1>ADA: Perch\u00e9 il messaggio deve essere assordante e girare ovunque &#8211; video &#8211;<\/h1>\n<p><span style=\"color: #ff0000;\"><strong>25 novembre 2023<\/strong><\/span><\/p>\n<p><iframe loading=\"lazy\" title=\"Perch\u00e9  il messaggio deve essere assordante e girare ovunque - video -\" width=\"1200\" height=\"675\" src=\"https:\/\/www.youtube.com\/embed\/djyKhzNKjkc?feature=oembed\" frameborder=\"0\" allow=\"accelerometer; autoplay; clipboard-write; encrypted-media; gyroscope; picture-in-picture; web-share\" allowfullscreen><\/iframe><\/p>\n<p>&nbsp;<\/p><\/blockquote>\n<p>&nbsp;<\/p>\n<h1 class=\"entry-title photoswipe-wrapper\">40esimo di RADIOPIU\u2026. LA VOCE DELL\u2019EMOZIONE<\/h1>\n<h2><span style=\"color: #ff0000;\">ISCRIVITI AL NOSTRO CANALE\u00a0\u00a0YOUTUBE PER SEGUIRE IN DIRETTA I PRINCIPALI PROGRAMMI DI RADIO PIU\u2019 E LE FUTURE DIRETTE IN ESTERNA. PER ISCRIVERTI <a style=\"color: #ff0000;\" href=\"https:\/\/youtube.com\/@radiopiu1527\">CLICCA QUI\u00a0<\/a>E PREMI\u00a0 \u201cIscriviti\u201d<\/span><\/h2>\n<p>&nbsp;<\/p>\n<hr \/>\n<p><img loading=\"lazy\" decoding=\"async\" class=\"aligncenter\" src=\"https:\/\/www.radiopiu.net\/wordpress\/wp-content\/uploads\/2021\/02\/RADIO-A-VALVOLE.jpg\" width=\"340\" height=\"213\" \/><\/p>\n<p><span style=\"color: #ff0000;\">\u00a0 <\/span><\/p>\n<p><span style=\"color: #ff0000;\">\u00a0<\/span><\/p>\n<blockquote>\n<h1><span style=\"color: #ff0000;\">ULTIM&#8217;ORA&#8230;. DILLO A RADIO PIU&#8217;&#8230;. SETTE DEL MATTINO A PIEDI<br \/>\n<\/span><\/h1>\n<h1><span style=\"color: #ff0000;\"><span style=\"color: #000000;\">&#8220;oggi la corriera delle 6.40 a Colle Santa lucia, diretta a Cencenighe non\u00a0 si \u00e8 vista senza alcun preavviso. Mia figlia doveva andare a scuola a Falcade ed \u00e8 ancora in giro per strada. Poi la sorpresa, un&#8217;ora dopo con 1 centimetro di neve, \u00e8 passato il pullman e&#8230;ha tirato diritto. Mia figlia \u00e8 rimasta sempre a piedi e attende l&#8217;altro pullman per scendere a Caprile&#8230;&#8221;<\/span><\/span><\/h1>\n<p>&nbsp;<\/p>\n<h1><span style=\"color: #ff0000;\">\u00a0<\/span><\/h1>\n<\/blockquote>\n<p><span style=\"color: #ff0000;\">i podcast informativi del mattino<\/span><\/p>\n<p><strong><a class=\"dt-pswp-item\" href=\"https:\/\/www.radiopiu.net\/wordpress\/wp-content\/uploads\/2023\/11\/th-10.jpg\" data-dt-img-description=\"\" data-large_image_width=\"320\" data-large_image_height=\"180\"><img loading=\"lazy\" decoding=\"async\" class=\"wp-image-362866 alignleft\" src=\"https:\/\/www.radiopiu.net\/wordpress\/wp-content\/uploads\/2023\/11\/th-10-300x169.jpg\" alt=\"\" width=\"185\" height=\"104\" srcset=\"https:\/\/www.radiopiu.net\/wordpress\/wp-content\/uploads\/2023\/11\/th-10-300x169.jpg 300w, https:\/\/www.radiopiu.net\/wordpress\/wp-content\/uploads\/2023\/11\/th-10.jpg 320w\" sizes=\"auto, (max-width: 185px) 100vw, 185px\" \/><\/a>LA RASSEGNA STAMPA NAZIONALE ALLA RADIO, OGNI GIORNO ALLE 5 E ALLE 6 DEL MATTINO <span style=\"color: #0000ff;\">viene pubblicata alle 6.00 <span style=\"color: #ff0000;\">DIRETTA RADIO\u00a0<\/span><\/span><\/strong><\/p>\n<p><strong>I titoli principali:<\/strong><\/p>\n<audio class=\"wp-audio-shortcode\" id=\"audio-362906-1\" preload=\"none\" style=\"width: 100%;\" controls=\"controls\"><source type=\"audio\/mpeg\" src=\"https:\/\/www.radiopiu.net\/wordpress\/wp-content\/uploads\/2023\/11\/GIORNALEDELLESEI-8.mp3?_=1\" \/><a href=\"https:\/\/www.radiopiu.net\/wordpress\/wp-content\/uploads\/2023\/11\/GIORNALEDELLESEI-8.mp3\">https:\/\/www.radiopiu.net\/wordpress\/wp-content\/uploads\/2023\/11\/GIORNALEDELLESEI-8.mp3<\/a><\/audio>\n<p><strong>\u00a0\u00a0<\/strong><\/p>\n<p>&nbsp;<\/p>\n<p><strong>GIORNALE RADIO NAZIONALE, EDIZIONE DELLE SETTE <span style=\"color: #0000ff;\">viene pubblicato alle 7.05 <span style=\"color: #ff0000;\">DIRETTA RADIO<\/span><\/span><\/strong><\/p>\n<audio class=\"wp-audio-shortcode\" id=\"audio-362906-2\" preload=\"none\" style=\"width: 100%;\" controls=\"controls\"><source type=\"audio\/mpeg\" src=\"https:\/\/www.radiopiu.net\/wordpress\/wp-content\/uploads\/2023\/11\/giornale07-8.mp3?_=2\" \/><a href=\"https:\/\/www.radiopiu.net\/wordpress\/wp-content\/uploads\/2023\/11\/giornale07-8.mp3\">https:\/\/www.radiopiu.net\/wordpress\/wp-content\/uploads\/2023\/11\/giornale07-8.mp3<\/a><\/audio>\n<p>&nbsp;<\/p>\n<p>&nbsp;<\/p>\n<blockquote>\n<h2><strong>RASSEGNA STAMPA LOCALE, ORE OTTO <span style=\"color: #0000ff;\">viene pubblicata alle 8.05 <span style=\"color: #ff0000;\">DIRETTA RADIO<\/span><\/span><\/strong><\/h2>\n<\/blockquote>\n<p>&nbsp;<\/p>\n<p><strong>BELLUNO<\/strong> Limana, Quero, Vas e Rocca Pietore, guidano la classifica regionale di Legambiente. Sono i comuni pi\u00f9 ricicloni. Nel report\u00a0 San Gregorio nelle Alpi primeggia tra i comuni rifiuti free<\/p>\n<p><strong>FORMEGAN<\/strong> Finalmente qualcuno dotato di buon senso. Niente treni per un mese tra Feltre e Belluno, ma autobus sostitutivi, a Formegan la gente &#8220;respira&#8221; senza treni il passaggio a livello rimane aperto, basta code e &#8230; incidenti.<\/p>\n<p><strong>ZOLDO<\/strong> Fusione delle scuole? Non se ne parla proprio. Insegnanti, sindacati, cittadini pronti alla protesa, oggi alle 12 la manifestazione a Forno di Zoldo<\/p>\n<p><strong>QUERO<\/strong> Per i sindaci Altelox va portata in Triubunale dopo la discesa in campo contro gli autovelox. <em>&#8220;Dobbiamo tutelare la nostra immagine verso chi ha oltrepassato il lecito con diffamazione, quereleremo il sodalizio&#8221;.<\/em><\/p>\n<h1><span style=\"color: #ff0000;\"><strong>VIDEO IN DIRETTA, DALLE OTTO DEL MATTINO\u00a0<\/strong><\/span><\/h1>\n<p><iframe loading=\"lazy\" title=\"DAL 1983 L&#039;ORIGINALE, LA RASSEGNA STAMPA LOCALE DI MIRKO MEZZACASA, E ALLE SETTE LE ANTICIPAZIONI NE\" width=\"1200\" height=\"675\" src=\"https:\/\/www.youtube.com\/embed\/eHkYKaVZOPs?feature=oembed\" frameborder=\"0\" allow=\"accelerometer; autoplay; clipboard-write; encrypted-media; gyroscope; picture-in-picture; web-share\" allowfullscreen><\/iframe><\/p>\n<p>&nbsp;<\/p>\n<p>&nbsp;<\/p>\n<p>&nbsp;<\/p>\n<hr \/>\n<div class=\"page-title-head hgroup\">\n<blockquote>\n<h3 class=\"entry-title\"><\/h3>\n<h3 class=\"entry-title\">SAN TOMASO : ABBONATI ALL\u2019INQUINAMENTO DELLE ACQUE.<\/h3>\n<\/blockquote>\n<\/div>\n<p><strong><img loading=\"lazy\" decoding=\"async\" class=\"alignleft\" src=\"https:\/\/www.radiopiu.net\/wordpress\/wp-content\/uploads\/2021\/06\/th-12.jpg\" width=\"159\" height=\"106\" \/><br \/>\n<\/strong><\/p>\n<p class=\"page-title-head hgroup\"><strong>SAN TOMASO<\/strong> Gestione Servizi Pubblici informa che a SAN TOMASO AGORDINO nelle localit\u00e0 PIANEZZE, VALLATA, VAL, MEZZAVALLE, COSTA DI MEZZO E PIAN MOLIN l&#8217;acqua erogata dall&#8217;acquedotto non \u00e8 potabile e non pu\u00f2 essere usata per scopi alimentari. Verr\u00e0 effettuato servizio sostitutivo con autobotte in localit\u00e0 PIAN MOLIN presso Ecocentro.<\/p>\n<p>&nbsp;<\/p>\n<hr \/>\n<p>&nbsp;<\/p>\n<p><a class=\"dt-pswp-item\" href=\"https:\/\/www.radiopiu.net\/wordpress\/wp-content\/uploads\/2023\/10\/34f4cfc6-e863-46e9-9695-8df44be63421.jpg\" data-dt-img-description=\"\" data-large_image_width=\"1200\" data-large_image_height=\"1200\"><img loading=\"lazy\" decoding=\"async\" class=\"wp-image-357393 alignleft\" src=\"https:\/\/www.radiopiu.net\/wordpress\/wp-content\/uploads\/2023\/10\/34f4cfc6-e863-46e9-9695-8df44be63421-300x300.jpg\" alt=\"\" width=\"81\" height=\"81\" srcset=\"https:\/\/www.radiopiu.net\/wordpress\/wp-content\/uploads\/2023\/10\/34f4cfc6-e863-46e9-9695-8df44be63421-300x300.jpg 300w, https:\/\/www.radiopiu.net\/wordpress\/wp-content\/uploads\/2023\/10\/34f4cfc6-e863-46e9-9695-8df44be63421-1024x1024.jpg 1024w, https:\/\/www.radiopiu.net\/wordpress\/wp-content\/uploads\/2023\/10\/34f4cfc6-e863-46e9-9695-8df44be63421-150x150.jpg 150w, https:\/\/www.radiopiu.net\/wordpress\/wp-content\/uploads\/2023\/10\/34f4cfc6-e863-46e9-9695-8df44be63421-768x768.jpg 768w, https:\/\/www.radiopiu.net\/wordpress\/wp-content\/uploads\/2023\/10\/34f4cfc6-e863-46e9-9695-8df44be63421.jpg 1200w\" sizes=\"auto, (max-width: 81px) 100vw, 81px\" \/><\/a>OGGI ALLA RADIO: <strong>ALLE 7<\/strong> LA RASSEGNA STAMPA LOCALE FLASH, PER CHI COME NOI ALLE SETTE DEL MATTINO VA DI FRETTA, TANTE NOTIZIE IN POCHE CHIACCHIERE. <strong>ALLE OTTO<\/strong> L&#8217;APPROFONDIMENTO NELLA STORICA RASSEGNA STAMPA LOCALE.\u00a0 DALLE 6 ALLE 21, OGNI ORA, L&#8217;INFORMAZIONE NAZIONALE, l&#8217;informazione locale, ALLE 10 flash. 11flash. 14 viabilit\u00e0. 15meteo. 16flash. 17flash. 18flash. 19 i titoli di Antenna 3<\/p>\n<p><strong>OGGI ALLE 10.30 E 1900<\/strong> LA RASSEGNA STAMPA DA L&#8217;AMICO DEL POPOLO DI GIANNI SANTOMASO, OSPITI ELENA DE ZAIACOMO E STEFANIA DE ZORSI.<\/p>\n<p>&nbsp;<\/p>\n<hr \/>\n<p>&nbsp;<\/p>\n<blockquote>\n<h3>IL RITORNO DEL VENTO, FASE DI ATTENZIONE SULLE ZONE MONTANE<\/h3>\n<\/blockquote>\n<p><b><img loading=\"lazy\" decoding=\"async\" class=\"alignleft\" src=\"https:\/\/www.radiopiu.net\/wordpress\/wp-content\/uploads\/2021\/01\/VENTO-MONTAGNA.jpg\" width=\"134\" height=\"89\" \/>VENEZIA\u00a0\u00a0<\/b>Il Meteo Veneto prevede\u00a0 fino a questa sera venti settentrionali spesso forti sulle zone montane e in quota. \u00c8 possibile anche qualche forte raffica di Foehn in alcune valli e localmente sulle zone pedemontane. In riferimento alla situazione meteorologica attesa sul territorio regionale, il Centro Funzionale Decentrato della Protezione Civile regionale ha dichiarato la fase operativa di \u201cAttenzione\u201d per \u201cVento forte\u201d.<\/p>\n<p>&nbsp;<\/p>\n<hr \/>\n<p>&nbsp;<\/p>\n<blockquote>\n<h3 class=\"entry-title\">OGGI L\u2019ULTIMO SALUTO ALL\u2019AMATO DOTTOR FREGNI<\/h3>\n<\/blockquote>\n<p class=\"photoswipe-wrapper\"><a class=\"dt-pswp-item pspw-wrap-ready\" href=\"https:\/\/www.radiopiu.net\/wordpress\/wp-content\/uploads\/2023\/11\/lionello.jpg\" data-dt-img-description=\"EPIGRAFI\" data-large_image_width=\"847\" data-large_image_height=\"1081\"><img loading=\"lazy\" decoding=\"async\" class=\"alignleft wp-image-362918 \" src=\"https:\/\/www.radiopiu.net\/wordpress\/wp-content\/uploads\/2023\/11\/lionello-235x300.jpg\" sizes=\"auto, (max-width: 103px) 100vw, 103px\" srcset=\"https:\/\/www.radiopiu.net\/wordpress\/wp-content\/uploads\/2023\/11\/lionello-235x300.jpg 235w, https:\/\/www.radiopiu.net\/wordpress\/wp-content\/uploads\/2023\/11\/lionello-802x1024.jpg 802w, https:\/\/www.radiopiu.net\/wordpress\/wp-content\/uploads\/2023\/11\/lionello-768x980.jpg 768w, https:\/\/www.radiopiu.net\/wordpress\/wp-content\/uploads\/2023\/11\/lionello.jpg 847w\" alt=\"\" width=\"103\" height=\"131\" \/><\/a><\/p>\n<p><strong>FALCADE<\/strong> E\u2019 morto il dottor Lionello Fregni, medico di base dall\u2019inizio degli anni Settanta e fino alla pensione. Da qualche anno si era trasferito a Belluno. A dare l\u2019annuncio della scomparsa la moglie Olga per molti anni insegnante di italiano tra Canale d\u2019Agordo e Falcade e i quattro figli maschi Riccardo, Alessandro, Stefano e Marco. Aveva 78 anni. I funerali si svolgeranno oggi alle 11 nella chiesa parrocchiale di Falcade e sar\u00e0 preceduto dal Santo Rosario alle 10:30. I famigliari ringraziano fin da ora quanti si uniranno nel ricordo e nella preghiera.<\/p>\n<p>&nbsp;<\/p>\n<p>&nbsp;<\/p>\n<p>&nbsp;<\/p>\n<p><strong><a class=\"dt-pswp-item\" href=\"https:\/\/www.radiopiu.net\/wordpress\/wp-content\/uploads\/2023\/11\/SOCCOL-NAPOLEONE-EPI.jpg\" data-dt-img-description=\"\" data-large_image_width=\"238\" data-large_image_height=\"322\"><img loading=\"lazy\" decoding=\"async\" class=\" wp-image-362815 alignleft\" src=\"https:\/\/www.radiopiu.net\/wordpress\/wp-content\/uploads\/2023\/11\/SOCCOL-NAPOLEONE-EPI-222x300.jpg\" alt=\"\" width=\"58\" height=\"78\" srcset=\"https:\/\/www.radiopiu.net\/wordpress\/wp-content\/uploads\/2023\/11\/SOCCOL-NAPOLEONE-EPI-222x300.jpg 222w, https:\/\/www.radiopiu.net\/wordpress\/wp-content\/uploads\/2023\/11\/SOCCOL-NAPOLEONE-EPI.jpg 238w\" sizes=\"auto, (max-width: 58px) 100vw, 58px\" \/><\/a><\/strong><strong>TAIBON<\/strong> Una comunit\u00e0 in lutto per la scomparsa di Napoleone Soccol meglio conosciuto come Napi.\u00a0 I funerali avranno luogo oggi alle 10:30 nella chiesa di Taibon Agordino dove Napoleone sar\u00e0 presente dalle 10 per il Santo Rosario. La famiglia porge un sentito ringraziamento al Dottor Ugo Pennacchioni e a tutto il personale medico ed infermieristico del reparto Medicina dell&#8217;Ospedale di Agordo.<\/p>\n<p>&nbsp;<\/p>\n<p>&nbsp;<\/p>\n<p><strong><a class=\"dt-pswp-item\" href=\"https:\/\/www.radiopiu.net\/wordpress\/wp-content\/uploads\/2023\/11\/Senza-nome-134.png\" data-dt-img-description=\"\" data-large_image_width=\"484\" data-large_image_height=\"422\"><img loading=\"lazy\" decoding=\"async\" class=\"wp-image-363051 alignleft\" src=\"https:\/\/www.radiopiu.net\/wordpress\/wp-content\/uploads\/2023\/11\/Senza-nome-134-300x262.png\" alt=\"\" width=\"129\" height=\"113\" srcset=\"https:\/\/www.radiopiu.net\/wordpress\/wp-content\/uploads\/2023\/11\/Senza-nome-134-300x262.png 300w, https:\/\/www.radiopiu.net\/wordpress\/wp-content\/uploads\/2023\/11\/Senza-nome-134.png 484w\" sizes=\"auto, (max-width: 129px) 100vw, 129px\" \/><\/a>SOSPIROLO<\/strong> Ivan Poloni, noto come l'&#8221;oste d&#8217;oro&#8221;, \u00e8 deceduto a 78 anni dopo una vita dedicata al lavoro, alla passione per la famiglia e per il Milan. Gestiva il bar Tullia a Baldenich e altri locali a Belluno. Proveniva dal mondo dell&#8217;edilizia e aveva lavorato in Ghana e in Sicilia. \u00c8 stato delegato provinciale del Milan club per sedici anni, organizzando trasferte e mantenendo rapporti con la societ\u00e0 rossonera. Nonostante una rapina e una malattia incurabile, ha affrontato la vita con spirito combattivo, mantenendo la passione per il calcio e il Milan fino alla fine. Lascia la moglie Alida e la figlia Michela. Il funerale si terr\u00e0 marted\u00ec a Sospirolo.<\/p>\n<p>&nbsp;<\/p>\n<p><strong>\u00a0<\/strong><\/p>\n<p><strong><a class=\"dt-pswp-item\" href=\"https:\/\/www.radiopiu.net\/wordpress\/wp-content\/uploads\/2023\/11\/Senza-nome-137.png\" data-dt-img-description=\"\" data-large_image_width=\"580\" data-large_image_height=\"444\"><img loading=\"lazy\" decoding=\"async\" class=\"wp-image-363062 alignleft\" src=\"https:\/\/www.radiopiu.net\/wordpress\/wp-content\/uploads\/2023\/11\/Senza-nome-137-300x230.png\" alt=\"\" width=\"239\" height=\"183\" srcset=\"https:\/\/www.radiopiu.net\/wordpress\/wp-content\/uploads\/2023\/11\/Senza-nome-137-300x230.png 300w, https:\/\/www.radiopiu.net\/wordpress\/wp-content\/uploads\/2023\/11\/Senza-nome-137.png 580w\" sizes=\"auto, (max-width: 239px) 100vw, 239px\" \/><\/a><\/strong><\/p>\n<p>&nbsp;<\/p>\n<blockquote>\n<h2><strong>Addio a Giuliano Roccon, Profondo Cordoglio a Castellavazzo\u00a0<\/strong><\/h2>\n<\/blockquote>\n<p><strong>\u00a0CASTELLAVAZZO<\/strong> , profondo cordoglio per la prematura scomparsa di Giuliano Roccon, noto come &#8220;Giute&#8221;, 36 anni e figlio dell&#8217;ex sindaco Giorgio Roccon. La sua morte ha provocato grande commozione tra i residenti, soprattutto tra i coetanei, che avevano frequentato Giuliano fino a pochi giorni prima.<\/p>\n<p>&nbsp;<\/p>\n<p>&nbsp;<\/p>\n<p>&nbsp;<\/p>\n<hr \/>\n<p>&nbsp;<\/p>\n<blockquote>\n<h2><strong>Sfida tra Sindaci e Associazione &#8220;Altvelox&#8221; a Quero Vas per la Difesa dell&#8217;Immagine Comunale\u00a0<\/strong><\/h2>\n<\/blockquote>\n<p><a class=\"dt-pswp-item\" href=\"https:\/\/www.radiopiu.net\/wordpress\/wp-content\/uploads\/2023\/11\/Senza-nome-3.jpg\" data-dt-img-description=\"\" data-large_image_width=\"408\" data-large_image_height=\"240\"><img loading=\"lazy\" decoding=\"async\" class=\"size-medium wp-image-363065 alignleft\" src=\"https:\/\/www.radiopiu.net\/wordpress\/wp-content\/uploads\/2023\/11\/Senza-nome-3-300x176.jpg\" alt=\"\" width=\"300\" height=\"176\" srcset=\"https:\/\/www.radiopiu.net\/wordpress\/wp-content\/uploads\/2023\/11\/Senza-nome-3-300x176.jpg 300w, https:\/\/www.radiopiu.net\/wordpress\/wp-content\/uploads\/2023\/11\/Senza-nome-3.jpg 408w\" sizes=\"auto, (max-width: 300px) 100vw, 300px\" \/><\/a><strong>QUERO VAS<\/strong> &#8211; I sindaci di Quero Vas sono pronti a fronteggiare l&#8217;associazione &#8220;Altvelox&#8221;, parte della rete dell&#8217;associazione Miglior Tutela, con sede a Belluno. Questa organizzazione si \u00e8 recentemente opposta agli impianti di rilevamento della velocit\u00e0, assumendo la difesa di coloro che ricevono multe per eccesso di velocit\u00e0. I primi cittadini del Feltrino accusano &#8220;Altvelox&#8221; di disinformazione, affermando che le sentenze del tribunale hanno annullato quelle del giudice di pace, costringendo gli automobilisti a pagare multe e spese. Inoltre, accusano l&#8217;associazione di diffamare gli Enti locali attraverso i social media. Al fine di tutelare l&#8217;immagine dei comuni, i sindaci hanno intrapreso azioni legali presentando alcune querele contro l&#8217;associazione.<\/p>\n<p>&nbsp;<\/p>\n<p>&nbsp;<\/p>\n<p>&nbsp;<\/p>\n<hr \/>\n<p>&nbsp;<\/p>\n<blockquote>\n<h3>QUINDI? DECISO: IL COLLEGAMENTO CORTINA-CIVETTA\u00a0 S&#8217;HA DA FARE, ECCO I SOLDI<\/h3>\n<\/blockquote>\n<p>&nbsp;<\/p>\n<p><strong>ROMA<\/strong> Oltre 33 milioni di euro destinati al collegamento delle Ski Area Civetta-Cinque Torri e realizzazione di bacini idrici. Lo prevede l&#8217;accordo di sviluppo e coesione sottoscritto dalla Presidente del Consiglio Giorgia Meloni e dal presidente del Veneto Luca Zaia. E&#8217; il collegamento Cortina_Civetta.<\/p>\n<blockquote>\n<h3>\u00a0FIRMATA L&#8217;INTESA DA 600 MILIONI DI EURO,<\/h3>\n<\/blockquote>\n<p><strong>IL PRESIDENTE LUCA ZAIA\u00a0\u00a0<\/strong><\/p>\n<div style=\"width: 848px;\" class=\"wp-video\"><video class=\"wp-video-shortcode\" id=\"video-362906-1\" width=\"848\" height=\"480\" preload=\"metadata\" controls=\"controls\"><source type=\"video\/mp4\" src=\"https:\/\/www.radiopiu.net\/wordpress\/wp-content\/uploads\/2023\/11\/WhatsApp-Video-2023-11-24-at-15.53.54.mp4?_=1\" \/><a href=\"https:\/\/www.radiopiu.net\/wordpress\/wp-content\/uploads\/2023\/11\/WhatsApp-Video-2023-11-24-at-15.53.54.mp4\">https:\/\/www.radiopiu.net\/wordpress\/wp-content\/uploads\/2023\/11\/WhatsApp-Video-2023-11-24-at-15.53.54.mp4<\/a><\/video><\/div>\n<p>&nbsp;<\/p>\n<p>&nbsp;<\/p>\n<hr \/>\n<p>&nbsp;<\/p>\n<p>&nbsp;<\/p>\n<blockquote>\n<h3>TRENO: BELLUNO FELTRE CHIUSA PER UN MESE<\/h3>\n<\/blockquote>\n<p><strong>FONZASO<\/strong> Da marted\u00ec fino a sabato 23 dicembre, i treni sulla tratta Belluno-Feltre verranno cancellati e sostituiti da autobus. L&#8217;obiettivo \u00e8 ridurre i disagi sulla statale 50 a Santa Giustina, dovuti alle deviazioni per i lavori di ricostruzione del cavalcaferrovia. I lunghi incolonnamenti e la chiusura periodica del passaggio a livello hanno causato problemi al traffico. L&#8217;annuncio della cancellazione \u00e8 arrivato da Trenitalia, in risposta ai ritardi nei lavori di Anas per il rifacimento dell&#8217;impalcato del cavalcaferrovia. Il sindaco di Santa Giustina, Ivan Minella, accoglie positivamente la notizia, mentre gli utenti ferroviari esprimono amarezza per la temporanea interruzione del servizio. La conclusione dei lavori \u00e8 prevista entro il periodo natalizio.<\/p>\n<p>&nbsp;<\/p>\n<p>&nbsp;<\/p>\n<hr \/>\n<p>&nbsp;<\/p>\n<blockquote>\n<h2>Incursione notturna all&#8217;Osteria dal Conte a Salmenega: Ladri in azione, danni e chiusura temporanea<\/h2>\n<\/blockquote>\n<p><strong><img loading=\"lazy\" decoding=\"async\" class=\"alignleft\" src=\"https:\/\/www.radiopiu.net\/wordpress\/wp-content\/uploads\/2023\/11\/Senza-nome-136.png\" width=\"151\" height=\"116\" \/>SANTA GIUSTINA<\/strong> Nella notte tra mercoled\u00ec e gioved\u00ec, l&#8217;Osteria dal Conte a Salmenega \u00e8 stata teatro di un&#8217;incursione da parte di ladri che, nonostante il modesto bottino, hanno causato danni significativi allo storico locale santagiustinese.\u00a0 Sono entrati forzando una finestra, hanno danneggiato gli infissi e messo sottosopra tutto il locale. Il danno maggiore \u00e8 stato causato alla finestra. L&#8217;incursione ha costretto l&#8217;Osteria dal Conte a tenere chiuso per mezza giornata, mentre i tecnici effettuavano le riparazioni necessarie. La riparazione della finestra \u00e8 stata eseguita tempestivamente, consentendo alla struttura di riaprire per la cena. Nonostante il modesto valore del bottino, stimato intorno a una trentina di euro, l&#8217;episodio evidenzia la preoccupante crescita dei furti in azione notturna nella zona. La comunit\u00e0 locale si spera possa sensibilizzarsi su questa problematica, contribuendo a garantire la sicurezza degli esercenti e a prevenire futuri atti criminali.<\/p>\n<p>&nbsp;<\/p>\n<hr \/>\n<p>&nbsp;<\/p>\n<blockquote>\n<h3>VIOLENZA SULLE DONNE, PALAZZO BALBI ILLUMINATO DI ROSSO IN RICORDO DI GIULIA<\/h3>\n<\/blockquote>\n<p><strong>VENEZIA<\/strong> Il Presidente della Regione Veneto, Luca Zaia, ha introdotto la Giornata Internazionale per l&#8217;Eliminazione della Violenza sulle Donne, sottolineando l&#8217;importanza di sensibilizzare le coscienze e promuovere la cultura del rispetto. In ricordo di Giulia Cecchettin, vittima di violenza, Zaia ha annunciato segni tangibili di sensibilizzazione, come l&#8217;illuminazione di Palazzo Balbi di rosso e l&#8217;installazione di una sedia rossa con la scritta &#8216;posto occupato&#8217;. Il presidente ha esortato a un impegno diffuso, iniziando dalla famiglia, passando per le scuole e concentrandosi sulla prevenzione, rafforzando gli strumenti legislativi e fornendo supporto concreto alle donne in difficolt\u00e0.<\/p>\n\n\t\t\t<style type='text\/css'>\n\t\t\t\t#gallery-1 {\n\t\t\t\t\tmargin: auto;\n\t\t\t\t}\n\t\t\t\t#gallery-1 .gallery-item {\n\t\t\t\t\tfloat: left;\n\t\t\t\t\tmargin-top: 10px;\n\t\t\t\t\ttext-align: center;\n\t\t\t\t\twidth: 50%;\n\t\t\t\t}\n\t\t\t\t#gallery-1 img {\n\t\t\t\t\tborder: 2px solid #cfcfcf;\n\t\t\t\t}\n\t\t\t\t#gallery-1 .gallery-caption {\n\t\t\t\t\tmargin-left: 0;\n\t\t\t\t}\n\t\t\t\t\/* see gallery_shortcode() in wp-includes\/media.php *\/\n\t\t\t<\/style>\n\t\t<div id='gallery-1' class='dt-gallery-container gallery galleryid-362906 gallery-columns-2 gallery-size-thumbnail'><dl class='gallery-item'>\n\t\t\t\t<dt class='gallery-icon landscape'>\n\t\t\t\t\t<a class=\"rollover rollover-zoom dt-pswp-item\" title=\"BALBI ROSSO\" data-dt-img-description=\"\" data-large_image_width=\"1600\" data-large_image_height=\"1200\"href='https:\/\/www.radiopiu.net\/wordpress\/wp-content\/uploads\/2023\/11\/BALBI-ROSSO.jpg'><img loading=\"lazy\" decoding=\"async\" width=\"150\" height=\"150\" src=\"https:\/\/www.radiopiu.net\/wordpress\/wp-content\/uploads\/2023\/11\/BALBI-ROSSO-150x150.jpg\" class=\"attachment-thumbnail size-thumbnail\" alt=\"\" \/><\/a>\n\t\t\t\t<\/dt><\/dl><dl class='gallery-item'>\n\t\t\t\t<dt class='gallery-icon portrait'>\n\t\t\t\t\t<a class=\"rollover rollover-zoom dt-pswp-item\" title=\"SEDIA ROSSA\" data-dt-img-description=\"\" data-large_image_width=\"1512\" data-large_image_height=\"2016\"href='https:\/\/www.radiopiu.net\/wordpress\/wp-content\/uploads\/2023\/11\/SEDIA-ROSSA.jpg'><img loading=\"lazy\" decoding=\"async\" width=\"150\" height=\"150\" src=\"https:\/\/www.radiopiu.net\/wordpress\/wp-content\/uploads\/2023\/11\/SEDIA-ROSSA-150x150.jpg\" class=\"attachment-thumbnail size-thumbnail\" alt=\"\" \/><\/a>\n\t\t\t\t<\/dt><\/dl><br style=\"clear: both\" \/>\n\t\t\t<\/div>\n\n<p>&nbsp;<\/p>\n<hr \/>\n<p>&nbsp;<\/p>\n<blockquote>\n<h3>L&#8217;INTERVISTA AL QUESTORE DI BELLUNO, FRANCESCO ZERILLI<\/h3>\n<\/blockquote>\n<p><strong><a class=\"dt-pswp-item\" href=\"https:\/\/www.radiopiu.net\/wordpress\/wp-content\/uploads\/2023\/11\/francesco-zerilli-questore_edited-1.jpg\" data-dt-img-description=\"\" data-large_image_width=\"1000\" data-large_image_height=\"641\"><img loading=\"lazy\" decoding=\"async\" class=\" wp-image-362825 alignleft\" src=\"https:\/\/www.radiopiu.net\/wordpress\/wp-content\/uploads\/2023\/11\/francesco-zerilli-questore_edited-1-300x192.jpg\" alt=\"\" width=\"208\" height=\"133\" srcset=\"https:\/\/www.radiopiu.net\/wordpress\/wp-content\/uploads\/2023\/11\/francesco-zerilli-questore_edited-1-300x192.jpg 300w, https:\/\/www.radiopiu.net\/wordpress\/wp-content\/uploads\/2023\/11\/francesco-zerilli-questore_edited-1-768x492.jpg 768w, https:\/\/www.radiopiu.net\/wordpress\/wp-content\/uploads\/2023\/11\/francesco-zerilli-questore_edited-1.jpg 1000w\" sizes=\"auto, (max-width: 208px) 100vw, 208px\" \/><\/a>di Mirko Mezzacasa\u00a0<\/strong><\/p>\n<audio class=\"wp-audio-shortcode\" id=\"audio-362906-3\" preload=\"none\" style=\"width: 100%;\" controls=\"controls\"><source type=\"audio\/mpeg\" src=\"https:\/\/www.radiopiu.net\/wordpress\/wp-content\/uploads\/2023\/11\/questo.mp3?_=3\" \/><a href=\"https:\/\/www.radiopiu.net\/wordpress\/wp-content\/uploads\/2023\/11\/questo.mp3\">https:\/\/www.radiopiu.net\/wordpress\/wp-content\/uploads\/2023\/11\/questo.mp3<\/a><\/audio>\n<p>&nbsp;<\/p>\n<p>&nbsp;<\/p>\n<hr \/>\n<p>&nbsp;<\/p>\n<blockquote>\n<h3>GIORNATA PER L&#8217;ELIMINAZIONE DELLA VIOLENZA SULLE DONNE: FLAVIA MONEGO CHIEDE UN MONDO IN CUI SIA DI NORMA LA PARITA&#8217; DI GENERE<\/h3>\n<\/blockquote>\n<p><strong><a class=\"dt-pswp-item\" href=\"https:\/\/www.radiopiu.net\/wordpress\/wp-content\/uploads\/2023\/11\/FLAVIA-MONEGO.jpg\" data-dt-img-description=\"\" data-large_image_width=\"800\" data-large_image_height=\"716\"><img loading=\"lazy\" decoding=\"async\" class=\" wp-image-362961 alignleft\" src=\"https:\/\/www.radiopiu.net\/wordpress\/wp-content\/uploads\/2023\/11\/FLAVIA-MONEGO-300x269.jpg\" alt=\"\" width=\"132\" height=\"118\" srcset=\"https:\/\/www.radiopiu.net\/wordpress\/wp-content\/uploads\/2023\/11\/FLAVIA-MONEGO-300x269.jpg 300w, https:\/\/www.radiopiu.net\/wordpress\/wp-content\/uploads\/2023\/11\/FLAVIA-MONEGO-768x687.jpg 768w, https:\/\/www.radiopiu.net\/wordpress\/wp-content\/uploads\/2023\/11\/FLAVIA-MONEGO.jpg 800w\" sizes=\"auto, (max-width: 132px) 100vw, 132px\" \/><\/a>BELLUNO<\/strong> La consigliera di parit\u00e0 della provincia di Belluno, Flavia Monego, esprime il desiderio di un mondo in cui la parit\u00e0 di genere sia la norma e la violenza di genere uno scandalo assoluto. Riconosce la necessit\u00e0 della Giornata Internazionale per l&#8217;Eliminazione della Violenza sulle Donne (25 novembre) e sottolinea l&#8217;importanza di estendere la lotta contro la violenza di genere a tutti i giorni dell&#8217;anno. Monego promuove iniziative educative e preventive nelle scuole e nei luoghi di lavoro, collaborando con sindacati e associazioni. Affronta la sfida della sopravvivenza del Centro Antiviolenza bellunese e lavora per ottenere una deroga alle nuove normative che mettono a rischio il finanziamento del centro.<\/p>\n<p>&nbsp;<\/p>\n<hr \/>\n<p>&nbsp;<\/p>\n<p>&nbsp;<\/p>\n<blockquote>\n<h2>Iniziative e Riflessioni per Promuovere la Cultura del Rispetto<\/h2>\n<\/blockquote>\n<p><strong><a class=\"dt-pswp-item\" href=\"https:\/\/www.radiopiu.net\/wordpress\/wp-content\/uploads\/2023\/11\/Senza-nome-131.png\" data-dt-img-description=\"\" data-large_image_width=\"605\" data-large_image_height=\"630\"><img loading=\"lazy\" decoding=\"async\" class=\"wp-image-362982 alignright\" src=\"https:\/\/www.radiopiu.net\/wordpress\/wp-content\/uploads\/2023\/11\/Senza-nome-131-288x300.png\" alt=\"\" width=\"101\" height=\"105\" srcset=\"https:\/\/www.radiopiu.net\/wordpress\/wp-content\/uploads\/2023\/11\/Senza-nome-131-288x300.png 288w, https:\/\/www.radiopiu.net\/wordpress\/wp-content\/uploads\/2023\/11\/Senza-nome-131.png 605w\" sizes=\"auto, (max-width: 101px) 100vw, 101px\" \/><\/a>BELLUNO<\/strong> Il Comune di Belluno si impegna nella lotta contro la violenza di genere in occasione della Giornata Internazionale per l&#8217;Eliminazione della Violenza contro le Donne. Il sindaco, Oscar De Pellegrin, sottolinea l&#8217;importanza di affrontare il fenomeno con responsabilit\u00e0 e coinvolgimento di tutta la <a class=\"dt-pswp-item\" href=\"https:\/\/www.radiopiu.net\/wordpress\/wp-content\/uploads\/2023\/11\/Senza-nome-130.png\" data-dt-img-description=\"\" data-large_image_width=\"234\" data-large_image_height=\"211\"><img loading=\"lazy\" decoding=\"async\" class=\"wp-image-362981 alignleft\" src=\"https:\/\/www.radiopiu.net\/wordpress\/wp-content\/uploads\/2023\/11\/Senza-nome-130.png\" alt=\"\" width=\"153\" height=\"138\" \/><\/a>comunit\u00e0. Numerose iniziative sono in programma per il 25 novembre, tra cui l&#8217;ingresso gratuito al Museo Fulcis, la diffusione di video informativi nelle scuole e la promozione di incontri culturali. L&#8217;Assessorato alla cultura propone visite guidate alla mostra di Gino Tonello sulla violenza di genere, coinvolgendo gli studenti in riflessioni sul tema. Inoltre, il Comune avvier\u00e0 la seconda edizione del corso &#8220;Emozioniamoci&#8221;, rivolto ai giovani per esplorare il mondo emotivo. L&#8217;Assessore alle pari opportunit\u00e0, Simonetta Buttignon, enfatizza la necessit\u00e0 di affrontare il problema senza divisioni di genere, politiche o pregiudizi, promuovendo una cultura del rispetto e della comprensione. La riflessione si concentra sulla importanza del contatto umano, superando la dimensione online e favorendo il confronto vis a vis per stimolare emozioni genuine<\/p>\n<p><strong>AUDIO<\/strong> l&#8217;Assessore Simonetta Buttignon<\/p>\n<audio class=\"wp-audio-shortcode\" id=\"audio-362906-4\" preload=\"none\" style=\"width: 100%;\" controls=\"controls\"><source type=\"audio\/mpeg\" src=\"https:\/\/www.radiopiu.net\/wordpress\/wp-content\/uploads\/2023\/11\/SOROPTIMIST.mp3?_=4\" \/><a href=\"https:\/\/www.radiopiu.net\/wordpress\/wp-content\/uploads\/2023\/11\/SOROPTIMIST.mp3\">https:\/\/www.radiopiu.net\/wordpress\/wp-content\/uploads\/2023\/11\/SOROPTIMIST.mp3<\/a><\/audio>\n<p>&nbsp;<\/p>\n<p>&nbsp;<\/p>\n<hr \/>\n<p>&nbsp;<\/p>\n<p>&nbsp;<\/p>\n<blockquote>\n<h2>LA VIOLENZA SULLE DONNE, EMERGENZA DI TUTTI<\/h2>\n<\/blockquote>\n<p><img decoding=\"async\" class=\"alignleft\" src=\"https:\/\/www.radiopiu.net\/wordpress\/wp-content\/uploads\/2023\/11\/th-12.jpg\" \/><\/p>\n<p><strong>BELLUNO<\/strong><\/p>\n<p><strong>DI DANIELE DALVIT<\/strong><\/p>\n<audio class=\"wp-audio-shortcode\" id=\"audio-362906-5\" preload=\"none\" style=\"width: 100%;\" controls=\"controls\"><source type=\"audio\/mpeg\" src=\"https:\/\/www.radiopiu.net\/wordpress\/wp-content\/uploads\/2023\/11\/Radio-Piu-Servizio-Iniziative-Soroptimist-violenza-donne-1.mp3?_=5\" \/><a href=\"https:\/\/www.radiopiu.net\/wordpress\/wp-content\/uploads\/2023\/11\/Radio-Piu-Servizio-Iniziative-Soroptimist-violenza-donne-1.mp3\">https:\/\/www.radiopiu.net\/wordpress\/wp-content\/uploads\/2023\/11\/Radio-Piu-Servizio-Iniziative-Soroptimist-violenza-donne-1.mp3<\/a><\/audio>\n<p>&nbsp;<\/p>\n<p>&nbsp;<\/p>\n<p>&nbsp;<\/p>\n<hr \/>\n<p>&nbsp;<\/p>\n<blockquote>\n<h3>Rischio chiusura del Centro Antiviolenza di Belluno: Appello nei Consigli Comunali per la sensibilizzazione&#8221;<\/h3>\n<\/blockquote>\n<p><strong><a class=\"dt-pswp-item\" href=\"https:\/\/www.radiopiu.net\/wordpress\/wp-content\/uploads\/2023\/11\/Senza-nome-132.png\" data-dt-img-description=\"\" data-large_image_width=\"303\" data-large_image_height=\"207\"><img loading=\"lazy\" decoding=\"async\" class=\"wp-image-362990 alignleft\" src=\"https:\/\/www.radiopiu.net\/wordpress\/wp-content\/uploads\/2023\/11\/Senza-nome-132-300x205.png\" alt=\"\" width=\"179\" height=\"122\" srcset=\"https:\/\/www.radiopiu.net\/wordpress\/wp-content\/uploads\/2023\/11\/Senza-nome-132-300x205.png 300w, https:\/\/www.radiopiu.net\/wordpress\/wp-content\/uploads\/2023\/11\/Senza-nome-132.png 303w\" sizes=\"auto, (max-width: 179px) 100vw, 179px\" \/><\/a>BELLUNO<\/strong> Nella Giornata Internazionale contro la violenza sulle donne, il Comitato 10 Febbraio sta portando all&#8217;attenzione dei Consigli Comunali di Belluno, Feltre, Limana e Pieve di Cadore il rischio di chiusura del Centro Antiviolenza (CAV) di Belluno. L&#8217;Intesa Stato-Regioni e la Deliberazione della Regione Veneto impongono requisiti, come la reperibilit\u00e0 24 ore su 24, che risultano impossibili da soddisfare per il CAV di Belluno. Questo rischio coinvolge anche altri centri antiviolenza nel territorio. L&#8217;appello \u00e8 motivato dalla preoccupazione di perdere il 100% dei CAV operanti nella provincia di Belluno, situazione unica in Veneto. I recenti fatti di cronaca, inclusi il femminicidio di Giulia Cecchettin, rendono urgente la sensibilizzazione su questa grave situazione. Gli Ordini del Giorno presentati nei Consigli Comunali mirano a sollecitare un intervento contro la chiusura imminente del CAV di Belluno e a garantire risorse adeguate per contrastare la violenza di genere nella provincia.<\/p>\n<p>&nbsp;<\/p>\n<p>&nbsp;<\/p>\n<hr \/>\n<p>&nbsp;<\/p>\n<blockquote>\n<h3>&#8220;Giornata Internazionale contro la violenza sulle donne: Il Comitato 10 Febbraio invita a ricordare Norma Cossetto e le vittime delle foibe<\/h3>\n<\/blockquote>\n<p><strong>BELLUNO<\/strong>\u00a0 <a class=\"dt-pswp-item\" href=\"https:\/\/www.radiopiu.net\/wordpress\/wp-content\/uploads\/2023\/11\/a-medaglia-conferita-a-norma-cossetto-FILEminimizer.jpg\" data-dt-img-description=\"\" data-large_image_width=\"640\" data-large_image_height=\"499\"><img loading=\"lazy\" decoding=\"async\" class=\" wp-image-362989 alignleft\" src=\"https:\/\/www.radiopiu.net\/wordpress\/wp-content\/uploads\/2023\/11\/a-medaglia-conferita-a-norma-cossetto-FILEminimizer-300x234.jpg\" alt=\"\" width=\"147\" height=\"115\" srcset=\"https:\/\/www.radiopiu.net\/wordpress\/wp-content\/uploads\/2023\/11\/a-medaglia-conferita-a-norma-cossetto-FILEminimizer-300x234.jpg 300w, https:\/\/www.radiopiu.net\/wordpress\/wp-content\/uploads\/2023\/11\/a-medaglia-conferita-a-norma-cossetto-FILEminimizer.jpg 640w\" sizes=\"auto, (max-width: 147px) 100vw, 147px\" \/><\/a>In occasione della Giornata Internazionale per l&#8217;eliminazione della violenza contro le donne, il Comitato 10 Febbraio chiede di commemorare Norma Cossetto e le altre donne che subirono violenza e furono infoibate dai partigiani comunisti slavi. Silvano Olmi, presidente nazionale del Comitato, sottolinea che sono trascorsi 80 anni dal sacrificio di Norma Cossetto, studentessa istriana torturata e gettata in una foiba dai partigiani comunisti. Invitando a ricordare Norma e le altre vittime, Olmi evidenzia l&#8217;atrocit\u00e0 subita da migliaia di donne stuprate e infoibate dai comunisti slavi durante quel periodo. La Medaglia d&#8217;Oro al Merito Civile conferita a Norma Cossetto simboleggia anche il martirio delle vittime di tali violenze.<\/p>\n<p>&nbsp;<\/p>\n<p>&nbsp;<\/p>\n<hr \/>\n<p>&nbsp;<\/p>\n<blockquote>\n<h3>CONFARTIGIANATO IMPRESE BELLUNO ACCANTO ALLE DONNE<\/h3>\n<\/blockquote>\n<p><strong><a class=\"dt-pswp-item\" href=\"https:\/\/www.radiopiu.net\/wordpress\/wp-content\/uploads\/2023\/11\/grafica_25novembre.png\" data-dt-img-description=\"\" data-large_image_width=\"1414\" data-large_image_height=\"2000\"><img loading=\"lazy\" decoding=\"async\" class=\" wp-image-362963 alignleft\" src=\"https:\/\/www.radiopiu.net\/wordpress\/wp-content\/uploads\/2023\/11\/grafica_25novembre-212x300.png\" alt=\"\" width=\"133\" height=\"189\" srcset=\"https:\/\/www.radiopiu.net\/wordpress\/wp-content\/uploads\/2023\/11\/grafica_25novembre-212x300.png 212w, https:\/\/www.radiopiu.net\/wordpress\/wp-content\/uploads\/2023\/11\/grafica_25novembre-724x1024.png 724w, https:\/\/www.radiopiu.net\/wordpress\/wp-content\/uploads\/2023\/11\/grafica_25novembre-768x1086.png 768w, https:\/\/www.radiopiu.net\/wordpress\/wp-content\/uploads\/2023\/11\/grafica_25novembre-1086x1536.png 1086w, https:\/\/www.radiopiu.net\/wordpress\/wp-content\/uploads\/2023\/11\/grafica_25novembre.png 1414w\" sizes=\"auto, (max-width: 133px) 100vw, 133px\" \/><\/a>BELLUNO<\/strong> Le imprenditrici di Confartigianato Imprese Belluno aderiscono alla Giornata Internazionale contro la violenza sulle donne. Roberta De Salvador e Claudia Scarzanella sottolineano l&#8217;impegno comune nell&#8217;affrontare la violenza di genere e promuovono la battaglia di civilt\u00e0 condivisa dalle famiglie, dalla scuola e dalle istituzioni. Con un tasso di occupazione femminile del 63%, le imprenditrici intendono essere un &#8220;laboratorio&#8221; di educazione al rispetto dei diritti delle donne attraverso il lavoro. L&#8217;Associazione ha ottenuto la Certificazione Parit\u00e0 di Genere, e per presentare il progetto, organizzano un incontro pubblico il 28 novembre. Le Presidenti sottolineano l&#8217;importanza di prevenire la violenza attraverso la consapevolezza del valore e del talento delle donne, incoraggiando l&#8217;imprenditorialit\u00e0 femminile e promuovendo la conciliazione lavoro-famiglia e il welfare territoriale.<\/p>\n<p>&nbsp;<\/p>\n<p>&nbsp;<\/p>\n<p>&nbsp;<\/p>\n<hr \/>\n<p>&nbsp;<\/p>\n<p>&nbsp;<\/p>\n<p>&nbsp;<\/p>\n<blockquote>\n<h3><strong>PER SOSTENERE L\u2019ECONOMIA CIRCOLARE.<\/strong><\/h3>\n<\/blockquote>\n<p><strong>VENEZIA<\/strong> La Regione Veneto, insieme alle Universit\u00e0 di Padova, Venezia e Verona, e l\u2019Arpav, ha firmato un &#8220;Protocollo d\u2019Intesa per la definizione di proposte operative per l\u2019attuazione dell\u2019economia circolare nei settori produttivi del Veneto&#8221;. L&#8217;obiettivo \u00e8 promuovere l&#8217;applicazione dell&#8217;economia circolare nei diversi settori produttivi, riducendo il consumo di risorse naturali, favorendo l&#8217;uso di materiali di recupero, e sviluppando un&#8217;industria del recupero di alta qualit\u00e0. Il Protocollo prevede anche l&#8217;analisi del quadro normativo, la promozione di strumenti tecnici, lo sviluppo di modelli di business circolari e la digitalizzazione come strumento efficace per superare il modello lineare. La collaborazione coinvolge anche tre universit\u00e0 venete e l&#8217;agenzia regionale per la protezione ambientale (Arpav). &#8220;Una proposta innovativa che conferma il nostro primato&#8221;, il commento dell&#8217;assessore Giapaolo Bottacin.<\/p>\n<p>&nbsp;<\/p>\n<p>&nbsp;<\/p>\n<p>&nbsp;<\/p>\n<hr \/>\n<p>&nbsp;<\/p>\n<blockquote>\n<h3 class=\"_title post-title entry-title\">CGIL E UIL IN MARCIA CONTRO LA MANOVRA FINANZIARIA, IN 500 CONTRO LA FINANZIARIA. &#8220;VOGLIAMO STIPENDI E PENSIONI ADEGUATE&#8221;<\/h3>\n<\/blockquote>\n<p>IERI SERA, DAL TG DI ANTENNA 3, CANALE 10 DEL DIGITALE TERRESTRE, E OGNI SERA ALLE 19.00 LE ANTICIPAZIONI ALLA RADIO, DI TIZIANA BOLOGNANI.<\/p>\n<p>Intervistati DENISE CASANOVA (SEGRETARIA GENERALE CGIL BELLUNO), SONIA BRIDDA (COORDINATRICE UIL BELLUNO) (Servizio di\u00a0<a href=\"https:\/\/antennatre.medianordest.it\/redazione\/Tiziana-Bolognani\/\">Tiziana Bolognani<\/a>)<\/p>\n<p><iframe loading=\"lazy\" title=\"CGIL E UIL IN MARCIA CONTRO LA MANOVRA FINANZIARIA | 24\/11\/2023\" width=\"1200\" height=\"675\" src=\"https:\/\/www.youtube.com\/embed\/TI57p2BpRCU?feature=oembed\" frameborder=\"0\" allow=\"accelerometer; autoplay; clipboard-write; encrypted-media; gyroscope; picture-in-picture; web-share\" allowfullscreen><\/iframe><\/p>\n<p>&nbsp;<\/p>\n<p>&nbsp;<\/p>\n<hr \/>\n<p>&nbsp;<\/p>\n<blockquote>\n<h3>Segnalazioni di criticit\u00e0 e mancanza di sicurezza nei centri logistici PCL durante il &#8220;Black Friday&#8221;<\/h3>\n<\/blockquote>\n<blockquote><p>&nbsp;<\/p><\/blockquote>\n<p><strong>AI MICROFONI DI RADIO PIU&#8217; Adriano Musolino (foto),SLC cgil<\/strong><\/p>\n<audio class=\"wp-audio-shortcode\" id=\"audio-362906-6\" preload=\"none\" style=\"width: 100%;\" controls=\"controls\"><source type=\"audio\/mpeg\" src=\"https:\/\/www.radiopiu.net\/wordpress\/wp-content\/uploads\/2023\/11\/ADRIANO-FAILP.mp3?_=6\" \/><a href=\"https:\/\/www.radiopiu.net\/wordpress\/wp-content\/uploads\/2023\/11\/ADRIANO-FAILP.mp3\">https:\/\/www.radiopiu.net\/wordpress\/wp-content\/uploads\/2023\/11\/ADRIANO-FAILP.mp3<\/a><\/audio>\n<p>&nbsp;<\/p>\n<p><strong>IL DOCUMENTO<\/strong><\/p>\n<p>Nella Divisione PCL si stanno continuando a verificare tante incongruenze e storture che sono state molto spesso oggetto di nostre rimostranze durante gli incontri di monitoraggio pre e post partenza dei centri, e ultimamente in occasione della recente periodica del 2023. in particolare ci riferiamo alle situazioni di criticit\u00e0 che continuiamo a registrare nei centri partiti con il progetto di arretramento (spiccano il CL di Treviso , Rovigo e Belluno), e le consuete difficolt\u00e0 del CS di Padova. Ma l&#8217;obiettivo della presente missiva \u00e8 di denunciare le condizioni di mancata sicurezza che si registrano proprio in occasione del periodo di picco cosiddetto &#8220;BLACK FRIDAY&#8221;. Registriamo infatti gravi inadempienze presso lo stabilimento di Padova, che per garantire la produttivit\u00e0, si arriva a manomettere dispositivi di sicurezza. Lo registriamo nei CENTRI LOGISTICI, dove continua l&#8217;applicazione di personale addetto al recapito (titolari di zone ADB oppure BUSINESS), senza formazione e informazione dei rischi derivanti dallo svolgimento di diverse attivit\u00e0. Lo registriamo nei PDD (quello di Agordo \u00e8 l&#8217;esempio pi\u00f9 calzante) dove non vi \u00e8 nemmeno lo spazio fisico per potersi muovere in sicurezza, fra uscite occluse e impianti elettrici coperti da cataste di prodotto. In questa condizione infortunarsi all&#8217;interno dei luoghi di lavoro o durante la gita di recapito diviene un rischio che aumenta esponenzialmente; ma del resto anche su questo stiamo assistendo come la RAM 3 ovvero il CS di Padova, faccia di tutto per scongiurare gli infortuni agendo direttamente sui fatti: si convince il dipendente a non chiamare l&#8217;ambulanza, a fare una determinata dichiarazione, a contraddire la denuncia di infortunio presentata dal dipendente all&#8217;INAIL. C&#8217;\u00e8 stato un tempo per i monitoraggi, le segnalazioni, le discussioni a cui non \u00e8 seguito un unico tempo da parte dell&#8217;Azienda: mettere in campo le opportune azioni per risolvere e ridurre quanto segnalato. E siccome alla fine della fiera dobbiamo anche assistere a &#8220;responsabili&#8221; di CD e di STRUTTURE che invece di assumersi qualche responsabilit\u00e0 \u00e8 pi\u00f9 facile aizzare gli animi (gi\u00e0 tesi) con un bel<br \/>\n&#8220;prendetevela con il Sindacato!&#8221;, allora vorr\u00e0 dire che ce ne faremo carico, ma nei modi e nei luoghi che riterremo pi\u00f9 opportuni, perch\u00e9 il tentativo interno all&#8217;azienda \u00e8 fallito, e di certo non per colpa del Sindacato!<\/p>\n<p>&nbsp;<\/p>\n<p>&nbsp;<\/p>\n<hr \/>\n<p>&nbsp;<\/p>\n<blockquote>\n<h2><span style=\"color: #ff0000;\">LE DIRETTE DI RADIO PIU\u00a0<\/span><\/h2>\n<p>&nbsp;<\/p><\/blockquote>\n<p><iframe loading=\"lazy\" title=\"SPORT E VALORI PER LA VITA - PALAFALCDE\" width=\"1200\" height=\"675\" src=\"https:\/\/www.youtube.com\/embed\/nLcJIBfgDm0?start=6304&#038;feature=oembed\" frameborder=\"0\" allow=\"accelerometer; autoplay; clipboard-write; encrypted-media; gyroscope; picture-in-picture; web-share\" allowfullscreen><\/iframe><\/p>\n<p>&nbsp;<\/p>\n<p>&nbsp;<\/p>\n<hr \/>\n<p>&nbsp;<\/p>\n<blockquote>\n<h2>Successo a Sedico per l&#8217;iniziativa &#8220;Cena con i Sindaci-Camerieri&#8221; a Villa Patt<\/h2>\n<\/blockquote>\n<p><strong>SEDICO<\/strong> Iniziativa di successo di pubblico e di buona cucina alla cena con i sindaci-camerieri di villa Patt. L&#8217;evento, organizzato dal comitato Gocce di Sole\u00a0 ha riempito il salone della villa a Sedico. Soddisfatti anche i sindaci, per una sera liberi dai consueti impegni. Una buona presenza di amministratori agordini, Valbelluna, Alpago, Feltrino, assente i rappresentati di Cadore e Cortina.\u00a0 Ad improvvisarsi camerieri e sommelier tra i tavoli c&#8217;erano Leandro Grones, Mauro Soppelsa, Roberto Padrin, Gianluca Dal Borgo, Sara Bona, Danilo De Toni e Ivan Minella; con loro la vice sindaca di Sedico, Gioia Sacchet, l&#8217;assessore di Belluno Raffaele Addamiano, la consigliera regionale Silvia Cestaro. L\u2019evento ha visto la partecipazione della Pro Loco di Sedico \u2013 che\u00a0 ha messo a disposizione gli spazi \u2013 e dell\u2019Associazione Cuochi Bellunesi, con\u00a0 i loro rappresentanti ai fornelli. L\u2019iniziativa, partita nel 2015 e arrivata alla sua settima edizione<\/p>\n<p>&nbsp;<\/p>\n<p><strong>AL TAVOLO&#8230; CON LE TRE RADIO, PIU&#8217;, CLUB103, PRIMIERO E\u00a0 BIAGIO GIANNONE<\/strong><\/p>\n\n\t\t\t<style type='text\/css'>\n\t\t\t\t#gallery-2 {\n\t\t\t\t\tmargin: auto;\n\t\t\t\t}\n\t\t\t\t#gallery-2 .gallery-item {\n\t\t\t\t\tfloat: left;\n\t\t\t\t\tmargin-top: 10px;\n\t\t\t\t\ttext-align: center;\n\t\t\t\t\twidth: 20%;\n\t\t\t\t}\n\t\t\t\t#gallery-2 img {\n\t\t\t\t\tborder: 2px solid #cfcfcf;\n\t\t\t\t}\n\t\t\t\t#gallery-2 .gallery-caption {\n\t\t\t\t\tmargin-left: 0;\n\t\t\t\t}\n\t\t\t\t\/* see gallery_shortcode() in wp-includes\/media.php *\/\n\t\t\t<\/style>\n\t\t<div id='gallery-2' class='dt-gallery-container gallery galleryid-362906 gallery-columns-5 gallery-size-thumbnail'><dl class='gallery-item'>\n\t\t\t\t<dt class='gallery-icon landscape'>\n\t\t\t\t\t<a class=\"rollover rollover-zoom dt-pswp-item\" title=\"000cccfd-89f2-4ad2-b33d-c36cd3e14af0\" data-dt-img-description=\"\" data-large_image_width=\"1024\" data-large_image_height=\"768\"href='https:\/\/www.radiopiu.net\/wordpress\/wp-content\/uploads\/2023\/11\/000cccfd-89f2-4ad2-b33d-c36cd3e14af0.jpg'><img loading=\"lazy\" decoding=\"async\" width=\"150\" height=\"150\" src=\"https:\/\/www.radiopiu.net\/wordpress\/wp-content\/uploads\/2023\/11\/000cccfd-89f2-4ad2-b33d-c36cd3e14af0-150x150.jpg\" class=\"attachment-thumbnail size-thumbnail\" alt=\"\" \/><\/a>\n\t\t\t\t<\/dt><\/dl><dl class='gallery-item'>\n\t\t\t\t<dt class='gallery-icon landscape'>\n\t\t\t\t\t<a class=\"rollover rollover-zoom dt-pswp-item\" title=\"7a62bfc2-6bb1-497f-af1e-5427d1dc8e67\" data-dt-img-description=\"\" data-large_image_width=\"1751\" data-large_image_height=\"1221\"href='https:\/\/www.radiopiu.net\/wordpress\/wp-content\/uploads\/2023\/11\/7a62bfc2-6bb1-497f-af1e-5427d1dc8e67.jpg'><img loading=\"lazy\" decoding=\"async\" width=\"150\" height=\"150\" src=\"https:\/\/www.radiopiu.net\/wordpress\/wp-content\/uploads\/2023\/11\/7a62bfc2-6bb1-497f-af1e-5427d1dc8e67-150x150.jpg\" class=\"attachment-thumbnail size-thumbnail\" alt=\"\" \/><\/a>\n\t\t\t\t<\/dt><\/dl><dl class='gallery-item'>\n\t\t\t\t<dt class='gallery-icon landscape'>\n\t\t\t\t\t<a class=\"rollover rollover-zoom dt-pswp-item\" title=\"5668e456-a4b7-437f-968b-c70db5bb9006\" data-dt-img-description=\"\" data-large_image_width=\"1600\" data-large_image_height=\"900\"href='https:\/\/www.radiopiu.net\/wordpress\/wp-content\/uploads\/2023\/11\/5668e456-a4b7-437f-968b-c70db5bb9006.jpg'><img loading=\"lazy\" decoding=\"async\" width=\"150\" height=\"150\" src=\"https:\/\/www.radiopiu.net\/wordpress\/wp-content\/uploads\/2023\/11\/5668e456-a4b7-437f-968b-c70db5bb9006-150x150.jpg\" class=\"attachment-thumbnail size-thumbnail\" alt=\"\" \/><\/a>\n\t\t\t\t<\/dt><\/dl><dl class='gallery-item'>\n\t\t\t\t<dt class='gallery-icon landscape'>\n\t\t\t\t\t<a class=\"rollover rollover-zoom dt-pswp-item\" title=\"aa66ac54-f681-4fe3-ae9e-e0302384ccb4\" data-dt-img-description=\"\" data-large_image_width=\"1600\" data-large_image_height=\"1523\"href='https:\/\/www.radiopiu.net\/wordpress\/wp-content\/uploads\/2023\/11\/aa66ac54-f681-4fe3-ae9e-e0302384ccb4.jpg'><img loading=\"lazy\" decoding=\"async\" width=\"150\" height=\"150\" src=\"https:\/\/www.radiopiu.net\/wordpress\/wp-content\/uploads\/2023\/11\/aa66ac54-f681-4fe3-ae9e-e0302384ccb4-150x150.jpg\" class=\"attachment-thumbnail size-thumbnail\" alt=\"\" \/><\/a>\n\t\t\t\t<\/dt><\/dl><dl class='gallery-item'>\n\t\t\t\t<dt class='gallery-icon landscape'>\n\t\t\t\t\t<a class=\"rollover rollover-zoom dt-pswp-item\" title=\"35c93f91-aa22-4a83-986c-662cbf196bec\" data-dt-img-description=\"\" data-large_image_width=\"1600\" data-large_image_height=\"900\"href='https:\/\/www.radiopiu.net\/wordpress\/wp-content\/uploads\/2023\/11\/35c93f91-aa22-4a83-986c-662cbf196bec.jpg'><img loading=\"lazy\" decoding=\"async\" width=\"150\" height=\"150\" src=\"https:\/\/www.radiopiu.net\/wordpress\/wp-content\/uploads\/2023\/11\/35c93f91-aa22-4a83-986c-662cbf196bec-150x150.jpg\" class=\"attachment-thumbnail size-thumbnail\" alt=\"\" \/><\/a>\n\t\t\t\t<\/dt><\/dl><br style=\"clear: both\" \/>\n\t\t\t<\/div>\n\n<p>&nbsp;<\/p>\n<p>&nbsp;<\/p>\n<p><span style=\"color: #ff0000;\"><strong>ARCHIVIO RADIOPIU<\/strong><\/span><\/p>\n<blockquote>\n<h3>TORNA &#8220;A CENA CON I SINDACI&#8221; A VILLA PATT DI SEDICO<\/h3>\n<\/blockquote>\n<p>&nbsp;<\/p>\n<p><strong><a class=\"dt-pswp-item\" href=\"https:\/\/www.radiopiu.net\/wordpress\/wp-content\/uploads\/2023\/11\/583e956c-de3c-4ebf-9181-a1744b9c0718.jpg\" data-dt-img-description=\"\" data-large_image_width=\"1131\" data-large_image_height=\"1600\"><img loading=\"lazy\" decoding=\"async\" class=\" wp-image-361276 alignleft\" src=\"https:\/\/www.radiopiu.net\/wordpress\/wp-content\/uploads\/2023\/11\/583e956c-de3c-4ebf-9181-a1744b9c0718-212x300.jpg\" alt=\"\" width=\"120\" height=\"170\" srcset=\"https:\/\/www.radiopiu.net\/wordpress\/wp-content\/uploads\/2023\/11\/583e956c-de3c-4ebf-9181-a1744b9c0718-212x300.jpg 212w, https:\/\/www.radiopiu.net\/wordpress\/wp-content\/uploads\/2023\/11\/583e956c-de3c-4ebf-9181-a1744b9c0718-724x1024.jpg 724w, https:\/\/www.radiopiu.net\/wordpress\/wp-content\/uploads\/2023\/11\/583e956c-de3c-4ebf-9181-a1744b9c0718-768x1086.jpg 768w, https:\/\/www.radiopiu.net\/wordpress\/wp-content\/uploads\/2023\/11\/583e956c-de3c-4ebf-9181-a1744b9c0718-1086x1536.jpg 1086w, https:\/\/www.radiopiu.net\/wordpress\/wp-content\/uploads\/2023\/11\/583e956c-de3c-4ebf-9181-a1744b9c0718.jpg 1131w\" sizes=\"auto, (max-width: 120px) 100vw, 120px\" \/><\/a>SEDICO<\/strong> Torna il tradizionale appuntamento con la cena dei sindaci-camerieri: saranno una quindicina gli amministratori bellunesi che venerd\u00ec 24 serviranno la cena a un centinaio di commensali a Villa Patt.<\/p>\n<p><strong>DI DANIELE DALVIT<\/strong><\/p>\n<audio class=\"wp-audio-shortcode\" id=\"audio-362906-7\" preload=\"none\" style=\"width: 100%;\" controls=\"controls\"><source type=\"audio\/mpeg\" src=\"https:\/\/www.radiopiu.net\/wordpress\/wp-content\/uploads\/2023\/11\/Radio-Piu-Servizio-Cena-sindaci-camerieri-2023.mp3?_=7\" \/><a href=\"https:\/\/www.radiopiu.net\/wordpress\/wp-content\/uploads\/2023\/11\/Radio-Piu-Servizio-Cena-sindaci-camerieri-2023.mp3\">https:\/\/www.radiopiu.net\/wordpress\/wp-content\/uploads\/2023\/11\/Radio-Piu-Servizio-Cena-sindaci-camerieri-2023.mp3<\/a><\/audio>\n<p>&nbsp;<\/p>\n<p>&nbsp;<\/p>\n<hr \/>\n<p>&nbsp;<\/p>\n<blockquote>\n<h3>Contestata la sanzione alla ditta boschiva: Ricorso contro le ordinanze del Comune di Livinallongo<\/h3>\n<\/blockquote>\n<p><strong><a class=\"dt-pswp-item\" href=\"https:\/\/www.radiopiu.net\/wordpress\/wp-content\/uploads\/2021\/07\/Pieve-di-Livinallongo_Arabba-Fodom-Turismo.jpg\" data-dt-img-description=\"\" data-large_image_width=\"2016\" data-large_image_height=\"1512\"><img loading=\"lazy\" decoding=\"async\" class=\"wp-image-222884 alignleft\" src=\"https:\/\/www.radiopiu.net\/wordpress\/wp-content\/uploads\/2021\/07\/Pieve-di-Livinallongo_Arabba-Fodom-Turismo-300x225.jpg\" alt=\"\" width=\"164\" height=\"123\" srcset=\"https:\/\/www.radiopiu.net\/wordpress\/wp-content\/uploads\/2021\/07\/Pieve-di-Livinallongo_Arabba-Fodom-Turismo-300x225.jpg 300w, https:\/\/www.radiopiu.net\/wordpress\/wp-content\/uploads\/2021\/07\/Pieve-di-Livinallongo_Arabba-Fodom-Turismo-1024x768.jpg 1024w, https:\/\/www.radiopiu.net\/wordpress\/wp-content\/uploads\/2021\/07\/Pieve-di-Livinallongo_Arabba-Fodom-Turismo-768x576.jpg 768w, https:\/\/www.radiopiu.net\/wordpress\/wp-content\/uploads\/2021\/07\/Pieve-di-Livinallongo_Arabba-Fodom-Turismo-1536x1152.jpg 1536w, https:\/\/www.radiopiu.net\/wordpress\/wp-content\/uploads\/2021\/07\/Pieve-di-Livinallongo_Arabba-Fodom-Turismo.jpg 2016w\" sizes=\"auto, (max-width: 164px) 100vw, 164px\" \/><\/a>LIVINALLONGO<\/strong> L&#8217;amministrazione comunale di Livinallongo ha scoperto che la ditta boschiva Waldprofi di Valdaora aveva tagliato abusivamente oltre 300 piante al di fuori del lotto assegnato nella zona di Pian di Salesei. Nonostante la sanzione di 22 mila euro, la ditta ha presentato ricorso contro le ordinanze emesse dal Comune. L&#8217;amministrazione, non convinta dalle spiegazioni della Waldprofi durante un incontro, ha deciso di confermare la sanzione e ora affronter\u00e0 la controversia in tribunale dopo che la ditta ha depositato il ricorso il 18 ottobre presso il Tribunale di Belluno.<\/p>\n<p><strong>DI LORENZO SORATROI<\/strong><\/p>\n<audio class=\"wp-audio-shortcode\" id=\"audio-362906-8\" preload=\"none\" style=\"width: 100%;\" controls=\"controls\"><source type=\"audio\/mpeg\" src=\"https:\/\/www.radiopiu.net\/wordpress\/wp-content\/uploads\/2023\/11\/LEANDRO-LORENZO.mp3?_=8\" \/><a href=\"https:\/\/www.radiopiu.net\/wordpress\/wp-content\/uploads\/2023\/11\/LEANDRO-LORENZO.mp3\">https:\/\/www.radiopiu.net\/wordpress\/wp-content\/uploads\/2023\/11\/LEANDRO-LORENZO.mp3<\/a><\/audio>\n<p>&nbsp;<\/p>\n<p>&nbsp;<\/p>\n<hr \/>\n<p>&nbsp;<\/p>\n<blockquote>\n<h2><strong> Protesta a Val di Zoldo contro l&#8217;accorpamento scolastico: Il preside partecipa alla manifestazione,\u00a0 oggi alle 12 nella piazza di Forno di Zoldo<\/strong><\/h2>\n<\/blockquote>\n<p><strong>VAL DI ZOLDO<\/strong> l dirigente scolastico dell&#8217;istituto comprensivo di Val di Zoldo, Giuseppe Carmelo Musumeci, si unir\u00e0 alla manifestazione contro il dimensionamento scolastico e l&#8217;accorpamento del comprensivo con quello di Longarone. L&#8217;accorpamento comporter\u00e0 la perdita del preside e del direttore amministrativo, ma la scuola non chiuder\u00e0. Musumeci sottolinea che la scuola non sar\u00e0 pi\u00f9 autonoma e potrebbero essere compromesse le progettualit\u00e0 per le minoranze ladine. L&#8217;accorpamento porter\u00e0 anche a una riduzione del personale, ma la scuola rimarr\u00e0 aperta.<\/p>\n<p>&nbsp;<\/p>\n<hr \/>\n<p>&nbsp;<\/p>\n<p>&nbsp;<\/p>\n<blockquote>\n<h3>\u00a0INCONTRO SUL TRASPORTO PUBBLICO<\/h3>\n<\/blockquote>\n<p><strong>AGORDO<\/strong> Oggi alle 16:30 in Sala Don Tamis si parler\u00e0 di trasporto pubblico. Quali opportunit\u00e0 per l&#8217;Agordino? Interverranno il sociologo Diego Cason, Christian Bellini di CONFSAL Veneto, Heinz Dellago del servizio trasporto persone della provincia di Bolzano, Walter Finkbohner esperto dei trasporti in Svizzera, il presidente di Transdolomites Massimo Girardi e il Comitato Ferrovia Dolomiti Bellunesi.<\/p>\n<p><strong>di GIANNI SANTOMASO<\/strong><\/p>\n<audio class=\"wp-audio-shortcode\" id=\"audio-362906-9\" preload=\"none\" style=\"width: 100%;\" controls=\"controls\"><source type=\"audio\/mpeg\" src=\"https:\/\/www.radiopiu.net\/wordpress\/wp-content\/uploads\/2023\/11\/GIANNI-STASERA.mp3?_=9\" \/><a href=\"https:\/\/www.radiopiu.net\/wordpress\/wp-content\/uploads\/2023\/11\/GIANNI-STASERA.mp3\">https:\/\/www.radiopiu.net\/wordpress\/wp-content\/uploads\/2023\/11\/GIANNI-STASERA.mp3<\/a><\/audio>\n<p>&nbsp;<\/p>\n<p>&nbsp;<\/p>\n<hr \/>\n<p>&nbsp;<\/p>\n<blockquote>\n<h3>IL MINISTRO DEGLI ESTERI TAJANI OSPITE A BELLUNO<\/h3>\n<\/blockquote>\n<p><strong><a class=\"dt-pswp-item\" href=\"https:\/\/www.radiopiu.net\/wordpress\/wp-content\/uploads\/2023\/11\/SCR-20231124-ljum.jpeg\" data-dt-img-description=\"\" data-large_image_width=\"1258\" data-large_image_height=\"860\"><img loading=\"lazy\" decoding=\"async\" class=\" wp-image-362970 alignleft\" src=\"https:\/\/www.radiopiu.net\/wordpress\/wp-content\/uploads\/2023\/11\/SCR-20231124-ljum-300x205.jpeg\" alt=\"\" width=\"160\" height=\"109\" srcset=\"https:\/\/www.radiopiu.net\/wordpress\/wp-content\/uploads\/2023\/11\/SCR-20231124-ljum-300x205.jpeg 300w, https:\/\/www.radiopiu.net\/wordpress\/wp-content\/uploads\/2023\/11\/SCR-20231124-ljum-1024x700.jpeg 1024w, https:\/\/www.radiopiu.net\/wordpress\/wp-content\/uploads\/2023\/11\/SCR-20231124-ljum-768x525.jpeg 768w, https:\/\/www.radiopiu.net\/wordpress\/wp-content\/uploads\/2023\/11\/SCR-20231124-ljum.jpeg 1258w\" sizes=\"auto, (max-width: 160px) 100vw, 160px\" \/><\/a>BELLUNO<\/strong> Il Ministro degli Esteri Antonio Tajani, vicepresidente del Consiglio dei Ministri, parteciper\u00e0 a Belluno il 2 dicembre a un evento organizzato da Confindustria Belluno Dolomiti. L&#8217;incontro, intitolato &#8220;Un mondo instabile \u2013 Scenari per le imprese tra rischi e opportunit\u00e0&#8221;, avr\u00e0 luogo presso la sala Caldart a Villa Doglioni Dalmas. Tajani sar\u00e0 accolto dalla presidente dell&#8217;Associazione degli industriali, Lorraine Berton, insieme al sindaco Oscar De Pellegrin e al presidente della Provincia Roberto Padrin. L&#8217;evento affronter\u00e0 tematiche legate agli scenari internazionali e alle incertezze economiche, con particolare attenzione all&#8217;export locale e alle implicazioni delle Olimpiadi.<\/p>\n<p>&nbsp;<\/p>\n<hr \/>\n<p>&nbsp;<\/p>\n<blockquote>\n<h3>ANCHE LA REGIONE FA IL TIPO PER LA MIG, MOSTRA INTERNAZIONALE DEL GELATO<\/h3>\n<\/blockquote>\n<div class=\"flex-1 overflow-hidden\">\n<div class=\"react-scroll-to-bottom--css-rhbeh-79elbk h-full\">\n<div class=\"react-scroll-to-bottom--css-rhbeh-1n7m0yu\">\n<div class=\"flex flex-col text-sm gizmo:pb-9 dark:bg-gray-800 gizmo:dark:bg-transparent\">\n<div class=\"w-full text-token-text-primary border-b border-black\/10 gizmo:border-0 dark:border-gray-900\/50 gizmo:dark:border-0 bg-gray-50 gizmo:bg-transparent dark:bg-[#444654] gizmo:dark:bg-transparent\" data-testid=\"conversation-turn-21\">\n<div class=\"p-4 gizmo:py-2 justify-center text-base md:gap-6 md:py-6 m-auto\">\n<div class=\"flex flex-1 gap-4 text-base mx-auto md:gap-6 gizmo:gap-3 gizmo:md:px-5 gizmo:lg:px-1 gizmo:xl:px-5 md:max-w-2xl lg:max-w-[38rem] gizmo:md:max-w-3xl gizmo:lg:max-w-[40rem] gizmo:xl:max-w-[48rem] xl:max-w-3xl } group final-completion\">\n<div class=\"relative flex w-[calc(100%-50px)] flex-col gizmo:w-full lg:w-[calc(100%-115px)] agent-turn\">\n<div class=\"flex-col gap-1 md:gap-3\">\n<div class=\"flex flex-grow flex-col max-w-full gap-3 gizmo:gap-0\">\n<div class=\"min-h-[20px] text-message flex flex-col items-start gap-3 whitespace-pre-wrap break-words [.text-message+&amp;]:mt-5 overflow-x-auto\" data-message-author-role=\"assistant\" data-message-id=\"2e1c4987-5b7f-464c-a8a3-b81f66c2e6c2\">\n<div class=\"markdown prose w-full break-words dark:prose-invert dark\">\n<p><strong>VENEZIA<\/strong> L&#8217;Assessore al turismo della Regione del Veneto, Federico Caner, annuncia la 63. Fiera Internazionale del Gelato di Longarone (MIG) che si terr\u00e0\u00a0 a Longarone. La Regione sar\u00e0 presente con uno spazio per la promozione turistica, includendo un laboratorio attrezzato per la preparazione del gelato. La Giornata Europea del Gelato Artigianale \u00e8 programmata per il 24 marzo 2024 a Venezia. La fiera celebrer\u00e0 la tradizione di oltre sessant&#8217;anni di gelato artigianale nel territorio veneto e attirer\u00e0 i migliori gelatai internazionali. L&#8217;evento includer\u00e0 degustazioni e la presentazione dei vincitori del concorso &#8220;World Best Tiramis\u00f9 Gelato&#8221; durante l&#8217;inaugurazione del Padiglione il 26 novembre.<\/p>\n<audio class=\"wp-audio-shortcode\" id=\"audio-362906-10\" preload=\"none\" style=\"width: 100%;\" controls=\"controls\"><source type=\"audio\/mpeg\" src=\"https:\/\/www.radiopiu.net\/wordpress\/wp-content\/uploads\/2023\/11\/SOROPTIMIST.mp3?_=10\" \/><a href=\"https:\/\/www.radiopiu.net\/wordpress\/wp-content\/uploads\/2023\/11\/SOROPTIMIST.mp3\">https:\/\/www.radiopiu.net\/wordpress\/wp-content\/uploads\/2023\/11\/SOROPTIMIST.mp3<\/a><\/audio>\n<p>&nbsp;<\/p>\n<\/div>\n<\/div>\n<\/div>\n<\/div>\n<\/div>\n<\/div>\n<\/div>\n<\/div>\n<\/div>\n<\/div>\n<\/div>\n<\/div>\n<div class=\"w-full pt-2 md:pt-0 border-t md:border-t-0 gizmo:border-t-0 dark:border-white\/20 md:border-transparent md:dark:border-transparent md:pl-2 gizmo:pl-0 gizmo:md:pl-0 md:w-[calc(100%-.5rem)]\">\n<form class=\"stretch mx-2 flex flex-row gap-3 last:mb-2 md:mx-4 md:last:mb-6 lg:mx-auto lg:max-w-2xl xl:max-w-3xl\">\n<div class=\"relative flex h-full flex-1 items-stretch md:flex-col\">\n<div class=\"flex w-full items-center\"><\/div>\n<\/div>\n<\/form>\n<\/div>\n<p>&nbsp;<\/p>\n<hr \/>\n<p>&nbsp;<\/p>\n<blockquote>\n<h3>UN CORSO DI PRIMO SOCCORSO ALLA SCUOLA MEDIA DI SEDICO<\/h3>\n<\/blockquote>\n<p><strong>SEDICO<\/strong> Grazie alla collaborazione tra l&#8217;Istituto Comprensivo di Sedico-Sospirolo e la Farmacia Arrigoni di Sedico, tutti gli alunni della scuola media di Sedico hanno partecipato a un corso di primo soccorso. L&#8217;iniziativa mirava a fornire conoscenze su come comportarsi in situazioni di emergenza. Il corso \u00e8 stato sponsorizzato dalla Farmacia Arrigoni, e il docente delle medie, Laurentiu Florescu, ha contribuito a rendere possibile l&#8217;evento. Durante la giornata, Luca e Michele, professionisti della medicina d&#8217;urgenza, hanno fornito informazioni cruciali sugli interventi di primo soccorso. Gli argomenti trattati includevano i numeri di emergenza (118 e 112), le operazioni da compiere in caso di emergenza, e cosa fare e non fare con una persona infortunata. Gli studenti hanno avuto l&#8217;opportunit\u00e0 di sperimentare le procedure di verifica del respiro e di eseguire il massaggio cardiaco su un manichino. Domingo Arrigoni, proprietario della farmacia, ha sottolineato l&#8217;importanza di queste nozioni di primo soccorso per salvare vite. La dirigente scolastica, Lucia Fratturelli, ha elogiato l&#8217;iniziativa come un contributo essenziale all&#8217;educazione dei giovani sulla cittadinanza attiva, la solidariet\u00e0 e l&#8217;aiuto agli altri in situazioni difficili.<\/p>\n\n\t\t\t<style type='text\/css'>\n\t\t\t\t#gallery-3 {\n\t\t\t\t\tmargin: auto;\n\t\t\t\t}\n\t\t\t\t#gallery-3 .gallery-item {\n\t\t\t\t\tfloat: left;\n\t\t\t\t\tmargin-top: 10px;\n\t\t\t\t\ttext-align: center;\n\t\t\t\t\twidth: 25%;\n\t\t\t\t}\n\t\t\t\t#gallery-3 img {\n\t\t\t\t\tborder: 2px solid #cfcfcf;\n\t\t\t\t}\n\t\t\t\t#gallery-3 .gallery-caption {\n\t\t\t\t\tmargin-left: 0;\n\t\t\t\t}\n\t\t\t\t\/* see gallery_shortcode() in wp-includes\/media.php *\/\n\t\t\t<\/style>\n\t\t<div id='gallery-3' class='dt-gallery-container gallery galleryid-362906 gallery-columns-4 gallery-size-thumbnail'><dl class='gallery-item'>\n\t\t\t\t<dt class='gallery-icon landscape'>\n\t\t\t\t\t<a class=\"rollover rollover-zoom dt-pswp-item\" title=\"Corso primo soccorso Ic Sedico 1_dimostrazione\" data-dt-img-description=\"\" data-large_image_width=\"2000\" data-large_image_height=\"1500\"href='https:\/\/www.radiopiu.net\/wordpress\/wp-content\/uploads\/2023\/11\/Corso-primo-soccorso-Ic-Sedico-1_dimostrazione.jpg'><img loading=\"lazy\" decoding=\"async\" width=\"150\" height=\"150\" src=\"https:\/\/www.radiopiu.net\/wordpress\/wp-content\/uploads\/2023\/11\/Corso-primo-soccorso-Ic-Sedico-1_dimostrazione-150x150.jpg\" class=\"attachment-thumbnail size-thumbnail\" alt=\"\" \/><\/a>\n\t\t\t\t<\/dt><\/dl><dl class='gallery-item'>\n\t\t\t\t<dt class='gallery-icon landscape'>\n\t\t\t\t\t<a class=\"rollover rollover-zoom dt-pswp-item\" title=\"Corso primo soccorso Ic Sedico 2_un momento di spiegazione\" data-dt-img-description=\"\" data-large_image_width=\"1763\" data-large_image_height=\"1088\"href='https:\/\/www.radiopiu.net\/wordpress\/wp-content\/uploads\/2023\/11\/Corso-primo-soccorso-Ic-Sedico-2_un-momento-di-spiegazione.jpg'><img loading=\"lazy\" decoding=\"async\" width=\"150\" height=\"150\" src=\"https:\/\/www.radiopiu.net\/wordpress\/wp-content\/uploads\/2023\/11\/Corso-primo-soccorso-Ic-Sedico-2_un-momento-di-spiegazione-150x150.jpg\" class=\"attachment-thumbnail size-thumbnail\" alt=\"\" \/><\/a>\n\t\t\t\t<\/dt><\/dl><dl class='gallery-item'>\n\t\t\t\t<dt class='gallery-icon landscape'>\n\t\t\t\t\t<a class=\"rollover rollover-zoom dt-pswp-item\" title=\"Corso primo soccorso Ic Sedico 3_Lucia Fratturelli e Domingo Arrigoni\" data-dt-img-description=\"\" data-large_image_width=\"1320\" data-large_image_height=\"899\"href='https:\/\/www.radiopiu.net\/wordpress\/wp-content\/uploads\/2023\/11\/Corso-primo-soccorso-Ic-Sedico-3_Lucia-Fratturelli-e-Domingo-Arrigoni.jpg'><img loading=\"lazy\" decoding=\"async\" width=\"150\" height=\"150\" src=\"https:\/\/www.radiopiu.net\/wordpress\/wp-content\/uploads\/2023\/11\/Corso-primo-soccorso-Ic-Sedico-3_Lucia-Fratturelli-e-Domingo-Arrigoni-150x150.jpg\" class=\"attachment-thumbnail size-thumbnail\" alt=\"\" \/><\/a>\n\t\t\t\t<\/dt><\/dl><dl class='gallery-item'>\n\t\t\t\t<dt class='gallery-icon landscape'>\n\t\t\t\t\t<a class=\"rollover rollover-zoom dt-pswp-item\" title=\"Corso primo soccorso Ic Sedico 4_gli studenti provano\" data-dt-img-description=\"\" data-large_image_width=\"2000\" data-large_image_height=\"1500\"href='https:\/\/www.radiopiu.net\/wordpress\/wp-content\/uploads\/2023\/11\/Corso-primo-soccorso-Ic-Sedico-4_gli-studenti-provano.jpg'><img loading=\"lazy\" decoding=\"async\" width=\"150\" height=\"150\" src=\"https:\/\/www.radiopiu.net\/wordpress\/wp-content\/uploads\/2023\/11\/Corso-primo-soccorso-Ic-Sedico-4_gli-studenti-provano-150x150.jpg\" class=\"attachment-thumbnail size-thumbnail\" alt=\"\" \/><\/a>\n\t\t\t\t<\/dt><\/dl><br style=\"clear: both\" \/>\n\t\t\t<\/div>\n\n<p>&nbsp;<\/p>\n<p><iframe loading=\"lazy\" title=\"PRIMO SOCCORSO MEDIE SEDICO\" width=\"1200\" height=\"675\" src=\"https:\/\/www.youtube.com\/embed\/s4e-xYqwmXA?feature=oembed\" frameborder=\"0\" allow=\"accelerometer; autoplay; clipboard-write; encrypted-media; gyroscope; picture-in-picture; web-share\" allowfullscreen><\/iframe><\/p>\n<p>&nbsp;<\/p>\n<p>&nbsp;<\/p>\n<hr \/>\n<p>&nbsp;<\/p>\n<p>&nbsp;<\/p>\n<blockquote>\n<h2>&#8220;Robot chirurgico Da Vinci a Feltre: Un futuro di modernit\u00e0 per la chirurgia&#8221;<\/h2>\n<\/blockquote>\n<blockquote><p><em><img decoding=\"async\" class=\"alignleft\" src=\"https:\/\/www.radiopiu.net\/wordpress\/wp-content\/uploads\/2023\/11\/th-11.jpg\" \/>\u00a0&#8220;L&#8217;eccellenza tecnologica arriva anche negli ospedali veneti al di fuori degli Hub, con il robot Da Vinci ora operativo a Feltre, eseguendo con successo gi\u00e0 33 interventi.&#8221;\u00f9<\/em><\/p><\/blockquote>\n<p><strong>VENEZIA<\/strong> Il Presidente della Regione Veneto, Luca Zaia, ha annunciato l&#8217;entrata in funzione di un robot chirurgico Da Vinci all&#8217;Ospedale di Feltre. L&#8217;investimento complessivo, di 5 milioni di euro, include il costo del robot, materiali di consumo e la gestione per 5 anni. Il sistema robotico \u00e8 destinato al &#8220;Centro di Riferimento Regionale per la chirurgia oncologica gastroenterologica &#8211; dr. Michele De Boni&#8221;. L&#8217;Assessore regionale alla Sanit\u00e0, Manuela Lanzarin, ha sottolineato che l&#8217;introduzione del robot permetter\u00e0 di effettuare circa 200 interventi all&#8217;anno per cinque anni. Fino a ora, sono stati eseguiti 33 interventi, dimostrando l&#8217;efficacia del nuovo strumento in specialit\u00e0 come Chirurgia Generale, Urologia e Ginecologia. La tecnologia del robot chirurgico Da Vinci offre vantaggi come maggior precisione, velocit\u00e0 e minor invasivit\u00e0. L&#8217;azienda sta formando ulteriori professionisti per garantire l&#8217;accesso a standard di cura avanzati nella regione.<\/p>\n\n\t\t\t<style type='text\/css'>\n\t\t\t\t#gallery-4 {\n\t\t\t\t\tmargin: auto;\n\t\t\t\t}\n\t\t\t\t#gallery-4 .gallery-item {\n\t\t\t\t\tfloat: left;\n\t\t\t\t\tmargin-top: 10px;\n\t\t\t\t\ttext-align: center;\n\t\t\t\t\twidth: 20%;\n\t\t\t\t}\n\t\t\t\t#gallery-4 img {\n\t\t\t\t\tborder: 2px solid #cfcfcf;\n\t\t\t\t}\n\t\t\t\t#gallery-4 .gallery-caption {\n\t\t\t\t\tmargin-left: 0;\n\t\t\t\t}\n\t\t\t\t\/* see gallery_shortcode() in wp-includes\/media.php *\/\n\t\t\t<\/style>\n\t\t<div id='gallery-4' class='dt-gallery-container gallery galleryid-362906 gallery-columns-5 gallery-size-thumbnail'><dl class='gallery-item'>\n\t\t\t\t<dt class='gallery-icon landscape'>\n\t\t\t\t\t<a class=\"rollover rollover-zoom dt-pswp-item\" title=\"WhatsApp Image 2023-11-24 at 17.16.22\" data-dt-img-description=\"\" data-large_image_width=\"1024\" data-large_image_height=\"768\"href='https:\/\/www.radiopiu.net\/wordpress\/wp-content\/uploads\/2023\/11\/WhatsApp-Image-2023-11-24-at-17.16.22.jpeg'><img loading=\"lazy\" decoding=\"async\" width=\"150\" height=\"150\" src=\"https:\/\/www.radiopiu.net\/wordpress\/wp-content\/uploads\/2023\/11\/WhatsApp-Image-2023-11-24-at-17.16.22-150x150.jpeg\" class=\"attachment-thumbnail size-thumbnail\" alt=\"\" \/><\/a>\n\t\t\t\t<\/dt><\/dl><dl class='gallery-item'>\n\t\t\t\t<dt class='gallery-icon landscape'>\n\t\t\t\t\t<a class=\"rollover rollover-zoom dt-pswp-item\" title=\"WhatsApp Image 2023-11-24 at 16.59.00\" data-dt-img-description=\"\" data-large_image_width=\"1600\" data-large_image_height=\"1200\"href='https:\/\/www.radiopiu.net\/wordpress\/wp-content\/uploads\/2023\/11\/WhatsApp-Image-2023-11-24-at-16.59.00.jpeg'><img loading=\"lazy\" decoding=\"async\" width=\"150\" height=\"150\" src=\"https:\/\/www.radiopiu.net\/wordpress\/wp-content\/uploads\/2023\/11\/WhatsApp-Image-2023-11-24-at-16.59.00-150x150.jpeg\" class=\"attachment-thumbnail size-thumbnail\" alt=\"\" \/><\/a>\n\t\t\t\t<\/dt><\/dl><dl class='gallery-item'>\n\t\t\t\t<dt class='gallery-icon portrait'>\n\t\t\t\t\t<a class=\"rollover rollover-zoom dt-pswp-item\" title=\"WhatsApp Image 2023-11-24 at 17.15.50\" data-dt-img-description=\"\" data-large_image_width=\"768\" data-large_image_height=\"1024\"href='https:\/\/www.radiopiu.net\/wordpress\/wp-content\/uploads\/2023\/11\/WhatsApp-Image-2023-11-24-at-17.15.50.jpeg'><img loading=\"lazy\" decoding=\"async\" width=\"150\" height=\"150\" src=\"https:\/\/www.radiopiu.net\/wordpress\/wp-content\/uploads\/2023\/11\/WhatsApp-Image-2023-11-24-at-17.15.50-150x150.jpeg\" class=\"attachment-thumbnail size-thumbnail\" alt=\"\" \/><\/a>\n\t\t\t\t<\/dt><\/dl><dl class='gallery-item'>\n\t\t\t\t<dt class='gallery-icon landscape'>\n\t\t\t\t\t<a class=\"rollover rollover-zoom dt-pswp-item\" title=\"WhatsApp Image 2023-11-24 at 16.58.34\" data-dt-img-description=\"\" data-large_image_width=\"1600\" data-large_image_height=\"1200\"href='https:\/\/www.radiopiu.net\/wordpress\/wp-content\/uploads\/2023\/11\/WhatsApp-Image-2023-11-24-at-16.58.34.jpeg'><img loading=\"lazy\" decoding=\"async\" width=\"150\" height=\"150\" src=\"https:\/\/www.radiopiu.net\/wordpress\/wp-content\/uploads\/2023\/11\/WhatsApp-Image-2023-11-24-at-16.58.34-150x150.jpeg\" class=\"attachment-thumbnail size-thumbnail\" alt=\"\" \/><\/a>\n\t\t\t\t<\/dt><\/dl><dl class='gallery-item'>\n\t\t\t\t<dt class='gallery-icon portrait'>\n\t\t\t\t\t<a class=\"rollover rollover-zoom dt-pswp-item\" title=\"WhatsApp Image 2023-11-24 at 17.15.40\" data-dt-img-description=\"\" data-large_image_width=\"768\" data-large_image_height=\"1024\"href='https:\/\/www.radiopiu.net\/wordpress\/wp-content\/uploads\/2023\/11\/WhatsApp-Image-2023-11-24-at-17.15.40.jpeg'><img loading=\"lazy\" decoding=\"async\" width=\"150\" height=\"150\" src=\"https:\/\/www.radiopiu.net\/wordpress\/wp-content\/uploads\/2023\/11\/WhatsApp-Image-2023-11-24-at-17.15.40-150x150.jpeg\" class=\"attachment-thumbnail size-thumbnail\" alt=\"\" \/><\/a>\n\t\t\t\t<\/dt><\/dl><br style=\"clear: both\" \/>\n\t\t\t<\/div>\n\n<p>&nbsp;<\/p>\n<p><strong>Sono gi\u00e0 stati eseguiti 33 interventi dalle \u00e9quipe del Santa Maria e del San Martino.\u00a0 L&#8217;investimento, per un contratto misto fra tecnologia, attrezzature e gestione per 5 anni,\u00a0 \u00e8 di 5 milioni euro di cui 1,6 milioni finanziati dai Fondi Comuni di Confine<\/strong><\/p>\n<blockquote><p><em>\u201cLe dotazioni tecnologiche sono un valore aggiunto alle competenze dei professionisti, per dare una risposta attuale ai bisogni di salute della nostra gente\u00bb, commenta il commissario Dal Ben, \u00abil robot chirurgico andr\u00e0 ad integrare le tecnologie gi\u00e0 presenti in azienda come l\u2019intelligenza artificiale, per un upgrade continuo delle dotazioni dei nostri ospedali. Ringrazio i Fondi di Comune Confinanti per aver sostenuto l&#8217;investimento. In questi giorni, inoltre, stiamo provando una nuova tecnologia robotica per l&#8217;ospedale di Belluno&#8221;.<\/em><\/p><\/blockquote>\n<p>&nbsp;<\/p>\n<hr \/>\n<p>&nbsp;<\/p>\n<blockquote>\n<h3>A Borgo Valbelluna i consiglieri di minoranza dialogano con i cittadini: criticit\u00e0 e proposte per il futuro<\/h3>\n<\/blockquote>\n<p><strong>BORGO VALBELLUNA<\/strong> Durante sette incontri, i consiglieri di minoranza di Borgo Valbelluna hanno fatto una retrospettiva dei primi quattro anni dell&#8217;amministrazione della fusione delle tre ex Municipalit\u00e0. Hanno esposto criticit\u00e0 come il mancato funzionamento delle commissioni e il perdurante coinvolgimento dei cittadini. I cittadini hanno espresso il desiderio di un cambiamento e maggiore coinvolgimento nella gestione amministrativa. In risposta, \u00e8 stato costituito un comitato per raccogliere le istanze dei cittadini, favorendo un dialogo pi\u00f9 aperto e una prospettiva amministrativa nuova.<\/p>\n<p>&nbsp;<\/p>\n<p>&nbsp;<\/p>\n<hr \/>\n<p>&nbsp;<\/p>\n<blockquote>\n<h3>TORNANO\u00a0 I PREMI \u201cARRIGONI\u201d E \u201cBRISTOT\u201d DEL COMITATO D\u2019INTESA<\/h3>\n<\/blockquote>\n<p><strong><a class=\"dt-pswp-item\" href=\"https:\/\/www.radiopiu.net\/wordpress\/wp-content\/uploads\/2023\/01\/COMITATO-INTESA-BELLUNO.png\" data-dt-img-description=\"\" data-large_image_width=\"1923\" data-large_image_height=\"1225\"><img loading=\"lazy\" decoding=\"async\" class=\" wp-image-316402 alignleft\" src=\"https:\/\/www.radiopiu.net\/wordpress\/wp-content\/uploads\/2023\/01\/COMITATO-INTESA-BELLUNO-300x191.png\" alt=\"\" width=\"170\" height=\"108\" srcset=\"https:\/\/www.radiopiu.net\/wordpress\/wp-content\/uploads\/2023\/01\/COMITATO-INTESA-BELLUNO-300x191.png 300w, https:\/\/www.radiopiu.net\/wordpress\/wp-content\/uploads\/2023\/01\/COMITATO-INTESA-BELLUNO-1024x652.png 1024w, https:\/\/www.radiopiu.net\/wordpress\/wp-content\/uploads\/2023\/01\/COMITATO-INTESA-BELLUNO-768x489.png 768w, https:\/\/www.radiopiu.net\/wordpress\/wp-content\/uploads\/2023\/01\/COMITATO-INTESA-BELLUNO-1536x978.png 1536w, https:\/\/www.radiopiu.net\/wordpress\/wp-content\/uploads\/2023\/01\/COMITATO-INTESA-BELLUNO.png 1923w\" sizes=\"auto, (max-width: 170px) 100vw, 170px\" \/><\/a>BELLUNO<\/strong> Il Comitato d&#8217;Intesa ha annunciato i premi &#8220;Arrigoni&#8221; e &#8220;Bristot&#8221; nella loro seconda edizione, riconoscendo l&#8217;impegno nel Terzo Settore bellunese e nel volontariato. I premi sono dedicati alla memoria di Giambattista Arrigoni e Romeo Bristot. Il premio &#8220;Arrigoni&#8221; \u00e8 stato assegnato al Coordinamento Agordino Zoldano Volontari Ambulanze e alle sette associazioni che ne fanno parte, mentre il premio &#8220;Bristot&#8221; per il volontario dell&#8217;anno \u00e8 andato a Lidia Bertozzi Zaccone del CAV Belluno &#8211; Centro Aiuto alla Vita Movimento per la Vita OdV. Sono state anche consegnate due menzioni speciali in memoria di Maria Da Rold e Anna B\u00e4rlocher.<\/p>\n<p>&nbsp;<\/p>\n<p>&nbsp;<\/p>\n<hr \/>\n<p>&nbsp;<\/p>\n<blockquote>\n<h3>UN NUOVO CANALE WHATSAPP PER IL COMUNE DI PONTE NELLE ALPI<\/h3>\n<\/blockquote>\n<p><strong><a class=\"dt-pswp-item\" href=\"https:\/\/www.radiopiu.net\/wordpress\/wp-content\/uploads\/2020\/06\/APP-CELLULARE.jpg\" data-dt-img-description=\"\" data-large_image_width=\"1920\" data-large_image_height=\"1280\"><img loading=\"lazy\" decoding=\"async\" class=\" wp-image-143334 alignleft\" src=\"https:\/\/www.radiopiu.net\/wordpress\/wp-content\/uploads\/2020\/06\/APP-CELLULARE-300x200.jpg\" alt=\"\" width=\"162\" height=\"108\" srcset=\"https:\/\/www.radiopiu.net\/wordpress\/wp-content\/uploads\/2020\/06\/APP-CELLULARE-300x200.jpg 300w, https:\/\/www.radiopiu.net\/wordpress\/wp-content\/uploads\/2020\/06\/APP-CELLULARE-1024x683.jpg 1024w, https:\/\/www.radiopiu.net\/wordpress\/wp-content\/uploads\/2020\/06\/APP-CELLULARE-768x512.jpg 768w, https:\/\/www.radiopiu.net\/wordpress\/wp-content\/uploads\/2020\/06\/APP-CELLULARE-1536x1024.jpg 1536w, https:\/\/www.radiopiu.net\/wordpress\/wp-content\/uploads\/2020\/06\/APP-CELLULARE.jpg 1920w\" sizes=\"auto, (max-width: 162px) 100vw, 162px\" \/><\/a>PONTE NELLE ALPI<\/strong> Oltre ai consueti canali di comunicazione e alla pagina Facebook, il Comune di Ponte nelle Alpi sbarca su WhatsApp. E potr\u00e0 quindi contare su una fra le applicazioni pi\u00f9 diffuse, destinata a mettere in contatto l\u2019amministrazione comunale e i cittadini. In poche ore, sono gi\u00e0 pi\u00f9 di 200 gli iscritti al canale. Che \u00e8 gratuito, aperto ai residenti, ma anche a chi desidera essere informato su eventi, iniziative, ricorrenze e manifestazioni nel territorio: dal teatro alla Biblioteca civica, passando per le frazioni, le attivit\u00e0 sportive ed educative, fino ai convegni di interesse sovraconunale. Un canale aperto con chiunque, quindi: pure con i tanti bellunesi e veneti residenti fuori regione e gli emigranti.<span class=\"gmail-Apple-converted-space\"> \u00a0<\/span><\/p>\n<p>&nbsp;<\/p>\n<hr \/>\n<p>&nbsp;<\/p>\n<p>&nbsp;<\/p>\n<blockquote>\n<h3><a class=\"dt-pswp-item\" href=\"https:\/\/www.radiopiu.net\/wordpress\/wp-content\/uploads\/2022\/03\/ASCA.jpg\" data-dt-img-description=\"\" data-large_image_width=\"292\" data-large_image_height=\"290\"><img loading=\"lazy\" decoding=\"async\" class=\"wp-image-263829 alignleft\" src=\"https:\/\/www.radiopiu.net\/wordpress\/wp-content\/uploads\/2022\/03\/ASCA.jpg\" alt=\"\" width=\"166\" height=\"165\" srcset=\"https:\/\/www.radiopiu.net\/wordpress\/wp-content\/uploads\/2022\/03\/ASCA.jpg 292w, https:\/\/www.radiopiu.net\/wordpress\/wp-content\/uploads\/2022\/03\/ASCA-150x150.jpg 150w\" sizes=\"auto, (max-width: 166px) 100vw, 166px\" \/><\/a>I CONCORSI DI ASCA<\/h3>\n<\/blockquote>\n<p><strong>AGORDO\u00a0\u00a0<\/strong><\/p>\n<p><strong>GIANNI SANTOMASO\u00a0\u00a0<\/strong><\/p>\n<audio class=\"wp-audio-shortcode\" id=\"audio-362906-11\" preload=\"none\" style=\"width: 100%;\" controls=\"controls\"><source type=\"audio\/mpeg\" src=\"https:\/\/www.radiopiu.net\/wordpress\/wp-content\/uploads\/2023\/11\/ASCA-COCNCORSI-GIANNI.mp3?_=11\" \/><a href=\"https:\/\/www.radiopiu.net\/wordpress\/wp-content\/uploads\/2023\/11\/ASCA-COCNCORSI-GIANNI.mp3\">https:\/\/www.radiopiu.net\/wordpress\/wp-content\/uploads\/2023\/11\/ASCA-COCNCORSI-GIANNI.mp3<\/a><\/audio>\n<p>&nbsp;<\/p>\n<p>&nbsp;<\/p>\n<p>&nbsp;<\/p>\n<hr \/>\n<p>&nbsp;<\/p>\n<blockquote>\n<h2>FIORI D&#8217;ARANCIO IN RIVA AL LAGO TRA STECCHE E PUCK<\/h2>\n<\/blockquote>\n<p>&nbsp;<\/p>\n<p><strong>ALLEGHE<\/strong> Giorni di festa sotto al Civetta, si sono uniti in matrimonio ad ALLEGHE\u00a0 con rcerimonia civile <strong>NIKOLAY ZHERDEV E MARIA KIRILENKO<\/strong>. Due persone che si sono innamorate tra loro e&#8230;anche di Alleghe. Eccoli in sala del Municipio tra i sorridenti testimoni, Fabrizio Fontanive e Mara Tom\u00e8<\/p>\n<p>&nbsp;<\/p>\n<p><img loading=\"lazy\" decoding=\"async\" class=\"aligncenter\" src=\"https:\/\/www.radiopiu.net\/wordpress\/wp-content\/uploads\/2023\/11\/23982e39-3362-497c-b02c-37114334242f.jpg\" width=\"329\" height=\"247\" \/><\/p>\n<p>&nbsp;<\/p>\n<p>&nbsp;<\/p>\n<hr \/>\n<p>&nbsp;<\/p>\n<p>&nbsp;<\/p>\n<blockquote>\n<h3>A TAIBON SI CHIUDE UN&#8217;EPOCA, GRAZIE SUORE!<\/h3>\n<\/blockquote>\n<p><strong>TAIBON\u00a0<\/strong> Questa sera\u00a0 alle 18 nella messa sar\u00e0 dato il saluto alle suore, Maestre di Santa Dorotea che lasciano definitivamente Taibon. Le ultime tre suore presenti alla Casa di Soggiorno per persone Anziane. Persone amate le suore, la generazione pi\u00f9 mature ricorda il loro impegno alla scuola Materna nella assolata frazione Coi, e oggi le altrettante impegnative giornate a servizio della fascia pi\u00f9 debole in casa di soggiorno. Ieri alla radio, il saluto alle suore di Don Cesare che domani le incontrer\u00e0 in chiesa.<\/p>\n<p><strong>DON CESARE LARESE<\/strong><\/p>\n<audio class=\"wp-audio-shortcode\" id=\"audio-362906-12\" preload=\"none\" style=\"width: 100%;\" controls=\"controls\"><source type=\"audio\/mpeg\" src=\"https:\/\/www.radiopiu.net\/wordpress\/wp-content\/uploads\/2023\/11\/cesare-suore.mp3?_=12\" \/><a href=\"https:\/\/www.radiopiu.net\/wordpress\/wp-content\/uploads\/2023\/11\/cesare-suore.mp3\">https:\/\/www.radiopiu.net\/wordpress\/wp-content\/uploads\/2023\/11\/cesare-suore.mp3<\/a><\/audio>\n\n\t\t\t<style type='text\/css'>\n\t\t\t\t#gallery-5 {\n\t\t\t\t\tmargin: auto;\n\t\t\t\t}\n\t\t\t\t#gallery-5 .gallery-item {\n\t\t\t\t\tfloat: left;\n\t\t\t\t\tmargin-top: 10px;\n\t\t\t\t\ttext-align: center;\n\t\t\t\t\twidth: 33%;\n\t\t\t\t}\n\t\t\t\t#gallery-5 img {\n\t\t\t\t\tborder: 2px solid #cfcfcf;\n\t\t\t\t}\n\t\t\t\t#gallery-5 .gallery-caption {\n\t\t\t\t\tmargin-left: 0;\n\t\t\t\t}\n\t\t\t\t\/* see gallery_shortcode() in wp-includes\/media.php *\/\n\t\t\t<\/style>\n\t\t<div id='gallery-5' class='dt-gallery-container gallery galleryid-362906 gallery-columns-3 gallery-size-thumbnail'><dl class='gallery-item'>\n\t\t\t\t<dt class='gallery-icon landscape'>\n\t\t\t\t\t<a class=\"rollover rollover-zoom dt-pswp-item\" title=\"Suore Dorotee Taibon 1\" data-dt-img-description=\"\" data-large_image_width=\"1769\" data-large_image_height=\"1163\"href='https:\/\/www.radiopiu.net\/wordpress\/wp-content\/uploads\/2023\/11\/Suore-Dorotee-Taibon-1.jpg'><img loading=\"lazy\" decoding=\"async\" width=\"150\" height=\"150\" src=\"https:\/\/www.radiopiu.net\/wordpress\/wp-content\/uploads\/2023\/11\/Suore-Dorotee-Taibon-1-150x150.jpg\" class=\"attachment-thumbnail size-thumbnail\" alt=\"\" \/><\/a>\n\t\t\t\t<\/dt><\/dl><dl class='gallery-item'>\n\t\t\t\t<dt class='gallery-icon landscape'>\n\t\t\t\t\t<a class=\"rollover rollover-zoom dt-pswp-item\" title=\"Ta-Suore casa soggiorno\" data-dt-img-description=\"\" data-large_image_width=\"1781\" data-large_image_height=\"1175\"href='https:\/\/www.radiopiu.net\/wordpress\/wp-content\/uploads\/2023\/11\/Ta-Suore-casa-soggiorno.jpg'><img loading=\"lazy\" decoding=\"async\" width=\"150\" height=\"150\" src=\"https:\/\/www.radiopiu.net\/wordpress\/wp-content\/uploads\/2023\/11\/Ta-Suore-casa-soggiorno-150x150.jpg\" class=\"attachment-thumbnail size-thumbnail\" alt=\"\" \/><\/a>\n\t\t\t\t<\/dt><\/dl><dl class='gallery-item'>\n\t\t\t\t<dt class='gallery-icon landscape'>\n\t\t\t\t\t<a class=\"rollover rollover-zoom dt-pswp-item\" title=\"62d43b81-2ad8-4103-b8e5-6fdf70b21143\" data-dt-img-description=\"\" data-large_image_width=\"2048\" data-large_image_height=\"1536\"href='https:\/\/www.radiopiu.net\/wordpress\/wp-content\/uploads\/2023\/11\/62d43b81-2ad8-4103-b8e5-6fdf70b21143.jpg'><img loading=\"lazy\" decoding=\"async\" width=\"150\" height=\"150\" src=\"https:\/\/www.radiopiu.net\/wordpress\/wp-content\/uploads\/2023\/11\/62d43b81-2ad8-4103-b8e5-6fdf70b21143-150x150.jpg\" class=\"attachment-thumbnail size-thumbnail\" alt=\"\" \/><\/a>\n\t\t\t\t<\/dt><\/dl><br style=\"clear: both\" \/>\n\t\t\t<\/div>\n\n<p>&nbsp;<\/p>\n<p>&nbsp;<\/p>\n<hr \/>\n<p>&nbsp;<\/p>\n<h3><span style=\"color: #ff0000;\">I CONSIGLI COMUNALI IN AGORDINO<\/span><\/h3>\n<blockquote>\n<h3>AD ALLEGHE<\/h3>\n<\/blockquote>\n<p>GIANNI SANTOMASO<\/p>\n<audio class=\"wp-audio-shortcode\" id=\"audio-362906-13\" preload=\"none\" style=\"width: 100%;\" controls=\"controls\"><source type=\"audio\/mpeg\" src=\"https:\/\/www.radiopiu.net\/wordpress\/wp-content\/uploads\/2023\/11\/GIANNI-CONSIGLIO-COMUNALE-ALLEGHE.mp3?_=13\" \/><a href=\"https:\/\/www.radiopiu.net\/wordpress\/wp-content\/uploads\/2023\/11\/GIANNI-CONSIGLIO-COMUNALE-ALLEGHE.mp3\">https:\/\/www.radiopiu.net\/wordpress\/wp-content\/uploads\/2023\/11\/GIANNI-CONSIGLIO-COMUNALE-ALLEGHE.mp3<\/a><\/audio>\n<p><strong>ALLEGHE<\/strong> Marted\u00ec alle 20:30 \u00e8 stato convocato il consiglio comunale ad Alleghe. Il sindaco Danilo De Toni ha chiamato a rapporto i consiglieri per trattare 10 punti tra cui la programmazione triennale dei lavori pubblici, una variazione a bilancio, il piano di valorizzazione del patrimonio immobiliare, la modifica al regolamento per l&#8217;applicazione del canone patrimoniale di occupazione del suolo pubblico, l&#8217;approvazione di IMU e il documento unico di programmazione e la nomina del revisore dei conti.<\/p>\n<blockquote>\n<h3>A FALCADE<\/h3>\n<p>GIANNI SANTOMASO<\/p><\/blockquote>\n<audio class=\"wp-audio-shortcode\" id=\"audio-362906-14\" preload=\"none\" style=\"width: 100%;\" controls=\"controls\"><source type=\"audio\/mpeg\" src=\"https:\/\/www.radiopiu.net\/wordpress\/wp-content\/uploads\/2023\/11\/CONSIGLIO-COMUANLE-FALCAE-GIANNI.mp3?_=14\" \/><a href=\"https:\/\/www.radiopiu.net\/wordpress\/wp-content\/uploads\/2023\/11\/CONSIGLIO-COMUANLE-FALCAE-GIANNI.mp3\">https:\/\/www.radiopiu.net\/wordpress\/wp-content\/uploads\/2023\/11\/CONSIGLIO-COMUANLE-FALCAE-GIANNI.mp3<\/a><\/audio>\n<p><strong>FALCADE<\/strong> Consiglio comunale convocato per martedi alle 20, all&#8217;ordine del giorno modifica piano investimenti, variazioni al bilancio, convenzione con la Provincia per l&#8217;uso del Palafalcade, approvazione regolamenti.<\/p>\n<p>&nbsp;<\/p>\n<blockquote>\n<h3>A TAIBON<\/h3>\n<\/blockquote>\n<p><strong>TAIBON <\/strong>Consiglio comunale mercoled\u00ec alle 18. Cinque punti da trattare tra cui una variazione a bilancio e l&#8217;approvazione del documento unico di programmazione.<\/p>\n<blockquote>\n<h3>A COLLE SANTA LUCIA<\/h3>\n<\/blockquote>\n<p><strong>COLLE SANTA LUCIA<\/strong> Consiglio comunale convocato per mercoledi alle 21, all&#8217;ordine del giorno\u00a0 la ristrutturazione e messa in sicurezza dell&#8217;edificio comunale, il Dup, la variazioni al bilancio e anche l&#8217;approvazione del nuovo piano comunale di protezione civile.<\/p>\n<p>&nbsp;<\/p>\n<blockquote>\n<h3>A SELVA DI CADORE<\/h3>\n<\/blockquote>\n<p><strong>SELVA DI CADORE<\/strong> Consiglio comunale giovedi 30 novembre per l&#8217;approvazione del primo piano degli interventi; modifica al regolamento per la disciplina delle attivit\u00e0 di acconciatore, variazione al bilancio<\/p>\n<p>&nbsp;<\/p>\n<hr \/>\n<p>&nbsp;<\/p>\n<blockquote>\n<h3>LUNEDI SERA IN SALA DON TAMIS CON L&#8217;UNIONE MONTANA AGORDINA<\/h3>\n<\/blockquote>\n<p>GIANNI SANTOMASO<\/p>\n<audio class=\"wp-audio-shortcode\" id=\"audio-362906-15\" preload=\"none\" style=\"width: 100%;\" controls=\"controls\"><source type=\"audio\/mpeg\" src=\"https:\/\/www.radiopiu.net\/wordpress\/wp-content\/uploads\/2023\/11\/GIANNI-UMA.mp3?_=15\" \/><a href=\"https:\/\/www.radiopiu.net\/wordpress\/wp-content\/uploads\/2023\/11\/GIANNI-UMA.mp3\">https:\/\/www.radiopiu.net\/wordpress\/wp-content\/uploads\/2023\/11\/GIANNI-UMA.mp3<\/a><\/audio>\n<p><strong>AGORDO<\/strong> Il Presidente dell&#8217;Unione Montana Agordina, Paolo Frena, ha convocato il tavolo dell&#8217;Unione Montana per lunedi alle 20.30. All&#8217;ordine del giorno: documento unico di programmazione, variazioni al bilancio, immobili destinati a ecocentro dell&#8217;Unione Montana Agordina, strade silvo pastorali e comunicazioni del Presidente.<\/p>\n<p>&nbsp;<\/p>\n<p>&nbsp;<\/p>\n<hr \/>\n<p>&nbsp;<\/p>\n<blockquote>\n<h3>VACCINO ANTINFLUENZALE: PARTITA LA CAMPAGNA<\/h3>\n<\/blockquote>\n<p><strong><a class=\"dt-pswp-item\" href=\"https:\/\/www.radiopiu.net\/wordpress\/wp-content\/uploads\/2018\/01\/vaccinoinfluenza.jpg\" data-dt-img-description=\"\" data-large_image_width=\"1488\" data-large_image_height=\"973\"><img loading=\"lazy\" decoding=\"async\" class=\" wp-image-42390 alignleft\" src=\"https:\/\/www.radiopiu.net\/wordpress\/wp-content\/uploads\/2018\/01\/vaccinoinfluenza-300x196.jpg\" alt=\"\" width=\"142\" height=\"93\" srcset=\"https:\/\/www.radiopiu.net\/wordpress\/wp-content\/uploads\/2018\/01\/vaccinoinfluenza-300x196.jpg 300w, https:\/\/www.radiopiu.net\/wordpress\/wp-content\/uploads\/2018\/01\/vaccinoinfluenza-768x502.jpg 768w, https:\/\/www.radiopiu.net\/wordpress\/wp-content\/uploads\/2018\/01\/vaccinoinfluenza-1024x670.jpg 1024w, https:\/\/www.radiopiu.net\/wordpress\/wp-content\/uploads\/2018\/01\/vaccinoinfluenza.jpg 1488w\" sizes=\"auto, (max-width: 142px) 100vw, 142px\" \/><\/a>BELLUNO <\/strong>Da marted\u00ec \u00e8 attiva la prenotabilit\u00e0 della vaccinazione antinfluenzale per tutti gli over 65 residenti in Ulss Dolomiti. Il Dipartimento di Prevenzione ha infatti organizzato alcune sedute dedicate nel Centro Vaccinale di Salce, al Centro Prelievi di Feltre (Pad. Gaggia), all\u2019ospedale Pieve di Cadore o al drive in di Tai di Cadore e all\u2019ambulatorio vaccinale di Agordo.<br \/>\n<strong>Si riporta di seguito l\u2019elenco delle sedute disponibili:<\/strong><br \/>\n\u2022 27\/11 CADORE DRIVE IN ore 9.00-12.00<br \/>\n\u2022 27\/11 CVP SALCE ore 9.00-12.00<br \/>\n\u2022 28\/11 CVP SALCE ore 9.00-12.00<br \/>\n\u2022 01\/12 FELTRE GAGGIA ore 15.30-17.30<br \/>\nLa prenotazione \u00e8 possibile: online al link: https:\/\/dolomiti.myprenota.it\/vaccinazioni, con richiesta telefonica al numero 0437-514343, con richiesta via mail scrivendo a: vaccinazioni.covid@aulss1.veneto.it Si ricorda che tutti i soggetti per i quali \u00e8 raccomandata potranno eseguire gratuitamente la vaccinazione antinfluenzale dal proprio medico di famiglia o in alcune farmacie del territorio<\/p>\n<p>&nbsp;<\/p>\n<p>&nbsp;<\/p>\n<hr \/>\n<p>&nbsp;<\/p>\n<p>&nbsp;<\/p>\n<h2><span style=\"color: #008080;\">&#8220;DINTORN E FORA VIA&#8221;\u00a0 IL PROGRAMMA\u00a0 A CURA DEL MUSLA<\/span><\/h2>\n<p><strong><a class=\"dt-pswp-item\" href=\"https:\/\/www.radiopiu.net\/wordpress\/wp-content\/uploads\/2023\/04\/322100301_516815977090762_8285095125123579123_n.jpg\" data-dt-img-description=\"\" data-large_image_width=\"640\" data-large_image_height=\"640\"><img loading=\"lazy\" decoding=\"async\" class=\" wp-image-331476 alignleft\" src=\"https:\/\/www.radiopiu.net\/wordpress\/wp-content\/uploads\/2023\/04\/322100301_516815977090762_8285095125123579123_n-300x300.jpg\" alt=\"\" width=\"145\" height=\"145\" srcset=\"https:\/\/www.radiopiu.net\/wordpress\/wp-content\/uploads\/2023\/04\/322100301_516815977090762_8285095125123579123_n-300x300.jpg 300w, https:\/\/www.radiopiu.net\/wordpress\/wp-content\/uploads\/2023\/04\/322100301_516815977090762_8285095125123579123_n-150x150.jpg 150w, https:\/\/www.radiopiu.net\/wordpress\/wp-content\/uploads\/2023\/04\/322100301_516815977090762_8285095125123579123_n.jpg 640w\" sizes=\"auto, (max-width: 145px) 100vw, 145px\" \/><\/a>PUNTATA 24 NOVEMBRE ELEONORA TROI<\/strong><\/p>\n<audio class=\"wp-audio-shortcode\" id=\"audio-362906-16\" preload=\"none\" style=\"width: 100%;\" controls=\"controls\"><source type=\"audio\/mpeg\" src=\"https:\/\/www.radiopiu.net\/wordpress\/wp-content\/uploads\/2023\/11\/MUSLA-7.mp3?_=16\" \/><a href=\"https:\/\/www.radiopiu.net\/wordpress\/wp-content\/uploads\/2023\/11\/MUSLA-7.mp3\">https:\/\/www.radiopiu.net\/wordpress\/wp-content\/uploads\/2023\/11\/MUSLA-7.mp3<\/a><\/audio>\n<p>&nbsp;<\/p>\n<p><strong>LA RACCOLTA COMPLETA <a href=\"https:\/\/www.radiopiu.net\/wordpress\/musla\/\">CLICCA QUI<\/a><\/strong><\/p>\n<p>&nbsp;<\/p>\n<hr \/>\n<p>&nbsp;<\/p>\n<p>&nbsp;<\/p>\n<h2><span style=\"color: #ff0000;\">MAURIZIO FONTANELLE DI VULCANO TEAM SOFTWARE<\/span><\/h2>\n<p><strong><a class=\"dt-pswp-item\" href=\"https:\/\/www.radiopiu.net\/wordpress\/wp-content\/uploads\/2023\/11\/vulcano_team_software_s_r_l__logo.jpg\" data-dt-img-description=\"\" data-large_image_width=\"200\" data-large_image_height=\"200\"><img loading=\"lazy\" decoding=\"async\" class=\" wp-image-362940 alignleft\" src=\"https:\/\/www.radiopiu.net\/wordpress\/wp-content\/uploads\/2023\/11\/vulcano_team_software_s_r_l__logo.jpg\" alt=\"\" width=\"102\" height=\"102\" srcset=\"https:\/\/www.radiopiu.net\/wordpress\/wp-content\/uploads\/2023\/11\/vulcano_team_software_s_r_l__logo.jpg 200w, https:\/\/www.radiopiu.net\/wordpress\/wp-content\/uploads\/2023\/11\/vulcano_team_software_s_r_l__logo-150x150.jpg 150w\" sizes=\"auto, (max-width: 102px) 100vw, 102px\" \/><\/a>di Mirko Mezzacasa<\/strong><\/p>\n<p>OSPITE: Maurizio Fontanelle<\/p>\n<audio class=\"wp-audio-shortcode\" id=\"audio-362906-17\" preload=\"none\" style=\"width: 100%;\" controls=\"controls\"><source type=\"audio\/mpeg\" src=\"https:\/\/www.radiopiu.net\/wordpress\/wp-content\/uploads\/2023\/11\/VULCANO-MAURZIO-INTERVISTA.mp3?_=17\" \/><a href=\"https:\/\/www.radiopiu.net\/wordpress\/wp-content\/uploads\/2023\/11\/VULCANO-MAURZIO-INTERVISTA.mp3\">https:\/\/www.radiopiu.net\/wordpress\/wp-content\/uploads\/2023\/11\/VULCANO-MAURZIO-INTERVISTA.mp3<\/a><\/audio>\n<p>&nbsp;<\/p>\n<hr \/>\n<p>&nbsp;<\/p>\n<blockquote>\n<h3>DOMANI AGORDO RENDE OMAGGIO AI CADUTI NEL LAVORO<\/h3>\n<\/blockquote>\n<p><strong><a class=\"dt-pswp-item\" href=\"https:\/\/www.radiopiu.net\/wordpress\/wp-content\/uploads\/2023\/11\/Massimo-Crepaz.jpg\" data-dt-img-description=\"\" data-large_image_width=\"344\" data-large_image_height=\"475\"><img loading=\"lazy\" decoding=\"async\" class=\" wp-image-362738 alignleft\" src=\"https:\/\/www.radiopiu.net\/wordpress\/wp-content\/uploads\/2023\/11\/Massimo-Crepaz-217x300.jpg\" alt=\"\" width=\"137\" height=\"189\" srcset=\"https:\/\/www.radiopiu.net\/wordpress\/wp-content\/uploads\/2023\/11\/Massimo-Crepaz-217x300.jpg 217w, https:\/\/www.radiopiu.net\/wordpress\/wp-content\/uploads\/2023\/11\/Massimo-Crepaz.jpg 344w\" sizes=\"auto, (max-width: 137px) 100vw, 137px\" \/><\/a>di LORIS SANTOMASO<\/strong><\/p>\n<p><strong>AGORDO\u00a0<\/strong>Dopo la Messa per i caduti della montagna, celebrata nella consueta atmosfera carica di ricordi e di gratitudine, la comunit\u00e0 religiosa e civile di Agordo render\u00e0 nuovamente onore agli agordini morti sul lavoro. Lo far\u00e0 domani come da tradizione nella festa di Cristo re, alla Messa delle 18.00 nella chiesa arcidiaconale: un altro significativo momento di affettuosa e riconoscente memoria dei i caduti nell\u2019attivit\u00e0 lavorativa. Una celebrazione che si svolge da 41 anni e vuole unirsi nel ricordo dei propri cari ai familiari dei morti, sottolineando al contempo i valori della vita, del lavoro e della sicurezza nei luoghi di lavoro, troppo spesso considerata un inutile vincolo burocratico, mentre \u00e8 doveroso prevenire, nel rispetto delle leggi, le cause dei sempre troppi incidenti mortali, diffondendo una cultura della sicurezza. Una sentita cerimonia, con cui l\u2019Agordino, oltre ad essere terra legata al mondo della montagna, dimostra di esserlo altrettanto a quello del lavoro e dell\u2019emigrazione. All\u2019offertorio della Messa, che si svolge dal 1982 per iniziativa della Parrocchia, della Nuova Corale, delle Confraternite locali e del Comune di Agordo, si ripeter\u00e0 il toccante momento della lettura di 163 nomi degli agordini che in Italia e all\u2019estero (fra cui molti minatori e periti minerari) hanno lasciato la vita nel compimento del dovere quotidiano. Il rito sar\u00e0 accompagnato da un coro composto da voci unite di Agordo e della Schola Cantorum di La Valle, diretto da Lucio De Cassan. Quest\u2019anno, purtroppo, al lungo elenco dei caduti si aggiunge il nome di Massimo Crepaz, deceduto il 4 settembre 2023 mentre lavorava sulla seggiovia del Pad\u00f3n, Livinallongo. Anche suo padre, Renzo, era morto sul lavoro negli anni \u201970.<\/p>\n<p>DI GIANNI SANTOMASO<\/p>\n<audio class=\"wp-audio-shortcode\" id=\"audio-362906-18\" preload=\"none\" style=\"width: 100%;\" controls=\"controls\"><source type=\"audio\/mpeg\" src=\"https:\/\/www.radiopiu.net\/wordpress\/wp-content\/uploads\/2023\/11\/MESSA-CADUTI-GIANNI.mp3?_=18\" \/><a href=\"https:\/\/www.radiopiu.net\/wordpress\/wp-content\/uploads\/2023\/11\/MESSA-CADUTI-GIANNI.mp3\">https:\/\/www.radiopiu.net\/wordpress\/wp-content\/uploads\/2023\/11\/MESSA-CADUTI-GIANNI.mp3<\/a><\/audio>\n<p>&nbsp;<\/p>\n<hr \/>\n<p>&nbsp;<\/p>\n<blockquote>\n<h3>LE INIZIATIVE DELLA SCUOLA EQUIPE FALCADE PER LA STAGIONE INVERNALE<\/h3>\n<\/blockquote>\n<p><strong>FALCADE<\/strong> Si avvicina la stagione invernale 2023\/24 e la scuola Equipe Falcade propone quattro promozioni per il mese di dicembre. L&#8217;apertura della Skiarea Falcade- San Pellegrino \u00e8 prevista per sabato 2 dicembre. La prima promozione &#8220;Equipe Super Premiere&#8221; consiste in tre ore di lezione privata al prezzo di 2. Dal 7 al 10 dicembre i pi\u00f9 giovani potranno aderire al &#8220;Corso di Sant&#8217;Ambrogio&#8221;, quattro giorni di puro divertimento. Dal 17 al 22 dicembre \u00e8 in programma la &#8220;Week4Kids&#8221;, una settimana all&#8217;insegna del divertimento con tanti eventi organizzati dalla scuola Equipe dedicati ai pi\u00f9 giovani. Per ultimo la novit\u00e0 della stagione, la prenotazione delle lezioni online tramite QRcode.<\/p>\n\n\t\t\t<style type='text\/css'>\n\t\t\t\t#gallery-6 {\n\t\t\t\t\tmargin: auto;\n\t\t\t\t}\n\t\t\t\t#gallery-6 .gallery-item {\n\t\t\t\t\tfloat: left;\n\t\t\t\t\tmargin-top: 10px;\n\t\t\t\t\ttext-align: center;\n\t\t\t\t\twidth: 25%;\n\t\t\t\t}\n\t\t\t\t#gallery-6 img {\n\t\t\t\t\tborder: 2px solid #cfcfcf;\n\t\t\t\t}\n\t\t\t\t#gallery-6 .gallery-caption {\n\t\t\t\t\tmargin-left: 0;\n\t\t\t\t}\n\t\t\t\t\/* see gallery_shortcode() in wp-includes\/media.php *\/\n\t\t\t<\/style>\n\t\t<div id='gallery-6' class='dt-gallery-container gallery galleryid-362906 gallery-columns-4 gallery-size-thumbnail'><dl class='gallery-item'>\n\t\t\t\t<dt class='gallery-icon landscape'>\n\t\t\t\t\t<a class=\"rollover rollover-zoom dt-pswp-item\" title=\"Equipe super premiere\" data-dt-img-description=\"\" data-large_image_width=\"1772\" data-large_image_height=\"1772\"href='https:\/\/www.radiopiu.net\/wordpress\/wp-content\/uploads\/2023\/11\/Equipe-super-premiere.jpg'><img loading=\"lazy\" decoding=\"async\" width=\"150\" height=\"150\" src=\"https:\/\/www.radiopiu.net\/wordpress\/wp-content\/uploads\/2023\/11\/Equipe-super-premiere-150x150.jpg\" class=\"attachment-thumbnail size-thumbnail\" alt=\"\" aria-describedby=\"gallery-6-362783\" srcset=\"https:\/\/www.radiopiu.net\/wordpress\/wp-content\/uploads\/2023\/11\/Equipe-super-premiere-150x150.jpg 150w, https:\/\/www.radiopiu.net\/wordpress\/wp-content\/uploads\/2023\/11\/Equipe-super-premiere-300x300.jpg 300w, https:\/\/www.radiopiu.net\/wordpress\/wp-content\/uploads\/2023\/11\/Equipe-super-premiere-1024x1024.jpg 1024w, https:\/\/www.radiopiu.net\/wordpress\/wp-content\/uploads\/2023\/11\/Equipe-super-premiere-768x768.jpg 768w, https:\/\/www.radiopiu.net\/wordpress\/wp-content\/uploads\/2023\/11\/Equipe-super-premiere-1536x1536.jpg 1536w, https:\/\/www.radiopiu.net\/wordpress\/wp-content\/uploads\/2023\/11\/Equipe-super-premiere.jpg 1772w\" sizes=\"auto, (max-width: 150px) 100vw, 150px\" \/><\/a>\n\t\t\t\t<\/dt>\n\t\t\t\t\t<dd class='wp-caption-text gallery-caption' id='gallery-6-362783'>\n\t\t\t\t\tEQUIPE SUPER PREMIERE\n\t\t\t\t\t<\/dd><\/dl><dl class='gallery-item'>\n\t\t\t\t<dt class='gallery-icon landscape'>\n\t\t\t\t\t<a class=\"rollover rollover-zoom dt-pswp-item\" title=\"Corso di Sant&#039;Ambrogio\" data-dt-img-description=\"\" data-large_image_width=\"1240\" data-large_image_height=\"1240\"href='https:\/\/www.radiopiu.net\/wordpress\/wp-content\/uploads\/2023\/11\/Corso-di-SantAmbrogio.jpg'><img loading=\"lazy\" decoding=\"async\" width=\"150\" height=\"150\" src=\"https:\/\/www.radiopiu.net\/wordpress\/wp-content\/uploads\/2023\/11\/Corso-di-SantAmbrogio-150x150.jpg\" class=\"attachment-thumbnail size-thumbnail\" alt=\"\" aria-describedby=\"gallery-6-362784\" srcset=\"https:\/\/www.radiopiu.net\/wordpress\/wp-content\/uploads\/2023\/11\/Corso-di-SantAmbrogio-150x150.jpg 150w, https:\/\/www.radiopiu.net\/wordpress\/wp-content\/uploads\/2023\/11\/Corso-di-SantAmbrogio-300x300.jpg 300w, https:\/\/www.radiopiu.net\/wordpress\/wp-content\/uploads\/2023\/11\/Corso-di-SantAmbrogio-1024x1024.jpg 1024w, https:\/\/www.radiopiu.net\/wordpress\/wp-content\/uploads\/2023\/11\/Corso-di-SantAmbrogio-768x768.jpg 768w, https:\/\/www.radiopiu.net\/wordpress\/wp-content\/uploads\/2023\/11\/Corso-di-SantAmbrogio.jpg 1240w\" sizes=\"auto, (max-width: 150px) 100vw, 150px\" \/><\/a>\n\t\t\t\t<\/dt>\n\t\t\t\t\t<dd class='wp-caption-text gallery-caption' id='gallery-6-362784'>\n\t\t\t\t\tCORSO DI SANT&#8217;AMBROGIO\n\t\t\t\t\t<\/dd><\/dl><dl class='gallery-item'>\n\t\t\t\t<dt class='gallery-icon portrait'>\n\t\t\t\t\t<a class=\"rollover rollover-zoom dt-pswp-item\" title=\"week 4 kids\" data-dt-img-description=\"\" data-large_image_width=\"605\" data-large_image_height=\"855\"href='https:\/\/www.radiopiu.net\/wordpress\/wp-content\/uploads\/2023\/11\/week-4-kids.png'><img loading=\"lazy\" decoding=\"async\" width=\"150\" height=\"150\" src=\"https:\/\/www.radiopiu.net\/wordpress\/wp-content\/uploads\/2023\/11\/week-4-kids-150x150.png\" class=\"attachment-thumbnail size-thumbnail\" alt=\"\" aria-describedby=\"gallery-6-362785\" \/><\/a>\n\t\t\t\t<\/dt>\n\t\t\t\t\t<dd class='wp-caption-text gallery-caption' id='gallery-6-362785'>\n\t\t\t\t\tWEEK4KIDS\n\t\t\t\t\t<\/dd><\/dl><dl class='gallery-item'>\n\t\t\t\t<dt class='gallery-icon portrait'>\n\t\t\t\t\t<a class=\"rollover rollover-zoom dt-pswp-item\" title=\"qr\" data-dt-img-description=\"\" data-large_image_width=\"667\" data-large_image_height=\"944\"href='https:\/\/www.radiopiu.net\/wordpress\/wp-content\/uploads\/2023\/11\/qr.png'><img loading=\"lazy\" decoding=\"async\" width=\"150\" height=\"150\" src=\"https:\/\/www.radiopiu.net\/wordpress\/wp-content\/uploads\/2023\/11\/qr-150x150.png\" class=\"attachment-thumbnail size-thumbnail\" alt=\"\" aria-describedby=\"gallery-6-362786\" \/><\/a>\n\t\t\t\t<\/dt>\n\t\t\t\t\t<dd class='wp-caption-text gallery-caption' id='gallery-6-362786'>\n\t\t\t\t\tPRENOTAZIONE QRCODE\n\t\t\t\t\t<\/dd><\/dl><br style=\"clear: both\" \/>\n\t\t\t<\/div>\n\n<p>&nbsp;<\/p>\n<p>&nbsp;<\/p>\n<hr \/>\n<p>&nbsp;<\/p>\n<h2><span style=\"color: #ff0000;\">GLI APPUNTAMENTI DELLA SETTIMANA\u00a0\u00a0<\/span><\/h2>\n<blockquote>\n<h2>sant&#8217;Andrea, le nostre tradizioni. FINE SETTIMANA DI FESTA A CENCENIGHE<\/h2>\n<\/blockquote>\n<p><strong>A CENCENIGHE OGGI E DOMANI FIERA DI SANT&#8217;ANDREA. DALLE 9 ALLE 19 AL NOF FILO&#8217; DI CENCENIGHE<\/strong> MERCATINO DELL&#8217;ARTIGIANATO, SERVIZIO BAR, PRANZO CON PIATTO TIPICO. SUL PIAZZALE DEL MUNICIPIO GIRI IN PONY, ESPOSIZIONE CAVALLI, DIMOSTRAZIONE DI FERRATURA ED ESIBIZIONE DI SCULTURA IN LEGNO. CON GLI ALPINI CALDARROSTE E VIN BRULE&#8217;. SANT&#8217;ANDREA A CENCENIGHE CON LA PROLOCO, COMUNE E CON IL CONTRIBUTO DEL CONSORZIO BIM COMUNI DEL PIAVE.<\/p>\n<p><span style=\"color: #ff0000;\">AUDIO<\/span><\/p>\n<audio class=\"wp-audio-shortcode\" id=\"audio-362906-19\" preload=\"none\" style=\"width: 100%;\" controls=\"controls\"><source type=\"audio\/mpeg\" src=\"https:\/\/www.radiopiu.net\/wordpress\/wp-content\/uploads\/2023\/11\/santandrea-1-paoletta.mp3?_=19\" \/><a href=\"https:\/\/www.radiopiu.net\/wordpress\/wp-content\/uploads\/2023\/11\/santandrea-1-paoletta.mp3\">https:\/\/www.radiopiu.net\/wordpress\/wp-content\/uploads\/2023\/11\/santandrea-1-paoletta.mp3<\/a><\/audio>\n<p>&nbsp;<\/p>\n<p><a class=\"dt-pswp-item\" href=\"https:\/\/www.radiopiu.net\/wordpress\/wp-content\/uploads\/2023\/11\/Senza-nome-99.png\" data-dt-img-description=\"\" data-large_image_width=\"665\" data-large_image_height=\"141\"><img loading=\"lazy\" decoding=\"async\" class=\"alignnone wp-image-362343 size-full\" src=\"https:\/\/www.radiopiu.net\/wordpress\/wp-content\/uploads\/2023\/11\/Senza-nome-99.png\" alt=\"\" width=\"665\" height=\"141\" srcset=\"https:\/\/www.radiopiu.net\/wordpress\/wp-content\/uploads\/2023\/11\/Senza-nome-99.png 665w, https:\/\/www.radiopiu.net\/wordpress\/wp-content\/uploads\/2023\/11\/Senza-nome-99-300x64.png 300w\" sizes=\"auto, (max-width: 665px) 100vw, 665px\" \/><\/a><\/p>\n<p>&nbsp;<\/p>\n<p><strong>FIERA DI SANT&#8217;ANDREA A CENCENIGHE, INIZIATIVA SOLIDALE CON ACTO, ASSOCIAZIONE CONTRO IL TUMORE OVARICO.<\/strong> SABATO DALLE 15.30 ALLE 17 AL NOF FILO&#8217; ANGOLO DI CONSULENZA CON LA DOTTORESSA FAVRETTI, GIA&#8217; PRIMARIO GINECOLOGIA-OSTETRICIA A FELTRE DOMENICA DALLE 15.30 A VIVA VOCE, LE DONNE SI RACCONTANO, CONVEGNO ALLA PRESENZA DELLA DOTTORESSA PEZZANI, NUOVO PRIMARIO DI OSTETRICIE A GINECOLOGIA A FELTRE. SANT&#8217;ANDREA A CENCENIGHE, CON LA PROLOCO, COMUNE E IL CONTRIBUTO DEL CONSORZIO BIM COMUNI DEL PIAVE<\/p>\n<p><span style=\"color: #ff0000;\">AUDIO<\/span><\/p>\n<audio class=\"wp-audio-shortcode\" id=\"audio-362906-20\" preload=\"none\" style=\"width: 100%;\" controls=\"controls\"><source type=\"audio\/mpeg\" src=\"https:\/\/www.radiopiu.net\/wordpress\/wp-content\/uploads\/2023\/11\/SAGRA-SANTANDREA-2.mp3?_=20\" \/><a href=\"https:\/\/www.radiopiu.net\/wordpress\/wp-content\/uploads\/2023\/11\/SAGRA-SANTANDREA-2.mp3\">https:\/\/www.radiopiu.net\/wordpress\/wp-content\/uploads\/2023\/11\/SAGRA-SANTANDREA-2.mp3<\/a><\/audio>\n<p>&nbsp;<\/p>\n<p>&nbsp;<\/p>\n<hr \/>\n<h2><span style=\"color: #808000;\">\u00a0<\/span><\/h2>\n<p>&nbsp;<\/p>\n<blockquote>\n<h3>LA FILODRAMMATICA D&#8217;AMPEZZO AD ARABBA<\/h3>\n<\/blockquote>\n<p><strong>LIVINALLONGO<\/strong> La Filodrammatica d\u2019Ampezo sar\u00e0 presente ad Arabba, un appuntamento consolidato negli anni, con la commedia allegra \u201cEl morto in ciasa\u201d che dal primo all\u2019ultimo minuto far\u00e0 rimanere il pubblico a bocca aperta con scene divertenti e grottesche.<br \/>\nLa serata si terr\u00e0\u00a0 ad Arabba oggi alle 20,30 con la collaborazione dei Ladins da Fodom.<\/p>\n<p>&nbsp;<\/p>\n<hr \/>\n<p>&nbsp;<\/p>\n<blockquote>\n<h3>IL GIORNALISTA CLAUDIO PAGLIARA A BELLUNO PER PRESENTARE IL NUOVO LIBRO<\/h3>\n<\/blockquote>\n<p><strong>BELLUNO<\/strong> La rassegna culturale \u201cIllustrissimi\u201d ideata e curata da Michelangelo De Don\u00e0 e tenutasi dal 1995 presso il Centro Papa Luciani di Santa Giustina avr\u00e0 un nuovo corso diventando itinerante. Si parte da Belluno oggi alle ore 18 presso l\u2019aula magna del Seminario Gregoriano: Claudio Pagliara, uno dei volti pi\u00f9 noti del giornalismo televisivo, presenter\u00e0 il suo volume \u201cLa tempesta perfetta. USA e Cina sull\u2019orlo della terza guerra mondiale\u201d<\/p>\n<p>&nbsp;<\/p>\n<blockquote>\n<h3>LA PREMIAZIONE DEL CONCORSO LETTERARIO &#8220;SOSPIROLO TRA LEGGENDE E MISTERI&#8221;<\/h3>\n<\/blockquote>\n<p><strong>SOSPIROLO<\/strong> Domani alle 10:30 al Centro Civico di Sospirolo ci sar\u00e0 la premiazione del 14\u00b0 concorso letterario &#8220;Sospirolo Tra Leggende e Misteri&#8221;. Lettura musicata dei racconti vincitori di Cristina Gianni e accompagnamento musicale di Luciano Tonni. Giuria presieduta da Antonia Arslan<\/p>\n<p>&nbsp;<\/p>\n<blockquote>\n<h3>AUTUNNO IN TEATRO IN COMELICO<\/h3>\n<\/blockquote>\n<p><strong>SANTO STEFANO DI CADORE <\/strong>Sesto appuntamento della rassegna \u201cAutunno a Teatro in Comelico 2023\u201d: domani alle 17 al Cinema Piave di S. Stefano di Cadore, andr\u00e0 in scena <em>\u201cEl ponte de la Silvia\u201d<\/em>, divertente commedia nata dalla collaborazione tra le compagnie Gi\u00f9 dai colli e Gruppo teatro Pordenone L. Rocco.<\/p>\n<p>&nbsp;<\/p>\n<h2><span style=\"color: #ff0000;\">PROSSIMAMENTE\u00a0<\/span><\/h2>\n<p><strong>L&#8217;ULTIMA VIA DI RICCARDO BEE, IL FILM<\/strong><\/p>\n<p><em>&#8220;Partiva per tre o quattro giorni, da solo. Sapevamo che viveva esperienze estreme, ma quando tornava era come se nulla fosse accaduto, le teneva in gran parte per s\u00e9&#8221;<\/em><\/p>\n<p><strong>SABATO 16 DICEMBRE, ALLE 20.30 IN SALA DON TAMIS<\/strong><br \/>\nIL FILM SARA&#8217; PRESENTATO DAL REGISTA EMANUELE CONFORTIN, MODERATORE DELLA SERATA GIANPAOLO SORATROI. DAL TRENTO FILM FESTIVAL AD AGORDO, &#8220;L&#8217;ULTIMA VIA DI RICCARDO BEE&#8221;, PER INIZIATIVA DEL COMUNE DI AGORDO<\/p>\n<p><a class=\"dt-pswp-item\" href=\"https:\/\/www.radiopiu.net\/wordpress\/wp-content\/uploads\/2023\/11\/196c380b-4f41-40fe-b60e-025662cd56ca.jpg\" data-dt-img-description=\"\" data-large_image_width=\"1131\" data-large_image_height=\"1600\"><img loading=\"lazy\" decoding=\"async\" class=\"size-medium wp-image-362712 aligncenter\" src=\"https:\/\/www.radiopiu.net\/wordpress\/wp-content\/uploads\/2023\/11\/196c380b-4f41-40fe-b60e-025662cd56ca-212x300.jpg\" alt=\"\" width=\"212\" height=\"300\" srcset=\"https:\/\/www.radiopiu.net\/wordpress\/wp-content\/uploads\/2023\/11\/196c380b-4f41-40fe-b60e-025662cd56ca-212x300.jpg 212w, https:\/\/www.radiopiu.net\/wordpress\/wp-content\/uploads\/2023\/11\/196c380b-4f41-40fe-b60e-025662cd56ca-724x1024.jpg 724w, https:\/\/www.radiopiu.net\/wordpress\/wp-content\/uploads\/2023\/11\/196c380b-4f41-40fe-b60e-025662cd56ca-768x1086.jpg 768w, https:\/\/www.radiopiu.net\/wordpress\/wp-content\/uploads\/2023\/11\/196c380b-4f41-40fe-b60e-025662cd56ca-1086x1536.jpg 1086w, https:\/\/www.radiopiu.net\/wordpress\/wp-content\/uploads\/2023\/11\/196c380b-4f41-40fe-b60e-025662cd56ca.jpg 1131w\" sizes=\"auto, (max-width: 212px) 100vw, 212px\" \/><\/a><\/p>\n<p>&nbsp;<\/p>\n<blockquote>\n<h3>APPUNTI DI VIAGGIO CON ABM<\/h3>\n<\/blockquote>\n<p><strong>PIEVE DI CADORE<\/strong> \u201cAppunti di viaggio. L\u2019Italia al di l\u00e0 dell\u2019oceano\u201d \u00e8 il titolo della serata organizzata dalla Famiglia Ex emigranti del Cadore, con il patrocinio del Comune di Pieve di Cadore e dell\u2019Associazione Bellunesi nel Mondo, in programma mercoled\u00ec 29 novembre, alle ore 18.00, nella Sala Consigliare del Comune di Pieve di Cadore. Protagonista Nadia Agnoli, appena rientrata da un intenso viaggio in Sudamerica tra Messico, Per\u00f9 e Brasile<\/p>\n<p>&nbsp;<\/p>\n<blockquote>\n<h3>LA CENA DELLA CLASSE DEL 1943<\/h3>\n<\/blockquote>\n<p><strong>AGORDO<\/strong> Una giornata di festa domenica 3 dicembre per i coscritti del 1943. Alle 10 la santa messa nella chiesa arcidiaconale di Agordo, a seguire il trasferimento con mezzi propri a Voltago per ammirare il punto panoramico del San Sebatiano e la cena al ristorante Stella Alpina. Per informazioni 340 6076042 oppure 339 8546806<\/p>\n<p>&nbsp;<\/p>\n<blockquote>\n<h3 class=\"entry-title\">EVENTI PER I 40 ANNI DEL CENTRO INTERNAZIONALE DEL LIBRO PARLATO \u201cA. SERNAGIOTTO\u201d<\/h3>\n<\/blockquote>\n<div><\/div>\n<div class=\"articlePlainText\"><strong class=\"photoswipe-wrapper\"><a class=\"dt-pswp-item pspw-wrap-ready\" href=\"https:\/\/www.radiopiu.net\/wordpress\/wp-content\/uploads\/2023\/11\/1f9b39ac-7445-4292-9e66-746ed8bde8d9.jpg\" data-dt-img-description=\"\" data-large_image_width=\"800\" data-large_image_height=\"1067\"><img loading=\"lazy\" decoding=\"async\" class=\" wp-image-360368 alignleft\" src=\"https:\/\/www.radiopiu.net\/wordpress\/wp-content\/uploads\/2023\/11\/1f9b39ac-7445-4292-9e66-746ed8bde8d9-225x300.jpg\" sizes=\"auto, (max-width: 182px) 100vw, 182px\" srcset=\"https:\/\/www.radiopiu.net\/wordpress\/wp-content\/uploads\/2023\/11\/1f9b39ac-7445-4292-9e66-746ed8bde8d9-225x300.jpg 225w, https:\/\/www.radiopiu.net\/wordpress\/wp-content\/uploads\/2023\/11\/1f9b39ac-7445-4292-9e66-746ed8bde8d9-768x1024.jpg 768w, https:\/\/www.radiopiu.net\/wordpress\/wp-content\/uploads\/2023\/11\/1f9b39ac-7445-4292-9e66-746ed8bde8d9.jpg 800w\" alt=\"\" width=\"105\" height=\"140\" \/><\/a>FELTRE<\/strong> Gli eventi in programma per celebrare i 40 anni del Libro Parlato di Feltre \u201cA. Sernagiotto\u201d.<\/div>\n<p><strong>SABATO 9 DICEMBRE\u00a0<\/strong>alle 18 in Sala Ocri Letture ad alta voce dedicate a Italo Calvino con Fabio Dalla Zuanna e Anna Branciforti<\/p>\n<p><strong>LUNEDI 18 DICEMBRE\u00a0<\/strong>alle 18 in Sala Ocri Flavio Faoro: da Oltre le vette ai racconti e alle fiabe, presenta Luisa Alchini. Letture ad alta voce del gruppo Libri Parlanti<\/p>\n<p><strong>VENERDI 22 DICEMBRE\u00a0<\/strong>alle 18 in Sala Ocri Presentazione del libro \u201cIl saldatore del Vajont\u201d con l\u2019autore Antonio G. Bortoluzzi \u2013 presenta Nicola Maccagnan<\/p>\n<p>&nbsp;<\/p>\n<p>&nbsp;<\/p>\n<p>&nbsp;<\/p>\n<hr \/>\n<p>&nbsp;<\/p>\n<blockquote>\n<h3>CENTRO FORMAZIONE E SICUREZZA &#8211; SEDICO. LA SETTIMANA ALLA RADIO<\/h3>\n<p><strong>CFS, CENTRO PER LA FORMAZIONE E LA SICUREZZA DI BELLUNO. UN PROGRAMMA DELLE TRE RADIO, DA LUNEDI A VENERDI SU RADIO CLUB, PIU&#8217; E PRIMIERO. CFS ALLA RADIO, PER CONOSCERE I PERCORSI DEI TRE INDIRIZZI DI STUDIO: EDILE, ELETTRICO, IDRAULICO.<\/strong><\/p>\n<p>&nbsp;<\/p><\/blockquote>\n<p><strong><a class=\"dt-pswp-item\" href=\"https:\/\/www.radiopiu.net\/wordpress\/wp-content\/uploads\/2023\/11\/Senza-nome-95.png\" data-dt-img-description=\"\" data-large_image_width=\"802\" data-large_image_height=\"47\">\u00a0<img loading=\"lazy\" decoding=\"async\" class=\"wp-image-362325 size-full alignnone\" src=\"https:\/\/www.radiopiu.net\/wordpress\/wp-content\/uploads\/2023\/11\/Senza-nome-95.png\" alt=\"\" width=\"802\" height=\"47\" srcset=\"https:\/\/www.radiopiu.net\/wordpress\/wp-content\/uploads\/2023\/11\/Senza-nome-95.png 802w, https:\/\/www.radiopiu.net\/wordpress\/wp-content\/uploads\/2023\/11\/Senza-nome-95-300x18.png 300w, https:\/\/www.radiopiu.net\/wordpress\/wp-content\/uploads\/2023\/11\/Senza-nome-95-768x45.png 768w\" sizes=\"auto, (max-width: 802px) 100vw, 802px\" \/>\u00a0\u00a0<\/a><\/strong><\/p>\n<p>&nbsp;<\/p>\n<p><strong><a class=\"dt-pswp-item\" href=\"https:\/\/www.radiopiu.net\/wordpress\/wp-content\/uploads\/2023\/11\/e3250c0a-15ad-4b4d-8d35-8a18eba35a67.jpg\" data-dt-img-description=\"\" data-large_image_width=\"800\" data-large_image_height=\"450\"><img loading=\"lazy\" decoding=\"async\" class=\"wp-image-362917 alignleft\" src=\"https:\/\/www.radiopiu.net\/wordpress\/wp-content\/uploads\/2023\/11\/e3250c0a-15ad-4b4d-8d35-8a18eba35a67-300x169.jpg\" alt=\"\" width=\"195\" height=\"110\" srcset=\"https:\/\/www.radiopiu.net\/wordpress\/wp-content\/uploads\/2023\/11\/e3250c0a-15ad-4b4d-8d35-8a18eba35a67-300x169.jpg 300w, https:\/\/www.radiopiu.net\/wordpress\/wp-content\/uploads\/2023\/11\/e3250c0a-15ad-4b4d-8d35-8a18eba35a67-768x432.jpg 768w, https:\/\/www.radiopiu.net\/wordpress\/wp-content\/uploads\/2023\/11\/e3250c0a-15ad-4b4d-8d35-8a18eba35a67.jpg 800w\" sizes=\"auto, (max-width: 195px) 100vw, 195px\" \/><\/a>PUNTATA 5_venerdi 23 novembre 2023\u00a0<\/strong><br \/>\n<span style=\"color: #ff0000;\">Danilo De Zaiacomo, Direttore Cfs_Sedico<\/span><\/p>\n<audio class=\"wp-audio-shortcode\" id=\"audio-362906-21\" preload=\"none\" style=\"width: 100%;\" controls=\"controls\"><source type=\"audio\/mpeg\" src=\"https:\/\/www.radiopiu.net\/wordpress\/wp-content\/uploads\/2023\/11\/VENERDI-DANILO-DE-ZAIACOMO-1.mp3?_=21\" \/><a href=\"https:\/\/www.radiopiu.net\/wordpress\/wp-content\/uploads\/2023\/11\/VENERDI-DANILO-DE-ZAIACOMO-1.mp3\">https:\/\/www.radiopiu.net\/wordpress\/wp-content\/uploads\/2023\/11\/VENERDI-DANILO-DE-ZAIACOMO-1.mp3<\/a><\/audio>\n<p>&nbsp;<\/p>\n<p><strong><a class=\"dt-pswp-item\" href=\"https:\/\/www.radiopiu.net\/wordpress\/wp-content\/uploads\/2023\/11\/2e785a9e-91e8-4791-be14-b9c7a8f948bb.jpg\" data-dt-img-description=\"\" data-large_image_width=\"444\" data-large_image_height=\"456\"><img loading=\"lazy\" decoding=\"async\" class=\"wp-image-362796 alignleft\" src=\"https:\/\/www.radiopiu.net\/wordpress\/wp-content\/uploads\/2023\/11\/2e785a9e-91e8-4791-be14-b9c7a8f948bb-292x300.jpg\" alt=\"\" width=\"123\" height=\"126\" srcset=\"https:\/\/www.radiopiu.net\/wordpress\/wp-content\/uploads\/2023\/11\/2e785a9e-91e8-4791-be14-b9c7a8f948bb-292x300.jpg 292w, https:\/\/www.radiopiu.net\/wordpress\/wp-content\/uploads\/2023\/11\/2e785a9e-91e8-4791-be14-b9c7a8f948bb.jpg 444w\" sizes=\"auto, (max-width: 123px) 100vw, 123px\" \/><\/a>PUNTATA 4_giovedi 23 novembre 2023\u00a0<\/strong><br \/>\n<span style=\"color: #ff0000;\">Massimo Antonelli, Presidente Cortina Banca,\u00a0<\/span><\/p>\n<audio class=\"wp-audio-shortcode\" id=\"audio-362906-22\" preload=\"none\" style=\"width: 100%;\" controls=\"controls\"><source type=\"audio\/mpeg\" src=\"https:\/\/www.radiopiu.net\/wordpress\/wp-content\/uploads\/2023\/11\/GIOVEDI-Antonelli-Cortina-Banca.mp3?_=22\" \/><a href=\"https:\/\/www.radiopiu.net\/wordpress\/wp-content\/uploads\/2023\/11\/GIOVEDI-Antonelli-Cortina-Banca.mp3\">https:\/\/www.radiopiu.net\/wordpress\/wp-content\/uploads\/2023\/11\/GIOVEDI-Antonelli-Cortina-Banca.mp3<\/a><\/audio>\n<p>&nbsp;<\/p>\n<p>&nbsp;<\/p>\n<p>&nbsp;<\/p>\n<p><strong><a class=\"dt-pswp-item\" href=\"https:\/\/www.radiopiu.net\/wordpress\/wp-content\/uploads\/2023\/11\/francesco-simioni.png\" data-dt-img-description=\"\" data-large_image_width=\"209\" data-large_image_height=\"172\"><img loading=\"lazy\" decoding=\"async\" class=\"wp-image-362675 alignleft\" src=\"https:\/\/www.radiopiu.net\/wordpress\/wp-content\/uploads\/2023\/11\/francesco-simioni.png\" alt=\"\" width=\"146\" height=\"120\" \/><\/a>PUNTATA 3_mercoledi 22 novembre 2023<\/strong><br \/>\n<span style=\"color: #ff0000;\">Francesco Simioni, docente Cfs, Sedico<\/span><\/p>\n<audio class=\"wp-audio-shortcode\" id=\"audio-362906-23\" preload=\"none\" style=\"width: 100%;\" controls=\"controls\"><source type=\"audio\/mpeg\" src=\"https:\/\/www.radiopiu.net\/wordpress\/wp-content\/uploads\/2023\/11\/MERCOLEDI-SIMIONI-docente.mp3?_=23\" \/><a href=\"https:\/\/www.radiopiu.net\/wordpress\/wp-content\/uploads\/2023\/11\/MERCOLEDI-SIMIONI-docente.mp3\">https:\/\/www.radiopiu.net\/wordpress\/wp-content\/uploads\/2023\/11\/MERCOLEDI-SIMIONI-docente.mp3<\/a><\/audio>\n<p>&nbsp;<\/p>\n<p>&nbsp;<\/p>\n<p><strong><a class=\"dt-pswp-item\" href=\"https:\/\/www.radiopiu.net\/wordpress\/wp-content\/uploads\/2023\/11\/6227b457-42ae-4420-b4a6-af0a09b2cf92.jpg\" data-dt-img-description=\"\" data-large_image_width=\"1600\" data-large_image_height=\"1200\"><img loading=\"lazy\" decoding=\"async\" class=\"wp-image-362528 alignleft\" src=\"https:\/\/www.radiopiu.net\/wordpress\/wp-content\/uploads\/2023\/11\/6227b457-42ae-4420-b4a6-af0a09b2cf92-300x225.jpg\" alt=\"\" width=\"145\" height=\"109\" srcset=\"https:\/\/www.radiopiu.net\/wordpress\/wp-content\/uploads\/2023\/11\/6227b457-42ae-4420-b4a6-af0a09b2cf92-300x225.jpg 300w, https:\/\/www.radiopiu.net\/wordpress\/wp-content\/uploads\/2023\/11\/6227b457-42ae-4420-b4a6-af0a09b2cf92-1024x768.jpg 1024w, https:\/\/www.radiopiu.net\/wordpress\/wp-content\/uploads\/2023\/11\/6227b457-42ae-4420-b4a6-af0a09b2cf92-768x576.jpg 768w, https:\/\/www.radiopiu.net\/wordpress\/wp-content\/uploads\/2023\/11\/6227b457-42ae-4420-b4a6-af0a09b2cf92-1536x1152.jpg 1536w, https:\/\/www.radiopiu.net\/wordpress\/wp-content\/uploads\/2023\/11\/6227b457-42ae-4420-b4a6-af0a09b2cf92.jpg 1600w\" sizes=\"auto, (max-width: 145px) 100vw, 145px\" \/><\/a>PUNTATA 2_martedi 21 novembre 2023\u00a0\u00a0<\/strong><\/p>\n<p><span style=\"color: #ff0000;\">Marco Rossitto, Vice Direttore Cfs, Sedico.\u00a0<\/span><\/p>\n<audio class=\"wp-audio-shortcode\" id=\"audio-362906-24\" preload=\"none\" style=\"width: 100%;\" controls=\"controls\"><source type=\"audio\/mpeg\" src=\"https:\/\/www.radiopiu.net\/wordpress\/wp-content\/uploads\/2023\/11\/MARTEDI-Rossitto-vice-direttore.mp3?_=24\" \/><a href=\"https:\/\/www.radiopiu.net\/wordpress\/wp-content\/uploads\/2023\/11\/MARTEDI-Rossitto-vice-direttore.mp3\">https:\/\/www.radiopiu.net\/wordpress\/wp-content\/uploads\/2023\/11\/MARTEDI-Rossitto-vice-direttore.mp3<\/a><\/audio>\n<p>&nbsp;<\/p>\n<p>&nbsp;<\/p>\n<p><strong><a class=\"dt-pswp-item\" href=\"https:\/\/www.radiopiu.net\/wordpress\/wp-content\/uploads\/2023\/11\/Senza-nome-96.png\" data-dt-img-description=\"\" data-large_image_width=\"256\" data-large_image_height=\"241\"><img loading=\"lazy\" decoding=\"async\" class=\"wp-image-362329 alignleft\" src=\"https:\/\/www.radiopiu.net\/wordpress\/wp-content\/uploads\/2023\/11\/Senza-nome-96.png\" alt=\"\" width=\"99\" height=\"93\" \/><\/a>PUNTATA 1_lunedi 20 novembre 2023.<br \/>\n<\/strong><\/p>\n<p><span style=\"color: #ff0000;\">Ospite, Massimo Riva Presidente Cfs, Sedico.<\/span><\/p>\n<audio class=\"wp-audio-shortcode\" id=\"audio-362906-25\" preload=\"none\" style=\"width: 100%;\" controls=\"controls\"><source type=\"audio\/mpeg\" src=\"https:\/\/www.radiopiu.net\/wordpress\/wp-content\/uploads\/2023\/11\/LUNEDI-Riva-Presidente-CFS-1.mp3?_=25\" \/><a href=\"https:\/\/www.radiopiu.net\/wordpress\/wp-content\/uploads\/2023\/11\/LUNEDI-Riva-Presidente-CFS-1.mp3\">https:\/\/www.radiopiu.net\/wordpress\/wp-content\/uploads\/2023\/11\/LUNEDI-Riva-Presidente-CFS-1.mp3<\/a><\/audio>\n<p><strong>\u00a0 \u00a0<\/strong><\/p>\n<hr \/>\n<p>&nbsp;<\/p>\n<p>&nbsp;<\/p>\n<div class=\"message spoilers-container\" dir=\"auto\">\n<div class=\"column\">\n<div class=\"message spoilers-container\" dir=\"auto\">\n<div class=\"column\">\n<p><img loading=\"lazy\" decoding=\"async\" class=\"aligncenter wp-image-61954 size-full\" src=\"https:\/\/www.radiopiu.net\/wordpress\/wp-content\/uploads\/2018\/09\/viabilita.jpeg\" sizes=\"auto, (max-width: 800px) 100vw, 800px\" srcset=\"https:\/\/www.radiopiu.net\/wordpress\/wp-content\/uploads\/2018\/09\/viabilita.jpeg 800w, https:\/\/www.radiopiu.net\/wordpress\/wp-content\/uploads\/2018\/09\/viabilita-300x38.jpeg 300w, https:\/\/www.radiopiu.net\/wordpress\/wp-content\/uploads\/2018\/09\/viabilita-768x96.jpeg 768w\" alt=\"\" width=\"800\" height=\"100\" \/><\/p>\n<\/div>\n<\/div>\n<div class=\"message spoilers-container\" dir=\"auto\">\n<div class=\"column\">\n<p>&nbsp;<\/p>\n<blockquote>\n<h3 class=\"entry-title\">PER DIGONERA: 563 CHIUSA FINO ALL\u2019IMMACOLATA<\/h3>\n<\/blockquote>\n<p><strong>REDAZIONE<\/strong> Correndo per battere anche la stagione fredda i lavori proseguono tra Saviner di Rocca Pietore e Digonera, impongono la chiusura della strada ormai da tempo, la nuova ordinanza la proroga fino alle 16.15 del 7 dicembre. Dunque interdizione totale in entrambi i sensi di marcia dalle 7.45 alle 16.15 dal lunedi al venerdi, negli altri orari senso unico alternato e limite di velocit\u00e0 a 30 chilometri orari<\/p>\n<p>&nbsp;<\/p>\n<p>&nbsp;<\/p>\n<\/div>\n<\/div>\n<\/div>\n<\/div>\n<blockquote class=\"wp-embedded-content\" data-secret=\"NS7Awm7lnt\"><p><a href=\"https:\/\/www.radiopiu.net\/wordpress\/viabilita\/\">viabilita<\/a><\/p><\/blockquote>\n<p><iframe loading=\"lazy\" class=\"wp-embedded-content\" sandbox=\"allow-scripts\" security=\"restricted\" style=\"position: absolute; clip: rect(1px, 1px, 1px, 1px);\" title=\"&#8220;viabilita&#8221; &#8212; Radio Pi\u00f9\" src=\"https:\/\/www.radiopiu.net\/wordpress\/viabilita\/embed\/#?secret=N8S5rEzaN5#?secret=NS7Awm7lnt\" data-secret=\"NS7Awm7lnt\" width=\"600\" height=\"338\" frameborder=\"0\" marginwidth=\"0\" marginheight=\"0\" scrolling=\"no\"><\/iframe><\/p>\n<div class=\"message spoilers-container\" dir=\"auto\">\n<div class=\"column\">\n<div class=\"message spoilers-container\" dir=\"auto\">\n<div class=\"column\">\n<div>\n<div dir=\"ltr\">\n<div class=\"gmail_quote\">\n<div dir=\"ltr\">\n<div><\/div>\n<div><\/div>\n<\/div>\n<\/div>\n<\/div>\n<\/div>\n<hr \/>\n<p>&nbsp;<\/p>\n<p><a class=\"dt-pswp-item\" href=\"https:\/\/www.radiopiu.net\/wordpress\/wp-content\/uploads\/2018\/09\/WhatsApp-Image-2018-09-20-at-16.04.06.jpeg\" data-dt-img-description=\"\" data-large_image_width=\"800\" data-large_image_height=\"100\"><img loading=\"lazy\" decoding=\"async\" class=\"wp-image-61378 size-full aligncenter\" src=\"https:\/\/www.radiopiu.net\/wordpress\/wp-content\/uploads\/2018\/09\/WhatsApp-Image-2018-09-20-at-16.04.06.jpeg\" alt=\"\" width=\"800\" height=\"100\" srcset=\"https:\/\/www.radiopiu.net\/wordpress\/wp-content\/uploads\/2018\/09\/WhatsApp-Image-2018-09-20-at-16.04.06.jpeg 800w, https:\/\/www.radiopiu.net\/wordpress\/wp-content\/uploads\/2018\/09\/WhatsApp-Image-2018-09-20-at-16.04.06-300x38.jpeg 300w, https:\/\/www.radiopiu.net\/wordpress\/wp-content\/uploads\/2018\/09\/WhatsApp-Image-2018-09-20-at-16.04.06-768x96.jpeg 768w\" sizes=\"auto, (max-width: 800px) 100vw, 800px\" \/><\/a><\/p>\n<\/div>\n<\/div>\n<\/div>\n<\/div>\n<p><center><\/center>&nbsp;<\/p>\n<p><center><b>OGGI<\/b><\/center>Sulle Prealpi stabile e soleggiato, sulle Dolomiti irregolarmente nuvoloso con possibili burrasche di neve intermittenti sulle vette pi\u00f9 settentrionali e qualche fiocco di neve fino a qualche fondovalle di confine.<br \/>\n<b>Precipitazioni: <\/b>Sulle Prealpi assenti (0%); sulle Dolomiti possibili burrasche di neve sulle vette pi\u00f9 settentrionali (30-40%) e alcuni fiocchi di neve fino a qualche fondovalle di confine<br \/>\n<b>Temperature: <\/b>In calo anche sensibile le massime, salvo temporanei aumenti in alcune valli per possibile Foehn, con minime misurate ovunque a fine giornata, su valori in prevalenza inferiori alla norma.<\/p>\n<hr \/>\n<p><center><b>DOMANI<\/b><\/center>Sulle Prealpi in prevalenza sereno con aria asciutta e ottima visibilit\u00e0; sulle Dolomiti ancora in prevalenza irregolarmente nuvoloso specie al mattino con qualche fiocco sulle cime di confine.<br \/>\n<b>Precipitazioni: <\/b>Generalmente assenti salvo qualche eventuale fiocco di neve sulle cime pi\u00f9 settentrionali delle Dolomiti<br \/>\n<b>Temperature: <\/b>Minime stazionarie o in lieve calo specie nelle valli, massime in lieve o contenuta ripresa. Clima di stampo invernale con temperature inferiori alla norma.<\/p>\n<hr \/>\n<p><center><b>LUNEDI<\/b><\/center>Irregolarmente nuvoloso per nubi medio-alte associate a qualche parziale schiarita; fenomeni molto scarsi o assenti, al pi\u00f9 qualche sporadica e modesta nevicata a fine giornata fino a fondovalle. Temperature stazionarie o in lieve calo nelle valli specie le massime, in lieve aumento in alta montagna. Clima tipicamente invernale con valori termici che si mantengono inferiori alla norma.<\/p>\n<hr \/>\n<p><center><b>MARTEDI<\/b><\/center>Tempo variabile con cielo irregolarmente nuvoloso e qualche modesto fenomeno da locale a sparso, eventualmente nevoso oltre i 300-500 m, specie sulle zone prealpine. Temperature in generale temporaneo aumento, soprattutto in quota.<\/p>\n<p>&nbsp;<\/p>\n<div class=\"message spoilers-container\" dir=\"auto\">\n<hr \/>\n<p>&nbsp;<\/p>\n<p><img loading=\"lazy\" decoding=\"async\" class=\"wp-image-60761 size-full aligncenter\" src=\"https:\/\/www.radiopiu.net\/wordpress\/wp-content\/uploads\/2018\/09\/sport.jpg\" alt=\"\" width=\"800\" height=\"100\" srcset=\"https:\/\/www.radiopiu.net\/wordpress\/wp-content\/uploads\/2018\/09\/sport.jpg 800w, https:\/\/www.radiopiu.net\/wordpress\/wp-content\/uploads\/2018\/09\/sport-300x38.jpg 300w, https:\/\/www.radiopiu.net\/wordpress\/wp-content\/uploads\/2018\/09\/sport-768x96.jpg 768w\" sizes=\"auto, (max-width: 800px) 100vw, 800px\" \/><\/p>\n<p><span style=\"color: #0000ff;\"><strong>\u00a0 \u00a0<\/strong><\/span><\/p>\n<p><span style=\"color: #0000ff;\"><strong>CALCIO<\/strong><\/span><\/p>\n<blockquote>\n<h3>AGORDINA IN CASA CON IL DOMEGGE, IL PIAVE OSPITA IL FANALINO DI CODA CADORE1919<\/h3>\n<\/blockquote>\n<p><strong><a class=\"dt-pswp-item\" href=\"https:\/\/www.radiopiu.net\/wordpress\/wp-content\/uploads\/2019\/07\/pallone-calcio-2019.jpg\" data-dt-img-description=\"\" data-large_image_width=\"4460\" data-large_image_height=\"2977\"><img loading=\"lazy\" decoding=\"async\" class=\" wp-image-91405 alignleft\" src=\"https:\/\/www.radiopiu.net\/wordpress\/wp-content\/uploads\/2019\/07\/pallone-calcio-2019-300x200.jpg\" alt=\"\" width=\"146\" height=\"97\" srcset=\"https:\/\/www.radiopiu.net\/wordpress\/wp-content\/uploads\/2019\/07\/pallone-calcio-2019-300x200.jpg 300w, https:\/\/www.radiopiu.net\/wordpress\/wp-content\/uploads\/2019\/07\/pallone-calcio-2019-768x513.jpg 768w, https:\/\/www.radiopiu.net\/wordpress\/wp-content\/uploads\/2019\/07\/pallone-calcio-2019-1024x684.jpg 1024w\" sizes=\"auto, (max-width: 146px) 100vw, 146px\" \/><\/a>di Marco Gaz<\/strong><\/p>\n<p><strong>REDAZIONE<\/strong> Sta per volgere al termine la prima parte della stagione per le squadre impegnate nei campionati di Terza Categoria e Juniores LND, ultimo fine settimana prima della lunga pausa per gli Allievi e Giovanissimi dell\u2019Agordina. Sono quattro le partite in programma nel fine settimana per le squadre di Agordo impegnate nei tornei LND. Oggi alle 15 tre partite in programma. La Juniores di De Zaiacomo, dopo la sconfitta della scorsa settimana, cercher\u00e0 di incamerare punti nella trasferta con il Castion. Le due formazione dell\u2019Agordina impegnate nel campionato Giovanissimi saranno in campo oggi. La squadra A Giocher\u00e0 in casa con il Limana mentre la seconda squadra scender\u00e0 a Belluno per affrontare il Piave. Domani le ultime due sfide del fine settimana. Alle 10 gli Allievi di Renato Orzetti cercheranno di accumulare punti in trasferta con il Limana. Nel promeriggio sar\u00e0 il turno della prima squadra. Terzultima giornata del girone di andata della Terza Categoria ed Agordina che giocher\u00e0 all\u2019Ivano Dorigo di Agordo contro il Domegge. Una sfida importante per gli uomini di Chiea che sono costretti a fare una buona prestazione per accaparrarsi i 3 punti in palio e cercare di agguantare la zona playoff del torneo provinciale. In campo anche il Piave che nel pomeriggio di domani giocher\u00e0 in casa contro il fanalino di coda Cadore1919.<\/p>\n<p><strong>IL PROGRAMMA DELLE PARTITE<\/strong><\/p>\n<p>Oggi alle 15 Castion &#8211; Agordina (Juniores), Agordina sq.A \u2013 Limana e Piave \u2013 Agordina sq.B (Giovanissimi). Domani alle 10 Limana &#8211; Agordina (Allievi), alle 14:30 Agordina \u2013 Domegge e Piave \u2013 Cadore1919 (Terza Categoria)<\/p>\n<p><strong>CLASSIFICA TERZA CATEGORIA<\/strong> Gemelle 25, San Vittore e Auronzo 21, Fortogna 20, Domegge 19, Alpes Cesio 18, Agordina 15, Cortina e Dynamo Vellai 13, Valzoldana 10, Piave 9, Tambre 6, Lamonese 4, Cadore1919 3<\/p>\n<p>&nbsp;<\/p>\n<p><span style=\"color: #0000ff;\"><strong>HOCKEY SU GHIACCIO<\/strong><\/span><\/p>\n<blockquote>\n<h3>LA CAPOLISTA CALDARO ARRIVA AL DE TONI PER AFFRONTARE LE CIVETTE<\/h3>\n<\/blockquote>\n<p><strong><a class=\"dt-pswp-item\" href=\"https:\/\/www.radiopiu.net\/wordpress\/wp-content\/uploads\/2023\/11\/cd7aeceb-38c4-4eae-9c0c-8e90fa819a9c.jpg\" data-dt-img-description=\"\" data-large_image_width=\"1024\" data-large_image_height=\"682\"><img loading=\"lazy\" decoding=\"async\" class=\" wp-image-362913 alignleft\" src=\"https:\/\/www.radiopiu.net\/wordpress\/wp-content\/uploads\/2023\/11\/cd7aeceb-38c4-4eae-9c0c-8e90fa819a9c-300x200.jpg\" alt=\"\" width=\"194\" height=\"129\" srcset=\"https:\/\/www.radiopiu.net\/wordpress\/wp-content\/uploads\/2023\/11\/cd7aeceb-38c4-4eae-9c0c-8e90fa819a9c-300x200.jpg 300w, https:\/\/www.radiopiu.net\/wordpress\/wp-content\/uploads\/2023\/11\/cd7aeceb-38c4-4eae-9c0c-8e90fa819a9c-768x512.jpg 768w, https:\/\/www.radiopiu.net\/wordpress\/wp-content\/uploads\/2023\/11\/cd7aeceb-38c4-4eae-9c0c-8e90fa819a9c.jpg 1024w\" sizes=\"auto, (max-width: 194px) 100vw, 194px\" \/><\/a>di Roberto Miana, portavoce dell&#8217;Alleghe Hockey<\/strong><\/p>\n<p>Quindicesima giornata (quarta del girone di ritorno) di Regular Season del campionato IHL. Sabato 25 novembre alle 20:30 l\u2019Alleghe ospita il Caldaro. Le Civette tornano sul ghiaccio di casa reduci dall\u2019incredibile vittoria 5-4 ottenuta in quel di Como ai tiri di rigore, dopo aver recuperato uno svantaggio di 1-4 a met\u00e0 del terzo tempo. L\u2019Alleghe, dopo 13 partite giocate, \u00e8 quinto in classifica con 22 punti. Nikolai Zherdev e Gabriel Vinatzer sono i top scorer della squadra, entrambi con 17 punti (7 gol e 10 assist), seguiti dal finlandese Juho M\u00e4kel\u00e4: 13 punti (4+9). Ad affrontare i ragazzi di coach Scapinello sotto al Civetta arriva un Caldaro solido, tra i principali favoriti alla vittoria del campionato e che fino ad ora ha lasciato solo le briciole agli avversari. I Lucci, nell\u2019ultimo turno, hanno battuto il Feltre 4-1, confermandosi in testa alla classifica con 36 punti, alla luce di 12 vittorie ed 1 sola sconfitta (sul ghiaccio di Como) e potendo vantare l\u2019attacco pi\u00f9 prolifico e la difesa meno battuta del campionato. Migliori realizzatori della squadra sono i fratelli finlandesi Teemu Virtala (9+15) e Marko Virtala (6+15) ed il bolzanino Moritz Selva (9+8). Nei 21 precedenti tra Alleghe e Caldaro si contano 5 successi Alleghesi e 16 del Caldaro. Nella gara di andata si sono imposti i Lucci 5-1, come nell\u2019ultima gara disputata ai piedi del Civetta, il 24 settembre dell\u2019anno scorso, con la netta vittoria ospite 9-1.<br \/>\n<strong>ALLEGHE hockey &#8211; SV CALDARO <\/strong>Sabato 25 novembre ore 20:30 &#8211; Palaghiaccio Alvise De Toni di Alleghe (BL)<br \/>\nArbitri: Gianluca Abram e Fabio Tirelli con giudici di linea Marco Brondi e Fabio Zen Collegamenti in DIRETTA RADIOFONICA su Radio Pi\u00f9 (www.radiopiu.net) con \u201cHockey al punto giusto\u201d, in studio Marco Gaz e da Alleghe interventi di Federico Paganin<\/p>\n<p>(foto: Annalisa Dal Mas)<\/p>\n<p>&nbsp;<\/p>\n<blockquote>\n<h3>AL PALAFELTRE ARRIVANO I PIRATI DI APPIANO<\/h3>\n<\/blockquote>\n<p><strong>FELTRE<\/strong> Stasera in campo anche il Feltre che giocher\u00e0 in casa contro l&#8217;Appiano. I feltrini si presentano alla sfida con gli altoatesini con un nuovo allenatore dopo che Alessandro Fontana ha alzato bandiera bianca per motivi personali. Una partita impegnativa per la squadra bellunese che deve mettere in difficolt\u00e0 la quarta forza del campionato.<\/p>\n<p><strong>LE PERTITE DELLE SQUADRE BELLUNESI\u00a0<\/strong>Feltre &#8211; Appiano alle 19:30, Alleghe &#8211; Caldaro alle 20:30<\/p>\n<p><strong>LA CLASSIFICA<\/strong>\u00a0Caldaro 36, Varese 30, Pergine 29, Appiano 24, Alleghe 22, Feltre 20, Fiemme 17, Como 12, Bressanone 10, Valpellice 7, Dobbiaco 3<\/p>\n<p>&nbsp;<\/p>\n<p>&nbsp;<\/p>\n<p><span style=\"color: #0000ff;\"><strong>MOTORI<\/strong><\/span><\/p>\n<blockquote>\n<h3>UFFICIALIZZATO IL CALENDARIO CIVM. ESCLUSA LA PROVINCIA DI BELLUNO<\/h3>\n<\/blockquote>\n<p><strong><a class=\"dt-pswp-item\" href=\"https:\/\/www.radiopiu.net\/wordpress\/wp-content\/uploads\/2023\/11\/JKLDGYKLA.jpg\" data-dt-img-description=\"\" data-large_image_width=\"732\" data-large_image_height=\"659\"><img loading=\"lazy\" decoding=\"async\" class=\" wp-image-362910 alignleft\" src=\"https:\/\/www.radiopiu.net\/wordpress\/wp-content\/uploads\/2023\/11\/JKLDGYKLA-300x270.jpg\" alt=\"\" width=\"176\" height=\"158\" srcset=\"https:\/\/www.radiopiu.net\/wordpress\/wp-content\/uploads\/2023\/11\/JKLDGYKLA-300x270.jpg 300w, https:\/\/www.radiopiu.net\/wordpress\/wp-content\/uploads\/2023\/11\/JKLDGYKLA.jpg 732w\" sizes=\"auto, (max-width: 176px) 100vw, 176px\" \/><\/a>BELLUNO<\/strong><\/p>\n<p>DI ROBERTO BONA<\/p>\n<audio class=\"wp-audio-shortcode\" id=\"audio-362906-26\" preload=\"none\" style=\"width: 100%;\" controls=\"controls\"><source type=\"audio\/mpeg\" src=\"https:\/\/www.radiopiu.net\/wordpress\/wp-content\/uploads\/2023\/11\/CivmSupersalita.mp3?_=26\" \/><a href=\"https:\/\/www.radiopiu.net\/wordpress\/wp-content\/uploads\/2023\/11\/CivmSupersalita.mp3\">https:\/\/www.radiopiu.net\/wordpress\/wp-content\/uploads\/2023\/11\/CivmSupersalita.mp3<\/a><\/audio>\n<p>&nbsp;<\/p>\n<p>&nbsp;<\/p>\n<\/div>\n","protected":false},"excerpt":{"rendered":"<p>***** &nbsp; ADA: Perch\u00e9 il messaggio deve essere assordante e girare ovunque &#8211; video &#8211; 25 novembre 2023 &nbsp; &nbsp; 40esimo di RADIOPIU\u2026. LA VOCE DELL\u2019EMOZIONE ISCRIVITI AL NOSTRO CANALE\u00a0\u00a0YOUTUBE PER SEGUIRE IN DIRETTA I PRINCIPALI PROGRAMMI DI RADIO PIU\u2019 E LE FUTURE DIRETTE IN ESTERNA. PER ISCRIVERTI CLICCA QUI\u00a0E PREMI\u00a0 \u201cIscriviti\u201d &nbsp; \u00a0 \u00a0&hellip;<\/p>\n","protected":false},"author":4,"featured_media":362954,"comment_status":"closed","ping_status":"closed","sticky":false,"template":"","format":"standard","meta":{"_monsterinsights_skip_tracking":false,"_monsterinsights_sitenote_active":false,"_monsterinsights_sitenote_note":"","_monsterinsights_sitenote_category":0,"footnotes":""},"categories":[51,86,49],"tags":[],"class_list":["post-362906","post","type-post","status-publish","format-standard","has-post-thumbnail","hentry","category-evidenza-top","category-gr","category-news-18","category-51","category-86","category-49","description-off"],"img_url":"https:\/\/www.radiopiu.net\/wordpress\/wp-content\/uploads\/2023\/11\/BALBI-ROSSO-1.jpg","_links":{"self":[{"href":"https:\/\/www.radiopiu.net\/wordpress\/wp-json\/wp\/v2\/posts\/362906","targetHints":{"allow":["GET"]}}],"collection":[{"href":"https:\/\/www.radiopiu.net\/wordpress\/wp-json\/wp\/v2\/posts"}],"about":[{"href":"https:\/\/www.radiopiu.net\/wordpress\/wp-json\/wp\/v2\/types\/post"}],"author":[{"embeddable":true,"href":"https:\/\/www.radiopiu.net\/wordpress\/wp-json\/wp\/v2\/users\/4"}],"replies":[{"embeddable":true,"href":"https:\/\/www.radiopiu.net\/wordpress\/wp-json\/wp\/v2\/comments?post=362906"}],"version-history":[{"count":0,"href":"https:\/\/www.radiopiu.net\/wordpress\/wp-json\/wp\/v2\/posts\/362906\/revisions"}],"wp:featuredmedia":[{"embeddable":true,"href":"https:\/\/www.radiopiu.net\/wordpress\/wp-json\/wp\/v2\/media\/362954"}],"wp:attachment":[{"href":"https:\/\/www.radiopiu.net\/wordpress\/wp-json\/wp\/v2\/media?parent=362906"}],"wp:term":[{"taxonomy":"category","embeddable":true,"href":"https:\/\/www.radiopiu.net\/wordpress\/wp-json\/wp\/v2\/categories?post=362906"},{"taxonomy":"post_tag","embeddable":true,"href":"https:\/\/www.radiopiu.net\/wordpress\/wp-json\/wp\/v2\/tags?post=362906"}],"curies":[{"name":"wp","href":"https:\/\/api.w.org\/{rel}","templated":true}]}}