{"id":362943,"date":"2023-11-24T10:36:20","date_gmt":"2023-11-24T09:36:20","guid":{"rendered":"https:\/\/www.radiopiu.net\/wordpress\/?p=362943"},"modified":"2023-11-25T06:14:22","modified_gmt":"2023-11-25T05:14:22","slug":"un-corso-di-primo-soccorso-alla-scuola-media-di-sedico","status":"publish","type":"post","link":"https:\/\/www.radiopiu.net\/wordpress\/un-corso-di-primo-soccorso-alla-scuola-media-di-sedico\/","title":{"rendered":"UN CORSO DI PRIMO SOCCORSO ALLA SCUOLA MEDIA DI SEDICO"},"content":{"rendered":"<p>****<\/p>\n<p>&nbsp;<\/p>\n<p><strong>SEDICO <\/strong>Che numeri chiamare in caso di emergenza? Cosa dire al telefono all\u2019infermiere? Cosa fare e cosa non fare con la persona infortunata? Come verificare se \u00e8 cosciente e se respira? Sono alcune delle domande alle quali due professionisti nell\u2019ambito della medicina d\u2019urgenza hanno risposto luned\u00ec mattina durante il corso di primo soccorso al quale hanno partecipato tutti gli alunni della scuola media di Sedico. Un corso reso possibile dalla stretta collaborazione dell\u2019Istituto comprensivo di Sedico-Sospirolo con la Farmacia Arrigoni di Sedico che ha sponsorizzato l\u2019attivit\u00e0 didattica inserita nel programma di educazione civica. \u201cAbbiamo pensato di organizzare una giornata dedicata al primo soccorso \u2013 spiega Laurentiu Florescu, il docente delle medie di Sedico che si \u00e8 impegnato affinch\u00e9 l\u2019idea iniziale trovasse concretizzazione \u2013 affinch\u00e9 i nostri ragazzi potessero avere delle conoscenze sulle modalit\u00e0 di comportamento qualora si dovessero trovare in situazioni delicate in cui c\u2019\u00e8 in ballo la salute e la vita delle persone\u201d. Un obiettivo che \u00e8 stato condiviso anche da Domingo Arrigoni, proprietario della farmacia. \u201cIn passato \u2013 ha detto luned\u00ec mattina ai ragazzi &#8211; ho fatto un corso di primo soccorso per i miei dipendenti in farmacia e ho pensato che alcune basi del primo soccorso potessero averle anche i bambini e i ragazzi perch\u00e9 possono essere fondamentali per salvare la vita delle persone. Sui giornali ho letto recentemente la notizia di quel ragazzino che, nel vedere il pap\u00e0 accasciato sul volante, ha chiamato il 118 e lo ha salvato\u201d. Luca e Michele, rispettivamente in forza al pronto soccorso di Padova e alla medicina d\u2019urgenza di Treviso, hanno dedicato tutta la mattina per fornire una serie di nozioni molto importanti ai ragazzi delle classi terze, seconde e prime che si sono succeduti in aula magna. Sono partiti dai numeri telefonici dell\u2019emergenza chiarendo come, ad oggi, si possa chiamare sia il 118 che il 112 che diventer\u00e0 nel prossimo futuro il numero unico dell\u2019emergenza. Hanno quindi invitato gli alunni a tenere a mente l\u2019ordine delle operazioni da compiere nel caso in cui vengano a trovarsi in una situazione d\u2019emergenza. \u201cPer prima cosa \u2013 hanno spiegato \u2013 occorre verificare che ci siano le condizioni di sicurezza proprie e della persona che ha avuto un malore o un infortunio. Quindi occorre telefonare al 118 o al 112 e dire chi siamo, da dove chiamiamo e cosa \u00e8 accaduto, infine \u00e8 importante rimanere accanto alla persona ed eventualmente coprirla perch\u00e9 non si raffreddi\u201d. I due infermieri hanno pure spiegato ai ragazzi cosa non bisogna fare: non bisogna impegnare il telefono per altre chiamate perch\u00e9 i soccorsi potrebbero aver necessit\u00e0 di ricontattarci, non si deve somministrare alla persona cibi, bevande o farmaci, occorre evitare sia di spostare l\u2019infortunato per non peggiorare la sua situazione, sia di scattare e postare foto. Gli alunni delle classi terze, infine, hanno sperimentato sul manichino le modalit\u00e0 per verificare il respiro della persona e per effettuare il massaggio cardiaco. \u201cRingrazio molto il dottor Arrigoni, da sempre vicino alla nostra scuola, per la sua attenzione, e il professor Florescu che ha avuto l\u2019idea di proporre questo corso \u2013 ha sottolineato la dirigente scolastica dell\u2019Ic Sedico-Sospirolo, Lucia Fratturelli \u2013 \u00e8 un\u2019iniziativa che reputo molto importante perch\u00e9 tante possono essere le situazioni di difficolt\u00e0 che ci troveremo davanti nella vita ed essere educati ad affrontarle fa parte del bagaglio delle pratiche di cittadinanza attiva oltre che di solidariet\u00e0 e di vicinanza agli altri\u201d.<\/p>\n\n\t\t\t<style type='text\/css'>\n\t\t\t\t#gallery-1 {\n\t\t\t\t\tmargin: auto;\n\t\t\t\t}\n\t\t\t\t#gallery-1 .gallery-item {\n\t\t\t\t\tfloat: left;\n\t\t\t\t\tmargin-top: 10px;\n\t\t\t\t\ttext-align: center;\n\t\t\t\t\twidth: 25%;\n\t\t\t\t}\n\t\t\t\t#gallery-1 img {\n\t\t\t\t\tborder: 2px solid #cfcfcf;\n\t\t\t\t}\n\t\t\t\t#gallery-1 .gallery-caption {\n\t\t\t\t\tmargin-left: 0;\n\t\t\t\t}\n\t\t\t\t\/* see gallery_shortcode() in wp-includes\/media.php *\/\n\t\t\t<\/style>\n\t\t<div id='gallery-1' class='dt-gallery-container gallery galleryid-362943 gallery-columns-4 gallery-size-thumbnail'><dl class='gallery-item'>\n\t\t\t\t<dt class='gallery-icon landscape'>\n\t\t\t\t\t<a class=\"rollover rollover-zoom dt-pswp-item\" title=\"Corso primo soccorso Ic Sedico 1_dimostrazione\" data-dt-img-description=\"\" data-large_image_width=\"2000\" data-large_image_height=\"1500\"href='https:\/\/www.radiopiu.net\/wordpress\/wp-content\/uploads\/2023\/11\/Corso-primo-soccorso-Ic-Sedico-1_dimostrazione.jpg'><img loading=\"lazy\" decoding=\"async\" width=\"150\" height=\"150\" src=\"https:\/\/www.radiopiu.net\/wordpress\/wp-content\/uploads\/2023\/11\/Corso-primo-soccorso-Ic-Sedico-1_dimostrazione-150x150.jpg\" class=\"attachment-thumbnail size-thumbnail\" alt=\"\" \/><\/a>\n\t\t\t\t<\/dt><\/dl><dl class='gallery-item'>\n\t\t\t\t<dt class='gallery-icon landscape'>\n\t\t\t\t\t<a class=\"rollover rollover-zoom dt-pswp-item\" title=\"Corso primo soccorso Ic Sedico 2_un momento di spiegazione\" data-dt-img-description=\"\" data-large_image_width=\"1763\" data-large_image_height=\"1088\"href='https:\/\/www.radiopiu.net\/wordpress\/wp-content\/uploads\/2023\/11\/Corso-primo-soccorso-Ic-Sedico-2_un-momento-di-spiegazione.jpg'><img loading=\"lazy\" decoding=\"async\" width=\"150\" height=\"150\" src=\"https:\/\/www.radiopiu.net\/wordpress\/wp-content\/uploads\/2023\/11\/Corso-primo-soccorso-Ic-Sedico-2_un-momento-di-spiegazione-150x150.jpg\" class=\"attachment-thumbnail size-thumbnail\" alt=\"\" \/><\/a>\n\t\t\t\t<\/dt><\/dl><dl class='gallery-item'>\n\t\t\t\t<dt class='gallery-icon landscape'>\n\t\t\t\t\t<a class=\"rollover rollover-zoom dt-pswp-item\" title=\"Corso primo soccorso Ic Sedico 3_Lucia Fratturelli e Domingo Arrigoni\" data-dt-img-description=\"\" data-large_image_width=\"1320\" data-large_image_height=\"899\"href='https:\/\/www.radiopiu.net\/wordpress\/wp-content\/uploads\/2023\/11\/Corso-primo-soccorso-Ic-Sedico-3_Lucia-Fratturelli-e-Domingo-Arrigoni.jpg'><img loading=\"lazy\" decoding=\"async\" width=\"150\" height=\"150\" src=\"https:\/\/www.radiopiu.net\/wordpress\/wp-content\/uploads\/2023\/11\/Corso-primo-soccorso-Ic-Sedico-3_Lucia-Fratturelli-e-Domingo-Arrigoni-150x150.jpg\" class=\"attachment-thumbnail size-thumbnail\" alt=\"\" \/><\/a>\n\t\t\t\t<\/dt><\/dl><dl class='gallery-item'>\n\t\t\t\t<dt class='gallery-icon landscape'>\n\t\t\t\t\t<a class=\"rollover rollover-zoom dt-pswp-item\" title=\"Corso primo soccorso Ic Sedico 4_gli studenti provano\" data-dt-img-description=\"\" data-large_image_width=\"2000\" data-large_image_height=\"1500\"href='https:\/\/www.radiopiu.net\/wordpress\/wp-content\/uploads\/2023\/11\/Corso-primo-soccorso-Ic-Sedico-4_gli-studenti-provano.jpg'><img loading=\"lazy\" decoding=\"async\" width=\"150\" height=\"150\" src=\"https:\/\/www.radiopiu.net\/wordpress\/wp-content\/uploads\/2023\/11\/Corso-primo-soccorso-Ic-Sedico-4_gli-studenti-provano-150x150.jpg\" class=\"attachment-thumbnail size-thumbnail\" alt=\"\" \/><\/a>\n\t\t\t\t<\/dt><\/dl><br style=\"clear: both\" \/>\n\t\t\t<\/div>\n\n<p>&nbsp;<\/p>\n<p><iframe loading=\"lazy\" title=\"PRIMO SOCCORSO MEDIE SEDICO\" width=\"1200\" height=\"675\" src=\"https:\/\/www.youtube.com\/embed\/s4e-xYqwmXA?feature=oembed\" frameborder=\"0\" allow=\"accelerometer; autoplay; clipboard-write; encrypted-media; gyroscope; picture-in-picture; web-share\" allowfullscreen><\/iframe><\/p>\n<p>&nbsp;<\/p>\n<p>&nbsp;<\/p>\n<p>*******<\/p>\n","protected":false},"excerpt":{"rendered":"<p>**** &nbsp; SEDICO Che numeri chiamare in caso di emergenza? Cosa dire al telefono all\u2019infermiere? Cosa fare e cosa non fare con la persona infortunata? Come verificare se \u00e8 cosciente e se respira? Sono alcune delle domande alle quali due professionisti nell\u2019ambito della medicina d\u2019urgenza hanno risposto luned\u00ec mattina durante il corso di primo soccorso&hellip;<\/p>\n","protected":false},"author":4,"featured_media":362947,"comment_status":"closed","ping_status":"closed","sticky":false,"template":"","format":"standard","meta":{"_monsterinsights_skip_tracking":false,"_monsterinsights_sitenote_active":false,"_monsterinsights_sitenote_note":"","_monsterinsights_sitenote_category":0,"footnotes":""},"categories":[51,49],"tags":[],"class_list":["post-362943","post","type-post","status-publish","format-standard","has-post-thumbnail","hentry","category-evidenza-top","category-news-18","category-51","category-49","description-off"],"img_url":"https:\/\/www.radiopiu.net\/wordpress\/wp-content\/uploads\/2023\/11\/Corso-primo-soccorso-Ic-Sedico-4_gli-studenti-provano.jpg","_links":{"self":[{"href":"https:\/\/www.radiopiu.net\/wordpress\/wp-json\/wp\/v2\/posts\/362943","targetHints":{"allow":["GET"]}}],"collection":[{"href":"https:\/\/www.radiopiu.net\/wordpress\/wp-json\/wp\/v2\/posts"}],"about":[{"href":"https:\/\/www.radiopiu.net\/wordpress\/wp-json\/wp\/v2\/types\/post"}],"author":[{"embeddable":true,"href":"https:\/\/www.radiopiu.net\/wordpress\/wp-json\/wp\/v2\/users\/4"}],"replies":[{"embeddable":true,"href":"https:\/\/www.radiopiu.net\/wordpress\/wp-json\/wp\/v2\/comments?post=362943"}],"version-history":[{"count":0,"href":"https:\/\/www.radiopiu.net\/wordpress\/wp-json\/wp\/v2\/posts\/362943\/revisions"}],"wp:featuredmedia":[{"embeddable":true,"href":"https:\/\/www.radiopiu.net\/wordpress\/wp-json\/wp\/v2\/media\/362947"}],"wp:attachment":[{"href":"https:\/\/www.radiopiu.net\/wordpress\/wp-json\/wp\/v2\/media?parent=362943"}],"wp:term":[{"taxonomy":"category","embeddable":true,"href":"https:\/\/www.radiopiu.net\/wordpress\/wp-json\/wp\/v2\/categories?post=362943"},{"taxonomy":"post_tag","embeddable":true,"href":"https:\/\/www.radiopiu.net\/wordpress\/wp-json\/wp\/v2\/tags?post=362943"}],"curies":[{"name":"wp","href":"https:\/\/api.w.org\/{rel}","templated":true}]}}