{"id":363053,"date":"2023-11-25T05:34:54","date_gmt":"2023-11-25T04:34:54","guid":{"rendered":"https:\/\/www.radiopiu.net\/wordpress\/?p=363053"},"modified":"2023-11-25T05:34:54","modified_gmt":"2023-11-25T04:34:54","slug":"incursione-notturna-allosteria-dal-conte-a-salmenega-ladri-in-azione-danni-e-chiusura-temporanea","status":"publish","type":"post","link":"https:\/\/www.radiopiu.net\/wordpress\/incursione-notturna-allosteria-dal-conte-a-salmenega-ladri-in-azione-danni-e-chiusura-temporanea\/","title":{"rendered":"Incursione notturna all&#8217;Osteria dal Conte a Salmenega: Ladri in azione, danni e chiusura temporanea"},"content":{"rendered":"<p>***<\/p>\n<p>&nbsp;<\/p>\n<p>&nbsp;<\/p>\n<p><strong><img loading=\"lazy\" decoding=\"async\" class=\"alignleft\" src=\"https:\/\/www.radiopiu.net\/wordpress\/wp-content\/uploads\/2023\/11\/Senza-nome-136.png\" width=\"151\" height=\"116\" \/>SANTA GIUSTINA<\/strong> Nella notte tra mercoled\u00ec e gioved\u00ec, l&#8217;Osteria dal Conte a Salmenega \u00e8 stata teatro di un&#8217;incursione da parte di ladri che, nonostante il modesto bottino, hanno causato danni significativi allo storico locale santagiustinese.\u00a0 Sono entrati forzando una finestra, hanno danneggiato gli infissi e messo sottosopra tutto il locale. Il danno maggiore \u00e8 stato causato alla finestra. L&#8217;incursione ha costretto l&#8217;Osteria dal Conte a tenere chiuso per mezza giornata, mentre i tecnici effettuavano le riparazioni necessarie. La riparazione della finestra \u00e8 stata eseguita tempestivamente, consentendo alla struttura di riaprire per la cena. Nonostante il modesto valore del bottino, stimato intorno a una trentina di euro, l&#8217;episodio evidenzia la preoccupante crescita dei furti in azione notturna nella zona. La comunit\u00e0 locale si spera possa sensibilizzarsi su questa problematica, contribuendo a garantire la sicurezza degli esercenti e a prevenire futuri atti criminali.<\/p>\n<p>___<\/p>\n","protected":false},"excerpt":{"rendered":"<p>*** &nbsp; &nbsp; SANTA GIUSTINA Nella notte tra mercoled\u00ec e gioved\u00ec, l&#8217;Osteria dal Conte a Salmenega \u00e8 stata teatro di un&#8217;incursione da parte di ladri che, nonostante il modesto bottino, hanno causato danni significativi allo storico locale santagiustinese.\u00a0 Sono entrati forzando una finestra, hanno danneggiato gli infissi e messo sottosopra tutto il locale. Il danno&hellip;<\/p>\n","protected":false},"author":4,"featured_media":363055,"comment_status":"closed","ping_status":"closed","sticky":false,"template":"","format":"standard","meta":{"_monsterinsights_skip_tracking":false,"_monsterinsights_sitenote_active":false,"_monsterinsights_sitenote_note":"","_monsterinsights_sitenote_category":0,"footnotes":""},"categories":[51,49],"tags":[],"class_list":["post-363053","post","type-post","status-publish","format-standard","has-post-thumbnail","hentry","category-evidenza-top","category-news-18","category-51","category-49","description-off"],"img_url":"https:\/\/www.radiopiu.net\/wordpress\/wp-content\/uploads\/2023\/11\/Senza-nome-136.png","_links":{"self":[{"href":"https:\/\/www.radiopiu.net\/wordpress\/wp-json\/wp\/v2\/posts\/363053","targetHints":{"allow":["GET"]}}],"collection":[{"href":"https:\/\/www.radiopiu.net\/wordpress\/wp-json\/wp\/v2\/posts"}],"about":[{"href":"https:\/\/www.radiopiu.net\/wordpress\/wp-json\/wp\/v2\/types\/post"}],"author":[{"embeddable":true,"href":"https:\/\/www.radiopiu.net\/wordpress\/wp-json\/wp\/v2\/users\/4"}],"replies":[{"embeddable":true,"href":"https:\/\/www.radiopiu.net\/wordpress\/wp-json\/wp\/v2\/comments?post=363053"}],"version-history":[{"count":0,"href":"https:\/\/www.radiopiu.net\/wordpress\/wp-json\/wp\/v2\/posts\/363053\/revisions"}],"wp:featuredmedia":[{"embeddable":true,"href":"https:\/\/www.radiopiu.net\/wordpress\/wp-json\/wp\/v2\/media\/363055"}],"wp:attachment":[{"href":"https:\/\/www.radiopiu.net\/wordpress\/wp-json\/wp\/v2\/media?parent=363053"}],"wp:term":[{"taxonomy":"category","embeddable":true,"href":"https:\/\/www.radiopiu.net\/wordpress\/wp-json\/wp\/v2\/categories?post=363053"},{"taxonomy":"post_tag","embeddable":true,"href":"https:\/\/www.radiopiu.net\/wordpress\/wp-json\/wp\/v2\/tags?post=363053"}],"curies":[{"name":"wp","href":"https:\/\/api.w.org\/{rel}","templated":true}]}}