{"id":363106,"date":"2023-11-25T09:57:40","date_gmt":"2023-11-25T08:57:40","guid":{"rendered":"https:\/\/www.radiopiu.net\/wordpress\/?p=363106"},"modified":"2023-11-25T09:57:40","modified_gmt":"2023-11-25T08:57:40","slug":"tredicesime-in-veneto-in-arrivo-37-miliardi-di-euro","status":"publish","type":"post","link":"https:\/\/www.radiopiu.net\/wordpress\/tredicesime-in-veneto-in-arrivo-37-miliardi-di-euro\/","title":{"rendered":"TREDICESIME: IN VENETO IN ARRIVO 3,7 MILIARDI DI EURO"},"content":{"rendered":"<p><a class=\"dt-pswp-item\" href=\"https:\/\/www.radiopiu.net\/wordpress\/wp-content\/uploads\/2023\/11\/Schermata-2023-11-25-alle-09.56.03.png\" data-dt-img-description=\"\" data-large_image_width=\"1144\" data-large_image_height=\"1432\"><img loading=\"lazy\" decoding=\"async\" class=\"size-medium wp-image-363107 alignleft\" src=\"https:\/\/www.radiopiu.net\/wordpress\/wp-content\/uploads\/2023\/11\/Schermata-2023-11-25-alle-09.56.03-240x300.png\" alt=\"\" width=\"240\" height=\"300\" srcset=\"https:\/\/www.radiopiu.net\/wordpress\/wp-content\/uploads\/2023\/11\/Schermata-2023-11-25-alle-09.56.03-240x300.png 240w, https:\/\/www.radiopiu.net\/wordpress\/wp-content\/uploads\/2023\/11\/Schermata-2023-11-25-alle-09.56.03-818x1024.png 818w, https:\/\/www.radiopiu.net\/wordpress\/wp-content\/uploads\/2023\/11\/Schermata-2023-11-25-alle-09.56.03-768x961.png 768w, https:\/\/www.radiopiu.net\/wordpress\/wp-content\/uploads\/2023\/11\/Schermata-2023-11-25-alle-09.56.03.png 1144w\" sizes=\"auto, (max-width: 240px) 100vw, 240px\" \/><\/a>Tra i lavoratori dipendenti e i pensionati sono poco pi\u00f9 di 3 milioni i veneti che dalla prossima settimana fino alla vigilia di Natale riceveranno la tredicesima mensilit\u00e0. Nei portafogli di queste persone finiranno 3,7 miliardi di euro. A \u201cfesteggiare\u201d sar\u00e0 anche il fisco che, attraverso la ritenuta dell\u2019Irpef, dai contribuenti della nostra regione incasser\u00e0 ben 1,2 miliardi di euro. Pertanto, alle imprese\/societ\u00e0 pubbliche\/private ubicate in Veneto e all\u2019INPS la gratifica natalizia coster\u00e0, al netto dei contributi previdenziali, 4,9 miliardi di euro (vedi Tab. 1).<br \/>\nA fare i conti \u00e8 stato l\u2019Ufficio studi della CGIA.<br \/>\nLa provincia veneta con il pi\u00f9 alto numero di beneficiari \u00e8 Padova che, tra pensionati e dipendenti, ne conta poco pi\u00f9 di 592.600. Seguono Verona con 588.200 e Vicenza con quasi 558.000 (vedi Tab. 2).<\/p>\n<p><strong>Come la spenderemo?<\/strong><br \/>\nIn questo momento \u00e8 molto difficile prevedere cosa acquisteranno i veneti con la tredicesima. Tra il pagamento delle bollette della luce, del gas e la rata del mutuo, anche quest\u2019anno non saranno molti i soldi che verranno destinati agli acquisti natalizi. Visto l\u2019andamento dei consumi registrato nella prima parte dell\u2019anno, si stima che l\u2019ammontare complessivo della spesa destinata ai regali rimanga pressoch\u00e9 lo stesso del 2022, poco sotto al miliardo di euro. Un importo che rispetto a 15 anni fa, comunque, \u00e8 dimezzato. Come mai? In primo luogo anche perch\u00e9 tantissimi veneti, approfittando del Black Friday, anticipano sempre pi\u00f9 spesso a novembre l\u2019acquisto dei doni da mettere sotto l\u2019albero. In secondo luogo perch\u00e9 in questi ultimi anni le famiglie hanno diminuito il budget destinato alle spese \u201caccessorie\u201d e ci\u00f2 ha comportato una conseguente flessione della propensione a fare i regali nel periodo natalizio.<\/p>\n<p><strong>Sono cresciute di 500mila euro, ma niente taglio delle tasse<\/strong><br \/>\nRispetto l\u2019anno scorso, il volume economico complessivo delle tredicesime che verr\u00e0 erogato nelle prossime settimane ai veneti \u00e8 incrementato di mezzo milione di euro. Quali sono le ragioni? Innanzitutto perch\u00e9 rispetto al 2022 il numero dei dipendenti presenti nel Veneto \u00e8 aumentato di 83 mila unit\u00e0; dopodich\u00e8, va ricordato che anche il monte salari \u00e8 cresciuto rispetto all\u2019anno scorso e questo \u00e8 riconducibile, in larga misura, al fatto che alcuni importanti contratti di lavoro sono stati rinnovati. Nel primo semestre 2023 rispetto allo stesso periodo del 2022, infatti, l\u2019incremento \u00e8 stato del 5 per cento. Ricordiamo, inoltre, che il taglio del cuneo fiscale per le retribuzioni lorde annue inferiori a 35 mila euro introdotto dal governo Draghi e confermato anche per l\u2019anno prossimo dall\u2019esecutivo guidato dalla Meloni, ha un effetto limitato sulle tredicesime, nella misura di 2 punti percentuali, a condizione che la tredicesima mensilit\u00e0 non ecceda l\u2019importo di 2.692 euro, elevato a 3 punti percentuali se la mensilit\u00e0 aggiuntiva \u00e8 inferiore a 1.923 euro. Si ricorda, infine, che dei 3 milioni di veneti che percepiranno la tredicesima, 1,3 milioni sono pensionati e 1,8 milioni sono lavoratori dipendenti (vedi Tab. 3).<\/p>\n<p><strong><a class=\"dt-pswp-item\" href=\"https:\/\/www.radiopiu.net\/wordpress\/wp-content\/uploads\/2023\/11\/Schermata-2023-11-25-alle-09.56.34.png\" data-dt-img-description=\"\" data-large_image_width=\"1014\" data-large_image_height=\"1624\"><img loading=\"lazy\" decoding=\"async\" class=\"size-medium wp-image-363108 alignleft\" src=\"https:\/\/www.radiopiu.net\/wordpress\/wp-content\/uploads\/2023\/11\/Schermata-2023-11-25-alle-09.56.34-187x300.png\" alt=\"\" width=\"187\" height=\"300\" srcset=\"https:\/\/www.radiopiu.net\/wordpress\/wp-content\/uploads\/2023\/11\/Schermata-2023-11-25-alle-09.56.34-187x300.png 187w, https:\/\/www.radiopiu.net\/wordpress\/wp-content\/uploads\/2023\/11\/Schermata-2023-11-25-alle-09.56.34-639x1024.png 639w, https:\/\/www.radiopiu.net\/wordpress\/wp-content\/uploads\/2023\/11\/Schermata-2023-11-25-alle-09.56.34-768x1230.png 768w, https:\/\/www.radiopiu.net\/wordpress\/wp-content\/uploads\/2023\/11\/Schermata-2023-11-25-alle-09.56.34-959x1536.png 959w, https:\/\/www.radiopiu.net\/wordpress\/wp-content\/uploads\/2023\/11\/Schermata-2023-11-25-alle-09.56.34.png 1014w\" sizes=\"auto, (max-width: 187px) 100vw, 187px\" \/><\/a>I regali pi\u00f9 gettonati? Gli alimentari<\/strong><br \/>\nAnche quest\u2019anno i generi alimentari dovrebbero confermarsi la tipologia di regalo natalizio pi\u00f9 acquistato dai veneti: seguono i giocattoli, i prodotti tecnologici, i libri, l\u2019abbigliamento\/scarpe e gli articoli per la cura della persona. Non c\u2019\u00e8 alcun dubbio che anche i cosiddetti regali \u201cdigitali\u201d saranno tra i pi\u00f9 gettonati: potendo essere acquistati senza doversi recare presso i negozi fisici, subiranno un ulteriore aumento rispetto ai volumi registrati l\u2019anno scorso. In particolare gli abbonamenti a piattaforme streaming e buoni regalo per gli acquisti online.<\/p>\n<p><strong>Tanti dipendenti e altrettanti pensionati ricevono anche la 14esima<br \/>\n<\/strong>Per quanto concerne i lavoratori dipendenti, tutti i CCNL prevedono, per legge, la tredicesima mensilit\u00e0. Inoltre, secondo una stima dell\u2019Ufficio studi della CGIA, i lavoratori dipendenti del settore privato che nel Veneto beneficiano anche della 14esima sono almeno 700.000. La stessa viene erogata nel mese di luglio. I principali contratti nazionali di lavoro che prevedono questa mensilit\u00e0 aggiuntiva sono: l\u2019agricoltura, l\u2019alimentare, l\u2019autotrasporto, il commercio\/turismo e il comparto pulizia\/multiservizi. La quattordicesima spetta anche ai pensionati, purch\u00e9 non ricevano prestazioni di natura assistenziale come le invalidit\u00e0 civili, gli assegni sociali, rendite INAIL e trattamenti non INPS.\u00a0Per ricevere questo assegno il destinatario deve aver compiuto 64 anni di et\u00e0, viene considerato anche il reddito personale del pensionato (quindi non cumulando anche quello del coniuge) e gli anni di contributi versati prima del pensionamento. Sono considerate due diverse fasce reddituali determinate sulla base del trattamento minimo mensile che, nel 2023, ammonta a euro 563,74.<\/p>\n","protected":false},"excerpt":{"rendered":"<p>Tra i lavoratori dipendenti e i pensionati sono poco pi\u00f9 di 3 milioni i veneti che dalla prossima settimana fino alla vigilia di Natale riceveranno la tredicesima mensilit\u00e0. Nei portafogli di queste persone finiranno 3,7 miliardi di euro. A \u201cfesteggiare\u201d sar\u00e0 anche il fisco che, attraverso la ritenuta dell\u2019Irpef, dai contribuenti della nostra regione incasser\u00e0&hellip;<\/p>\n","protected":false},"author":2,"featured_media":115054,"comment_status":"closed","ping_status":"closed","sticky":false,"template":"","format":"standard","meta":{"_monsterinsights_skip_tracking":false,"_monsterinsights_sitenote_active":false,"_monsterinsights_sitenote_note":"","_monsterinsights_sitenote_category":0,"footnotes":""},"categories":[49],"tags":[],"class_list":["post-363106","post","type-post","status-publish","format-standard","has-post-thumbnail","hentry","category-news-18","category-49","description-off"],"img_url":"https:\/\/www.radiopiu.net\/wordpress\/wp-content\/uploads\/2020\/01\/uomo-disteso-che-conta-soldi-con-il-calcolatore_23-2148230056.jpg","_links":{"self":[{"href":"https:\/\/www.radiopiu.net\/wordpress\/wp-json\/wp\/v2\/posts\/363106","targetHints":{"allow":["GET"]}}],"collection":[{"href":"https:\/\/www.radiopiu.net\/wordpress\/wp-json\/wp\/v2\/posts"}],"about":[{"href":"https:\/\/www.radiopiu.net\/wordpress\/wp-json\/wp\/v2\/types\/post"}],"author":[{"embeddable":true,"href":"https:\/\/www.radiopiu.net\/wordpress\/wp-json\/wp\/v2\/users\/2"}],"replies":[{"embeddable":true,"href":"https:\/\/www.radiopiu.net\/wordpress\/wp-json\/wp\/v2\/comments?post=363106"}],"version-history":[{"count":0,"href":"https:\/\/www.radiopiu.net\/wordpress\/wp-json\/wp\/v2\/posts\/363106\/revisions"}],"wp:featuredmedia":[{"embeddable":true,"href":"https:\/\/www.radiopiu.net\/wordpress\/wp-json\/wp\/v2\/media\/115054"}],"wp:attachment":[{"href":"https:\/\/www.radiopiu.net\/wordpress\/wp-json\/wp\/v2\/media?parent=363106"}],"wp:term":[{"taxonomy":"category","embeddable":true,"href":"https:\/\/www.radiopiu.net\/wordpress\/wp-json\/wp\/v2\/categories?post=363106"},{"taxonomy":"post_tag","embeddable":true,"href":"https:\/\/www.radiopiu.net\/wordpress\/wp-json\/wp\/v2\/tags?post=363106"}],"curies":[{"name":"wp","href":"https:\/\/api.w.org\/{rel}","templated":true}]}}