{"id":363109,"date":"2023-11-27T05:40:56","date_gmt":"2023-11-27T04:40:56","guid":{"rendered":"https:\/\/www.radiopiu.net\/wordpress\/?p=363109"},"modified":"2023-11-27T16:22:15","modified_gmt":"2023-11-27T15:22:15","slug":"giornale-radiopiu-27-novembre-2023-direttore-mirko-mezzacasada-40-anni-25-giugno-1983-25-giugno-2023","status":"publish","type":"post","link":"https:\/\/www.radiopiu.net\/wordpress\/giornale-radiopiu-27-novembre-2023-direttore-mirko-mezzacasada-40-anni-25-giugno-1983-25-giugno-2023\/","title":{"rendered":"GIORNALE RADIOPIU 27 NOVEMBRE 2023 DIRETTORE MIRKO MEZZACASA\u2026DA 40 ANNI 25 GIUGNO 1983-25 GIUGNO 2023"},"content":{"rendered":"<p>*****<\/p>\n<p>&nbsp;<\/p>\n<h1 class=\"entry-title photoswipe-wrapper\">40esimo di RADIOPIU\u2026. LA VOCE DELL\u2019EMOZIONE<\/h1>\n<h2><span style=\"color: #ff0000;\">ISCRIVITI AL NOSTRO CANALE\u00a0\u00a0YOUTUBE PER SEGUIRE IN DIRETTA I PRINCIPALI PROGRAMMI DI RADIO PIU\u2019 E LE FUTURE DIRETTE IN ESTERNA. PER ISCRIVERTI <a style=\"color: #ff0000;\" href=\"https:\/\/youtube.com\/@radiopiu1527\">CLICCA QUI\u00a0<\/a>E PREMI\u00a0 \u201cIscriviti\u201d<\/span><\/h2>\n<p>&nbsp;<\/p>\n<hr \/>\n<p>&nbsp;<\/p>\n<p><img loading=\"lazy\" decoding=\"async\" class=\"aligncenter\" src=\"https:\/\/www.radiopiu.net\/wordpress\/wp-content\/uploads\/2021\/02\/RADIO-A-VALVOLE.jpg\" width=\"340\" height=\"213\" \/><\/p>\n<p><span style=\"color: #ff0000;\">\u00a0 <\/span><\/p>\n<h2><span style=\"color: #ff0000;\">i podcast informativi del mattino<\/span><\/h2>\n<p><strong><a class=\"dt-pswp-item\" href=\"https:\/\/www.radiopiu.net\/wordpress\/wp-content\/uploads\/2023\/11\/th-10.jpg\" data-dt-img-description=\"\" data-large_image_width=\"320\" data-large_image_height=\"180\"><img loading=\"lazy\" decoding=\"async\" class=\"wp-image-362866 alignleft\" src=\"https:\/\/www.radiopiu.net\/wordpress\/wp-content\/uploads\/2023\/11\/th-10-300x169.jpg\" alt=\"\" width=\"185\" height=\"104\" srcset=\"https:\/\/www.radiopiu.net\/wordpress\/wp-content\/uploads\/2023\/11\/th-10-300x169.jpg 300w, https:\/\/www.radiopiu.net\/wordpress\/wp-content\/uploads\/2023\/11\/th-10.jpg 320w\" sizes=\"auto, (max-width: 185px) 100vw, 185px\" \/><\/a>LA RASSEGNA STAMPA NAZIONALE ALLA RADIO, OGNI GIORNO ALLE 5 E ALLE 6 DEL MATTINO <span style=\"color: #0000ff;\">viene pubblicata alle 6.00 <span style=\"color: #ff0000;\">DIRETTA RADIO\u00a0<\/span><\/span><\/strong><\/p>\n<p><strong>I titoli principali:<\/strong><\/p>\n<audio class=\"wp-audio-shortcode\" id=\"audio-363109-1\" preload=\"none\" style=\"width: 100%;\" controls=\"controls\"><source type=\"audio\/mpeg\" src=\"https:\/\/www.radiopiu.net\/wordpress\/wp-content\/uploads\/2023\/11\/GIORNALEDELLESEI-9.mp3?_=1\" \/><a href=\"https:\/\/www.radiopiu.net\/wordpress\/wp-content\/uploads\/2023\/11\/GIORNALEDELLESEI-9.mp3\">https:\/\/www.radiopiu.net\/wordpress\/wp-content\/uploads\/2023\/11\/GIORNALEDELLESEI-9.mp3<\/a><\/audio>\n<p><strong>\u00a0\u00a0<\/strong><\/p>\n<p>&nbsp;<\/p>\n<p><strong>GIORNALE RADIO NAZIONALE, EDIZIONE DELLE SETTE <span style=\"color: #0000ff;\">viene pubblicato alle 7.05 <span style=\"color: #ff0000;\">DIRETTA RADIO<\/span><\/span><\/strong><\/p>\n<audio class=\"wp-audio-shortcode\" id=\"audio-363109-2\" preload=\"none\" style=\"width: 100%;\" controls=\"controls\"><source type=\"audio\/mpeg\" src=\"https:\/\/www.radiopiu.net\/wordpress\/wp-content\/uploads\/2023\/11\/giornale07-9.mp3?_=2\" \/><a href=\"https:\/\/www.radiopiu.net\/wordpress\/wp-content\/uploads\/2023\/11\/giornale07-9.mp3\">https:\/\/www.radiopiu.net\/wordpress\/wp-content\/uploads\/2023\/11\/giornale07-9.mp3<\/a><\/audio>\n<p>&nbsp;<\/p>\n<p>&nbsp;<\/p>\n<p>&nbsp;<\/p>\n<blockquote>\n<h2><strong>RASSEGNA STAMPA LOCALE, ORE OTTO <span style=\"color: #0000ff;\">viene pubblicata alle 8.05 <span style=\"color: #ff0000;\">DIRETTA RADIO<\/span><\/span><\/strong><\/h2>\n<\/blockquote>\n<p>&nbsp;<\/p>\n<blockquote class=\"wp-embedded-content\" data-secret=\"YiwzKDPSjh\"><p><a href=\"https:\/\/www.radiopiu.net\/wordpress\/dal1983-loriginale-la-rassegna-stampa-locale-e-alle-sette-del-mattino-le-anticipazioni-per-chi-va-di-fretta\/\">dal1983 l&#8217;originale LA RASSEGNA STAMPA LOCALE E ALLE SETTE DEL MATTINO LE ANTICIPAZIONI PER CHI VA DI FRETTA<\/a><\/p><\/blockquote>\n<p><iframe loading=\"lazy\" class=\"wp-embedded-content\" sandbox=\"allow-scripts\" security=\"restricted\" style=\"position: absolute; clip: rect(1px, 1px, 1px, 1px);\" title=\"&#8220;dal1983 l&#8217;originale LA RASSEGNA STAMPA LOCALE E ALLE SETTE DEL MATTINO LE ANTICIPAZIONI PER CHI VA DI FRETTA&#8221; &#8212; Radio Pi\u00f9\" src=\"https:\/\/www.radiopiu.net\/wordpress\/dal1983-loriginale-la-rassegna-stampa-locale-e-alle-sette-del-mattino-le-anticipazioni-per-chi-va-di-fretta\/embed\/#?secret=1BBXPB2VIg#?secret=YiwzKDPSjh\" data-secret=\"YiwzKDPSjh\" width=\"600\" height=\"338\" frameborder=\"0\" marginwidth=\"0\" marginheight=\"0\" scrolling=\"no\"><\/iframe><\/p>\n<hr \/>\n<p>&nbsp;<\/p>\n<div class=\"page-title-head hgroup\">\n<blockquote>\n<h3 class=\"entry-title\">SAN TOMASO : ABBONATI ALL\u2019INQUINAMENTO DELLE ACQUE.<\/h3>\n<\/blockquote>\n<\/div>\n<p><strong><img loading=\"lazy\" decoding=\"async\" class=\"alignleft\" src=\"https:\/\/www.radiopiu.net\/wordpress\/wp-content\/uploads\/2021\/06\/th-12.jpg\" width=\"159\" height=\"106\" \/><br \/>\n<\/strong><\/p>\n<p class=\"page-title-head hgroup\"><strong>SAN TOMASO<\/strong> Gestione Servizi Pubblici informa che a SAN TOMASO AGORDINO nelle localit\u00e0 PIANEZZE, VALLATA, VAL, MEZZAVALLE, COSTA DI MEZZO E PIAN MOLIN l&#8217;acqua erogata dall&#8217;acquedotto non \u00e8 potabile e non pu\u00f2 essere usata per scopi alimentari. Verr\u00e0 effettuato servizio sostitutivo con autobotte in localit\u00e0 PIAN MOLIN presso Ecocentro.<\/p>\n<p>&nbsp;<\/p>\n<hr \/>\n<p>&nbsp;<\/p>\n<p><a class=\"dt-pswp-item\" href=\"https:\/\/www.radiopiu.net\/wordpress\/wp-content\/uploads\/2023\/10\/34f4cfc6-e863-46e9-9695-8df44be63421.jpg\" data-dt-img-description=\"\" data-large_image_width=\"1200\" data-large_image_height=\"1200\"><img loading=\"lazy\" decoding=\"async\" class=\"wp-image-357393 alignleft\" src=\"https:\/\/www.radiopiu.net\/wordpress\/wp-content\/uploads\/2023\/10\/34f4cfc6-e863-46e9-9695-8df44be63421-300x300.jpg\" alt=\"\" width=\"81\" height=\"81\" srcset=\"https:\/\/www.radiopiu.net\/wordpress\/wp-content\/uploads\/2023\/10\/34f4cfc6-e863-46e9-9695-8df44be63421-300x300.jpg 300w, https:\/\/www.radiopiu.net\/wordpress\/wp-content\/uploads\/2023\/10\/34f4cfc6-e863-46e9-9695-8df44be63421-1024x1024.jpg 1024w, https:\/\/www.radiopiu.net\/wordpress\/wp-content\/uploads\/2023\/10\/34f4cfc6-e863-46e9-9695-8df44be63421-150x150.jpg 150w, https:\/\/www.radiopiu.net\/wordpress\/wp-content\/uploads\/2023\/10\/34f4cfc6-e863-46e9-9695-8df44be63421-768x768.jpg 768w, https:\/\/www.radiopiu.net\/wordpress\/wp-content\/uploads\/2023\/10\/34f4cfc6-e863-46e9-9695-8df44be63421.jpg 1200w\" sizes=\"auto, (max-width: 81px) 100vw, 81px\" \/><\/a>OGGI ALLA RADIO: <strong>ALLE 7<\/strong> LA RASSEGNA STAMPA LOCALE FLASH, PER CHI COME NOI ALLE SETTE DEL MATTINO VA DI FRETTA, TANTE NOTIZIE IN POCHE CHIACCHIERE. <strong>ALLE OTTO<\/strong> L&#8217;APPROFONDIMENTO NELLA STORICA RASSEGNA STAMPA LOCALE.\u00a0 DALLE 6 ALLE 21, OGNI ORA, L&#8217;INFORMAZIONE NAZIONALE, l&#8217;informazione locale, ALLE 10 flash. 11flash. 14 viabilit\u00e0. 15meteo. 16flash. 17flash. 18flash. 19 i titoli di Antenna 3<\/p>\n<p>&nbsp;<\/p>\n<p><strong>GIESSE RISARCIMENTO DANNI BELLUNO CON LA CANOTTIERI CALCIO A 5 BELLUNO, OGGI GLI SPECIALI DI MARCO GAZ SULLE TRE RADIO, RADIO PIU&#8217;, RADIO CLUB103 E RADIO PRIMIERO, SU RADIO PIU&#8217; OGGI ALLE 16.30 DOMANI ALLE 13.10\u00a0<\/strong><\/p>\n<p>&nbsp;<\/p>\n<p><strong>OGGI ALLE 9<\/strong> IERI COME OGGI, CON DANIELA BALDO,<strong> 9.45<\/strong> GLI AUGURI CON MARCO GAZ, <strong>10.30<\/strong> PERITI MINERARI NEL MONDO <strong>12.30<\/strong> GIORNALE RADIO EDIZIONE PRINCIPALE <strong>13.00<\/strong> SALUTE E SOCIETA&#8217;, DOTTOR MARCO CARACCIOLO<br \/>\n14.00 COLLAGE OPERAZIONE NOSTALGIA CON LORIS SCUSSEL<\/p>\n<p>&nbsp;<\/p>\n<p>&nbsp;<\/p>\n<hr \/>\n<p>&nbsp;<\/p>\n<blockquote>\n<h2><strong>Malore Fatale a Belluno: Trovato senza Vita Giuseppe Conti, 34 anni<\/strong><\/h2>\n<\/blockquote>\n<p><strong><a class=\"dt-pswp-item\" href=\"https:\/\/www.radiopiu.net\/wordpress\/wp-content\/uploads\/2023\/11\/th-14.jpg\" data-dt-img-description=\"\" data-large_image_width=\"270\" data-large_image_height=\"180\"><img loading=\"lazy\" decoding=\"async\" class=\" wp-image-363285 alignleft\" src=\"https:\/\/www.radiopiu.net\/wordpress\/wp-content\/uploads\/2023\/11\/th-14.jpg\" alt=\"\" width=\"227\" height=\"151\" \/><\/a>BELLUNO<\/strong> Nella sua casa a Levego, \u00e8 stato scoperto il corpo senza vita di Giuseppe Conti, 34 anni, qualche giorno fa. L&#8217;uomo, che viveva da solo nelle case popolari della frazione, non era stato avvistato per alcuni giorni, innescando l&#8217;allarme tra i residenti. I vigili del fuoco sono intervenuti per aprire la porta e permettere l&#8217;accesso ai soccorritori del Suem 118. Il medico legale, giunto sul posto, ha constatato il decesso di Conti, escludendo segni di violenza e ipotesi di autolesionismo. I carabinieri del Comando provinciale di Belluno hanno avviato le indagini, ma al momento sembra che la morte sia dovuta a un malore improvviso. Sono in corso accertamenti per confermare questa ipotesi e escludere altre cause. La data dei funerali non \u00e8 stata ancora annunciata, poich\u00e9 la magistratura potrebbe voler approfondire ulteriormente prima di concedere l&#8217;autorizzazione alla sepoltura.<\/p>\n<p>&nbsp;<\/p>\n<hr \/>\n<p>&nbsp;<\/p>\n<blockquote>\n<h3><strong>Risolto con Lavori di Pubblica Utilit\u00e0 il Caso di Aggressione e Furto a Cortina<\/strong><\/h3>\n<\/blockquote>\n<p><strong><a class=\"dt-pswp-item\" href=\"https:\/\/www.radiopiu.net\/wordpress\/wp-content\/uploads\/2023\/11\/Senza-nome-140.png\" data-dt-img-description=\"\" data-large_image_width=\"272\" data-large_image_height=\"189\"><img loading=\"lazy\" decoding=\"async\" class=\"size-full wp-image-363287 alignleft\" src=\"https:\/\/www.radiopiu.net\/wordpress\/wp-content\/uploads\/2023\/11\/Senza-nome-140.png\" alt=\"\" width=\"272\" height=\"189\" \/><\/a>\u00a0CORTINA<\/strong> Una disputa amorosa a Cortina d&#8217;Ampezzo, risalente al 2019 durante il Cortina Fashion Weekend, si \u00e8 risolta con una sorprendente sentenza. Una donna ampezzana, sospettando un tradimento del fidanzato, ha aggredito la presunta amante con una borsetta, causando lesioni. Nonostante l&#8217;uso della violenza e il furto degli occhiali, l&#8217;avvocato difensore ha proposto una soluzione insolita: alcuni mesi di volontariato per la collettivit\u00e0. Il giudice Federico Montalto ha accettato la richiesta di sospensione del processo per messa alla prova presentata dall&#8217;avvocato, e la donna ha completato con successo i lavori di pubblica utilit\u00e0. Di conseguenza, il giudice ha dichiarato l&#8217;estinzione dei reati di lesioni aggravate e furto. Nonostante un episodio di danneggiamento dell&#8217;auto durante l&#8217;incidente, il reato non \u00e8 stato contestato.<\/p>\n<p>&nbsp;<\/p>\n<p>&nbsp;<\/p>\n<hr \/>\n<p>&nbsp;<\/p>\n<blockquote>\n<h3>DISTACCO DI MATERIALE DAL FRAMONT<\/h3>\n<\/blockquote>\n<p><strong>TAIBON<\/strong> Erano passate da poco le 16:15 di ieri quando si sono sentiti due boati nella parte alta di Taibon. \u00c8 bastato alzare lo sguardo per capire cosa fosse successo. Una nuvola di fumo si \u00e8 alzata dal Framont dove alcuni massi si sono staccati dalla parte alta per terminare la corsa e frantumarsi nel canalone. Non \u00e8 la prima volta che con gli sbalzi di temperatura accadono questi fenomeni.<\/p>\n\n\t\t\t<style type='text\/css'>\n\t\t\t\t#gallery-1 {\n\t\t\t\t\tmargin: auto;\n\t\t\t\t}\n\t\t\t\t#gallery-1 .gallery-item {\n\t\t\t\t\tfloat: left;\n\t\t\t\t\tmargin-top: 10px;\n\t\t\t\t\ttext-align: center;\n\t\t\t\t\twidth: 50%;\n\t\t\t\t}\n\t\t\t\t#gallery-1 img {\n\t\t\t\t\tborder: 2px solid #cfcfcf;\n\t\t\t\t}\n\t\t\t\t#gallery-1 .gallery-caption {\n\t\t\t\t\tmargin-left: 0;\n\t\t\t\t}\n\t\t\t\t\/* see gallery_shortcode() in wp-includes\/media.php *\/\n\t\t\t<\/style>\n\t\t<div id='gallery-1' class='dt-gallery-container gallery galleryid-363109 gallery-columns-2 gallery-size-medium'><dl class='gallery-item'>\n\t\t\t\t<dt class='gallery-icon landscape'>\n\t\t\t\t\t<a class=\"rollover rollover-zoom dt-pswp-item\" title=\"9f4e34b4-d6e4-4f58-935f-76cb0f321756\" data-dt-img-description=\"\" data-large_image_width=\"1024\" data-large_image_height=\"768\"href='https:\/\/www.radiopiu.net\/wordpress\/wp-content\/uploads\/2023\/11\/9f4e34b4-d6e4-4f58-935f-76cb0f321756.jpg'><img loading=\"lazy\" decoding=\"async\" width=\"300\" height=\"225\" src=\"https:\/\/www.radiopiu.net\/wordpress\/wp-content\/uploads\/2023\/11\/9f4e34b4-d6e4-4f58-935f-76cb0f321756-300x225.jpg\" class=\"attachment-medium size-medium\" alt=\"\" srcset=\"https:\/\/www.radiopiu.net\/wordpress\/wp-content\/uploads\/2023\/11\/9f4e34b4-d6e4-4f58-935f-76cb0f321756-300x225.jpg 300w, https:\/\/www.radiopiu.net\/wordpress\/wp-content\/uploads\/2023\/11\/9f4e34b4-d6e4-4f58-935f-76cb0f321756-768x576.jpg 768w, https:\/\/www.radiopiu.net\/wordpress\/wp-content\/uploads\/2023\/11\/9f4e34b4-d6e4-4f58-935f-76cb0f321756.jpg 1024w\" sizes=\"auto, (max-width: 300px) 100vw, 300px\" \/><\/a>\n\t\t\t\t<\/dt><\/dl><dl class='gallery-item'>\n\t\t\t\t<dt class='gallery-icon landscape'>\n\t\t\t\t\t<a class=\"rollover rollover-zoom dt-pswp-item\" title=\"2799a326-2ddd-4fee-8526-ce515218f395\" data-dt-img-description=\"\" data-large_image_width=\"1024\" data-large_image_height=\"768\"href='https:\/\/www.radiopiu.net\/wordpress\/wp-content\/uploads\/2023\/11\/2799a326-2ddd-4fee-8526-ce515218f395.jpg'><img loading=\"lazy\" decoding=\"async\" width=\"300\" height=\"225\" src=\"https:\/\/www.radiopiu.net\/wordpress\/wp-content\/uploads\/2023\/11\/2799a326-2ddd-4fee-8526-ce515218f395-300x225.jpg\" class=\"attachment-medium size-medium\" alt=\"\" srcset=\"https:\/\/www.radiopiu.net\/wordpress\/wp-content\/uploads\/2023\/11\/2799a326-2ddd-4fee-8526-ce515218f395-300x225.jpg 300w, https:\/\/www.radiopiu.net\/wordpress\/wp-content\/uploads\/2023\/11\/2799a326-2ddd-4fee-8526-ce515218f395-768x576.jpg 768w, https:\/\/www.radiopiu.net\/wordpress\/wp-content\/uploads\/2023\/11\/2799a326-2ddd-4fee-8526-ce515218f395.jpg 1024w\" sizes=\"auto, (max-width: 300px) 100vw, 300px\" \/><\/a>\n\t\t\t\t<\/dt><\/dl><br style=\"clear: both\" \/>\n\t\t\t<\/div>\n\n<p>&nbsp;<\/p>\n<hr \/>\n<p>&nbsp;<\/p>\n<blockquote>\n<h3><strong>Incendio Doloso Distrugge Chiosco del Tennis a Calalzo: Indagini in Corso\u00a0<\/strong><\/h3>\n<p><em>La struttura, di propriet\u00e0 comunale e in gestione al Bob Club, \u00e8 stata posta sotto sequestro per consentire ulteriori indagini sulla possibile causa dolosa dell&#8217;incendio. L&#8217;evento ha causato danni significativi, e le indagini proseguiranno con l&#8217;analisi della luce del giorno.<\/em><\/p><\/blockquote>\n<p><a class=\"dt-pswp-item\" href=\"https:\/\/www.radiopiu.net\/wordpress\/wp-content\/uploads\/2023\/11\/Senza-nome-139.png\" data-dt-img-description=\"\" data-large_image_width=\"346\" data-large_image_height=\"250\"><img loading=\"lazy\" decoding=\"async\" class=\" wp-image-363278 alignleft\" src=\"https:\/\/www.radiopiu.net\/wordpress\/wp-content\/uploads\/2023\/11\/Senza-nome-139-300x217.png\" alt=\"\" width=\"198\" height=\"143\" srcset=\"https:\/\/www.radiopiu.net\/wordpress\/wp-content\/uploads\/2023\/11\/Senza-nome-139-300x217.png 300w, https:\/\/www.radiopiu.net\/wordpress\/wp-content\/uploads\/2023\/11\/Senza-nome-139.png 346w\" sizes=\"auto, (max-width: 198px) 100vw, 198px\" \/><\/a> Il chiosco del tennis gestito dal Bob Club di Pieve di Cadore a Calalzo \u00e8 stato distrutto da un incendio, e si sospetta che sia stato provocato intenzionalmente. La struttura, gi\u00e0 chiusa da una settimana, era stata completamente disattivata per l&#8217;inverno. I vigili del fuoco di Pieve di Cadore sono intervenuti ieri sera per spegnere le fiamme. Fortunatamente, non ci sono feriti. L&#8217;incendio ha interessato un chiosco di otto metri per quattro, utilizzato come punto di ristoro per i giocatori di tennis. L&#8217;assessore comunale Umberto De Menego Fero ha dichiarato che l&#8217;ipotesi di incendio doloso \u00e8 avanzata in quanto la struttura era chiusa e tutti gli impianti erano stati spenti e messi in sicurezza. L&#8217;assessore ha dichiarato di aver parlato con i gestori del chiosco, confermando che la struttura era chiusa da una settimana e che tutte le misure preventive erano state adottate. Le bombole del gas erano state opportunamente rimosse. Nonostante la mancanza di testimoni oculari, due signore hanno dato l&#8217;allarme, ma il fuoco era gi\u00e0 in fase avanzata.<\/p>\n<div class=\"flex-1 overflow-hidden\">\n<div class=\"react-scroll-to-bottom--css-nigxr-79elbk h-full\">\n<div class=\"react-scroll-to-bottom--css-nigxr-1n7m0yu\">\n<div class=\"flex flex-col text-sm gizmo:pb-9 dark:bg-gray-800 gizmo:dark:bg-transparent\">\n<div class=\"w-full text-token-text-primary border-b border-black\/10 gizmo:border-0 dark:border-gray-900\/50 gizmo:dark:border-0 bg-gray-50 gizmo:bg-transparent dark:bg-[#444654] gizmo:dark:bg-transparent\" data-testid=\"conversation-turn-13\">\n<div class=\"p-4 gizmo:py-2 justify-center text-base md:gap-6 md:py-6 m-auto\">\n<div class=\"flex flex-1 gap-4 text-base mx-auto md:gap-6 gizmo:gap-3 gizmo:md:px-5 gizmo:lg:px-1 gizmo:xl:px-5 md:max-w-2xl lg:max-w-[38rem] gizmo:md:max-w-3xl gizmo:lg:max-w-[40rem] gizmo:xl:max-w-[48rem] xl:max-w-3xl } group final-completion\">\n<div class=\"relative flex w-[calc(100%-50px)] flex-col gizmo:w-full lg:w-[calc(100%-115px)] agent-turn\">\n<div class=\"flex-col gap-1 md:gap-3\">\n<div class=\"flex justify-between empty:hidden gizmo:mt-1 gizmo:justify-start gizmo:gap-3 lg:block gizmo:lg:flex\"><\/div>\n<div>\n<hr \/>\n<\/div>\n<div>\n<blockquote>\n<h2><strong>\u00a0<\/strong><\/h2>\n<h2><strong>Incidente Notturno sulla 51 di Alemagna: Conducente Bellunese Coinvolto<\/strong><\/h2>\n<\/blockquote>\n<\/div>\n<div>\n<p><strong><a class=\"dt-pswp-item\" href=\"https:\/\/www.radiopiu.net\/wordpress\/wp-content\/uploads\/2023\/11\/vgili-fuoco.png\" data-dt-img-description=\"\" data-large_image_width=\"350\" data-large_image_height=\"211\"><img loading=\"lazy\" decoding=\"async\" class=\" wp-image-363290 alignleft\" src=\"https:\/\/www.radiopiu.net\/wordpress\/wp-content\/uploads\/2023\/11\/vgili-fuoco-300x181.png\" alt=\"\" width=\"227\" height=\"137\" srcset=\"https:\/\/www.radiopiu.net\/wordpress\/wp-content\/uploads\/2023\/11\/vgili-fuoco-300x181.png 300w, https:\/\/www.radiopiu.net\/wordpress\/wp-content\/uploads\/2023\/11\/vgili-fuoco.png 350w\" sizes=\"auto, (max-width: 227px) 100vw, 227px\" \/><\/a>BELLUNO<\/strong> Il 36enne ha perso il controllo della sua auto nella notte, finendo contro il guard rail a Santa Croce del Lago sulla 51 di Alemagna. L&#8217;incidente \u00e8 avvenuto poco prima dell&#8217;una. L&#8217;ambulanza del 118 \u00e8 intervenuta sul posto per soccorrere il conducente, riportando traumi inizialmente descritti come di lieve entit\u00e0. Nonostante la diagnosi iniziale, al Pronto Soccorso dell&#8217;ospedale San Martino \u00e8 stato indicato un codice 2, indicante traumi di media gravit\u00e0. Dopo le cure iniziali, i vigili del fuoco di Belluno hanno messo in sicurezza il veicolo e ripulito la carreggiata da detriti. I carabinieri, intervenuti per i rilievi, potrebbero aver richiesto il prelievo del sangue per l&#8217;alcoltest. Le cause dell&#8217;incidente sono ancora in fase di indagine, e potrebbe essere stato causato anche da un colpo di sonno.<\/p>\n<\/div>\n<div><\/div>\n<\/div>\n<\/div>\n<\/div>\n<\/div>\n<\/div>\n<\/div>\n<\/div>\n<\/div>\n<\/div>\n<p>&nbsp;<\/p>\n<p>&nbsp;<\/p>\n<hr \/>\n<p>&nbsp;<\/p>\n<blockquote>\n<h2><strong>Chef De Pra del Dolada Chiude l&#8217;Allevamento di Pecore a Causa dei Lupi<\/strong><\/h2>\n<\/blockquote>\n<p><strong><a class=\"dt-pswp-item\" href=\"https:\/\/www.radiopiu.net\/wordpress\/wp-content\/uploads\/2023\/11\/406027656_741893954643594_1753874664720059661_n.jpg\" data-dt-img-description=\"\" data-large_image_width=\"773\" data-large_image_height=\"509\"><img loading=\"lazy\" decoding=\"async\" class=\" wp-image-363334 alignleft\" src=\"https:\/\/www.radiopiu.net\/wordpress\/wp-content\/uploads\/2023\/11\/406027656_741893954643594_1753874664720059661_n-300x198.jpg\" alt=\"\" width=\"226\" height=\"149\" srcset=\"https:\/\/www.radiopiu.net\/wordpress\/wp-content\/uploads\/2023\/11\/406027656_741893954643594_1753874664720059661_n-300x198.jpg 300w, https:\/\/www.radiopiu.net\/wordpress\/wp-content\/uploads\/2023\/11\/406027656_741893954643594_1753874664720059661_n-768x506.jpg 768w, https:\/\/www.radiopiu.net\/wordpress\/wp-content\/uploads\/2023\/11\/406027656_741893954643594_1753874664720059661_n.jpg 773w\" sizes=\"auto, (max-width: 226px) 100vw, 226px\" \/><\/a>ALPAGO<\/strong> Il celebre chef Riccardo De Pra del ristorante stellato &#8220;Dolada&#8221; di Plois, nell&#8217;Alpago, ha annunciato la chiusura dell&#8217;allevamento di pecore e agnelli alpagoti a causa delle continue predazioni da parte dei lupi. De Pra ha dichiarato che la frustrazione di fronte all&#8217;assenza di azioni da parte degli enti preposti \u00e8 troppo grande, portandolo a chiudere definitivamente l&#8217;attivit\u00e0 di allevamento della &#8220;razza Alpago&#8221;. L&#8217;episodio segna un duro colpo per l&#8217;allevamento tradizionale di pecore e agnelli tipici dell&#8217;Alpago. De Pra, rinomato per la sua cucina di alta qualit\u00e0, ha annunciato che d&#8217;ora in avanti importer\u00e0 agnelli francesi. Il gesto rappresenta una protesta contro l&#8217;inazione delle autorit\u00e0 locali nel gestire il problema dei lupi e una dimostrazione di solidariet\u00e0 agli allevatori francesi. L&#8217;annuncio di De Pra ha suscitato reazioni e riflessioni sulla gestione della presenza dei lupi e sulle politiche ambientali connesse, mettendo in luce le sfide che gli allevatori locali affrontano in questo contesto.<\/p>\n<p>&nbsp;<\/p>\n<p><a class=\"dt-pswp-item\" href=\"https:\/\/www.radiopiu.net\/wordpress\/wp-content\/uploads\/2023\/11\/326419367_504945238209567_7521862022809139762_n.png\" data-dt-img-description=\"\" data-large_image_width=\"533\" data-large_image_height=\"533\"><img loading=\"lazy\" decoding=\"async\" class=\"wp-image-363333 alignleft\" src=\"https:\/\/www.radiopiu.net\/wordpress\/wp-content\/uploads\/2023\/11\/326419367_504945238209567_7521862022809139762_n-300x300.png\" alt=\"\" width=\"157\" height=\"157\" srcset=\"https:\/\/www.radiopiu.net\/wordpress\/wp-content\/uploads\/2023\/11\/326419367_504945238209567_7521862022809139762_n-300x300.png 300w, https:\/\/www.radiopiu.net\/wordpress\/wp-content\/uploads\/2023\/11\/326419367_504945238209567_7521862022809139762_n-150x150.png 150w, https:\/\/www.radiopiu.net\/wordpress\/wp-content\/uploads\/2023\/11\/326419367_504945238209567_7521862022809139762_n.png 533w\" sizes=\"auto, (max-width: 157px) 100vw, 157px\" \/><\/a><strong>FACEBOOK_<\/strong> Questa notte le ultime pecore e agnelli del nostro allevamento sono state sbranate dal lupo. Dopo questo ennesimo episodio termina l\u2019attivit\u00e0 di allevamento della \u201crazza Alpago\u201d nell\u2019Azienda Agricola Doladino poich\u00e8, la frustrazione di veder proseguire questo scempio ,senza nessuna azione da parte degli enti preposti, \u00e8 troppo grande . Vi ricordo che gli stessi enti sono pagati da noi contribuenti per non intervenire o addirittura per lavorare la notte per sparare dei pallini di gomma atti a \u201c spaventare il lupo\u201d . In merito all\u2019idiozia politica promotrice dell\u2019 inserimento del lupo nelle nostre vallate proprio non ne voglio neanche parlare inquanto le mie offese potrebbero non essere sufficienti a rendere giustizia. Da oggi termina anche l\u2019utilizzo e la promozione dell\u2019agnello dell\u2019 Alpago da parte del ristorante @Dolada1921 nonostante esso sia tra i fondatori di questo presidio. Da ora utilizzeremo agnello francese \u201cmanex t\u00eate noire\u201d per ricordare agli allevatori locali che se questi fatti succedessero in Francia, gli allevatori francesi porterebbero i loro greggi a pascolare\/protestare sull\u2019autostrada che porta verso <a class=\"x1i10hfl xjbqb8w x6umtig x1b1mbwd xaqea5y xav7gou x9f619 x1ypdohk xt0psk2 xe8uvvx xdj266r x11i5rnm xat24cr x1mh8g0r xexx8yu x4uap5 x18d9i69 xkhd6sd x16tdsg8 x1hl2dhg xggy1nq x1a2a7pz xt0b8zv x1qq9wsj xo1l8bm\" tabindex=\"0\" role=\"link\" href=\"https:\/\/www.facebook.com\/hashtag\/milanocortina2026?__eep__=6&amp;__cft__[0]=AZVUZOAva9v-jGvljk_OgeUsHhaZX8XX2KK4ePOTHx6j8THB03Q9-BE56n6-3rgx10bp_i_XIBBFTRVluawc2fFLF2P1pqKTUDGvD8IvAG9ONZToQISojYghro1Zgd4NB8YY-YnFlbtDtLQdkhsyogWds4Mu8J1NL6211T2oHjKKjTLG0O42NhmFR6e3mgk-7Vg&amp;__tn__=*NK-R\">#MilanoCortina2026<\/a> e non resterebbero a belare su Facebook come delle pecore intimorite.<\/p>\n<div class=\"x11i5rnm xat24cr x1mh8g0r x1vvkbs xtlvy1s x126k92a\">\n<div dir=\"auto\"><strong>Riccardo De Pra\u00a0<\/strong><\/div>\n<div dir=\"auto\"><\/div>\n<\/div>\n<div class=\"flex-1 overflow-hidden\">\n<div class=\"react-scroll-to-bottom--css-nigxr-79elbk h-full\">\n<div class=\"react-scroll-to-bottom--css-nigxr-1n7m0yu\">\n<div class=\"flex flex-col text-sm gizmo:pb-9 dark:bg-gray-800 gizmo:dark:bg-transparent\">\n<div class=\"w-full text-token-text-primary border-b border-black\/10 gizmo:border-0 dark:border-gray-900\/50 gizmo:dark:border-0 bg-gray-50 gizmo:bg-transparent dark:bg-[#444654] gizmo:dark:bg-transparent\" data-testid=\"conversation-turn-21\">\n<div class=\"p-4 gizmo:py-2 justify-center text-base md:gap-6 md:py-6 m-auto\">\n<div class=\"flex flex-1 gap-4 text-base mx-auto md:gap-6 gizmo:gap-3 gizmo:md:px-5 gizmo:lg:px-1 gizmo:xl:px-5 md:max-w-2xl lg:max-w-[38rem] gizmo:md:max-w-3xl gizmo:lg:max-w-[40rem] gizmo:xl:max-w-[48rem] xl:max-w-3xl } group final-completion\">\n<div class=\"relative flex w-[calc(100%-50px)] flex-col gizmo:w-full lg:w-[calc(100%-115px)] agent-turn\">\n<div class=\"flex-col gap-1 md:gap-3\">\n<div class=\"flex justify-between empty:hidden gizmo:mt-1 gizmo:justify-start gizmo:gap-3 lg:block gizmo:lg:flex\"><\/div>\n<div>\n<hr \/>\n<\/div>\n<div><\/div>\n<\/div>\n<h3>\u00a0LADRO IN CASA, ARRIVA IL PROPRIETARIO E FUGGE tipici raid domenicali tra le 17 e le 21 con i favori del buio<\/h3>\n<div><strong>TRICHIANA<\/strong> Il propietario ieri sera rientra e trova il malvivente in casa, ha provato a fermarlo ma il lestofante se l&#8217;\u00e8 data a gambe levate.\u00a0 Indagano i Carabinieri su quell&#8217;uomo che ha dribblato proprietario, moglie e bambina piccola, lanciandosi dal terrazzo. Qualche ora prima altro colpo a BorgoValbelluna, rubati preziosi. La scorsa settimana sempre di domenica a Cavarzano<\/div>\n<div><\/div>\n<\/div>\n<\/div>\n<\/div>\n<\/div>\n<\/div>\n<\/div>\n<\/div>\n<\/div>\n<div class=\"w-full pt-2 md:pt-0 border-t md:border-t-0 gizmo:border-t-0 dark:border-white\/20 md:border-transparent md:dark:border-transparent md:pl-2 gizmo:pl-0 gizmo:md:pl-0 md:w-[calc(100%-.5rem)]\">\n<form class=\"stretch mx-2 flex flex-row gap-3 last:mb-2 md:mx-4 md:last:mb-6 lg:mx-auto lg:max-w-2xl xl:max-w-3xl\">\n<div class=\"relative flex h-full flex-1 items-stretch md:flex-col\">\n<div class=\"flex w-full items-center\"><\/div>\n<\/div>\n<\/form>\n<\/div>\n<hr \/>\n<p>&nbsp;<\/p>\n<blockquote>\n<h3>APPIA CNA BELLUNO CONTRO LA VIOLENZA SULLE DONNE<\/h3>\n<\/blockquote>\n<p><strong><a class=\"dt-pswp-item\" href=\"https:\/\/www.radiopiu.net\/wordpress\/wp-content\/uploads\/2023\/11\/Logo-intero-Appia-in-rosso.jpg\" data-dt-img-description=\"\" data-large_image_width=\"317\" data-large_image_height=\"128\"><img loading=\"lazy\" decoding=\"async\" class=\" wp-image-363161 alignleft\" src=\"https:\/\/www.radiopiu.net\/wordpress\/wp-content\/uploads\/2023\/11\/Logo-intero-Appia-in-rosso-300x121.jpg\" alt=\"\" width=\"181\" height=\"73\" srcset=\"https:\/\/www.radiopiu.net\/wordpress\/wp-content\/uploads\/2023\/11\/Logo-intero-Appia-in-rosso-300x121.jpg 300w, https:\/\/www.radiopiu.net\/wordpress\/wp-content\/uploads\/2023\/11\/Logo-intero-Appia-in-rosso.jpg 317w\" sizes=\"auto, (max-width: 181px) 100vw, 181px\" \/><\/a>BELLUNO <\/strong>Anche Appia CNA Belluno si mobilita contro la violenza sulle donne: in occasione della Giornata internazionale per l\u2019eliminazione della violenza sulle donne, infatti, l\u2019associazione ha realizzato una newsletter speciale e dedicata, grazie alla collaborazione con il Comitato Imprese Donna. Non solo: per l\u2019occasione, il logo di Appia CNA Belluno appare in un\u2019inedita veste, con la lettera \u201cA\u201d iniziale di colore rosso, e rimarr\u00e0 utilizzato nella comunicazione istituzionale nelle prossime settimane come simbolico omaggio a Giulia Cecchettin e a tutte le donne che hanno subito forme di violenza.<\/p>\n<p>&nbsp;<\/p>\n<p>&nbsp;<\/p>\n<hr \/>\n<p>&nbsp;<\/p>\n<blockquote>\n<h3>L&#8217;ORDINE DEI MEDICI CHIRURGHI ED ODONTOIATRI DI BELLUNO SI SCHIERA CONTRO LA VIOLENZA: APPLICHIAMO LA PREVENZIONE CONOSCENDO I PERICOLI<\/h3>\n<p><em>Anche seguito all&#8217;atroce omicidio di Giulia Cecchettin, l&#8217;Ordine esprime solidariet\u00e0 e promuove la consapevolezza<\/em><\/p><\/blockquote>\n<p><strong>BELLUNO\u00a0<\/strong><\/p>\n<p><a class=\"dt-pswp-item\" href=\"https:\/\/www.radiopiu.net\/wordpress\/wp-content\/uploads\/2021\/12\/th-11.jpg\" data-dt-img-description=\"\" data-large_image_width=\"297\" data-large_image_height=\"171\"><img loading=\"lazy\" decoding=\"async\" class=\" wp-image-249467 alignleft\" src=\"https:\/\/www.radiopiu.net\/wordpress\/wp-content\/uploads\/2021\/12\/th-11.jpg\" alt=\"\" width=\"144\" height=\"83\" \/><\/a>La provincia di Belluno, segnata dall&#8217;efferato omicidio di Giulia Cecchettin, vede un netto schieramento contro la violenza sulle donne da parte dell&#8217;Ordine dei Medici Chirurghi ed Odontoiatri. In un momento di profonda tristezza, rivolge\u00a0 sincere condoglianze alla famiglia della giovane vittima.<\/p>\n<p><strong>Comunicare per prevenire<\/strong><\/p>\n<p>Condannando eticamente e sostenendo la repressione giudiziaria, l&#8217;Ordine crede che la lotta contro la violenza di genere possa trarre beneficio da una comunicazione efficace rivolta alle potenziali vittime. La cronaca ci mostra tristemente che le vittime provengono da ogni et\u00e0 e ceto sociale, sottolineando l&#8217;urgenza di un approccio preventivo diffuso.<\/p>\n<p><strong>Conoscenza come autotutela<\/strong><\/p>\n<p>Il dott. Bruno Forti, gi\u00e0 Direttore della UOC di Psichiatria di Belluno, interviene con preziosi consigli consultabili al link <a href=\"https:\/\/youtu.be\/iIu3uh01k4A?si=aRKGiO4mlKcrVnBx\" target=\"_new\" rel=\"noopener\">youtube.com\/iIu3uh01k4A<\/a> e sul sito dell&#8217;Ordine <a href=\"http:\/\/www.ordinemedicibelluno.it\/\" target=\"_new\" rel=\"noopener\">ordinemedicibelluno.it<\/a>. Il suo intervento mira a fornire alle donne elementi di conoscenza per attivare forme di autotutela contro possibili pericoli per la propria incolumit\u00e0, con l&#8217;obiettivo di agire &#8220;prima che sia troppo tardi&#8221;.<\/p>\n<blockquote><p>In un momento in cui la comunit\u00e0 \u00e8 chiamata a riflettere sulle gravi implicazioni della violenza di genere, l&#8217;Ordine dei Medici Chirurghi ed Odontoiatri si pone come un alleato nella sensibilizzazione e nella prevenzione. La speranza \u00e8 che l&#8217;unione contro la violenza possa portare a una societ\u00e0 pi\u00f9 sicura e rispettosa per tutte le sue componenti<\/p><\/blockquote>\n<p>&nbsp;<\/p>\n<p>&nbsp;<\/p>\n<hr \/>\n<p>&nbsp;<\/p>\n<blockquote>\n<h3>UNITI CONTRO LA VIOLENZA SULLE DONNE: LE CASERME DEI CARABINIERI SI COLORANO DI ARANCIONE<\/h3>\n<\/blockquote>\n<p><strong><a class=\"dt-pswp-item\" href=\"https:\/\/www.radiopiu.net\/wordpress\/wp-content\/uploads\/2023\/11\/4aa9c641-7cf1-48ce-9266-47837a7d4911.jpg\" data-dt-img-description=\"\" data-large_image_width=\"1598\" data-large_image_height=\"1300\"><img loading=\"lazy\" decoding=\"async\" class=\" wp-image-363148 alignleft\" src=\"https:\/\/www.radiopiu.net\/wordpress\/wp-content\/uploads\/2023\/11\/4aa9c641-7cf1-48ce-9266-47837a7d4911-300x244.jpg\" alt=\"\" width=\"269\" height=\"219\" srcset=\"https:\/\/www.radiopiu.net\/wordpress\/wp-content\/uploads\/2023\/11\/4aa9c641-7cf1-48ce-9266-47837a7d4911-300x244.jpg 300w, https:\/\/www.radiopiu.net\/wordpress\/wp-content\/uploads\/2023\/11\/4aa9c641-7cf1-48ce-9266-47837a7d4911-1024x833.jpg 1024w, https:\/\/www.radiopiu.net\/wordpress\/wp-content\/uploads\/2023\/11\/4aa9c641-7cf1-48ce-9266-47837a7d4911-768x625.jpg 768w, https:\/\/www.radiopiu.net\/wordpress\/wp-content\/uploads\/2023\/11\/4aa9c641-7cf1-48ce-9266-47837a7d4911-1536x1250.jpg 1536w, https:\/\/www.radiopiu.net\/wordpress\/wp-content\/uploads\/2023\/11\/4aa9c641-7cf1-48ce-9266-47837a7d4911.jpg 1598w\" sizes=\"auto, (max-width: 269px) 100vw, 269px\" \/><\/a>BELLUNO<\/strong> Nella Giornata internazionale per l&#8217;eliminazione della violenza sulle donne, il Comando Provinciale dei Carabinieri di Belluno ha acceso le luci arancioni in adesione alla campagna &#8220;Orange the World&#8221;. Sette giovani donne, unite dal Club Belluno-Feltre di Soroptimist International, hanno simbolicamente acceso le luci insieme a uomini e donne dell&#8217;Arma. Questo gesto \u00e8 stato un simbolo di impegno contro la violenza di genere. Il Comandante Provinciale ha sottolineato l&#8217;importanza di sensibilizzare l&#8217;opinione pubblica su un tema cos\u00ec delicato e ha ringraziato le giovani partecipanti per il loro gesto significativo. In contemporanea, la Compagnia Carabinieri di Feltre ha inaugurato una stanza dedicata alle vittime di violenza di genere, realizzata in collaborazione con il Club Belluno-Feltre di Soroptimist International. Queste stanze, arredate diversamente dagli uffici tradizionali, offrono uno spazio sicuro e accogliente per le donne vittime di violenza, dove possono trovare ascolto e supporto. Il Comandante Provinciale ha evidenziato l&#8217;importanza della rete di supporto alle vittime e ha ringraziato associazioni come Belluno Donna e l&#8217;ULSS per il loro impegno. L&#8217;Arma ha svolto oltre 280 indagini su casi di violenza sulle donne dall&#8217;inizio dell&#8217;anno, evidenziando l&#8217;impegno della provincia di Belluno nel contrasto a questo fenomeno.<\/p>\n<p>&nbsp;<\/p>\n<p>&nbsp;<\/p>\n<hr \/>\n<p>&nbsp;<\/p>\n<h2><span style=\"color: #ff00ff;\">25 NOVEMBRE: GIORNATA INTERNAZIONALE CONTRO LA VIOLENZA SULLE DONNE<\/span><\/h2>\n<p><strong><a class=\"dt-pswp-item\" href=\"https:\/\/www.radiopiu.net\/wordpress\/wp-content\/uploads\/2023\/11\/SCR-20231125-iwnk.png\" data-dt-img-description=\"\" data-large_image_width=\"958\" data-large_image_height=\"566\"><img loading=\"lazy\" decoding=\"async\" class=\"size-medium wp-image-363104 alignleft\" src=\"https:\/\/www.radiopiu.net\/wordpress\/wp-content\/uploads\/2023\/11\/SCR-20231125-iwnk-300x177.png\" alt=\"\" width=\"300\" height=\"177\" srcset=\"https:\/\/www.radiopiu.net\/wordpress\/wp-content\/uploads\/2023\/11\/SCR-20231125-iwnk-300x177.png 300w, https:\/\/www.radiopiu.net\/wordpress\/wp-content\/uploads\/2023\/11\/SCR-20231125-iwnk-768x454.png 768w, https:\/\/www.radiopiu.net\/wordpress\/wp-content\/uploads\/2023\/11\/SCR-20231125-iwnk.png 958w\" sizes=\"auto, (max-width: 300px) 100vw, 300px\" \/><\/a>LO SPECIALE ALLA RADIO A CURA DI MARINA DONA&#8217;<\/strong><\/p>\n<audio class=\"wp-audio-shortcode\" id=\"audio-363109-3\" preload=\"none\" style=\"width: 100%;\" controls=\"controls\"><source type=\"audio\/mpeg\" src=\"https:\/\/www.radiopiu.net\/wordpress\/wp-content\/uploads\/2023\/11\/MARINA-PRIMA-PARTE.mp3?_=3\" \/><a href=\"https:\/\/www.radiopiu.net\/wordpress\/wp-content\/uploads\/2023\/11\/MARINA-PRIMA-PARTE.mp3\">https:\/\/www.radiopiu.net\/wordpress\/wp-content\/uploads\/2023\/11\/MARINA-PRIMA-PARTE.mp3<\/a><\/audio>\n<p>&nbsp;<\/p>\n<p>&nbsp;<\/p>\n<p>&nbsp;<\/p>\n<hr \/>\n<p>&nbsp;<\/p>\n<blockquote>\n<h3>ANFAO: LORRAINE BERTON E&#8217; LA NUOVA PRESIDENTE<\/h3>\n<\/blockquote>\n<p><strong><a class=\"dt-pswp-item\" href=\"https:\/\/www.radiopiu.net\/wordpress\/wp-content\/uploads\/2023\/11\/DSC_7330_square-scaled.jpg\" data-dt-img-description=\"\" data-large_image_width=\"2560\" data-large_image_height=\"2560\"><img loading=\"lazy\" decoding=\"async\" class=\" wp-image-363123 alignleft\" src=\"https:\/\/www.radiopiu.net\/wordpress\/wp-content\/uploads\/2023\/11\/DSC_7330_square-300x300.jpg\" alt=\"\" width=\"164\" height=\"164\" srcset=\"https:\/\/www.radiopiu.net\/wordpress\/wp-content\/uploads\/2023\/11\/DSC_7330_square-300x300.jpg 300w, https:\/\/www.radiopiu.net\/wordpress\/wp-content\/uploads\/2023\/11\/DSC_7330_square-1024x1024.jpg 1024w, https:\/\/www.radiopiu.net\/wordpress\/wp-content\/uploads\/2023\/11\/DSC_7330_square-150x150.jpg 150w, https:\/\/www.radiopiu.net\/wordpress\/wp-content\/uploads\/2023\/11\/DSC_7330_square-768x768.jpg 768w, https:\/\/www.radiopiu.net\/wordpress\/wp-content\/uploads\/2023\/11\/DSC_7330_square-1536x1536.jpg 1536w, https:\/\/www.radiopiu.net\/wordpress\/wp-content\/uploads\/2023\/11\/DSC_7330_square-2048x2048.jpg 2048w\" sizes=\"auto, (max-width: 164px) 100vw, 164px\" \/><\/a>MILANO<\/strong> Lorraine Berton \u00e8 stata eletta Presidente di ANFAO, l&#8217;Associazione Nazionale Fabbricanti Articoli Ottici. \u00c8 la prima donna a ricoprire questa carica e succede a Giovanni Vitaloni. La nomina \u00e8 avvenuta durante l&#8217;Assemblea di fine anno a Venezia. Berton \u00e8 un&#8217;imprenditrice con esperienza nel settore degli occhiali e attualmente ricopre anche la carica di Presidente di Confindustria Belluno Dolomiti. Nel suo mandato di quattro anni, punter\u00e0 sulla trasparenza, coinvolgimento, innovazione e qualit\u00e0, oltre a concentrarsi su temi come la sostenibilit\u00e0 e l&#8217;interconnessione tra ambiente, economia, politica e sociale. L&#8217;obiettivo \u00e8 consolidare le relazioni industriali, potenziare le relazioni istituzionali e internazionali, presidiare il mercato interno e promuovere la formazione. \u00abL\u2019occhialeria \u00e8 in buonissime mani. Lorraine Berton ha dato prova di grande passione, competenza e impegno alla guida di Confindustria Belluno Dolomiti e come vicepresidente Anfao. Tutte qualit\u00e0 che sapr\u00e0 profondere ancora, dando valore al lavoro di tante aziende del nostro territorio in un settore chiave del Made in Italy\u00bb. Cos\u00ec il presidente della Provincia di Belluno Roberto Padrin, alla notizia della nomina di Lorraine Berton a presidente di Anfao, l\u2019Associazione nazionale fabbricanti articoli ottici di Confindustria.<\/p>\n<p>&nbsp;<\/p>\n<p>&nbsp;<\/p>\n<hr \/>\n<p>&nbsp;<\/p>\n<blockquote>\n<h3 class=\"entry-title\">BENEMERENZE SPORTIVE NAZIONALI A ORAZIO ZANIN E GIANNI D\u2019INC\u00c0: IL PRESIDENTE PADRIN CELEBRA L\u2019IMPEGNO NEL CALCIO LOCALE<\/h3>\n<\/blockquote>\n<p><strong><img loading=\"lazy\" decoding=\"async\" class=\"alignleft\" src=\"https:\/\/www.radiopiu.net\/wordpress\/wp-content\/uploads\/2023\/11\/th-13.jpg\" width=\"272\" height=\"113\" \/>BELLUNO<\/strong>\u00a0Il presidente della Provincia di Belluno, Roberto Padrin, ha espresso congratulazioni speciali a Orazio Zanin e Gianni D\u2019Inc\u00e0, due figure eminenti del panorama sportivo locale, per essere stati insigniti delle benemerenze nazionali della FIGC 2023 a Roma. La cerimonia riconosce l\u2019impegno di Zanin, delegato provinciale della Federazione Italiana Gioco Calcio, per i suoi 40 anni di attivit\u00e0 federale come dirigente, e di D\u2019Inc\u00e0, della societ\u00e0 Calcio Ponte nelle Alpi, per i suoi 20 anni di dedizione allo sport.<\/p>\n<p>Padrin ha sottolineato l\u2019importanza dello sport come veicolo di valori umani, riconoscendo il contributo significativo di chi si dedica all\u2019attivit\u00e0 sportiva con impegno e dedizione. Nel suo messaggio di apprezzamento, il presidente ha affermato che lo sport non solo promuove valori positivi, ma anche fornisce uno spazio di crescita e formazione per le generazioni future.<\/p>\n<blockquote><p><em>\u201cOrazio Zanin e Gianni D\u2019Inc\u00e0 meritano il ringraziamento dell\u2019intera comunit\u00e0 bellunese\u201d, ha dichiarato Padrin, evidenziando il ruolo chiave di queste figure nel valorizzare e formare giovani calciatori nel territorio. L\u2019impegno costante di entrambi ha contribuito a plasmare il percorso di crescita di numerose generazioni attraverso lo sport, trasmettendo valori genuini e positivi.<\/em><\/p><\/blockquote>\n<p>&nbsp;<\/p>\n<p>&nbsp;<\/p>\n<hr \/>\n<p>&nbsp;<\/p>\n<blockquote>\n<h3>L&#8217;INCONTRO IN SALA DON TAMIS PER PARLARE DEL TRASPORTO PUBBLICO<\/h3>\n<\/blockquote>\n<p><strong><a class=\"dt-pswp-item\" href=\"https:\/\/www.radiopiu.net\/wordpress\/wp-content\/uploads\/2023\/11\/SCR-20231126-rfuo.png\" data-dt-img-description=\"\" data-large_image_width=\"1142\" data-large_image_height=\"528\"><img loading=\"lazy\" decoding=\"async\" class=\"size-medium wp-image-363261 alignleft\" src=\"https:\/\/www.radiopiu.net\/wordpress\/wp-content\/uploads\/2023\/11\/SCR-20231126-rfuo-300x139.png\" alt=\"\" width=\"300\" height=\"139\" srcset=\"https:\/\/www.radiopiu.net\/wordpress\/wp-content\/uploads\/2023\/11\/SCR-20231126-rfuo-300x139.png 300w, https:\/\/www.radiopiu.net\/wordpress\/wp-content\/uploads\/2023\/11\/SCR-20231126-rfuo-1024x473.png 1024w, https:\/\/www.radiopiu.net\/wordpress\/wp-content\/uploads\/2023\/11\/SCR-20231126-rfuo-768x355.png 768w, https:\/\/www.radiopiu.net\/wordpress\/wp-content\/uploads\/2023\/11\/SCR-20231126-rfuo.png 1142w\" sizes=\"auto, (max-width: 300px) 100vw, 300px\" \/><\/a>AGORDO<\/strong><\/p>\n<p>DI LUISA MANFROI<\/p>\n<audio class=\"wp-audio-shortcode\" id=\"audio-363109-4\" preload=\"none\" style=\"width: 100%;\" controls=\"controls\"><source type=\"audio\/mpeg\" src=\"https:\/\/www.radiopiu.net\/wordpress\/wp-content\/uploads\/2023\/11\/LUISA-TRENO-DEFINITIVO.mp3?_=4\" \/><a href=\"https:\/\/www.radiopiu.net\/wordpress\/wp-content\/uploads\/2023\/11\/LUISA-TRENO-DEFINITIVO.mp3\">https:\/\/www.radiopiu.net\/wordpress\/wp-content\/uploads\/2023\/11\/LUISA-TRENO-DEFINITIVO.mp3<\/a><\/audio>\n<p>&nbsp;<\/p>\n<hr \/>\n<p>&nbsp;<\/p>\n<blockquote>\n<h3>BELLUNESI CHE ONORANO LA PROVINCIA: LE PREMIAZIONI<\/h3>\n<\/blockquote>\n<p><strong>LONGARONE <\/strong>A Longarone si \u00e8 svolta la &#8220;festa dell\u2019orgoglio bellunese&#8221;, dove sono stati premiati i bellunesi che hanno eccelso in studio, genialit\u00e0, competenze, carriera e solidariet\u00e0. L&#8217;evento, ideato da Provincia, Associazione Bellunesi nel Mondo e Rotary Club, riconosce il merito di coloro che hanno ottenuto successi fuori dalla loro terra d\u2019origine. Quest&#8217;anno, la cerimonia ha visto la partecipazione di sindaci bellunesi, consiglieri regionali e l&#8217;eurodeputata Rosanna Conte. Il presidente della Provincia, Roberto Padrin, ha sottolineato l&#8217;importanza di questa giornata come espressione dell&#8217;orgoglio bellunese. I premiati hanno dimostrato eccellenza in vari settori, contribuendo alla valorizzazione delle radici bellunesi e mantenendo vive le tradizioni. Tra i premiati nel settore economico e professionale vi sono Francesco Dazzi, system engineer, e Francesco Piazza, capo dell\u2019Ufficio del cerimoniale di Stato. Entrambi hanno sottolineato l&#8217;importanza delle loro radici bellunesi nella formazione dei valori personali e professionali. Nel settore istituzioni, arte e cultura, i premi sono andati a Silvana Molin Pradel, promotrice culturale, e a Romeo Sacchetti, ex cestista e ct della nazionale italiana di basket maschile. Il settore sociale e solidaristico ha visto premiati Flavio Jos\u00e8 Brugnago, giornalista brasiliano, e Francesco Marin, docente attivo nel progetto &#8220;Benvenuti a Berlino&#8221; per l&#8217;integrazione degli italiani in Germania. Infine, il premio speciale Barcelloni Corte-De Martin Modolado \u00e8 stato assegnato a figure di spicco di Longarone, come la famiglia Croce, Arrigo Galli e Luigino Olivier, per il loro impegno nella comunit\u00e0 locale e nella conservazione delle tradizioni.<\/p>\n\n\t\t\t<style type='text\/css'>\n\t\t\t\t#gallery-2 {\n\t\t\t\t\tmargin: auto;\n\t\t\t\t}\n\t\t\t\t#gallery-2 .gallery-item {\n\t\t\t\t\tfloat: left;\n\t\t\t\t\tmargin-top: 10px;\n\t\t\t\t\ttext-align: center;\n\t\t\t\t\twidth: 33%;\n\t\t\t\t}\n\t\t\t\t#gallery-2 img {\n\t\t\t\t\tborder: 2px solid #cfcfcf;\n\t\t\t\t}\n\t\t\t\t#gallery-2 .gallery-caption {\n\t\t\t\t\tmargin-left: 0;\n\t\t\t\t}\n\t\t\t\t\/* see gallery_shortcode() in wp-includes\/media.php *\/\n\t\t\t<\/style>\n\t\t<div id='gallery-2' class='dt-gallery-container gallery galleryid-363109 gallery-columns-3 gallery-size-thumbnail'><dl class='gallery-item'>\n\t\t\t\t<dt class='gallery-icon landscape'>\n\t\t\t\t\t<a class=\"rollover rollover-zoom dt-pswp-item\" title=\"Premio bellunesi 2023, premio speciale\" data-dt-img-description=\"\" data-large_image_width=\"2016\" data-large_image_height=\"1512\"href='https:\/\/www.radiopiu.net\/wordpress\/wp-content\/uploads\/2023\/11\/Premio-bellunesi-2023-premio-speciale.jpg'><img loading=\"lazy\" decoding=\"async\" width=\"150\" height=\"150\" src=\"https:\/\/www.radiopiu.net\/wordpress\/wp-content\/uploads\/2023\/11\/Premio-bellunesi-2023-premio-speciale-150x150.jpg\" class=\"attachment-thumbnail size-thumbnail\" alt=\"\" \/><\/a>\n\t\t\t\t<\/dt><\/dl><dl class='gallery-item'>\n\t\t\t\t<dt class='gallery-icon landscape'>\n\t\t\t\t\t<a class=\"rollover rollover-zoom dt-pswp-item\" title=\"Premio bellunesi 2023, tutti i premiati\" data-dt-img-description=\"\" data-large_image_width=\"2560\" data-large_image_height=\"1122\"href='https:\/\/www.radiopiu.net\/wordpress\/wp-content\/uploads\/2023\/11\/Premio-bellunesi-2023-tutti-i-premiati-scaled.jpg'><img loading=\"lazy\" decoding=\"async\" width=\"150\" height=\"150\" src=\"https:\/\/www.radiopiu.net\/wordpress\/wp-content\/uploads\/2023\/11\/Premio-bellunesi-2023-tutti-i-premiati-150x150.jpg\" class=\"attachment-thumbnail size-thumbnail\" alt=\"\" \/><\/a>\n\t\t\t\t<\/dt><\/dl><dl class='gallery-item'>\n\t\t\t\t<dt class='gallery-icon landscape'>\n\t\t\t\t\t<a class=\"rollover rollover-zoom dt-pswp-item\" title=\"Premio bellunesi 2023, bandiera\" data-dt-img-description=\"\" data-large_image_width=\"2016\" data-large_image_height=\"1512\"href='https:\/\/www.radiopiu.net\/wordpress\/wp-content\/uploads\/2023\/11\/Premio-bellunesi-2023-bandiera.jpg'><img loading=\"lazy\" decoding=\"async\" width=\"150\" height=\"150\" src=\"https:\/\/www.radiopiu.net\/wordpress\/wp-content\/uploads\/2023\/11\/Premio-bellunesi-2023-bandiera-150x150.jpg\" class=\"attachment-thumbnail size-thumbnail\" alt=\"\" \/><\/a>\n\t\t\t\t<\/dt><\/dl><br style=\"clear: both\" \/>\n\t\t\t<\/div>\n\n<p>&nbsp;<\/p>\n<p>&nbsp;<\/p>\n<hr \/>\n<p>&nbsp;<\/p>\n<blockquote>\n<h3>A LIVINALLONGO FESTEGGIATA SANTA CECILIA PATRONA DELLA MUSICA<\/h3>\n<\/blockquote>\n<p><strong><a class=\"dt-pswp-item\" href=\"https:\/\/www.radiopiu.net\/wordpress\/wp-content\/uploads\/2023\/11\/e27db683-cb03-4e40-909d-e84f071ea213.jpg\" data-dt-img-description=\"\" data-large_image_width=\"1600\" data-large_image_height=\"720\"><img loading=\"lazy\" decoding=\"async\" class=\"size-medium wp-image-363189 alignleft\" src=\"https:\/\/www.radiopiu.net\/wordpress\/wp-content\/uploads\/2023\/11\/e27db683-cb03-4e40-909d-e84f071ea213-300x135.jpg\" alt=\"\" width=\"300\" height=\"135\" srcset=\"https:\/\/www.radiopiu.net\/wordpress\/wp-content\/uploads\/2023\/11\/e27db683-cb03-4e40-909d-e84f071ea213-300x135.jpg 300w, https:\/\/www.radiopiu.net\/wordpress\/wp-content\/uploads\/2023\/11\/e27db683-cb03-4e40-909d-e84f071ea213-1024x461.jpg 1024w, https:\/\/www.radiopiu.net\/wordpress\/wp-content\/uploads\/2023\/11\/e27db683-cb03-4e40-909d-e84f071ea213-768x346.jpg 768w, https:\/\/www.radiopiu.net\/wordpress\/wp-content\/uploads\/2023\/11\/e27db683-cb03-4e40-909d-e84f071ea213-1536x691.jpg 1536w, https:\/\/www.radiopiu.net\/wordpress\/wp-content\/uploads\/2023\/11\/e27db683-cb03-4e40-909d-e84f071ea213.jpg 1600w\" sizes=\"auto, (max-width: 300px) 100vw, 300px\" \/><\/a>LIVINALLOGO<\/strong><\/p>\n<p>DI LORENZO SORATROI<\/p>\n<audio class=\"wp-audio-shortcode\" id=\"audio-363109-5\" preload=\"none\" style=\"width: 100%;\" controls=\"controls\"><source type=\"audio\/mpeg\" src=\"https:\/\/www.radiopiu.net\/wordpress\/wp-content\/uploads\/2023\/11\/SORATROI-FESTEGGIATA-SANTA-CECEILIA.mp3?_=5\" \/><a href=\"https:\/\/www.radiopiu.net\/wordpress\/wp-content\/uploads\/2023\/11\/SORATROI-FESTEGGIATA-SANTA-CECEILIA.mp3\">https:\/\/www.radiopiu.net\/wordpress\/wp-content\/uploads\/2023\/11\/SORATROI-FESTEGGIATA-SANTA-CECEILIA.mp3<\/a><\/audio>\n<p>&nbsp;<\/p>\n<hr \/>\n<p>&nbsp;<\/p>\n<blockquote>\n<h3>AL CONSIGLIO COMUNALE ANCHE I GIOVANI DELLA SCUOLA &#8220;PERTINI&#8221;<\/h3>\n<\/blockquote>\n<p><strong><a class=\"dt-pswp-item\" href=\"https:\/\/www.radiopiu.net\/wordpress\/wp-content\/uploads\/2023\/11\/Consiglio_comunale_1.jpg\" data-dt-img-description=\"\" data-large_image_width=\"1024\" data-large_image_height=\"956\"><img loading=\"lazy\" decoding=\"async\" class=\" wp-image-363130 alignleft\" src=\"https:\/\/www.radiopiu.net\/wordpress\/wp-content\/uploads\/2023\/11\/Consiglio_comunale_1-300x280.jpg\" alt=\"\" width=\"155\" height=\"145\" srcset=\"https:\/\/www.radiopiu.net\/wordpress\/wp-content\/uploads\/2023\/11\/Consiglio_comunale_1-300x280.jpg 300w, https:\/\/www.radiopiu.net\/wordpress\/wp-content\/uploads\/2023\/11\/Consiglio_comunale_1-768x717.jpg 768w, https:\/\/www.radiopiu.net\/wordpress\/wp-content\/uploads\/2023\/11\/Consiglio_comunale_1.jpg 1024w\" sizes=\"auto, (max-width: 155px) 100vw, 155px\" \/><\/a>PONTE NELLE ALPI<\/strong> Il Comune di Ponte nelle Alpi ha organizzato un consiglio comunale con gli studenti della scuola secondaria &#8220;Pertini&#8221; per sensibilizzare contro la violenza sulle donne. Durante la seduta, consiglieri e consigliere hanno indossato abiti rossi in segno di denuncia, dedicando un minuto di silenzio a Giulia Cecchettin e a tutte le vittime di violenza. Anna Cubattoli di Belluno Donna ha illustrato il ruolo dell&#8217;associazione e i dati sulla violenza di genere in provincia. Gli studenti hanno contribuito alla sensibilizzazione attraverso la mostra &#8220;Non chiamatelo raptus&#8221; dell&#8217;artista Anarkikka, esposta a Palazzo Piloni. La mostra \u00e8 promossa dalla Consigliera di Parit\u00e0 provinciale con il patrocinio della Commissione Pari Opportunit\u00e0 di Ponte nelle Alpi.<\/p>\n<p>&nbsp;<\/p>\n<p>&nbsp;<\/p>\n<hr \/>\n<p>&nbsp;<\/p>\n<blockquote>\n<h3>SOSPIROLO TRA LEGGENDE E MISTERI: LE PREMIAZIONI<\/h3>\n<\/blockquote>\n<p><strong><a class=\"dt-pswp-item\" href=\"https:\/\/www.radiopiu.net\/wordpress\/wp-content\/uploads\/2023\/11\/premiati.jpg\" data-dt-img-description=\"\" data-large_image_width=\"1369\" data-large_image_height=\"887\"><img loading=\"lazy\" decoding=\"async\" class=\" wp-image-363241 alignleft\" src=\"https:\/\/www.radiopiu.net\/wordpress\/wp-content\/uploads\/2023\/11\/premiati-300x194.jpg\" alt=\"\" width=\"198\" height=\"128\" srcset=\"https:\/\/www.radiopiu.net\/wordpress\/wp-content\/uploads\/2023\/11\/premiati-300x194.jpg 300w, https:\/\/www.radiopiu.net\/wordpress\/wp-content\/uploads\/2023\/11\/premiati-1024x663.jpg 1024w, https:\/\/www.radiopiu.net\/wordpress\/wp-content\/uploads\/2023\/11\/premiati-768x498.jpg 768w, https:\/\/www.radiopiu.net\/wordpress\/wp-content\/uploads\/2023\/11\/premiati.jpg 1369w\" sizes=\"auto, (max-width: 198px) 100vw, 198px\" \/><\/a>SOSPIROLO<\/strong> Ieri mattina, al Centro Civico di Sospirolo, si \u00e8 svolta la cerimonia di premiazione del concorso letterario &#8220;Sospirolo tra leggende e misteri&#8221;. Organizzato dalla Pro loco &#8220;Monti del Sole&#8221; e dal Comune di Sospirolo, il concorso ha avuto come tema il fuoco, ispirato alla tradizione del &#8220;Brusa la vecia&#8221;. La giuria, presieduta da Antonia Arslan, ha valutato 81 testi, premiando nella categoria giovani &#8220;Due cuori e un fal\u00f2&#8221; di Giacomo Tartini e &#8220;La fenice che si credeva un corvo&#8221; della scuola primaria &#8220;Gregorio XVI&#8221; di Bolzano Bellunese. Nella categoria adulti, ha vinto &#8220;Un camino sul Carso&#8221; di Paolo Banfi. L&#8217;iniziativa \u00e8 stata patrocinata da diverse istituzioni.<\/p>\n<p>&nbsp;<\/p>\n<p>&nbsp;<\/p>\n<hr \/>\n<p>&nbsp;<\/p>\n<blockquote>\n<h3>BELLUNO CITTA&#8217; DEL LEGNO: ASSEGNATI I PREMI<\/h3>\n<\/blockquote>\n<p><strong>BELLUNO<\/strong> La seconda edizione del Festival &#8220;Belluno Citt\u00e0 del legno&#8221; ideato dal Consorzio Belluno Centro Storico ha concluso con successo tre settimane di eventi a Belluno. La chiusura a Palazzo Fulcis ha visto la premiazione dei concorsi legati all&#8217;Ex Tempore, con l&#8217;opera di Manuel De Francesch vincitrice della Giuria popolare e la statua di Lara Steffe preferita dai bambini. La rassegna ha registrato oltre cinquemila visitatori al Museo cittadino e tremilaottocento preferenze. Il concorso fotografico del Circolo &#8220;Mario De Biasi&#8221; ha premiato Irene Pampanin e Arianna Giacobbi. La sezione dedicata alla poesia ha visto riconoscimenti per Michele Carniel, Benedetta Poloniato e Rebecca Cavallar. Il tema &#8220;legno&#8221; \u00e8 stato esplorato in diverse modalit\u00e0 e luoghi, con allestimenti, mostre fotografiche, attivit\u00e0 a Borgo Piave, visite guidate e &#8220;La notte del legno&#8221;. I convegni di Centro Consorzi e Confartigianato hanno arricchito il Festival, consolidando relazioni positive e aprendo prospettive per future edizioni.<\/p>\n\n\t\t\t<style type='text\/css'>\n\t\t\t\t#gallery-3 {\n\t\t\t\t\tmargin: auto;\n\t\t\t\t}\n\t\t\t\t#gallery-3 .gallery-item {\n\t\t\t\t\tfloat: left;\n\t\t\t\t\tmargin-top: 10px;\n\t\t\t\t\ttext-align: center;\n\t\t\t\t\twidth: 20%;\n\t\t\t\t}\n\t\t\t\t#gallery-3 img {\n\t\t\t\t\tborder: 2px solid #cfcfcf;\n\t\t\t\t}\n\t\t\t\t#gallery-3 .gallery-caption {\n\t\t\t\t\tmargin-left: 0;\n\t\t\t\t}\n\t\t\t\t\/* see gallery_shortcode() in wp-includes\/media.php *\/\n\t\t\t<\/style>\n\t\t<div id='gallery-3' class='dt-gallery-container gallery galleryid-363109 gallery-columns-5 gallery-size-thumbnail'><dl class='gallery-item'>\n\t\t\t\t<dt class='gallery-icon portrait'>\n\t\t\t\t\t<a class=\"rollover rollover-zoom dt-pswp-item\" title=\"LA PREMIAZIONE DI LARA STEFFE\" data-dt-img-description=\"\" data-large_image_width=\"1807\" data-large_image_height=\"2560\"href='https:\/\/www.radiopiu.net\/wordpress\/wp-content\/uploads\/2023\/11\/LA-PREMIAZIONE-DI-LARA-STEFFE-scaled.jpg'><img loading=\"lazy\" decoding=\"async\" width=\"150\" height=\"150\" src=\"https:\/\/www.radiopiu.net\/wordpress\/wp-content\/uploads\/2023\/11\/LA-PREMIAZIONE-DI-LARA-STEFFE-150x150.jpg\" class=\"attachment-thumbnail size-thumbnail\" alt=\"\" \/><\/a>\n\t\t\t\t<\/dt><\/dl><dl class='gallery-item'>\n\t\t\t\t<dt class='gallery-icon landscape'>\n\t\t\t\t\t<a class=\"rollover rollover-zoom dt-pswp-item\" title=\"PALAZZO MINERVA\" data-dt-img-description=\"\" data-large_image_width=\"2560\" data-large_image_height=\"1920\"href='https:\/\/www.radiopiu.net\/wordpress\/wp-content\/uploads\/2023\/11\/PALAZZO-MINERVA-scaled.jpg'><img loading=\"lazy\" decoding=\"async\" width=\"150\" height=\"150\" src=\"https:\/\/www.radiopiu.net\/wordpress\/wp-content\/uploads\/2023\/11\/PALAZZO-MINERVA-150x150.jpg\" class=\"attachment-thumbnail size-thumbnail\" alt=\"\" \/><\/a>\n\t\t\t\t<\/dt><\/dl><dl class='gallery-item'>\n\t\t\t\t<dt class='gallery-icon landscape'>\n\t\t\t\t\t<a class=\"rollover rollover-zoom dt-pswp-item\" title=\"LA FOTO DI ARIANNA GIACOBBI\" data-dt-img-description=\"\" data-large_image_width=\"2048\" data-large_image_height=\"2048\"href='https:\/\/www.radiopiu.net\/wordpress\/wp-content\/uploads\/2023\/11\/LA-FOTO-DI-ARIANNA-GIACOBBI.jpg'><img loading=\"lazy\" decoding=\"async\" width=\"150\" height=\"150\" src=\"https:\/\/www.radiopiu.net\/wordpress\/wp-content\/uploads\/2023\/11\/LA-FOTO-DI-ARIANNA-GIACOBBI-150x150.jpg\" class=\"attachment-thumbnail size-thumbnail\" alt=\"\" srcset=\"https:\/\/www.radiopiu.net\/wordpress\/wp-content\/uploads\/2023\/11\/LA-FOTO-DI-ARIANNA-GIACOBBI-150x150.jpg 150w, https:\/\/www.radiopiu.net\/wordpress\/wp-content\/uploads\/2023\/11\/LA-FOTO-DI-ARIANNA-GIACOBBI-300x300.jpg 300w, https:\/\/www.radiopiu.net\/wordpress\/wp-content\/uploads\/2023\/11\/LA-FOTO-DI-ARIANNA-GIACOBBI-1024x1024.jpg 1024w, https:\/\/www.radiopiu.net\/wordpress\/wp-content\/uploads\/2023\/11\/LA-FOTO-DI-ARIANNA-GIACOBBI-768x768.jpg 768w, https:\/\/www.radiopiu.net\/wordpress\/wp-content\/uploads\/2023\/11\/LA-FOTO-DI-ARIANNA-GIACOBBI-1536x1536.jpg 1536w, https:\/\/www.radiopiu.net\/wordpress\/wp-content\/uploads\/2023\/11\/LA-FOTO-DI-ARIANNA-GIACOBBI.jpg 2048w\" sizes=\"auto, (max-width: 150px) 100vw, 150px\" \/><\/a>\n\t\t\t\t<\/dt><\/dl><dl class='gallery-item'>\n\t\t\t\t<dt class='gallery-icon landscape'>\n\t\t\t\t\t<a class=\"rollover rollover-zoom dt-pswp-item\" title=\"LA FOTO DI IRENE PAMPANIN\" data-dt-img-description=\"\" data-large_image_width=\"2048\" data-large_image_height=\"2048\"href='https:\/\/www.radiopiu.net\/wordpress\/wp-content\/uploads\/2023\/11\/LA-FOTO-DI-IRENE-PAMPANIN.jpg'><img loading=\"lazy\" decoding=\"async\" width=\"150\" height=\"150\" src=\"https:\/\/www.radiopiu.net\/wordpress\/wp-content\/uploads\/2023\/11\/LA-FOTO-DI-IRENE-PAMPANIN-150x150.jpg\" class=\"attachment-thumbnail size-thumbnail\" alt=\"\" srcset=\"https:\/\/www.radiopiu.net\/wordpress\/wp-content\/uploads\/2023\/11\/LA-FOTO-DI-IRENE-PAMPANIN-150x150.jpg 150w, https:\/\/www.radiopiu.net\/wordpress\/wp-content\/uploads\/2023\/11\/LA-FOTO-DI-IRENE-PAMPANIN-300x300.jpg 300w, https:\/\/www.radiopiu.net\/wordpress\/wp-content\/uploads\/2023\/11\/LA-FOTO-DI-IRENE-PAMPANIN-1024x1024.jpg 1024w, https:\/\/www.radiopiu.net\/wordpress\/wp-content\/uploads\/2023\/11\/LA-FOTO-DI-IRENE-PAMPANIN-768x768.jpg 768w, https:\/\/www.radiopiu.net\/wordpress\/wp-content\/uploads\/2023\/11\/LA-FOTO-DI-IRENE-PAMPANIN-1536x1536.jpg 1536w, https:\/\/www.radiopiu.net\/wordpress\/wp-content\/uploads\/2023\/11\/LA-FOTO-DI-IRENE-PAMPANIN.jpg 2048w\" sizes=\"auto, (max-width: 150px) 100vw, 150px\" \/><\/a>\n\t\t\t\t<\/dt><\/dl><dl class='gallery-item'>\n\t\t\t\t<dt class='gallery-icon landscape'>\n\t\t\t\t\t<a class=\"rollover rollover-zoom dt-pswp-item\" title=\"IL CONVEGNO SULLE PROPRIETA&#039; COLLETTIVE\" data-dt-img-description=\"\" data-large_image_width=\"2560\" data-large_image_height=\"1687\"href='https:\/\/www.radiopiu.net\/wordpress\/wp-content\/uploads\/2023\/11\/IL-CONVEGNO-SULLE-PROPRIETA-COLLETTIVE-scaled.jpg'><img loading=\"lazy\" decoding=\"async\" width=\"150\" height=\"150\" src=\"https:\/\/www.radiopiu.net\/wordpress\/wp-content\/uploads\/2023\/11\/IL-CONVEGNO-SULLE-PROPRIETA-COLLETTIVE-150x150.jpg\" class=\"attachment-thumbnail size-thumbnail\" alt=\"\" \/><\/a>\n\t\t\t\t<\/dt><\/dl><br style=\"clear: both\" \/>\n\t\t\t<\/div>\n\n<p>&nbsp;<\/p>\n<p>&nbsp;<\/p>\n<hr \/>\n<p>&nbsp;<\/p>\n<blockquote>\n<h3>INUGURATA LA MIG A LONGARONE<\/h3>\n<\/blockquote>\n<p><strong><a class=\"dt-pswp-item\" href=\"https:\/\/www.radiopiu.net\/wordpress\/wp-content\/uploads\/2023\/11\/mig-51.jpg\" data-dt-img-description=\"\" data-large_image_width=\"2048\" data-large_image_height=\"1365\"><img loading=\"lazy\" decoding=\"async\" class=\" wp-image-363222 alignleft\" src=\"https:\/\/www.radiopiu.net\/wordpress\/wp-content\/uploads\/2023\/11\/mig-51-300x200.jpg\" alt=\"\" width=\"186\" height=\"124\" srcset=\"https:\/\/www.radiopiu.net\/wordpress\/wp-content\/uploads\/2023\/11\/mig-51-300x200.jpg 300w, https:\/\/www.radiopiu.net\/wordpress\/wp-content\/uploads\/2023\/11\/mig-51-1024x683.jpg 1024w, https:\/\/www.radiopiu.net\/wordpress\/wp-content\/uploads\/2023\/11\/mig-51-768x512.jpg 768w, https:\/\/www.radiopiu.net\/wordpress\/wp-content\/uploads\/2023\/11\/mig-51-1536x1024.jpg 1536w, https:\/\/www.radiopiu.net\/wordpress\/wp-content\/uploads\/2023\/11\/mig-51.jpg 2048w\" sizes=\"auto, (max-width: 186px) 100vw, 186px\" \/><\/a>LONGARONE<\/strong> Il futuro \u00e8 adesso. Almeno nel mondo del gelato artigianale, che ha radici lontanissime, ma guarda sempre pi\u00f9 all\u2019innovazione, tra cucina, scienza e salute. A Longarone Fiere Dolomiti \u00e8 stata inaugurata la 63. edizione di Mig, la Mostra internazionale del gelato artigianale, alla presenza della Regione Veneto, con l\u2019assessore Gianpaolo Bottacin. Una fiera &#8211; l\u2019ha detto il presidente della Fiera &#8211; \u00abche vuole mettere al centro l\u2019imprenditore del gelato, con un\u2019attenzione particolare al business di questo settore che da solo vale 2 miliardi di euro a livello nazionale\u00bb. Ma che quest\u2019anno pi\u00f9 che mai guarda oltre. Perch\u00e9 il gelato non \u00e8 pi\u00f9 solo uno snack o il cono da passeggio, ma diventa a pieno titolo piatto da alta cucina, abbinamento perfetto per altre pietanze, e anche scienza e salute.<\/p>\n<p>&nbsp;<\/p>\n<p>&nbsp;<\/p>\n<hr \/>\n<p>&nbsp;<\/p>\n<blockquote>\n<h3>ANTICHI MESTIERI DEL FUTURO<\/h3>\n<\/blockquote>\n<p><strong><a class=\"dt-pswp-item\" href=\"https:\/\/www.radiopiu.net\/wordpress\/wp-content\/uploads\/2023\/11\/image_50750977-scaled.jpg\" data-dt-img-description=\"\" data-large_image_width=\"2560\" data-large_image_height=\"1920\"><img loading=\"lazy\" decoding=\"async\" class=\" wp-image-363169 alignleft\" src=\"https:\/\/www.radiopiu.net\/wordpress\/wp-content\/uploads\/2023\/11\/image_50750977-300x225.jpg\" alt=\"\" width=\"157\" height=\"118\" srcset=\"https:\/\/www.radiopiu.net\/wordpress\/wp-content\/uploads\/2023\/11\/image_50750977-300x225.jpg 300w, https:\/\/www.radiopiu.net\/wordpress\/wp-content\/uploads\/2023\/11\/image_50750977-1024x768.jpg 1024w, https:\/\/www.radiopiu.net\/wordpress\/wp-content\/uploads\/2023\/11\/image_50750977-768x576.jpg 768w, https:\/\/www.radiopiu.net\/wordpress\/wp-content\/uploads\/2023\/11\/image_50750977-1536x1152.jpg 1536w, https:\/\/www.radiopiu.net\/wordpress\/wp-content\/uploads\/2023\/11\/image_50750977-2048x1536.jpg 2048w\" sizes=\"auto, (max-width: 157px) 100vw, 157px\" \/><\/a>BELLUNO <\/strong>\u201cAntichi mestieri del futuro&#8221;: a Belluno l\u2019 evento-spettacolo di orientamento scolastico rivolto a studenti e genitori. E\u2019 l\u2019iniziativa promossa dalla Camera di Commercio di Treviso &#8211; Belluno|Dolomiti ed \u00e8 rivolta agli studenti e studentesse delle classi terze delle Scuole secondarie di primo grado. &#8220;<em>Stiamo dando la massima importanza ai giovani, evidenziando l\u2019assoluta importanza della giusta scelta scolastica<\/em> \u2013 evidenzia Presidente della Camera di Commercio di Treviso-Belluno|Dolomiti Mario Pozza\u2013. <em>&#8220;Antichi mestieri del futuro&#8221; \u00e8 un evento di orientamento scolastico e la cosa significativa \u00e8 che si \u00e8 svolto con il coinvolgimento diretto dei ragazzi, ma anche dei loro genitori riaffermando il ruolo primario della famiglia nel percorso dell\u2019orientamento scolastico. Altra importante novit\u00e0 \u00e8 stata che i ragazzi hanno avuto la grande occasione d\u2019 incontrare gli imprenditori delle aziende del territorio ed esperti dell&#8217;orientamento&#8221;. <\/em>L\u2019obiettivo dell\u2019evento \u00e8 stato quello di trasmettere agli studenti e ai genitori che i lavori oramai considerati \u00a0\u201cantichi\u201d stanno invece vivendo una rivoluzione alla luce del progresso scientifico e tecnologico, aprendo a molteplici opportunit\u00e0 di interesse e di futura occupazione.<\/p>\n<p>&nbsp;<\/p>\n<p>&nbsp;<\/p>\n<hr \/>\n<p>&nbsp;<\/p>\n<blockquote>\n<h3>RIVOLUZIONE CULTURALE: PARLA LA FONDAZIONE TEATRI DELLE DOLOMITI<\/h3>\n<\/blockquote>\n<p><a class=\"dt-pswp-item\" href=\"https:\/\/www.radiopiu.net\/wordpress\/wp-content\/uploads\/2021\/05\/TEATRO-COMUNALE-BELLUNO.jpg\" data-dt-img-description=\"TEATRO COMUNALE\" data-large_image_width=\"550\" data-large_image_height=\"435\"><img loading=\"lazy\" decoding=\"async\" class=\"alignleft wp-image-212942 \" src=\"https:\/\/www.radiopiu.net\/wordpress\/wp-content\/uploads\/2021\/05\/TEATRO-COMUNALE-BELLUNO-300x237.jpg\" alt=\"\" width=\"165\" height=\"130\" srcset=\"https:\/\/www.radiopiu.net\/wordpress\/wp-content\/uploads\/2021\/05\/TEATRO-COMUNALE-BELLUNO-300x237.jpg 300w, https:\/\/www.radiopiu.net\/wordpress\/wp-content\/uploads\/2021\/05\/TEATRO-COMUNALE-BELLUNO.jpg 550w\" sizes=\"auto, (max-width: 165px) 100vw, 165px\" \/><\/a><strong>BELLUNO<\/strong> La Fondazione Teatri Delle Dolomiti ha trasformato la gestione culturale, superando l&#8217;intrattenimento per plasmare l&#8217;identit\u00e0 della comunit\u00e0. Valorizzando le competenze interne, ha abbandonato l&#8217;approccio delegante e avviato una stagione teatrale dopo quasi 18 anni, con un focus sulle risorse locali. Il progetto &#8220;Culture Link&#8221;, sostenuto dalla Fondazione Cariverona, coordina l&#8217;offerta culturale di Belluno, collegandola a scuola e imprese tramite strumenti digitali. Gli obiettivi includono la creazione di un coordinamento provinciale, un centro di coordinamento e uno spazio web gratuito. Con &#8220;incubatori culturali&#8221;, si promuove l&#8217;aggiornamento delle competenze e la contaminazione tra industrie culturali e aziende tradizionali, posizionando la cultura al centro dello sviluppo locale secondo l&#8217;Agenda 2030. La Fondazione emerge come pioniera di un cambiamento destinato a plasmare il futuro culturale di Belluno.<\/p>\n<p>&nbsp;<\/p>\n<p>&nbsp;<\/p>\n<hr \/>\n<p>&nbsp;<\/p>\n<blockquote>\n<h3>TORNA A LA VALLE LA RASSEGNA &#8220;SOT AL TAMER&#8221;<\/h3>\n<\/blockquote>\n<p><strong>LA VALLE AGORDINA <\/strong>La rassegna &#8220;Sot al Tamer&#8221; fa ritorno a La Valle Agordina dopo quattro anni, con tre serate che vedranno la partecipazione di ospiti provenienti dal mondo dello sport, della scienza e dei motori. Le serate, che si terranno il 2, 9 e 16 dicembre presso la sala Alessandro Valmassoni, inizieranno alle 20:15. Gli ospiti sono: Mirco De Col: Atleta poliedrico con esperienze in arrampicata, sci ripido e volo libero (2 dicembre); Maurizio De Cassan: Tecnico del Centro di Ricerche ENEA con 12 esperienze in Antartide (9 dicembre);\u00a0 Denis Mezzacasa: Pilota della scuderia Xmotors di Maser, partecipante al campionato Seat Ibiza Cupra (16 dicembre). L&#8217;iniziativa \u00e8 organizzata con il contributo attivo della Pro Loco di La Valle Agordina e il patrocinio del Comune di La Valle. L&#8217;ingresso \u00e8 libero.<\/p>\n\n\t\t\t<style type='text\/css'>\n\t\t\t\t#gallery-4 {\n\t\t\t\t\tmargin: auto;\n\t\t\t\t}\n\t\t\t\t#gallery-4 .gallery-item {\n\t\t\t\t\tfloat: left;\n\t\t\t\t\tmargin-top: 10px;\n\t\t\t\t\ttext-align: center;\n\t\t\t\t\twidth: 33%;\n\t\t\t\t}\n\t\t\t\t#gallery-4 img {\n\t\t\t\t\tborder: 2px solid #cfcfcf;\n\t\t\t\t}\n\t\t\t\t#gallery-4 .gallery-caption {\n\t\t\t\t\tmargin-left: 0;\n\t\t\t\t}\n\t\t\t\t\/* see gallery_shortcode() in wp-includes\/media.php *\/\n\t\t\t<\/style>\n\t\t<div id='gallery-4' class='dt-gallery-container gallery galleryid-363109 gallery-columns-3 gallery-size-thumbnail'><dl class='gallery-item'>\n\t\t\t\t<dt class='gallery-icon landscape'>\n\t\t\t\t\t<a class=\"rollover rollover-zoom dt-pswp-item\" title=\"maurizio_01\" data-dt-img-description=\"\" data-large_image_width=\"1840\" data-large_image_height=\"1616\"href='https:\/\/www.radiopiu.net\/wordpress\/wp-content\/uploads\/2023\/11\/maurizio_01.jpg'><img loading=\"lazy\" decoding=\"async\" width=\"150\" height=\"150\" src=\"https:\/\/www.radiopiu.net\/wordpress\/wp-content\/uploads\/2023\/11\/maurizio_01-150x150.jpg\" class=\"attachment-thumbnail size-thumbnail\" alt=\"\" aria-describedby=\"gallery-4-363153\" \/><\/a>\n\t\t\t\t<\/dt>\n\t\t\t\t\t<dd class='wp-caption-text gallery-caption' id='gallery-4-363153'>\n\t\t\t\t\tMAURIZIO DE CASSAN\n\t\t\t\t\t<\/dd><\/dl><dl class='gallery-item'>\n\t\t\t\t<dt class='gallery-icon landscape'>\n\t\t\t\t\t<a class=\"rollover rollover-zoom dt-pswp-item\" title=\"mirco_01\" data-dt-img-description=\"\" data-large_image_width=\"1440\" data-large_image_height=\"1080\"href='https:\/\/www.radiopiu.net\/wordpress\/wp-content\/uploads\/2023\/11\/mirco_01.jpg'><img loading=\"lazy\" decoding=\"async\" width=\"150\" height=\"150\" src=\"https:\/\/www.radiopiu.net\/wordpress\/wp-content\/uploads\/2023\/11\/mirco_01-150x150.jpg\" class=\"attachment-thumbnail size-thumbnail\" alt=\"\" aria-describedby=\"gallery-4-363154\" \/><\/a>\n\t\t\t\t<\/dt>\n\t\t\t\t\t<dd class='wp-caption-text gallery-caption' id='gallery-4-363154'>\n\t\t\t\t\tMIRCO DE COL\n\t\t\t\t\t<\/dd><\/dl><dl class='gallery-item'>\n\t\t\t\t<dt class='gallery-icon landscape'>\n\t\t\t\t\t<a class=\"rollover rollover-zoom dt-pswp-item\" title=\"denis_01\" data-dt-img-description=\"\" data-large_image_width=\"960\" data-large_image_height=\"960\"href='https:\/\/www.radiopiu.net\/wordpress\/wp-content\/uploads\/2023\/11\/denis_01.jpg'><img loading=\"lazy\" decoding=\"async\" width=\"150\" height=\"150\" src=\"https:\/\/www.radiopiu.net\/wordpress\/wp-content\/uploads\/2023\/11\/denis_01-150x150.jpg\" class=\"attachment-thumbnail size-thumbnail\" alt=\"\" aria-describedby=\"gallery-4-363155\" srcset=\"https:\/\/www.radiopiu.net\/wordpress\/wp-content\/uploads\/2023\/11\/denis_01-150x150.jpg 150w, https:\/\/www.radiopiu.net\/wordpress\/wp-content\/uploads\/2023\/11\/denis_01-300x300.jpg 300w, https:\/\/www.radiopiu.net\/wordpress\/wp-content\/uploads\/2023\/11\/denis_01-768x768.jpg 768w, https:\/\/www.radiopiu.net\/wordpress\/wp-content\/uploads\/2023\/11\/denis_01.jpg 960w\" sizes=\"auto, (max-width: 150px) 100vw, 150px\" \/><\/a>\n\t\t\t\t<\/dt>\n\t\t\t\t\t<dd class='wp-caption-text gallery-caption' id='gallery-4-363155'>\n\t\t\t\t\tDENIS MEZZACASA\n\t\t\t\t\t<\/dd><\/dl><br style=\"clear: both\" \/>\n\t\t\t<\/div>\n\n<p>&nbsp;<\/p>\n<hr \/>\n<p>&nbsp;<\/p>\n<blockquote>\n<h3 class=\"entry-title\">TREDICESIME: IN VENETO IN ARRIVO 3,7 MILIARDI DI EURO<\/h3>\n<\/blockquote>\n<p class=\"photoswipe-wrapper\"><a class=\"dt-pswp-item pspw-wrap-ready\" href=\"https:\/\/www.radiopiu.net\/wordpress\/wp-content\/uploads\/2023\/11\/Schermata-2023-11-25-alle-09.56.03.png\" data-dt-img-description=\"\" data-large_image_width=\"1144\" data-large_image_height=\"1432\"><img loading=\"lazy\" decoding=\"async\" class=\"size-medium wp-image-363107 alignleft\" src=\"https:\/\/www.radiopiu.net\/wordpress\/wp-content\/uploads\/2023\/11\/Schermata-2023-11-25-alle-09.56.03-240x300.png\" sizes=\"auto, (max-width: 240px) 100vw, 240px\" srcset=\"https:\/\/www.radiopiu.net\/wordpress\/wp-content\/uploads\/2023\/11\/Schermata-2023-11-25-alle-09.56.03-240x300.png 240w, https:\/\/www.radiopiu.net\/wordpress\/wp-content\/uploads\/2023\/11\/Schermata-2023-11-25-alle-09.56.03-818x1024.png 818w, https:\/\/www.radiopiu.net\/wordpress\/wp-content\/uploads\/2023\/11\/Schermata-2023-11-25-alle-09.56.03-768x961.png 768w, https:\/\/www.radiopiu.net\/wordpress\/wp-content\/uploads\/2023\/11\/Schermata-2023-11-25-alle-09.56.03.png 1144w\" alt=\"\" width=\"240\" height=\"300\" \/><\/a>Tra i lavoratori dipendenti e i pensionati sono poco pi\u00f9 di 3 milioni i veneti che dalla prossima settimana fino alla vigilia di Natale riceveranno la tredicesima mensilit\u00e0. Nei portafogli di queste persone finiranno 3,7 miliardi di euro. A \u201cfesteggiare\u201d sar\u00e0 anche il fisco che, attraverso la ritenuta dell\u2019Irpef, dai contribuenti della nostra regione incasser\u00e0 ben 1,2 miliardi di euro. Pertanto, alle imprese\/societ\u00e0 pubbliche\/private ubicate in Veneto e all\u2019INPS la gratifica natalizia coster\u00e0, al netto dei contributi previdenziali, 4,9 miliardi di euro (vedi Tab. 1).<br \/>\nA fare i conti \u00e8 stato l\u2019Ufficio studi della CGIA.<br \/>\nLa provincia veneta con il pi\u00f9 alto numero di beneficiari \u00e8 Padova che, tra pensionati e dipendenti, ne conta poco pi\u00f9 di 592.600. Seguono Verona con 588.200 e Vicenza con quasi 558.000 (vedi Tab. 2).<\/p>\n<p><strong>Come la spenderemo?<\/strong><br \/>\nIn questo momento \u00e8 molto difficile prevedere cosa acquisteranno i veneti con la tredicesima. Tra il pagamento delle bollette della luce, del gas e la rata del mutuo, anche quest\u2019anno non saranno molti i soldi che verranno destinati agli acquisti natalizi. Visto l\u2019andamento dei consumi registrato nella prima parte dell\u2019anno, si stima che l\u2019ammontare complessivo della spesa destinata ai regali rimanga pressoch\u00e9 lo stesso del 2022, poco sotto al miliardo di euro. Un importo che rispetto a 15 anni fa, comunque, \u00e8 dimezzato. Come mai? In primo luogo anche perch\u00e9 tantissimi veneti, approfittando del Black Friday, anticipano sempre pi\u00f9 spesso a novembre l\u2019acquisto dei doni da mettere sotto l\u2019albero. In secondo luogo perch\u00e9 in questi ultimi anni le famiglie hanno diminuito il budget destinato alle spese \u201caccessorie\u201d e ci\u00f2 ha comportato una conseguente flessione della propensione a fare i regali nel periodo natalizio.<\/p>\n<p><strong>Sono cresciute di 500mila euro, ma niente taglio delle tasse<\/strong><br \/>\nRispetto l\u2019anno scorso, il volume economico complessivo delle tredicesime che verr\u00e0 erogato nelle prossime settimane ai veneti \u00e8 incrementato di mezzo milione di euro. Quali sono le ragioni? Innanzitutto perch\u00e9 rispetto al 2022 il numero dei dipendenti presenti nel Veneto \u00e8 aumentato di 83 mila unit\u00e0; dopodich\u00e8, va ricordato che anche il monte salari \u00e8 cresciuto rispetto all\u2019anno scorso e questo \u00e8 riconducibile, in larga misura, al fatto che alcuni importanti contratti di lavoro sono stati rinnovati. Nel primo semestre 2023 rispetto allo stesso periodo del 2022, infatti, l\u2019incremento \u00e8 stato del 5 per cento. Ricordiamo, inoltre, che il taglio del cuneo fiscale per le retribuzioni lorde annue inferiori a 35 mila euro introdotto dal governo Draghi e confermato anche per l\u2019anno prossimo dall\u2019esecutivo guidato dalla Meloni, ha un effetto limitato sulle tredicesime, nella misura di 2 punti percentuali, a condizione che la tredicesima mensilit\u00e0 non ecceda l\u2019importo di 2.692 euro, elevato a 3 punti percentuali se la mensilit\u00e0 aggiuntiva \u00e8 inferiore a 1.923 euro. Si ricorda, infine, che dei 3 milioni di veneti che percepiranno la tredicesima, 1,3 milioni sono pensionati e 1,8 milioni sono lavoratori dipendenti (vedi Tab. 3).<\/p>\n<p><strong class=\"photoswipe-wrapper\"><a class=\"dt-pswp-item pspw-wrap-ready\" href=\"https:\/\/www.radiopiu.net\/wordpress\/wp-content\/uploads\/2023\/11\/Schermata-2023-11-25-alle-09.56.34.png\" data-dt-img-description=\"\" data-large_image_width=\"1014\" data-large_image_height=\"1624\"><img loading=\"lazy\" decoding=\"async\" class=\"size-medium wp-image-363108 alignleft\" src=\"https:\/\/www.radiopiu.net\/wordpress\/wp-content\/uploads\/2023\/11\/Schermata-2023-11-25-alle-09.56.34-187x300.png\" sizes=\"auto, (max-width: 187px) 100vw, 187px\" srcset=\"https:\/\/www.radiopiu.net\/wordpress\/wp-content\/uploads\/2023\/11\/Schermata-2023-11-25-alle-09.56.34-187x300.png 187w, https:\/\/www.radiopiu.net\/wordpress\/wp-content\/uploads\/2023\/11\/Schermata-2023-11-25-alle-09.56.34-639x1024.png 639w, https:\/\/www.radiopiu.net\/wordpress\/wp-content\/uploads\/2023\/11\/Schermata-2023-11-25-alle-09.56.34-768x1230.png 768w, https:\/\/www.radiopiu.net\/wordpress\/wp-content\/uploads\/2023\/11\/Schermata-2023-11-25-alle-09.56.34-959x1536.png 959w, https:\/\/www.radiopiu.net\/wordpress\/wp-content\/uploads\/2023\/11\/Schermata-2023-11-25-alle-09.56.34.png 1014w\" alt=\"\" width=\"187\" height=\"300\" \/><\/a>I regali pi\u00f9 gettonati? Gli alimentari<\/strong><br \/>\nAnche quest\u2019anno i generi alimentari dovrebbero confermarsi la tipologia di regalo natalizio pi\u00f9 acquistato dai veneti: seguono i giocattoli, i prodotti tecnologici, i libri, l\u2019abbigliamento\/scarpe e gli articoli per la cura della persona. Non c\u2019\u00e8 alcun dubbio che anche i cosiddetti regali \u201cdigitali\u201d saranno tra i pi\u00f9 gettonati: potendo essere acquistati senza doversi recare presso i negozi fisici, subiranno un ulteriore aumento rispetto ai volumi registrati l\u2019anno scorso. In particolare gli abbonamenti a piattaforme streaming e buoni regalo per gli acquisti online.<\/p>\n<p><strong>Tanti dipendenti e altrettanti pensionati ricevono anche la 14esima<br \/>\n<\/strong>Per quanto concerne i lavoratori dipendenti, tutti i CCNL prevedono, per legge, la tredicesima mensilit\u00e0. Inoltre, secondo una stima dell\u2019Ufficio studi della CGIA, i lavoratori dipendenti del settore privato che nel Veneto beneficiano anche della 14esima sono almeno 700.000. La stessa viene erogata nel mese di luglio. I principali contratti nazionali di lavoro che prevedono questa mensilit\u00e0 aggiuntiva sono: l\u2019agricoltura, l\u2019alimentare, l\u2019autotrasporto, il commercio\/turismo e il comparto pulizia\/multiservizi. La quattordicesima spetta anche ai pensionati, purch\u00e9 non ricevano prestazioni di natura assistenziale come le invalidit\u00e0 civili, gli assegni sociali, rendite INAIL e trattamenti non INPS.\u00a0Per ricevere questo assegno il destinatario deve aver compiuto 64 anni di et\u00e0, viene considerato anche il reddito personale del pensionato (quindi non cumulando anche quello del coniuge) e gli anni di contributi versati prima del pensionamento. Sono considerate due diverse fasce reddituali determinate sulla base del trattamento minimo mensile che, nel 2023, ammonta a euro 563,74.<\/p>\n<p>&nbsp;<\/p>\n<hr \/>\n<p>&nbsp;<\/p>\n<h2><strong><a class=\"dt-pswp-item\" href=\"https:\/\/www.radiopiu.net\/wordpress\/wp-content\/uploads\/2023\/09\/LIBRO.jpg\" data-dt-img-description=\"\" data-large_image_width=\"1280\" data-large_image_height=\"854\"><img loading=\"lazy\" decoding=\"async\" class=\" wp-image-352342 alignleft\" src=\"https:\/\/www.radiopiu.net\/wordpress\/wp-content\/uploads\/2023\/09\/LIBRO-300x200.jpg\" alt=\"\" width=\"161\" height=\"107\" srcset=\"https:\/\/www.radiopiu.net\/wordpress\/wp-content\/uploads\/2023\/09\/LIBRO-300x200.jpg 300w, https:\/\/www.radiopiu.net\/wordpress\/wp-content\/uploads\/2023\/09\/LIBRO-1024x683.jpg 1024w, https:\/\/www.radiopiu.net\/wordpress\/wp-content\/uploads\/2023\/09\/LIBRO-768x512.jpg 768w, https:\/\/www.radiopiu.net\/wordpress\/wp-content\/uploads\/2023\/09\/LIBRO.jpg 1280w\" sizes=\"auto, (max-width: 161px) 100vw, 161px\" \/><\/a><\/strong><span style=\"color: #008000;\">LA RASSEGNA STAMPA DA L&#8217;AMICO DEL POPOLO<\/span><\/h2>\n<p><strong>DI GIANNI SANTOMASO<\/strong><\/p>\n<p>OSPITE: Elena De Zaiacomo e Stefania De Zorzi<\/p>\n<audio class=\"wp-audio-shortcode\" id=\"audio-363109-6\" preload=\"none\" style=\"width: 100%;\" controls=\"controls\"><source type=\"audio\/mpeg\" src=\"https:\/\/www.radiopiu.net\/wordpress\/wp-content\/uploads\/2023\/11\/RASSEGNA-GIANNI-3.mp3?_=6\" \/><a href=\"https:\/\/www.radiopiu.net\/wordpress\/wp-content\/uploads\/2023\/11\/RASSEGNA-GIANNI-3.mp3\">https:\/\/www.radiopiu.net\/wordpress\/wp-content\/uploads\/2023\/11\/RASSEGNA-GIANNI-3.mp3<\/a><\/audio>\n<p>&nbsp;<\/p>\n<p>&nbsp;<\/p>\n<p>&nbsp;<\/p>\n<hr \/>\n<p>&nbsp;<\/p>\n<h3><span style=\"color: #ff0000;\">I CONSIGLI COMUNALI IN AGORDINO<\/span><\/h3>\n<blockquote>\n<h3>AD ALLEGHE<\/h3>\n<\/blockquote>\n<p>GIANNI SANTOMASO<\/p>\n<audio class=\"wp-audio-shortcode\" id=\"audio-363109-7\" preload=\"none\" style=\"width: 100%;\" controls=\"controls\"><source type=\"audio\/mpeg\" src=\"https:\/\/www.radiopiu.net\/wordpress\/wp-content\/uploads\/2023\/11\/GIANNI-CONSIGLIO-COMUNALE-ALLEGHE.mp3?_=7\" \/><a href=\"https:\/\/www.radiopiu.net\/wordpress\/wp-content\/uploads\/2023\/11\/GIANNI-CONSIGLIO-COMUNALE-ALLEGHE.mp3\">https:\/\/www.radiopiu.net\/wordpress\/wp-content\/uploads\/2023\/11\/GIANNI-CONSIGLIO-COMUNALE-ALLEGHE.mp3<\/a><\/audio>\n<p><strong>\u00a0<\/strong><\/p>\n<p><strong>ALLEGHE<\/strong> Marted\u00ec alle 20:30 \u00e8 stato convocato il consiglio comunale ad Alleghe. Il sindaco Danilo De Toni ha chiamato a rapporto i consiglieri per trattare 10 punti tra cui la programmazione triennale dei lavori pubblici, una variazione a bilancio, il piano di valorizzazione del patrimonio immobiliare, la modifica al regolamento per l&#8217;applicazione del canone patrimoniale di occupazione del suolo pubblico, l&#8217;approvazione di IMU e il documento unico di programmazione e la nomina del revisore dei conti.<\/p>\n<blockquote>\n<h3><\/h3>\n<h3>A FALCADE<\/h3>\n<p>GIANNI SANTOMASO<\/p><\/blockquote>\n<audio class=\"wp-audio-shortcode\" id=\"audio-363109-8\" preload=\"none\" style=\"width: 100%;\" controls=\"controls\"><source type=\"audio\/mpeg\" src=\"https:\/\/www.radiopiu.net\/wordpress\/wp-content\/uploads\/2023\/11\/CONSIGLIO-COMUANLE-FALCAE-GIANNI.mp3?_=8\" \/><a href=\"https:\/\/www.radiopiu.net\/wordpress\/wp-content\/uploads\/2023\/11\/CONSIGLIO-COMUANLE-FALCAE-GIANNI.mp3\">https:\/\/www.radiopiu.net\/wordpress\/wp-content\/uploads\/2023\/11\/CONSIGLIO-COMUANLE-FALCAE-GIANNI.mp3<\/a><\/audio>\n<p><strong>\u00a0<\/strong><\/p>\n<p><strong>FALCADE<\/strong> Consiglio comunale convocato per martedi alle 20, all&#8217;ordine del giorno modifica piano investimenti, variazioni al bilancio, convenzione con la Provincia per l&#8217;uso del Palafalcade, approvazione regolamenti.<\/p>\n<p>&nbsp;<\/p>\n<blockquote>\n<h3>A TAIBON<\/h3>\n<\/blockquote>\n<p><strong>TAIBON <\/strong>Consiglio comunale mercoled\u00ec alle 18. Cinque punti da trattare tra cui una variazione a bilancio e l&#8217;approvazione del documento unico di programmazione.<\/p>\n<blockquote>\n<h3>A COLLE SANTA LUCIA<\/h3>\n<\/blockquote>\n<p><strong>COLLE SANTA LUCIA<\/strong> Consiglio comunale convocato per mercoledi alle 21, all&#8217;ordine del giorno\u00a0 la ristrutturazione e messa in sicurezza dell&#8217;edificio comunale, il Dup, la variazioni al bilancio e anche l&#8217;approvazione del nuovo piano comunale di protezione civile.<\/p>\n<p>&nbsp;<\/p>\n<blockquote>\n<h3>A SELVA DI CADORE<\/h3>\n<\/blockquote>\n<p><strong>SELVA DI CADORE<\/strong> Consiglio comunale giovedi 30 novembre per l&#8217;approvazione del primo piano degli interventi; modifica al regolamento per la disciplina delle attivit\u00e0 di acconciatore, variazione al bilancio<\/p>\n<p>&nbsp;<\/p>\n<hr \/>\n<p>&nbsp;<\/p>\n<blockquote>\n<h3>QUESTA SERA IN SALA DON TAMIS CON L&#8217;UNIONE MONTANA AGORDINA<\/h3>\n<\/blockquote>\n<p>GIANNI SANTOMASO<\/p>\n<audio class=\"wp-audio-shortcode\" id=\"audio-363109-9\" preload=\"none\" style=\"width: 100%;\" controls=\"controls\"><source type=\"audio\/mpeg\" src=\"https:\/\/www.radiopiu.net\/wordpress\/wp-content\/uploads\/2023\/11\/GIANNI-UMA.mp3?_=9\" \/><a href=\"https:\/\/www.radiopiu.net\/wordpress\/wp-content\/uploads\/2023\/11\/GIANNI-UMA.mp3\">https:\/\/www.radiopiu.net\/wordpress\/wp-content\/uploads\/2023\/11\/GIANNI-UMA.mp3<\/a><\/audio>\n<p><strong>\u00a0<\/strong><\/p>\n<p><strong>AGORDO<\/strong> Il Presidente dell&#8217;Unione Montana Agordina, Paolo Frena, ha convocato il tavolo dell&#8217;Unione Montana per oggi alle 20.30. All&#8217;ordine del giorno: documento unico di programmazione, variazioni al bilancio, immobili destinati a ecocentro dell&#8217;Unione Montana Agordina, strade silvo pastorali e comunicazioni del Presidente.<\/p>\n<p>&nbsp;<\/p>\n<p>&nbsp;<\/p>\n<hr \/>\n<p>&nbsp;<\/p>\n<blockquote>\n<h3>VACCINO ANTINFLUENZALE: PARTITA LA CAMPAGNA<\/h3>\n<\/blockquote>\n<p><strong><a class=\"dt-pswp-item\" href=\"https:\/\/www.radiopiu.net\/wordpress\/wp-content\/uploads\/2018\/01\/vaccinoinfluenza.jpg\" data-dt-img-description=\"\" data-large_image_width=\"1488\" data-large_image_height=\"973\"><img loading=\"lazy\" decoding=\"async\" class=\" wp-image-42390 alignleft\" src=\"https:\/\/www.radiopiu.net\/wordpress\/wp-content\/uploads\/2018\/01\/vaccinoinfluenza-300x196.jpg\" alt=\"\" width=\"142\" height=\"93\" srcset=\"https:\/\/www.radiopiu.net\/wordpress\/wp-content\/uploads\/2018\/01\/vaccinoinfluenza-300x196.jpg 300w, https:\/\/www.radiopiu.net\/wordpress\/wp-content\/uploads\/2018\/01\/vaccinoinfluenza-768x502.jpg 768w, https:\/\/www.radiopiu.net\/wordpress\/wp-content\/uploads\/2018\/01\/vaccinoinfluenza-1024x670.jpg 1024w, https:\/\/www.radiopiu.net\/wordpress\/wp-content\/uploads\/2018\/01\/vaccinoinfluenza.jpg 1488w\" sizes=\"auto, (max-width: 142px) 100vw, 142px\" \/><\/a>BELLUNO <\/strong>Da marted\u00ec \u00e8 attiva la prenotabilit\u00e0 della vaccinazione antinfluenzale per tutti gli over 65 residenti in Ulss Dolomiti. Il Dipartimento di Prevenzione ha infatti organizzato alcune sedute dedicate nel Centro Vaccinale di Salce, al Centro Prelievi di Feltre (Pad. Gaggia), all\u2019ospedale Pieve di Cadore o al drive in di Tai di Cadore e all\u2019ambulatorio vaccinale di Agordo.<br \/>\n<strong>Si riporta di seguito l\u2019elenco delle sedute disponibili:<\/strong><br \/>\n\u2022 27\/11 CADORE DRIVE IN ore 9.00-12.00<br \/>\n\u2022 27\/11 CVP SALCE ore 9.00-12.00<br \/>\n\u2022 28\/11 CVP SALCE ore 9.00-12.00<br \/>\n\u2022 01\/12 FELTRE GAGGIA ore 15.30-17.30<br \/>\nLa prenotazione \u00e8 possibile: online al link: https:\/\/dolomiti.myprenota.it\/vaccinazioni, con richiesta telefonica al numero 0437-514343, con richiesta via mail scrivendo a: vaccinazioni.covid@aulss1.veneto.it Si ricorda che tutti i soggetti per i quali \u00e8 raccomandata potranno eseguire gratuitamente la vaccinazione antinfluenzale dal proprio medico di famiglia o in alcune farmacie del territorio<\/p>\n<p>&nbsp;<\/p>\n<hr \/>\n<p>&nbsp;<\/p>\n<blockquote>\n<h3>SULLA WILLIAMS ANCHE IL NOME DI SILVIA XAIZ DI VALLADA. LA SCUDERIA RINGRAZIA I TIFOSI AD ABU DHABI<\/h3>\n<\/blockquote>\n<p><strong>VALLADA<\/strong><\/p>\n<p>DI GIANNI SANTOMASO<\/p>\n<audio class=\"wp-audio-shortcode\" id=\"audio-363109-10\" preload=\"none\" style=\"width: 100%;\" controls=\"controls\"><source type=\"audio\/mpeg\" src=\"https:\/\/www.radiopiu.net\/wordpress\/wp-content\/uploads\/2023\/11\/GIANNI-WILLIAMS.mp3?_=10\" \/><a href=\"https:\/\/www.radiopiu.net\/wordpress\/wp-content\/uploads\/2023\/11\/GIANNI-WILLIAMS.mp3\">https:\/\/www.radiopiu.net\/wordpress\/wp-content\/uploads\/2023\/11\/GIANNI-WILLIAMS.mp3<\/a><\/audio>\n<p>&nbsp;<\/p>\n\n\t\t\t<style type='text\/css'>\n\t\t\t\t#gallery-5 {\n\t\t\t\t\tmargin: auto;\n\t\t\t\t}\n\t\t\t\t#gallery-5 .gallery-item {\n\t\t\t\t\tfloat: left;\n\t\t\t\t\tmargin-top: 10px;\n\t\t\t\t\ttext-align: center;\n\t\t\t\t\twidth: 16%;\n\t\t\t\t}\n\t\t\t\t#gallery-5 img {\n\t\t\t\t\tborder: 2px solid #cfcfcf;\n\t\t\t\t}\n\t\t\t\t#gallery-5 .gallery-caption {\n\t\t\t\t\tmargin-left: 0;\n\t\t\t\t}\n\t\t\t\t\/* see gallery_shortcode() in wp-includes\/media.php *\/\n\t\t\t<\/style>\n\t\t<div id='gallery-5' class='dt-gallery-container gallery galleryid-363109 gallery-columns-6 gallery-size-thumbnail'><dl class='gallery-item'>\n\t\t\t\t<dt class='gallery-icon landscape'>\n\t\t\t\t\t<a class=\"rollover rollover-zoom dt-pswp-item\" title=\"fea585af-6d9d-4bde-8eb7-6a36edf89581\" data-dt-img-description=\"\" data-large_image_width=\"1600\" data-large_image_height=\"1200\"href='https:\/\/www.radiopiu.net\/wordpress\/wp-content\/uploads\/2023\/11\/fea585af-6d9d-4bde-8eb7-6a36edf89581.jpg'><img loading=\"lazy\" decoding=\"async\" width=\"150\" height=\"150\" src=\"https:\/\/www.radiopiu.net\/wordpress\/wp-content\/uploads\/2023\/11\/fea585af-6d9d-4bde-8eb7-6a36edf89581-150x150.jpg\" class=\"attachment-thumbnail size-thumbnail\" alt=\"\" \/><\/a>\n\t\t\t\t<\/dt><\/dl><dl class='gallery-item'>\n\t\t\t\t<dt class='gallery-icon portrait'>\n\t\t\t\t\t<a class=\"rollover rollover-zoom dt-pswp-item\" title=\"a1b4983f-4d20-44bf-8797-f2e801ad234f\" data-dt-img-description=\"\" data-large_image_width=\"1200\" data-large_image_height=\"1600\"href='https:\/\/www.radiopiu.net\/wordpress\/wp-content\/uploads\/2023\/11\/a1b4983f-4d20-44bf-8797-f2e801ad234f.jpg'><img loading=\"lazy\" decoding=\"async\" width=\"150\" height=\"150\" src=\"https:\/\/www.radiopiu.net\/wordpress\/wp-content\/uploads\/2023\/11\/a1b4983f-4d20-44bf-8797-f2e801ad234f-150x150.jpg\" class=\"attachment-thumbnail size-thumbnail\" alt=\"\" \/><\/a>\n\t\t\t\t<\/dt><\/dl><dl class='gallery-item'>\n\t\t\t\t<dt class='gallery-icon portrait'>\n\t\t\t\t\t<a class=\"rollover rollover-zoom dt-pswp-item\" title=\"8213a5b5-8381-4825-a441-3ac627aa5e89\" data-dt-img-description=\"\" data-large_image_width=\"1080\" data-large_image_height=\"1150\"href='https:\/\/www.radiopiu.net\/wordpress\/wp-content\/uploads\/2023\/11\/8213a5b5-8381-4825-a441-3ac627aa5e89.jpg'><img loading=\"lazy\" decoding=\"async\" width=\"150\" height=\"150\" src=\"https:\/\/www.radiopiu.net\/wordpress\/wp-content\/uploads\/2023\/11\/8213a5b5-8381-4825-a441-3ac627aa5e89-150x150.jpg\" class=\"attachment-thumbnail size-thumbnail\" alt=\"\" \/><\/a>\n\t\t\t\t<\/dt><\/dl><dl class='gallery-item'>\n\t\t\t\t<dt class='gallery-icon portrait'>\n\t\t\t\t\t<a class=\"rollover rollover-zoom dt-pswp-item\" title=\"c6d88f3c-4f24-4a9d-a5cb-8dee5dfe342f\" data-dt-img-description=\"\" data-large_image_width=\"1080\" data-large_image_height=\"1150\"href='https:\/\/www.radiopiu.net\/wordpress\/wp-content\/uploads\/2023\/11\/c6d88f3c-4f24-4a9d-a5cb-8dee5dfe342f.jpg'><img loading=\"lazy\" decoding=\"async\" width=\"150\" height=\"150\" src=\"https:\/\/www.radiopiu.net\/wordpress\/wp-content\/uploads\/2023\/11\/c6d88f3c-4f24-4a9d-a5cb-8dee5dfe342f-150x150.jpg\" class=\"attachment-thumbnail size-thumbnail\" alt=\"\" \/><\/a>\n\t\t\t\t<\/dt><\/dl><dl class='gallery-item'>\n\t\t\t\t<dt class='gallery-icon portrait'>\n\t\t\t\t\t<a class=\"rollover rollover-zoom dt-pswp-item\" title=\"29a9c9de-839f-4b76-b612-28086a24ad70\" data-dt-img-description=\"\" data-large_image_width=\"1080\" data-large_image_height=\"1150\"href='https:\/\/www.radiopiu.net\/wordpress\/wp-content\/uploads\/2023\/11\/29a9c9de-839f-4b76-b612-28086a24ad70.jpg'><img loading=\"lazy\" decoding=\"async\" width=\"150\" height=\"150\" src=\"https:\/\/www.radiopiu.net\/wordpress\/wp-content\/uploads\/2023\/11\/29a9c9de-839f-4b76-b612-28086a24ad70-150x150.jpg\" class=\"attachment-thumbnail size-thumbnail\" alt=\"\" \/><\/a>\n\t\t\t\t<\/dt><\/dl><dl class='gallery-item'>\n\t\t\t\t<dt class='gallery-icon portrait'>\n\t\t\t\t\t<a class=\"rollover rollover-zoom dt-pswp-item\" title=\"8cce322c-42a5-46ae-b060-a1bf375f9374\" data-dt-img-description=\"\" data-large_image_width=\"918\" data-large_image_height=\"2048\"href='https:\/\/www.radiopiu.net\/wordpress\/wp-content\/uploads\/2023\/11\/8cce322c-42a5-46ae-b060-a1bf375f9374.jpg'><img loading=\"lazy\" decoding=\"async\" width=\"150\" height=\"150\" src=\"https:\/\/www.radiopiu.net\/wordpress\/wp-content\/uploads\/2023\/11\/8cce322c-42a5-46ae-b060-a1bf375f9374-150x150.jpg\" class=\"attachment-thumbnail size-thumbnail\" alt=\"\" \/><\/a>\n\t\t\t\t<\/dt><\/dl><br style=\"clear: both\" \/>\n\t\t\t<\/div>\n\n<p>&nbsp;<\/p>\n<hr \/>\n<p>&nbsp;<\/p>\n<blockquote>\n<h3>A BELLUNO LA WINTER RUN DEI BABBI NATALE<\/h3>\n<\/blockquote>\n<p><strong><img loading=\"lazy\" decoding=\"async\" class=\"alignleft\" src=\"https:\/\/www.radiopiu.net\/wordpress\/wp-content\/uploads\/2023\/11\/SCR-20231125-isjz.jpeg\" width=\"237\" height=\"175\" \/>BELLUNO<\/strong> Domenica 10 dicembre in centro a Belluno si correrr\u00e0 la Winter Run Dei Babbi Natale. Una corsa su strada non competitiva di 10 o 4 km organizzata dall&#8217;Atletica Dolomiti con il patrocinio del Comune di Belluno, Coni, Protezione Civile e Alpini. L&#8217;incasso sar\u00e0 in parte devoluto all&#8217;associazione ADOS (Associazione Donne Operate al Seno). Per informazioni <a href=\"http:\/\/www.atleticadolomiti.com\/winterrun\">www.atleticadolomiti.com\/winterrun<\/a><\/p>\n<p>&nbsp;<\/p>\n<p><strong>FRANCO ROCCON, PRESIDENTE DELL&#8217;ATLETICA DOLOMITI<\/strong><\/p>\n<audio class=\"wp-audio-shortcode\" id=\"audio-363109-11\" preload=\"none\" style=\"width: 100%;\" controls=\"controls\"><source type=\"audio\/mpeg\" src=\"https:\/\/www.radiopiu.net\/wordpress\/wp-content\/uploads\/2023\/11\/franco-roccon-presidente-atletica-dolomiti.mp3?_=11\" \/><a href=\"https:\/\/www.radiopiu.net\/wordpress\/wp-content\/uploads\/2023\/11\/franco-roccon-presidente-atletica-dolomiti.mp3\">https:\/\/www.radiopiu.net\/wordpress\/wp-content\/uploads\/2023\/11\/franco-roccon-presidente-atletica-dolomiti.mp3<\/a><\/audio>\n<p>&nbsp;<\/p>\n<p>&nbsp;<\/p>\n<p>&nbsp;<\/p>\n<p>&nbsp;<\/p>\n<p>&nbsp;<\/p>\n<hr \/>\n<p>&nbsp;<\/p>\n<blockquote>\n<h3>TOUR MUSIC FEST 2023, IL BELLUNESE MAURO DA RIN BETTINA IN FINALE<\/h3>\n<\/blockquote>\n<p><strong><a class=\"dt-pswp-item\" href=\"https:\/\/www.radiopiu.net\/wordpress\/wp-content\/uploads\/2023\/11\/78838a4e-c865-4b34-bbff-dd653002ee6b.jpg\" data-dt-img-description=\"\" data-large_image_width=\"1600\" data-large_image_height=\"900\"><img loading=\"lazy\" decoding=\"async\" class=\" wp-image-363143 alignleft\" src=\"https:\/\/www.radiopiu.net\/wordpress\/wp-content\/uploads\/2023\/11\/78838a4e-c865-4b34-bbff-dd653002ee6b-300x169.jpg\" alt=\"\" width=\"243\" height=\"137\" srcset=\"https:\/\/www.radiopiu.net\/wordpress\/wp-content\/uploads\/2023\/11\/78838a4e-c865-4b34-bbff-dd653002ee6b-300x169.jpg 300w, https:\/\/www.radiopiu.net\/wordpress\/wp-content\/uploads\/2023\/11\/78838a4e-c865-4b34-bbff-dd653002ee6b-1024x576.jpg 1024w, https:\/\/www.radiopiu.net\/wordpress\/wp-content\/uploads\/2023\/11\/78838a4e-c865-4b34-bbff-dd653002ee6b-768x432.jpg 768w, https:\/\/www.radiopiu.net\/wordpress\/wp-content\/uploads\/2023\/11\/78838a4e-c865-4b34-bbff-dd653002ee6b-1536x864.jpg 1536w, https:\/\/www.radiopiu.net\/wordpress\/wp-content\/uploads\/2023\/11\/78838a4e-c865-4b34-bbff-dd653002ee6b.jpg 1600w\" sizes=\"auto, (max-width: 243px) 100vw, 243px\" \/><\/a>REDAZIONE<\/strong> La passione smuove le montagne, dicono. E fa fare cose straordinarie. Ne sa qualcosa Mauro Da Rin Bettina, cantautore per pura passione. Ma quello che \u00e8 nato come un semplice hobby lo ha portato nelle finalissime del Tour Music Fest &#8211; The European Music Contest. Da Rin Bettina, infatti, dopo aver superato le live audition della nuova serie del Tour, vola a San Marino per l\u2019ultimo sforzo, nella categoria Cantautori Over. Il traguardo raggiunto \u00e8 davvero importante, perch\u00e9 le selezioni per la finale sono particolarmente impegnative. Nella Repubblica di San Marino, Da Rin Bettina se la vedr\u00e0 con una ventina tra artisti e band partecipanti provenienti da tutta Europa, dopo aver superato una selezione che ha visto concorrere tra note e musica in tutte le categorie oltre 20mila artisti<\/p>\n<p>&nbsp;<\/p>\n<p>&nbsp;<\/p>\n<hr \/>\n<p>&nbsp;<\/p>\n<h2><span style=\"color: #ff6600;\">ALLA RADIO<\/span><\/h2>\n<p>&nbsp;<\/p>\n<h2><strong><a class=\"dt-pswp-item\" href=\"https:\/\/www.radiopiu.net\/wordpress\/wp-content\/uploads\/2020\/12\/DON-GIORGIO-LISE.jpg\" data-dt-img-description=\"\" data-large_image_width=\"1600\" data-large_image_height=\"901\"><img loading=\"lazy\" decoding=\"async\" class=\" wp-image-177420 alignleft\" src=\"https:\/\/www.radiopiu.net\/wordpress\/wp-content\/uploads\/2020\/12\/DON-GIORGIO-LISE-300x169.jpg\" alt=\"\" width=\"188\" height=\"106\" srcset=\"https:\/\/www.radiopiu.net\/wordpress\/wp-content\/uploads\/2020\/12\/DON-GIORGIO-LISE-300x169.jpg 300w, https:\/\/www.radiopiu.net\/wordpress\/wp-content\/uploads\/2020\/12\/DON-GIORGIO-LISE-1024x577.jpg 1024w, https:\/\/www.radiopiu.net\/wordpress\/wp-content\/uploads\/2020\/12\/DON-GIORGIO-LISE-768x432.jpg 768w, https:\/\/www.radiopiu.net\/wordpress\/wp-content\/uploads\/2020\/12\/DON-GIORGIO-LISE-1536x865.jpg 1536w, https:\/\/www.radiopiu.net\/wordpress\/wp-content\/uploads\/2020\/12\/DON-GIORGIO-LISE.jpg 1600w\" sizes=\"auto, (max-width: 188px) 100vw, 188px\" \/><\/a><\/strong><span style=\"color: #800080;\">DUE MINUTI PER TE<\/span><\/h2>\n<p><strong>APPUNTAMENTO DELLA DOMENICA CON IL PENSIERO DI MONSIGNOR GIORGIO LISE<\/strong><\/p>\n<audio class=\"wp-audio-shortcode\" id=\"audio-363109-12\" preload=\"none\" style=\"width: 100%;\" controls=\"controls\"><source type=\"audio\/mpeg\" src=\"https:\/\/www.radiopiu.net\/wordpress\/wp-content\/uploads\/2023\/11\/DON-GIORGIO-3.mp3?_=12\" \/><a href=\"https:\/\/www.radiopiu.net\/wordpress\/wp-content\/uploads\/2023\/11\/DON-GIORGIO-3.mp3\">https:\/\/www.radiopiu.net\/wordpress\/wp-content\/uploads\/2023\/11\/DON-GIORGIO-3.mp3<\/a><\/audio>\n<p>&nbsp;<\/p>\n<p>&nbsp;<\/p>\n<p>&nbsp;<\/p>\n<hr \/>\n<p>&nbsp;<\/p>\n<h2><span style=\"color: #ff0000;\">GLI APPUNTAMENTI DELLA SETTIMANA\u00a0<\/span><\/h2>\n<blockquote>\n<h3>APPUNTI DI VIAGGIO CON ABM<\/h3>\n<\/blockquote>\n<p><strong>PIEVE DI CADORE<\/strong> \u201cAppunti di viaggio. L\u2019Italia al di l\u00e0 dell\u2019oceano\u201d \u00e8 il titolo della serata organizzata dalla Famiglia Ex emigranti del Cadore, con il patrocinio del Comune di Pieve di Cadore e dell\u2019Associazione Bellunesi nel Mondo, in programma mercoled\u00ec 29 novembre, alle ore 18.00, nella Sala Consigliare del Comune di Pieve di Cadore. Protagonista Nadia Agnoli, appena rientrata da un intenso viaggio in Sudamerica tra Messico, Per\u00f9 e Brasile<\/p>\n<p>&nbsp;<\/p>\n<p>&nbsp;<\/p>\n<blockquote>\n<h3>LA CENA DELLA CLASSE DEL 1943<\/h3>\n<\/blockquote>\n<p><strong>AGORDO<\/strong> Una giornata di festa domenica 3 dicembre per i coscritti del 1943. Alle 10 la santa messa nella chiesa arcidiaconale di Agordo, a seguire il trasferimento con mezzi propri a Voltago per ammirare il punto panoramico del San Sebatiano e la cena al ristorante Stella Alpina. Per informazioni 340 6076042 oppure 339 8546806<\/p>\n<p>&nbsp;<\/p>\n<h2><span style=\"color: #ff0000;\">PROSSIMAMENTE\u00a0<\/span><\/h2>\n<blockquote>\n<h3 class=\"entry-title\">EVENTI PER I 40 ANNI DEL CENTRO INTERNAZIONALE DEL LIBRO PARLATO \u201cA. SERNAGIOTTO\u201d<\/h3>\n<\/blockquote>\n<div><\/div>\n<div class=\"articlePlainText\"><strong class=\"photoswipe-wrapper\"><a class=\"dt-pswp-item pspw-wrap-ready\" href=\"https:\/\/www.radiopiu.net\/wordpress\/wp-content\/uploads\/2023\/11\/1f9b39ac-7445-4292-9e66-746ed8bde8d9.jpg\" data-dt-img-description=\"\" data-large_image_width=\"800\" data-large_image_height=\"1067\"><img loading=\"lazy\" decoding=\"async\" class=\" wp-image-360368 alignleft\" src=\"https:\/\/www.radiopiu.net\/wordpress\/wp-content\/uploads\/2023\/11\/1f9b39ac-7445-4292-9e66-746ed8bde8d9-225x300.jpg\" sizes=\"auto, (max-width: 182px) 100vw, 182px\" srcset=\"https:\/\/www.radiopiu.net\/wordpress\/wp-content\/uploads\/2023\/11\/1f9b39ac-7445-4292-9e66-746ed8bde8d9-225x300.jpg 225w, https:\/\/www.radiopiu.net\/wordpress\/wp-content\/uploads\/2023\/11\/1f9b39ac-7445-4292-9e66-746ed8bde8d9-768x1024.jpg 768w, https:\/\/www.radiopiu.net\/wordpress\/wp-content\/uploads\/2023\/11\/1f9b39ac-7445-4292-9e66-746ed8bde8d9.jpg 800w\" alt=\"\" width=\"105\" height=\"140\" \/><\/a>FELTRE<\/strong> Gli eventi in programma per celebrare i 40 anni del Libro Parlato di Feltre \u201cA. Sernagiotto\u201d.<\/div>\n<p><strong>SABATO 9 DICEMBRE\u00a0<\/strong>alle 18 in Sala Ocri Letture ad alta voce dedicate a Italo Calvino con Fabio Dalla Zuanna e Anna Branciforti<\/p>\n<p><strong>LUNEDI 18 DICEMBRE\u00a0<\/strong>alle 18 in Sala Ocri Flavio Faoro: da Oltre le vette ai racconti e alle fiabe, presenta Luisa Alchini. Letture ad alta voce del gruppo Libri Parlanti<\/p>\n<p><strong>VENERDI 22 DICEMBRE\u00a0<\/strong>alle 18 in Sala Ocri Presentazione del libro \u201cIl saldatore del Vajont\u201d con l\u2019autore Antonio G. Bortoluzzi \u2013 presenta Nicola Maccagnan<\/p>\n<p>&nbsp;<\/p>\n<blockquote>\n<h3 class=\"entry-title\">DICEMBRE A SANTA LUCIA LONGANO DI SEDICO: TRA SAPORI, MUSICA E CULTURA<\/h3>\n<\/blockquote>\n<p><strong class=\"photoswipe-wrapper\"><a class=\"dt-pswp-item pspw-wrap-ready\" href=\"https:\/\/www.radiopiu.net\/wordpress\/wp-content\/uploads\/2023\/11\/Senza-nome-138.png\" data-dt-img-description=\"\" data-large_image_width=\"260\" data-large_image_height=\"194\"><img loading=\"lazy\" decoding=\"async\" class=\"size-full wp-image-363249 alignleft\" src=\"https:\/\/www.radiopiu.net\/wordpress\/wp-content\/uploads\/2023\/11\/Senza-nome-138.png\" alt=\"\" width=\"260\" height=\"194\" \/><\/a>SEDICO<\/strong>\u00a0La tradizionale sagra di Santa Lucia Longano di Sedico \u00e8 pronta a illuminare il mese di dicembre con un programma ricco e coinvolgente. Dal 7 al 10 dicembre, l\u2019evento proporr\u00e0 una variet\u00e0 di esperienze gastronomiche, ricreative e culturali. L\u2019aspetto culinario spicca con prelibatezze come bigoli in salsa e birra artigianale Triches gioved\u00ec sera, il consueto baccal\u00e0 con polenta venerd\u00ec, costicine americane sabato e il goloso gulash con polenta a pranzo domenica. Ogni giorno, la possibilit\u00e0 di gustare trippe in rosso, sarde in saor con polenta bianca, pastin, schiz, accompagnati dai vini dell\u2019enoteca o dalla birra artigianale. Il 9 dicembre, una degustazione di vini e formaggi della Valbelluna in collaborazione con Onaf arricchisce l\u2019offerta (prenotazioni al 3206568713).<\/p>\n<div class=\"flex-1 overflow-hidden\">\n<div class=\"react-scroll-to-bottom--css-vvpym-79elbk h-full\">\n<div class=\"react-scroll-to-bottom--css-vvpym-1n7m0yu\">\n<div class=\"flex flex-col text-sm gizmo:pb-9 dark:bg-gray-800 gizmo:dark:bg-transparent\">\n<div class=\"w-full text-token-text-primary border-b border-black\/10 gizmo:border-0 dark:border-gray-900\/50 gizmo:dark:border-0 bg-gray-50 gizmo:bg-transparent dark:bg-[#444654] gizmo:dark:bg-transparent\" data-testid=\"conversation-turn-7\">\n<div class=\"p-4 gizmo:py-2 justify-center text-base md:gap-6 md:py-6 m-auto\">\n<div class=\"flex flex-1 gap-4 text-base mx-auto md:gap-6 gizmo:gap-3 gizmo:md:px-5 gizmo:lg:px-1 gizmo:xl:px-5 md:max-w-2xl lg:max-w-[38rem] gizmo:md:max-w-3xl gizmo:lg:max-w-[40rem] gizmo:xl:max-w-[48rem] xl:max-w-3xl } group final-completion\">\n<div class=\"relative flex w-[calc(100%-50px)] flex-col gizmo:w-full lg:w-[calc(100%-115px)] agent-turn\">\n<div class=\"flex-col gap-1 md:gap-3\">\n<div class=\"flex flex-grow flex-col max-w-full gap-3 gizmo:gap-0\">\n<div class=\"min-h-[20px] text-message flex flex-col items-start gap-3 whitespace-pre-wrap break-words [.text-message+&amp;]:mt-5 overflow-x-auto\" data-message-author-role=\"assistant\" data-message-id=\"661d6feb-d426-4956-868d-803a7f18ab1d\">\n<div class=\"markdown prose w-full break-words dark:prose-invert dark\">\n<p>Le serate si animano con la Spritz Band il gioved\u00ec, il ballo liscio dei Voyagers Orchestra il venerd\u00ec e lo spettacolo dei Gran Caf\u00e8 Italia il sabato. L\u2019attivit\u00e0 culturale \u00e8 altrettanto densa: \u201cSedico d\u2019altri tempi\u201d sar\u00e0 la mostra ospitata al piano superiore, inaugurata gioved\u00ec alle 18.30. Venerd\u00ec mattina alle 10.30, presentazione del libro \u201cLa Strada Romano Feltre \u2013 Belluno passava per Longano\u201d a cura di Gianni De Vecchi e Fausto Tormen. Nel pomeriggio alle 17.30, il gruppo \u201cLe Cantastorie di Natale\u201d dell\u2019Accademia Teatrale Lorenzo Da Ponte presenter\u00e0 la lettura animata \u201cStoria del Grinch\u201d. A sottolineare l\u2019aspetto religioso, la Santa Messa sar\u00e0 celebrata sotto il tendone domenica alle 10.45. Un evento che unisce tradizione, gusto e cultura per un dicembre indimenticabile a Santa Lucia Longano di Sedico.<\/p>\n<p>&nbsp;<\/p>\n<\/div>\n<\/div>\n<\/div>\n<\/div>\n<\/div>\n<\/div>\n<\/div>\n<\/div>\n<\/div>\n<\/div>\n<\/div>\n<\/div>\n<p><strong>L&#8217;ULTIMA VIA DI RICCARDO BEE, IL FILM<\/strong><\/p>\n<p><em>&#8220;Partiva per tre o quattro giorni, da solo. Sapevamo che viveva esperienze estreme, ma quando tornava era come se nulla fosse accaduto, le teneva in gran parte per s\u00e9&#8221;<\/em><\/p>\n<p><strong>SABATO 16 DICEMBRE, ALLE 20.30 IN SALA DON TAMIS<\/strong><br \/>\nIL FILM SARA&#8217; PRESENTATO DAL REGISTA EMANUELE CONFORTIN, MODERATORE DELLA SERATA GIANPAOLO SORATROI. DAL TRENTO FILM FESTIVAL AD AGORDO, &#8220;L&#8217;ULTIMA VIA DI RICCARDO BEE&#8221;, PER INIZIATIVA DEL COMUNE DI AGORDO<\/p>\n<p><a class=\"dt-pswp-item\" href=\"https:\/\/www.radiopiu.net\/wordpress\/wp-content\/uploads\/2023\/11\/196c380b-4f41-40fe-b60e-025662cd56ca.jpg\" data-dt-img-description=\"\" data-large_image_width=\"1131\" data-large_image_height=\"1600\"><img loading=\"lazy\" decoding=\"async\" class=\"size-medium wp-image-362712 aligncenter\" src=\"https:\/\/www.radiopiu.net\/wordpress\/wp-content\/uploads\/2023\/11\/196c380b-4f41-40fe-b60e-025662cd56ca-212x300.jpg\" alt=\"\" width=\"212\" height=\"300\" srcset=\"https:\/\/www.radiopiu.net\/wordpress\/wp-content\/uploads\/2023\/11\/196c380b-4f41-40fe-b60e-025662cd56ca-212x300.jpg 212w, https:\/\/www.radiopiu.net\/wordpress\/wp-content\/uploads\/2023\/11\/196c380b-4f41-40fe-b60e-025662cd56ca-724x1024.jpg 724w, https:\/\/www.radiopiu.net\/wordpress\/wp-content\/uploads\/2023\/11\/196c380b-4f41-40fe-b60e-025662cd56ca-768x1086.jpg 768w, https:\/\/www.radiopiu.net\/wordpress\/wp-content\/uploads\/2023\/11\/196c380b-4f41-40fe-b60e-025662cd56ca-1086x1536.jpg 1086w, https:\/\/www.radiopiu.net\/wordpress\/wp-content\/uploads\/2023\/11\/196c380b-4f41-40fe-b60e-025662cd56ca.jpg 1131w\" sizes=\"auto, (max-width: 212px) 100vw, 212px\" \/><\/a><\/p>\n<p>&nbsp;<\/p>\n<p>&nbsp;<\/p>\n<p>&nbsp;<\/p>\n<hr \/>\n<p>&nbsp;<\/p>\n<div class=\"message spoilers-container\" dir=\"auto\">\n<div class=\"column\">\n<div class=\"message spoilers-container\" dir=\"auto\">\n<div class=\"column\">\n<p><img loading=\"lazy\" decoding=\"async\" class=\"aligncenter wp-image-61954 size-full\" src=\"https:\/\/www.radiopiu.net\/wordpress\/wp-content\/uploads\/2018\/09\/viabilita.jpeg\" sizes=\"auto, (max-width: 800px) 100vw, 800px\" srcset=\"https:\/\/www.radiopiu.net\/wordpress\/wp-content\/uploads\/2018\/09\/viabilita.jpeg 800w, https:\/\/www.radiopiu.net\/wordpress\/wp-content\/uploads\/2018\/09\/viabilita-300x38.jpeg 300w, https:\/\/www.radiopiu.net\/wordpress\/wp-content\/uploads\/2018\/09\/viabilita-768x96.jpeg 768w\" alt=\"\" width=\"800\" height=\"100\" \/><\/p>\n<\/div>\n<\/div>\n<div class=\"message spoilers-container\" dir=\"auto\">\n<div class=\"column\">\n<p>&nbsp;<\/p>\n<blockquote>\n<h3 class=\"entry-title\">PER DIGONERA: 563 CHIUSA FINO ALL\u2019IMMACOLATA<\/h3>\n<\/blockquote>\n<p><strong>REDAZIONE<\/strong> Correndo per battere anche la stagione fredda i lavori proseguono tra Saviner di Rocca Pietore e Digonera, impongono la chiusura della strada ormai da tempo, la nuova ordinanza la proroga fino alle 16.15 del 7 dicembre. Dunque interdizione totale in entrambi i sensi di marcia dalle 7.45 alle 16.15 dal lunedi al venerdi, negli altri orari senso unico alternato e limite di velocit\u00e0 a 30 chilometri orari<\/p>\n<p>&nbsp;<\/p>\n<p>&nbsp;<\/p>\n<\/div>\n<\/div>\n<\/div>\n<\/div>\n<blockquote class=\"wp-embedded-content\" data-secret=\"qQ0VQWynmc\"><p><a href=\"https:\/\/www.radiopiu.net\/wordpress\/viabilita\/\">viabilita<\/a><\/p><\/blockquote>\n<p><iframe loading=\"lazy\" class=\"wp-embedded-content\" sandbox=\"allow-scripts\" security=\"restricted\" style=\"position: absolute; clip: rect(1px, 1px, 1px, 1px);\" title=\"&#8220;viabilita&#8221; &#8212; Radio Pi\u00f9\" src=\"https:\/\/www.radiopiu.net\/wordpress\/viabilita\/embed\/#?secret=P1mb2Pl76X#?secret=qQ0VQWynmc\" data-secret=\"qQ0VQWynmc\" width=\"600\" height=\"338\" frameborder=\"0\" marginwidth=\"0\" marginheight=\"0\" scrolling=\"no\"><\/iframe><\/p>\n<div class=\"message spoilers-container\" dir=\"auto\">\n<div class=\"column\">\n<div class=\"message spoilers-container\" dir=\"auto\">\n<div class=\"column\">\n<div>\n<div dir=\"ltr\">\n<div class=\"gmail_quote\">\n<div dir=\"ltr\">\n<div><\/div>\n<div><\/div>\n<\/div>\n<\/div>\n<\/div>\n<\/div>\n<hr \/>\n<p>&nbsp;<\/p>\n<p><a class=\"dt-pswp-item\" href=\"https:\/\/www.radiopiu.net\/wordpress\/wp-content\/uploads\/2018\/09\/WhatsApp-Image-2018-09-20-at-16.04.06.jpeg\" data-dt-img-description=\"\" data-large_image_width=\"800\" data-large_image_height=\"100\"><img loading=\"lazy\" decoding=\"async\" class=\"wp-image-61378 size-full aligncenter\" src=\"https:\/\/www.radiopiu.net\/wordpress\/wp-content\/uploads\/2018\/09\/WhatsApp-Image-2018-09-20-at-16.04.06.jpeg\" alt=\"\" width=\"800\" height=\"100\" srcset=\"https:\/\/www.radiopiu.net\/wordpress\/wp-content\/uploads\/2018\/09\/WhatsApp-Image-2018-09-20-at-16.04.06.jpeg 800w, https:\/\/www.radiopiu.net\/wordpress\/wp-content\/uploads\/2018\/09\/WhatsApp-Image-2018-09-20-at-16.04.06-300x38.jpeg 300w, https:\/\/www.radiopiu.net\/wordpress\/wp-content\/uploads\/2018\/09\/WhatsApp-Image-2018-09-20-at-16.04.06-768x96.jpeg 768w\" sizes=\"auto, (max-width: 800px) 100vw, 800px\" \/><\/a><\/p>\n<\/div>\n<\/div>\n<\/div>\n<\/div>\n<p><center><\/center>&nbsp;<\/p>\n<p><center><b>OGGI<\/b><\/center>Al mattino irregolarmente nuvoloso per estese nubi medio-alte con qualche parziale schiarita su Dolomiti nord, dal mezzogiorno ulteriore aumento della nuvolosit\u00e0 dapprima su Prealpi e pi\u00f9 tardi anche su Dolomiti fino a molto nuvoloso ovunque entro sera.<br \/>\n<b>Precipitazioni: <\/b>Da met\u00e0 pomeriggio e soprattutto in serata probabilit\u00e0 in aumento fino a media (40-60 %) per deboli o molto deboli precipitazioni sparse pi\u00f9 probabili su Prealpi ovest. Limite eventuali debolissime nevicate a fondovalle su Dolomiti e qualche fondovalle prealpino, a 700-900 m sui settori esposti alla pianura.<br \/>\n<b>Temperature: <\/b>Temperature stazionarie o in calo nelle valli, in lieve aumento in alta montagna. Contesto tipicamente invernale con valori termici che si mantengono inferiori alla norma.<\/p>\n<hr \/>\n<p><center><b>DOMANI<\/b><\/center>Nella notte nuvoloso ovunque, dal mattino schiarite via via pi\u00f9 ampie a partire da prealpi veronesi e vicentine in successiva estensione al bellunese. Nel pomeriggio sereno o poco nuvoloso ovunque.<br \/>\n<b>Precipitazioni: <\/b>Fino alle prime ore della notte residue debolissime nevicate (20-30%), localmente fino a fondovalle sul bellunese, altrove a 600-900 m, in seguito precipitazioni assenti.<br \/>\n<b>Temperature: <\/b>Temperature minime in calo e raggiunte a fine giornata in quota, massime in generale aumento.<\/p>\n<hr \/>\n<p><center><b>MERCOLEDI<\/b><\/center>Sereno o poco nuvoloso con qualche addensamento su Dolomiti nord. In serata aumento della nuvolosit\u00e0 a partire da Prealpi fino a nuvoloso ovunque in tarda serata. Temperature in generale lieve calo.<\/p>\n<hr \/>\n<p><center><b>GIOVEDI<\/b><\/center>Cielo molto nuvoloso o coperto con qualche residua schiarita fino al primo mattino. Dal mattino graduale aumento della probabilit\u00e0 di precipitazioni generalmente deboli fino a divenire medio-alta ovunque nel pomeriggio ed in serata quando potranno risultare anche moderate su Prealpi. Limite neve inizialmente a fondovalle su Dolomiti, a 600-1000 m su Prealpi in rapido rialzo fin attorno i 1800-2000 m mentre su Dolomiti il rialzo sar\u00e0 assai pi\u00f9 graduale e a quote inferiori.<\/p>\n<p>&nbsp;<\/p>\n<div class=\"message spoilers-container\" dir=\"auto\">\n<hr \/>\n<p>&nbsp;<\/p>\n<p><img loading=\"lazy\" decoding=\"async\" class=\"wp-image-60761 size-full aligncenter\" src=\"https:\/\/www.radiopiu.net\/wordpress\/wp-content\/uploads\/2018\/09\/sport.jpg\" alt=\"\" width=\"800\" height=\"100\" srcset=\"https:\/\/www.radiopiu.net\/wordpress\/wp-content\/uploads\/2018\/09\/sport.jpg 800w, https:\/\/www.radiopiu.net\/wordpress\/wp-content\/uploads\/2018\/09\/sport-300x38.jpg 300w, https:\/\/www.radiopiu.net\/wordpress\/wp-content\/uploads\/2018\/09\/sport-768x96.jpg 768w\" sizes=\"auto, (max-width: 800px) 100vw, 800px\" \/><\/p>\n<p><span style=\"color: #0000ff;\"><strong>\u00a0 \u00a0<\/strong><\/span><\/p>\n<p><span style=\"color: #0000ff;\"><strong>CALCIO<\/strong><\/span><\/p>\n<blockquote>\n<h3>L&#8217;AGORDINA PERDE COL DOMEGGE, PIAVE CORSARO CON IL CADORE<\/h3>\n<\/blockquote>\n<p><strong><a class=\"dt-pswp-item\" href=\"https:\/\/www.radiopiu.net\/wordpress\/wp-content\/uploads\/2023\/11\/calcio.jpg\" data-dt-img-description=\"\" data-large_image_width=\"1280\" data-large_image_height=\"853\"><img loading=\"lazy\" decoding=\"async\" class=\" wp-image-360218 alignleft\" src=\"https:\/\/www.radiopiu.net\/wordpress\/wp-content\/uploads\/2023\/11\/calcio-300x200.jpg\" alt=\"\" width=\"182\" height=\"121\" srcset=\"https:\/\/www.radiopiu.net\/wordpress\/wp-content\/uploads\/2023\/11\/calcio-300x200.jpg 300w, https:\/\/www.radiopiu.net\/wordpress\/wp-content\/uploads\/2023\/11\/calcio-1024x682.jpg 1024w, https:\/\/www.radiopiu.net\/wordpress\/wp-content\/uploads\/2023\/11\/calcio-768x512.jpg 768w, https:\/\/www.radiopiu.net\/wordpress\/wp-content\/uploads\/2023\/11\/calcio.jpg 1280w\" sizes=\"auto, (max-width: 182px) 100vw, 182px\" \/><\/a>di Marco Gaz<\/strong><\/p>\n<p><span style=\"color: #ff0000;\"><strong>TERZA CATEGORIA<\/strong><\/span><\/p>\n<p><strong>AGORDINA \u2013 DOMEGGE 0-3<\/strong><\/p>\n<p>Periodo nero per l\u2019Agordina di Terza Categoria. Tre sconfitte, un pareggio e una vittoria nelle ultime cinque partite giocate dalla formazione allenata da Chiea che vede sempre pi\u00f9 lontano l\u2019obbiettivo di chiudere la prima parte della stagione nella parte alta della classifica. All\u2019Ivano Dorigo di Agordo gli agordini non riescono a contenere le incursioni di un Domegge che approfitta di alcune disattenzioni difensive per fare bottino pieno. Bastano 3\u2019 e i cadorini passano in vantaggio con un\u2019incursione dalla destra e il pallone che termina alle spalle del portiere agordino. Ci prova con Ren l\u2019Agordina ma il Domegge risponde con una conclusione di poco alta sulla traversa. Al 28\u2019 Garavana prova a sorprendere il portiere cadorino con una punizione velenosa ma la sfera viene bloccata. Il Domegge si avvicina al raddoppio al 35\u2019 e la squadra di Agordo ha l\u2019occasione di pareggiare i conti a fine primo tempo con Chiea. Al 70\u2019 arriva il secondo gol cadorino con un tiro all\u2019incrocio imparabile per Palla. Domegge che chiude la sfida a pochi minuti dal termine con un colpo di testa su calcio d\u2019angolo.<\/p>\n<p>&nbsp;<\/p>\n<p><strong>PIAVE \u2013 CADORE1919 2-0<\/strong><\/p>\n<p><strong>IL SERVIZIO DI ANDREA BALDASSI, PORTAVOCE DEL PIAVE CALCIO<\/strong><\/p>\n<audio class=\"wp-audio-shortcode\" id=\"audio-363109-13\" preload=\"none\" style=\"width: 100%;\" controls=\"controls\"><source type=\"audio\/mpeg\" src=\"https:\/\/www.radiopiu.net\/wordpress\/wp-content\/uploads\/2023\/11\/WhatsApp-Ptt-2023-11-26-at-20.27.43.mp3?_=13\" \/><a href=\"https:\/\/www.radiopiu.net\/wordpress\/wp-content\/uploads\/2023\/11\/WhatsApp-Ptt-2023-11-26-at-20.27.43.mp3\">https:\/\/www.radiopiu.net\/wordpress\/wp-content\/uploads\/2023\/11\/WhatsApp-Ptt-2023-11-26-at-20.27.43.mp3<\/a><\/audio>\n<p>&nbsp;<\/p>\n<p><strong>LA CLASSIFICA DELLA TERZA CATEGORIA:<\/strong> Gemelle 28, Auronzo 24, San Vittore e Domegge 22, Fortogna 21, Alpes Cesio 18, Agordina e Cortina 15, Valzoldana e Dynamo Vellai 14, Piave 12, Tambre 6, Lamonese 4, Cadore1919 3.<\/p>\n<p>&nbsp;<\/p>\n<p><span style=\"color: #008000;\"><strong>GIOVANILI AGORDINA<\/strong><\/span><\/p>\n<p><span style=\"color: #ff0000;\"><strong>JUNIORES<\/strong><\/span><\/p>\n<p><strong>CASTION \u2013 AGORDINA 3-5<\/strong><\/p>\n<p>GOL AGORDINA: Bedont, Paolin, M. Marcon, Benvegn\u00f9, V. Marcon<\/p>\n<p>Una rimonta spettacolare regala all\u2019agordina di De Zaiacomo i 3 punti a Castion. Gli agordini vanno sotto per 3 a 1 nel primo tempo e nella ripresa capovolgono il risultato grazie ad una grande prova. Subito in vantaggio gli agordini ma il Castion risponde chiudendo la prima frazione in vantaggio. Agordina che rientra in campo nel secondo tempo con un piglio decisamente differente e ribalta il risultato con due punizioni magistrali prima di Paolin e poi di Benvegn\u00fa, inframezzate dalla rete in azione solitaria di Matthias Marcon e chiude la rimonta con Valentino Marcon nel recupero.<\/p>\n<p><span style=\"color: #ff0000;\"><strong>ALLIEVI <\/strong><\/span><\/p>\n<p><strong>LIMANA \u2013 AGORDINA 2-0<\/strong><\/p>\n<p>Prima sconfitta stagionale dell\u2019Agordina Allievi che non riesce a fare punti nella trasferta con il Limana. Bastano un gol per tempo ai padroni di casa per chiudere una sfida che tutto sommato \u00e8 stata piacevole con tanti cambiamenti di fronte. Nonostante la sconfitta la squadra di Orzetti mantiene la parte alta della classifica, secondo posto ad un solo punto dal Limana appunto.<\/p>\n<p><span style=\"color: #ff0000;\"><strong>GIOVANISSIMI<\/strong><\/span><\/p>\n<p><strong>AGORDINA sq. A \u2013 LIMANA 0-0<\/strong><\/p>\n<p>I giovanissimi dell\u2019Agordina mettono il bastone tra le ruote alla capolista Limana. All\u2019Ivano Dorigo di Agordo solo applausi per i giovani agordini. Uno 0 a 0 giusto dopo quello che si \u00e8 visto in campo. Da applausi anche l\u2019iniziativa per la giornata contro la violenza sulle donne, con gli agordini che hanno voluto farsi un segno rosso in faccia in segno di solidariet\u00e0.<\/p>\n<p><strong>PIAVE \u2013 AGORDINA sq. B 3-3<\/strong><\/p>\n<p>GOL AGORDINA sq. B: Arceri, 2 Campedel<\/p>\n<p>Un punto per la seconda squadra dell\u2019Agordina Giovanissimi che torna da Belluno con una bella prestazione. Termina in pareggio la sfida in Valbelluna con gli agordini che hanno saputo tenere testa al Piave. A segno Arceri e una doppietta di Campedel.<\/p>\n<p>&nbsp;<\/p>\n<p><span style=\"color: #0000ff;\"><strong>HOCKEY SU GHIACCIO<\/strong><\/span><\/p>\n<blockquote>\n<h3>IL CALDARO VINCE AL DE TONI, COLPACCIO DEL FELTRE CON L&#8217;APPIANO<\/h3>\n<\/blockquote>\n<p><span style=\"color: #ff0000;\"><strong>QUINDICESIMA GIORNATA IHL<\/strong><\/span><\/p>\n<p><strong>ALLEGHE \u2013 CALDARO 1-5<\/strong><\/p>\n<p>PARZIALI: 1-2 0-2, 0-1<\/p>\n<p>GOL: Pt. 3\u201918\u201d Felderer, 6\u201950\u201d Erschbamer, 19\u201901\u201d Makela. St. 2\u201946\u201d Graf, 7\u201915\u201d Oberrauch. Tt. 4\u201918\u201d Andergassen<\/p>\n<p>La capolista fa la voce grossa ed espugna l\u2019Alvise De Toni di Alleghe. Una brutta partita per le civette che non sono riuscite a giocare con la giusta grinta lasciando qualche varco di troppo agli avversari. Il Caldaro si conferma miglior attacco e miglior difesa della IHL ed incamera 3 punti importanti. Alleghe che gioved\u00ec torner\u00e0 in campo per giocare il turno infrasettimanale in casa con il Fiemme.\u00a0 Dopo i primi minuti giocati alla pari, il Caldaro trova un gol fortunoso. Confusione vicino alla porta difesa da Scola e colpo vincente di Felderer che devia nella gabbia il disco. Le civette non ci stanno e provano ad aumentare il ritmo avvicinandosi al gol con Zherdev. Il Caldaro risponde, in inferiorit\u00e0 numerica, e trova il gol del raddoppio. Erschbamer scappa e a tu per tu con il golie agordino non sbaglia. La sfida \u00e8 combattuta e gli uomini di Scapinello continuano a spingere e a pochi secondi dal termine Makela accorcia le distanze. Il finlandese fa tutto da solo, coast to coast e portiere battuto. La seconda frazione inizia con gli ospiti che trovano la terza rete della serata. Graf approfitta di una confusione in zona difensiva per battere Scola. Altoatesini che calano il poker: serie di batti e ribatti con Scola che para in due occasioni ma al terzo tentativo il disco attraversa la linea di porta. Terza frazione con le civette che sembrano pi\u00f9 decise. I tiri in porta non mancano ma il gol non arriva per gli agordini. Intanto il Caldaro non demorde e trova la manita con Andergassen. I lucci meritano i tre punti dopo una sfida in cui le civette non hanno brillato. Al termine della gara Alleghe-Caldaro, valevole per la quindicesima giornata del campionato IHL di hockey su ghiaccio, sono stati premiati come MVP (migliori giocatori della gara) per l\u2019Alleghe il difensore Nicola Soppelsa e per il Caldaro l\u2019attaccante Bastian Andergassen.<\/p>\n<p>(foto: Matteo Floridia)<\/p>\n\n\t\t\t<style type='text\/css'>\n\t\t\t\t#gallery-6 {\n\t\t\t\t\tmargin: auto;\n\t\t\t\t}\n\t\t\t\t#gallery-6 .gallery-item {\n\t\t\t\t\tfloat: left;\n\t\t\t\t\tmargin-top: 10px;\n\t\t\t\t\ttext-align: center;\n\t\t\t\t\twidth: 25%;\n\t\t\t\t}\n\t\t\t\t#gallery-6 img {\n\t\t\t\t\tborder: 2px solid #cfcfcf;\n\t\t\t\t}\n\t\t\t\t#gallery-6 .gallery-caption {\n\t\t\t\t\tmargin-left: 0;\n\t\t\t\t}\n\t\t\t\t\/* see gallery_shortcode() in wp-includes\/media.php *\/\n\t\t\t<\/style>\n\t\t<div id='gallery-6' class='dt-gallery-container gallery galleryid-363109 gallery-columns-4 gallery-size-medium'><dl class='gallery-item'>\n\t\t\t\t<dt class='gallery-icon landscape'>\n\t\t\t\t\t<a class=\"rollover rollover-zoom dt-pswp-item\" title=\"7c0cd7c5-dec5-44d1-b1de-6fd9c6fb9c84\" data-dt-img-description=\"\" data-large_image_width=\"1024\" data-large_image_height=\"706\"href='https:\/\/www.radiopiu.net\/wordpress\/wp-content\/uploads\/2023\/11\/7c0cd7c5-dec5-44d1-b1de-6fd9c6fb9c84.jpg'><img loading=\"lazy\" decoding=\"async\" width=\"300\" height=\"207\" src=\"https:\/\/www.radiopiu.net\/wordpress\/wp-content\/uploads\/2023\/11\/7c0cd7c5-dec5-44d1-b1de-6fd9c6fb9c84-300x207.jpg\" class=\"attachment-medium size-medium\" alt=\"\" srcset=\"https:\/\/www.radiopiu.net\/wordpress\/wp-content\/uploads\/2023\/11\/7c0cd7c5-dec5-44d1-b1de-6fd9c6fb9c84-300x207.jpg 300w, https:\/\/www.radiopiu.net\/wordpress\/wp-content\/uploads\/2023\/11\/7c0cd7c5-dec5-44d1-b1de-6fd9c6fb9c84-768x530.jpg 768w, https:\/\/www.radiopiu.net\/wordpress\/wp-content\/uploads\/2023\/11\/7c0cd7c5-dec5-44d1-b1de-6fd9c6fb9c84.jpg 1024w\" sizes=\"auto, (max-width: 300px) 100vw, 300px\" \/><\/a>\n\t\t\t\t<\/dt><\/dl><dl class='gallery-item'>\n\t\t\t\t<dt class='gallery-icon landscape'>\n\t\t\t\t\t<a class=\"rollover rollover-zoom dt-pswp-item\" title=\"6f2bc74c-7425-4ab4-baa6-496808be36ef\" data-dt-img-description=\"\" data-large_image_width=\"1024\" data-large_image_height=\"743\"href='https:\/\/www.radiopiu.net\/wordpress\/wp-content\/uploads\/2023\/11\/6f2bc74c-7425-4ab4-baa6-496808be36ef.jpg'><img loading=\"lazy\" decoding=\"async\" width=\"300\" height=\"218\" src=\"https:\/\/www.radiopiu.net\/wordpress\/wp-content\/uploads\/2023\/11\/6f2bc74c-7425-4ab4-baa6-496808be36ef-300x218.jpg\" class=\"attachment-medium size-medium\" alt=\"\" srcset=\"https:\/\/www.radiopiu.net\/wordpress\/wp-content\/uploads\/2023\/11\/6f2bc74c-7425-4ab4-baa6-496808be36ef-300x218.jpg 300w, https:\/\/www.radiopiu.net\/wordpress\/wp-content\/uploads\/2023\/11\/6f2bc74c-7425-4ab4-baa6-496808be36ef-768x557.jpg 768w, https:\/\/www.radiopiu.net\/wordpress\/wp-content\/uploads\/2023\/11\/6f2bc74c-7425-4ab4-baa6-496808be36ef.jpg 1024w\" sizes=\"auto, (max-width: 300px) 100vw, 300px\" \/><\/a>\n\t\t\t\t<\/dt><\/dl><dl class='gallery-item'>\n\t\t\t\t<dt class='gallery-icon landscape'>\n\t\t\t\t\t<a class=\"rollover rollover-zoom dt-pswp-item\" title=\"686451ef-0fda-40ee-a49f-ee397f6f78c1\" data-dt-img-description=\"\" data-large_image_width=\"1024\" data-large_image_height=\"694\"href='https:\/\/www.radiopiu.net\/wordpress\/wp-content\/uploads\/2023\/11\/686451ef-0fda-40ee-a49f-ee397f6f78c1.jpg'><img loading=\"lazy\" decoding=\"async\" width=\"300\" height=\"203\" src=\"https:\/\/www.radiopiu.net\/wordpress\/wp-content\/uploads\/2023\/11\/686451ef-0fda-40ee-a49f-ee397f6f78c1-300x203.jpg\" class=\"attachment-medium size-medium\" alt=\"\" srcset=\"https:\/\/www.radiopiu.net\/wordpress\/wp-content\/uploads\/2023\/11\/686451ef-0fda-40ee-a49f-ee397f6f78c1-300x203.jpg 300w, https:\/\/www.radiopiu.net\/wordpress\/wp-content\/uploads\/2023\/11\/686451ef-0fda-40ee-a49f-ee397f6f78c1-768x521.jpg 768w, https:\/\/www.radiopiu.net\/wordpress\/wp-content\/uploads\/2023\/11\/686451ef-0fda-40ee-a49f-ee397f6f78c1.jpg 1024w\" sizes=\"auto, (max-width: 300px) 100vw, 300px\" \/><\/a>\n\t\t\t\t<\/dt><\/dl><dl class='gallery-item'>\n\t\t\t\t<dt class='gallery-icon landscape'>\n\t\t\t\t\t<a class=\"rollover rollover-zoom dt-pswp-item\" title=\"e97559c6-4c26-45fe-88da-c2cd50dbe013\" data-dt-img-description=\"\" data-large_image_width=\"1024\" data-large_image_height=\"681\"href='https:\/\/www.radiopiu.net\/wordpress\/wp-content\/uploads\/2023\/11\/e97559c6-4c26-45fe-88da-c2cd50dbe013.jpg'><img loading=\"lazy\" decoding=\"async\" width=\"300\" height=\"200\" src=\"https:\/\/www.radiopiu.net\/wordpress\/wp-content\/uploads\/2023\/11\/e97559c6-4c26-45fe-88da-c2cd50dbe013-300x200.jpg\" class=\"attachment-medium size-medium\" alt=\"\" aria-describedby=\"gallery-6-363223\" srcset=\"https:\/\/www.radiopiu.net\/wordpress\/wp-content\/uploads\/2023\/11\/e97559c6-4c26-45fe-88da-c2cd50dbe013-300x200.jpg 300w, https:\/\/www.radiopiu.net\/wordpress\/wp-content\/uploads\/2023\/11\/e97559c6-4c26-45fe-88da-c2cd50dbe013-768x511.jpg 768w, https:\/\/www.radiopiu.net\/wordpress\/wp-content\/uploads\/2023\/11\/e97559c6-4c26-45fe-88da-c2cd50dbe013.jpg 1024w\" sizes=\"auto, (max-width: 300px) 100vw, 300px\" \/><\/a>\n\t\t\t\t<\/dt>\n\t\t\t\t\t<dd class='wp-caption-text gallery-caption' id='gallery-6-363223'>\n\t\t\t\t\tGLI MVP DELL&#8217;INCONTRO\n\t\t\t\t\t<\/dd><\/dl><br style=\"clear: both\" \/>\n\t\t\t<\/div>\n\n<p>&nbsp;<\/p>\n<p><strong>FELTRE \u2013 APPIANO 3-2<\/strong><\/p>\n<p>PARZIALI: 1-1, 0-1, 2-0<\/p>\n<p>GOL:Pt. \u00a00\u201954\u201d Da Forno, 6\u201927\u201d Graf. St. 10\u201934\u201d Engl. Tt. 5\u201929\u201d Voulfson, 6\u201953\u201d Eruzione<\/p>\n<p>Colpaccio del Feltre che vince con l\u2019Appiano al PalaFeltre. Dopo le prime due frazioni da dimenticare, i feltrini reagiscono nel terzo drittel andando a segno due volte in pochi secondi portando a casa i 3 punti in palio contro la quarta forza del campionato e supera le civette in classifica piazzandosi al quinto posto. Prima frazione che viene inaugurata dal gol di Da Forno dopo solo un minuto. A fare la partita sono gli altoatesini che pareggiano i conti al 6\u2019. Si va al riposo con le squadre in parit\u00e0. Nel periodo centrale piovono le penalit\u00e0 e a pagarne le spese sono i feltrini che subiscono la seconda marcatura altoatesina. Quando le speranze sembravano sfumare, il Feltre tira fuori le unghie e nel giro di due minuti riesce a capovolgere il risultato con due gol in rapida successione. L\u2019Appiano le prova tutte pur di pareggiare la partita ma i padroni di casa si difendono bene e incamerano i 3 punti in palio.<\/p>\n<p><strong>LA CLASSIFICA:\u00a0<\/strong>Caldaro 39, Varese 33, Pergine 32, Appiano 24, Feltre 23, Alleghe 22, Fiemme 17, Como 15, Bressanone 10, Valpellice 7, Dobbiaco 3<\/p>\n<p>&nbsp;<\/p>\n<blockquote>\n<h3>TRE SU TRE PER LE GIOVANILI DELL&#8217;ALLEGHE HOCKEY<\/h3>\n<\/blockquote>\n<p><strong><a class=\"dt-pswp-item\" href=\"https:\/\/www.radiopiu.net\/wordpress\/wp-content\/uploads\/2023\/10\/hockey.jpg\" data-dt-img-description=\"\" data-large_image_width=\"1280\" data-large_image_height=\"961\"><img loading=\"lazy\" decoding=\"async\" class=\" wp-image-359038 alignleft\" src=\"https:\/\/www.radiopiu.net\/wordpress\/wp-content\/uploads\/2023\/10\/hockey-300x225.jpg\" alt=\"\" width=\"185\" height=\"139\" srcset=\"https:\/\/www.radiopiu.net\/wordpress\/wp-content\/uploads\/2023\/10\/hockey-300x225.jpg 300w, https:\/\/www.radiopiu.net\/wordpress\/wp-content\/uploads\/2023\/10\/hockey-1024x769.jpg 1024w, https:\/\/www.radiopiu.net\/wordpress\/wp-content\/uploads\/2023\/10\/hockey-768x577.jpg 768w, https:\/\/www.radiopiu.net\/wordpress\/wp-content\/uploads\/2023\/10\/hockey.jpg 1280w\" sizes=\"auto, (max-width: 185px) 100vw, 185px\" \/><\/a>di Marco Gaz<\/strong><\/p>\n<p><span style=\"color: #ff0000;\"><strong>UNDER 19<\/strong><\/span><\/p>\n<p><strong>PERGINE \u2013 CORTINA\/ALLEGHE 1-9<\/strong><\/p>\n<p>GOL CORTINA\/ALLEGHE: 2 Tolomelli, Zandegiacomo, Fattor, Rimoldi, 2 Fontanive, Talamini, Constantini<\/p>\n<p>Dopo la sconfitta di sette giorni fa, il Cortina\/Alleghe fa la voce grossa a Pergine Valsugana. Un monologo della squadra bellunese che mette al sicuro il risultato nella seconda frazione. Una bella prova per i giovani della squadra mista che con questa vittoria si confermano tra le prime tre forze del campionato Under 19.<\/p>\n<p><span style=\"color: #ff0000;\"><strong>UNDER 16<\/strong><\/span><\/p>\n<p><strong>RENON \u2013 CORTINA\/ALLEGHE 0-3<\/strong><\/p>\n<p>GOL CORTINA\/ALLEGHE: Fontanive, Evangelisti, Levis<\/p>\n<p>L\u2019Under 16 del Cortina\/Alleghe incamera tre punti fondamentali nella trasferta in terra altoatesina contro il Renon. Un secco tre a zero per i bellunesi che incamerano la vittoria con un gol per tempo. Fontanive apre le marcature, Evangelisti raddoppia e Levis chiude la sfida. Sia apre dunque con una vittoria la seconda fase della stagione per il Cortina\/Alleghe.<\/p>\n<p><span style=\"color: #ff0000;\"><strong>UNDER 14 <\/strong><\/span><\/p>\n<p><strong>ALLEGHE\/CORTINA \u2013 PADOVA 8-1<\/strong><\/p>\n<p>Tutto facile per l\u2019Alleghe\/Cortina che incamera tre punti nella sfida del De Toni contro il Padova. Una vittoria mai in discussione delle giovani civette che rifilano ben otto gol ai padovani che rispondono solo con la rete della bandiera.<\/p>\n<p>&nbsp;<\/p>\n<p>&nbsp;<\/p>\n<p><span style=\"color: #0000ff;\"><strong>SCI\u00a0<\/strong><\/span><\/p>\n<blockquote>\n<h3><a class=\"dt-pswp-item\" href=\"https:\/\/www.radiopiu.net\/wordpress\/wp-content\/uploads\/2023\/03\/\u00a9EchiAlessandroSogne-102-ELIA-BARP.jpg\" data-dt-img-description=\"\" data-large_image_width=\"1980\" data-large_image_height=\"1320\"><img loading=\"lazy\" decoding=\"async\" class=\" wp-image-326273 alignleft\" src=\"https:\/\/www.radiopiu.net\/wordpress\/wp-content\/uploads\/2023\/03\/\u00a9EchiAlessandroSogne-102-ELIA-BARP-300x200.jpg\" alt=\"\" width=\"150\" height=\"100\" srcset=\"https:\/\/www.radiopiu.net\/wordpress\/wp-content\/uploads\/2023\/03\/\u00a9EchiAlessandroSogne-102-ELIA-BARP-300x200.jpg 300w, https:\/\/www.radiopiu.net\/wordpress\/wp-content\/uploads\/2023\/03\/\u00a9EchiAlessandroSogne-102-ELIA-BARP-1024x683.jpg 1024w, https:\/\/www.radiopiu.net\/wordpress\/wp-content\/uploads\/2023\/03\/\u00a9EchiAlessandroSogne-102-ELIA-BARP-768x512.jpg 768w, https:\/\/www.radiopiu.net\/wordpress\/wp-content\/uploads\/2023\/03\/\u00a9EchiAlessandroSogne-102-ELIA-BARP-1536x1024.jpg 1536w, https:\/\/www.radiopiu.net\/wordpress\/wp-content\/uploads\/2023\/03\/\u00a9EchiAlessandroSogne-102-ELIA-BARP.jpg 1980w\" sizes=\"auto, (max-width: 150px) 100vw, 150px\" \/><\/a>Elia Barp chiude la 20 km skating in 29\u00aa posizione<\/h3>\n<\/blockquote>\n<p>Il trichianese cresciuto al Gs Castionese e allo Ski College di Falcade ieri ha chiuso al 29\u00b0, piazzamento che rappresenta il miglior piazzamento fin qui in Coppa, nella quale peraltro ha debuttato poco meno di un anno fa, in occasione del Tour de Ski. Continua a crescere, Elia Barp, classe 2002. Cos\u00ec come sta crescendo il sappadino Davide Graz (classe 2000) : ieri \u00e8 stato il migliore degli azzurri, chiudendo al 19\u00b0, secondo miglior risultato in carriera in Coppa. La vittoria al norvegese Jenssen.<\/p>\n<p><span style=\"color: #000000;\">\u00a020 km skating mass start maschile:\u00a01. Jan Thomas Jenssen (Norvegia) 48.08.9; 2. Michal Novak (Repubblica Ceca) 48.09.6; 3. Harald Ostberg Amundsen (Norvegia) 48.11.0;\u00a0<\/span><\/p>\n<p>20 km skating mass start femminile:\u00a01. Moa Ilar (Svezia) 55.40.8; 2. Jessie Diggins (Stati Uniti) 55.41.1; 3. Rosie Brennan (Stati Uniti) 55.42.2;<\/p>\n<p>&nbsp;<\/p>\n<p><span style=\"color: #0000ff;\"><strong>\u00a0<\/strong><\/span><\/p>\n<p><span style=\"color: #0000ff;\"><strong>PALLAVOLO<\/strong><\/span><\/p>\n<blockquote>\n<h3>PALLAVOLO BELLUNO FEMMINILE: ANCORA UNA SCONFITTA PER LA SERIE D, IN C ARRIVA LA VITTORIA AL TIE BREAK<\/h3>\n<\/blockquote>\n<p><span style=\"color: #ff0000;\"><strong><a class=\"dt-pswp-item\" href=\"https:\/\/www.radiopiu.net\/wordpress\/wp-content\/uploads\/2023\/11\/Serie_C_vittoriosa_in_terra_padovana.jpg\" data-dt-img-description=\"\" data-large_image_width=\"1079\" data-large_image_height=\"1079\"><img loading=\"lazy\" decoding=\"async\" class=\" wp-image-363205 alignleft\" src=\"https:\/\/www.radiopiu.net\/wordpress\/wp-content\/uploads\/2023\/11\/Serie_C_vittoriosa_in_terra_padovana-300x300.jpg\" alt=\"\" width=\"149\" height=\"149\" srcset=\"https:\/\/www.radiopiu.net\/wordpress\/wp-content\/uploads\/2023\/11\/Serie_C_vittoriosa_in_terra_padovana-300x300.jpg 300w, https:\/\/www.radiopiu.net\/wordpress\/wp-content\/uploads\/2023\/11\/Serie_C_vittoriosa_in_terra_padovana-1024x1024.jpg 1024w, https:\/\/www.radiopiu.net\/wordpress\/wp-content\/uploads\/2023\/11\/Serie_C_vittoriosa_in_terra_padovana-150x150.jpg 150w, https:\/\/www.radiopiu.net\/wordpress\/wp-content\/uploads\/2023\/11\/Serie_C_vittoriosa_in_terra_padovana-768x768.jpg 768w, https:\/\/www.radiopiu.net\/wordpress\/wp-content\/uploads\/2023\/11\/Serie_C_vittoriosa_in_terra_padovana.jpg 1079w\" sizes=\"auto, (max-width: 149px) 100vw, 149px\" \/><\/a>SERIE C<\/strong><\/span><\/p>\n<p><b>VOLLEY COLOMBO-HOMECLICK SB VOLLEY 2-3 (<\/b><strong>26-28, 25-18, 25-21, 21-25, 13-15)<\/strong><\/p>\n<p>A Ponte San Nicol\u00f2, va in scena un\u2019autentica maratona sotto rete: alla fine, \u00e8 la Homeclick ad avere la meglio. E a centrare un successo dal peso specifico considerevole: perch\u00e9 \u00e8 il quinto in sei partite. Perch\u00e9 \u00e8 maturato su un parquet che definire ostico \u00e8 quasi eufemistico. E perch\u00e9 permette di mantenere la seconda piazza della graduatoria (la Sicell Volpe, vittoriosa a Castelfranco Veneto con il Giorgione, \u00e8 ora a -2) e di rimanere in scia all\u2019Asolo Altivole Riese. Anche se la capolista (3-0 all\u2019Annia) allunga di un\u2019ulteriore lunghezza ed \u00e8 ora a +4 rispetto alla SB Volley. Ma era importante riannodare il filo con la vittoria anche in trasferta. A maggior ragione di fronte a un sestetto compatto, organizzato e mai domo come il Volley Colombo.<\/p>\n<p><span style=\"color: #ff0000;\"><strong>SERIE D<\/strong><\/span><\/p>\n<p><b>HOMECLICK SB VOLLEY-GRIFFON LEGNAGO<\/b> <b>1-3 <\/b><strong>(24-26, 25-21, 22-25, 10-25)<\/strong><\/p>\n<p>Il gruppo di serie D prosegue lungo il suo percorso di crescita. E manifesta ulteriori progressi, dopo quelli gi\u00e0 messi in mostra nella recente trasferta di Costabissara. Ma i passi avanti dal punto di vista del gioco, dell\u2019atteggiamento e dell\u2019interpretazione al match non trovano il conforto dei punti. Anche contro il Legnago, infatti, matura una sconfitta: la sesta in sei incontri di campionato.<span class=\"gmail-Apple-converted-space\"> \u00a0<\/span>Nella palestra di Mur di Cadola, per\u00f2, \u00e8 andata in scena una bellissima partita, ricca di emozioni, ribaltamenti, scambi prolungati. La Homeclick ha condotto a lungo nel punteggio e dato vita a tre set vibranti e intensi. Ma ancora una volta sono state le pause, unite a qualche scelta rivedibile nei momenti topici della sfida, a \u201czavorrare\u201d le ragazze guidate da coach Pezzei.<span class=\"gmail-Apple-converted-space\">\u00a0<\/span><\/p>\n<p>&nbsp;<\/p>\n<blockquote>\n<h3>WEEKEND NERO PER IL VOLLEY CLUB AGORDINO<\/h3>\n<\/blockquote>\n<p><strong><a class=\"dt-pswp-item\" href=\"https:\/\/www.radiopiu.net\/wordpress\/wp-content\/uploads\/2023\/01\/VOLLEY-2023.jpg\" data-dt-img-description=\"\" data-large_image_width=\"1920\" data-large_image_height=\"1280\"><img loading=\"lazy\" decoding=\"async\" class=\" wp-image-318320 alignleft\" src=\"https:\/\/www.radiopiu.net\/wordpress\/wp-content\/uploads\/2023\/01\/VOLLEY-2023-300x200.jpg\" alt=\"\" width=\"170\" height=\"113\" srcset=\"https:\/\/www.radiopiu.net\/wordpress\/wp-content\/uploads\/2023\/01\/VOLLEY-2023-300x200.jpg 300w, https:\/\/www.radiopiu.net\/wordpress\/wp-content\/uploads\/2023\/01\/VOLLEY-2023-1024x683.jpg 1024w, https:\/\/www.radiopiu.net\/wordpress\/wp-content\/uploads\/2023\/01\/VOLLEY-2023-768x512.jpg 768w, https:\/\/www.radiopiu.net\/wordpress\/wp-content\/uploads\/2023\/01\/VOLLEY-2023-1536x1024.jpg 1536w, https:\/\/www.radiopiu.net\/wordpress\/wp-content\/uploads\/2023\/01\/VOLLEY-2023.jpg 1920w\" sizes=\"auto, (max-width: 170px) 100vw, 170px\" \/><\/a>di Marco Gaz<\/strong><\/p>\n<p><span style=\"color: #ff0000;\"><strong>PRIMA DIVISIONE<\/strong><\/span><\/p>\n<p><strong>VOLLEY CLUB AGORDINO \u2013 VIVA VOLLEY 2-3 (25-17, 12-25, 25-22, 15-25, 11-15)<\/strong><\/p>\n<p>Periodo nero per il Volley Club Agordino. La prima squadra, dopo una prima parte di stagione che prometteva bene, non riesce a vincere al Palarova crollando al tie break con il Viva Vollley. Le trevigiane tengono in piedi la partita approfittando di qualche errore agordino. Un set a testa per poi giocarsi tutto al tie break dove la squadra ospite la spunta per 4 punti. Una brutta prestazione con la penultima forza del campionato. Ora le ragazze di De Nardin devono ritrovare la concentrazione per proseguire al meglio il campionato.<\/p>\n<p><span style=\"color: #ff0000;\"><strong>UNDER 16 <\/strong><\/span><\/p>\n<p><strong>CASTION \u2013 VOLLEY CLUB AGORDINO 3-2 (25-13, 24-26, 25-22, 17-25, 15-13)<\/strong><\/p>\n<p>Il tie break \u00e8 fatale per le ragazze under 16 del Volley Club Agordino. Il Castion vince dopo una partita combattuta in cui le agordine hanno tirato fuori le unghie pur di rimanere in partita. Peccato per il quinto parziale dove le ragazze di Agordo non hanno dato quel ualcosa in pi\u00f9 per poter portare a casa il secondo punto.<\/p>\n<p><span style=\"color: #ff0000;\"><strong>UNDER 14 <\/strong><\/span><\/p>\n<p><strong>CODOGNE\u2019 \u2013 VOLLEY CLUB AGORDINO 3-0 (25-17, 25-15, 25-22)<\/strong><\/p>\n<p>Bastano tre set al Codogn\u00e8 per atterrare il Volley Club Agordino. Nella partita valida per il campionato under 14 le agordine non sono state all\u2019altezza delle trevigiane. Primi due parziali con le padrone di casa che fanno la voce grossa. La squadra di Agordo si sveglia nel finale ma ad avere la meglio sono le trevigiane.<\/p>\n<p>&nbsp;<\/p>\n<blockquote>\n<h3><strong>VOLLEY BELLUNO: TRIS DI VITTORIE E POKER CASALINGO<\/strong><\/h3>\n<\/blockquote>\n<p><a class=\"dt-pswp-item\" href=\"https:\/\/www.radiopiu.net\/wordpress\/wp-content\/uploads\/2023\/11\/La_carica_di_capitan_Bisi.jpg\" data-dt-img-description=\"\" data-large_image_width=\"1280\" data-large_image_height=\"853\"><img loading=\"lazy\" decoding=\"async\" class=\" wp-image-363276 alignleft\" src=\"https:\/\/www.radiopiu.net\/wordpress\/wp-content\/uploads\/2023\/11\/La_carica_di_capitan_Bisi-300x200.jpg\" alt=\"\" width=\"264\" height=\"176\" srcset=\"https:\/\/www.radiopiu.net\/wordpress\/wp-content\/uploads\/2023\/11\/La_carica_di_capitan_Bisi-300x200.jpg 300w, https:\/\/www.radiopiu.net\/wordpress\/wp-content\/uploads\/2023\/11\/La_carica_di_capitan_Bisi-1024x682.jpg 1024w, https:\/\/www.radiopiu.net\/wordpress\/wp-content\/uploads\/2023\/11\/La_carica_di_capitan_Bisi-768x512.jpg 768w, https:\/\/www.radiopiu.net\/wordpress\/wp-content\/uploads\/2023\/11\/La_carica_di_capitan_Bisi.jpg 1280w\" sizes=\"auto, (max-width: 264px) 100vw, 264px\" \/><\/a>Il Belluno Volley mostra un formidabile poker casalingo nel campionato di Serie A3, ottenendo una terza vittoria consecutiva contro Brugherio. Con una prestazione eccezionale, il team di coach Colussi dimostra continuit\u00e0 e controllo, guadagnando tre punti e avanzando alla quarta posizione in classifica, a soli un punto dal podio.<\/p>\n<p><em>Il commento di coach Colussi evidenzia una partita eseguita secondo il piano, elogiando in particolare il muro e il servizio, nonostante qualche errore da perfezionare. La vittoria in trasferta ha apportato consapevolezza ed energia al team, confermando il principio che vincere aiuta a vincere.<\/em><\/p>\n<p>&nbsp;<\/p>\n<p>&nbsp;<\/p>\n<p><span style=\"color: #0000ff;\"><strong>MOTORI<\/strong><\/span><\/p>\n<blockquote>\n<h3>RECORD DI PARTECIPANTI STRANIERI AL PREALPI MASTER SHOW<\/h3>\n<\/blockquote>\n<p><strong><a class=\"dt-pswp-item\" href=\"https:\/\/www.radiopiu.net\/wordpress\/wp-content\/uploads\/2023\/11\/51238b47-3826-4028-a21f-6c837dbc0774.jpg\" data-dt-img-description=\"\" data-large_image_width=\"1600\" data-large_image_height=\"1066\"><img loading=\"lazy\" decoding=\"async\" class=\" wp-image-363234 alignleft\" src=\"https:\/\/www.radiopiu.net\/wordpress\/wp-content\/uploads\/2023\/11\/51238b47-3826-4028-a21f-6c837dbc0774-300x200.jpg\" alt=\"\" width=\"179\" height=\"119\" srcset=\"https:\/\/www.radiopiu.net\/wordpress\/wp-content\/uploads\/2023\/11\/51238b47-3826-4028-a21f-6c837dbc0774-300x200.jpg 300w, https:\/\/www.radiopiu.net\/wordpress\/wp-content\/uploads\/2023\/11\/51238b47-3826-4028-a21f-6c837dbc0774-1024x682.jpg 1024w, https:\/\/www.radiopiu.net\/wordpress\/wp-content\/uploads\/2023\/11\/51238b47-3826-4028-a21f-6c837dbc0774-768x512.jpg 768w, https:\/\/www.radiopiu.net\/wordpress\/wp-content\/uploads\/2023\/11\/51238b47-3826-4028-a21f-6c837dbc0774-1536x1023.jpg 1536w, https:\/\/www.radiopiu.net\/wordpress\/wp-content\/uploads\/2023\/11\/51238b47-3826-4028-a21f-6c837dbc0774.jpg 1600w\" sizes=\"auto, (max-width: 179px) 100vw, 179px\" \/><\/a>FALZE&#8217; DI PIAVE<\/strong><\/p>\n<p>DI ROBERTO BONA<\/p>\n<audio class=\"wp-audio-shortcode\" id=\"audio-363109-14\" preload=\"none\" style=\"width: 100%;\" controls=\"controls\"><source type=\"audio\/mpeg\" src=\"https:\/\/www.radiopiu.net\/wordpress\/wp-content\/uploads\/2023\/11\/gr-27-sport-motori.mp3?_=14\" \/><a href=\"https:\/\/www.radiopiu.net\/wordpress\/wp-content\/uploads\/2023\/11\/gr-27-sport-motori.mp3\">https:\/\/www.radiopiu.net\/wordpress\/wp-content\/uploads\/2023\/11\/gr-27-sport-motori.mp3<\/a><\/audio>\n<p>&nbsp;<\/p>\n<p><span style=\"color: #0000ff;\"><strong>ATLETICA<\/strong><\/span><\/p>\n<blockquote>\n<h3>ALLA CA&#8217; DEL POGGIO RUN OTTIMA PROVA DI MINELLA<\/h3>\n<\/blockquote>\n<p><a class=\"dt-pswp-item\" href=\"https:\/\/www.radiopiu.net\/wordpress\/wp-content\/uploads\/2023\/11\/Cdp2023_Il-podio-maschile.jpg\" data-dt-img-description=\"\" data-large_image_width=\"1292\" data-large_image_height=\"1197\"><img loading=\"lazy\" decoding=\"async\" class=\" wp-image-363258 alignleft\" src=\"https:\/\/www.radiopiu.net\/wordpress\/wp-content\/uploads\/2023\/11\/Cdp2023_Il-podio-maschile-300x278.jpg\" alt=\"\" width=\"130\" height=\"121\" srcset=\"https:\/\/www.radiopiu.net\/wordpress\/wp-content\/uploads\/2023\/11\/Cdp2023_Il-podio-maschile-300x278.jpg 300w, https:\/\/www.radiopiu.net\/wordpress\/wp-content\/uploads\/2023\/11\/Cdp2023_Il-podio-maschile-1024x949.jpg 1024w, https:\/\/www.radiopiu.net\/wordpress\/wp-content\/uploads\/2023\/11\/Cdp2023_Il-podio-maschile-768x712.jpg 768w, https:\/\/www.radiopiu.net\/wordpress\/wp-content\/uploads\/2023\/11\/Cdp2023_Il-podio-maschile.jpg 1292w\" sizes=\"auto, (max-width: 130px) 100vw, 130px\" \/><\/a>Di corsa tra i vigneti. Colori e sapori d\u2019autunno. Uno sguardo al cronometro e l\u2019emozione di ritrovarsi immersi in tanta bellezza. In duemila tra runners e camminatori hanno tenuto a battesimo la Ca\u2019 del Poggio Run, atteso evento podistico che oggi, in una mattinata fredda ma assolata, con partenza da Piazza Cima a Conegliano, ha coniugato al meglio sport, territorio e solidariet\u00e0, offrendo due percorsi (uno di 19 e l\u2019altro di 8 km) nel cuore delle colline del Conegliano Valdobbiadene Prosecco Superiore DOCG. Festa doppia per Loris Minella (Ana Atletica Feltre) ed Eleonora Lot (Atl. Ponzano), i primi a tagliare il traguardo nella prova sui 19 km.<\/p>\n<p>&nbsp;<\/p>\n<blockquote>\n<h2><strong>Successo e Record al Campionato Provinciale di Corsa Campestre di Bribano<\/strong><\/h2>\n<\/blockquote>\n<div class=\"flex-1 overflow-hidden\">\n<div class=\"react-scroll-to-bottom--css-nigxr-79elbk h-full\">\n<div class=\"react-scroll-to-bottom--css-nigxr-1n7m0yu\">\n<div class=\"flex flex-col text-sm gizmo:pb-9 dark:bg-gray-800 gizmo:dark:bg-transparent\">\n<div class=\"w-full text-token-text-primary border-b border-black\/10 gizmo:border-0 dark:border-gray-900\/50 gizmo:dark:border-0 bg-gray-50 gizmo:bg-transparent dark:bg-[#444654] gizmo:dark:bg-transparent\" data-testid=\"conversation-turn-11\">\n<div class=\"p-4 gizmo:py-2 justify-center text-base md:gap-6 md:py-6 m-auto\">\n<div class=\"flex flex-1 gap-4 text-base mx-auto md:gap-6 gizmo:gap-3 gizmo:md:px-5 gizmo:lg:px-1 gizmo:xl:px-5 md:max-w-2xl lg:max-w-[38rem] gizmo:md:max-w-3xl gizmo:lg:max-w-[40rem] gizmo:xl:max-w-[48rem] xl:max-w-3xl } group final-completion\">\n<div class=\"relative flex w-[calc(100%-50px)] flex-col gizmo:w-full lg:w-[calc(100%-115px)] agent-turn\">\n<div class=\"flex-col gap-1 md:gap-3\">\n<div class=\"flex flex-grow flex-col max-w-full gap-3 gizmo:gap-0\">\n<div class=\"min-h-[20px] text-message flex flex-col items-start gap-3 whitespace-pre-wrap break-words [.text-message+&amp;]:mt-5 overflow-x-auto\" data-message-author-role=\"assistant\" data-message-id=\"9ee62389-a390-495e-9608-b75ce51d2c65\">\n<div class=\"markdown prose w-full break-words dark:prose-invert dark\">\n<p><a class=\"dt-pswp-item\" href=\"https:\/\/www.radiopiu.net\/wordpress\/wp-content\/uploads\/2023\/11\/cross-csi-bribano-26-nov-2023-la-gara-ragazze.jpg\" data-dt-img-description=\"\" data-large_image_width=\"1500\" data-large_image_height=\"1000\"><img loading=\"lazy\" decoding=\"async\" class=\"size-medium wp-image-363277 alignleft\" src=\"https:\/\/www.radiopiu.net\/wordpress\/wp-content\/uploads\/2023\/11\/cross-csi-bribano-26-nov-2023-la-gara-ragazze-300x200.jpg\" alt=\"\" width=\"300\" height=\"200\" srcset=\"https:\/\/www.radiopiu.net\/wordpress\/wp-content\/uploads\/2023\/11\/cross-csi-bribano-26-nov-2023-la-gara-ragazze-300x200.jpg 300w, https:\/\/www.radiopiu.net\/wordpress\/wp-content\/uploads\/2023\/11\/cross-csi-bribano-26-nov-2023-la-gara-ragazze-1024x683.jpg 1024w, https:\/\/www.radiopiu.net\/wordpress\/wp-content\/uploads\/2023\/11\/cross-csi-bribano-26-nov-2023-la-gara-ragazze-768x512.jpg 768w, https:\/\/www.radiopiu.net\/wordpress\/wp-content\/uploads\/2023\/11\/cross-csi-bribano-26-nov-2023-la-gara-ragazze.jpg 1500w\" sizes=\"auto, (max-width: 300px) 100vw, 300px\" \/><\/a>Il Campionato provinciale di corsa campestre del Centro Sportivo Italiano, svoltosi a Bribano di Sedico il 26 novembre, ha concluso la stagione con una partecipazione record di 550 concorrenti. L&#8217;evento, organizzato dal comitato Csi di Belluno in collaborazione con quello di Feltre, ha contribuito alla classifica del Trofeo Passsport (societ\u00e0) e del memorial Serafino Barp (giovanile). Il tracciato veloce e spettacolare di Bribano, curato con perizia dal Gs La Piave 2000, ha visto il Gs Astra Quero ottenere il quinto sigillo su cinque prove, conquistando la classifica complessiva per societ\u00e0 con 800 punti. La Piave 2000 si \u00e8 classificata al secondo posto con 672 punti, seguita dal Gs Castionese con 498 punti. Nella classifica giovanile per societ\u00e0, il Gs La Piave 2000 ha ottenuto la vittoria con 503 punti, seguito da Astra Quero con 346 punti e Gs Castionese con 265 punti. Dante Passuello, responsabile della commissione atletica di Csi Belluno, ha commentato il successo dicendo: \u00abAbbiamo chiuso in bellezza con il record di partecipazione di questo 2023. Grazie a tutti i concorrenti, alle societ\u00e0 e ai club organizzatori\u00bb. Le premiazioni, sia individuali che a squadre, avranno luogo il 2 dicembre a Lentiai, durante il Natale dello Sportivo proposto da Csi Belluno e Csi Feltre. Il programma include la celebrazione della Santa Messa alle 18 presso la parrocchiale di Lentiai, seguita dalle premiazioni nella vicina palestra.<\/p>\n<p>&nbsp;<\/p>\n<p class=\"flex gap-1\"><strong><span style=\"color: #0000ff;\">NUOTO<\/span><\/strong><\/p>\n<\/div>\n<\/div>\n<\/div>\n<div class=\"flex justify-between empty:hidden gizmo:mt-1 gizmo:justify-start gizmo:gap-3 lg:block gizmo:lg:flex\">\n<div class=\"text-gray-400 flex self-end lg:self-center justify-center gizmo:lg:justify-start mt-2 gizmo:mt-0 visible gap-1\">\n<blockquote>\n<h3 class=\"flex gap-1\">ATTIVAMENTE AGORDINO PROTAGONISTA A SPRESIANO CON DUE ORI, UN ARGENTO E UN BRONZO<\/h3>\n<\/blockquote>\n<p><strong>REDAZIONE<\/strong> Una domenica da ricordare per Attivamente Agordino che torna dalla piscina di Spresiano con tante soddisfazioni. Tanti i buoni risultati per la squadra di Agordo tra cui spicca la vittoria nella staffetta maschile e l&#8217;oro di Erik De Nardin nei 50 metri farfalla e bronzo nei 200 stile libero. Argento nella staffetta femminile. Terza posizione per Alessandro Buxaj nei 100 rana e bronzo per Alice Latti nei 50 farfalla.<\/p>\n\n\t\t\t<style type='text\/css'>\n\t\t\t\t#gallery-7 {\n\t\t\t\t\tmargin: auto;\n\t\t\t\t}\n\t\t\t\t#gallery-7 .gallery-item {\n\t\t\t\t\tfloat: left;\n\t\t\t\t\tmargin-top: 10px;\n\t\t\t\t\ttext-align: center;\n\t\t\t\t\twidth: 33%;\n\t\t\t\t}\n\t\t\t\t#gallery-7 img {\n\t\t\t\t\tborder: 2px solid #cfcfcf;\n\t\t\t\t}\n\t\t\t\t#gallery-7 .gallery-caption {\n\t\t\t\t\tmargin-left: 0;\n\t\t\t\t}\n\t\t\t\t\/* see gallery_shortcode() in wp-includes\/media.php *\/\n\t\t\t<\/style>\n\t\t<div id='gallery-7' class='dt-gallery-container gallery galleryid-363109 gallery-columns-3 gallery-size-thumbnail'><dl class='gallery-item'>\n\t\t\t\t<dt class='gallery-icon landscape'>\n\t\t\t\t\t<a class=\"rollover rollover-zoom dt-pswp-item\" title=\"SCR-20231126-qvhs\" data-dt-img-description=\"\" data-large_image_width=\"974\" data-large_image_height=\"846\"href='https:\/\/www.radiopiu.net\/wordpress\/wp-content\/uploads\/2023\/11\/SCR-20231126-qvhs.jpeg'><img loading=\"lazy\" decoding=\"async\" width=\"150\" height=\"150\" src=\"https:\/\/www.radiopiu.net\/wordpress\/wp-content\/uploads\/2023\/11\/SCR-20231126-qvhs-150x150.jpeg\" class=\"attachment-thumbnail size-thumbnail\" alt=\"\" \/><\/a>\n\t\t\t\t<\/dt><\/dl><dl class='gallery-item'>\n\t\t\t\t<dt class='gallery-icon landscape'>\n\t\t\t\t\t<a class=\"rollover rollover-zoom dt-pswp-item\" title=\"SCR-20231126-qvkw\" data-dt-img-description=\"\" data-large_image_width=\"1100\" data-large_image_height=\"832\"href='https:\/\/www.radiopiu.net\/wordpress\/wp-content\/uploads\/2023\/11\/SCR-20231126-qvkw.jpeg'><img loading=\"lazy\" decoding=\"async\" width=\"150\" height=\"150\" src=\"https:\/\/www.radiopiu.net\/wordpress\/wp-content\/uploads\/2023\/11\/SCR-20231126-qvkw-150x150.jpeg\" class=\"attachment-thumbnail size-thumbnail\" alt=\"\" \/><\/a>\n\t\t\t\t<\/dt><\/dl><dl class='gallery-item'>\n\t\t\t\t<dt class='gallery-icon landscape'>\n\t\t\t\t\t<a class=\"rollover rollover-zoom dt-pswp-item\" title=\"SCR-20231126-quyy\" data-dt-img-description=\"\" data-large_image_width=\"1104\" data-large_image_height=\"960\"href='https:\/\/www.radiopiu.net\/wordpress\/wp-content\/uploads\/2023\/11\/SCR-20231126-quyy.jpeg'><img loading=\"lazy\" decoding=\"async\" width=\"150\" height=\"150\" src=\"https:\/\/www.radiopiu.net\/wordpress\/wp-content\/uploads\/2023\/11\/SCR-20231126-quyy-150x150.jpeg\" class=\"attachment-thumbnail size-thumbnail\" alt=\"\" \/><\/a>\n\t\t\t\t<\/dt><\/dl><br style=\"clear: both\" \/>\n\t\t\t<\/div>\n\n<p>&nbsp;<\/p>\n<p>&nbsp;<\/p>\n<p>*******<\/p>\n<div class=\"flex items-center gap-1.5 text-xs\"><\/div>\n<\/div>\n<\/div>\n<\/div>\n<\/div>\n<\/div>\n<\/div>\n<\/div>\n<\/div>\n<\/div>\n<\/div>\n<\/div>\n<div class=\"w-full pt-2 md:pt-0 border-t md:border-t-0 gizmo:border-t-0 dark:border-white\/20 md:border-transparent md:dark:border-transparent md:pl-2 gizmo:pl-0 gizmo:md:pl-0 md:w-[calc(100%-.5rem)]\">\n<form class=\"stretch mx-2 flex flex-row gap-3 last:mb-2 md:mx-4 md:last:mb-6 lg:mx-auto lg:max-w-2xl xl:max-w-3xl\">\n<div class=\"relative flex h-full flex-1 items-stretch md:flex-col\">\n<div class=\"flex w-full items-center\"><\/div>\n<\/div>\n<\/form>\n<\/div>\n<\/div>\n","protected":false},"excerpt":{"rendered":"<p>***** &nbsp; 40esimo di RADIOPIU\u2026. LA VOCE DELL\u2019EMOZIONE ISCRIVITI AL NOSTRO CANALE\u00a0\u00a0YOUTUBE PER SEGUIRE IN DIRETTA I PRINCIPALI PROGRAMMI DI RADIO PIU\u2019 E LE FUTURE DIRETTE IN ESTERNA. PER ISCRIVERTI CLICCA QUI\u00a0E PREMI\u00a0 \u201cIscriviti\u201d &nbsp; &nbsp; \u00a0 i podcast informativi del mattino LA RASSEGNA STAMPA NAZIONALE ALLA RADIO, OGNI GIORNO ALLE 5 E ALLE 6&hellip;<\/p>\n","protected":false},"author":4,"featured_media":363196,"comment_status":"closed","ping_status":"closed","sticky":false,"template":"","format":"standard","meta":{"_monsterinsights_skip_tracking":false,"_monsterinsights_sitenote_active":false,"_monsterinsights_sitenote_note":"","_monsterinsights_sitenote_category":0,"footnotes":""},"categories":[51,86,49],"tags":[],"class_list":["post-363109","post","type-post","status-publish","format-standard","has-post-thumbnail","hentry","category-evidenza-top","category-gr","category-news-18","category-51","category-86","category-49","description-off"],"img_url":"https:\/\/www.radiopiu.net\/wordpress\/wp-content\/uploads\/2023\/11\/fea585af-6d9d-4bde-8eb7-6a36edf89581.jpg","_links":{"self":[{"href":"https:\/\/www.radiopiu.net\/wordpress\/wp-json\/wp\/v2\/posts\/363109","targetHints":{"allow":["GET"]}}],"collection":[{"href":"https:\/\/www.radiopiu.net\/wordpress\/wp-json\/wp\/v2\/posts"}],"about":[{"href":"https:\/\/www.radiopiu.net\/wordpress\/wp-json\/wp\/v2\/types\/post"}],"author":[{"embeddable":true,"href":"https:\/\/www.radiopiu.net\/wordpress\/wp-json\/wp\/v2\/users\/4"}],"replies":[{"embeddable":true,"href":"https:\/\/www.radiopiu.net\/wordpress\/wp-json\/wp\/v2\/comments?post=363109"}],"version-history":[{"count":0,"href":"https:\/\/www.radiopiu.net\/wordpress\/wp-json\/wp\/v2\/posts\/363109\/revisions"}],"wp:featuredmedia":[{"embeddable":true,"href":"https:\/\/www.radiopiu.net\/wordpress\/wp-json\/wp\/v2\/media\/363196"}],"wp:attachment":[{"href":"https:\/\/www.radiopiu.net\/wordpress\/wp-json\/wp\/v2\/media?parent=363109"}],"wp:term":[{"taxonomy":"category","embeddable":true,"href":"https:\/\/www.radiopiu.net\/wordpress\/wp-json\/wp\/v2\/categories?post=363109"},{"taxonomy":"post_tag","embeddable":true,"href":"https:\/\/www.radiopiu.net\/wordpress\/wp-json\/wp\/v2\/tags?post=363109"}],"curies":[{"name":"wp","href":"https:\/\/api.w.org\/{rel}","templated":true}]}}