{"id":363122,"date":"2023-11-27T03:59:06","date_gmt":"2023-11-27T02:59:06","guid":{"rendered":"https:\/\/www.radiopiu.net\/wordpress\/?p=363122"},"modified":"2023-11-27T05:46:50","modified_gmt":"2023-11-27T04:46:50","slug":"anfao-lorraine-berton-e-la-nuova-presidente","status":"publish","type":"post","link":"https:\/\/www.radiopiu.net\/wordpress\/anfao-lorraine-berton-e-la-nuova-presidente\/","title":{"rendered":"ANFAO: LORRAINE BERTON E&#8217; LA NUOVA PRESIDENTE"},"content":{"rendered":"<p><strong><a class=\"dt-pswp-item\" href=\"https:\/\/www.radiopiu.net\/wordpress\/wp-content\/uploads\/2023\/11\/DSC_7330_square-scaled.jpg\" data-dt-img-description=\"\" data-large_image_width=\"2560\" data-large_image_height=\"2560\"><img loading=\"lazy\" decoding=\"async\" class=\" wp-image-363123 alignleft\" src=\"https:\/\/www.radiopiu.net\/wordpress\/wp-content\/uploads\/2023\/11\/DSC_7330_square-300x300.jpg\" alt=\"\" width=\"163\" height=\"163\" srcset=\"https:\/\/www.radiopiu.net\/wordpress\/wp-content\/uploads\/2023\/11\/DSC_7330_square-300x300.jpg 300w, https:\/\/www.radiopiu.net\/wordpress\/wp-content\/uploads\/2023\/11\/DSC_7330_square-1024x1024.jpg 1024w, https:\/\/www.radiopiu.net\/wordpress\/wp-content\/uploads\/2023\/11\/DSC_7330_square-150x150.jpg 150w, https:\/\/www.radiopiu.net\/wordpress\/wp-content\/uploads\/2023\/11\/DSC_7330_square-768x768.jpg 768w, https:\/\/www.radiopiu.net\/wordpress\/wp-content\/uploads\/2023\/11\/DSC_7330_square-1536x1536.jpg 1536w, https:\/\/www.radiopiu.net\/wordpress\/wp-content\/uploads\/2023\/11\/DSC_7330_square-2048x2048.jpg 2048w\" sizes=\"auto, (max-width: 163px) 100vw, 163px\" \/><\/a>MILANO <\/strong>Lorraine Berton \u00e8 stata eletta alla guida di ANFAO, l\u2019Associazione Nazionale Fabbricanti Articoli Ottici. La nuova Presidente, prima donna al vertice, che guider\u00e0 l\u2019Associazione per i prossimi 4 anni, succede a Giovanni Vitaloni, che ha ricoperto la carica dal 2017. La nomina si \u00e8 svolta in occasione dell\u2019Assemblea di fine anno, nella splendida cornice della Scuola Grande della Misericordia a Venezia. Nominato anche il nuovo Consiglio di Presidenza, composto dai Vicepresidenti Sabrina Paulon, Massimo Barberis, da quest\u2019anno Presidente del Gruppo Lenti ANFAO, Davide Degl\u2019Incerti Tocci, Presidente del Gruppo Giovani ANFAO, Nicola Belli e Michele Gasparini. Invitato di diritto il Past-President. Il Consiglio sar\u00e0 poi affiancato da altri delegati per specifiche attivit\u00e0: Enrico Tormen, Renato Sopracolle e Paolo Pettazzoni sono stati confermati rispettivamente alla Commissione Tecnica, Eurom1 e Commissione Difesa Vista.\u00a0 \u00a0Lorraine Berton, gi\u00e0 Vicepresidente ANFAO con delega alle Relazioni Industriali, ha una grande esperienza nel settore. Imprenditrice, \u00e8 titolare, con la sorella Elena, dell\u2019azienda ARLECCHINO SRL che produce occhiali da 35 anni e della TWO B SRL. Expertise anche nel Sistema Confindustriale, dove ricopre ad oggi anche la carica di Presidente di Confindustria Belluno Dolomiti. Presidente, inoltre, dell\u2019Ente Bilaterale Occhialeria e della Commissione Sindacale ANFAO ha deciso, per spirito di servizio e consapevole di poter svolgere un lavoro importante, di mettersi a disposizione del Sistema. <em>\u201cTrasparenza, coinvolgimento, innovazione e qualit\u00e0 sono i valori fondanti delle presidenze che mi hanno preceduto e che mi accompagnano da sempre nella mia esperienza nel Sistema Confindustria. La mia missione <\/em>\u2013 ha dichiarato la neoeletta Presidente di ANFAO \u2013 <em>\u00e8 continuare su questa strada di eccellenza, rafforzando tali principi e adattandoli alle sfide che il nostro settore e il mondo in generale ci pongono e ci porranno davanti nei prossimi 4 anni.\u00a0 <\/em><em>Il programma della squadra che guider\u00f2 \u00e8 il risultato di un&#8217;analisi approfondita di ci\u00f2 che abbiamo vissuto e affrontato nel recente passato. <\/em>\u2013 ha poi aggiunto. \u2013 <em>Abbiamo imparato che la velocit\u00e0 del mercato non \u00e8 pi\u00f9 l&#8217;unico aspetto da considerare; dobbiamo affrontare la &#8220;stabilit\u00e0 dell&#8217;incertezza&#8221; e riconoscere l&#8217;interconnessione sempre pi\u00f9 evidente tra ambiente, economia, politica e sociale. In questo contesto, dobbiamo impegnarci seriamente in una transizione costante verso lo sviluppo sostenibile\u201d. <\/em>Relativamente al programma presentato sono state individuate alcune direttrici principali che andranno a definire la strategia della Presidenza ANFAO 2023-2027. Queste saranno incentrate principalmente sulla valorizzazione del Sistema associativo nel suo complesso, della manifattura e del Made in Italy. Un grande impegno sar\u00e0 riservato al consolidamento delle Relazioni Industriali con un particolare focus sulla formazione. Saranno potenziate le Relazioni Istituzionali nazionali e internazionali e ci si focalizzer\u00e0 sul presidio del mercato interno e sull\u2019incremento delle relazioni con la distribuzione e la classe medica. Altrettanto sostanziali saranno il presidio della normazione e della certificazione e il rafforzamento dell\u2019analisi dei mercati e dell\u2019internazionalizzazione. Fondamentale sar\u00e0 inoltre attrarre giovani imprenditori e operare in un\u2019ottica di innovazione e digitalizzazione. Una particolare attenzione sar\u00e0 posta alla sostenibilit\u00e0, attraverso il supporto alle imprese e alla politica di settore in termini di ESG. <em>\u201cLa maggior attenzione alla sostenibilit\u00e0, su cui ANFAO sta investendo e investir\u00e0 molto,<\/em> \u2013 ha spiegato Lorraine Berton \u2013 <em>potr\u00e0 dare ulteriore forza al Made in Italy dell\u2019occhialeria, potendo garantire come marchio anche una maggior sostenibilit\u00e0 ambientale e sociale\u201d.\u00a0<\/em><\/p>\n<p>&nbsp;<\/p>\n<p>&nbsp;<\/p>\n<p>*********<\/p>\n","protected":false},"excerpt":{"rendered":"<p>MILANO Lorraine Berton \u00e8 stata eletta alla guida di ANFAO, l\u2019Associazione Nazionale Fabbricanti Articoli Ottici. La nuova Presidente, prima donna al vertice, che guider\u00e0 l\u2019Associazione per i prossimi 4 anni, succede a Giovanni Vitaloni, che ha ricoperto la carica dal 2017. La nomina si \u00e8 svolta in occasione dell\u2019Assemblea di fine anno, nella splendida cornice&hellip;<\/p>\n","protected":false},"author":4,"featured_media":363123,"comment_status":"closed","ping_status":"closed","sticky":false,"template":"","format":"standard","meta":{"_monsterinsights_skip_tracking":false,"_monsterinsights_sitenote_active":false,"_monsterinsights_sitenote_note":"","_monsterinsights_sitenote_category":0,"footnotes":""},"categories":[104,49],"tags":[],"class_list":["post-363122","post","type-post","status-publish","format-standard","has-post-thumbnail","hentry","category-evidenza_3","category-news-18","category-104","category-49","description-off"],"img_url":"https:\/\/www.radiopiu.net\/wordpress\/wp-content\/uploads\/2023\/11\/DSC_7330_square-scaled.jpg","_links":{"self":[{"href":"https:\/\/www.radiopiu.net\/wordpress\/wp-json\/wp\/v2\/posts\/363122","targetHints":{"allow":["GET"]}}],"collection":[{"href":"https:\/\/www.radiopiu.net\/wordpress\/wp-json\/wp\/v2\/posts"}],"about":[{"href":"https:\/\/www.radiopiu.net\/wordpress\/wp-json\/wp\/v2\/types\/post"}],"author":[{"embeddable":true,"href":"https:\/\/www.radiopiu.net\/wordpress\/wp-json\/wp\/v2\/users\/4"}],"replies":[{"embeddable":true,"href":"https:\/\/www.radiopiu.net\/wordpress\/wp-json\/wp\/v2\/comments?post=363122"}],"version-history":[{"count":0,"href":"https:\/\/www.radiopiu.net\/wordpress\/wp-json\/wp\/v2\/posts\/363122\/revisions"}],"wp:featuredmedia":[{"embeddable":true,"href":"https:\/\/www.radiopiu.net\/wordpress\/wp-json\/wp\/v2\/media\/363123"}],"wp:attachment":[{"href":"https:\/\/www.radiopiu.net\/wordpress\/wp-json\/wp\/v2\/media?parent=363122"}],"wp:term":[{"taxonomy":"category","embeddable":true,"href":"https:\/\/www.radiopiu.net\/wordpress\/wp-json\/wp\/v2\/categories?post=363122"},{"taxonomy":"post_tag","embeddable":true,"href":"https:\/\/www.radiopiu.net\/wordpress\/wp-json\/wp\/v2\/tags?post=363122"}],"curies":[{"name":"wp","href":"https:\/\/api.w.org\/{rel}","templated":true}]}}