{"id":363184,"date":"2023-11-27T05:32:26","date_gmt":"2023-11-27T04:32:26","guid":{"rendered":"https:\/\/www.radiopiu.net\/wordpress\/?p=363184"},"modified":"2023-11-27T05:45:37","modified_gmt":"2023-11-27T04:45:37","slug":"appia-cna-belluno-impegnata-contro-la-violenza-di-genere-nuovo-logo-e-newsletter-speciale","status":"publish","type":"post","link":"https:\/\/www.radiopiu.net\/wordpress\/appia-cna-belluno-impegnata-contro-la-violenza-di-genere-nuovo-logo-e-newsletter-speciale\/","title":{"rendered":"APPIA CNA BELLUNO IMPEGNATA CONTRO LA VIOLENZA DI GENERE: NUOVO LOGO E NEWSLETTER SPECIALE"},"content":{"rendered":"<p>&nbsp;<\/p>\n<p>***<\/p>\n<p>&nbsp;<\/p>\n<p><a class=\"dt-pswp-item\" href=\"https:\/\/www.radiopiu.net\/wordpress\/wp-content\/uploads\/2023\/11\/Logo-Appia-in-rosso.jpg\" data-dt-img-description=\"\" data-large_image_width=\"480\" data-large_image_height=\"480\"><img loading=\"lazy\" decoding=\"async\" class=\" wp-image-363186 alignleft\" src=\"https:\/\/www.radiopiu.net\/wordpress\/wp-content\/uploads\/2023\/11\/Logo-Appia-in-rosso-300x300.jpg\" alt=\"\" width=\"238\" height=\"238\" srcset=\"https:\/\/www.radiopiu.net\/wordpress\/wp-content\/uploads\/2023\/11\/Logo-Appia-in-rosso-300x300.jpg 300w, https:\/\/www.radiopiu.net\/wordpress\/wp-content\/uploads\/2023\/11\/Logo-Appia-in-rosso-150x150.jpg 150w, https:\/\/www.radiopiu.net\/wordpress\/wp-content\/uploads\/2023\/11\/Logo-Appia-in-rosso.jpg 480w\" sizes=\"auto, (max-width: 238px) 100vw, 238px\" \/><\/a>BELLUNO In occasione della Giornata Internazionale per l&#8217;Eliminazione della Violenza sulle Donne, Appia CNA Belluno si unisce alla lotta contro la violenza di genere. In collaborazione con il Comitato Imprese Donna, l&#8217;associazione ha lanciato una newsletter dedicata, evidenziando la necessit\u00e0 di affrontare le molteplici forme di violenza. Il logo dell&#8217;associazione ha subito una trasformazione simbolica, con la lettera &#8220;A&#8221; in rosso, in omaggio a Giulia Cecchettin e a tutte le donne vittime di violenza. Questa versione sar\u00e0 utilizzata nelle comunicazioni istituzionali come segno di solidariet\u00e0. La newsletter affronta il tema delle disparit\u00e0 di genere nei luoghi di lavoro, evidenziando abusi verbali, disparit\u00e0 salariale e carichi di cura. Si lancia un appello a tutte le imprese bellunesi affinch\u00e9 si impegnino a ridurre queste disparit\u00e0, presentando anche incentivi e agevolazioni. Un sondaggio condotto tra i dipendenti di Appia CNA Belluno ha rivelato una consapevolezza crescente delle disparit\u00e0 di genere, specialmente tra gli uomini oltre i 40 anni. Anche se gli over 50 notano miglioramenti, si evidenzia la necessit\u00e0 di ulteriori azioni di sensibilizzazione. La newsletter chiude sottolineando che la violenza di genere \u00e8 solo la punta dell&#8217;iceberg, e sottolinea l&#8217;importanza del coinvolgimento della politica, delle istituzioni e delle imprese nella lotta contro questo fenomeno complesso. Questa iniziativa segue altre azioni del Comitato Imprese Donna, evidenziando l&#8217;impegno costante nel promuovere la parit\u00e0 di genere.<\/p>\n<p>__<\/p>\n","protected":false},"excerpt":{"rendered":"<p>&nbsp; *** &nbsp; BELLUNO In occasione della Giornata Internazionale per l&#8217;Eliminazione della Violenza sulle Donne, Appia CNA Belluno si unisce alla lotta contro la violenza di genere. In collaborazione con il Comitato Imprese Donna, l&#8217;associazione ha lanciato una newsletter dedicata, evidenziando la necessit\u00e0 di affrontare le molteplici forme di violenza. Il logo dell&#8217;associazione ha subito&hellip;<\/p>\n","protected":false},"author":4,"featured_media":363186,"comment_status":"closed","ping_status":"closed","sticky":false,"template":"","format":"standard","meta":{"_monsterinsights_skip_tracking":false,"_monsterinsights_sitenote_active":false,"_monsterinsights_sitenote_note":"","_monsterinsights_sitenote_category":0,"footnotes":""},"categories":[51,49],"tags":[],"class_list":["post-363184","post","type-post","status-publish","format-standard","has-post-thumbnail","hentry","category-evidenza-top","category-news-18","category-51","category-49","description-off"],"img_url":"https:\/\/www.radiopiu.net\/wordpress\/wp-content\/uploads\/2023\/11\/Logo-Appia-in-rosso.jpg","_links":{"self":[{"href":"https:\/\/www.radiopiu.net\/wordpress\/wp-json\/wp\/v2\/posts\/363184","targetHints":{"allow":["GET"]}}],"collection":[{"href":"https:\/\/www.radiopiu.net\/wordpress\/wp-json\/wp\/v2\/posts"}],"about":[{"href":"https:\/\/www.radiopiu.net\/wordpress\/wp-json\/wp\/v2\/types\/post"}],"author":[{"embeddable":true,"href":"https:\/\/www.radiopiu.net\/wordpress\/wp-json\/wp\/v2\/users\/4"}],"replies":[{"embeddable":true,"href":"https:\/\/www.radiopiu.net\/wordpress\/wp-json\/wp\/v2\/comments?post=363184"}],"version-history":[{"count":0,"href":"https:\/\/www.radiopiu.net\/wordpress\/wp-json\/wp\/v2\/posts\/363184\/revisions"}],"wp:featuredmedia":[{"embeddable":true,"href":"https:\/\/www.radiopiu.net\/wordpress\/wp-json\/wp\/v2\/media\/363186"}],"wp:attachment":[{"href":"https:\/\/www.radiopiu.net\/wordpress\/wp-json\/wp\/v2\/media?parent=363184"}],"wp:term":[{"taxonomy":"category","embeddable":true,"href":"https:\/\/www.radiopiu.net\/wordpress\/wp-json\/wp\/v2\/categories?post=363184"},{"taxonomy":"post_tag","embeddable":true,"href":"https:\/\/www.radiopiu.net\/wordpress\/wp-json\/wp\/v2\/tags?post=363184"}],"curies":[{"name":"wp","href":"https:\/\/api.w.org\/{rel}","templated":true}]}}