{"id":363248,"date":"2023-11-26T18:33:15","date_gmt":"2023-11-26T17:33:15","guid":{"rendered":"https:\/\/www.radiopiu.net\/wordpress\/?p=363248"},"modified":"2023-11-26T18:33:15","modified_gmt":"2023-11-26T17:33:15","slug":"dicembre-a-santa-lucia-longano-di-sedico-tra-sapori-musica-e-cultura","status":"publish","type":"post","link":"https:\/\/www.radiopiu.net\/wordpress\/dicembre-a-santa-lucia-longano-di-sedico-tra-sapori-musica-e-cultura\/","title":{"rendered":"Dicembre a Santa Lucia Longano di Sedico: Tra Sapori, Musica e Cultura"},"content":{"rendered":"<p>***<\/p>\n<p>&nbsp;<\/p>\n<p>&nbsp;<\/p>\n<p><strong><a class=\"dt-pswp-item\" href=\"https:\/\/www.radiopiu.net\/wordpress\/wp-content\/uploads\/2023\/11\/Senza-nome-138.png\" data-dt-img-description=\"\" data-large_image_width=\"260\" data-large_image_height=\"194\"><img loading=\"lazy\" decoding=\"async\" class=\"size-full wp-image-363249 alignleft\" src=\"https:\/\/www.radiopiu.net\/wordpress\/wp-content\/uploads\/2023\/11\/Senza-nome-138.png\" alt=\"\" width=\"260\" height=\"194\" \/><\/a>SEDICO<\/strong> La tradizionale sagra di Santa Lucia Longano di Sedico \u00e8 pronta a illuminare il mese di dicembre con un programma ricco e coinvolgente. Dal 7 al 10 dicembre, l&#8217;evento proporr\u00e0 una variet\u00e0 di esperienze gastronomiche, ricreative e culturali. L&#8217;aspetto culinario spicca con prelibatezze come bigoli in salsa e birra artigianale Triches gioved\u00ec sera, il consueto baccal\u00e0 con polenta venerd\u00ec, costicine americane sabato e il goloso gulash con polenta a pranzo domenica. Ogni giorno, la possibilit\u00e0 di gustare trippe in rosso, sarde in saor con polenta bianca, pastin, schiz, accompagnati dai vini dell&#8217;enoteca o dalla birra artigianale. Il 9 dicembre, una degustazione di vini e formaggi della Valbelluna in collaborazione con Onaf arricchisce l&#8217;offerta (prenotazioni al 3206568713).<\/p>\n<div class=\"flex-1 overflow-hidden\">\n<div class=\"react-scroll-to-bottom--css-vvpym-79elbk h-full\">\n<div class=\"react-scroll-to-bottom--css-vvpym-1n7m0yu\">\n<div class=\"flex flex-col text-sm gizmo:pb-9 dark:bg-gray-800 gizmo:dark:bg-transparent\">\n<div class=\"w-full text-token-text-primary border-b border-black\/10 gizmo:border-0 dark:border-gray-900\/50 gizmo:dark:border-0 bg-gray-50 gizmo:bg-transparent dark:bg-[#444654] gizmo:dark:bg-transparent\" data-testid=\"conversation-turn-7\">\n<div class=\"p-4 gizmo:py-2 justify-center text-base md:gap-6 md:py-6 m-auto\">\n<div class=\"flex flex-1 gap-4 text-base mx-auto md:gap-6 gizmo:gap-3 gizmo:md:px-5 gizmo:lg:px-1 gizmo:xl:px-5 md:max-w-2xl lg:max-w-[38rem] gizmo:md:max-w-3xl gizmo:lg:max-w-[40rem] gizmo:xl:max-w-[48rem] xl:max-w-3xl } group final-completion\">\n<div class=\"relative flex w-[calc(100%-50px)] flex-col gizmo:w-full lg:w-[calc(100%-115px)] agent-turn\">\n<div class=\"flex-col gap-1 md:gap-3\">\n<div class=\"flex flex-grow flex-col max-w-full gap-3 gizmo:gap-0\">\n<div class=\"min-h-[20px] text-message flex flex-col items-start gap-3 whitespace-pre-wrap break-words [.text-message+&amp;]:mt-5 overflow-x-auto\" data-message-author-role=\"assistant\" data-message-id=\"661d6feb-d426-4956-868d-803a7f18ab1d\">\n<div class=\"markdown prose w-full break-words dark:prose-invert dark\">\n<p>Le serate si animano con la Spritz Band il gioved\u00ec, il ballo liscio dei Voyagers Orchestra il venerd\u00ec e lo spettacolo dei Gran Caf\u00e8 Italia il sabato. L&#8217;attivit\u00e0 culturale \u00e8 altrettanto densa: &#8220;Sedico d\u2019altri tempi&#8221; sar\u00e0 la mostra ospitata al piano superiore, inaugurata gioved\u00ec alle 18.30. Venerd\u00ec mattina alle 10.30, presentazione del libro &#8220;La Strada Romano Feltre \u2013 Belluno passava per Longano&#8221; a cura di Gianni De Vecchi e Fausto Tormen. Nel pomeriggio alle 17.30, il gruppo &#8220;Le Cantastorie di Natale&#8221; dell\u2019Accademia Teatrale Lorenzo Da Ponte presenter\u00e0 la lettura animata &#8220;Storia del Grinch&#8221;. A sottolineare l&#8217;aspetto religioso, la Santa Messa sar\u00e0 celebrata sotto il tendone domenica alle 10.45. Un evento che unisce tradizione, gusto e cultura per un dicembre indimenticabile a Santa Lucia Longano di Sedico.<\/p>\n<\/div>\n<\/div>\n<\/div>\n<\/div>\n<hr \/>\n<\/div>\n<\/div>\n<\/div>\n<\/div>\n<\/div>\n<\/div>\n<\/div>\n<\/div>\n<div class=\"w-full pt-2 md:pt-0 border-t md:border-t-0 gizmo:border-t-0 dark:border-white\/20 md:border-transparent md:dark:border-transparent md:pl-2 gizmo:pl-0 gizmo:md:pl-0 md:w-[calc(100%-.5rem)]\">\n<form class=\"stretch mx-2 flex flex-row gap-3 last:mb-2 md:mx-4 md:last:mb-6 lg:mx-auto lg:max-w-2xl xl:max-w-3xl\">\n<div class=\"relative flex h-full flex-1 items-stretch md:flex-col\">\n<div class=\"flex w-full items-center\"><\/div>\n<\/div>\n<\/form>\n<\/div>\n","protected":false},"excerpt":{"rendered":"<p>*** &nbsp; &nbsp; SEDICO La tradizionale sagra di Santa Lucia Longano di Sedico \u00e8 pronta a illuminare il mese di dicembre con un programma ricco e coinvolgente. Dal 7 al 10 dicembre, l&#8217;evento proporr\u00e0 una variet\u00e0 di esperienze gastronomiche, ricreative e culturali. L&#8217;aspetto culinario spicca con prelibatezze come bigoli in salsa e birra artigianale Triches&hellip;<\/p>\n","protected":false},"author":4,"featured_media":363249,"comment_status":"closed","ping_status":"closed","sticky":false,"template":"","format":"standard","meta":{"_monsterinsights_skip_tracking":false,"_monsterinsights_sitenote_active":false,"_monsterinsights_sitenote_note":"","_monsterinsights_sitenote_category":0,"footnotes":""},"categories":[49],"tags":[],"class_list":["post-363248","post","type-post","status-publish","format-standard","has-post-thumbnail","hentry","category-news-18","category-49","description-off"],"img_url":"https:\/\/www.radiopiu.net\/wordpress\/wp-content\/uploads\/2023\/11\/Senza-nome-138.png","_links":{"self":[{"href":"https:\/\/www.radiopiu.net\/wordpress\/wp-json\/wp\/v2\/posts\/363248","targetHints":{"allow":["GET"]}}],"collection":[{"href":"https:\/\/www.radiopiu.net\/wordpress\/wp-json\/wp\/v2\/posts"}],"about":[{"href":"https:\/\/www.radiopiu.net\/wordpress\/wp-json\/wp\/v2\/types\/post"}],"author":[{"embeddable":true,"href":"https:\/\/www.radiopiu.net\/wordpress\/wp-json\/wp\/v2\/users\/4"}],"replies":[{"embeddable":true,"href":"https:\/\/www.radiopiu.net\/wordpress\/wp-json\/wp\/v2\/comments?post=363248"}],"version-history":[{"count":0,"href":"https:\/\/www.radiopiu.net\/wordpress\/wp-json\/wp\/v2\/posts\/363248\/revisions"}],"wp:featuredmedia":[{"embeddable":true,"href":"https:\/\/www.radiopiu.net\/wordpress\/wp-json\/wp\/v2\/media\/363249"}],"wp:attachment":[{"href":"https:\/\/www.radiopiu.net\/wordpress\/wp-json\/wp\/v2\/media?parent=363248"}],"wp:term":[{"taxonomy":"category","embeddable":true,"href":"https:\/\/www.radiopiu.net\/wordpress\/wp-json\/wp\/v2\/categories?post=363248"},{"taxonomy":"post_tag","embeddable":true,"href":"https:\/\/www.radiopiu.net\/wordpress\/wp-json\/wp\/v2\/tags?post=363248"}],"curies":[{"name":"wp","href":"https:\/\/api.w.org\/{rel}","templated":true}]}}