{"id":363291,"date":"2023-11-27T05:38:57","date_gmt":"2023-11-27T04:38:57","guid":{"rendered":"https:\/\/www.radiopiu.net\/wordpress\/?p=363291"},"modified":"2023-11-27T05:41:22","modified_gmt":"2023-11-27T04:41:22","slug":"incidente-notturno-sulla-51-di-alemagna-conducente-bellunese-coinvolto","status":"publish","type":"post","link":"https:\/\/www.radiopiu.net\/wordpress\/incidente-notturno-sulla-51-di-alemagna-conducente-bellunese-coinvolto\/","title":{"rendered":"Incidente Notturno sulla 51 di Alemagna: Conducente Bellunese Coinvolto"},"content":{"rendered":"<div>\n<h2>***<\/h2>\n<\/div>\n<h2><\/h2>\n<div>\n<p><strong><a class=\"dt-pswp-item\" href=\"https:\/\/www.radiopiu.net\/wordpress\/wp-content\/uploads\/2023\/11\/vgili-fuoco.png\" data-dt-img-description=\"\" data-large_image_width=\"350\" data-large_image_height=\"211\"><img loading=\"lazy\" decoding=\"async\" class=\" wp-image-363290 alignleft\" src=\"https:\/\/www.radiopiu.net\/wordpress\/wp-content\/uploads\/2023\/11\/vgili-fuoco-300x181.png\" alt=\"\" width=\"227\" height=\"137\" srcset=\"https:\/\/www.radiopiu.net\/wordpress\/wp-content\/uploads\/2023\/11\/vgili-fuoco-300x181.png 300w, https:\/\/www.radiopiu.net\/wordpress\/wp-content\/uploads\/2023\/11\/vgili-fuoco.png 350w\" sizes=\"auto, (max-width: 227px) 100vw, 227px\" \/><\/a>BELLUNO<\/strong> Il 36enne ha perso il controllo della sua auto nella notte, finendo contro il guard rail a Santa Croce del Lago sulla 51 di Alemagna. L&#8217;incidente \u00e8 avvenuto poco prima dell&#8217;una. L&#8217;ambulanza del 118 \u00e8 intervenuta sul posto per soccorrere il conducente, riportando traumi inizialmente descritti come di lieve entit\u00e0. Nonostante la diagnosi iniziale, al Pronto Soccorso dell&#8217;ospedale San Martino \u00e8 stato indicato un codice 2, indicante traumi di media gravit\u00e0. Dopo le cure iniziali, i vigili del fuoco di Belluno hanno messo in sicurezza il veicolo e ripulito la carreggiata da detriti. I carabinieri, intervenuti per i rilievi, potrebbero aver richiesto il prelievo del sangue per l&#8217;alcoltest. Le cause dell&#8217;incidente sono ancora in fase di indagine, e potrebbe essere stato causato anche da un colpo di sonno.<\/p>\n<p>&nbsp;<\/p>\n<hr \/>\n<p>&nbsp;<\/p>\n<\/div>\n","protected":false},"excerpt":{"rendered":"<p>*** BELLUNO Il 36enne ha perso il controllo della sua auto nella notte, finendo contro il guard rail a Santa Croce del Lago sulla 51 di Alemagna. L&#8217;incidente \u00e8 avvenuto poco prima dell&#8217;una. L&#8217;ambulanza del 118 \u00e8 intervenuta sul posto per soccorrere il conducente, riportando traumi inizialmente descritti come di lieve entit\u00e0. Nonostante la diagnosi&hellip;<\/p>\n","protected":false},"author":4,"featured_media":363290,"comment_status":"closed","ping_status":"closed","sticky":false,"template":"","format":"standard","meta":{"_monsterinsights_skip_tracking":false,"_monsterinsights_sitenote_active":false,"_monsterinsights_sitenote_note":"","_monsterinsights_sitenote_category":0,"footnotes":""},"categories":[51,49],"tags":[],"class_list":["post-363291","post","type-post","status-publish","format-standard","has-post-thumbnail","hentry","category-evidenza-top","category-news-18","category-51","category-49","description-off"],"img_url":"https:\/\/www.radiopiu.net\/wordpress\/wp-content\/uploads\/2023\/11\/vgili-fuoco.png","_links":{"self":[{"href":"https:\/\/www.radiopiu.net\/wordpress\/wp-json\/wp\/v2\/posts\/363291","targetHints":{"allow":["GET"]}}],"collection":[{"href":"https:\/\/www.radiopiu.net\/wordpress\/wp-json\/wp\/v2\/posts"}],"about":[{"href":"https:\/\/www.radiopiu.net\/wordpress\/wp-json\/wp\/v2\/types\/post"}],"author":[{"embeddable":true,"href":"https:\/\/www.radiopiu.net\/wordpress\/wp-json\/wp\/v2\/users\/4"}],"replies":[{"embeddable":true,"href":"https:\/\/www.radiopiu.net\/wordpress\/wp-json\/wp\/v2\/comments?post=363291"}],"version-history":[{"count":0,"href":"https:\/\/www.radiopiu.net\/wordpress\/wp-json\/wp\/v2\/posts\/363291\/revisions"}],"wp:featuredmedia":[{"embeddable":true,"href":"https:\/\/www.radiopiu.net\/wordpress\/wp-json\/wp\/v2\/media\/363290"}],"wp:attachment":[{"href":"https:\/\/www.radiopiu.net\/wordpress\/wp-json\/wp\/v2\/media?parent=363291"}],"wp:term":[{"taxonomy":"category","embeddable":true,"href":"https:\/\/www.radiopiu.net\/wordpress\/wp-json\/wp\/v2\/categories?post=363291"},{"taxonomy":"post_tag","embeddable":true,"href":"https:\/\/www.radiopiu.net\/wordpress\/wp-json\/wp\/v2\/tags?post=363291"}],"curies":[{"name":"wp","href":"https:\/\/api.w.org\/{rel}","templated":true}]}}