{"id":363335,"date":"2023-11-27T05:37:07","date_gmt":"2023-11-27T04:37:07","guid":{"rendered":"https:\/\/www.radiopiu.net\/wordpress\/?p=363335"},"modified":"2023-11-27T05:41:50","modified_gmt":"2023-11-27T04:41:50","slug":"chef-de-pra-del-dolada-chiude-lallevamento-di-pecore-a-causa-dei-lupi","status":"publish","type":"post","link":"https:\/\/www.radiopiu.net\/wordpress\/chef-de-pra-del-dolada-chiude-lallevamento-di-pecore-a-causa-dei-lupi\/","title":{"rendered":"Chef De Pra del Dolada Chiude l&#8217;Allevamento di Pecore a Causa dei Lupi"},"content":{"rendered":"<h2>***<\/h2>\n<p>&nbsp;<\/p>\n<p><strong><a class=\"dt-pswp-item\" href=\"https:\/\/www.radiopiu.net\/wordpress\/wp-content\/uploads\/2023\/11\/406027656_741893954643594_1753874664720059661_n.jpg\" data-dt-img-description=\"\" data-large_image_width=\"773\" data-large_image_height=\"509\"><img loading=\"lazy\" decoding=\"async\" class=\" wp-image-363334 alignleft\" src=\"https:\/\/www.radiopiu.net\/wordpress\/wp-content\/uploads\/2023\/11\/406027656_741893954643594_1753874664720059661_n-300x198.jpg\" alt=\"\" width=\"226\" height=\"149\" srcset=\"https:\/\/www.radiopiu.net\/wordpress\/wp-content\/uploads\/2023\/11\/406027656_741893954643594_1753874664720059661_n-300x198.jpg 300w, https:\/\/www.radiopiu.net\/wordpress\/wp-content\/uploads\/2023\/11\/406027656_741893954643594_1753874664720059661_n-768x506.jpg 768w, https:\/\/www.radiopiu.net\/wordpress\/wp-content\/uploads\/2023\/11\/406027656_741893954643594_1753874664720059661_n.jpg 773w\" sizes=\"auto, (max-width: 226px) 100vw, 226px\" \/><\/a>ALPAGO<\/strong> Il celebre chef Riccardo De Pra del ristorante stellato &#8220;Dolada&#8221; di Plois, nell&#8217;Alpago, ha annunciato la chiusura dell&#8217;allevamento di pecore e agnelli alpagoti a causa delle continue predazioni da parte dei lupi. De Pra ha dichiarato che la frustrazione di fronte all&#8217;assenza di azioni da parte degli enti preposti \u00e8 troppo grande, portandolo a chiudere definitivamente l&#8217;attivit\u00e0 di allevamento della &#8220;razza Alpago&#8221;. L&#8217;episodio segna un duro colpo per l&#8217;allevamento tradizionale di pecore e agnelli tipici dell&#8217;Alpago. De Pra, rinomato per la sua cucina di alta qualit\u00e0, ha annunciato che d&#8217;ora in avanti importer\u00e0 agnelli francesi. Il gesto rappresenta una protesta contro l&#8217;inazione delle autorit\u00e0 locali nel gestire il problema dei lupi e una dimostrazione di solidariet\u00e0 agli allevatori francesi. L&#8217;annuncio di De Pra ha suscitato reazioni e riflessioni sulla gestione della presenza dei lupi e sulle politiche ambientali connesse, mettendo in luce le sfide che gli allevatori locali affrontano in questo contesto.<\/p>\n<p>&nbsp;<\/p>\n<p><a class=\"dt-pswp-item\" href=\"https:\/\/www.radiopiu.net\/wordpress\/wp-content\/uploads\/2023\/11\/326419367_504945238209567_7521862022809139762_n.png\" data-dt-img-description=\"\" data-large_image_width=\"533\" data-large_image_height=\"533\"><img loading=\"lazy\" decoding=\"async\" class=\"wp-image-363333 alignleft\" src=\"https:\/\/www.radiopiu.net\/wordpress\/wp-content\/uploads\/2023\/11\/326419367_504945238209567_7521862022809139762_n-300x300.png\" alt=\"\" width=\"157\" height=\"157\" srcset=\"https:\/\/www.radiopiu.net\/wordpress\/wp-content\/uploads\/2023\/11\/326419367_504945238209567_7521862022809139762_n-300x300.png 300w, https:\/\/www.radiopiu.net\/wordpress\/wp-content\/uploads\/2023\/11\/326419367_504945238209567_7521862022809139762_n-150x150.png 150w, https:\/\/www.radiopiu.net\/wordpress\/wp-content\/uploads\/2023\/11\/326419367_504945238209567_7521862022809139762_n.png 533w\" sizes=\"auto, (max-width: 157px) 100vw, 157px\" \/><\/a><strong>FACEBOOK_<\/strong> Questa notte le ultime pecore e agnelli del nostro allevamento sono state sbranate dal lupo. Dopo questo ennesimo episodio termina l\u2019attivit\u00e0 di allevamento della \u201crazza Alpago\u201d nell\u2019Azienda Agricola Doladino poich\u00e8, la frustrazione di veder proseguire questo scempio ,senza nessuna azione da parte degli enti preposti, \u00e8 troppo grande . Vi ricordo che gli stessi enti sono pagati da noi contribuenti per non intervenire o addirittura per lavorare la notte per sparare dei pallini di gomma atti a \u201c spaventare il lupo\u201d . In merito all\u2019idiozia politica promotrice dell\u2019 inserimento del lupo nelle nostre vallate proprio non ne voglio neanche parlare inquanto le mie offese potrebbero non essere sufficienti a rendere giustizia. Da oggi termina anche l\u2019utilizzo e la promozione dell\u2019agnello dell\u2019 Alpago da parte del ristorante @Dolada1921 nonostante esso sia tra i fondatori di questo presidio. Da ora utilizzeremo agnello francese \u201cmanex t\u00eate noire\u201d per ricordare agli allevatori locali che se questi fatti succedessero in Francia, gli allevatori francesi porterebbero i loro greggi a pascolare\/protestare sull\u2019autostrada che porta verso <a class=\"x1i10hfl xjbqb8w x6umtig x1b1mbwd xaqea5y xav7gou x9f619 x1ypdohk xt0psk2 xe8uvvx xdj266r x11i5rnm xat24cr x1mh8g0r xexx8yu x4uap5 x18d9i69 xkhd6sd x16tdsg8 x1hl2dhg xggy1nq x1a2a7pz xt0b8zv x1qq9wsj xo1l8bm\" tabindex=\"0\" role=\"link\" href=\"https:\/\/www.facebook.com\/hashtag\/milanocortina2026?__eep__=6&amp;__cft__[0]=AZVUZOAva9v-jGvljk_OgeUsHhaZX8XX2KK4ePOTHx6j8THB03Q9-BE56n6-3rgx10bp_i_XIBBFTRVluawc2fFLF2P1pqKTUDGvD8IvAG9ONZToQISojYghro1Zgd4NB8YY-YnFlbtDtLQdkhsyogWds4Mu8J1NL6211T2oHjKKjTLG0O42NhmFR6e3mgk-7Vg&amp;__tn__=*NK-R\">#MilanoCortina2026<\/a> e non resterebbero a belare su Facebook come delle pecore intimorite.<\/p>\n<div class=\"x11i5rnm xat24cr x1mh8g0r x1vvkbs xtlvy1s x126k92a\">\n<div dir=\"auto\"><strong>Riccardo de pra<\/strong><\/div>\n<\/div>\n<div class=\"flex-1 overflow-hidden\">\n<div class=\"react-scroll-to-bottom--css-nigxr-79elbk h-full\">\n<div class=\"react-scroll-to-bottom--css-nigxr-1n7m0yu\">\n<div class=\"flex flex-col text-sm gizmo:pb-9 dark:bg-gray-800 gizmo:dark:bg-transparent\">\n<div class=\"w-full text-token-text-primary border-b border-black\/10 gizmo:border-0 dark:border-gray-900\/50 gizmo:dark:border-0 bg-gray-50 gizmo:bg-transparent dark:bg-[#444654] gizmo:dark:bg-transparent\" data-testid=\"conversation-turn-21\">\n<div class=\"p-4 gizmo:py-2 justify-center text-base md:gap-6 md:py-6 m-auto\">\n<div class=\"flex flex-1 gap-4 text-base mx-auto md:gap-6 gizmo:gap-3 gizmo:md:px-5 gizmo:lg:px-1 gizmo:xl:px-5 md:max-w-2xl lg:max-w-[38rem] gizmo:md:max-w-3xl gizmo:lg:max-w-[40rem] gizmo:xl:max-w-[48rem] xl:max-w-3xl } group final-completion\">\n<div class=\"relative flex w-[calc(100%-50px)] flex-col gizmo:w-full lg:w-[calc(100%-115px)] agent-turn\">\n<div class=\"flex-col gap-1 md:gap-3\">\n<div class=\"flex justify-between empty:hidden gizmo:mt-1 gizmo:justify-start gizmo:gap-3 lg:block gizmo:lg:flex\"><\/div>\n<\/div>\n<\/div>\n<\/div>\n<\/div>\n<\/div>\n<\/div>\n<\/div>\n<\/div>\n<\/div>\n<div class=\"w-full pt-2 md:pt-0 border-t md:border-t-0 gizmo:border-t-0 dark:border-white\/20 md:border-transparent md:dark:border-transparent md:pl-2 gizmo:pl-0 gizmo:md:pl-0 md:w-[calc(100%-.5rem)]\">\n<form class=\"stretch mx-2 flex flex-row gap-3 last:mb-2 md:mx-4 md:last:mb-6 lg:mx-auto lg:max-w-2xl xl:max-w-3xl\">\n<div class=\"relative flex h-full flex-1 items-stretch md:flex-col\">\n<div class=\"flex w-full items-center\"><\/div>\n<\/div>\n<\/form>\n<\/div>\n","protected":false},"excerpt":{"rendered":"<p>*** &nbsp; ALPAGO Il celebre chef Riccardo De Pra del ristorante stellato &#8220;Dolada&#8221; di Plois, nell&#8217;Alpago, ha annunciato la chiusura dell&#8217;allevamento di pecore e agnelli alpagoti a causa delle continue predazioni da parte dei lupi. De Pra ha dichiarato che la frustrazione di fronte all&#8217;assenza di azioni da parte degli enti preposti \u00e8 troppo grande,&hellip;<\/p>\n","protected":false},"author":4,"featured_media":363334,"comment_status":"closed","ping_status":"closed","sticky":false,"template":"","format":"standard","meta":{"_monsterinsights_skip_tracking":false,"_monsterinsights_sitenote_active":false,"_monsterinsights_sitenote_note":"","_monsterinsights_sitenote_category":0,"footnotes":""},"categories":[51,49],"tags":[],"class_list":["post-363335","post","type-post","status-publish","format-standard","has-post-thumbnail","hentry","category-evidenza-top","category-news-18","category-51","category-49","description-off"],"img_url":"https:\/\/www.radiopiu.net\/wordpress\/wp-content\/uploads\/2023\/11\/406027656_741893954643594_1753874664720059661_n.jpg","_links":{"self":[{"href":"https:\/\/www.radiopiu.net\/wordpress\/wp-json\/wp\/v2\/posts\/363335","targetHints":{"allow":["GET"]}}],"collection":[{"href":"https:\/\/www.radiopiu.net\/wordpress\/wp-json\/wp\/v2\/posts"}],"about":[{"href":"https:\/\/www.radiopiu.net\/wordpress\/wp-json\/wp\/v2\/types\/post"}],"author":[{"embeddable":true,"href":"https:\/\/www.radiopiu.net\/wordpress\/wp-json\/wp\/v2\/users\/4"}],"replies":[{"embeddable":true,"href":"https:\/\/www.radiopiu.net\/wordpress\/wp-json\/wp\/v2\/comments?post=363335"}],"version-history":[{"count":0,"href":"https:\/\/www.radiopiu.net\/wordpress\/wp-json\/wp\/v2\/posts\/363335\/revisions"}],"wp:featuredmedia":[{"embeddable":true,"href":"https:\/\/www.radiopiu.net\/wordpress\/wp-json\/wp\/v2\/media\/363334"}],"wp:attachment":[{"href":"https:\/\/www.radiopiu.net\/wordpress\/wp-json\/wp\/v2\/media?parent=363335"}],"wp:term":[{"taxonomy":"category","embeddable":true,"href":"https:\/\/www.radiopiu.net\/wordpress\/wp-json\/wp\/v2\/categories?post=363335"},{"taxonomy":"post_tag","embeddable":true,"href":"https:\/\/www.radiopiu.net\/wordpress\/wp-json\/wp\/v2\/tags?post=363335"}],"curies":[{"name":"wp","href":"https:\/\/api.w.org\/{rel}","templated":true}]}}