{"id":363350,"date":"2023-11-27T07:55:02","date_gmt":"2023-11-27T06:55:02","guid":{"rendered":"https:\/\/www.radiopiu.net\/wordpress\/?p=363350"},"modified":"2023-11-27T08:00:38","modified_gmt":"2023-11-27T07:00:38","slug":"dal1983-loriginale-la-rassegna-stampa-locale-e-alle-sette-del-mattino-le-anticipazioni-per-chi-va-di-fretta","status":"publish","type":"post","link":"https:\/\/www.radiopiu.net\/wordpress\/dal1983-loriginale-la-rassegna-stampa-locale-e-alle-sette-del-mattino-le-anticipazioni-per-chi-va-di-fretta\/","title":{"rendered":"dal1983 l&#8217;originale LA RASSEGNA STAMPA LOCALE E ALLE SETTE DEL MATTINO LE ANTICIPAZIONI PER CHI VA DI FRETTA"},"content":{"rendered":"<p>&nbsp;<\/p>\n<p><iframe loading=\"lazy\" title=\"DAL1983 L\u2019ORIGINALE LA RASSEGNA STAMPA LOCALE E ALLE SETTE DEL MATTINO LE ANTICIPAZIONI PER CHI VA D\" width=\"1200\" height=\"675\" src=\"https:\/\/www.youtube.com\/embed\/tGLmR6GAsqg?feature=oembed\" frameborder=\"0\" allow=\"accelerometer; autoplay; clipboard-write; encrypted-media; gyroscope; picture-in-picture; web-share\" allowfullscreen><\/iframe><\/p>\n<p>&nbsp;<\/p>\n<p>&nbsp;<\/p>\n<p>&nbsp;<\/p>\n<p>BELLUNO Nella sua casa a Levego, Belluno, \u00e8 stato scoperto il corpo senza vita di Giuseppe Conti, 34 anni, qualche giorno fa. L&#8217;uomo, che viveva da solo nelle case popolari della frazione, non era stato avvistato per alcuni giorni, innescando l&#8217;allarme tra i residenti. I vigili del fuoco sono intervenuti per aprire la porta e permettere l&#8217;accesso ai soccorritori del Suem 118.<br \/>\nCORTINA Una disputa amorosa a Cortina d&#8217;Ampezzo, risalente al 2019 durante il Cortina Fashion Weekend, si \u00e8 risolta con una sorprendente sentenza. Una donna ampezzana, sospettando un tradimento del fidanzato, ha aggredito la presunta amante con una borsetta, causando lesioni. Nonostante l&#8217;uso della violenza e il furto degli occhiali, l&#8217;avvocato difensore ha proposto una soluzione insolita: alcuni mesi di volontariato per la collettivit\u00e0. Il giudice Federico Montalto ha accettato la richiesta<br \/>\nTAIBON Erano passate da poco le 16:15 di ieri quando si sono sentiti due boati nella parte alta di Taibon. \u00c8 bastato alzare lo sguardo per capire cosa fosse successo. Una nuvola di fumo si \u00e8 alzata dal Framont dove alcuni massi si sono staccati dalla parte alta per terminare la corsa e frantumarsi nel canalone. Non \u00e8 la prima volta che con gli sbalzi di temperatura accadono questi fenomeni.<br \/>\nCALALZO Il chiosco del tennis gestito dal Bob Club di Pieve di Cadore a Calalzo \u00e8 stato distrutto da un incendio, e si sospetta che sia stato provocato intenzionalmente. La struttura, gi\u00e0 chiusa da una settimana, era stata completamente disattivata per l&#8217;inverno. I vigili del fuoco di Pieve di Cadore sono intervenuti ieri sera per spegnere le fiamme. Fortunatamente, non ci sono feriti.<br \/>\nBELLUNO Il 36enne ha perso il controllo della sua auto nella notte, finendo contro il guard rail a Santa Croce del Lago sulla 51 di Alemagna. L&#8217;incidente \u00e8 avvenuto poco prima dell&#8217;una. L&#8217;ambulanza del 118 \u00e8 intervenuta sul posto per soccorrere il conducente, riportando traumi inizialmente descritti come di lieve entit\u00e0. Nonostante la diagnosi iniziale, al Pronto Soccorso dell&#8217;ospedale San Martino \u00e8 stato indicato un codice 2, indicante traumi di media gravit\u00e0.<br \/>\nALPAGO Il celebre chef Riccardo De Pra del ristorante stellato &#8220;Dolada&#8221; di Plois, nell&#8217;Alpago, ha annunciato la chiusura dell&#8217;allevamento di pecore e agnelli alpagoti a causa delle continue predazioni da parte dei lupi. De Pra ha dichiarato che la frustrazione di fronte all&#8217;assenza di azioni da parte degli enti preposti \u00e8 troppo grande, portandolo a chiudere definitivamente l&#8217;attivit\u00e0 di allevamento della &#8220;razza Alpago&#8221;. L&#8217;episodio segna un duro colpo per l&#8217;allevamento tradizionale di pecore e agnelli tipici dell&#8217;Alpago.<br \/>\nTRICHIANA Il propietario ieri sera rientra e trova il malvivente in casa, ha provato a fermarlo ma il lestofante se l&#8217;\u00e8 data a gambe levate.\u00a0 Indavano i Carabinieri su quell&#8217;uomo che ha dribblato proprietario, moglie e bambina piccola, lanciandosi dal terrazzo. Qualche ora prima altro colpo a BorgoValbelluna, rubati preziosi. La scorsa settimana sempre di domenica a Cavarzano<br \/>\nBELLUNO ANFAO: LORRAINE BERTON E&#8217; LA NUOVA PRESIDENTE<br \/>\nBELLUNO BENEMERENZE SPORTIVE NAZIONALI A ORAZIO ZANIN E GIANNI D\u2019INC\u00c0: IL PRESIDENTE PADRIN CELEBRA L\u2019IMPEGNO NEL CALCIO LOCALE<br \/>\nA LIVINALLONGO FESTEGGIATA SANTA CECILIA PATRONA DELLA MUSICA<br \/>\nINUGURATA LA MIG A LONGARONE<br \/>\nCGIA MESTRE TREDICESIME: IN VENETO IN ARRIVO 3,7 MILIARDI DI EURO da sabato mattina la notizia pubblicata in anteprima, come ogni fine settimana, sul sito e in tutti i notiziari di RADIOPIU<br \/>\nAGORDO Il Presidente dell&#8217;Unione Montana Agordina, Paolo Frena, ha convocato il tavolo dell&#8217;Unione Montana per oggi alle 20.30. All&#8217;ordine del giorno: documento unico di programmazione, variazioni al bilancio, immobili destinati a ecocentro dell&#8217;Unione Montana Agordina, strade silvo pastorali e comunicazioni del Presidente.<br \/>\nSULLA WILLIAMS ANCHE IL NOME DI SILVIA XAIZ DI VALLADA. LA SCUDERIA RINGRAZIA I TIFOSI AD ABU DHABI<br \/>\nDOMENICA 10 DICEMBRE A BELLUNO LA WINTER RUN DEI BABBI NATALE<\/p>\n<p>CALCIO L&#8217;AGORDINA PERDE COL DOMEGGE, PIAVE CORSARO CON IL CADORE AGORDINA \u2013 DOMEGGE 0-3 &#8211; PIAVE \u2013 CADORE1919 2-0<br \/>\nGIOVANILI AGORDINA JUNIORES CASTION \u2013 AGORDINA 3-5; ALLIEVI LIMANA \u2013 AGORDINA 2-0; GIOVANISSIMI AGORDINA sq. A \u2013 LIMANA 0-0; PIAVE \u2013 AGORDINA sq. B 3-3<br \/>\nGOL AGORDINA sq. B: Arceri, 2 Campedel<br \/>\nHOCKEY SU GHIACCIO IL CALDARO VINCE AL DE TONI, COLPACCIO DEL FELTRE CON L&#8217;APPIANO ALLEGHE \u2013 CALDARO 1-5; FELTRE \u2013 APPIANO 3-2;<br \/>\nSCI Elia Barp chiude la 20 km skating in 29\u00aa posizione<br \/>\nMOTORI RECORD DI PARTECIPANTI STRANIERI AL PREALPI MASTER SHOW<br \/>\nATLETICA ALLA CA&#8217; DEL POGGIO RUN OTTIMA PROVA DI MINELLA<\/p>\n<p>&nbsp;<\/p>\n<p>&nbsp;<\/p>\n<p>&nbsp;<\/p>\n","protected":false},"excerpt":{"rendered":"<p>&nbsp; &nbsp; &nbsp; &nbsp; BELLUNO Nella sua casa a Levego, Belluno, \u00e8 stato scoperto il corpo senza vita di Giuseppe Conti, 34 anni, qualche giorno fa. L&#8217;uomo, che viveva da solo nelle case popolari della frazione, non era stato avvistato per alcuni giorni, innescando l&#8217;allarme tra i residenti. I vigili del fuoco sono intervenuti per&hellip;<\/p>\n","protected":false},"author":4,"featured_media":363351,"comment_status":"closed","ping_status":"closed","sticky":false,"template":"","format":"standard","meta":{"_monsterinsights_skip_tracking":false,"_monsterinsights_sitenote_active":false,"_monsterinsights_sitenote_note":"","_monsterinsights_sitenote_category":0,"footnotes":""},"categories":[51,49],"tags":[],"class_list":["post-363350","post","type-post","status-publish","format-standard","has-post-thumbnail","hentry","category-evidenza-top","category-news-18","category-51","category-49","description-off"],"img_url":"https:\/\/www.radiopiu.net\/wordpress\/wp-content\/uploads\/2023\/11\/Senza-nome-141.png","_links":{"self":[{"href":"https:\/\/www.radiopiu.net\/wordpress\/wp-json\/wp\/v2\/posts\/363350","targetHints":{"allow":["GET"]}}],"collection":[{"href":"https:\/\/www.radiopiu.net\/wordpress\/wp-json\/wp\/v2\/posts"}],"about":[{"href":"https:\/\/www.radiopiu.net\/wordpress\/wp-json\/wp\/v2\/types\/post"}],"author":[{"embeddable":true,"href":"https:\/\/www.radiopiu.net\/wordpress\/wp-json\/wp\/v2\/users\/4"}],"replies":[{"embeddable":true,"href":"https:\/\/www.radiopiu.net\/wordpress\/wp-json\/wp\/v2\/comments?post=363350"}],"version-history":[{"count":0,"href":"https:\/\/www.radiopiu.net\/wordpress\/wp-json\/wp\/v2\/posts\/363350\/revisions"}],"wp:featuredmedia":[{"embeddable":true,"href":"https:\/\/www.radiopiu.net\/wordpress\/wp-json\/wp\/v2\/media\/363351"}],"wp:attachment":[{"href":"https:\/\/www.radiopiu.net\/wordpress\/wp-json\/wp\/v2\/media?parent=363350"}],"wp:term":[{"taxonomy":"category","embeddable":true,"href":"https:\/\/www.radiopiu.net\/wordpress\/wp-json\/wp\/v2\/categories?post=363350"},{"taxonomy":"post_tag","embeddable":true,"href":"https:\/\/www.radiopiu.net\/wordpress\/wp-json\/wp\/v2\/tags?post=363350"}],"curies":[{"name":"wp","href":"https:\/\/api.w.org\/{rel}","templated":true}]}}