{"id":363393,"date":"2023-11-27T20:00:12","date_gmt":"2023-11-27T19:00:12","guid":{"rendered":"https:\/\/www.radiopiu.net\/wordpress\/?p=363393"},"modified":"2023-11-28T06:50:17","modified_gmt":"2023-11-28T05:50:17","slug":"salute-e-societa-con-il-dottor-marco-caracciolo-2","status":"publish","type":"post","link":"https:\/\/www.radiopiu.net\/wordpress\/salute-e-societa-con-il-dottor-marco-caracciolo-2\/","title":{"rendered":"SALUTE E SOCIETA&#8217;, CON IL DOTTOR MARCO CARACCIOLO\u00a0\u00a0"},"content":{"rendered":"<blockquote>\n<h3>IL LUNEDI ALLE 13.10, IL GIOVEDI ALLE 18.30, ESCLUSIVA RADIOPIU<\/h3>\n<\/blockquote>\n<h3><a class=\"dt-pswp-item\" href=\"https:\/\/www.radiopiu.net\/wordpress\/wp-content\/uploads\/2023\/11\/b0cf8081-a48c-ef6f-260a-7bca56afdf52-1.jpg\" data-dt-img-description=\"Osteopath explaining orthopedic diagnosis on human skeleton to elder woman at recovery checkup. Health specialist pointing at spinal cord and anatomy bones to talk about physical injury.\" data-large_image_width=\"800\" data-large_image_height=\"445\"><img loading=\"lazy\" decoding=\"async\" class=\" wp-image-363392 alignleft\" src=\"https:\/\/www.radiopiu.net\/wordpress\/wp-content\/uploads\/2023\/11\/b0cf8081-a48c-ef6f-260a-7bca56afdf52-1-300x167.jpg\" alt=\"\" width=\"266\" height=\"148\" srcset=\"https:\/\/www.radiopiu.net\/wordpress\/wp-content\/uploads\/2023\/11\/b0cf8081-a48c-ef6f-260a-7bca56afdf52-1-300x167.jpg 300w, https:\/\/www.radiopiu.net\/wordpress\/wp-content\/uploads\/2023\/11\/b0cf8081-a48c-ef6f-260a-7bca56afdf52-1-768x427.jpg 768w, https:\/\/www.radiopiu.net\/wordpress\/wp-content\/uploads\/2023\/11\/b0cf8081-a48c-ef6f-260a-7bca56afdf52-1.jpg 800w\" sizes=\"auto, (max-width: 266px) 100vw, 266px\" \/><\/a>Malattia Renale Cronica<\/h3>\n<p>Incontro al Ministero della Salute per nuovi percorsi per i pazienti con anemia da Malattia Renale Cronica, occasione anche per discutere il primo Libro bianco sul tema. Per noi c&#8217;era Antonella Pitrelli.<\/p>\n<h3>Ortopedici e traumatologi<\/h3>\n<p>Si \u00e8 chiuso a Roma il congresso della SIOT la societ\u00e0 scientifica di riferimento per ortopedici e traumatologi italiani e che \u00e8 arrivato alla 106^ edizione. Emilia Vaccaro ha approfondito i temi pi\u00f9 importanti con il presidente, Alberto Momol<\/p>\n<h3>\u00a0AUDIO<\/h3>\n<audio class=\"wp-audio-shortcode\" id=\"audio-363393-1\" preload=\"none\" style=\"width: 100%;\" controls=\"controls\"><source type=\"audio\/mpeg\" src=\"https:\/\/www.radiopiu.net\/wordpress\/wp-content\/uploads\/2023\/11\/SALUTE-3.mp3?_=1\" \/><a href=\"https:\/\/www.radiopiu.net\/wordpress\/wp-content\/uploads\/2023\/11\/SALUTE-3.mp3\">https:\/\/www.radiopiu.net\/wordpress\/wp-content\/uploads\/2023\/11\/SALUTE-3.mp3<\/a><\/audio>\n<blockquote><p>LA RACCOLTA COMPLETA <span style=\"color: #0000ff;\"><strong><a style=\"color: #0000ff;\" href=\"https:\/\/www.radiopiu.net\/wordpress\/saluteesocieta\/\">CLICCA QUI<\/a><\/strong><\/span><\/p><\/blockquote>\n<p>&nbsp;<\/p>\n","protected":false},"excerpt":{"rendered":"<p>IL LUNEDI ALLE 13.10, IL GIOVEDI ALLE 18.30, ESCLUSIVA RADIOPIU Malattia Renale Cronica Incontro al Ministero della Salute per nuovi percorsi per i pazienti con anemia da Malattia Renale Cronica, occasione anche per discutere il primo Libro bianco sul tema. Per noi c&#8217;era Antonella Pitrelli. Ortopedici e traumatologi Si \u00e8 chiuso a Roma il congresso&hellip;<\/p>\n","protected":false},"author":4,"featured_media":363392,"comment_status":"closed","ping_status":"closed","sticky":false,"template":"","format":"standard","meta":{"_monsterinsights_skip_tracking":false,"_monsterinsights_sitenote_active":false,"_monsterinsights_sitenote_note":"","_monsterinsights_sitenote_category":0,"footnotes":""},"categories":[51],"tags":[],"class_list":["post-363393","post","type-post","status-publish","format-standard","has-post-thumbnail","hentry","category-evidenza-top","category-51","description-off"],"img_url":"https:\/\/www.radiopiu.net\/wordpress\/wp-content\/uploads\/2023\/11\/b0cf8081-a48c-ef6f-260a-7bca56afdf52-1.jpg","_links":{"self":[{"href":"https:\/\/www.radiopiu.net\/wordpress\/wp-json\/wp\/v2\/posts\/363393","targetHints":{"allow":["GET"]}}],"collection":[{"href":"https:\/\/www.radiopiu.net\/wordpress\/wp-json\/wp\/v2\/posts"}],"about":[{"href":"https:\/\/www.radiopiu.net\/wordpress\/wp-json\/wp\/v2\/types\/post"}],"author":[{"embeddable":true,"href":"https:\/\/www.radiopiu.net\/wordpress\/wp-json\/wp\/v2\/users\/4"}],"replies":[{"embeddable":true,"href":"https:\/\/www.radiopiu.net\/wordpress\/wp-json\/wp\/v2\/comments?post=363393"}],"version-history":[{"count":0,"href":"https:\/\/www.radiopiu.net\/wordpress\/wp-json\/wp\/v2\/posts\/363393\/revisions"}],"wp:featuredmedia":[{"embeddable":true,"href":"https:\/\/www.radiopiu.net\/wordpress\/wp-json\/wp\/v2\/media\/363392"}],"wp:attachment":[{"href":"https:\/\/www.radiopiu.net\/wordpress\/wp-json\/wp\/v2\/media?parent=363393"}],"wp:term":[{"taxonomy":"category","embeddable":true,"href":"https:\/\/www.radiopiu.net\/wordpress\/wp-json\/wp\/v2\/categories?post=363393"},{"taxonomy":"post_tag","embeddable":true,"href":"https:\/\/www.radiopiu.net\/wordpress\/wp-json\/wp\/v2\/tags?post=363393"}],"curies":[{"name":"wp","href":"https:\/\/api.w.org\/{rel}","templated":true}]}}