{"id":363479,"date":"2023-11-29T05:34:34","date_gmt":"2023-11-29T04:34:34","guid":{"rendered":"https:\/\/www.radiopiu.net\/wordpress\/?p=363479"},"modified":"2023-11-29T08:50:12","modified_gmt":"2023-11-29T07:50:12","slug":"giornale-radiopiu-29-novembre-2023-direttore-mirko-mezzacasada-40-anni-25-giugno-1983-25-giugno-2023","status":"publish","type":"post","link":"https:\/\/www.radiopiu.net\/wordpress\/giornale-radiopiu-29-novembre-2023-direttore-mirko-mezzacasada-40-anni-25-giugno-1983-25-giugno-2023\/","title":{"rendered":"GIORNALE RADIOPIU 29 NOVEMBRE 2023 DIRETTORE MIRKO MEZZACASA\u2026DA 40 ANNI 25 GIUGNO 1983-25 GIUGNO 2023"},"content":{"rendered":"<p>*****<\/p>\n<p>&nbsp;<\/p>\n<h1 class=\"entry-title photoswipe-wrapper\">40esimo di RADIOPIU\u2026. LA VOCE DELL\u2019EMOZIONE<\/h1>\n<h2><span style=\"color: #ff0000;\">ISCRIVITI AL NOSTRO CANALE\u00a0\u00a0YOUTUBE PER SEGUIRE IN DIRETTA I PRINCIPALI PROGRAMMI DI RADIO PIU\u2019 E LE FUTURE DIRETTE IN ESTERNA. PER ISCRIVERTI <a style=\"color: #ff0000;\" href=\"https:\/\/youtube.com\/@radiopiu1527\">CLICCA QUI\u00a0<\/a>E PREMI\u00a0 \u201cIscriviti\u201d\u00a0<\/span><\/h2>\n<p>&nbsp;<\/p>\n<p>&nbsp;<\/p>\n<hr \/>\n<p>&nbsp;<\/p>\n<p><img loading=\"lazy\" decoding=\"async\" class=\"aligncenter\" src=\"https:\/\/www.radiopiu.net\/wordpress\/wp-content\/uploads\/2021\/02\/RADIO-A-VALVOLE.jpg\" width=\"340\" height=\"213\" \/><\/p>\n<p><span style=\"color: #ff0000;\">\u00a0 <\/span><\/p>\n<h2><span style=\"color: #ff0000;\">i podcast informativi del mattino<\/span><\/h2>\n<p><strong><a class=\"dt-pswp-item\" href=\"https:\/\/www.radiopiu.net\/wordpress\/wp-content\/uploads\/2023\/11\/th-10.jpg\" data-dt-img-description=\"\" data-large_image_width=\"320\" data-large_image_height=\"180\"><img loading=\"lazy\" decoding=\"async\" class=\"wp-image-362866 alignleft\" src=\"https:\/\/www.radiopiu.net\/wordpress\/wp-content\/uploads\/2023\/11\/th-10-300x169.jpg\" alt=\"\" width=\"185\" height=\"104\" srcset=\"https:\/\/www.radiopiu.net\/wordpress\/wp-content\/uploads\/2023\/11\/th-10-300x169.jpg 300w, https:\/\/www.radiopiu.net\/wordpress\/wp-content\/uploads\/2023\/11\/th-10.jpg 320w\" sizes=\"auto, (max-width: 185px) 100vw, 185px\" \/><\/a>LA RASSEGNA STAMPA NAZIONALE ALLA RADIO, OGNI GIORNO ALLE 5 E ALLE 6 DEL MATTINO <span style=\"color: #0000ff;\">viene pubblicata alle 6.00 <span style=\"color: #ff0000;\">DIRETTA RADIO\u00a0<\/span><\/span><\/strong><\/p>\n<p><strong>I titoli principali: \u00a0in maggiore evidenza, sicuramente ci sono purtroppo di nuovo i femminicidi\u00a0 perch\u00e9 ieri ci sono stati due tragici episodi,\u00a0 un uomo ha ucciso sua moglie a colpi di mazza da cricket e successivamente ad Andria ha perso la vita una 42enne coltellata dal marito, la cosa pi\u00f9 tragica in questo caso \u00e8 che ad assistere all&#8217;omicidio c&#8217;era anche il piccolo della coppia di appena quattro anni. L&#8217;ondata di femminicdi\u00a0 quindi continua ad essere una dell&#8217;emergenza del paese mentre nel frattempo ieri c&#8217;e stato il primo interrogatorio di Filippo Turetta davanti al giudice per le indagini preliminari, ha fornito delle dichiarazioni spontanee in cui si \u00e8 assunto l&#8217;intera responsabilit\u00e0 dell&#8217;omicidio di Giulia.\u00a0<\/strong><\/p>\n<p><strong>L&#8217;erogazione della quarta rata della PNR e cosa che fa esultare il Governo, per contro ci sono<br \/>\nper\u00f2 ancora forti tensioni a proposito del sciopero generale che si terr\u00e0 il 15 di dicembre,<br \/>\nParliamo invece del Papa che ieri ha dovuto annullare il suo viaggio ad Dubai e questo perch\u00e9 pur essendo migliorato il quadro clinico generale,\u00a0 lo sforzo fisico che comporterebbe un viaggio cos\u00ec pesante e quindi il Papa resta casa. <\/strong><\/p>\n<p><span style=\"color: #ff0000;\"><strong>SISSY MARTINELLI<\/strong><\/span><\/p>\n<audio class=\"wp-audio-shortcode\" id=\"audio-363479-1\" preload=\"none\" style=\"width: 100%;\" controls=\"controls\"><source type=\"audio\/mpeg\" src=\"https:\/\/www.radiopiu.net\/wordpress\/wp-content\/uploads\/2023\/11\/GIORNALEDELLESEI-11.mp3?_=1\" \/><a href=\"https:\/\/www.radiopiu.net\/wordpress\/wp-content\/uploads\/2023\/11\/GIORNALEDELLESEI-11.mp3\">https:\/\/www.radiopiu.net\/wordpress\/wp-content\/uploads\/2023\/11\/GIORNALEDELLESEI-11.mp3<\/a><\/audio>\n<p><strong>\u00a0\u00a0<\/strong><\/p>\n<p>&nbsp;<\/p>\n<p><strong>GIORNALE RADIO NAZIONALE, EDIZIONE DELLE SETTE <span style=\"color: #0000ff;\">viene pubblicato alle 7.05 <span style=\"color: #ff0000;\">DIRETTA RADIO<\/span><\/span><\/strong><\/p>\n<audio class=\"wp-audio-shortcode\" id=\"audio-363479-2\" preload=\"none\" style=\"width: 100%;\" controls=\"controls\"><source type=\"audio\/mpeg\" src=\"https:\/\/www.radiopiu.net\/wordpress\/wp-content\/uploads\/2023\/11\/giornale07-11.mp3?_=2\" \/><a href=\"https:\/\/www.radiopiu.net\/wordpress\/wp-content\/uploads\/2023\/11\/giornale07-11.mp3\">https:\/\/www.radiopiu.net\/wordpress\/wp-content\/uploads\/2023\/11\/giornale07-11.mp3<\/a><\/audio>\n<p>&nbsp;<\/p>\n<p>&nbsp;<\/p>\n<blockquote>\n<h2><strong>RASSEGNA STAMPA LOCALE, ORE OTTO <span style=\"color: #0000ff;\">viene pubblicata alle 8.05 <span style=\"color: #ff0000;\">DIRETTA RADIO<\/span><\/span><\/strong><\/h2>\n<\/blockquote>\n<p>&nbsp;<\/p>\n<div class=\"page-title-head hgroup\">\n<blockquote><p><iframe loading=\"lazy\" title=\"L&#039;ORIGINALE DAL 1983, la rassegna stampa locale di MIRKO MEZZACASA  e alle 7 tutti i giorni le antic\" width=\"1200\" height=\"675\" src=\"https:\/\/www.youtube.com\/embed\/eeT3dWRx9Ps?feature=oembed\" frameborder=\"0\" allow=\"accelerometer; autoplay; clipboard-write; encrypted-media; gyroscope; picture-in-picture; web-share\" allowfullscreen><\/iframe><\/p><\/blockquote>\n<\/div>\n<p><strong>\u00a0<\/strong><\/p>\n<p>&nbsp;<\/p>\n<hr \/>\n<p>&nbsp;<\/p>\n<p><a class=\"dt-pswp-item\" href=\"https:\/\/www.radiopiu.net\/wordpress\/wp-content\/uploads\/2023\/10\/34f4cfc6-e863-46e9-9695-8df44be63421.jpg\" data-dt-img-description=\"\" data-large_image_width=\"1200\" data-large_image_height=\"1200\"><img loading=\"lazy\" decoding=\"async\" class=\"wp-image-357393 alignleft\" src=\"https:\/\/www.radiopiu.net\/wordpress\/wp-content\/uploads\/2023\/10\/34f4cfc6-e863-46e9-9695-8df44be63421-300x300.jpg\" alt=\"\" width=\"81\" height=\"81\" srcset=\"https:\/\/www.radiopiu.net\/wordpress\/wp-content\/uploads\/2023\/10\/34f4cfc6-e863-46e9-9695-8df44be63421-300x300.jpg 300w, https:\/\/www.radiopiu.net\/wordpress\/wp-content\/uploads\/2023\/10\/34f4cfc6-e863-46e9-9695-8df44be63421-1024x1024.jpg 1024w, https:\/\/www.radiopiu.net\/wordpress\/wp-content\/uploads\/2023\/10\/34f4cfc6-e863-46e9-9695-8df44be63421-150x150.jpg 150w, https:\/\/www.radiopiu.net\/wordpress\/wp-content\/uploads\/2023\/10\/34f4cfc6-e863-46e9-9695-8df44be63421-768x768.jpg 768w, https:\/\/www.radiopiu.net\/wordpress\/wp-content\/uploads\/2023\/10\/34f4cfc6-e863-46e9-9695-8df44be63421.jpg 1200w\" sizes=\"auto, (max-width: 81px) 100vw, 81px\" \/><\/a>OGGI ALLA RADIO: <strong>ALLE 7<\/strong> LA RASSEGNA STAMPA LOCALE FLASH, PER CHI COME NOI ALLE SETTE DEL MATTINO VA DI FRETTA, TANTE NOTIZIE IN POCHE CHIACCHIERE. <strong>ALLE OTTO<\/strong> L&#8217;APPROFONDIMENTO NELLA STORICA RASSEGNA STAMPA LOCALE.\u00a0 DALLE 6 ALLE 21, OGNI ORA, L&#8217;INFORMAZIONE NAZIONALE, l&#8217;informazione locale, ALLE 10 flash. 11flash. 14 viabilit\u00e0. 15meteo. 16flash. 17flash. 18flash. 19 i titoli di Antenna 3<\/p>\n<p><strong>OGGI ALLE 10.10<\/strong> CISL LA VOCE PER I LAVORATORI, CON ALESSIO PICCOLI, <strong>10.30 E 1900<\/strong> SE NON LA SMETTI TI MANDO DAL PRESIDE CON LA PROF. MARIA ROSA SALMAZO\u00a0 <strong>ALLE 13.10 ROBERTO HUBER,<\/strong> ALTA BADIA \u00a0<strong>ALLE 14.00<\/strong> RIMASTI PIU&#8217; AVANTI CON MARCO DAL FARRA MUSICA E MUSICISTI DEL BELLUNESE, OGGI I MITICI TIRATAIE<\/p>\n<blockquote>\n<h1>QUESTA SERA DALLE 20.30 LE GRANDI SELEZIONI DI ALEX NASCINBEN diretta, la radio di sera<\/h1>\n<\/blockquote>\n<p>&nbsp;<\/p>\n<hr \/>\n<p>&nbsp;<\/p>\n<p>&nbsp;<\/p>\n<blockquote>\n<h2>Incidente Fuori Strada: Donna di 86 Anni Soccorsa con Traumi di Media Gravit\u00e0<\/h2>\n<\/blockquote>\n<p><strong><a class=\"dt-pswp-item\" href=\"https:\/\/www.radiopiu.net\/wordpress\/wp-content\/uploads\/2023\/11\/Senza-nome-148.png\" data-dt-img-description=\"\" data-large_image_width=\"367\" data-large_image_height=\"205\"><img loading=\"lazy\" decoding=\"async\" class=\"size-medium wp-image-363662 alignleft\" src=\"https:\/\/www.radiopiu.net\/wordpress\/wp-content\/uploads\/2023\/11\/Senza-nome-148-300x168.png\" alt=\"\" width=\"300\" height=\"168\" srcset=\"https:\/\/www.radiopiu.net\/wordpress\/wp-content\/uploads\/2023\/11\/Senza-nome-148-300x168.png 300w, https:\/\/www.radiopiu.net\/wordpress\/wp-content\/uploads\/2023\/11\/Senza-nome-148.png 367w\" sizes=\"auto, (max-width: 300px) 100vw, 300px\" \/><\/a>BELLUNO\u00a0<\/strong> Una donna di 86 anni \u00e8 rimasta coinvolta in un incidente fuori strada sulla via del Rei\u00f9, che collega le frazioni di Cet e Madeago sopra Castion. L&#8217;incidente \u00e8 avvenuto intorno alle 11 di ieri mattina quando l&#8217;anziana automobilista, a bordo di una Jeep bianca, ha perso il controllo, probabilmente a causa delle condizioni insidiose dell&#8217;asfalto reso scivoloso dalla neve o a causa del passaggio improvviso di un animale. I vigili del fuoco e l&#8217;ambulanza sono intervenuti sul posto per l&#8217;estrazione della donna dall&#8217;abitacolo e il suo trasporto al Pronto Soccorso in codice 2.<\/p>\n<p>&nbsp;<\/p>\n<p>&nbsp;<\/p>\n<hr \/>\n<blockquote>\n<h3 class=\"entry-title\"><\/h3>\n<h3 class=\"entry-title\">EMERGENZA A LONGARONE: INCENDIO AUTO, PISCINA EVACUATA PER IL PERICOLO FUMI<\/h3>\n<\/blockquote>\n<p><strong>LONGARONE<\/strong> Ieri alle 14:50, i vigili del fuoco sono intervenuti presso la piscina di Longarone a causa dell&#8217;incendio di un&#8217;auto. L&#8217;incidente ha richiesto l&#8217;evacuazione dell&#8217;impianto natatorio\u00a0 per la presenza di fumo che si \u00e8 infiltrato attraverso una porta. Fortunatamente, nessuna persona \u00e8 rimasta ferita durante l&#8217;evento. Le squadre dei vigili del fuoco provenienti da Belluno hanno rapidamente soppresso le fiamme dell&#8217;auto, parcheggiata vicino al muro della piscina. L&#8217;evacuazione preventiva dell&#8217;impianto \u00e8 stata eseguita per garantire la sicurezza degli utenti. Le indagini sono in corso per determinare le cause dell&#8217;incendio, con l&#8217;ipotesi di un&#8217;origine elettrica. L&#8217;accesso alla piscina rimarr\u00e0 limitato fino al ripristino completo delle condizioni di sicurezza e igiene. Le operazioni di soccorso, durate circa un&#8217;ora e mezza, hanno coinvolto i vigili del fuoco nella gestione dell&#8217;emergenza. La comunit\u00e0 di Longarone resta in attesa di ulteriori sviluppi in merito alla riapertura dell&#8217;impianto natatorio.<\/p>\n\n\t\t\t<style type='text\/css'>\n\t\t\t\t#gallery-1 {\n\t\t\t\t\tmargin: auto;\n\t\t\t\t}\n\t\t\t\t#gallery-1 .gallery-item {\n\t\t\t\t\tfloat: left;\n\t\t\t\t\tmargin-top: 10px;\n\t\t\t\t\ttext-align: center;\n\t\t\t\t\twidth: 50%;\n\t\t\t\t}\n\t\t\t\t#gallery-1 img {\n\t\t\t\t\tborder: 2px solid #cfcfcf;\n\t\t\t\t}\n\t\t\t\t#gallery-1 .gallery-caption {\n\t\t\t\t\tmargin-left: 0;\n\t\t\t\t}\n\t\t\t\t\/* see gallery_shortcode() in wp-includes\/media.php *\/\n\t\t\t<\/style>\n\t\t<div id='gallery-1' class='dt-gallery-container gallery galleryid-363479 gallery-columns-2 gallery-size-medium'><dl class='gallery-item'>\n\t\t\t\t<dt class='gallery-icon landscape'>\n\t\t\t\t\t<a class=\"rollover rollover-zoom dt-pswp-item\" title=\"85e8f856-db73-4c1c-85b8-3f99acc83a4a\" data-dt-img-description=\"\" data-large_image_width=\"1600\" data-large_image_height=\"1062\"href='https:\/\/www.radiopiu.net\/wordpress\/wp-content\/uploads\/2023\/11\/85e8f856-db73-4c1c-85b8-3f99acc83a4a.jpg'><img loading=\"lazy\" decoding=\"async\" width=\"300\" height=\"199\" src=\"https:\/\/www.radiopiu.net\/wordpress\/wp-content\/uploads\/2023\/11\/85e8f856-db73-4c1c-85b8-3f99acc83a4a-300x199.jpg\" class=\"attachment-medium size-medium\" alt=\"\" srcset=\"https:\/\/www.radiopiu.net\/wordpress\/wp-content\/uploads\/2023\/11\/85e8f856-db73-4c1c-85b8-3f99acc83a4a-300x199.jpg 300w, https:\/\/www.radiopiu.net\/wordpress\/wp-content\/uploads\/2023\/11\/85e8f856-db73-4c1c-85b8-3f99acc83a4a-1024x680.jpg 1024w, https:\/\/www.radiopiu.net\/wordpress\/wp-content\/uploads\/2023\/11\/85e8f856-db73-4c1c-85b8-3f99acc83a4a-768x510.jpg 768w, https:\/\/www.radiopiu.net\/wordpress\/wp-content\/uploads\/2023\/11\/85e8f856-db73-4c1c-85b8-3f99acc83a4a-1536x1020.jpg 1536w, https:\/\/www.radiopiu.net\/wordpress\/wp-content\/uploads\/2023\/11\/85e8f856-db73-4c1c-85b8-3f99acc83a4a.jpg 1600w\" sizes=\"auto, (max-width: 300px) 100vw, 300px\" \/><\/a>\n\t\t\t\t<\/dt><\/dl><dl class='gallery-item'>\n\t\t\t\t<dt class='gallery-icon landscape'>\n\t\t\t\t\t<a class=\"rollover rollover-zoom dt-pswp-item\" title=\"41e3b44a-c066-44cb-abee-ed667666d5c0\" data-dt-img-description=\"\" data-large_image_width=\"1600\" data-large_image_height=\"1081\"href='https:\/\/www.radiopiu.net\/wordpress\/wp-content\/uploads\/2023\/11\/41e3b44a-c066-44cb-abee-ed667666d5c0.jpg'><img loading=\"lazy\" decoding=\"async\" width=\"300\" height=\"203\" src=\"https:\/\/www.radiopiu.net\/wordpress\/wp-content\/uploads\/2023\/11\/41e3b44a-c066-44cb-abee-ed667666d5c0-300x203.jpg\" class=\"attachment-medium size-medium\" alt=\"\" srcset=\"https:\/\/www.radiopiu.net\/wordpress\/wp-content\/uploads\/2023\/11\/41e3b44a-c066-44cb-abee-ed667666d5c0-300x203.jpg 300w, https:\/\/www.radiopiu.net\/wordpress\/wp-content\/uploads\/2023\/11\/41e3b44a-c066-44cb-abee-ed667666d5c0-1024x692.jpg 1024w, https:\/\/www.radiopiu.net\/wordpress\/wp-content\/uploads\/2023\/11\/41e3b44a-c066-44cb-abee-ed667666d5c0-768x519.jpg 768w, https:\/\/www.radiopiu.net\/wordpress\/wp-content\/uploads\/2023\/11\/41e3b44a-c066-44cb-abee-ed667666d5c0-1536x1038.jpg 1536w, https:\/\/www.radiopiu.net\/wordpress\/wp-content\/uploads\/2023\/11\/41e3b44a-c066-44cb-abee-ed667666d5c0.jpg 1600w\" sizes=\"auto, (max-width: 300px) 100vw, 300px\" \/><\/a>\n\t\t\t\t<\/dt><\/dl><br style=\"clear: both\" \/>\n\t\t\t<\/div>\n\n<p><strong>BARBARA PAOLAZZI, RADIO CLUB 103<\/strong><\/p>\n<audio class=\"wp-audio-shortcode\" id=\"audio-363479-3\" preload=\"none\" style=\"width: 100%;\" controls=\"controls\"><source type=\"audio\/mpeg\" src=\"https:\/\/www.radiopiu.net\/wordpress\/wp-content\/uploads\/2023\/11\/PAOLAZZI-INCENDIO-AUTO-LONGARONE.mp3?_=3\" \/><a href=\"https:\/\/www.radiopiu.net\/wordpress\/wp-content\/uploads\/2023\/11\/PAOLAZZI-INCENDIO-AUTO-LONGARONE.mp3\">https:\/\/www.radiopiu.net\/wordpress\/wp-content\/uploads\/2023\/11\/PAOLAZZI-INCENDIO-AUTO-LONGARONE.mp3<\/a><\/audio>\n<p>&nbsp;<\/p>\n<hr \/>\n<p>&nbsp;<\/p>\n<blockquote>\n<h2>Atto di Vandalismo a Codissago: Distrutti Campi Sportivi e Attrezzature<\/h2>\n<\/blockquote>\n<p><strong><img loading=\"lazy\" decoding=\"async\" class=\"alignleft\" src=\"https:\/\/www.radiopiu.net\/wordpress\/wp-content\/uploads\/2023\/11\/Senza-nome-150.png\" width=\"220\" height=\"146\" \/>LONGARONE<\/strong> Il campo sportivo di Codissago \u00e8 stato oggetto di un atto vandalico senza apparente motivo, con danneggiamenti gravi riportati dai bagni, porte divelte e spazi comuni messi a soqquadro. Il Gruppo giovani di Codissago, responsabile della struttura, ha denunciato l&#8217;episodio, evidenziando la mancanza di rispetto per gli sforzi e gli investimenti dedicati al mantenimento del luogo. Gli estintori sono stati aperti e utilizzati impropriamente, lanciati all&#8217;esterno insieme agli attrezzi da pulizia. La comunit\u00e0 esprime indignazione e il sindaco di Longarone, Roberto Padrin, si \u00e8 mosso per individuare gli autori, sottolineando l&#8217;assenza di logica dietro a tali gesti. Il Gruppo giovani Codissago chiede la collaborazione della comunit\u00e0 per prevenire simili episodi in futuro.<\/p>\n<p>&nbsp;<\/p>\n<hr \/>\n<p>&nbsp;<\/p>\n<p>&nbsp;<\/p>\n<blockquote>\n<h3><strong>Truffa Telefonica Sventata: Attenzione alle Offerte Fasulle!<\/strong><\/h3>\n<\/blockquote>\n<p><strong><a class=\"dt-pswp-item\" href=\"https:\/\/www.radiopiu.net\/wordpress\/wp-content\/uploads\/2021\/06\/truffa-online.jpg\" data-dt-img-description=\"\" data-large_image_width=\"1920\" data-large_image_height=\"1114\"><img loading=\"lazy\" decoding=\"async\" class=\"wp-image-218848 alignleft\" src=\"https:\/\/www.radiopiu.net\/wordpress\/wp-content\/uploads\/2021\/06\/truffa-online-300x174.jpg\" alt=\"\" width=\"179\" height=\"104\" srcset=\"https:\/\/www.radiopiu.net\/wordpress\/wp-content\/uploads\/2021\/06\/truffa-online-300x174.jpg 300w, https:\/\/www.radiopiu.net\/wordpress\/wp-content\/uploads\/2021\/06\/truffa-online-1024x594.jpg 1024w, https:\/\/www.radiopiu.net\/wordpress\/wp-content\/uploads\/2021\/06\/truffa-online-768x446.jpg 768w, https:\/\/www.radiopiu.net\/wordpress\/wp-content\/uploads\/2021\/06\/truffa-online-1536x891.jpg 1536w, https:\/\/www.radiopiu.net\/wordpress\/wp-content\/uploads\/2021\/06\/truffa-online.jpg 1920w\" sizes=\"auto, (max-width: 179px) 100vw, 179px\" \/><\/a>PONTE NELLE ALPI<\/strong> Un residente di Pontalpi ha evitato di cadere in una truffa telefonica grazie all&#8217;intervento tempestivo della figlia. Un presunto operatore Tim ha contattato l&#8217;uomo, proponendo una presunta offerta vantaggiosa legata a un fittizio accordo tra Tim e Wind. L&#8217;offerta includeva un cambio di router e richiedeva dati sensibili come indirizzo email, numero di cellulare, carta d&#8217;identit\u00e0, Iban e codice di trasferimento dalla fattura. Fortunatamente, l&#8217;uomo ha sospettato e ha contattato direttamente la Tim, scoprendo la truffa. L&#8217;avviso \u00e8 di non fornire dati personali in risposta a chiamate simili.<\/p>\n<p>&nbsp;<\/p>\n<p>&nbsp;<\/p>\n<hr \/>\n<p>&nbsp;<\/p>\n<blockquote>\n<h3 class=\"entry-title\">DILLO A RADIO PIU\u2026APPELLO DI DAVIDE COLCUC PER IL RIPRISTINO DEI SERVIZI DI TRASPORTO PUBBLICO IN AGORDINI<\/h3>\n<\/blockquote>\n<p>Riceviamo e pubblichiamo.<\/p>\n<p>&nbsp;<\/p>\n<p><img loading=\"lazy\" decoding=\"async\" class=\"alignleft\" src=\"https:\/\/www.radiopiu.net\/wordpress\/wp-content\/uploads\/2023\/11\/P1010002.jpg\" width=\"249\" height=\"187\" \/>Ho partecipato sabato scorso all\u2019incontro\/dibattito inerente al trasporto pubblico in Agordini. Molto interessante la proposta del treno fino ad Alleghe, e pure molto preparati i vari relatori, dal sociologo Cason a Heinz Dallago, responsabile del servizio trasporto persone in Alto Adige, il quale afferma che da anni cerca un interlocutore e un riscontro dalla nostra provincia per aumentare la collaborazione riguardo i servizi bus di linea interprovinciali, tuttavia senza risultati. Detto questo, voglio esprimere la mia delusione \u2013 per non dire rabbia \u2013 per aver constatato che i cittadini dei 16 comuni agordini non possono pi\u00f9 usufruire nei giorni festivi di nessuna corsa da e per Belluno. Durante il mio trentennale lavoro in Dolomitibus, le corse festive erano sempre due al pomeriggio e una stagionale in mattinata. Ma oltre a questo, rimango sorpreso per l\u2019assordante silenzio-assenso da parte dei nostri amministratori. Le corse pomeridiane festive per Belluno erano utilizzate specialmente dagli studenti che si recavano oltre che nel nostro capoluogo, anche nelle varie citta universitarie del Veneto e del Friuli. Infine quella in partenza da Belluno alle 19.20 in coincidenza col treno serviva maggiormente agli studenti del Istituto Alberghiero di Falcade. Mi domando se questi sono i servizi che ci meritiamo, se questa \u00e8 la politica contro lo spopolamento! Cari sindaci, mettete da parte i campanilismi, unite le forze e alzate la voce per salvare i pochi \u201cindigeni\u201d rimasti a presidiare le terre alte!<\/p>\n<p>Davide Colcuc (Colle S. Lucia)<\/p>\n<p>ARCHIVIO: stazione Dolomitibus ad Agordo<\/p>\n<p>&nbsp;<\/p>\n<p>&nbsp;<\/p>\n<hr \/>\n<p>&nbsp;<\/p>\n<blockquote>\n<h3>VISITA DEL GENERALE STEFANIZZI AI CARABINIERI DI BELLUNO<\/h3>\n<\/blockquote>\n<p><strong>BELLUNO<\/strong> Il Generale di Corpo d\u2019Armata Maurizio Stefanizzi, Comandante Interregionale Carabinieri \u201cVittorio Veneto\u201d, ha fatto visita ieri mattina al Comando Provinciale dei Carabinieri di Belluno. L\u2019Alto Ufficiale ha incontrato tutti gli Ufficiali e i Comandanti di Stazione della provincia, insieme a un numeroso gruppo di Carabinieri in rappresentanza, ed ha voluto esprimere la sua vicinanza e apprezzamento per il lavoro svolto nel bellunese. Nell\u2019occasione il Generale Stefanizzi ha anche avuto modo di salutare il Prefetto Mariano Savastano, il Questore Francesco Zerrilli e il Sindaco di Belluno Oscar De Pellegrin, accompagnato dall\u2019Assessore Raffaele Addamiano. Al termine della visita il Generale si \u00e8 fermato con gli Ufficiali per un briefing sulla provincia di Belluno e successivamente ha incontrato anche i Reparti Carabinieri Forestali.<\/p>\n\n\t\t\t<style type='text\/css'>\n\t\t\t\t#gallery-2 {\n\t\t\t\t\tmargin: auto;\n\t\t\t\t}\n\t\t\t\t#gallery-2 .gallery-item {\n\t\t\t\t\tfloat: left;\n\t\t\t\t\tmargin-top: 10px;\n\t\t\t\t\ttext-align: center;\n\t\t\t\t\twidth: 50%;\n\t\t\t\t}\n\t\t\t\t#gallery-2 img {\n\t\t\t\t\tborder: 2px solid #cfcfcf;\n\t\t\t\t}\n\t\t\t\t#gallery-2 .gallery-caption {\n\t\t\t\t\tmargin-left: 0;\n\t\t\t\t}\n\t\t\t\t\/* see gallery_shortcode() in wp-includes\/media.php *\/\n\t\t\t<\/style>\n\t\t<div id='gallery-2' class='dt-gallery-container gallery galleryid-363479 gallery-columns-2 gallery-size-medium'><dl class='gallery-item'>\n\t\t\t\t<dt class='gallery-icon landscape'>\n\t\t\t\t\t<a class=\"rollover rollover-zoom dt-pswp-item\" title=\"foto 1\" data-dt-img-description=\"\" data-large_image_width=\"2560\" data-large_image_height=\"1696\"href='https:\/\/www.radiopiu.net\/wordpress\/wp-content\/uploads\/2023\/11\/foto-1-scaled.jpg'><img loading=\"lazy\" decoding=\"async\" width=\"300\" height=\"199\" src=\"https:\/\/www.radiopiu.net\/wordpress\/wp-content\/uploads\/2023\/11\/foto-1-300x199.jpg\" class=\"attachment-medium size-medium\" alt=\"\" srcset=\"https:\/\/www.radiopiu.net\/wordpress\/wp-content\/uploads\/2023\/11\/foto-1-300x199.jpg 300w, https:\/\/www.radiopiu.net\/wordpress\/wp-content\/uploads\/2023\/11\/foto-1-1024x678.jpg 1024w, https:\/\/www.radiopiu.net\/wordpress\/wp-content\/uploads\/2023\/11\/foto-1-768x509.jpg 768w, https:\/\/www.radiopiu.net\/wordpress\/wp-content\/uploads\/2023\/11\/foto-1-1536x1017.jpg 1536w, https:\/\/www.radiopiu.net\/wordpress\/wp-content\/uploads\/2023\/11\/foto-1-2048x1356.jpg 2048w\" sizes=\"auto, (max-width: 300px) 100vw, 300px\" \/><\/a>\n\t\t\t\t<\/dt><\/dl><dl class='gallery-item'>\n\t\t\t\t<dt class='gallery-icon landscape'>\n\t\t\t\t\t<a class=\"rollover rollover-zoom dt-pswp-item\" title=\"foto 2\" data-dt-img-description=\"\" data-large_image_width=\"2560\" data-large_image_height=\"1706\"href='https:\/\/www.radiopiu.net\/wordpress\/wp-content\/uploads\/2023\/11\/foto-2-scaled.jpg'><img loading=\"lazy\" decoding=\"async\" width=\"300\" height=\"200\" src=\"https:\/\/www.radiopiu.net\/wordpress\/wp-content\/uploads\/2023\/11\/foto-2-300x200.jpg\" class=\"attachment-medium size-medium\" alt=\"\" srcset=\"https:\/\/www.radiopiu.net\/wordpress\/wp-content\/uploads\/2023\/11\/foto-2-300x200.jpg 300w, https:\/\/www.radiopiu.net\/wordpress\/wp-content\/uploads\/2023\/11\/foto-2-1024x683.jpg 1024w, https:\/\/www.radiopiu.net\/wordpress\/wp-content\/uploads\/2023\/11\/foto-2-768x512.jpg 768w, https:\/\/www.radiopiu.net\/wordpress\/wp-content\/uploads\/2023\/11\/foto-2-1536x1024.jpg 1536w, https:\/\/www.radiopiu.net\/wordpress\/wp-content\/uploads\/2023\/11\/foto-2-2048x1365.jpg 2048w\" sizes=\"auto, (max-width: 300px) 100vw, 300px\" \/><\/a>\n\t\t\t\t<\/dt><\/dl><br style=\"clear: both\" \/>\n\t\t\t<\/div>\n\n<p>&nbsp;<\/p>\n<hr \/>\n<p>&nbsp;<\/p>\n<blockquote>\n<h3 class=\"entry-title\">EMERGENZA A GOSALDO: RIPRISTINO DELLA STRADA PER SELLE DOPO LA FRANA<\/h3>\n<\/blockquote>\n<p><strong>GOSALDO\u00a0 <\/strong>La strada comunale che conduce alla frazione Selle di Gosaldo \u00e8 stata rovinosamente &#8220;trascinata&#8221; a valle dalle\u00a0 intense piogge ad inizio mese. In risposta a questa emergenza, \u00e8 intervenuta l&#8217;azienda gosaldina Bressan Scavi per riportare la situazione sotto controllo. Le immagini dei lavori di ripristino e messa in sicurezza testimoniano l&#8217;impegno della Bressan Scavi nel garantire la sicurezza e la viabilit\u00e0 nella zona. Grazie all&#8217;efficace intervento, i lavori sono giunti a termine, restituendo alla comunit\u00e0 locale un accesso cruciale. Gli sforzi della ditta sono evidenziati nelle foto che mostrano l&#8217;area interessata dalla frana. La messa in sicurezza della strada rappresenta una risposta tempestiva e efficace alle sfide presentate dalla forza della natura. La comunit\u00e0 di Gosaldo esprime gratitudine alla Bressan Scavi per il pronto intervento e per il contributo nel ripristino della viabilit\u00e0 locale. La tempestivit\u00e0 e l&#8217;efficienza dimostrate in questa situazione d&#8217;emergenza riflettono il senso di responsabilit\u00e0 e l&#8217;impegno verso il benessere della comunit\u00e0.<\/p>\n\n\t\t\t<style type='text\/css'>\n\t\t\t\t#gallery-3 {\n\t\t\t\t\tmargin: auto;\n\t\t\t\t}\n\t\t\t\t#gallery-3 .gallery-item {\n\t\t\t\t\tfloat: left;\n\t\t\t\t\tmargin-top: 10px;\n\t\t\t\t\ttext-align: center;\n\t\t\t\t\twidth: 33%;\n\t\t\t\t}\n\t\t\t\t#gallery-3 img {\n\t\t\t\t\tborder: 2px solid #cfcfcf;\n\t\t\t\t}\n\t\t\t\t#gallery-3 .gallery-caption {\n\t\t\t\t\tmargin-left: 0;\n\t\t\t\t}\n\t\t\t\t\/* see gallery_shortcode() in wp-includes\/media.php *\/\n\t\t\t<\/style>\n\t\t<div id='gallery-3' class='dt-gallery-container gallery galleryid-363479 gallery-columns-3 gallery-size-thumbnail'><dl class='gallery-item'>\n\t\t\t\t<dt class='gallery-icon landscape'>\n\t\t\t\t\t<a class=\"rollover rollover-zoom dt-pswp-item\" title=\"405313998_398313399368848_6837667753774170260_n\" data-dt-img-description=\"\" data-large_image_width=\"275\" data-large_image_height=\"206\"href='https:\/\/www.radiopiu.net\/wordpress\/wp-content\/uploads\/2023\/11\/405313998_398313399368848_6837667753774170260_n.jpg'><img loading=\"lazy\" decoding=\"async\" width=\"150\" height=\"150\" src=\"https:\/\/www.radiopiu.net\/wordpress\/wp-content\/uploads\/2023\/11\/405313998_398313399368848_6837667753774170260_n-150x150.jpg\" class=\"attachment-thumbnail size-thumbnail\" alt=\"\" \/><\/a>\n\t\t\t\t<\/dt><\/dl><dl class='gallery-item'>\n\t\t\t\t<dt class='gallery-icon portrait'>\n\t\t\t\t\t<a class=\"rollover rollover-zoom dt-pswp-item\" title=\"405277036_326438293431620_3025078791094736903_n\" data-dt-img-description=\"\" data-large_image_width=\"155\" data-large_image_height=\"206\"href='https:\/\/www.radiopiu.net\/wordpress\/wp-content\/uploads\/2023\/11\/405277036_326438293431620_3025078791094736903_n.jpg'><img loading=\"lazy\" decoding=\"async\" width=\"150\" height=\"150\" src=\"https:\/\/www.radiopiu.net\/wordpress\/wp-content\/uploads\/2023\/11\/405277036_326438293431620_3025078791094736903_n-150x150.jpg\" class=\"attachment-thumbnail size-thumbnail\" alt=\"\" \/><\/a>\n\t\t\t\t<\/dt><\/dl><dl class='gallery-item'>\n\t\t\t\t<dt class='gallery-icon portrait'>\n\t\t\t\t\t<a class=\"rollover rollover-zoom dt-pswp-item\" title=\"403699365_2129187154095430_2411891630309396184_n\" data-dt-img-description=\"\" data-large_image_width=\"155\" data-large_image_height=\"206\"href='https:\/\/www.radiopiu.net\/wordpress\/wp-content\/uploads\/2023\/11\/403699365_2129187154095430_2411891630309396184_n.jpg'><img loading=\"lazy\" decoding=\"async\" width=\"150\" height=\"150\" src=\"https:\/\/www.radiopiu.net\/wordpress\/wp-content\/uploads\/2023\/11\/403699365_2129187154095430_2411891630309396184_n-150x150.jpg\" class=\"attachment-thumbnail size-thumbnail\" alt=\"\" \/><\/a>\n\t\t\t\t<\/dt><\/dl><br style=\"clear: both\" \/>\n\t\t\t<\/div>\n\n<p>&nbsp;<\/p>\n<p>&nbsp;<\/p>\n<hr \/>\n<p>&nbsp;<\/p>\n<blockquote>\n<h3>LAGHETTO DEL NEVEGAL: AGGIUDICATA LA GARA PER LA REALIZZAZIONE DEL BACINO<\/h3>\n<\/blockquote>\n<p><strong>BELLUNO <\/strong>Aggiudicata la gara per la realizzazione del laghetto del Nevegal. Con un ribasso di base d\u2019asta del 4%, i lavori sono stati aggiudicati dal raggruppamento temporaneo di concorrenti formato da una ditta locale e una trentina, la \u201cCunaccia Bruno SRL (<em>mandataria<\/em>) \u2013 Impresa Costruzioni Tollot SRL (<em>mandante<\/em>)\u201d, per un importo contrattuale di 1 milione 216,975 su base d\u2019asta di 1 milione 270.417. Il cantiere prender\u00e0 il via a primavera e si stima che la durata complessiva sar\u00e0 di circa 6 mesi.<\/p>\n<p><strong>L&#8217;ASSESSORE AI LAVORI PUBBLICI DEL COMUNE DI BELLUNO FRANCO ROCCON<\/strong><\/p>\n<p><iframe loading=\"lazy\" title=\"ROCCON NEVEGAL\" width=\"1200\" height=\"675\" src=\"https:\/\/www.youtube.com\/embed\/ckVdbQzTqXU?feature=oembed\" frameborder=\"0\" allow=\"accelerometer; autoplay; clipboard-write; encrypted-media; gyroscope; picture-in-picture; web-share\" allowfullscreen><\/iframe><\/p>\n<p><strong>BARBARA PAOLAZZI, RADIO CLUB 103<\/strong><\/p>\n<audio class=\"wp-audio-shortcode\" id=\"audio-363479-4\" preload=\"none\" style=\"width: 100%;\" controls=\"controls\"><source type=\"audio\/mpeg\" src=\"https:\/\/www.radiopiu.net\/wordpress\/wp-content\/uploads\/2023\/11\/PAOLAZZI-LAGHETTO-NEVEGAL.mp3?_=4\" \/><a href=\"https:\/\/www.radiopiu.net\/wordpress\/wp-content\/uploads\/2023\/11\/PAOLAZZI-LAGHETTO-NEVEGAL.mp3\">https:\/\/www.radiopiu.net\/wordpress\/wp-content\/uploads\/2023\/11\/PAOLAZZI-LAGHETTO-NEVEGAL.mp3<\/a><\/audio>\n<p>&nbsp;<\/p>\n<p>&nbsp;<\/p>\n<hr \/>\n<p>&nbsp;<\/p>\n<blockquote>\n<h3><strong>Sciopero e Presidio presso Wienerberger: Lavoratori Protestano per il Rinnovo del Contratto<\/strong><\/h3>\n<\/blockquote>\n<p><strong><a class=\"dt-pswp-item\" href=\"https:\/\/www.radiopiu.net\/wordpress\/wp-content\/uploads\/2023\/11\/Senza-nome-149.png\" data-dt-img-description=\"\" data-large_image_width=\"467\" data-large_image_height=\"251\"><img loading=\"lazy\" decoding=\"async\" class=\"size-medium wp-image-363665 alignleft\" src=\"https:\/\/www.radiopiu.net\/wordpress\/wp-content\/uploads\/2023\/11\/Senza-nome-149-300x161.png\" alt=\"\" width=\"300\" height=\"161\" srcset=\"https:\/\/www.radiopiu.net\/wordpress\/wp-content\/uploads\/2023\/11\/Senza-nome-149-300x161.png 300w, https:\/\/www.radiopiu.net\/wordpress\/wp-content\/uploads\/2023\/11\/Senza-nome-149.png 467w\" sizes=\"auto, (max-width: 300px) 100vw, 300px\" \/><\/a>FELTRE<\/strong> L&#8217;adesione allo sciopero presso lo stabilimento Wienerberger, dedicato alla produzione di laterizi, ha raggiunto l&#8217;80%, secondo quanto riportato dai sindacati. I lavoratori hanno organizzato un presidio davanti allo stabilimento a Villabruna, manifestando la loro insoddisfazione per l&#8217;impasse nelle trattative sul rinnovo del contratto integrativo scaduto nel dicembre del 2022. Le principali questioni contestate riguardano il rifiuto dell&#8217;azienda di accettare proposte migliorative sul premio di risultato dei lavoratori e aspetti normativi considerati peggiorativi. La presenza significativa di lavoratori, incluso personale fuori turno, ha dimostrato il sostegno alla protesta. I sindacati sottolineano che i dipendenti hanno gi\u00e0 affrontato sacrifici passati e ora chiedono riconoscimenti proporzionati alla crescita aziendale registrata di recente.<\/p>\n<p>&nbsp;<\/p>\n<p>&nbsp;<\/p>\n<p>&nbsp;<\/p>\n<p>&nbsp;<\/p>\n<p>&nbsp;<\/p>\n<hr \/>\n<p>&nbsp;<\/p>\n<p>&nbsp;<\/p>\n<blockquote>\n<h3><strong>Preoccupazione tra i Lavoratori di Innovatek: Stipendio di Novembre in Ritardo<\/strong><\/h3>\n<\/blockquote>\n<p><strong><a class=\"dt-pswp-item\" href=\"https:\/\/www.radiopiu.net\/wordpress\/wp-content\/uploads\/2023\/11\/th-17.jpg\" data-dt-img-description=\"\" data-large_image_width=\"320\" data-large_image_height=\"180\"><img loading=\"lazy\" decoding=\"async\" class=\"size-medium wp-image-363674 alignleft\" src=\"https:\/\/www.radiopiu.net\/wordpress\/wp-content\/uploads\/2023\/11\/th-17-300x169.jpg\" alt=\"\" width=\"300\" height=\"169\" srcset=\"https:\/\/www.radiopiu.net\/wordpress\/wp-content\/uploads\/2023\/11\/th-17-300x169.jpg 300w, https:\/\/www.radiopiu.net\/wordpress\/wp-content\/uploads\/2023\/11\/th-17.jpg 320w\" sizes=\"auto, (max-width: 300px) 100vw, 300px\" \/><\/a>LONGARONE<\/strong> I dipendenti di Innovatek di Longarone sono preoccupati poich\u00e9 lo stipendio di novembre, atteso per il 27 novembre, non \u00e8 stato ancora pagato. Si tratta del primo salario dopo il passaggio del ramo aziendale da Safilo a Innovatek. I lavoratori, in cassa integrazione straordinaria, hanno notato l&#8217;assenza dell&#8217;intera somma, compresa l&#8217;integrazione della cassa come previsto dagli accordi con i sindacati. Il presidente della societ\u00e0 ha spiegato che le retribuzioni vengono elaborate con un calendario &#8220;sfalsato&#8221; e che l&#8217;integrazione della cassa sar\u00e0 corrisposta il 27 dicembre. Un acconto rappresentativo sar\u00e0 erogato entro il 4 dicembre. La societ\u00e0 assicura una correzione degli eventuali errori nella fase iniziale.<\/p>\n<p>&nbsp;<\/p>\n<p>&nbsp;<\/p>\n<p>&nbsp;<\/p>\n<p>&nbsp;<\/p>\n<p>&nbsp;<\/p>\n<hr \/>\n<p>&nbsp;<\/p>\n<blockquote>\n<h3>ESSILORLUXOTTICA CELEBRA I DIPENDENTI CHE HANNO TRASCORSO 40 ANNI IN AZIENDA<\/h3>\n<\/blockquote>\n<p><strong><a class=\"dt-pswp-item\" href=\"https:\/\/www.radiopiu.net\/wordpress\/wp-content\/uploads\/2023\/11\/3T4A7206-scaled.jpg\" data-dt-img-description=\"\" data-large_image_width=\"2560\" data-large_image_height=\"1707\"><img loading=\"lazy\" decoding=\"async\" class=\" wp-image-363620 alignleft\" src=\"https:\/\/www.radiopiu.net\/wordpress\/wp-content\/uploads\/2023\/11\/3T4A7206-300x200.jpg\" alt=\"\" width=\"186\" height=\"124\" srcset=\"https:\/\/www.radiopiu.net\/wordpress\/wp-content\/uploads\/2023\/11\/3T4A7206-300x200.jpg 300w, https:\/\/www.radiopiu.net\/wordpress\/wp-content\/uploads\/2023\/11\/3T4A7206-1024x683.jpg 1024w, https:\/\/www.radiopiu.net\/wordpress\/wp-content\/uploads\/2023\/11\/3T4A7206-768x512.jpg 768w, https:\/\/www.radiopiu.net\/wordpress\/wp-content\/uploads\/2023\/11\/3T4A7206-1536x1024.jpg 1536w, https:\/\/www.radiopiu.net\/wordpress\/wp-content\/uploads\/2023\/11\/3T4A7206-2048x1365.jpg 2048w\" sizes=\"auto, (max-width: 186px) 100vw, 186px\" \/><\/a>AGORDO<\/strong> EssilorLuxottica ha voluto onorare i dipendenti che hanno dedicato 40 anni di servizio con un pranzo speciale ad Agordo. La giornata \u00e8 stata contraddistinta dalla presenza di Francesco Milleri, Presidente e Amministratore Delegato con Paul Du Saillant, vice Amministratore Delegato e Leonardo Maria Del Vecchio, Chief Strategy Officer di EssilorLuxottica che, insieme al Cav. Luigi Francavilla, a Giorgio Striano (Chief Operating Officer), Piergiorgio Angeli ( Chief HR Office) e Federico Buffa (Chief Marketing Officer, R&amp;D product and style) hanno voluto essere presenti a questa giornata di festa. Durante la cerimonia, sono stati premiati oltre 40 lavoratori provenienti da vari stabilimenti. I dirigenti hanno sottolineato l&#8217;importanza del legame tra azienda e dipendenti, esprimendo gratitudine e augurando una vita felice a coloro che hanno contribuito al successo del Gruppo. <em>\u201cPrima di tutto desidero esprimere un grazie di cuore per tutto quello che avete fatto. Alcuni di voi hanno iniziato prestissimo a lavorare, per questo oggi voglio augurarvi di avere una vita ancora lunga e felice, perch\u00e9 \u00e8 quello che vi siete meritati. \u00a0Avete vissuto insieme a Leonardo il momento pi\u00f9 bello e glorioso di questa azienda. Avete vissuto gli anni ruggenti\u201d <\/em>sono le parole di Francesco Milleri, Presidente e Amministratore Delegato di EssilorLuxottica. Luigi Francavilla, nel suo intervento, ha scherzato con i presenti, ricordando di aver assunto personalmente molti di loro. Ha elogiato la loro bravura e ha espresso migliori auguri per il futuro. E poi Leonardo Maria Del Vecchio che ha dichiarato <em>\u201cSiete sempre stati per me un esempio, come lo \u00e8 stata la fabbrica e ovviamente mio padre. Cercher\u00f2 di fare del mio meglio affinch\u00e9 continui ad essere cos\u00ec, sia per me che ho solo 28 anni sia per le persone ancora pi\u00f9 giovani di me all\u2019interno dell\u2019azienda\u201d.<\/em><\/p>\n<p><strong>Ecco la lista dei premiati:<\/strong>\u00a0Candido Benvegn\u00f9, Marisa Benvegn\u00f9, Antonio Carrera, Mirella Crepaz, Corrado Da Campo, Maria Angela Da Rold, Maria Giovanna Dal Don, Sonia Dal Don, Massimo D&#8217;Alessandro, Sonia De Col, Eugenio De Felicibus, Massimo De Lazzer, Fiorella De Zaiacomo, Leonardo Del Vecchio, Liana Dell&#8217;Osbel, Loredana Doro, Paola Follador, Liviana Fontanelle, Carla Fusina, Paola Fusina, Edvige Manfroi, Gioachino Manfroi, Paola Manfroi, Sonia Manfroi, Nicola Matricardi, Enrica Minotto, Marco Modena, Sandro Moretti, Livio Paolin, Maria Rosa Pertile, Antonio Petricca, Manuela Piccolin, Luca Rapagnetta, Sandro Santomaso, Marina Savio, Paolo Sirena, Celeste Soppelsa, Edi Soppelsa, Sandra Stradelli, Giovanni Tomaselli, Lucia Trevison, Mirto Angelo Valt, Paolo Zasso.<\/p>\n<p>&nbsp;<\/p>\n<p>&nbsp;<\/p>\n<hr \/>\n<p>&nbsp;<\/p>\n<blockquote>\n<h3>IL SERVIZIO NAVETTA PER LO STABILIMENTO ESSILORLUXOTTICA DI AGORDO? UNA NECESSITA&#8217; INDISPENSABILE<\/h3>\n<\/blockquote>\n<p><strong><a class=\"dt-pswp-item\" href=\"https:\/\/www.radiopiu.net\/wordpress\/wp-content\/uploads\/2022\/06\/LUXOTTICA-12.jpg\" data-dt-img-description=\"\" data-large_image_width=\"800\" data-large_image_height=\"600\"><img loading=\"lazy\" decoding=\"async\" class=\" wp-image-284019 alignleft\" src=\"https:\/\/www.radiopiu.net\/wordpress\/wp-content\/uploads\/2022\/06\/LUXOTTICA-12-300x225.jpg\" alt=\"\" width=\"192\" height=\"144\" srcset=\"https:\/\/www.radiopiu.net\/wordpress\/wp-content\/uploads\/2022\/06\/LUXOTTICA-12-300x225.jpg 300w, https:\/\/www.radiopiu.net\/wordpress\/wp-content\/uploads\/2022\/06\/LUXOTTICA-12-768x576.jpg 768w, https:\/\/www.radiopiu.net\/wordpress\/wp-content\/uploads\/2022\/06\/LUXOTTICA-12.jpg 800w\" sizes=\"auto, (max-width: 192px) 100vw, 192px\" \/><\/a>AGORDO<\/strong> Si torna a parlare del problema parcheggi in zona industriale Valcozzena e a tornare sull&#8217;argomento sono i rappresentanti sindacali della RSU Luxottica di Agordo della commissione trasporti. La questione del parcheggio \u00e8 spesso una sfida quotidiana, ma per i dipendenti EssilorLuxottica di Agordo, la situazione \u00e8 diventata critica. La saturazione dei parcheggi nelle prime ore del mattino lascia molti senza opzioni regolamentari, costringendoli a cercare spazi liberi con la paura di ricevere multe. Il turno pomeridiano presenta ulteriori sfide, rendendo la ricerca di parcheggio un&#8217;impresa simile a un terno al lotto prima delle 14. &#8220;Chi arriva dopo le 8 (quando va proprio bene le 9) non trova pi\u00f9 posti regolamentari e deve lasciare l&#8217;auto dove trova qualche metro quadro libero, sperando di non prendere l&#8217;ennesima multa. Non parliamo poi delle difficolt\u00e0 di coloro che fanno turno pomeriggio: trovare un parcheggio prima delle 14 sembra di fare un terno al lotto&#8221; dicono dalla RSU in un comunicato in bacheca. &#8220;Il problema generale della carenza di autisti \u00e8 chiaro a tutti per\u00f2 i colleghi fanno notare che in altri stabilimenti del gruppo il servizio navetta \u00e8 giustamente rimasto attivo, segno che qualche autista si riesce ancora a trovare. Sicuramente sar\u00e0 aumentato il costo del servizio, visto che in questo periodo \u00e8 aumentata di prezzo ogni cosa, ma questo non cancella la necessit\u00e0 di un collegamento efficace con i parcheggi periferici di Agordo, distanti almeno due chilometri da Valcozzena. I nostri colleghi rimarcano quotidianamente che per i grandi eventi come la cena aziendale e il Family Day vengono istituiti ottimi servizi di autobus, si augurano quindi che si trovino le risorse anche per ripristinare la navetta durante i giorni lavorativi. Se c&#8217;\u00e8 la volont\u00e0 di farlo&#8221; concludono dalla commissione trasporti.<\/p>\n<p>&nbsp;<\/p>\n<p>&nbsp;<\/p>\n<hr \/>\n<p>&nbsp;<\/p>\n<blockquote>\n<h3 class=\"Standard\">VITTIME DI BRAVI RAGAZZI<\/h3>\n<\/blockquote>\n<p><strong><a class=\"dt-pswp-item\" href=\"https:\/\/www.radiopiu.net\/wordpress\/wp-content\/uploads\/2023\/02\/SPI-CGIL.png\" data-dt-img-description=\"\" data-large_image_width=\"278\" data-large_image_height=\"244\"><img loading=\"lazy\" decoding=\"async\" class=\" wp-image-322694 alignleft\" src=\"https:\/\/www.radiopiu.net\/wordpress\/wp-content\/uploads\/2023\/02\/SPI-CGIL.png\" alt=\"\" width=\"162\" height=\"142\" \/><\/a>BELLUNO<\/strong> La serata &#8220;A voce alta&#8221; contro la violenza sulle donne, organizzata dal Coordinamento Donne dello Spi Cgil di Belluno, \u00e8 iniziata con la canzone &#8220;Potrei Essere Proprio Lei&#8221; di Simone Da Pra, che racconta il dolore per la perdita della madre vittima di femminicidio. L&#8217;evento ha avuto luogo nella parrocchia di Cavarzano, con il gruppo Voci di Passaggio che ha accompagnato la serata con musica e letture a tema. Durante l&#8217;incontro, \u00e8 stata dedicata un&#8217;emozione particolare a Giulia Cecchettin, vittima di femminicidio, con riferimento anche al libro di Roberto De Nart. Anna Cubattoli, Presidente dell&#8217;Associazione BellunoDonna, ha sottolineato che la violenza di genere \u00e8 un problema culturale e sociale trasversale a tutti gli strati sociali e paesi. I dati del Centro antiviolenza mostrano la necessit\u00e0 di un ripensamento radicale della cultura patriarcale. Piermario Fop di Libera contro le mafie ha presentato il progetto &#8220;Liberi di scegliere&#8221; come esempio di lotta contro la violenza mafiosa sulle donne. La Cgil di Belluno, insieme agli studenti, ha distribuito cartoline a sostegno del Centro antiviolenza BellunoDonna. Denise Casanova, Segretaria generale della Cgil bellunese, ha enfatizzato l&#8217;importanza di eliminare stereotipi di genere, linguaggio maschilista e differenze salariali per combattere la violenza di genere. La lotta alla violenza di genere richiede un impegno collettivo e politico per trasformare il 25 novembre in un simbolo di vittoria per l&#8217;intera comunit\u00e0.<\/p>\n<p>&nbsp;<\/p>\n<p>&nbsp;<\/p>\n<hr \/>\n<p>&nbsp;<\/p>\n<blockquote>\n<h3>PAOLO DOGLIONI NELLA CAPITALE, UOMO DELLA GIUNTA IN CONFCOMMERCIO<\/h3>\n<\/blockquote>\n<p><strong><img loading=\"lazy\" decoding=\"async\" class=\"alignleft\" src=\"https:\/\/www.radiopiu.net\/wordpress\/wp-content\/uploads\/2021\/07\/th-21.jpg\" width=\"229\" height=\"129\" \/>REDAZIONE<\/strong> La notizia dal notiziario delle 19, ogni sera con i giornalisti di Antenna 3 le anticipazioni del TG Bellunese in onda tutte le sera alle 19.30 sul canale 10 del digitale terrestre<\/p>\n<p>&nbsp;<\/p>\n<p><strong>IL SERVIZIO AUDIO, DI STEFANO BOZZI<\/strong><\/p>\n<audio class=\"wp-audio-shortcode\" id=\"audio-363479-5\" preload=\"none\" style=\"width: 100%;\" controls=\"controls\"><source type=\"audio\/mpeg\" src=\"https:\/\/www.radiopiu.net\/wordpress\/wp-content\/uploads\/2023\/11\/STEFANO-BOZZI.mp3?_=5\" \/><a href=\"https:\/\/www.radiopiu.net\/wordpress\/wp-content\/uploads\/2023\/11\/STEFANO-BOZZI.mp3\">https:\/\/www.radiopiu.net\/wordpress\/wp-content\/uploads\/2023\/11\/STEFANO-BOZZI.mp3<\/a><\/audio>\n<p>&nbsp;<\/p>\n<p>&nbsp;<\/p>\n<hr \/>\n<p>&nbsp;<\/p>\n<blockquote>\n<h3>PUNTO D&#8217;INCONTRO, LO SPAZIO CONTRO IL DISAGIO GIOVANILE<\/h3>\n<\/blockquote>\n<p><strong><a class=\"dt-pswp-item\" href=\"https:\/\/www.radiopiu.net\/wordpress\/wp-content\/uploads\/2023\/11\/c85dd8a6-2e58-40fd-a6c2-5a28d7f9d008.jpg\" data-dt-img-description=\"\" data-large_image_width=\"1600\" data-large_image_height=\"1200\"><img loading=\"lazy\" decoding=\"async\" class=\" wp-image-363588 alignleft\" src=\"https:\/\/www.radiopiu.net\/wordpress\/wp-content\/uploads\/2023\/11\/c85dd8a6-2e58-40fd-a6c2-5a28d7f9d008-300x225.jpg\" alt=\"\" width=\"151\" height=\"113\" srcset=\"https:\/\/www.radiopiu.net\/wordpress\/wp-content\/uploads\/2023\/11\/c85dd8a6-2e58-40fd-a6c2-5a28d7f9d008-300x225.jpg 300w, https:\/\/www.radiopiu.net\/wordpress\/wp-content\/uploads\/2023\/11\/c85dd8a6-2e58-40fd-a6c2-5a28d7f9d008-1024x768.jpg 1024w, https:\/\/www.radiopiu.net\/wordpress\/wp-content\/uploads\/2023\/11\/c85dd8a6-2e58-40fd-a6c2-5a28d7f9d008-768x576.jpg 768w, https:\/\/www.radiopiu.net\/wordpress\/wp-content\/uploads\/2023\/11\/c85dd8a6-2e58-40fd-a6c2-5a28d7f9d008-1536x1152.jpg 1536w, https:\/\/www.radiopiu.net\/wordpress\/wp-content\/uploads\/2023\/11\/c85dd8a6-2e58-40fd-a6c2-5a28d7f9d008.jpg 1600w\" sizes=\"auto, (max-width: 151px) 100vw, 151px\" \/><\/a>FELTRE<\/strong> Si chiama \u201cPunto d&#8217;incontro\u201d ed \u00e8 lo spazio contro il disagio giovanile che il Comune di Feltre aprir\u00e0 da gennaio per ascoltare gli adolescenti del Feltrino.<\/p>\n<p><strong>DI DANIELE DALVIT<\/strong><\/p>\n<audio class=\"wp-audio-shortcode\" id=\"audio-363479-6\" preload=\"none\" style=\"width: 100%;\" controls=\"controls\"><source type=\"audio\/mpeg\" src=\"https:\/\/www.radiopiu.net\/wordpress\/wp-content\/uploads\/2023\/11\/Radio-Piu-Servizio-Punto-dincontro-adolescenti-Feltre.mp3?_=6\" \/><a href=\"https:\/\/www.radiopiu.net\/wordpress\/wp-content\/uploads\/2023\/11\/Radio-Piu-Servizio-Punto-dincontro-adolescenti-Feltre.mp3\">https:\/\/www.radiopiu.net\/wordpress\/wp-content\/uploads\/2023\/11\/Radio-Piu-Servizio-Punto-dincontro-adolescenti-Feltre.mp3<\/a><\/audio>\n<p>&nbsp;<\/p>\n<p>&nbsp;<\/p>\n<hr \/>\n<p>&nbsp;<\/p>\n<blockquote>\n<h3>CORTINA 2026: DAL VILLAGGIO OLIMPICO A SERVIZIO DELLA COMUNITA&#8217;<\/h3>\n<\/blockquote>\n<p><strong><a class=\"dt-pswp-item\" href=\"https:\/\/www.radiopiu.net\/wordpress\/wp-content\/uploads\/2023\/11\/65211.jpg\" data-dt-img-description=\"\" data-large_image_width=\"2378\" data-large_image_height=\"1598\"><img loading=\"lazy\" decoding=\"async\" class=\" wp-image-363572 alignleft\" src=\"https:\/\/www.radiopiu.net\/wordpress\/wp-content\/uploads\/2023\/11\/65211-300x202.jpg\" alt=\"\" width=\"186\" height=\"125\" srcset=\"https:\/\/www.radiopiu.net\/wordpress\/wp-content\/uploads\/2023\/11\/65211-300x202.jpg 300w, https:\/\/www.radiopiu.net\/wordpress\/wp-content\/uploads\/2023\/11\/65211-1024x688.jpg 1024w, https:\/\/www.radiopiu.net\/wordpress\/wp-content\/uploads\/2023\/11\/65211-768x516.jpg 768w, https:\/\/www.radiopiu.net\/wordpress\/wp-content\/uploads\/2023\/11\/65211-1536x1032.jpg 1536w, https:\/\/www.radiopiu.net\/wordpress\/wp-content\/uploads\/2023\/11\/65211-2048x1376.jpg 2048w\" sizes=\"auto, (max-width: 186px) 100vw, 186px\" \/><\/a>REDAZIONE <\/strong>In un riconoscimento di prestigio nel panorama architettonico, la tesi di laurea in architettura intitolata &#8220;Cortina 2026, non solo Olimpiadi, dal villaggio olimpico ad uno spazio a servizio della comunit\u00e0&#8221; ha ottenuto il premio CONI nei premi del Comitato Leonardo. La giornata qualit\u00e0 Italia, tenutasi a Palazzo Montecitorio il 17 novembre e successivamente a Palazzo del Quirinale il 27 novembre alla presenza del Presidente della Repubblica Sergio Mattarella, \u00e8 stata la cornice di questo prestigioso riconoscimento. Gli autori della tesi, impegnati nella progettazione del villaggio olimpico di Cortina, sono stati premiati per il loro contributo innovativo e visionario. La proposta non si limita a un mero progetto olimpico, ma si estende a un piano d&#8217;azione per trasformare il villaggio in uno spazio al servizio della comunit\u00e0, considerando lo sviluppo sostenibile, le esigenze degli abitanti e la salvaguardia dell&#8217;ambiente e dell&#8217;architettura rurale. Il riconoscimento non solo celebra il successo accademico, ma anche il valore intrinseco della proposta, evidenziando l&#8217;importanza di dibattere sul futuro delle montagne, un tema cruciale tra gli equilibri tra crescita, comunit\u00e0 e ambiente. In un gesto di impegno continuativo, gli autori hanno accettato la sfida di aprire il loro studio, Baldinarchitettura, nel cuore delle Dolomiti a Gosaldo. Questo passo rappresenta un ulteriore impegno nel promuovere e contribuire allo sviluppo sostenibile e all&#8217;armonia tra l&#8217;uomo e la natura nelle meravigliose montagne delle Dolomiti. La speranza \u00e8 che questa iniziativa possa ispirare ulteriori dialoghi costruttivi sul futuro delle nostre comunit\u00e0 montane.<\/p>\n<p>&nbsp;<\/p>\n<p>&nbsp;<\/p>\n<hr \/>\n<p>&nbsp;<\/p>\n<blockquote>\n<h3>LA CAMPAGNA DI SESIBILIZZAZIONE CONTRO LA SOMMINISTRAZIONE DI CIBO AGLI ANIMALI SELVATICI<\/h3>\n<\/blockquote>\n<p><strong><a class=\"dt-pswp-item\" href=\"https:\/\/www.radiopiu.net\/wordpress\/wp-content\/uploads\/2018\/10\/cervo.jpg\" data-dt-img-description=\"\" data-large_image_width=\"1280\" data-large_image_height=\"853\"><img loading=\"lazy\" decoding=\"async\" class=\" wp-image-64272 alignleft\" src=\"https:\/\/www.radiopiu.net\/wordpress\/wp-content\/uploads\/2018\/10\/cervo-300x200.jpg\" alt=\"\" width=\"185\" height=\"123\" srcset=\"https:\/\/www.radiopiu.net\/wordpress\/wp-content\/uploads\/2018\/10\/cervo-300x200.jpg 300w, https:\/\/www.radiopiu.net\/wordpress\/wp-content\/uploads\/2018\/10\/cervo-768x512.jpg 768w, https:\/\/www.radiopiu.net\/wordpress\/wp-content\/uploads\/2018\/10\/cervo-1024x682.jpg 1024w, https:\/\/www.radiopiu.net\/wordpress\/wp-content\/uploads\/2018\/10\/cervo.jpg 1280w\" sizes=\"auto, (max-width: 185px) 100vw, 185px\" \/><\/a>BELLUNO<\/strong> La Provincia ha avviato una campagna di sensibilizzazione contro la somministrazione di cibo a cervi e caprioli nelle aree urbane, soprattutto d&#8217;inverno, per prevenire rischi di sicurezza stradale e problemi di salute agli animali. La lettera inviata ai Comuni sottolinea che questa pratica non solo mette a rischio la pubblica incolumit\u00e0, poich\u00e9 gli animali si avvicinano alle case cercando cibo, ma pu\u00f2 anche generare rischi sanitari e attirare altre specie indesiderate. La campagna avverte inoltre della potenziale attrazione di lupi in aree di alimentazione artificiale per ungulati, compromettendo la coesistenza con le attivit\u00e0 umane.<\/p>\n<p><strong>BARBARA PAOLAZZI, RADIO CLUB 103<\/strong><\/p>\n<audio class=\"wp-audio-shortcode\" id=\"audio-363479-7\" preload=\"none\" style=\"width: 100%;\" controls=\"controls\"><source type=\"audio\/mpeg\" src=\"https:\/\/www.radiopiu.net\/wordpress\/wp-content\/uploads\/2023\/11\/PAOLAZZI-CIBO-ANIMALI-SELVATICI.mp3?_=7\" \/><a href=\"https:\/\/www.radiopiu.net\/wordpress\/wp-content\/uploads\/2023\/11\/PAOLAZZI-CIBO-ANIMALI-SELVATICI.mp3\">https:\/\/www.radiopiu.net\/wordpress\/wp-content\/uploads\/2023\/11\/PAOLAZZI-CIBO-ANIMALI-SELVATICI.mp3<\/a><\/audio>\n<p>&nbsp;<\/p>\n<p>&nbsp;<\/p>\n<hr \/>\n<p>&nbsp;<\/p>\n<blockquote>\n<h3><a class=\"dt-pswp-item\" href=\"https:\/\/www.radiopiu.net\/wordpress\/wp-content\/uploads\/2023\/11\/Locale.jpg\" data-dt-img-description=\"\" data-large_image_width=\"1591\" data-large_image_height=\"1046\"><img loading=\"lazy\" decoding=\"async\" class=\" wp-image-363562 alignleft\" src=\"https:\/\/www.radiopiu.net\/wordpress\/wp-content\/uploads\/2023\/11\/Locale-300x197.jpg\" alt=\"\" width=\"164\" height=\"108\" srcset=\"https:\/\/www.radiopiu.net\/wordpress\/wp-content\/uploads\/2023\/11\/Locale-300x197.jpg 300w, https:\/\/www.radiopiu.net\/wordpress\/wp-content\/uploads\/2023\/11\/Locale-1024x673.jpg 1024w, https:\/\/www.radiopiu.net\/wordpress\/wp-content\/uploads\/2023\/11\/Locale-768x505.jpg 768w, https:\/\/www.radiopiu.net\/wordpress\/wp-content\/uploads\/2023\/11\/Locale-1536x1010.jpg 1536w, https:\/\/www.radiopiu.net\/wordpress\/wp-content\/uploads\/2023\/11\/Locale.jpg 1591w\" sizes=\"auto, (max-width: 164px) 100vw, 164px\" \/><\/a>IL MERCATINO DI NATALE IN NEVEGAL<\/h3>\n<\/blockquote>\n<p><strong>PONTE NELLE ALPI <\/strong>Chi ama il periodo natalizio e la magica atmosfera che si respira, non potr\u00e0 non appassionarsi al caratteristico mercatino di Natale, previsto in zona Pus-Pian Longhi, alle porte del Nevegal.\u00a0 L\u2019appuntamento \u00e8 per domenica 10 dicembre dalle ore 10 alle 16, mentre la location \u00e8 l\u2019ampio parcheggio del ristorante birreria Giamaj. E i promotori dell\u2019evento, aperto a tutti, sono proprio loro: i proprietari del locale, Marisa e Diego, che da anni svolgono un importante servizio per l\u2019intero Nevegal.<span class=\"gmail-Apple-converted-space\">\u00a0<\/span><\/p>\n<p>&nbsp;<\/p>\n<p>&nbsp;<\/p>\n<hr \/>\n<p>&nbsp;<\/p>\n<p>&nbsp;<\/p>\n<blockquote>\n<h3><a class=\"dt-pswp-item\" href=\"https:\/\/www.radiopiu.net\/wordpress\/wp-content\/uploads\/2023\/11\/Maestri-Gelatieri-Veneti.jpg\" data-dt-img-description=\"\" data-large_image_width=\"1536\" data-large_image_height=\"2048\"><img loading=\"lazy\" decoding=\"async\" class=\" wp-image-363639 alignleft\" src=\"https:\/\/www.radiopiu.net\/wordpress\/wp-content\/uploads\/2023\/11\/Maestri-Gelatieri-Veneti-225x300.jpg\" alt=\"\" width=\"134\" height=\"179\" srcset=\"https:\/\/www.radiopiu.net\/wordpress\/wp-content\/uploads\/2023\/11\/Maestri-Gelatieri-Veneti-225x300.jpg 225w, https:\/\/www.radiopiu.net\/wordpress\/wp-content\/uploads\/2023\/11\/Maestri-Gelatieri-Veneti-768x1024.jpg 768w, https:\/\/www.radiopiu.net\/wordpress\/wp-content\/uploads\/2023\/11\/Maestri-Gelatieri-Veneti-1152x1536.jpg 1152w, https:\/\/www.radiopiu.net\/wordpress\/wp-content\/uploads\/2023\/11\/Maestri-Gelatieri-Veneti.jpg 1536w\" sizes=\"auto, (max-width: 134px) 100vw, 134px\" \/><\/a>PRESENTATO ALLA MIG GELATONTHEROAD<\/h3>\n<\/blockquote>\n<p><strong>LONGARONE<\/strong> Durante la Mig di Longarone Fiere Dolomiti, \u00e8 stato presentato il progetto &#8220;GELATOn the ROAD&#8221;, il primo cammino europeo dedicato al gelato artigianale. Approvato dalla Commissione europea, l&#8217;itinerario mira a promuovere l&#8217;artigianato gelatiere in tutto il continente, coinvolgendo 12 Paesi europei e 14 partner. La fiera ha anche annunciato una collaborazione con Sirha Budapest, importante forum commerciale europeo nel settore alimentare e HoReCa, per promuovere l&#8217;eccellenza e l&#8217;innovazione nel mondo del gelato. Infine, una delegazione spagnola ha partecipato a un percorso sensoriale, mentre \u00e8 stato presentato uno &#8220;Speciale Giappone&#8221; con successi in gelateria e dimostrazioni culinarie.<\/p>\n<p>&nbsp;<\/p>\n<hr \/>\n<p>&nbsp;<\/p>\n<blockquote>\n<h2>LE DIRETTE DI RADIOPIU&#8217; IL CONSIGLIO DELL&#8217;UNIONE MONTANA AGORDINA<\/h2>\n<\/blockquote>\n<p><iframe loading=\"lazy\" title=\"IL CONSIGLIO DELL&#039;UNIONE MONTANA AGORDINA - 27 Novembre 2023\" width=\"1200\" height=\"675\" src=\"https:\/\/www.youtube.com\/embed\/DvLQlFR-K28?start=310&#038;feature=oembed\" frameborder=\"0\" allow=\"accelerometer; autoplay; clipboard-write; encrypted-media; gyroscope; picture-in-picture; web-share\" allowfullscreen><\/iframe><\/p>\n<p>&nbsp;<\/p>\n<hr \/>\n<p>&nbsp;<\/p>\n<p>&nbsp;<\/p>\n<p>&nbsp;<\/p>\n<p><span style=\"color: #ff0000;\">IERI SERA DAL TG DI ANTENNA 3, STEFANO BOZZI. E ALLE 19 OGNI SERA ALLA RADIO LE ANTICIPAZIONI DEL TG BELLUNESE DI ANTENNA 3, ALLE 19.30 SUL CANALE 10 DEL DIGITALE TERRESTRE\u00a0<\/span><\/p>\n<blockquote>\n<h3 class=\"_title post-title entry-title\">PONTE NELLE ALPI | \u2018JUDO ACADEMY\u2019: ARTI MARZIALI PER PERSONE IPOVEDENTI<\/h3>\n<\/blockquote>\n<p>Intervistati MICHELE MIGLIO (NAZIONALE ITALIANA JUDO IPOVEDENTI), ALICE DI GIROLAMO (JUDOKA) (Servizio di\u00a0<a href=\"https:\/\/antennatre.medianordest.it\/redazione\/Stefano-Bozzi\/\">Stefano Bozzi<\/a>)<\/p>\n<p><iframe loading=\"lazy\" title=\"&#039;JUDO ACADEMY&#039;: ARTI MARZIALI PER PERSONE IPOVEDENTI | 28\/11\/2023\" width=\"1200\" height=\"675\" src=\"https:\/\/www.youtube.com\/embed\/-6aWo4t6460?feature=oembed\" frameborder=\"0\" allow=\"accelerometer; autoplay; clipboard-write; encrypted-media; gyroscope; picture-in-picture; web-share\" allowfullscreen><\/iframe><\/p>\n<p>&nbsp;<\/p>\n<hr \/>\n<p>&nbsp;<\/p>\n<p>&nbsp;<\/p>\n<p>&nbsp;<\/p>\n<p><strong>MAGICA ESPOSIZIONE,\u00a0 ADDOBBI E COLORI, IL BOSCO INCANTATO, UN MONDO DI LUCI, PRESEPE A MODO TUO,\u00a0 LE MERAVIGLIOSE IDEE REGALO. UN PERCORSO CHE\u00a0 AFFASCINA\u00a0 PER CURA E CREATIVITA&#8217;. A BELLUNO VIA DEL BOSCON\u00a0\u00a0\u00a0 <a class=\"moz-txt-link-abbreviated\" href=\"http:\/\/www.dolomitigarden.it\">www.dolomitigarden.it<\/a> WORK IN PROGRESS AL DOLOMITI GARDEN &#8230; SEGUI SU RADIO PIU&#8217; LE ULTIME NOVITA&#8217;&#8230;. DA BELLUNO&#8230; STEFANO DE PARIS.<\/strong><\/p>\n<p>&nbsp;<\/p>\n<p><strong><a class=\"dt-pswp-item\" href=\"https:\/\/www.radiopiu.net\/wordpress\/wp-content\/uploads\/2023\/10\/1d4749c7-6303-451e-b1af-294d0af023a7.jpg\" data-dt-img-description=\"\" data-large_image_width=\"1200\" data-large_image_height=\"1600\"><img loading=\"lazy\" decoding=\"async\" class=\"size-medium wp-image-362687 alignleft\" src=\"https:\/\/www.radiopiu.net\/wordpress\/wp-content\/uploads\/2023\/10\/1d4749c7-6303-451e-b1af-294d0af023a7-225x300.jpg\" alt=\"\" width=\"225\" height=\"300\" srcset=\"https:\/\/www.radiopiu.net\/wordpress\/wp-content\/uploads\/2023\/10\/1d4749c7-6303-451e-b1af-294d0af023a7-225x300.jpg 225w, https:\/\/www.radiopiu.net\/wordpress\/wp-content\/uploads\/2023\/10\/1d4749c7-6303-451e-b1af-294d0af023a7-768x1024.jpg 768w, https:\/\/www.radiopiu.net\/wordpress\/wp-content\/uploads\/2023\/10\/1d4749c7-6303-451e-b1af-294d0af023a7-1152x1536.jpg 1152w, https:\/\/www.radiopiu.net\/wordpress\/wp-content\/uploads\/2023\/10\/1d4749c7-6303-451e-b1af-294d0af023a7.jpg 1200w\" sizes=\"auto, (max-width: 225px) 100vw, 225px\" \/><\/a><br \/>\n<\/strong><\/p>\n<p><strong>AUDIO<\/strong><\/p>\n<audio class=\"wp-audio-shortcode\" id=\"audio-363479-8\" preload=\"none\" style=\"width: 100%;\" controls=\"controls\"><source type=\"audio\/mpeg\" src=\"https:\/\/www.radiopiu.net\/wordpress\/wp-content\/uploads\/2023\/11\/DOLOMITI-GARDENNNNNNNNNNNN-1.mp3?_=8\" \/><a href=\"https:\/\/www.radiopiu.net\/wordpress\/wp-content\/uploads\/2023\/11\/DOLOMITI-GARDENNNNNNNNNNNN-1.mp3\">https:\/\/www.radiopiu.net\/wordpress\/wp-content\/uploads\/2023\/11\/DOLOMITI-GARDENNNNNNNNNNNN-1.mp3<\/a><\/audio>\n<p>&nbsp;<\/p>\n<p>&nbsp;<\/p>\n<p>&nbsp;<\/p>\n<hr \/>\n<p>&nbsp;<\/p>\n<p>&nbsp;<\/p>\n<blockquote>\n<h2>Lo scrittore Righetto guida il Cai<\/h2>\n<\/blockquote>\n<p><strong><img decoding=\"async\" class=\"alignleft\" src=\"https:\/\/www.radiopiu.net\/wordpress\/wp-content\/uploads\/2023\/11\/Senza-nome-151.png\" \/>LIVINALLONGO<\/strong><\/p>\n<p><strong>di LORENZO SORATROI<\/strong><\/p>\n<audio class=\"wp-audio-shortcode\" id=\"audio-363479-9\" preload=\"none\" style=\"width: 100%;\" controls=\"controls\"><source type=\"audio\/mpeg\" src=\"https:\/\/www.radiopiu.net\/wordpress\/wp-content\/uploads\/2023\/11\/lorenzo-righetto.mp3?_=9\" \/><a href=\"https:\/\/www.radiopiu.net\/wordpress\/wp-content\/uploads\/2023\/11\/lorenzo-righetto.mp3\">https:\/\/www.radiopiu.net\/wordpress\/wp-content\/uploads\/2023\/11\/lorenzo-righetto.mp3<\/a><\/audio>\n<p>&nbsp;<\/p>\n<p>&nbsp;<\/p>\n<hr \/>\n<p>&nbsp;<\/p>\n<h3><span style=\"color: #ff0000;\">I CONSIGLI COMUNALI IN AGORDINO<\/span><\/h3>\n<blockquote>\n<h3>A TAIBON<\/h3>\n<\/blockquote>\n<p><strong>TAIBON <\/strong>Consiglio comunale oggi alle 18. Cinque punti da trattare tra cui una variazione a bilancio e l&#8217;approvazione del documento unico di programmazione.<\/p>\n<blockquote>\n<h3>A COLLE SANTA LUCIA<\/h3>\n<\/blockquote>\n<p><strong>COLLE SANTA LUCIA<\/strong> Consiglio comunale convocato per oggi alle 21, all&#8217;ordine del giorno\u00a0 la ristrutturazione e messa in sicurezza dell&#8217;edificio comunale, il Dup, la variazioni al bilancio e anche l&#8217;approvazione del nuovo piano comunale di protezione civile.<\/p>\n<p>&nbsp;<\/p>\n<blockquote>\n<h3>A SELVA DI CADORE<\/h3>\n<\/blockquote>\n<p><strong>SELVA DI CADORE<\/strong> Consiglio comunale domani per l&#8217;approvazione del primo piano degli interventi; modifica al regolamento per la disciplina delle attivit\u00e0 di acconciatore, variazione al bilancio<\/p>\n<p>&nbsp;<\/p>\n<blockquote>\n<h3 style=\"text-align: left;\">A CENCENIGHE<\/h3>\n<\/blockquote>\n<p><strong>CENCENIGHE<\/strong>\u00a0 Consiglieri convocati dal sindaco Mauro Soppelsa per domani alle 20.30. All&#8217;ordine del giorno la quinta variazione al bilancio, approvazione della convenzione con il comprensivo di Cencenighe e per l&#8217;uso degli immobili comunali.<\/p>\n<p>&nbsp;<\/p>\n<p>&nbsp;<\/p>\n<hr \/>\n<p>&nbsp;<\/p>\n<blockquote>\n<h3>VACCINO ANTINFLUENZALE: PARTITA LA CAMPAGNA<\/h3>\n<\/blockquote>\n<p><strong><a class=\"dt-pswp-item\" href=\"https:\/\/www.radiopiu.net\/wordpress\/wp-content\/uploads\/2018\/01\/vaccinoinfluenza.jpg\" data-dt-img-description=\"\" data-large_image_width=\"1488\" data-large_image_height=\"973\"><img loading=\"lazy\" decoding=\"async\" class=\" wp-image-42390 alignleft\" src=\"https:\/\/www.radiopiu.net\/wordpress\/wp-content\/uploads\/2018\/01\/vaccinoinfluenza-300x196.jpg\" alt=\"\" width=\"142\" height=\"93\" srcset=\"https:\/\/www.radiopiu.net\/wordpress\/wp-content\/uploads\/2018\/01\/vaccinoinfluenza-300x196.jpg 300w, https:\/\/www.radiopiu.net\/wordpress\/wp-content\/uploads\/2018\/01\/vaccinoinfluenza-768x502.jpg 768w, https:\/\/www.radiopiu.net\/wordpress\/wp-content\/uploads\/2018\/01\/vaccinoinfluenza-1024x670.jpg 1024w, https:\/\/www.radiopiu.net\/wordpress\/wp-content\/uploads\/2018\/01\/vaccinoinfluenza.jpg 1488w\" sizes=\"auto, (max-width: 142px) 100vw, 142px\" \/><\/a>BELLUNO <\/strong>Da marted\u00ec \u00e8 attiva la prenotabilit\u00e0 della vaccinazione antinfluenzale per tutti gli over 65 residenti in Ulss Dolomiti. Il Dipartimento di Prevenzione ha infatti organizzato alcune sedute dedicate nel Centro Vaccinale di Salce, al Centro Prelievi di Feltre (Pad. Gaggia), all\u2019ospedale Pieve di Cadore o al drive in di Tai di Cadore e all\u2019ambulatorio vaccinale di Agordo.<br \/>\n<strong>Si riporta di seguito l\u2019elenco delle sedute disponibili:<\/strong><br \/>\n\u2022 01\/12 FELTRE GAGGIA ore 15.30-17.30<br \/>\nLa prenotazione \u00e8 possibile: online al link: https:\/\/dolomiti.myprenota.it\/vaccinazioni, con richiesta telefonica al numero 0437-514343, con richiesta via mail scrivendo a: vaccinazioni.covid@aulss1.veneto.it Si ricorda che tutti i soggetti per i quali \u00e8 raccomandata potranno eseguire gratuitamente la vaccinazione antinfluenzale dal proprio medico di famiglia o in alcune farmacie del territorio<\/p>\n<p>&nbsp;<\/p>\n<p>&nbsp;<\/p>\n<hr \/>\n<p>&nbsp;<\/p>\n<blockquote>\n<h3>NEL CUORE DELLA MONTAGNA<\/h3>\n<\/blockquote>\n<p><strong><a class=\"dt-pswp-item\" href=\"https:\/\/www.radiopiu.net\/wordpress\/wp-content\/uploads\/2023\/11\/RASS-MONTAGNA.png\" data-dt-img-description=\"\" data-large_image_width=\"587\" data-large_image_height=\"871\"><img loading=\"lazy\" decoding=\"async\" class=\" wp-image-363584 alignleft\" src=\"https:\/\/www.radiopiu.net\/wordpress\/wp-content\/uploads\/2023\/11\/RASS-MONTAGNA-202x300.png\" alt=\"\" width=\"98\" height=\"145\" srcset=\"https:\/\/www.radiopiu.net\/wordpress\/wp-content\/uploads\/2023\/11\/RASS-MONTAGNA-202x300.png 202w, https:\/\/www.radiopiu.net\/wordpress\/wp-content\/uploads\/2023\/11\/RASS-MONTAGNA.png 587w\" sizes=\"auto, (max-width: 98px) 100vw, 98px\" \/><\/a>SANTA GIUSTINA<\/strong> La rassegna &#8220;Nel Cuore della montagna&#8221; inizia oggi con lo scrittore Francesco Vidotto, autore di romanzi come &#8220;Il selvaggio&#8221; e &#8220;A ciascuno il proprio Dio&#8221;, che condivider\u00e0 una lettura personale del vivere in montagna. La seconda serata include la proiezione del documentario &#8220;Torrente Ardo: il selvaggio alle porte della citt\u00e0&#8221;. La rassegna si conclude con lo scrittore Antonio Bortoluzzi, autore di &#8220;Il saldatore del Vajont&#8221;, offrendo una nuova prospettiva sulla tragedia. Inoltre, il 1\u00b0 dicembre \u00e8 prevista la proiezione del film &#8220;Inferno&#8221; di Franco Fontana, in occasione della Giornata Internazionale contro la violenza sulle donne. Tutti gli eventi si tengono alle 20:30 presso il Centro Culturale di Santa Giustina, con ingresso libero e gratuito.<\/p>\n<p>&nbsp;<\/p>\n<p>&nbsp;<\/p>\n<hr \/>\n<p>&nbsp;<\/p>\n<blockquote>\n<h3><a class=\"dt-pswp-item\" href=\"https:\/\/www.radiopiu.net\/wordpress\/wp-content\/uploads\/2023\/11\/facciamo-rete.png\" data-dt-img-description=\"\" data-large_image_width=\"621\" data-large_image_height=\"445\"><img loading=\"lazy\" decoding=\"async\" class=\" wp-image-363597 alignleft\" src=\"https:\/\/www.radiopiu.net\/wordpress\/wp-content\/uploads\/2023\/11\/facciamo-rete-300x215.png\" alt=\"\" width=\"151\" height=\"108\" srcset=\"https:\/\/www.radiopiu.net\/wordpress\/wp-content\/uploads\/2023\/11\/facciamo-rete-300x215.png 300w, https:\/\/www.radiopiu.net\/wordpress\/wp-content\/uploads\/2023\/11\/facciamo-rete.png 621w\" sizes=\"auto, (max-width: 151px) 100vw, 151px\" \/><\/a>FACCIAMO RETE: PER L&#8217;ELIMINAZIONE DELLA VIOLENZA SULLE DONNE<\/h3>\n<\/blockquote>\n<p><strong>BELLUNO<\/strong>\u00a0Sabato alle 10:30 in sala Bianchi a Belluno si terr\u00e0 un convegno per l&#8217;eliminazione della violenza contro le donne dal titolo &#8220;Facciamo Rete&#8221;. Ingresso libero.<\/p>\n<p>&nbsp;<\/p>\n<p>&nbsp;<\/p>\n<hr \/>\n<p>&nbsp;<\/p>\n<blockquote>\n<h3>PRO LOCO DI CANALE D&#8217;AGORDO, MUSEO ALBINO LUCIANI E CASA NATALE PAPA LUCIANI<\/h3>\n<\/blockquote>\n<p><strong><a class=\"dt-pswp-item\" href=\"https:\/\/www.radiopiu.net\/wordpress\/wp-content\/uploads\/2022\/10\/Il-Musal-Museo-Albino-Luciani-3.jpg\" data-dt-img-description=\"\" data-large_image_width=\"2362\" data-large_image_height=\"1575\"><img loading=\"lazy\" decoding=\"async\" class=\" wp-image-299949 alignleft\" src=\"https:\/\/www.radiopiu.net\/wordpress\/wp-content\/uploads\/2022\/10\/Il-Musal-Museo-Albino-Luciani-3-300x200.jpg\" alt=\"\" width=\"134\" height=\"89\" srcset=\"https:\/\/www.radiopiu.net\/wordpress\/wp-content\/uploads\/2022\/10\/Il-Musal-Museo-Albino-Luciani-3-300x200.jpg 300w, https:\/\/www.radiopiu.net\/wordpress\/wp-content\/uploads\/2022\/10\/Il-Musal-Museo-Albino-Luciani-3-1024x683.jpg 1024w, https:\/\/www.radiopiu.net\/wordpress\/wp-content\/uploads\/2022\/10\/Il-Musal-Museo-Albino-Luciani-3-768x512.jpg 768w, https:\/\/www.radiopiu.net\/wordpress\/wp-content\/uploads\/2022\/10\/Il-Musal-Museo-Albino-Luciani-3-1536x1024.jpg 1536w, https:\/\/www.radiopiu.net\/wordpress\/wp-content\/uploads\/2022\/10\/Il-Musal-Museo-Albino-Luciani-3-2048x1366.jpg 2048w\" sizes=\"auto, (max-width: 134px) 100vw, 134px\" \/><\/a>CANALE D&#8217;AGORDO<\/strong> Durante i mesi di dicembre, gennaio e febbraio, il Museo Albino Luciani e la Pro Loco a Canale d&#8217;Agordo saranno aperti il venerd\u00ec, sabato e domenica dalle 9:00 alle 12:00 e dalle 15:00 alle 18:00. Dal 22 dicembre 2023 al 7 gennaio 2024, saranno aperti tutti i giorni negli stessi orari, con chiusura il 25 dicembre, il pomeriggio del 31 dicembre e la mattina del 1 gennaio. Per quanto riguarda la Casa Natale di Papa Luciani, durante dicembre sar\u00e0 aperta il venerd\u00ec, sabato e domenica dalle 10:00 alle 13:00 e dalle 15:00 alle 18:00. Dal 22 dicembre 2023 al 7 gennaio 2024, sar\u00e0 aperta tutti i giorni negli stessi orari, con chiusura il 25 dicembre, il pomeriggio del 31 dicembre e la mattina del 1 gennaio.<\/p>\n<p>&nbsp;<\/p>\n<p>&nbsp;<\/p>\n<hr \/>\n<p>&nbsp;<\/p>\n<h2><span style=\"color: #ff6600;\">IERI ALLA RADIO<\/span><\/h2>\n<h2><span style=\"color: #008080;\">&#8220;DINTORN E FORA VIA&#8221;\u00a0<\/span><span style=\"color: #008080;\"> IL PROGRAMMA\u00a0 <\/span><span style=\"color: #008080;\">A CURA DEL MUSLA\u00a0\u00a0<\/span><strong><span style=\"color: #ff0000;\">\u00a0<\/span><\/strong><\/h2>\n<p><strong><a class=\"dt-pswp-item\" href=\"https:\/\/www.radiopiu.net\/wordpress\/wp-content\/uploads\/2023\/04\/286468059_10225543269835880_1681823351224487741_n.jpg\" data-dt-img-description=\"\" data-large_image_width=\"958\" data-large_image_height=\"960\"><img loading=\"lazy\" decoding=\"async\" class=\"wp-image-331970 alignleft\" src=\"https:\/\/www.radiopiu.net\/wordpress\/wp-content\/uploads\/2023\/04\/286468059_10225543269835880_1681823351224487741_n-300x300.jpg\" alt=\"\" width=\"128\" height=\"128\" srcset=\"https:\/\/www.radiopiu.net\/wordpress\/wp-content\/uploads\/2023\/04\/286468059_10225543269835880_1681823351224487741_n-300x300.jpg 300w, https:\/\/www.radiopiu.net\/wordpress\/wp-content\/uploads\/2023\/04\/286468059_10225543269835880_1681823351224487741_n-150x150.jpg 150w, https:\/\/www.radiopiu.net\/wordpress\/wp-content\/uploads\/2023\/04\/286468059_10225543269835880_1681823351224487741_n-768x770.jpg 768w, https:\/\/www.radiopiu.net\/wordpress\/wp-content\/uploads\/2023\/04\/286468059_10225543269835880_1681823351224487741_n.jpg 958w\" sizes=\"auto, (max-width: 128px) 100vw, 128px\" \/><\/a>PUNTATA 28 NOVEMBRE BEATRICE COLCUC<\/strong><\/p>\n<audio class=\"wp-audio-shortcode\" id=\"audio-363479-10\" preload=\"none\" style=\"width: 100%;\" controls=\"controls\"><source type=\"audio\/mpeg\" src=\"https:\/\/www.radiopiu.net\/wordpress\/wp-content\/uploads\/2023\/11\/MUSLA-9.mp3?_=10\" \/><a href=\"https:\/\/www.radiopiu.net\/wordpress\/wp-content\/uploads\/2023\/11\/MUSLA-9.mp3\">https:\/\/www.radiopiu.net\/wordpress\/wp-content\/uploads\/2023\/11\/MUSLA-9.mp3<\/a><\/audio>\n<p>&nbsp;<\/p>\n<p><strong>LA RACCOLTA COMPLETA <a href=\"https:\/\/www.radiopiu.net\/wordpress\/musla\/\">CLICCA QUI<\/a><\/strong><\/p>\n<p>&nbsp;<\/p>\n<h2><strong><a class=\"dt-pswp-item\" href=\"https:\/\/www.radiopiu.net\/wordpress\/wp-content\/uploads\/2021\/11\/FORCELLA-AURINE.jpg\" data-dt-img-description=\"\" data-large_image_width=\"960\" data-large_image_height=\"720\"><img loading=\"lazy\" decoding=\"async\" class=\" wp-image-241538 alignleft\" src=\"https:\/\/www.radiopiu.net\/wordpress\/wp-content\/uploads\/2021\/11\/FORCELLA-AURINE-300x225.jpg\" alt=\"\" width=\"160\" height=\"120\" srcset=\"https:\/\/www.radiopiu.net\/wordpress\/wp-content\/uploads\/2021\/11\/FORCELLA-AURINE-300x225.jpg 300w, https:\/\/www.radiopiu.net\/wordpress\/wp-content\/uploads\/2021\/11\/FORCELLA-AURINE-768x576.jpg 768w, https:\/\/www.radiopiu.net\/wordpress\/wp-content\/uploads\/2021\/11\/FORCELLA-AURINE.jpg 960w\" sizes=\"auto, (max-width: 160px) 100vw, 160px\" \/><\/a><\/strong><span style=\"color: #00ccff;\">INIZIA LA STAGIONE INVERNALE A FORCELLA AURINE<\/span><\/h2>\n<p><strong>DI MIRKO MEZZACASA<\/strong><\/p>\n<p>OSPITI: Morgan Gnech e Sharon De Marco<\/p>\n<audio class=\"wp-audio-shortcode\" id=\"audio-363479-11\" preload=\"none\" style=\"width: 100%;\" controls=\"controls\"><source type=\"audio\/mpeg\" src=\"https:\/\/www.radiopiu.net\/wordpress\/wp-content\/uploads\/2023\/11\/morgan-sharon.mp3?_=11\" \/><a href=\"https:\/\/www.radiopiu.net\/wordpress\/wp-content\/uploads\/2023\/11\/morgan-sharon.mp3\">https:\/\/www.radiopiu.net\/wordpress\/wp-content\/uploads\/2023\/11\/morgan-sharon.mp3<\/a><\/audio>\n<p>&nbsp;<\/p>\n<h2><span style=\"color: #008000;\">UN FINE SETTIMANA POSITIVO PER GLI ATLETI DI ATTIVAMENTE AGORDINO<\/span><\/h2>\n<p><strong>DI MIRKO MEZZACASA<\/strong><\/p>\n<p>OSPITI: Roberto Broglio e \u00a0Cristina Carazzai<\/p>\n<audio class=\"wp-audio-shortcode\" id=\"audio-363479-12\" preload=\"none\" style=\"width: 100%;\" controls=\"controls\"><source type=\"audio\/mpeg\" src=\"https:\/\/www.radiopiu.net\/wordpress\/wp-content\/uploads\/2023\/11\/cristiana-roberto-piscina.mp3?_=12\" \/><a href=\"https:\/\/www.radiopiu.net\/wordpress\/wp-content\/uploads\/2023\/11\/cristiana-roberto-piscina.mp3\">https:\/\/www.radiopiu.net\/wordpress\/wp-content\/uploads\/2023\/11\/cristiana-roberto-piscina.mp3<\/a><\/audio>\n<p>&nbsp;<\/p>\n\n\t\t\t<style type='text\/css'>\n\t\t\t\t#gallery-4 {\n\t\t\t\t\tmargin: auto;\n\t\t\t\t}\n\t\t\t\t#gallery-4 .gallery-item {\n\t\t\t\t\tfloat: left;\n\t\t\t\t\tmargin-top: 10px;\n\t\t\t\t\ttext-align: center;\n\t\t\t\t\twidth: 25%;\n\t\t\t\t}\n\t\t\t\t#gallery-4 img {\n\t\t\t\t\tborder: 2px solid #cfcfcf;\n\t\t\t\t}\n\t\t\t\t#gallery-4 .gallery-caption {\n\t\t\t\t\tmargin-left: 0;\n\t\t\t\t}\n\t\t\t\t\/* see gallery_shortcode() in wp-includes\/media.php *\/\n\t\t\t<\/style>\n\t\t<div id='gallery-4' class='dt-gallery-container gallery galleryid-363479 gallery-columns-4 gallery-size-thumbnail'><dl class='gallery-item'>\n\t\t\t\t<dt class='gallery-icon landscape'>\n\t\t\t\t\t<a class=\"rollover rollover-zoom dt-pswp-item\" title=\"ed7cd7b4-009a-4230-b91d-8d11f0c8851f\" data-dt-img-description=\"\" data-large_image_width=\"2048\" data-large_image_height=\"946\"href='https:\/\/www.radiopiu.net\/wordpress\/wp-content\/uploads\/2023\/11\/ed7cd7b4-009a-4230-b91d-8d11f0c8851f.jpg'><img loading=\"lazy\" decoding=\"async\" width=\"150\" height=\"150\" src=\"https:\/\/www.radiopiu.net\/wordpress\/wp-content\/uploads\/2023\/11\/ed7cd7b4-009a-4230-b91d-8d11f0c8851f-150x150.jpg\" class=\"attachment-thumbnail size-thumbnail\" alt=\"\" aria-describedby=\"gallery-4-363499\" \/><\/a>\n\t\t\t\t<\/dt>\n\t\t\t\t\t<dd class='wp-caption-text gallery-caption' id='gallery-4-363499'>\n\t\t\t\t\tLongarone gara FIN Propaganda 2018-2013\n\t\t\t\t\t<\/dd><\/dl><dl class='gallery-item'>\n\t\t\t\t<dt class='gallery-icon landscape'>\n\t\t\t\t\t<a class=\"rollover rollover-zoom dt-pswp-item\" title=\"aac2145c-5d13-46b3-b9b3-ec29ac441a9e\" data-dt-img-description=\"\" data-large_image_width=\"2048\" data-large_image_height=\"1536\"href='https:\/\/www.radiopiu.net\/wordpress\/wp-content\/uploads\/2023\/11\/aac2145c-5d13-46b3-b9b3-ec29ac441a9e.jpg'><img loading=\"lazy\" decoding=\"async\" width=\"150\" height=\"150\" src=\"https:\/\/www.radiopiu.net\/wordpress\/wp-content\/uploads\/2023\/11\/aac2145c-5d13-46b3-b9b3-ec29ac441a9e-150x150.jpg\" class=\"attachment-thumbnail size-thumbnail\" alt=\"\" aria-describedby=\"gallery-4-363497\" \/><\/a>\n\t\t\t\t<\/dt>\n\t\t\t\t\t<dd class='wp-caption-text gallery-caption' id='gallery-4-363497'>\n\t\t\t\t\tgara CSI Cavalese-ragazzi medie superiori e master\n\t\t\t\t\t<\/dd><\/dl><dl class='gallery-item'>\n\t\t\t\t<dt class='gallery-icon landscape'>\n\t\t\t\t\t<a class=\"rollover rollover-zoom dt-pswp-item\" title=\"61d395af-f461-4853-bf19-e00fc27e3ec8\" data-dt-img-description=\"\" data-large_image_width=\"2048\" data-large_image_height=\"1536\"href='https:\/\/www.radiopiu.net\/wordpress\/wp-content\/uploads\/2023\/11\/61d395af-f461-4853-bf19-e00fc27e3ec8.jpg'><img loading=\"lazy\" decoding=\"async\" width=\"150\" height=\"150\" src=\"https:\/\/www.radiopiu.net\/wordpress\/wp-content\/uploads\/2023\/11\/61d395af-f461-4853-bf19-e00fc27e3ec8-150x150.jpg\" class=\"attachment-thumbnail size-thumbnail\" alt=\"\" aria-describedby=\"gallery-4-363498\" \/><\/a>\n\t\t\t\t<\/dt>\n\t\t\t\t\t<dd class='wp-caption-text gallery-caption' id='gallery-4-363498'>\n\t\t\t\t\tgara CSI Cavalese Ragazzi medie inferiori\n\t\t\t\t\t<\/dd><\/dl><dl class='gallery-item'>\n\t\t\t\t<dt class='gallery-icon portrait'>\n\t\t\t\t\t<a class=\"rollover rollover-zoom dt-pswp-item\" title=\"33c24ec1-c0f9-4013-a692-a79f4498b784\" data-dt-img-description=\"\" data-large_image_width=\"1200\" data-large_image_height=\"1600\"href='https:\/\/www.radiopiu.net\/wordpress\/wp-content\/uploads\/2023\/11\/33c24ec1-c0f9-4013-a692-a79f4498b784.jpg'><img loading=\"lazy\" decoding=\"async\" width=\"150\" height=\"150\" src=\"https:\/\/www.radiopiu.net\/wordpress\/wp-content\/uploads\/2023\/11\/33c24ec1-c0f9-4013-a692-a79f4498b784-150x150.jpg\" class=\"attachment-thumbnail size-thumbnail\" alt=\"\" aria-describedby=\"gallery-4-363496\" \/><\/a>\n\t\t\t\t<\/dt>\n\t\t\t\t\t<dd class='wp-caption-text gallery-caption' id='gallery-4-363496'>\n\t\t\t\t\tLongarone gara FIN Propaganda 2018-2013\n\t\t\t\t\t<\/dd><\/dl><br style=\"clear: both\" \/>\n\t\t\t<\/div>\n\n<p>&nbsp;<\/p>\n<hr \/>\n<p>&nbsp;<\/p>\n<h2><span style=\"color: #ff0000;\">GLI APPUNTAMENTI DELLA SETTIMANA\u00a0<\/span><\/h2>\n<blockquote>\n<h3>Incanto d&#8217;Aprile: Uno Spettacolo dal Romantico Richiamo al Mediterraneo ad Agordo<\/h3>\n<\/blockquote>\n<div class=\"flex flex-grow flex-col max-w-full\">\n<div class=\"min-h-[20px] text-message flex flex-col items-start gap-3 whitespace-pre-wrap break-words [.text-message+&amp;]:mt-5 overflow-x-auto\" data-message-author-role=\"assistant\" data-message-id=\"32c2379e-bf8f-475e-9dde-b7c2e223e590\">\n<div class=\"markdown prose w-full break-words dark:prose-invert dark\">\n<p><strong><img loading=\"lazy\" decoding=\"async\" class=\"alignleft\" src=\"https:\/\/www.radiopiu.net\/wordpress\/wp-content\/uploads\/2023\/11\/d809bb4f-4ba1-4a92-afbf-a2613ef220dd.jpg\" width=\"176\" height=\"249\" \/>AGORDO<\/strong> agordo Alle 20, presso l\u2019Auditorium Monsignor Vincenzo Savio ad Agordo, lo spettacolo &#8220;Incanto d&#8217;Aprile&#8221; prende vita, ispirato dal romanzo &#8220;The Enchanted April&#8221; di Elisabeth Von Arnim. La riduzione e adattamento di Alberta Toninato, che cura anche la regia, porta sul palco un&#8217;esperienza teatrale coinvolgente.<\/p>\n<p>L&#8217;allestimento \u00e8 frutto di una collaborazione tra le compagnie veneziane Bottegavaga e Fuoriposto. L&#8217;ingresso \u00e8 aperto a offerte libere, e il ricavato sar\u00e0 devoluto al Centro Antiviolenza Belluno-DONNA.<\/p>\n<p>La trama segue quattro signore inglesi, prive dei loro mariti e sconosciute tra loro, che decidono di intraprendere una vacanza in Italia. Il luogo prescelto \u00e8 un castello medievale affacciato sul mare delle scogliere liguri. Guidate dalla promessa di un aprile italiano, ricco di sole e profumi di fiori, le protagoniste cercano il Paradiso terrestre e la trasformazione personale.<\/p>\n<p>&#8220;Incanto d&#8217;Aprile&#8221; si propone di catturare l&#8217;infelicit\u00e0 in cui versano le protagoniste attraverso la bellezza del Mediterraneo, dei fiori e del mare. Il microcosmo delle donne, diverse tra loro, crea un&#8217;armonia che le trasforma e le completa reciprocamente. Un&#8217;opportunit\u00e0 di viaggio teatrale in un aprile italiano che promette di essere davvero incantato.<\/p>\n<p>&nbsp;<\/p>\n<\/div>\n<\/div>\n<\/div>\n<div class=\"mt-1 flex justify-start gap-3 empty:hidden\">\n<div class=\"text-gray-400 flex self-end lg:self-center justify-center lg:justify-start mt-0 gap-1 visible\">\n<p>&nbsp;<\/p>\n<\/div>\n<\/div>\n<blockquote>\n<h3>APPUNTI DI VIAGGIO CON ABM<\/h3>\n<\/blockquote>\n<p><strong>PIEVE DI CADORE<\/strong> \u201cAppunti di viaggio. L\u2019Italia al di l\u00e0 dell\u2019oceano\u201d \u00e8 il titolo della serata organizzata dalla Famiglia Ex emigranti del Cadore, con il patrocinio del Comune di Pieve di Cadore e dell\u2019Associazione Bellunesi nel Mondo, in programma oggi, alle 18.00, nella Sala Consigliare del Comune di Pieve di Cadore. Protagonista Nadia Agnoli, appena rientrata da un intenso viaggio in Sudamerica tra Messico, Per\u00f9 e Brasile<\/p>\n<p>&nbsp;<\/p>\n<blockquote>\n<h3><strong>&#8220;Una Serata per Ricordare&#8230;&#8221; &#8211; Il Ventiquattresimo Concerto del Coro Monti del Sole a Sedico<\/strong><\/h3>\n<\/blockquote>\n<p style=\"text-align: left;\"><a class=\"dt-pswp-item\" href=\"https:\/\/www.radiopiu.net\/wordpress\/wp-content\/uploads\/2023\/11\/coro-Monti-del-Sole.jpg\" data-dt-img-description=\"\" data-large_image_width=\"1080\" data-large_image_height=\"720\"><img loading=\"lazy\" decoding=\"async\" class=\" wp-image-363396 alignleft\" src=\"https:\/\/www.radiopiu.net\/wordpress\/wp-content\/uploads\/2023\/11\/coro-Monti-del-Sole-300x200.jpg\" alt=\"\" width=\"153\" height=\"102\" srcset=\"https:\/\/www.radiopiu.net\/wordpress\/wp-content\/uploads\/2023\/11\/coro-Monti-del-Sole-300x200.jpg 300w, https:\/\/www.radiopiu.net\/wordpress\/wp-content\/uploads\/2023\/11\/coro-Monti-del-Sole-1024x683.jpg 1024w, https:\/\/www.radiopiu.net\/wordpress\/wp-content\/uploads\/2023\/11\/coro-Monti-del-Sole-768x512.jpg 768w, https:\/\/www.radiopiu.net\/wordpress\/wp-content\/uploads\/2023\/11\/coro-Monti-del-Sole.jpg 1080w\" sizes=\"auto, (max-width: 153px) 100vw, 153px\" \/><\/a><strong>SEDICO<\/strong> Il Palaskating di Sedico si prepara ad accogliere il tradizionale appuntamento musicale &#8220;Una Serata per Ricordare&#8230;&#8221;, giunto alla ventiquattresima edizione, organizzato dal Coro Monti del Sole. Il concerto, in programma sabato 2 dicembre alle 20.45, vedr\u00e0 la partecipazione speciale del Coro Tre Pini di Padova, fondato nel 1958 da Gianni Malatesta. Oltre a rendere omaggio agli amici scomparsi e a celebrare un altro anno di attivit\u00e0, il Coro Monti del Sole guarda anche al futuro, puntando ad arricchire il proprio organico con nuove voci.<\/p>\n<p>&nbsp;<\/p>\n<blockquote>\n<h3>SANTA BARBARA CON LA QUINTA MINERARI<\/h3>\n<\/blockquote>\n<p><strong>FALCADE\u00a0<\/strong>Due giorni di festa a Falcade con la quinta minerari del Follador De Rossi di Agordo. Venerd\u00ec la serata con il ballo liscio e l&#8217;orchestra Prestazione Occasionale. Sabato sera dedicato ai giovani con Bisso, Morgan e Battaglia che faranno ballare i presenti fino a tarda notte.<\/p>\n<p>&nbsp;<\/p>\n<blockquote>\n<h3>DOMENICA SANTA BARBARA A SAN GREGORIO NELLE ALPI<\/h3>\n<\/blockquote>\n<p><strong>SAN GREGORIO NELLE ALPI<\/strong> Domenica a San Gregorio nelle Alpi si festeggia Santa Barbara. Alle 9:30 il raduno dei Cavalieri di Vittorio Veneto, a seguire la partenza del corteo nel Viale delle lampade spente con omaggio ai minatori scomparsi. Alle 10 la Santa Messa e a seguire la processione per le vie del paese. Alle 12 pranzo nella sede degli Alpini.<\/p>\n<p>&nbsp;<\/p>\n<blockquote>\n<h3>LA CENA DELLA CLASSE DEL 1943<\/h3>\n<\/blockquote>\n<p><strong>AGORDO<\/strong> Una giornata di festa domenica 3 dicembre per i coscritti del 1943. Alle 10 la santa messa nella chiesa arcidiaconale di Agordo, a seguire il trasferimento con mezzi propri a Voltago per ammirare il punto panoramico del San Sebatiano e la cena al ristorante Stella Alpina. Per informazioni 340 6076042 oppure 339 8546806<\/p>\n<p>&nbsp;<\/p>\n<h2><\/h2>\n<h2><span style=\"color: #ff0000;\">PROSSIMAMENTE <\/span><\/h2>\n<h2><span style=\"color: #ff0000;\"><a class=\"dt-pswp-item\" href=\"https:\/\/www.radiopiu.net\/wordpress\/wp-content\/uploads\/2023\/11\/th-15.jpg\" data-dt-img-description=\"\" data-large_image_width=\"269\" data-large_image_height=\"180\"><img loading=\"lazy\" decoding=\"async\" class=\" wp-image-363382 alignleft\" src=\"https:\/\/www.radiopiu.net\/wordpress\/wp-content\/uploads\/2023\/11\/th-15.jpg\" alt=\"\" width=\"184\" height=\"123\" \/><\/a><\/span><\/h2>\n<p><strong>LA STAGIONE DEL CINEMA DOLOMITI DI FALCADE:<\/strong> 7.8.9 E 10 DICEMBRE C&#8217;e&#8217; Ancora Domani, il film di Paola Cortellesi. E per Natale, tra l&#8217;altro: Santo Cielo (Ficarra e Picone), Napoleon, Wish (film di animazione della W.Disney), Improvvisamente a Natale mi sposo (dal Cadore la commedia di Abatantuono)<\/p>\n<p>ORARI: feriali alle 21, la domenica alle 15.30 e alle 21. Per informazioni contattare il 331 2700389<\/p>\n<p>&nbsp;<\/p>\n<hr \/>\n<p>&nbsp;<\/p>\n<blockquote>\n<h3 class=\"entry-title\">EVENTI PER I 40 ANNI DEL CENTRO INTERNAZIONALE DEL LIBRO PARLATO \u201cA. SERNAGIOTTO\u201d<\/h3>\n<\/blockquote>\n<div><\/div>\n<div class=\"articlePlainText\"><strong class=\"photoswipe-wrapper\"><a class=\"dt-pswp-item pspw-wrap-ready\" href=\"https:\/\/www.radiopiu.net\/wordpress\/wp-content\/uploads\/2023\/11\/1f9b39ac-7445-4292-9e66-746ed8bde8d9.jpg\" data-dt-img-description=\"\" data-large_image_width=\"800\" data-large_image_height=\"1067\"><img loading=\"lazy\" decoding=\"async\" class=\" wp-image-360368 alignleft\" src=\"https:\/\/www.radiopiu.net\/wordpress\/wp-content\/uploads\/2023\/11\/1f9b39ac-7445-4292-9e66-746ed8bde8d9-225x300.jpg\" sizes=\"auto, (max-width: 182px) 100vw, 182px\" srcset=\"https:\/\/www.radiopiu.net\/wordpress\/wp-content\/uploads\/2023\/11\/1f9b39ac-7445-4292-9e66-746ed8bde8d9-225x300.jpg 225w, https:\/\/www.radiopiu.net\/wordpress\/wp-content\/uploads\/2023\/11\/1f9b39ac-7445-4292-9e66-746ed8bde8d9-768x1024.jpg 768w, https:\/\/www.radiopiu.net\/wordpress\/wp-content\/uploads\/2023\/11\/1f9b39ac-7445-4292-9e66-746ed8bde8d9.jpg 800w\" alt=\"\" width=\"105\" height=\"140\" \/><\/a>FELTRE<\/strong> Gli eventi in programma per celebrare i 40 anni del Libro Parlato di Feltre \u201cA. Sernagiotto\u201d.<\/div>\n<p><strong>SABATO 9 DICEMBRE\u00a0<\/strong>alle 18 in Sala Ocri Letture ad alta voce dedicate a Italo Calvino con Fabio Dalla Zuanna e Anna Branciforti<\/p>\n<p><strong>LUNEDI 18 DICEMBRE\u00a0<\/strong>alle 18 in Sala Ocri Flavio Faoro: da Oltre le vette ai racconti e alle fiabe, presenta Luisa Alchini. Letture ad alta voce del gruppo Libri Parlanti<\/p>\n<p><strong>VENERDI 22 DICEMBRE\u00a0<\/strong>alle 18 in Sala Ocri Presentazione del libro \u201cIl saldatore del Vajont\u201d con l\u2019autore Antonio G. Bortoluzzi \u2013 presenta Nicola Maccagnan<\/p>\n<p>&nbsp;<\/p>\n<blockquote>\n<h3>SETE D&#8217;AFRICA: INIZIATIVA CULTURALE BENEFICA CON ROBERTO SORAMAE&#8217; IL 15 DICEMBRE<\/h3>\n<\/blockquote>\n<p><strong><a class=\"dt-pswp-item\" href=\"https:\/\/www.radiopiu.net\/wordpress\/wp-content\/uploads\/2023\/11\/ef1c9bef-3a68-4a70-bbc5-fc72afe31a76.jpg\" data-dt-img-description=\"\" data-large_image_width=\"1141\" data-large_image_height=\"1600\"><img loading=\"lazy\" decoding=\"async\" class=\" wp-image-363467 alignleft\" src=\"https:\/\/www.radiopiu.net\/wordpress\/wp-content\/uploads\/2023\/11\/ef1c9bef-3a68-4a70-bbc5-fc72afe31a76-214x300.jpg\" alt=\"\" width=\"142\" height=\"199\" srcset=\"https:\/\/www.radiopiu.net\/wordpress\/wp-content\/uploads\/2023\/11\/ef1c9bef-3a68-4a70-bbc5-fc72afe31a76-214x300.jpg 214w, https:\/\/www.radiopiu.net\/wordpress\/wp-content\/uploads\/2023\/11\/ef1c9bef-3a68-4a70-bbc5-fc72afe31a76-730x1024.jpg 730w, https:\/\/www.radiopiu.net\/wordpress\/wp-content\/uploads\/2023\/11\/ef1c9bef-3a68-4a70-bbc5-fc72afe31a76-768x1077.jpg 768w, https:\/\/www.radiopiu.net\/wordpress\/wp-content\/uploads\/2023\/11\/ef1c9bef-3a68-4a70-bbc5-fc72afe31a76-1095x1536.jpg 1095w, https:\/\/www.radiopiu.net\/wordpress\/wp-content\/uploads\/2023\/11\/ef1c9bef-3a68-4a70-bbc5-fc72afe31a76.jpg 1141w\" sizes=\"auto, (max-width: 142px) 100vw, 142px\" \/><\/a>SOSPIROLO<\/strong><\/p>\n<p>DI ROBERTO BONA<\/p>\n<audio class=\"wp-audio-shortcode\" id=\"audio-363479-13\" preload=\"none\" style=\"width: 100%;\" controls=\"controls\"><source type=\"audio\/mpeg\" src=\"https:\/\/www.radiopiu.net\/wordpress\/wp-content\/uploads\/2023\/11\/BONA-SERATA-ROBERTO-SORAMAE-SCAD-15-DICEMBRE.mp3?_=13\" \/><a href=\"https:\/\/www.radiopiu.net\/wordpress\/wp-content\/uploads\/2023\/11\/BONA-SERATA-ROBERTO-SORAMAE-SCAD-15-DICEMBRE.mp3\">https:\/\/www.radiopiu.net\/wordpress\/wp-content\/uploads\/2023\/11\/BONA-SERATA-ROBERTO-SORAMAE-SCAD-15-DICEMBRE.mp3<\/a><\/audio>\n<p>&nbsp;<\/p>\n<blockquote>\n<h3>L&#8217;ULTIMA VIA DI RICCARDO BEE, IL FILM<\/h3>\n<\/blockquote>\n<p><em>&#8220;Partiva per tre o quattro giorni, da solo. Sapevamo che viveva esperienze estreme, ma quando tornava era come se nulla fosse accaduto, le teneva in gran parte per s\u00e9&#8221;<\/em><\/p>\n<p><strong>SABATO 16 DICEMBRE, ALLE 20.30 IN SALA DON TAMIS<\/strong><br \/>\nIL FILM SARA&#8217; PRESENTATO DAL REGISTA EMANUELE CONFORTIN, MODERATORE DELLA SERATA GIANPAOLO SORATROI. DAL TRENTO FILM FESTIVAL AD AGORDO, &#8220;L&#8217;ULTIMA VIA DI RICCARDO BEE&#8221;, PER INIZIATIVA DEL COMUNE DI AGORDO<\/p>\n<p><a class=\"dt-pswp-item\" href=\"https:\/\/www.radiopiu.net\/wordpress\/wp-content\/uploads\/2023\/11\/196c380b-4f41-40fe-b60e-025662cd56ca.jpg\" data-dt-img-description=\"\" data-large_image_width=\"1131\" data-large_image_height=\"1600\"><img loading=\"lazy\" decoding=\"async\" class=\"size-medium wp-image-362712 aligncenter\" src=\"https:\/\/www.radiopiu.net\/wordpress\/wp-content\/uploads\/2023\/11\/196c380b-4f41-40fe-b60e-025662cd56ca-212x300.jpg\" alt=\"\" width=\"212\" height=\"300\" srcset=\"https:\/\/www.radiopiu.net\/wordpress\/wp-content\/uploads\/2023\/11\/196c380b-4f41-40fe-b60e-025662cd56ca-212x300.jpg 212w, https:\/\/www.radiopiu.net\/wordpress\/wp-content\/uploads\/2023\/11\/196c380b-4f41-40fe-b60e-025662cd56ca-724x1024.jpg 724w, https:\/\/www.radiopiu.net\/wordpress\/wp-content\/uploads\/2023\/11\/196c380b-4f41-40fe-b60e-025662cd56ca-768x1086.jpg 768w, https:\/\/www.radiopiu.net\/wordpress\/wp-content\/uploads\/2023\/11\/196c380b-4f41-40fe-b60e-025662cd56ca-1086x1536.jpg 1086w, https:\/\/www.radiopiu.net\/wordpress\/wp-content\/uploads\/2023\/11\/196c380b-4f41-40fe-b60e-025662cd56ca.jpg 1131w\" sizes=\"auto, (max-width: 212px) 100vw, 212px\" \/><\/a><\/p>\n<p>&nbsp;<\/p>\n<p>&nbsp;<\/p>\n<hr \/>\n<p>&nbsp;<\/p>\n<blockquote class=\"wp-embedded-content\" data-secret=\"yHzILoPP9g\"><p><a href=\"https:\/\/www.radiopiu.net\/wordpress\/don-cassiano-de-col-di-la-valle-agordina-un-rivoluzionario-ottocentesco-seconda-parte\/\">DON CASSIANO DE COL DI LA VALLE AGORDINA \u2013 UN RIVOLUZIONARIO OTTOCENTESCO. SECONDA PARTE<\/a><\/p><\/blockquote>\n<p><iframe loading=\"lazy\" class=\"wp-embedded-content\" sandbox=\"allow-scripts\" security=\"restricted\" style=\"position: absolute; clip: rect(1px, 1px, 1px, 1px);\" title=\"&#8220;DON CASSIANO DE COL DI LA VALLE AGORDINA \u2013 UN RIVOLUZIONARIO OTTOCENTESCO. SECONDA PARTE&#8221; &#8212; Radio Pi\u00f9\" src=\"https:\/\/www.radiopiu.net\/wordpress\/don-cassiano-de-col-di-la-valle-agordina-un-rivoluzionario-ottocentesco-seconda-parte\/embed\/#?secret=6hDiuUAHEG#?secret=yHzILoPP9g\" data-secret=\"yHzILoPP9g\" width=\"600\" height=\"338\" frameborder=\"0\" marginwidth=\"0\" marginheight=\"0\" scrolling=\"no\"><\/iframe><\/p>\n<p>&nbsp;<\/p>\n<hr \/>\n<p>&nbsp;<\/p>\n<div class=\"message spoilers-container\" dir=\"auto\">\n<div class=\"column\">\n<div class=\"message spoilers-container\" dir=\"auto\">\n<div class=\"column\">\n<p><img loading=\"lazy\" decoding=\"async\" class=\"aligncenter wp-image-61954 size-full\" src=\"https:\/\/www.radiopiu.net\/wordpress\/wp-content\/uploads\/2018\/09\/viabilita.jpeg\" sizes=\"auto, (max-width: 800px) 100vw, 800px\" srcset=\"https:\/\/www.radiopiu.net\/wordpress\/wp-content\/uploads\/2018\/09\/viabilita.jpeg 800w, https:\/\/www.radiopiu.net\/wordpress\/wp-content\/uploads\/2018\/09\/viabilita-300x38.jpeg 300w, https:\/\/www.radiopiu.net\/wordpress\/wp-content\/uploads\/2018\/09\/viabilita-768x96.jpeg 768w\" alt=\"\" width=\"800\" height=\"100\" \/><\/p>\n<\/div>\n<\/div>\n<div class=\"message spoilers-container\" dir=\"auto\">\n<div class=\"column\">\n<p>&nbsp;<\/p>\n<blockquote>\n<h3 class=\"entry-title\">PER DIGONERA: 563 CHIUSA FINO ALL\u2019IMMACOLATA<\/h3>\n<\/blockquote>\n<p><strong>REDAZIONE<\/strong> Correndo per battere anche la stagione fredda i lavori proseguono tra Saviner di Rocca Pietore e Digonera, impongono la chiusura della strada ormai da tempo, la nuova ordinanza la proroga fino alle 16.15 del 7 dicembre. Dunque interdizione totale in entrambi i sensi di marcia dalle 7.45 alle 16.15 dal lunedi al venerdi, negli altri orari senso unico alternato e limite di velocit\u00e0 a 30 chilometri orari<\/p>\n<p>&nbsp;<\/p>\n<p>&nbsp;<\/p>\n<\/div>\n<\/div>\n<\/div>\n<\/div>\n<blockquote class=\"wp-embedded-content\" data-secret=\"UebRmlFikg\"><p><a href=\"https:\/\/www.radiopiu.net\/wordpress\/viabilita\/\">viabilita<\/a><\/p><\/blockquote>\n<p><iframe loading=\"lazy\" class=\"wp-embedded-content\" sandbox=\"allow-scripts\" security=\"restricted\" style=\"position: absolute; clip: rect(1px, 1px, 1px, 1px);\" title=\"&#8220;viabilita&#8221; &#8212; Radio Pi\u00f9\" src=\"https:\/\/www.radiopiu.net\/wordpress\/viabilita\/embed\/#?secret=umwfWl8hMS#?secret=UebRmlFikg\" data-secret=\"UebRmlFikg\" width=\"600\" height=\"338\" frameborder=\"0\" marginwidth=\"0\" marginheight=\"0\" scrolling=\"no\"><\/iframe><\/p>\n<div class=\"message spoilers-container\" dir=\"auto\">\n<div class=\"column\">\n<div class=\"message spoilers-container\" dir=\"auto\">\n<div class=\"column\">\n<div>\n<div dir=\"ltr\">\n<div class=\"gmail_quote\">\n<div dir=\"ltr\">\n<div><\/div>\n<div><\/div>\n<\/div>\n<\/div>\n<\/div>\n<\/div>\n<hr \/>\n<p>&nbsp;<\/p>\n<p><a class=\"dt-pswp-item\" href=\"https:\/\/www.radiopiu.net\/wordpress\/wp-content\/uploads\/2018\/09\/WhatsApp-Image-2018-09-20-at-16.04.06.jpeg\" data-dt-img-description=\"\" data-large_image_width=\"800\" data-large_image_height=\"100\"><img loading=\"lazy\" decoding=\"async\" class=\"wp-image-61378 size-full aligncenter\" src=\"https:\/\/www.radiopiu.net\/wordpress\/wp-content\/uploads\/2018\/09\/WhatsApp-Image-2018-09-20-at-16.04.06.jpeg\" alt=\"\" width=\"800\" height=\"100\" srcset=\"https:\/\/www.radiopiu.net\/wordpress\/wp-content\/uploads\/2018\/09\/WhatsApp-Image-2018-09-20-at-16.04.06.jpeg 800w, https:\/\/www.radiopiu.net\/wordpress\/wp-content\/uploads\/2018\/09\/WhatsApp-Image-2018-09-20-at-16.04.06-300x38.jpeg 300w, https:\/\/www.radiopiu.net\/wordpress\/wp-content\/uploads\/2018\/09\/WhatsApp-Image-2018-09-20-at-16.04.06-768x96.jpeg 768w\" sizes=\"auto, (max-width: 800px) 100vw, 800px\" \/><\/a><\/p>\n<\/div>\n<\/div>\n<\/div>\n<\/div>\n<p><center><\/center>&nbsp;<\/p>\n<p><center><\/center><center><b>OGGI<\/b><\/center>Sereno o poco nuvoloso con qualche addensamento su Dolomiti nord. Da met\u00e0 pomeriggio graduale aumento della nuvolosit\u00e0 alta e sottile a partire da Prealpi ovest fino a nuvoloso ovunque in tarda serata.<br \/>\n<b>Precipitazioni: <\/b>Assenti.<br \/>\n<b>Temperature: <\/b>Temperature in generale calo con valori al di sotto della media.<\/p>\n<hr \/>\n<p><center><b>DOMANI<\/b><\/center>Cielo molto nuvoloso o coperto con qualche residua ed irregolare schiarita fino al primo mattino.<br \/>\n<b>Precipitazioni: <\/b>Dalla notte graduale aumento della probabilit\u00e0 di precipitazioni inizialmente molto deboli o deboli e sparse fino a divenire alta ovunque nel pomeriggio e soprattutto in serata quando potranno risultare diffuse generalmente deboli o al pi\u00f9 localmente moderate su alcuni settori Prealpini. Limite neve a fondovalle su Dolomiti, e inizialmente anche su Prealpi dove sar\u00e0 in graduale marcato rialzo, mentre su Dolomiti il rialzo sar\u00e0 assai pi\u00f9 graduale e a quote inferiori.<br \/>\n<b>Temperature: <\/b>In generale aumento, pi\u00f9 marcato su Prealpi.<\/p>\n<hr \/>\n<p><center><b>VENERDI<\/b><\/center>Nuvoloso o molto nuvoloso con deboli precipitazioni diffuse possibili a tratti durante tutta la giornata localmente moderate su Prealpi; non escluso qualche rovescio nel pomeriggio\/sera. Limite neve piuttosto variabile durante la giornata ed indicativamente in rialzo al mattino fin oltre i 2000 m su Prealpi, 1300-1600 su Dolomiti, in calo dal pomeriggio ed in serata a 1300-1600 su Prealpi e 1000-1400 su Dolomiti. Temperature in generale aumento in giornata, in calo in quota dal pomeriggio\/sera.<\/p>\n<hr \/>\n<p><center><b>SABATO<\/b><\/center>Nella notte residue deboli precipitazioni in esaurimento con eventuale quota neve in generale ulteriore calo. In giornata variabilit\u00e0 con schiarite e qualche annuvolamento e non escluso qualche debole nevicata nel pomeriggio. Temperature in generale calo, anche marcato in quota.<\/p>\n<p>&nbsp;<\/p>\n<div class=\"message spoilers-container\" dir=\"auto\">\n<hr \/>\n<p>&nbsp;<\/p>\n<p><img loading=\"lazy\" decoding=\"async\" class=\"wp-image-60761 size-full aligncenter\" src=\"https:\/\/www.radiopiu.net\/wordpress\/wp-content\/uploads\/2018\/09\/sport.jpg\" alt=\"\" width=\"800\" height=\"100\" srcset=\"https:\/\/www.radiopiu.net\/wordpress\/wp-content\/uploads\/2018\/09\/sport.jpg 800w, https:\/\/www.radiopiu.net\/wordpress\/wp-content\/uploads\/2018\/09\/sport-300x38.jpg 300w, https:\/\/www.radiopiu.net\/wordpress\/wp-content\/uploads\/2018\/09\/sport-768x96.jpg 768w\" sizes=\"auto, (max-width: 800px) 100vw, 800px\" \/><\/p>\n<p><span style=\"color: #0000ff;\"><strong>\u00a0 \u00a0\u00a0<\/strong><\/span><\/p>\n<p>&nbsp;<\/p>\n<blockquote>\n<h2>ARTISTICO<\/h2>\n<p>Incanto d&#8217;Aprile: Uno Spettacolo dal Romantico Richiamo al Mediterraneo ad Agordo<\/p><\/blockquote>\n<p><a class=\"dt-pswp-item\" href=\"https:\/\/www.radiopiu.net\/wordpress\/wp-content\/uploads\/2023\/11\/405444680_665668825750416_5633215793430815750_n.jpg\" data-dt-img-description=\"\" data-large_image_width=\"2000\" data-large_image_height=\"1500\"><img loading=\"lazy\" decoding=\"async\" class=\"size-medium wp-image-363653 alignleft\" src=\"https:\/\/www.radiopiu.net\/wordpress\/wp-content\/uploads\/2023\/11\/405444680_665668825750416_5633215793430815750_n-300x225.jpg\" alt=\"\" width=\"300\" height=\"225\" srcset=\"https:\/\/www.radiopiu.net\/wordpress\/wp-content\/uploads\/2023\/11\/405444680_665668825750416_5633215793430815750_n-300x225.jpg 300w, https:\/\/www.radiopiu.net\/wordpress\/wp-content\/uploads\/2023\/11\/405444680_665668825750416_5633215793430815750_n-1024x768.jpg 1024w, https:\/\/www.radiopiu.net\/wordpress\/wp-content\/uploads\/2023\/11\/405444680_665668825750416_5633215793430815750_n-768x576.jpg 768w, https:\/\/www.radiopiu.net\/wordpress\/wp-content\/uploads\/2023\/11\/405444680_665668825750416_5633215793430815750_n-1536x1152.jpg 1536w, https:\/\/www.radiopiu.net\/wordpress\/wp-content\/uploads\/2023\/11\/405444680_665668825750416_5633215793430815750_n.jpg 2000w\" sizes=\"auto, (max-width: 300px) 100vw, 300px\" \/><\/a>Nel suggestivo scenario del Palasmeraldo di Fondo, il weekend del 18 e 19 novembre ha visto svolgersi la seconda prova del Trofeo delle Regioni, un evento di rilevanza nazionale che ha visto brillare le stelle del pattinaggio artistico nella categoria Fascia Silver. Tra le partecipanti nella categoria Intermediate Novice, spiccano i risultati di Martina Da Tos, che ha ottenuto un lodevole 10\u00ba posto, migliorando il suo punteggio, e di Veronia Bartoli, classificatasi al 24\u00ba posto. Il pattinaggio artistico dell&#8217;Agordino Ghiaccio &amp; Sport ha poi fatto il suo trionfale ingresso alla Gardena Cup a Selva di Val Gardena, il 25 e 26 novembre, per una prova di campionato nella Fascia Bronze. Un gruppo numeroso di 12 atlete ha partecipato con grinta e passione, ottenendo risultati significativi. Nella categoria Pulcini, Ellis Lepre e Livia Appamea\u00a0 hanno svolto una performance eccezionale nel pulcino verde, insieme a Irene Masiero, Marianna Veggiato, e Sofia Petri nel pulcino giallo. Nonostante la giovane et\u00e0, queste atlete hanno dimostrato grande talento e dedizione. Il bottino di successi continua con Rita Masiero, classificatasi al 5\u00ba posto nella categoria Esordienti A, e Giulia Rossi, al 8\u00ba posto nella stessa categoria. Marica Rossi ha conquistato il 9\u00ba posto nella categoria Under 13 Open, mentre Anna Carlini e Anita Serafini si sono distinte rispettivamente al 4\u00ba e 10\u00ba posto nella categoria Principianti B. Stephanie Tibolla ha ottenuto un notevole 4\u00ba posto nella categoria Over 13 Open, mentre Gaia Serafini si \u00e8 classificata al 6\u00ba posto nella stessa categoria. Concludendo l&#8217;anno di gare, le atlete si preparano ora per il saggio di Natale, in programma allo Stadio del Ghiaccio di Alleghe il prossimo 23 dicembre. Un momento atteso per condividere con la comunit\u00e0 le loro abilit\u00e0 e la magia del pattinaggio artistico.<\/p>\n<p>&nbsp;<\/p>\n<p><span style=\"color: #0000ff;\"><strong>NUOTO<\/strong><\/span><\/p>\n<blockquote>\n<h3>NUOTO PARALIMPICO: TRE MEDAGLIE AI CAMPIONATI ITALIANI IN VASCA CORTA<\/h3>\n<\/blockquote>\n<p><strong><a class=\"dt-pswp-item\" href=\"https:\/\/www.radiopiu.net\/wordpress\/wp-content\/uploads\/2023\/11\/Gruppo_bellunese_a_Ostia.jpg\" data-dt-img-description=\"\" data-large_image_width=\"2048\" data-large_image_height=\"1537\"><img loading=\"lazy\" decoding=\"async\" class=\" wp-image-363564 alignleft\" src=\"https:\/\/www.radiopiu.net\/wordpress\/wp-content\/uploads\/2023\/11\/Gruppo_bellunese_a_Ostia-300x225.jpg\" alt=\"\" width=\"181\" height=\"136\" srcset=\"https:\/\/www.radiopiu.net\/wordpress\/wp-content\/uploads\/2023\/11\/Gruppo_bellunese_a_Ostia-300x225.jpg 300w, https:\/\/www.radiopiu.net\/wordpress\/wp-content\/uploads\/2023\/11\/Gruppo_bellunese_a_Ostia-1024x769.jpg 1024w, https:\/\/www.radiopiu.net\/wordpress\/wp-content\/uploads\/2023\/11\/Gruppo_bellunese_a_Ostia-768x576.jpg 768w, https:\/\/www.radiopiu.net\/wordpress\/wp-content\/uploads\/2023\/11\/Gruppo_bellunese_a_Ostia-1536x1153.jpg 1536w, https:\/\/www.radiopiu.net\/wordpress\/wp-content\/uploads\/2023\/11\/Gruppo_bellunese_a_Ostia.jpg 2048w\" sizes=\"auto, (max-width: 181px) 100vw, 181px\" \/><\/a>BELLUNO <\/strong>Eleonora Dal Paos e Daniela Belletti, accompagnate dal tecnico Silvia Casagrande, hanno ottenuto tre medaglie ai Campionati italiani di nuoto paralimpico in vasca corta a Ostia. Dal Paos ha conquistato l&#8217;oro nei 50 dorso (1\u201914\u201d08) nella categoria S4 e ha ottenuto buoni risultati nei 50 e 100 stile libero. Belletti (S3) ha guadagnato l&#8217;argento nei 50 dorso (1\u201946\u201d09) e il bronzo nei 50 stile (1\u201944\u201d53). Le nuotatrici bellunesi hanno brillato in un contesto di alto livello, con quattro record europei e sei mondiali raggiunti durante l&#8217;evento. Il tecnico Casagrande ha elogiato le prestazioni, sottolineando la buona risposta di Dal Paos nonostante qualche problema di salute precedente. Il prossimo appuntamento sar\u00e0 la gara Fin il 3 dicembre, mentre il 2023 si concluder\u00e0 a Brescia il 17 dicembre con un altro evento nazionale.<\/p>\n<p>&nbsp;<\/p>\n<p><span style=\"color: #0000ff;\"><strong>ATLETICA<\/strong><\/span><\/p>\n<blockquote>\n<h3>DA VIA&#8217; IN AZZURRO PER GLI EUROPEI DI CROSS<\/h3>\n<\/blockquote>\n<p><a class=\"dt-pswp-item\" href=\"https:\/\/www.radiopiu.net\/wordpress\/wp-content\/uploads\/2023\/11\/Da-Via_Francesco_credito-Grana-Fidal-scaled.jpg\" data-dt-img-description=\"Campionati italiani di cross 2023 | 11-12.03.2023 Gubbio (PG) | Foto: Francesca Grana\/FIDAL\" data-large_image_width=\"2560\" data-large_image_height=\"2121\"><img loading=\"lazy\" decoding=\"async\" class=\"alignleft wp-image-363568 \" src=\"https:\/\/www.radiopiu.net\/wordpress\/wp-content\/uploads\/2023\/11\/Da-Via_Francesco_credito-Grana-Fidal-300x249.jpg\" alt=\"\" width=\"154\" height=\"128\" srcset=\"https:\/\/www.radiopiu.net\/wordpress\/wp-content\/uploads\/2023\/11\/Da-Via_Francesco_credito-Grana-Fidal-300x249.jpg 300w, https:\/\/www.radiopiu.net\/wordpress\/wp-content\/uploads\/2023\/11\/Da-Via_Francesco_credito-Grana-Fidal-1024x848.jpg 1024w, https:\/\/www.radiopiu.net\/wordpress\/wp-content\/uploads\/2023\/11\/Da-Via_Francesco_credito-Grana-Fidal-768x636.jpg 768w, https:\/\/www.radiopiu.net\/wordpress\/wp-content\/uploads\/2023\/11\/Da-Via_Francesco_credito-Grana-Fidal-1536x1273.jpg 1536w, https:\/\/www.radiopiu.net\/wordpress\/wp-content\/uploads\/2023\/11\/Da-Via_Francesco_credito-Grana-Fidal-2048x1697.jpg 2048w\" sizes=\"auto, (max-width: 154px) 100vw, 154px\" \/><\/a><\/p>\n<p><strong>BORGO VALBELLUNA <\/strong>Francesco Da Vi\u00e0 \u00e8 stato convocato per i Campionati Europei di corsa campestre che si terranno il 10 dicembre a Bruxelles. Dopo il settimo posto al Carsolina Cross, \u00e8 la seconda volta che il ventiduenne di Domegge di Cadore vestir\u00e0 la maglia azzurra nella stessa stagione. Dopo il debutto nella Nazionale under 23 di corsa su strada a Trieste, contribuendo alla vittoria dell&#8217;Italia, Da Vi\u00e0 si prepara ora per l&#8217;importante competizione continentale. La sua stagione \u00e8 stata gi\u00e0 notevole con vittorie regionali, un quarto posto ai Campionati Italiani under 23 di corsa campestre, il debutto nella mezza maratona e un argento ai campionati italiani dei 10 km su strada di Pescara.<\/p>\n<p>&nbsp;<\/p>\n<p>&nbsp;<\/p>\n<p>&nbsp;<\/p>\n<p>&nbsp;<\/p>\n<\/div>\n<div style=\"width: 848px;\" class=\"wp-video\"><video class=\"wp-video-shortcode\" id=\"video-363479-1\" width=\"848\" height=\"480\" preload=\"metadata\" controls=\"controls\"><source type=\"video\/mp4\" src=\"https:\/\/www.radiopiu.net\/wordpress\/wp-content\/uploads\/2023\/11\/WhatsApp-Video-2023-11-22-at-15.20.12.mp4?_=1\" \/><a href=\"https:\/\/www.radiopiu.net\/wordpress\/wp-content\/uploads\/2023\/11\/WhatsApp-Video-2023-11-22-at-15.20.12.mp4\">https:\/\/www.radiopiu.net\/wordpress\/wp-content\/uploads\/2023\/11\/WhatsApp-Video-2023-11-22-at-15.20.12.mp4<\/a><\/video><\/div>\n","protected":false},"excerpt":{"rendered":"<p>***** &nbsp; 40esimo di RADIOPIU\u2026. LA VOCE DELL\u2019EMOZIONE ISCRIVITI AL NOSTRO CANALE\u00a0\u00a0YOUTUBE PER SEGUIRE IN DIRETTA I PRINCIPALI PROGRAMMI DI RADIO PIU\u2019 E LE FUTURE DIRETTE IN ESTERNA. PER ISCRIVERTI CLICCA QUI\u00a0E PREMI\u00a0 \u201cIscriviti\u201d\u00a0 &nbsp; &nbsp; &nbsp; \u00a0 i podcast informativi del mattino LA RASSEGNA STAMPA NAZIONALE ALLA RADIO, OGNI GIORNO ALLE 5 E ALLE&hellip;<\/p>\n","protected":false},"author":4,"featured_media":363662,"comment_status":"closed","ping_status":"closed","sticky":false,"template":"","format":"standard","meta":{"_monsterinsights_skip_tracking":false,"_monsterinsights_sitenote_active":false,"_monsterinsights_sitenote_note":"","_monsterinsights_sitenote_category":0,"footnotes":""},"categories":[51,86,49],"tags":[],"class_list":["post-363479","post","type-post","status-publish","format-standard","has-post-thumbnail","hentry","category-evidenza-top","category-gr","category-news-18","category-51","category-86","category-49","description-off"],"img_url":"https:\/\/www.radiopiu.net\/wordpress\/wp-content\/uploads\/2023\/11\/Senza-nome-148.png","_links":{"self":[{"href":"https:\/\/www.radiopiu.net\/wordpress\/wp-json\/wp\/v2\/posts\/363479","targetHints":{"allow":["GET"]}}],"collection":[{"href":"https:\/\/www.radiopiu.net\/wordpress\/wp-json\/wp\/v2\/posts"}],"about":[{"href":"https:\/\/www.radiopiu.net\/wordpress\/wp-json\/wp\/v2\/types\/post"}],"author":[{"embeddable":true,"href":"https:\/\/www.radiopiu.net\/wordpress\/wp-json\/wp\/v2\/users\/4"}],"replies":[{"embeddable":true,"href":"https:\/\/www.radiopiu.net\/wordpress\/wp-json\/wp\/v2\/comments?post=363479"}],"version-history":[{"count":0,"href":"https:\/\/www.radiopiu.net\/wordpress\/wp-json\/wp\/v2\/posts\/363479\/revisions"}],"wp:featuredmedia":[{"embeddable":true,"href":"https:\/\/www.radiopiu.net\/wordpress\/wp-json\/wp\/v2\/media\/363662"}],"wp:attachment":[{"href":"https:\/\/www.radiopiu.net\/wordpress\/wp-json\/wp\/v2\/media?parent=363479"}],"wp:term":[{"taxonomy":"category","embeddable":true,"href":"https:\/\/www.radiopiu.net\/wordpress\/wp-json\/wp\/v2\/categories?post=363479"},{"taxonomy":"post_tag","embeddable":true,"href":"https:\/\/www.radiopiu.net\/wordpress\/wp-json\/wp\/v2\/tags?post=363479"}],"curies":[{"name":"wp","href":"https:\/\/api.w.org\/{rel}","templated":true}]}}