{"id":363502,"date":"2023-12-12T05:07:15","date_gmt":"2023-12-12T04:07:15","guid":{"rendered":"https:\/\/www.radiopiu.net\/wordpress\/?p=363502"},"modified":"2023-12-12T06:15:56","modified_gmt":"2023-12-12T05:15:56","slug":"ufficio-postale-di-agordo-disservizi-postali-ad-agordo","status":"publish","type":"post","link":"https:\/\/www.radiopiu.net\/wordpress\/ufficio-postale-di-agordo-disservizi-postali-ad-agordo\/","title":{"rendered":"POSTE AD AGORDO, GRAVI CRITICITA&#8217; DI SICUREZZA, SCATTA LA DENUNCIA SINDACALE"},"content":{"rendered":"<blockquote>\n<h3>***<\/h3>\n<\/blockquote>\n<p>Il comunicato sindacale del 29\/11\/23, relativo al PDD di Agordo (a firma di Gianluca Franceschilli e Luca Bof della Slc Cgil), evidenzia gravi criticit\u00e0 di sicurezza riscontrate durante un sopralluogo sindacale. Le preoccupazioni principali riguardano la presenza e la gestione di una grande quantit\u00e0 di pacchi nell&#8217;area di lavoro dei portalettere, il potenziale ostruzione delle vie di fuga a causa di spazi ristretti e pacchi voluminosi, specialmente quelli di Amazon, e la mancanza di attenzione alle pulizie ordinarie. Il documento sottolinea la responsabilit\u00e0 del datore di lavoro, dei dirigenti delegati e dei preposti, in particolare del Dirigente Delegato e dei Responsabili della RAM 3 di Belluno e del Caposquadra. La mancata adesione alle normative di sicurezza pu\u00f2 comportare sanzioni amministrative e, in casi estremi, responsabilit\u00e0 penali per i preposti. Il sindacato esprime preoccupazione per l&#8217;assenza di riscontri immediati e sollecita il PDD di Agordo a risolvere prontamente le criticit\u00e0 segnalate. In caso di mancata risposta, la questione sar\u00e0 portata alle autorit\u00e0 competenti. La sicurezza e il benessere dei lavoratori sono considerati prioritari, e il sindacato attender\u00e0 riscontri ufficiali entro brevi termini.<\/p>\n<p>&nbsp;<\/p>\n<a href=\"https:\/\/www.radiopiu.net\/wordpress\/wp-content\/uploads\/2023\/11\/comuniciato-cgil-soprallugo-29-11-Agordo-pdf.pdf\" class=\"pdfemb-viewer\" style=\"\" data-width=\"max\" data-height=\"max\" data-toolbar=\"top\" data-toolbar-fixed=\"on\">comuniciato cgil soprallugo 29-11 Agordo pdf<\/a>\n<p>&nbsp;<\/p>\n<p><strong>ARCHIVIO RADIOPIU<\/strong><\/p>\n<p>&nbsp;<\/p>\n<blockquote>\n<h2>UFFICIO POSTALE DI AGORDO, DISSERVIZI POSTALI AD AGORDO<\/h2>\n<\/blockquote>\n<p><a class=\"dt-pswp-item\" href=\"https:\/\/www.radiopiu.net\/wordpress\/wp-content\/uploads\/2023\/11\/POSTE.png\" data-dt-img-description=\"\" data-large_image_width=\"634\" data-large_image_height=\"330\"><img loading=\"lazy\" decoding=\"async\" class=\" wp-image-363501 alignleft\" src=\"https:\/\/www.radiopiu.net\/wordpress\/wp-content\/uploads\/2023\/11\/POSTE-300x156.png\" alt=\"\" width=\"206\" height=\"107\" srcset=\"https:\/\/www.radiopiu.net\/wordpress\/wp-content\/uploads\/2023\/11\/POSTE-300x156.png 300w, https:\/\/www.radiopiu.net\/wordpress\/wp-content\/uploads\/2023\/11\/POSTE.png 634w\" sizes=\"auto, (max-width: 206px) 100vw, 206px\" \/><\/a><strong>AGORDO<\/strong> L&#8217;ufficio postale di Agordo per la seconda volta in pochi mesi &#8220;sfonda&#8221; il video della televisione nell&#8217;ora di punta, durante il TG VENETO di Rai 3. Giornalisti e operatori sono saliti in vallata per documentare e commentare i disservizi nella terra di Luxottica, del turismo e di chi vorrebbe un servizio dignitoso.<\/p>\n<header class=\"article__header\">\n<h1 class=\"article__title\"><em>Agordo, Poste in crisi: troppo lavoro da Amazon per i pacchi del black friday<\/em><\/h1>\n<h3 class=\"article__subtitle\"><em>Priorit\u00e0 alle consegne della multinazionale. Rimangono nei magazzini lettere, raccomandate e pacchi postali<\/em><\/h3>\n<div class=\"article__date-author\">Manca il personale per far fronte alle consegne, gli uffici postali si trovano ad affrontare ogni giorno difficolt\u00e0 che si ripercuotono su tutti, iniziando dai dipendenti. A denunciarlo <i><strong>Adriano Musolino<\/strong>,\u00a0<strong>Slc Cgil\u00a0<\/strong><\/i><\/div>\n<div><\/div>\n<\/header>\n<div class=\"grid-x\">\n<div class=\"cell small-12 medium-1 large-2 text-center\">\n<div class=\"buttons-wrapper\">\n<div class=\"share-toggler\">\n<p><span style=\"color: #0000ff;\"><strong><a style=\"color: #0000ff;\" href=\"https:\/\/www.rainews.it\/tgr\/veneto\/video\/2023\/11\/belluno-agordo-poste-in-crisi-troppo-lavoro-da-amazon-per-i-pacchi-del-black-friday-cad00427-e336-4adb-b597-815f432cbd52.html\">IL SERVIZIO RAI3, CLICCA QUI<\/a><\/strong><\/span><\/p>\n<\/div>\n<\/div>\n<\/div>\n<\/div>\n<p>&nbsp;<\/p>\n<p>&nbsp;<\/p>\n<hr \/>\n<p>&nbsp;<\/p>\n","protected":false},"excerpt":{"rendered":"<p>*** Il comunicato sindacale del 29\/11\/23, relativo al PDD di Agordo (a firma di Gianluca Franceschilli e Luca Bof della Slc Cgil), evidenzia gravi criticit\u00e0 di sicurezza riscontrate durante un sopralluogo sindacale. Le preoccupazioni principali riguardano la presenza e la gestione di una grande quantit\u00e0 di pacchi nell&#8217;area di lavoro dei portalettere, il potenziale ostruzione&hellip;<\/p>\n","protected":false},"author":4,"featured_media":363501,"comment_status":"closed","ping_status":"closed","sticky":false,"template":"","format":"standard","meta":{"_monsterinsights_skip_tracking":false,"_monsterinsights_sitenote_active":false,"_monsterinsights_sitenote_note":"","_monsterinsights_sitenote_category":0,"footnotes":""},"categories":[104,49],"tags":[],"class_list":["post-363502","post","type-post","status-publish","format-standard","has-post-thumbnail","hentry","category-evidenza_3","category-news-18","category-104","category-49","description-off"],"img_url":"https:\/\/www.radiopiu.net\/wordpress\/wp-content\/uploads\/2023\/11\/POSTE.png","_links":{"self":[{"href":"https:\/\/www.radiopiu.net\/wordpress\/wp-json\/wp\/v2\/posts\/363502","targetHints":{"allow":["GET"]}}],"collection":[{"href":"https:\/\/www.radiopiu.net\/wordpress\/wp-json\/wp\/v2\/posts"}],"about":[{"href":"https:\/\/www.radiopiu.net\/wordpress\/wp-json\/wp\/v2\/types\/post"}],"author":[{"embeddable":true,"href":"https:\/\/www.radiopiu.net\/wordpress\/wp-json\/wp\/v2\/users\/4"}],"replies":[{"embeddable":true,"href":"https:\/\/www.radiopiu.net\/wordpress\/wp-json\/wp\/v2\/comments?post=363502"}],"version-history":[{"count":0,"href":"https:\/\/www.radiopiu.net\/wordpress\/wp-json\/wp\/v2\/posts\/363502\/revisions"}],"wp:featuredmedia":[{"embeddable":true,"href":"https:\/\/www.radiopiu.net\/wordpress\/wp-json\/wp\/v2\/media\/363501"}],"wp:attachment":[{"href":"https:\/\/www.radiopiu.net\/wordpress\/wp-json\/wp\/v2\/media?parent=363502"}],"wp:term":[{"taxonomy":"category","embeddable":true,"href":"https:\/\/www.radiopiu.net\/wordpress\/wp-json\/wp\/v2\/categories?post=363502"},{"taxonomy":"post_tag","embeddable":true,"href":"https:\/\/www.radiopiu.net\/wordpress\/wp-json\/wp\/v2\/tags?post=363502"}],"curies":[{"name":"wp","href":"https:\/\/api.w.org\/{rel}","templated":true}]}}